{"id":5923,"date":"2018-06-28T11:31:31","date_gmt":"2018-06-28T11:31:31","guid":{"rendered":"https:\/\/www.rmcr.org\/?p=5923"},"modified":"2018-06-28T11:31:31","modified_gmt":"2018-06-28T11:31:31","slug":"tribunal-evaluador-de-las-pruebas-de-acceso-del-curso-de-jinete-profesor","status":"publish","type":"post","link":"https:\/\/www.rmcr.org\/en\/2018\/06\/28\/tribunal-evaluador-de-las-pruebas-de-acceso-del-curso-de-jinete-profesor\/","title":{"rendered":"Tribunal evaluador de las pruebas de acceso del Curso de Jinete-Profesor"},"content":{"rendered":"<p style=\"text-align:justify;\">Seis profesionales relacionados con la educaci\u00f3n y la formaci\u00f3n ecuestre, adem\u00e1s del profesorado de la Escuela, formar\u00e1n parte del tribunal evaluador de las pruebas de acceso del Curso de Jinete-Profesor de la Real Maestranza de Ronda, que fueron convocadas el pasado 1 de mayo.<\/p>\n<p style=\"text-align:center;\"><a href=\"https:\/\/www.rmcr.org\/wp-content\/uploads\/2018\/06\/prueba.jpg\"><img fetchpriority=\"high\" decoding=\"async\" class=\"size-large wp-image-1325 aligncenter\" src=\"https:\/\/www.rmcr.org\/wp-content\/uploads\/2018\/06\/prueba.jpg?w=470\" alt=\"\" width=\"470\" height=\"315\" \/><\/a><\/p>\n<p style=\"text-align:justify;\">El s\u00e1bado 30 de junio, los alumnos admitidos (cuya lista provisional figura m\u00e1s abajo) deber\u00e1n realizar un total de diez pruebas, con la posibilidad de montar hasta tres caballos en la parte pr\u00e1ctica. Dos de las pruebas, idioma y salto de obst\u00e1culos, tendr\u00e1n car\u00e1cter voluntario y no eliminatorio.<\/p>\n<p style=\"text-align:justify;\">Los alumnos definitivamente admitidos para las seis plazas convocadas se publicar\u00e1n, como fecha l\u00edmite, el lunes 23 de julio.<\/p>\n<table class=\" aligncenter\" style=\"height:1944px;\" width=\"564\">\n<tbody>\n<tr>\n<td width=\"211\"><strong>Apellidos<\/strong><\/td>\n<td width=\"123\"><strong>Nombre<\/strong><\/td>\n<td width=\"107\"><strong>DNI<\/strong><\/td>\n<\/tr>\n<tr>\n<td width=\"211\">Calabrus Valderas<\/td>\n<td width=\"123\">Ana<\/td>\n<td width=\"107\">*****834-E<\/td>\n<\/tr>\n<tr>\n<td width=\"211\">Calzada Morales<\/td>\n<td width=\"123\">Manuel Alonso<\/td>\n<td width=\"107\">*****464-D<\/td>\n<\/tr>\n<tr>\n<td width=\"211\">Campo Places<\/td>\n<td width=\"123\">Laia<\/td>\n<td width=\"107\">*****022-Y<\/td>\n<\/tr>\n<tr>\n<td width=\"211\">Cano V\u00e1squez<\/td>\n<td width=\"123\">Fressia<\/td>\n<td width=\"107\">*****762-D<\/td>\n<\/tr>\n<tr>\n<td width=\"211\">Delgado Ram\u00edrez<\/td>\n<td width=\"123\">Adri\u00e1n<\/td>\n<td width=\"107\">*****923-K<\/td>\n<\/tr>\n<tr>\n<td width=\"211\">D\u00edaz Garc\u00eda<\/td>\n<td width=\"123\">Paloma<\/td>\n<td width=\"107\">*****944-C<\/td>\n<\/tr>\n<tr>\n<td width=\"211\">D\u00edaz Mateo<\/td>\n<td width=\"123\">Lidia<\/td>\n<td width=\"107\">*****102-M<\/td>\n<\/tr>\n<tr>\n<td width=\"211\">Fern\u00e1ndez de Sim\u00f3n Santiago<\/td>\n<td width=\"123\">Carmen<\/td>\n<td width=\"107\">*****201-P<\/td>\n<\/tr>\n<tr>\n<td width=\"211\">Fern\u00e1ndez de Haro<\/td>\n<td width=\"123\">Antonio<\/td>\n<td width=\"107\">*****634-Y<\/td>\n<\/tr>\n<tr>\n<td width=\"211\">Fern\u00e1ndez Molina<\/td>\n<td width=\"123\">Carolina<\/td>\n<td width=\"107\">*****679-B<\/td>\n<\/tr>\n<tr>\n<td width=\"211\">Gomila Servera<\/td>\n<td width=\"123\">Marc<\/td>\n<td width=\"107\">*****971-V<\/td>\n<\/tr>\n<tr>\n<td width=\"211\">Gonz\u00e1lez Ductor<\/td>\n<td width=\"123\">Oscar Antonio<\/td>\n<td width=\"107\">*****934-D<\/td>\n<\/tr>\n<tr>\n<td width=\"211\">Jim\u00e9nez Medina<\/td>\n<td width=\"123\">\u00c1lvaro<\/td>\n<td width=\"107\">*****320-F<\/td>\n<\/tr>\n<tr>\n<td width=\"211\">Lend\u00ednez Tello<\/td>\n<td width=\"123\">Juan<\/td>\n<td width=\"107\">*****542-B<\/td>\n<\/tr>\n<tr>\n<td width=\"211\">Marrufo Dorado<\/td>\n<td width=\"123\">Eva M\u00aa<\/td>\n<td width=\"107\">*****527-V<\/td>\n<\/tr>\n<tr>\n<td width=\"211\">Mart\u00ednez Llamazares<\/td>\n<td width=\"123\">Marcos<\/td>\n<td width=\"107\">*****338-R<\/td>\n<\/tr>\n<tr>\n<td width=\"211\">Montenegro Rubio<\/td>\n<td width=\"123\">Eduardo<\/td>\n<td width=\"107\">*****658-Y<\/td>\n<\/tr>\n<tr>\n<td width=\"211\">Moreno Luque<\/td>\n<td width=\"123\">Mar\u00eda<\/td>\n<td width=\"107\">*****138-G<\/td>\n<\/tr>\n<tr>\n<td width=\"211\">Nogueira Alonso<\/td>\n<td width=\"123\">Mar\u00eda<\/td>\n<td width=\"107\">*****104-X<\/td>\n<\/tr>\n<tr>\n<td width=\"211\">Oubaid<\/td>\n<td width=\"123\">Abderrahmane<\/td>\n<td width=\"107\">*****578-E<\/td>\n<\/tr>\n<tr>\n<td width=\"211\">P\u00e9rez Abelaira<\/td>\n<td width=\"123\">Montserrat<\/td>\n<td width=\"107\">*****661-K<\/td>\n<\/tr>\n<tr>\n<td width=\"211\">P\u00e9rez Rodr\u00edguez<\/td>\n<td width=\"123\">Lara<\/td>\n<td width=\"107\">*****384-E<\/td>\n<\/tr>\n<tr>\n<td width=\"211\">Ramacciotti Correa<\/td>\n<td width=\"123\">Luc\u00eda<\/td>\n<td width=\"107\">*****676-B<\/td>\n<\/tr>\n<tr>\n<td width=\"211\">Ramos Lerma<\/td>\n<td width=\"123\">Curro<\/td>\n<td width=\"107\">*****668-Z<\/td>\n<\/tr>\n<tr>\n<td width=\"211\">Romero Gonz\u00e1lez<\/td>\n<td width=\"123\">Francisco<\/td>\n<td width=\"107\">*****819-Q<\/td>\n<\/tr>\n<tr>\n<td width=\"211\">Ru\u00edz Mart\u00edn<\/td>\n<td width=\"123\">Iv\u00e1n<\/td>\n<td width=\"107\">*****961-G<\/td>\n<\/tr>\n<tr>\n<td width=\"211\">San Genaro Garc\u00eda<\/td>\n<td width=\"123\">Mar\u00eda<\/td>\n<td width=\"107\">*****012-T<\/td>\n<\/tr>\n<tr>\n<td width=\"211\">Tello Ram\u00edrez<\/td>\n<td width=\"123\">Ana M\u00aa<\/td>\n<td width=\"107\">*****693-Z<\/td>\n<\/tr>\n<tr>\n<td width=\"211\">Tom\u00e1s Bot\u00edas<\/td>\n<td width=\"123\">Gerard<\/td>\n<td width=\"107\">*****235-C<\/td>\n<\/tr>\n<tr>\n<td width=\"211\">Vallejo Muniesa<\/td>\n<td width=\"123\">Carla<\/td>\n<td width=\"107\">*****444-Y<\/td>\n<\/tr>\n<tr>\n<td width=\"211\">Villar Rosales<\/td>\n<td width=\"123\">Alba<\/td>\n<td width=\"107\">*****580-E<\/td>\n<\/tr>\n<\/tbody>\n<\/table>\n","protected":false},"excerpt":{"rendered":"<p>Seis profesionales relacionados con la educaci\u00f3n y la formaci\u00f3n ecuestre, adem\u00e1s del profesorado de la Escuela, formar\u00e1n parte del tribunal evaluador de las pruebas de acceso del Curso de Jinete-Profesor de la Real Maestranza de Ronda, que fueron convocadas el pasado 1 de mayo. El s\u00e1bado 30 de junio, los alumnos admitidos (cuya lista provisional [&hellip;]<\/p>\n","protected":false},"author":7,"featured_media":6067,"comment_status":"closed","ping_status":"open","sticky":false,"template":"","format":"standard","meta":{"footnotes":""},"categories":[42],"tags":[47],"class_list":["post-5923","post","type-post","status-publish","format-standard","has-post-thumbnail","hentry","category-jinete-profesor","tag-pruebas-de-acceso"],"yoast_head":"<!-- This site is optimized with the Yoast SEO plugin v27.5 - https:\/\/yoast.com\/product\/yoast-seo-wordpress\/ -->\n<title>Tribunal evaluador de las pruebas de acceso del Curso de Jinete-Profesor - Real Maestranza de Caballer\u00eda de Ronda<\/title>\n<meta name=\"robots\" content=\"index, follow, max-snippet:-1, max-image-preview:large, max-video-preview:-1\" \/>\n<link rel=\"canonical\" href=\"https:\/\/www.rmcr.org\/en\/2018\/06\/28\/tribunal-evaluador-de-las-pruebas-de-acceso-del-curso-de-jinete-profesor\/\" \/>\n<meta property=\"og:locale\" content=\"en_US\" \/>\n<meta property=\"og:type\" content=\"article\" \/>\n<meta property=\"og:title\" content=\"Tribunal evaluador de las pruebas de acceso del Curso de Jinete-Profesor - Real Maestranza de Caballer\u00eda de Ronda\" \/>\n<meta property=\"og:description\" content=\"Seis profesionales relacionados con la educaci\u00f3n y la formaci\u00f3n ecuestre, adem\u00e1s del profesorado de la Escuela, formar\u00e1n parte del tribunal evaluador de las pruebas de acceso del Curso de Jinete-Profesor de la Real Maestranza de Ronda, que fueron convocadas el pasado 1 de mayo. El s\u00e1bado 30 de junio, los alumnos admitidos (cuya lista provisional [&hellip;]\" \/>\n<meta property=\"og:url\" content=\"https:\/\/www.rmcr.org\/en\/2018\/06\/28\/tribunal-evaluador-de-las-pruebas-de-acceso-del-curso-de-jinete-profesor\/\" \/>\n<meta property=\"og:site_name\" content=\"Real Maestranza de Caballer\u00eda de Ronda\" \/>\n<meta property=\"article:publisher\" content=\"https:\/\/www.facebook.com\/plazadetorosronda\" \/>\n<meta property=\"article:published_time\" content=\"2018-06-28T11:31:31+00:00\" \/>\n<meta property=\"og:image\" content=\"https:\/\/www.rmcr.org\/wp-content\/uploads\/2018\/06\/prb.jpg\" \/>\n\t<meta property=\"og:image:width\" content=\"482\" \/>\n\t<meta property=\"og:image:height\" content=\"143\" \/>\n\t<meta property=\"og:image:type\" content=\"image\/jpeg\" \/>\n<meta name=\"author\" content=\"RMCR\" \/>\n<meta name=\"twitter:card\" content=\"summary_large_image\" \/>\n<meta name=\"twitter:creator\" content=\"@PlazatorosRMR\" \/>\n<meta name=\"twitter:site\" content=\"@PlazatorosRMR\" \/>\n<meta name=\"twitter:label1\" content=\"Written by\" \/>\n\t<meta name=\"twitter:data1\" content=\"RMCR\" \/>\n\t<meta name=\"twitter:label2\" content=\"Est. reading time\" \/>\n\t<meta name=\"twitter:data2\" content=\"1 minute\" \/>\n<script type=\"application\/ld+json\" class=\"yoast-schema-graph\">{\"@context\":\"https:\\\/\\\/schema.org\",\"@graph\":[{\"@type\":\"Article\",\"@id\":\"https:\\\/\\\/www.rmcr.org\\\/en\\\/2018\\\/06\\\/28\\\/tribunal-evaluador-de-las-pruebas-de-acceso-del-curso-de-jinete-profesor\\\/#article\",\"isPartOf\":{\"@id\":\"https:\\\/\\\/www.rmcr.org\\\/en\\\/2018\\\/06\\\/28\\\/tribunal-evaluador-de-las-pruebas-de-acceso-del-curso-de-jinete-profesor\\\/\"},\"author\":{\"name\":\"RMCR\",\"@id\":\"https:\\\/\\\/www.rmcr.org\\\/en\\\/#\\\/schema\\\/person\\\/7ddd0dafda7edd0e407157f93a56df4f\"},\"headline\":\"Tribunal evaluador de las pruebas de acceso del Curso de Jinete-Profesor\",\"datePublished\":\"2018-06-28T11:31:31+00:00\",\"mainEntityOfPage\":{\"@id\":\"https:\\\/\\\/www.rmcr.org\\\/en\\\/2018\\\/06\\\/28\\\/tribunal-evaluador-de-las-pruebas-de-acceso-del-curso-de-jinete-profesor\\\/\"},\"wordCount\":295,\"publisher\":{\"@id\":\"https:\\\/\\\/www.rmcr.org\\\/en\\\/#organization\"},\"image\":{\"@id\":\"https:\\\/\\\/www.rmcr.org\\\/en\\\/2018\\\/06\\\/28\\\/tribunal-evaluador-de-las-pruebas-de-acceso-del-curso-de-jinete-profesor\\\/#primaryimage\"},\"thumbnailUrl\":\"https:\\\/\\\/www.rmcr.org\\\/wp-content\\\/uploads\\\/2018\\\/06\\\/prb.jpg\",\"keywords\":[\"Pruebas de Acceso\"],\"articleSection\":[\"Jinete Profesor\"],\"inLanguage\":\"en-US\"},{\"@type\":\"WebPage\",\"@id\":\"https:\\\/\\\/www.rmcr.org\\\/en\\\/2018\\\/06\\\/28\\\/tribunal-evaluador-de-las-pruebas-de-acceso-del-curso-de-jinete-profesor\\\/\",\"url\":\"https:\\\/\\\/www.rmcr.org\\\/en\\\/2018\\\/06\\\/28\\\/tribunal-evaluador-de-las-pruebas-de-acceso-del-curso-de-jinete-profesor\\\/\",\"name\":\"Tribunal evaluador de las pruebas de acceso del Curso de Jinete-Profesor - Real Maestranza de Caballer\u00eda de Ronda\",\"isPartOf\":{\"@id\":\"https:\\\/\\\/www.rmcr.org\\\/en\\\/#website\"},\"primaryImageOfPage\":{\"@id\":\"https:\\\/\\\/www.rmcr.org\\\/en\\\/2018\\\/06\\\/28\\\/tribunal-evaluador-de-las-pruebas-de-acceso-del-curso-de-jinete-profesor\\\/#primaryimage\"},\"image\":{\"@id\":\"https:\\\/\\\/www.rmcr.org\\\/en\\\/2018\\\/06\\\/28\\\/tribunal-evaluador-de-las-pruebas-de-acceso-del-curso-de-jinete-profesor\\\/#primaryimage\"},\"thumbnailUrl\":\"https:\\\/\\\/www.rmcr.org\\\/wp-content\\\/uploads\\\/2018\\\/06\\\/prb.jpg\",\"datePublished\":\"2018-06-28T11:31:31+00:00\",\"breadcrumb\":{\"@id\":\"https:\\\/\\\/www.rmcr.org\\\/en\\\/2018\\\/06\\\/28\\\/tribunal-evaluador-de-las-pruebas-de-acceso-del-curso-de-jinete-profesor\\\/#breadcrumb\"},\"inLanguage\":\"en-US\",\"potentialAction\":[{\"@type\":\"ReadAction\",\"target\":[\"https:\\\/\\\/www.rmcr.org\\\/en\\\/2018\\\/06\\\/28\\\/tribunal-evaluador-de-las-pruebas-de-acceso-del-curso-de-jinete-profesor\\\/\"]}]},{\"@type\":\"ImageObject\",\"inLanguage\":\"en-US\",\"@id\":\"https:\\\/\\\/www.rmcr.org\\\/en\\\/2018\\\/06\\\/28\\\/tribunal-evaluador-de-las-pruebas-de-acceso-del-curso-de-jinete-profesor\\\/#primaryimage\",\"url\":\"https:\\\/\\\/www.rmcr.org\\\/wp-content\\\/uploads\\\/2018\\\/06\\\/prb.jpg\",\"contentUrl\":\"https:\\\/\\\/www.rmcr.org\\\/wp-content\\\/uploads\\\/2018\\\/06\\\/prb.jpg\",\"width\":482,\"height\":143},{\"@type\":\"BreadcrumbList\",\"@id\":\"https:\\\/\\\/www.rmcr.org\\\/en\\\/2018\\\/06\\\/28\\\/tribunal-evaluador-de-las-pruebas-de-acceso-del-curso-de-jinete-profesor\\\/#breadcrumb\",\"itemListElement\":[{\"@type\":\"ListItem\",\"position\":1,\"name\":\"REAL MAESTRANZA DE CABALLER\u00cdA DE RONDA\",\"item\":\"https:\\\/\\\/www.rmcr.org\\\/en\\\/\"},{\"@type\":\"ListItem\",\"position\":2,\"name\":\"Tribunal evaluador de las pruebas de acceso del Curso de Jinete-Profesor\"}]},{\"@type\":\"WebSite\",\"@id\":\"https:\\\/\\\/www.rmcr.org\\\/en\\\/#website\",\"url\":\"https:\\\/\\\/www.rmcr.org\\\/en\\\/\",\"name\":\"Real Maestranza de Caballer\u00eda de Ronda\",\"description\":\"Real Maestranza de Caballer\u00eda de Ronda\",\"publisher\":{\"@id\":\"https:\\\/\\\/www.rmcr.org\\\/en\\\/#organization\"},\"alternateName\":\"RMCR\",\"potentialAction\":[{\"@type\":\"SearchAction\",\"target\":{\"@type\":\"EntryPoint\",\"urlTemplate\":\"https:\\\/\\\/www.rmcr.org\\\/en\\\/?s={search_term_string}\"},\"query-input\":{\"@type\":\"PropertyValueSpecification\",\"valueRequired\":true,\"valueName\":\"search_term_string\"}}],\"inLanguage\":\"en-US\"},{\"@type\":\"Organization\",\"@id\":\"https:\\\/\\\/www.rmcr.org\\\/en\\\/#organization\",\"name\":\"Real Maestranza de Caballer\u00eda de Ronda\",\"alternateName\":\"RMR\",\"url\":\"https:\\\/\\\/www.rmcr.org\\\/en\\\/\",\"logo\":{\"@type\":\"ImageObject\",\"inLanguage\":\"en-US\",\"@id\":\"https:\\\/\\\/www.rmcr.org\\\/en\\\/#\\\/schema\\\/logo\\\/image\\\/\",\"url\":\"https:\\\/\\\/www.rmcr.org\\\/wp-content\\\/uploads\\\/2022\\\/07\\\/logo-rmr-blue.svg\",\"contentUrl\":\"https:\\\/\\\/www.rmcr.org\\\/wp-content\\\/uploads\\\/2022\\\/07\\\/logo-rmr-blue.svg\",\"width\":131,\"height\":129,\"caption\":\"Real Maestranza de Caballer\u00eda de Ronda\"},\"image\":{\"@id\":\"https:\\\/\\\/www.rmcr.org\\\/en\\\/#\\\/schema\\\/logo\\\/image\\\/\"},\"sameAs\":[\"https:\\\/\\\/www.facebook.com\\\/plazadetorosronda\",\"https:\\\/\\\/x.com\\\/PlazatorosRMR\",\"https:\\\/\\\/www.instagram.com\\\/realmaestranzaderonda\\\/\",\"https:\\\/\\\/www.youtube.com\\\/channel\\\/UCrbO5IUN-8v_QML739vM4zg\\\/videos\"]},{\"@type\":\"Person\",\"@id\":\"https:\\\/\\\/www.rmcr.org\\\/en\\\/#\\\/schema\\\/person\\\/7ddd0dafda7edd0e407157f93a56df4f\",\"name\":\"RMCR\",\"image\":{\"@type\":\"ImageObject\",\"inLanguage\":\"en-US\",\"@id\":\"https:\\\/\\\/secure.gravatar.com\\\/avatar\\\/adb75798b50800c24baa6a8706037b9469998c49eddeb95935f50f633cff80bb?s=96&d=mm&r=g\",\"url\":\"https:\\\/\\\/secure.gravatar.com\\\/avatar\\\/adb75798b50800c24baa6a8706037b9469998c49eddeb95935f50f633cff80bb?s=96&d=mm&r=g\",\"contentUrl\":\"https:\\\/\\\/secure.gravatar.com\\\/avatar\\\/adb75798b50800c24baa6a8706037b9469998c49eddeb95935f50f633cff80bb?s=96&d=mm&r=g\",\"caption\":\"RMCR\"},\"url\":\"https:\\\/\\\/www.rmcr.org\\\/en\\\/author\\\/bitniks77\\\/\"}]}<\/script>\n<!-- \/ Yoast SEO plugin. -->","yoast_head_json":{"title":"Tribunal evaluador de las pruebas de acceso del Curso de Jinete-Profesor - Real Maestranza de Caballer\u00eda de Ronda","robots":{"index":"index","follow":"follow","max-snippet":"max-snippet:-1","max-image-preview":"max-image-preview:large","max-video-preview":"max-video-preview:-1"},"canonical":"https:\/\/www.rmcr.org\/en\/2018\/06\/28\/tribunal-evaluador-de-las-pruebas-de-acceso-del-curso-de-jinete-profesor\/","og_locale":"en_US","og_type":"article","og_title":"Tribunal evaluador de las pruebas de acceso del Curso de Jinete-Profesor - Real Maestranza de Caballer\u00eda de Ronda","og_description":"Seis profesionales relacionados con la educaci\u00f3n y la formaci\u00f3n ecuestre, adem\u00e1s del profesorado de la Escuela, formar\u00e1n parte del tribunal evaluador de las pruebas de acceso del Curso de Jinete-Profesor de la Real Maestranza de Ronda, que fueron convocadas el pasado 1 de mayo. El s\u00e1bado 30 de junio, los alumnos admitidos (cuya lista provisional [&hellip;]","og_url":"https:\/\/www.rmcr.org\/en\/2018\/06\/28\/tribunal-evaluador-de-las-pruebas-de-acceso-del-curso-de-jinete-profesor\/","og_site_name":"Real Maestranza de Caballer\u00eda de Ronda","article_publisher":"https:\/\/www.facebook.com\/plazadetorosronda","article_published_time":"2018-06-28T11:31:31+00:00","og_image":[{"width":482,"height":143,"url":"https:\/\/www.rmcr.org\/wp-content\/uploads\/2018\/06\/prb.jpg","type":"image\/jpeg"}],"author":"RMCR","twitter_card":"summary_large_image","twitter_creator":"@PlazatorosRMR","twitter_site":"@PlazatorosRMR","twitter_misc":{"Written by":"RMCR","Est. reading time":"1 minute"},"schema":{"@context":"https:\/\/schema.org","@graph":[{"@type":"Article","@id":"https:\/\/www.rmcr.org\/en\/2018\/06\/28\/tribunal-evaluador-de-las-pruebas-de-acceso-del-curso-de-jinete-profesor\/#article","isPartOf":{"@id":"https:\/\/www.rmcr.org\/en\/2018\/06\/28\/tribunal-evaluador-de-las-pruebas-de-acceso-del-curso-de-jinete-profesor\/"},"author":{"name":"RMCR","@id":"https:\/\/www.rmcr.org\/en\/#\/schema\/person\/7ddd0dafda7edd0e407157f93a56df4f"},"headline":"Tribunal evaluador de las pruebas de acceso del Curso de Jinete-Profesor","datePublished":"2018-06-28T11:31:31+00:00","mainEntityOfPage":{"@id":"https:\/\/www.rmcr.org\/en\/2018\/06\/28\/tribunal-evaluador-de-las-pruebas-de-acceso-del-curso-de-jinete-profesor\/"},"wordCount":295,"publisher":{"@id":"https:\/\/www.rmcr.org\/en\/#organization"},"image":{"@id":"https:\/\/www.rmcr.org\/en\/2018\/06\/28\/tribunal-evaluador-de-las-pruebas-de-acceso-del-curso-de-jinete-profesor\/#primaryimage"},"thumbnailUrl":"https:\/\/www.rmcr.org\/wp-content\/uploads\/2018\/06\/prb.jpg","keywords":["Pruebas de Acceso"],"articleSection":["Jinete Profesor"],"inLanguage":"en-US"},{"@type":"WebPage","@id":"https:\/\/www.rmcr.org\/en\/2018\/06\/28\/tribunal-evaluador-de-las-pruebas-de-acceso-del-curso-de-jinete-profesor\/","url":"https:\/\/www.rmcr.org\/en\/2018\/06\/28\/tribunal-evaluador-de-las-pruebas-de-acceso-del-curso-de-jinete-profesor\/","name":"Tribunal evaluador de las pruebas de acceso del Curso de Jinete-Profesor - Real Maestranza de Caballer\u00eda de Ronda","isPartOf":{"@id":"https:\/\/www.rmcr.org\/en\/#website"},"primaryImageOfPage":{"@id":"https:\/\/www.rmcr.org\/en\/2018\/06\/28\/tribunal-evaluador-de-las-pruebas-de-acceso-del-curso-de-jinete-profesor\/#primaryimage"},"image":{"@id":"https:\/\/www.rmcr.org\/en\/2018\/06\/28\/tribunal-evaluador-de-las-pruebas-de-acceso-del-curso-de-jinete-profesor\/#primaryimage"},"thumbnailUrl":"https:\/\/www.rmcr.org\/wp-content\/uploads\/2018\/06\/prb.jpg","datePublished":"2018-06-28T11:31:31+00:00","breadcrumb":{"@id":"https:\/\/www.rmcr.org\/en\/2018\/06\/28\/tribunal-evaluador-de-las-pruebas-de-acceso-del-curso-de-jinete-profesor\/#breadcrumb"},"inLanguage":"en-US","potentialAction":[{"@type":"ReadAction","target":["https:\/\/www.rmcr.org\/en\/2018\/06\/28\/tribunal-evaluador-de-las-pruebas-de-acceso-del-curso-de-jinete-profesor\/"]}]},{"@type":"ImageObject","inLanguage":"en-US","@id":"https:\/\/www.rmcr.org\/en\/2018\/06\/28\/tribunal-evaluador-de-las-pruebas-de-acceso-del-curso-de-jinete-profesor\/#primaryimage","url":"https:\/\/www.rmcr.org\/wp-content\/uploads\/2018\/06\/prb.jpg","contentUrl":"https:\/\/www.rmcr.org\/wp-content\/uploads\/2018\/06\/prb.jpg","width":482,"height":143},{"@type":"BreadcrumbList","@id":"https:\/\/www.rmcr.org\/en\/2018\/06\/28\/tribunal-evaluador-de-las-pruebas-de-acceso-del-curso-de-jinete-profesor\/#breadcrumb","itemListElement":[{"@type":"ListItem","position":1,"name":"REAL MAESTRANZA DE CABALLER\u00cdA DE RONDA","item":"https:\/\/www.rmcr.org\/en\/"},{"@type":"ListItem","position":2,"name":"Tribunal evaluador de las pruebas de acceso del Curso de Jinete-Profesor"}]},{"@type":"WebSite","@id":"https:\/\/www.rmcr.org\/en\/#website","url":"https:\/\/www.rmcr.org\/en\/","name":"Real Maestranza de Caballer\u00eda de Ronda","description":"Real Maestranza de Caballer\u00eda de Ronda","publisher":{"@id":"https:\/\/www.rmcr.org\/en\/#organization"},"alternateName":"RMCR","potentialAction":[{"@type":"SearchAction","target":{"@type":"EntryPoint","urlTemplate":"https:\/\/www.rmcr.org\/en\/?s={search_term_string}"},"query-input":{"@type":"PropertyValueSpecification","valueRequired":true,"valueName":"search_term_string"}}],"inLanguage":"en-US"},{"@type":"Organization","@id":"https:\/\/www.rmcr.org\/en\/#organization","name":"Real Maestranza de Caballer\u00eda de Ronda","alternateName":"RMR","url":"https:\/\/www.rmcr.org\/en\/","logo":{"@type":"ImageObject","inLanguage":"en-US","@id":"https:\/\/www.rmcr.org\/en\/#\/schema\/logo\/image\/","url":"https:\/\/www.rmcr.org\/wp-content\/uploads\/2022\/07\/logo-rmr-blue.svg","contentUrl":"https:\/\/www.rmcr.org\/wp-content\/uploads\/2022\/07\/logo-rmr-blue.svg","width":131,"height":129,"caption":"Real Maestranza de Caballer\u00eda de Ronda"},"image":{"@id":"https:\/\/www.rmcr.org\/en\/#\/schema\/logo\/image\/"},"sameAs":["https:\/\/www.facebook.com\/plazadetorosronda","https:\/\/x.com\/PlazatorosRMR","https:\/\/www.instagram.com\/realmaestranzaderonda\/","https:\/\/www.youtube.com\/channel\/UCrbO5IUN-8v_QML739vM4zg\/videos"]},{"@type":"Person","@id":"https:\/\/www.rmcr.org\/en\/#\/schema\/person\/7ddd0dafda7edd0e407157f93a56df4f","name":"RMCR","image":{"@type":"ImageObject","inLanguage":"en-US","@id":"https:\/\/secure.gravatar.com\/avatar\/adb75798b50800c24baa6a8706037b9469998c49eddeb95935f50f633cff80bb?s=96&d=mm&r=g","url":"https:\/\/secure.gravatar.com\/avatar\/adb75798b50800c24baa6a8706037b9469998c49eddeb95935f50f633cff80bb?s=96&d=mm&r=g","contentUrl":"https:\/\/secure.gravatar.com\/avatar\/adb75798b50800c24baa6a8706037b9469998c49eddeb95935f50f633cff80bb?s=96&d=mm&r=g","caption":"RMCR"},"url":"https:\/\/www.rmcr.org\/en\/author\/bitniks77\/"}]}},"_links":{"self":[{"href":"https:\/\/www.rmcr.org\/en\/wp-json\/wp\/v2\/posts\/5923","targetHints":{"allow":["GET"]}}],"collection":[{"href":"https:\/\/www.rmcr.org\/en\/wp-json\/wp\/v2\/posts"}],"about":[{"href":"https:\/\/www.rmcr.org\/en\/wp-json\/wp\/v2\/types\/post"}],"author":[{"embeddable":true,"href":"https:\/\/www.rmcr.org\/en\/wp-json\/wp\/v2\/users\/7"}],"replies":[{"embeddable":true,"href":"https:\/\/www.rmcr.org\/en\/wp-json\/wp\/v2\/comments?post=5923"}],"version-history":[{"count":0,"href":"https:\/\/www.rmcr.org\/en\/wp-json\/wp\/v2\/posts\/5923\/revisions"}],"wp:featuredmedia":[{"embeddable":true,"href":"https:\/\/www.rmcr.org\/en\/wp-json\/wp\/v2\/media\/6067"}],"wp:attachment":[{"href":"https:\/\/www.rmcr.org\/en\/wp-json\/wp\/v2\/media?parent=5923"}],"wp:term":[{"taxonomy":"category","embeddable":true,"href":"https:\/\/www.rmcr.org\/en\/wp-json\/wp\/v2\/categories?post=5923"},{"taxonomy":"post_tag","embeddable":true,"href":"https:\/\/www.rmcr.org\/en\/wp-json\/wp\/v2\/tags?post=5923"}],"curies":[{"name":"wp","href":"https:\/\/api.w.org\/{rel}","templated":true}]}}