{"id":5921,"date":"2018-05-28T11:18:50","date_gmt":"2018-05-28T11:18:50","guid":{"rendered":"https:\/\/www.rmcr.org\/?p=5921"},"modified":"2023-02-14T11:24:48","modified_gmt":"2023-02-14T11:24:48","slug":"prueba-internacional-ganada-por-un-jinete-de-la-escuela","status":"publish","type":"post","link":"https:\/\/www.rmcr.org\/en\/2018\/05\/28\/prueba-internacional-ganada-por-un-jinete-de-la-escuela\/","title":{"rendered":"Prueba Internacional ganada por un jinete de la Escuela."},"content":{"rendered":"<p style=\"text-align:justify;\">Esteban Cornejo Casillas realiz\u00f3 el Curso de Jinete-Profesor durante los dos \u00faltimos a\u00f1os en la Escuela de la RMCR. En el pasado mes de septiembre se le concedi\u00f3 una nueva beca para realizar el Curso de Jinete-Entrenador. Los conocimientos t\u00e9cnicos adquiridos, junto a la pr\u00e1ctica del d\u00eda a d\u00eda, trabajando sus caballos asignados &nbsp;y la experiencia en las competiciones que tuvo ocasi\u00f3n de asistir le han permitido desenvolverse con soltura en las pistas este a\u00f1o.<\/p>\n<p style=\"text-align:justify;\">Despu\u00e9s de ganar la categor\u00eda de YR en el \u00faltimo SICAB\u00b417, ha participado en cuatro CDN***, un CDN** y los Internacionales de Segovia, Toledo, Sevilla y nuevamente el CDI*** de Segovia\/Amtuna celebrado este mes de mayo.<\/p>\n<p><img fetchpriority=\"high\" decoding=\"async\" class=\"  wp-image-1314 aligncenter\" src=\"https:\/\/www.rmcr.org\/wp-content\/uploads\/2018\/05\/u26-internacniona-mayo-cecyl-esteban-e1527505931691.jpg\" alt=\"u26-internacniona-mayo-cecyl-esteban.jpg\" width=\"563\" height=\"774\"><\/p>\n<p style=\"text-align:justify;\">Destaca, entre otros buenos resultados, la victoria en el \u00faltimo CDI*** en la categor\u00eda U25 en la Reprise INTERMEDIA A, con el caballo lusitano RMR SALERO. Consigui\u00f3 realizar una prueba limpia -sin fallos t\u00e9cnicos- que los jueces calificaron con una nota media por encima del 65%. Esteban compagina el trabajo diario de este lusitano con dos caballos Hannoverianos, dos CDE y &nbsp;un PRE de los de la plantilla de esta Escuela. Este resultado constituye el primer triunfo de este jinete de la RMCR a nivel internacional, teniendo su pr\u00f3xima cita en los Master del Cto de Espa\u00f1a Absoluto en las categor\u00edas de YR,s y U25.<\/p>\n<p style=\"text-align:justify;\">Junto a Esteban se desplazaron tambi\u00e9n al Cecyl los alumnos Elena Galv\u00e1n, Am\u00e9rica Trueba, Laura L\u00f3pez y Carmen Fdez de Sim\u00f3n -coordinando sus cursos en la Escuela con el de T\u00e9cnico Deportivo en Equitaci\u00f3n- que, bajo la coordinaci\u00f3n de Victor Sastre y Alvaro Arcas, realizan una parte fundamental de las pr\u00e1cticas, tuteladas por la directora de Competiciones del centro Pilar Cabrera en su calidad de T\u00e9cnico Deportivo Superior.<\/p>\n","protected":false},"excerpt":{"rendered":"<p>Esteban Cornejo Casillas realiz\u00f3 el Curso de Jinete-Profesor durante los dos \u00faltimos a\u00f1os en la Escuela de la RMCR. En el pasado mes de septiembre se le concedi\u00f3 una nueva beca para realizar el Curso de Jinete-Entrenador. Los conocimientos t\u00e9cnicos adquiridos, junto a la pr\u00e1ctica del d\u00eda a d\u00eda, trabajando sus caballos asignados &nbsp;y la [&hellip;]<\/p>\n","protected":false},"author":7,"featured_media":14790,"comment_status":"closed","ping_status":"open","sticky":false,"template":"","format":"standard","meta":{"footnotes":""},"categories":[65,76,56,42,63],"tags":[74,48,66,73],"class_list":["post-5921","post","type-post","status-publish","format-standard","has-post-thumbnail","hentry","category-actividades-deportivas","category-concursos","category-escuela-de-equitacion","category-jinete-profesor","category-tecnico-deportivo","tag-alumnos","tag-centro-de-formacion","tag-competicion","tag-practicas"],"yoast_head":"<!-- This site is optimized with the Yoast SEO plugin v27.5 - https:\/\/yoast.com\/product\/yoast-seo-wordpress\/ -->\n<title>Prueba Internacional ganada por un jinete de la Escuela. - Real Maestranza de Caballer\u00eda de Ronda<\/title>\n<meta name=\"robots\" content=\"index, follow, max-snippet:-1, max-image-preview:large, max-video-preview:-1\" \/>\n<link rel=\"canonical\" href=\"https:\/\/www.rmcr.org\/en\/2018\/05\/28\/prueba-internacional-ganada-por-un-jinete-de-la-escuela\/\" \/>\n<meta property=\"og:locale\" content=\"en_US\" \/>\n<meta property=\"og:type\" content=\"article\" \/>\n<meta property=\"og:title\" content=\"Prueba Internacional ganada por un jinete de la Escuela. - Real Maestranza de Caballer\u00eda de Ronda\" \/>\n<meta property=\"og:description\" content=\"Esteban Cornejo Casillas realiz\u00f3 el Curso de Jinete-Profesor durante los dos \u00faltimos a\u00f1os en la Escuela de la RMCR. En el pasado mes de septiembre se le concedi\u00f3 una nueva beca para realizar el Curso de Jinete-Entrenador. Los conocimientos t\u00e9cnicos adquiridos, junto a la pr\u00e1ctica del d\u00eda a d\u00eda, trabajando sus caballos asignados &nbsp;y la [&hellip;]\" \/>\n<meta property=\"og:url\" content=\"https:\/\/www.rmcr.org\/en\/2018\/05\/28\/prueba-internacional-ganada-por-un-jinete-de-la-escuela\/\" \/>\n<meta property=\"og:site_name\" content=\"Real Maestranza de Caballer\u00eda de Ronda\" \/>\n<meta property=\"article:publisher\" content=\"https:\/\/www.facebook.com\/plazadetorosronda\" \/>\n<meta property=\"article:published_time\" content=\"2018-05-28T11:18:50+00:00\" \/>\n<meta property=\"article:modified_time\" content=\"2023-02-14T11:24:48+00:00\" \/>\n<meta property=\"og:image\" content=\"https:\/\/www.rmcr.org\/wp-content\/uploads\/2018\/05\/u26-internacniona-mayo-cecyl-esteban-e1527505931691.jpg\" \/>\n\t<meta property=\"og:image:width\" content=\"618\" \/>\n\t<meta property=\"og:image:height\" content=\"850\" \/>\n\t<meta property=\"og:image:type\" content=\"image\/jpeg\" \/>\n<meta name=\"author\" content=\"RMCR\" \/>\n<meta name=\"twitter:card\" content=\"summary_large_image\" \/>\n<meta name=\"twitter:creator\" content=\"@PlazatorosRMR\" \/>\n<meta name=\"twitter:site\" content=\"@PlazatorosRMR\" \/>\n<meta name=\"twitter:label1\" content=\"Written by\" \/>\n\t<meta name=\"twitter:data1\" content=\"RMCR\" \/>\n\t<meta name=\"twitter:label2\" content=\"Est. reading time\" \/>\n\t<meta name=\"twitter:data2\" content=\"2 minutes\" \/>\n<script type=\"application\/ld+json\" class=\"yoast-schema-graph\">{\"@context\":\"https:\\\/\\\/schema.org\",\"@graph\":[{\"@type\":\"Article\",\"@id\":\"https:\\\/\\\/www.rmcr.org\\\/en\\\/2018\\\/05\\\/28\\\/prueba-internacional-ganada-por-un-jinete-de-la-escuela\\\/#article\",\"isPartOf\":{\"@id\":\"https:\\\/\\\/www.rmcr.org\\\/en\\\/2018\\\/05\\\/28\\\/prueba-internacional-ganada-por-un-jinete-de-la-escuela\\\/\"},\"author\":{\"name\":\"RMCR\",\"@id\":\"https:\\\/\\\/www.rmcr.org\\\/en\\\/#\\\/schema\\\/person\\\/7ddd0dafda7edd0e407157f93a56df4f\"},\"headline\":\"Prueba Internacional ganada por un jinete de la Escuela.\",\"datePublished\":\"2018-05-28T11:18:50+00:00\",\"dateModified\":\"2023-02-14T11:24:48+00:00\",\"mainEntityOfPage\":{\"@id\":\"https:\\\/\\\/www.rmcr.org\\\/en\\\/2018\\\/05\\\/28\\\/prueba-internacional-ganada-por-un-jinete-de-la-escuela\\\/\"},\"wordCount\":320,\"publisher\":{\"@id\":\"https:\\\/\\\/www.rmcr.org\\\/en\\\/#organization\"},\"image\":{\"@id\":\"https:\\\/\\\/www.rmcr.org\\\/en\\\/2018\\\/05\\\/28\\\/prueba-internacional-ganada-por-un-jinete-de-la-escuela\\\/#primaryimage\"},\"thumbnailUrl\":\"https:\\\/\\\/www.rmcr.org\\\/wp-content\\\/uploads\\\/2018\\\/05\\\/u26-internacniona-mayo-cecyl-esteban-e1527505931691.jpg\",\"keywords\":[\"Alumnos\",\"Centro de Formaci\u00f3n\",\"Competici\u00f3n\",\"Pr\u00e1cticas\"],\"articleSection\":[\"Actividades Deportivas\",\"Concursos\",\"Escuela de Equitaci\u00f3n\",\"Jinete Profesor\",\"T\u00e9cnico Deportivo\"],\"inLanguage\":\"en-US\"},{\"@type\":\"WebPage\",\"@id\":\"https:\\\/\\\/www.rmcr.org\\\/en\\\/2018\\\/05\\\/28\\\/prueba-internacional-ganada-por-un-jinete-de-la-escuela\\\/\",\"url\":\"https:\\\/\\\/www.rmcr.org\\\/en\\\/2018\\\/05\\\/28\\\/prueba-internacional-ganada-por-un-jinete-de-la-escuela\\\/\",\"name\":\"Prueba Internacional ganada por un jinete de la Escuela. - Real Maestranza de Caballer\u00eda de Ronda\",\"isPartOf\":{\"@id\":\"https:\\\/\\\/www.rmcr.org\\\/en\\\/#website\"},\"primaryImageOfPage\":{\"@id\":\"https:\\\/\\\/www.rmcr.org\\\/en\\\/2018\\\/05\\\/28\\\/prueba-internacional-ganada-por-un-jinete-de-la-escuela\\\/#primaryimage\"},\"image\":{\"@id\":\"https:\\\/\\\/www.rmcr.org\\\/en\\\/2018\\\/05\\\/28\\\/prueba-internacional-ganada-por-un-jinete-de-la-escuela\\\/#primaryimage\"},\"thumbnailUrl\":\"https:\\\/\\\/www.rmcr.org\\\/wp-content\\\/uploads\\\/2018\\\/05\\\/u26-internacniona-mayo-cecyl-esteban-e1527505931691.jpg\",\"datePublished\":\"2018-05-28T11:18:50+00:00\",\"dateModified\":\"2023-02-14T11:24:48+00:00\",\"breadcrumb\":{\"@id\":\"https:\\\/\\\/www.rmcr.org\\\/en\\\/2018\\\/05\\\/28\\\/prueba-internacional-ganada-por-un-jinete-de-la-escuela\\\/#breadcrumb\"},\"inLanguage\":\"en-US\",\"potentialAction\":[{\"@type\":\"ReadAction\",\"target\":[\"https:\\\/\\\/www.rmcr.org\\\/en\\\/2018\\\/05\\\/28\\\/prueba-internacional-ganada-por-un-jinete-de-la-escuela\\\/\"]}]},{\"@type\":\"ImageObject\",\"inLanguage\":\"en-US\",\"@id\":\"https:\\\/\\\/www.rmcr.org\\\/en\\\/2018\\\/05\\\/28\\\/prueba-internacional-ganada-por-un-jinete-de-la-escuela\\\/#primaryimage\",\"url\":\"https:\\\/\\\/www.rmcr.org\\\/wp-content\\\/uploads\\\/2018\\\/05\\\/u26-internacniona-mayo-cecyl-esteban-e1527505931691.jpg\",\"contentUrl\":\"https:\\\/\\\/www.rmcr.org\\\/wp-content\\\/uploads\\\/2018\\\/05\\\/u26-internacniona-mayo-cecyl-esteban-e1527505931691.jpg\",\"width\":618,\"height\":850},{\"@type\":\"BreadcrumbList\",\"@id\":\"https:\\\/\\\/www.rmcr.org\\\/en\\\/2018\\\/05\\\/28\\\/prueba-internacional-ganada-por-un-jinete-de-la-escuela\\\/#breadcrumb\",\"itemListElement\":[{\"@type\":\"ListItem\",\"position\":1,\"name\":\"REAL MAESTRANZA DE CABALLER\u00cdA DE RONDA\",\"item\":\"https:\\\/\\\/www.rmcr.org\\\/en\\\/\"},{\"@type\":\"ListItem\",\"position\":2,\"name\":\"Prueba Internacional ganada por un jinete de la Escuela.\"}]},{\"@type\":\"WebSite\",\"@id\":\"https:\\\/\\\/www.rmcr.org\\\/en\\\/#website\",\"url\":\"https:\\\/\\\/www.rmcr.org\\\/en\\\/\",\"name\":\"Real Maestranza de Caballer\u00eda de Ronda\",\"description\":\"Real Maestranza de Caballer\u00eda de Ronda\",\"publisher\":{\"@id\":\"https:\\\/\\\/www.rmcr.org\\\/en\\\/#organization\"},\"alternateName\":\"RMCR\",\"potentialAction\":[{\"@type\":\"SearchAction\",\"target\":{\"@type\":\"EntryPoint\",\"urlTemplate\":\"https:\\\/\\\/www.rmcr.org\\\/en\\\/?s={search_term_string}\"},\"query-input\":{\"@type\":\"PropertyValueSpecification\",\"valueRequired\":true,\"valueName\":\"search_term_string\"}}],\"inLanguage\":\"en-US\"},{\"@type\":\"Organization\",\"@id\":\"https:\\\/\\\/www.rmcr.org\\\/en\\\/#organization\",\"name\":\"Real Maestranza de Caballer\u00eda de Ronda\",\"alternateName\":\"RMR\",\"url\":\"https:\\\/\\\/www.rmcr.org\\\/en\\\/\",\"logo\":{\"@type\":\"ImageObject\",\"inLanguage\":\"en-US\",\"@id\":\"https:\\\/\\\/www.rmcr.org\\\/en\\\/#\\\/schema\\\/logo\\\/image\\\/\",\"url\":\"https:\\\/\\\/www.rmcr.org\\\/wp-content\\\/uploads\\\/2022\\\/07\\\/logo-rmr-blue.svg\",\"contentUrl\":\"https:\\\/\\\/www.rmcr.org\\\/wp-content\\\/uploads\\\/2022\\\/07\\\/logo-rmr-blue.svg\",\"width\":131,\"height\":129,\"caption\":\"Real Maestranza de Caballer\u00eda de Ronda\"},\"image\":{\"@id\":\"https:\\\/\\\/www.rmcr.org\\\/en\\\/#\\\/schema\\\/logo\\\/image\\\/\"},\"sameAs\":[\"https:\\\/\\\/www.facebook.com\\\/plazadetorosronda\",\"https:\\\/\\\/x.com\\\/PlazatorosRMR\",\"https:\\\/\\\/www.instagram.com\\\/realmaestranzaderonda\\\/\",\"https:\\\/\\\/www.youtube.com\\\/channel\\\/UCrbO5IUN-8v_QML739vM4zg\\\/videos\"]},{\"@type\":\"Person\",\"@id\":\"https:\\\/\\\/www.rmcr.org\\\/en\\\/#\\\/schema\\\/person\\\/7ddd0dafda7edd0e407157f93a56df4f\",\"name\":\"RMCR\",\"image\":{\"@type\":\"ImageObject\",\"inLanguage\":\"en-US\",\"@id\":\"https:\\\/\\\/secure.gravatar.com\\\/avatar\\\/adb75798b50800c24baa6a8706037b9469998c49eddeb95935f50f633cff80bb?s=96&d=mm&r=g\",\"url\":\"https:\\\/\\\/secure.gravatar.com\\\/avatar\\\/adb75798b50800c24baa6a8706037b9469998c49eddeb95935f50f633cff80bb?s=96&d=mm&r=g\",\"contentUrl\":\"https:\\\/\\\/secure.gravatar.com\\\/avatar\\\/adb75798b50800c24baa6a8706037b9469998c49eddeb95935f50f633cff80bb?s=96&d=mm&r=g\",\"caption\":\"RMCR\"},\"url\":\"https:\\\/\\\/www.rmcr.org\\\/en\\\/author\\\/bitniks77\\\/\"}]}<\/script>\n<!-- \/ Yoast SEO plugin. -->","yoast_head_json":{"title":"Prueba Internacional ganada por un jinete de la Escuela. - Real Maestranza de Caballer\u00eda de Ronda","robots":{"index":"index","follow":"follow","max-snippet":"max-snippet:-1","max-image-preview":"max-image-preview:large","max-video-preview":"max-video-preview:-1"},"canonical":"https:\/\/www.rmcr.org\/en\/2018\/05\/28\/prueba-internacional-ganada-por-un-jinete-de-la-escuela\/","og_locale":"en_US","og_type":"article","og_title":"Prueba Internacional ganada por un jinete de la Escuela. - Real Maestranza de Caballer\u00eda de Ronda","og_description":"Esteban Cornejo Casillas realiz\u00f3 el Curso de Jinete-Profesor durante los dos \u00faltimos a\u00f1os en la Escuela de la RMCR. En el pasado mes de septiembre se le concedi\u00f3 una nueva beca para realizar el Curso de Jinete-Entrenador. Los conocimientos t\u00e9cnicos adquiridos, junto a la pr\u00e1ctica del d\u00eda a d\u00eda, trabajando sus caballos asignados &nbsp;y la [&hellip;]","og_url":"https:\/\/www.rmcr.org\/en\/2018\/05\/28\/prueba-internacional-ganada-por-un-jinete-de-la-escuela\/","og_site_name":"Real Maestranza de Caballer\u00eda de Ronda","article_publisher":"https:\/\/www.facebook.com\/plazadetorosronda","article_published_time":"2018-05-28T11:18:50+00:00","article_modified_time":"2023-02-14T11:24:48+00:00","og_image":[{"width":618,"height":850,"url":"https:\/\/www.rmcr.org\/wp-content\/uploads\/2018\/05\/u26-internacniona-mayo-cecyl-esteban-e1527505931691.jpg","type":"image\/jpeg"}],"author":"RMCR","twitter_card":"summary_large_image","twitter_creator":"@PlazatorosRMR","twitter_site":"@PlazatorosRMR","twitter_misc":{"Written by":"RMCR","Est. reading time":"2 minutes"},"schema":{"@context":"https:\/\/schema.org","@graph":[{"@type":"Article","@id":"https:\/\/www.rmcr.org\/en\/2018\/05\/28\/prueba-internacional-ganada-por-un-jinete-de-la-escuela\/#article","isPartOf":{"@id":"https:\/\/www.rmcr.org\/en\/2018\/05\/28\/prueba-internacional-ganada-por-un-jinete-de-la-escuela\/"},"author":{"name":"RMCR","@id":"https:\/\/www.rmcr.org\/en\/#\/schema\/person\/7ddd0dafda7edd0e407157f93a56df4f"},"headline":"Prueba Internacional ganada por un jinete de la Escuela.","datePublished":"2018-05-28T11:18:50+00:00","dateModified":"2023-02-14T11:24:48+00:00","mainEntityOfPage":{"@id":"https:\/\/www.rmcr.org\/en\/2018\/05\/28\/prueba-internacional-ganada-por-un-jinete-de-la-escuela\/"},"wordCount":320,"publisher":{"@id":"https:\/\/www.rmcr.org\/en\/#organization"},"image":{"@id":"https:\/\/www.rmcr.org\/en\/2018\/05\/28\/prueba-internacional-ganada-por-un-jinete-de-la-escuela\/#primaryimage"},"thumbnailUrl":"https:\/\/www.rmcr.org\/wp-content\/uploads\/2018\/05\/u26-internacniona-mayo-cecyl-esteban-e1527505931691.jpg","keywords":["Alumnos","Centro de Formaci\u00f3n","Competici\u00f3n","Pr\u00e1cticas"],"articleSection":["Actividades Deportivas","Concursos","Escuela de Equitaci\u00f3n","Jinete Profesor","T\u00e9cnico Deportivo"],"inLanguage":"en-US"},{"@type":"WebPage","@id":"https:\/\/www.rmcr.org\/en\/2018\/05\/28\/prueba-internacional-ganada-por-un-jinete-de-la-escuela\/","url":"https:\/\/www.rmcr.org\/en\/2018\/05\/28\/prueba-internacional-ganada-por-un-jinete-de-la-escuela\/","name":"Prueba Internacional ganada por un jinete de la Escuela. - Real Maestranza de Caballer\u00eda de Ronda","isPartOf":{"@id":"https:\/\/www.rmcr.org\/en\/#website"},"primaryImageOfPage":{"@id":"https:\/\/www.rmcr.org\/en\/2018\/05\/28\/prueba-internacional-ganada-por-un-jinete-de-la-escuela\/#primaryimage"},"image":{"@id":"https:\/\/www.rmcr.org\/en\/2018\/05\/28\/prueba-internacional-ganada-por-un-jinete-de-la-escuela\/#primaryimage"},"thumbnailUrl":"https:\/\/www.rmcr.org\/wp-content\/uploads\/2018\/05\/u26-internacniona-mayo-cecyl-esteban-e1527505931691.jpg","datePublished":"2018-05-28T11:18:50+00:00","dateModified":"2023-02-14T11:24:48+00:00","breadcrumb":{"@id":"https:\/\/www.rmcr.org\/en\/2018\/05\/28\/prueba-internacional-ganada-por-un-jinete-de-la-escuela\/#breadcrumb"},"inLanguage":"en-US","potentialAction":[{"@type":"ReadAction","target":["https:\/\/www.rmcr.org\/en\/2018\/05\/28\/prueba-internacional-ganada-por-un-jinete-de-la-escuela\/"]}]},{"@type":"ImageObject","inLanguage":"en-US","@id":"https:\/\/www.rmcr.org\/en\/2018\/05\/28\/prueba-internacional-ganada-por-un-jinete-de-la-escuela\/#primaryimage","url":"https:\/\/www.rmcr.org\/wp-content\/uploads\/2018\/05\/u26-internacniona-mayo-cecyl-esteban-e1527505931691.jpg","contentUrl":"https:\/\/www.rmcr.org\/wp-content\/uploads\/2018\/05\/u26-internacniona-mayo-cecyl-esteban-e1527505931691.jpg","width":618,"height":850},{"@type":"BreadcrumbList","@id":"https:\/\/www.rmcr.org\/en\/2018\/05\/28\/prueba-internacional-ganada-por-un-jinete-de-la-escuela\/#breadcrumb","itemListElement":[{"@type":"ListItem","position":1,"name":"REAL MAESTRANZA DE CABALLER\u00cdA DE RONDA","item":"https:\/\/www.rmcr.org\/en\/"},{"@type":"ListItem","position":2,"name":"Prueba Internacional ganada por un jinete de la Escuela."}]},{"@type":"WebSite","@id":"https:\/\/www.rmcr.org\/en\/#website","url":"https:\/\/www.rmcr.org\/en\/","name":"Real Maestranza de Caballer\u00eda de Ronda","description":"Real Maestranza de Caballer\u00eda de Ronda","publisher":{"@id":"https:\/\/www.rmcr.org\/en\/#organization"},"alternateName":"RMCR","potentialAction":[{"@type":"SearchAction","target":{"@type":"EntryPoint","urlTemplate":"https:\/\/www.rmcr.org\/en\/?s={search_term_string}"},"query-input":{"@type":"PropertyValueSpecification","valueRequired":true,"valueName":"search_term_string"}}],"inLanguage":"en-US"},{"@type":"Organization","@id":"https:\/\/www.rmcr.org\/en\/#organization","name":"Real Maestranza de Caballer\u00eda de Ronda","alternateName":"RMR","url":"https:\/\/www.rmcr.org\/en\/","logo":{"@type":"ImageObject","inLanguage":"en-US","@id":"https:\/\/www.rmcr.org\/en\/#\/schema\/logo\/image\/","url":"https:\/\/www.rmcr.org\/wp-content\/uploads\/2022\/07\/logo-rmr-blue.svg","contentUrl":"https:\/\/www.rmcr.org\/wp-content\/uploads\/2022\/07\/logo-rmr-blue.svg","width":131,"height":129,"caption":"Real Maestranza de Caballer\u00eda de Ronda"},"image":{"@id":"https:\/\/www.rmcr.org\/en\/#\/schema\/logo\/image\/"},"sameAs":["https:\/\/www.facebook.com\/plazadetorosronda","https:\/\/x.com\/PlazatorosRMR","https:\/\/www.instagram.com\/realmaestranzaderonda\/","https:\/\/www.youtube.com\/channel\/UCrbO5IUN-8v_QML739vM4zg\/videos"]},{"@type":"Person","@id":"https:\/\/www.rmcr.org\/en\/#\/schema\/person\/7ddd0dafda7edd0e407157f93a56df4f","name":"RMCR","image":{"@type":"ImageObject","inLanguage":"en-US","@id":"https:\/\/secure.gravatar.com\/avatar\/adb75798b50800c24baa6a8706037b9469998c49eddeb95935f50f633cff80bb?s=96&d=mm&r=g","url":"https:\/\/secure.gravatar.com\/avatar\/adb75798b50800c24baa6a8706037b9469998c49eddeb95935f50f633cff80bb?s=96&d=mm&r=g","contentUrl":"https:\/\/secure.gravatar.com\/avatar\/adb75798b50800c24baa6a8706037b9469998c49eddeb95935f50f633cff80bb?s=96&d=mm&r=g","caption":"RMCR"},"url":"https:\/\/www.rmcr.org\/en\/author\/bitniks77\/"}]}},"_links":{"self":[{"href":"https:\/\/www.rmcr.org\/en\/wp-json\/wp\/v2\/posts\/5921","targetHints":{"allow":["GET"]}}],"collection":[{"href":"https:\/\/www.rmcr.org\/en\/wp-json\/wp\/v2\/posts"}],"about":[{"href":"https:\/\/www.rmcr.org\/en\/wp-json\/wp\/v2\/types\/post"}],"author":[{"embeddable":true,"href":"https:\/\/www.rmcr.org\/en\/wp-json\/wp\/v2\/users\/7"}],"replies":[{"embeddable":true,"href":"https:\/\/www.rmcr.org\/en\/wp-json\/wp\/v2\/comments?post=5921"}],"version-history":[{"count":1,"href":"https:\/\/www.rmcr.org\/en\/wp-json\/wp\/v2\/posts\/5921\/revisions"}],"predecessor-version":[{"id":15405,"href":"https:\/\/www.rmcr.org\/en\/wp-json\/wp\/v2\/posts\/5921\/revisions\/15405"}],"wp:featuredmedia":[{"embeddable":true,"href":"https:\/\/www.rmcr.org\/en\/wp-json\/wp\/v2\/media\/14790"}],"wp:attachment":[{"href":"https:\/\/www.rmcr.org\/en\/wp-json\/wp\/v2\/media?parent=5921"}],"wp:term":[{"taxonomy":"category","embeddable":true,"href":"https:\/\/www.rmcr.org\/en\/wp-json\/wp\/v2\/categories?post=5921"},{"taxonomy":"post_tag","embeddable":true,"href":"https:\/\/www.rmcr.org\/en\/wp-json\/wp\/v2\/tags?post=5921"}],"curies":[{"name":"wp","href":"https:\/\/api.w.org\/{rel}","templated":true}]}}