{"id":5910,"date":"2017-04-18T10:46:36","date_gmt":"2017-04-18T10:46:36","guid":{"rendered":"https:\/\/www.rmcr.org\/?p=5910"},"modified":"2022-10-14T10:36:51","modified_gmt":"2022-10-14T10:36:51","slug":"competicion-en-la-sede-de-los-juegos-ecuestres-mundiales-weg-de-jerez-de-la-frontera-del-2002","status":"publish","type":"post","link":"https:\/\/www.rmcr.org\/en\/2017\/04\/18\/competicion-en-la-sede-de-los-juegos-ecuestres-mundiales-weg-de-jerez-de-la-frontera-del-2002\/","title":{"rendered":"Competici\u00f3n en la sede de los Juegos Ecuestres Mundiales (WEG) de Jerez de la Frontera del 2002"},"content":{"rendered":"<p style=\"text-align:justify;\">Desplazados desde nuestras instalaciones de Ronda, un total de 15 caballos representantes de Pura Raza Espa\u00f1ol (PRE), Pura Sangre Lusitano (PSL), Hannoveriano (Hann), Caballo de Deporte Espa\u00f1ol (CDE), Pura Sangre Ingl\u00e9s (PSI) y KWPN tomaron parte en el CDN** de Jerez de la Frontera.<\/p>\n<p style=\"text-align:justify;\">Los caballos, criados por Miguel Angel de C\u00e1rdenas, Jos\u00e9 Luis de la Escalera, Yeguada La Beata, Hannoveraner Verband, Yeguada Alamedilla, Saskia Mesdag e Ignacio Bravo, fueron presentados por siete alumnos del curso Jinete- Profesor en el CDN** de Jerez de la Frontera el fin de semana del 1 y 2 de abril.<\/p>\n<p style=\"text-align:justify;\">Estos caballos han conseguido muy buenos resultados a pesar que parte de ellos eran la primera vez que entraban en el cuadrilongo. Para los alumnos este tipo de competiciones forma pare de la formaci\u00f3n complementaria del d\u00eda a d\u00eda del curso.<\/p>\n<p style=\"text-align:justify;\"><img fetchpriority=\"high\" decoding=\"async\" class=\" size-full wp-image-1101 aligncenter\" src=\"https:\/\/www.rmcr.org\/wp-content\/uploads\/2017\/04\/rubery.jpg\" alt=\"Rubery\" width=\"1600\" height=\"1067\"><\/p>\n<p style=\"text-align:justify;\">Anna Peiro compiti\u00f3 con Salero (PSL) en San Jorge y U25 y Rubery (Hann) en la Cl\u00e1sica 1 y 2. Tambi\u00e9n gan\u00f3 su prueba los dos d\u00edas con un caballo de poca experiencia, Flavio (CDE), realizando dos pruebas de un nivel t\u00e9cnico muy elevado.<\/p>\n<p style=\"text-align:justify;\">Daniel Puyol particip\u00f3 con Famoso JLE (PRE) de la Yeguada Jose Luis de la Escalera, ocupando el 2\u00ba puesto en las Cl\u00e1sicas del s\u00e1bado y domingo. Otro caballo del mismo ganadero, Duque JLE (PRE) fue presentado por Rafael Mesa, alumno del 1\u00ba a\u00f1o del curso JP, obteniendo una puntuaci\u00f3n de 65,28 % en las pruebas del domingo.<\/p>\n<p style=\"text-align:justify;\">Del mismo curso participaron Valeria Fern\u00e1ndez con los PREs, Gorri\u00f3n XXXIII y K Bravo y la yegua Hann D\u00b4Lila, y la amazona holandesa Natasja Stienstra que mont\u00f3 a Capitana LB (CDE).<\/p>\n<p style=\"text-align:justify;\">Sergio Garc\u00eda present\u00f3 en el cuadrilongo por segunda vez en competici\u00f3n al PRE Uranio MAC -hijo de Fuego y Marmara MAC por Evento-, criado por D. Miguel Angel de C\u00e1rdenas. Este caballo demuestra en las pistas unas extraordinarias cualidades.<\/p>\n<p style=\"text-align:justify;\">Por \u00faltimo, Esteban Cornejo present\u00f3 el PRE, con el que gan\u00f3 en SICAB 2016, Mio II de la Yeguada D. Ignacio Bravo ganando las dos pruebas de Young Rider, y el Hann Remington con el que obtuvo varias notas de 8 por parte de los jueces en diferentes ejercicios. Posteriormente sali\u00f3 a pista con el Psi Lienzo y el KWPN Zico -Krack C y Rissa por Gribaldi-.<\/p>\n<p style=\"text-align:justify;\">La pr\u00f3xima competici\u00f3n prevista dentro del Plan de Formaci\u00f3n de la Escuela de la RMCR es la participaci\u00f3n en el CDN*** de Dos Lunas (C\u00e1diz).<\/p>\n","protected":false},"excerpt":{"rendered":"<p>Desplazados desde nuestras instalaciones de Ronda, un total de 15 caballos representantes de Pura Raza Espa\u00f1ol (PRE), Pura Sangre Lusitano (PSL), Hannoveriano (Hann), Caballo de Deporte Espa\u00f1ol (CDE), Pura Sangre Ingl\u00e9s (PSI) y KWPN tomaron parte en el CDN** de Jerez de la Frontera. Los caballos, criados por Miguel Angel de C\u00e1rdenas, Jos\u00e9 Luis de [&hellip;]<\/p>\n","protected":false},"author":7,"featured_media":11999,"comment_status":"closed","ping_status":"open","sticky":false,"template":"","format":"standard","meta":{"footnotes":""},"categories":[65,76,56,42],"tags":[74,66],"class_list":["post-5910","post","type-post","status-publish","format-standard","has-post-thumbnail","hentry","category-actividades-deportivas","category-concursos","category-escuela-de-equitacion","category-jinete-profesor","tag-alumnos","tag-competicion"],"yoast_head":"<!-- This site is optimized with the Yoast SEO plugin v27.5 - https:\/\/yoast.com\/product\/yoast-seo-wordpress\/ -->\n<title>Competici\u00f3n en la sede de los Juegos Ecuestres Mundiales (WEG) de Jerez de la Frontera del 2002 - Real Maestranza de Caballer\u00eda de Ronda<\/title>\n<meta name=\"robots\" content=\"index, follow, max-snippet:-1, max-image-preview:large, max-video-preview:-1\" \/>\n<link rel=\"canonical\" href=\"https:\/\/www.rmcr.org\/en\/2017\/04\/18\/competicion-en-la-sede-de-los-juegos-ecuestres-mundiales-weg-de-jerez-de-la-frontera-del-2002\/\" \/>\n<meta property=\"og:locale\" content=\"en_US\" \/>\n<meta property=\"og:type\" content=\"article\" \/>\n<meta property=\"og:title\" content=\"Competici\u00f3n en la sede de los Juegos Ecuestres Mundiales (WEG) de Jerez de la Frontera del 2002 - Real Maestranza de Caballer\u00eda de Ronda\" \/>\n<meta property=\"og:description\" content=\"Desplazados desde nuestras instalaciones de Ronda, un total de 15 caballos representantes de Pura Raza Espa\u00f1ol (PRE), Pura Sangre Lusitano (PSL), Hannoveriano (Hann), Caballo de Deporte Espa\u00f1ol (CDE), Pura Sangre Ingl\u00e9s (PSI) y KWPN tomaron parte en el CDN** de Jerez de la Frontera. Los caballos, criados por Miguel Angel de C\u00e1rdenas, Jos\u00e9 Luis de [&hellip;]\" \/>\n<meta property=\"og:url\" content=\"https:\/\/www.rmcr.org\/en\/2017\/04\/18\/competicion-en-la-sede-de-los-juegos-ecuestres-mundiales-weg-de-jerez-de-la-frontera-del-2002\/\" \/>\n<meta property=\"og:site_name\" content=\"Real Maestranza de Caballer\u00eda de Ronda\" \/>\n<meta property=\"article:publisher\" content=\"https:\/\/www.facebook.com\/plazadetorosronda\" \/>\n<meta property=\"article:published_time\" content=\"2017-04-18T10:46:36+00:00\" \/>\n<meta property=\"article:modified_time\" content=\"2022-10-14T10:36:51+00:00\" \/>\n<meta property=\"og:image\" content=\"https:\/\/www.rmcr.org\/wp-content\/uploads\/2022\/10\/rubery.jpg\" \/>\n\t<meta property=\"og:image:width\" content=\"119\" \/>\n\t<meta property=\"og:image:height\" content=\"80\" \/>\n\t<meta property=\"og:image:type\" content=\"image\/jpeg\" \/>\n<meta name=\"author\" content=\"RMCR\" \/>\n<meta name=\"twitter:card\" content=\"summary_large_image\" \/>\n<meta name=\"twitter:creator\" content=\"@PlazatorosRMR\" \/>\n<meta name=\"twitter:site\" content=\"@PlazatorosRMR\" \/>\n<meta name=\"twitter:label1\" content=\"Written by\" \/>\n\t<meta name=\"twitter:data1\" content=\"RMCR\" \/>\n\t<meta name=\"twitter:label2\" content=\"Est. reading time\" \/>\n\t<meta name=\"twitter:data2\" content=\"2 minutes\" \/>\n<script type=\"application\/ld+json\" class=\"yoast-schema-graph\">{\"@context\":\"https:\\\/\\\/schema.org\",\"@graph\":[{\"@type\":\"Article\",\"@id\":\"https:\\\/\\\/www.rmcr.org\\\/en\\\/2017\\\/04\\\/18\\\/competicion-en-la-sede-de-los-juegos-ecuestres-mundiales-weg-de-jerez-de-la-frontera-del-2002\\\/#article\",\"isPartOf\":{\"@id\":\"https:\\\/\\\/www.rmcr.org\\\/en\\\/2017\\\/04\\\/18\\\/competicion-en-la-sede-de-los-juegos-ecuestres-mundiales-weg-de-jerez-de-la-frontera-del-2002\\\/\"},\"author\":{\"name\":\"RMCR\",\"@id\":\"https:\\\/\\\/www.rmcr.org\\\/en\\\/#\\\/schema\\\/person\\\/7ddd0dafda7edd0e407157f93a56df4f\"},\"headline\":\"Competici\u00f3n en la sede de los Juegos Ecuestres Mundiales (WEG) de Jerez de la Frontera del 2002\",\"datePublished\":\"2017-04-18T10:46:36+00:00\",\"dateModified\":\"2022-10-14T10:36:51+00:00\",\"mainEntityOfPage\":{\"@id\":\"https:\\\/\\\/www.rmcr.org\\\/en\\\/2017\\\/04\\\/18\\\/competicion-en-la-sede-de-los-juegos-ecuestres-mundiales-weg-de-jerez-de-la-frontera-del-2002\\\/\"},\"wordCount\":432,\"publisher\":{\"@id\":\"https:\\\/\\\/www.rmcr.org\\\/en\\\/#organization\"},\"image\":{\"@id\":\"https:\\\/\\\/www.rmcr.org\\\/en\\\/2017\\\/04\\\/18\\\/competicion-en-la-sede-de-los-juegos-ecuestres-mundiales-weg-de-jerez-de-la-frontera-del-2002\\\/#primaryimage\"},\"thumbnailUrl\":\"https:\\\/\\\/www.rmcr.org\\\/wp-content\\\/uploads\\\/2022\\\/10\\\/rubery.jpg\",\"keywords\":[\"Alumnos\",\"Competici\u00f3n\"],\"articleSection\":[\"Actividades Deportivas\",\"Concursos\",\"Escuela de Equitaci\u00f3n\",\"Jinete Profesor\"],\"inLanguage\":\"en-US\"},{\"@type\":\"WebPage\",\"@id\":\"https:\\\/\\\/www.rmcr.org\\\/en\\\/2017\\\/04\\\/18\\\/competicion-en-la-sede-de-los-juegos-ecuestres-mundiales-weg-de-jerez-de-la-frontera-del-2002\\\/\",\"url\":\"https:\\\/\\\/www.rmcr.org\\\/en\\\/2017\\\/04\\\/18\\\/competicion-en-la-sede-de-los-juegos-ecuestres-mundiales-weg-de-jerez-de-la-frontera-del-2002\\\/\",\"name\":\"Competici\u00f3n en la sede de los Juegos Ecuestres Mundiales (WEG) de Jerez de la Frontera del 2002 - Real Maestranza de Caballer\u00eda de Ronda\",\"isPartOf\":{\"@id\":\"https:\\\/\\\/www.rmcr.org\\\/en\\\/#website\"},\"primaryImageOfPage\":{\"@id\":\"https:\\\/\\\/www.rmcr.org\\\/en\\\/2017\\\/04\\\/18\\\/competicion-en-la-sede-de-los-juegos-ecuestres-mundiales-weg-de-jerez-de-la-frontera-del-2002\\\/#primaryimage\"},\"image\":{\"@id\":\"https:\\\/\\\/www.rmcr.org\\\/en\\\/2017\\\/04\\\/18\\\/competicion-en-la-sede-de-los-juegos-ecuestres-mundiales-weg-de-jerez-de-la-frontera-del-2002\\\/#primaryimage\"},\"thumbnailUrl\":\"https:\\\/\\\/www.rmcr.org\\\/wp-content\\\/uploads\\\/2022\\\/10\\\/rubery.jpg\",\"datePublished\":\"2017-04-18T10:46:36+00:00\",\"dateModified\":\"2022-10-14T10:36:51+00:00\",\"breadcrumb\":{\"@id\":\"https:\\\/\\\/www.rmcr.org\\\/en\\\/2017\\\/04\\\/18\\\/competicion-en-la-sede-de-los-juegos-ecuestres-mundiales-weg-de-jerez-de-la-frontera-del-2002\\\/#breadcrumb\"},\"inLanguage\":\"en-US\",\"potentialAction\":[{\"@type\":\"ReadAction\",\"target\":[\"https:\\\/\\\/www.rmcr.org\\\/en\\\/2017\\\/04\\\/18\\\/competicion-en-la-sede-de-los-juegos-ecuestres-mundiales-weg-de-jerez-de-la-frontera-del-2002\\\/\"]}]},{\"@type\":\"ImageObject\",\"inLanguage\":\"en-US\",\"@id\":\"https:\\\/\\\/www.rmcr.org\\\/en\\\/2017\\\/04\\\/18\\\/competicion-en-la-sede-de-los-juegos-ecuestres-mundiales-weg-de-jerez-de-la-frontera-del-2002\\\/#primaryimage\",\"url\":\"https:\\\/\\\/www.rmcr.org\\\/wp-content\\\/uploads\\\/2022\\\/10\\\/rubery.jpg\",\"contentUrl\":\"https:\\\/\\\/www.rmcr.org\\\/wp-content\\\/uploads\\\/2022\\\/10\\\/rubery.jpg\",\"width\":119,\"height\":80},{\"@type\":\"BreadcrumbList\",\"@id\":\"https:\\\/\\\/www.rmcr.org\\\/en\\\/2017\\\/04\\\/18\\\/competicion-en-la-sede-de-los-juegos-ecuestres-mundiales-weg-de-jerez-de-la-frontera-del-2002\\\/#breadcrumb\",\"itemListElement\":[{\"@type\":\"ListItem\",\"position\":1,\"name\":\"REAL MAESTRANZA DE CABALLER\u00cdA DE RONDA\",\"item\":\"https:\\\/\\\/www.rmcr.org\\\/en\\\/\"},{\"@type\":\"ListItem\",\"position\":2,\"name\":\"Competici\u00f3n en la sede de los Juegos Ecuestres Mundiales (WEG) de Jerez de la Frontera del 2002\"}]},{\"@type\":\"WebSite\",\"@id\":\"https:\\\/\\\/www.rmcr.org\\\/en\\\/#website\",\"url\":\"https:\\\/\\\/www.rmcr.org\\\/en\\\/\",\"name\":\"Real Maestranza de Caballer\u00eda de Ronda\",\"description\":\"Real Maestranza de Caballer\u00eda de Ronda\",\"publisher\":{\"@id\":\"https:\\\/\\\/www.rmcr.org\\\/en\\\/#organization\"},\"alternateName\":\"RMCR\",\"potentialAction\":[{\"@type\":\"SearchAction\",\"target\":{\"@type\":\"EntryPoint\",\"urlTemplate\":\"https:\\\/\\\/www.rmcr.org\\\/en\\\/?s={search_term_string}\"},\"query-input\":{\"@type\":\"PropertyValueSpecification\",\"valueRequired\":true,\"valueName\":\"search_term_string\"}}],\"inLanguage\":\"en-US\"},{\"@type\":\"Organization\",\"@id\":\"https:\\\/\\\/www.rmcr.org\\\/en\\\/#organization\",\"name\":\"Real Maestranza de Caballer\u00eda de Ronda\",\"alternateName\":\"RMR\",\"url\":\"https:\\\/\\\/www.rmcr.org\\\/en\\\/\",\"logo\":{\"@type\":\"ImageObject\",\"inLanguage\":\"en-US\",\"@id\":\"https:\\\/\\\/www.rmcr.org\\\/en\\\/#\\\/schema\\\/logo\\\/image\\\/\",\"url\":\"https:\\\/\\\/www.rmcr.org\\\/wp-content\\\/uploads\\\/2022\\\/07\\\/logo-rmr-blue.svg\",\"contentUrl\":\"https:\\\/\\\/www.rmcr.org\\\/wp-content\\\/uploads\\\/2022\\\/07\\\/logo-rmr-blue.svg\",\"width\":131,\"height\":129,\"caption\":\"Real Maestranza de Caballer\u00eda de Ronda\"},\"image\":{\"@id\":\"https:\\\/\\\/www.rmcr.org\\\/en\\\/#\\\/schema\\\/logo\\\/image\\\/\"},\"sameAs\":[\"https:\\\/\\\/www.facebook.com\\\/plazadetorosronda\",\"https:\\\/\\\/x.com\\\/PlazatorosRMR\",\"https:\\\/\\\/www.instagram.com\\\/realmaestranzaderonda\\\/\",\"https:\\\/\\\/www.youtube.com\\\/channel\\\/UCrbO5IUN-8v_QML739vM4zg\\\/videos\"]},{\"@type\":\"Person\",\"@id\":\"https:\\\/\\\/www.rmcr.org\\\/en\\\/#\\\/schema\\\/person\\\/7ddd0dafda7edd0e407157f93a56df4f\",\"name\":\"RMCR\",\"image\":{\"@type\":\"ImageObject\",\"inLanguage\":\"en-US\",\"@id\":\"https:\\\/\\\/secure.gravatar.com\\\/avatar\\\/adb75798b50800c24baa6a8706037b9469998c49eddeb95935f50f633cff80bb?s=96&d=mm&r=g\",\"url\":\"https:\\\/\\\/secure.gravatar.com\\\/avatar\\\/adb75798b50800c24baa6a8706037b9469998c49eddeb95935f50f633cff80bb?s=96&d=mm&r=g\",\"contentUrl\":\"https:\\\/\\\/secure.gravatar.com\\\/avatar\\\/adb75798b50800c24baa6a8706037b9469998c49eddeb95935f50f633cff80bb?s=96&d=mm&r=g\",\"caption\":\"RMCR\"},\"url\":\"https:\\\/\\\/www.rmcr.org\\\/en\\\/author\\\/bitniks77\\\/\"}]}<\/script>\n<!-- \/ Yoast SEO plugin. -->","yoast_head_json":{"title":"Competici\u00f3n en la sede de los Juegos Ecuestres Mundiales (WEG) de Jerez de la Frontera del 2002 - Real Maestranza de Caballer\u00eda de Ronda","robots":{"index":"index","follow":"follow","max-snippet":"max-snippet:-1","max-image-preview":"max-image-preview:large","max-video-preview":"max-video-preview:-1"},"canonical":"https:\/\/www.rmcr.org\/en\/2017\/04\/18\/competicion-en-la-sede-de-los-juegos-ecuestres-mundiales-weg-de-jerez-de-la-frontera-del-2002\/","og_locale":"en_US","og_type":"article","og_title":"Competici\u00f3n en la sede de los Juegos Ecuestres Mundiales (WEG) de Jerez de la Frontera del 2002 - Real Maestranza de Caballer\u00eda de Ronda","og_description":"Desplazados desde nuestras instalaciones de Ronda, un total de 15 caballos representantes de Pura Raza Espa\u00f1ol (PRE), Pura Sangre Lusitano (PSL), Hannoveriano (Hann), Caballo de Deporte Espa\u00f1ol (CDE), Pura Sangre Ingl\u00e9s (PSI) y KWPN tomaron parte en el CDN** de Jerez de la Frontera. Los caballos, criados por Miguel Angel de C\u00e1rdenas, Jos\u00e9 Luis de [&hellip;]","og_url":"https:\/\/www.rmcr.org\/en\/2017\/04\/18\/competicion-en-la-sede-de-los-juegos-ecuestres-mundiales-weg-de-jerez-de-la-frontera-del-2002\/","og_site_name":"Real Maestranza de Caballer\u00eda de Ronda","article_publisher":"https:\/\/www.facebook.com\/plazadetorosronda","article_published_time":"2017-04-18T10:46:36+00:00","article_modified_time":"2022-10-14T10:36:51+00:00","og_image":[{"width":119,"height":80,"url":"https:\/\/www.rmcr.org\/wp-content\/uploads\/2022\/10\/rubery.jpg","type":"image\/jpeg"}],"author":"RMCR","twitter_card":"summary_large_image","twitter_creator":"@PlazatorosRMR","twitter_site":"@PlazatorosRMR","twitter_misc":{"Written by":"RMCR","Est. reading time":"2 minutes"},"schema":{"@context":"https:\/\/schema.org","@graph":[{"@type":"Article","@id":"https:\/\/www.rmcr.org\/en\/2017\/04\/18\/competicion-en-la-sede-de-los-juegos-ecuestres-mundiales-weg-de-jerez-de-la-frontera-del-2002\/#article","isPartOf":{"@id":"https:\/\/www.rmcr.org\/en\/2017\/04\/18\/competicion-en-la-sede-de-los-juegos-ecuestres-mundiales-weg-de-jerez-de-la-frontera-del-2002\/"},"author":{"name":"RMCR","@id":"https:\/\/www.rmcr.org\/en\/#\/schema\/person\/7ddd0dafda7edd0e407157f93a56df4f"},"headline":"Competici\u00f3n en la sede de los Juegos Ecuestres Mundiales (WEG) de Jerez de la Frontera del 2002","datePublished":"2017-04-18T10:46:36+00:00","dateModified":"2022-10-14T10:36:51+00:00","mainEntityOfPage":{"@id":"https:\/\/www.rmcr.org\/en\/2017\/04\/18\/competicion-en-la-sede-de-los-juegos-ecuestres-mundiales-weg-de-jerez-de-la-frontera-del-2002\/"},"wordCount":432,"publisher":{"@id":"https:\/\/www.rmcr.org\/en\/#organization"},"image":{"@id":"https:\/\/www.rmcr.org\/en\/2017\/04\/18\/competicion-en-la-sede-de-los-juegos-ecuestres-mundiales-weg-de-jerez-de-la-frontera-del-2002\/#primaryimage"},"thumbnailUrl":"https:\/\/www.rmcr.org\/wp-content\/uploads\/2022\/10\/rubery.jpg","keywords":["Alumnos","Competici\u00f3n"],"articleSection":["Actividades Deportivas","Concursos","Escuela de Equitaci\u00f3n","Jinete Profesor"],"inLanguage":"en-US"},{"@type":"WebPage","@id":"https:\/\/www.rmcr.org\/en\/2017\/04\/18\/competicion-en-la-sede-de-los-juegos-ecuestres-mundiales-weg-de-jerez-de-la-frontera-del-2002\/","url":"https:\/\/www.rmcr.org\/en\/2017\/04\/18\/competicion-en-la-sede-de-los-juegos-ecuestres-mundiales-weg-de-jerez-de-la-frontera-del-2002\/","name":"Competici\u00f3n en la sede de los Juegos Ecuestres Mundiales (WEG) de Jerez de la Frontera del 2002 - Real Maestranza de Caballer\u00eda de Ronda","isPartOf":{"@id":"https:\/\/www.rmcr.org\/en\/#website"},"primaryImageOfPage":{"@id":"https:\/\/www.rmcr.org\/en\/2017\/04\/18\/competicion-en-la-sede-de-los-juegos-ecuestres-mundiales-weg-de-jerez-de-la-frontera-del-2002\/#primaryimage"},"image":{"@id":"https:\/\/www.rmcr.org\/en\/2017\/04\/18\/competicion-en-la-sede-de-los-juegos-ecuestres-mundiales-weg-de-jerez-de-la-frontera-del-2002\/#primaryimage"},"thumbnailUrl":"https:\/\/www.rmcr.org\/wp-content\/uploads\/2022\/10\/rubery.jpg","datePublished":"2017-04-18T10:46:36+00:00","dateModified":"2022-10-14T10:36:51+00:00","breadcrumb":{"@id":"https:\/\/www.rmcr.org\/en\/2017\/04\/18\/competicion-en-la-sede-de-los-juegos-ecuestres-mundiales-weg-de-jerez-de-la-frontera-del-2002\/#breadcrumb"},"inLanguage":"en-US","potentialAction":[{"@type":"ReadAction","target":["https:\/\/www.rmcr.org\/en\/2017\/04\/18\/competicion-en-la-sede-de-los-juegos-ecuestres-mundiales-weg-de-jerez-de-la-frontera-del-2002\/"]}]},{"@type":"ImageObject","inLanguage":"en-US","@id":"https:\/\/www.rmcr.org\/en\/2017\/04\/18\/competicion-en-la-sede-de-los-juegos-ecuestres-mundiales-weg-de-jerez-de-la-frontera-del-2002\/#primaryimage","url":"https:\/\/www.rmcr.org\/wp-content\/uploads\/2022\/10\/rubery.jpg","contentUrl":"https:\/\/www.rmcr.org\/wp-content\/uploads\/2022\/10\/rubery.jpg","width":119,"height":80},{"@type":"BreadcrumbList","@id":"https:\/\/www.rmcr.org\/en\/2017\/04\/18\/competicion-en-la-sede-de-los-juegos-ecuestres-mundiales-weg-de-jerez-de-la-frontera-del-2002\/#breadcrumb","itemListElement":[{"@type":"ListItem","position":1,"name":"REAL MAESTRANZA DE CABALLER\u00cdA DE RONDA","item":"https:\/\/www.rmcr.org\/en\/"},{"@type":"ListItem","position":2,"name":"Competici\u00f3n en la sede de los Juegos Ecuestres Mundiales (WEG) de Jerez de la Frontera del 2002"}]},{"@type":"WebSite","@id":"https:\/\/www.rmcr.org\/en\/#website","url":"https:\/\/www.rmcr.org\/en\/","name":"Real Maestranza de Caballer\u00eda de Ronda","description":"Real Maestranza de Caballer\u00eda de Ronda","publisher":{"@id":"https:\/\/www.rmcr.org\/en\/#organization"},"alternateName":"RMCR","potentialAction":[{"@type":"SearchAction","target":{"@type":"EntryPoint","urlTemplate":"https:\/\/www.rmcr.org\/en\/?s={search_term_string}"},"query-input":{"@type":"PropertyValueSpecification","valueRequired":true,"valueName":"search_term_string"}}],"inLanguage":"en-US"},{"@type":"Organization","@id":"https:\/\/www.rmcr.org\/en\/#organization","name":"Real Maestranza de Caballer\u00eda de Ronda","alternateName":"RMR","url":"https:\/\/www.rmcr.org\/en\/","logo":{"@type":"ImageObject","inLanguage":"en-US","@id":"https:\/\/www.rmcr.org\/en\/#\/schema\/logo\/image\/","url":"https:\/\/www.rmcr.org\/wp-content\/uploads\/2022\/07\/logo-rmr-blue.svg","contentUrl":"https:\/\/www.rmcr.org\/wp-content\/uploads\/2022\/07\/logo-rmr-blue.svg","width":131,"height":129,"caption":"Real Maestranza de Caballer\u00eda de Ronda"},"image":{"@id":"https:\/\/www.rmcr.org\/en\/#\/schema\/logo\/image\/"},"sameAs":["https:\/\/www.facebook.com\/plazadetorosronda","https:\/\/x.com\/PlazatorosRMR","https:\/\/www.instagram.com\/realmaestranzaderonda\/","https:\/\/www.youtube.com\/channel\/UCrbO5IUN-8v_QML739vM4zg\/videos"]},{"@type":"Person","@id":"https:\/\/www.rmcr.org\/en\/#\/schema\/person\/7ddd0dafda7edd0e407157f93a56df4f","name":"RMCR","image":{"@type":"ImageObject","inLanguage":"en-US","@id":"https:\/\/secure.gravatar.com\/avatar\/adb75798b50800c24baa6a8706037b9469998c49eddeb95935f50f633cff80bb?s=96&d=mm&r=g","url":"https:\/\/secure.gravatar.com\/avatar\/adb75798b50800c24baa6a8706037b9469998c49eddeb95935f50f633cff80bb?s=96&d=mm&r=g","contentUrl":"https:\/\/secure.gravatar.com\/avatar\/adb75798b50800c24baa6a8706037b9469998c49eddeb95935f50f633cff80bb?s=96&d=mm&r=g","caption":"RMCR"},"url":"https:\/\/www.rmcr.org\/en\/author\/bitniks77\/"}]}},"_links":{"self":[{"href":"https:\/\/www.rmcr.org\/en\/wp-json\/wp\/v2\/posts\/5910","targetHints":{"allow":["GET"]}}],"collection":[{"href":"https:\/\/www.rmcr.org\/en\/wp-json\/wp\/v2\/posts"}],"about":[{"href":"https:\/\/www.rmcr.org\/en\/wp-json\/wp\/v2\/types\/post"}],"author":[{"embeddable":true,"href":"https:\/\/www.rmcr.org\/en\/wp-json\/wp\/v2\/users\/7"}],"replies":[{"embeddable":true,"href":"https:\/\/www.rmcr.org\/en\/wp-json\/wp\/v2\/comments?post=5910"}],"version-history":[{"count":1,"href":"https:\/\/www.rmcr.org\/en\/wp-json\/wp\/v2\/posts\/5910\/revisions"}],"predecessor-version":[{"id":12001,"href":"https:\/\/www.rmcr.org\/en\/wp-json\/wp\/v2\/posts\/5910\/revisions\/12001"}],"wp:featuredmedia":[{"embeddable":true,"href":"https:\/\/www.rmcr.org\/en\/wp-json\/wp\/v2\/media\/11999"}],"wp:attachment":[{"href":"https:\/\/www.rmcr.org\/en\/wp-json\/wp\/v2\/media?parent=5910"}],"wp:term":[{"taxonomy":"category","embeddable":true,"href":"https:\/\/www.rmcr.org\/en\/wp-json\/wp\/v2\/categories?post=5910"},{"taxonomy":"post_tag","embeddable":true,"href":"https:\/\/www.rmcr.org\/en\/wp-json\/wp\/v2\/tags?post=5910"}],"curies":[{"name":"wp","href":"https:\/\/api.w.org\/{rel}","templated":true}]}}