{"id":5909,"date":"2017-03-31T10:42:22","date_gmt":"2017-03-31T10:42:22","guid":{"rendered":"https:\/\/www.rmcr.org\/?p=5909"},"modified":"2023-02-14T11:35:45","modified_gmt":"2023-02-14T11:35:45","slug":"practicas-de-doma-con-jueces-internacionales","status":"publish","type":"post","link":"https:\/\/www.rmcr.org\/en\/2017\/03\/31\/practicas-de-doma-con-jueces-internacionales\/","title":{"rendered":"Pr\u00e1cticas de doma con jueces internacionales"},"content":{"rendered":"<p>Se han iniciado las pr\u00e1cticas del T\u00e9cnico Deportivo en Equitaci\u00f3n con seis de los jueces de la \u00faltima Olimpiada y Campeonato del Mundo.<\/p>\n<p>Nuestros alumnos del Curso de Jinete-Profesor Anna Peir\u00f3, Sergio Garc\u00eda, Daniel Puyol y Esteban Cornejo han tenido la pasada semana, del 20 al 26 de marzo, la oportunidad de realizar estas pr\u00e1cticas en los Concursos Internacionales de Doma de 3* y 4* celebrados en Centro H\u00edpico Los Albardones (C\u00e1diz).<\/p>\n<figure id=\"attachment_1058\" aria-describedby=\"caption-attachment-1058\" style=\"width: 720px\" class=\"wp-caption aligncenter\"><img fetchpriority=\"high\" decoding=\"async\" class=\" size-full wp-image-1058 aligncenter\" src=\"https:\/\/www.rmcr.org\/wp-content\/uploads\/2017\/03\/img-20170331-wa0001.jpg\" alt=\"IMG-20170331-WA0001\" width=\"720\" height=\"479\" srcset=\"https:\/\/www.rmcr.org\/wp-content\/uploads\/2017\/03\/img-20170331-wa0001.jpg 720w, https:\/\/www.rmcr.org\/wp-content\/uploads\/2017\/03\/img-20170331-wa0001-300x200.jpg 300w\" sizes=\"(max-width: 720px) 100vw, 720px\" \/><figcaption id=\"caption-attachment-1058\" class=\"wp-caption-text\">Nuestros alumnos acompa\u00f1ados por los jueces internacionales<\/figcaption><\/figure>\n<p style=\"text-align:justify;\">Los mencionados alumnos finalizaron el Ciclo Final del T\u00e9cnico Deportivo el pasado viernes 17 de marzo y el domingo 19 de marzo comenzaron con la Inspecci\u00f3n Veterinaria del primer Concurso Internacional de Doma de los dos programados en las nuevas instalaciones gaditanas.<\/p>\n<p style=\"text-align:justify;\">A partir del lunes 20 hasta el siguiente domingo 26 de marzo, en jornadas intensivas, tuvieron la oportunidad de actuar como secretarios con los jueces Internacionales Francisco Guerra D\u00edaz (Espa\u00f1a) 4*, Maribel Alonso de Quinza\u00f1os (M\u00e9xico) 5*\/YH (Young Horses), Francis Verbeek Van Rooy (Holanda) 5*\/YH, Raphael Saleh (Francia) 4*\/YH, &nbsp;Elke Ebbert (Alemania) 4*, Mariano Santos Redondo (Espa\u00f1a) 4*\/YH, Carlos Lucas Lopes (Portugal) 4*\/YH, Peter Storr (Inglaterra) 4*\/YH y Hans Christian Mattiesen (Dinamarca) 5*\/YH.<\/p>\n<p>David M\u00e9rida, Director de Arena Dressage -empresa organizadora de esta competici\u00f3n- nos comunic\u00f3 su satisfacci\u00f3n con el funcionamiento de estas pr\u00e1cticas. Por otro lado, los jueces nos felicitaron a la Direcci\u00f3n de la Escuela por el alto grado de preparaci\u00f3n de los cuatro jinetes y amazonas que esta vez cambiaron su montura por el bol\u00edgrafo.<\/p>\n<figure id=\"attachment_1059\" aria-describedby=\"caption-attachment-1059\" style=\"width: 720px\" class=\"wp-caption aligncenter\"><img decoding=\"async\" class=\" size-full wp-image-1059 aligncenter\" src=\"https:\/\/www.rmcr.org\/wp-content\/uploads\/2017\/03\/img-20170331-wa0002.jpg\" alt=\"IMG-20170331-WA0002\" width=\"720\" height=\"1080\"><figcaption id=\"caption-attachment-1059\" class=\"wp-caption-text\">Daniel, Sergio, Anna y Esteban junto a Francisco Guerra en un descanso de la competici\u00f3n<\/figcaption><\/figure>\n<p>Desde estas l\u00edneas, queremos agradecer a Michael Coy, profesor de ingl\u00e9s de la Escuela de Equitaci\u00f3n, que con su dedicaci\u00f3n ha hecho posible que nuestros alumnos hayan alcanzado el nivel necesario para el perfecto entendimiento con los jueces extranjeros.<\/p>\n<p>Por \u00faltimo, nos gustar\u00eda transmitir nuestra m\u00e1s sincera felicitaci\u00f3n a Francisco Guerra por su ascenso a 5*, m\u00e1xima categor\u00eda reconocida por la Federaci\u00f3n Ecuestre Internacional (FEI), que le fue comunicado durante la competici\u00f3n.<\/p>\n<p>La pr\u00f3xima competici\u00f3n a la que asistir\u00e1n los alumnos dentro del programa de la Escuela es la participaci\u00f3n con quince caballos en las diferentes pruebas del Concurso de Doma Nacional 2* de Jerez de la Frontera.<\/p>\n","protected":false},"excerpt":{"rendered":"<p>Se han iniciado las pr\u00e1cticas del T\u00e9cnico Deportivo en Equitaci\u00f3n con seis de los jueces de la \u00faltima Olimpiada y Campeonato del Mundo. Nuestros alumnos del Curso de Jinete-Profesor Anna Peir\u00f3, Sergio Garc\u00eda, Daniel Puyol y Esteban Cornejo han tenido la pasada semana, del 20 al 26 de marzo, la oportunidad de realizar estas pr\u00e1cticas [&hellip;]<\/p>\n","protected":false},"author":7,"featured_media":8870,"comment_status":"closed","ping_status":"open","sticky":false,"template":"","format":"standard","meta":{"footnotes":""},"categories":[65,76,42,81],"tags":[74,66,77,73],"class_list":["post-5909","post","type-post","status-publish","format-standard","has-post-thumbnail","hentry","category-actividades-deportivas","category-concursos","category-jinete-profesor","category-tecnico-deportivo-2016-2017","tag-alumnos","tag-competicion","tag-equipo-profesional","tag-practicas"],"yoast_head":"<!-- This site is optimized with the Yoast SEO plugin v27.5 - https:\/\/yoast.com\/product\/yoast-seo-wordpress\/ -->\n<title>Pr\u00e1cticas de doma con jueces internacionales - Real Maestranza de Caballer\u00eda de Ronda<\/title>\n<meta name=\"robots\" content=\"index, follow, max-snippet:-1, max-image-preview:large, max-video-preview:-1\" \/>\n<link rel=\"canonical\" href=\"https:\/\/www.rmcr.org\/en\/2017\/03\/31\/practicas-de-doma-con-jueces-internacionales\/\" \/>\n<meta property=\"og:locale\" content=\"en_US\" \/>\n<meta property=\"og:type\" content=\"article\" \/>\n<meta property=\"og:title\" content=\"Pr\u00e1cticas de doma con jueces internacionales - Real Maestranza de Caballer\u00eda de Ronda\" \/>\n<meta property=\"og:description\" content=\"Se han iniciado las pr\u00e1cticas del T\u00e9cnico Deportivo en Equitaci\u00f3n con seis de los jueces de la \u00faltima Olimpiada y Campeonato del Mundo. Nuestros alumnos del Curso de Jinete-Profesor Anna Peir\u00f3, Sergio Garc\u00eda, Daniel Puyol y Esteban Cornejo han tenido la pasada semana, del 20 al 26 de marzo, la oportunidad de realizar estas pr\u00e1cticas [&hellip;]\" \/>\n<meta property=\"og:url\" content=\"https:\/\/www.rmcr.org\/en\/2017\/03\/31\/practicas-de-doma-con-jueces-internacionales\/\" \/>\n<meta property=\"og:site_name\" content=\"Real Maestranza de Caballer\u00eda de Ronda\" \/>\n<meta property=\"article:publisher\" content=\"https:\/\/www.facebook.com\/plazadetorosronda\" \/>\n<meta property=\"article:published_time\" content=\"2017-03-31T10:42:22+00:00\" \/>\n<meta property=\"article:modified_time\" content=\"2023-02-14T11:35:45+00:00\" \/>\n<meta property=\"og:image\" content=\"https:\/\/www.rmcr.org\/wp-content\/uploads\/2017\/03\/img-20170331-wa0001.jpg\" \/>\n\t<meta property=\"og:image:width\" content=\"720\" \/>\n\t<meta property=\"og:image:height\" content=\"479\" \/>\n\t<meta property=\"og:image:type\" content=\"image\/jpeg\" \/>\n<meta name=\"author\" content=\"RMCR\" \/>\n<meta name=\"twitter:card\" content=\"summary_large_image\" \/>\n<meta name=\"twitter:creator\" content=\"@PlazatorosRMR\" \/>\n<meta name=\"twitter:site\" content=\"@PlazatorosRMR\" \/>\n<meta name=\"twitter:label1\" content=\"Written by\" \/>\n\t<meta name=\"twitter:data1\" content=\"RMCR\" \/>\n\t<meta name=\"twitter:label2\" content=\"Est. reading time\" \/>\n\t<meta name=\"twitter:data2\" content=\"2 minutes\" \/>\n<script type=\"application\/ld+json\" class=\"yoast-schema-graph\">{\"@context\":\"https:\\\/\\\/schema.org\",\"@graph\":[{\"@type\":\"Article\",\"@id\":\"https:\\\/\\\/www.rmcr.org\\\/en\\\/2017\\\/03\\\/31\\\/practicas-de-doma-con-jueces-internacionales\\\/#article\",\"isPartOf\":{\"@id\":\"https:\\\/\\\/www.rmcr.org\\\/en\\\/2017\\\/03\\\/31\\\/practicas-de-doma-con-jueces-internacionales\\\/\"},\"author\":{\"name\":\"RMCR\",\"@id\":\"https:\\\/\\\/www.rmcr.org\\\/en\\\/#\\\/schema\\\/person\\\/7ddd0dafda7edd0e407157f93a56df4f\"},\"headline\":\"Pr\u00e1cticas de doma con jueces internacionales\",\"datePublished\":\"2017-03-31T10:42:22+00:00\",\"dateModified\":\"2023-02-14T11:35:45+00:00\",\"mainEntityOfPage\":{\"@id\":\"https:\\\/\\\/www.rmcr.org\\\/en\\\/2017\\\/03\\\/31\\\/practicas-de-doma-con-jueces-internacionales\\\/\"},\"wordCount\":420,\"publisher\":{\"@id\":\"https:\\\/\\\/www.rmcr.org\\\/en\\\/#organization\"},\"image\":{\"@id\":\"https:\\\/\\\/www.rmcr.org\\\/en\\\/2017\\\/03\\\/31\\\/practicas-de-doma-con-jueces-internacionales\\\/#primaryimage\"},\"thumbnailUrl\":\"https:\\\/\\\/www.rmcr.org\\\/wp-content\\\/uploads\\\/2017\\\/03\\\/img-20170331-wa0001.jpg\",\"keywords\":[\"Alumnos\",\"Competici\u00f3n\",\"Equipo profesional\",\"Pr\u00e1cticas\"],\"articleSection\":[\"Actividades Deportivas\",\"Concursos\",\"Jinete Profesor\",\"T\u00e9cnico Deportivo 2016\\\/2017\"],\"inLanguage\":\"en-US\"},{\"@type\":\"WebPage\",\"@id\":\"https:\\\/\\\/www.rmcr.org\\\/en\\\/2017\\\/03\\\/31\\\/practicas-de-doma-con-jueces-internacionales\\\/\",\"url\":\"https:\\\/\\\/www.rmcr.org\\\/en\\\/2017\\\/03\\\/31\\\/practicas-de-doma-con-jueces-internacionales\\\/\",\"name\":\"Pr\u00e1cticas de doma con jueces internacionales - Real Maestranza de Caballer\u00eda de Ronda\",\"isPartOf\":{\"@id\":\"https:\\\/\\\/www.rmcr.org\\\/en\\\/#website\"},\"primaryImageOfPage\":{\"@id\":\"https:\\\/\\\/www.rmcr.org\\\/en\\\/2017\\\/03\\\/31\\\/practicas-de-doma-con-jueces-internacionales\\\/#primaryimage\"},\"image\":{\"@id\":\"https:\\\/\\\/www.rmcr.org\\\/en\\\/2017\\\/03\\\/31\\\/practicas-de-doma-con-jueces-internacionales\\\/#primaryimage\"},\"thumbnailUrl\":\"https:\\\/\\\/www.rmcr.org\\\/wp-content\\\/uploads\\\/2017\\\/03\\\/img-20170331-wa0001.jpg\",\"datePublished\":\"2017-03-31T10:42:22+00:00\",\"dateModified\":\"2023-02-14T11:35:45+00:00\",\"breadcrumb\":{\"@id\":\"https:\\\/\\\/www.rmcr.org\\\/en\\\/2017\\\/03\\\/31\\\/practicas-de-doma-con-jueces-internacionales\\\/#breadcrumb\"},\"inLanguage\":\"en-US\",\"potentialAction\":[{\"@type\":\"ReadAction\",\"target\":[\"https:\\\/\\\/www.rmcr.org\\\/en\\\/2017\\\/03\\\/31\\\/practicas-de-doma-con-jueces-internacionales\\\/\"]}]},{\"@type\":\"ImageObject\",\"inLanguage\":\"en-US\",\"@id\":\"https:\\\/\\\/www.rmcr.org\\\/en\\\/2017\\\/03\\\/31\\\/practicas-de-doma-con-jueces-internacionales\\\/#primaryimage\",\"url\":\"https:\\\/\\\/www.rmcr.org\\\/wp-content\\\/uploads\\\/2017\\\/03\\\/img-20170331-wa0001.jpg\",\"contentUrl\":\"https:\\\/\\\/www.rmcr.org\\\/wp-content\\\/uploads\\\/2017\\\/03\\\/img-20170331-wa0001.jpg\",\"width\":720,\"height\":479},{\"@type\":\"BreadcrumbList\",\"@id\":\"https:\\\/\\\/www.rmcr.org\\\/en\\\/2017\\\/03\\\/31\\\/practicas-de-doma-con-jueces-internacionales\\\/#breadcrumb\",\"itemListElement\":[{\"@type\":\"ListItem\",\"position\":1,\"name\":\"REAL MAESTRANZA DE CABALLER\u00cdA DE RONDA\",\"item\":\"https:\\\/\\\/www.rmcr.org\\\/en\\\/\"},{\"@type\":\"ListItem\",\"position\":2,\"name\":\"Pr\u00e1cticas de doma con jueces internacionales\"}]},{\"@type\":\"WebSite\",\"@id\":\"https:\\\/\\\/www.rmcr.org\\\/en\\\/#website\",\"url\":\"https:\\\/\\\/www.rmcr.org\\\/en\\\/\",\"name\":\"Real Maestranza de Caballer\u00eda de Ronda\",\"description\":\"Real Maestranza de Caballer\u00eda de Ronda\",\"publisher\":{\"@id\":\"https:\\\/\\\/www.rmcr.org\\\/en\\\/#organization\"},\"alternateName\":\"RMCR\",\"potentialAction\":[{\"@type\":\"SearchAction\",\"target\":{\"@type\":\"EntryPoint\",\"urlTemplate\":\"https:\\\/\\\/www.rmcr.org\\\/en\\\/?s={search_term_string}\"},\"query-input\":{\"@type\":\"PropertyValueSpecification\",\"valueRequired\":true,\"valueName\":\"search_term_string\"}}],\"inLanguage\":\"en-US\"},{\"@type\":\"Organization\",\"@id\":\"https:\\\/\\\/www.rmcr.org\\\/en\\\/#organization\",\"name\":\"Real Maestranza de Caballer\u00eda de Ronda\",\"alternateName\":\"RMR\",\"url\":\"https:\\\/\\\/www.rmcr.org\\\/en\\\/\",\"logo\":{\"@type\":\"ImageObject\",\"inLanguage\":\"en-US\",\"@id\":\"https:\\\/\\\/www.rmcr.org\\\/en\\\/#\\\/schema\\\/logo\\\/image\\\/\",\"url\":\"https:\\\/\\\/www.rmcr.org\\\/wp-content\\\/uploads\\\/2022\\\/07\\\/logo-rmr-blue.svg\",\"contentUrl\":\"https:\\\/\\\/www.rmcr.org\\\/wp-content\\\/uploads\\\/2022\\\/07\\\/logo-rmr-blue.svg\",\"width\":131,\"height\":129,\"caption\":\"Real Maestranza de Caballer\u00eda de Ronda\"},\"image\":{\"@id\":\"https:\\\/\\\/www.rmcr.org\\\/en\\\/#\\\/schema\\\/logo\\\/image\\\/\"},\"sameAs\":[\"https:\\\/\\\/www.facebook.com\\\/plazadetorosronda\",\"https:\\\/\\\/x.com\\\/PlazatorosRMR\",\"https:\\\/\\\/www.instagram.com\\\/realmaestranzaderonda\\\/\",\"https:\\\/\\\/www.youtube.com\\\/channel\\\/UCrbO5IUN-8v_QML739vM4zg\\\/videos\"]},{\"@type\":\"Person\",\"@id\":\"https:\\\/\\\/www.rmcr.org\\\/en\\\/#\\\/schema\\\/person\\\/7ddd0dafda7edd0e407157f93a56df4f\",\"name\":\"RMCR\",\"image\":{\"@type\":\"ImageObject\",\"inLanguage\":\"en-US\",\"@id\":\"https:\\\/\\\/secure.gravatar.com\\\/avatar\\\/adb75798b50800c24baa6a8706037b9469998c49eddeb95935f50f633cff80bb?s=96&d=mm&r=g\",\"url\":\"https:\\\/\\\/secure.gravatar.com\\\/avatar\\\/adb75798b50800c24baa6a8706037b9469998c49eddeb95935f50f633cff80bb?s=96&d=mm&r=g\",\"contentUrl\":\"https:\\\/\\\/secure.gravatar.com\\\/avatar\\\/adb75798b50800c24baa6a8706037b9469998c49eddeb95935f50f633cff80bb?s=96&d=mm&r=g\",\"caption\":\"RMCR\"},\"url\":\"https:\\\/\\\/www.rmcr.org\\\/en\\\/author\\\/bitniks77\\\/\"}]}<\/script>\n<!-- \/ Yoast SEO plugin. -->","yoast_head_json":{"title":"Pr\u00e1cticas de doma con jueces internacionales - Real Maestranza de Caballer\u00eda de Ronda","robots":{"index":"index","follow":"follow","max-snippet":"max-snippet:-1","max-image-preview":"max-image-preview:large","max-video-preview":"max-video-preview:-1"},"canonical":"https:\/\/www.rmcr.org\/en\/2017\/03\/31\/practicas-de-doma-con-jueces-internacionales\/","og_locale":"en_US","og_type":"article","og_title":"Pr\u00e1cticas de doma con jueces internacionales - Real Maestranza de Caballer\u00eda de Ronda","og_description":"Se han iniciado las pr\u00e1cticas del T\u00e9cnico Deportivo en Equitaci\u00f3n con seis de los jueces de la \u00faltima Olimpiada y Campeonato del Mundo. Nuestros alumnos del Curso de Jinete-Profesor Anna Peir\u00f3, Sergio Garc\u00eda, Daniel Puyol y Esteban Cornejo han tenido la pasada semana, del 20 al 26 de marzo, la oportunidad de realizar estas pr\u00e1cticas [&hellip;]","og_url":"https:\/\/www.rmcr.org\/en\/2017\/03\/31\/practicas-de-doma-con-jueces-internacionales\/","og_site_name":"Real Maestranza de Caballer\u00eda de Ronda","article_publisher":"https:\/\/www.facebook.com\/plazadetorosronda","article_published_time":"2017-03-31T10:42:22+00:00","article_modified_time":"2023-02-14T11:35:45+00:00","og_image":[{"width":720,"height":479,"url":"https:\/\/www.rmcr.org\/wp-content\/uploads\/2017\/03\/img-20170331-wa0001.jpg","type":"image\/jpeg"}],"author":"RMCR","twitter_card":"summary_large_image","twitter_creator":"@PlazatorosRMR","twitter_site":"@PlazatorosRMR","twitter_misc":{"Written by":"RMCR","Est. reading time":"2 minutes"},"schema":{"@context":"https:\/\/schema.org","@graph":[{"@type":"Article","@id":"https:\/\/www.rmcr.org\/en\/2017\/03\/31\/practicas-de-doma-con-jueces-internacionales\/#article","isPartOf":{"@id":"https:\/\/www.rmcr.org\/en\/2017\/03\/31\/practicas-de-doma-con-jueces-internacionales\/"},"author":{"name":"RMCR","@id":"https:\/\/www.rmcr.org\/en\/#\/schema\/person\/7ddd0dafda7edd0e407157f93a56df4f"},"headline":"Pr\u00e1cticas de doma con jueces internacionales","datePublished":"2017-03-31T10:42:22+00:00","dateModified":"2023-02-14T11:35:45+00:00","mainEntityOfPage":{"@id":"https:\/\/www.rmcr.org\/en\/2017\/03\/31\/practicas-de-doma-con-jueces-internacionales\/"},"wordCount":420,"publisher":{"@id":"https:\/\/www.rmcr.org\/en\/#organization"},"image":{"@id":"https:\/\/www.rmcr.org\/en\/2017\/03\/31\/practicas-de-doma-con-jueces-internacionales\/#primaryimage"},"thumbnailUrl":"https:\/\/www.rmcr.org\/wp-content\/uploads\/2017\/03\/img-20170331-wa0001.jpg","keywords":["Alumnos","Competici\u00f3n","Equipo profesional","Pr\u00e1cticas"],"articleSection":["Actividades Deportivas","Concursos","Jinete Profesor","T\u00e9cnico Deportivo 2016\/2017"],"inLanguage":"en-US"},{"@type":"WebPage","@id":"https:\/\/www.rmcr.org\/en\/2017\/03\/31\/practicas-de-doma-con-jueces-internacionales\/","url":"https:\/\/www.rmcr.org\/en\/2017\/03\/31\/practicas-de-doma-con-jueces-internacionales\/","name":"Pr\u00e1cticas de doma con jueces internacionales - Real Maestranza de Caballer\u00eda de Ronda","isPartOf":{"@id":"https:\/\/www.rmcr.org\/en\/#website"},"primaryImageOfPage":{"@id":"https:\/\/www.rmcr.org\/en\/2017\/03\/31\/practicas-de-doma-con-jueces-internacionales\/#primaryimage"},"image":{"@id":"https:\/\/www.rmcr.org\/en\/2017\/03\/31\/practicas-de-doma-con-jueces-internacionales\/#primaryimage"},"thumbnailUrl":"https:\/\/www.rmcr.org\/wp-content\/uploads\/2017\/03\/img-20170331-wa0001.jpg","datePublished":"2017-03-31T10:42:22+00:00","dateModified":"2023-02-14T11:35:45+00:00","breadcrumb":{"@id":"https:\/\/www.rmcr.org\/en\/2017\/03\/31\/practicas-de-doma-con-jueces-internacionales\/#breadcrumb"},"inLanguage":"en-US","potentialAction":[{"@type":"ReadAction","target":["https:\/\/www.rmcr.org\/en\/2017\/03\/31\/practicas-de-doma-con-jueces-internacionales\/"]}]},{"@type":"ImageObject","inLanguage":"en-US","@id":"https:\/\/www.rmcr.org\/en\/2017\/03\/31\/practicas-de-doma-con-jueces-internacionales\/#primaryimage","url":"https:\/\/www.rmcr.org\/wp-content\/uploads\/2017\/03\/img-20170331-wa0001.jpg","contentUrl":"https:\/\/www.rmcr.org\/wp-content\/uploads\/2017\/03\/img-20170331-wa0001.jpg","width":720,"height":479},{"@type":"BreadcrumbList","@id":"https:\/\/www.rmcr.org\/en\/2017\/03\/31\/practicas-de-doma-con-jueces-internacionales\/#breadcrumb","itemListElement":[{"@type":"ListItem","position":1,"name":"REAL MAESTRANZA DE CABALLER\u00cdA DE RONDA","item":"https:\/\/www.rmcr.org\/en\/"},{"@type":"ListItem","position":2,"name":"Pr\u00e1cticas de doma con jueces internacionales"}]},{"@type":"WebSite","@id":"https:\/\/www.rmcr.org\/en\/#website","url":"https:\/\/www.rmcr.org\/en\/","name":"Real Maestranza de Caballer\u00eda de Ronda","description":"Real Maestranza de Caballer\u00eda de Ronda","publisher":{"@id":"https:\/\/www.rmcr.org\/en\/#organization"},"alternateName":"RMCR","potentialAction":[{"@type":"SearchAction","target":{"@type":"EntryPoint","urlTemplate":"https:\/\/www.rmcr.org\/en\/?s={search_term_string}"},"query-input":{"@type":"PropertyValueSpecification","valueRequired":true,"valueName":"search_term_string"}}],"inLanguage":"en-US"},{"@type":"Organization","@id":"https:\/\/www.rmcr.org\/en\/#organization","name":"Real Maestranza de Caballer\u00eda de Ronda","alternateName":"RMR","url":"https:\/\/www.rmcr.org\/en\/","logo":{"@type":"ImageObject","inLanguage":"en-US","@id":"https:\/\/www.rmcr.org\/en\/#\/schema\/logo\/image\/","url":"https:\/\/www.rmcr.org\/wp-content\/uploads\/2022\/07\/logo-rmr-blue.svg","contentUrl":"https:\/\/www.rmcr.org\/wp-content\/uploads\/2022\/07\/logo-rmr-blue.svg","width":131,"height":129,"caption":"Real Maestranza de Caballer\u00eda de Ronda"},"image":{"@id":"https:\/\/www.rmcr.org\/en\/#\/schema\/logo\/image\/"},"sameAs":["https:\/\/www.facebook.com\/plazadetorosronda","https:\/\/x.com\/PlazatorosRMR","https:\/\/www.instagram.com\/realmaestranzaderonda\/","https:\/\/www.youtube.com\/channel\/UCrbO5IUN-8v_QML739vM4zg\/videos"]},{"@type":"Person","@id":"https:\/\/www.rmcr.org\/en\/#\/schema\/person\/7ddd0dafda7edd0e407157f93a56df4f","name":"RMCR","image":{"@type":"ImageObject","inLanguage":"en-US","@id":"https:\/\/secure.gravatar.com\/avatar\/adb75798b50800c24baa6a8706037b9469998c49eddeb95935f50f633cff80bb?s=96&d=mm&r=g","url":"https:\/\/secure.gravatar.com\/avatar\/adb75798b50800c24baa6a8706037b9469998c49eddeb95935f50f633cff80bb?s=96&d=mm&r=g","contentUrl":"https:\/\/secure.gravatar.com\/avatar\/adb75798b50800c24baa6a8706037b9469998c49eddeb95935f50f633cff80bb?s=96&d=mm&r=g","caption":"RMCR"},"url":"https:\/\/www.rmcr.org\/en\/author\/bitniks77\/"}]}},"_links":{"self":[{"href":"https:\/\/www.rmcr.org\/en\/wp-json\/wp\/v2\/posts\/5909","targetHints":{"allow":["GET"]}}],"collection":[{"href":"https:\/\/www.rmcr.org\/en\/wp-json\/wp\/v2\/posts"}],"about":[{"href":"https:\/\/www.rmcr.org\/en\/wp-json\/wp\/v2\/types\/post"}],"author":[{"embeddable":true,"href":"https:\/\/www.rmcr.org\/en\/wp-json\/wp\/v2\/users\/7"}],"replies":[{"embeddable":true,"href":"https:\/\/www.rmcr.org\/en\/wp-json\/wp\/v2\/comments?post=5909"}],"version-history":[{"count":1,"href":"https:\/\/www.rmcr.org\/en\/wp-json\/wp\/v2\/posts\/5909\/revisions"}],"predecessor-version":[{"id":15413,"href":"https:\/\/www.rmcr.org\/en\/wp-json\/wp\/v2\/posts\/5909\/revisions\/15413"}],"wp:featuredmedia":[{"embeddable":true,"href":"https:\/\/www.rmcr.org\/en\/wp-json\/wp\/v2\/media\/8870"}],"wp:attachment":[{"href":"https:\/\/www.rmcr.org\/en\/wp-json\/wp\/v2\/media?parent=5909"}],"wp:term":[{"taxonomy":"category","embeddable":true,"href":"https:\/\/www.rmcr.org\/en\/wp-json\/wp\/v2\/categories?post=5909"},{"taxonomy":"post_tag","embeddable":true,"href":"https:\/\/www.rmcr.org\/en\/wp-json\/wp\/v2\/tags?post=5909"}],"curies":[{"name":"wp","href":"https:\/\/api.w.org\/{rel}","templated":true}]}}