{"id":5905,"date":"2016-12-07T11:47:11","date_gmt":"2016-12-07T11:47:11","guid":{"rendered":"https:\/\/www.rmcr.org\/?p=5905"},"modified":"2016-12-07T11:47:11","modified_gmt":"2016-12-07T11:47:11","slug":"diez-caballos-de-la-rmcr-en-el-ultimo-cdn-del-calendario-de-la-rfhe","status":"publish","type":"post","link":"https:\/\/www.rmcr.org\/en\/2016\/12\/07\/diez-caballos-de-la-rmcr-en-el-ultimo-cdn-del-calendario-de-la-rfhe\/","title":{"rendered":"Diez caballos de la RMCR en el \u00faltimo CDN*** del calendario de la RFHE."},"content":{"rendered":"<p style=\"text-align:justify;\">El pasado fin de semana, cinco alumnos de la Escuela de equitaci\u00f3n de la RMCR participaron en el CDN*** del Centro H\u00edpico de Los Albardones situado en Benalup.<\/p>\n<p style=\"text-align:justify;\"><img fetchpriority=\"high\" decoding=\"async\" class=\"alignnone size-full wp-image-982\" src=\"https:\/\/www.rmcr.org\/wp-content\/uploads\/2016\/12\/los-albardones-dic2016.jpg\" alt=\"los-albardones-dic2016\" width=\"720\" height=\"405\" \/><\/p>\n<p style=\"text-align:justify;\">Dentro de su programaci\u00f3n Daniel Puyol, Sergio Garc\u00eda y Esteban Cornejo del 2\u00ba a\u00f1o del Curso Jinete-Profesor, junto a Valeria Fern\u00e1ndez de 1\u00ba y la amazona Anna Peir\u00f3 que cursa el de Jinete-Entrenador participaron con un PSL, cuatro centroeuropeos y cinco PRE,s en las diferentes pruebas del CDN***.<\/p>\n<p style=\"text-align:justify;\">La prueba Intermedia I fue ganada por Anna Peir\u00f3 con Salero (65,000%), el d\u00eda anterior hizo un tercer puesto en la reprise San Jorge. Esta misma amazona gan\u00f3\u00a0 la Cl\u00e1sica 1 y Cl\u00e1sica 2 con el hannoveriano Rubery.<\/p>\n<p style=\"text-align:justify;\"><img decoding=\"async\" class=\"alignnone size-full wp-image-983\" src=\"https:\/\/www.rmcr.org\/wp-content\/uploads\/2016\/12\/los-albardones1-dic2016.jpg\" alt=\"los-albardones1-dic2016\" width=\"720\" height=\"540\" \/><\/p>\n<p style=\"text-align:justify;\">El PRE KBravo realiz\u00f3 tambi\u00e9n en las Cl\u00e1sicas dos buenas presentaciones bajo la monta de Valeria Fern\u00e1ndez. Sergio Garc\u00eda Bermejo con Bandolero, en este mismo nivel, realiz\u00f3 una prueba muy correcta clasific\u00e1ndose en la Cl\u00e1sica 1 por detr\u00e1s de Rubery. Daniel Puyol qued\u00f3 segundo en la Cl\u00e1sica 2 con el PRE Famoso JLE.<\/p>\n<p style=\"text-align:justify;\">Las pruebas de Young Riders fueron ganadas por Esteban Cornejo que present\u00f3 a Atalaya y Mio\u00a0obteniendo una puntuaci\u00f3n el domingo de 66.009% y 64.605% respectivamente.<\/p>\n","protected":false},"excerpt":{"rendered":"<p>El pasado fin de semana, cinco alumnos de la Escuela de equitaci\u00f3n de la RMCR participaron en el CDN*** del Centro H\u00edpico de Los Albardones situado en Benalup. Dentro de su programaci\u00f3n Daniel Puyol, Sergio Garc\u00eda y Esteban Cornejo del 2\u00ba a\u00f1o del Curso Jinete-Profesor, junto a Valeria Fern\u00e1ndez de 1\u00ba y la amazona Anna [&hellip;]<\/p>\n","protected":false},"author":7,"featured_media":6037,"comment_status":"closed","ping_status":"open","sticky":false,"template":"","format":"standard","meta":{"footnotes":""},"categories":[65,76,46,42,45],"tags":[74,48,66,40,73,43,75],"class_list":["post-5905","post","type-post","status-publish","format-standard","has-post-thumbnail","hentry","category-actividades-deportivas","category-concursos","category-cursos-de-formacion","category-jinete-profesor","category-sin-categoria-equitacion","tag-alumnos","tag-centro-de-formacion","tag-competicion","tag-ensenanza","tag-practicas","tag-preparacion-fisica","tag-profesores"],"yoast_head":"<!-- This site is optimized with the Yoast SEO plugin v27.5 - https:\/\/yoast.com\/product\/yoast-seo-wordpress\/ -->\n<title>Diez caballos de la RMCR en el \u00faltimo CDN*** del calendario de la RFHE. - Real Maestranza de Caballer\u00eda de Ronda<\/title>\n<meta name=\"robots\" content=\"index, follow, max-snippet:-1, max-image-preview:large, max-video-preview:-1\" \/>\n<link rel=\"canonical\" href=\"https:\/\/www.rmcr.org\/en\/2016\/12\/07\/diez-caballos-de-la-rmcr-en-el-ultimo-cdn-del-calendario-de-la-rfhe\/\" \/>\n<meta property=\"og:locale\" content=\"en_US\" \/>\n<meta property=\"og:type\" content=\"article\" \/>\n<meta property=\"og:title\" content=\"Diez caballos de la RMCR en el \u00faltimo CDN*** del calendario de la RFHE. - Real Maestranza de Caballer\u00eda de Ronda\" \/>\n<meta property=\"og:description\" content=\"El pasado fin de semana, cinco alumnos de la Escuela de equitaci\u00f3n de la RMCR participaron en el CDN*** del Centro H\u00edpico de Los Albardones situado en Benalup. Dentro de su programaci\u00f3n Daniel Puyol, Sergio Garc\u00eda y Esteban Cornejo del 2\u00ba a\u00f1o del Curso Jinete-Profesor, junto a Valeria Fern\u00e1ndez de 1\u00ba y la amazona Anna [&hellip;]\" \/>\n<meta property=\"og:url\" content=\"https:\/\/www.rmcr.org\/en\/2016\/12\/07\/diez-caballos-de-la-rmcr-en-el-ultimo-cdn-del-calendario-de-la-rfhe\/\" \/>\n<meta property=\"og:site_name\" content=\"Real Maestranza de Caballer\u00eda de Ronda\" \/>\n<meta property=\"article:publisher\" content=\"https:\/\/www.facebook.com\/plazadetorosronda\" \/>\n<meta property=\"article:published_time\" content=\"2016-12-07T11:47:11+00:00\" \/>\n<meta property=\"og:image\" content=\"https:\/\/www.rmcr.org\/wp-content\/uploads\/2016\/12\/los-albardones1-dic2016.jpg\" \/>\n\t<meta property=\"og:image:width\" content=\"720\" \/>\n\t<meta property=\"og:image:height\" content=\"540\" \/>\n\t<meta property=\"og:image:type\" content=\"image\/jpeg\" \/>\n<meta name=\"author\" content=\"RMCR\" \/>\n<meta name=\"twitter:card\" content=\"summary_large_image\" \/>\n<meta name=\"twitter:creator\" content=\"@PlazatorosRMR\" \/>\n<meta name=\"twitter:site\" content=\"@PlazatorosRMR\" \/>\n<meta name=\"twitter:label1\" content=\"Written by\" \/>\n\t<meta name=\"twitter:data1\" content=\"RMCR\" \/>\n\t<meta name=\"twitter:label2\" content=\"Est. reading time\" \/>\n\t<meta name=\"twitter:data2\" content=\"1 minute\" \/>\n<script type=\"application\/ld+json\" class=\"yoast-schema-graph\">{\"@context\":\"https:\\\/\\\/schema.org\",\"@graph\":[{\"@type\":\"Article\",\"@id\":\"https:\\\/\\\/www.rmcr.org\\\/en\\\/2016\\\/12\\\/07\\\/diez-caballos-de-la-rmcr-en-el-ultimo-cdn-del-calendario-de-la-rfhe\\\/#article\",\"isPartOf\":{\"@id\":\"https:\\\/\\\/www.rmcr.org\\\/en\\\/2016\\\/12\\\/07\\\/diez-caballos-de-la-rmcr-en-el-ultimo-cdn-del-calendario-de-la-rfhe\\\/\"},\"author\":{\"name\":\"RMCR\",\"@id\":\"https:\\\/\\\/www.rmcr.org\\\/en\\\/#\\\/schema\\\/person\\\/7ddd0dafda7edd0e407157f93a56df4f\"},\"headline\":\"Diez caballos de la RMCR en el \u00faltimo CDN*** del calendario de la RFHE.\",\"datePublished\":\"2016-12-07T11:47:11+00:00\",\"mainEntityOfPage\":{\"@id\":\"https:\\\/\\\/www.rmcr.org\\\/en\\\/2016\\\/12\\\/07\\\/diez-caballos-de-la-rmcr-en-el-ultimo-cdn-del-calendario-de-la-rfhe\\\/\"},\"wordCount\":217,\"publisher\":{\"@id\":\"https:\\\/\\\/www.rmcr.org\\\/en\\\/#organization\"},\"image\":{\"@id\":\"https:\\\/\\\/www.rmcr.org\\\/en\\\/2016\\\/12\\\/07\\\/diez-caballos-de-la-rmcr-en-el-ultimo-cdn-del-calendario-de-la-rfhe\\\/#primaryimage\"},\"thumbnailUrl\":\"https:\\\/\\\/www.rmcr.org\\\/wp-content\\\/uploads\\\/2016\\\/12\\\/los-albardones1-dic2016.jpg\",\"keywords\":[\"Alumnos\",\"Centro de Formaci\u00f3n\",\"Competici\u00f3n\",\"Ense\u00f1anza\",\"Pr\u00e1cticas\",\"Preparaci\u00f3n f\u00edsica\",\"Profesores\"],\"articleSection\":[\"Actividades Deportivas\",\"Concursos\",\"Cursos de Formaci\u00f3n\",\"Jinete Profesor\",\"Sin categor\u00eda Equitaci\u00f3n\"],\"inLanguage\":\"en-US\"},{\"@type\":\"WebPage\",\"@id\":\"https:\\\/\\\/www.rmcr.org\\\/en\\\/2016\\\/12\\\/07\\\/diez-caballos-de-la-rmcr-en-el-ultimo-cdn-del-calendario-de-la-rfhe\\\/\",\"url\":\"https:\\\/\\\/www.rmcr.org\\\/en\\\/2016\\\/12\\\/07\\\/diez-caballos-de-la-rmcr-en-el-ultimo-cdn-del-calendario-de-la-rfhe\\\/\",\"name\":\"Diez caballos de la RMCR en el \u00faltimo CDN*** del calendario de la RFHE. - Real Maestranza de Caballer\u00eda de Ronda\",\"isPartOf\":{\"@id\":\"https:\\\/\\\/www.rmcr.org\\\/en\\\/#website\"},\"primaryImageOfPage\":{\"@id\":\"https:\\\/\\\/www.rmcr.org\\\/en\\\/2016\\\/12\\\/07\\\/diez-caballos-de-la-rmcr-en-el-ultimo-cdn-del-calendario-de-la-rfhe\\\/#primaryimage\"},\"image\":{\"@id\":\"https:\\\/\\\/www.rmcr.org\\\/en\\\/2016\\\/12\\\/07\\\/diez-caballos-de-la-rmcr-en-el-ultimo-cdn-del-calendario-de-la-rfhe\\\/#primaryimage\"},\"thumbnailUrl\":\"https:\\\/\\\/www.rmcr.org\\\/wp-content\\\/uploads\\\/2016\\\/12\\\/los-albardones1-dic2016.jpg\",\"datePublished\":\"2016-12-07T11:47:11+00:00\",\"breadcrumb\":{\"@id\":\"https:\\\/\\\/www.rmcr.org\\\/en\\\/2016\\\/12\\\/07\\\/diez-caballos-de-la-rmcr-en-el-ultimo-cdn-del-calendario-de-la-rfhe\\\/#breadcrumb\"},\"inLanguage\":\"en-US\",\"potentialAction\":[{\"@type\":\"ReadAction\",\"target\":[\"https:\\\/\\\/www.rmcr.org\\\/en\\\/2016\\\/12\\\/07\\\/diez-caballos-de-la-rmcr-en-el-ultimo-cdn-del-calendario-de-la-rfhe\\\/\"]}]},{\"@type\":\"ImageObject\",\"inLanguage\":\"en-US\",\"@id\":\"https:\\\/\\\/www.rmcr.org\\\/en\\\/2016\\\/12\\\/07\\\/diez-caballos-de-la-rmcr-en-el-ultimo-cdn-del-calendario-de-la-rfhe\\\/#primaryimage\",\"url\":\"https:\\\/\\\/www.rmcr.org\\\/wp-content\\\/uploads\\\/2016\\\/12\\\/los-albardones1-dic2016.jpg\",\"contentUrl\":\"https:\\\/\\\/www.rmcr.org\\\/wp-content\\\/uploads\\\/2016\\\/12\\\/los-albardones1-dic2016.jpg\",\"width\":720,\"height\":540},{\"@type\":\"BreadcrumbList\",\"@id\":\"https:\\\/\\\/www.rmcr.org\\\/en\\\/2016\\\/12\\\/07\\\/diez-caballos-de-la-rmcr-en-el-ultimo-cdn-del-calendario-de-la-rfhe\\\/#breadcrumb\",\"itemListElement\":[{\"@type\":\"ListItem\",\"position\":1,\"name\":\"REAL MAESTRANZA DE CABALLER\u00cdA DE RONDA\",\"item\":\"https:\\\/\\\/www.rmcr.org\\\/en\\\/\"},{\"@type\":\"ListItem\",\"position\":2,\"name\":\"Diez caballos de la RMCR en el \u00faltimo CDN*** del calendario de la RFHE.\"}]},{\"@type\":\"WebSite\",\"@id\":\"https:\\\/\\\/www.rmcr.org\\\/en\\\/#website\",\"url\":\"https:\\\/\\\/www.rmcr.org\\\/en\\\/\",\"name\":\"Real Maestranza de Caballer\u00eda de Ronda\",\"description\":\"Real Maestranza de Caballer\u00eda de Ronda\",\"publisher\":{\"@id\":\"https:\\\/\\\/www.rmcr.org\\\/en\\\/#organization\"},\"alternateName\":\"RMCR\",\"potentialAction\":[{\"@type\":\"SearchAction\",\"target\":{\"@type\":\"EntryPoint\",\"urlTemplate\":\"https:\\\/\\\/www.rmcr.org\\\/en\\\/?s={search_term_string}\"},\"query-input\":{\"@type\":\"PropertyValueSpecification\",\"valueRequired\":true,\"valueName\":\"search_term_string\"}}],\"inLanguage\":\"en-US\"},{\"@type\":\"Organization\",\"@id\":\"https:\\\/\\\/www.rmcr.org\\\/en\\\/#organization\",\"name\":\"Real Maestranza de Caballer\u00eda de Ronda\",\"alternateName\":\"RMR\",\"url\":\"https:\\\/\\\/www.rmcr.org\\\/en\\\/\",\"logo\":{\"@type\":\"ImageObject\",\"inLanguage\":\"en-US\",\"@id\":\"https:\\\/\\\/www.rmcr.org\\\/en\\\/#\\\/schema\\\/logo\\\/image\\\/\",\"url\":\"https:\\\/\\\/www.rmcr.org\\\/wp-content\\\/uploads\\\/2022\\\/07\\\/logo-rmr-blue.svg\",\"contentUrl\":\"https:\\\/\\\/www.rmcr.org\\\/wp-content\\\/uploads\\\/2022\\\/07\\\/logo-rmr-blue.svg\",\"width\":131,\"height\":129,\"caption\":\"Real Maestranza de Caballer\u00eda de Ronda\"},\"image\":{\"@id\":\"https:\\\/\\\/www.rmcr.org\\\/en\\\/#\\\/schema\\\/logo\\\/image\\\/\"},\"sameAs\":[\"https:\\\/\\\/www.facebook.com\\\/plazadetorosronda\",\"https:\\\/\\\/x.com\\\/PlazatorosRMR\",\"https:\\\/\\\/www.instagram.com\\\/realmaestranzaderonda\\\/\",\"https:\\\/\\\/www.youtube.com\\\/channel\\\/UCrbO5IUN-8v_QML739vM4zg\\\/videos\"]},{\"@type\":\"Person\",\"@id\":\"https:\\\/\\\/www.rmcr.org\\\/en\\\/#\\\/schema\\\/person\\\/7ddd0dafda7edd0e407157f93a56df4f\",\"name\":\"RMCR\",\"image\":{\"@type\":\"ImageObject\",\"inLanguage\":\"en-US\",\"@id\":\"https:\\\/\\\/secure.gravatar.com\\\/avatar\\\/adb75798b50800c24baa6a8706037b9469998c49eddeb95935f50f633cff80bb?s=96&d=mm&r=g\",\"url\":\"https:\\\/\\\/secure.gravatar.com\\\/avatar\\\/adb75798b50800c24baa6a8706037b9469998c49eddeb95935f50f633cff80bb?s=96&d=mm&r=g\",\"contentUrl\":\"https:\\\/\\\/secure.gravatar.com\\\/avatar\\\/adb75798b50800c24baa6a8706037b9469998c49eddeb95935f50f633cff80bb?s=96&d=mm&r=g\",\"caption\":\"RMCR\"},\"url\":\"https:\\\/\\\/www.rmcr.org\\\/en\\\/author\\\/bitniks77\\\/\"}]}<\/script>\n<!-- \/ Yoast SEO plugin. -->","yoast_head_json":{"title":"Diez caballos de la RMCR en el \u00faltimo CDN*** del calendario de la RFHE. - Real Maestranza de Caballer\u00eda de Ronda","robots":{"index":"index","follow":"follow","max-snippet":"max-snippet:-1","max-image-preview":"max-image-preview:large","max-video-preview":"max-video-preview:-1"},"canonical":"https:\/\/www.rmcr.org\/en\/2016\/12\/07\/diez-caballos-de-la-rmcr-en-el-ultimo-cdn-del-calendario-de-la-rfhe\/","og_locale":"en_US","og_type":"article","og_title":"Diez caballos de la RMCR en el \u00faltimo CDN*** del calendario de la RFHE. - Real Maestranza de Caballer\u00eda de Ronda","og_description":"El pasado fin de semana, cinco alumnos de la Escuela de equitaci\u00f3n de la RMCR participaron en el CDN*** del Centro H\u00edpico de Los Albardones situado en Benalup. Dentro de su programaci\u00f3n Daniel Puyol, Sergio Garc\u00eda y Esteban Cornejo del 2\u00ba a\u00f1o del Curso Jinete-Profesor, junto a Valeria Fern\u00e1ndez de 1\u00ba y la amazona Anna [&hellip;]","og_url":"https:\/\/www.rmcr.org\/en\/2016\/12\/07\/diez-caballos-de-la-rmcr-en-el-ultimo-cdn-del-calendario-de-la-rfhe\/","og_site_name":"Real Maestranza de Caballer\u00eda de Ronda","article_publisher":"https:\/\/www.facebook.com\/plazadetorosronda","article_published_time":"2016-12-07T11:47:11+00:00","og_image":[{"width":720,"height":540,"url":"https:\/\/www.rmcr.org\/wp-content\/uploads\/2016\/12\/los-albardones1-dic2016.jpg","type":"image\/jpeg"}],"author":"RMCR","twitter_card":"summary_large_image","twitter_creator":"@PlazatorosRMR","twitter_site":"@PlazatorosRMR","twitter_misc":{"Written by":"RMCR","Est. reading time":"1 minute"},"schema":{"@context":"https:\/\/schema.org","@graph":[{"@type":"Article","@id":"https:\/\/www.rmcr.org\/en\/2016\/12\/07\/diez-caballos-de-la-rmcr-en-el-ultimo-cdn-del-calendario-de-la-rfhe\/#article","isPartOf":{"@id":"https:\/\/www.rmcr.org\/en\/2016\/12\/07\/diez-caballos-de-la-rmcr-en-el-ultimo-cdn-del-calendario-de-la-rfhe\/"},"author":{"name":"RMCR","@id":"https:\/\/www.rmcr.org\/en\/#\/schema\/person\/7ddd0dafda7edd0e407157f93a56df4f"},"headline":"Diez caballos de la RMCR en el \u00faltimo CDN*** del calendario de la RFHE.","datePublished":"2016-12-07T11:47:11+00:00","mainEntityOfPage":{"@id":"https:\/\/www.rmcr.org\/en\/2016\/12\/07\/diez-caballos-de-la-rmcr-en-el-ultimo-cdn-del-calendario-de-la-rfhe\/"},"wordCount":217,"publisher":{"@id":"https:\/\/www.rmcr.org\/en\/#organization"},"image":{"@id":"https:\/\/www.rmcr.org\/en\/2016\/12\/07\/diez-caballos-de-la-rmcr-en-el-ultimo-cdn-del-calendario-de-la-rfhe\/#primaryimage"},"thumbnailUrl":"https:\/\/www.rmcr.org\/wp-content\/uploads\/2016\/12\/los-albardones1-dic2016.jpg","keywords":["Alumnos","Centro de Formaci\u00f3n","Competici\u00f3n","Ense\u00f1anza","Pr\u00e1cticas","Preparaci\u00f3n f\u00edsica","Profesores"],"articleSection":["Actividades Deportivas","Concursos","Cursos de Formaci\u00f3n","Jinete Profesor","Sin categor\u00eda Equitaci\u00f3n"],"inLanguage":"en-US"},{"@type":"WebPage","@id":"https:\/\/www.rmcr.org\/en\/2016\/12\/07\/diez-caballos-de-la-rmcr-en-el-ultimo-cdn-del-calendario-de-la-rfhe\/","url":"https:\/\/www.rmcr.org\/en\/2016\/12\/07\/diez-caballos-de-la-rmcr-en-el-ultimo-cdn-del-calendario-de-la-rfhe\/","name":"Diez caballos de la RMCR en el \u00faltimo CDN*** del calendario de la RFHE. - Real Maestranza de Caballer\u00eda de Ronda","isPartOf":{"@id":"https:\/\/www.rmcr.org\/en\/#website"},"primaryImageOfPage":{"@id":"https:\/\/www.rmcr.org\/en\/2016\/12\/07\/diez-caballos-de-la-rmcr-en-el-ultimo-cdn-del-calendario-de-la-rfhe\/#primaryimage"},"image":{"@id":"https:\/\/www.rmcr.org\/en\/2016\/12\/07\/diez-caballos-de-la-rmcr-en-el-ultimo-cdn-del-calendario-de-la-rfhe\/#primaryimage"},"thumbnailUrl":"https:\/\/www.rmcr.org\/wp-content\/uploads\/2016\/12\/los-albardones1-dic2016.jpg","datePublished":"2016-12-07T11:47:11+00:00","breadcrumb":{"@id":"https:\/\/www.rmcr.org\/en\/2016\/12\/07\/diez-caballos-de-la-rmcr-en-el-ultimo-cdn-del-calendario-de-la-rfhe\/#breadcrumb"},"inLanguage":"en-US","potentialAction":[{"@type":"ReadAction","target":["https:\/\/www.rmcr.org\/en\/2016\/12\/07\/diez-caballos-de-la-rmcr-en-el-ultimo-cdn-del-calendario-de-la-rfhe\/"]}]},{"@type":"ImageObject","inLanguage":"en-US","@id":"https:\/\/www.rmcr.org\/en\/2016\/12\/07\/diez-caballos-de-la-rmcr-en-el-ultimo-cdn-del-calendario-de-la-rfhe\/#primaryimage","url":"https:\/\/www.rmcr.org\/wp-content\/uploads\/2016\/12\/los-albardones1-dic2016.jpg","contentUrl":"https:\/\/www.rmcr.org\/wp-content\/uploads\/2016\/12\/los-albardones1-dic2016.jpg","width":720,"height":540},{"@type":"BreadcrumbList","@id":"https:\/\/www.rmcr.org\/en\/2016\/12\/07\/diez-caballos-de-la-rmcr-en-el-ultimo-cdn-del-calendario-de-la-rfhe\/#breadcrumb","itemListElement":[{"@type":"ListItem","position":1,"name":"REAL MAESTRANZA DE CABALLER\u00cdA DE RONDA","item":"https:\/\/www.rmcr.org\/en\/"},{"@type":"ListItem","position":2,"name":"Diez caballos de la RMCR en el \u00faltimo CDN*** del calendario de la RFHE."}]},{"@type":"WebSite","@id":"https:\/\/www.rmcr.org\/en\/#website","url":"https:\/\/www.rmcr.org\/en\/","name":"Real Maestranza de Caballer\u00eda de Ronda","description":"Real Maestranza de Caballer\u00eda de Ronda","publisher":{"@id":"https:\/\/www.rmcr.org\/en\/#organization"},"alternateName":"RMCR","potentialAction":[{"@type":"SearchAction","target":{"@type":"EntryPoint","urlTemplate":"https:\/\/www.rmcr.org\/en\/?s={search_term_string}"},"query-input":{"@type":"PropertyValueSpecification","valueRequired":true,"valueName":"search_term_string"}}],"inLanguage":"en-US"},{"@type":"Organization","@id":"https:\/\/www.rmcr.org\/en\/#organization","name":"Real Maestranza de Caballer\u00eda de Ronda","alternateName":"RMR","url":"https:\/\/www.rmcr.org\/en\/","logo":{"@type":"ImageObject","inLanguage":"en-US","@id":"https:\/\/www.rmcr.org\/en\/#\/schema\/logo\/image\/","url":"https:\/\/www.rmcr.org\/wp-content\/uploads\/2022\/07\/logo-rmr-blue.svg","contentUrl":"https:\/\/www.rmcr.org\/wp-content\/uploads\/2022\/07\/logo-rmr-blue.svg","width":131,"height":129,"caption":"Real Maestranza de Caballer\u00eda de Ronda"},"image":{"@id":"https:\/\/www.rmcr.org\/en\/#\/schema\/logo\/image\/"},"sameAs":["https:\/\/www.facebook.com\/plazadetorosronda","https:\/\/x.com\/PlazatorosRMR","https:\/\/www.instagram.com\/realmaestranzaderonda\/","https:\/\/www.youtube.com\/channel\/UCrbO5IUN-8v_QML739vM4zg\/videos"]},{"@type":"Person","@id":"https:\/\/www.rmcr.org\/en\/#\/schema\/person\/7ddd0dafda7edd0e407157f93a56df4f","name":"RMCR","image":{"@type":"ImageObject","inLanguage":"en-US","@id":"https:\/\/secure.gravatar.com\/avatar\/adb75798b50800c24baa6a8706037b9469998c49eddeb95935f50f633cff80bb?s=96&d=mm&r=g","url":"https:\/\/secure.gravatar.com\/avatar\/adb75798b50800c24baa6a8706037b9469998c49eddeb95935f50f633cff80bb?s=96&d=mm&r=g","contentUrl":"https:\/\/secure.gravatar.com\/avatar\/adb75798b50800c24baa6a8706037b9469998c49eddeb95935f50f633cff80bb?s=96&d=mm&r=g","caption":"RMCR"},"url":"https:\/\/www.rmcr.org\/en\/author\/bitniks77\/"}]}},"_links":{"self":[{"href":"https:\/\/www.rmcr.org\/en\/wp-json\/wp\/v2\/posts\/5905","targetHints":{"allow":["GET"]}}],"collection":[{"href":"https:\/\/www.rmcr.org\/en\/wp-json\/wp\/v2\/posts"}],"about":[{"href":"https:\/\/www.rmcr.org\/en\/wp-json\/wp\/v2\/types\/post"}],"author":[{"embeddable":true,"href":"https:\/\/www.rmcr.org\/en\/wp-json\/wp\/v2\/users\/7"}],"replies":[{"embeddable":true,"href":"https:\/\/www.rmcr.org\/en\/wp-json\/wp\/v2\/comments?post=5905"}],"version-history":[{"count":0,"href":"https:\/\/www.rmcr.org\/en\/wp-json\/wp\/v2\/posts\/5905\/revisions"}],"wp:featuredmedia":[{"embeddable":true,"href":"https:\/\/www.rmcr.org\/en\/wp-json\/wp\/v2\/media\/6037"}],"wp:attachment":[{"href":"https:\/\/www.rmcr.org\/en\/wp-json\/wp\/v2\/media?parent=5905"}],"wp:term":[{"taxonomy":"category","embeddable":true,"href":"https:\/\/www.rmcr.org\/en\/wp-json\/wp\/v2\/categories?post=5905"},{"taxonomy":"post_tag","embeddable":true,"href":"https:\/\/www.rmcr.org\/en\/wp-json\/wp\/v2\/tags?post=5905"}],"curies":[{"name":"wp","href":"https:\/\/api.w.org\/{rel}","templated":true}]}}