{"id":5898,"date":"2016-07-21T19:18:07","date_gmt":"2016-07-21T19:18:07","guid":{"rendered":"https:\/\/www.rmcr.org\/?p=5898"},"modified":"2016-07-21T19:18:07","modified_gmt":"2016-07-21T19:18:07","slug":"severo-jurado-y-lorenzo-representaran-a-espana-en-los-jjoo-de-rio-de-janeiro","status":"publish","type":"post","link":"https:\/\/www.rmcr.org\/en\/2016\/07\/21\/severo-jurado-y-lorenzo-representaran-a-espana-en-los-jjoo-de-rio-de-janeiro\/","title":{"rendered":"Severo Jurado y Lorenzo representar\u00e1n a Espa\u00f1a en los JJ.OO. de R\u00edo de Janeiro"},"content":{"rendered":"<p><img fetchpriority=\"high\" decoding=\"async\" class=\"size-full wp-image-783 aligncenter\" src=\"https:\/\/www.rmcr.org\/wp-content\/uploads\/2016\/07\/equitacion.png\" alt=\"equitacion\" width=\"475\" height=\"318\" \/><\/p>\n<p style=\"text-align:justify;\">Tres a\u00f1os han pasado desde que Severo se afinc\u00f3 en las cuadras de Holanda, tres a\u00f1os estuvo form\u00e1ndose en nuestra Escuela de Equitaci\u00f3n, y tres son los metales que componen el medallero de R\u00edo. Al finalizar en Ronda \u00e9l lo ten\u00eda claro, y en su af\u00e1n de superaci\u00f3n no busc\u00f3 un medio de vida conformista y c\u00f3modo. Lejos de su familia de Alg\u00e1mitas y durmiendo muchas veces en una cuadra, quer\u00eda estar con los mejores jinetes y entrenadores del momento, y separar lo bueno de lo malo que pudiera aprender, observar y asimilar. Era un camino que ten\u00eda claro, y un sentimiento con los caballos que no le hac\u00edan un d\u00eda a d\u00eda c\u00f3modo, pero con un objetivo final bien definido, alcanzable y medible: representar a Espa\u00f1a en unos JJ.OO.<\/p>\n<p><img decoding=\"async\" class=\"size-full wp-image-784 aligncenter\" src=\"https:\/\/www.rmcr.org\/wp-content\/uploads\/2016\/07\/equitacion_02.png\" alt=\"equitacion_02\" width=\"474\" height=\"291\" \/><\/p>\n<p style=\"text-align:justify;\">Sin lugar a dudas, en el largo t\u00fanel del camino se habr\u00e1n quedado muchos sinsabores, decisiones dif\u00edciles para con sus seres m\u00e1s queridos, priorizar sus gastos hacia la formaci\u00f3n y sus caballos, sacrificar vacaciones&#8230;, pero pasados unos a\u00f1os, la luz del final del t\u00fanel ahora es clara y est\u00e1 despejada: seleccionado como jinete indiscutible para representar a Espa\u00f1a en el equipo de Doma Cl\u00e1sica en los JJ.OO. de R\u00edo de Janeiro 2016.<\/p>\n<p><img decoding=\"async\" class=\"size-full wp-image-782 aligncenter\" src=\"https:\/\/www.rmcr.org\/wp-content\/uploads\/2016\/07\/equitacion_03.png\" alt=\"equitacion_03\" width=\"571\" height=\"415\" \/><\/p>\n<p style=\"text-align:justify;\">Todos los jinetes tienen claro y asumido que, por cada alegr\u00eda que dan los caballos, tienen que pasar por muchos sacrificios y a veces momentos amargos. Severo no es una excepci\u00f3n, pero ya ha saboreado muchas de las primeras sensaciones: hace un a\u00f1o gan\u00f3 el Campeonato del Mundo de CC.JJ. de seis a\u00f1os. Dentro de unos d\u00edas presentar\u00e1 en la edici\u00f3n de 2016, en Holanda, seis caballos j\u00f3venes.<\/p>\n<p style=\"text-align:justify;\">Desde estas p\u00e1ginas le deseamos el mayor de los \u00e9xitos en estas dos competiciones que, sin lugar a dudas, marcan un antes y un despu\u00e9s en la vida de un jinete.<\/p>\n","protected":false},"excerpt":{"rendered":"<p>Tres a\u00f1os han pasado desde que Severo se afinc\u00f3 en las cuadras de Holanda, tres a\u00f1os estuvo form\u00e1ndose en nuestra Escuela de Equitaci\u00f3n, y tres son los metales que componen el medallero de R\u00edo. Al finalizar en Ronda \u00e9l lo ten\u00eda claro, y en su af\u00e1n de superaci\u00f3n no busc\u00f3 un medio de vida conformista [&hellip;]<\/p>\n","protected":false},"author":7,"featured_media":6024,"comment_status":"closed","ping_status":"open","sticky":false,"template":"","format":"standard","meta":{"footnotes":""},"categories":[76],"tags":[66,80],"class_list":["post-5898","post","type-post","status-publish","format-standard","has-post-thumbnail","hentry","category-concursos","tag-competicion","tag-juegos-olimpicos"],"yoast_head":"<!-- This site is optimized with the Yoast SEO plugin v27.5 - https:\/\/yoast.com\/product\/yoast-seo-wordpress\/ -->\n<title>Severo Jurado y Lorenzo representar\u00e1n a Espa\u00f1a en los JJ.OO. de R\u00edo de Janeiro - Real Maestranza de Caballer\u00eda de Ronda<\/title>\n<meta name=\"robots\" content=\"index, follow, max-snippet:-1, max-image-preview:large, max-video-preview:-1\" \/>\n<link rel=\"canonical\" href=\"https:\/\/www.rmcr.org\/en\/2016\/07\/21\/severo-jurado-y-lorenzo-representaran-a-espana-en-los-jjoo-de-rio-de-janeiro\/\" \/>\n<meta property=\"og:locale\" content=\"en_US\" \/>\n<meta property=\"og:type\" content=\"article\" \/>\n<meta property=\"og:title\" content=\"Severo Jurado y Lorenzo representar\u00e1n a Espa\u00f1a en los JJ.OO. de R\u00edo de Janeiro - Real Maestranza de Caballer\u00eda de Ronda\" \/>\n<meta property=\"og:description\" content=\"Tres a\u00f1os han pasado desde que Severo se afinc\u00f3 en las cuadras de Holanda, tres a\u00f1os estuvo form\u00e1ndose en nuestra Escuela de Equitaci\u00f3n, y tres son los metales que componen el medallero de R\u00edo. Al finalizar en Ronda \u00e9l lo ten\u00eda claro, y en su af\u00e1n de superaci\u00f3n no busc\u00f3 un medio de vida conformista [&hellip;]\" \/>\n<meta property=\"og:url\" content=\"https:\/\/www.rmcr.org\/en\/2016\/07\/21\/severo-jurado-y-lorenzo-representaran-a-espana-en-los-jjoo-de-rio-de-janeiro\/\" \/>\n<meta property=\"og:site_name\" content=\"Real Maestranza de Caballer\u00eda de Ronda\" \/>\n<meta property=\"article:publisher\" content=\"https:\/\/www.facebook.com\/plazadetorosronda\" \/>\n<meta property=\"article:published_time\" content=\"2016-07-21T19:18:07+00:00\" \/>\n<meta property=\"og:image\" content=\"https:\/\/www.rmcr.org\/wp-content\/uploads\/2016\/07\/equitacion-e1470305397538.png\" \/>\n\t<meta property=\"og:image:width\" content=\"475\" \/>\n\t<meta property=\"og:image:height\" content=\"143\" \/>\n\t<meta property=\"og:image:type\" content=\"image\/png\" \/>\n<meta name=\"author\" content=\"RMCR\" \/>\n<meta name=\"twitter:card\" content=\"summary_large_image\" \/>\n<meta name=\"twitter:creator\" content=\"@PlazatorosRMR\" \/>\n<meta name=\"twitter:site\" content=\"@PlazatorosRMR\" \/>\n<meta name=\"twitter:label1\" content=\"Written by\" \/>\n\t<meta name=\"twitter:data1\" content=\"RMCR\" \/>\n\t<meta name=\"twitter:label2\" content=\"Est. reading time\" \/>\n\t<meta name=\"twitter:data2\" content=\"2 minutes\" \/>\n<script type=\"application\/ld+json\" class=\"yoast-schema-graph\">{\"@context\":\"https:\\\/\\\/schema.org\",\"@graph\":[{\"@type\":\"Article\",\"@id\":\"https:\\\/\\\/www.rmcr.org\\\/en\\\/2016\\\/07\\\/21\\\/severo-jurado-y-lorenzo-representaran-a-espana-en-los-jjoo-de-rio-de-janeiro\\\/#article\",\"isPartOf\":{\"@id\":\"https:\\\/\\\/www.rmcr.org\\\/en\\\/2016\\\/07\\\/21\\\/severo-jurado-y-lorenzo-representaran-a-espana-en-los-jjoo-de-rio-de-janeiro\\\/\"},\"author\":{\"name\":\"RMCR\",\"@id\":\"https:\\\/\\\/www.rmcr.org\\\/en\\\/#\\\/schema\\\/person\\\/7ddd0dafda7edd0e407157f93a56df4f\"},\"headline\":\"Severo Jurado y Lorenzo representar\u00e1n a Espa\u00f1a en los JJ.OO. de R\u00edo de Janeiro\",\"datePublished\":\"2016-07-21T19:18:07+00:00\",\"mainEntityOfPage\":{\"@id\":\"https:\\\/\\\/www.rmcr.org\\\/en\\\/2016\\\/07\\\/21\\\/severo-jurado-y-lorenzo-representaran-a-espana-en-los-jjoo-de-rio-de-janeiro\\\/\"},\"wordCount\":356,\"publisher\":{\"@id\":\"https:\\\/\\\/www.rmcr.org\\\/en\\\/#organization\"},\"image\":{\"@id\":\"https:\\\/\\\/www.rmcr.org\\\/en\\\/2016\\\/07\\\/21\\\/severo-jurado-y-lorenzo-representaran-a-espana-en-los-jjoo-de-rio-de-janeiro\\\/#primaryimage\"},\"thumbnailUrl\":\"https:\\\/\\\/www.rmcr.org\\\/wp-content\\\/uploads\\\/2016\\\/07\\\/equitacion-e1470305397538.png\",\"keywords\":[\"Competici\u00f3n\",\"Juegos Ol\u00edmpicos\"],\"articleSection\":[\"Concursos\"],\"inLanguage\":\"en-US\"},{\"@type\":\"WebPage\",\"@id\":\"https:\\\/\\\/www.rmcr.org\\\/en\\\/2016\\\/07\\\/21\\\/severo-jurado-y-lorenzo-representaran-a-espana-en-los-jjoo-de-rio-de-janeiro\\\/\",\"url\":\"https:\\\/\\\/www.rmcr.org\\\/en\\\/2016\\\/07\\\/21\\\/severo-jurado-y-lorenzo-representaran-a-espana-en-los-jjoo-de-rio-de-janeiro\\\/\",\"name\":\"Severo Jurado y Lorenzo representar\u00e1n a Espa\u00f1a en los JJ.OO. de R\u00edo de Janeiro - Real Maestranza de Caballer\u00eda de Ronda\",\"isPartOf\":{\"@id\":\"https:\\\/\\\/www.rmcr.org\\\/en\\\/#website\"},\"primaryImageOfPage\":{\"@id\":\"https:\\\/\\\/www.rmcr.org\\\/en\\\/2016\\\/07\\\/21\\\/severo-jurado-y-lorenzo-representaran-a-espana-en-los-jjoo-de-rio-de-janeiro\\\/#primaryimage\"},\"image\":{\"@id\":\"https:\\\/\\\/www.rmcr.org\\\/en\\\/2016\\\/07\\\/21\\\/severo-jurado-y-lorenzo-representaran-a-espana-en-los-jjoo-de-rio-de-janeiro\\\/#primaryimage\"},\"thumbnailUrl\":\"https:\\\/\\\/www.rmcr.org\\\/wp-content\\\/uploads\\\/2016\\\/07\\\/equitacion-e1470305397538.png\",\"datePublished\":\"2016-07-21T19:18:07+00:00\",\"breadcrumb\":{\"@id\":\"https:\\\/\\\/www.rmcr.org\\\/en\\\/2016\\\/07\\\/21\\\/severo-jurado-y-lorenzo-representaran-a-espana-en-los-jjoo-de-rio-de-janeiro\\\/#breadcrumb\"},\"inLanguage\":\"en-US\",\"potentialAction\":[{\"@type\":\"ReadAction\",\"target\":[\"https:\\\/\\\/www.rmcr.org\\\/en\\\/2016\\\/07\\\/21\\\/severo-jurado-y-lorenzo-representaran-a-espana-en-los-jjoo-de-rio-de-janeiro\\\/\"]}]},{\"@type\":\"ImageObject\",\"inLanguage\":\"en-US\",\"@id\":\"https:\\\/\\\/www.rmcr.org\\\/en\\\/2016\\\/07\\\/21\\\/severo-jurado-y-lorenzo-representaran-a-espana-en-los-jjoo-de-rio-de-janeiro\\\/#primaryimage\",\"url\":\"https:\\\/\\\/www.rmcr.org\\\/wp-content\\\/uploads\\\/2016\\\/07\\\/equitacion-e1470305397538.png\",\"contentUrl\":\"https:\\\/\\\/www.rmcr.org\\\/wp-content\\\/uploads\\\/2016\\\/07\\\/equitacion-e1470305397538.png\",\"width\":475,\"height\":143},{\"@type\":\"BreadcrumbList\",\"@id\":\"https:\\\/\\\/www.rmcr.org\\\/en\\\/2016\\\/07\\\/21\\\/severo-jurado-y-lorenzo-representaran-a-espana-en-los-jjoo-de-rio-de-janeiro\\\/#breadcrumb\",\"itemListElement\":[{\"@type\":\"ListItem\",\"position\":1,\"name\":\"REAL MAESTRANZA DE CABALLER\u00cdA DE RONDA\",\"item\":\"https:\\\/\\\/www.rmcr.org\\\/en\\\/\"},{\"@type\":\"ListItem\",\"position\":2,\"name\":\"Severo Jurado y Lorenzo representar\u00e1n a Espa\u00f1a en los JJ.OO. de R\u00edo de Janeiro\"}]},{\"@type\":\"WebSite\",\"@id\":\"https:\\\/\\\/www.rmcr.org\\\/en\\\/#website\",\"url\":\"https:\\\/\\\/www.rmcr.org\\\/en\\\/\",\"name\":\"Real Maestranza de Caballer\u00eda de Ronda\",\"description\":\"Real Maestranza de Caballer\u00eda de Ronda\",\"publisher\":{\"@id\":\"https:\\\/\\\/www.rmcr.org\\\/en\\\/#organization\"},\"alternateName\":\"RMCR\",\"potentialAction\":[{\"@type\":\"SearchAction\",\"target\":{\"@type\":\"EntryPoint\",\"urlTemplate\":\"https:\\\/\\\/www.rmcr.org\\\/en\\\/?s={search_term_string}\"},\"query-input\":{\"@type\":\"PropertyValueSpecification\",\"valueRequired\":true,\"valueName\":\"search_term_string\"}}],\"inLanguage\":\"en-US\"},{\"@type\":\"Organization\",\"@id\":\"https:\\\/\\\/www.rmcr.org\\\/en\\\/#organization\",\"name\":\"Real Maestranza de Caballer\u00eda de Ronda\",\"alternateName\":\"RMR\",\"url\":\"https:\\\/\\\/www.rmcr.org\\\/en\\\/\",\"logo\":{\"@type\":\"ImageObject\",\"inLanguage\":\"en-US\",\"@id\":\"https:\\\/\\\/www.rmcr.org\\\/en\\\/#\\\/schema\\\/logo\\\/image\\\/\",\"url\":\"https:\\\/\\\/www.rmcr.org\\\/wp-content\\\/uploads\\\/2022\\\/07\\\/logo-rmr-blue.svg\",\"contentUrl\":\"https:\\\/\\\/www.rmcr.org\\\/wp-content\\\/uploads\\\/2022\\\/07\\\/logo-rmr-blue.svg\",\"width\":131,\"height\":129,\"caption\":\"Real Maestranza de Caballer\u00eda de Ronda\"},\"image\":{\"@id\":\"https:\\\/\\\/www.rmcr.org\\\/en\\\/#\\\/schema\\\/logo\\\/image\\\/\"},\"sameAs\":[\"https:\\\/\\\/www.facebook.com\\\/plazadetorosronda\",\"https:\\\/\\\/x.com\\\/PlazatorosRMR\",\"https:\\\/\\\/www.instagram.com\\\/realmaestranzaderonda\\\/\",\"https:\\\/\\\/www.youtube.com\\\/channel\\\/UCrbO5IUN-8v_QML739vM4zg\\\/videos\"]},{\"@type\":\"Person\",\"@id\":\"https:\\\/\\\/www.rmcr.org\\\/en\\\/#\\\/schema\\\/person\\\/7ddd0dafda7edd0e407157f93a56df4f\",\"name\":\"RMCR\",\"image\":{\"@type\":\"ImageObject\",\"inLanguage\":\"en-US\",\"@id\":\"https:\\\/\\\/secure.gravatar.com\\\/avatar\\\/adb75798b50800c24baa6a8706037b9469998c49eddeb95935f50f633cff80bb?s=96&d=mm&r=g\",\"url\":\"https:\\\/\\\/secure.gravatar.com\\\/avatar\\\/adb75798b50800c24baa6a8706037b9469998c49eddeb95935f50f633cff80bb?s=96&d=mm&r=g\",\"contentUrl\":\"https:\\\/\\\/secure.gravatar.com\\\/avatar\\\/adb75798b50800c24baa6a8706037b9469998c49eddeb95935f50f633cff80bb?s=96&d=mm&r=g\",\"caption\":\"RMCR\"},\"url\":\"https:\\\/\\\/www.rmcr.org\\\/en\\\/author\\\/bitniks77\\\/\"}]}<\/script>\n<!-- \/ Yoast SEO plugin. -->","yoast_head_json":{"title":"Severo Jurado y Lorenzo representar\u00e1n a Espa\u00f1a en los JJ.OO. de R\u00edo de Janeiro - Real Maestranza de Caballer\u00eda de Ronda","robots":{"index":"index","follow":"follow","max-snippet":"max-snippet:-1","max-image-preview":"max-image-preview:large","max-video-preview":"max-video-preview:-1"},"canonical":"https:\/\/www.rmcr.org\/en\/2016\/07\/21\/severo-jurado-y-lorenzo-representaran-a-espana-en-los-jjoo-de-rio-de-janeiro\/","og_locale":"en_US","og_type":"article","og_title":"Severo Jurado y Lorenzo representar\u00e1n a Espa\u00f1a en los JJ.OO. de R\u00edo de Janeiro - Real Maestranza de Caballer\u00eda de Ronda","og_description":"Tres a\u00f1os han pasado desde que Severo se afinc\u00f3 en las cuadras de Holanda, tres a\u00f1os estuvo form\u00e1ndose en nuestra Escuela de Equitaci\u00f3n, y tres son los metales que componen el medallero de R\u00edo. Al finalizar en Ronda \u00e9l lo ten\u00eda claro, y en su af\u00e1n de superaci\u00f3n no busc\u00f3 un medio de vida conformista [&hellip;]","og_url":"https:\/\/www.rmcr.org\/en\/2016\/07\/21\/severo-jurado-y-lorenzo-representaran-a-espana-en-los-jjoo-de-rio-de-janeiro\/","og_site_name":"Real Maestranza de Caballer\u00eda de Ronda","article_publisher":"https:\/\/www.facebook.com\/plazadetorosronda","article_published_time":"2016-07-21T19:18:07+00:00","og_image":[{"width":475,"height":143,"url":"https:\/\/www.rmcr.org\/wp-content\/uploads\/2016\/07\/equitacion-e1470305397538.png","type":"image\/png"}],"author":"RMCR","twitter_card":"summary_large_image","twitter_creator":"@PlazatorosRMR","twitter_site":"@PlazatorosRMR","twitter_misc":{"Written by":"RMCR","Est. reading time":"2 minutes"},"schema":{"@context":"https:\/\/schema.org","@graph":[{"@type":"Article","@id":"https:\/\/www.rmcr.org\/en\/2016\/07\/21\/severo-jurado-y-lorenzo-representaran-a-espana-en-los-jjoo-de-rio-de-janeiro\/#article","isPartOf":{"@id":"https:\/\/www.rmcr.org\/en\/2016\/07\/21\/severo-jurado-y-lorenzo-representaran-a-espana-en-los-jjoo-de-rio-de-janeiro\/"},"author":{"name":"RMCR","@id":"https:\/\/www.rmcr.org\/en\/#\/schema\/person\/7ddd0dafda7edd0e407157f93a56df4f"},"headline":"Severo Jurado y Lorenzo representar\u00e1n a Espa\u00f1a en los JJ.OO. de R\u00edo de Janeiro","datePublished":"2016-07-21T19:18:07+00:00","mainEntityOfPage":{"@id":"https:\/\/www.rmcr.org\/en\/2016\/07\/21\/severo-jurado-y-lorenzo-representaran-a-espana-en-los-jjoo-de-rio-de-janeiro\/"},"wordCount":356,"publisher":{"@id":"https:\/\/www.rmcr.org\/en\/#organization"},"image":{"@id":"https:\/\/www.rmcr.org\/en\/2016\/07\/21\/severo-jurado-y-lorenzo-representaran-a-espana-en-los-jjoo-de-rio-de-janeiro\/#primaryimage"},"thumbnailUrl":"https:\/\/www.rmcr.org\/wp-content\/uploads\/2016\/07\/equitacion-e1470305397538.png","keywords":["Competici\u00f3n","Juegos Ol\u00edmpicos"],"articleSection":["Concursos"],"inLanguage":"en-US"},{"@type":"WebPage","@id":"https:\/\/www.rmcr.org\/en\/2016\/07\/21\/severo-jurado-y-lorenzo-representaran-a-espana-en-los-jjoo-de-rio-de-janeiro\/","url":"https:\/\/www.rmcr.org\/en\/2016\/07\/21\/severo-jurado-y-lorenzo-representaran-a-espana-en-los-jjoo-de-rio-de-janeiro\/","name":"Severo Jurado y Lorenzo representar\u00e1n a Espa\u00f1a en los JJ.OO. de R\u00edo de Janeiro - Real Maestranza de Caballer\u00eda de Ronda","isPartOf":{"@id":"https:\/\/www.rmcr.org\/en\/#website"},"primaryImageOfPage":{"@id":"https:\/\/www.rmcr.org\/en\/2016\/07\/21\/severo-jurado-y-lorenzo-representaran-a-espana-en-los-jjoo-de-rio-de-janeiro\/#primaryimage"},"image":{"@id":"https:\/\/www.rmcr.org\/en\/2016\/07\/21\/severo-jurado-y-lorenzo-representaran-a-espana-en-los-jjoo-de-rio-de-janeiro\/#primaryimage"},"thumbnailUrl":"https:\/\/www.rmcr.org\/wp-content\/uploads\/2016\/07\/equitacion-e1470305397538.png","datePublished":"2016-07-21T19:18:07+00:00","breadcrumb":{"@id":"https:\/\/www.rmcr.org\/en\/2016\/07\/21\/severo-jurado-y-lorenzo-representaran-a-espana-en-los-jjoo-de-rio-de-janeiro\/#breadcrumb"},"inLanguage":"en-US","potentialAction":[{"@type":"ReadAction","target":["https:\/\/www.rmcr.org\/en\/2016\/07\/21\/severo-jurado-y-lorenzo-representaran-a-espana-en-los-jjoo-de-rio-de-janeiro\/"]}]},{"@type":"ImageObject","inLanguage":"en-US","@id":"https:\/\/www.rmcr.org\/en\/2016\/07\/21\/severo-jurado-y-lorenzo-representaran-a-espana-en-los-jjoo-de-rio-de-janeiro\/#primaryimage","url":"https:\/\/www.rmcr.org\/wp-content\/uploads\/2016\/07\/equitacion-e1470305397538.png","contentUrl":"https:\/\/www.rmcr.org\/wp-content\/uploads\/2016\/07\/equitacion-e1470305397538.png","width":475,"height":143},{"@type":"BreadcrumbList","@id":"https:\/\/www.rmcr.org\/en\/2016\/07\/21\/severo-jurado-y-lorenzo-representaran-a-espana-en-los-jjoo-de-rio-de-janeiro\/#breadcrumb","itemListElement":[{"@type":"ListItem","position":1,"name":"REAL MAESTRANZA DE CABALLER\u00cdA DE RONDA","item":"https:\/\/www.rmcr.org\/en\/"},{"@type":"ListItem","position":2,"name":"Severo Jurado y Lorenzo representar\u00e1n a Espa\u00f1a en los JJ.OO. de R\u00edo de Janeiro"}]},{"@type":"WebSite","@id":"https:\/\/www.rmcr.org\/en\/#website","url":"https:\/\/www.rmcr.org\/en\/","name":"Real Maestranza de Caballer\u00eda de Ronda","description":"Real Maestranza de Caballer\u00eda de Ronda","publisher":{"@id":"https:\/\/www.rmcr.org\/en\/#organization"},"alternateName":"RMCR","potentialAction":[{"@type":"SearchAction","target":{"@type":"EntryPoint","urlTemplate":"https:\/\/www.rmcr.org\/en\/?s={search_term_string}"},"query-input":{"@type":"PropertyValueSpecification","valueRequired":true,"valueName":"search_term_string"}}],"inLanguage":"en-US"},{"@type":"Organization","@id":"https:\/\/www.rmcr.org\/en\/#organization","name":"Real Maestranza de Caballer\u00eda de Ronda","alternateName":"RMR","url":"https:\/\/www.rmcr.org\/en\/","logo":{"@type":"ImageObject","inLanguage":"en-US","@id":"https:\/\/www.rmcr.org\/en\/#\/schema\/logo\/image\/","url":"https:\/\/www.rmcr.org\/wp-content\/uploads\/2022\/07\/logo-rmr-blue.svg","contentUrl":"https:\/\/www.rmcr.org\/wp-content\/uploads\/2022\/07\/logo-rmr-blue.svg","width":131,"height":129,"caption":"Real Maestranza de Caballer\u00eda de Ronda"},"image":{"@id":"https:\/\/www.rmcr.org\/en\/#\/schema\/logo\/image\/"},"sameAs":["https:\/\/www.facebook.com\/plazadetorosronda","https:\/\/x.com\/PlazatorosRMR","https:\/\/www.instagram.com\/realmaestranzaderonda\/","https:\/\/www.youtube.com\/channel\/UCrbO5IUN-8v_QML739vM4zg\/videos"]},{"@type":"Person","@id":"https:\/\/www.rmcr.org\/en\/#\/schema\/person\/7ddd0dafda7edd0e407157f93a56df4f","name":"RMCR","image":{"@type":"ImageObject","inLanguage":"en-US","@id":"https:\/\/secure.gravatar.com\/avatar\/adb75798b50800c24baa6a8706037b9469998c49eddeb95935f50f633cff80bb?s=96&d=mm&r=g","url":"https:\/\/secure.gravatar.com\/avatar\/adb75798b50800c24baa6a8706037b9469998c49eddeb95935f50f633cff80bb?s=96&d=mm&r=g","contentUrl":"https:\/\/secure.gravatar.com\/avatar\/adb75798b50800c24baa6a8706037b9469998c49eddeb95935f50f633cff80bb?s=96&d=mm&r=g","caption":"RMCR"},"url":"https:\/\/www.rmcr.org\/en\/author\/bitniks77\/"}]}},"_links":{"self":[{"href":"https:\/\/www.rmcr.org\/en\/wp-json\/wp\/v2\/posts\/5898","targetHints":{"allow":["GET"]}}],"collection":[{"href":"https:\/\/www.rmcr.org\/en\/wp-json\/wp\/v2\/posts"}],"about":[{"href":"https:\/\/www.rmcr.org\/en\/wp-json\/wp\/v2\/types\/post"}],"author":[{"embeddable":true,"href":"https:\/\/www.rmcr.org\/en\/wp-json\/wp\/v2\/users\/7"}],"replies":[{"embeddable":true,"href":"https:\/\/www.rmcr.org\/en\/wp-json\/wp\/v2\/comments?post=5898"}],"version-history":[{"count":0,"href":"https:\/\/www.rmcr.org\/en\/wp-json\/wp\/v2\/posts\/5898\/revisions"}],"wp:featuredmedia":[{"embeddable":true,"href":"https:\/\/www.rmcr.org\/en\/wp-json\/wp\/v2\/media\/6024"}],"wp:attachment":[{"href":"https:\/\/www.rmcr.org\/en\/wp-json\/wp\/v2\/media?parent=5898"}],"wp:term":[{"taxonomy":"category","embeddable":true,"href":"https:\/\/www.rmcr.org\/en\/wp-json\/wp\/v2\/categories?post=5898"},{"taxonomy":"post_tag","embeddable":true,"href":"https:\/\/www.rmcr.org\/en\/wp-json\/wp\/v2\/tags?post=5898"}],"curies":[{"name":"wp","href":"https:\/\/api.w.org\/{rel}","templated":true}]}}