{"id":5890,"date":"2016-05-27T08:15:49","date_gmt":"2016-05-27T08:15:49","guid":{"rendered":"https:\/\/www.rmcr.org\/?p=5890"},"modified":"2025-04-04T12:32:41","modified_gmt":"2025-04-04T12:32:41","slug":"los-alumnos-de-la-escuela-de-equitacion-llenan-la-plaza","status":"publish","type":"post","link":"https:\/\/www.rmcr.org\/en\/2016\/05\/27\/los-alumnos-de-la-escuela-de-equitacion-llenan-la-plaza\/","title":{"rendered":"Los alumnos de la Escuela de Equitaci\u00f3n llenan la Plaza"},"content":{"rendered":"<p style=\"text-align:justify;\">El s\u00e1bado 21 de mayo, dentro de la programaci\u00f3n de la Ronda Rom\u00e1ntica, la Plaza de Toros abri\u00f3 sus puertas a las 19:30 para presenciar una exhibici\u00f3n de la Escuela de Equitaci\u00f3n de la Real Maestranza. El lleno de la Plaza fue total.<\/p>\n<p style=\"text-align:justify;\">Los diferentes ejercicios ecuestres fueron realizados por alumnos de todos los cursos de la Escuela. Mientras unos estaban en el ruedo, otros se preparaban en el patio de caballos, y los \u00faltimos realizaban su calentamiento en el Picadero cubierto.<\/p>\n<p><img fetchpriority=\"high\" decoding=\"async\" class=\" wp-image-644 aligncenter\" src=\"https:\/\/www.rmcr.org\/wp-content\/uploads\/2016\/05\/1.jpg\" alt=\"1\" width=\"287\" height=\"259\"><\/p>\n<p style=\"text-align:justify;\">El albero de la plaza presenta un aspecto diferente de la fiesta taurina. En el c\u00edrculo interior del tercio de picar est\u00e1 el cuadrilongo de doma; en la parte exterior del tercio de banderillas, los obst\u00e1culos de cross indor; alrededor del centro del coso, la pista de volteo.<\/p>\n<p><img decoding=\"async\" class=\" wp-image-646 aligncenter\" src=\"https:\/\/www.rmcr.org\/wp-content\/uploads\/2016\/05\/2.jpg\" alt=\"2\" width=\"421\" height=\"281\"><\/p>\n<p style=\"text-align:justify;\">A las ocho de la tarde en punto entran al ruedo dos jinetes del Curso Jinete-Profesor sobre dos PRE de capa casta\u00f1a para realizar el primer Paso de Dos. A continuaci\u00f3n le seguir\u00e1n una segunda, tercera y cuarta pareja.<\/p>\n<p><img decoding=\"async\" class=\" wp-image-645 aligncenter\" src=\"https:\/\/www.rmcr.org\/wp-content\/uploads\/2016\/05\/3.jpg\" alt=\"3\" width=\"320\" height=\"363\"><\/p>\n<p style=\"text-align:justify;\">Los catorce alumnos m\u00e1s j\u00f3venes del curso de Ocio-Deportivo protagonizaron la segunda parte de la exhibici\u00f3n. Los distintos ejercicios de volteo fueron lo m\u00e1s aplaudido por el p\u00fablico<br \/>\n<img loading=\"lazy\" decoding=\"async\" class=\" wp-image-648 aligncenter\" src=\"https:\/\/www.rmcr.org\/wp-content\/uploads\/2016\/05\/4.jpg\" alt=\"4\" width=\"367\" height=\"262\"><\/p>\n<p style=\"text-align:justify;\">El jinete Adri\u00e1n Mart\u00edn Pascua realiz\u00f3 sobre un CDE una serie de ejercicios de cross saltando obst\u00e1culos como trakener, mesa de campo, botas de vino, guarnicioner\u00eda, almiar, esquina y burladero.<\/p>\n<p><img loading=\"lazy\" decoding=\"async\" class=\" size-full wp-image-647 aligncenter\" src=\"https:\/\/www.rmcr.org\/wp-content\/uploads\/2016\/05\/5.jpg\" alt=\"5\" width=\"432\" height=\"346\"><\/p>\n<p style=\"text-align:justify;\">La tarde se cerr\u00f3 con el carrusel de diez minutos realizado por los ocho caballos casta\u00f1os montados por el resto de alumnos de nuestra Escuela de Equitaci\u00f3n.<\/p>\n<p><img loading=\"lazy\" decoding=\"async\" class=\"alignnone size-full wp-image-650\" src=\"https:\/\/www.rmcr.org\/wp-content\/uploads\/2016\/05\/6.jpg\" alt=\"6\" width=\"690\" height=\"369\"><\/p>\n<p style=\"text-align:justify;\">Abandonamos el centenario coso y nos dirigimos a un bar de las proximidades. Contin\u00faa el mismo ambiente t\u00edpico de una feria. Se escuchan los comentarios de satisfacci\u00f3n del p\u00fablico. Pero solamente cambia un detalle: no se habla de toros si no de caballos.<\/p>\n","protected":false},"excerpt":{"rendered":"<p>El s\u00e1bado 21 de mayo, dentro de la programaci\u00f3n de la Ronda Rom\u00e1ntica, la Plaza de Toros abri\u00f3 sus puertas a las 19:30 para presenciar una exhibici\u00f3n de la Escuela de Equitaci\u00f3n de la Real Maestranza. El lleno de la Plaza fue total. Los diferentes ejercicios ecuestres fueron realizados por alumnos de todos los cursos [&hellip;]<\/p>\n","protected":false},"author":11,"featured_media":8508,"comment_status":"closed","ping_status":"open","sticky":false,"template":"","format":"standard","meta":{"footnotes":""},"categories":[56,42,52],"tags":[74,54,48,40,64,51,59,73,43,75,47,62],"class_list":["post-5890","post","type-post","status-publish","format-standard","has-post-thumbnail","hentry","category-escuela-de-equitacion","category-jinete-profesor","category-ocio-deportivo","tag-alumnos","tag-caballo-espanol","tag-centro-de-formacion","tag-ensenanza","tag-exhibicion","tag-finca-escuela-de-equitacion","tag-p-r-e","tag-practicas","tag-preparacion-fisica","tag-profesores","tag-pruebas-de-acceso","tag-pura-raza-espanola"],"yoast_head":"<!-- This site is optimized with the Yoast SEO plugin v27.5 - https:\/\/yoast.com\/product\/yoast-seo-wordpress\/ -->\n<title>Los alumnos de la Escuela de Equitaci\u00f3n llenan la Plaza - Real Maestranza de Caballer\u00eda de Ronda<\/title>\n<meta name=\"robots\" content=\"index, follow, max-snippet:-1, max-image-preview:large, max-video-preview:-1\" \/>\n<link rel=\"canonical\" href=\"https:\/\/www.rmcr.org\/en\/2016\/05\/27\/los-alumnos-de-la-escuela-de-equitacion-llenan-la-plaza\/\" \/>\n<meta property=\"og:locale\" content=\"en_US\" \/>\n<meta property=\"og:type\" content=\"article\" \/>\n<meta property=\"og:title\" content=\"Los alumnos de la Escuela de Equitaci\u00f3n llenan la Plaza - Real Maestranza de Caballer\u00eda de Ronda\" \/>\n<meta property=\"og:description\" content=\"El s\u00e1bado 21 de mayo, dentro de la programaci\u00f3n de la Ronda Rom\u00e1ntica, la Plaza de Toros abri\u00f3 sus puertas a las 19:30 para presenciar una exhibici\u00f3n de la Escuela de Equitaci\u00f3n de la Real Maestranza. El lleno de la Plaza fue total. Los diferentes ejercicios ecuestres fueron realizados por alumnos de todos los cursos [&hellip;]\" \/>\n<meta property=\"og:url\" content=\"https:\/\/www.rmcr.org\/en\/2016\/05\/27\/los-alumnos-de-la-escuela-de-equitacion-llenan-la-plaza\/\" \/>\n<meta property=\"og:site_name\" content=\"Real Maestranza de Caballer\u00eda de Ronda\" \/>\n<meta property=\"article:publisher\" content=\"https:\/\/www.facebook.com\/plazadetorosronda\" \/>\n<meta property=\"article:published_time\" content=\"2016-05-27T08:15:49+00:00\" \/>\n<meta property=\"article:modified_time\" content=\"2025-04-04T12:32:41+00:00\" \/>\n<meta property=\"og:image\" content=\"https:\/\/www.rmcr.org\/wp-content\/uploads\/2016\/05\/1.jpg\" \/>\n\t<meta property=\"og:image:width\" content=\"488\" \/>\n\t<meta property=\"og:image:height\" content=\"441\" \/>\n\t<meta property=\"og:image:type\" content=\"image\/jpeg\" \/>\n<meta name=\"author\" content=\"ESCUELA\" \/>\n<meta name=\"twitter:card\" content=\"summary_large_image\" \/>\n<meta name=\"twitter:creator\" content=\"@PlazatorosRMR\" \/>\n<meta name=\"twitter:site\" content=\"@PlazatorosRMR\" \/>\n<meta name=\"twitter:label1\" content=\"Written by\" \/>\n\t<meta name=\"twitter:data1\" content=\"ESCUELA\" \/>\n\t<meta name=\"twitter:label2\" content=\"Est. reading time\" \/>\n\t<meta name=\"twitter:data2\" content=\"2 minutes\" \/>\n<script type=\"application\/ld+json\" class=\"yoast-schema-graph\">{\"@context\":\"https:\\\/\\\/schema.org\",\"@graph\":[{\"@type\":\"Article\",\"@id\":\"https:\\\/\\\/www.rmcr.org\\\/en\\\/2016\\\/05\\\/27\\\/los-alumnos-de-la-escuela-de-equitacion-llenan-la-plaza\\\/#article\",\"isPartOf\":{\"@id\":\"https:\\\/\\\/www.rmcr.org\\\/en\\\/2016\\\/05\\\/27\\\/los-alumnos-de-la-escuela-de-equitacion-llenan-la-plaza\\\/\"},\"author\":{\"name\":\"ESCUELA\",\"@id\":\"https:\\\/\\\/www.rmcr.org\\\/en\\\/#\\\/schema\\\/person\\\/eaba3818c6c615cf6cc53c6ca58138ff\"},\"headline\":\"Los alumnos de la Escuela de Equitaci\u00f3n llenan la Plaza\",\"datePublished\":\"2016-05-27T08:15:49+00:00\",\"dateModified\":\"2025-04-04T12:32:41+00:00\",\"mainEntityOfPage\":{\"@id\":\"https:\\\/\\\/www.rmcr.org\\\/en\\\/2016\\\/05\\\/27\\\/los-alumnos-de-la-escuela-de-equitacion-llenan-la-plaza\\\/\"},\"wordCount\":331,\"publisher\":{\"@id\":\"https:\\\/\\\/www.rmcr.org\\\/en\\\/#organization\"},\"image\":{\"@id\":\"https:\\\/\\\/www.rmcr.org\\\/en\\\/2016\\\/05\\\/27\\\/los-alumnos-de-la-escuela-de-equitacion-llenan-la-plaza\\\/#primaryimage\"},\"thumbnailUrl\":\"https:\\\/\\\/www.rmcr.org\\\/wp-content\\\/uploads\\\/2016\\\/05\\\/1.jpg\",\"keywords\":[\"Alumnos\",\"Caballo espa\u00f1ol\",\"Centro de Formaci\u00f3n\",\"Ense\u00f1anza\",\"Exhibici\u00f3n\",\"Finca Escuela de Equitaci\u00f3n\",\"P.R.E.\",\"Pr\u00e1cticas\",\"Preparaci\u00f3n f\u00edsica\",\"Profesores\",\"Pruebas de Acceso\",\"Pura Raza Espa\u00f1ola\"],\"articleSection\":[\"Escuela de Equitaci\u00f3n\",\"Jinete Profesor\",\"Ocio Deportivo\"],\"inLanguage\":\"en-US\"},{\"@type\":\"WebPage\",\"@id\":\"https:\\\/\\\/www.rmcr.org\\\/en\\\/2016\\\/05\\\/27\\\/los-alumnos-de-la-escuela-de-equitacion-llenan-la-plaza\\\/\",\"url\":\"https:\\\/\\\/www.rmcr.org\\\/en\\\/2016\\\/05\\\/27\\\/los-alumnos-de-la-escuela-de-equitacion-llenan-la-plaza\\\/\",\"name\":\"Los alumnos de la Escuela de Equitaci\u00f3n llenan la Plaza - Real Maestranza de Caballer\u00eda de Ronda\",\"isPartOf\":{\"@id\":\"https:\\\/\\\/www.rmcr.org\\\/en\\\/#website\"},\"primaryImageOfPage\":{\"@id\":\"https:\\\/\\\/www.rmcr.org\\\/en\\\/2016\\\/05\\\/27\\\/los-alumnos-de-la-escuela-de-equitacion-llenan-la-plaza\\\/#primaryimage\"},\"image\":{\"@id\":\"https:\\\/\\\/www.rmcr.org\\\/en\\\/2016\\\/05\\\/27\\\/los-alumnos-de-la-escuela-de-equitacion-llenan-la-plaza\\\/#primaryimage\"},\"thumbnailUrl\":\"https:\\\/\\\/www.rmcr.org\\\/wp-content\\\/uploads\\\/2016\\\/05\\\/1.jpg\",\"datePublished\":\"2016-05-27T08:15:49+00:00\",\"dateModified\":\"2025-04-04T12:32:41+00:00\",\"breadcrumb\":{\"@id\":\"https:\\\/\\\/www.rmcr.org\\\/en\\\/2016\\\/05\\\/27\\\/los-alumnos-de-la-escuela-de-equitacion-llenan-la-plaza\\\/#breadcrumb\"},\"inLanguage\":\"en-US\",\"potentialAction\":[{\"@type\":\"ReadAction\",\"target\":[\"https:\\\/\\\/www.rmcr.org\\\/en\\\/2016\\\/05\\\/27\\\/los-alumnos-de-la-escuela-de-equitacion-llenan-la-plaza\\\/\"]}]},{\"@type\":\"ImageObject\",\"inLanguage\":\"en-US\",\"@id\":\"https:\\\/\\\/www.rmcr.org\\\/en\\\/2016\\\/05\\\/27\\\/los-alumnos-de-la-escuela-de-equitacion-llenan-la-plaza\\\/#primaryimage\",\"url\":\"https:\\\/\\\/www.rmcr.org\\\/wp-content\\\/uploads\\\/2016\\\/05\\\/1.jpg\",\"contentUrl\":\"https:\\\/\\\/www.rmcr.org\\\/wp-content\\\/uploads\\\/2016\\\/05\\\/1.jpg\",\"width\":488,\"height\":441},{\"@type\":\"BreadcrumbList\",\"@id\":\"https:\\\/\\\/www.rmcr.org\\\/en\\\/2016\\\/05\\\/27\\\/los-alumnos-de-la-escuela-de-equitacion-llenan-la-plaza\\\/#breadcrumb\",\"itemListElement\":[{\"@type\":\"ListItem\",\"position\":1,\"name\":\"REAL MAESTRANZA DE CABALLER\u00cdA DE RONDA\",\"item\":\"https:\\\/\\\/www.rmcr.org\\\/en\\\/\"},{\"@type\":\"ListItem\",\"position\":2,\"name\":\"Los alumnos de la Escuela de Equitaci\u00f3n llenan la Plaza\"}]},{\"@type\":\"WebSite\",\"@id\":\"https:\\\/\\\/www.rmcr.org\\\/en\\\/#website\",\"url\":\"https:\\\/\\\/www.rmcr.org\\\/en\\\/\",\"name\":\"Real Maestranza de Caballer\u00eda de Ronda\",\"description\":\"Real Maestranza de Caballer\u00eda de Ronda\",\"publisher\":{\"@id\":\"https:\\\/\\\/www.rmcr.org\\\/en\\\/#organization\"},\"alternateName\":\"RMCR\",\"potentialAction\":[{\"@type\":\"SearchAction\",\"target\":{\"@type\":\"EntryPoint\",\"urlTemplate\":\"https:\\\/\\\/www.rmcr.org\\\/en\\\/?s={search_term_string}\"},\"query-input\":{\"@type\":\"PropertyValueSpecification\",\"valueRequired\":true,\"valueName\":\"search_term_string\"}}],\"inLanguage\":\"en-US\"},{\"@type\":\"Organization\",\"@id\":\"https:\\\/\\\/www.rmcr.org\\\/en\\\/#organization\",\"name\":\"Real Maestranza de Caballer\u00eda de Ronda\",\"alternateName\":\"RMR\",\"url\":\"https:\\\/\\\/www.rmcr.org\\\/en\\\/\",\"logo\":{\"@type\":\"ImageObject\",\"inLanguage\":\"en-US\",\"@id\":\"https:\\\/\\\/www.rmcr.org\\\/en\\\/#\\\/schema\\\/logo\\\/image\\\/\",\"url\":\"https:\\\/\\\/www.rmcr.org\\\/wp-content\\\/uploads\\\/2022\\\/07\\\/logo-rmr-blue.svg\",\"contentUrl\":\"https:\\\/\\\/www.rmcr.org\\\/wp-content\\\/uploads\\\/2022\\\/07\\\/logo-rmr-blue.svg\",\"width\":131,\"height\":129,\"caption\":\"Real Maestranza de Caballer\u00eda de Ronda\"},\"image\":{\"@id\":\"https:\\\/\\\/www.rmcr.org\\\/en\\\/#\\\/schema\\\/logo\\\/image\\\/\"},\"sameAs\":[\"https:\\\/\\\/www.facebook.com\\\/plazadetorosronda\",\"https:\\\/\\\/x.com\\\/PlazatorosRMR\",\"https:\\\/\\\/www.instagram.com\\\/realmaestranzaderonda\\\/\",\"https:\\\/\\\/www.youtube.com\\\/channel\\\/UCrbO5IUN-8v_QML739vM4zg\\\/videos\"]},{\"@type\":\"Person\",\"@id\":\"https:\\\/\\\/www.rmcr.org\\\/en\\\/#\\\/schema\\\/person\\\/eaba3818c6c615cf6cc53c6ca58138ff\",\"name\":\"ESCUELA\",\"image\":{\"@type\":\"ImageObject\",\"inLanguage\":\"en-US\",\"@id\":\"https:\\\/\\\/www.rmcr.org\\\/wp-content\\\/uploads\\\/2022\\\/11\\\/avatar-rmcr-96x96.png\",\"url\":\"https:\\\/\\\/www.rmcr.org\\\/wp-content\\\/uploads\\\/2022\\\/11\\\/avatar-rmcr-96x96.png\",\"contentUrl\":\"https:\\\/\\\/www.rmcr.org\\\/wp-content\\\/uploads\\\/2022\\\/11\\\/avatar-rmcr-96x96.png\",\"caption\":\"ESCUELA\"},\"url\":\"https:\\\/\\\/www.rmcr.org\\\/en\\\/author\\\/rocio-hidalgo\\\/\"}]}<\/script>\n<!-- \/ Yoast SEO plugin. -->","yoast_head_json":{"title":"Los alumnos de la Escuela de Equitaci\u00f3n llenan la Plaza - Real Maestranza de Caballer\u00eda de Ronda","robots":{"index":"index","follow":"follow","max-snippet":"max-snippet:-1","max-image-preview":"max-image-preview:large","max-video-preview":"max-video-preview:-1"},"canonical":"https:\/\/www.rmcr.org\/en\/2016\/05\/27\/los-alumnos-de-la-escuela-de-equitacion-llenan-la-plaza\/","og_locale":"en_US","og_type":"article","og_title":"Los alumnos de la Escuela de Equitaci\u00f3n llenan la Plaza - Real Maestranza de Caballer\u00eda de Ronda","og_description":"El s\u00e1bado 21 de mayo, dentro de la programaci\u00f3n de la Ronda Rom\u00e1ntica, la Plaza de Toros abri\u00f3 sus puertas a las 19:30 para presenciar una exhibici\u00f3n de la Escuela de Equitaci\u00f3n de la Real Maestranza. El lleno de la Plaza fue total. Los diferentes ejercicios ecuestres fueron realizados por alumnos de todos los cursos [&hellip;]","og_url":"https:\/\/www.rmcr.org\/en\/2016\/05\/27\/los-alumnos-de-la-escuela-de-equitacion-llenan-la-plaza\/","og_site_name":"Real Maestranza de Caballer\u00eda de Ronda","article_publisher":"https:\/\/www.facebook.com\/plazadetorosronda","article_published_time":"2016-05-27T08:15:49+00:00","article_modified_time":"2025-04-04T12:32:41+00:00","og_image":[{"width":488,"height":441,"url":"https:\/\/www.rmcr.org\/wp-content\/uploads\/2016\/05\/1.jpg","type":"image\/jpeg"}],"author":"ESCUELA","twitter_card":"summary_large_image","twitter_creator":"@PlazatorosRMR","twitter_site":"@PlazatorosRMR","twitter_misc":{"Written by":"ESCUELA","Est. reading time":"2 minutes"},"schema":{"@context":"https:\/\/schema.org","@graph":[{"@type":"Article","@id":"https:\/\/www.rmcr.org\/en\/2016\/05\/27\/los-alumnos-de-la-escuela-de-equitacion-llenan-la-plaza\/#article","isPartOf":{"@id":"https:\/\/www.rmcr.org\/en\/2016\/05\/27\/los-alumnos-de-la-escuela-de-equitacion-llenan-la-plaza\/"},"author":{"name":"ESCUELA","@id":"https:\/\/www.rmcr.org\/en\/#\/schema\/person\/eaba3818c6c615cf6cc53c6ca58138ff"},"headline":"Los alumnos de la Escuela de Equitaci\u00f3n llenan la Plaza","datePublished":"2016-05-27T08:15:49+00:00","dateModified":"2025-04-04T12:32:41+00:00","mainEntityOfPage":{"@id":"https:\/\/www.rmcr.org\/en\/2016\/05\/27\/los-alumnos-de-la-escuela-de-equitacion-llenan-la-plaza\/"},"wordCount":331,"publisher":{"@id":"https:\/\/www.rmcr.org\/en\/#organization"},"image":{"@id":"https:\/\/www.rmcr.org\/en\/2016\/05\/27\/los-alumnos-de-la-escuela-de-equitacion-llenan-la-plaza\/#primaryimage"},"thumbnailUrl":"https:\/\/www.rmcr.org\/wp-content\/uploads\/2016\/05\/1.jpg","keywords":["Alumnos","Caballo espa\u00f1ol","Centro de Formaci\u00f3n","Ense\u00f1anza","Exhibici\u00f3n","Finca Escuela de Equitaci\u00f3n","P.R.E.","Pr\u00e1cticas","Preparaci\u00f3n f\u00edsica","Profesores","Pruebas de Acceso","Pura Raza Espa\u00f1ola"],"articleSection":["Escuela de Equitaci\u00f3n","Jinete Profesor","Ocio Deportivo"],"inLanguage":"en-US"},{"@type":"WebPage","@id":"https:\/\/www.rmcr.org\/en\/2016\/05\/27\/los-alumnos-de-la-escuela-de-equitacion-llenan-la-plaza\/","url":"https:\/\/www.rmcr.org\/en\/2016\/05\/27\/los-alumnos-de-la-escuela-de-equitacion-llenan-la-plaza\/","name":"Los alumnos de la Escuela de Equitaci\u00f3n llenan la Plaza - Real Maestranza de Caballer\u00eda de Ronda","isPartOf":{"@id":"https:\/\/www.rmcr.org\/en\/#website"},"primaryImageOfPage":{"@id":"https:\/\/www.rmcr.org\/en\/2016\/05\/27\/los-alumnos-de-la-escuela-de-equitacion-llenan-la-plaza\/#primaryimage"},"image":{"@id":"https:\/\/www.rmcr.org\/en\/2016\/05\/27\/los-alumnos-de-la-escuela-de-equitacion-llenan-la-plaza\/#primaryimage"},"thumbnailUrl":"https:\/\/www.rmcr.org\/wp-content\/uploads\/2016\/05\/1.jpg","datePublished":"2016-05-27T08:15:49+00:00","dateModified":"2025-04-04T12:32:41+00:00","breadcrumb":{"@id":"https:\/\/www.rmcr.org\/en\/2016\/05\/27\/los-alumnos-de-la-escuela-de-equitacion-llenan-la-plaza\/#breadcrumb"},"inLanguage":"en-US","potentialAction":[{"@type":"ReadAction","target":["https:\/\/www.rmcr.org\/en\/2016\/05\/27\/los-alumnos-de-la-escuela-de-equitacion-llenan-la-plaza\/"]}]},{"@type":"ImageObject","inLanguage":"en-US","@id":"https:\/\/www.rmcr.org\/en\/2016\/05\/27\/los-alumnos-de-la-escuela-de-equitacion-llenan-la-plaza\/#primaryimage","url":"https:\/\/www.rmcr.org\/wp-content\/uploads\/2016\/05\/1.jpg","contentUrl":"https:\/\/www.rmcr.org\/wp-content\/uploads\/2016\/05\/1.jpg","width":488,"height":441},{"@type":"BreadcrumbList","@id":"https:\/\/www.rmcr.org\/en\/2016\/05\/27\/los-alumnos-de-la-escuela-de-equitacion-llenan-la-plaza\/#breadcrumb","itemListElement":[{"@type":"ListItem","position":1,"name":"REAL MAESTRANZA DE CABALLER\u00cdA DE RONDA","item":"https:\/\/www.rmcr.org\/en\/"},{"@type":"ListItem","position":2,"name":"Los alumnos de la Escuela de Equitaci\u00f3n llenan la Plaza"}]},{"@type":"WebSite","@id":"https:\/\/www.rmcr.org\/en\/#website","url":"https:\/\/www.rmcr.org\/en\/","name":"Real Maestranza de Caballer\u00eda de Ronda","description":"Real Maestranza de Caballer\u00eda de Ronda","publisher":{"@id":"https:\/\/www.rmcr.org\/en\/#organization"},"alternateName":"RMCR","potentialAction":[{"@type":"SearchAction","target":{"@type":"EntryPoint","urlTemplate":"https:\/\/www.rmcr.org\/en\/?s={search_term_string}"},"query-input":{"@type":"PropertyValueSpecification","valueRequired":true,"valueName":"search_term_string"}}],"inLanguage":"en-US"},{"@type":"Organization","@id":"https:\/\/www.rmcr.org\/en\/#organization","name":"Real Maestranza de Caballer\u00eda de Ronda","alternateName":"RMR","url":"https:\/\/www.rmcr.org\/en\/","logo":{"@type":"ImageObject","inLanguage":"en-US","@id":"https:\/\/www.rmcr.org\/en\/#\/schema\/logo\/image\/","url":"https:\/\/www.rmcr.org\/wp-content\/uploads\/2022\/07\/logo-rmr-blue.svg","contentUrl":"https:\/\/www.rmcr.org\/wp-content\/uploads\/2022\/07\/logo-rmr-blue.svg","width":131,"height":129,"caption":"Real Maestranza de Caballer\u00eda de Ronda"},"image":{"@id":"https:\/\/www.rmcr.org\/en\/#\/schema\/logo\/image\/"},"sameAs":["https:\/\/www.facebook.com\/plazadetorosronda","https:\/\/x.com\/PlazatorosRMR","https:\/\/www.instagram.com\/realmaestranzaderonda\/","https:\/\/www.youtube.com\/channel\/UCrbO5IUN-8v_QML739vM4zg\/videos"]},{"@type":"Person","@id":"https:\/\/www.rmcr.org\/en\/#\/schema\/person\/eaba3818c6c615cf6cc53c6ca58138ff","name":"ESCUELA","image":{"@type":"ImageObject","inLanguage":"en-US","@id":"https:\/\/www.rmcr.org\/wp-content\/uploads\/2022\/11\/avatar-rmcr-96x96.png","url":"https:\/\/www.rmcr.org\/wp-content\/uploads\/2022\/11\/avatar-rmcr-96x96.png","contentUrl":"https:\/\/www.rmcr.org\/wp-content\/uploads\/2022\/11\/avatar-rmcr-96x96.png","caption":"ESCUELA"},"url":"https:\/\/www.rmcr.org\/en\/author\/rocio-hidalgo\/"}]}},"_links":{"self":[{"href":"https:\/\/www.rmcr.org\/en\/wp-json\/wp\/v2\/posts\/5890","targetHints":{"allow":["GET"]}}],"collection":[{"href":"https:\/\/www.rmcr.org\/en\/wp-json\/wp\/v2\/posts"}],"about":[{"href":"https:\/\/www.rmcr.org\/en\/wp-json\/wp\/v2\/types\/post"}],"author":[{"embeddable":true,"href":"https:\/\/www.rmcr.org\/en\/wp-json\/wp\/v2\/users\/11"}],"replies":[{"embeddable":true,"href":"https:\/\/www.rmcr.org\/en\/wp-json\/wp\/v2\/comments?post=5890"}],"version-history":[{"count":1,"href":"https:\/\/www.rmcr.org\/en\/wp-json\/wp\/v2\/posts\/5890\/revisions"}],"predecessor-version":[{"id":15428,"href":"https:\/\/www.rmcr.org\/en\/wp-json\/wp\/v2\/posts\/5890\/revisions\/15428"}],"wp:featuredmedia":[{"embeddable":true,"href":"https:\/\/www.rmcr.org\/en\/wp-json\/wp\/v2\/media\/8508"}],"wp:attachment":[{"href":"https:\/\/www.rmcr.org\/en\/wp-json\/wp\/v2\/media?parent=5890"}],"wp:term":[{"taxonomy":"category","embeddable":true,"href":"https:\/\/www.rmcr.org\/en\/wp-json\/wp\/v2\/categories?post=5890"},{"taxonomy":"post_tag","embeddable":true,"href":"https:\/\/www.rmcr.org\/en\/wp-json\/wp\/v2\/tags?post=5890"}],"curies":[{"name":"wp","href":"https:\/\/api.w.org\/{rel}","templated":true}]}}