{"id":5882,"date":"2015-05-20T08:32:20","date_gmt":"2015-05-20T08:32:20","guid":{"rendered":"https:\/\/www.rmcr.org\/?p=5882"},"modified":"2022-10-28T06:21:20","modified_gmt":"2022-10-28T06:21:20","slug":"exito-de-publico-en-el-vi-concurso-de-alta-escuela-espanola-ciudad-de-ronda","status":"publish","type":"post","link":"https:\/\/www.rmcr.org\/en\/2015\/05\/20\/exito-de-publico-en-el-vi-concurso-de-alta-escuela-espanola-ciudad-de-ronda\/","title":{"rendered":"\u00c9xito de p\u00fablico en el VI Concurso de Alta Escuela Espa\u00f1ola Ciudad de Ronda"},"content":{"rendered":"<p>Con motivo de la celebraci\u00f3n de la\u00a0 III edici\u00f3n de Ronda\u00a0Rom\u00e1ntica,\u00a0 la Real Maestranza de Caballer\u00eda de Ronda\u00a0 abri\u00f3 las puertas del bicentenario coso taurino para\u00a0celebrar en su ruedo un Concurso de Alta Escuela Espa\u00f1ola.<\/p>\n<p>Organizado por la Escuela de Equitaci\u00f3n en colaboraci\u00f3n con el Exmo. Ayuntamiento de Ronda y\u00a0la Asociaci\u00f3n H\u00edpica de Ronda, 14 participantes procedentes de las\u00a0diferentes provincias de nuestra comunidad, tomaron parte en el mismo.<\/p>\n<p><a href=\"https:\/\/www.rmcr.org\/wp-content\/uploads\/2015\/05\/concurso_171-copia.jpg\"><img fetchpriority=\"high\" decoding=\"async\" class=\"  wp-image-492 aligncenter\" src=\"https:\/\/www.rmcr.org\/wp-content\/uploads\/2015\/05\/concurso_171-copia.jpg?w=300\" alt=\"Participantes en el VI Concurso Alta Escuela Ciudad de Ronda\" width=\"441\" height=\"222\" \/><\/a><\/p>\n<p style=\"text-align:center;\"><em>Participantes en el VI Concurso de Alta Escuela Espa\u00f1ola Ciudad de Ronda<\/em><\/p>\n<p>A\u00a0pesar de abrir las puertas media hora antes del comienzo, hubo que retrasar\u00a0el inicio del mismo debido a la gran cantidad de p\u00fablico interesado en\u00a0presenciar el desarrollo de las pruebas.Unas tres mil cuatrocientas\u00a0personas llenaron los diferentes tendidos de la plaza finalizando a las\u00a0nueve y media de la noche con la ceremonia de entrega de trofeos, una vez\u00a0presentada su reprise el \u00faltimo participante de la prueba m\u00e1s importante del Concurso en la que fue vencedor el jinete procedente del Rinc\u00f3n de la\u00a0Victoria Alejandro Cadena Quiles con\u00a0 su caballo Eco la Paca.<\/p>\n","protected":false},"excerpt":{"rendered":"<p>Con motivo de la celebraci\u00f3n de la\u00a0 III edici\u00f3n de Ronda\u00a0Rom\u00e1ntica,\u00a0 la Real Maestranza de Caballer\u00eda de Ronda\u00a0 abri\u00f3 las puertas del bicentenario coso taurino para\u00a0celebrar en su ruedo un Concurso de Alta Escuela Espa\u00f1ola. Organizado por la Escuela de Equitaci\u00f3n en colaboraci\u00f3n con el Exmo. Ayuntamiento de Ronda y\u00a0la Asociaci\u00f3n H\u00edpica de Ronda, 14 [&hellip;]<\/p>\n","protected":false},"author":7,"featured_media":492,"comment_status":"closed","ping_status":"open","sticky":false,"template":"","format":"standard","meta":{"footnotes":""},"categories":[76],"tags":[66,69],"class_list":["post-5882","post","type-post","status-publish","format-standard","has-post-thumbnail","hentry","category-concursos","tag-competicion","tag-concurso-de-alta-escuela"],"yoast_head":"<!-- This site is optimized with the Yoast SEO plugin v27.5 - https:\/\/yoast.com\/product\/yoast-seo-wordpress\/ -->\n<title>\u00c9xito de p\u00fablico en el VI Concurso de Alta Escuela Espa\u00f1ola Ciudad de Ronda - Real Maestranza de Caballer\u00eda de Ronda<\/title>\n<meta name=\"robots\" content=\"index, follow, max-snippet:-1, max-image-preview:large, max-video-preview:-1\" \/>\n<link rel=\"canonical\" href=\"https:\/\/www.rmcr.org\/en\/2015\/05\/20\/exito-de-publico-en-el-vi-concurso-de-alta-escuela-espanola-ciudad-de-ronda\/\" \/>\n<meta property=\"og:locale\" content=\"en_US\" \/>\n<meta property=\"og:type\" content=\"article\" \/>\n<meta property=\"og:title\" content=\"\u00c9xito de p\u00fablico en el VI Concurso de Alta Escuela Espa\u00f1ola Ciudad de Ronda - Real Maestranza de Caballer\u00eda de Ronda\" \/>\n<meta property=\"og:description\" content=\"Con motivo de la celebraci\u00f3n de la\u00a0 III edici\u00f3n de Ronda\u00a0Rom\u00e1ntica,\u00a0 la Real Maestranza de Caballer\u00eda de Ronda\u00a0 abri\u00f3 las puertas del bicentenario coso taurino para\u00a0celebrar en su ruedo un Concurso de Alta Escuela Espa\u00f1ola. Organizado por la Escuela de Equitaci\u00f3n en colaboraci\u00f3n con el Exmo. Ayuntamiento de Ronda y\u00a0la Asociaci\u00f3n H\u00edpica de Ronda, 14 [&hellip;]\" \/>\n<meta property=\"og:url\" content=\"https:\/\/www.rmcr.org\/en\/2015\/05\/20\/exito-de-publico-en-el-vi-concurso-de-alta-escuela-espanola-ciudad-de-ronda\/\" \/>\n<meta property=\"og:site_name\" content=\"Real Maestranza de Caballer\u00eda de Ronda\" \/>\n<meta property=\"article:publisher\" content=\"https:\/\/www.facebook.com\/plazadetorosronda\" \/>\n<meta property=\"article:published_time\" content=\"2015-05-20T08:32:20+00:00\" \/>\n<meta property=\"article:modified_time\" content=\"2022-10-28T06:21:20+00:00\" \/>\n<meta property=\"og:image\" content=\"https:\/\/www.rmcr.org\/wp-content\/uploads\/2015\/05\/concurso_171-copia-scaled.jpg\" \/>\n\t<meta property=\"og:image:width\" content=\"2560\" \/>\n\t<meta property=\"og:image:height\" content=\"1239\" \/>\n\t<meta property=\"og:image:type\" content=\"image\/jpeg\" \/>\n<meta name=\"author\" content=\"RMCR\" \/>\n<meta name=\"twitter:card\" content=\"summary_large_image\" \/>\n<meta name=\"twitter:creator\" content=\"@PlazatorosRMR\" \/>\n<meta name=\"twitter:site\" content=\"@PlazatorosRMR\" \/>\n<meta name=\"twitter:label1\" content=\"Written by\" \/>\n\t<meta name=\"twitter:data1\" content=\"RMCR\" \/>\n\t<meta name=\"twitter:label2\" content=\"Est. reading time\" \/>\n\t<meta name=\"twitter:data2\" content=\"1 minute\" \/>\n<script type=\"application\/ld+json\" class=\"yoast-schema-graph\">{\"@context\":\"https:\\\/\\\/schema.org\",\"@graph\":[{\"@type\":\"Article\",\"@id\":\"https:\\\/\\\/www.rmcr.org\\\/en\\\/2015\\\/05\\\/20\\\/exito-de-publico-en-el-vi-concurso-de-alta-escuela-espanola-ciudad-de-ronda\\\/#article\",\"isPartOf\":{\"@id\":\"https:\\\/\\\/www.rmcr.org\\\/en\\\/2015\\\/05\\\/20\\\/exito-de-publico-en-el-vi-concurso-de-alta-escuela-espanola-ciudad-de-ronda\\\/\"},\"author\":{\"name\":\"RMCR\",\"@id\":\"https:\\\/\\\/www.rmcr.org\\\/en\\\/#\\\/schema\\\/person\\\/7ddd0dafda7edd0e407157f93a56df4f\"},\"headline\":\"\u00c9xito de p\u00fablico en el VI Concurso de Alta Escuela Espa\u00f1ola Ciudad de Ronda\",\"datePublished\":\"2015-05-20T08:32:20+00:00\",\"dateModified\":\"2022-10-28T06:21:20+00:00\",\"mainEntityOfPage\":{\"@id\":\"https:\\\/\\\/www.rmcr.org\\\/en\\\/2015\\\/05\\\/20\\\/exito-de-publico-en-el-vi-concurso-de-alta-escuela-espanola-ciudad-de-ronda\\\/\"},\"wordCount\":210,\"publisher\":{\"@id\":\"https:\\\/\\\/www.rmcr.org\\\/en\\\/#organization\"},\"image\":{\"@id\":\"https:\\\/\\\/www.rmcr.org\\\/en\\\/2015\\\/05\\\/20\\\/exito-de-publico-en-el-vi-concurso-de-alta-escuela-espanola-ciudad-de-ronda\\\/#primaryimage\"},\"thumbnailUrl\":\"https:\\\/\\\/www.rmcr.org\\\/wp-content\\\/uploads\\\/2015\\\/05\\\/concurso_171-copia-scaled.jpg\",\"keywords\":[\"Competici\u00f3n\",\"Concurso de Alta Escuela\"],\"articleSection\":[\"Concursos\"],\"inLanguage\":\"en-US\"},{\"@type\":\"WebPage\",\"@id\":\"https:\\\/\\\/www.rmcr.org\\\/en\\\/2015\\\/05\\\/20\\\/exito-de-publico-en-el-vi-concurso-de-alta-escuela-espanola-ciudad-de-ronda\\\/\",\"url\":\"https:\\\/\\\/www.rmcr.org\\\/en\\\/2015\\\/05\\\/20\\\/exito-de-publico-en-el-vi-concurso-de-alta-escuela-espanola-ciudad-de-ronda\\\/\",\"name\":\"\u00c9xito de p\u00fablico en el VI Concurso de Alta Escuela Espa\u00f1ola Ciudad de Ronda - Real Maestranza de Caballer\u00eda de Ronda\",\"isPartOf\":{\"@id\":\"https:\\\/\\\/www.rmcr.org\\\/en\\\/#website\"},\"primaryImageOfPage\":{\"@id\":\"https:\\\/\\\/www.rmcr.org\\\/en\\\/2015\\\/05\\\/20\\\/exito-de-publico-en-el-vi-concurso-de-alta-escuela-espanola-ciudad-de-ronda\\\/#primaryimage\"},\"image\":{\"@id\":\"https:\\\/\\\/www.rmcr.org\\\/en\\\/2015\\\/05\\\/20\\\/exito-de-publico-en-el-vi-concurso-de-alta-escuela-espanola-ciudad-de-ronda\\\/#primaryimage\"},\"thumbnailUrl\":\"https:\\\/\\\/www.rmcr.org\\\/wp-content\\\/uploads\\\/2015\\\/05\\\/concurso_171-copia-scaled.jpg\",\"datePublished\":\"2015-05-20T08:32:20+00:00\",\"dateModified\":\"2022-10-28T06:21:20+00:00\",\"breadcrumb\":{\"@id\":\"https:\\\/\\\/www.rmcr.org\\\/en\\\/2015\\\/05\\\/20\\\/exito-de-publico-en-el-vi-concurso-de-alta-escuela-espanola-ciudad-de-ronda\\\/#breadcrumb\"},\"inLanguage\":\"en-US\",\"potentialAction\":[{\"@type\":\"ReadAction\",\"target\":[\"https:\\\/\\\/www.rmcr.org\\\/en\\\/2015\\\/05\\\/20\\\/exito-de-publico-en-el-vi-concurso-de-alta-escuela-espanola-ciudad-de-ronda\\\/\"]}]},{\"@type\":\"ImageObject\",\"inLanguage\":\"en-US\",\"@id\":\"https:\\\/\\\/www.rmcr.org\\\/en\\\/2015\\\/05\\\/20\\\/exito-de-publico-en-el-vi-concurso-de-alta-escuela-espanola-ciudad-de-ronda\\\/#primaryimage\",\"url\":\"https:\\\/\\\/www.rmcr.org\\\/wp-content\\\/uploads\\\/2015\\\/05\\\/concurso_171-copia-scaled.jpg\",\"contentUrl\":\"https:\\\/\\\/www.rmcr.org\\\/wp-content\\\/uploads\\\/2015\\\/05\\\/concurso_171-copia-scaled.jpg\",\"width\":2560,\"height\":1239,\"caption\":\"14 jinetes participaron en el VI Concurso de Alta Escuela Ciudad de Ronda\"},{\"@type\":\"BreadcrumbList\",\"@id\":\"https:\\\/\\\/www.rmcr.org\\\/en\\\/2015\\\/05\\\/20\\\/exito-de-publico-en-el-vi-concurso-de-alta-escuela-espanola-ciudad-de-ronda\\\/#breadcrumb\",\"itemListElement\":[{\"@type\":\"ListItem\",\"position\":1,\"name\":\"REAL MAESTRANZA DE CABALLER\u00cdA DE RONDA\",\"item\":\"https:\\\/\\\/www.rmcr.org\\\/en\\\/\"},{\"@type\":\"ListItem\",\"position\":2,\"name\":\"\u00c9xito de p\u00fablico en el VI Concurso de Alta Escuela Espa\u00f1ola Ciudad de Ronda\"}]},{\"@type\":\"WebSite\",\"@id\":\"https:\\\/\\\/www.rmcr.org\\\/en\\\/#website\",\"url\":\"https:\\\/\\\/www.rmcr.org\\\/en\\\/\",\"name\":\"Real Maestranza de Caballer\u00eda de Ronda\",\"description\":\"Real Maestranza de Caballer\u00eda de Ronda\",\"publisher\":{\"@id\":\"https:\\\/\\\/www.rmcr.org\\\/en\\\/#organization\"},\"alternateName\":\"RMCR\",\"potentialAction\":[{\"@type\":\"SearchAction\",\"target\":{\"@type\":\"EntryPoint\",\"urlTemplate\":\"https:\\\/\\\/www.rmcr.org\\\/en\\\/?s={search_term_string}\"},\"query-input\":{\"@type\":\"PropertyValueSpecification\",\"valueRequired\":true,\"valueName\":\"search_term_string\"}}],\"inLanguage\":\"en-US\"},{\"@type\":\"Organization\",\"@id\":\"https:\\\/\\\/www.rmcr.org\\\/en\\\/#organization\",\"name\":\"Real Maestranza de Caballer\u00eda de Ronda\",\"alternateName\":\"RMR\",\"url\":\"https:\\\/\\\/www.rmcr.org\\\/en\\\/\",\"logo\":{\"@type\":\"ImageObject\",\"inLanguage\":\"en-US\",\"@id\":\"https:\\\/\\\/www.rmcr.org\\\/en\\\/#\\\/schema\\\/logo\\\/image\\\/\",\"url\":\"https:\\\/\\\/www.rmcr.org\\\/wp-content\\\/uploads\\\/2022\\\/07\\\/logo-rmr-blue.svg\",\"contentUrl\":\"https:\\\/\\\/www.rmcr.org\\\/wp-content\\\/uploads\\\/2022\\\/07\\\/logo-rmr-blue.svg\",\"width\":131,\"height\":129,\"caption\":\"Real Maestranza de Caballer\u00eda de Ronda\"},\"image\":{\"@id\":\"https:\\\/\\\/www.rmcr.org\\\/en\\\/#\\\/schema\\\/logo\\\/image\\\/\"},\"sameAs\":[\"https:\\\/\\\/www.facebook.com\\\/plazadetorosronda\",\"https:\\\/\\\/x.com\\\/PlazatorosRMR\",\"https:\\\/\\\/www.instagram.com\\\/realmaestranzaderonda\\\/\",\"https:\\\/\\\/www.youtube.com\\\/channel\\\/UCrbO5IUN-8v_QML739vM4zg\\\/videos\"]},{\"@type\":\"Person\",\"@id\":\"https:\\\/\\\/www.rmcr.org\\\/en\\\/#\\\/schema\\\/person\\\/7ddd0dafda7edd0e407157f93a56df4f\",\"name\":\"RMCR\",\"image\":{\"@type\":\"ImageObject\",\"inLanguage\":\"en-US\",\"@id\":\"https:\\\/\\\/secure.gravatar.com\\\/avatar\\\/adb75798b50800c24baa6a8706037b9469998c49eddeb95935f50f633cff80bb?s=96&d=mm&r=g\",\"url\":\"https:\\\/\\\/secure.gravatar.com\\\/avatar\\\/adb75798b50800c24baa6a8706037b9469998c49eddeb95935f50f633cff80bb?s=96&d=mm&r=g\",\"contentUrl\":\"https:\\\/\\\/secure.gravatar.com\\\/avatar\\\/adb75798b50800c24baa6a8706037b9469998c49eddeb95935f50f633cff80bb?s=96&d=mm&r=g\",\"caption\":\"RMCR\"},\"url\":\"https:\\\/\\\/www.rmcr.org\\\/en\\\/author\\\/bitniks77\\\/\"}]}<\/script>\n<!-- \/ Yoast SEO plugin. -->","yoast_head_json":{"title":"\u00c9xito de p\u00fablico en el VI Concurso de Alta Escuela Espa\u00f1ola Ciudad de Ronda - Real Maestranza de Caballer\u00eda de Ronda","robots":{"index":"index","follow":"follow","max-snippet":"max-snippet:-1","max-image-preview":"max-image-preview:large","max-video-preview":"max-video-preview:-1"},"canonical":"https:\/\/www.rmcr.org\/en\/2015\/05\/20\/exito-de-publico-en-el-vi-concurso-de-alta-escuela-espanola-ciudad-de-ronda\/","og_locale":"en_US","og_type":"article","og_title":"\u00c9xito de p\u00fablico en el VI Concurso de Alta Escuela Espa\u00f1ola Ciudad de Ronda - Real Maestranza de Caballer\u00eda de Ronda","og_description":"Con motivo de la celebraci\u00f3n de la\u00a0 III edici\u00f3n de Ronda\u00a0Rom\u00e1ntica,\u00a0 la Real Maestranza de Caballer\u00eda de Ronda\u00a0 abri\u00f3 las puertas del bicentenario coso taurino para\u00a0celebrar en su ruedo un Concurso de Alta Escuela Espa\u00f1ola. Organizado por la Escuela de Equitaci\u00f3n en colaboraci\u00f3n con el Exmo. Ayuntamiento de Ronda y\u00a0la Asociaci\u00f3n H\u00edpica de Ronda, 14 [&hellip;]","og_url":"https:\/\/www.rmcr.org\/en\/2015\/05\/20\/exito-de-publico-en-el-vi-concurso-de-alta-escuela-espanola-ciudad-de-ronda\/","og_site_name":"Real Maestranza de Caballer\u00eda de Ronda","article_publisher":"https:\/\/www.facebook.com\/plazadetorosronda","article_published_time":"2015-05-20T08:32:20+00:00","article_modified_time":"2022-10-28T06:21:20+00:00","og_image":[{"width":2560,"height":1239,"url":"https:\/\/www.rmcr.org\/wp-content\/uploads\/2015\/05\/concurso_171-copia-scaled.jpg","type":"image\/jpeg"}],"author":"RMCR","twitter_card":"summary_large_image","twitter_creator":"@PlazatorosRMR","twitter_site":"@PlazatorosRMR","twitter_misc":{"Written by":"RMCR","Est. reading time":"1 minute"},"schema":{"@context":"https:\/\/schema.org","@graph":[{"@type":"Article","@id":"https:\/\/www.rmcr.org\/en\/2015\/05\/20\/exito-de-publico-en-el-vi-concurso-de-alta-escuela-espanola-ciudad-de-ronda\/#article","isPartOf":{"@id":"https:\/\/www.rmcr.org\/en\/2015\/05\/20\/exito-de-publico-en-el-vi-concurso-de-alta-escuela-espanola-ciudad-de-ronda\/"},"author":{"name":"RMCR","@id":"https:\/\/www.rmcr.org\/en\/#\/schema\/person\/7ddd0dafda7edd0e407157f93a56df4f"},"headline":"\u00c9xito de p\u00fablico en el VI Concurso de Alta Escuela Espa\u00f1ola Ciudad de Ronda","datePublished":"2015-05-20T08:32:20+00:00","dateModified":"2022-10-28T06:21:20+00:00","mainEntityOfPage":{"@id":"https:\/\/www.rmcr.org\/en\/2015\/05\/20\/exito-de-publico-en-el-vi-concurso-de-alta-escuela-espanola-ciudad-de-ronda\/"},"wordCount":210,"publisher":{"@id":"https:\/\/www.rmcr.org\/en\/#organization"},"image":{"@id":"https:\/\/www.rmcr.org\/en\/2015\/05\/20\/exito-de-publico-en-el-vi-concurso-de-alta-escuela-espanola-ciudad-de-ronda\/#primaryimage"},"thumbnailUrl":"https:\/\/www.rmcr.org\/wp-content\/uploads\/2015\/05\/concurso_171-copia-scaled.jpg","keywords":["Competici\u00f3n","Concurso de Alta Escuela"],"articleSection":["Concursos"],"inLanguage":"en-US"},{"@type":"WebPage","@id":"https:\/\/www.rmcr.org\/en\/2015\/05\/20\/exito-de-publico-en-el-vi-concurso-de-alta-escuela-espanola-ciudad-de-ronda\/","url":"https:\/\/www.rmcr.org\/en\/2015\/05\/20\/exito-de-publico-en-el-vi-concurso-de-alta-escuela-espanola-ciudad-de-ronda\/","name":"\u00c9xito de p\u00fablico en el VI Concurso de Alta Escuela Espa\u00f1ola Ciudad de Ronda - Real Maestranza de Caballer\u00eda de Ronda","isPartOf":{"@id":"https:\/\/www.rmcr.org\/en\/#website"},"primaryImageOfPage":{"@id":"https:\/\/www.rmcr.org\/en\/2015\/05\/20\/exito-de-publico-en-el-vi-concurso-de-alta-escuela-espanola-ciudad-de-ronda\/#primaryimage"},"image":{"@id":"https:\/\/www.rmcr.org\/en\/2015\/05\/20\/exito-de-publico-en-el-vi-concurso-de-alta-escuela-espanola-ciudad-de-ronda\/#primaryimage"},"thumbnailUrl":"https:\/\/www.rmcr.org\/wp-content\/uploads\/2015\/05\/concurso_171-copia-scaled.jpg","datePublished":"2015-05-20T08:32:20+00:00","dateModified":"2022-10-28T06:21:20+00:00","breadcrumb":{"@id":"https:\/\/www.rmcr.org\/en\/2015\/05\/20\/exito-de-publico-en-el-vi-concurso-de-alta-escuela-espanola-ciudad-de-ronda\/#breadcrumb"},"inLanguage":"en-US","potentialAction":[{"@type":"ReadAction","target":["https:\/\/www.rmcr.org\/en\/2015\/05\/20\/exito-de-publico-en-el-vi-concurso-de-alta-escuela-espanola-ciudad-de-ronda\/"]}]},{"@type":"ImageObject","inLanguage":"en-US","@id":"https:\/\/www.rmcr.org\/en\/2015\/05\/20\/exito-de-publico-en-el-vi-concurso-de-alta-escuela-espanola-ciudad-de-ronda\/#primaryimage","url":"https:\/\/www.rmcr.org\/wp-content\/uploads\/2015\/05\/concurso_171-copia-scaled.jpg","contentUrl":"https:\/\/www.rmcr.org\/wp-content\/uploads\/2015\/05\/concurso_171-copia-scaled.jpg","width":2560,"height":1239,"caption":"14 jinetes participaron en el VI Concurso de Alta Escuela Ciudad de Ronda"},{"@type":"BreadcrumbList","@id":"https:\/\/www.rmcr.org\/en\/2015\/05\/20\/exito-de-publico-en-el-vi-concurso-de-alta-escuela-espanola-ciudad-de-ronda\/#breadcrumb","itemListElement":[{"@type":"ListItem","position":1,"name":"REAL MAESTRANZA DE CABALLER\u00cdA DE RONDA","item":"https:\/\/www.rmcr.org\/en\/"},{"@type":"ListItem","position":2,"name":"\u00c9xito de p\u00fablico en el VI Concurso de Alta Escuela Espa\u00f1ola Ciudad de Ronda"}]},{"@type":"WebSite","@id":"https:\/\/www.rmcr.org\/en\/#website","url":"https:\/\/www.rmcr.org\/en\/","name":"Real Maestranza de Caballer\u00eda de Ronda","description":"Real Maestranza de Caballer\u00eda de Ronda","publisher":{"@id":"https:\/\/www.rmcr.org\/en\/#organization"},"alternateName":"RMCR","potentialAction":[{"@type":"SearchAction","target":{"@type":"EntryPoint","urlTemplate":"https:\/\/www.rmcr.org\/en\/?s={search_term_string}"},"query-input":{"@type":"PropertyValueSpecification","valueRequired":true,"valueName":"search_term_string"}}],"inLanguage":"en-US"},{"@type":"Organization","@id":"https:\/\/www.rmcr.org\/en\/#organization","name":"Real Maestranza de Caballer\u00eda de Ronda","alternateName":"RMR","url":"https:\/\/www.rmcr.org\/en\/","logo":{"@type":"ImageObject","inLanguage":"en-US","@id":"https:\/\/www.rmcr.org\/en\/#\/schema\/logo\/image\/","url":"https:\/\/www.rmcr.org\/wp-content\/uploads\/2022\/07\/logo-rmr-blue.svg","contentUrl":"https:\/\/www.rmcr.org\/wp-content\/uploads\/2022\/07\/logo-rmr-blue.svg","width":131,"height":129,"caption":"Real Maestranza de Caballer\u00eda de Ronda"},"image":{"@id":"https:\/\/www.rmcr.org\/en\/#\/schema\/logo\/image\/"},"sameAs":["https:\/\/www.facebook.com\/plazadetorosronda","https:\/\/x.com\/PlazatorosRMR","https:\/\/www.instagram.com\/realmaestranzaderonda\/","https:\/\/www.youtube.com\/channel\/UCrbO5IUN-8v_QML739vM4zg\/videos"]},{"@type":"Person","@id":"https:\/\/www.rmcr.org\/en\/#\/schema\/person\/7ddd0dafda7edd0e407157f93a56df4f","name":"RMCR","image":{"@type":"ImageObject","inLanguage":"en-US","@id":"https:\/\/secure.gravatar.com\/avatar\/adb75798b50800c24baa6a8706037b9469998c49eddeb95935f50f633cff80bb?s=96&d=mm&r=g","url":"https:\/\/secure.gravatar.com\/avatar\/adb75798b50800c24baa6a8706037b9469998c49eddeb95935f50f633cff80bb?s=96&d=mm&r=g","contentUrl":"https:\/\/secure.gravatar.com\/avatar\/adb75798b50800c24baa6a8706037b9469998c49eddeb95935f50f633cff80bb?s=96&d=mm&r=g","caption":"RMCR"},"url":"https:\/\/www.rmcr.org\/en\/author\/bitniks77\/"}]}},"_links":{"self":[{"href":"https:\/\/www.rmcr.org\/en\/wp-json\/wp\/v2\/posts\/5882","targetHints":{"allow":["GET"]}}],"collection":[{"href":"https:\/\/www.rmcr.org\/en\/wp-json\/wp\/v2\/posts"}],"about":[{"href":"https:\/\/www.rmcr.org\/en\/wp-json\/wp\/v2\/types\/post"}],"author":[{"embeddable":true,"href":"https:\/\/www.rmcr.org\/en\/wp-json\/wp\/v2\/users\/7"}],"replies":[{"embeddable":true,"href":"https:\/\/www.rmcr.org\/en\/wp-json\/wp\/v2\/comments?post=5882"}],"version-history":[{"count":1,"href":"https:\/\/www.rmcr.org\/en\/wp-json\/wp\/v2\/posts\/5882\/revisions"}],"predecessor-version":[{"id":12224,"href":"https:\/\/www.rmcr.org\/en\/wp-json\/wp\/v2\/posts\/5882\/revisions\/12224"}],"wp:featuredmedia":[{"embeddable":true,"href":"https:\/\/www.rmcr.org\/en\/wp-json\/wp\/v2\/media\/492"}],"wp:attachment":[{"href":"https:\/\/www.rmcr.org\/en\/wp-json\/wp\/v2\/media?parent=5882"}],"wp:term":[{"taxonomy":"category","embeddable":true,"href":"https:\/\/www.rmcr.org\/en\/wp-json\/wp\/v2\/categories?post=5882"},{"taxonomy":"post_tag","embeddable":true,"href":"https:\/\/www.rmcr.org\/en\/wp-json\/wp\/v2\/tags?post=5882"}],"curies":[{"name":"wp","href":"https:\/\/api.w.org\/{rel}","templated":true}]}}