{"id":5878,"date":"2014-09-02T16:18:26","date_gmt":"2014-09-02T16:18:26","guid":{"rendered":"https:\/\/www.rmcr.org\/?p=5878"},"modified":"2023-02-14T12:00:34","modified_gmt":"2023-02-14T12:00:34","slug":"la-escuela-de-equitacion-de-la-real-maestranza-abre-el-plazo-de-matricula-para-el-curso-de-ocio-deportivo-en-equitacion","status":"publish","type":"post","link":"https:\/\/www.rmcr.org\/en\/2014\/09\/02\/la-escuela-de-equitacion-de-la-real-maestranza-abre-el-plazo-de-matricula-para-el-curso-de-ocio-deportivo-en-equitacion\/","title":{"rendered":"La Escuela de Equitaci\u00f3n de la Real Maestranza abre el  plazo de matr\u00edcula para el Curso de Ocio Deportivo en Equitaci\u00f3n"},"content":{"rendered":"<p>A partir de ma\u00f1ana d\u00eda 03 de septiembre, se abre el plazo de matr\u00edcula para el Curso de Ocio Deportivo.<\/p>\n<p><a href=\"https:\/\/www.rmcr.org\/wp-content\/uploads\/2014\/09\/alumnos-ocio-deportivo-plaza.jpg\"><img fetchpriority=\"high\" decoding=\"async\" class=\"size-large wp-image-401 aligncenter\" src=\"https:\/\/www.rmcr.org\/wp-content\/uploads\/2014\/09\/alumnos-ocio-deportivo-plaza.jpg?w=470\" alt=\"Alumnos Ocio deportivo Plaza\" width=\"470\" height=\"352\" srcset=\"https:\/\/www.rmcr.org\/wp-content\/uploads\/2014\/09\/alumnos-ocio-deportivo-plaza.jpg 667w, https:\/\/www.rmcr.org\/wp-content\/uploads\/2014\/09\/alumnos-ocio-deportivo-plaza-300x225.jpg 300w\" sizes=\"(max-width: 470px) 100vw, 470px\" \/><\/a><\/p>\n<p><strong>Fechas<\/strong>: Del 01 de octubre de 2014 al 19 de junio de 2015.<\/p>\n<p><strong>Lugar<\/strong>: Instalaciones h\u00edpicas de la Real Maestranza de Caballer\u00eda de Ronda.<\/p>\n<p><strong>Inscripci\u00f3n:<\/strong> Del 03 de septiembre al 22 de septiembre de 2014. Plazas limitadas<\/p>\n<p><strong>Niveles<\/strong>: Iniciaci\u00f3n, Avanzado y Perfeccionamiento: dos d\u00edas por semana (a partir de 9 a\u00f1os).<\/p>\n<p><strong>Progama J\u00f3venes Talentos<\/strong>: dos d\u00edas a la semana (a partir de 9 a\u00f1os).<\/p>\n<p><strong>Alumnos nueva incorporaci\u00f3n<\/strong>: Prueba de acceso 24 de septiembre.<\/p>\n<p><strong>Informaci\u00f3n<\/strong>:<\/p>\n<p>e-mail: escuela@realmaestranza.org<\/p>\n<p>Tlfno: 952871539<\/p>\n","protected":false},"excerpt":{"rendered":"<p>A partir de ma\u00f1ana d\u00eda 03 de septiembre, se abre el plazo de matr\u00edcula para el Curso de Ocio Deportivo. Fechas: Del 01 de octubre de 2014 al 19 de junio de 2015. Lugar: Instalaciones h\u00edpicas de la Real Maestranza de Caballer\u00eda de Ronda. Inscripci\u00f3n: Del 03 de septiembre al 22 de septiembre de 2014. [&hellip;]<\/p>\n","protected":false},"author":7,"featured_media":7898,"comment_status":"closed","ping_status":"open","sticky":false,"template":"","format":"standard","meta":{"footnotes":""},"categories":[46,52],"tags":[40],"class_list":["post-5878","post","type-post","status-publish","format-standard","has-post-thumbnail","hentry","category-cursos-de-formacion","category-ocio-deportivo","tag-ensenanza"],"yoast_head":"<!-- This site is optimized with the Yoast SEO plugin v27.5 - https:\/\/yoast.com\/product\/yoast-seo-wordpress\/ -->\n<title>La Escuela de Equitaci\u00f3n de la Real Maestranza abre el plazo de matr\u00edcula para el Curso de Ocio Deportivo en Equitaci\u00f3n - Real Maestranza de Caballer\u00eda de Ronda<\/title>\n<meta name=\"robots\" content=\"index, follow, max-snippet:-1, max-image-preview:large, max-video-preview:-1\" \/>\n<link rel=\"canonical\" href=\"https:\/\/www.rmcr.org\/en\/2014\/09\/02\/la-escuela-de-equitacion-de-la-real-maestranza-abre-el-plazo-de-matricula-para-el-curso-de-ocio-deportivo-en-equitacion\/\" \/>\n<meta property=\"og:locale\" content=\"en_US\" \/>\n<meta property=\"og:type\" content=\"article\" \/>\n<meta property=\"og:title\" content=\"La Escuela de Equitaci\u00f3n de la Real Maestranza abre el plazo de matr\u00edcula para el Curso de Ocio Deportivo en Equitaci\u00f3n - Real Maestranza de Caballer\u00eda de Ronda\" \/>\n<meta property=\"og:description\" content=\"A partir de ma\u00f1ana d\u00eda 03 de septiembre, se abre el plazo de matr\u00edcula para el Curso de Ocio Deportivo. Fechas: Del 01 de octubre de 2014 al 19 de junio de 2015. Lugar: Instalaciones h\u00edpicas de la Real Maestranza de Caballer\u00eda de Ronda. Inscripci\u00f3n: Del 03 de septiembre al 22 de septiembre de 2014. [&hellip;]\" \/>\n<meta property=\"og:url\" content=\"https:\/\/www.rmcr.org\/en\/2014\/09\/02\/la-escuela-de-equitacion-de-la-real-maestranza-abre-el-plazo-de-matricula-para-el-curso-de-ocio-deportivo-en-equitacion\/\" \/>\n<meta property=\"og:site_name\" content=\"Real Maestranza de Caballer\u00eda de Ronda\" \/>\n<meta property=\"article:publisher\" content=\"https:\/\/www.facebook.com\/plazadetorosronda\" \/>\n<meta property=\"article:published_time\" content=\"2014-09-02T16:18:26+00:00\" \/>\n<meta property=\"article:modified_time\" content=\"2023-02-14T12:00:34+00:00\" \/>\n<meta property=\"og:image\" content=\"https:\/\/www.rmcr.org\/wp-content\/uploads\/2014\/09\/alumnos-ocio-deportivo-plaza.jpg\" \/>\n\t<meta property=\"og:image:width\" content=\"667\" \/>\n\t<meta property=\"og:image:height\" content=\"500\" \/>\n\t<meta property=\"og:image:type\" content=\"image\/jpeg\" \/>\n<meta name=\"author\" content=\"RMCR\" \/>\n<meta name=\"twitter:card\" content=\"summary_large_image\" \/>\n<meta name=\"twitter:creator\" content=\"@PlazatorosRMR\" \/>\n<meta name=\"twitter:site\" content=\"@PlazatorosRMR\" \/>\n<meta name=\"twitter:label1\" content=\"Written by\" \/>\n\t<meta name=\"twitter:data1\" content=\"RMCR\" \/>\n\t<meta name=\"twitter:label2\" content=\"Est. reading time\" \/>\n\t<meta name=\"twitter:data2\" content=\"1 minute\" \/>\n<script type=\"application\/ld+json\" class=\"yoast-schema-graph\">{\"@context\":\"https:\\\/\\\/schema.org\",\"@graph\":[{\"@type\":\"Article\",\"@id\":\"https:\\\/\\\/www.rmcr.org\\\/en\\\/2014\\\/09\\\/02\\\/la-escuela-de-equitacion-de-la-real-maestranza-abre-el-plazo-de-matricula-para-el-curso-de-ocio-deportivo-en-equitacion\\\/#article\",\"isPartOf\":{\"@id\":\"https:\\\/\\\/www.rmcr.org\\\/en\\\/2014\\\/09\\\/02\\\/la-escuela-de-equitacion-de-la-real-maestranza-abre-el-plazo-de-matricula-para-el-curso-de-ocio-deportivo-en-equitacion\\\/\"},\"author\":{\"name\":\"RMCR\",\"@id\":\"https:\\\/\\\/www.rmcr.org\\\/en\\\/#\\\/schema\\\/person\\\/7ddd0dafda7edd0e407157f93a56df4f\"},\"headline\":\"La Escuela de Equitaci\u00f3n de la Real Maestranza abre el plazo de matr\u00edcula para el Curso de Ocio Deportivo en Equitaci\u00f3n\",\"datePublished\":\"2014-09-02T16:18:26+00:00\",\"dateModified\":\"2023-02-14T12:00:34+00:00\",\"mainEntityOfPage\":{\"@id\":\"https:\\\/\\\/www.rmcr.org\\\/en\\\/2014\\\/09\\\/02\\\/la-escuela-de-equitacion-de-la-real-maestranza-abre-el-plazo-de-matricula-para-el-curso-de-ocio-deportivo-en-equitacion\\\/\"},\"wordCount\":126,\"publisher\":{\"@id\":\"https:\\\/\\\/www.rmcr.org\\\/en\\\/#organization\"},\"image\":{\"@id\":\"https:\\\/\\\/www.rmcr.org\\\/en\\\/2014\\\/09\\\/02\\\/la-escuela-de-equitacion-de-la-real-maestranza-abre-el-plazo-de-matricula-para-el-curso-de-ocio-deportivo-en-equitacion\\\/#primaryimage\"},\"thumbnailUrl\":\"https:\\\/\\\/www.rmcr.org\\\/wp-content\\\/uploads\\\/2014\\\/09\\\/alumnos-ocio-deportivo-plaza.jpg\",\"keywords\":[\"Ense\u00f1anza\"],\"articleSection\":[\"Cursos de Formaci\u00f3n\",\"Ocio Deportivo\"],\"inLanguage\":\"en-US\"},{\"@type\":\"WebPage\",\"@id\":\"https:\\\/\\\/www.rmcr.org\\\/en\\\/2014\\\/09\\\/02\\\/la-escuela-de-equitacion-de-la-real-maestranza-abre-el-plazo-de-matricula-para-el-curso-de-ocio-deportivo-en-equitacion\\\/\",\"url\":\"https:\\\/\\\/www.rmcr.org\\\/en\\\/2014\\\/09\\\/02\\\/la-escuela-de-equitacion-de-la-real-maestranza-abre-el-plazo-de-matricula-para-el-curso-de-ocio-deportivo-en-equitacion\\\/\",\"name\":\"La Escuela de Equitaci\u00f3n de la Real Maestranza abre el plazo de matr\u00edcula para el Curso de Ocio Deportivo en Equitaci\u00f3n - Real Maestranza de Caballer\u00eda de Ronda\",\"isPartOf\":{\"@id\":\"https:\\\/\\\/www.rmcr.org\\\/en\\\/#website\"},\"primaryImageOfPage\":{\"@id\":\"https:\\\/\\\/www.rmcr.org\\\/en\\\/2014\\\/09\\\/02\\\/la-escuela-de-equitacion-de-la-real-maestranza-abre-el-plazo-de-matricula-para-el-curso-de-ocio-deportivo-en-equitacion\\\/#primaryimage\"},\"image\":{\"@id\":\"https:\\\/\\\/www.rmcr.org\\\/en\\\/2014\\\/09\\\/02\\\/la-escuela-de-equitacion-de-la-real-maestranza-abre-el-plazo-de-matricula-para-el-curso-de-ocio-deportivo-en-equitacion\\\/#primaryimage\"},\"thumbnailUrl\":\"https:\\\/\\\/www.rmcr.org\\\/wp-content\\\/uploads\\\/2014\\\/09\\\/alumnos-ocio-deportivo-plaza.jpg\",\"datePublished\":\"2014-09-02T16:18:26+00:00\",\"dateModified\":\"2023-02-14T12:00:34+00:00\",\"breadcrumb\":{\"@id\":\"https:\\\/\\\/www.rmcr.org\\\/en\\\/2014\\\/09\\\/02\\\/la-escuela-de-equitacion-de-la-real-maestranza-abre-el-plazo-de-matricula-para-el-curso-de-ocio-deportivo-en-equitacion\\\/#breadcrumb\"},\"inLanguage\":\"en-US\",\"potentialAction\":[{\"@type\":\"ReadAction\",\"target\":[\"https:\\\/\\\/www.rmcr.org\\\/en\\\/2014\\\/09\\\/02\\\/la-escuela-de-equitacion-de-la-real-maestranza-abre-el-plazo-de-matricula-para-el-curso-de-ocio-deportivo-en-equitacion\\\/\"]}]},{\"@type\":\"ImageObject\",\"inLanguage\":\"en-US\",\"@id\":\"https:\\\/\\\/www.rmcr.org\\\/en\\\/2014\\\/09\\\/02\\\/la-escuela-de-equitacion-de-la-real-maestranza-abre-el-plazo-de-matricula-para-el-curso-de-ocio-deportivo-en-equitacion\\\/#primaryimage\",\"url\":\"https:\\\/\\\/www.rmcr.org\\\/wp-content\\\/uploads\\\/2014\\\/09\\\/alumnos-ocio-deportivo-plaza.jpg\",\"contentUrl\":\"https:\\\/\\\/www.rmcr.org\\\/wp-content\\\/uploads\\\/2014\\\/09\\\/alumnos-ocio-deportivo-plaza.jpg\",\"width\":667,\"height\":500},{\"@type\":\"BreadcrumbList\",\"@id\":\"https:\\\/\\\/www.rmcr.org\\\/en\\\/2014\\\/09\\\/02\\\/la-escuela-de-equitacion-de-la-real-maestranza-abre-el-plazo-de-matricula-para-el-curso-de-ocio-deportivo-en-equitacion\\\/#breadcrumb\",\"itemListElement\":[{\"@type\":\"ListItem\",\"position\":1,\"name\":\"REAL MAESTRANZA DE CABALLER\u00cdA DE RONDA\",\"item\":\"https:\\\/\\\/www.rmcr.org\\\/en\\\/\"},{\"@type\":\"ListItem\",\"position\":2,\"name\":\"La Escuela de Equitaci\u00f3n de la Real Maestranza abre el plazo de matr\u00edcula para el Curso de Ocio Deportivo en Equitaci\u00f3n\"}]},{\"@type\":\"WebSite\",\"@id\":\"https:\\\/\\\/www.rmcr.org\\\/en\\\/#website\",\"url\":\"https:\\\/\\\/www.rmcr.org\\\/en\\\/\",\"name\":\"Real Maestranza de Caballer\u00eda de Ronda\",\"description\":\"Real Maestranza de Caballer\u00eda de Ronda\",\"publisher\":{\"@id\":\"https:\\\/\\\/www.rmcr.org\\\/en\\\/#organization\"},\"alternateName\":\"RMCR\",\"potentialAction\":[{\"@type\":\"SearchAction\",\"target\":{\"@type\":\"EntryPoint\",\"urlTemplate\":\"https:\\\/\\\/www.rmcr.org\\\/en\\\/?s={search_term_string}\"},\"query-input\":{\"@type\":\"PropertyValueSpecification\",\"valueRequired\":true,\"valueName\":\"search_term_string\"}}],\"inLanguage\":\"en-US\"},{\"@type\":\"Organization\",\"@id\":\"https:\\\/\\\/www.rmcr.org\\\/en\\\/#organization\",\"name\":\"Real Maestranza de Caballer\u00eda de Ronda\",\"alternateName\":\"RMR\",\"url\":\"https:\\\/\\\/www.rmcr.org\\\/en\\\/\",\"logo\":{\"@type\":\"ImageObject\",\"inLanguage\":\"en-US\",\"@id\":\"https:\\\/\\\/www.rmcr.org\\\/en\\\/#\\\/schema\\\/logo\\\/image\\\/\",\"url\":\"https:\\\/\\\/www.rmcr.org\\\/wp-content\\\/uploads\\\/2022\\\/07\\\/logo-rmr-blue.svg\",\"contentUrl\":\"https:\\\/\\\/www.rmcr.org\\\/wp-content\\\/uploads\\\/2022\\\/07\\\/logo-rmr-blue.svg\",\"width\":131,\"height\":129,\"caption\":\"Real Maestranza de Caballer\u00eda de Ronda\"},\"image\":{\"@id\":\"https:\\\/\\\/www.rmcr.org\\\/en\\\/#\\\/schema\\\/logo\\\/image\\\/\"},\"sameAs\":[\"https:\\\/\\\/www.facebook.com\\\/plazadetorosronda\",\"https:\\\/\\\/x.com\\\/PlazatorosRMR\",\"https:\\\/\\\/www.instagram.com\\\/realmaestranzaderonda\\\/\",\"https:\\\/\\\/www.youtube.com\\\/channel\\\/UCrbO5IUN-8v_QML739vM4zg\\\/videos\"]},{\"@type\":\"Person\",\"@id\":\"https:\\\/\\\/www.rmcr.org\\\/en\\\/#\\\/schema\\\/person\\\/7ddd0dafda7edd0e407157f93a56df4f\",\"name\":\"RMCR\",\"image\":{\"@type\":\"ImageObject\",\"inLanguage\":\"en-US\",\"@id\":\"https:\\\/\\\/secure.gravatar.com\\\/avatar\\\/adb75798b50800c24baa6a8706037b9469998c49eddeb95935f50f633cff80bb?s=96&d=mm&r=g\",\"url\":\"https:\\\/\\\/secure.gravatar.com\\\/avatar\\\/adb75798b50800c24baa6a8706037b9469998c49eddeb95935f50f633cff80bb?s=96&d=mm&r=g\",\"contentUrl\":\"https:\\\/\\\/secure.gravatar.com\\\/avatar\\\/adb75798b50800c24baa6a8706037b9469998c49eddeb95935f50f633cff80bb?s=96&d=mm&r=g\",\"caption\":\"RMCR\"},\"url\":\"https:\\\/\\\/www.rmcr.org\\\/en\\\/author\\\/bitniks77\\\/\"}]}<\/script>\n<!-- \/ Yoast SEO plugin. -->","yoast_head_json":{"title":"La Escuela de Equitaci\u00f3n de la Real Maestranza abre el plazo de matr\u00edcula para el Curso de Ocio Deportivo en Equitaci\u00f3n - Real Maestranza de Caballer\u00eda de Ronda","robots":{"index":"index","follow":"follow","max-snippet":"max-snippet:-1","max-image-preview":"max-image-preview:large","max-video-preview":"max-video-preview:-1"},"canonical":"https:\/\/www.rmcr.org\/en\/2014\/09\/02\/la-escuela-de-equitacion-de-la-real-maestranza-abre-el-plazo-de-matricula-para-el-curso-de-ocio-deportivo-en-equitacion\/","og_locale":"en_US","og_type":"article","og_title":"La Escuela de Equitaci\u00f3n de la Real Maestranza abre el plazo de matr\u00edcula para el Curso de Ocio Deportivo en Equitaci\u00f3n - Real Maestranza de Caballer\u00eda de Ronda","og_description":"A partir de ma\u00f1ana d\u00eda 03 de septiembre, se abre el plazo de matr\u00edcula para el Curso de Ocio Deportivo. Fechas: Del 01 de octubre de 2014 al 19 de junio de 2015. Lugar: Instalaciones h\u00edpicas de la Real Maestranza de Caballer\u00eda de Ronda. Inscripci\u00f3n: Del 03 de septiembre al 22 de septiembre de 2014. [&hellip;]","og_url":"https:\/\/www.rmcr.org\/en\/2014\/09\/02\/la-escuela-de-equitacion-de-la-real-maestranza-abre-el-plazo-de-matricula-para-el-curso-de-ocio-deportivo-en-equitacion\/","og_site_name":"Real Maestranza de Caballer\u00eda de Ronda","article_publisher":"https:\/\/www.facebook.com\/plazadetorosronda","article_published_time":"2014-09-02T16:18:26+00:00","article_modified_time":"2023-02-14T12:00:34+00:00","og_image":[{"width":667,"height":500,"url":"https:\/\/www.rmcr.org\/wp-content\/uploads\/2014\/09\/alumnos-ocio-deportivo-plaza.jpg","type":"image\/jpeg"}],"author":"RMCR","twitter_card":"summary_large_image","twitter_creator":"@PlazatorosRMR","twitter_site":"@PlazatorosRMR","twitter_misc":{"Written by":"RMCR","Est. reading time":"1 minute"},"schema":{"@context":"https:\/\/schema.org","@graph":[{"@type":"Article","@id":"https:\/\/www.rmcr.org\/en\/2014\/09\/02\/la-escuela-de-equitacion-de-la-real-maestranza-abre-el-plazo-de-matricula-para-el-curso-de-ocio-deportivo-en-equitacion\/#article","isPartOf":{"@id":"https:\/\/www.rmcr.org\/en\/2014\/09\/02\/la-escuela-de-equitacion-de-la-real-maestranza-abre-el-plazo-de-matricula-para-el-curso-de-ocio-deportivo-en-equitacion\/"},"author":{"name":"RMCR","@id":"https:\/\/www.rmcr.org\/en\/#\/schema\/person\/7ddd0dafda7edd0e407157f93a56df4f"},"headline":"La Escuela de Equitaci\u00f3n de la Real Maestranza abre el plazo de matr\u00edcula para el Curso de Ocio Deportivo en Equitaci\u00f3n","datePublished":"2014-09-02T16:18:26+00:00","dateModified":"2023-02-14T12:00:34+00:00","mainEntityOfPage":{"@id":"https:\/\/www.rmcr.org\/en\/2014\/09\/02\/la-escuela-de-equitacion-de-la-real-maestranza-abre-el-plazo-de-matricula-para-el-curso-de-ocio-deportivo-en-equitacion\/"},"wordCount":126,"publisher":{"@id":"https:\/\/www.rmcr.org\/en\/#organization"},"image":{"@id":"https:\/\/www.rmcr.org\/en\/2014\/09\/02\/la-escuela-de-equitacion-de-la-real-maestranza-abre-el-plazo-de-matricula-para-el-curso-de-ocio-deportivo-en-equitacion\/#primaryimage"},"thumbnailUrl":"https:\/\/www.rmcr.org\/wp-content\/uploads\/2014\/09\/alumnos-ocio-deportivo-plaza.jpg","keywords":["Ense\u00f1anza"],"articleSection":["Cursos de Formaci\u00f3n","Ocio Deportivo"],"inLanguage":"en-US"},{"@type":"WebPage","@id":"https:\/\/www.rmcr.org\/en\/2014\/09\/02\/la-escuela-de-equitacion-de-la-real-maestranza-abre-el-plazo-de-matricula-para-el-curso-de-ocio-deportivo-en-equitacion\/","url":"https:\/\/www.rmcr.org\/en\/2014\/09\/02\/la-escuela-de-equitacion-de-la-real-maestranza-abre-el-plazo-de-matricula-para-el-curso-de-ocio-deportivo-en-equitacion\/","name":"La Escuela de Equitaci\u00f3n de la Real Maestranza abre el plazo de matr\u00edcula para el Curso de Ocio Deportivo en Equitaci\u00f3n - Real Maestranza de Caballer\u00eda de Ronda","isPartOf":{"@id":"https:\/\/www.rmcr.org\/en\/#website"},"primaryImageOfPage":{"@id":"https:\/\/www.rmcr.org\/en\/2014\/09\/02\/la-escuela-de-equitacion-de-la-real-maestranza-abre-el-plazo-de-matricula-para-el-curso-de-ocio-deportivo-en-equitacion\/#primaryimage"},"image":{"@id":"https:\/\/www.rmcr.org\/en\/2014\/09\/02\/la-escuela-de-equitacion-de-la-real-maestranza-abre-el-plazo-de-matricula-para-el-curso-de-ocio-deportivo-en-equitacion\/#primaryimage"},"thumbnailUrl":"https:\/\/www.rmcr.org\/wp-content\/uploads\/2014\/09\/alumnos-ocio-deportivo-plaza.jpg","datePublished":"2014-09-02T16:18:26+00:00","dateModified":"2023-02-14T12:00:34+00:00","breadcrumb":{"@id":"https:\/\/www.rmcr.org\/en\/2014\/09\/02\/la-escuela-de-equitacion-de-la-real-maestranza-abre-el-plazo-de-matricula-para-el-curso-de-ocio-deportivo-en-equitacion\/#breadcrumb"},"inLanguage":"en-US","potentialAction":[{"@type":"ReadAction","target":["https:\/\/www.rmcr.org\/en\/2014\/09\/02\/la-escuela-de-equitacion-de-la-real-maestranza-abre-el-plazo-de-matricula-para-el-curso-de-ocio-deportivo-en-equitacion\/"]}]},{"@type":"ImageObject","inLanguage":"en-US","@id":"https:\/\/www.rmcr.org\/en\/2014\/09\/02\/la-escuela-de-equitacion-de-la-real-maestranza-abre-el-plazo-de-matricula-para-el-curso-de-ocio-deportivo-en-equitacion\/#primaryimage","url":"https:\/\/www.rmcr.org\/wp-content\/uploads\/2014\/09\/alumnos-ocio-deportivo-plaza.jpg","contentUrl":"https:\/\/www.rmcr.org\/wp-content\/uploads\/2014\/09\/alumnos-ocio-deportivo-plaza.jpg","width":667,"height":500},{"@type":"BreadcrumbList","@id":"https:\/\/www.rmcr.org\/en\/2014\/09\/02\/la-escuela-de-equitacion-de-la-real-maestranza-abre-el-plazo-de-matricula-para-el-curso-de-ocio-deportivo-en-equitacion\/#breadcrumb","itemListElement":[{"@type":"ListItem","position":1,"name":"REAL MAESTRANZA DE CABALLER\u00cdA DE RONDA","item":"https:\/\/www.rmcr.org\/en\/"},{"@type":"ListItem","position":2,"name":"La Escuela de Equitaci\u00f3n de la Real Maestranza abre el plazo de matr\u00edcula para el Curso de Ocio Deportivo en Equitaci\u00f3n"}]},{"@type":"WebSite","@id":"https:\/\/www.rmcr.org\/en\/#website","url":"https:\/\/www.rmcr.org\/en\/","name":"Real Maestranza de Caballer\u00eda de Ronda","description":"Real Maestranza de Caballer\u00eda de Ronda","publisher":{"@id":"https:\/\/www.rmcr.org\/en\/#organization"},"alternateName":"RMCR","potentialAction":[{"@type":"SearchAction","target":{"@type":"EntryPoint","urlTemplate":"https:\/\/www.rmcr.org\/en\/?s={search_term_string}"},"query-input":{"@type":"PropertyValueSpecification","valueRequired":true,"valueName":"search_term_string"}}],"inLanguage":"en-US"},{"@type":"Organization","@id":"https:\/\/www.rmcr.org\/en\/#organization","name":"Real Maestranza de Caballer\u00eda de Ronda","alternateName":"RMR","url":"https:\/\/www.rmcr.org\/en\/","logo":{"@type":"ImageObject","inLanguage":"en-US","@id":"https:\/\/www.rmcr.org\/en\/#\/schema\/logo\/image\/","url":"https:\/\/www.rmcr.org\/wp-content\/uploads\/2022\/07\/logo-rmr-blue.svg","contentUrl":"https:\/\/www.rmcr.org\/wp-content\/uploads\/2022\/07\/logo-rmr-blue.svg","width":131,"height":129,"caption":"Real Maestranza de Caballer\u00eda de Ronda"},"image":{"@id":"https:\/\/www.rmcr.org\/en\/#\/schema\/logo\/image\/"},"sameAs":["https:\/\/www.facebook.com\/plazadetorosronda","https:\/\/x.com\/PlazatorosRMR","https:\/\/www.instagram.com\/realmaestranzaderonda\/","https:\/\/www.youtube.com\/channel\/UCrbO5IUN-8v_QML739vM4zg\/videos"]},{"@type":"Person","@id":"https:\/\/www.rmcr.org\/en\/#\/schema\/person\/7ddd0dafda7edd0e407157f93a56df4f","name":"RMCR","image":{"@type":"ImageObject","inLanguage":"en-US","@id":"https:\/\/secure.gravatar.com\/avatar\/adb75798b50800c24baa6a8706037b9469998c49eddeb95935f50f633cff80bb?s=96&d=mm&r=g","url":"https:\/\/secure.gravatar.com\/avatar\/adb75798b50800c24baa6a8706037b9469998c49eddeb95935f50f633cff80bb?s=96&d=mm&r=g","contentUrl":"https:\/\/secure.gravatar.com\/avatar\/adb75798b50800c24baa6a8706037b9469998c49eddeb95935f50f633cff80bb?s=96&d=mm&r=g","caption":"RMCR"},"url":"https:\/\/www.rmcr.org\/en\/author\/bitniks77\/"}]}},"_links":{"self":[{"href":"https:\/\/www.rmcr.org\/en\/wp-json\/wp\/v2\/posts\/5878","targetHints":{"allow":["GET"]}}],"collection":[{"href":"https:\/\/www.rmcr.org\/en\/wp-json\/wp\/v2\/posts"}],"about":[{"href":"https:\/\/www.rmcr.org\/en\/wp-json\/wp\/v2\/types\/post"}],"author":[{"embeddable":true,"href":"https:\/\/www.rmcr.org\/en\/wp-json\/wp\/v2\/users\/7"}],"replies":[{"embeddable":true,"href":"https:\/\/www.rmcr.org\/en\/wp-json\/wp\/v2\/comments?post=5878"}],"version-history":[{"count":1,"href":"https:\/\/www.rmcr.org\/en\/wp-json\/wp\/v2\/posts\/5878\/revisions"}],"predecessor-version":[{"id":15436,"href":"https:\/\/www.rmcr.org\/en\/wp-json\/wp\/v2\/posts\/5878\/revisions\/15436"}],"wp:featuredmedia":[{"embeddable":true,"href":"https:\/\/www.rmcr.org\/en\/wp-json\/wp\/v2\/media\/7898"}],"wp:attachment":[{"href":"https:\/\/www.rmcr.org\/en\/wp-json\/wp\/v2\/media?parent=5878"}],"wp:term":[{"taxonomy":"category","embeddable":true,"href":"https:\/\/www.rmcr.org\/en\/wp-json\/wp\/v2\/categories?post=5878"},{"taxonomy":"post_tag","embeddable":true,"href":"https:\/\/www.rmcr.org\/en\/wp-json\/wp\/v2\/tags?post=5878"}],"curies":[{"name":"wp","href":"https:\/\/api.w.org\/{rel}","templated":true}]}}