{"id":5872,"date":"2014-05-07T21:38:16","date_gmt":"2014-05-07T21:38:16","guid":{"rendered":"https:\/\/www.rmcr.org\/?p=5872"},"modified":"2023-02-14T12:07:58","modified_gmt":"2023-02-14T12:07:58","slug":"concurso-nacional-de-doma-clasica-en-la-real-maestranza-de-caballeria-de-ronda","status":"publish","type":"post","link":"https:\/\/www.rmcr.org\/en\/2014\/05\/07\/concurso-nacional-de-doma-clasica-en-la-real-maestranza-de-caballeria-de-ronda\/","title":{"rendered":"Concurso Nacional de Doma Cl\u00e1sica en la Real Maestranza de Caballer\u00eda de Ronda"},"content":{"rendered":"<p><a href=\"https:\/\/www.rmcr.org\/wp-content\/uploads\/2014\/05\/dsc_4049a.jpg\"><img decoding=\"async\" id=\"i-341\" class=\"size-full wp-image\" src=\"https:\/\/www.rmcr.org\/wp-content\/uploads\/2014\/05\/dsc_4049a.jpg?w=650\" alt=\"Imagen\"><\/a><\/p>\n<p>Ma\u00f1ana jueves d\u00eda 8 de mayo a partir de las 10 de la ma\u00f1ana, dar\u00e1n comienzo las pruebas del Concurso Nacional de Doma Cl\u00e1sica que bajo la organizaci\u00f3n de la Escuela de Equitaci\u00f3n de la RMCR se disputr\u00e1 en las instalaciones ecuestres junto a los Ba\u00f1os \u00c1rabes.<\/p>\n<p>Los alumnos del Curso de Ocio Deportivo participar\u00e1n en horario de tarde teniendo previsto la \u00faltima entrega de trofeos a las 19:30 h.<\/p>\n","protected":false},"excerpt":{"rendered":"<p>Ma\u00f1ana jueves d\u00eda 8 de mayo a partir de las 10 de la ma\u00f1ana, dar\u00e1n comienzo las pruebas del Concurso Nacional de Doma Cl\u00e1sica que bajo la organizaci\u00f3n de la Escuela de Equitaci\u00f3n de la RMCR se disputr\u00e1 en las instalaciones ecuestres junto a los Ba\u00f1os \u00c1rabes. Los alumnos del Curso de Ocio Deportivo participar\u00e1n [&hellip;]<\/p>\n","protected":false},"author":7,"featured_media":14635,"comment_status":"closed","ping_status":"open","sticky":false,"template":"","format":"standard","meta":{"footnotes":""},"categories":[45],"tags":[],"class_list":["post-5872","post","type-post","status-publish","format-standard","has-post-thumbnail","hentry","category-sin-categoria-equitacion"],"yoast_head":"<!-- This site is optimized with the Yoast SEO plugin v27.5 - https:\/\/yoast.com\/product\/yoast-seo-wordpress\/ -->\n<title>Concurso Nacional de Doma Cl\u00e1sica en la Real Maestranza de Caballer\u00eda de Ronda - Real Maestranza de Caballer\u00eda de Ronda<\/title>\n<meta name=\"robots\" content=\"index, follow, max-snippet:-1, max-image-preview:large, max-video-preview:-1\" \/>\n<link rel=\"canonical\" href=\"https:\/\/www.rmcr.org\/en\/2014\/05\/07\/concurso-nacional-de-doma-clasica-en-la-real-maestranza-de-caballeria-de-ronda\/\" \/>\n<meta property=\"og:locale\" content=\"en_US\" \/>\n<meta property=\"og:type\" content=\"article\" \/>\n<meta property=\"og:title\" content=\"Concurso Nacional de Doma Cl\u00e1sica en la Real Maestranza de Caballer\u00eda de Ronda - Real Maestranza de Caballer\u00eda de Ronda\" \/>\n<meta property=\"og:description\" content=\"Ma\u00f1ana jueves d\u00eda 8 de mayo a partir de las 10 de la ma\u00f1ana, dar\u00e1n comienzo las pruebas del Concurso Nacional de Doma Cl\u00e1sica que bajo la organizaci\u00f3n de la Escuela de Equitaci\u00f3n de la RMCR se disputr\u00e1 en las instalaciones ecuestres junto a los Ba\u00f1os \u00c1rabes. Los alumnos del Curso de Ocio Deportivo participar\u00e1n [&hellip;]\" \/>\n<meta property=\"og:url\" content=\"https:\/\/www.rmcr.org\/en\/2014\/05\/07\/concurso-nacional-de-doma-clasica-en-la-real-maestranza-de-caballeria-de-ronda\/\" \/>\n<meta property=\"og:site_name\" content=\"Real Maestranza de Caballer\u00eda de Ronda\" \/>\n<meta property=\"article:publisher\" content=\"https:\/\/www.facebook.com\/plazadetorosronda\" \/>\n<meta property=\"article:published_time\" content=\"2014-05-07T21:38:16+00:00\" \/>\n<meta property=\"article:modified_time\" content=\"2023-02-14T12:07:58+00:00\" \/>\n<meta property=\"og:image\" content=\"https:\/\/www.rmcr.org\/wp-content\/uploads\/2014\/05\/dsc_4049a.jpg\" \/>\n\t<meta property=\"og:image:width\" content=\"701\" \/>\n\t<meta property=\"og:image:height\" content=\"481\" \/>\n\t<meta property=\"og:image:type\" content=\"image\/jpeg\" \/>\n<meta name=\"author\" content=\"RMCR\" \/>\n<meta name=\"twitter:card\" content=\"summary_large_image\" \/>\n<meta name=\"twitter:creator\" content=\"@PlazatorosRMR\" \/>\n<meta name=\"twitter:site\" content=\"@PlazatorosRMR\" \/>\n<meta name=\"twitter:label1\" content=\"Written by\" \/>\n\t<meta name=\"twitter:data1\" content=\"RMCR\" \/>\n<script type=\"application\/ld+json\" class=\"yoast-schema-graph\">{\"@context\":\"https:\\\/\\\/schema.org\",\"@graph\":[{\"@type\":\"Article\",\"@id\":\"https:\\\/\\\/www.rmcr.org\\\/en\\\/2014\\\/05\\\/07\\\/concurso-nacional-de-doma-clasica-en-la-real-maestranza-de-caballeria-de-ronda\\\/#article\",\"isPartOf\":{\"@id\":\"https:\\\/\\\/www.rmcr.org\\\/en\\\/2014\\\/05\\\/07\\\/concurso-nacional-de-doma-clasica-en-la-real-maestranza-de-caballeria-de-ronda\\\/\"},\"author\":{\"name\":\"RMCR\",\"@id\":\"https:\\\/\\\/www.rmcr.org\\\/en\\\/#\\\/schema\\\/person\\\/7ddd0dafda7edd0e407157f93a56df4f\"},\"headline\":\"Concurso Nacional de Doma Cl\u00e1sica en la Real Maestranza de Caballer\u00eda de Ronda\",\"datePublished\":\"2014-05-07T21:38:16+00:00\",\"dateModified\":\"2023-02-14T12:07:58+00:00\",\"mainEntityOfPage\":{\"@id\":\"https:\\\/\\\/www.rmcr.org\\\/en\\\/2014\\\/05\\\/07\\\/concurso-nacional-de-doma-clasica-en-la-real-maestranza-de-caballeria-de-ronda\\\/\"},\"wordCount\":91,\"publisher\":{\"@id\":\"https:\\\/\\\/www.rmcr.org\\\/en\\\/#organization\"},\"image\":{\"@id\":\"https:\\\/\\\/www.rmcr.org\\\/en\\\/2014\\\/05\\\/07\\\/concurso-nacional-de-doma-clasica-en-la-real-maestranza-de-caballeria-de-ronda\\\/#primaryimage\"},\"thumbnailUrl\":\"https:\\\/\\\/www.rmcr.org\\\/wp-content\\\/uploads\\\/2014\\\/05\\\/dsc_4049a.jpg\",\"articleSection\":[\"Sin categor\u00eda Equitaci\u00f3n\"],\"inLanguage\":\"en-US\"},{\"@type\":\"WebPage\",\"@id\":\"https:\\\/\\\/www.rmcr.org\\\/en\\\/2014\\\/05\\\/07\\\/concurso-nacional-de-doma-clasica-en-la-real-maestranza-de-caballeria-de-ronda\\\/\",\"url\":\"https:\\\/\\\/www.rmcr.org\\\/en\\\/2014\\\/05\\\/07\\\/concurso-nacional-de-doma-clasica-en-la-real-maestranza-de-caballeria-de-ronda\\\/\",\"name\":\"Concurso Nacional de Doma Cl\u00e1sica en la Real Maestranza de Caballer\u00eda de Ronda - Real Maestranza de Caballer\u00eda de Ronda\",\"isPartOf\":{\"@id\":\"https:\\\/\\\/www.rmcr.org\\\/en\\\/#website\"},\"primaryImageOfPage\":{\"@id\":\"https:\\\/\\\/www.rmcr.org\\\/en\\\/2014\\\/05\\\/07\\\/concurso-nacional-de-doma-clasica-en-la-real-maestranza-de-caballeria-de-ronda\\\/#primaryimage\"},\"image\":{\"@id\":\"https:\\\/\\\/www.rmcr.org\\\/en\\\/2014\\\/05\\\/07\\\/concurso-nacional-de-doma-clasica-en-la-real-maestranza-de-caballeria-de-ronda\\\/#primaryimage\"},\"thumbnailUrl\":\"https:\\\/\\\/www.rmcr.org\\\/wp-content\\\/uploads\\\/2014\\\/05\\\/dsc_4049a.jpg\",\"datePublished\":\"2014-05-07T21:38:16+00:00\",\"dateModified\":\"2023-02-14T12:07:58+00:00\",\"breadcrumb\":{\"@id\":\"https:\\\/\\\/www.rmcr.org\\\/en\\\/2014\\\/05\\\/07\\\/concurso-nacional-de-doma-clasica-en-la-real-maestranza-de-caballeria-de-ronda\\\/#breadcrumb\"},\"inLanguage\":\"en-US\",\"potentialAction\":[{\"@type\":\"ReadAction\",\"target\":[\"https:\\\/\\\/www.rmcr.org\\\/en\\\/2014\\\/05\\\/07\\\/concurso-nacional-de-doma-clasica-en-la-real-maestranza-de-caballeria-de-ronda\\\/\"]}]},{\"@type\":\"ImageObject\",\"inLanguage\":\"en-US\",\"@id\":\"https:\\\/\\\/www.rmcr.org\\\/en\\\/2014\\\/05\\\/07\\\/concurso-nacional-de-doma-clasica-en-la-real-maestranza-de-caballeria-de-ronda\\\/#primaryimage\",\"url\":\"https:\\\/\\\/www.rmcr.org\\\/wp-content\\\/uploads\\\/2014\\\/05\\\/dsc_4049a.jpg\",\"contentUrl\":\"https:\\\/\\\/www.rmcr.org\\\/wp-content\\\/uploads\\\/2014\\\/05\\\/dsc_4049a.jpg\",\"width\":701,\"height\":481},{\"@type\":\"BreadcrumbList\",\"@id\":\"https:\\\/\\\/www.rmcr.org\\\/en\\\/2014\\\/05\\\/07\\\/concurso-nacional-de-doma-clasica-en-la-real-maestranza-de-caballeria-de-ronda\\\/#breadcrumb\",\"itemListElement\":[{\"@type\":\"ListItem\",\"position\":1,\"name\":\"REAL MAESTRANZA DE CABALLER\u00cdA DE RONDA\",\"item\":\"https:\\\/\\\/www.rmcr.org\\\/en\\\/\"},{\"@type\":\"ListItem\",\"position\":2,\"name\":\"Concurso Nacional de Doma Cl\u00e1sica en la Real Maestranza de Caballer\u00eda de Ronda\"}]},{\"@type\":\"WebSite\",\"@id\":\"https:\\\/\\\/www.rmcr.org\\\/en\\\/#website\",\"url\":\"https:\\\/\\\/www.rmcr.org\\\/en\\\/\",\"name\":\"Real Maestranza de Caballer\u00eda de Ronda\",\"description\":\"Real Maestranza de Caballer\u00eda de Ronda\",\"publisher\":{\"@id\":\"https:\\\/\\\/www.rmcr.org\\\/en\\\/#organization\"},\"alternateName\":\"RMCR\",\"potentialAction\":[{\"@type\":\"SearchAction\",\"target\":{\"@type\":\"EntryPoint\",\"urlTemplate\":\"https:\\\/\\\/www.rmcr.org\\\/en\\\/?s={search_term_string}\"},\"query-input\":{\"@type\":\"PropertyValueSpecification\",\"valueRequired\":true,\"valueName\":\"search_term_string\"}}],\"inLanguage\":\"en-US\"},{\"@type\":\"Organization\",\"@id\":\"https:\\\/\\\/www.rmcr.org\\\/en\\\/#organization\",\"name\":\"Real Maestranza de Caballer\u00eda de Ronda\",\"alternateName\":\"RMR\",\"url\":\"https:\\\/\\\/www.rmcr.org\\\/en\\\/\",\"logo\":{\"@type\":\"ImageObject\",\"inLanguage\":\"en-US\",\"@id\":\"https:\\\/\\\/www.rmcr.org\\\/en\\\/#\\\/schema\\\/logo\\\/image\\\/\",\"url\":\"https:\\\/\\\/www.rmcr.org\\\/wp-content\\\/uploads\\\/2022\\\/07\\\/logo-rmr-blue.svg\",\"contentUrl\":\"https:\\\/\\\/www.rmcr.org\\\/wp-content\\\/uploads\\\/2022\\\/07\\\/logo-rmr-blue.svg\",\"width\":131,\"height\":129,\"caption\":\"Real Maestranza de Caballer\u00eda de Ronda\"},\"image\":{\"@id\":\"https:\\\/\\\/www.rmcr.org\\\/en\\\/#\\\/schema\\\/logo\\\/image\\\/\"},\"sameAs\":[\"https:\\\/\\\/www.facebook.com\\\/plazadetorosronda\",\"https:\\\/\\\/x.com\\\/PlazatorosRMR\",\"https:\\\/\\\/www.instagram.com\\\/realmaestranzaderonda\\\/\",\"https:\\\/\\\/www.youtube.com\\\/channel\\\/UCrbO5IUN-8v_QML739vM4zg\\\/videos\"]},{\"@type\":\"Person\",\"@id\":\"https:\\\/\\\/www.rmcr.org\\\/en\\\/#\\\/schema\\\/person\\\/7ddd0dafda7edd0e407157f93a56df4f\",\"name\":\"RMCR\",\"image\":{\"@type\":\"ImageObject\",\"inLanguage\":\"en-US\",\"@id\":\"https:\\\/\\\/secure.gravatar.com\\\/avatar\\\/adb75798b50800c24baa6a8706037b9469998c49eddeb95935f50f633cff80bb?s=96&d=mm&r=g\",\"url\":\"https:\\\/\\\/secure.gravatar.com\\\/avatar\\\/adb75798b50800c24baa6a8706037b9469998c49eddeb95935f50f633cff80bb?s=96&d=mm&r=g\",\"contentUrl\":\"https:\\\/\\\/secure.gravatar.com\\\/avatar\\\/adb75798b50800c24baa6a8706037b9469998c49eddeb95935f50f633cff80bb?s=96&d=mm&r=g\",\"caption\":\"RMCR\"},\"url\":\"https:\\\/\\\/www.rmcr.org\\\/en\\\/author\\\/bitniks77\\\/\"}]}<\/script>\n<!-- \/ Yoast SEO plugin. -->","yoast_head_json":{"title":"Concurso Nacional de Doma Cl\u00e1sica en la Real Maestranza de Caballer\u00eda de Ronda - Real Maestranza de Caballer\u00eda de Ronda","robots":{"index":"index","follow":"follow","max-snippet":"max-snippet:-1","max-image-preview":"max-image-preview:large","max-video-preview":"max-video-preview:-1"},"canonical":"https:\/\/www.rmcr.org\/en\/2014\/05\/07\/concurso-nacional-de-doma-clasica-en-la-real-maestranza-de-caballeria-de-ronda\/","og_locale":"en_US","og_type":"article","og_title":"Concurso Nacional de Doma Cl\u00e1sica en la Real Maestranza de Caballer\u00eda de Ronda - Real Maestranza de Caballer\u00eda de Ronda","og_description":"Ma\u00f1ana jueves d\u00eda 8 de mayo a partir de las 10 de la ma\u00f1ana, dar\u00e1n comienzo las pruebas del Concurso Nacional de Doma Cl\u00e1sica que bajo la organizaci\u00f3n de la Escuela de Equitaci\u00f3n de la RMCR se disputr\u00e1 en las instalaciones ecuestres junto a los Ba\u00f1os \u00c1rabes. Los alumnos del Curso de Ocio Deportivo participar\u00e1n [&hellip;]","og_url":"https:\/\/www.rmcr.org\/en\/2014\/05\/07\/concurso-nacional-de-doma-clasica-en-la-real-maestranza-de-caballeria-de-ronda\/","og_site_name":"Real Maestranza de Caballer\u00eda de Ronda","article_publisher":"https:\/\/www.facebook.com\/plazadetorosronda","article_published_time":"2014-05-07T21:38:16+00:00","article_modified_time":"2023-02-14T12:07:58+00:00","og_image":[{"width":701,"height":481,"url":"https:\/\/www.rmcr.org\/wp-content\/uploads\/2014\/05\/dsc_4049a.jpg","type":"image\/jpeg"}],"author":"RMCR","twitter_card":"summary_large_image","twitter_creator":"@PlazatorosRMR","twitter_site":"@PlazatorosRMR","twitter_misc":{"Written by":"RMCR"},"schema":{"@context":"https:\/\/schema.org","@graph":[{"@type":"Article","@id":"https:\/\/www.rmcr.org\/en\/2014\/05\/07\/concurso-nacional-de-doma-clasica-en-la-real-maestranza-de-caballeria-de-ronda\/#article","isPartOf":{"@id":"https:\/\/www.rmcr.org\/en\/2014\/05\/07\/concurso-nacional-de-doma-clasica-en-la-real-maestranza-de-caballeria-de-ronda\/"},"author":{"name":"RMCR","@id":"https:\/\/www.rmcr.org\/en\/#\/schema\/person\/7ddd0dafda7edd0e407157f93a56df4f"},"headline":"Concurso Nacional de Doma Cl\u00e1sica en la Real Maestranza de Caballer\u00eda de Ronda","datePublished":"2014-05-07T21:38:16+00:00","dateModified":"2023-02-14T12:07:58+00:00","mainEntityOfPage":{"@id":"https:\/\/www.rmcr.org\/en\/2014\/05\/07\/concurso-nacional-de-doma-clasica-en-la-real-maestranza-de-caballeria-de-ronda\/"},"wordCount":91,"publisher":{"@id":"https:\/\/www.rmcr.org\/en\/#organization"},"image":{"@id":"https:\/\/www.rmcr.org\/en\/2014\/05\/07\/concurso-nacional-de-doma-clasica-en-la-real-maestranza-de-caballeria-de-ronda\/#primaryimage"},"thumbnailUrl":"https:\/\/www.rmcr.org\/wp-content\/uploads\/2014\/05\/dsc_4049a.jpg","articleSection":["Sin categor\u00eda Equitaci\u00f3n"],"inLanguage":"en-US"},{"@type":"WebPage","@id":"https:\/\/www.rmcr.org\/en\/2014\/05\/07\/concurso-nacional-de-doma-clasica-en-la-real-maestranza-de-caballeria-de-ronda\/","url":"https:\/\/www.rmcr.org\/en\/2014\/05\/07\/concurso-nacional-de-doma-clasica-en-la-real-maestranza-de-caballeria-de-ronda\/","name":"Concurso Nacional de Doma Cl\u00e1sica en la Real Maestranza de Caballer\u00eda de Ronda - Real Maestranza de Caballer\u00eda de Ronda","isPartOf":{"@id":"https:\/\/www.rmcr.org\/en\/#website"},"primaryImageOfPage":{"@id":"https:\/\/www.rmcr.org\/en\/2014\/05\/07\/concurso-nacional-de-doma-clasica-en-la-real-maestranza-de-caballeria-de-ronda\/#primaryimage"},"image":{"@id":"https:\/\/www.rmcr.org\/en\/2014\/05\/07\/concurso-nacional-de-doma-clasica-en-la-real-maestranza-de-caballeria-de-ronda\/#primaryimage"},"thumbnailUrl":"https:\/\/www.rmcr.org\/wp-content\/uploads\/2014\/05\/dsc_4049a.jpg","datePublished":"2014-05-07T21:38:16+00:00","dateModified":"2023-02-14T12:07:58+00:00","breadcrumb":{"@id":"https:\/\/www.rmcr.org\/en\/2014\/05\/07\/concurso-nacional-de-doma-clasica-en-la-real-maestranza-de-caballeria-de-ronda\/#breadcrumb"},"inLanguage":"en-US","potentialAction":[{"@type":"ReadAction","target":["https:\/\/www.rmcr.org\/en\/2014\/05\/07\/concurso-nacional-de-doma-clasica-en-la-real-maestranza-de-caballeria-de-ronda\/"]}]},{"@type":"ImageObject","inLanguage":"en-US","@id":"https:\/\/www.rmcr.org\/en\/2014\/05\/07\/concurso-nacional-de-doma-clasica-en-la-real-maestranza-de-caballeria-de-ronda\/#primaryimage","url":"https:\/\/www.rmcr.org\/wp-content\/uploads\/2014\/05\/dsc_4049a.jpg","contentUrl":"https:\/\/www.rmcr.org\/wp-content\/uploads\/2014\/05\/dsc_4049a.jpg","width":701,"height":481},{"@type":"BreadcrumbList","@id":"https:\/\/www.rmcr.org\/en\/2014\/05\/07\/concurso-nacional-de-doma-clasica-en-la-real-maestranza-de-caballeria-de-ronda\/#breadcrumb","itemListElement":[{"@type":"ListItem","position":1,"name":"REAL MAESTRANZA DE CABALLER\u00cdA DE RONDA","item":"https:\/\/www.rmcr.org\/en\/"},{"@type":"ListItem","position":2,"name":"Concurso Nacional de Doma Cl\u00e1sica en la Real Maestranza de Caballer\u00eda de Ronda"}]},{"@type":"WebSite","@id":"https:\/\/www.rmcr.org\/en\/#website","url":"https:\/\/www.rmcr.org\/en\/","name":"Real Maestranza de Caballer\u00eda de Ronda","description":"Real Maestranza de Caballer\u00eda de Ronda","publisher":{"@id":"https:\/\/www.rmcr.org\/en\/#organization"},"alternateName":"RMCR","potentialAction":[{"@type":"SearchAction","target":{"@type":"EntryPoint","urlTemplate":"https:\/\/www.rmcr.org\/en\/?s={search_term_string}"},"query-input":{"@type":"PropertyValueSpecification","valueRequired":true,"valueName":"search_term_string"}}],"inLanguage":"en-US"},{"@type":"Organization","@id":"https:\/\/www.rmcr.org\/en\/#organization","name":"Real Maestranza de Caballer\u00eda de Ronda","alternateName":"RMR","url":"https:\/\/www.rmcr.org\/en\/","logo":{"@type":"ImageObject","inLanguage":"en-US","@id":"https:\/\/www.rmcr.org\/en\/#\/schema\/logo\/image\/","url":"https:\/\/www.rmcr.org\/wp-content\/uploads\/2022\/07\/logo-rmr-blue.svg","contentUrl":"https:\/\/www.rmcr.org\/wp-content\/uploads\/2022\/07\/logo-rmr-blue.svg","width":131,"height":129,"caption":"Real Maestranza de Caballer\u00eda de Ronda"},"image":{"@id":"https:\/\/www.rmcr.org\/en\/#\/schema\/logo\/image\/"},"sameAs":["https:\/\/www.facebook.com\/plazadetorosronda","https:\/\/x.com\/PlazatorosRMR","https:\/\/www.instagram.com\/realmaestranzaderonda\/","https:\/\/www.youtube.com\/channel\/UCrbO5IUN-8v_QML739vM4zg\/videos"]},{"@type":"Person","@id":"https:\/\/www.rmcr.org\/en\/#\/schema\/person\/7ddd0dafda7edd0e407157f93a56df4f","name":"RMCR","image":{"@type":"ImageObject","inLanguage":"en-US","@id":"https:\/\/secure.gravatar.com\/avatar\/adb75798b50800c24baa6a8706037b9469998c49eddeb95935f50f633cff80bb?s=96&d=mm&r=g","url":"https:\/\/secure.gravatar.com\/avatar\/adb75798b50800c24baa6a8706037b9469998c49eddeb95935f50f633cff80bb?s=96&d=mm&r=g","contentUrl":"https:\/\/secure.gravatar.com\/avatar\/adb75798b50800c24baa6a8706037b9469998c49eddeb95935f50f633cff80bb?s=96&d=mm&r=g","caption":"RMCR"},"url":"https:\/\/www.rmcr.org\/en\/author\/bitniks77\/"}]}},"_links":{"self":[{"href":"https:\/\/www.rmcr.org\/en\/wp-json\/wp\/v2\/posts\/5872","targetHints":{"allow":["GET"]}}],"collection":[{"href":"https:\/\/www.rmcr.org\/en\/wp-json\/wp\/v2\/posts"}],"about":[{"href":"https:\/\/www.rmcr.org\/en\/wp-json\/wp\/v2\/types\/post"}],"author":[{"embeddable":true,"href":"https:\/\/www.rmcr.org\/en\/wp-json\/wp\/v2\/users\/7"}],"replies":[{"embeddable":true,"href":"https:\/\/www.rmcr.org\/en\/wp-json\/wp\/v2\/comments?post=5872"}],"version-history":[{"count":1,"href":"https:\/\/www.rmcr.org\/en\/wp-json\/wp\/v2\/posts\/5872\/revisions"}],"predecessor-version":[{"id":15444,"href":"https:\/\/www.rmcr.org\/en\/wp-json\/wp\/v2\/posts\/5872\/revisions\/15444"}],"wp:featuredmedia":[{"embeddable":true,"href":"https:\/\/www.rmcr.org\/en\/wp-json\/wp\/v2\/media\/14635"}],"wp:attachment":[{"href":"https:\/\/www.rmcr.org\/en\/wp-json\/wp\/v2\/media?parent=5872"}],"wp:term":[{"taxonomy":"category","embeddable":true,"href":"https:\/\/www.rmcr.org\/en\/wp-json\/wp\/v2\/categories?post=5872"},{"taxonomy":"post_tag","embeddable":true,"href":"https:\/\/www.rmcr.org\/en\/wp-json\/wp\/v2\/tags?post=5872"}],"curies":[{"name":"wp","href":"https:\/\/api.w.org\/{rel}","templated":true}]}}