{"id":5870,"date":"2014-04-09T10:18:54","date_gmt":"2014-04-09T10:18:54","guid":{"rendered":"https:\/\/www.rmcr.org\/?p=5870"},"modified":"2023-02-14T12:09:21","modified_gmt":"2023-02-14T12:09:21","slug":"alumno-de-la-escuela-gana-la-inter-i-en-el-cdn3-de-montenmedio","status":"publish","type":"post","link":"https:\/\/www.rmcr.org\/en\/2014\/04\/09\/alumno-de-la-escuela-gana-la-inter-i-en-el-cdn3-de-montenmedio\/","title":{"rendered":"Un alumno de la Escuela de la RMR gana la Inter I en el CDN3* de Montenmedio"},"content":{"rendered":"<p><a href=\"https:\/\/www.rmcr.org\/wp-content\/uploads\/2014\/04\/la-escuela-en-montenmedio.png\"><img fetchpriority=\"high\" decoding=\"async\" class=\"size-large wp-image-313 aligncenter\" src=\"https:\/\/www.rmcr.org\/wp-content\/uploads\/2014\/04\/la-escuela-en-montenmedio.png?w=470\" alt=\"La escuela en Montenmedio\" width=\"470\" height=\"220\" srcset=\"https:\/\/www.rmcr.org\/wp-content\/uploads\/2014\/04\/la-escuela-en-montenmedio.png 562w, https:\/\/www.rmcr.org\/wp-content\/uploads\/2014\/04\/la-escuela-en-montenmedio-300x141.png 300w\" sizes=\"(max-width: 470px) 100vw, 470px\" \/><\/a><\/p>\n<p style=\"text-align:justify;\">Adri\u00e1n Mart\u00edn, alumno de segundo Curso de Jinete Profesor, result\u00f3 ganador en la prueba Inter I del CDN3* de Montenmedio, consiguiendo una nota media de 66,228 %. El d\u00eda anterior con un 64,430 % fue segundo en la prueba de San Jorge.<\/p>\n<p style=\"text-align:justify;\">El&nbsp; profesor de la Escuela, Manuel P\u00e9rez, debut\u00f3 en las pruebas de 6 a\u00f1os al caballo&nbsp; de raza hannoveriana RMR Rubery, consiguiendo un segundo y primer&nbsp; puesto en las pruebas nacionales para caballos de su edad.<\/p>\n<p style=\"text-align:justify;\">La participaci\u00f3n de la Escuela de la RMR en Montenmedio se complet\u00f3 con los otros dos alumnos del segundo Curso de Jinete Profesor mostrando en las pistas una excelente preparaci\u00f3n. Ver\u00f3nica Isaeva fue segunda los dos d\u00edas en J\u00f3venes Jinetes y Andrea Mart\u00edn obtuvo la misma clasificaci\u00f3n en la categor\u00eda de Juveniles.<\/p>\n<p style=\"text-align:justify;\">Aprovechando las magn\u00edficas instalaciones de la Dehesa Montenmedio, tres alumnos de primer Curso junto con tres caballos de 4 y 5 a\u00f1os continuaron su preparaci\u00f3n en las pistas del centro de cara a su participaci\u00f3n en la pr\u00f3xima cita nacional.<\/p>\n<p>&nbsp;<\/p>\n<p>&nbsp;<\/p>\n","protected":false},"excerpt":{"rendered":"<p>Adri\u00e1n Mart\u00edn, alumno de segundo Curso de Jinete Profesor, result\u00f3 ganador en la prueba Inter I del CDN3* de Montenmedio, consiguiendo una nota media de 66,228 %. El d\u00eda anterior con un 64,430 % fue segundo en la prueba de San Jorge. El&nbsp; profesor de la Escuela, Manuel P\u00e9rez, debut\u00f3 en las pruebas de 6 [&hellip;]<\/p>\n","protected":false},"author":7,"featured_media":7724,"comment_status":"closed","ping_status":"open","sticky":false,"template":"","format":"standard","meta":{"footnotes":""},"categories":[65,67],"tags":[66],"class_list":["post-5870","post","type-post","status-publish","format-standard","has-post-thumbnail","hentry","category-actividades-deportivas","category-premios","tag-competicion"],"yoast_head":"<!-- This site is optimized with the Yoast SEO plugin v27.5 - https:\/\/yoast.com\/product\/yoast-seo-wordpress\/ -->\n<title>Un alumno de la Escuela de la RMR gana la Inter I en el CDN3* de Montenmedio - Real Maestranza de Caballer\u00eda de Ronda<\/title>\n<meta name=\"robots\" content=\"index, follow, max-snippet:-1, max-image-preview:large, max-video-preview:-1\" \/>\n<link rel=\"canonical\" href=\"https:\/\/www.rmcr.org\/en\/2014\/04\/09\/alumno-de-la-escuela-gana-la-inter-i-en-el-cdn3-de-montenmedio\/\" \/>\n<meta property=\"og:locale\" content=\"en_US\" \/>\n<meta property=\"og:type\" content=\"article\" \/>\n<meta property=\"og:title\" content=\"Un alumno de la Escuela de la RMR gana la Inter I en el CDN3* de Montenmedio - Real Maestranza de Caballer\u00eda de Ronda\" \/>\n<meta property=\"og:description\" content=\"Adri\u00e1n Mart\u00edn, alumno de segundo Curso de Jinete Profesor, result\u00f3 ganador en la prueba Inter I del CDN3* de Montenmedio, consiguiendo una nota media de 66,228 %. El d\u00eda anterior con un 64,430 % fue segundo en la prueba de San Jorge. El&nbsp; profesor de la Escuela, Manuel P\u00e9rez, debut\u00f3 en las pruebas de 6 [&hellip;]\" \/>\n<meta property=\"og:url\" content=\"https:\/\/www.rmcr.org\/en\/2014\/04\/09\/alumno-de-la-escuela-gana-la-inter-i-en-el-cdn3-de-montenmedio\/\" \/>\n<meta property=\"og:site_name\" content=\"Real Maestranza de Caballer\u00eda de Ronda\" \/>\n<meta property=\"article:publisher\" content=\"https:\/\/www.facebook.com\/plazadetorosronda\" \/>\n<meta property=\"article:published_time\" content=\"2014-04-09T10:18:54+00:00\" \/>\n<meta property=\"article:modified_time\" content=\"2023-02-14T12:09:21+00:00\" \/>\n<meta property=\"og:image\" content=\"https:\/\/www.rmcr.org\/wp-content\/uploads\/2014\/04\/la-escuela-en-montenmedio.png\" \/>\n\t<meta property=\"og:image:width\" content=\"562\" \/>\n\t<meta property=\"og:image:height\" content=\"264\" \/>\n\t<meta property=\"og:image:type\" content=\"image\/png\" \/>\n<meta name=\"author\" content=\"RMCR\" \/>\n<meta name=\"twitter:card\" content=\"summary_large_image\" \/>\n<meta name=\"twitter:creator\" content=\"@PlazatorosRMR\" \/>\n<meta name=\"twitter:site\" content=\"@PlazatorosRMR\" \/>\n<meta name=\"twitter:label1\" content=\"Written by\" \/>\n\t<meta name=\"twitter:data1\" content=\"RMCR\" \/>\n\t<meta name=\"twitter:label2\" content=\"Est. reading time\" \/>\n\t<meta name=\"twitter:data2\" content=\"1 minute\" \/>\n<script type=\"application\/ld+json\" class=\"yoast-schema-graph\">{\"@context\":\"https:\\\/\\\/schema.org\",\"@graph\":[{\"@type\":\"Article\",\"@id\":\"https:\\\/\\\/www.rmcr.org\\\/en\\\/2014\\\/04\\\/09\\\/alumno-de-la-escuela-gana-la-inter-i-en-el-cdn3-de-montenmedio\\\/#article\",\"isPartOf\":{\"@id\":\"https:\\\/\\\/www.rmcr.org\\\/en\\\/2014\\\/04\\\/09\\\/alumno-de-la-escuela-gana-la-inter-i-en-el-cdn3-de-montenmedio\\\/\"},\"author\":{\"name\":\"RMCR\",\"@id\":\"https:\\\/\\\/www.rmcr.org\\\/en\\\/#\\\/schema\\\/person\\\/7ddd0dafda7edd0e407157f93a56df4f\"},\"headline\":\"Un alumno de la Escuela de la RMR gana la Inter I en el CDN3* de Montenmedio\",\"datePublished\":\"2014-04-09T10:18:54+00:00\",\"dateModified\":\"2023-02-14T12:09:21+00:00\",\"mainEntityOfPage\":{\"@id\":\"https:\\\/\\\/www.rmcr.org\\\/en\\\/2014\\\/04\\\/09\\\/alumno-de-la-escuela-gana-la-inter-i-en-el-cdn3-de-montenmedio\\\/\"},\"wordCount\":203,\"publisher\":{\"@id\":\"https:\\\/\\\/www.rmcr.org\\\/en\\\/#organization\"},\"image\":{\"@id\":\"https:\\\/\\\/www.rmcr.org\\\/en\\\/2014\\\/04\\\/09\\\/alumno-de-la-escuela-gana-la-inter-i-en-el-cdn3-de-montenmedio\\\/#primaryimage\"},\"thumbnailUrl\":\"https:\\\/\\\/www.rmcr.org\\\/wp-content\\\/uploads\\\/2014\\\/04\\\/la-escuela-en-montenmedio.png\",\"keywords\":[\"Competici\u00f3n\"],\"articleSection\":[\"Actividades Deportivas\",\"Premios\"],\"inLanguage\":\"en-US\"},{\"@type\":\"WebPage\",\"@id\":\"https:\\\/\\\/www.rmcr.org\\\/en\\\/2014\\\/04\\\/09\\\/alumno-de-la-escuela-gana-la-inter-i-en-el-cdn3-de-montenmedio\\\/\",\"url\":\"https:\\\/\\\/www.rmcr.org\\\/en\\\/2014\\\/04\\\/09\\\/alumno-de-la-escuela-gana-la-inter-i-en-el-cdn3-de-montenmedio\\\/\",\"name\":\"Un alumno de la Escuela de la RMR gana la Inter I en el CDN3* de Montenmedio - Real Maestranza de Caballer\u00eda de Ronda\",\"isPartOf\":{\"@id\":\"https:\\\/\\\/www.rmcr.org\\\/en\\\/#website\"},\"primaryImageOfPage\":{\"@id\":\"https:\\\/\\\/www.rmcr.org\\\/en\\\/2014\\\/04\\\/09\\\/alumno-de-la-escuela-gana-la-inter-i-en-el-cdn3-de-montenmedio\\\/#primaryimage\"},\"image\":{\"@id\":\"https:\\\/\\\/www.rmcr.org\\\/en\\\/2014\\\/04\\\/09\\\/alumno-de-la-escuela-gana-la-inter-i-en-el-cdn3-de-montenmedio\\\/#primaryimage\"},\"thumbnailUrl\":\"https:\\\/\\\/www.rmcr.org\\\/wp-content\\\/uploads\\\/2014\\\/04\\\/la-escuela-en-montenmedio.png\",\"datePublished\":\"2014-04-09T10:18:54+00:00\",\"dateModified\":\"2023-02-14T12:09:21+00:00\",\"breadcrumb\":{\"@id\":\"https:\\\/\\\/www.rmcr.org\\\/en\\\/2014\\\/04\\\/09\\\/alumno-de-la-escuela-gana-la-inter-i-en-el-cdn3-de-montenmedio\\\/#breadcrumb\"},\"inLanguage\":\"en-US\",\"potentialAction\":[{\"@type\":\"ReadAction\",\"target\":[\"https:\\\/\\\/www.rmcr.org\\\/en\\\/2014\\\/04\\\/09\\\/alumno-de-la-escuela-gana-la-inter-i-en-el-cdn3-de-montenmedio\\\/\"]}]},{\"@type\":\"ImageObject\",\"inLanguage\":\"en-US\",\"@id\":\"https:\\\/\\\/www.rmcr.org\\\/en\\\/2014\\\/04\\\/09\\\/alumno-de-la-escuela-gana-la-inter-i-en-el-cdn3-de-montenmedio\\\/#primaryimage\",\"url\":\"https:\\\/\\\/www.rmcr.org\\\/wp-content\\\/uploads\\\/2014\\\/04\\\/la-escuela-en-montenmedio.png\",\"contentUrl\":\"https:\\\/\\\/www.rmcr.org\\\/wp-content\\\/uploads\\\/2014\\\/04\\\/la-escuela-en-montenmedio.png\",\"width\":562,\"height\":264},{\"@type\":\"BreadcrumbList\",\"@id\":\"https:\\\/\\\/www.rmcr.org\\\/en\\\/2014\\\/04\\\/09\\\/alumno-de-la-escuela-gana-la-inter-i-en-el-cdn3-de-montenmedio\\\/#breadcrumb\",\"itemListElement\":[{\"@type\":\"ListItem\",\"position\":1,\"name\":\"REAL MAESTRANZA DE CABALLER\u00cdA DE RONDA\",\"item\":\"https:\\\/\\\/www.rmcr.org\\\/en\\\/\"},{\"@type\":\"ListItem\",\"position\":2,\"name\":\"Un alumno de la Escuela de la RMR gana la Inter I en el CDN3* de Montenmedio\"}]},{\"@type\":\"WebSite\",\"@id\":\"https:\\\/\\\/www.rmcr.org\\\/en\\\/#website\",\"url\":\"https:\\\/\\\/www.rmcr.org\\\/en\\\/\",\"name\":\"Real Maestranza de Caballer\u00eda de Ronda\",\"description\":\"Real Maestranza de Caballer\u00eda de Ronda\",\"publisher\":{\"@id\":\"https:\\\/\\\/www.rmcr.org\\\/en\\\/#organization\"},\"alternateName\":\"RMCR\",\"potentialAction\":[{\"@type\":\"SearchAction\",\"target\":{\"@type\":\"EntryPoint\",\"urlTemplate\":\"https:\\\/\\\/www.rmcr.org\\\/en\\\/?s={search_term_string}\"},\"query-input\":{\"@type\":\"PropertyValueSpecification\",\"valueRequired\":true,\"valueName\":\"search_term_string\"}}],\"inLanguage\":\"en-US\"},{\"@type\":\"Organization\",\"@id\":\"https:\\\/\\\/www.rmcr.org\\\/en\\\/#organization\",\"name\":\"Real Maestranza de Caballer\u00eda de Ronda\",\"alternateName\":\"RMR\",\"url\":\"https:\\\/\\\/www.rmcr.org\\\/en\\\/\",\"logo\":{\"@type\":\"ImageObject\",\"inLanguage\":\"en-US\",\"@id\":\"https:\\\/\\\/www.rmcr.org\\\/en\\\/#\\\/schema\\\/logo\\\/image\\\/\",\"url\":\"https:\\\/\\\/www.rmcr.org\\\/wp-content\\\/uploads\\\/2022\\\/07\\\/logo-rmr-blue.svg\",\"contentUrl\":\"https:\\\/\\\/www.rmcr.org\\\/wp-content\\\/uploads\\\/2022\\\/07\\\/logo-rmr-blue.svg\",\"width\":131,\"height\":129,\"caption\":\"Real Maestranza de Caballer\u00eda de Ronda\"},\"image\":{\"@id\":\"https:\\\/\\\/www.rmcr.org\\\/en\\\/#\\\/schema\\\/logo\\\/image\\\/\"},\"sameAs\":[\"https:\\\/\\\/www.facebook.com\\\/plazadetorosronda\",\"https:\\\/\\\/x.com\\\/PlazatorosRMR\",\"https:\\\/\\\/www.instagram.com\\\/realmaestranzaderonda\\\/\",\"https:\\\/\\\/www.youtube.com\\\/channel\\\/UCrbO5IUN-8v_QML739vM4zg\\\/videos\"]},{\"@type\":\"Person\",\"@id\":\"https:\\\/\\\/www.rmcr.org\\\/en\\\/#\\\/schema\\\/person\\\/7ddd0dafda7edd0e407157f93a56df4f\",\"name\":\"RMCR\",\"image\":{\"@type\":\"ImageObject\",\"inLanguage\":\"en-US\",\"@id\":\"https:\\\/\\\/secure.gravatar.com\\\/avatar\\\/adb75798b50800c24baa6a8706037b9469998c49eddeb95935f50f633cff80bb?s=96&d=mm&r=g\",\"url\":\"https:\\\/\\\/secure.gravatar.com\\\/avatar\\\/adb75798b50800c24baa6a8706037b9469998c49eddeb95935f50f633cff80bb?s=96&d=mm&r=g\",\"contentUrl\":\"https:\\\/\\\/secure.gravatar.com\\\/avatar\\\/adb75798b50800c24baa6a8706037b9469998c49eddeb95935f50f633cff80bb?s=96&d=mm&r=g\",\"caption\":\"RMCR\"},\"url\":\"https:\\\/\\\/www.rmcr.org\\\/en\\\/author\\\/bitniks77\\\/\"}]}<\/script>\n<!-- \/ Yoast SEO plugin. -->","yoast_head_json":{"title":"Un alumno de la Escuela de la RMR gana la Inter I en el CDN3* de Montenmedio - Real Maestranza de Caballer\u00eda de Ronda","robots":{"index":"index","follow":"follow","max-snippet":"max-snippet:-1","max-image-preview":"max-image-preview:large","max-video-preview":"max-video-preview:-1"},"canonical":"https:\/\/www.rmcr.org\/en\/2014\/04\/09\/alumno-de-la-escuela-gana-la-inter-i-en-el-cdn3-de-montenmedio\/","og_locale":"en_US","og_type":"article","og_title":"Un alumno de la Escuela de la RMR gana la Inter I en el CDN3* de Montenmedio - Real Maestranza de Caballer\u00eda de Ronda","og_description":"Adri\u00e1n Mart\u00edn, alumno de segundo Curso de Jinete Profesor, result\u00f3 ganador en la prueba Inter I del CDN3* de Montenmedio, consiguiendo una nota media de 66,228 %. El d\u00eda anterior con un 64,430 % fue segundo en la prueba de San Jorge. El&nbsp; profesor de la Escuela, Manuel P\u00e9rez, debut\u00f3 en las pruebas de 6 [&hellip;]","og_url":"https:\/\/www.rmcr.org\/en\/2014\/04\/09\/alumno-de-la-escuela-gana-la-inter-i-en-el-cdn3-de-montenmedio\/","og_site_name":"Real Maestranza de Caballer\u00eda de Ronda","article_publisher":"https:\/\/www.facebook.com\/plazadetorosronda","article_published_time":"2014-04-09T10:18:54+00:00","article_modified_time":"2023-02-14T12:09:21+00:00","og_image":[{"width":562,"height":264,"url":"https:\/\/www.rmcr.org\/wp-content\/uploads\/2014\/04\/la-escuela-en-montenmedio.png","type":"image\/png"}],"author":"RMCR","twitter_card":"summary_large_image","twitter_creator":"@PlazatorosRMR","twitter_site":"@PlazatorosRMR","twitter_misc":{"Written by":"RMCR","Est. reading time":"1 minute"},"schema":{"@context":"https:\/\/schema.org","@graph":[{"@type":"Article","@id":"https:\/\/www.rmcr.org\/en\/2014\/04\/09\/alumno-de-la-escuela-gana-la-inter-i-en-el-cdn3-de-montenmedio\/#article","isPartOf":{"@id":"https:\/\/www.rmcr.org\/en\/2014\/04\/09\/alumno-de-la-escuela-gana-la-inter-i-en-el-cdn3-de-montenmedio\/"},"author":{"name":"RMCR","@id":"https:\/\/www.rmcr.org\/en\/#\/schema\/person\/7ddd0dafda7edd0e407157f93a56df4f"},"headline":"Un alumno de la Escuela de la RMR gana la Inter I en el CDN3* de Montenmedio","datePublished":"2014-04-09T10:18:54+00:00","dateModified":"2023-02-14T12:09:21+00:00","mainEntityOfPage":{"@id":"https:\/\/www.rmcr.org\/en\/2014\/04\/09\/alumno-de-la-escuela-gana-la-inter-i-en-el-cdn3-de-montenmedio\/"},"wordCount":203,"publisher":{"@id":"https:\/\/www.rmcr.org\/en\/#organization"},"image":{"@id":"https:\/\/www.rmcr.org\/en\/2014\/04\/09\/alumno-de-la-escuela-gana-la-inter-i-en-el-cdn3-de-montenmedio\/#primaryimage"},"thumbnailUrl":"https:\/\/www.rmcr.org\/wp-content\/uploads\/2014\/04\/la-escuela-en-montenmedio.png","keywords":["Competici\u00f3n"],"articleSection":["Actividades Deportivas","Premios"],"inLanguage":"en-US"},{"@type":"WebPage","@id":"https:\/\/www.rmcr.org\/en\/2014\/04\/09\/alumno-de-la-escuela-gana-la-inter-i-en-el-cdn3-de-montenmedio\/","url":"https:\/\/www.rmcr.org\/en\/2014\/04\/09\/alumno-de-la-escuela-gana-la-inter-i-en-el-cdn3-de-montenmedio\/","name":"Un alumno de la Escuela de la RMR gana la Inter I en el CDN3* de Montenmedio - Real Maestranza de Caballer\u00eda de Ronda","isPartOf":{"@id":"https:\/\/www.rmcr.org\/en\/#website"},"primaryImageOfPage":{"@id":"https:\/\/www.rmcr.org\/en\/2014\/04\/09\/alumno-de-la-escuela-gana-la-inter-i-en-el-cdn3-de-montenmedio\/#primaryimage"},"image":{"@id":"https:\/\/www.rmcr.org\/en\/2014\/04\/09\/alumno-de-la-escuela-gana-la-inter-i-en-el-cdn3-de-montenmedio\/#primaryimage"},"thumbnailUrl":"https:\/\/www.rmcr.org\/wp-content\/uploads\/2014\/04\/la-escuela-en-montenmedio.png","datePublished":"2014-04-09T10:18:54+00:00","dateModified":"2023-02-14T12:09:21+00:00","breadcrumb":{"@id":"https:\/\/www.rmcr.org\/en\/2014\/04\/09\/alumno-de-la-escuela-gana-la-inter-i-en-el-cdn3-de-montenmedio\/#breadcrumb"},"inLanguage":"en-US","potentialAction":[{"@type":"ReadAction","target":["https:\/\/www.rmcr.org\/en\/2014\/04\/09\/alumno-de-la-escuela-gana-la-inter-i-en-el-cdn3-de-montenmedio\/"]}]},{"@type":"ImageObject","inLanguage":"en-US","@id":"https:\/\/www.rmcr.org\/en\/2014\/04\/09\/alumno-de-la-escuela-gana-la-inter-i-en-el-cdn3-de-montenmedio\/#primaryimage","url":"https:\/\/www.rmcr.org\/wp-content\/uploads\/2014\/04\/la-escuela-en-montenmedio.png","contentUrl":"https:\/\/www.rmcr.org\/wp-content\/uploads\/2014\/04\/la-escuela-en-montenmedio.png","width":562,"height":264},{"@type":"BreadcrumbList","@id":"https:\/\/www.rmcr.org\/en\/2014\/04\/09\/alumno-de-la-escuela-gana-la-inter-i-en-el-cdn3-de-montenmedio\/#breadcrumb","itemListElement":[{"@type":"ListItem","position":1,"name":"REAL MAESTRANZA DE CABALLER\u00cdA DE RONDA","item":"https:\/\/www.rmcr.org\/en\/"},{"@type":"ListItem","position":2,"name":"Un alumno de la Escuela de la RMR gana la Inter I en el CDN3* de Montenmedio"}]},{"@type":"WebSite","@id":"https:\/\/www.rmcr.org\/en\/#website","url":"https:\/\/www.rmcr.org\/en\/","name":"Real Maestranza de Caballer\u00eda de Ronda","description":"Real Maestranza de Caballer\u00eda de Ronda","publisher":{"@id":"https:\/\/www.rmcr.org\/en\/#organization"},"alternateName":"RMCR","potentialAction":[{"@type":"SearchAction","target":{"@type":"EntryPoint","urlTemplate":"https:\/\/www.rmcr.org\/en\/?s={search_term_string}"},"query-input":{"@type":"PropertyValueSpecification","valueRequired":true,"valueName":"search_term_string"}}],"inLanguage":"en-US"},{"@type":"Organization","@id":"https:\/\/www.rmcr.org\/en\/#organization","name":"Real Maestranza de Caballer\u00eda de Ronda","alternateName":"RMR","url":"https:\/\/www.rmcr.org\/en\/","logo":{"@type":"ImageObject","inLanguage":"en-US","@id":"https:\/\/www.rmcr.org\/en\/#\/schema\/logo\/image\/","url":"https:\/\/www.rmcr.org\/wp-content\/uploads\/2022\/07\/logo-rmr-blue.svg","contentUrl":"https:\/\/www.rmcr.org\/wp-content\/uploads\/2022\/07\/logo-rmr-blue.svg","width":131,"height":129,"caption":"Real Maestranza de Caballer\u00eda de Ronda"},"image":{"@id":"https:\/\/www.rmcr.org\/en\/#\/schema\/logo\/image\/"},"sameAs":["https:\/\/www.facebook.com\/plazadetorosronda","https:\/\/x.com\/PlazatorosRMR","https:\/\/www.instagram.com\/realmaestranzaderonda\/","https:\/\/www.youtube.com\/channel\/UCrbO5IUN-8v_QML739vM4zg\/videos"]},{"@type":"Person","@id":"https:\/\/www.rmcr.org\/en\/#\/schema\/person\/7ddd0dafda7edd0e407157f93a56df4f","name":"RMCR","image":{"@type":"ImageObject","inLanguage":"en-US","@id":"https:\/\/secure.gravatar.com\/avatar\/adb75798b50800c24baa6a8706037b9469998c49eddeb95935f50f633cff80bb?s=96&d=mm&r=g","url":"https:\/\/secure.gravatar.com\/avatar\/adb75798b50800c24baa6a8706037b9469998c49eddeb95935f50f633cff80bb?s=96&d=mm&r=g","contentUrl":"https:\/\/secure.gravatar.com\/avatar\/adb75798b50800c24baa6a8706037b9469998c49eddeb95935f50f633cff80bb?s=96&d=mm&r=g","caption":"RMCR"},"url":"https:\/\/www.rmcr.org\/en\/author\/bitniks77\/"}]}},"_links":{"self":[{"href":"https:\/\/www.rmcr.org\/en\/wp-json\/wp\/v2\/posts\/5870","targetHints":{"allow":["GET"]}}],"collection":[{"href":"https:\/\/www.rmcr.org\/en\/wp-json\/wp\/v2\/posts"}],"about":[{"href":"https:\/\/www.rmcr.org\/en\/wp-json\/wp\/v2\/types\/post"}],"author":[{"embeddable":true,"href":"https:\/\/www.rmcr.org\/en\/wp-json\/wp\/v2\/users\/7"}],"replies":[{"embeddable":true,"href":"https:\/\/www.rmcr.org\/en\/wp-json\/wp\/v2\/comments?post=5870"}],"version-history":[{"count":1,"href":"https:\/\/www.rmcr.org\/en\/wp-json\/wp\/v2\/posts\/5870\/revisions"}],"predecessor-version":[{"id":15446,"href":"https:\/\/www.rmcr.org\/en\/wp-json\/wp\/v2\/posts\/5870\/revisions\/15446"}],"wp:featuredmedia":[{"embeddable":true,"href":"https:\/\/www.rmcr.org\/en\/wp-json\/wp\/v2\/media\/7724"}],"wp:attachment":[{"href":"https:\/\/www.rmcr.org\/en\/wp-json\/wp\/v2\/media?parent=5870"}],"wp:term":[{"taxonomy":"category","embeddable":true,"href":"https:\/\/www.rmcr.org\/en\/wp-json\/wp\/v2\/categories?post=5870"},{"taxonomy":"post_tag","embeddable":true,"href":"https:\/\/www.rmcr.org\/en\/wp-json\/wp\/v2\/tags?post=5870"}],"curies":[{"name":"wp","href":"https:\/\/api.w.org\/{rel}","templated":true}]}}