{"id":5869,"date":"2014-04-09T08:04:14","date_gmt":"2014-04-09T08:04:14","guid":{"rendered":"https:\/\/www.rmcr.org\/?p=5869"},"modified":"2023-02-14T12:10:06","modified_gmt":"2023-02-14T12:10:06","slug":"visita-de-los-alumnos-del-centro-de-formacion-mrf-fonteveille","status":"publish","type":"post","link":"https:\/\/www.rmcr.org\/en\/2014\/04\/09\/visita-de-los-alumnos-del-centro-de-formacion-mrf-fonteveille\/","title":{"rendered":"Visita de los alumnos del Centro de Formaci\u00f3n MRF Fonteveille"},"content":{"rendered":"<p style=\"text-align:justify;\">El pasado jueves 3 de abril, un grupo de 32 alumnos del Centro de Formaci\u00f3n MRF Fonteveille miembro de la Uni\u00f3n Nacional de Casas Familiares de Educaci\u00f3n Rural y Orientaci\u00f3n, situado en la ciudad francesa&nbsp; de Chatellerault,&nbsp; visitaron la Escuela de Equitaci\u00f3n.<\/p>\n<p><a href=\"https:\/\/www.rmcr.org\/wp-content\/uploads\/2014\/04\/alumnos-fonteveille.jpg\"><img fetchpriority=\"high\" decoding=\"async\" class=\"size-large wp-image-308 aligncenter\" src=\"https:\/\/www.rmcr.org\/wp-content\/uploads\/2014\/04\/alumnos-fonteveille.jpg?w=470\" alt=\"Alumnos Fonteveille\" width=\"470\" height=\"377\"><\/a><\/p>\n<p style=\"text-align:justify;\">El centro MRF Fonteveille con experiencia en la formaci\u00f3n de la Equitaci\u00f3n desde hace m\u00e1s de 20 a\u00f1os, ofrece diferentes cursos relacionados con la equitaci\u00f3n. Han sido varias las ocasiones en las que hemos contado con su presencia, mostrando gran inter\u00e9s por completar su formaci\u00f3n en nuestra Escuela.<\/p>\n","protected":false},"excerpt":{"rendered":"<p>El pasado jueves 3 de abril, un grupo de 32 alumnos del Centro de Formaci\u00f3n MRF Fonteveille miembro de la Uni\u00f3n Nacional de Casas Familiares de Educaci\u00f3n Rural y Orientaci\u00f3n, situado en la ciudad francesa&nbsp; de Chatellerault,&nbsp; visitaron la Escuela de Equitaci\u00f3n. El centro MRF Fonteveille con experiencia en la formaci\u00f3n de la Equitaci\u00f3n desde [&hellip;]<\/p>\n","protected":false},"author":7,"featured_media":7688,"comment_status":"closed","ping_status":"open","sticky":false,"template":"","format":"standard","meta":{"footnotes":""},"categories":[56],"tags":[48],"class_list":["post-5869","post","type-post","status-publish","format-standard","has-post-thumbnail","hentry","category-escuela-de-equitacion","tag-centro-de-formacion"],"yoast_head":"<!-- This site is optimized with the Yoast SEO plugin v27.5 - https:\/\/yoast.com\/product\/yoast-seo-wordpress\/ -->\n<title>Visita de los alumnos del Centro de Formaci\u00f3n MRF Fonteveille - Real Maestranza de Caballer\u00eda de Ronda<\/title>\n<meta name=\"robots\" content=\"index, follow, max-snippet:-1, max-image-preview:large, max-video-preview:-1\" \/>\n<link rel=\"canonical\" href=\"https:\/\/www.rmcr.org\/en\/2014\/04\/09\/visita-de-los-alumnos-del-centro-de-formacion-mrf-fonteveille\/\" \/>\n<meta property=\"og:locale\" content=\"en_US\" \/>\n<meta property=\"og:type\" content=\"article\" \/>\n<meta property=\"og:title\" content=\"Visita de los alumnos del Centro de Formaci\u00f3n MRF Fonteveille - Real Maestranza de Caballer\u00eda de Ronda\" \/>\n<meta property=\"og:description\" content=\"El pasado jueves 3 de abril, un grupo de 32 alumnos del Centro de Formaci\u00f3n MRF Fonteveille miembro de la Uni\u00f3n Nacional de Casas Familiares de Educaci\u00f3n Rural y Orientaci\u00f3n, situado en la ciudad francesa&nbsp; de Chatellerault,&nbsp; visitaron la Escuela de Equitaci\u00f3n. El centro MRF Fonteveille con experiencia en la formaci\u00f3n de la Equitaci\u00f3n desde [&hellip;]\" \/>\n<meta property=\"og:url\" content=\"https:\/\/www.rmcr.org\/en\/2014\/04\/09\/visita-de-los-alumnos-del-centro-de-formacion-mrf-fonteveille\/\" \/>\n<meta property=\"og:site_name\" content=\"Real Maestranza de Caballer\u00eda de Ronda\" \/>\n<meta property=\"article:publisher\" content=\"https:\/\/www.facebook.com\/plazadetorosronda\" \/>\n<meta property=\"article:published_time\" content=\"2014-04-09T08:04:14+00:00\" \/>\n<meta property=\"article:modified_time\" content=\"2023-02-14T12:10:06+00:00\" \/>\n<meta property=\"og:image\" content=\"https:\/\/www.rmcr.org\/wp-content\/uploads\/2014\/04\/alumnos-fonteveille-1024x822.jpg\" \/>\n\t<meta property=\"og:image:width\" content=\"1024\" \/>\n\t<meta property=\"og:image:height\" content=\"822\" \/>\n\t<meta property=\"og:image:type\" content=\"image\/jpeg\" \/>\n<meta name=\"author\" content=\"RMCR\" \/>\n<meta name=\"twitter:card\" content=\"summary_large_image\" \/>\n<meta name=\"twitter:creator\" content=\"@PlazatorosRMR\" \/>\n<meta name=\"twitter:site\" content=\"@PlazatorosRMR\" \/>\n<meta name=\"twitter:label1\" content=\"Written by\" \/>\n\t<meta name=\"twitter:data1\" content=\"RMCR\" \/>\n\t<meta name=\"twitter:label2\" content=\"Est. reading time\" \/>\n\t<meta name=\"twitter:data2\" content=\"1 minute\" \/>\n<script type=\"application\/ld+json\" class=\"yoast-schema-graph\">{\"@context\":\"https:\\\/\\\/schema.org\",\"@graph\":[{\"@type\":\"Article\",\"@id\":\"https:\\\/\\\/www.rmcr.org\\\/en\\\/2014\\\/04\\\/09\\\/visita-de-los-alumnos-del-centro-de-formacion-mrf-fonteveille\\\/#article\",\"isPartOf\":{\"@id\":\"https:\\\/\\\/www.rmcr.org\\\/en\\\/2014\\\/04\\\/09\\\/visita-de-los-alumnos-del-centro-de-formacion-mrf-fonteveille\\\/\"},\"author\":{\"name\":\"RMCR\",\"@id\":\"https:\\\/\\\/www.rmcr.org\\\/en\\\/#\\\/schema\\\/person\\\/7ddd0dafda7edd0e407157f93a56df4f\"},\"headline\":\"Visita de los alumnos del Centro de Formaci\u00f3n MRF Fonteveille\",\"datePublished\":\"2014-04-09T08:04:14+00:00\",\"dateModified\":\"2023-02-14T12:10:06+00:00\",\"mainEntityOfPage\":{\"@id\":\"https:\\\/\\\/www.rmcr.org\\\/en\\\/2014\\\/04\\\/09\\\/visita-de-los-alumnos-del-centro-de-formacion-mrf-fonteveille\\\/\"},\"wordCount\":112,\"publisher\":{\"@id\":\"https:\\\/\\\/www.rmcr.org\\\/en\\\/#organization\"},\"image\":{\"@id\":\"https:\\\/\\\/www.rmcr.org\\\/en\\\/2014\\\/04\\\/09\\\/visita-de-los-alumnos-del-centro-de-formacion-mrf-fonteveille\\\/#primaryimage\"},\"thumbnailUrl\":\"https:\\\/\\\/www.rmcr.org\\\/wp-content\\\/uploads\\\/2014\\\/04\\\/alumnos-fonteveille.jpg\",\"keywords\":[\"Centro de Formaci\u00f3n\"],\"articleSection\":[\"Escuela de Equitaci\u00f3n\"],\"inLanguage\":\"en-US\"},{\"@type\":\"WebPage\",\"@id\":\"https:\\\/\\\/www.rmcr.org\\\/en\\\/2014\\\/04\\\/09\\\/visita-de-los-alumnos-del-centro-de-formacion-mrf-fonteveille\\\/\",\"url\":\"https:\\\/\\\/www.rmcr.org\\\/en\\\/2014\\\/04\\\/09\\\/visita-de-los-alumnos-del-centro-de-formacion-mrf-fonteveille\\\/\",\"name\":\"Visita de los alumnos del Centro de Formaci\u00f3n MRF Fonteveille - Real Maestranza de Caballer\u00eda de Ronda\",\"isPartOf\":{\"@id\":\"https:\\\/\\\/www.rmcr.org\\\/en\\\/#website\"},\"primaryImageOfPage\":{\"@id\":\"https:\\\/\\\/www.rmcr.org\\\/en\\\/2014\\\/04\\\/09\\\/visita-de-los-alumnos-del-centro-de-formacion-mrf-fonteveille\\\/#primaryimage\"},\"image\":{\"@id\":\"https:\\\/\\\/www.rmcr.org\\\/en\\\/2014\\\/04\\\/09\\\/visita-de-los-alumnos-del-centro-de-formacion-mrf-fonteveille\\\/#primaryimage\"},\"thumbnailUrl\":\"https:\\\/\\\/www.rmcr.org\\\/wp-content\\\/uploads\\\/2014\\\/04\\\/alumnos-fonteveille.jpg\",\"datePublished\":\"2014-04-09T08:04:14+00:00\",\"dateModified\":\"2023-02-14T12:10:06+00:00\",\"breadcrumb\":{\"@id\":\"https:\\\/\\\/www.rmcr.org\\\/en\\\/2014\\\/04\\\/09\\\/visita-de-los-alumnos-del-centro-de-formacion-mrf-fonteveille\\\/#breadcrumb\"},\"inLanguage\":\"en-US\",\"potentialAction\":[{\"@type\":\"ReadAction\",\"target\":[\"https:\\\/\\\/www.rmcr.org\\\/en\\\/2014\\\/04\\\/09\\\/visita-de-los-alumnos-del-centro-de-formacion-mrf-fonteveille\\\/\"]}]},{\"@type\":\"ImageObject\",\"inLanguage\":\"en-US\",\"@id\":\"https:\\\/\\\/www.rmcr.org\\\/en\\\/2014\\\/04\\\/09\\\/visita-de-los-alumnos-del-centro-de-formacion-mrf-fonteveille\\\/#primaryimage\",\"url\":\"https:\\\/\\\/www.rmcr.org\\\/wp-content\\\/uploads\\\/2014\\\/04\\\/alumnos-fonteveille.jpg\",\"contentUrl\":\"https:\\\/\\\/www.rmcr.org\\\/wp-content\\\/uploads\\\/2014\\\/04\\\/alumnos-fonteveille.jpg\",\"width\":2303,\"height\":1849},{\"@type\":\"BreadcrumbList\",\"@id\":\"https:\\\/\\\/www.rmcr.org\\\/en\\\/2014\\\/04\\\/09\\\/visita-de-los-alumnos-del-centro-de-formacion-mrf-fonteveille\\\/#breadcrumb\",\"itemListElement\":[{\"@type\":\"ListItem\",\"position\":1,\"name\":\"REAL MAESTRANZA DE CABALLER\u00cdA DE RONDA\",\"item\":\"https:\\\/\\\/www.rmcr.org\\\/en\\\/\"},{\"@type\":\"ListItem\",\"position\":2,\"name\":\"Visita de los alumnos del Centro de Formaci\u00f3n MRF Fonteveille\"}]},{\"@type\":\"WebSite\",\"@id\":\"https:\\\/\\\/www.rmcr.org\\\/en\\\/#website\",\"url\":\"https:\\\/\\\/www.rmcr.org\\\/en\\\/\",\"name\":\"Real Maestranza de Caballer\u00eda de Ronda\",\"description\":\"Real Maestranza de Caballer\u00eda de Ronda\",\"publisher\":{\"@id\":\"https:\\\/\\\/www.rmcr.org\\\/en\\\/#organization\"},\"alternateName\":\"RMCR\",\"potentialAction\":[{\"@type\":\"SearchAction\",\"target\":{\"@type\":\"EntryPoint\",\"urlTemplate\":\"https:\\\/\\\/www.rmcr.org\\\/en\\\/?s={search_term_string}\"},\"query-input\":{\"@type\":\"PropertyValueSpecification\",\"valueRequired\":true,\"valueName\":\"search_term_string\"}}],\"inLanguage\":\"en-US\"},{\"@type\":\"Organization\",\"@id\":\"https:\\\/\\\/www.rmcr.org\\\/en\\\/#organization\",\"name\":\"Real Maestranza de Caballer\u00eda de Ronda\",\"alternateName\":\"RMR\",\"url\":\"https:\\\/\\\/www.rmcr.org\\\/en\\\/\",\"logo\":{\"@type\":\"ImageObject\",\"inLanguage\":\"en-US\",\"@id\":\"https:\\\/\\\/www.rmcr.org\\\/en\\\/#\\\/schema\\\/logo\\\/image\\\/\",\"url\":\"https:\\\/\\\/www.rmcr.org\\\/wp-content\\\/uploads\\\/2022\\\/07\\\/logo-rmr-blue.svg\",\"contentUrl\":\"https:\\\/\\\/www.rmcr.org\\\/wp-content\\\/uploads\\\/2022\\\/07\\\/logo-rmr-blue.svg\",\"width\":131,\"height\":129,\"caption\":\"Real Maestranza de Caballer\u00eda de Ronda\"},\"image\":{\"@id\":\"https:\\\/\\\/www.rmcr.org\\\/en\\\/#\\\/schema\\\/logo\\\/image\\\/\"},\"sameAs\":[\"https:\\\/\\\/www.facebook.com\\\/plazadetorosronda\",\"https:\\\/\\\/x.com\\\/PlazatorosRMR\",\"https:\\\/\\\/www.instagram.com\\\/realmaestranzaderonda\\\/\",\"https:\\\/\\\/www.youtube.com\\\/channel\\\/UCrbO5IUN-8v_QML739vM4zg\\\/videos\"]},{\"@type\":\"Person\",\"@id\":\"https:\\\/\\\/www.rmcr.org\\\/en\\\/#\\\/schema\\\/person\\\/7ddd0dafda7edd0e407157f93a56df4f\",\"name\":\"RMCR\",\"image\":{\"@type\":\"ImageObject\",\"inLanguage\":\"en-US\",\"@id\":\"https:\\\/\\\/secure.gravatar.com\\\/avatar\\\/adb75798b50800c24baa6a8706037b9469998c49eddeb95935f50f633cff80bb?s=96&d=mm&r=g\",\"url\":\"https:\\\/\\\/secure.gravatar.com\\\/avatar\\\/adb75798b50800c24baa6a8706037b9469998c49eddeb95935f50f633cff80bb?s=96&d=mm&r=g\",\"contentUrl\":\"https:\\\/\\\/secure.gravatar.com\\\/avatar\\\/adb75798b50800c24baa6a8706037b9469998c49eddeb95935f50f633cff80bb?s=96&d=mm&r=g\",\"caption\":\"RMCR\"},\"url\":\"https:\\\/\\\/www.rmcr.org\\\/en\\\/author\\\/bitniks77\\\/\"}]}<\/script>\n<!-- \/ Yoast SEO plugin. -->","yoast_head_json":{"title":"Visita de los alumnos del Centro de Formaci\u00f3n MRF Fonteveille - Real Maestranza de Caballer\u00eda de Ronda","robots":{"index":"index","follow":"follow","max-snippet":"max-snippet:-1","max-image-preview":"max-image-preview:large","max-video-preview":"max-video-preview:-1"},"canonical":"https:\/\/www.rmcr.org\/en\/2014\/04\/09\/visita-de-los-alumnos-del-centro-de-formacion-mrf-fonteveille\/","og_locale":"en_US","og_type":"article","og_title":"Visita de los alumnos del Centro de Formaci\u00f3n MRF Fonteveille - Real Maestranza de Caballer\u00eda de Ronda","og_description":"El pasado jueves 3 de abril, un grupo de 32 alumnos del Centro de Formaci\u00f3n MRF Fonteveille miembro de la Uni\u00f3n Nacional de Casas Familiares de Educaci\u00f3n Rural y Orientaci\u00f3n, situado en la ciudad francesa&nbsp; de Chatellerault,&nbsp; visitaron la Escuela de Equitaci\u00f3n. El centro MRF Fonteveille con experiencia en la formaci\u00f3n de la Equitaci\u00f3n desde [&hellip;]","og_url":"https:\/\/www.rmcr.org\/en\/2014\/04\/09\/visita-de-los-alumnos-del-centro-de-formacion-mrf-fonteveille\/","og_site_name":"Real Maestranza de Caballer\u00eda de Ronda","article_publisher":"https:\/\/www.facebook.com\/plazadetorosronda","article_published_time":"2014-04-09T08:04:14+00:00","article_modified_time":"2023-02-14T12:10:06+00:00","og_image":[{"width":1024,"height":822,"url":"https:\/\/www.rmcr.org\/wp-content\/uploads\/2014\/04\/alumnos-fonteveille-1024x822.jpg","type":"image\/jpeg"}],"author":"RMCR","twitter_card":"summary_large_image","twitter_creator":"@PlazatorosRMR","twitter_site":"@PlazatorosRMR","twitter_misc":{"Written by":"RMCR","Est. reading time":"1 minute"},"schema":{"@context":"https:\/\/schema.org","@graph":[{"@type":"Article","@id":"https:\/\/www.rmcr.org\/en\/2014\/04\/09\/visita-de-los-alumnos-del-centro-de-formacion-mrf-fonteveille\/#article","isPartOf":{"@id":"https:\/\/www.rmcr.org\/en\/2014\/04\/09\/visita-de-los-alumnos-del-centro-de-formacion-mrf-fonteveille\/"},"author":{"name":"RMCR","@id":"https:\/\/www.rmcr.org\/en\/#\/schema\/person\/7ddd0dafda7edd0e407157f93a56df4f"},"headline":"Visita de los alumnos del Centro de Formaci\u00f3n MRF Fonteveille","datePublished":"2014-04-09T08:04:14+00:00","dateModified":"2023-02-14T12:10:06+00:00","mainEntityOfPage":{"@id":"https:\/\/www.rmcr.org\/en\/2014\/04\/09\/visita-de-los-alumnos-del-centro-de-formacion-mrf-fonteveille\/"},"wordCount":112,"publisher":{"@id":"https:\/\/www.rmcr.org\/en\/#organization"},"image":{"@id":"https:\/\/www.rmcr.org\/en\/2014\/04\/09\/visita-de-los-alumnos-del-centro-de-formacion-mrf-fonteveille\/#primaryimage"},"thumbnailUrl":"https:\/\/www.rmcr.org\/wp-content\/uploads\/2014\/04\/alumnos-fonteveille.jpg","keywords":["Centro de Formaci\u00f3n"],"articleSection":["Escuela de Equitaci\u00f3n"],"inLanguage":"en-US"},{"@type":"WebPage","@id":"https:\/\/www.rmcr.org\/en\/2014\/04\/09\/visita-de-los-alumnos-del-centro-de-formacion-mrf-fonteveille\/","url":"https:\/\/www.rmcr.org\/en\/2014\/04\/09\/visita-de-los-alumnos-del-centro-de-formacion-mrf-fonteveille\/","name":"Visita de los alumnos del Centro de Formaci\u00f3n MRF Fonteveille - Real Maestranza de Caballer\u00eda de Ronda","isPartOf":{"@id":"https:\/\/www.rmcr.org\/en\/#website"},"primaryImageOfPage":{"@id":"https:\/\/www.rmcr.org\/en\/2014\/04\/09\/visita-de-los-alumnos-del-centro-de-formacion-mrf-fonteveille\/#primaryimage"},"image":{"@id":"https:\/\/www.rmcr.org\/en\/2014\/04\/09\/visita-de-los-alumnos-del-centro-de-formacion-mrf-fonteveille\/#primaryimage"},"thumbnailUrl":"https:\/\/www.rmcr.org\/wp-content\/uploads\/2014\/04\/alumnos-fonteveille.jpg","datePublished":"2014-04-09T08:04:14+00:00","dateModified":"2023-02-14T12:10:06+00:00","breadcrumb":{"@id":"https:\/\/www.rmcr.org\/en\/2014\/04\/09\/visita-de-los-alumnos-del-centro-de-formacion-mrf-fonteveille\/#breadcrumb"},"inLanguage":"en-US","potentialAction":[{"@type":"ReadAction","target":["https:\/\/www.rmcr.org\/en\/2014\/04\/09\/visita-de-los-alumnos-del-centro-de-formacion-mrf-fonteveille\/"]}]},{"@type":"ImageObject","inLanguage":"en-US","@id":"https:\/\/www.rmcr.org\/en\/2014\/04\/09\/visita-de-los-alumnos-del-centro-de-formacion-mrf-fonteveille\/#primaryimage","url":"https:\/\/www.rmcr.org\/wp-content\/uploads\/2014\/04\/alumnos-fonteveille.jpg","contentUrl":"https:\/\/www.rmcr.org\/wp-content\/uploads\/2014\/04\/alumnos-fonteveille.jpg","width":2303,"height":1849},{"@type":"BreadcrumbList","@id":"https:\/\/www.rmcr.org\/en\/2014\/04\/09\/visita-de-los-alumnos-del-centro-de-formacion-mrf-fonteveille\/#breadcrumb","itemListElement":[{"@type":"ListItem","position":1,"name":"REAL MAESTRANZA DE CABALLER\u00cdA DE RONDA","item":"https:\/\/www.rmcr.org\/en\/"},{"@type":"ListItem","position":2,"name":"Visita de los alumnos del Centro de Formaci\u00f3n MRF Fonteveille"}]},{"@type":"WebSite","@id":"https:\/\/www.rmcr.org\/en\/#website","url":"https:\/\/www.rmcr.org\/en\/","name":"Real Maestranza de Caballer\u00eda de Ronda","description":"Real Maestranza de Caballer\u00eda de Ronda","publisher":{"@id":"https:\/\/www.rmcr.org\/en\/#organization"},"alternateName":"RMCR","potentialAction":[{"@type":"SearchAction","target":{"@type":"EntryPoint","urlTemplate":"https:\/\/www.rmcr.org\/en\/?s={search_term_string}"},"query-input":{"@type":"PropertyValueSpecification","valueRequired":true,"valueName":"search_term_string"}}],"inLanguage":"en-US"},{"@type":"Organization","@id":"https:\/\/www.rmcr.org\/en\/#organization","name":"Real Maestranza de Caballer\u00eda de Ronda","alternateName":"RMR","url":"https:\/\/www.rmcr.org\/en\/","logo":{"@type":"ImageObject","inLanguage":"en-US","@id":"https:\/\/www.rmcr.org\/en\/#\/schema\/logo\/image\/","url":"https:\/\/www.rmcr.org\/wp-content\/uploads\/2022\/07\/logo-rmr-blue.svg","contentUrl":"https:\/\/www.rmcr.org\/wp-content\/uploads\/2022\/07\/logo-rmr-blue.svg","width":131,"height":129,"caption":"Real Maestranza de Caballer\u00eda de Ronda"},"image":{"@id":"https:\/\/www.rmcr.org\/en\/#\/schema\/logo\/image\/"},"sameAs":["https:\/\/www.facebook.com\/plazadetorosronda","https:\/\/x.com\/PlazatorosRMR","https:\/\/www.instagram.com\/realmaestranzaderonda\/","https:\/\/www.youtube.com\/channel\/UCrbO5IUN-8v_QML739vM4zg\/videos"]},{"@type":"Person","@id":"https:\/\/www.rmcr.org\/en\/#\/schema\/person\/7ddd0dafda7edd0e407157f93a56df4f","name":"RMCR","image":{"@type":"ImageObject","inLanguage":"en-US","@id":"https:\/\/secure.gravatar.com\/avatar\/adb75798b50800c24baa6a8706037b9469998c49eddeb95935f50f633cff80bb?s=96&d=mm&r=g","url":"https:\/\/secure.gravatar.com\/avatar\/adb75798b50800c24baa6a8706037b9469998c49eddeb95935f50f633cff80bb?s=96&d=mm&r=g","contentUrl":"https:\/\/secure.gravatar.com\/avatar\/adb75798b50800c24baa6a8706037b9469998c49eddeb95935f50f633cff80bb?s=96&d=mm&r=g","caption":"RMCR"},"url":"https:\/\/www.rmcr.org\/en\/author\/bitniks77\/"}]}},"_links":{"self":[{"href":"https:\/\/www.rmcr.org\/en\/wp-json\/wp\/v2\/posts\/5869","targetHints":{"allow":["GET"]}}],"collection":[{"href":"https:\/\/www.rmcr.org\/en\/wp-json\/wp\/v2\/posts"}],"about":[{"href":"https:\/\/www.rmcr.org\/en\/wp-json\/wp\/v2\/types\/post"}],"author":[{"embeddable":true,"href":"https:\/\/www.rmcr.org\/en\/wp-json\/wp\/v2\/users\/7"}],"replies":[{"embeddable":true,"href":"https:\/\/www.rmcr.org\/en\/wp-json\/wp\/v2\/comments?post=5869"}],"version-history":[{"count":1,"href":"https:\/\/www.rmcr.org\/en\/wp-json\/wp\/v2\/posts\/5869\/revisions"}],"predecessor-version":[{"id":15447,"href":"https:\/\/www.rmcr.org\/en\/wp-json\/wp\/v2\/posts\/5869\/revisions\/15447"}],"wp:featuredmedia":[{"embeddable":true,"href":"https:\/\/www.rmcr.org\/en\/wp-json\/wp\/v2\/media\/7688"}],"wp:attachment":[{"href":"https:\/\/www.rmcr.org\/en\/wp-json\/wp\/v2\/media?parent=5869"}],"wp:term":[{"taxonomy":"category","embeddable":true,"href":"https:\/\/www.rmcr.org\/en\/wp-json\/wp\/v2\/categories?post=5869"},{"taxonomy":"post_tag","embeddable":true,"href":"https:\/\/www.rmcr.org\/en\/wp-json\/wp\/v2\/tags?post=5869"}],"curies":[{"name":"wp","href":"https:\/\/api.w.org\/{rel}","templated":true}]}}