{"id":5866,"date":"2014-04-03T11:50:43","date_gmt":"2014-04-03T11:50:43","guid":{"rendered":"https:\/\/www.rmcr.org\/?p=5866"},"modified":"2025-04-04T10:31:12","modified_gmt":"2025-04-04T10:31:12","slug":"las-carreras-de-caballos","status":"publish","type":"post","link":"https:\/\/www.rmcr.org\/en\/2014\/04\/03\/las-carreras-de-caballos\/","title":{"rendered":"Las carreras de caballos"},"content":{"rendered":"<p><a href=\"https:\/\/www.rmcr.org\/wp-content\/uploads\/2014\/04\/momento-de-la-conferencia.jpg\"><img fetchpriority=\"high\" decoding=\"async\" class=\"alignnone size-large wp-image-293\" src=\"https:\/\/www.rmcr.org\/wp-content\/uploads\/2014\/04\/momento-de-la-conferencia.jpg?w=470\" alt=\"Momento de la conferencia\" width=\"470\" height=\"525\"><\/a><\/p>\n<p style=\"text-align:justify;\">El pasado lunes 31 de marzo,&nbsp; Paulino Ojanguren dio su conferencia sobre el hipodromo y las carreras de caballos con todo tipo de detalles,&nbsp; despertando&nbsp; gran inter\u00e9s entre los asistentes.<\/p>\n<p>El lunes 7 de abril, nos visitara Enrique Marcello Andr\u00e9s<\/p>\n","protected":false},"excerpt":{"rendered":"<p>El pasado lunes 31 de marzo,&nbsp; Paulino Ojanguren dio su conferencia sobre el hipodromo y las carreras de caballos con todo tipo de detalles,&nbsp; despertando&nbsp; gran inter\u00e9s entre los asistentes. El lunes 7 de abril, nos visitara Enrique Marcello Andr\u00e9s<\/p>\n","protected":false},"author":11,"featured_media":7728,"comment_status":"closed","ping_status":"open","sticky":false,"template":"","format":"standard","meta":{"footnotes":""},"categories":[46,56,63],"tags":[55,57],"class_list":["post-5866","post","type-post","status-publish","format-standard","has-post-thumbnail","hentry","category-cursos-de-formacion","category-escuela-de-equitacion","category-tecnico-deportivo","tag-clases-magistrales","tag-expertos"],"yoast_head":"<!-- This site is optimized with the Yoast SEO plugin v27.5 - https:\/\/yoast.com\/product\/yoast-seo-wordpress\/ -->\n<title>Las carreras de caballos - Real Maestranza de Caballer\u00eda de Ronda<\/title>\n<meta name=\"robots\" content=\"index, follow, max-snippet:-1, max-image-preview:large, max-video-preview:-1\" \/>\n<link rel=\"canonical\" href=\"https:\/\/www.rmcr.org\/en\/2014\/04\/03\/las-carreras-de-caballos\/\" \/>\n<meta property=\"og:locale\" content=\"en_US\" \/>\n<meta property=\"og:type\" content=\"article\" \/>\n<meta property=\"og:title\" content=\"Las carreras de caballos - Real Maestranza de Caballer\u00eda de Ronda\" \/>\n<meta property=\"og:description\" content=\"El pasado lunes 31 de marzo,&nbsp; Paulino Ojanguren dio su conferencia sobre el hipodromo y las carreras de caballos con todo tipo de detalles,&nbsp; despertando&nbsp; gran inter\u00e9s entre los asistentes. El lunes 7 de abril, nos visitara Enrique Marcello Andr\u00e9s\" \/>\n<meta property=\"og:url\" content=\"https:\/\/www.rmcr.org\/en\/2014\/04\/03\/las-carreras-de-caballos\/\" \/>\n<meta property=\"og:site_name\" content=\"Real Maestranza de Caballer\u00eda de Ronda\" \/>\n<meta property=\"article:publisher\" content=\"https:\/\/www.facebook.com\/plazadetorosronda\" \/>\n<meta property=\"article:published_time\" content=\"2014-04-03T11:50:43+00:00\" \/>\n<meta property=\"article:modified_time\" content=\"2025-04-04T10:31:12+00:00\" \/>\n<meta property=\"og:image\" content=\"https:\/\/www.rmcr.org\/wp-content\/uploads\/2014\/04\/momento-de-la-conferencia-scaled.jpg\" \/>\n\t<meta property=\"og:image:width\" content=\"2288\" \/>\n\t<meta property=\"og:image:height\" content=\"2560\" \/>\n\t<meta property=\"og:image:type\" content=\"image\/jpeg\" \/>\n<meta name=\"author\" content=\"ESCUELA\" \/>\n<meta name=\"twitter:card\" content=\"summary_large_image\" \/>\n<meta name=\"twitter:creator\" content=\"@PlazatorosRMR\" \/>\n<meta name=\"twitter:site\" content=\"@PlazatorosRMR\" \/>\n<meta name=\"twitter:label1\" content=\"Written by\" \/>\n\t<meta name=\"twitter:data1\" content=\"ESCUELA\" \/>\n<script type=\"application\/ld+json\" class=\"yoast-schema-graph\">{\"@context\":\"https:\\\/\\\/schema.org\",\"@graph\":[{\"@type\":\"Article\",\"@id\":\"https:\\\/\\\/www.rmcr.org\\\/en\\\/2014\\\/04\\\/03\\\/las-carreras-de-caballos\\\/#article\",\"isPartOf\":{\"@id\":\"https:\\\/\\\/www.rmcr.org\\\/en\\\/2014\\\/04\\\/03\\\/las-carreras-de-caballos\\\/\"},\"author\":{\"name\":\"ESCUELA\",\"@id\":\"https:\\\/\\\/www.rmcr.org\\\/en\\\/#\\\/schema\\\/person\\\/eaba3818c6c615cf6cc53c6ca58138ff\"},\"headline\":\"Las carreras de caballos\",\"datePublished\":\"2014-04-03T11:50:43+00:00\",\"dateModified\":\"2025-04-04T10:31:12+00:00\",\"mainEntityOfPage\":{\"@id\":\"https:\\\/\\\/www.rmcr.org\\\/en\\\/2014\\\/04\\\/03\\\/las-carreras-de-caballos\\\/\"},\"wordCount\":47,\"publisher\":{\"@id\":\"https:\\\/\\\/www.rmcr.org\\\/en\\\/#organization\"},\"image\":{\"@id\":\"https:\\\/\\\/www.rmcr.org\\\/en\\\/2014\\\/04\\\/03\\\/las-carreras-de-caballos\\\/#primaryimage\"},\"thumbnailUrl\":\"https:\\\/\\\/www.rmcr.org\\\/wp-content\\\/uploads\\\/2014\\\/04\\\/momento-de-la-conferencia-scaled.jpg\",\"keywords\":[\"Clases magistrales\",\"Expertos\"],\"articleSection\":[\"Cursos de Formaci\u00f3n\",\"Escuela de Equitaci\u00f3n\",\"T\u00e9cnico Deportivo\"],\"inLanguage\":\"en-US\"},{\"@type\":\"WebPage\",\"@id\":\"https:\\\/\\\/www.rmcr.org\\\/en\\\/2014\\\/04\\\/03\\\/las-carreras-de-caballos\\\/\",\"url\":\"https:\\\/\\\/www.rmcr.org\\\/en\\\/2014\\\/04\\\/03\\\/las-carreras-de-caballos\\\/\",\"name\":\"Las carreras de caballos - Real Maestranza de Caballer\u00eda de Ronda\",\"isPartOf\":{\"@id\":\"https:\\\/\\\/www.rmcr.org\\\/en\\\/#website\"},\"primaryImageOfPage\":{\"@id\":\"https:\\\/\\\/www.rmcr.org\\\/en\\\/2014\\\/04\\\/03\\\/las-carreras-de-caballos\\\/#primaryimage\"},\"image\":{\"@id\":\"https:\\\/\\\/www.rmcr.org\\\/en\\\/2014\\\/04\\\/03\\\/las-carreras-de-caballos\\\/#primaryimage\"},\"thumbnailUrl\":\"https:\\\/\\\/www.rmcr.org\\\/wp-content\\\/uploads\\\/2014\\\/04\\\/momento-de-la-conferencia-scaled.jpg\",\"datePublished\":\"2014-04-03T11:50:43+00:00\",\"dateModified\":\"2025-04-04T10:31:12+00:00\",\"breadcrumb\":{\"@id\":\"https:\\\/\\\/www.rmcr.org\\\/en\\\/2014\\\/04\\\/03\\\/las-carreras-de-caballos\\\/#breadcrumb\"},\"inLanguage\":\"en-US\",\"potentialAction\":[{\"@type\":\"ReadAction\",\"target\":[\"https:\\\/\\\/www.rmcr.org\\\/en\\\/2014\\\/04\\\/03\\\/las-carreras-de-caballos\\\/\"]}]},{\"@type\":\"ImageObject\",\"inLanguage\":\"en-US\",\"@id\":\"https:\\\/\\\/www.rmcr.org\\\/en\\\/2014\\\/04\\\/03\\\/las-carreras-de-caballos\\\/#primaryimage\",\"url\":\"https:\\\/\\\/www.rmcr.org\\\/wp-content\\\/uploads\\\/2014\\\/04\\\/momento-de-la-conferencia-scaled.jpg\",\"contentUrl\":\"https:\\\/\\\/www.rmcr.org\\\/wp-content\\\/uploads\\\/2014\\\/04\\\/momento-de-la-conferencia-scaled.jpg\",\"width\":2288,\"height\":2560},{\"@type\":\"BreadcrumbList\",\"@id\":\"https:\\\/\\\/www.rmcr.org\\\/en\\\/2014\\\/04\\\/03\\\/las-carreras-de-caballos\\\/#breadcrumb\",\"itemListElement\":[{\"@type\":\"ListItem\",\"position\":1,\"name\":\"REAL MAESTRANZA DE CABALLER\u00cdA DE RONDA\",\"item\":\"https:\\\/\\\/www.rmcr.org\\\/en\\\/\"},{\"@type\":\"ListItem\",\"position\":2,\"name\":\"Las carreras de caballos\"}]},{\"@type\":\"WebSite\",\"@id\":\"https:\\\/\\\/www.rmcr.org\\\/en\\\/#website\",\"url\":\"https:\\\/\\\/www.rmcr.org\\\/en\\\/\",\"name\":\"Real Maestranza de Caballer\u00eda de Ronda\",\"description\":\"Real Maestranza de Caballer\u00eda de Ronda\",\"publisher\":{\"@id\":\"https:\\\/\\\/www.rmcr.org\\\/en\\\/#organization\"},\"alternateName\":\"RMCR\",\"potentialAction\":[{\"@type\":\"SearchAction\",\"target\":{\"@type\":\"EntryPoint\",\"urlTemplate\":\"https:\\\/\\\/www.rmcr.org\\\/en\\\/?s={search_term_string}\"},\"query-input\":{\"@type\":\"PropertyValueSpecification\",\"valueRequired\":true,\"valueName\":\"search_term_string\"}}],\"inLanguage\":\"en-US\"},{\"@type\":\"Organization\",\"@id\":\"https:\\\/\\\/www.rmcr.org\\\/en\\\/#organization\",\"name\":\"Real Maestranza de Caballer\u00eda de Ronda\",\"alternateName\":\"RMR\",\"url\":\"https:\\\/\\\/www.rmcr.org\\\/en\\\/\",\"logo\":{\"@type\":\"ImageObject\",\"inLanguage\":\"en-US\",\"@id\":\"https:\\\/\\\/www.rmcr.org\\\/en\\\/#\\\/schema\\\/logo\\\/image\\\/\",\"url\":\"https:\\\/\\\/www.rmcr.org\\\/wp-content\\\/uploads\\\/2022\\\/07\\\/logo-rmr-blue.svg\",\"contentUrl\":\"https:\\\/\\\/www.rmcr.org\\\/wp-content\\\/uploads\\\/2022\\\/07\\\/logo-rmr-blue.svg\",\"width\":131,\"height\":129,\"caption\":\"Real Maestranza de Caballer\u00eda de Ronda\"},\"image\":{\"@id\":\"https:\\\/\\\/www.rmcr.org\\\/en\\\/#\\\/schema\\\/logo\\\/image\\\/\"},\"sameAs\":[\"https:\\\/\\\/www.facebook.com\\\/plazadetorosronda\",\"https:\\\/\\\/x.com\\\/PlazatorosRMR\",\"https:\\\/\\\/www.instagram.com\\\/realmaestranzaderonda\\\/\",\"https:\\\/\\\/www.youtube.com\\\/channel\\\/UCrbO5IUN-8v_QML739vM4zg\\\/videos\"]},{\"@type\":\"Person\",\"@id\":\"https:\\\/\\\/www.rmcr.org\\\/en\\\/#\\\/schema\\\/person\\\/eaba3818c6c615cf6cc53c6ca58138ff\",\"name\":\"ESCUELA\",\"image\":{\"@type\":\"ImageObject\",\"inLanguage\":\"en-US\",\"@id\":\"https:\\\/\\\/www.rmcr.org\\\/wp-content\\\/uploads\\\/2022\\\/11\\\/avatar-rmcr-96x96.png\",\"url\":\"https:\\\/\\\/www.rmcr.org\\\/wp-content\\\/uploads\\\/2022\\\/11\\\/avatar-rmcr-96x96.png\",\"contentUrl\":\"https:\\\/\\\/www.rmcr.org\\\/wp-content\\\/uploads\\\/2022\\\/11\\\/avatar-rmcr-96x96.png\",\"caption\":\"ESCUELA\"},\"url\":\"https:\\\/\\\/www.rmcr.org\\\/en\\\/author\\\/rocio-hidalgo\\\/\"}]}<\/script>\n<!-- \/ Yoast SEO plugin. -->","yoast_head_json":{"title":"Las carreras de caballos - Real Maestranza de Caballer\u00eda de Ronda","robots":{"index":"index","follow":"follow","max-snippet":"max-snippet:-1","max-image-preview":"max-image-preview:large","max-video-preview":"max-video-preview:-1"},"canonical":"https:\/\/www.rmcr.org\/en\/2014\/04\/03\/las-carreras-de-caballos\/","og_locale":"en_US","og_type":"article","og_title":"Las carreras de caballos - Real Maestranza de Caballer\u00eda de Ronda","og_description":"El pasado lunes 31 de marzo,&nbsp; Paulino Ojanguren dio su conferencia sobre el hipodromo y las carreras de caballos con todo tipo de detalles,&nbsp; despertando&nbsp; gran inter\u00e9s entre los asistentes. El lunes 7 de abril, nos visitara Enrique Marcello Andr\u00e9s","og_url":"https:\/\/www.rmcr.org\/en\/2014\/04\/03\/las-carreras-de-caballos\/","og_site_name":"Real Maestranza de Caballer\u00eda de Ronda","article_publisher":"https:\/\/www.facebook.com\/plazadetorosronda","article_published_time":"2014-04-03T11:50:43+00:00","article_modified_time":"2025-04-04T10:31:12+00:00","og_image":[{"width":2288,"height":2560,"url":"https:\/\/www.rmcr.org\/wp-content\/uploads\/2014\/04\/momento-de-la-conferencia-scaled.jpg","type":"image\/jpeg"}],"author":"ESCUELA","twitter_card":"summary_large_image","twitter_creator":"@PlazatorosRMR","twitter_site":"@PlazatorosRMR","twitter_misc":{"Written by":"ESCUELA"},"schema":{"@context":"https:\/\/schema.org","@graph":[{"@type":"Article","@id":"https:\/\/www.rmcr.org\/en\/2014\/04\/03\/las-carreras-de-caballos\/#article","isPartOf":{"@id":"https:\/\/www.rmcr.org\/en\/2014\/04\/03\/las-carreras-de-caballos\/"},"author":{"name":"ESCUELA","@id":"https:\/\/www.rmcr.org\/en\/#\/schema\/person\/eaba3818c6c615cf6cc53c6ca58138ff"},"headline":"Las carreras de caballos","datePublished":"2014-04-03T11:50:43+00:00","dateModified":"2025-04-04T10:31:12+00:00","mainEntityOfPage":{"@id":"https:\/\/www.rmcr.org\/en\/2014\/04\/03\/las-carreras-de-caballos\/"},"wordCount":47,"publisher":{"@id":"https:\/\/www.rmcr.org\/en\/#organization"},"image":{"@id":"https:\/\/www.rmcr.org\/en\/2014\/04\/03\/las-carreras-de-caballos\/#primaryimage"},"thumbnailUrl":"https:\/\/www.rmcr.org\/wp-content\/uploads\/2014\/04\/momento-de-la-conferencia-scaled.jpg","keywords":["Clases magistrales","Expertos"],"articleSection":["Cursos de Formaci\u00f3n","Escuela de Equitaci\u00f3n","T\u00e9cnico Deportivo"],"inLanguage":"en-US"},{"@type":"WebPage","@id":"https:\/\/www.rmcr.org\/en\/2014\/04\/03\/las-carreras-de-caballos\/","url":"https:\/\/www.rmcr.org\/en\/2014\/04\/03\/las-carreras-de-caballos\/","name":"Las carreras de caballos - Real Maestranza de Caballer\u00eda de Ronda","isPartOf":{"@id":"https:\/\/www.rmcr.org\/en\/#website"},"primaryImageOfPage":{"@id":"https:\/\/www.rmcr.org\/en\/2014\/04\/03\/las-carreras-de-caballos\/#primaryimage"},"image":{"@id":"https:\/\/www.rmcr.org\/en\/2014\/04\/03\/las-carreras-de-caballos\/#primaryimage"},"thumbnailUrl":"https:\/\/www.rmcr.org\/wp-content\/uploads\/2014\/04\/momento-de-la-conferencia-scaled.jpg","datePublished":"2014-04-03T11:50:43+00:00","dateModified":"2025-04-04T10:31:12+00:00","breadcrumb":{"@id":"https:\/\/www.rmcr.org\/en\/2014\/04\/03\/las-carreras-de-caballos\/#breadcrumb"},"inLanguage":"en-US","potentialAction":[{"@type":"ReadAction","target":["https:\/\/www.rmcr.org\/en\/2014\/04\/03\/las-carreras-de-caballos\/"]}]},{"@type":"ImageObject","inLanguage":"en-US","@id":"https:\/\/www.rmcr.org\/en\/2014\/04\/03\/las-carreras-de-caballos\/#primaryimage","url":"https:\/\/www.rmcr.org\/wp-content\/uploads\/2014\/04\/momento-de-la-conferencia-scaled.jpg","contentUrl":"https:\/\/www.rmcr.org\/wp-content\/uploads\/2014\/04\/momento-de-la-conferencia-scaled.jpg","width":2288,"height":2560},{"@type":"BreadcrumbList","@id":"https:\/\/www.rmcr.org\/en\/2014\/04\/03\/las-carreras-de-caballos\/#breadcrumb","itemListElement":[{"@type":"ListItem","position":1,"name":"REAL MAESTRANZA DE CABALLER\u00cdA DE RONDA","item":"https:\/\/www.rmcr.org\/en\/"},{"@type":"ListItem","position":2,"name":"Las carreras de caballos"}]},{"@type":"WebSite","@id":"https:\/\/www.rmcr.org\/en\/#website","url":"https:\/\/www.rmcr.org\/en\/","name":"Real Maestranza de Caballer\u00eda de Ronda","description":"Real Maestranza de Caballer\u00eda de Ronda","publisher":{"@id":"https:\/\/www.rmcr.org\/en\/#organization"},"alternateName":"RMCR","potentialAction":[{"@type":"SearchAction","target":{"@type":"EntryPoint","urlTemplate":"https:\/\/www.rmcr.org\/en\/?s={search_term_string}"},"query-input":{"@type":"PropertyValueSpecification","valueRequired":true,"valueName":"search_term_string"}}],"inLanguage":"en-US"},{"@type":"Organization","@id":"https:\/\/www.rmcr.org\/en\/#organization","name":"Real Maestranza de Caballer\u00eda de Ronda","alternateName":"RMR","url":"https:\/\/www.rmcr.org\/en\/","logo":{"@type":"ImageObject","inLanguage":"en-US","@id":"https:\/\/www.rmcr.org\/en\/#\/schema\/logo\/image\/","url":"https:\/\/www.rmcr.org\/wp-content\/uploads\/2022\/07\/logo-rmr-blue.svg","contentUrl":"https:\/\/www.rmcr.org\/wp-content\/uploads\/2022\/07\/logo-rmr-blue.svg","width":131,"height":129,"caption":"Real Maestranza de Caballer\u00eda de Ronda"},"image":{"@id":"https:\/\/www.rmcr.org\/en\/#\/schema\/logo\/image\/"},"sameAs":["https:\/\/www.facebook.com\/plazadetorosronda","https:\/\/x.com\/PlazatorosRMR","https:\/\/www.instagram.com\/realmaestranzaderonda\/","https:\/\/www.youtube.com\/channel\/UCrbO5IUN-8v_QML739vM4zg\/videos"]},{"@type":"Person","@id":"https:\/\/www.rmcr.org\/en\/#\/schema\/person\/eaba3818c6c615cf6cc53c6ca58138ff","name":"ESCUELA","image":{"@type":"ImageObject","inLanguage":"en-US","@id":"https:\/\/www.rmcr.org\/wp-content\/uploads\/2022\/11\/avatar-rmcr-96x96.png","url":"https:\/\/www.rmcr.org\/wp-content\/uploads\/2022\/11\/avatar-rmcr-96x96.png","contentUrl":"https:\/\/www.rmcr.org\/wp-content\/uploads\/2022\/11\/avatar-rmcr-96x96.png","caption":"ESCUELA"},"url":"https:\/\/www.rmcr.org\/en\/author\/rocio-hidalgo\/"}]}},"_links":{"self":[{"href":"https:\/\/www.rmcr.org\/en\/wp-json\/wp\/v2\/posts\/5866","targetHints":{"allow":["GET"]}}],"collection":[{"href":"https:\/\/www.rmcr.org\/en\/wp-json\/wp\/v2\/posts"}],"about":[{"href":"https:\/\/www.rmcr.org\/en\/wp-json\/wp\/v2\/types\/post"}],"author":[{"embeddable":true,"href":"https:\/\/www.rmcr.org\/en\/wp-json\/wp\/v2\/users\/11"}],"replies":[{"embeddable":true,"href":"https:\/\/www.rmcr.org\/en\/wp-json\/wp\/v2\/comments?post=5866"}],"version-history":[{"count":1,"href":"https:\/\/www.rmcr.org\/en\/wp-json\/wp\/v2\/posts\/5866\/revisions"}],"predecessor-version":[{"id":15450,"href":"https:\/\/www.rmcr.org\/en\/wp-json\/wp\/v2\/posts\/5866\/revisions\/15450"}],"wp:featuredmedia":[{"embeddable":true,"href":"https:\/\/www.rmcr.org\/en\/wp-json\/wp\/v2\/media\/7728"}],"wp:attachment":[{"href":"https:\/\/www.rmcr.org\/en\/wp-json\/wp\/v2\/media?parent=5866"}],"wp:term":[{"taxonomy":"category","embeddable":true,"href":"https:\/\/www.rmcr.org\/en\/wp-json\/wp\/v2\/categories?post=5866"},{"taxonomy":"post_tag","embeddable":true,"href":"https:\/\/www.rmcr.org\/en\/wp-json\/wp\/v2\/tags?post=5866"}],"curies":[{"name":"wp","href":"https:\/\/api.w.org\/{rel}","templated":true}]}}