{"id":5862,"date":"2013-05-23T19:09:20","date_gmt":"2013-05-23T19:09:20","guid":{"rendered":"https:\/\/www.rmcr.org\/?p=5862"},"modified":"2023-02-14T12:33:32","modified_gmt":"2023-02-14T12:33:32","slug":"refuerzo-del-curriculo-del-curso-jinete-profesor","status":"publish","type":"post","link":"https:\/\/www.rmcr.org\/en\/2013\/05\/23\/refuerzo-del-curriculo-del-curso-jinete-profesor\/","title":{"rendered":"Refuerzo del Curr\u00edculo del curso Jinete-Profesor"},"content":{"rendered":"<p><a href=\"https:\/\/www.rmcr.org\/wp-content\/uploads\/2013\/05\/1.jpg\"><img fetchpriority=\"high\" decoding=\"async\" src=\"https:\/\/www.rmcr.org\/wp-content\/uploads\/2013\/05\/1.jpg?w=236\" alt=\"1\" width=\"621\" height=\"789\" \/><\/a><\/p>\n<p>El programa, en el inicio del tercer trimestre del Curso Escolar del primer a\u00f1o del actual Curso Jinete-Profesor, se reforzar\u00e1 con clases de ingl\u00e9s y de preparaci\u00f3n f\u00edsica. Estas dos asignaturas de periodicidad semanal complementar\u00e1n el curr\u00edculum de las clases te\u00f3ricas y\u00a0 pr\u00e1cticas de doma Cl\u00e1sica, Base, Caballos J\u00f3venes y Exterior.<\/p>\n","protected":false},"excerpt":{"rendered":"<p>El programa, en el inicio del tercer trimestre del Curso Escolar del primer a\u00f1o del actual Curso Jinete-Profesor, se reforzar\u00e1 con clases de ingl\u00e9s y de preparaci\u00f3n f\u00edsica. Estas dos asignaturas de periodicidad semanal complementar\u00e1n el curr\u00edculum de las clases te\u00f3ricas y\u00a0 pr\u00e1cticas de doma Cl\u00e1sica, Base, Caballos J\u00f3venes y Exterior.<\/p>\n","protected":false},"author":7,"featured_media":7478,"comment_status":"closed","ping_status":"open","sticky":false,"template":"","format":"standard","meta":{"footnotes":""},"categories":[42,45],"tags":[40,41,43],"class_list":["post-5862","post","type-post","status-publish","format-standard","has-post-thumbnail","hentry","category-jinete-profesor","category-sin-categoria-equitacion","tag-ensenanza","tag-ingles","tag-preparacion-fisica"],"yoast_head":"<!-- This site is optimized with the Yoast SEO plugin v27.5 - https:\/\/yoast.com\/product\/yoast-seo-wordpress\/ -->\n<title>Refuerzo del Curr\u00edculo del curso Jinete-Profesor - Real Maestranza de Caballer\u00eda de Ronda<\/title>\n<meta name=\"robots\" content=\"index, follow, max-snippet:-1, max-image-preview:large, max-video-preview:-1\" \/>\n<link rel=\"canonical\" href=\"https:\/\/www.rmcr.org\/en\/2013\/05\/23\/refuerzo-del-curriculo-del-curso-jinete-profesor\/\" \/>\n<meta property=\"og:locale\" content=\"en_US\" \/>\n<meta property=\"og:type\" content=\"article\" \/>\n<meta property=\"og:title\" content=\"Refuerzo del Curr\u00edculo del curso Jinete-Profesor - Real Maestranza de Caballer\u00eda de Ronda\" \/>\n<meta property=\"og:description\" content=\"El programa, en el inicio del tercer trimestre del Curso Escolar del primer a\u00f1o del actual Curso Jinete-Profesor, se reforzar\u00e1 con clases de ingl\u00e9s y de preparaci\u00f3n f\u00edsica. Estas dos asignaturas de periodicidad semanal complementar\u00e1n el curr\u00edculum de las clases te\u00f3ricas y\u00a0 pr\u00e1cticas de doma Cl\u00e1sica, Base, Caballos J\u00f3venes y Exterior.\" \/>\n<meta property=\"og:url\" content=\"https:\/\/www.rmcr.org\/en\/2013\/05\/23\/refuerzo-del-curriculo-del-curso-jinete-profesor\/\" \/>\n<meta property=\"og:site_name\" content=\"Real Maestranza de Caballer\u00eda de Ronda\" \/>\n<meta property=\"article:publisher\" content=\"https:\/\/www.facebook.com\/plazadetorosronda\" \/>\n<meta property=\"article:published_time\" content=\"2013-05-23T19:09:20+00:00\" \/>\n<meta property=\"article:modified_time\" content=\"2023-02-14T12:33:32+00:00\" \/>\n<meta property=\"og:image\" content=\"https:\/\/www.rmcr.org\/wp-content\/uploads\/2013\/05\/1-scaled.jpg\" \/>\n\t<meta property=\"og:image:width\" content=\"2016\" \/>\n\t<meta property=\"og:image:height\" content=\"2560\" \/>\n\t<meta property=\"og:image:type\" content=\"image\/jpeg\" \/>\n<meta name=\"author\" content=\"RMCR\" \/>\n<meta name=\"twitter:card\" content=\"summary_large_image\" \/>\n<meta name=\"twitter:creator\" content=\"@PlazatorosRMR\" \/>\n<meta name=\"twitter:site\" content=\"@PlazatorosRMR\" \/>\n<meta name=\"twitter:label1\" content=\"Written by\" \/>\n\t<meta name=\"twitter:data1\" content=\"RMCR\" \/>\n<script type=\"application\/ld+json\" class=\"yoast-schema-graph\">{\"@context\":\"https:\\\/\\\/schema.org\",\"@graph\":[{\"@type\":\"Article\",\"@id\":\"https:\\\/\\\/www.rmcr.org\\\/en\\\/2013\\\/05\\\/23\\\/refuerzo-del-curriculo-del-curso-jinete-profesor\\\/#article\",\"isPartOf\":{\"@id\":\"https:\\\/\\\/www.rmcr.org\\\/en\\\/2013\\\/05\\\/23\\\/refuerzo-del-curriculo-del-curso-jinete-profesor\\\/\"},\"author\":{\"name\":\"RMCR\",\"@id\":\"https:\\\/\\\/www.rmcr.org\\\/en\\\/#\\\/schema\\\/person\\\/7ddd0dafda7edd0e407157f93a56df4f\"},\"headline\":\"Refuerzo del Curr\u00edculo del curso Jinete-Profesor\",\"datePublished\":\"2013-05-23T19:09:20+00:00\",\"dateModified\":\"2023-02-14T12:33:32+00:00\",\"mainEntityOfPage\":{\"@id\":\"https:\\\/\\\/www.rmcr.org\\\/en\\\/2013\\\/05\\\/23\\\/refuerzo-del-curriculo-del-curso-jinete-profesor\\\/\"},\"wordCount\":68,\"publisher\":{\"@id\":\"https:\\\/\\\/www.rmcr.org\\\/en\\\/#organization\"},\"image\":{\"@id\":\"https:\\\/\\\/www.rmcr.org\\\/en\\\/2013\\\/05\\\/23\\\/refuerzo-del-curriculo-del-curso-jinete-profesor\\\/#primaryimage\"},\"thumbnailUrl\":\"https:\\\/\\\/www.rmcr.org\\\/wp-content\\\/uploads\\\/2013\\\/05\\\/1-scaled.jpg\",\"keywords\":[\"Ense\u00f1anza\",\"Ingl\u00e9s\",\"Preparaci\u00f3n f\u00edsica\"],\"articleSection\":[\"Jinete Profesor\",\"Sin categor\u00eda Equitaci\u00f3n\"],\"inLanguage\":\"en-US\"},{\"@type\":\"WebPage\",\"@id\":\"https:\\\/\\\/www.rmcr.org\\\/en\\\/2013\\\/05\\\/23\\\/refuerzo-del-curriculo-del-curso-jinete-profesor\\\/\",\"url\":\"https:\\\/\\\/www.rmcr.org\\\/en\\\/2013\\\/05\\\/23\\\/refuerzo-del-curriculo-del-curso-jinete-profesor\\\/\",\"name\":\"Refuerzo del Curr\u00edculo del curso Jinete-Profesor - Real Maestranza de Caballer\u00eda de Ronda\",\"isPartOf\":{\"@id\":\"https:\\\/\\\/www.rmcr.org\\\/en\\\/#website\"},\"primaryImageOfPage\":{\"@id\":\"https:\\\/\\\/www.rmcr.org\\\/en\\\/2013\\\/05\\\/23\\\/refuerzo-del-curriculo-del-curso-jinete-profesor\\\/#primaryimage\"},\"image\":{\"@id\":\"https:\\\/\\\/www.rmcr.org\\\/en\\\/2013\\\/05\\\/23\\\/refuerzo-del-curriculo-del-curso-jinete-profesor\\\/#primaryimage\"},\"thumbnailUrl\":\"https:\\\/\\\/www.rmcr.org\\\/wp-content\\\/uploads\\\/2013\\\/05\\\/1-scaled.jpg\",\"datePublished\":\"2013-05-23T19:09:20+00:00\",\"dateModified\":\"2023-02-14T12:33:32+00:00\",\"breadcrumb\":{\"@id\":\"https:\\\/\\\/www.rmcr.org\\\/en\\\/2013\\\/05\\\/23\\\/refuerzo-del-curriculo-del-curso-jinete-profesor\\\/#breadcrumb\"},\"inLanguage\":\"en-US\",\"potentialAction\":[{\"@type\":\"ReadAction\",\"target\":[\"https:\\\/\\\/www.rmcr.org\\\/en\\\/2013\\\/05\\\/23\\\/refuerzo-del-curriculo-del-curso-jinete-profesor\\\/\"]}]},{\"@type\":\"ImageObject\",\"inLanguage\":\"en-US\",\"@id\":\"https:\\\/\\\/www.rmcr.org\\\/en\\\/2013\\\/05\\\/23\\\/refuerzo-del-curriculo-del-curso-jinete-profesor\\\/#primaryimage\",\"url\":\"https:\\\/\\\/www.rmcr.org\\\/wp-content\\\/uploads\\\/2013\\\/05\\\/1-scaled.jpg\",\"contentUrl\":\"https:\\\/\\\/www.rmcr.org\\\/wp-content\\\/uploads\\\/2013\\\/05\\\/1-scaled.jpg\",\"width\":2016,\"height\":2560},{\"@type\":\"BreadcrumbList\",\"@id\":\"https:\\\/\\\/www.rmcr.org\\\/en\\\/2013\\\/05\\\/23\\\/refuerzo-del-curriculo-del-curso-jinete-profesor\\\/#breadcrumb\",\"itemListElement\":[{\"@type\":\"ListItem\",\"position\":1,\"name\":\"REAL MAESTRANZA DE CABALLER\u00cdA DE RONDA\",\"item\":\"https:\\\/\\\/www.rmcr.org\\\/en\\\/\"},{\"@type\":\"ListItem\",\"position\":2,\"name\":\"Refuerzo del Curr\u00edculo del curso Jinete-Profesor\"}]},{\"@type\":\"WebSite\",\"@id\":\"https:\\\/\\\/www.rmcr.org\\\/en\\\/#website\",\"url\":\"https:\\\/\\\/www.rmcr.org\\\/en\\\/\",\"name\":\"Real Maestranza de Caballer\u00eda de Ronda\",\"description\":\"Real Maestranza de Caballer\u00eda de Ronda\",\"publisher\":{\"@id\":\"https:\\\/\\\/www.rmcr.org\\\/en\\\/#organization\"},\"alternateName\":\"RMCR\",\"potentialAction\":[{\"@type\":\"SearchAction\",\"target\":{\"@type\":\"EntryPoint\",\"urlTemplate\":\"https:\\\/\\\/www.rmcr.org\\\/en\\\/?s={search_term_string}\"},\"query-input\":{\"@type\":\"PropertyValueSpecification\",\"valueRequired\":true,\"valueName\":\"search_term_string\"}}],\"inLanguage\":\"en-US\"},{\"@type\":\"Organization\",\"@id\":\"https:\\\/\\\/www.rmcr.org\\\/en\\\/#organization\",\"name\":\"Real Maestranza de Caballer\u00eda de Ronda\",\"alternateName\":\"RMR\",\"url\":\"https:\\\/\\\/www.rmcr.org\\\/en\\\/\",\"logo\":{\"@type\":\"ImageObject\",\"inLanguage\":\"en-US\",\"@id\":\"https:\\\/\\\/www.rmcr.org\\\/en\\\/#\\\/schema\\\/logo\\\/image\\\/\",\"url\":\"https:\\\/\\\/www.rmcr.org\\\/wp-content\\\/uploads\\\/2022\\\/07\\\/logo-rmr-blue.svg\",\"contentUrl\":\"https:\\\/\\\/www.rmcr.org\\\/wp-content\\\/uploads\\\/2022\\\/07\\\/logo-rmr-blue.svg\",\"width\":131,\"height\":129,\"caption\":\"Real Maestranza de Caballer\u00eda de Ronda\"},\"image\":{\"@id\":\"https:\\\/\\\/www.rmcr.org\\\/en\\\/#\\\/schema\\\/logo\\\/image\\\/\"},\"sameAs\":[\"https:\\\/\\\/www.facebook.com\\\/plazadetorosronda\",\"https:\\\/\\\/x.com\\\/PlazatorosRMR\",\"https:\\\/\\\/www.instagram.com\\\/realmaestranzaderonda\\\/\",\"https:\\\/\\\/www.youtube.com\\\/channel\\\/UCrbO5IUN-8v_QML739vM4zg\\\/videos\"]},{\"@type\":\"Person\",\"@id\":\"https:\\\/\\\/www.rmcr.org\\\/en\\\/#\\\/schema\\\/person\\\/7ddd0dafda7edd0e407157f93a56df4f\",\"name\":\"RMCR\",\"image\":{\"@type\":\"ImageObject\",\"inLanguage\":\"en-US\",\"@id\":\"https:\\\/\\\/secure.gravatar.com\\\/avatar\\\/adb75798b50800c24baa6a8706037b9469998c49eddeb95935f50f633cff80bb?s=96&d=mm&r=g\",\"url\":\"https:\\\/\\\/secure.gravatar.com\\\/avatar\\\/adb75798b50800c24baa6a8706037b9469998c49eddeb95935f50f633cff80bb?s=96&d=mm&r=g\",\"contentUrl\":\"https:\\\/\\\/secure.gravatar.com\\\/avatar\\\/adb75798b50800c24baa6a8706037b9469998c49eddeb95935f50f633cff80bb?s=96&d=mm&r=g\",\"caption\":\"RMCR\"},\"url\":\"https:\\\/\\\/www.rmcr.org\\\/en\\\/author\\\/bitniks77\\\/\"}]}<\/script>\n<!-- \/ Yoast SEO plugin. -->","yoast_head_json":{"title":"Refuerzo del Curr\u00edculo del curso Jinete-Profesor - Real Maestranza de Caballer\u00eda de Ronda","robots":{"index":"index","follow":"follow","max-snippet":"max-snippet:-1","max-image-preview":"max-image-preview:large","max-video-preview":"max-video-preview:-1"},"canonical":"https:\/\/www.rmcr.org\/en\/2013\/05\/23\/refuerzo-del-curriculo-del-curso-jinete-profesor\/","og_locale":"en_US","og_type":"article","og_title":"Refuerzo del Curr\u00edculo del curso Jinete-Profesor - Real Maestranza de Caballer\u00eda de Ronda","og_description":"El programa, en el inicio del tercer trimestre del Curso Escolar del primer a\u00f1o del actual Curso Jinete-Profesor, se reforzar\u00e1 con clases de ingl\u00e9s y de preparaci\u00f3n f\u00edsica. Estas dos asignaturas de periodicidad semanal complementar\u00e1n el curr\u00edculum de las clases te\u00f3ricas y\u00a0 pr\u00e1cticas de doma Cl\u00e1sica, Base, Caballos J\u00f3venes y Exterior.","og_url":"https:\/\/www.rmcr.org\/en\/2013\/05\/23\/refuerzo-del-curriculo-del-curso-jinete-profesor\/","og_site_name":"Real Maestranza de Caballer\u00eda de Ronda","article_publisher":"https:\/\/www.facebook.com\/plazadetorosronda","article_published_time":"2013-05-23T19:09:20+00:00","article_modified_time":"2023-02-14T12:33:32+00:00","og_image":[{"width":2016,"height":2560,"url":"https:\/\/www.rmcr.org\/wp-content\/uploads\/2013\/05\/1-scaled.jpg","type":"image\/jpeg"}],"author":"RMCR","twitter_card":"summary_large_image","twitter_creator":"@PlazatorosRMR","twitter_site":"@PlazatorosRMR","twitter_misc":{"Written by":"RMCR"},"schema":{"@context":"https:\/\/schema.org","@graph":[{"@type":"Article","@id":"https:\/\/www.rmcr.org\/en\/2013\/05\/23\/refuerzo-del-curriculo-del-curso-jinete-profesor\/#article","isPartOf":{"@id":"https:\/\/www.rmcr.org\/en\/2013\/05\/23\/refuerzo-del-curriculo-del-curso-jinete-profesor\/"},"author":{"name":"RMCR","@id":"https:\/\/www.rmcr.org\/en\/#\/schema\/person\/7ddd0dafda7edd0e407157f93a56df4f"},"headline":"Refuerzo del Curr\u00edculo del curso Jinete-Profesor","datePublished":"2013-05-23T19:09:20+00:00","dateModified":"2023-02-14T12:33:32+00:00","mainEntityOfPage":{"@id":"https:\/\/www.rmcr.org\/en\/2013\/05\/23\/refuerzo-del-curriculo-del-curso-jinete-profesor\/"},"wordCount":68,"publisher":{"@id":"https:\/\/www.rmcr.org\/en\/#organization"},"image":{"@id":"https:\/\/www.rmcr.org\/en\/2013\/05\/23\/refuerzo-del-curriculo-del-curso-jinete-profesor\/#primaryimage"},"thumbnailUrl":"https:\/\/www.rmcr.org\/wp-content\/uploads\/2013\/05\/1-scaled.jpg","keywords":["Ense\u00f1anza","Ingl\u00e9s","Preparaci\u00f3n f\u00edsica"],"articleSection":["Jinete Profesor","Sin categor\u00eda Equitaci\u00f3n"],"inLanguage":"en-US"},{"@type":"WebPage","@id":"https:\/\/www.rmcr.org\/en\/2013\/05\/23\/refuerzo-del-curriculo-del-curso-jinete-profesor\/","url":"https:\/\/www.rmcr.org\/en\/2013\/05\/23\/refuerzo-del-curriculo-del-curso-jinete-profesor\/","name":"Refuerzo del Curr\u00edculo del curso Jinete-Profesor - Real Maestranza de Caballer\u00eda de Ronda","isPartOf":{"@id":"https:\/\/www.rmcr.org\/en\/#website"},"primaryImageOfPage":{"@id":"https:\/\/www.rmcr.org\/en\/2013\/05\/23\/refuerzo-del-curriculo-del-curso-jinete-profesor\/#primaryimage"},"image":{"@id":"https:\/\/www.rmcr.org\/en\/2013\/05\/23\/refuerzo-del-curriculo-del-curso-jinete-profesor\/#primaryimage"},"thumbnailUrl":"https:\/\/www.rmcr.org\/wp-content\/uploads\/2013\/05\/1-scaled.jpg","datePublished":"2013-05-23T19:09:20+00:00","dateModified":"2023-02-14T12:33:32+00:00","breadcrumb":{"@id":"https:\/\/www.rmcr.org\/en\/2013\/05\/23\/refuerzo-del-curriculo-del-curso-jinete-profesor\/#breadcrumb"},"inLanguage":"en-US","potentialAction":[{"@type":"ReadAction","target":["https:\/\/www.rmcr.org\/en\/2013\/05\/23\/refuerzo-del-curriculo-del-curso-jinete-profesor\/"]}]},{"@type":"ImageObject","inLanguage":"en-US","@id":"https:\/\/www.rmcr.org\/en\/2013\/05\/23\/refuerzo-del-curriculo-del-curso-jinete-profesor\/#primaryimage","url":"https:\/\/www.rmcr.org\/wp-content\/uploads\/2013\/05\/1-scaled.jpg","contentUrl":"https:\/\/www.rmcr.org\/wp-content\/uploads\/2013\/05\/1-scaled.jpg","width":2016,"height":2560},{"@type":"BreadcrumbList","@id":"https:\/\/www.rmcr.org\/en\/2013\/05\/23\/refuerzo-del-curriculo-del-curso-jinete-profesor\/#breadcrumb","itemListElement":[{"@type":"ListItem","position":1,"name":"REAL MAESTRANZA DE CABALLER\u00cdA DE RONDA","item":"https:\/\/www.rmcr.org\/en\/"},{"@type":"ListItem","position":2,"name":"Refuerzo del Curr\u00edculo del curso Jinete-Profesor"}]},{"@type":"WebSite","@id":"https:\/\/www.rmcr.org\/en\/#website","url":"https:\/\/www.rmcr.org\/en\/","name":"Real Maestranza de Caballer\u00eda de Ronda","description":"Real Maestranza de Caballer\u00eda de Ronda","publisher":{"@id":"https:\/\/www.rmcr.org\/en\/#organization"},"alternateName":"RMCR","potentialAction":[{"@type":"SearchAction","target":{"@type":"EntryPoint","urlTemplate":"https:\/\/www.rmcr.org\/en\/?s={search_term_string}"},"query-input":{"@type":"PropertyValueSpecification","valueRequired":true,"valueName":"search_term_string"}}],"inLanguage":"en-US"},{"@type":"Organization","@id":"https:\/\/www.rmcr.org\/en\/#organization","name":"Real Maestranza de Caballer\u00eda de Ronda","alternateName":"RMR","url":"https:\/\/www.rmcr.org\/en\/","logo":{"@type":"ImageObject","inLanguage":"en-US","@id":"https:\/\/www.rmcr.org\/en\/#\/schema\/logo\/image\/","url":"https:\/\/www.rmcr.org\/wp-content\/uploads\/2022\/07\/logo-rmr-blue.svg","contentUrl":"https:\/\/www.rmcr.org\/wp-content\/uploads\/2022\/07\/logo-rmr-blue.svg","width":131,"height":129,"caption":"Real Maestranza de Caballer\u00eda de Ronda"},"image":{"@id":"https:\/\/www.rmcr.org\/en\/#\/schema\/logo\/image\/"},"sameAs":["https:\/\/www.facebook.com\/plazadetorosronda","https:\/\/x.com\/PlazatorosRMR","https:\/\/www.instagram.com\/realmaestranzaderonda\/","https:\/\/www.youtube.com\/channel\/UCrbO5IUN-8v_QML739vM4zg\/videos"]},{"@type":"Person","@id":"https:\/\/www.rmcr.org\/en\/#\/schema\/person\/7ddd0dafda7edd0e407157f93a56df4f","name":"RMCR","image":{"@type":"ImageObject","inLanguage":"en-US","@id":"https:\/\/secure.gravatar.com\/avatar\/adb75798b50800c24baa6a8706037b9469998c49eddeb95935f50f633cff80bb?s=96&d=mm&r=g","url":"https:\/\/secure.gravatar.com\/avatar\/adb75798b50800c24baa6a8706037b9469998c49eddeb95935f50f633cff80bb?s=96&d=mm&r=g","contentUrl":"https:\/\/secure.gravatar.com\/avatar\/adb75798b50800c24baa6a8706037b9469998c49eddeb95935f50f633cff80bb?s=96&d=mm&r=g","caption":"RMCR"},"url":"https:\/\/www.rmcr.org\/en\/author\/bitniks77\/"}]}},"_links":{"self":[{"href":"https:\/\/www.rmcr.org\/en\/wp-json\/wp\/v2\/posts\/5862","targetHints":{"allow":["GET"]}}],"collection":[{"href":"https:\/\/www.rmcr.org\/en\/wp-json\/wp\/v2\/posts"}],"about":[{"href":"https:\/\/www.rmcr.org\/en\/wp-json\/wp\/v2\/types\/post"}],"author":[{"embeddable":true,"href":"https:\/\/www.rmcr.org\/en\/wp-json\/wp\/v2\/users\/7"}],"replies":[{"embeddable":true,"href":"https:\/\/www.rmcr.org\/en\/wp-json\/wp\/v2\/comments?post=5862"}],"version-history":[{"count":1,"href":"https:\/\/www.rmcr.org\/en\/wp-json\/wp\/v2\/posts\/5862\/revisions"}],"predecessor-version":[{"id":7475,"href":"https:\/\/www.rmcr.org\/en\/wp-json\/wp\/v2\/posts\/5862\/revisions\/7475"}],"wp:featuredmedia":[{"embeddable":true,"href":"https:\/\/www.rmcr.org\/en\/wp-json\/wp\/v2\/media\/7478"}],"wp:attachment":[{"href":"https:\/\/www.rmcr.org\/en\/wp-json\/wp\/v2\/media?parent=5862"}],"wp:term":[{"taxonomy":"category","embeddable":true,"href":"https:\/\/www.rmcr.org\/en\/wp-json\/wp\/v2\/categories?post=5862"},{"taxonomy":"post_tag","embeddable":true,"href":"https:\/\/www.rmcr.org\/en\/wp-json\/wp\/v2\/tags?post=5862"}],"curies":[{"name":"wp","href":"https:\/\/api.w.org\/{rel}","templated":true}]}}