{"id":548,"date":"2014-12-01T08:53:16","date_gmt":"2014-12-01T08:53:16","guid":{"rendered":"https:\/\/www.rmcr.org\/?p=548"},"modified":"2025-04-03T15:11:39","modified_gmt":"2025-04-03T15:11:39","slug":"biblioteca-rmr-reales-maestranzas-de-caballeria-diciembre-2014","status":"publish","type":"post","link":"https:\/\/www.rmcr.org\/en\/2014\/12\/01\/biblioteca-rmr-reales-maestranzas-de-caballeria-diciembre-2014\/","title":{"rendered":"Biblioteca-RMR: N\u00ba 12. Reales Maestranzas de Caballer\u00eda. Diciembre 2014."},"content":{"rendered":"<p style=\"text-align:center;\"><span ><b>\u00b7 MONOGR\u00c1FICO \u00b7<\/b><\/span><\/p>\n<p style=\"text-align:center;\"><span ><strong>\u00b7 BIBLIOTECA DE LA REAL MAESTRANZA DE CABALLER\u00cdA DE RONDA \u00b7<\/strong><\/span><\/p>\n<p style=\"text-align:center;\"><span ><strong>\u00b7 DICIEMBRE 2014 \u00b7<\/strong><\/span><\/p>\n<p style=\"text-align:center;\"><span ><strong>\u00b7\u00a0<\/strong><em><strong>FONDO MAESTRANZAS<\/strong><\/em><strong>\u00a0\u00b7<\/strong><\/span><\/p>\n<p><a href=\"https:\/\/www.rmcr.org\/2014\/11\/rmcr.jpg\"><img fetchpriority=\"high\" decoding=\"async\" class=\"aligncenter size-full wp-image-549\" src=\"https:\/\/www.rmcr.org\/wp-content\/uploads\/2014\/11\/rmcr.jpg\" alt=\"rmcr\" width=\"331\" height=\"500\" \/><\/a><\/p>\n<p style=\"text-align:justify;\"><span >\u00a0 \u00a0Ordenanzas de la Real <span class=\"fcr\">Maestranza<\/span> de la m.n. y l. ciudad de Ronda : aprobadas por rl [sic] Rei [sic] nuestro se\u00f1or, siendo hermano mayor de este real cuerpo el seren\u00edsimo se\u00f1or infante don C\u00e1rlos Mar\u00eda. &#8212; Madrid : Imprenta de Fermin Villalpando, 1817<\/span><br \/>\n<span >\u00a0\u00a0\u00a0[4], 112 p., [2] h. de l\u00e1m. ; 22 cm<\/span><br \/>\n<span >\u00a0 \u00a0Palau, 203019<\/span><br \/>\n<span >\u00a0\u00a0\u00a0Signaturizado num\u00e9ricamente<\/span><br \/>\n<span >\u00a0\u00a0\u00a0Las h. de l\u00e1m.: (1) &#8220;Josef Rivero lo dibux\u00f3, J.M. de la Vega lo grab\u00f3&#8221; y (2) &#8220;Jos\u00e9 del Rivero lo inv\u00ba, J.M. de la Vega lo grab\u00f3&#8221;, son alegor\u00edas de la Real <span class=\"fcr\">Maestranza<\/span> de Caballer\u00eda de Ronda y la Corona espa\u00f1ola, respectivamente<\/span><br \/>\n<span >*\u00a0CB1008298 &#8212; Enc. tafilete rojo, hierros dorados en cub. y lomo, cortes dorados<\/span><\/p>\n<p><a href=\"https:\/\/www.rmcr.org\/2014\/11\/rmcs.jpg\"><img decoding=\"async\" class=\"aligncenter size-full wp-image-550\" src=\"https:\/\/www.rmcr.org\/wp-content\/uploads\/2014\/11\/rmcs.jpg\" alt=\"rmcs\" width=\"337\" height=\"500\" srcset=\"https:\/\/www.rmcr.org\/wp-content\/uploads\/2014\/11\/rmcs.jpg 337w, https:\/\/www.rmcr.org\/wp-content\/uploads\/2014\/11\/rmcs-202x300.jpg 202w\" sizes=\"(max-width: 337px) 100vw, 337px\" \/><\/a><\/p>\n<p style=\"text-align:justify;\"><span >\u00a0 \u00a0Ordenanzas de la Real Maestranza de Caballer\u00eda de la ciudad de Sevilla. &#8212; Madrid : en la Imprenta Real, 1794<\/span><br \/>\n<span >\u00a0 \u00a0[12], 183 p., [1] p. en bl., [1] h. de l\u00e1m. ; 4\u00ba<\/span><br \/>\n<span >\u00a0 \u00a0Palau, 203018<\/span><br \/>\n<span >\u00a0 \u00a0Sign.: [ ]4, [asterisco]2, A-Z4<\/span><br \/>\n<span >\u00a0 \u00a0La h. de l\u00e1m.: &#8220;Paret del. Moreno Texada sculpst. A.1794&#8221; es una representaci\u00f3n aleg\u00f3rica de la Real Maestranza de Caballer\u00eda de Sevilla<\/span><br \/>\n<span >* CB1001661 &#8212; Enc. hol. tela, nervios, tejuelo, hierros dorados en cub. y lomo<\/span><\/p>\n<p><a href=\"https:\/\/www.rmcr.org\/2014\/11\/rmcg.jpg\"><img decoding=\"async\" class=\"aligncenter size-full wp-image-551\" src=\"https:\/\/www.rmcr.org\/wp-content\/uploads\/2014\/11\/rmcg.jpg\" alt=\"rmcg\" width=\"343\" height=\"500\" \/><\/a><\/p>\n<p style=\"text-align:justify;\"><span >\u00a0 \u00a0Estatutos, y ordenanzas de la Real <span class=\"fcr\">Maestranza<\/span> de la ciudad de Granada : tomando por patrona a Maria santissima en el mysterio de su purissima concepcion, erigida bajo la proteccion del Rey ntro. sor. (que Dios guarde) y logrando el honor de tener por hermano mayor al serenissimo se\u00f1or don Phelipe, infante de Espa\u00f1a, duque de Parma, Plasencia, y Guast\u00e1la, &amp;c. &#8212; Madrid : por Joachin Ibarra &#8230;, 1764<\/span><br \/>\n<span >\u00a0\u00a0\u00a0156 p., [1] h. de grab. : il. ; 4\u00ba<\/span><br \/>\n<span >\u00a0 \u00a0Palau, 83613<\/span><br \/>\n<span >\u00a0\u00a0\u00a0Sign.: A-S4, T2, V4<\/span><br \/>\n<span >\u00a0\u00a0\u00a0La h. de l\u00e1m.: &#8220;Thom. Lopez sculp Madrid 1764&#8221;, es una representaci\u00f3n aleg\u00f3rica <span class=\"fcr\">de<\/span> la Real Maestranza de Caballer\u00eda de Granada<\/span><br \/>\n<span >\u00a0\u00a0\u00a0Esc. real aleg\u00f3rico: &#8220;Ballester fct&#8221; en cabecera h. A2<\/span><br \/>\n<span >*\u00a0CB1018743 &#8212; Enc. piel con hierros dorados &#8212; Iniciales en lomo: &#8220;J.C.G.&#8221; &#8212; Super libris: &#8220;Juan Caro&#8221;<\/span><\/p>\n<p><a href=\"https:\/\/www.rmcr.org\/2014\/11\/rmcv.jpg\"><img loading=\"lazy\" decoding=\"async\" class=\"aligncenter size-full wp-image-552\" src=\"https:\/\/www.rmcr.org\/wp-content\/uploads\/2014\/11\/rmcv.jpg\" alt=\"rmcv\" width=\"352\" height=\"500\" \/><\/a><\/p>\n<p style=\"text-align:justify;\"><span >\u00a0 \u00a0Ordenanzas de la Real <span class=\"fcr\">Maestranza<\/span> de caualleros de la ciudad de Valencia : a\u00f1o de MDCCLXXV. &#8212; En Valencia : en la oficina de Benito Monfort, 1776<\/span><br \/>\n<span >\u00a0\u00a0\u00a0[4], 160 p., [1] h. de l\u00e1m. : il. ; 4\u00ba<\/span><br \/>\n<span >\u00a0 \u00a0Palau, 203015<\/span><br \/>\n<span >\u00a0\u00a0\u00a0Sign.: [ ]2, A-V4<\/span><br \/>\n<span >\u00a0\u00a0\u00a0La h. de l\u00e1m.: &#8220;Joseph Camaron la dibux\u00f3, Victe. Galcer\u00e1n y Alapont la grav\u00f3&#8221; es una representaci\u00f3n aleg\u00f3rica de la Real <span class=\"fcr\">Maestranza<\/span> de Caballer\u00eda de Valencia<\/span><br \/>\n<span >\u00a0\u00a0\u00a0Esc. real aleg\u00f3rico en la p. [3]<\/span><br \/>\n<span >*\u00a0CB1005850 &#8212; Duplicada h. V2 &#8212; Enc. piel, tejuelo, hierros dorados en cub. y lomo, cortes tintados &#8212; Sello de tinta: &#8220;el Marques de Mirasol&#8221; &#8212; An. ms.: &#8220;D. Gonzalo Palavicino de Ibarrola Valles Mollinedo y Carroz. Marques de Mirasol, Baron de Frignani y Frignestrani, Baron y se\u00f1or del Rebollet, se\u00f1or solariego y territorial de Pueblalarga, Mahuella, Garduamar, Guadasequies, Benfareig, maestrante de Valencia, etc&#8221;<\/span><\/p>\n<p><a href=\"https:\/\/www.rmcr.org\/2014\/11\/rmcz.jpg\"><img loading=\"lazy\" decoding=\"async\" class=\"aligncenter size-full wp-image-553\" src=\"https:\/\/www.rmcr.org\/wp-content\/uploads\/2014\/11\/rmcz.jpg\" alt=\"rmcz\" width=\"334\" height=\"500\" \/><\/a><\/p>\n<p style=\"text-align:justify;\"><span >\u00a0 \u00a0Ordenanzas de la Real <span class=\"fcr\">Maestranza<\/span> de Caballeria de la ciudad de Zaragoza. &#8212; Zaragoza : por Francisco Magallon, 1825<\/span><br \/>\n<span >\u00a0\u00a0\u00a0[10], 108, [3] p., [1] h. de l\u00e1m. ; 25 cm<\/span><br \/>\n<span >\u00a0 \u00a0Palau, 203020<\/span><br \/>\n<span >\u00a0\u00a0\u00a0Signaturizado num\u00e9ricamente<\/span><br \/>\n<span >\u00a0\u00a0\u00a0La h. de l\u00e1m.: &#8220;Narciso Lalana lo dib. en Zarag\u00aa, V. Capilla lo grab\u00f3 en Val\u00aa&#8221; es una representaci\u00f3n aleg\u00f3rica de la Real <span class=\"fcr\">Maestranza<\/span> de Caballer\u00eda de Zaragoza<\/span><br \/>\n<span >*\u00a0CB1005701 &#8212; Enc. hol. con puntas, hierros dorados en lomo, cortes dorados<\/span><\/p>\n","protected":false},"excerpt":{"rendered":"<p>\u00b7 MONOGR\u00c1FICO \u00b7 \u00b7 BIBLIOTECA DE LA REAL MAESTRANZA DE CABALLER\u00cdA DE RONDA \u00b7 \u00b7 DICIEMBRE 2014 \u00b7 \u00b7\u00a0FONDO MAESTRANZAS\u00a0\u00b7 \u00a0 \u00a0Ordenanzas de la Real Maestranza de la m.n. y l. ciudad de Ronda : aprobadas por rl [sic] Rei [sic] nuestro se\u00f1or, siendo hermano mayor de este real cuerpo el seren\u00edsimo se\u00f1or infante don [&hellip;]<\/p>\n","protected":false},"author":2,"featured_media":554,"comment_status":"open","ping_status":"open","sticky":false,"template":"","format":"standard","meta":{"footnotes":""},"categories":[140,791],"tags":[237,105,252,176,144,137,185],"class_list":["post-548","post","type-post","status-publish","format-standard","has-post-thumbnail","hentry","category-biblioteca","category-boletin-bibliografico-biblioteca-rmr","tag-bibliografias","tag-biblioteca-general","tag-biblioteca-rmr","tag-boletin-mensual-bibliografico","tag-grabados","tag-libros","tag-reales-maestranzas"],"yoast_head":"<!-- This site is optimized with the Yoast SEO plugin v27.5 - https:\/\/yoast.com\/product\/yoast-seo-wordpress\/ -->\n<title>Biblioteca-RMR: N\u00ba 12. Reales Maestranzas de Caballer\u00eda. Diciembre 2014. - Real Maestranza de Caballer\u00eda de Ronda<\/title>\n<meta name=\"robots\" content=\"index, follow, max-snippet:-1, max-image-preview:large, max-video-preview:-1\" \/>\n<link rel=\"canonical\" href=\"https:\/\/www.rmcr.org\/en\/2014\/12\/01\/biblioteca-rmr-reales-maestranzas-de-caballeria-diciembre-2014\/\" \/>\n<meta property=\"og:locale\" content=\"en_US\" \/>\n<meta property=\"og:type\" content=\"article\" \/>\n<meta property=\"og:title\" content=\"Biblioteca-RMR: N\u00ba 12. Reales Maestranzas de Caballer\u00eda. Diciembre 2014. - Real Maestranza de Caballer\u00eda de Ronda\" \/>\n<meta property=\"og:description\" content=\"\u00b7 MONOGR\u00c1FICO \u00b7 \u00b7 BIBLIOTECA DE LA REAL MAESTRANZA DE CABALLER\u00cdA DE RONDA \u00b7 \u00b7 DICIEMBRE 2014 \u00b7 \u00b7\u00a0FONDO MAESTRANZAS\u00a0\u00b7 \u00a0 \u00a0Ordenanzas de la Real Maestranza de la m.n. y l. ciudad de Ronda : aprobadas por rl [sic] Rei [sic] nuestro se\u00f1or, siendo hermano mayor de este real cuerpo el seren\u00edsimo se\u00f1or infante don [&hellip;]\" \/>\n<meta property=\"og:url\" content=\"https:\/\/www.rmcr.org\/en\/2014\/12\/01\/biblioteca-rmr-reales-maestranzas-de-caballeria-diciembre-2014\/\" \/>\n<meta property=\"og:site_name\" content=\"Real Maestranza de Caballer\u00eda de Ronda\" \/>\n<meta property=\"article:publisher\" content=\"https:\/\/www.facebook.com\/plazadetorosronda\" \/>\n<meta property=\"article:published_time\" content=\"2014-12-01T08:53:16+00:00\" \/>\n<meta property=\"article:modified_time\" content=\"2025-04-03T15:11:39+00:00\" \/>\n<meta property=\"og:image\" content=\"https:\/\/www.rmcr.org\/wp-content\/uploads\/2014\/11\/maestr.jpg\" \/>\n\t<meta property=\"og:image:width\" content=\"469\" \/>\n\t<meta property=\"og:image:height\" content=\"139\" \/>\n\t<meta property=\"og:image:type\" content=\"image\/jpeg\" \/>\n<meta name=\"author\" content=\"BIBLIOTECA\" \/>\n<meta name=\"twitter:card\" content=\"summary_large_image\" \/>\n<meta name=\"twitter:creator\" content=\"@PlazatorosRMR\" \/>\n<meta name=\"twitter:site\" content=\"@PlazatorosRMR\" \/>\n<meta name=\"twitter:label1\" content=\"Written by\" \/>\n\t<meta name=\"twitter:data1\" content=\"BIBLIOTECA\" \/>\n\t<meta name=\"twitter:label2\" content=\"Est. reading time\" \/>\n\t<meta name=\"twitter:data2\" content=\"3 minutes\" \/>\n<script type=\"application\/ld+json\" class=\"yoast-schema-graph\">{\"@context\":\"https:\\\/\\\/schema.org\",\"@graph\":[{\"@type\":\"Article\",\"@id\":\"https:\\\/\\\/www.rmcr.org\\\/en\\\/2014\\\/12\\\/01\\\/biblioteca-rmr-reales-maestranzas-de-caballeria-diciembre-2014\\\/#article\",\"isPartOf\":{\"@id\":\"https:\\\/\\\/www.rmcr.org\\\/en\\\/2014\\\/12\\\/01\\\/biblioteca-rmr-reales-maestranzas-de-caballeria-diciembre-2014\\\/\"},\"author\":{\"name\":\"BIBLIOTECA\",\"@id\":\"https:\\\/\\\/www.rmcr.org\\\/en\\\/#\\\/schema\\\/person\\\/80849edee7ef556893505128619ea1d0\"},\"headline\":\"Biblioteca-RMR: N\u00ba 12. Reales Maestranzas de Caballer\u00eda. Diciembre 2014.\",\"datePublished\":\"2014-12-01T08:53:16+00:00\",\"dateModified\":\"2025-04-03T15:11:39+00:00\",\"mainEntityOfPage\":{\"@id\":\"https:\\\/\\\/www.rmcr.org\\\/en\\\/2014\\\/12\\\/01\\\/biblioteca-rmr-reales-maestranzas-de-caballeria-diciembre-2014\\\/\"},\"wordCount\":551,\"commentCount\":0,\"publisher\":{\"@id\":\"https:\\\/\\\/www.rmcr.org\\\/en\\\/#organization\"},\"image\":{\"@id\":\"https:\\\/\\\/www.rmcr.org\\\/en\\\/2014\\\/12\\\/01\\\/biblioteca-rmr-reales-maestranzas-de-caballeria-diciembre-2014\\\/#primaryimage\"},\"thumbnailUrl\":\"https:\\\/\\\/www.rmcr.org\\\/wp-content\\\/uploads\\\/2014\\\/11\\\/maestr.jpg\",\"keywords\":[\"Bibliograf\u00edas\",\"Biblioteca\",\"Biblioteca-RMR\",\"Bolet\u00edn mensual bibliogr\u00e1fico\",\"Grabados\",\"Libros\",\"Reales Maestranzas\"],\"articleSection\":[\"Biblioteca\",\"Bolet\u00edn bibliogr\u00e1fico Biblioteca-RMR\"],\"inLanguage\":\"en-US\",\"potentialAction\":[{\"@type\":\"CommentAction\",\"name\":\"Comment\",\"target\":[\"https:\\\/\\\/www.rmcr.org\\\/en\\\/2014\\\/12\\\/01\\\/biblioteca-rmr-reales-maestranzas-de-caballeria-diciembre-2014\\\/#respond\"]}]},{\"@type\":\"WebPage\",\"@id\":\"https:\\\/\\\/www.rmcr.org\\\/en\\\/2014\\\/12\\\/01\\\/biblioteca-rmr-reales-maestranzas-de-caballeria-diciembre-2014\\\/\",\"url\":\"https:\\\/\\\/www.rmcr.org\\\/en\\\/2014\\\/12\\\/01\\\/biblioteca-rmr-reales-maestranzas-de-caballeria-diciembre-2014\\\/\",\"name\":\"Biblioteca-RMR: N\u00ba 12. Reales Maestranzas de Caballer\u00eda. Diciembre 2014. - Real Maestranza de Caballer\u00eda de Ronda\",\"isPartOf\":{\"@id\":\"https:\\\/\\\/www.rmcr.org\\\/en\\\/#website\"},\"primaryImageOfPage\":{\"@id\":\"https:\\\/\\\/www.rmcr.org\\\/en\\\/2014\\\/12\\\/01\\\/biblioteca-rmr-reales-maestranzas-de-caballeria-diciembre-2014\\\/#primaryimage\"},\"image\":{\"@id\":\"https:\\\/\\\/www.rmcr.org\\\/en\\\/2014\\\/12\\\/01\\\/biblioteca-rmr-reales-maestranzas-de-caballeria-diciembre-2014\\\/#primaryimage\"},\"thumbnailUrl\":\"https:\\\/\\\/www.rmcr.org\\\/wp-content\\\/uploads\\\/2014\\\/11\\\/maestr.jpg\",\"datePublished\":\"2014-12-01T08:53:16+00:00\",\"dateModified\":\"2025-04-03T15:11:39+00:00\",\"breadcrumb\":{\"@id\":\"https:\\\/\\\/www.rmcr.org\\\/en\\\/2014\\\/12\\\/01\\\/biblioteca-rmr-reales-maestranzas-de-caballeria-diciembre-2014\\\/#breadcrumb\"},\"inLanguage\":\"en-US\",\"potentialAction\":[{\"@type\":\"ReadAction\",\"target\":[\"https:\\\/\\\/www.rmcr.org\\\/en\\\/2014\\\/12\\\/01\\\/biblioteca-rmr-reales-maestranzas-de-caballeria-diciembre-2014\\\/\"]}]},{\"@type\":\"ImageObject\",\"inLanguage\":\"en-US\",\"@id\":\"https:\\\/\\\/www.rmcr.org\\\/en\\\/2014\\\/12\\\/01\\\/biblioteca-rmr-reales-maestranzas-de-caballeria-diciembre-2014\\\/#primaryimage\",\"url\":\"https:\\\/\\\/www.rmcr.org\\\/wp-content\\\/uploads\\\/2014\\\/11\\\/maestr.jpg\",\"contentUrl\":\"https:\\\/\\\/www.rmcr.org\\\/wp-content\\\/uploads\\\/2014\\\/11\\\/maestr.jpg\",\"width\":469,\"height\":139},{\"@type\":\"BreadcrumbList\",\"@id\":\"https:\\\/\\\/www.rmcr.org\\\/en\\\/2014\\\/12\\\/01\\\/biblioteca-rmr-reales-maestranzas-de-caballeria-diciembre-2014\\\/#breadcrumb\",\"itemListElement\":[{\"@type\":\"ListItem\",\"position\":1,\"name\":\"REAL MAESTRANZA DE CABALLER\u00cdA DE RONDA\",\"item\":\"https:\\\/\\\/www.rmcr.org\\\/en\\\/\"},{\"@type\":\"ListItem\",\"position\":2,\"name\":\"Biblioteca-RMR: N\u00ba 12. Reales Maestranzas de Caballer\u00eda. Diciembre 2014.\"}]},{\"@type\":\"WebSite\",\"@id\":\"https:\\\/\\\/www.rmcr.org\\\/en\\\/#website\",\"url\":\"https:\\\/\\\/www.rmcr.org\\\/en\\\/\",\"name\":\"Real Maestranza de Caballer\u00eda de Ronda\",\"description\":\"Real Maestranza de Caballer\u00eda de Ronda\",\"publisher\":{\"@id\":\"https:\\\/\\\/www.rmcr.org\\\/en\\\/#organization\"},\"alternateName\":\"RMCR\",\"potentialAction\":[{\"@type\":\"SearchAction\",\"target\":{\"@type\":\"EntryPoint\",\"urlTemplate\":\"https:\\\/\\\/www.rmcr.org\\\/en\\\/?s={search_term_string}\"},\"query-input\":{\"@type\":\"PropertyValueSpecification\",\"valueRequired\":true,\"valueName\":\"search_term_string\"}}],\"inLanguage\":\"en-US\"},{\"@type\":\"Organization\",\"@id\":\"https:\\\/\\\/www.rmcr.org\\\/en\\\/#organization\",\"name\":\"Real Maestranza de Caballer\u00eda de Ronda\",\"alternateName\":\"RMR\",\"url\":\"https:\\\/\\\/www.rmcr.org\\\/en\\\/\",\"logo\":{\"@type\":\"ImageObject\",\"inLanguage\":\"en-US\",\"@id\":\"https:\\\/\\\/www.rmcr.org\\\/en\\\/#\\\/schema\\\/logo\\\/image\\\/\",\"url\":\"https:\\\/\\\/www.rmcr.org\\\/wp-content\\\/uploads\\\/2022\\\/07\\\/logo-rmr-blue.svg\",\"contentUrl\":\"https:\\\/\\\/www.rmcr.org\\\/wp-content\\\/uploads\\\/2022\\\/07\\\/logo-rmr-blue.svg\",\"width\":131,\"height\":129,\"caption\":\"Real Maestranza de Caballer\u00eda de Ronda\"},\"image\":{\"@id\":\"https:\\\/\\\/www.rmcr.org\\\/en\\\/#\\\/schema\\\/logo\\\/image\\\/\"},\"sameAs\":[\"https:\\\/\\\/www.facebook.com\\\/plazadetorosronda\",\"https:\\\/\\\/x.com\\\/PlazatorosRMR\",\"https:\\\/\\\/www.instagram.com\\\/realmaestranzaderonda\\\/\",\"https:\\\/\\\/www.youtube.com\\\/channel\\\/UCrbO5IUN-8v_QML739vM4zg\\\/videos\"]},{\"@type\":\"Person\",\"@id\":\"https:\\\/\\\/www.rmcr.org\\\/en\\\/#\\\/schema\\\/person\\\/80849edee7ef556893505128619ea1d0\",\"name\":\"BIBLIOTECA\",\"image\":{\"@type\":\"ImageObject\",\"inLanguage\":\"en-US\",\"@id\":\"https:\\\/\\\/www.rmcr.org\\\/wp-content\\\/uploads\\\/2022\\\/11\\\/avatar-rmcr-96x96.png\",\"url\":\"https:\\\/\\\/www.rmcr.org\\\/wp-content\\\/uploads\\\/2022\\\/11\\\/avatar-rmcr-96x96.png\",\"contentUrl\":\"https:\\\/\\\/www.rmcr.org\\\/wp-content\\\/uploads\\\/2022\\\/11\\\/avatar-rmcr-96x96.png\",\"caption\":\"BIBLIOTECA\"},\"url\":\"https:\\\/\\\/www.rmcr.org\\\/en\\\/author\\\/juan-antonio-moreno\\\/\"}]}<\/script>\n<!-- \/ Yoast SEO plugin. -->","yoast_head_json":{"title":"Biblioteca-RMR: N\u00ba 12. Reales Maestranzas de Caballer\u00eda. Diciembre 2014. - Real Maestranza de Caballer\u00eda de Ronda","robots":{"index":"index","follow":"follow","max-snippet":"max-snippet:-1","max-image-preview":"max-image-preview:large","max-video-preview":"max-video-preview:-1"},"canonical":"https:\/\/www.rmcr.org\/en\/2014\/12\/01\/biblioteca-rmr-reales-maestranzas-de-caballeria-diciembre-2014\/","og_locale":"en_US","og_type":"article","og_title":"Biblioteca-RMR: N\u00ba 12. Reales Maestranzas de Caballer\u00eda. Diciembre 2014. - Real Maestranza de Caballer\u00eda de Ronda","og_description":"\u00b7 MONOGR\u00c1FICO \u00b7 \u00b7 BIBLIOTECA DE LA REAL MAESTRANZA DE CABALLER\u00cdA DE RONDA \u00b7 \u00b7 DICIEMBRE 2014 \u00b7 \u00b7\u00a0FONDO MAESTRANZAS\u00a0\u00b7 \u00a0 \u00a0Ordenanzas de la Real Maestranza de la m.n. y l. ciudad de Ronda : aprobadas por rl [sic] Rei [sic] nuestro se\u00f1or, siendo hermano mayor de este real cuerpo el seren\u00edsimo se\u00f1or infante don [&hellip;]","og_url":"https:\/\/www.rmcr.org\/en\/2014\/12\/01\/biblioteca-rmr-reales-maestranzas-de-caballeria-diciembre-2014\/","og_site_name":"Real Maestranza de Caballer\u00eda de Ronda","article_publisher":"https:\/\/www.facebook.com\/plazadetorosronda","article_published_time":"2014-12-01T08:53:16+00:00","article_modified_time":"2025-04-03T15:11:39+00:00","og_image":[{"width":469,"height":139,"url":"https:\/\/www.rmcr.org\/wp-content\/uploads\/2014\/11\/maestr.jpg","type":"image\/jpeg"}],"author":"BIBLIOTECA","twitter_card":"summary_large_image","twitter_creator":"@PlazatorosRMR","twitter_site":"@PlazatorosRMR","twitter_misc":{"Written by":"BIBLIOTECA","Est. reading time":"3 minutes"},"schema":{"@context":"https:\/\/schema.org","@graph":[{"@type":"Article","@id":"https:\/\/www.rmcr.org\/en\/2014\/12\/01\/biblioteca-rmr-reales-maestranzas-de-caballeria-diciembre-2014\/#article","isPartOf":{"@id":"https:\/\/www.rmcr.org\/en\/2014\/12\/01\/biblioteca-rmr-reales-maestranzas-de-caballeria-diciembre-2014\/"},"author":{"name":"BIBLIOTECA","@id":"https:\/\/www.rmcr.org\/en\/#\/schema\/person\/80849edee7ef556893505128619ea1d0"},"headline":"Biblioteca-RMR: N\u00ba 12. Reales Maestranzas de Caballer\u00eda. Diciembre 2014.","datePublished":"2014-12-01T08:53:16+00:00","dateModified":"2025-04-03T15:11:39+00:00","mainEntityOfPage":{"@id":"https:\/\/www.rmcr.org\/en\/2014\/12\/01\/biblioteca-rmr-reales-maestranzas-de-caballeria-diciembre-2014\/"},"wordCount":551,"commentCount":0,"publisher":{"@id":"https:\/\/www.rmcr.org\/en\/#organization"},"image":{"@id":"https:\/\/www.rmcr.org\/en\/2014\/12\/01\/biblioteca-rmr-reales-maestranzas-de-caballeria-diciembre-2014\/#primaryimage"},"thumbnailUrl":"https:\/\/www.rmcr.org\/wp-content\/uploads\/2014\/11\/maestr.jpg","keywords":["Bibliograf\u00edas","Biblioteca","Biblioteca-RMR","Bolet\u00edn mensual bibliogr\u00e1fico","Grabados","Libros","Reales Maestranzas"],"articleSection":["Biblioteca","Bolet\u00edn bibliogr\u00e1fico Biblioteca-RMR"],"inLanguage":"en-US","potentialAction":[{"@type":"CommentAction","name":"Comment","target":["https:\/\/www.rmcr.org\/en\/2014\/12\/01\/biblioteca-rmr-reales-maestranzas-de-caballeria-diciembre-2014\/#respond"]}]},{"@type":"WebPage","@id":"https:\/\/www.rmcr.org\/en\/2014\/12\/01\/biblioteca-rmr-reales-maestranzas-de-caballeria-diciembre-2014\/","url":"https:\/\/www.rmcr.org\/en\/2014\/12\/01\/biblioteca-rmr-reales-maestranzas-de-caballeria-diciembre-2014\/","name":"Biblioteca-RMR: N\u00ba 12. Reales Maestranzas de Caballer\u00eda. Diciembre 2014. - Real Maestranza de Caballer\u00eda de Ronda","isPartOf":{"@id":"https:\/\/www.rmcr.org\/en\/#website"},"primaryImageOfPage":{"@id":"https:\/\/www.rmcr.org\/en\/2014\/12\/01\/biblioteca-rmr-reales-maestranzas-de-caballeria-diciembre-2014\/#primaryimage"},"image":{"@id":"https:\/\/www.rmcr.org\/en\/2014\/12\/01\/biblioteca-rmr-reales-maestranzas-de-caballeria-diciembre-2014\/#primaryimage"},"thumbnailUrl":"https:\/\/www.rmcr.org\/wp-content\/uploads\/2014\/11\/maestr.jpg","datePublished":"2014-12-01T08:53:16+00:00","dateModified":"2025-04-03T15:11:39+00:00","breadcrumb":{"@id":"https:\/\/www.rmcr.org\/en\/2014\/12\/01\/biblioteca-rmr-reales-maestranzas-de-caballeria-diciembre-2014\/#breadcrumb"},"inLanguage":"en-US","potentialAction":[{"@type":"ReadAction","target":["https:\/\/www.rmcr.org\/en\/2014\/12\/01\/biblioteca-rmr-reales-maestranzas-de-caballeria-diciembre-2014\/"]}]},{"@type":"ImageObject","inLanguage":"en-US","@id":"https:\/\/www.rmcr.org\/en\/2014\/12\/01\/biblioteca-rmr-reales-maestranzas-de-caballeria-diciembre-2014\/#primaryimage","url":"https:\/\/www.rmcr.org\/wp-content\/uploads\/2014\/11\/maestr.jpg","contentUrl":"https:\/\/www.rmcr.org\/wp-content\/uploads\/2014\/11\/maestr.jpg","width":469,"height":139},{"@type":"BreadcrumbList","@id":"https:\/\/www.rmcr.org\/en\/2014\/12\/01\/biblioteca-rmr-reales-maestranzas-de-caballeria-diciembre-2014\/#breadcrumb","itemListElement":[{"@type":"ListItem","position":1,"name":"REAL MAESTRANZA DE CABALLER\u00cdA DE RONDA","item":"https:\/\/www.rmcr.org\/en\/"},{"@type":"ListItem","position":2,"name":"Biblioteca-RMR: N\u00ba 12. Reales Maestranzas de Caballer\u00eda. Diciembre 2014."}]},{"@type":"WebSite","@id":"https:\/\/www.rmcr.org\/en\/#website","url":"https:\/\/www.rmcr.org\/en\/","name":"Real Maestranza de Caballer\u00eda de Ronda","description":"Real Maestranza de Caballer\u00eda de Ronda","publisher":{"@id":"https:\/\/www.rmcr.org\/en\/#organization"},"alternateName":"RMCR","potentialAction":[{"@type":"SearchAction","target":{"@type":"EntryPoint","urlTemplate":"https:\/\/www.rmcr.org\/en\/?s={search_term_string}"},"query-input":{"@type":"PropertyValueSpecification","valueRequired":true,"valueName":"search_term_string"}}],"inLanguage":"en-US"},{"@type":"Organization","@id":"https:\/\/www.rmcr.org\/en\/#organization","name":"Real Maestranza de Caballer\u00eda de Ronda","alternateName":"RMR","url":"https:\/\/www.rmcr.org\/en\/","logo":{"@type":"ImageObject","inLanguage":"en-US","@id":"https:\/\/www.rmcr.org\/en\/#\/schema\/logo\/image\/","url":"https:\/\/www.rmcr.org\/wp-content\/uploads\/2022\/07\/logo-rmr-blue.svg","contentUrl":"https:\/\/www.rmcr.org\/wp-content\/uploads\/2022\/07\/logo-rmr-blue.svg","width":131,"height":129,"caption":"Real Maestranza de Caballer\u00eda de Ronda"},"image":{"@id":"https:\/\/www.rmcr.org\/en\/#\/schema\/logo\/image\/"},"sameAs":["https:\/\/www.facebook.com\/plazadetorosronda","https:\/\/x.com\/PlazatorosRMR","https:\/\/www.instagram.com\/realmaestranzaderonda\/","https:\/\/www.youtube.com\/channel\/UCrbO5IUN-8v_QML739vM4zg\/videos"]},{"@type":"Person","@id":"https:\/\/www.rmcr.org\/en\/#\/schema\/person\/80849edee7ef556893505128619ea1d0","name":"BIBLIOTECA","image":{"@type":"ImageObject","inLanguage":"en-US","@id":"https:\/\/www.rmcr.org\/wp-content\/uploads\/2022\/11\/avatar-rmcr-96x96.png","url":"https:\/\/www.rmcr.org\/wp-content\/uploads\/2022\/11\/avatar-rmcr-96x96.png","contentUrl":"https:\/\/www.rmcr.org\/wp-content\/uploads\/2022\/11\/avatar-rmcr-96x96.png","caption":"BIBLIOTECA"},"url":"https:\/\/www.rmcr.org\/en\/author\/juan-antonio-moreno\/"}]}},"_links":{"self":[{"href":"https:\/\/www.rmcr.org\/en\/wp-json\/wp\/v2\/posts\/548","targetHints":{"allow":["GET"]}}],"collection":[{"href":"https:\/\/www.rmcr.org\/en\/wp-json\/wp\/v2\/posts"}],"about":[{"href":"https:\/\/www.rmcr.org\/en\/wp-json\/wp\/v2\/types\/post"}],"author":[{"embeddable":true,"href":"https:\/\/www.rmcr.org\/en\/wp-json\/wp\/v2\/users\/2"}],"replies":[{"embeddable":true,"href":"https:\/\/www.rmcr.org\/en\/wp-json\/wp\/v2\/comments?post=548"}],"version-history":[{"count":1,"href":"https:\/\/www.rmcr.org\/en\/wp-json\/wp\/v2\/posts\/548\/revisions"}],"predecessor-version":[{"id":18316,"href":"https:\/\/www.rmcr.org\/en\/wp-json\/wp\/v2\/posts\/548\/revisions\/18316"}],"wp:featuredmedia":[{"embeddable":true,"href":"https:\/\/www.rmcr.org\/en\/wp-json\/wp\/v2\/media\/554"}],"wp:attachment":[{"href":"https:\/\/www.rmcr.org\/en\/wp-json\/wp\/v2\/media?parent=548"}],"wp:term":[{"taxonomy":"category","embeddable":true,"href":"https:\/\/www.rmcr.org\/en\/wp-json\/wp\/v2\/categories?post=548"},{"taxonomy":"post_tag","embeddable":true,"href":"https:\/\/www.rmcr.org\/en\/wp-json\/wp\/v2\/tags?post=548"}],"curies":[{"name":"wp","href":"https:\/\/api.w.org\/{rel}","templated":true}]}}