{"id":540,"date":"2014-11-04T12:59:28","date_gmt":"2014-11-04T12:59:28","guid":{"rendered":"https:\/\/www.rmcr.org\/?p=540"},"modified":"2025-04-03T15:11:49","modified_gmt":"2025-04-03T15:11:49","slug":"biblioteca-rmr-un-joven-arquitecto-americano-de-viaje-por-andalucia-noviembre-2014","status":"publish","type":"post","link":"https:\/\/www.rmcr.org\/en\/2014\/11\/04\/biblioteca-rmr-un-joven-arquitecto-americano-de-viaje-por-andalucia-noviembre-2014\/","title":{"rendered":"Biblioteca-RMR: N\u00ba 11. Un joven arquitecto americano de viaje por Andaluc\u00eda. Noviembre 2014."},"content":{"rendered":"<p style=\"text-align:center;\"><strong><span>\u00b7 ART\u00cdCULO \u00b7<\/span><\/strong><\/p>\n<p style=\"text-align:center;\"><strong><span>\u00b7 BIBLIOTECA DE LA REAL MAESTRANZA DE CABALLER\u00cdA DE RONDA \u00b7<\/span><\/strong><\/p>\n<p style=\"text-align:center;\"><strong><span>\u00b7 NOVIEMBRE 2014 \u00b7<\/span><\/strong><\/p>\n<p style=\"text-align:center;\"><strong><span><em>\u00b7 FONDO RONDA \u00b7<\/em><\/span><\/strong><\/p>\n<p><a href=\"https:\/\/www.rmcr.org\/2014\/11\/almocabar.jpg\"><img fetchpriority=\"high\" decoding=\"async\" class=\"aligncenter size-full wp-image-541\" src=\"https:\/\/www.rmcr.org\/wp-content\/uploads\/2014\/11\/almocabar.jpg\" alt=\"almocabar\" width=\"470\" height=\"369\"><\/a><\/p>\n<p style=\"text-align:center;\"><span>&nbsp;\u201cRonda &#8211; Espirito Santo\u201d<\/span><\/p>\n<p style=\"text-align:justify;\"><span>Corr\u00eda el a\u00f1o 1917 cuando apareci\u00f3 publicado en Nueva York el libro \u201cThe minor ecclesiastical, domestic and garden architecture of southern Spain\u201d.<\/span><\/p>\n<p style=\"text-align:justify;\"><span>El autor era un prometedor arquitecto reci\u00e9n salido de la universidad, Austin Whittlesey (1893-1950), hijo del tambi\u00e9n arquitecto americano Charles F. Whittlesey (1867-1941), conocido por sus dise\u00f1os en el suroeste de Estados Unidos, as\u00ed como por sus trabajos pioneros en el uso del hormig\u00f3n armado en California.<\/span><\/p>\n<p style=\"text-align:justify;\"><span>En 1915, A. Whittlesey obtuvo la \u201cLe Brun Traveling Scholarship Competition\u201d. Esta convocatoria (fundada en 1910 por Pierre L. Le Brun) otorgaba becas de viaje a j\u00f3venes arquitectos con el fin de que pudieran conocer in situ las principales corrientes arquitect\u00f3nicas de la historia.<\/span><\/p>\n<p style=\"text-align:justify;\"><span>De esta forma, Whittlesey pudo recorrer durante tres meses (en plena Gran Guerra) el sur de Espa\u00f1a y el norte de \u00c1frica, asimilando los conceptos esenciales de las arquitecturas espa\u00f1ola y \u00e1rabe. Provisto de un moderno equipo fotogr\u00e1fico, una mente&nbsp;inquisitiva y un admirable temperamento art\u00edstico, leg\u00f3 para la posteridad una excelente colecci\u00f3n fotogr\u00e1fica.<\/span><\/p>\n<p style=\"text-align:justify;\"><span>Durante las primeras d\u00e9cadas del siglo XX, el arte espa\u00f1ol suscit\u00f3 un gran inter\u00e9s en Estados Unidos, sirviendo de inspiraci\u00f3n, entre otros, a muchos arquitectos que proyectaban en sus dise\u00f1os los modelos de los grandes monumentos hispano-\u00e1rabes.<\/span><\/p>\n<p style=\"text-align:justify;\"><span>El libro presenta una galer\u00eda de fotograf\u00edas de ciudades y pueblos de Andaluc\u00eda y Murcia (Jerez, Utrera, C\u00f3rdoba, Sevilla, Osuna, Granada, Carmona, Marchena, Almod\u00f3var, M\u00e1laga, Lorca, Murcia y, por supuesto, Ronda).<\/span><\/p>\n<p style=\"text-align:justify;\"><span>Organizadas por grupos tem\u00e1ticos, las im\u00e1genes muestran diferentes ejemplos de edificios civiles y religiosos, as\u00ed como fuentes y jardines hist\u00f3ricos, de \u201carquitectura menor\u201d, seg\u00fan la calificaci\u00f3n utilizada por el autor, construcciones de segundo orden (algunas hoy desaparecidas) que a menudo superan en encanto a los monumentos por todos&nbsp;conocidos.<\/span><\/p>\n<p style=\"text-align:justify;\"><span>En el caso de Ronda, son un total de 19 fotograf\u00edas y dos apuntes a l\u00e1piz que muestran, entre otros, el arco de Felipe V, el palacio de Mondrag\u00f3n, la puerta de Almoc\u00e1bar, la iglesia de La Merced, el palacio de Salvatierra o las casas colgadas sobre el Tajo.<\/span><\/p>\n<p><a href=\"https:\/\/www.rmcr.org\/2014\/11\/clarisas.jpg\"><img decoding=\"async\" class=\"aligncenter size-full wp-image-542\" src=\"https:\/\/www.rmcr.org\/wp-content\/uploads\/2014\/11\/clarisas.jpg\" alt=\"clarisas\" width=\"470\" height=\"371\" srcset=\"https:\/\/www.rmcr.org\/wp-content\/uploads\/2014\/11\/clarisas.jpg 633w, https:\/\/www.rmcr.org\/wp-content\/uploads\/2014\/11\/clarisas-300x237.jpg 300w\" sizes=\"(max-width: 470px) 100vw, 470px\" \/><\/a><\/p>\n<p style=\"text-align:center;\"><span>&nbsp;\u201cRonda &#8211; A convent on the plaza de general Weyler\u201d<\/span><\/p>\n<p style=\"text-align:justify;\"><span><strong>Ficha catalogr\u00e1fica<\/strong><\/span><\/p>\n<p style=\"text-align:justify;\"><span>&nbsp; &nbsp;The minor ecclesiastical, domestic and garden architecture of southern Spain \/ photographs and drawings by Austin Whittlesey ; with a preface by Bertram Grosvenor Goodhue. &#8212; 2nd ed. &#8212; New York : Architectural Book Publishing Co., Paul Wenzel and Maurice Krakow, 1917<\/span><br \/>\n<span>&nbsp; &nbsp;XI p., [1] h. de l\u00e1m., 106 p. de l\u00e1m. ; 32 cm<\/span><br \/>\n<span>&nbsp; &nbsp;Fotograf\u00edas de Ronda en p. 14-18, 20, 28, 52-57, 59 y 74-77<\/span><br \/>\n<span>* CB1022215 &#8212; Enc. tela editorial<\/span><\/p>\n","protected":false},"excerpt":{"rendered":"<p>\u00b7 ART\u00cdCULO \u00b7 \u00b7 BIBLIOTECA DE LA REAL MAESTRANZA DE CABALLER\u00cdA DE RONDA \u00b7 \u00b7 NOVIEMBRE 2014 \u00b7 \u00b7 FONDO RONDA \u00b7 &nbsp;\u201cRonda &#8211; Espirito Santo\u201d Corr\u00eda el a\u00f1o 1917 cuando apareci\u00f3 publicado en Nueva York el libro \u201cThe minor ecclesiastical, domestic and garden architecture of southern Spain\u201d. El autor era un prometedor arquitecto reci\u00e9n [&hellip;]<\/p>\n","protected":false},"author":2,"featured_media":14395,"comment_status":"open","ping_status":"open","sticky":false,"template":"","format":"standard","meta":{"footnotes":""},"categories":[140,791],"tags":[105,252,176,143,137,145,114],"class_list":["post-540","post","type-post","status-publish","format-standard","has-post-thumbnail","hentry","category-biblioteca","category-boletin-bibliografico-biblioteca-rmr","tag-biblioteca-general","tag-biblioteca-rmr","tag-boletin-mensual-bibliografico","tag-fotografias","tag-libros","tag-literatura-de-viajes","tag-ronda"],"yoast_head":"<!-- This site is optimized with the Yoast SEO plugin v27.5 - https:\/\/yoast.com\/product\/yoast-seo-wordpress\/ -->\n<title>Biblioteca-RMR: N\u00ba 11. Un joven arquitecto americano de viaje por Andaluc\u00eda. Noviembre 2014. - Real Maestranza de Caballer\u00eda de Ronda<\/title>\n<meta name=\"robots\" content=\"index, follow, max-snippet:-1, max-image-preview:large, max-video-preview:-1\" \/>\n<link rel=\"canonical\" href=\"https:\/\/www.rmcr.org\/en\/2014\/11\/04\/biblioteca-rmr-un-joven-arquitecto-americano-de-viaje-por-andalucia-noviembre-2014\/\" \/>\n<meta property=\"og:locale\" content=\"en_US\" \/>\n<meta property=\"og:type\" content=\"article\" \/>\n<meta property=\"og:title\" content=\"Biblioteca-RMR: N\u00ba 11. Un joven arquitecto americano de viaje por Andaluc\u00eda. Noviembre 2014. - Real Maestranza de Caballer\u00eda de Ronda\" \/>\n<meta property=\"og:description\" content=\"\u00b7 ART\u00cdCULO \u00b7 \u00b7 BIBLIOTECA DE LA REAL MAESTRANZA DE CABALLER\u00cdA DE RONDA \u00b7 \u00b7 NOVIEMBRE 2014 \u00b7 \u00b7 FONDO RONDA \u00b7 &nbsp;\u201cRonda &#8211; Espirito Santo\u201d Corr\u00eda el a\u00f1o 1917 cuando apareci\u00f3 publicado en Nueva York el libro \u201cThe minor ecclesiastical, domestic and garden architecture of southern Spain\u201d. El autor era un prometedor arquitecto reci\u00e9n [&hellip;]\" \/>\n<meta property=\"og:url\" content=\"https:\/\/www.rmcr.org\/en\/2014\/11\/04\/biblioteca-rmr-un-joven-arquitecto-americano-de-viaje-por-andalucia-noviembre-2014\/\" \/>\n<meta property=\"og:site_name\" content=\"Real Maestranza de Caballer\u00eda de Ronda\" \/>\n<meta property=\"article:publisher\" content=\"https:\/\/www.facebook.com\/plazadetorosronda\" \/>\n<meta property=\"article:published_time\" content=\"2014-11-04T12:59:28+00:00\" \/>\n<meta property=\"article:modified_time\" content=\"2025-04-03T15:11:49+00:00\" \/>\n<meta property=\"og:image\" content=\"https:\/\/www.rmcr.org\/wp-content\/uploads\/2014\/11\/un-joven-arquitecto.jpg\" \/>\n\t<meta property=\"og:image:width\" content=\"469\" \/>\n\t<meta property=\"og:image:height\" content=\"139\" \/>\n\t<meta property=\"og:image:type\" content=\"image\/jpeg\" \/>\n<meta name=\"author\" content=\"BIBLIOTECA\" \/>\n<meta name=\"twitter:card\" content=\"summary_large_image\" \/>\n<meta name=\"twitter:creator\" content=\"@PlazatorosRMR\" \/>\n<meta name=\"twitter:site\" content=\"@PlazatorosRMR\" \/>\n<meta name=\"twitter:label1\" content=\"Written by\" \/>\n\t<meta name=\"twitter:data1\" content=\"BIBLIOTECA\" \/>\n\t<meta name=\"twitter:label2\" content=\"Est. reading time\" \/>\n\t<meta name=\"twitter:data2\" content=\"2 minutes\" \/>\n<script type=\"application\/ld+json\" class=\"yoast-schema-graph\">{\"@context\":\"https:\\\/\\\/schema.org\",\"@graph\":[{\"@type\":\"Article\",\"@id\":\"https:\\\/\\\/www.rmcr.org\\\/en\\\/2014\\\/11\\\/04\\\/biblioteca-rmr-un-joven-arquitecto-americano-de-viaje-por-andalucia-noviembre-2014\\\/#article\",\"isPartOf\":{\"@id\":\"https:\\\/\\\/www.rmcr.org\\\/en\\\/2014\\\/11\\\/04\\\/biblioteca-rmr-un-joven-arquitecto-americano-de-viaje-por-andalucia-noviembre-2014\\\/\"},\"author\":{\"name\":\"BIBLIOTECA\",\"@id\":\"https:\\\/\\\/www.rmcr.org\\\/en\\\/#\\\/schema\\\/person\\\/80849edee7ef556893505128619ea1d0\"},\"headline\":\"Biblioteca-RMR: N\u00ba 11. Un joven arquitecto americano de viaje por Andaluc\u00eda. Noviembre 2014.\",\"datePublished\":\"2014-11-04T12:59:28+00:00\",\"dateModified\":\"2025-04-03T15:11:49+00:00\",\"mainEntityOfPage\":{\"@id\":\"https:\\\/\\\/www.rmcr.org\\\/en\\\/2014\\\/11\\\/04\\\/biblioteca-rmr-un-joven-arquitecto-americano-de-viaje-por-andalucia-noviembre-2014\\\/\"},\"wordCount\":482,\"commentCount\":0,\"publisher\":{\"@id\":\"https:\\\/\\\/www.rmcr.org\\\/en\\\/#organization\"},\"image\":{\"@id\":\"https:\\\/\\\/www.rmcr.org\\\/en\\\/2014\\\/11\\\/04\\\/biblioteca-rmr-un-joven-arquitecto-americano-de-viaje-por-andalucia-noviembre-2014\\\/#primaryimage\"},\"thumbnailUrl\":\"https:\\\/\\\/www.rmcr.org\\\/wp-content\\\/uploads\\\/2014\\\/11\\\/un-joven-arquitecto.jpg\",\"keywords\":[\"Biblioteca\",\"Biblioteca-RMR\",\"Bolet\u00edn mensual bibliogr\u00e1fico\",\"Fotograf\u00edas\",\"Libros\",\"Literatura de viajes\",\"Ronda\"],\"articleSection\":[\"Biblioteca\",\"Bolet\u00edn bibliogr\u00e1fico Biblioteca-RMR\"],\"inLanguage\":\"en-US\",\"potentialAction\":[{\"@type\":\"CommentAction\",\"name\":\"Comment\",\"target\":[\"https:\\\/\\\/www.rmcr.org\\\/en\\\/2014\\\/11\\\/04\\\/biblioteca-rmr-un-joven-arquitecto-americano-de-viaje-por-andalucia-noviembre-2014\\\/#respond\"]}]},{\"@type\":\"WebPage\",\"@id\":\"https:\\\/\\\/www.rmcr.org\\\/en\\\/2014\\\/11\\\/04\\\/biblioteca-rmr-un-joven-arquitecto-americano-de-viaje-por-andalucia-noviembre-2014\\\/\",\"url\":\"https:\\\/\\\/www.rmcr.org\\\/en\\\/2014\\\/11\\\/04\\\/biblioteca-rmr-un-joven-arquitecto-americano-de-viaje-por-andalucia-noviembre-2014\\\/\",\"name\":\"Biblioteca-RMR: N\u00ba 11. Un joven arquitecto americano de viaje por Andaluc\u00eda. Noviembre 2014. - Real Maestranza de Caballer\u00eda de Ronda\",\"isPartOf\":{\"@id\":\"https:\\\/\\\/www.rmcr.org\\\/en\\\/#website\"},\"primaryImageOfPage\":{\"@id\":\"https:\\\/\\\/www.rmcr.org\\\/en\\\/2014\\\/11\\\/04\\\/biblioteca-rmr-un-joven-arquitecto-americano-de-viaje-por-andalucia-noviembre-2014\\\/#primaryimage\"},\"image\":{\"@id\":\"https:\\\/\\\/www.rmcr.org\\\/en\\\/2014\\\/11\\\/04\\\/biblioteca-rmr-un-joven-arquitecto-americano-de-viaje-por-andalucia-noviembre-2014\\\/#primaryimage\"},\"thumbnailUrl\":\"https:\\\/\\\/www.rmcr.org\\\/wp-content\\\/uploads\\\/2014\\\/11\\\/un-joven-arquitecto.jpg\",\"datePublished\":\"2014-11-04T12:59:28+00:00\",\"dateModified\":\"2025-04-03T15:11:49+00:00\",\"breadcrumb\":{\"@id\":\"https:\\\/\\\/www.rmcr.org\\\/en\\\/2014\\\/11\\\/04\\\/biblioteca-rmr-un-joven-arquitecto-americano-de-viaje-por-andalucia-noviembre-2014\\\/#breadcrumb\"},\"inLanguage\":\"en-US\",\"potentialAction\":[{\"@type\":\"ReadAction\",\"target\":[\"https:\\\/\\\/www.rmcr.org\\\/en\\\/2014\\\/11\\\/04\\\/biblioteca-rmr-un-joven-arquitecto-americano-de-viaje-por-andalucia-noviembre-2014\\\/\"]}]},{\"@type\":\"ImageObject\",\"inLanguage\":\"en-US\",\"@id\":\"https:\\\/\\\/www.rmcr.org\\\/en\\\/2014\\\/11\\\/04\\\/biblioteca-rmr-un-joven-arquitecto-americano-de-viaje-por-andalucia-noviembre-2014\\\/#primaryimage\",\"url\":\"https:\\\/\\\/www.rmcr.org\\\/wp-content\\\/uploads\\\/2014\\\/11\\\/un-joven-arquitecto.jpg\",\"contentUrl\":\"https:\\\/\\\/www.rmcr.org\\\/wp-content\\\/uploads\\\/2014\\\/11\\\/un-joven-arquitecto.jpg\",\"width\":469,\"height\":139},{\"@type\":\"BreadcrumbList\",\"@id\":\"https:\\\/\\\/www.rmcr.org\\\/en\\\/2014\\\/11\\\/04\\\/biblioteca-rmr-un-joven-arquitecto-americano-de-viaje-por-andalucia-noviembre-2014\\\/#breadcrumb\",\"itemListElement\":[{\"@type\":\"ListItem\",\"position\":1,\"name\":\"REAL MAESTRANZA DE CABALLER\u00cdA DE RONDA\",\"item\":\"https:\\\/\\\/www.rmcr.org\\\/en\\\/\"},{\"@type\":\"ListItem\",\"position\":2,\"name\":\"Biblioteca-RMR: N\u00ba 11. Un joven arquitecto americano de viaje por Andaluc\u00eda. Noviembre 2014.\"}]},{\"@type\":\"WebSite\",\"@id\":\"https:\\\/\\\/www.rmcr.org\\\/en\\\/#website\",\"url\":\"https:\\\/\\\/www.rmcr.org\\\/en\\\/\",\"name\":\"Real Maestranza de Caballer\u00eda de Ronda\",\"description\":\"Real Maestranza de Caballer\u00eda de Ronda\",\"publisher\":{\"@id\":\"https:\\\/\\\/www.rmcr.org\\\/en\\\/#organization\"},\"alternateName\":\"RMCR\",\"potentialAction\":[{\"@type\":\"SearchAction\",\"target\":{\"@type\":\"EntryPoint\",\"urlTemplate\":\"https:\\\/\\\/www.rmcr.org\\\/en\\\/?s={search_term_string}\"},\"query-input\":{\"@type\":\"PropertyValueSpecification\",\"valueRequired\":true,\"valueName\":\"search_term_string\"}}],\"inLanguage\":\"en-US\"},{\"@type\":\"Organization\",\"@id\":\"https:\\\/\\\/www.rmcr.org\\\/en\\\/#organization\",\"name\":\"Real Maestranza de Caballer\u00eda de Ronda\",\"alternateName\":\"RMR\",\"url\":\"https:\\\/\\\/www.rmcr.org\\\/en\\\/\",\"logo\":{\"@type\":\"ImageObject\",\"inLanguage\":\"en-US\",\"@id\":\"https:\\\/\\\/www.rmcr.org\\\/en\\\/#\\\/schema\\\/logo\\\/image\\\/\",\"url\":\"https:\\\/\\\/www.rmcr.org\\\/wp-content\\\/uploads\\\/2022\\\/07\\\/logo-rmr-blue.svg\",\"contentUrl\":\"https:\\\/\\\/www.rmcr.org\\\/wp-content\\\/uploads\\\/2022\\\/07\\\/logo-rmr-blue.svg\",\"width\":131,\"height\":129,\"caption\":\"Real Maestranza de Caballer\u00eda de Ronda\"},\"image\":{\"@id\":\"https:\\\/\\\/www.rmcr.org\\\/en\\\/#\\\/schema\\\/logo\\\/image\\\/\"},\"sameAs\":[\"https:\\\/\\\/www.facebook.com\\\/plazadetorosronda\",\"https:\\\/\\\/x.com\\\/PlazatorosRMR\",\"https:\\\/\\\/www.instagram.com\\\/realmaestranzaderonda\\\/\",\"https:\\\/\\\/www.youtube.com\\\/channel\\\/UCrbO5IUN-8v_QML739vM4zg\\\/videos\"]},{\"@type\":\"Person\",\"@id\":\"https:\\\/\\\/www.rmcr.org\\\/en\\\/#\\\/schema\\\/person\\\/80849edee7ef556893505128619ea1d0\",\"name\":\"BIBLIOTECA\",\"image\":{\"@type\":\"ImageObject\",\"inLanguage\":\"en-US\",\"@id\":\"https:\\\/\\\/www.rmcr.org\\\/wp-content\\\/uploads\\\/2022\\\/11\\\/avatar-rmcr-96x96.png\",\"url\":\"https:\\\/\\\/www.rmcr.org\\\/wp-content\\\/uploads\\\/2022\\\/11\\\/avatar-rmcr-96x96.png\",\"contentUrl\":\"https:\\\/\\\/www.rmcr.org\\\/wp-content\\\/uploads\\\/2022\\\/11\\\/avatar-rmcr-96x96.png\",\"caption\":\"BIBLIOTECA\"},\"url\":\"https:\\\/\\\/www.rmcr.org\\\/en\\\/author\\\/juan-antonio-moreno\\\/\"}]}<\/script>\n<!-- \/ Yoast SEO plugin. -->","yoast_head_json":{"title":"Biblioteca-RMR: N\u00ba 11. Un joven arquitecto americano de viaje por Andaluc\u00eda. Noviembre 2014. - Real Maestranza de Caballer\u00eda de Ronda","robots":{"index":"index","follow":"follow","max-snippet":"max-snippet:-1","max-image-preview":"max-image-preview:large","max-video-preview":"max-video-preview:-1"},"canonical":"https:\/\/www.rmcr.org\/en\/2014\/11\/04\/biblioteca-rmr-un-joven-arquitecto-americano-de-viaje-por-andalucia-noviembre-2014\/","og_locale":"en_US","og_type":"article","og_title":"Biblioteca-RMR: N\u00ba 11. Un joven arquitecto americano de viaje por Andaluc\u00eda. Noviembre 2014. - Real Maestranza de Caballer\u00eda de Ronda","og_description":"\u00b7 ART\u00cdCULO \u00b7 \u00b7 BIBLIOTECA DE LA REAL MAESTRANZA DE CABALLER\u00cdA DE RONDA \u00b7 \u00b7 NOVIEMBRE 2014 \u00b7 \u00b7 FONDO RONDA \u00b7 &nbsp;\u201cRonda &#8211; Espirito Santo\u201d Corr\u00eda el a\u00f1o 1917 cuando apareci\u00f3 publicado en Nueva York el libro \u201cThe minor ecclesiastical, domestic and garden architecture of southern Spain\u201d. El autor era un prometedor arquitecto reci\u00e9n [&hellip;]","og_url":"https:\/\/www.rmcr.org\/en\/2014\/11\/04\/biblioteca-rmr-un-joven-arquitecto-americano-de-viaje-por-andalucia-noviembre-2014\/","og_site_name":"Real Maestranza de Caballer\u00eda de Ronda","article_publisher":"https:\/\/www.facebook.com\/plazadetorosronda","article_published_time":"2014-11-04T12:59:28+00:00","article_modified_time":"2025-04-03T15:11:49+00:00","og_image":[{"width":469,"height":139,"url":"https:\/\/www.rmcr.org\/wp-content\/uploads\/2014\/11\/un-joven-arquitecto.jpg","type":"image\/jpeg"}],"author":"BIBLIOTECA","twitter_card":"summary_large_image","twitter_creator":"@PlazatorosRMR","twitter_site":"@PlazatorosRMR","twitter_misc":{"Written by":"BIBLIOTECA","Est. reading time":"2 minutes"},"schema":{"@context":"https:\/\/schema.org","@graph":[{"@type":"Article","@id":"https:\/\/www.rmcr.org\/en\/2014\/11\/04\/biblioteca-rmr-un-joven-arquitecto-americano-de-viaje-por-andalucia-noviembre-2014\/#article","isPartOf":{"@id":"https:\/\/www.rmcr.org\/en\/2014\/11\/04\/biblioteca-rmr-un-joven-arquitecto-americano-de-viaje-por-andalucia-noviembre-2014\/"},"author":{"name":"BIBLIOTECA","@id":"https:\/\/www.rmcr.org\/en\/#\/schema\/person\/80849edee7ef556893505128619ea1d0"},"headline":"Biblioteca-RMR: N\u00ba 11. Un joven arquitecto americano de viaje por Andaluc\u00eda. Noviembre 2014.","datePublished":"2014-11-04T12:59:28+00:00","dateModified":"2025-04-03T15:11:49+00:00","mainEntityOfPage":{"@id":"https:\/\/www.rmcr.org\/en\/2014\/11\/04\/biblioteca-rmr-un-joven-arquitecto-americano-de-viaje-por-andalucia-noviembre-2014\/"},"wordCount":482,"commentCount":0,"publisher":{"@id":"https:\/\/www.rmcr.org\/en\/#organization"},"image":{"@id":"https:\/\/www.rmcr.org\/en\/2014\/11\/04\/biblioteca-rmr-un-joven-arquitecto-americano-de-viaje-por-andalucia-noviembre-2014\/#primaryimage"},"thumbnailUrl":"https:\/\/www.rmcr.org\/wp-content\/uploads\/2014\/11\/un-joven-arquitecto.jpg","keywords":["Biblioteca","Biblioteca-RMR","Bolet\u00edn mensual bibliogr\u00e1fico","Fotograf\u00edas","Libros","Literatura de viajes","Ronda"],"articleSection":["Biblioteca","Bolet\u00edn bibliogr\u00e1fico Biblioteca-RMR"],"inLanguage":"en-US","potentialAction":[{"@type":"CommentAction","name":"Comment","target":["https:\/\/www.rmcr.org\/en\/2014\/11\/04\/biblioteca-rmr-un-joven-arquitecto-americano-de-viaje-por-andalucia-noviembre-2014\/#respond"]}]},{"@type":"WebPage","@id":"https:\/\/www.rmcr.org\/en\/2014\/11\/04\/biblioteca-rmr-un-joven-arquitecto-americano-de-viaje-por-andalucia-noviembre-2014\/","url":"https:\/\/www.rmcr.org\/en\/2014\/11\/04\/biblioteca-rmr-un-joven-arquitecto-americano-de-viaje-por-andalucia-noviembre-2014\/","name":"Biblioteca-RMR: N\u00ba 11. Un joven arquitecto americano de viaje por Andaluc\u00eda. Noviembre 2014. - Real Maestranza de Caballer\u00eda de Ronda","isPartOf":{"@id":"https:\/\/www.rmcr.org\/en\/#website"},"primaryImageOfPage":{"@id":"https:\/\/www.rmcr.org\/en\/2014\/11\/04\/biblioteca-rmr-un-joven-arquitecto-americano-de-viaje-por-andalucia-noviembre-2014\/#primaryimage"},"image":{"@id":"https:\/\/www.rmcr.org\/en\/2014\/11\/04\/biblioteca-rmr-un-joven-arquitecto-americano-de-viaje-por-andalucia-noviembre-2014\/#primaryimage"},"thumbnailUrl":"https:\/\/www.rmcr.org\/wp-content\/uploads\/2014\/11\/un-joven-arquitecto.jpg","datePublished":"2014-11-04T12:59:28+00:00","dateModified":"2025-04-03T15:11:49+00:00","breadcrumb":{"@id":"https:\/\/www.rmcr.org\/en\/2014\/11\/04\/biblioteca-rmr-un-joven-arquitecto-americano-de-viaje-por-andalucia-noviembre-2014\/#breadcrumb"},"inLanguage":"en-US","potentialAction":[{"@type":"ReadAction","target":["https:\/\/www.rmcr.org\/en\/2014\/11\/04\/biblioteca-rmr-un-joven-arquitecto-americano-de-viaje-por-andalucia-noviembre-2014\/"]}]},{"@type":"ImageObject","inLanguage":"en-US","@id":"https:\/\/www.rmcr.org\/en\/2014\/11\/04\/biblioteca-rmr-un-joven-arquitecto-americano-de-viaje-por-andalucia-noviembre-2014\/#primaryimage","url":"https:\/\/www.rmcr.org\/wp-content\/uploads\/2014\/11\/un-joven-arquitecto.jpg","contentUrl":"https:\/\/www.rmcr.org\/wp-content\/uploads\/2014\/11\/un-joven-arquitecto.jpg","width":469,"height":139},{"@type":"BreadcrumbList","@id":"https:\/\/www.rmcr.org\/en\/2014\/11\/04\/biblioteca-rmr-un-joven-arquitecto-americano-de-viaje-por-andalucia-noviembre-2014\/#breadcrumb","itemListElement":[{"@type":"ListItem","position":1,"name":"REAL MAESTRANZA DE CABALLER\u00cdA DE RONDA","item":"https:\/\/www.rmcr.org\/en\/"},{"@type":"ListItem","position":2,"name":"Biblioteca-RMR: N\u00ba 11. Un joven arquitecto americano de viaje por Andaluc\u00eda. Noviembre 2014."}]},{"@type":"WebSite","@id":"https:\/\/www.rmcr.org\/en\/#website","url":"https:\/\/www.rmcr.org\/en\/","name":"Real Maestranza de Caballer\u00eda de Ronda","description":"Real Maestranza de Caballer\u00eda de Ronda","publisher":{"@id":"https:\/\/www.rmcr.org\/en\/#organization"},"alternateName":"RMCR","potentialAction":[{"@type":"SearchAction","target":{"@type":"EntryPoint","urlTemplate":"https:\/\/www.rmcr.org\/en\/?s={search_term_string}"},"query-input":{"@type":"PropertyValueSpecification","valueRequired":true,"valueName":"search_term_string"}}],"inLanguage":"en-US"},{"@type":"Organization","@id":"https:\/\/www.rmcr.org\/en\/#organization","name":"Real Maestranza de Caballer\u00eda de Ronda","alternateName":"RMR","url":"https:\/\/www.rmcr.org\/en\/","logo":{"@type":"ImageObject","inLanguage":"en-US","@id":"https:\/\/www.rmcr.org\/en\/#\/schema\/logo\/image\/","url":"https:\/\/www.rmcr.org\/wp-content\/uploads\/2022\/07\/logo-rmr-blue.svg","contentUrl":"https:\/\/www.rmcr.org\/wp-content\/uploads\/2022\/07\/logo-rmr-blue.svg","width":131,"height":129,"caption":"Real Maestranza de Caballer\u00eda de Ronda"},"image":{"@id":"https:\/\/www.rmcr.org\/en\/#\/schema\/logo\/image\/"},"sameAs":["https:\/\/www.facebook.com\/plazadetorosronda","https:\/\/x.com\/PlazatorosRMR","https:\/\/www.instagram.com\/realmaestranzaderonda\/","https:\/\/www.youtube.com\/channel\/UCrbO5IUN-8v_QML739vM4zg\/videos"]},{"@type":"Person","@id":"https:\/\/www.rmcr.org\/en\/#\/schema\/person\/80849edee7ef556893505128619ea1d0","name":"BIBLIOTECA","image":{"@type":"ImageObject","inLanguage":"en-US","@id":"https:\/\/www.rmcr.org\/wp-content\/uploads\/2022\/11\/avatar-rmcr-96x96.png","url":"https:\/\/www.rmcr.org\/wp-content\/uploads\/2022\/11\/avatar-rmcr-96x96.png","contentUrl":"https:\/\/www.rmcr.org\/wp-content\/uploads\/2022\/11\/avatar-rmcr-96x96.png","caption":"BIBLIOTECA"},"url":"https:\/\/www.rmcr.org\/en\/author\/juan-antonio-moreno\/"}]}},"_links":{"self":[{"href":"https:\/\/www.rmcr.org\/en\/wp-json\/wp\/v2\/posts\/540","targetHints":{"allow":["GET"]}}],"collection":[{"href":"https:\/\/www.rmcr.org\/en\/wp-json\/wp\/v2\/posts"}],"about":[{"href":"https:\/\/www.rmcr.org\/en\/wp-json\/wp\/v2\/types\/post"}],"author":[{"embeddable":true,"href":"https:\/\/www.rmcr.org\/en\/wp-json\/wp\/v2\/users\/2"}],"replies":[{"embeddable":true,"href":"https:\/\/www.rmcr.org\/en\/wp-json\/wp\/v2\/comments?post=540"}],"version-history":[{"count":1,"href":"https:\/\/www.rmcr.org\/en\/wp-json\/wp\/v2\/posts\/540\/revisions"}],"predecessor-version":[{"id":14397,"href":"https:\/\/www.rmcr.org\/en\/wp-json\/wp\/v2\/posts\/540\/revisions\/14397"}],"wp:featuredmedia":[{"embeddable":true,"href":"https:\/\/www.rmcr.org\/en\/wp-json\/wp\/v2\/media\/14395"}],"wp:attachment":[{"href":"https:\/\/www.rmcr.org\/en\/wp-json\/wp\/v2\/media?parent=540"}],"wp:term":[{"taxonomy":"category","embeddable":true,"href":"https:\/\/www.rmcr.org\/en\/wp-json\/wp\/v2\/categories?post=540"},{"taxonomy":"post_tag","embeddable":true,"href":"https:\/\/www.rmcr.org\/en\/wp-json\/wp\/v2\/tags?post=540"}],"curies":[{"name":"wp","href":"https:\/\/api.w.org\/{rel}","templated":true}]}}