{"id":4772,"date":"2022-06-30T17:19:24","date_gmt":"2022-06-30T17:19:24","guid":{"rendered":"https:\/\/www.rmcr.org\/?p=4772"},"modified":"2025-04-02T18:09:08","modified_gmt":"2025-04-02T18:09:08","slug":"biblioteca-rmr-no-105-la-corte-de-los-borbones-crisis-del-modelo-cortesano-junio-2022","status":"publish","type":"post","link":"https:\/\/www.rmcr.org\/en\/2022\/06\/30\/biblioteca-rmr-no-105-la-corte-de-los-borbones-crisis-del-modelo-cortesano-junio-2022\/","title":{"rendered":"Biblioteca-RMR: N\u00ba 105. La corte de los Borbones. Crisis del modelo cortesano. Junio 2022."},"content":{"rendered":"<p style=\"text-align:center;\"><span ><strong>\u00b7 VACIADO DE ART\u00cdCULOS \u00b7<\/strong><\/span><br \/><span ><strong>\u00b7 BIBLIOTECA DE LA REAL MAESTRANZA DE CABALLER\u00cdA DE RONDA \u00b7<\/strong><\/span><br \/><span ><strong>\u00b7 JUNIO 2022 \u00b7<\/strong><\/span><\/p>\n<p style=\"text-align:center;\"><span ><strong>\u00b7 FONDO \u00c9LITES DE PODER \u00b7<\/strong><\/span><\/p>\n<p><span >\u00abLa corte de los Borbones. Crisis del modelo cortesano\u00bb es una obra que cierra un ambicioso <\/span><span >proyecto, iniciado a finales de la d\u00e9cada de 1980, por un grupo de j\u00f3venes profesores que se <\/span><span >propusieron estudiar la Monarqu\u00eda hispana con una nueva metodolog\u00eda, abandonando los estrechos <\/span><span >caminos que trazaba la historia realizada con estructuras unidimensionales, cuyo conocimiento de la <\/span><span >realidad resultaba hasta cierto punto falso, incompleto o alterado. Pretendieron construir una historia <\/span><span >interdisciplinar cuyos frutos pudieran ser aprovechados por los especialistas de las diversas materias <\/span><span >(literatura, arte, m\u00fasica, ling\u00fc\u00edstica, espiritualidad, etc.) que componen la realidad social, lejos de los <\/span><span >rancios planteamientos de la historia liberal que a\u00fan perviven en los m\u00e1s recientes manuales <\/span><span >universitarios y en las \u00faltimas \u00abHistorias Generales de Espa\u00f1a\u00bb. El modelo fue el de la \u00abcorte\u00bb. <\/span><span >Ciertamente, el tema ya no era original, pues, al amparo de las obras de Norbert Elias, hab\u00edan <\/span><span >surgido numerosos estudios y grupos de investigaci\u00f3n en algunas universidades europeas que <\/span><span >persegu\u00edan ese mismo objetivo, si bien, no todos coincid\u00edan en la definici\u00f3n del objeto investigado. <\/span><span >Con todo, de la lectura de las publicaciones aparecidas se deduce que conceb\u00edan la corte como un <\/span><span >espacio (sin precisar su extensi\u00f3n) reducido al entorno del rey donde se desarrollaba un modo <\/span><span >espec\u00edfico de hacer pol\u00edtica, en el que las ceremonias y etiquetas resultaban esenciales para <\/span><span >entenderla. Ahora bien, la \u00abcorte\u00bb que estos estudios presentaban segu\u00eda constituyendo (al menos en <\/span><span >el subconsciente intelectual) una parte del modelo (si se quiere central y esencial) del \u00abestado liberal <\/span><span >burgu\u00e9s\u00bb, por lo que no hab\u00eda necesidad de preguntarse por los fundamentos ideol\u00f3gicos y <\/span><span >filos\u00f3ficos que la justificaron, ni por los elementos que la compon\u00edan y articulaban. Es decir, hab\u00edan <\/span><span >contribuido a a\u00f1adir nuevos temas, pero sin alterar los planteamientos tradicionales.<\/span><\/p>\n<p><span >La peculiar formaci\u00f3n y organizaci\u00f3n de la Monarqu\u00eda hispana les indujo a estudiar la corte como <\/span><span >una organizaci\u00f3n pol\u00edtica (\u00abMonarqu\u00eda hispana como una Monarqu\u00eda de cortes\u00bb), con el fin de <\/span><span >encontrar soluci\u00f3n a las contradictorias explicaciones sobre la evoluci\u00f3n del \u00abEstado\u00bb durante los <\/span><span >siglos XV a XVIII. Un planteamiento de esa naturaleza oblig\u00f3 a definir el concepto de \u00abcorte\u00bb <\/span><span >(como organizaci\u00f3n pol\u00edtica de un reino), sus fundamentos filos\u00f3fico-pol\u00edticos (filosof\u00eda cl\u00e1sica), los <\/span><span >elementos que la configuran (casas reales, relaciones no-institucionales, grupos de poder, etc.), las <\/span><span >manifestaciones art\u00edsticas e ideol\u00f3gicas (cultura cortesana), el control y distribuci\u00f3n del territorio <\/span><span >(sitios reales y aparici\u00f3n del catastro) y, finalmente, su composici\u00f3n y articulaci\u00f3n (cortes <\/span><span >virreinales).<\/span><\/p>\n<p><span >La crisis de ese sistema cortesano, en el caso de la Monarqu\u00eda hisp\u00e1nica, coincide con la <\/span><span >instauraci\u00f3n de una nueva dinast\u00eda, tras un per\u00edodo que se ha calificado como decadencia de la <\/span><span >Monarqu\u00eda de los Austria. Los intentos de analizar esa \u00abdecadencia\u00bb han llevado a los historiadores a <\/span><span >buscar sus or\u00edgenes y sus causas, tomando la econom\u00eda como hilo conductor. Otros, por el <\/span><span >contrario, tratando de salir de esta estrecha interpretaci\u00f3n han se\u00f1alado que, despu\u00e9s de 1640, la <\/span><span >Monarqu\u00eda simplemente resisti\u00f3 hasta que la casa de Borb\u00f3n logr\u00f3 encauzar un aparato decr\u00e9pito y <\/span><span >caduco, proporcion\u00e1ndole nuevo vigor. Ciertamente, las recientes interpretaciones historiogr\u00e1ficas <\/span><span >no han servido para insertar de manera coherente la evoluci\u00f3n de la Monarqu\u00eda hisp\u00e1nica de los <\/span><span >Austria con la dinast\u00eda de los Borbones: a\u00fan se siguen estudiando por separado, como si existiera un <\/span><span >hiato infranqueable. Otros estudiosos afirman la relaci\u00f3n entre ambas centurias, pero sin especificar <\/span><span >en qu\u00e9 consistieron tales continuidades.<\/span><\/p>\n<p><span >La \u00abcrisis del sistema cortesano\u00bb tiene lugar a lo largo del siglo XVIII. En el denominado \u00absiglo de las <\/span><span >luces\u00bb, el t\u00e9rmino \u00abcivilizaci\u00f3n\u00bb estaba estrechamente unido al de \u00abprogreso\u00bb. Esta noble y optimista <\/span><span >doctrina arranca del Renacimiento y llega hasta la Revoluci\u00f3n francesa e, incluso, la supera hasta <\/span><span >alcanzar nuestros d\u00edas. Ambos t\u00e9rminos (\u00abprogreso\u00bb y \u00abcivilizaci\u00f3n\u00bb) reflejan la conciencia de una <\/span><span >misi\u00f3n espec\u00edfica de Europa en la evoluci\u00f3n de la humanidad, a la que se habr\u00eda de llegar gracias a <\/span><span >los adelantos materiales y a los avances de las ciencias y las artes. Este progreso a\u00fan se inserta en <\/span><span >un modelo cortesano de Monarqu\u00eda donde la filosof\u00eda pr\u00e1ctica cl\u00e1sica goza de clara influencia. De <\/span><span >hecho, en la \u00abEnciclopedia\u00bb, Diderot todav\u00eda defiende que el orden pol\u00edtico tiende al mayor bien del <\/span><span >cuerpo social. El <em>honn\u00eate homme<\/em>, que hab\u00eda sustituido al cortesano italiano como modelo, a\u00fan viv\u00eda <\/span><span >en un mundo cortesano. Paul Hazard afirma que este personaje, modelo de hombre p\u00fablico en el <\/span><span >tiempo de la Ilustraci\u00f3n: Ense\u00f1aba la cortes\u00eda, virtud dif\u00edcil, que consiste en agradar a los dem\u00e1s para <\/span><span >agradarse a s\u00ed mismo; dec\u00eda que hab\u00eda que evitar los excesos, incluso el bien, y no blasonar de nada, <\/span><span >salvo del honor. Se formaba por una continua disciplina, por una voluntad vigilante; es una empresa <\/span><span >dif\u00edcil de impedir al Yo que se desborde, obligarlo a no valer m\u00e1s que como componente de un valor <\/span><span >com\u00fan, tal obligaci\u00f3n requiere de un hero\u00edsmo discreto; el <em>honn\u00eate homme<\/em> s\u00f3lo parece todo gracias <\/span><span >porque regula su fuerza interior y la gasta en armon\u00edas.<\/span><\/p>\n<p><strong><span >Ficha bibliogr\u00e1fica<\/span><\/strong><\/p>\n<p><span ><em>La corte de los Borbones : crisis del modelo cortesano<\/em> \/ <strong>Jos\u00e9 Mart\u00ednez Mill\u00e1n<\/strong>, <strong>Concepci\u00f3n Camarero Bull\u00f3n<\/strong>, <strong>Marcelo Luzzi Traficante<\/strong> (coords.). &#8212; Madrid : Polifemo, 2013<\/span><br \/><span >3 v. : il. ; 24 cm. &#8212; (La corte en Europa. Temas ; 8.1-3)<\/span><br \/><span >Contiene: vol. I : (XX, 715 p.) &#8212; vol. II : (XVI, p. 719-1435) &#8212; vol. III : (XVI, p. 1439-2196)<\/span><br \/><span >Textos en espa\u00f1ol, italiano, franc\u00e9s e ingl\u00e9s<\/span><br \/><span >D.L. M. 10292-2013<\/span><br \/><span >ISBN 978-84-96813-81-6 (o.c.)<\/span><br \/><span >ISBN 978-84-96813-82-3 (t.1)<\/span><br \/><span >ISBN 978-84-96813-83-0 (t.2)<\/span><br \/><span >ISBN 978-84-96813-84-7 (t.3)<\/span><br \/><em><span >Corte y cortesanos-Espa\u00f1a-Siglo XVIII<\/span><\/em><br \/><em><span >Nobleza-Espa\u00f1a-Siglo XVIII<\/span><\/em><br \/><em><span >Espa\u00f1a-Historia-Casa de Borb\u00f3n, 1700-<\/span><\/em><br \/><em><span >Espa\u00f1a-Reyes y soberanos<\/span><\/em><br \/><em><span >Mart\u00ednez Mill\u00e1n, Jos\u00e9<\/span><\/em><br \/><em><span >Camarero Bull\u00f3n, Concepci\u00f3n<\/span><\/em><br \/><em><span >Luzzi Traficante, Marcelo<\/span><\/em><\/p>\n\n\n<figure class=\"wp-block-image aligncenter size-large\"><a href=\"https:\/\/www.rmcr.org\/2022\/06\/1022778.jpg\"><img decoding=\"async\" src=\"https:\/\/www.rmcr.org\/wp-content\/uploads\/2022\/06\/1022778.jpg?w=450\" alt=\"\" class=\"wp-image-4780\"\/><\/a><\/figure>\n\n\n<p><span ><em>Crisi delle Corti e crisi delle Monarchie<\/em> \/ <strong>Giuseppe Galasso<\/strong>. T. I, p. 9-24.<\/span><\/p>\n<p><span ><em>El siglo de la Ilustraci\u00f3n en Simancas<\/em> \/ <strong>Jos\u00e9 Luis Rodr\u00edguez de Diego<\/strong>. T. I, p. 27-48.<\/span><\/p>\n<p><span ><em>Los catastros, \u00bfdocumentos peligrosos? : bloqueos mon\u00e1rquicos a la expansi\u00f3n napole\u00f3nica. Una visi\u00f3n europea<\/em> \/ <strong>Mireille Touzery<\/strong>. T. I, p. 49-75.<\/span><\/p>\n<p><span ><em>Con \u00abletras antiguas y en lat\u00edn\u00bb : la copia de privilegios antiguos en el Catastro de Ensenada<\/em> \/ <strong>Concepci\u00f3n Camarero Bull\u00f3n, Miguel C. Vivancos<\/strong>. T. I, p. 77-119.<\/span><\/p>\n<p><span ><em>\u00abPer sollievo e beneficio di questo Regno\u00bb : Carlo di Borbone e il governo economico della Sicilia (1734-1759)<\/em> \/ <strong>Salvatore Bottari<\/strong>. T. I, p. 121-165.<\/span><\/p>\n<p><span ><em>La renta de las encomiendas de Montesa y el insaciable apetito de los Borbones : (1701-1793 ; \u00abseries\u00bb completas desde 1593)<\/em> \/ <strong>Fernando Andr\u00e9s Robres<\/strong>. T. I, p. 167-205.<\/span><\/p>\n<p><span ><em>Los esclavos del Rey de Espa\u00f1a a finales del Antiguo R\u00e9gimen : un aspecto poco conocido de nuestro reformismo ilustrado<\/em> \/ <strong>Jos\u00e9 Miguel L\u00f3pez Garc\u00eda<\/strong>. T. I, p. 207-235.<\/span><\/p>\n<p><span ><em>La \u00abPeque\u00f1a Edad del Hielo\u00bb en la Pen\u00ednsula Ib\u00e9rica : estado de la cuesti\u00f3n<\/em> \/ <strong>Juan Antonio Gonz\u00e1lez Mart\u00edn<\/strong>, <strong>Concepci\u00f3n Fidalgo Hijano<\/strong>, <strong>Isabel Prieto Jim\u00e9nez<\/strong>. T. I, p. 237-282.<\/span><\/p>\n<p><span ><em>La cour de Louis XIV, entre perfection et paralyse<\/em> \/ <strong>Fanny Cosandey<\/strong>. T. I, p. 285-299.<\/span><\/p>\n<p><span ><em>Costruire e ricostruire una corte nel settecento : Carlo di Borbone a Napoli<\/em> \/ <strong>Elena Papagna<\/strong>. T. I, p. 301-335.<\/span><\/p>\n<p><span ><em>Nueva corte, nueva seguridad para el Rey : la creaci\u00f3n del \u00abej\u00e9rcito cortesano\u00bb en tiempos de Felipe V<\/em> \/ <strong>Francisco And\u00fajar Castillo<\/strong>. T. I, p. 337-366.<\/span><\/p>\n<p><span ><em>El inicio de la reforma de la casa : la sustituci\u00f3n de las guardias Habsburgo por el nuevo modelo Borb\u00f3n (1700-1707)<\/em> \/ <strong>Jos\u00e9 Eloy Hortal Mu\u00f1oz<\/strong>. T. I, p. 367-394.<\/span><\/p>\n<p><span ><em>La capilla real de Felipe V o la met\u00e1fora del gobierno de las casas reales<\/em> \/ <strong>Marcelo Luzzi Traficante<\/strong>. T. I, p. 395-448.<\/span><\/p>\n<p><span ><em>La \u00abConsulta de los Viernes\u00bb tras la reforma de Macanaz : la separaci\u00f3n provisional entre Rey y Consejo Real (1713-1746)<\/em> \/ <strong>Ignacio Ezquerra Revilla<\/strong>. T. I, p. 449-528.<\/span><\/p>\n<p><span ><em>La diplomacia de la Corte Borb\u00f3nica : hacia la paz con Austria de 1725<\/em> \/ <strong>Virginia Le\u00f3n Sanz<\/strong>. T. I, p. 529-558.<\/span><\/p>\n<p><span ><em>La Monarqu\u00eda hispana y la dinast\u00eda sajona de Polonia, 1697-1734<\/em> \/ <strong>Miguel Conde Pazos<\/strong>. T. I, p. 559-588.<\/span><\/p>\n<p><span ><em>Reformismo y decadencia del modelo cortesano virreinal hisp\u00e1nico en el siglo XVIII<\/em> \/ <strong>Manuel Rivero Rodr\u00edguez<\/strong>. T. I, p. 589-607.<\/span><\/p>\n<p><span ><em>Barcelona, corte borb\u00f3nica<\/em> \/ <strong>Mar\u00eda de los \u00c1ngeles P\u00e9rez Samper<\/strong>. T. I, p. 609-647.<\/span><\/p>\n<p><span ><em>El r\u00e9gimen de gobierno del reino de Mallorca durante el siglo XVIII<\/em> \/ <strong>Eduardo Pascual Ramos<\/strong>. T. I, p. 649-689.<\/span><\/p>\n<p><span ><em>La \u00abfidelitas\u00bb hib\u00e9rnica y la dinastia Borb\u00f3n, 1700-1709<\/em> \/ <strong>Cristina Bravo Lozano<\/strong>. T. I, p. 691-715.<\/span><\/p>\n\n\n<figure class=\"wp-block-image aligncenter size-large\"><a href=\"https:\/\/www.rmcr.org\/2022\/06\/1022779.jpg\"><img decoding=\"async\" src=\"https:\/\/www.rmcr.org\/wp-content\/uploads\/2022\/06\/1022779.jpg?w=450\" alt=\"\" class=\"wp-image-4784\"\/><\/a><\/figure>\n\n\n<p><span ><em>Las fiestas de la embajada espa\u00f1ola en Venecia con ocasi\u00f3n del matrimonio del infante don Felipe y Luisa Isabel de Francia : (1739-1740)<\/em> \/ <strong>Javier S\u00e1nchez M\u00e1rquez<\/strong>. T. II, p. 719-786.<\/span><\/p>\n<p><span ><em>Las crisis del modelo desde las instituciones \u00abperif\u00e9ricas\u00bb : \u00e9lites urbanas y din\u00e1micas de poder en Galicia a finales de Antiguo R\u00e9gimen<\/em> \/ <strong>Mar\u00eda L\u00f3pez D\u00edaz<\/strong>. T. II, p. 787-822.<\/span><\/p>\n<p><span ><em>Fernando VII, \u00abel tirano de Espa\u00f1a\u00bb : liberales exiliados contra la monarqu\u00eda borb\u00f3nica<\/em> \/ <strong>Juan Luis Simal Dur\u00e1n<\/strong>. T. II, p. 823-843.<\/span><\/p>\n<p><span ><em>De corte a ciudad liberal : Madrid vista por los soldados polacos<\/em> \/ <strong>Grzegorz Bak<\/strong>. T. II, p. 845-857.<\/span><\/p>\n<p><span ><em>En busca del consenso : las \u00e9lites tucumanas frente a la pol\u00edtica real : (1764-1789)<\/em> \/ <strong>Guillermo Nieva Ocampo<\/strong>. T. II, p. 859-898.<\/span><\/p>\n<p><span ><em>Reform and difference : Bourbon Family Policy and Thought , 1770-1812<\/em> \/ <strong>Nicholas Miller<\/strong>. T. II, p. 899-917.<\/span><\/p>\n<p><span ><em>Monarcas y gobiernos ante la Independencia de Am\u00e9rica : (1780-1818). Nuevos reinos cesiones territoriales como elementos de negociaci\u00f3n y pacificaci\u00f3n<\/em> \/ <strong>Jos\u00e9 Miguel Delgado Barrado<\/strong>. T. II, p. 919-938.<\/span><\/p>\n<p><span ><em>En las redes palatinas : de damas intrigantes a se\u00f1oras pol\u00edticas<\/em> \/ <strong>M\u00aa Victoria L\u00f3pez-Cord\u00f3n Cortezo<\/strong>. T. II, p. 941-974.<\/span><\/p>\n<p><span ><em>Viejos y nuevos t\u00edtulos en la corte de los Borbones<\/em> \/ <strong>Pere Molas Ribalta<\/strong>. T. II, p. 975-1002.<\/span><\/p>\n<p><span ><em>V\u00edctimas ilustradas del Despotismo. El conde de Superunda, culpable y reo, ante el conde Aranda<\/em> \/ <strong>Jos\u00e9 Luis G\u00f3mez Urd\u00e1\u00f1ez<\/strong>. T. II, p. 1003-1036.<\/span><\/p>\n<p><span ><em>Los hombres de Felipe V en el Reino de Mallorca al comienzo de su reinado : (1701-1706)<\/em> \/ <strong>Josep Juan Vidal<\/strong>. T. II, p. 1037-1091.<\/span><\/p>\n<p><span ><em>Gritos, honras y blasones : el papel de los Reyes de Armas durante el reinado de Felipe V<\/em> \/ <strong>Jos\u00e9 Antonio Guill\u00e9n Berrendero<\/strong>. T. II, p. 1093-1125.<\/span><\/p>\n<p><span ><em>La imagen de Felipe V y su entorno cortesano a trav\u00e9s de la correspondencia de Madame la duquesa de Orleans<\/em> \/ <strong>Jos\u00e9 Antonio L\u00f3pez Anguita<\/strong>. T. II, p. 1127-1162.<\/span><\/p>\n<p><span ><em>\u00abEl beneficio de la fidelidad\u00bb : Melchor Macanaz y la casa de Villena : (1694-1706)<\/em> \/ <strong>Francisco Precioso Izquierdo<\/strong>. T. II, p. 1163-1181.<\/span><\/p>\n<p><span ><em>El duque de San Germ\u00e1n, virrey de Navarra, y la Guerra de Devoluci\u00f3n : (1667-1668)<\/em> \/ <strong>Javier Revilla Canora<\/strong>. T. II, p. 1183-1198.<\/span><\/p>\n<p><span ><em>El papel pol\u00edtico del padre R\u00e1vago en la corte de Fernando VI<\/em> \/ <strong>Niccol\u00f2 Guasti<\/strong>. T. II, p. 1199-1223.<\/span><\/p>\n<p><span ><em>Cortesanas, redes clientelares y espionaje : los casos de la duquesa de Berwick y Liria y de la marquesa de Salas<\/em> \/ <strong>Naiara Pav\u00eda Dopazo<\/strong>. T. II, p. 1225-1258.<\/span><\/p>\n<p><span ><em>Teresa Montalvo O&#8217;Farrill : una \u00absaloni\u00e8re\u00bb criolla en la sociedad espa\u00f1ola finisecular<\/em> \/ <strong>Gloria A. Franco Rubio<\/strong>. T. II, p. 1259-1280.<\/span><\/p>\n<p><span ><em>De Berber\u00eda al Chaco : el intendente Garc\u00eda Pizarro y las fronteras de la Monarqu\u00eda espa\u00f1ola<\/em> \/ <strong>Rub\u00e9n Gonz\u00e1lez Cuerva<\/strong>. T. II, p. 1281-1309.<\/span><\/p>\n<p><span ><em>Les diplomates \u00e0 la Cour d&#8217;Espagne : acteurs et t\u00e9moins<\/em> \/ <strong>Lucien B\u00e9ly<\/strong>. T. II, p. 1311-1327.<\/span><\/p>\n<p><span ><em>Le sevice d&#8217;Honneur du duc d&#8217;Orl\u00e9ans, \u00abPhilippe VIII\u00bb, ou la derni\u00e8re mort de la cour des Bourbons de France<\/em> \/ <strong>Philippe Loup\u00e8s<\/strong>. T. II, p. 1331-1348.<\/span><\/p>\n<p><span ><em>\u00abLe inclinazioni della Corte\u00bb : alcune considerazioni sulla \u00abIstoria delle guerre avvenute in Europa e particolarmente in Italia per la Successione alla Monarchia delle Spagne\u00bb di Francesco Mar\u00eda Ottieri<\/em> \/ <strong>Francesca Fausta Gallo<\/strong>. T. II, p. 1349-1376.<\/span><\/p>\n<p><span ><em>Felipe de Borb\u00f3n, el ducado de Parma y la corte de Madrid<\/em> \/ <strong>Mirella Mafrici<\/strong>. T. II, p. 1377-1395.<\/span><\/p>\n<p><span ><em>Privilegios provinciales y autoridad regia en tiempos de transici\u00f3n din\u00e1stica : la causa del duque de Airola : (1699-1702)<\/em> \/ <strong>Roberto Quir\u00f3s Rosado<\/strong>. T. II, p. 1397-1418.<\/span><\/p>\n<p><span ><em>Il sovrano e la moglie \u00abministro\u00bb : Carlo Emanuele IV e Maria Clotilde di Francia. Rapporti personali e politici tra i di Sardegna<\/em> \/ <strong>Federica Contu<\/strong>. T. II, p. 1419-1435.<\/span><\/p>\n\n\n<figure class=\"wp-block-image aligncenter size-large\"><a href=\"https:\/\/www.rmcr.org\/2022\/06\/1022780.jpg\"><img decoding=\"async\" src=\"https:\/\/www.rmcr.org\/wp-content\/uploads\/2022\/06\/1022780.jpg?w=450\" alt=\"\" class=\"wp-image-4791\"\/><\/a><\/figure>\n\n\n<p><span ><em>De la cortes\u00eda a la urbanidad : modelos en tensi\u00f3n<\/em> \/ <strong>M\u00f3nica Bolufer Peruga<\/strong>. T. III, p. 1439-1463.<\/span><\/p>\n<p><span ><em>Presencia colegial en las Audiencias castellanas durante el siglo XVIII<\/em> \/ <strong>Inmaculada Arias de Saavedra Al\u00edas<\/strong>. T. III, p. 1465-1521.<\/span><\/p>\n<p><span ><em>I filosofi e la corte a Napoli nel Settecento borbonico<\/em> \/ <strong>Anna Maria Rao<\/strong>. T. III, p. 1523-1547.<\/span><\/p>\n<p><span ><em>Corte borbonica e promozione delle scienze a Napoli e in Sicilia<\/em> \/ <strong>Domenico Ligresti<\/strong>. T. III, p. 1549-1572.<\/span><\/p>\n<p><span ><em>El descubrimiento de Pompeya y Herculano y la construcci\u00f3n de la imagen cl\u00e1sica de un rey ilustrado : (arqueolog\u00eda y propaganda del poder)<\/em> \/ <strong>Gloria Mora<\/strong>. T. III, p. 1573-1597.<\/span><\/p>\n<p><span ><em>Un rey y una corte para la naturaleza : sobre el Real Gabinete de Historia natural en Madrid : (1776-1617)<\/em> \/ <strong>Marcelo Fabi\u00e1n Figueroa<\/strong>. T. III, p. 1599-1617.<\/span><\/p>\n<p><span ><em>El discurso de fomento y las pol\u00edticas tecno-cient\u00edficas de la Corona espa\u00f1ola en el periodo comprendido entre los a\u00f1os 1790 y 1808 : estudio de caso de los instrumentos y libros para la expedici\u00f3n a Guant\u00e1namo<\/em> \/ <strong>Darina Martyk\u00e1nov\u00e1<\/strong>. T. III, p. 1619-1634.<\/span><\/p>\n<p><span ><em>El \u00abotium\u00bb en la Corte de los Borbones y su trascendencia en el desarrollo del territorio rural<\/em> \/ <strong>Cristina Pascerini<\/strong>. T. III, p. 1635-1643.<\/span><\/p>\n<p><span ><em>La oposici\u00f3n entre corte y sociedad : William Robertson y su \u00abView of the Progress of Society\u00bb<\/em>&nbsp;\/ <strong>Gijs Versteegen<\/strong>. T. III, p. 1645-1669.<\/span><\/p>\n<p><span ><em>Hombres de letras y patronos : la crisis de un modelo<\/em> \/ <strong>Joaqu\u00edn \u00c1lvarez Barrientos<\/strong>. T. III, p. 1673-1685.<\/span><\/p>\n<p><span ><em>De cortesano a ciudadano : retrato y pr\u00e1cticas de representaci\u00f3n para un nuevo modelo<\/em> \/ <strong>\u00c1lvaro Molina<\/strong>. T. III, p. 1687-1722.<\/span><\/p>\n<p><span ><em>La \u00abidentidad artista\u00bb y el modelo cortesano<\/em> \/ <strong>Nicol\u00e1s Morales<\/strong>. T. III, p. 1723-1732.<\/span><\/p>\n<p><span ><em>Nueve \u00f3leos de Francesco Battaglioni para el Coliseo del Buen Retiro : (la \u00f3pera en el reinado de Fernando VI : \u00faltimo relumbr\u00f3n de la corte barroca)<\/em> \/ <strong>Margarita Torrione<\/strong>. T. III, p. 1733-1777.<\/span><\/p>\n<p><span ><em>Crisis en el ceremonial salmantino : artes pl\u00e1sticas y m\u00fasica en \u00e9poca de los Borbones<\/em> \/ <strong>Javier Cruz Rodr\u00edguez<\/strong>. T. III, p. 1779-1798.<\/span><\/p>\n<p><span ><em>L&#8217;immagine di Filippo V di Borbone e di Elisabetta Farnese nello Stato di Milano nel XVIII secolo : dalla diffusione iconografica all&#8217;utilizzo come arma politica<\/em> \/ <strong>Laura Facchin<\/strong>. T. III, p. 1799-1840.<\/span><\/p>\n<p><span ><em>Le entrate a Milano di Filippo V e dei suoi rappresentanti : Costanti e mutazioni nell&#8217;autorappresentazione del potere<\/em> \/ <strong>Andrea Spiriti<\/strong>. T. III, p. 1841-1863.<\/span><\/p>\n<p><span ><em>Los Sitios Reales espa\u00f1oles bajo Felipe V como espacios de representaci\u00f3n y sociabilidad cortesana : (1744-1746)<\/em> \/ <strong>Jos\u00e9 Luis Sancho<\/strong>. T. III, p. 1865-1913.<\/span><\/p>\n<p><span ><em>Esperando a \u00abMadama infante\u00bb : preparativos, regalos y un nuevo cuarto en el Buen Retiro y en Aranjuez para el infante don Felipe y Luisa Isabel de Borb\u00f3n<\/em> \/ <strong>Mercedes Simal L\u00f3pez<\/strong>. T. III, p. 1915-1947.<\/span><\/p>\n<p><span ><em>Le Scienze e le Arti Belle ebbero nel Principe di Salerno il magnifico mecenate : un collezionista fra tradizione ed innovazione<\/em> \/ <strong>Graziana Iadicicco<\/strong>. T. III, p. 1949-1964.<\/span><\/p>\n<p><span ><em>Goya y la vida moderna a trav\u00e9s de su correspondencia \u00edntima<\/em> \/ <strong>Jesusa Vega<\/strong>. T. III, p. 1965-2001.<\/span><\/p>\n<p><span ><em>De la reina de Espa\u00f1a a la reina del cielo : reales ofrecimientos y donaciones de trajes de Isabel II para ajuares marianos<\/em> \/ <strong>\u00c1ngel Pe\u00f1a Mart\u00edn<\/strong>. T. III, p. 2003-2035.<\/span><\/p>\n<p><span ><em>El nuevo Palacio Real de San Lorenzo de El Escorial : la creaci\u00f3n de la residencia regia escurialense de Carlos IV y M\u00aa Luisa de Parma<\/em> \/ <strong>Carlos Sanz de Miguel<\/strong>. T. III, p. 2037-2072.<\/span><\/p>\n<p><span ><em>Jean-D\u00e9mosth\u00e8ne Dugoure, adornista y arquitecto de la Corte de Espa\u00f1a : (1786-1813)<\/em> \/ <strong>\u00c1ngel L\u00f3pez Cast\u00e1n<\/strong>. T. III, p. 2073-2139.<\/span><\/p>\n<p><span ><em>La evaporaci\u00f3n del concepto de \u00abMonarqu\u00eda cat\u00f3lica\u00bb : la instauraci\u00f3n de los Borbones<\/em> \/ <strong>Jos\u00e9 Mart\u00ednez Mill\u00e1n<\/strong>. T. III, p. 2143-2196.<\/span><\/p>","protected":false},"excerpt":{"rendered":"<p>\u00abLa corte de los Borbones. Crisis del modelo cortesano\u00bb es una obra que cierra un ambicioso proyecto, iniciado a finales de la d\u00e9cada de 1980, por un grupo de j\u00f3venes profesores que se propusieron estudiar la Monarqu\u00eda hispana con una nueva metodolog\u00eda, abandonando los estrechos caminos que trazaba la historia realizada con estructuras unidimensionales, cuyo conocimiento de la realidad resultaba hasta cierto punto falso, incompleto o alterado. Pretendieron construir una historia interdisciplinar cuyos frutos pudieran ser aprovechados por los especialistas de las diversas materias (literatura, arte, m\u00fasica, ling\u00fc\u00edstica, espiritualidad, etc.) que componen la realidad social, lejos de los rancios planteamientos de la historia liberal que a\u00fan perviven en los m\u00e1s recientes manuales universitarios y en las \u00faltimas \u00abHistorias Generales de Espa\u00f1a\u00bb.<\/p>\n","protected":false},"author":2,"featured_media":11970,"comment_status":"open","ping_status":"open","sticky":false,"template":"","format":"standard","meta":{"footnotes":""},"categories":[140,791],"tags":[223,237,105,252,176,179,137],"class_list":["post-4772","post","type-post","status-publish","format-standard","has-post-thumbnail","hentry","category-biblioteca","category-boletin-bibliografico-biblioteca-rmr","tag-articulos","tag-bibliografias","tag-biblioteca-general","tag-biblioteca-rmr","tag-boletin-mensual-bibliografico","tag-elites-de-poder","tag-libros"],"yoast_head":"<!-- This site is optimized with the Yoast SEO plugin v27.5 - https:\/\/yoast.com\/product\/yoast-seo-wordpress\/ -->\n<title>Biblioteca-RMR: N\u00ba 105. La corte de los Borbones. Crisis del modelo cortesano. Junio 2022. - Real Maestranza de Caballer\u00eda de Ronda<\/title>\n<meta name=\"robots\" content=\"index, follow, max-snippet:-1, max-image-preview:large, max-video-preview:-1\" \/>\n<link rel=\"canonical\" href=\"https:\/\/www.rmcr.org\/en\/2022\/06\/30\/biblioteca-rmr-no-105-la-corte-de-los-borbones-crisis-del-modelo-cortesano-junio-2022\/\" \/>\n<meta property=\"og:locale\" content=\"en_US\" \/>\n<meta property=\"og:type\" content=\"article\" \/>\n<meta property=\"og:title\" content=\"Biblioteca-RMR: N\u00ba 105. La corte de los Borbones. Crisis del modelo cortesano. Junio 2022. - Real Maestranza de Caballer\u00eda de Ronda\" \/>\n<meta property=\"og:description\" content=\"\u00abLa corte de los Borbones. Crisis del modelo cortesano\u00bb es una obra que cierra un ambicioso proyecto, iniciado a finales de la d\u00e9cada de 1980, por un grupo de j\u00f3venes profesores que se propusieron estudiar la Monarqu\u00eda hispana con una nueva metodolog\u00eda, abandonando los estrechos caminos que trazaba la historia realizada con estructuras unidimensionales, cuyo conocimiento de la realidad resultaba hasta cierto punto falso, incompleto o alterado. Pretendieron construir una historia interdisciplinar cuyos frutos pudieran ser aprovechados por los especialistas de las diversas materias (literatura, arte, m\u00fasica, ling\u00fc\u00edstica, espiritualidad, etc.) que componen la realidad social, lejos de los rancios planteamientos de la historia liberal que a\u00fan perviven en los m\u00e1s recientes manuales universitarios y en las \u00faltimas \u00abHistorias Generales de Espa\u00f1a\u00bb.\" \/>\n<meta property=\"og:url\" content=\"https:\/\/www.rmcr.org\/en\/2022\/06\/30\/biblioteca-rmr-no-105-la-corte-de-los-borbones-crisis-del-modelo-cortesano-junio-2022\/\" \/>\n<meta property=\"og:site_name\" content=\"Real Maestranza de Caballer\u00eda de Ronda\" \/>\n<meta property=\"article:publisher\" content=\"https:\/\/www.facebook.com\/plazadetorosronda\" \/>\n<meta property=\"article:published_time\" content=\"2022-06-30T17:19:24+00:00\" \/>\n<meta property=\"article:modified_time\" content=\"2025-04-02T18:09:08+00:00\" \/>\n<meta property=\"og:image\" content=\"https:\/\/www.rmcr.org\/wp-content\/uploads\/2022\/10\/cort-dest.jpg\" \/>\n\t<meta property=\"og:image:width\" content=\"1200\" \/>\n\t<meta property=\"og:image:height\" content=\"681\" \/>\n\t<meta property=\"og:image:type\" content=\"image\/jpeg\" \/>\n<meta name=\"author\" content=\"BIBLIOTECA\" \/>\n<meta name=\"twitter:card\" content=\"summary_large_image\" \/>\n<meta name=\"twitter:creator\" content=\"@PlazatorosRMR\" \/>\n<meta name=\"twitter:site\" content=\"@PlazatorosRMR\" \/>\n<meta name=\"twitter:label1\" content=\"Written by\" \/>\n\t<meta name=\"twitter:data1\" content=\"BIBLIOTECA\" \/>\n\t<meta name=\"twitter:label2\" content=\"Est. reading time\" \/>\n\t<meta name=\"twitter:data2\" content=\"13 minutes\" \/>\n<script type=\"application\/ld+json\" class=\"yoast-schema-graph\">{\"@context\":\"https:\\\/\\\/schema.org\",\"@graph\":[{\"@type\":\"Article\",\"@id\":\"https:\\\/\\\/www.rmcr.org\\\/en\\\/2022\\\/06\\\/30\\\/biblioteca-rmr-no-105-la-corte-de-los-borbones-crisis-del-modelo-cortesano-junio-2022\\\/#article\",\"isPartOf\":{\"@id\":\"https:\\\/\\\/www.rmcr.org\\\/en\\\/2022\\\/06\\\/30\\\/biblioteca-rmr-no-105-la-corte-de-los-borbones-crisis-del-modelo-cortesano-junio-2022\\\/\"},\"author\":{\"name\":\"BIBLIOTECA\",\"@id\":\"https:\\\/\\\/www.rmcr.org\\\/en\\\/#\\\/schema\\\/person\\\/80849edee7ef556893505128619ea1d0\"},\"headline\":\"Biblioteca-RMR: N\u00ba 105. La corte de los Borbones. Crisis del modelo cortesano. Junio 2022.\",\"datePublished\":\"2022-06-30T17:19:24+00:00\",\"dateModified\":\"2025-04-02T18:09:08+00:00\",\"mainEntityOfPage\":{\"@id\":\"https:\\\/\\\/www.rmcr.org\\\/en\\\/2022\\\/06\\\/30\\\/biblioteca-rmr-no-105-la-corte-de-los-borbones-crisis-del-modelo-cortesano-junio-2022\\\/\"},\"wordCount\":2746,\"commentCount\":0,\"publisher\":{\"@id\":\"https:\\\/\\\/www.rmcr.org\\\/en\\\/#organization\"},\"image\":{\"@id\":\"https:\\\/\\\/www.rmcr.org\\\/en\\\/2022\\\/06\\\/30\\\/biblioteca-rmr-no-105-la-corte-de-los-borbones-crisis-del-modelo-cortesano-junio-2022\\\/#primaryimage\"},\"thumbnailUrl\":\"https:\\\/\\\/www.rmcr.org\\\/wp-content\\\/uploads\\\/2022\\\/10\\\/cort-dest.jpg\",\"keywords\":[\"Art\u00edculos\",\"Bibliograf\u00edas\",\"Biblioteca\",\"Biblioteca-RMR\",\"Bolet\u00edn mensual bibliogr\u00e1fico\",\"\u00c9lites de poder\",\"Libros\"],\"articleSection\":[\"Biblioteca\",\"Bolet\u00edn bibliogr\u00e1fico Biblioteca-RMR\"],\"inLanguage\":\"en-US\",\"potentialAction\":[{\"@type\":\"CommentAction\",\"name\":\"Comment\",\"target\":[\"https:\\\/\\\/www.rmcr.org\\\/en\\\/2022\\\/06\\\/30\\\/biblioteca-rmr-no-105-la-corte-de-los-borbones-crisis-del-modelo-cortesano-junio-2022\\\/#respond\"]}]},{\"@type\":\"WebPage\",\"@id\":\"https:\\\/\\\/www.rmcr.org\\\/en\\\/2022\\\/06\\\/30\\\/biblioteca-rmr-no-105-la-corte-de-los-borbones-crisis-del-modelo-cortesano-junio-2022\\\/\",\"url\":\"https:\\\/\\\/www.rmcr.org\\\/en\\\/2022\\\/06\\\/30\\\/biblioteca-rmr-no-105-la-corte-de-los-borbones-crisis-del-modelo-cortesano-junio-2022\\\/\",\"name\":\"Biblioteca-RMR: N\u00ba 105. La corte de los Borbones. Crisis del modelo cortesano. Junio 2022. - Real Maestranza de Caballer\u00eda de Ronda\",\"isPartOf\":{\"@id\":\"https:\\\/\\\/www.rmcr.org\\\/en\\\/#website\"},\"primaryImageOfPage\":{\"@id\":\"https:\\\/\\\/www.rmcr.org\\\/en\\\/2022\\\/06\\\/30\\\/biblioteca-rmr-no-105-la-corte-de-los-borbones-crisis-del-modelo-cortesano-junio-2022\\\/#primaryimage\"},\"image\":{\"@id\":\"https:\\\/\\\/www.rmcr.org\\\/en\\\/2022\\\/06\\\/30\\\/biblioteca-rmr-no-105-la-corte-de-los-borbones-crisis-del-modelo-cortesano-junio-2022\\\/#primaryimage\"},\"thumbnailUrl\":\"https:\\\/\\\/www.rmcr.org\\\/wp-content\\\/uploads\\\/2022\\\/10\\\/cort-dest.jpg\",\"datePublished\":\"2022-06-30T17:19:24+00:00\",\"dateModified\":\"2025-04-02T18:09:08+00:00\",\"breadcrumb\":{\"@id\":\"https:\\\/\\\/www.rmcr.org\\\/en\\\/2022\\\/06\\\/30\\\/biblioteca-rmr-no-105-la-corte-de-los-borbones-crisis-del-modelo-cortesano-junio-2022\\\/#breadcrumb\"},\"inLanguage\":\"en-US\",\"potentialAction\":[{\"@type\":\"ReadAction\",\"target\":[\"https:\\\/\\\/www.rmcr.org\\\/en\\\/2022\\\/06\\\/30\\\/biblioteca-rmr-no-105-la-corte-de-los-borbones-crisis-del-modelo-cortesano-junio-2022\\\/\"]}]},{\"@type\":\"ImageObject\",\"inLanguage\":\"en-US\",\"@id\":\"https:\\\/\\\/www.rmcr.org\\\/en\\\/2022\\\/06\\\/30\\\/biblioteca-rmr-no-105-la-corte-de-los-borbones-crisis-del-modelo-cortesano-junio-2022\\\/#primaryimage\",\"url\":\"https:\\\/\\\/www.rmcr.org\\\/wp-content\\\/uploads\\\/2022\\\/10\\\/cort-dest.jpg\",\"contentUrl\":\"https:\\\/\\\/www.rmcr.org\\\/wp-content\\\/uploads\\\/2022\\\/10\\\/cort-dest.jpg\",\"width\":1200,\"height\":681},{\"@type\":\"BreadcrumbList\",\"@id\":\"https:\\\/\\\/www.rmcr.org\\\/en\\\/2022\\\/06\\\/30\\\/biblioteca-rmr-no-105-la-corte-de-los-borbones-crisis-del-modelo-cortesano-junio-2022\\\/#breadcrumb\",\"itemListElement\":[{\"@type\":\"ListItem\",\"position\":1,\"name\":\"REAL MAESTRANZA DE CABALLER\u00cdA DE RONDA\",\"item\":\"https:\\\/\\\/www.rmcr.org\\\/en\\\/\"},{\"@type\":\"ListItem\",\"position\":2,\"name\":\"Biblioteca-RMR: N\u00ba 105. La corte de los Borbones. Crisis del modelo cortesano. Junio 2022.\"}]},{\"@type\":\"WebSite\",\"@id\":\"https:\\\/\\\/www.rmcr.org\\\/en\\\/#website\",\"url\":\"https:\\\/\\\/www.rmcr.org\\\/en\\\/\",\"name\":\"Real Maestranza de Caballer\u00eda de Ronda\",\"description\":\"Real Maestranza de Caballer\u00eda de Ronda\",\"publisher\":{\"@id\":\"https:\\\/\\\/www.rmcr.org\\\/en\\\/#organization\"},\"alternateName\":\"RMCR\",\"potentialAction\":[{\"@type\":\"SearchAction\",\"target\":{\"@type\":\"EntryPoint\",\"urlTemplate\":\"https:\\\/\\\/www.rmcr.org\\\/en\\\/?s={search_term_string}\"},\"query-input\":{\"@type\":\"PropertyValueSpecification\",\"valueRequired\":true,\"valueName\":\"search_term_string\"}}],\"inLanguage\":\"en-US\"},{\"@type\":\"Organization\",\"@id\":\"https:\\\/\\\/www.rmcr.org\\\/en\\\/#organization\",\"name\":\"Real Maestranza de Caballer\u00eda de Ronda\",\"alternateName\":\"RMR\",\"url\":\"https:\\\/\\\/www.rmcr.org\\\/en\\\/\",\"logo\":{\"@type\":\"ImageObject\",\"inLanguage\":\"en-US\",\"@id\":\"https:\\\/\\\/www.rmcr.org\\\/en\\\/#\\\/schema\\\/logo\\\/image\\\/\",\"url\":\"https:\\\/\\\/www.rmcr.org\\\/wp-content\\\/uploads\\\/2022\\\/07\\\/logo-rmr-blue.svg\",\"contentUrl\":\"https:\\\/\\\/www.rmcr.org\\\/wp-content\\\/uploads\\\/2022\\\/07\\\/logo-rmr-blue.svg\",\"width\":131,\"height\":129,\"caption\":\"Real Maestranza de Caballer\u00eda de Ronda\"},\"image\":{\"@id\":\"https:\\\/\\\/www.rmcr.org\\\/en\\\/#\\\/schema\\\/logo\\\/image\\\/\"},\"sameAs\":[\"https:\\\/\\\/www.facebook.com\\\/plazadetorosronda\",\"https:\\\/\\\/x.com\\\/PlazatorosRMR\",\"https:\\\/\\\/www.instagram.com\\\/realmaestranzaderonda\\\/\",\"https:\\\/\\\/www.youtube.com\\\/channel\\\/UCrbO5IUN-8v_QML739vM4zg\\\/videos\"]},{\"@type\":\"Person\",\"@id\":\"https:\\\/\\\/www.rmcr.org\\\/en\\\/#\\\/schema\\\/person\\\/80849edee7ef556893505128619ea1d0\",\"name\":\"BIBLIOTECA\",\"image\":{\"@type\":\"ImageObject\",\"inLanguage\":\"en-US\",\"@id\":\"https:\\\/\\\/www.rmcr.org\\\/wp-content\\\/uploads\\\/2022\\\/11\\\/avatar-rmcr-96x96.png\",\"url\":\"https:\\\/\\\/www.rmcr.org\\\/wp-content\\\/uploads\\\/2022\\\/11\\\/avatar-rmcr-96x96.png\",\"contentUrl\":\"https:\\\/\\\/www.rmcr.org\\\/wp-content\\\/uploads\\\/2022\\\/11\\\/avatar-rmcr-96x96.png\",\"caption\":\"BIBLIOTECA\"},\"url\":\"https:\\\/\\\/www.rmcr.org\\\/en\\\/author\\\/juan-antonio-moreno\\\/\"}]}<\/script>\n<!-- \/ Yoast SEO plugin. -->","yoast_head_json":{"title":"Biblioteca-RMR: N\u00ba 105. La corte de los Borbones. Crisis del modelo cortesano. Junio 2022. - Real Maestranza de Caballer\u00eda de Ronda","robots":{"index":"index","follow":"follow","max-snippet":"max-snippet:-1","max-image-preview":"max-image-preview:large","max-video-preview":"max-video-preview:-1"},"canonical":"https:\/\/www.rmcr.org\/en\/2022\/06\/30\/biblioteca-rmr-no-105-la-corte-de-los-borbones-crisis-del-modelo-cortesano-junio-2022\/","og_locale":"en_US","og_type":"article","og_title":"Biblioteca-RMR: N\u00ba 105. La corte de los Borbones. Crisis del modelo cortesano. Junio 2022. - Real Maestranza de Caballer\u00eda de Ronda","og_description":"\u00abLa corte de los Borbones. Crisis del modelo cortesano\u00bb es una obra que cierra un ambicioso proyecto, iniciado a finales de la d\u00e9cada de 1980, por un grupo de j\u00f3venes profesores que se propusieron estudiar la Monarqu\u00eda hispana con una nueva metodolog\u00eda, abandonando los estrechos caminos que trazaba la historia realizada con estructuras unidimensionales, cuyo conocimiento de la realidad resultaba hasta cierto punto falso, incompleto o alterado. Pretendieron construir una historia interdisciplinar cuyos frutos pudieran ser aprovechados por los especialistas de las diversas materias (literatura, arte, m\u00fasica, ling\u00fc\u00edstica, espiritualidad, etc.) que componen la realidad social, lejos de los rancios planteamientos de la historia liberal que a\u00fan perviven en los m\u00e1s recientes manuales universitarios y en las \u00faltimas \u00abHistorias Generales de Espa\u00f1a\u00bb.","og_url":"https:\/\/www.rmcr.org\/en\/2022\/06\/30\/biblioteca-rmr-no-105-la-corte-de-los-borbones-crisis-del-modelo-cortesano-junio-2022\/","og_site_name":"Real Maestranza de Caballer\u00eda de Ronda","article_publisher":"https:\/\/www.facebook.com\/plazadetorosronda","article_published_time":"2022-06-30T17:19:24+00:00","article_modified_time":"2025-04-02T18:09:08+00:00","og_image":[{"width":1200,"height":681,"url":"https:\/\/www.rmcr.org\/wp-content\/uploads\/2022\/10\/cort-dest.jpg","type":"image\/jpeg"}],"author":"BIBLIOTECA","twitter_card":"summary_large_image","twitter_creator":"@PlazatorosRMR","twitter_site":"@PlazatorosRMR","twitter_misc":{"Written by":"BIBLIOTECA","Est. reading time":"13 minutes"},"schema":{"@context":"https:\/\/schema.org","@graph":[{"@type":"Article","@id":"https:\/\/www.rmcr.org\/en\/2022\/06\/30\/biblioteca-rmr-no-105-la-corte-de-los-borbones-crisis-del-modelo-cortesano-junio-2022\/#article","isPartOf":{"@id":"https:\/\/www.rmcr.org\/en\/2022\/06\/30\/biblioteca-rmr-no-105-la-corte-de-los-borbones-crisis-del-modelo-cortesano-junio-2022\/"},"author":{"name":"BIBLIOTECA","@id":"https:\/\/www.rmcr.org\/en\/#\/schema\/person\/80849edee7ef556893505128619ea1d0"},"headline":"Biblioteca-RMR: N\u00ba 105. La corte de los Borbones. Crisis del modelo cortesano. Junio 2022.","datePublished":"2022-06-30T17:19:24+00:00","dateModified":"2025-04-02T18:09:08+00:00","mainEntityOfPage":{"@id":"https:\/\/www.rmcr.org\/en\/2022\/06\/30\/biblioteca-rmr-no-105-la-corte-de-los-borbones-crisis-del-modelo-cortesano-junio-2022\/"},"wordCount":2746,"commentCount":0,"publisher":{"@id":"https:\/\/www.rmcr.org\/en\/#organization"},"image":{"@id":"https:\/\/www.rmcr.org\/en\/2022\/06\/30\/biblioteca-rmr-no-105-la-corte-de-los-borbones-crisis-del-modelo-cortesano-junio-2022\/#primaryimage"},"thumbnailUrl":"https:\/\/www.rmcr.org\/wp-content\/uploads\/2022\/10\/cort-dest.jpg","keywords":["Art\u00edculos","Bibliograf\u00edas","Biblioteca","Biblioteca-RMR","Bolet\u00edn mensual bibliogr\u00e1fico","\u00c9lites de poder","Libros"],"articleSection":["Biblioteca","Bolet\u00edn bibliogr\u00e1fico Biblioteca-RMR"],"inLanguage":"en-US","potentialAction":[{"@type":"CommentAction","name":"Comment","target":["https:\/\/www.rmcr.org\/en\/2022\/06\/30\/biblioteca-rmr-no-105-la-corte-de-los-borbones-crisis-del-modelo-cortesano-junio-2022\/#respond"]}]},{"@type":"WebPage","@id":"https:\/\/www.rmcr.org\/en\/2022\/06\/30\/biblioteca-rmr-no-105-la-corte-de-los-borbones-crisis-del-modelo-cortesano-junio-2022\/","url":"https:\/\/www.rmcr.org\/en\/2022\/06\/30\/biblioteca-rmr-no-105-la-corte-de-los-borbones-crisis-del-modelo-cortesano-junio-2022\/","name":"Biblioteca-RMR: N\u00ba 105. La corte de los Borbones. Crisis del modelo cortesano. Junio 2022. - Real Maestranza de Caballer\u00eda de Ronda","isPartOf":{"@id":"https:\/\/www.rmcr.org\/en\/#website"},"primaryImageOfPage":{"@id":"https:\/\/www.rmcr.org\/en\/2022\/06\/30\/biblioteca-rmr-no-105-la-corte-de-los-borbones-crisis-del-modelo-cortesano-junio-2022\/#primaryimage"},"image":{"@id":"https:\/\/www.rmcr.org\/en\/2022\/06\/30\/biblioteca-rmr-no-105-la-corte-de-los-borbones-crisis-del-modelo-cortesano-junio-2022\/#primaryimage"},"thumbnailUrl":"https:\/\/www.rmcr.org\/wp-content\/uploads\/2022\/10\/cort-dest.jpg","datePublished":"2022-06-30T17:19:24+00:00","dateModified":"2025-04-02T18:09:08+00:00","breadcrumb":{"@id":"https:\/\/www.rmcr.org\/en\/2022\/06\/30\/biblioteca-rmr-no-105-la-corte-de-los-borbones-crisis-del-modelo-cortesano-junio-2022\/#breadcrumb"},"inLanguage":"en-US","potentialAction":[{"@type":"ReadAction","target":["https:\/\/www.rmcr.org\/en\/2022\/06\/30\/biblioteca-rmr-no-105-la-corte-de-los-borbones-crisis-del-modelo-cortesano-junio-2022\/"]}]},{"@type":"ImageObject","inLanguage":"en-US","@id":"https:\/\/www.rmcr.org\/en\/2022\/06\/30\/biblioteca-rmr-no-105-la-corte-de-los-borbones-crisis-del-modelo-cortesano-junio-2022\/#primaryimage","url":"https:\/\/www.rmcr.org\/wp-content\/uploads\/2022\/10\/cort-dest.jpg","contentUrl":"https:\/\/www.rmcr.org\/wp-content\/uploads\/2022\/10\/cort-dest.jpg","width":1200,"height":681},{"@type":"BreadcrumbList","@id":"https:\/\/www.rmcr.org\/en\/2022\/06\/30\/biblioteca-rmr-no-105-la-corte-de-los-borbones-crisis-del-modelo-cortesano-junio-2022\/#breadcrumb","itemListElement":[{"@type":"ListItem","position":1,"name":"REAL MAESTRANZA DE CABALLER\u00cdA DE RONDA","item":"https:\/\/www.rmcr.org\/en\/"},{"@type":"ListItem","position":2,"name":"Biblioteca-RMR: N\u00ba 105. La corte de los Borbones. Crisis del modelo cortesano. Junio 2022."}]},{"@type":"WebSite","@id":"https:\/\/www.rmcr.org\/en\/#website","url":"https:\/\/www.rmcr.org\/en\/","name":"Real Maestranza de Caballer\u00eda de Ronda","description":"Real Maestranza de Caballer\u00eda de Ronda","publisher":{"@id":"https:\/\/www.rmcr.org\/en\/#organization"},"alternateName":"RMCR","potentialAction":[{"@type":"SearchAction","target":{"@type":"EntryPoint","urlTemplate":"https:\/\/www.rmcr.org\/en\/?s={search_term_string}"},"query-input":{"@type":"PropertyValueSpecification","valueRequired":true,"valueName":"search_term_string"}}],"inLanguage":"en-US"},{"@type":"Organization","@id":"https:\/\/www.rmcr.org\/en\/#organization","name":"Real Maestranza de Caballer\u00eda de Ronda","alternateName":"RMR","url":"https:\/\/www.rmcr.org\/en\/","logo":{"@type":"ImageObject","inLanguage":"en-US","@id":"https:\/\/www.rmcr.org\/en\/#\/schema\/logo\/image\/","url":"https:\/\/www.rmcr.org\/wp-content\/uploads\/2022\/07\/logo-rmr-blue.svg","contentUrl":"https:\/\/www.rmcr.org\/wp-content\/uploads\/2022\/07\/logo-rmr-blue.svg","width":131,"height":129,"caption":"Real Maestranza de Caballer\u00eda de Ronda"},"image":{"@id":"https:\/\/www.rmcr.org\/en\/#\/schema\/logo\/image\/"},"sameAs":["https:\/\/www.facebook.com\/plazadetorosronda","https:\/\/x.com\/PlazatorosRMR","https:\/\/www.instagram.com\/realmaestranzaderonda\/","https:\/\/www.youtube.com\/channel\/UCrbO5IUN-8v_QML739vM4zg\/videos"]},{"@type":"Person","@id":"https:\/\/www.rmcr.org\/en\/#\/schema\/person\/80849edee7ef556893505128619ea1d0","name":"BIBLIOTECA","image":{"@type":"ImageObject","inLanguage":"en-US","@id":"https:\/\/www.rmcr.org\/wp-content\/uploads\/2022\/11\/avatar-rmcr-96x96.png","url":"https:\/\/www.rmcr.org\/wp-content\/uploads\/2022\/11\/avatar-rmcr-96x96.png","contentUrl":"https:\/\/www.rmcr.org\/wp-content\/uploads\/2022\/11\/avatar-rmcr-96x96.png","caption":"BIBLIOTECA"},"url":"https:\/\/www.rmcr.org\/en\/author\/juan-antonio-moreno\/"}]}},"_links":{"self":[{"href":"https:\/\/www.rmcr.org\/en\/wp-json\/wp\/v2\/posts\/4772","targetHints":{"allow":["GET"]}}],"collection":[{"href":"https:\/\/www.rmcr.org\/en\/wp-json\/wp\/v2\/posts"}],"about":[{"href":"https:\/\/www.rmcr.org\/en\/wp-json\/wp\/v2\/types\/post"}],"author":[{"embeddable":true,"href":"https:\/\/www.rmcr.org\/en\/wp-json\/wp\/v2\/users\/2"}],"replies":[{"embeddable":true,"href":"https:\/\/www.rmcr.org\/en\/wp-json\/wp\/v2\/comments?post=4772"}],"version-history":[{"count":3,"href":"https:\/\/www.rmcr.org\/en\/wp-json\/wp\/v2\/posts\/4772\/revisions"}],"predecessor-version":[{"id":18303,"href":"https:\/\/www.rmcr.org\/en\/wp-json\/wp\/v2\/posts\/4772\/revisions\/18303"}],"wp:featuredmedia":[{"embeddable":true,"href":"https:\/\/www.rmcr.org\/en\/wp-json\/wp\/v2\/media\/11970"}],"wp:attachment":[{"href":"https:\/\/www.rmcr.org\/en\/wp-json\/wp\/v2\/media?parent=4772"}],"wp:term":[{"taxonomy":"category","embeddable":true,"href":"https:\/\/www.rmcr.org\/en\/wp-json\/wp\/v2\/categories?post=4772"},{"taxonomy":"post_tag","embeddable":true,"href":"https:\/\/www.rmcr.org\/en\/wp-json\/wp\/v2\/tags?post=4772"}],"curies":[{"name":"wp","href":"https:\/\/api.w.org\/{rel}","templated":true}]}}