{"id":4730,"date":"2022-06-09T10:43:50","date_gmt":"2022-06-09T10:43:50","guid":{"rendered":"https:\/\/www.rmcr.org\/?p=4730"},"modified":"2025-04-04T10:56:17","modified_gmt":"2025-04-04T10:56:17","slug":"dia-internacional-de-los-archivos-9-de-junio","status":"publish","type":"post","link":"https:\/\/www.rmcr.org\/en\/2022\/06\/09\/dia-internacional-de-los-archivos-9-de-junio\/","title":{"rendered":"D\u00eda Internacional de los Archivos \u2013 9 de junio &#8211;"},"content":{"rendered":"\n<p class=\"has-medium-font-size\"><strong><span class=\"uppercase\">De Archivos Privados, de Familia y Archiveros<\/span><\/strong><\/p>\n\n\n\n<p class=\"has-text-align-justify\">&#8220;Los archivos custodian decisiones, actuaciones y memoria. Los archivos conservan un patrimonio \u00fanico e irreemplazable que se transmite de generaci\u00f3n en generaci\u00f3n. Los documentos son gestionados en los archivos desde su origen para preservar su valor y su significado. Los documentos son fuentes fiables de informaci\u00f3n que garantizan la seguridad y la transparencia de las actuaciones administrativas. Juegan un papel esencial en el desarrollo de la sociedad contribuyendo a la constituci\u00f3n y salvaguarda de la memoria individual y colectiva. El libre acceso a los archivos enriquece nuestro conocimiento de la sociedad, promueve la democracia, protege los derechos de los ciudadanos y mejora la calidad de vida.&#8221;<\/p>\n\n\n\n<p class=\"has-text-align-justify\">Diversos y distintos son los valores y conceptos impl\u00edcitos es esta definici\u00f3n de archivo y documentos que hizo en septiembre de 2010, el Consejo Internacional de Archivos, singularidad, transmisi\u00f3n, gesti\u00f3n, producci\u00f3n, origen, transparencia, memoria, identidad, protecci\u00f3n\u2026etc.<\/p>\n\n\n\n<figure class=\"wp-block-image aligncenter size-large is-resized\"><a href=\"https:\/\/www.rmcr.org\/2022\/06\/archivo-informacion-2.jpg\"><img fetchpriority=\"high\" decoding=\"async\" src=\"https:\/\/www.rmcr.org\/wp-content\/uploads\/2022\/06\/archivo-informacion-2.jpg?w=1024\" alt=\"\" class=\"wp-image-4764\" width=\"444\" height=\"270\"\/><\/a><\/figure>\n\n\n\n<p class=\"has-text-align-justify\">En la actualidad pese al conocimiento del que disponemos y la difusi\u00f3n en el \u00e1mbito de la gesti\u00f3n cultural, hablar de archivos es relacionarlo con la gesti\u00f3n p\u00fablica, instituciones, desde los grandes archivos a los municipales, donde se conservan tanto los fondos producidos por los organismos p\u00fablicos como fondos privados de diversa \u00edndole.<\/p>\n\n\n\n<p class=\"has-text-align-justify\">Sin embargo, existen instituciones privadas conscientes de los valores, antes rese\u00f1ados, que no solo gestionan y conservan su fondo propio, si no que llevan a cabo proyectos archiv\u00edsticos para atraer a sus instalaciones archivos privados, para su preservaci\u00f3n, conservaci\u00f3n, correcto tratamiento y difusi\u00f3n, tal es el caso del archivo de la Real Maestranza de Caballer\u00eda de Ronda.<\/p>\n\n\n\n<figure class=\"wp-block-image aligncenter size-large is-resized\"><a href=\"https:\/\/www.rmcr.org\/2022\/06\/archivo-descripcion.jpg\"><img decoding=\"async\" src=\"https:\/\/www.rmcr.org\/wp-content\/uploads\/2022\/06\/archivo-descripcion.jpg?w=1024\" alt=\"\" class=\"wp-image-4736\" width=\"454\" height=\"302\"\/><\/a><\/figure>\n\n\n\n<p class=\"has-text-align-justify\">Desde hace casi veinte a\u00f1os impulsa la recuperaci\u00f3n de archivos familiares. En un principio de \u00e1mbito local, con el \u00e1nimo de recobrar la memoria del territorio donde se encuentra, debido a las lagunas documentales existentes, producidas en diferentes etapas hist\u00f3ricas. Sin embargo, atendiendo al propio origen de la instituci\u00f3n, una corporaci\u00f3n nobiliaria, y a la actividad cultural que hoy desarrolla, fueron ampli\u00e1ndose los objetivos del proyecto, recuperar y conservar estas fuentes primarias para la investigaci\u00f3n y el estudio de la nobleza, genealog\u00eda y her\u00e1ldica. A la par que el desarrollo de las posibilidades de adaptar el trabajo archiv\u00edstico a las nuevas tecnolog\u00edas. <\/p>\n\n\n\n<figure class=\"wp-block-image aligncenter size-large is-resized\"><a href=\"https:\/\/www.rmcr.org\/2022\/06\/l283-c16-prv-avc.jpg\"><img decoding=\"async\" src=\"https:\/\/www.rmcr.org\/wp-content\/uploads\/2022\/06\/l283-c16-prv-avc.jpg?w=671\" alt=\"\" class=\"wp-image-4738\" width=\"302\" height=\"425\"\/><\/a><\/figure>\n\n\n\n<p class=\"has-text-align-center has-small-font-size\">Noticia y apuntes de escrituras registrados en los protocolos de mi oficio de escriban\u00eda p\u00fablica, que quedaron sin quemar por los serranos cuando entraron en la ciudad el d\u00eda 12 de marzo de 1810, Sig.Leg. 283-C16, Fondo de Archivos Privados, archivo Familiar Avil\u00e9s-Casco.<\/p>\n\n\n\n<p class=\"has-text-align-justify\">El proyecto &nbsp;ha pasado de contar con dos archivos familiares locales en 2002, a un Fondo de Archivos Privados que lo integran 23 archivos y\/o colecciones documentales: archivos familiares hist\u00f3ricos y profesionales de la genealog\u00eda y her\u00e1ldica de \u00e1mbito nacional, con unas fechas extremas que van desde 1340 a 1998 y un total de 1000 unidades de instalaci\u00f3n.<\/p>\n\n\n\n<p class=\"has-text-align-justify\">Nos hemos transformado en una plataforma entre el propietario de documentos privados y el investigador. Garantizamos, por un lado, el acceso a la informaci\u00f3n y, por otro, la conservaci\u00f3n, ya sea directamente en nuestras instalaciones o a trav\u00e9s de proyectos de digitalizaci\u00f3n.<\/p>\n\n\n\n<p class=\"has-small-font-size\"><strong><span class=\"uppercase\">Fondos de Archivos Privados, Familiares y Profesionales en la RMR<\/span><\/strong><\/p>\n\n\n\n<figure class=\"wp-block-table is-style-stripes\" style=\"font-size:10px\"><table><tbody><tr><td><strong>A\u00f1o \/ Ingreso<\/strong><strong><\/strong><\/td><td><strong>Archivo<\/strong><\/td><td><strong>Fechas<\/strong><\/td><td><strong>Volumen<\/strong><strong><\/strong><\/td><td><strong>Descripci\u00f3n \/ Acceso<\/strong><\/td><\/tr><tr><td>2002 Donaci\u00f3n<\/td><td>Archivo familiar Calle<\/td><td>1490 &#8211; 1946<\/td><td>52 cajas<\/td><td>Cat\u00e1logo en Web. En proceso de digitalizaci\u00f3n.<\/td><\/tr><tr><td>2003 Dep\u00f3sito<\/td><td>Archivo familiar Clavero<\/td><td>1518 &#8211; 1996<\/td><td>36 cajas<\/td><td>Cat\u00e1logo en Web.<\/td><\/tr><tr><td>2003 Compra<\/td><td>Archivo Geneal\u00f3gico Ram\u00f3n Zabala<\/td><td>Siglo XVIII \u2013 siglo XX<\/td><td>174 cajas<\/td><td>Cat\u00e1logo informatizado. Acceso restringido.<\/td><\/tr><tr><td>2005 Dep\u00f3sito<\/td><td>Archivo familiar Avil\u00e9s-Casco<\/td><td>1559 &#8211; 1956<\/td><td>32 cajas<\/td><td>Cat\u00e1logo en Web.<\/td><\/tr><tr><td>2008 Deposito<\/td><td>Archivo familiar Dolagaray<\/td><td>1528 &#8211; 1936<\/td><td>6 cajas.<\/td><td>Cat\u00e1logo en Web.<\/td><\/tr><tr><td>2009\/10 Digitalizaci\u00f3n<\/td><td>Archivo Marquesado de Salvatierra<\/td><td>1491 &#8211; 1937<\/td><td>60.709 im\u00e1genes<\/td><td>En tratamiento digital, proceso de revisi\u00f3n de cat\u00e1logo. Acceso restringido.<\/td><\/tr><tr><td>2009\/10 Dep\u00f3sito<\/td><td>Archivo Condado del Asalto<\/td><td>1477 &#8211; 1991<\/td><td>86 cajas<\/td><td>Archivo clasificado. Acceso restringido.<\/td><\/tr><tr><td>2009 Digitalizaci\u00f3n<\/td><td>Colecci\u00f3n de prensa local Rafael Aguilera<\/td><td>1875 &#8211; 1999<\/td><td>13.388 im\u00e1genes<\/td><td>Acceso en sala<\/td><\/tr><tr><td>2009 Digitalizaci\u00f3n<\/td><td>Colecci\u00f3n de prensa Gonzalo Huesa<\/td><td>1937 &#8211; 1938<\/td><td>194 im\u00e1genes<\/td><td>Cat\u00e1logo en Web.<\/td><\/tr><tr><td>2009 Deposito<\/td><td>Archivo privado\/profesional Mar\u00eda Dolores Castilla<\/td><td>1912 &#8211;&nbsp; 1950<\/td><td>3 cajas<\/td><td>Cat\u00e1logo en Web.<\/td><\/tr><tr><td>2010 Digitalizaci\u00f3n<\/td><td>Archivo familiar Carrillo de Mendoza<\/td><td>1590 &#8211; 1876<\/td><td>944 im\u00e1genes<\/td><td>Cat\u00e1logo accesible por Web, Descarga de im\u00e1genes.<\/td><\/tr><tr><td>2010 Compra<\/td><td>Archivo privado del Sello Espa\u00f1ol<\/td><td>1637-1899<\/td><td>141 cajas<\/td><td>Pendiente de descripci\u00f3n<\/td><\/tr><tr><td>2011 Digitalizaci\u00f3n<\/td><td>Archivo Arrese Rojas, Marquesado de Villanueva del Castillo de Cauche<\/td><td>1449 \u2013 1957<\/td><td>40.718 im\u00e1genes<\/td><td>Cat\u00e1logo en Web. Im\u00e1genes descargables.<\/td><\/tr><tr><td>2011 Dep\u00f3sito<\/td><td>Colecci\u00f3n documental Richmond<\/td><td>Siglo XIX<\/td><td>4 cajas<\/td><td>Pendiente de descripci\u00f3n.<\/td><\/tr><tr><td>2011 Digitalizaci\u00f3n<\/td><td>Archivo profesional Ingeniero Carlos Lamiable<\/td><td>1857 &#8211; 1888<\/td><td>1995 im\u00e1genes<\/td><td>Cat\u00e1logo en Web. Im\u00e1genes descargables.<\/td><\/tr><tr><td>2012 Dep\u00f3sito<\/td><td>Archivo Duquesa de Sanl\u00facar la Mayor y Duquesa de Villamanrique<\/td><td>1345 &#8211; 1990<\/td><td>14 cajas<\/td><td>Cat\u00e1logo informatizado. Acceso restringido.<\/td><\/tr><tr><td>2012 Dep\u00f3sito<\/td><td>Archivo Marquesado de Valdeca\u00f1as y Torremayor<\/td><td>1497 &#8211; 1958<\/td><td>55 cajas<\/td><td>Cat\u00e1logo en Web.<\/td><\/tr><tr><td>2012 Deposito<\/td><td>Archivo profesional Condado del Guadalhorce<\/td><td>1895 &#8211; 1997<\/td><td>15 cajas<\/td><td>Cat\u00e1logo en Web.<\/td><\/tr><tr><td>2014 Dep\u00f3sito<\/td><td>Archivo profesional Isabel Turmo<\/td><td>Sin fechar. 2\u00aa mitad siglo XX<\/td><td>4 cajas<\/td><td>Pendiente de clasificaci\u00f3n y descripci\u00f3n.<\/td><\/tr><tr><td>2017 Donaci\u00f3n<\/td><td>Colecci\u00f3n hist\u00f3rico documental Aguilera<\/td><td>1484 &#8211; 1931<\/td><td>80 cajas<\/td><td>Cat\u00e1logo en revisi\u00f3n, accesible en sala.<\/td><\/tr><tr><td>2018 Donaci\u00f3n<\/td><td>Archivo Her\u00e1ldico -Geneal\u00f3gico Sres. de Rujula<\/td><td>1340 &#8211; 1947<\/td><td>218 cajas, 300 libros <\/td><td>Archivo en proceso de descripci\u00f3n y digitalizaci\u00f3n. Acceso seg\u00fan normas de Archivo.<\/td><\/tr><tr><td>2020 Digitalizaci\u00f3n<\/td><td>Archivo Familiar Giles<\/td><td>Siglo XVI al XIX<\/td><td>45 cajas<\/td><td>En proceso de digitalizaci\u00f3n.<\/td><\/tr><tr><td>2022 Donaci\u00f3n<\/td><td>Archivo Familiar R\u00fajula<\/td><td>Siglo XVII &#8211; XIX<\/td><td>&nbsp;20 cajas<\/td><td>En proceso de instalaci\u00f3n y revisi\u00f3n de inventario.<\/td><\/tr><\/tbody><\/table><\/figure>\n\n\n\n<p><strong>Archivos Familiares<\/strong><\/p>\n\n\n\n<p class=\"has-text-align-justify\">Nos centraremos en los archivos familiares o de familia, pese a que todav\u00eda hoy,&nbsp; son poco conocidos, por el hecho de encontrarse en manos privadas, aquellos que se ponen al servicio p\u00fablico de la investigaci\u00f3n suscitan inter\u00e9s por la cantidad y variedad de informaci\u00f3n que ofrecen. Son unos archivos diferentes, comparten caracter\u00edsticas y valores con los p\u00fablicos y otros privados, pero el hecho de haber sido producidos por la actividad de una familia, un linaje y personas individuales, actividad que, en general, no est\u00e1 sujeta a una normativa jur\u00eddico-administrativa, adquieren un significado diferente. Son el reflejo de la identidad de un grupo de personas unidas por diferentes lazos familiares, con un objetivo com\u00fan la permanencia del linaje y la historia familiar. <\/p>\n\n\n\n<p class=\"has-text-align-justify\">De ah\u00ed que la producci\u00f3n de estos archivos suele presentarse vinculada a la administraci\u00f3n de se\u00f1or\u00edos, mayorazgos y t\u00edtulos nobiliarios. En no pocos casos, un archivo puede contener a otros, es decir, al archivo o fondo principal se le van agregando otros secundarios, debido a enlaces matrimoniales, herencias, pleitos, sucesi\u00f3n de t\u00edtulos, posesi\u00f3n de bienes\u2026etc., as\u00ed, por ejemplo, en el archivo de la Condesa del Asalto aparecen aportes documentales a la l\u00ednea principal familiar a trav\u00e9s de matrimonios como el de la II condesa con Manuel Fco. Pinel Ladr\u00f3n de Guevara o documentaci\u00f3n de la casa del Marqu\u00e9s de Ceballos de las Dos Sicilias, por el enlace del III conde con Mar\u00eda del Carmen Ceballos y otros enlaces posteriores que propician la entrada de documentos de la Casa del Marquesado de Echand\u00eda, del Bar\u00f3n de Casa Davalillo o el Bar\u00f3n de Cuatro Torres.<\/p>\n\n\n\n<figure class=\"wp-block-image aligncenter size-large is-resized\"><a href=\"https:\/\/www.rmcr.org\/2022\/06\/rujula-minutarios.jpg\"><img loading=\"lazy\" decoding=\"async\" src=\"https:\/\/www.rmcr.org\/wp-content\/uploads\/2022\/06\/rujula-minutarios.jpg?w=709\" alt=\"\" class=\"wp-image-4740\" width=\"344\" height=\"497\"\/><\/a><\/figure>\n\n\n\n<p class=\"has-text-align-center has-small-font-size\">Minutarios del Archivo Her\u00e1ldico Geneal\u00f3gico R\u00fajula en la biblioteca de la Real Maestranza de Caballer\u00eda de Ronda<\/p>\n\n\n\n<p class=\"has-text-align-justify\">En el archivo de la Maestranza identificamos diferentes productores de archivos familiares, aunque en la pr\u00e1ctica, estos grupos sociales se fusionan. Por aludir a una clasificaci\u00f3n ser\u00edan: archivos de nobleza titulada como el Marquesado de Salvatierra, Marquesado de Valdeca\u00f1as y Torremayor, Condesa del Asalto, Marquesado de Villanueva del Castillo\u2026, archivos de familias de nobleza local y \u00e9lites urbanas: Familia Clavero, Familia Avil\u00e9s-Casco, Familia Carrillo de Mendoza o Dolagaray e incluso otros archivos, unidos a la pr\u00e1ctica profesional, que pasa de generaci\u00f3n en generaci\u00f3n y pueden llegar a confundirse como de familia, caso del archivo de los cronistas de Reyes de Armas R\u00fajula, del que se conservan los dos archivos, el profesional y el familiar, \u00e9ste \u00faltimo donado este a\u00f1o 2022.<\/p>\n\n\n\n<p class=\"has-text-align-justify\">Estos archivos fueron conservados con la funci\u00f3n principal de acreditar bienes, derechos adquiridos y privilegios, en definitiva, era el garante de un estatus social. A partir del siglo XIX, hechos hist\u00f3ricos y nuevas legislaciones desembocaron en procesos como la desaparici\u00f3n de se\u00f1or\u00edos y mayorazgos (1811-1837), las desamortizaciones en el r\u00e9gimen liberal o la creaci\u00f3n de los registros p\u00fablicos de la propiedad (1861). De tal manera que estos fondos perdieron su raz\u00f3n de ser fiscal y jur\u00eddica, apareciendo un \u201cmont\u00f3n de papeles\u201d sin aparente funci\u00f3n. No pocas familias supieron conservar este patrimonio, sobre todo, por el valor sentimental que representaba la historia familiar y distinci\u00f3n social, pasando a ser considerados como archivos hist\u00f3ricos. Desbordando el \u00e1mbito familiar para formar parte de la historia y memoria de uno o varios territorios a la vez. Pese a que muchos de estos archivos se conservaron, no se ten\u00eda conciencia que los documentos fuesen un bien patrimonial e hist\u00f3rico, a diferencia de otros objetos art\u00edsticos, como cuadros, textiles\u2026.etc., nadie en su sano juicio dividir\u00eda \u00e9stos, sin embargo, los archivos privados han sido y son objeto de divisi\u00f3n entre herederos y propietarios, pese a todo, en Espa\u00f1a se ha conservado un porcentaje alto de archivos familiares.<\/p>\n\n\n\n<p class=\"has-text-align-justify\">En la actualidad las situaciones en las que pueden presentarse estos fondos son de las m\u00e1s diversas y variopintas, tanto en la preservaci\u00f3n como en la conservaci\u00f3n del contenido. La instalaci\u00f3n de los fondos en casas privadas, no siempre es la m\u00e1s adecuada, ya que, se les suele reservar s\u00f3tanos y c\u00e1maras altas, tambi\u00e9n existe el lado contrario. Y en cuanto al contenido, es posible topar con alg\u00fan archivo en su totalidad, en general presentan lagunas, es habitual encontrar la venta de documentos sueltos por la red o en casas de subastas. Lo que es inusual es que hayan han conservado el orden original, a veces, el propietario, con buena intenci\u00f3n, le dio una organizaci\u00f3n u orden diferente al original, lo cual es un problema para los archiveros. <\/p>\n\n\n\n<figure class=\"wp-block-image aligncenter size-large is-resized\"><a href=\"https:\/\/www.rmcr.org\/2022\/06\/documentos-en-mal-estado-1.jpg\"><img loading=\"lazy\" decoding=\"async\" src=\"https:\/\/www.rmcr.org\/wp-content\/uploads\/2022\/06\/documentos-en-mal-estado-1.jpg?w=1024\" alt=\"\" class=\"wp-image-4755\" width=\"486\" height=\"323\"\/><\/a><\/figure>\n\n\n\n<p class=\"has-text-align-center has-small-font-size\">Estado en el que podemos encontrar los archivo privados familiares<\/p>\n\n\n\n<p class=\"has-text-align-justify\">Este es un punto importante para la organizaci\u00f3n de un archivo, lo recomendable, seg\u00fan la archiv\u00edstica actual, es disponer de antiguos inventarios y examinarlos a fondo, ya que son una herramienta fundamental para poder recomponer la organizaci\u00f3n primigenia de los archivos. Estos empiezan a elaborarse a partir de finales del siglo XVIII y principios del XIX.<\/p>\n\n\n\n<figure class=\"wp-block-image aligncenter size-large is-resized\"><a href=\"https:\/\/www.rmcr.org\/2022\/06\/inventario.jpg\"><img loading=\"lazy\" decoding=\"async\" src=\"https:\/\/www.rmcr.org\/wp-content\/uploads\/2022\/06\/inventario.jpg?w=786\" alt=\"\" class=\"wp-image-4758\" width=\"592\" height=\"427\"\/><\/a><\/figure>\n\n\n\n<p class=\"has-text-align-center has-small-font-size\">Abecedario de todos lo papeles e instrumentos pertenecientes a D. Francisco Pinel Ladr\u00f3n de Guevara, Caballero de la Orden de Santiagoo Comendador de ella, Corregidor de Valladolid, hecho por Fco. Rubio Verriz en  1751, Fondo Archivos Privados Archivo Condesa del Asalto, digitgal.<\/p>\n\n\n\n<p class=\"has-text-align-justify\">En paralelo, el trabajo con los archivos familiares requiere una preparaci\u00f3n, el archivero no puede abordar su organizaci\u00f3n sin tener una idea clara del contexto hist\u00f3rico y familiar en el que se producen, que le llevar\u00e1 a un amplio conocimiento geneal\u00f3gico. Es necesario investigar y obtener datos geneal\u00f3gicos de los propios documentos e incluso de otros fondos<a id=\"_ednref1\" href=\"#_edn1\"><sup>[i]<\/sup><\/a>. En el caso de archivos familiares, ser\u00e1 importante revisar los documentos relacionados con la posesi\u00f3n y transmisi\u00f3n de bienes, tambi\u00e9n podremos encontrar cuadernos de historias de la familia, realizadas por un miembro de \u00e9sta o por la persona encargada de la administraci\u00f3n y \u201carreglo de los papeles\u201d.<\/p>\n\n\n\n<figure class=\"wp-block-image aligncenter size-large is-resized\"><a href=\"https:\/\/www.rmcr.org\/2022\/06\/blqxviii-pl5-prv-rar-004.jpg\"><img loading=\"lazy\" decoding=\"async\" src=\"https:\/\/www.rmcr.org\/wp-content\/uploads\/2022\/06\/blqxviii-pl5-prv-rar-004.jpg?w=676\" alt=\"\" class=\"wp-image-4746\" width=\"373\" height=\"565\"\/><\/a><\/figure>\n\n\n\n<p class=\"has-text-align-center has-small-font-size\">Inventario alfab\u00e9tico del archivo de D. Vicente Joaqu\u00edn Osorio de Moscoso y Guzm\u00e1n el Bueno Fern\u00e1ndez de C\u00f3rdoba Folch de Cardona Hurtado de Mendoza, Marqu\u00e9s de Astorga y Conde de Altamira y Lodosa, 1794, Sig. BlqXVIII-Pl5, Fondos de Archivos Privados, Archivo Ruiz de Arana<\/p>\n\n\n\n<p><strong><span class=\"uppercase\">Archiveros<\/span><\/strong><\/p>\n\n\n\n<p class=\"has-text-align-justify\">El papel desempe\u00f1ado por el antiguo oficio de archivero estaba encaminado a la administraci\u00f3n y gesti\u00f3n de un patrimonio, as\u00ed se desprende del manual de Troche y Z\u00fa\u00f1iga<a id=\"_ednref2\" href=\"#_edn2\"><sup>[ii]<\/sup><\/a>, una de las pocas gu\u00edas existentes en esta \u00e9poca (1828 y 1835). En estos a\u00f1os la organizaci\u00f3n de los archivos y la elaboraci\u00f3n de inventarios, lo que hoy conocemos como instrumentos de descripci\u00f3n, es consecuencia de una acumulaci\u00f3n de documentos de d\u00e9cadas anteriores y una mayor complejidad en los procesos burocr\u00e1ticos, administrativos y fiscales, \u201cinventariar era \u201cponer por orden en escrito los bienes, hacienda, papeles u otra cosa con autoridad del superior<a id=\"_ednref3\" href=\"#_edn3\"><sup>[iii]<\/sup><\/a>\u201d.<\/p>\n\n\n\n<p class=\"has-text-align-justify\">Los inventarios se configuran como un elemento esencial y pr\u00e1ctico para la gesti\u00f3n y ahorro de tiempo, muchos de ellos denotan su importancia a trav\u00e9s de ricas encuadernaciones y elementos ornamentales en sus portadas. <\/p>\n\n\n\n<figure class=\"wp-block-image aligncenter size-large is-resized\"><a href=\"https:\/\/www.rmcr.org\/2022\/06\/l542-c1-prv-rar002.jpg\"><img loading=\"lazy\" decoding=\"async\" src=\"https:\/\/www.rmcr.org\/wp-content\/uploads\/2022\/06\/l542-c1-prv-rar002.jpg?w=1024\" alt=\"\" class=\"wp-image-4760\" width=\"588\" height=\"429\"\/><\/a><\/figure>\n\n\n\n<p class=\"has-text-align-center has-small-font-size\">Traslado del inventario de papeles que el excmo. sr. Duque de Sessa y Baena, Gran Almirante de N\u00e1poles, mi se\u00f1or, tiene en el archivo y el castillo y casa fuerte que su Ecx<sup>a<\/sup> tiene en su villa de Baena, pertenecientes a la grandeza de su casa, estados y mayorazgos, en Granada a 23 de mayo de 1746 por Francisco Lorenzo, Sig. Legajo 542-C1, Fondo de Archivos Privados, Archivo Ruiz de Arana.<\/p>\n\n\n\n<p class=\"has-text-align-justify\">En el mismo manual se habla del archivero y el objeto de su trabajo, <em>\u201dLas clases de Archiveros pueden reducirse \u00e1 dos: unos que lo tienen por oficio y \u00e9gercen exclusivamente esta profesion, y otros que lo egecutan por afici\u00f3n solo para manejar sus casas y tener esacto conocimiento de ellas, arreglando por s\u00ed mismos sus archivos, como los hacendados de mediana fortuna y otros que tienen bienes, derechos que conservar y aclarar :estos aunque no posean muy bien la anticuaria ni est\u00e9n instruidos en lenguas, pueden arreglar sus archivos vali\u00e9ndose para la lectura y traducci\u00f3n de los instrumentos que se les resistan de un latino \u00f3 anticuario que se los copie y traduzca en lengua castellana\u201d.<\/em><\/p>\n\n\n\n<p class=\"has-text-align-justify\">El antiguo archivero de oficio deb\u00eda ser una persona instruida, en lo que el texto denomina anticuaria, es decir, conocimientos hist\u00f3ricos, paleogr\u00e1ficos, lat\u00edn y manejarse con soltura en el uso de las leyes y jurisdicci\u00f3n de tribunales, as\u00ed como temas fiscales. En las ordenanzas de la Real Maestranza de Caballer\u00eda de Ronda, en su art. 6 se refiere al oficio y labor del archivero, que deb\u00eda ser un caballero maestrante: <\/p>\n\n\n\n<figure class=\"wp-block-image aligncenter size-large is-resized\"><a href=\"https:\/\/www.rmcr.org\/2022\/06\/ordenanzas-rmr-art.jpg\"><img loading=\"lazy\" decoding=\"async\" src=\"https:\/\/www.rmcr.org\/wp-content\/uploads\/2022\/06\/ordenanzas-rmr-art.jpg?w=760\" alt=\"\" class=\"wp-image-4752\" width=\"448\" height=\"401\"\/><\/a><\/figure>\n\n\n\n<p class=\"has-text-align-justify\">En palabras de Borja Aguinagalde \u201c\u2026el oficio de archivero y la situaci\u00f3n del Patrimonio Documental han evolucionado de manera muy significativa. En algunos aspectos, el \u2018viejo oficio\u2019 es hoy d\u00eda casi irreconocible, ya es otra cosa, y parece mentira qu\u00e9 poco se reflexiona sobre una profesi\u00f3n\u2026 No es de extra\u00f1ar que organizar y describir un fondo de archivo hist\u00f3rico se haya convertido ya en una actividad residual y casi irrelevante\u2026<a id=\"_ednref4\" href=\"#_edn4\"><sup><sup>[iv]<\/sup><\/sup><\/a>\u201d. <\/p>\n\n\n\n<p class=\"has-text-align-justify\">La evoluci\u00f3n y cambio de esta antigua profesi\u00f3n, ha ido a la par que el desarrollo tecnol\u00f3gico, ocupando \u00e9ste gran parte del trabajo diario. Actualmente las necesidades de las instituciones, sean p\u00fablicas o privadas, la aparici\u00f3n de nuevas tareas profesionales que asumen los archiveros como propias, los retos digitales y las nuevas formas de gesti\u00f3n y difusi\u00f3n de la informaci\u00f3n, nos obligan a dominar o como m\u00ednimo entender, de cuestiones inform\u00e1ticas, servidores, redes sociales, comunicaci\u00f3n, digitalizaci\u00f3n, t\u00e9cnicas fotogr\u00e1ficas, organizaci\u00f3n de actividades culturales y as\u00ed un largo etc\u00e9tera, que se aleja o resta tiempo a las primitivas funciones de este oficio.<\/p>\n\n\n\n<p class=\"has-text-align-justify\">Hoy 9 de junio <strong>D\u00eda Internacional de los Archivos<\/strong>, es el d\u00eda adecuado para llamar la atenci\u00f3n sobre la importante labor de los archivos y sus profesionales, en especial, el sector privado. Apelar a todos aquellos propietarios de archivos privados, que en la actualidad tienen unas excelentes opciones, p\u00fablicas y privadas, para mejorar el estado de sus archivos, para que se puedan gestionar adecuadamente y se pongan al servicio de la investigaci\u00f3n y pueda conocerse la historia inmemorial de sus familias.<\/p>\n\n\n\n<figure class=\"wp-block-image aligncenter size-large is-resized\"><a href=\"https:\/\/www.rmcr.org\/2022\/06\/imagen-1.-arr_l23-doc.16_127.jpg\"><img loading=\"lazy\" decoding=\"async\" src=\"https:\/\/www.rmcr.org\/wp-content\/uploads\/2022\/06\/imagen-1.-arr_l23-doc.16_127.jpg?w=1024\" alt=\"\" class=\"wp-image-4748\" width=\"623\" height=\"443\"\/><\/a><\/figure>\n\n\n\n<hr class=\"wp-block-separator has-alpha-channel-opacity\"\/>\n\n\n\n<p class=\"has-text-align-center has-small-font-size\">Dibujo con la recreaci\u00f3n del armario archivero y clasificaci\u00f3n de los legajos de la Casa Arrese, Marquese de Castillo de Villanueva de Cauche en el  Libro de genealog\u00eda de Mart\u00edn Manuel de Arrese Bernuy, 1698, Sig.Leg.23-doc.16 Fondo digital de Archivos Privados, Archivo Arrrese-Rojas, Marquesado de Villanueva del Castillo. <\/p>\n\n\n\n<p class=\"has-small-font-size\"><a href=\"#_ednref1\" id=\"_edn1\">[i]<\/a> : Ver &#8220;La Genealog\u00eda y el cruzamiento de fuentes como herramientas para el estudio de los mercaderes en la Edad Moderna&#8221;, por el profesor Rafael Gir\u00f3n Pascual <a href=\"https:\/\/www.youtube.com\/watch?v=abiwKfPyFz8\">https:\/\/www.youtube.com\/watch?v=abiwKfPyFz8<\/a><\/p>\n\n\n\n<p class=\"has-small-font-size\"><a href=\"#_ednref2\" id=\"_edn2\">[ii]<\/a> Troche y Z\u00fa\u00f1iga, Froil\u00e1n. \u201cEl archivo cronol\u00f3gico-topogr\u00e1fico, arte de archiveros\u201d, 1830.<\/p>\n\n\n\n<p class=\"has-small-font-size\"><a href=\"#_ednref3\" id=\"_edn3\">[iii]<\/a>Garc\u00eda Ruip\u00e9rez, Mariano. \u201cLa Descripci\u00f3n Documental en Espa\u00f1a y sus Instrumentos. De los inventarios medievales a los metadatos del documentos electr\u00f3nico\u201d. Ed. Univ. Castilla La Mancha, Cuenca, 2021.<\/p>\n\n\n\n<p class=\"has-small-font-size\"><a href=\"#_ednref4\" id=\"_edn4\">[iv]<\/a>Aguinagalde Olaizola, Francisco de Borja. \u201cArchivos de Familia y Archivos dom\u00e9sticos Treinta a\u00f1os de experiencias,&nbsp; \u201cOs Arquivos Pessoais e Familiares. Da representa\u00e7\u00e3o da Informa\u00e7\u00e3o, acesso\u201d, Seminario organizado el 1 de junio de 2013 en su sede por Funda\u00e7ao da Casa de Mateus.<\/p>\n","protected":false},"excerpt":{"rendered":"<p>De Archivos Privados, de Familia y Archiveros &#8220;Los archivos custodian decisiones, actuaciones y memoria. Los archivos conservan un patrimonio \u00fanico e irreemplazable que se transmite de generaci\u00f3n en generaci\u00f3n. Los documentos son gestionados en los archivos desde su origen para preservar su valor y su significado. Los documentos son fuentes fiables de informaci\u00f3n que garantizan [&hellip;]<\/p>\n","protected":false},"author":3,"featured_media":15327,"comment_status":"open","ping_status":"open","sticky":false,"template":"","format":"standard","meta":{"footnotes":""},"categories":[134],"tags":[235,192,225],"class_list":["post-4730","post","type-post","status-publish","format-standard","has-post-thumbnail","hentry","category-archivo","tag-archivo","tag-dia-internacional-de-los-archivos","tag-fondos-documentales"],"yoast_head":"<!-- This site is optimized with the Yoast SEO plugin v27.5 - https:\/\/yoast.com\/product\/yoast-seo-wordpress\/ -->\n<title>D\u00eda Internacional de los Archivos \u2013 9 de junio - Real Maestranza de Caballer\u00eda de Ronda<\/title>\n<meta name=\"robots\" content=\"index, follow, max-snippet:-1, max-image-preview:large, max-video-preview:-1\" \/>\n<link rel=\"canonical\" href=\"https:\/\/www.rmcr.org\/en\/2022\/06\/09\/dia-internacional-de-los-archivos-9-de-junio\/\" \/>\n<meta property=\"og:locale\" content=\"en_US\" \/>\n<meta property=\"og:type\" content=\"article\" \/>\n<meta property=\"og:title\" content=\"D\u00eda Internacional de los Archivos \u2013 9 de junio - Real Maestranza de Caballer\u00eda de Ronda\" \/>\n<meta property=\"og:description\" content=\"De Archivos Privados, de Familia y Archiveros &#8220;Los archivos custodian decisiones, actuaciones y memoria. Los archivos conservan un patrimonio \u00fanico e irreemplazable que se transmite de generaci\u00f3n en generaci\u00f3n. Los documentos son gestionados en los archivos desde su origen para preservar su valor y su significado. Los documentos son fuentes fiables de informaci\u00f3n que garantizan [&hellip;]\" \/>\n<meta property=\"og:url\" content=\"https:\/\/www.rmcr.org\/en\/2022\/06\/09\/dia-internacional-de-los-archivos-9-de-junio\/\" \/>\n<meta property=\"og:site_name\" content=\"Real Maestranza de Caballer\u00eda de Ronda\" \/>\n<meta property=\"article:publisher\" content=\"https:\/\/www.facebook.com\/plazadetorosronda\" \/>\n<meta property=\"article:published_time\" content=\"2022-06-09T10:43:50+00:00\" \/>\n<meta property=\"article:modified_time\" content=\"2025-04-04T10:56:17+00:00\" \/>\n<meta property=\"og:image\" content=\"https:\/\/www.rmcr.org\/wp-content\/uploads\/2022\/06\/destacada.webp\" \/>\n\t<meta property=\"og:image:width\" content=\"470\" \/>\n\t<meta property=\"og:image:height\" content=\"140\" \/>\n\t<meta property=\"og:image:type\" content=\"image\/webp\" \/>\n<meta name=\"author\" content=\"ARCHIVO\" \/>\n<meta name=\"twitter:card\" content=\"summary_large_image\" \/>\n<meta name=\"twitter:creator\" content=\"@PlazatorosRMR\" \/>\n<meta name=\"twitter:site\" content=\"@PlazatorosRMR\" \/>\n<meta name=\"twitter:label1\" content=\"Written by\" \/>\n\t<meta name=\"twitter:data1\" content=\"ARCHIVO\" \/>\n\t<meta name=\"twitter:label2\" content=\"Est. reading time\" \/>\n\t<meta name=\"twitter:data2\" content=\"14 minutes\" \/>\n<script type=\"application\/ld+json\" class=\"yoast-schema-graph\">{\"@context\":\"https:\\\/\\\/schema.org\",\"@graph\":[{\"@type\":\"Article\",\"@id\":\"https:\\\/\\\/www.rmcr.org\\\/en\\\/2022\\\/06\\\/09\\\/dia-internacional-de-los-archivos-9-de-junio\\\/#article\",\"isPartOf\":{\"@id\":\"https:\\\/\\\/www.rmcr.org\\\/en\\\/2022\\\/06\\\/09\\\/dia-internacional-de-los-archivos-9-de-junio\\\/\"},\"author\":{\"name\":\"ARCHIVO\",\"@id\":\"https:\\\/\\\/www.rmcr.org\\\/en\\\/#\\\/schema\\\/person\\\/f182f13b406ff40dd281a5ecca93380e\"},\"headline\":\"D\u00eda Internacional de los Archivos \u2013 9 de junio &#8211;\",\"datePublished\":\"2022-06-09T10:43:50+00:00\",\"dateModified\":\"2025-04-04T10:56:17+00:00\",\"mainEntityOfPage\":{\"@id\":\"https:\\\/\\\/www.rmcr.org\\\/en\\\/2022\\\/06\\\/09\\\/dia-internacional-de-los-archivos-9-de-junio\\\/\"},\"wordCount\":2903,\"commentCount\":0,\"publisher\":{\"@id\":\"https:\\\/\\\/www.rmcr.org\\\/en\\\/#organization\"},\"image\":{\"@id\":\"https:\\\/\\\/www.rmcr.org\\\/en\\\/2022\\\/06\\\/09\\\/dia-internacional-de-los-archivos-9-de-junio\\\/#primaryimage\"},\"thumbnailUrl\":\"https:\\\/\\\/www.rmcr.org\\\/wp-content\\\/uploads\\\/2022\\\/06\\\/destacada.webp\",\"keywords\":[\"Archivo\",\"D\u00eda Internacional de los Archivos\",\"Fondos documentales\"],\"articleSection\":[\"Archivo\"],\"inLanguage\":\"en-US\",\"potentialAction\":[{\"@type\":\"CommentAction\",\"name\":\"Comment\",\"target\":[\"https:\\\/\\\/www.rmcr.org\\\/en\\\/2022\\\/06\\\/09\\\/dia-internacional-de-los-archivos-9-de-junio\\\/#respond\"]}]},{\"@type\":\"WebPage\",\"@id\":\"https:\\\/\\\/www.rmcr.org\\\/en\\\/2022\\\/06\\\/09\\\/dia-internacional-de-los-archivos-9-de-junio\\\/\",\"url\":\"https:\\\/\\\/www.rmcr.org\\\/en\\\/2022\\\/06\\\/09\\\/dia-internacional-de-los-archivos-9-de-junio\\\/\",\"name\":\"D\u00eda Internacional de los Archivos \u2013 9 de junio - Real Maestranza de Caballer\u00eda de Ronda\",\"isPartOf\":{\"@id\":\"https:\\\/\\\/www.rmcr.org\\\/en\\\/#website\"},\"primaryImageOfPage\":{\"@id\":\"https:\\\/\\\/www.rmcr.org\\\/en\\\/2022\\\/06\\\/09\\\/dia-internacional-de-los-archivos-9-de-junio\\\/#primaryimage\"},\"image\":{\"@id\":\"https:\\\/\\\/www.rmcr.org\\\/en\\\/2022\\\/06\\\/09\\\/dia-internacional-de-los-archivos-9-de-junio\\\/#primaryimage\"},\"thumbnailUrl\":\"https:\\\/\\\/www.rmcr.org\\\/wp-content\\\/uploads\\\/2022\\\/06\\\/destacada.webp\",\"datePublished\":\"2022-06-09T10:43:50+00:00\",\"dateModified\":\"2025-04-04T10:56:17+00:00\",\"breadcrumb\":{\"@id\":\"https:\\\/\\\/www.rmcr.org\\\/en\\\/2022\\\/06\\\/09\\\/dia-internacional-de-los-archivos-9-de-junio\\\/#breadcrumb\"},\"inLanguage\":\"en-US\",\"potentialAction\":[{\"@type\":\"ReadAction\",\"target\":[\"https:\\\/\\\/www.rmcr.org\\\/en\\\/2022\\\/06\\\/09\\\/dia-internacional-de-los-archivos-9-de-junio\\\/\"]}]},{\"@type\":\"ImageObject\",\"inLanguage\":\"en-US\",\"@id\":\"https:\\\/\\\/www.rmcr.org\\\/en\\\/2022\\\/06\\\/09\\\/dia-internacional-de-los-archivos-9-de-junio\\\/#primaryimage\",\"url\":\"https:\\\/\\\/www.rmcr.org\\\/wp-content\\\/uploads\\\/2022\\\/06\\\/destacada.webp\",\"contentUrl\":\"https:\\\/\\\/www.rmcr.org\\\/wp-content\\\/uploads\\\/2022\\\/06\\\/destacada.webp\",\"width\":470,\"height\":140},{\"@type\":\"BreadcrumbList\",\"@id\":\"https:\\\/\\\/www.rmcr.org\\\/en\\\/2022\\\/06\\\/09\\\/dia-internacional-de-los-archivos-9-de-junio\\\/#breadcrumb\",\"itemListElement\":[{\"@type\":\"ListItem\",\"position\":1,\"name\":\"REAL MAESTRANZA DE CABALLER\u00cdA DE RONDA\",\"item\":\"https:\\\/\\\/www.rmcr.org\\\/en\\\/\"},{\"@type\":\"ListItem\",\"position\":2,\"name\":\"D\u00eda Internacional de los Archivos \u2013 9 de junio &#8211;\"}]},{\"@type\":\"WebSite\",\"@id\":\"https:\\\/\\\/www.rmcr.org\\\/en\\\/#website\",\"url\":\"https:\\\/\\\/www.rmcr.org\\\/en\\\/\",\"name\":\"Real Maestranza de Caballer\u00eda de Ronda\",\"description\":\"Real Maestranza de Caballer\u00eda de Ronda\",\"publisher\":{\"@id\":\"https:\\\/\\\/www.rmcr.org\\\/en\\\/#organization\"},\"alternateName\":\"RMCR\",\"potentialAction\":[{\"@type\":\"SearchAction\",\"target\":{\"@type\":\"EntryPoint\",\"urlTemplate\":\"https:\\\/\\\/www.rmcr.org\\\/en\\\/?s={search_term_string}\"},\"query-input\":{\"@type\":\"PropertyValueSpecification\",\"valueRequired\":true,\"valueName\":\"search_term_string\"}}],\"inLanguage\":\"en-US\"},{\"@type\":\"Organization\",\"@id\":\"https:\\\/\\\/www.rmcr.org\\\/en\\\/#organization\",\"name\":\"Real Maestranza de Caballer\u00eda de Ronda\",\"alternateName\":\"RMR\",\"url\":\"https:\\\/\\\/www.rmcr.org\\\/en\\\/\",\"logo\":{\"@type\":\"ImageObject\",\"inLanguage\":\"en-US\",\"@id\":\"https:\\\/\\\/www.rmcr.org\\\/en\\\/#\\\/schema\\\/logo\\\/image\\\/\",\"url\":\"https:\\\/\\\/www.rmcr.org\\\/wp-content\\\/uploads\\\/2022\\\/07\\\/logo-rmr-blue.svg\",\"contentUrl\":\"https:\\\/\\\/www.rmcr.org\\\/wp-content\\\/uploads\\\/2022\\\/07\\\/logo-rmr-blue.svg\",\"width\":131,\"height\":129,\"caption\":\"Real Maestranza de Caballer\u00eda de Ronda\"},\"image\":{\"@id\":\"https:\\\/\\\/www.rmcr.org\\\/en\\\/#\\\/schema\\\/logo\\\/image\\\/\"},\"sameAs\":[\"https:\\\/\\\/www.facebook.com\\\/plazadetorosronda\",\"https:\\\/\\\/x.com\\\/PlazatorosRMR\",\"https:\\\/\\\/www.instagram.com\\\/realmaestranzaderonda\\\/\",\"https:\\\/\\\/www.youtube.com\\\/channel\\\/UCrbO5IUN-8v_QML739vM4zg\\\/videos\"]},{\"@type\":\"Person\",\"@id\":\"https:\\\/\\\/www.rmcr.org\\\/en\\\/#\\\/schema\\\/person\\\/f182f13b406ff40dd281a5ecca93380e\",\"name\":\"ARCHIVO\",\"image\":{\"@type\":\"ImageObject\",\"inLanguage\":\"en-US\",\"@id\":\"https:\\\/\\\/www.rmcr.org\\\/wp-content\\\/uploads\\\/2022\\\/11\\\/avatar-rmcr-96x96.png\",\"url\":\"https:\\\/\\\/www.rmcr.org\\\/wp-content\\\/uploads\\\/2022\\\/11\\\/avatar-rmcr-96x96.png\",\"contentUrl\":\"https:\\\/\\\/www.rmcr.org\\\/wp-content\\\/uploads\\\/2022\\\/11\\\/avatar-rmcr-96x96.png\",\"caption\":\"ARCHIVO\"},\"url\":\"https:\\\/\\\/www.rmcr.org\\\/en\\\/author\\\/francisco-rosales\\\/\"}]}<\/script>\n<!-- \/ Yoast SEO plugin. -->","yoast_head_json":{"title":"D\u00eda Internacional de los Archivos \u2013 9 de junio - Real Maestranza de Caballer\u00eda de Ronda","robots":{"index":"index","follow":"follow","max-snippet":"max-snippet:-1","max-image-preview":"max-image-preview:large","max-video-preview":"max-video-preview:-1"},"canonical":"https:\/\/www.rmcr.org\/en\/2022\/06\/09\/dia-internacional-de-los-archivos-9-de-junio\/","og_locale":"en_US","og_type":"article","og_title":"D\u00eda Internacional de los Archivos \u2013 9 de junio - Real Maestranza de Caballer\u00eda de Ronda","og_description":"De Archivos Privados, de Familia y Archiveros &#8220;Los archivos custodian decisiones, actuaciones y memoria. Los archivos conservan un patrimonio \u00fanico e irreemplazable que se transmite de generaci\u00f3n en generaci\u00f3n. Los documentos son gestionados en los archivos desde su origen para preservar su valor y su significado. Los documentos son fuentes fiables de informaci\u00f3n que garantizan [&hellip;]","og_url":"https:\/\/www.rmcr.org\/en\/2022\/06\/09\/dia-internacional-de-los-archivos-9-de-junio\/","og_site_name":"Real Maestranza de Caballer\u00eda de Ronda","article_publisher":"https:\/\/www.facebook.com\/plazadetorosronda","article_published_time":"2022-06-09T10:43:50+00:00","article_modified_time":"2025-04-04T10:56:17+00:00","og_image":[{"width":470,"height":140,"url":"https:\/\/www.rmcr.org\/wp-content\/uploads\/2022\/06\/destacada.webp","type":"image\/webp"}],"author":"ARCHIVO","twitter_card":"summary_large_image","twitter_creator":"@PlazatorosRMR","twitter_site":"@PlazatorosRMR","twitter_misc":{"Written by":"ARCHIVO","Est. reading time":"14 minutes"},"schema":{"@context":"https:\/\/schema.org","@graph":[{"@type":"Article","@id":"https:\/\/www.rmcr.org\/en\/2022\/06\/09\/dia-internacional-de-los-archivos-9-de-junio\/#article","isPartOf":{"@id":"https:\/\/www.rmcr.org\/en\/2022\/06\/09\/dia-internacional-de-los-archivos-9-de-junio\/"},"author":{"name":"ARCHIVO","@id":"https:\/\/www.rmcr.org\/en\/#\/schema\/person\/f182f13b406ff40dd281a5ecca93380e"},"headline":"D\u00eda Internacional de los Archivos \u2013 9 de junio &#8211;","datePublished":"2022-06-09T10:43:50+00:00","dateModified":"2025-04-04T10:56:17+00:00","mainEntityOfPage":{"@id":"https:\/\/www.rmcr.org\/en\/2022\/06\/09\/dia-internacional-de-los-archivos-9-de-junio\/"},"wordCount":2903,"commentCount":0,"publisher":{"@id":"https:\/\/www.rmcr.org\/en\/#organization"},"image":{"@id":"https:\/\/www.rmcr.org\/en\/2022\/06\/09\/dia-internacional-de-los-archivos-9-de-junio\/#primaryimage"},"thumbnailUrl":"https:\/\/www.rmcr.org\/wp-content\/uploads\/2022\/06\/destacada.webp","keywords":["Archivo","D\u00eda Internacional de los Archivos","Fondos documentales"],"articleSection":["Archivo"],"inLanguage":"en-US","potentialAction":[{"@type":"CommentAction","name":"Comment","target":["https:\/\/www.rmcr.org\/en\/2022\/06\/09\/dia-internacional-de-los-archivos-9-de-junio\/#respond"]}]},{"@type":"WebPage","@id":"https:\/\/www.rmcr.org\/en\/2022\/06\/09\/dia-internacional-de-los-archivos-9-de-junio\/","url":"https:\/\/www.rmcr.org\/en\/2022\/06\/09\/dia-internacional-de-los-archivos-9-de-junio\/","name":"D\u00eda Internacional de los Archivos \u2013 9 de junio - Real Maestranza de Caballer\u00eda de Ronda","isPartOf":{"@id":"https:\/\/www.rmcr.org\/en\/#website"},"primaryImageOfPage":{"@id":"https:\/\/www.rmcr.org\/en\/2022\/06\/09\/dia-internacional-de-los-archivos-9-de-junio\/#primaryimage"},"image":{"@id":"https:\/\/www.rmcr.org\/en\/2022\/06\/09\/dia-internacional-de-los-archivos-9-de-junio\/#primaryimage"},"thumbnailUrl":"https:\/\/www.rmcr.org\/wp-content\/uploads\/2022\/06\/destacada.webp","datePublished":"2022-06-09T10:43:50+00:00","dateModified":"2025-04-04T10:56:17+00:00","breadcrumb":{"@id":"https:\/\/www.rmcr.org\/en\/2022\/06\/09\/dia-internacional-de-los-archivos-9-de-junio\/#breadcrumb"},"inLanguage":"en-US","potentialAction":[{"@type":"ReadAction","target":["https:\/\/www.rmcr.org\/en\/2022\/06\/09\/dia-internacional-de-los-archivos-9-de-junio\/"]}]},{"@type":"ImageObject","inLanguage":"en-US","@id":"https:\/\/www.rmcr.org\/en\/2022\/06\/09\/dia-internacional-de-los-archivos-9-de-junio\/#primaryimage","url":"https:\/\/www.rmcr.org\/wp-content\/uploads\/2022\/06\/destacada.webp","contentUrl":"https:\/\/www.rmcr.org\/wp-content\/uploads\/2022\/06\/destacada.webp","width":470,"height":140},{"@type":"BreadcrumbList","@id":"https:\/\/www.rmcr.org\/en\/2022\/06\/09\/dia-internacional-de-los-archivos-9-de-junio\/#breadcrumb","itemListElement":[{"@type":"ListItem","position":1,"name":"REAL MAESTRANZA DE CABALLER\u00cdA DE RONDA","item":"https:\/\/www.rmcr.org\/en\/"},{"@type":"ListItem","position":2,"name":"D\u00eda Internacional de los Archivos \u2013 9 de junio &#8211;"}]},{"@type":"WebSite","@id":"https:\/\/www.rmcr.org\/en\/#website","url":"https:\/\/www.rmcr.org\/en\/","name":"Real Maestranza de Caballer\u00eda de Ronda","description":"Real Maestranza de Caballer\u00eda de Ronda","publisher":{"@id":"https:\/\/www.rmcr.org\/en\/#organization"},"alternateName":"RMCR","potentialAction":[{"@type":"SearchAction","target":{"@type":"EntryPoint","urlTemplate":"https:\/\/www.rmcr.org\/en\/?s={search_term_string}"},"query-input":{"@type":"PropertyValueSpecification","valueRequired":true,"valueName":"search_term_string"}}],"inLanguage":"en-US"},{"@type":"Organization","@id":"https:\/\/www.rmcr.org\/en\/#organization","name":"Real Maestranza de Caballer\u00eda de Ronda","alternateName":"RMR","url":"https:\/\/www.rmcr.org\/en\/","logo":{"@type":"ImageObject","inLanguage":"en-US","@id":"https:\/\/www.rmcr.org\/en\/#\/schema\/logo\/image\/","url":"https:\/\/www.rmcr.org\/wp-content\/uploads\/2022\/07\/logo-rmr-blue.svg","contentUrl":"https:\/\/www.rmcr.org\/wp-content\/uploads\/2022\/07\/logo-rmr-blue.svg","width":131,"height":129,"caption":"Real Maestranza de Caballer\u00eda de Ronda"},"image":{"@id":"https:\/\/www.rmcr.org\/en\/#\/schema\/logo\/image\/"},"sameAs":["https:\/\/www.facebook.com\/plazadetorosronda","https:\/\/x.com\/PlazatorosRMR","https:\/\/www.instagram.com\/realmaestranzaderonda\/","https:\/\/www.youtube.com\/channel\/UCrbO5IUN-8v_QML739vM4zg\/videos"]},{"@type":"Person","@id":"https:\/\/www.rmcr.org\/en\/#\/schema\/person\/f182f13b406ff40dd281a5ecca93380e","name":"ARCHIVO","image":{"@type":"ImageObject","inLanguage":"en-US","@id":"https:\/\/www.rmcr.org\/wp-content\/uploads\/2022\/11\/avatar-rmcr-96x96.png","url":"https:\/\/www.rmcr.org\/wp-content\/uploads\/2022\/11\/avatar-rmcr-96x96.png","contentUrl":"https:\/\/www.rmcr.org\/wp-content\/uploads\/2022\/11\/avatar-rmcr-96x96.png","caption":"ARCHIVO"},"url":"https:\/\/www.rmcr.org\/en\/author\/francisco-rosales\/"}]}},"_links":{"self":[{"href":"https:\/\/www.rmcr.org\/en\/wp-json\/wp\/v2\/posts\/4730","targetHints":{"allow":["GET"]}}],"collection":[{"href":"https:\/\/www.rmcr.org\/en\/wp-json\/wp\/v2\/posts"}],"about":[{"href":"https:\/\/www.rmcr.org\/en\/wp-json\/wp\/v2\/types\/post"}],"author":[{"embeddable":true,"href":"https:\/\/www.rmcr.org\/en\/wp-json\/wp\/v2\/users\/3"}],"replies":[{"embeddable":true,"href":"https:\/\/www.rmcr.org\/en\/wp-json\/wp\/v2\/comments?post=4730"}],"version-history":[{"count":1,"href":"https:\/\/www.rmcr.org\/en\/wp-json\/wp\/v2\/posts\/4730\/revisions"}],"predecessor-version":[{"id":15329,"href":"https:\/\/www.rmcr.org\/en\/wp-json\/wp\/v2\/posts\/4730\/revisions\/15329"}],"wp:featuredmedia":[{"embeddable":true,"href":"https:\/\/www.rmcr.org\/en\/wp-json\/wp\/v2\/media\/15327"}],"wp:attachment":[{"href":"https:\/\/www.rmcr.org\/en\/wp-json\/wp\/v2\/media?parent=4730"}],"wp:term":[{"taxonomy":"category","embeddable":true,"href":"https:\/\/www.rmcr.org\/en\/wp-json\/wp\/v2\/categories?post=4730"},{"taxonomy":"post_tag","embeddable":true,"href":"https:\/\/www.rmcr.org\/en\/wp-json\/wp\/v2\/tags?post=4730"}],"curies":[{"name":"wp","href":"https:\/\/api.w.org\/{rel}","templated":true}]}}