{"id":45,"date":"2013-11-06T09:44:51","date_gmt":"2013-11-06T09:44:51","guid":{"rendered":"https:\/\/www.rmcr.org\/?p=45"},"modified":"2023-02-14T12:45:05","modified_gmt":"2023-02-14T12:45:05","slug":"novedades-en-la-vii-convocatoria-del-concurso-eustory-america","status":"publish","type":"post","link":"https:\/\/www.rmcr.org\/en\/2013\/11\/06\/novedades-en-la-vii-convocatoria-del-concurso-eustory-america\/","title":{"rendered":"Novedades del VII Concurso Eustory: Am\u00e9rica"},"content":{"rendered":"<p>La VII edici\u00f3n del Concurso de Historia para j\u00f3venes Eustory presenta dos novedades. El tema de esta convocatoria -Am\u00e9rica- nos ha permitido que por primera vez en al historia los alumnos portugueses y americanos puedan participar en este concurso.<\/p>\n<p><a href=\"https:\/\/www.rmcr.org\/wp-content\/uploads\/2013\/11\/banner-definitivo.png\"><\/a><a href=\"https:\/\/www.rmcr.org\/wp-content\/uploads\/2013\/11\/banner-definitivo.png\"><img decoding=\"async\" class=\"size-medium wp-image-56 aligncenter\" alt=\"Banner definitivo\" src=\"https:\/\/www.rmcr.org\/wp-content\/uploads\/2013\/11\/banner-definitivo.png?w=300\" width=\"300\" height=\"51\" srcset=\"https:\/\/www.rmcr.org\/wp-content\/uploads\/2013\/11\/banner-definitivo.png 4000w, https:\/\/www.rmcr.org\/wp-content\/uploads\/2013\/11\/banner-definitivo-300x51.png 300w, https:\/\/www.rmcr.org\/wp-content\/uploads\/2013\/11\/banner-definitivo-1024x175.png 1024w, https:\/\/www.rmcr.org\/wp-content\/uploads\/2013\/11\/banner-definitivo-768x131.png 768w, https:\/\/www.rmcr.org\/wp-content\/uploads\/2013\/11\/banner-definitivo-1536x262.png 1536w, https:\/\/www.rmcr.org\/wp-content\/uploads\/2013\/11\/banner-definitivo-2048x350.png 2048w\" sizes=\"(max-width: 300px) 100vw, 300px\" \/><\/a><\/p>\n<p>Por otro lado, tambi\u00e9n este ser\u00e1 el primer a\u00f1o que los tutores recibir\u00e1n un premio en met\u00e1lico en caso de que los alumnos decidan pedirles apoyo en la realizaci\u00f3n de sus trabajos. La cuant\u00eda de estos es siempre la mitad de los premios de los alumnos.<\/p>\n<p>\u00b7 1 primer premio de 2.500 \u20ac Alumnos \/ 1.250 \u20ac Tutor<\/p>\n<p>\u00b7 4 segundos premios de 1.000 \u20ac Alumnos \/ 500 \u20ac Tutor<\/p>\n<p>\u00b7 5 terceros premios de 500 \u20ac Alumnos \/ 250 \u20ac Tutor<\/p>\n<p>\u00b7 10 acc\u00e9sit de 200 \u20ac Alumnos \/ 100 \u20ac Tutor<\/p>\n<p>Estas novedades puedes consultarlas en el <a href=\"https:\/\/www.rmcr.org\/wp-content\/uploads\/2013\/11\/folleto-eustory-espac3b1ol.pdf\">Folleto Eustory Espa\u00f1ol<\/a><\/p>\n","protected":false},"excerpt":{"rendered":"<p>La VII edici\u00f3n del Concurso de Historia para j\u00f3venes Eustory presenta dos novedades. El tema de esta convocatoria -Am\u00e9rica- nos ha permitido que por primera vez en al historia los alumnos portugueses y americanos puedan participar en este concurso. Por otro lado, tambi\u00e9n este ser\u00e1 el primer a\u00f1o que los tutores recibir\u00e1n un premio en [&hellip;]<\/p>\n","protected":false},"author":7,"featured_media":7536,"comment_status":"open","ping_status":"open","sticky":false,"template":"","format":"standard","meta":{"footnotes":""},"categories":[200,149],"tags":[151,152],"class_list":["post-45","post","type-post","status-publish","format-standard","has-post-thumbnail","hentry","category-actividad","category-eustory","tag-concurso-de-historia","tag-convocatorias"],"yoast_head":"<!-- This site is optimized with the Yoast SEO plugin v27.5 - https:\/\/yoast.com\/product\/yoast-seo-wordpress\/ -->\n<title>Novedades del VII Concurso Eustory: Am\u00e9rica - Real Maestranza de Caballer\u00eda de Ronda<\/title>\n<meta name=\"robots\" content=\"index, follow, max-snippet:-1, max-image-preview:large, max-video-preview:-1\" \/>\n<link rel=\"canonical\" href=\"https:\/\/www.rmcr.org\/en\/2013\/11\/06\/novedades-en-la-vii-convocatoria-del-concurso-eustory-america\/\" \/>\n<meta property=\"og:locale\" content=\"en_US\" \/>\n<meta property=\"og:type\" content=\"article\" \/>\n<meta property=\"og:title\" content=\"Novedades del VII Concurso Eustory: Am\u00e9rica - Real Maestranza de Caballer\u00eda de Ronda\" \/>\n<meta property=\"og:description\" content=\"La VII edici\u00f3n del Concurso de Historia para j\u00f3venes Eustory presenta dos novedades. El tema de esta convocatoria -Am\u00e9rica- nos ha permitido que por primera vez en al historia los alumnos portugueses y americanos puedan participar en este concurso. Por otro lado, tambi\u00e9n este ser\u00e1 el primer a\u00f1o que los tutores recibir\u00e1n un premio en [&hellip;]\" \/>\n<meta property=\"og:url\" content=\"https:\/\/www.rmcr.org\/en\/2013\/11\/06\/novedades-en-la-vii-convocatoria-del-concurso-eustory-america\/\" \/>\n<meta property=\"og:site_name\" content=\"Real Maestranza de Caballer\u00eda de Ronda\" \/>\n<meta property=\"article:publisher\" content=\"https:\/\/www.facebook.com\/plazadetorosronda\" \/>\n<meta property=\"article:published_time\" content=\"2013-11-06T09:44:51+00:00\" \/>\n<meta property=\"article:modified_time\" content=\"2023-02-14T12:45:05+00:00\" \/>\n<meta property=\"og:image\" content=\"https:\/\/www.rmcr.org\/wp-content\/uploads\/2013\/11\/banner-definitivo-jpg.jpg\" \/>\n\t<meta property=\"og:image:width\" content=\"960\" \/>\n\t<meta property=\"og:image:height\" content=\"164\" \/>\n\t<meta property=\"og:image:type\" content=\"image\/jpeg\" \/>\n<meta name=\"author\" content=\"RMCR\" \/>\n<meta name=\"twitter:card\" content=\"summary_large_image\" \/>\n<meta name=\"twitter:creator\" content=\"@PlazatorosRMR\" \/>\n<meta name=\"twitter:site\" content=\"@PlazatorosRMR\" \/>\n<meta name=\"twitter:label1\" content=\"Written by\" \/>\n\t<meta name=\"twitter:data1\" content=\"RMCR\" \/>\n\t<meta name=\"twitter:label2\" content=\"Est. reading time\" \/>\n\t<meta name=\"twitter:data2\" content=\"1 minute\" \/>\n<script type=\"application\/ld+json\" class=\"yoast-schema-graph\">{\"@context\":\"https:\\\/\\\/schema.org\",\"@graph\":[{\"@type\":\"Article\",\"@id\":\"https:\\\/\\\/www.rmcr.org\\\/en\\\/2013\\\/11\\\/06\\\/novedades-en-la-vii-convocatoria-del-concurso-eustory-america\\\/#article\",\"isPartOf\":{\"@id\":\"https:\\\/\\\/www.rmcr.org\\\/en\\\/2013\\\/11\\\/06\\\/novedades-en-la-vii-convocatoria-del-concurso-eustory-america\\\/\"},\"author\":{\"name\":\"RMCR\",\"@id\":\"https:\\\/\\\/www.rmcr.org\\\/en\\\/#\\\/schema\\\/person\\\/7ddd0dafda7edd0e407157f93a56df4f\"},\"headline\":\"Novedades del VII Concurso Eustory: Am\u00e9rica\",\"datePublished\":\"2013-11-06T09:44:51+00:00\",\"dateModified\":\"2023-02-14T12:45:05+00:00\",\"mainEntityOfPage\":{\"@id\":\"https:\\\/\\\/www.rmcr.org\\\/en\\\/2013\\\/11\\\/06\\\/novedades-en-la-vii-convocatoria-del-concurso-eustory-america\\\/\"},\"wordCount\":131,\"commentCount\":0,\"publisher\":{\"@id\":\"https:\\\/\\\/www.rmcr.org\\\/en\\\/#organization\"},\"image\":{\"@id\":\"https:\\\/\\\/www.rmcr.org\\\/en\\\/2013\\\/11\\\/06\\\/novedades-en-la-vii-convocatoria-del-concurso-eustory-america\\\/#primaryimage\"},\"thumbnailUrl\":\"https:\\\/\\\/www.rmcr.org\\\/wp-content\\\/uploads\\\/2013\\\/11\\\/banner-definitivo-jpg.jpg\",\"keywords\":[\"Concurso de historia\",\"Convocatorias\"],\"articleSection\":[\"Actividad\",\"Eustory\"],\"inLanguage\":\"en-US\",\"potentialAction\":[{\"@type\":\"CommentAction\",\"name\":\"Comment\",\"target\":[\"https:\\\/\\\/www.rmcr.org\\\/en\\\/2013\\\/11\\\/06\\\/novedades-en-la-vii-convocatoria-del-concurso-eustory-america\\\/#respond\"]}]},{\"@type\":\"WebPage\",\"@id\":\"https:\\\/\\\/www.rmcr.org\\\/en\\\/2013\\\/11\\\/06\\\/novedades-en-la-vii-convocatoria-del-concurso-eustory-america\\\/\",\"url\":\"https:\\\/\\\/www.rmcr.org\\\/en\\\/2013\\\/11\\\/06\\\/novedades-en-la-vii-convocatoria-del-concurso-eustory-america\\\/\",\"name\":\"Novedades del VII Concurso Eustory: Am\u00e9rica - Real Maestranza de Caballer\u00eda de Ronda\",\"isPartOf\":{\"@id\":\"https:\\\/\\\/www.rmcr.org\\\/en\\\/#website\"},\"primaryImageOfPage\":{\"@id\":\"https:\\\/\\\/www.rmcr.org\\\/en\\\/2013\\\/11\\\/06\\\/novedades-en-la-vii-convocatoria-del-concurso-eustory-america\\\/#primaryimage\"},\"image\":{\"@id\":\"https:\\\/\\\/www.rmcr.org\\\/en\\\/2013\\\/11\\\/06\\\/novedades-en-la-vii-convocatoria-del-concurso-eustory-america\\\/#primaryimage\"},\"thumbnailUrl\":\"https:\\\/\\\/www.rmcr.org\\\/wp-content\\\/uploads\\\/2013\\\/11\\\/banner-definitivo-jpg.jpg\",\"datePublished\":\"2013-11-06T09:44:51+00:00\",\"dateModified\":\"2023-02-14T12:45:05+00:00\",\"breadcrumb\":{\"@id\":\"https:\\\/\\\/www.rmcr.org\\\/en\\\/2013\\\/11\\\/06\\\/novedades-en-la-vii-convocatoria-del-concurso-eustory-america\\\/#breadcrumb\"},\"inLanguage\":\"en-US\",\"potentialAction\":[{\"@type\":\"ReadAction\",\"target\":[\"https:\\\/\\\/www.rmcr.org\\\/en\\\/2013\\\/11\\\/06\\\/novedades-en-la-vii-convocatoria-del-concurso-eustory-america\\\/\"]}]},{\"@type\":\"ImageObject\",\"inLanguage\":\"en-US\",\"@id\":\"https:\\\/\\\/www.rmcr.org\\\/en\\\/2013\\\/11\\\/06\\\/novedades-en-la-vii-convocatoria-del-concurso-eustory-america\\\/#primaryimage\",\"url\":\"https:\\\/\\\/www.rmcr.org\\\/wp-content\\\/uploads\\\/2013\\\/11\\\/banner-definitivo-jpg.jpg\",\"contentUrl\":\"https:\\\/\\\/www.rmcr.org\\\/wp-content\\\/uploads\\\/2013\\\/11\\\/banner-definitivo-jpg.jpg\",\"width\":960,\"height\":164},{\"@type\":\"BreadcrumbList\",\"@id\":\"https:\\\/\\\/www.rmcr.org\\\/en\\\/2013\\\/11\\\/06\\\/novedades-en-la-vii-convocatoria-del-concurso-eustory-america\\\/#breadcrumb\",\"itemListElement\":[{\"@type\":\"ListItem\",\"position\":1,\"name\":\"REAL MAESTRANZA DE CABALLER\u00cdA DE RONDA\",\"item\":\"https:\\\/\\\/www.rmcr.org\\\/en\\\/\"},{\"@type\":\"ListItem\",\"position\":2,\"name\":\"Novedades del VII Concurso Eustory: Am\u00e9rica\"}]},{\"@type\":\"WebSite\",\"@id\":\"https:\\\/\\\/www.rmcr.org\\\/en\\\/#website\",\"url\":\"https:\\\/\\\/www.rmcr.org\\\/en\\\/\",\"name\":\"Real Maestranza de Caballer\u00eda de Ronda\",\"description\":\"Real Maestranza de Caballer\u00eda de Ronda\",\"publisher\":{\"@id\":\"https:\\\/\\\/www.rmcr.org\\\/en\\\/#organization\"},\"alternateName\":\"RMCR\",\"potentialAction\":[{\"@type\":\"SearchAction\",\"target\":{\"@type\":\"EntryPoint\",\"urlTemplate\":\"https:\\\/\\\/www.rmcr.org\\\/en\\\/?s={search_term_string}\"},\"query-input\":{\"@type\":\"PropertyValueSpecification\",\"valueRequired\":true,\"valueName\":\"search_term_string\"}}],\"inLanguage\":\"en-US\"},{\"@type\":\"Organization\",\"@id\":\"https:\\\/\\\/www.rmcr.org\\\/en\\\/#organization\",\"name\":\"Real Maestranza de Caballer\u00eda de Ronda\",\"alternateName\":\"RMR\",\"url\":\"https:\\\/\\\/www.rmcr.org\\\/en\\\/\",\"logo\":{\"@type\":\"ImageObject\",\"inLanguage\":\"en-US\",\"@id\":\"https:\\\/\\\/www.rmcr.org\\\/en\\\/#\\\/schema\\\/logo\\\/image\\\/\",\"url\":\"https:\\\/\\\/www.rmcr.org\\\/wp-content\\\/uploads\\\/2022\\\/07\\\/logo-rmr-blue.svg\",\"contentUrl\":\"https:\\\/\\\/www.rmcr.org\\\/wp-content\\\/uploads\\\/2022\\\/07\\\/logo-rmr-blue.svg\",\"width\":131,\"height\":129,\"caption\":\"Real Maestranza de Caballer\u00eda de Ronda\"},\"image\":{\"@id\":\"https:\\\/\\\/www.rmcr.org\\\/en\\\/#\\\/schema\\\/logo\\\/image\\\/\"},\"sameAs\":[\"https:\\\/\\\/www.facebook.com\\\/plazadetorosronda\",\"https:\\\/\\\/x.com\\\/PlazatorosRMR\",\"https:\\\/\\\/www.instagram.com\\\/realmaestranzaderonda\\\/\",\"https:\\\/\\\/www.youtube.com\\\/channel\\\/UCrbO5IUN-8v_QML739vM4zg\\\/videos\"]},{\"@type\":\"Person\",\"@id\":\"https:\\\/\\\/www.rmcr.org\\\/en\\\/#\\\/schema\\\/person\\\/7ddd0dafda7edd0e407157f93a56df4f\",\"name\":\"RMCR\",\"image\":{\"@type\":\"ImageObject\",\"inLanguage\":\"en-US\",\"@id\":\"https:\\\/\\\/secure.gravatar.com\\\/avatar\\\/adb75798b50800c24baa6a8706037b9469998c49eddeb95935f50f633cff80bb?s=96&d=mm&r=g\",\"url\":\"https:\\\/\\\/secure.gravatar.com\\\/avatar\\\/adb75798b50800c24baa6a8706037b9469998c49eddeb95935f50f633cff80bb?s=96&d=mm&r=g\",\"contentUrl\":\"https:\\\/\\\/secure.gravatar.com\\\/avatar\\\/adb75798b50800c24baa6a8706037b9469998c49eddeb95935f50f633cff80bb?s=96&d=mm&r=g\",\"caption\":\"RMCR\"},\"url\":\"https:\\\/\\\/www.rmcr.org\\\/en\\\/author\\\/bitniks77\\\/\"}]}<\/script>\n<!-- \/ Yoast SEO plugin. -->","yoast_head_json":{"title":"Novedades del VII Concurso Eustory: Am\u00e9rica - Real Maestranza de Caballer\u00eda de Ronda","robots":{"index":"index","follow":"follow","max-snippet":"max-snippet:-1","max-image-preview":"max-image-preview:large","max-video-preview":"max-video-preview:-1"},"canonical":"https:\/\/www.rmcr.org\/en\/2013\/11\/06\/novedades-en-la-vii-convocatoria-del-concurso-eustory-america\/","og_locale":"en_US","og_type":"article","og_title":"Novedades del VII Concurso Eustory: Am\u00e9rica - Real Maestranza de Caballer\u00eda de Ronda","og_description":"La VII edici\u00f3n del Concurso de Historia para j\u00f3venes Eustory presenta dos novedades. El tema de esta convocatoria -Am\u00e9rica- nos ha permitido que por primera vez en al historia los alumnos portugueses y americanos puedan participar en este concurso. Por otro lado, tambi\u00e9n este ser\u00e1 el primer a\u00f1o que los tutores recibir\u00e1n un premio en [&hellip;]","og_url":"https:\/\/www.rmcr.org\/en\/2013\/11\/06\/novedades-en-la-vii-convocatoria-del-concurso-eustory-america\/","og_site_name":"Real Maestranza de Caballer\u00eda de Ronda","article_publisher":"https:\/\/www.facebook.com\/plazadetorosronda","article_published_time":"2013-11-06T09:44:51+00:00","article_modified_time":"2023-02-14T12:45:05+00:00","og_image":[{"width":960,"height":164,"url":"https:\/\/www.rmcr.org\/wp-content\/uploads\/2013\/11\/banner-definitivo-jpg.jpg","type":"image\/jpeg"}],"author":"RMCR","twitter_card":"summary_large_image","twitter_creator":"@PlazatorosRMR","twitter_site":"@PlazatorosRMR","twitter_misc":{"Written by":"RMCR","Est. reading time":"1 minute"},"schema":{"@context":"https:\/\/schema.org","@graph":[{"@type":"Article","@id":"https:\/\/www.rmcr.org\/en\/2013\/11\/06\/novedades-en-la-vii-convocatoria-del-concurso-eustory-america\/#article","isPartOf":{"@id":"https:\/\/www.rmcr.org\/en\/2013\/11\/06\/novedades-en-la-vii-convocatoria-del-concurso-eustory-america\/"},"author":{"name":"RMCR","@id":"https:\/\/www.rmcr.org\/en\/#\/schema\/person\/7ddd0dafda7edd0e407157f93a56df4f"},"headline":"Novedades del VII Concurso Eustory: Am\u00e9rica","datePublished":"2013-11-06T09:44:51+00:00","dateModified":"2023-02-14T12:45:05+00:00","mainEntityOfPage":{"@id":"https:\/\/www.rmcr.org\/en\/2013\/11\/06\/novedades-en-la-vii-convocatoria-del-concurso-eustory-america\/"},"wordCount":131,"commentCount":0,"publisher":{"@id":"https:\/\/www.rmcr.org\/en\/#organization"},"image":{"@id":"https:\/\/www.rmcr.org\/en\/2013\/11\/06\/novedades-en-la-vii-convocatoria-del-concurso-eustory-america\/#primaryimage"},"thumbnailUrl":"https:\/\/www.rmcr.org\/wp-content\/uploads\/2013\/11\/banner-definitivo-jpg.jpg","keywords":["Concurso de historia","Convocatorias"],"articleSection":["Actividad","Eustory"],"inLanguage":"en-US","potentialAction":[{"@type":"CommentAction","name":"Comment","target":["https:\/\/www.rmcr.org\/en\/2013\/11\/06\/novedades-en-la-vii-convocatoria-del-concurso-eustory-america\/#respond"]}]},{"@type":"WebPage","@id":"https:\/\/www.rmcr.org\/en\/2013\/11\/06\/novedades-en-la-vii-convocatoria-del-concurso-eustory-america\/","url":"https:\/\/www.rmcr.org\/en\/2013\/11\/06\/novedades-en-la-vii-convocatoria-del-concurso-eustory-america\/","name":"Novedades del VII Concurso Eustory: Am\u00e9rica - Real Maestranza de Caballer\u00eda de Ronda","isPartOf":{"@id":"https:\/\/www.rmcr.org\/en\/#website"},"primaryImageOfPage":{"@id":"https:\/\/www.rmcr.org\/en\/2013\/11\/06\/novedades-en-la-vii-convocatoria-del-concurso-eustory-america\/#primaryimage"},"image":{"@id":"https:\/\/www.rmcr.org\/en\/2013\/11\/06\/novedades-en-la-vii-convocatoria-del-concurso-eustory-america\/#primaryimage"},"thumbnailUrl":"https:\/\/www.rmcr.org\/wp-content\/uploads\/2013\/11\/banner-definitivo-jpg.jpg","datePublished":"2013-11-06T09:44:51+00:00","dateModified":"2023-02-14T12:45:05+00:00","breadcrumb":{"@id":"https:\/\/www.rmcr.org\/en\/2013\/11\/06\/novedades-en-la-vii-convocatoria-del-concurso-eustory-america\/#breadcrumb"},"inLanguage":"en-US","potentialAction":[{"@type":"ReadAction","target":["https:\/\/www.rmcr.org\/en\/2013\/11\/06\/novedades-en-la-vii-convocatoria-del-concurso-eustory-america\/"]}]},{"@type":"ImageObject","inLanguage":"en-US","@id":"https:\/\/www.rmcr.org\/en\/2013\/11\/06\/novedades-en-la-vii-convocatoria-del-concurso-eustory-america\/#primaryimage","url":"https:\/\/www.rmcr.org\/wp-content\/uploads\/2013\/11\/banner-definitivo-jpg.jpg","contentUrl":"https:\/\/www.rmcr.org\/wp-content\/uploads\/2013\/11\/banner-definitivo-jpg.jpg","width":960,"height":164},{"@type":"BreadcrumbList","@id":"https:\/\/www.rmcr.org\/en\/2013\/11\/06\/novedades-en-la-vii-convocatoria-del-concurso-eustory-america\/#breadcrumb","itemListElement":[{"@type":"ListItem","position":1,"name":"REAL MAESTRANZA DE CABALLER\u00cdA DE RONDA","item":"https:\/\/www.rmcr.org\/en\/"},{"@type":"ListItem","position":2,"name":"Novedades del VII Concurso Eustory: Am\u00e9rica"}]},{"@type":"WebSite","@id":"https:\/\/www.rmcr.org\/en\/#website","url":"https:\/\/www.rmcr.org\/en\/","name":"Real Maestranza de Caballer\u00eda de Ronda","description":"Real Maestranza de Caballer\u00eda de Ronda","publisher":{"@id":"https:\/\/www.rmcr.org\/en\/#organization"},"alternateName":"RMCR","potentialAction":[{"@type":"SearchAction","target":{"@type":"EntryPoint","urlTemplate":"https:\/\/www.rmcr.org\/en\/?s={search_term_string}"},"query-input":{"@type":"PropertyValueSpecification","valueRequired":true,"valueName":"search_term_string"}}],"inLanguage":"en-US"},{"@type":"Organization","@id":"https:\/\/www.rmcr.org\/en\/#organization","name":"Real Maestranza de Caballer\u00eda de Ronda","alternateName":"RMR","url":"https:\/\/www.rmcr.org\/en\/","logo":{"@type":"ImageObject","inLanguage":"en-US","@id":"https:\/\/www.rmcr.org\/en\/#\/schema\/logo\/image\/","url":"https:\/\/www.rmcr.org\/wp-content\/uploads\/2022\/07\/logo-rmr-blue.svg","contentUrl":"https:\/\/www.rmcr.org\/wp-content\/uploads\/2022\/07\/logo-rmr-blue.svg","width":131,"height":129,"caption":"Real Maestranza de Caballer\u00eda de Ronda"},"image":{"@id":"https:\/\/www.rmcr.org\/en\/#\/schema\/logo\/image\/"},"sameAs":["https:\/\/www.facebook.com\/plazadetorosronda","https:\/\/x.com\/PlazatorosRMR","https:\/\/www.instagram.com\/realmaestranzaderonda\/","https:\/\/www.youtube.com\/channel\/UCrbO5IUN-8v_QML739vM4zg\/videos"]},{"@type":"Person","@id":"https:\/\/www.rmcr.org\/en\/#\/schema\/person\/7ddd0dafda7edd0e407157f93a56df4f","name":"RMCR","image":{"@type":"ImageObject","inLanguage":"en-US","@id":"https:\/\/secure.gravatar.com\/avatar\/adb75798b50800c24baa6a8706037b9469998c49eddeb95935f50f633cff80bb?s=96&d=mm&r=g","url":"https:\/\/secure.gravatar.com\/avatar\/adb75798b50800c24baa6a8706037b9469998c49eddeb95935f50f633cff80bb?s=96&d=mm&r=g","contentUrl":"https:\/\/secure.gravatar.com\/avatar\/adb75798b50800c24baa6a8706037b9469998c49eddeb95935f50f633cff80bb?s=96&d=mm&r=g","caption":"RMCR"},"url":"https:\/\/www.rmcr.org\/en\/author\/bitniks77\/"}]}},"_links":{"self":[{"href":"https:\/\/www.rmcr.org\/en\/wp-json\/wp\/v2\/posts\/45","targetHints":{"allow":["GET"]}}],"collection":[{"href":"https:\/\/www.rmcr.org\/en\/wp-json\/wp\/v2\/posts"}],"about":[{"href":"https:\/\/www.rmcr.org\/en\/wp-json\/wp\/v2\/types\/post"}],"author":[{"embeddable":true,"href":"https:\/\/www.rmcr.org\/en\/wp-json\/wp\/v2\/users\/7"}],"replies":[{"embeddable":true,"href":"https:\/\/www.rmcr.org\/en\/wp-json\/wp\/v2\/comments?post=45"}],"version-history":[{"count":2,"href":"https:\/\/www.rmcr.org\/en\/wp-json\/wp\/v2\/posts\/45\/revisions"}],"predecessor-version":[{"id":15473,"href":"https:\/\/www.rmcr.org\/en\/wp-json\/wp\/v2\/posts\/45\/revisions\/15473"}],"wp:featuredmedia":[{"embeddable":true,"href":"https:\/\/www.rmcr.org\/en\/wp-json\/wp\/v2\/media\/7536"}],"wp:attachment":[{"href":"https:\/\/www.rmcr.org\/en\/wp-json\/wp\/v2\/media?parent=45"}],"wp:term":[{"taxonomy":"category","embeddable":true,"href":"https:\/\/www.rmcr.org\/en\/wp-json\/wp\/v2\/categories?post=45"},{"taxonomy":"post_tag","embeddable":true,"href":"https:\/\/www.rmcr.org\/en\/wp-json\/wp\/v2\/tags?post=45"}],"curies":[{"name":"wp","href":"https:\/\/api.w.org\/{rel}","templated":true}]}}