{"id":347,"date":"2014-06-05T12:54:21","date_gmt":"2014-06-05T12:54:21","guid":{"rendered":"https:\/\/www.rmcr.org\/?p=347"},"modified":"2023-02-14T12:05:54","modified_gmt":"2023-02-14T12:05:54","slug":"iii-curso-de-verano-de-equitacion","status":"publish","type":"post","link":"https:\/\/www.rmcr.org\/en\/2014\/06\/05\/iii-curso-de-verano-de-equitacion\/","title":{"rendered":"III Curso de Verano de Equitaci\u00f3n"},"content":{"rendered":"<p>&nbsp;<\/p>\n<p><a href=\"https:\/\/www.rmcr.org\/wp-content\/uploads\/2014\/04\/alumnos-rmr.jpg\"><img fetchpriority=\"high\" decoding=\"async\" class=\"size-large wp-image-299 aligncenter\" src=\"https:\/\/www.rmcr.org\/wp-content\/uploads\/2014\/04\/alumnos-rmr.jpg?w=470\" alt=\"Alumnos RMR\" width=\"470\" height=\"270\"><\/a><\/p>\n<p style=\"text-align:justify;\">La Escuela de equitaci\u00f3n de la Real Maestranza de Caballer\u00eda de Ronda, convoca el III Curso de Verano de Equitaci\u00f3n, que se celebrar\u00e1 durante el mes de julio. Este a\u00f1o incluye dentro de su programa la preparaci\u00f3n para los Ex\u00e1menes de Galope de la Real Federaci\u00f3n H\u00edpica Espa\u00f1ola.<\/p>\n<p><a href=\"https:\/\/www.rmcr.org\/wp-content\/uploads\/2014\/06\/bases-curso-de-verano-20141.pdf\">Pincha aqu\u00ed para ver toda la informaci\u00f3n en pdf.<\/a><\/p>\n<p><a href=\"https:\/\/www.rmcr.org\/wp-content\/uploads\/2014\/06\/formulario-inscripcic3b3n.pdf\">Descarga aqu\u00ed el formulario de inscripci\u00f3n en pdf.<\/a><\/p>\n","protected":false},"excerpt":{"rendered":"<p>&nbsp; La Escuela de equitaci\u00f3n de la Real Maestranza de Caballer\u00eda de Ronda, convoca el III Curso de Verano de Equitaci\u00f3n, que se celebrar\u00e1 durante el mes de julio. Este a\u00f1o incluye dentro de su programa la preparaci\u00f3n para los Ex\u00e1menes de Galope de la Real Federaci\u00f3n H\u00edpica Espa\u00f1ola. Pincha aqu\u00ed para ver toda la [&hellip;]<\/p>\n","protected":false},"author":7,"featured_media":7692,"comment_status":"closed","ping_status":"open","sticky":false,"template":"","format":"standard","meta":{"footnotes":""},"categories":[49],"tags":[40],"class_list":["post-347","post","type-post","status-publish","format-standard","has-post-thumbnail","hentry","category-cursos-de-verano","tag-ensenanza"],"yoast_head":"<!-- This site is optimized with the Yoast SEO plugin v27.5 - https:\/\/yoast.com\/product\/yoast-seo-wordpress\/ -->\n<title>III Curso de Verano de Equitaci\u00f3n - Real Maestranza de Caballer\u00eda de Ronda<\/title>\n<meta name=\"robots\" content=\"index, follow, max-snippet:-1, max-image-preview:large, max-video-preview:-1\" \/>\n<link rel=\"canonical\" href=\"https:\/\/www.rmcr.org\/en\/2014\/06\/05\/iii-curso-de-verano-de-equitacion\/\" \/>\n<meta property=\"og:locale\" content=\"en_US\" \/>\n<meta property=\"og:type\" content=\"article\" \/>\n<meta property=\"og:title\" content=\"III Curso de Verano de Equitaci\u00f3n - Real Maestranza de Caballer\u00eda de Ronda\" \/>\n<meta property=\"og:description\" content=\"&nbsp; La Escuela de equitaci\u00f3n de la Real Maestranza de Caballer\u00eda de Ronda, convoca el III Curso de Verano de Equitaci\u00f3n, que se celebrar\u00e1 durante el mes de julio. Este a\u00f1o incluye dentro de su programa la preparaci\u00f3n para los Ex\u00e1menes de Galope de la Real Federaci\u00f3n H\u00edpica Espa\u00f1ola. Pincha aqu\u00ed para ver toda la [&hellip;]\" \/>\n<meta property=\"og:url\" content=\"https:\/\/www.rmcr.org\/en\/2014\/06\/05\/iii-curso-de-verano-de-equitacion\/\" \/>\n<meta property=\"og:site_name\" content=\"Real Maestranza de Caballer\u00eda de Ronda\" \/>\n<meta property=\"article:publisher\" content=\"https:\/\/www.facebook.com\/plazadetorosronda\" \/>\n<meta property=\"article:published_time\" content=\"2014-06-05T12:54:21+00:00\" \/>\n<meta property=\"article:modified_time\" content=\"2023-02-14T12:05:54+00:00\" \/>\n<meta property=\"og:image\" content=\"https:\/\/www.rmcr.org\/wp-content\/uploads\/2014\/04\/alumnos-rmr1.jpg\" \/>\n\t<meta property=\"og:image:width\" content=\"500\" \/>\n\t<meta property=\"og:image:height\" content=\"288\" \/>\n\t<meta property=\"og:image:type\" content=\"image\/jpeg\" \/>\n<meta name=\"author\" content=\"RMCR\" \/>\n<meta name=\"twitter:card\" content=\"summary_large_image\" \/>\n<meta name=\"twitter:creator\" content=\"@PlazatorosRMR\" \/>\n<meta name=\"twitter:site\" content=\"@PlazatorosRMR\" \/>\n<meta name=\"twitter:label1\" content=\"Written by\" \/>\n\t<meta name=\"twitter:data1\" content=\"RMCR\" \/>\n<script type=\"application\/ld+json\" class=\"yoast-schema-graph\">{\"@context\":\"https:\\\/\\\/schema.org\",\"@graph\":[{\"@type\":\"Article\",\"@id\":\"https:\\\/\\\/www.rmcr.org\\\/en\\\/2014\\\/06\\\/05\\\/iii-curso-de-verano-de-equitacion\\\/#article\",\"isPartOf\":{\"@id\":\"https:\\\/\\\/www.rmcr.org\\\/en\\\/2014\\\/06\\\/05\\\/iii-curso-de-verano-de-equitacion\\\/\"},\"author\":{\"name\":\"RMCR\",\"@id\":\"https:\\\/\\\/www.rmcr.org\\\/en\\\/#\\\/schema\\\/person\\\/7ddd0dafda7edd0e407157f93a56df4f\"},\"headline\":\"III Curso de Verano de Equitaci\u00f3n\",\"datePublished\":\"2014-06-05T12:54:21+00:00\",\"dateModified\":\"2023-02-14T12:05:54+00:00\",\"mainEntityOfPage\":{\"@id\":\"https:\\\/\\\/www.rmcr.org\\\/en\\\/2014\\\/06\\\/05\\\/iii-curso-de-verano-de-equitacion\\\/\"},\"wordCount\":84,\"publisher\":{\"@id\":\"https:\\\/\\\/www.rmcr.org\\\/en\\\/#organization\"},\"image\":{\"@id\":\"https:\\\/\\\/www.rmcr.org\\\/en\\\/2014\\\/06\\\/05\\\/iii-curso-de-verano-de-equitacion\\\/#primaryimage\"},\"thumbnailUrl\":\"https:\\\/\\\/www.rmcr.org\\\/wp-content\\\/uploads\\\/2014\\\/04\\\/alumnos-rmr1.jpg\",\"keywords\":[\"Ense\u00f1anza\"],\"articleSection\":[\"Cursos de Verano\"],\"inLanguage\":\"en-US\"},{\"@type\":\"WebPage\",\"@id\":\"https:\\\/\\\/www.rmcr.org\\\/en\\\/2014\\\/06\\\/05\\\/iii-curso-de-verano-de-equitacion\\\/\",\"url\":\"https:\\\/\\\/www.rmcr.org\\\/en\\\/2014\\\/06\\\/05\\\/iii-curso-de-verano-de-equitacion\\\/\",\"name\":\"III Curso de Verano de Equitaci\u00f3n - Real Maestranza de Caballer\u00eda de Ronda\",\"isPartOf\":{\"@id\":\"https:\\\/\\\/www.rmcr.org\\\/en\\\/#website\"},\"primaryImageOfPage\":{\"@id\":\"https:\\\/\\\/www.rmcr.org\\\/en\\\/2014\\\/06\\\/05\\\/iii-curso-de-verano-de-equitacion\\\/#primaryimage\"},\"image\":{\"@id\":\"https:\\\/\\\/www.rmcr.org\\\/en\\\/2014\\\/06\\\/05\\\/iii-curso-de-verano-de-equitacion\\\/#primaryimage\"},\"thumbnailUrl\":\"https:\\\/\\\/www.rmcr.org\\\/wp-content\\\/uploads\\\/2014\\\/04\\\/alumnos-rmr1.jpg\",\"datePublished\":\"2014-06-05T12:54:21+00:00\",\"dateModified\":\"2023-02-14T12:05:54+00:00\",\"breadcrumb\":{\"@id\":\"https:\\\/\\\/www.rmcr.org\\\/en\\\/2014\\\/06\\\/05\\\/iii-curso-de-verano-de-equitacion\\\/#breadcrumb\"},\"inLanguage\":\"en-US\",\"potentialAction\":[{\"@type\":\"ReadAction\",\"target\":[\"https:\\\/\\\/www.rmcr.org\\\/en\\\/2014\\\/06\\\/05\\\/iii-curso-de-verano-de-equitacion\\\/\"]}]},{\"@type\":\"ImageObject\",\"inLanguage\":\"en-US\",\"@id\":\"https:\\\/\\\/www.rmcr.org\\\/en\\\/2014\\\/06\\\/05\\\/iii-curso-de-verano-de-equitacion\\\/#primaryimage\",\"url\":\"https:\\\/\\\/www.rmcr.org\\\/wp-content\\\/uploads\\\/2014\\\/04\\\/alumnos-rmr1.jpg\",\"contentUrl\":\"https:\\\/\\\/www.rmcr.org\\\/wp-content\\\/uploads\\\/2014\\\/04\\\/alumnos-rmr1.jpg\",\"width\":500,\"height\":288},{\"@type\":\"BreadcrumbList\",\"@id\":\"https:\\\/\\\/www.rmcr.org\\\/en\\\/2014\\\/06\\\/05\\\/iii-curso-de-verano-de-equitacion\\\/#breadcrumb\",\"itemListElement\":[{\"@type\":\"ListItem\",\"position\":1,\"name\":\"REAL MAESTRANZA DE CABALLER\u00cdA DE RONDA\",\"item\":\"https:\\\/\\\/www.rmcr.org\\\/en\\\/\"},{\"@type\":\"ListItem\",\"position\":2,\"name\":\"III Curso de Verano de Equitaci\u00f3n\"}]},{\"@type\":\"WebSite\",\"@id\":\"https:\\\/\\\/www.rmcr.org\\\/en\\\/#website\",\"url\":\"https:\\\/\\\/www.rmcr.org\\\/en\\\/\",\"name\":\"Real Maestranza de Caballer\u00eda de Ronda\",\"description\":\"Real Maestranza de Caballer\u00eda de Ronda\",\"publisher\":{\"@id\":\"https:\\\/\\\/www.rmcr.org\\\/en\\\/#organization\"},\"alternateName\":\"RMCR\",\"potentialAction\":[{\"@type\":\"SearchAction\",\"target\":{\"@type\":\"EntryPoint\",\"urlTemplate\":\"https:\\\/\\\/www.rmcr.org\\\/en\\\/?s={search_term_string}\"},\"query-input\":{\"@type\":\"PropertyValueSpecification\",\"valueRequired\":true,\"valueName\":\"search_term_string\"}}],\"inLanguage\":\"en-US\"},{\"@type\":\"Organization\",\"@id\":\"https:\\\/\\\/www.rmcr.org\\\/en\\\/#organization\",\"name\":\"Real Maestranza de Caballer\u00eda de Ronda\",\"alternateName\":\"RMR\",\"url\":\"https:\\\/\\\/www.rmcr.org\\\/en\\\/\",\"logo\":{\"@type\":\"ImageObject\",\"inLanguage\":\"en-US\",\"@id\":\"https:\\\/\\\/www.rmcr.org\\\/en\\\/#\\\/schema\\\/logo\\\/image\\\/\",\"url\":\"https:\\\/\\\/www.rmcr.org\\\/wp-content\\\/uploads\\\/2022\\\/07\\\/logo-rmr-blue.svg\",\"contentUrl\":\"https:\\\/\\\/www.rmcr.org\\\/wp-content\\\/uploads\\\/2022\\\/07\\\/logo-rmr-blue.svg\",\"width\":131,\"height\":129,\"caption\":\"Real Maestranza de Caballer\u00eda de Ronda\"},\"image\":{\"@id\":\"https:\\\/\\\/www.rmcr.org\\\/en\\\/#\\\/schema\\\/logo\\\/image\\\/\"},\"sameAs\":[\"https:\\\/\\\/www.facebook.com\\\/plazadetorosronda\",\"https:\\\/\\\/x.com\\\/PlazatorosRMR\",\"https:\\\/\\\/www.instagram.com\\\/realmaestranzaderonda\\\/\",\"https:\\\/\\\/www.youtube.com\\\/channel\\\/UCrbO5IUN-8v_QML739vM4zg\\\/videos\"]},{\"@type\":\"Person\",\"@id\":\"https:\\\/\\\/www.rmcr.org\\\/en\\\/#\\\/schema\\\/person\\\/7ddd0dafda7edd0e407157f93a56df4f\",\"name\":\"RMCR\",\"image\":{\"@type\":\"ImageObject\",\"inLanguage\":\"en-US\",\"@id\":\"https:\\\/\\\/secure.gravatar.com\\\/avatar\\\/adb75798b50800c24baa6a8706037b9469998c49eddeb95935f50f633cff80bb?s=96&d=mm&r=g\",\"url\":\"https:\\\/\\\/secure.gravatar.com\\\/avatar\\\/adb75798b50800c24baa6a8706037b9469998c49eddeb95935f50f633cff80bb?s=96&d=mm&r=g\",\"contentUrl\":\"https:\\\/\\\/secure.gravatar.com\\\/avatar\\\/adb75798b50800c24baa6a8706037b9469998c49eddeb95935f50f633cff80bb?s=96&d=mm&r=g\",\"caption\":\"RMCR\"},\"url\":\"https:\\\/\\\/www.rmcr.org\\\/en\\\/author\\\/bitniks77\\\/\"}]}<\/script>\n<!-- \/ Yoast SEO plugin. -->","yoast_head_json":{"title":"III Curso de Verano de Equitaci\u00f3n - Real Maestranza de Caballer\u00eda de Ronda","robots":{"index":"index","follow":"follow","max-snippet":"max-snippet:-1","max-image-preview":"max-image-preview:large","max-video-preview":"max-video-preview:-1"},"canonical":"https:\/\/www.rmcr.org\/en\/2014\/06\/05\/iii-curso-de-verano-de-equitacion\/","og_locale":"en_US","og_type":"article","og_title":"III Curso de Verano de Equitaci\u00f3n - Real Maestranza de Caballer\u00eda de Ronda","og_description":"&nbsp; La Escuela de equitaci\u00f3n de la Real Maestranza de Caballer\u00eda de Ronda, convoca el III Curso de Verano de Equitaci\u00f3n, que se celebrar\u00e1 durante el mes de julio. Este a\u00f1o incluye dentro de su programa la preparaci\u00f3n para los Ex\u00e1menes de Galope de la Real Federaci\u00f3n H\u00edpica Espa\u00f1ola. Pincha aqu\u00ed para ver toda la [&hellip;]","og_url":"https:\/\/www.rmcr.org\/en\/2014\/06\/05\/iii-curso-de-verano-de-equitacion\/","og_site_name":"Real Maestranza de Caballer\u00eda de Ronda","article_publisher":"https:\/\/www.facebook.com\/plazadetorosronda","article_published_time":"2014-06-05T12:54:21+00:00","article_modified_time":"2023-02-14T12:05:54+00:00","og_image":[{"width":500,"height":288,"url":"https:\/\/www.rmcr.org\/wp-content\/uploads\/2014\/04\/alumnos-rmr1.jpg","type":"image\/jpeg"}],"author":"RMCR","twitter_card":"summary_large_image","twitter_creator":"@PlazatorosRMR","twitter_site":"@PlazatorosRMR","twitter_misc":{"Written by":"RMCR"},"schema":{"@context":"https:\/\/schema.org","@graph":[{"@type":"Article","@id":"https:\/\/www.rmcr.org\/en\/2014\/06\/05\/iii-curso-de-verano-de-equitacion\/#article","isPartOf":{"@id":"https:\/\/www.rmcr.org\/en\/2014\/06\/05\/iii-curso-de-verano-de-equitacion\/"},"author":{"name":"RMCR","@id":"https:\/\/www.rmcr.org\/en\/#\/schema\/person\/7ddd0dafda7edd0e407157f93a56df4f"},"headline":"III Curso de Verano de Equitaci\u00f3n","datePublished":"2014-06-05T12:54:21+00:00","dateModified":"2023-02-14T12:05:54+00:00","mainEntityOfPage":{"@id":"https:\/\/www.rmcr.org\/en\/2014\/06\/05\/iii-curso-de-verano-de-equitacion\/"},"wordCount":84,"publisher":{"@id":"https:\/\/www.rmcr.org\/en\/#organization"},"image":{"@id":"https:\/\/www.rmcr.org\/en\/2014\/06\/05\/iii-curso-de-verano-de-equitacion\/#primaryimage"},"thumbnailUrl":"https:\/\/www.rmcr.org\/wp-content\/uploads\/2014\/04\/alumnos-rmr1.jpg","keywords":["Ense\u00f1anza"],"articleSection":["Cursos de Verano"],"inLanguage":"en-US"},{"@type":"WebPage","@id":"https:\/\/www.rmcr.org\/en\/2014\/06\/05\/iii-curso-de-verano-de-equitacion\/","url":"https:\/\/www.rmcr.org\/en\/2014\/06\/05\/iii-curso-de-verano-de-equitacion\/","name":"III Curso de Verano de Equitaci\u00f3n - Real Maestranza de Caballer\u00eda de Ronda","isPartOf":{"@id":"https:\/\/www.rmcr.org\/en\/#website"},"primaryImageOfPage":{"@id":"https:\/\/www.rmcr.org\/en\/2014\/06\/05\/iii-curso-de-verano-de-equitacion\/#primaryimage"},"image":{"@id":"https:\/\/www.rmcr.org\/en\/2014\/06\/05\/iii-curso-de-verano-de-equitacion\/#primaryimage"},"thumbnailUrl":"https:\/\/www.rmcr.org\/wp-content\/uploads\/2014\/04\/alumnos-rmr1.jpg","datePublished":"2014-06-05T12:54:21+00:00","dateModified":"2023-02-14T12:05:54+00:00","breadcrumb":{"@id":"https:\/\/www.rmcr.org\/en\/2014\/06\/05\/iii-curso-de-verano-de-equitacion\/#breadcrumb"},"inLanguage":"en-US","potentialAction":[{"@type":"ReadAction","target":["https:\/\/www.rmcr.org\/en\/2014\/06\/05\/iii-curso-de-verano-de-equitacion\/"]}]},{"@type":"ImageObject","inLanguage":"en-US","@id":"https:\/\/www.rmcr.org\/en\/2014\/06\/05\/iii-curso-de-verano-de-equitacion\/#primaryimage","url":"https:\/\/www.rmcr.org\/wp-content\/uploads\/2014\/04\/alumnos-rmr1.jpg","contentUrl":"https:\/\/www.rmcr.org\/wp-content\/uploads\/2014\/04\/alumnos-rmr1.jpg","width":500,"height":288},{"@type":"BreadcrumbList","@id":"https:\/\/www.rmcr.org\/en\/2014\/06\/05\/iii-curso-de-verano-de-equitacion\/#breadcrumb","itemListElement":[{"@type":"ListItem","position":1,"name":"REAL MAESTRANZA DE CABALLER\u00cdA DE RONDA","item":"https:\/\/www.rmcr.org\/en\/"},{"@type":"ListItem","position":2,"name":"III Curso de Verano de Equitaci\u00f3n"}]},{"@type":"WebSite","@id":"https:\/\/www.rmcr.org\/en\/#website","url":"https:\/\/www.rmcr.org\/en\/","name":"Real Maestranza de Caballer\u00eda de Ronda","description":"Real Maestranza de Caballer\u00eda de Ronda","publisher":{"@id":"https:\/\/www.rmcr.org\/en\/#organization"},"alternateName":"RMCR","potentialAction":[{"@type":"SearchAction","target":{"@type":"EntryPoint","urlTemplate":"https:\/\/www.rmcr.org\/en\/?s={search_term_string}"},"query-input":{"@type":"PropertyValueSpecification","valueRequired":true,"valueName":"search_term_string"}}],"inLanguage":"en-US"},{"@type":"Organization","@id":"https:\/\/www.rmcr.org\/en\/#organization","name":"Real Maestranza de Caballer\u00eda de Ronda","alternateName":"RMR","url":"https:\/\/www.rmcr.org\/en\/","logo":{"@type":"ImageObject","inLanguage":"en-US","@id":"https:\/\/www.rmcr.org\/en\/#\/schema\/logo\/image\/","url":"https:\/\/www.rmcr.org\/wp-content\/uploads\/2022\/07\/logo-rmr-blue.svg","contentUrl":"https:\/\/www.rmcr.org\/wp-content\/uploads\/2022\/07\/logo-rmr-blue.svg","width":131,"height":129,"caption":"Real Maestranza de Caballer\u00eda de Ronda"},"image":{"@id":"https:\/\/www.rmcr.org\/en\/#\/schema\/logo\/image\/"},"sameAs":["https:\/\/www.facebook.com\/plazadetorosronda","https:\/\/x.com\/PlazatorosRMR","https:\/\/www.instagram.com\/realmaestranzaderonda\/","https:\/\/www.youtube.com\/channel\/UCrbO5IUN-8v_QML739vM4zg\/videos"]},{"@type":"Person","@id":"https:\/\/www.rmcr.org\/en\/#\/schema\/person\/7ddd0dafda7edd0e407157f93a56df4f","name":"RMCR","image":{"@type":"ImageObject","inLanguage":"en-US","@id":"https:\/\/secure.gravatar.com\/avatar\/adb75798b50800c24baa6a8706037b9469998c49eddeb95935f50f633cff80bb?s=96&d=mm&r=g","url":"https:\/\/secure.gravatar.com\/avatar\/adb75798b50800c24baa6a8706037b9469998c49eddeb95935f50f633cff80bb?s=96&d=mm&r=g","contentUrl":"https:\/\/secure.gravatar.com\/avatar\/adb75798b50800c24baa6a8706037b9469998c49eddeb95935f50f633cff80bb?s=96&d=mm&r=g","caption":"RMCR"},"url":"https:\/\/www.rmcr.org\/en\/author\/bitniks77\/"}]}},"_links":{"self":[{"href":"https:\/\/www.rmcr.org\/en\/wp-json\/wp\/v2\/posts\/347","targetHints":{"allow":["GET"]}}],"collection":[{"href":"https:\/\/www.rmcr.org\/en\/wp-json\/wp\/v2\/posts"}],"about":[{"href":"https:\/\/www.rmcr.org\/en\/wp-json\/wp\/v2\/types\/post"}],"author":[{"embeddable":true,"href":"https:\/\/www.rmcr.org\/en\/wp-json\/wp\/v2\/users\/7"}],"replies":[{"embeddable":true,"href":"https:\/\/www.rmcr.org\/en\/wp-json\/wp\/v2\/comments?post=347"}],"version-history":[{"count":1,"href":"https:\/\/www.rmcr.org\/en\/wp-json\/wp\/v2\/posts\/347\/revisions"}],"predecessor-version":[{"id":15442,"href":"https:\/\/www.rmcr.org\/en\/wp-json\/wp\/v2\/posts\/347\/revisions\/15442"}],"wp:featuredmedia":[{"embeddable":true,"href":"https:\/\/www.rmcr.org\/en\/wp-json\/wp\/v2\/media\/7692"}],"wp:attachment":[{"href":"https:\/\/www.rmcr.org\/en\/wp-json\/wp\/v2\/media?parent=347"}],"wp:term":[{"taxonomy":"category","embeddable":true,"href":"https:\/\/www.rmcr.org\/en\/wp-json\/wp\/v2\/categories?post=347"},{"taxonomy":"post_tag","embeddable":true,"href":"https:\/\/www.rmcr.org\/en\/wp-json\/wp\/v2\/tags?post=347"}],"curies":[{"name":"wp","href":"https:\/\/api.w.org\/{rel}","templated":true}]}}