{"id":329,"date":"2014-04-15T08:06:48","date_gmt":"2014-04-15T08:06:48","guid":{"rendered":"https:\/\/www.rmcr.org\/?p=329"},"modified":"2025-04-02T16:54:30","modified_gmt":"2025-04-02T16:54:30","slug":"la-biblioteca-de-la-real-maestranza-celebra-el-dia-del-libro-con-una-exposicion","status":"publish","type":"post","link":"https:\/\/www.rmcr.org\/en\/2014\/04\/15\/la-biblioteca-de-la-real-maestranza-celebra-el-dia-del-libro-con-una-exposicion\/","title":{"rendered":"La Biblioteca de la Real Maestranza celebra el D\u00eda del Libro con una exposici\u00f3n"},"content":{"rendered":"<p style=\"text-align:justify;\"><strong>La muestra titulada \u201cFrancisco Giner, fundador de la Instituci\u00f3n Libre de Ense\u00f1anza\u201d exhibir\u00e1 una selecci\u00f3n de ejemplares alusivos al fil\u00f3sofo y pedagogo nacido en la ciudad de Ronda el 10 de octubre de 1839.<\/strong><\/p>\n<p style=\"text-align:center;\"><a href=\"https:\/\/www.rmcr.org\/wp-content\/uploads\/2014\/04\/expo.jpg\"><img fetchpriority=\"high\" decoding=\"async\" class=\"aligncenter size-full wp-image-330\" src=\"https:\/\/www.rmcr.org\/wp-content\/uploads\/2014\/04\/expo.jpg\" alt=\"expo\" width=\"470\" height=\"693\"><\/a><\/p>\n<p style=\"text-align:justify;\">El pr\u00f3ximo mi\u00e9rcoles 23 de abril se celebra a nivel mundial el D\u00eda Internacional del Libro, promulgado por la UNESCO desde 1995 con el objetivo de fomentar la lectura, la industria editorial y la protecci\u00f3n de la propiedad intelectual por medio del derecho de autor.<\/p>\n<p style=\"text-align:justify;\">De nuevo este a\u00f1o, la Biblioteca de la Real Maestranza de Caballer\u00eda de Ronda quiere sumarse a las celebraciones que tienen lugar en los cinco continentes con la organizaci\u00f3n de una exposici\u00f3n bibliogr\u00e1fica.<\/p>\n<p style=\"text-align:justify;\">En ella podr\u00e1n contemplarse primeras ediciones de los estudios de derecho, filosof\u00eda, sociolog\u00eda y pedagog\u00eda de Giner, t\u00edtulos de las obras completas editadas por la Fundaci\u00f3n Giner de los R\u00edos (creada tras su fallecimiento), reediciones modernas precedidas de estudios cr\u00edticos, ensayos de diferentes especialistas sobre Francisco Giner y la historia de la Instituci\u00f3n Libre de Ense\u00f1anza, as\u00ed como algunos ejemplares de personajes vinculados con su figura.<\/p>\n<p style=\"text-align:justify;\">La exposici\u00f3n, de entrada libre, estar\u00e1 abierta exclusivamente el mi\u00e9rcoles 23 de abril, en el Sal\u00f3n Biblioteca (acceso por c\/ Virgen de la Paz 15, frente a la Oficina de Correos), en horario de 12:00 a 14:00 y de 17:00 a 19:00 horas.<\/p>\n<p style=\"text-align:justify;\"><strong>Breve biograf\u00eda de Francisco Giner de los R\u00edos (1839-1915)<\/strong><\/p>\n<p style=\"text-align:justify;\">Nace en Ronda el 10 de octubre de 1839, hijo primog\u00e9nito de Francisco Giner de la Fuente y de Bernarda de los R\u00edos Rosas, hermana del pol\u00edtico. Despu\u00e9s de sendos traslados familiares a C\u00e1diz y Alicante, cursa sus estudios universitarios en Barcelona y Granada. En 1863 llega a Madrid donde entra en contacto con un grupo de intelectuales entre los que se encuentra Juli\u00e1n Sanz del R\u00edo.<\/p>\n<p style=\"text-align:justify;\">En 1866 consigue la c\u00e1tedra de Filosof\u00eda del Derecho y Derecho Internacional en la Universidad Central. Durante varios a\u00f1os, va fraguando su idea de que la incorporaci\u00f3n de la sociedad espa\u00f1ola a la modernidad tendr\u00eda \u00e9xito duradero si se fundamentaba en una transformaci\u00f3n profunda por medio de la educaci\u00f3n y del cultivo de la ciencia; pero esta transformaci\u00f3n \u00fanicamente ser\u00eda posible si se movilizaba a toda la poblaci\u00f3n, no s\u00f3lo a sus intelectuales o a las clases dirigentes.<\/p>\n<p style=\"text-align:justify;\">El primer instrumento concebido por Giner para llevar a cabo sus prop\u00f3sitos fue la Instituci\u00f3n Libre de Ense\u00f1anza, un proyecto estrechamente ligado a la llamada \u00abcuesti\u00f3n universitaria\u00bb que, en defensa de la libertad de c\u00e1tedra, llev\u00f3 a Giner y a otros catedr\u00e1ticos a ser separados de sus empleos en dos ocasiones. En la segunda de ellas, Giner estuvo confinado en C\u00e1diz, y fue entonces cuando comenz\u00f3 a esbozar el proyecto que fragu\u00f3 en 1875.<\/p>\n<p style=\"text-align:justify;\">Tras un primer impulso de relativo crecimiento, la matriculaci\u00f3n de alumnos fue descendiendo, hasta que en 1882 los profesores expedientados fueron repuestos en sus c\u00e1tedras. Giner y sus colaboradores decidieron impartir la docencia en la universidad p\u00fablica, reservando la ILE para la ense\u00f1anza primaria y secundaria. Desde entonces, Giner ejerci\u00f3 siempre de forma simult\u00e1nea la docencia en el doctorado universitario y en la escuela de la Instituci\u00f3n.<\/p>\n<p style=\"text-align:justify;\">En lo esencial, su pedagog\u00eda no s\u00f3lo fomentaba por igual el cultivo de las ciencias de la naturaleza y las humanidades, o el di\u00e1logo entre ellas; tambi\u00e9n procuraba romper el aislamiento en el que hasta entonces hab\u00edan vivido los alumnos, propugnando la defensa de la libertad docente y cient\u00edfica y la unidad metodol\u00f3gica de todo el proceso educativo. Se sustituyeron calificaciones y ex\u00e1menes por un seguimiento continuo del alumno, que se convirti\u00f3 en el protagonista de todo este proceso, y se hizo de la experiencia (basada en la observaci\u00f3n y el disfrute de la vida y la naturaleza) el principal objeto de conocimiento.<\/p>\n<p style=\"text-align:justify;\">En 1884, la Instituci\u00f3n se instala en una quinta con un peque\u00f1o jard\u00edn en el paseo del Obelisco de Madrid. Desde esa fecha, \u00e9sta ser\u00e1 la casa de Giner y de las familias Coss\u00edo y Rubio, pero tambi\u00e9n la de todos cuantos crecieron al calor de Giner y de la ILE, y en ella alentar\u00e1 el n\u00facleo del liberalismo radical institucionista en el que se fraguar\u00e1 un proyecto modernizador pragm\u00e1tico, tolerante, pluralista y el de m\u00e1s largo alcance de la historia contempor\u00e1nea espa\u00f1ola. Y esta casa ser\u00e1 el \u00ablaboratorio pedag\u00f3gico\u00bb en el que se ensayar\u00e1n muchas de las reformas luego aplicadas por los institucionistas fuera de sus muros.<\/p>\n<p style=\"text-align:justify;\">El retrato que hacen del Giner maduro muchos coet\u00e1neos, y el que nos muestran las fotograf\u00edas, es el de un hombre menudo, de barba cuidada y prematuramente blanca, de ojos oscuros, penetrantes, que sol\u00edan encenderse como su car\u00e1cter. Infatigable andar\u00edn, camina diariamente con sus disc\u00edpulos de la universidad a la casa del Obelisco, los domingos por El Pardo, y en las vacaciones hace largas excursiones, las m\u00e1s de las veces andando.<\/p>\n<p style=\"text-align:justify;\">Giner muri\u00f3 en Madrid el 18 de febrero de 1915. Una muchedumbre despidi\u00f3 al maestro en el cementerio civil, con emoci\u00f3n y austeridad, con \u00abun duelo de labores y esperanzas\u00bb, seg\u00fan la hermosa eleg\u00eda de Antonio Machado.<\/p>\n<p style=\"text-align:right;\">Fuente: Jos\u00e9 Garc\u00eda-Velasco<\/p>\n<p style=\"text-align:right;\">(<a href=\"http:\/\/www.residencia.csic.es\/jae\/protagonistas\/18.htm\">http:\/\/www.residencia.csic.es\/jae\/protagonistas\/18.htm<\/a>)<\/p>\n","protected":false},"excerpt":{"rendered":"<p>La muestra titulada \u201cFrancisco Giner, fundador de la Instituci\u00f3n Libre de Ense\u00f1anza\u201d exhibir\u00e1 una selecci\u00f3n de ejemplares alusivos al fil\u00f3sofo y pedagogo nacido en la ciudad de Ronda el 10 de octubre de 1839. El pr\u00f3ximo mi\u00e9rcoles 23 de abril se celebra a nivel mundial el D\u00eda Internacional del Libro, promulgado por la UNESCO desde [&hellip;]<\/p>\n","protected":false},"author":2,"featured_media":11934,"comment_status":"open","ping_status":"open","sticky":false,"template":"","format":"standard","meta":{"footnotes":""},"categories":[140,790,142],"tags":[237,105,141,186,187,137,114],"class_list":["post-329","post","type-post","status-publish","format-standard","has-post-thumbnail","hentry","category-biblioteca","category-dia-internacional-del-libro","category-exposiciones","tag-bibliografias","tag-biblioteca-general","tag-dia-internacional-del-libro","tag-francisco-giner-de-los-rios","tag-institucion-libre-de-ensenanza","tag-libros","tag-ronda"],"yoast_head":"<!-- This site is optimized with the Yoast SEO plugin v27.5 - https:\/\/yoast.com\/product\/yoast-seo-wordpress\/ -->\n<title>La Biblioteca de la Real Maestranza celebra el D\u00eda del Libro con una exposici\u00f3n - Real Maestranza de Caballer\u00eda de Ronda<\/title>\n<meta name=\"robots\" content=\"index, follow, max-snippet:-1, max-image-preview:large, max-video-preview:-1\" \/>\n<link rel=\"canonical\" href=\"https:\/\/www.rmcr.org\/en\/2014\/04\/15\/la-biblioteca-de-la-real-maestranza-celebra-el-dia-del-libro-con-una-exposicion\/\" \/>\n<meta property=\"og:locale\" content=\"en_US\" \/>\n<meta property=\"og:type\" content=\"article\" \/>\n<meta property=\"og:title\" content=\"La Biblioteca de la Real Maestranza celebra el D\u00eda del Libro con una exposici\u00f3n - Real Maestranza de Caballer\u00eda de Ronda\" \/>\n<meta property=\"og:description\" content=\"La muestra titulada \u201cFrancisco Giner, fundador de la Instituci\u00f3n Libre de Ense\u00f1anza\u201d exhibir\u00e1 una selecci\u00f3n de ejemplares alusivos al fil\u00f3sofo y pedagogo nacido en la ciudad de Ronda el 10 de octubre de 1839. El pr\u00f3ximo mi\u00e9rcoles 23 de abril se celebra a nivel mundial el D\u00eda Internacional del Libro, promulgado por la UNESCO desde [&hellip;]\" \/>\n<meta property=\"og:url\" content=\"https:\/\/www.rmcr.org\/en\/2014\/04\/15\/la-biblioteca-de-la-real-maestranza-celebra-el-dia-del-libro-con-una-exposicion\/\" \/>\n<meta property=\"og:site_name\" content=\"Real Maestranza de Caballer\u00eda de Ronda\" \/>\n<meta property=\"article:publisher\" content=\"https:\/\/www.facebook.com\/plazadetorosronda\" \/>\n<meta property=\"article:published_time\" content=\"2014-04-15T08:06:48+00:00\" \/>\n<meta property=\"article:modified_time\" content=\"2025-04-02T16:54:30+00:00\" \/>\n<meta property=\"og:image\" content=\"https:\/\/www.rmcr.org\/wp-content\/uploads\/2022\/10\/exp.jpg\" \/>\n\t<meta property=\"og:image:width\" content=\"482\" \/>\n\t<meta property=\"og:image:height\" content=\"143\" \/>\n\t<meta property=\"og:image:type\" content=\"image\/jpeg\" \/>\n<meta name=\"author\" content=\"BIBLIOTECA\" \/>\n<meta name=\"twitter:card\" content=\"summary_large_image\" \/>\n<meta name=\"twitter:creator\" content=\"@PlazatorosRMR\" \/>\n<meta name=\"twitter:site\" content=\"@PlazatorosRMR\" \/>\n<meta name=\"twitter:label1\" content=\"Written by\" \/>\n\t<meta name=\"twitter:data1\" content=\"BIBLIOTECA\" \/>\n\t<meta name=\"twitter:label2\" content=\"Est. reading time\" \/>\n\t<meta name=\"twitter:data2\" content=\"5 minutes\" \/>\n<script type=\"application\/ld+json\" class=\"yoast-schema-graph\">{\"@context\":\"https:\\\/\\\/schema.org\",\"@graph\":[{\"@type\":\"Article\",\"@id\":\"https:\\\/\\\/www.rmcr.org\\\/en\\\/2014\\\/04\\\/15\\\/la-biblioteca-de-la-real-maestranza-celebra-el-dia-del-libro-con-una-exposicion\\\/#article\",\"isPartOf\":{\"@id\":\"https:\\\/\\\/www.rmcr.org\\\/en\\\/2014\\\/04\\\/15\\\/la-biblioteca-de-la-real-maestranza-celebra-el-dia-del-libro-con-una-exposicion\\\/\"},\"author\":{\"name\":\"BIBLIOTECA\",\"@id\":\"https:\\\/\\\/www.rmcr.org\\\/en\\\/#\\\/schema\\\/person\\\/80849edee7ef556893505128619ea1d0\"},\"headline\":\"La Biblioteca de la Real Maestranza celebra el D\u00eda del Libro con una exposici\u00f3n\",\"datePublished\":\"2014-04-15T08:06:48+00:00\",\"dateModified\":\"2025-04-02T16:54:30+00:00\",\"mainEntityOfPage\":{\"@id\":\"https:\\\/\\\/www.rmcr.org\\\/en\\\/2014\\\/04\\\/15\\\/la-biblioteca-de-la-real-maestranza-celebra-el-dia-del-libro-con-una-exposicion\\\/\"},\"wordCount\":935,\"commentCount\":0,\"publisher\":{\"@id\":\"https:\\\/\\\/www.rmcr.org\\\/en\\\/#organization\"},\"image\":{\"@id\":\"https:\\\/\\\/www.rmcr.org\\\/en\\\/2014\\\/04\\\/15\\\/la-biblioteca-de-la-real-maestranza-celebra-el-dia-del-libro-con-una-exposicion\\\/#primaryimage\"},\"thumbnailUrl\":\"https:\\\/\\\/www.rmcr.org\\\/wp-content\\\/uploads\\\/2022\\\/10\\\/exp.jpg\",\"keywords\":[\"Bibliograf\u00edas\",\"Biblioteca\",\"D\u00eda Internacional del Libro\",\"Francisco Giner de los R\u00edos\",\"Instituci\u00f3n Libre de Ense\u00f1anza\",\"Libros\",\"Ronda\"],\"articleSection\":[\"Biblioteca\",\"D\u00eda Internacional del Libro\",\"Exposiciones\"],\"inLanguage\":\"en-US\",\"potentialAction\":[{\"@type\":\"CommentAction\",\"name\":\"Comment\",\"target\":[\"https:\\\/\\\/www.rmcr.org\\\/en\\\/2014\\\/04\\\/15\\\/la-biblioteca-de-la-real-maestranza-celebra-el-dia-del-libro-con-una-exposicion\\\/#respond\"]}]},{\"@type\":\"WebPage\",\"@id\":\"https:\\\/\\\/www.rmcr.org\\\/en\\\/2014\\\/04\\\/15\\\/la-biblioteca-de-la-real-maestranza-celebra-el-dia-del-libro-con-una-exposicion\\\/\",\"url\":\"https:\\\/\\\/www.rmcr.org\\\/en\\\/2014\\\/04\\\/15\\\/la-biblioteca-de-la-real-maestranza-celebra-el-dia-del-libro-con-una-exposicion\\\/\",\"name\":\"La Biblioteca de la Real Maestranza celebra el D\u00eda del Libro con una exposici\u00f3n - Real Maestranza de Caballer\u00eda de Ronda\",\"isPartOf\":{\"@id\":\"https:\\\/\\\/www.rmcr.org\\\/en\\\/#website\"},\"primaryImageOfPage\":{\"@id\":\"https:\\\/\\\/www.rmcr.org\\\/en\\\/2014\\\/04\\\/15\\\/la-biblioteca-de-la-real-maestranza-celebra-el-dia-del-libro-con-una-exposicion\\\/#primaryimage\"},\"image\":{\"@id\":\"https:\\\/\\\/www.rmcr.org\\\/en\\\/2014\\\/04\\\/15\\\/la-biblioteca-de-la-real-maestranza-celebra-el-dia-del-libro-con-una-exposicion\\\/#primaryimage\"},\"thumbnailUrl\":\"https:\\\/\\\/www.rmcr.org\\\/wp-content\\\/uploads\\\/2022\\\/10\\\/exp.jpg\",\"datePublished\":\"2014-04-15T08:06:48+00:00\",\"dateModified\":\"2025-04-02T16:54:30+00:00\",\"breadcrumb\":{\"@id\":\"https:\\\/\\\/www.rmcr.org\\\/en\\\/2014\\\/04\\\/15\\\/la-biblioteca-de-la-real-maestranza-celebra-el-dia-del-libro-con-una-exposicion\\\/#breadcrumb\"},\"inLanguage\":\"en-US\",\"potentialAction\":[{\"@type\":\"ReadAction\",\"target\":[\"https:\\\/\\\/www.rmcr.org\\\/en\\\/2014\\\/04\\\/15\\\/la-biblioteca-de-la-real-maestranza-celebra-el-dia-del-libro-con-una-exposicion\\\/\"]}]},{\"@type\":\"ImageObject\",\"inLanguage\":\"en-US\",\"@id\":\"https:\\\/\\\/www.rmcr.org\\\/en\\\/2014\\\/04\\\/15\\\/la-biblioteca-de-la-real-maestranza-celebra-el-dia-del-libro-con-una-exposicion\\\/#primaryimage\",\"url\":\"https:\\\/\\\/www.rmcr.org\\\/wp-content\\\/uploads\\\/2022\\\/10\\\/exp.jpg\",\"contentUrl\":\"https:\\\/\\\/www.rmcr.org\\\/wp-content\\\/uploads\\\/2022\\\/10\\\/exp.jpg\",\"width\":482,\"height\":143},{\"@type\":\"BreadcrumbList\",\"@id\":\"https:\\\/\\\/www.rmcr.org\\\/en\\\/2014\\\/04\\\/15\\\/la-biblioteca-de-la-real-maestranza-celebra-el-dia-del-libro-con-una-exposicion\\\/#breadcrumb\",\"itemListElement\":[{\"@type\":\"ListItem\",\"position\":1,\"name\":\"REAL MAESTRANZA DE CABALLER\u00cdA DE RONDA\",\"item\":\"https:\\\/\\\/www.rmcr.org\\\/en\\\/\"},{\"@type\":\"ListItem\",\"position\":2,\"name\":\"La Biblioteca de la Real Maestranza celebra el D\u00eda del Libro con una exposici\u00f3n\"}]},{\"@type\":\"WebSite\",\"@id\":\"https:\\\/\\\/www.rmcr.org\\\/en\\\/#website\",\"url\":\"https:\\\/\\\/www.rmcr.org\\\/en\\\/\",\"name\":\"Real Maestranza de Caballer\u00eda de Ronda\",\"description\":\"Real Maestranza de Caballer\u00eda de Ronda\",\"publisher\":{\"@id\":\"https:\\\/\\\/www.rmcr.org\\\/en\\\/#organization\"},\"alternateName\":\"RMCR\",\"potentialAction\":[{\"@type\":\"SearchAction\",\"target\":{\"@type\":\"EntryPoint\",\"urlTemplate\":\"https:\\\/\\\/www.rmcr.org\\\/en\\\/?s={search_term_string}\"},\"query-input\":{\"@type\":\"PropertyValueSpecification\",\"valueRequired\":true,\"valueName\":\"search_term_string\"}}],\"inLanguage\":\"en-US\"},{\"@type\":\"Organization\",\"@id\":\"https:\\\/\\\/www.rmcr.org\\\/en\\\/#organization\",\"name\":\"Real Maestranza de Caballer\u00eda de Ronda\",\"alternateName\":\"RMR\",\"url\":\"https:\\\/\\\/www.rmcr.org\\\/en\\\/\",\"logo\":{\"@type\":\"ImageObject\",\"inLanguage\":\"en-US\",\"@id\":\"https:\\\/\\\/www.rmcr.org\\\/en\\\/#\\\/schema\\\/logo\\\/image\\\/\",\"url\":\"https:\\\/\\\/www.rmcr.org\\\/wp-content\\\/uploads\\\/2022\\\/07\\\/logo-rmr-blue.svg\",\"contentUrl\":\"https:\\\/\\\/www.rmcr.org\\\/wp-content\\\/uploads\\\/2022\\\/07\\\/logo-rmr-blue.svg\",\"width\":131,\"height\":129,\"caption\":\"Real Maestranza de Caballer\u00eda de Ronda\"},\"image\":{\"@id\":\"https:\\\/\\\/www.rmcr.org\\\/en\\\/#\\\/schema\\\/logo\\\/image\\\/\"},\"sameAs\":[\"https:\\\/\\\/www.facebook.com\\\/plazadetorosronda\",\"https:\\\/\\\/x.com\\\/PlazatorosRMR\",\"https:\\\/\\\/www.instagram.com\\\/realmaestranzaderonda\\\/\",\"https:\\\/\\\/www.youtube.com\\\/channel\\\/UCrbO5IUN-8v_QML739vM4zg\\\/videos\"]},{\"@type\":\"Person\",\"@id\":\"https:\\\/\\\/www.rmcr.org\\\/en\\\/#\\\/schema\\\/person\\\/80849edee7ef556893505128619ea1d0\",\"name\":\"BIBLIOTECA\",\"image\":{\"@type\":\"ImageObject\",\"inLanguage\":\"en-US\",\"@id\":\"https:\\\/\\\/www.rmcr.org\\\/wp-content\\\/uploads\\\/2022\\\/11\\\/avatar-rmcr-96x96.png\",\"url\":\"https:\\\/\\\/www.rmcr.org\\\/wp-content\\\/uploads\\\/2022\\\/11\\\/avatar-rmcr-96x96.png\",\"contentUrl\":\"https:\\\/\\\/www.rmcr.org\\\/wp-content\\\/uploads\\\/2022\\\/11\\\/avatar-rmcr-96x96.png\",\"caption\":\"BIBLIOTECA\"},\"url\":\"https:\\\/\\\/www.rmcr.org\\\/en\\\/author\\\/juan-antonio-moreno\\\/\"}]}<\/script>\n<!-- \/ Yoast SEO plugin. -->","yoast_head_json":{"title":"La Biblioteca de la Real Maestranza celebra el D\u00eda del Libro con una exposici\u00f3n - Real Maestranza de Caballer\u00eda de Ronda","robots":{"index":"index","follow":"follow","max-snippet":"max-snippet:-1","max-image-preview":"max-image-preview:large","max-video-preview":"max-video-preview:-1"},"canonical":"https:\/\/www.rmcr.org\/en\/2014\/04\/15\/la-biblioteca-de-la-real-maestranza-celebra-el-dia-del-libro-con-una-exposicion\/","og_locale":"en_US","og_type":"article","og_title":"La Biblioteca de la Real Maestranza celebra el D\u00eda del Libro con una exposici\u00f3n - Real Maestranza de Caballer\u00eda de Ronda","og_description":"La muestra titulada \u201cFrancisco Giner, fundador de la Instituci\u00f3n Libre de Ense\u00f1anza\u201d exhibir\u00e1 una selecci\u00f3n de ejemplares alusivos al fil\u00f3sofo y pedagogo nacido en la ciudad de Ronda el 10 de octubre de 1839. El pr\u00f3ximo mi\u00e9rcoles 23 de abril se celebra a nivel mundial el D\u00eda Internacional del Libro, promulgado por la UNESCO desde [&hellip;]","og_url":"https:\/\/www.rmcr.org\/en\/2014\/04\/15\/la-biblioteca-de-la-real-maestranza-celebra-el-dia-del-libro-con-una-exposicion\/","og_site_name":"Real Maestranza de Caballer\u00eda de Ronda","article_publisher":"https:\/\/www.facebook.com\/plazadetorosronda","article_published_time":"2014-04-15T08:06:48+00:00","article_modified_time":"2025-04-02T16:54:30+00:00","og_image":[{"width":482,"height":143,"url":"https:\/\/www.rmcr.org\/wp-content\/uploads\/2022\/10\/exp.jpg","type":"image\/jpeg"}],"author":"BIBLIOTECA","twitter_card":"summary_large_image","twitter_creator":"@PlazatorosRMR","twitter_site":"@PlazatorosRMR","twitter_misc":{"Written by":"BIBLIOTECA","Est. reading time":"5 minutes"},"schema":{"@context":"https:\/\/schema.org","@graph":[{"@type":"Article","@id":"https:\/\/www.rmcr.org\/en\/2014\/04\/15\/la-biblioteca-de-la-real-maestranza-celebra-el-dia-del-libro-con-una-exposicion\/#article","isPartOf":{"@id":"https:\/\/www.rmcr.org\/en\/2014\/04\/15\/la-biblioteca-de-la-real-maestranza-celebra-el-dia-del-libro-con-una-exposicion\/"},"author":{"name":"BIBLIOTECA","@id":"https:\/\/www.rmcr.org\/en\/#\/schema\/person\/80849edee7ef556893505128619ea1d0"},"headline":"La Biblioteca de la Real Maestranza celebra el D\u00eda del Libro con una exposici\u00f3n","datePublished":"2014-04-15T08:06:48+00:00","dateModified":"2025-04-02T16:54:30+00:00","mainEntityOfPage":{"@id":"https:\/\/www.rmcr.org\/en\/2014\/04\/15\/la-biblioteca-de-la-real-maestranza-celebra-el-dia-del-libro-con-una-exposicion\/"},"wordCount":935,"commentCount":0,"publisher":{"@id":"https:\/\/www.rmcr.org\/en\/#organization"},"image":{"@id":"https:\/\/www.rmcr.org\/en\/2014\/04\/15\/la-biblioteca-de-la-real-maestranza-celebra-el-dia-del-libro-con-una-exposicion\/#primaryimage"},"thumbnailUrl":"https:\/\/www.rmcr.org\/wp-content\/uploads\/2022\/10\/exp.jpg","keywords":["Bibliograf\u00edas","Biblioteca","D\u00eda Internacional del Libro","Francisco Giner de los R\u00edos","Instituci\u00f3n Libre de Ense\u00f1anza","Libros","Ronda"],"articleSection":["Biblioteca","D\u00eda Internacional del Libro","Exposiciones"],"inLanguage":"en-US","potentialAction":[{"@type":"CommentAction","name":"Comment","target":["https:\/\/www.rmcr.org\/en\/2014\/04\/15\/la-biblioteca-de-la-real-maestranza-celebra-el-dia-del-libro-con-una-exposicion\/#respond"]}]},{"@type":"WebPage","@id":"https:\/\/www.rmcr.org\/en\/2014\/04\/15\/la-biblioteca-de-la-real-maestranza-celebra-el-dia-del-libro-con-una-exposicion\/","url":"https:\/\/www.rmcr.org\/en\/2014\/04\/15\/la-biblioteca-de-la-real-maestranza-celebra-el-dia-del-libro-con-una-exposicion\/","name":"La Biblioteca de la Real Maestranza celebra el D\u00eda del Libro con una exposici\u00f3n - Real Maestranza de Caballer\u00eda de Ronda","isPartOf":{"@id":"https:\/\/www.rmcr.org\/en\/#website"},"primaryImageOfPage":{"@id":"https:\/\/www.rmcr.org\/en\/2014\/04\/15\/la-biblioteca-de-la-real-maestranza-celebra-el-dia-del-libro-con-una-exposicion\/#primaryimage"},"image":{"@id":"https:\/\/www.rmcr.org\/en\/2014\/04\/15\/la-biblioteca-de-la-real-maestranza-celebra-el-dia-del-libro-con-una-exposicion\/#primaryimage"},"thumbnailUrl":"https:\/\/www.rmcr.org\/wp-content\/uploads\/2022\/10\/exp.jpg","datePublished":"2014-04-15T08:06:48+00:00","dateModified":"2025-04-02T16:54:30+00:00","breadcrumb":{"@id":"https:\/\/www.rmcr.org\/en\/2014\/04\/15\/la-biblioteca-de-la-real-maestranza-celebra-el-dia-del-libro-con-una-exposicion\/#breadcrumb"},"inLanguage":"en-US","potentialAction":[{"@type":"ReadAction","target":["https:\/\/www.rmcr.org\/en\/2014\/04\/15\/la-biblioteca-de-la-real-maestranza-celebra-el-dia-del-libro-con-una-exposicion\/"]}]},{"@type":"ImageObject","inLanguage":"en-US","@id":"https:\/\/www.rmcr.org\/en\/2014\/04\/15\/la-biblioteca-de-la-real-maestranza-celebra-el-dia-del-libro-con-una-exposicion\/#primaryimage","url":"https:\/\/www.rmcr.org\/wp-content\/uploads\/2022\/10\/exp.jpg","contentUrl":"https:\/\/www.rmcr.org\/wp-content\/uploads\/2022\/10\/exp.jpg","width":482,"height":143},{"@type":"BreadcrumbList","@id":"https:\/\/www.rmcr.org\/en\/2014\/04\/15\/la-biblioteca-de-la-real-maestranza-celebra-el-dia-del-libro-con-una-exposicion\/#breadcrumb","itemListElement":[{"@type":"ListItem","position":1,"name":"REAL MAESTRANZA DE CABALLER\u00cdA DE RONDA","item":"https:\/\/www.rmcr.org\/en\/"},{"@type":"ListItem","position":2,"name":"La Biblioteca de la Real Maestranza celebra el D\u00eda del Libro con una exposici\u00f3n"}]},{"@type":"WebSite","@id":"https:\/\/www.rmcr.org\/en\/#website","url":"https:\/\/www.rmcr.org\/en\/","name":"Real Maestranza de Caballer\u00eda de Ronda","description":"Real Maestranza de Caballer\u00eda de Ronda","publisher":{"@id":"https:\/\/www.rmcr.org\/en\/#organization"},"alternateName":"RMCR","potentialAction":[{"@type":"SearchAction","target":{"@type":"EntryPoint","urlTemplate":"https:\/\/www.rmcr.org\/en\/?s={search_term_string}"},"query-input":{"@type":"PropertyValueSpecification","valueRequired":true,"valueName":"search_term_string"}}],"inLanguage":"en-US"},{"@type":"Organization","@id":"https:\/\/www.rmcr.org\/en\/#organization","name":"Real Maestranza de Caballer\u00eda de Ronda","alternateName":"RMR","url":"https:\/\/www.rmcr.org\/en\/","logo":{"@type":"ImageObject","inLanguage":"en-US","@id":"https:\/\/www.rmcr.org\/en\/#\/schema\/logo\/image\/","url":"https:\/\/www.rmcr.org\/wp-content\/uploads\/2022\/07\/logo-rmr-blue.svg","contentUrl":"https:\/\/www.rmcr.org\/wp-content\/uploads\/2022\/07\/logo-rmr-blue.svg","width":131,"height":129,"caption":"Real Maestranza de Caballer\u00eda de Ronda"},"image":{"@id":"https:\/\/www.rmcr.org\/en\/#\/schema\/logo\/image\/"},"sameAs":["https:\/\/www.facebook.com\/plazadetorosronda","https:\/\/x.com\/PlazatorosRMR","https:\/\/www.instagram.com\/realmaestranzaderonda\/","https:\/\/www.youtube.com\/channel\/UCrbO5IUN-8v_QML739vM4zg\/videos"]},{"@type":"Person","@id":"https:\/\/www.rmcr.org\/en\/#\/schema\/person\/80849edee7ef556893505128619ea1d0","name":"BIBLIOTECA","image":{"@type":"ImageObject","inLanguage":"en-US","@id":"https:\/\/www.rmcr.org\/wp-content\/uploads\/2022\/11\/avatar-rmcr-96x96.png","url":"https:\/\/www.rmcr.org\/wp-content\/uploads\/2022\/11\/avatar-rmcr-96x96.png","contentUrl":"https:\/\/www.rmcr.org\/wp-content\/uploads\/2022\/11\/avatar-rmcr-96x96.png","caption":"BIBLIOTECA"},"url":"https:\/\/www.rmcr.org\/en\/author\/juan-antonio-moreno\/"}]}},"_links":{"self":[{"href":"https:\/\/www.rmcr.org\/en\/wp-json\/wp\/v2\/posts\/329","targetHints":{"allow":["GET"]}}],"collection":[{"href":"https:\/\/www.rmcr.org\/en\/wp-json\/wp\/v2\/posts"}],"about":[{"href":"https:\/\/www.rmcr.org\/en\/wp-json\/wp\/v2\/types\/post"}],"author":[{"embeddable":true,"href":"https:\/\/www.rmcr.org\/en\/wp-json\/wp\/v2\/users\/2"}],"replies":[{"embeddable":true,"href":"https:\/\/www.rmcr.org\/en\/wp-json\/wp\/v2\/comments?post=329"}],"version-history":[{"count":1,"href":"https:\/\/www.rmcr.org\/en\/wp-json\/wp\/v2\/posts\/329\/revisions"}],"predecessor-version":[{"id":11936,"href":"https:\/\/www.rmcr.org\/en\/wp-json\/wp\/v2\/posts\/329\/revisions\/11936"}],"wp:featuredmedia":[{"embeddable":true,"href":"https:\/\/www.rmcr.org\/en\/wp-json\/wp\/v2\/media\/11934"}],"wp:attachment":[{"href":"https:\/\/www.rmcr.org\/en\/wp-json\/wp\/v2\/media?parent=329"}],"wp:term":[{"taxonomy":"category","embeddable":true,"href":"https:\/\/www.rmcr.org\/en\/wp-json\/wp\/v2\/categories?post=329"},{"taxonomy":"post_tag","embeddable":true,"href":"https:\/\/www.rmcr.org\/en\/wp-json\/wp\/v2\/tags?post=329"}],"curies":[{"name":"wp","href":"https:\/\/api.w.org\/{rel}","templated":true}]}}