{"id":29,"date":"2013-05-16T19:15:46","date_gmt":"2013-05-16T19:15:46","guid":{"rendered":"https:\/\/www.rmcr.org\/?p=29"},"modified":"2023-02-14T11:39:27","modified_gmt":"2023-02-14T11:39:27","slug":"joaquin-legarre-visita-nuestra-escuela-y-nos-acompano-durante-la-manana-del-15-de-mayo","status":"publish","type":"post","link":"https:\/\/www.rmcr.org\/en\/2013\/05\/16\/joaquin-legarre-visita-nuestra-escuela-y-nos-acompano-durante-la-manana-del-15-de-mayo\/","title":{"rendered":"Joaquin Legarre visita nuestra Escuela y nos acompa\u00f1\u00f3 durante la ma\u00f1ana del 15 de mayo"},"content":{"rendered":"<p>El jinete internacional y entrenador de Doma Cl\u00e1sica Joaquin Legarre nos acompa\u00f1\u00f3 durante la jornada del mi\u00e9rcoles 15 de mayo en las diferentes clases de ma\u00f1ana correspondientes al Curso de Jinete-Profesor. A primera hora pudo conocer personalmente a los alumnos de primer a\u00f1o en las instalaciones de la Plaza de Toros con los caballos j\u00f3venes. Posteriormente continu\u00f3 con los caballos de base para finalizar, antes de comer, con los que cada uno tiene asignado en&nbsp; la clase de Doma Cl\u00e1sica. Despu\u00e9s de una foto de grupo y antes de partir hacia sus instalaciones de Estepona el jinete navarro tuvo la ocasi\u00f3n de compartir un caf\u00e9-coloquio con los tres profesores del Curso y sus seis alumnos.<\/p>\n<p><a href=\"https:\/\/www.rmcr.org\/wp-content\/uploads\/2013\/05\/3.jpg\"><img fetchpriority=\"high\" decoding=\"async\" class=\"alignnone size-medium wp-image-30\" alt=\"3\" src=\"https:\/\/www.rmcr.org\/wp-content\/uploads\/2013\/05\/3.jpg?w=300\" width=\"879\" height=\"518\" srcset=\"https:\/\/www.rmcr.org\/wp-content\/uploads\/2013\/05\/3.jpg 1024w, https:\/\/www.rmcr.org\/wp-content\/uploads\/2013\/05\/3-300x177.jpg 300w, https:\/\/www.rmcr.org\/wp-content\/uploads\/2013\/05\/3-768x454.jpg 768w\" sizes=\"(max-width: 879px) 100vw, 879px\" \/><\/a><\/p>\n","protected":false},"excerpt":{"rendered":"<p>El jinete internacional y entrenador de Doma Cl\u00e1sica Joaquin Legarre nos acompa\u00f1\u00f3 durante la jornada del mi\u00e9rcoles 15 de mayo en las diferentes clases de ma\u00f1ana correspondientes al Curso de Jinete-Profesor. A primera hora pudo conocer personalmente a los alumnos de primer a\u00f1o en las instalaciones de la Plaza de Toros con los caballos j\u00f3venes. [&hellip;]<\/p>\n","protected":false},"author":7,"featured_media":7488,"comment_status":"closed","ping_status":"open","sticky":false,"template":"","format":"standard","meta":{"footnotes":""},"categories":[45],"tags":[],"class_list":["post-29","post","type-post","status-publish","format-standard","has-post-thumbnail","hentry","category-sin-categoria-equitacion"],"yoast_head":"<!-- This site is optimized with the Yoast SEO plugin v27.5 - https:\/\/yoast.com\/product\/yoast-seo-wordpress\/ -->\n<title>Joaquin Legarre visita nuestra Escuela y nos acompa\u00f1\u00f3 durante la ma\u00f1ana del 15 de mayo - Real Maestranza de Caballer\u00eda de Ronda<\/title>\n<meta name=\"robots\" content=\"index, follow, max-snippet:-1, max-image-preview:large, max-video-preview:-1\" \/>\n<link rel=\"canonical\" href=\"https:\/\/www.rmcr.org\/en\/2013\/05\/16\/joaquin-legarre-visita-nuestra-escuela-y-nos-acompano-durante-la-manana-del-15-de-mayo\/\" \/>\n<meta property=\"og:locale\" content=\"en_US\" \/>\n<meta property=\"og:type\" content=\"article\" \/>\n<meta property=\"og:title\" content=\"Joaquin Legarre visita nuestra Escuela y nos acompa\u00f1\u00f3 durante la ma\u00f1ana del 15 de mayo - Real Maestranza de Caballer\u00eda de Ronda\" \/>\n<meta property=\"og:description\" content=\"El jinete internacional y entrenador de Doma Cl\u00e1sica Joaquin Legarre nos acompa\u00f1\u00f3 durante la jornada del mi\u00e9rcoles 15 de mayo en las diferentes clases de ma\u00f1ana correspondientes al Curso de Jinete-Profesor. A primera hora pudo conocer personalmente a los alumnos de primer a\u00f1o en las instalaciones de la Plaza de Toros con los caballos j\u00f3venes. [&hellip;]\" \/>\n<meta property=\"og:url\" content=\"https:\/\/www.rmcr.org\/en\/2013\/05\/16\/joaquin-legarre-visita-nuestra-escuela-y-nos-acompano-durante-la-manana-del-15-de-mayo\/\" \/>\n<meta property=\"og:site_name\" content=\"Real Maestranza de Caballer\u00eda de Ronda\" \/>\n<meta property=\"article:publisher\" content=\"https:\/\/www.facebook.com\/plazadetorosronda\" \/>\n<meta property=\"article:published_time\" content=\"2013-05-16T19:15:46+00:00\" \/>\n<meta property=\"article:modified_time\" content=\"2023-02-14T11:39:27+00:00\" \/>\n<meta property=\"og:image\" content=\"https:\/\/www.rmcr.org\/wp-content\/uploads\/2013\/05\/3.jpg\" \/>\n\t<meta property=\"og:image:width\" content=\"1024\" \/>\n\t<meta property=\"og:image:height\" content=\"605\" \/>\n\t<meta property=\"og:image:type\" content=\"image\/jpeg\" \/>\n<meta name=\"author\" content=\"RMCR\" \/>\n<meta name=\"twitter:card\" content=\"summary_large_image\" \/>\n<meta name=\"twitter:creator\" content=\"@PlazatorosRMR\" \/>\n<meta name=\"twitter:site\" content=\"@PlazatorosRMR\" \/>\n<meta name=\"twitter:label1\" content=\"Written by\" \/>\n\t<meta name=\"twitter:data1\" content=\"RMCR\" \/>\n\t<meta name=\"twitter:label2\" content=\"Est. reading time\" \/>\n\t<meta name=\"twitter:data2\" content=\"1 minute\" \/>\n<script type=\"application\/ld+json\" class=\"yoast-schema-graph\">{\"@context\":\"https:\\\/\\\/schema.org\",\"@graph\":[{\"@type\":\"Article\",\"@id\":\"https:\\\/\\\/www.rmcr.org\\\/en\\\/2013\\\/05\\\/16\\\/joaquin-legarre-visita-nuestra-escuela-y-nos-acompano-durante-la-manana-del-15-de-mayo\\\/#article\",\"isPartOf\":{\"@id\":\"https:\\\/\\\/www.rmcr.org\\\/en\\\/2013\\\/05\\\/16\\\/joaquin-legarre-visita-nuestra-escuela-y-nos-acompano-durante-la-manana-del-15-de-mayo\\\/\"},\"author\":{\"name\":\"RMCR\",\"@id\":\"https:\\\/\\\/www.rmcr.org\\\/en\\\/#\\\/schema\\\/person\\\/7ddd0dafda7edd0e407157f93a56df4f\"},\"headline\":\"Joaquin Legarre visita nuestra Escuela y nos acompa\u00f1\u00f3 durante la ma\u00f1ana del 15 de mayo\",\"datePublished\":\"2013-05-16T19:15:46+00:00\",\"dateModified\":\"2023-02-14T11:39:27+00:00\",\"mainEntityOfPage\":{\"@id\":\"https:\\\/\\\/www.rmcr.org\\\/en\\\/2013\\\/05\\\/16\\\/joaquin-legarre-visita-nuestra-escuela-y-nos-acompano-durante-la-manana-del-15-de-mayo\\\/\"},\"wordCount\":139,\"publisher\":{\"@id\":\"https:\\\/\\\/www.rmcr.org\\\/en\\\/#organization\"},\"image\":{\"@id\":\"https:\\\/\\\/www.rmcr.org\\\/en\\\/2013\\\/05\\\/16\\\/joaquin-legarre-visita-nuestra-escuela-y-nos-acompano-durante-la-manana-del-15-de-mayo\\\/#primaryimage\"},\"thumbnailUrl\":\"https:\\\/\\\/www.rmcr.org\\\/wp-content\\\/uploads\\\/2013\\\/05\\\/3.jpg\",\"articleSection\":[\"Sin categor\u00eda Equitaci\u00f3n\"],\"inLanguage\":\"en-US\"},{\"@type\":\"WebPage\",\"@id\":\"https:\\\/\\\/www.rmcr.org\\\/en\\\/2013\\\/05\\\/16\\\/joaquin-legarre-visita-nuestra-escuela-y-nos-acompano-durante-la-manana-del-15-de-mayo\\\/\",\"url\":\"https:\\\/\\\/www.rmcr.org\\\/en\\\/2013\\\/05\\\/16\\\/joaquin-legarre-visita-nuestra-escuela-y-nos-acompano-durante-la-manana-del-15-de-mayo\\\/\",\"name\":\"Joaquin Legarre visita nuestra Escuela y nos acompa\u00f1\u00f3 durante la ma\u00f1ana del 15 de mayo - Real Maestranza de Caballer\u00eda de Ronda\",\"isPartOf\":{\"@id\":\"https:\\\/\\\/www.rmcr.org\\\/en\\\/#website\"},\"primaryImageOfPage\":{\"@id\":\"https:\\\/\\\/www.rmcr.org\\\/en\\\/2013\\\/05\\\/16\\\/joaquin-legarre-visita-nuestra-escuela-y-nos-acompano-durante-la-manana-del-15-de-mayo\\\/#primaryimage\"},\"image\":{\"@id\":\"https:\\\/\\\/www.rmcr.org\\\/en\\\/2013\\\/05\\\/16\\\/joaquin-legarre-visita-nuestra-escuela-y-nos-acompano-durante-la-manana-del-15-de-mayo\\\/#primaryimage\"},\"thumbnailUrl\":\"https:\\\/\\\/www.rmcr.org\\\/wp-content\\\/uploads\\\/2013\\\/05\\\/3.jpg\",\"datePublished\":\"2013-05-16T19:15:46+00:00\",\"dateModified\":\"2023-02-14T11:39:27+00:00\",\"breadcrumb\":{\"@id\":\"https:\\\/\\\/www.rmcr.org\\\/en\\\/2013\\\/05\\\/16\\\/joaquin-legarre-visita-nuestra-escuela-y-nos-acompano-durante-la-manana-del-15-de-mayo\\\/#breadcrumb\"},\"inLanguage\":\"en-US\",\"potentialAction\":[{\"@type\":\"ReadAction\",\"target\":[\"https:\\\/\\\/www.rmcr.org\\\/en\\\/2013\\\/05\\\/16\\\/joaquin-legarre-visita-nuestra-escuela-y-nos-acompano-durante-la-manana-del-15-de-mayo\\\/\"]}]},{\"@type\":\"ImageObject\",\"inLanguage\":\"en-US\",\"@id\":\"https:\\\/\\\/www.rmcr.org\\\/en\\\/2013\\\/05\\\/16\\\/joaquin-legarre-visita-nuestra-escuela-y-nos-acompano-durante-la-manana-del-15-de-mayo\\\/#primaryimage\",\"url\":\"https:\\\/\\\/www.rmcr.org\\\/wp-content\\\/uploads\\\/2013\\\/05\\\/3.jpg\",\"contentUrl\":\"https:\\\/\\\/www.rmcr.org\\\/wp-content\\\/uploads\\\/2013\\\/05\\\/3.jpg\",\"width\":1024,\"height\":605},{\"@type\":\"BreadcrumbList\",\"@id\":\"https:\\\/\\\/www.rmcr.org\\\/en\\\/2013\\\/05\\\/16\\\/joaquin-legarre-visita-nuestra-escuela-y-nos-acompano-durante-la-manana-del-15-de-mayo\\\/#breadcrumb\",\"itemListElement\":[{\"@type\":\"ListItem\",\"position\":1,\"name\":\"REAL MAESTRANZA DE CABALLER\u00cdA DE RONDA\",\"item\":\"https:\\\/\\\/www.rmcr.org\\\/en\\\/\"},{\"@type\":\"ListItem\",\"position\":2,\"name\":\"Joaquin Legarre visita nuestra Escuela y nos acompa\u00f1\u00f3 durante la ma\u00f1ana del 15 de mayo\"}]},{\"@type\":\"WebSite\",\"@id\":\"https:\\\/\\\/www.rmcr.org\\\/en\\\/#website\",\"url\":\"https:\\\/\\\/www.rmcr.org\\\/en\\\/\",\"name\":\"Real Maestranza de Caballer\u00eda de Ronda\",\"description\":\"Real Maestranza de Caballer\u00eda de Ronda\",\"publisher\":{\"@id\":\"https:\\\/\\\/www.rmcr.org\\\/en\\\/#organization\"},\"alternateName\":\"RMCR\",\"potentialAction\":[{\"@type\":\"SearchAction\",\"target\":{\"@type\":\"EntryPoint\",\"urlTemplate\":\"https:\\\/\\\/www.rmcr.org\\\/en\\\/?s={search_term_string}\"},\"query-input\":{\"@type\":\"PropertyValueSpecification\",\"valueRequired\":true,\"valueName\":\"search_term_string\"}}],\"inLanguage\":\"en-US\"},{\"@type\":\"Organization\",\"@id\":\"https:\\\/\\\/www.rmcr.org\\\/en\\\/#organization\",\"name\":\"Real Maestranza de Caballer\u00eda de Ronda\",\"alternateName\":\"RMR\",\"url\":\"https:\\\/\\\/www.rmcr.org\\\/en\\\/\",\"logo\":{\"@type\":\"ImageObject\",\"inLanguage\":\"en-US\",\"@id\":\"https:\\\/\\\/www.rmcr.org\\\/en\\\/#\\\/schema\\\/logo\\\/image\\\/\",\"url\":\"https:\\\/\\\/www.rmcr.org\\\/wp-content\\\/uploads\\\/2022\\\/07\\\/logo-rmr-blue.svg\",\"contentUrl\":\"https:\\\/\\\/www.rmcr.org\\\/wp-content\\\/uploads\\\/2022\\\/07\\\/logo-rmr-blue.svg\",\"width\":131,\"height\":129,\"caption\":\"Real Maestranza de Caballer\u00eda de Ronda\"},\"image\":{\"@id\":\"https:\\\/\\\/www.rmcr.org\\\/en\\\/#\\\/schema\\\/logo\\\/image\\\/\"},\"sameAs\":[\"https:\\\/\\\/www.facebook.com\\\/plazadetorosronda\",\"https:\\\/\\\/x.com\\\/PlazatorosRMR\",\"https:\\\/\\\/www.instagram.com\\\/realmaestranzaderonda\\\/\",\"https:\\\/\\\/www.youtube.com\\\/channel\\\/UCrbO5IUN-8v_QML739vM4zg\\\/videos\"]},{\"@type\":\"Person\",\"@id\":\"https:\\\/\\\/www.rmcr.org\\\/en\\\/#\\\/schema\\\/person\\\/7ddd0dafda7edd0e407157f93a56df4f\",\"name\":\"RMCR\",\"image\":{\"@type\":\"ImageObject\",\"inLanguage\":\"en-US\",\"@id\":\"https:\\\/\\\/secure.gravatar.com\\\/avatar\\\/adb75798b50800c24baa6a8706037b9469998c49eddeb95935f50f633cff80bb?s=96&d=mm&r=g\",\"url\":\"https:\\\/\\\/secure.gravatar.com\\\/avatar\\\/adb75798b50800c24baa6a8706037b9469998c49eddeb95935f50f633cff80bb?s=96&d=mm&r=g\",\"contentUrl\":\"https:\\\/\\\/secure.gravatar.com\\\/avatar\\\/adb75798b50800c24baa6a8706037b9469998c49eddeb95935f50f633cff80bb?s=96&d=mm&r=g\",\"caption\":\"RMCR\"},\"url\":\"https:\\\/\\\/www.rmcr.org\\\/en\\\/author\\\/bitniks77\\\/\"}]}<\/script>\n<!-- \/ Yoast SEO plugin. -->","yoast_head_json":{"title":"Joaquin Legarre visita nuestra Escuela y nos acompa\u00f1\u00f3 durante la ma\u00f1ana del 15 de mayo - Real Maestranza de Caballer\u00eda de Ronda","robots":{"index":"index","follow":"follow","max-snippet":"max-snippet:-1","max-image-preview":"max-image-preview:large","max-video-preview":"max-video-preview:-1"},"canonical":"https:\/\/www.rmcr.org\/en\/2013\/05\/16\/joaquin-legarre-visita-nuestra-escuela-y-nos-acompano-durante-la-manana-del-15-de-mayo\/","og_locale":"en_US","og_type":"article","og_title":"Joaquin Legarre visita nuestra Escuela y nos acompa\u00f1\u00f3 durante la ma\u00f1ana del 15 de mayo - Real Maestranza de Caballer\u00eda de Ronda","og_description":"El jinete internacional y entrenador de Doma Cl\u00e1sica Joaquin Legarre nos acompa\u00f1\u00f3 durante la jornada del mi\u00e9rcoles 15 de mayo en las diferentes clases de ma\u00f1ana correspondientes al Curso de Jinete-Profesor. A primera hora pudo conocer personalmente a los alumnos de primer a\u00f1o en las instalaciones de la Plaza de Toros con los caballos j\u00f3venes. [&hellip;]","og_url":"https:\/\/www.rmcr.org\/en\/2013\/05\/16\/joaquin-legarre-visita-nuestra-escuela-y-nos-acompano-durante-la-manana-del-15-de-mayo\/","og_site_name":"Real Maestranza de Caballer\u00eda de Ronda","article_publisher":"https:\/\/www.facebook.com\/plazadetorosronda","article_published_time":"2013-05-16T19:15:46+00:00","article_modified_time":"2023-02-14T11:39:27+00:00","og_image":[{"width":1024,"height":605,"url":"https:\/\/www.rmcr.org\/wp-content\/uploads\/2013\/05\/3.jpg","type":"image\/jpeg"}],"author":"RMCR","twitter_card":"summary_large_image","twitter_creator":"@PlazatorosRMR","twitter_site":"@PlazatorosRMR","twitter_misc":{"Written by":"RMCR","Est. reading time":"1 minute"},"schema":{"@context":"https:\/\/schema.org","@graph":[{"@type":"Article","@id":"https:\/\/www.rmcr.org\/en\/2013\/05\/16\/joaquin-legarre-visita-nuestra-escuela-y-nos-acompano-durante-la-manana-del-15-de-mayo\/#article","isPartOf":{"@id":"https:\/\/www.rmcr.org\/en\/2013\/05\/16\/joaquin-legarre-visita-nuestra-escuela-y-nos-acompano-durante-la-manana-del-15-de-mayo\/"},"author":{"name":"RMCR","@id":"https:\/\/www.rmcr.org\/en\/#\/schema\/person\/7ddd0dafda7edd0e407157f93a56df4f"},"headline":"Joaquin Legarre visita nuestra Escuela y nos acompa\u00f1\u00f3 durante la ma\u00f1ana del 15 de mayo","datePublished":"2013-05-16T19:15:46+00:00","dateModified":"2023-02-14T11:39:27+00:00","mainEntityOfPage":{"@id":"https:\/\/www.rmcr.org\/en\/2013\/05\/16\/joaquin-legarre-visita-nuestra-escuela-y-nos-acompano-durante-la-manana-del-15-de-mayo\/"},"wordCount":139,"publisher":{"@id":"https:\/\/www.rmcr.org\/en\/#organization"},"image":{"@id":"https:\/\/www.rmcr.org\/en\/2013\/05\/16\/joaquin-legarre-visita-nuestra-escuela-y-nos-acompano-durante-la-manana-del-15-de-mayo\/#primaryimage"},"thumbnailUrl":"https:\/\/www.rmcr.org\/wp-content\/uploads\/2013\/05\/3.jpg","articleSection":["Sin categor\u00eda Equitaci\u00f3n"],"inLanguage":"en-US"},{"@type":"WebPage","@id":"https:\/\/www.rmcr.org\/en\/2013\/05\/16\/joaquin-legarre-visita-nuestra-escuela-y-nos-acompano-durante-la-manana-del-15-de-mayo\/","url":"https:\/\/www.rmcr.org\/en\/2013\/05\/16\/joaquin-legarre-visita-nuestra-escuela-y-nos-acompano-durante-la-manana-del-15-de-mayo\/","name":"Joaquin Legarre visita nuestra Escuela y nos acompa\u00f1\u00f3 durante la ma\u00f1ana del 15 de mayo - Real Maestranza de Caballer\u00eda de Ronda","isPartOf":{"@id":"https:\/\/www.rmcr.org\/en\/#website"},"primaryImageOfPage":{"@id":"https:\/\/www.rmcr.org\/en\/2013\/05\/16\/joaquin-legarre-visita-nuestra-escuela-y-nos-acompano-durante-la-manana-del-15-de-mayo\/#primaryimage"},"image":{"@id":"https:\/\/www.rmcr.org\/en\/2013\/05\/16\/joaquin-legarre-visita-nuestra-escuela-y-nos-acompano-durante-la-manana-del-15-de-mayo\/#primaryimage"},"thumbnailUrl":"https:\/\/www.rmcr.org\/wp-content\/uploads\/2013\/05\/3.jpg","datePublished":"2013-05-16T19:15:46+00:00","dateModified":"2023-02-14T11:39:27+00:00","breadcrumb":{"@id":"https:\/\/www.rmcr.org\/en\/2013\/05\/16\/joaquin-legarre-visita-nuestra-escuela-y-nos-acompano-durante-la-manana-del-15-de-mayo\/#breadcrumb"},"inLanguage":"en-US","potentialAction":[{"@type":"ReadAction","target":["https:\/\/www.rmcr.org\/en\/2013\/05\/16\/joaquin-legarre-visita-nuestra-escuela-y-nos-acompano-durante-la-manana-del-15-de-mayo\/"]}]},{"@type":"ImageObject","inLanguage":"en-US","@id":"https:\/\/www.rmcr.org\/en\/2013\/05\/16\/joaquin-legarre-visita-nuestra-escuela-y-nos-acompano-durante-la-manana-del-15-de-mayo\/#primaryimage","url":"https:\/\/www.rmcr.org\/wp-content\/uploads\/2013\/05\/3.jpg","contentUrl":"https:\/\/www.rmcr.org\/wp-content\/uploads\/2013\/05\/3.jpg","width":1024,"height":605},{"@type":"BreadcrumbList","@id":"https:\/\/www.rmcr.org\/en\/2013\/05\/16\/joaquin-legarre-visita-nuestra-escuela-y-nos-acompano-durante-la-manana-del-15-de-mayo\/#breadcrumb","itemListElement":[{"@type":"ListItem","position":1,"name":"REAL MAESTRANZA DE CABALLER\u00cdA DE RONDA","item":"https:\/\/www.rmcr.org\/en\/"},{"@type":"ListItem","position":2,"name":"Joaquin Legarre visita nuestra Escuela y nos acompa\u00f1\u00f3 durante la ma\u00f1ana del 15 de mayo"}]},{"@type":"WebSite","@id":"https:\/\/www.rmcr.org\/en\/#website","url":"https:\/\/www.rmcr.org\/en\/","name":"Real Maestranza de Caballer\u00eda de Ronda","description":"Real Maestranza de Caballer\u00eda de Ronda","publisher":{"@id":"https:\/\/www.rmcr.org\/en\/#organization"},"alternateName":"RMCR","potentialAction":[{"@type":"SearchAction","target":{"@type":"EntryPoint","urlTemplate":"https:\/\/www.rmcr.org\/en\/?s={search_term_string}"},"query-input":{"@type":"PropertyValueSpecification","valueRequired":true,"valueName":"search_term_string"}}],"inLanguage":"en-US"},{"@type":"Organization","@id":"https:\/\/www.rmcr.org\/en\/#organization","name":"Real Maestranza de Caballer\u00eda de Ronda","alternateName":"RMR","url":"https:\/\/www.rmcr.org\/en\/","logo":{"@type":"ImageObject","inLanguage":"en-US","@id":"https:\/\/www.rmcr.org\/en\/#\/schema\/logo\/image\/","url":"https:\/\/www.rmcr.org\/wp-content\/uploads\/2022\/07\/logo-rmr-blue.svg","contentUrl":"https:\/\/www.rmcr.org\/wp-content\/uploads\/2022\/07\/logo-rmr-blue.svg","width":131,"height":129,"caption":"Real Maestranza de Caballer\u00eda de Ronda"},"image":{"@id":"https:\/\/www.rmcr.org\/en\/#\/schema\/logo\/image\/"},"sameAs":["https:\/\/www.facebook.com\/plazadetorosronda","https:\/\/x.com\/PlazatorosRMR","https:\/\/www.instagram.com\/realmaestranzaderonda\/","https:\/\/www.youtube.com\/channel\/UCrbO5IUN-8v_QML739vM4zg\/videos"]},{"@type":"Person","@id":"https:\/\/www.rmcr.org\/en\/#\/schema\/person\/7ddd0dafda7edd0e407157f93a56df4f","name":"RMCR","image":{"@type":"ImageObject","inLanguage":"en-US","@id":"https:\/\/secure.gravatar.com\/avatar\/adb75798b50800c24baa6a8706037b9469998c49eddeb95935f50f633cff80bb?s=96&d=mm&r=g","url":"https:\/\/secure.gravatar.com\/avatar\/adb75798b50800c24baa6a8706037b9469998c49eddeb95935f50f633cff80bb?s=96&d=mm&r=g","contentUrl":"https:\/\/secure.gravatar.com\/avatar\/adb75798b50800c24baa6a8706037b9469998c49eddeb95935f50f633cff80bb?s=96&d=mm&r=g","caption":"RMCR"},"url":"https:\/\/www.rmcr.org\/en\/author\/bitniks77\/"}]}},"_links":{"self":[{"href":"https:\/\/www.rmcr.org\/en\/wp-json\/wp\/v2\/posts\/29","targetHints":{"allow":["GET"]}}],"collection":[{"href":"https:\/\/www.rmcr.org\/en\/wp-json\/wp\/v2\/posts"}],"about":[{"href":"https:\/\/www.rmcr.org\/en\/wp-json\/wp\/v2\/types\/post"}],"author":[{"embeddable":true,"href":"https:\/\/www.rmcr.org\/en\/wp-json\/wp\/v2\/users\/7"}],"replies":[{"embeddable":true,"href":"https:\/\/www.rmcr.org\/en\/wp-json\/wp\/v2\/comments?post=29"}],"version-history":[{"count":1,"href":"https:\/\/www.rmcr.org\/en\/wp-json\/wp\/v2\/posts\/29\/revisions"}],"predecessor-version":[{"id":15416,"href":"https:\/\/www.rmcr.org\/en\/wp-json\/wp\/v2\/posts\/29\/revisions\/15416"}],"wp:featuredmedia":[{"embeddable":true,"href":"https:\/\/www.rmcr.org\/en\/wp-json\/wp\/v2\/media\/7488"}],"wp:attachment":[{"href":"https:\/\/www.rmcr.org\/en\/wp-json\/wp\/v2\/media?parent=29"}],"wp:term":[{"taxonomy":"category","embeddable":true,"href":"https:\/\/www.rmcr.org\/en\/wp-json\/wp\/v2\/categories?post=29"},{"taxonomy":"post_tag","embeddable":true,"href":"https:\/\/www.rmcr.org\/en\/wp-json\/wp\/v2\/tags?post=29"}],"curies":[{"name":"wp","href":"https:\/\/api.w.org\/{rel}","templated":true}]}}