{"id":28,"date":"2013-05-08T15:30:59","date_gmt":"2013-05-08T15:30:59","guid":{"rendered":"https:\/\/www.rmcr.org\/?p=28"},"modified":"2025-04-04T10:20:07","modified_gmt":"2025-04-04T10:20:07","slug":"conferencia-los-archivos-a-traves-de-la-historia-familiar-2","status":"publish","type":"post","link":"https:\/\/www.rmcr.org\/en\/2013\/05\/08\/conferencia-los-archivos-a-traves-de-la-historia-familiar-2\/","title":{"rendered":"Conferencia: Los archivos a trav\u00e9s de la historia familiar"},"content":{"rendered":"<p><a href=\"https:\/\/www.rmcr.org\/wp-content\/uploads\/2013\/05\/archivo-informacic3a3c2b3n.jpg\"><img fetchpriority=\"high\" decoding=\"async\" class=\"wp-image-34 aligncenter\" src=\"https:\/\/www.rmcr.org\/wp-content\/uploads\/2013\/05\/archivo-informacic3a3c2b3n.jpg?w=200\" alt=\"Archivo informaci\u00c3\u00b3n\" width=\"333\" height=\"500\" \/><\/a><\/p>\n<p>El pasado 7 de mayo en la Sala de temas antequeranos de la Biblioteca supramunicipal de Antequera, el archivero de la Real Maestranza de Caballer\u00eda de Ronda particip\u00f3 en el Aula de Mayores con la ponencia &#8220;Los Archivos a trav\u00e9s de la historia familiar: Los Arrese de Antequera&#8221;.<\/p>\n<p>Esta colaboraci\u00f3n con el \u00e1rea de educaci\u00f3n del ayuntamiento antequerano, se enmarca en el proyecto de difusi\u00f3n de contenidos que lleva a cabo el archivo de la RMR. En esta ocasi\u00f3n el archivero habl\u00f3 de la historia de los Arrese, una familia vasco-andaluza procedente de Vergara y establecida en Antequera en 1512, a trav\u00e9s de su archivo privado que fue digitalizado por la RMR en 2011.<\/p>\n<p>Con estas sesiones se facilita el acceso a la informaci\u00f3n y la cultura a aquellas personas mayores de 55 y difundimos, a nivel provincial, la gesti\u00f3n del patrimonio documental que lleva a cabo el archivo de la Maestranza.<\/p>\n","protected":false},"excerpt":{"rendered":"<p>El pasado 7 de mayo en la Sala de temas antequeranos de la Biblioteca supramunicipal de Antequera, el archivero de la Real Maestranza de Caballer\u00eda de Ronda particip\u00f3 en el Aula de Mayores con la ponencia &#8220;Los Archivos a trav\u00e9s de la historia familiar: Los Arrese de Antequera&#8221;. Esta colaboraci\u00f3n con el \u00e1rea de educaci\u00f3n [&hellip;]<\/p>\n","protected":false},"author":3,"featured_media":15385,"comment_status":"open","ping_status":"open","sticky":false,"template":"","format":"standard","meta":{"footnotes":""},"categories":[134,31],"tags":[235,135,225,813],"class_list":["post-28","post","type-post","status-publish","format-standard","has-post-thumbnail","hentry","category-archivo","category-noticias","tag-archivo","tag-conferencias","tag-fondos-documentales","tag-francisco-rosales"],"yoast_head":"<!-- This site is optimized with the Yoast SEO plugin v27.5 - https:\/\/yoast.com\/product\/yoast-seo-wordpress\/ -->\n<title>Conferencia: Los archivos a trav\u00e9s de la historia familiar - Real Maestranza de Caballer\u00eda de Ronda<\/title>\n<meta name=\"robots\" content=\"index, follow, max-snippet:-1, max-image-preview:large, max-video-preview:-1\" \/>\n<link rel=\"canonical\" href=\"https:\/\/www.rmcr.org\/en\/2013\/05\/08\/conferencia-los-archivos-a-traves-de-la-historia-familiar-2\/\" \/>\n<meta property=\"og:locale\" content=\"en_US\" \/>\n<meta property=\"og:type\" content=\"article\" \/>\n<meta property=\"og:title\" content=\"Conferencia: Los archivos a trav\u00e9s de la historia familiar - Real Maestranza de Caballer\u00eda de Ronda\" \/>\n<meta property=\"og:description\" content=\"El pasado 7 de mayo en la Sala de temas antequeranos de la Biblioteca supramunicipal de Antequera, el archivero de la Real Maestranza de Caballer\u00eda de Ronda particip\u00f3 en el Aula de Mayores con la ponencia &#8220;Los Archivos a trav\u00e9s de la historia familiar: Los Arrese de Antequera&#8221;. Esta colaboraci\u00f3n con el \u00e1rea de educaci\u00f3n [&hellip;]\" \/>\n<meta property=\"og:url\" content=\"https:\/\/www.rmcr.org\/en\/2013\/05\/08\/conferencia-los-archivos-a-traves-de-la-historia-familiar-2\/\" \/>\n<meta property=\"og:site_name\" content=\"Real Maestranza de Caballer\u00eda de Ronda\" \/>\n<meta property=\"article:publisher\" content=\"https:\/\/www.facebook.com\/plazadetorosronda\" \/>\n<meta property=\"article:published_time\" content=\"2013-05-08T15:30:59+00:00\" \/>\n<meta property=\"article:modified_time\" content=\"2025-04-04T10:20:07+00:00\" \/>\n<meta property=\"og:image\" content=\"https:\/\/www.rmcr.org\/wp-content\/uploads\/2021\/07\/archivo-post.webp\" \/>\n\t<meta property=\"og:image:width\" content=\"470\" \/>\n\t<meta property=\"og:image:height\" content=\"140\" \/>\n\t<meta property=\"og:image:type\" content=\"image\/webp\" \/>\n<meta name=\"author\" content=\"ARCHIVO\" \/>\n<meta name=\"twitter:card\" content=\"summary_large_image\" \/>\n<meta name=\"twitter:creator\" content=\"@PlazatorosRMR\" \/>\n<meta name=\"twitter:site\" content=\"@PlazatorosRMR\" \/>\n<meta name=\"twitter:label1\" content=\"Written by\" \/>\n\t<meta name=\"twitter:data1\" content=\"ARCHIVO\" \/>\n\t<meta name=\"twitter:label2\" content=\"Est. reading time\" \/>\n\t<meta name=\"twitter:data2\" content=\"2 minutes\" \/>\n<script type=\"application\/ld+json\" class=\"yoast-schema-graph\">{\"@context\":\"https:\\\/\\\/schema.org\",\"@graph\":[{\"@type\":\"Article\",\"@id\":\"https:\\\/\\\/www.rmcr.org\\\/en\\\/2013\\\/05\\\/08\\\/conferencia-los-archivos-a-traves-de-la-historia-familiar-2\\\/#article\",\"isPartOf\":{\"@id\":\"https:\\\/\\\/www.rmcr.org\\\/en\\\/2013\\\/05\\\/08\\\/conferencia-los-archivos-a-traves-de-la-historia-familiar-2\\\/\"},\"author\":{\"name\":\"ARCHIVO\",\"@id\":\"https:\\\/\\\/www.rmcr.org\\\/en\\\/#\\\/schema\\\/person\\\/f182f13b406ff40dd281a5ecca93380e\"},\"headline\":\"Conferencia: Los archivos a trav\u00e9s de la historia familiar\",\"datePublished\":\"2013-05-08T15:30:59+00:00\",\"dateModified\":\"2025-04-04T10:20:07+00:00\",\"mainEntityOfPage\":{\"@id\":\"https:\\\/\\\/www.rmcr.org\\\/en\\\/2013\\\/05\\\/08\\\/conferencia-los-archivos-a-traves-de-la-historia-familiar-2\\\/\"},\"wordCount\":167,\"commentCount\":0,\"publisher\":{\"@id\":\"https:\\\/\\\/www.rmcr.org\\\/en\\\/#organization\"},\"image\":{\"@id\":\"https:\\\/\\\/www.rmcr.org\\\/en\\\/2013\\\/05\\\/08\\\/conferencia-los-archivos-a-traves-de-la-historia-familiar-2\\\/#primaryimage\"},\"thumbnailUrl\":\"https:\\\/\\\/www.rmcr.org\\\/wp-content\\\/uploads\\\/2021\\\/07\\\/archivo-post.webp\",\"keywords\":[\"Archivo\",\"Conferencias\",\"Fondos documentales\",\"Francisco Rosales\"],\"articleSection\":[\"Archivo\",\"Noticias\"],\"inLanguage\":\"en-US\",\"potentialAction\":[{\"@type\":\"CommentAction\",\"name\":\"Comment\",\"target\":[\"https:\\\/\\\/www.rmcr.org\\\/en\\\/2013\\\/05\\\/08\\\/conferencia-los-archivos-a-traves-de-la-historia-familiar-2\\\/#respond\"]}]},{\"@type\":\"WebPage\",\"@id\":\"https:\\\/\\\/www.rmcr.org\\\/en\\\/2013\\\/05\\\/08\\\/conferencia-los-archivos-a-traves-de-la-historia-familiar-2\\\/\",\"url\":\"https:\\\/\\\/www.rmcr.org\\\/en\\\/2013\\\/05\\\/08\\\/conferencia-los-archivos-a-traves-de-la-historia-familiar-2\\\/\",\"name\":\"Conferencia: Los archivos a trav\u00e9s de la historia familiar - Real Maestranza de Caballer\u00eda de Ronda\",\"isPartOf\":{\"@id\":\"https:\\\/\\\/www.rmcr.org\\\/en\\\/#website\"},\"primaryImageOfPage\":{\"@id\":\"https:\\\/\\\/www.rmcr.org\\\/en\\\/2013\\\/05\\\/08\\\/conferencia-los-archivos-a-traves-de-la-historia-familiar-2\\\/#primaryimage\"},\"image\":{\"@id\":\"https:\\\/\\\/www.rmcr.org\\\/en\\\/2013\\\/05\\\/08\\\/conferencia-los-archivos-a-traves-de-la-historia-familiar-2\\\/#primaryimage\"},\"thumbnailUrl\":\"https:\\\/\\\/www.rmcr.org\\\/wp-content\\\/uploads\\\/2021\\\/07\\\/archivo-post.webp\",\"datePublished\":\"2013-05-08T15:30:59+00:00\",\"dateModified\":\"2025-04-04T10:20:07+00:00\",\"breadcrumb\":{\"@id\":\"https:\\\/\\\/www.rmcr.org\\\/en\\\/2013\\\/05\\\/08\\\/conferencia-los-archivos-a-traves-de-la-historia-familiar-2\\\/#breadcrumb\"},\"inLanguage\":\"en-US\",\"potentialAction\":[{\"@type\":\"ReadAction\",\"target\":[\"https:\\\/\\\/www.rmcr.org\\\/en\\\/2013\\\/05\\\/08\\\/conferencia-los-archivos-a-traves-de-la-historia-familiar-2\\\/\"]}]},{\"@type\":\"ImageObject\",\"inLanguage\":\"en-US\",\"@id\":\"https:\\\/\\\/www.rmcr.org\\\/en\\\/2013\\\/05\\\/08\\\/conferencia-los-archivos-a-traves-de-la-historia-familiar-2\\\/#primaryimage\",\"url\":\"https:\\\/\\\/www.rmcr.org\\\/wp-content\\\/uploads\\\/2021\\\/07\\\/archivo-post.webp\",\"contentUrl\":\"https:\\\/\\\/www.rmcr.org\\\/wp-content\\\/uploads\\\/2021\\\/07\\\/archivo-post.webp\",\"width\":470,\"height\":140},{\"@type\":\"BreadcrumbList\",\"@id\":\"https:\\\/\\\/www.rmcr.org\\\/en\\\/2013\\\/05\\\/08\\\/conferencia-los-archivos-a-traves-de-la-historia-familiar-2\\\/#breadcrumb\",\"itemListElement\":[{\"@type\":\"ListItem\",\"position\":1,\"name\":\"REAL MAESTRANZA DE CABALLER\u00cdA DE RONDA\",\"item\":\"https:\\\/\\\/www.rmcr.org\\\/en\\\/\"},{\"@type\":\"ListItem\",\"position\":2,\"name\":\"Conferencia: Los archivos a trav\u00e9s de la historia familiar\"}]},{\"@type\":\"WebSite\",\"@id\":\"https:\\\/\\\/www.rmcr.org\\\/en\\\/#website\",\"url\":\"https:\\\/\\\/www.rmcr.org\\\/en\\\/\",\"name\":\"Real Maestranza de Caballer\u00eda de Ronda\",\"description\":\"Real Maestranza de Caballer\u00eda de Ronda\",\"publisher\":{\"@id\":\"https:\\\/\\\/www.rmcr.org\\\/en\\\/#organization\"},\"alternateName\":\"RMCR\",\"potentialAction\":[{\"@type\":\"SearchAction\",\"target\":{\"@type\":\"EntryPoint\",\"urlTemplate\":\"https:\\\/\\\/www.rmcr.org\\\/en\\\/?s={search_term_string}\"},\"query-input\":{\"@type\":\"PropertyValueSpecification\",\"valueRequired\":true,\"valueName\":\"search_term_string\"}}],\"inLanguage\":\"en-US\"},{\"@type\":\"Organization\",\"@id\":\"https:\\\/\\\/www.rmcr.org\\\/en\\\/#organization\",\"name\":\"Real Maestranza de Caballer\u00eda de Ronda\",\"alternateName\":\"RMR\",\"url\":\"https:\\\/\\\/www.rmcr.org\\\/en\\\/\",\"logo\":{\"@type\":\"ImageObject\",\"inLanguage\":\"en-US\",\"@id\":\"https:\\\/\\\/www.rmcr.org\\\/en\\\/#\\\/schema\\\/logo\\\/image\\\/\",\"url\":\"https:\\\/\\\/www.rmcr.org\\\/wp-content\\\/uploads\\\/2022\\\/07\\\/logo-rmr-blue.svg\",\"contentUrl\":\"https:\\\/\\\/www.rmcr.org\\\/wp-content\\\/uploads\\\/2022\\\/07\\\/logo-rmr-blue.svg\",\"width\":131,\"height\":129,\"caption\":\"Real Maestranza de Caballer\u00eda de Ronda\"},\"image\":{\"@id\":\"https:\\\/\\\/www.rmcr.org\\\/en\\\/#\\\/schema\\\/logo\\\/image\\\/\"},\"sameAs\":[\"https:\\\/\\\/www.facebook.com\\\/plazadetorosronda\",\"https:\\\/\\\/x.com\\\/PlazatorosRMR\",\"https:\\\/\\\/www.instagram.com\\\/realmaestranzaderonda\\\/\",\"https:\\\/\\\/www.youtube.com\\\/channel\\\/UCrbO5IUN-8v_QML739vM4zg\\\/videos\"]},{\"@type\":\"Person\",\"@id\":\"https:\\\/\\\/www.rmcr.org\\\/en\\\/#\\\/schema\\\/person\\\/f182f13b406ff40dd281a5ecca93380e\",\"name\":\"ARCHIVO\",\"image\":{\"@type\":\"ImageObject\",\"inLanguage\":\"en-US\",\"@id\":\"https:\\\/\\\/www.rmcr.org\\\/wp-content\\\/uploads\\\/2022\\\/11\\\/avatar-rmcr-96x96.png\",\"url\":\"https:\\\/\\\/www.rmcr.org\\\/wp-content\\\/uploads\\\/2022\\\/11\\\/avatar-rmcr-96x96.png\",\"contentUrl\":\"https:\\\/\\\/www.rmcr.org\\\/wp-content\\\/uploads\\\/2022\\\/11\\\/avatar-rmcr-96x96.png\",\"caption\":\"ARCHIVO\"},\"url\":\"https:\\\/\\\/www.rmcr.org\\\/en\\\/author\\\/francisco-rosales\\\/\"}]}<\/script>\n<!-- \/ Yoast SEO plugin. -->","yoast_head_json":{"title":"Conferencia: Los archivos a trav\u00e9s de la historia familiar - Real Maestranza de Caballer\u00eda de Ronda","robots":{"index":"index","follow":"follow","max-snippet":"max-snippet:-1","max-image-preview":"max-image-preview:large","max-video-preview":"max-video-preview:-1"},"canonical":"https:\/\/www.rmcr.org\/en\/2013\/05\/08\/conferencia-los-archivos-a-traves-de-la-historia-familiar-2\/","og_locale":"en_US","og_type":"article","og_title":"Conferencia: Los archivos a trav\u00e9s de la historia familiar - Real Maestranza de Caballer\u00eda de Ronda","og_description":"El pasado 7 de mayo en la Sala de temas antequeranos de la Biblioteca supramunicipal de Antequera, el archivero de la Real Maestranza de Caballer\u00eda de Ronda particip\u00f3 en el Aula de Mayores con la ponencia &#8220;Los Archivos a trav\u00e9s de la historia familiar: Los Arrese de Antequera&#8221;. Esta colaboraci\u00f3n con el \u00e1rea de educaci\u00f3n [&hellip;]","og_url":"https:\/\/www.rmcr.org\/en\/2013\/05\/08\/conferencia-los-archivos-a-traves-de-la-historia-familiar-2\/","og_site_name":"Real Maestranza de Caballer\u00eda de Ronda","article_publisher":"https:\/\/www.facebook.com\/plazadetorosronda","article_published_time":"2013-05-08T15:30:59+00:00","article_modified_time":"2025-04-04T10:20:07+00:00","og_image":[{"width":470,"height":140,"url":"https:\/\/www.rmcr.org\/wp-content\/uploads\/2021\/07\/archivo-post.webp","type":"image\/webp"}],"author":"ARCHIVO","twitter_card":"summary_large_image","twitter_creator":"@PlazatorosRMR","twitter_site":"@PlazatorosRMR","twitter_misc":{"Written by":"ARCHIVO","Est. reading time":"2 minutes"},"schema":{"@context":"https:\/\/schema.org","@graph":[{"@type":"Article","@id":"https:\/\/www.rmcr.org\/en\/2013\/05\/08\/conferencia-los-archivos-a-traves-de-la-historia-familiar-2\/#article","isPartOf":{"@id":"https:\/\/www.rmcr.org\/en\/2013\/05\/08\/conferencia-los-archivos-a-traves-de-la-historia-familiar-2\/"},"author":{"name":"ARCHIVO","@id":"https:\/\/www.rmcr.org\/en\/#\/schema\/person\/f182f13b406ff40dd281a5ecca93380e"},"headline":"Conferencia: Los archivos a trav\u00e9s de la historia familiar","datePublished":"2013-05-08T15:30:59+00:00","dateModified":"2025-04-04T10:20:07+00:00","mainEntityOfPage":{"@id":"https:\/\/www.rmcr.org\/en\/2013\/05\/08\/conferencia-los-archivos-a-traves-de-la-historia-familiar-2\/"},"wordCount":167,"commentCount":0,"publisher":{"@id":"https:\/\/www.rmcr.org\/en\/#organization"},"image":{"@id":"https:\/\/www.rmcr.org\/en\/2013\/05\/08\/conferencia-los-archivos-a-traves-de-la-historia-familiar-2\/#primaryimage"},"thumbnailUrl":"https:\/\/www.rmcr.org\/wp-content\/uploads\/2021\/07\/archivo-post.webp","keywords":["Archivo","Conferencias","Fondos documentales","Francisco Rosales"],"articleSection":["Archivo","Noticias"],"inLanguage":"en-US","potentialAction":[{"@type":"CommentAction","name":"Comment","target":["https:\/\/www.rmcr.org\/en\/2013\/05\/08\/conferencia-los-archivos-a-traves-de-la-historia-familiar-2\/#respond"]}]},{"@type":"WebPage","@id":"https:\/\/www.rmcr.org\/en\/2013\/05\/08\/conferencia-los-archivos-a-traves-de-la-historia-familiar-2\/","url":"https:\/\/www.rmcr.org\/en\/2013\/05\/08\/conferencia-los-archivos-a-traves-de-la-historia-familiar-2\/","name":"Conferencia: Los archivos a trav\u00e9s de la historia familiar - Real Maestranza de Caballer\u00eda de Ronda","isPartOf":{"@id":"https:\/\/www.rmcr.org\/en\/#website"},"primaryImageOfPage":{"@id":"https:\/\/www.rmcr.org\/en\/2013\/05\/08\/conferencia-los-archivos-a-traves-de-la-historia-familiar-2\/#primaryimage"},"image":{"@id":"https:\/\/www.rmcr.org\/en\/2013\/05\/08\/conferencia-los-archivos-a-traves-de-la-historia-familiar-2\/#primaryimage"},"thumbnailUrl":"https:\/\/www.rmcr.org\/wp-content\/uploads\/2021\/07\/archivo-post.webp","datePublished":"2013-05-08T15:30:59+00:00","dateModified":"2025-04-04T10:20:07+00:00","breadcrumb":{"@id":"https:\/\/www.rmcr.org\/en\/2013\/05\/08\/conferencia-los-archivos-a-traves-de-la-historia-familiar-2\/#breadcrumb"},"inLanguage":"en-US","potentialAction":[{"@type":"ReadAction","target":["https:\/\/www.rmcr.org\/en\/2013\/05\/08\/conferencia-los-archivos-a-traves-de-la-historia-familiar-2\/"]}]},{"@type":"ImageObject","inLanguage":"en-US","@id":"https:\/\/www.rmcr.org\/en\/2013\/05\/08\/conferencia-los-archivos-a-traves-de-la-historia-familiar-2\/#primaryimage","url":"https:\/\/www.rmcr.org\/wp-content\/uploads\/2021\/07\/archivo-post.webp","contentUrl":"https:\/\/www.rmcr.org\/wp-content\/uploads\/2021\/07\/archivo-post.webp","width":470,"height":140},{"@type":"BreadcrumbList","@id":"https:\/\/www.rmcr.org\/en\/2013\/05\/08\/conferencia-los-archivos-a-traves-de-la-historia-familiar-2\/#breadcrumb","itemListElement":[{"@type":"ListItem","position":1,"name":"REAL MAESTRANZA DE CABALLER\u00cdA DE RONDA","item":"https:\/\/www.rmcr.org\/en\/"},{"@type":"ListItem","position":2,"name":"Conferencia: Los archivos a trav\u00e9s de la historia familiar"}]},{"@type":"WebSite","@id":"https:\/\/www.rmcr.org\/en\/#website","url":"https:\/\/www.rmcr.org\/en\/","name":"Real Maestranza de Caballer\u00eda de Ronda","description":"Real Maestranza de Caballer\u00eda de Ronda","publisher":{"@id":"https:\/\/www.rmcr.org\/en\/#organization"},"alternateName":"RMCR","potentialAction":[{"@type":"SearchAction","target":{"@type":"EntryPoint","urlTemplate":"https:\/\/www.rmcr.org\/en\/?s={search_term_string}"},"query-input":{"@type":"PropertyValueSpecification","valueRequired":true,"valueName":"search_term_string"}}],"inLanguage":"en-US"},{"@type":"Organization","@id":"https:\/\/www.rmcr.org\/en\/#organization","name":"Real Maestranza de Caballer\u00eda de Ronda","alternateName":"RMR","url":"https:\/\/www.rmcr.org\/en\/","logo":{"@type":"ImageObject","inLanguage":"en-US","@id":"https:\/\/www.rmcr.org\/en\/#\/schema\/logo\/image\/","url":"https:\/\/www.rmcr.org\/wp-content\/uploads\/2022\/07\/logo-rmr-blue.svg","contentUrl":"https:\/\/www.rmcr.org\/wp-content\/uploads\/2022\/07\/logo-rmr-blue.svg","width":131,"height":129,"caption":"Real Maestranza de Caballer\u00eda de Ronda"},"image":{"@id":"https:\/\/www.rmcr.org\/en\/#\/schema\/logo\/image\/"},"sameAs":["https:\/\/www.facebook.com\/plazadetorosronda","https:\/\/x.com\/PlazatorosRMR","https:\/\/www.instagram.com\/realmaestranzaderonda\/","https:\/\/www.youtube.com\/channel\/UCrbO5IUN-8v_QML739vM4zg\/videos"]},{"@type":"Person","@id":"https:\/\/www.rmcr.org\/en\/#\/schema\/person\/f182f13b406ff40dd281a5ecca93380e","name":"ARCHIVO","image":{"@type":"ImageObject","inLanguage":"en-US","@id":"https:\/\/www.rmcr.org\/wp-content\/uploads\/2022\/11\/avatar-rmcr-96x96.png","url":"https:\/\/www.rmcr.org\/wp-content\/uploads\/2022\/11\/avatar-rmcr-96x96.png","contentUrl":"https:\/\/www.rmcr.org\/wp-content\/uploads\/2022\/11\/avatar-rmcr-96x96.png","caption":"ARCHIVO"},"url":"https:\/\/www.rmcr.org\/en\/author\/francisco-rosales\/"}]}},"_links":{"self":[{"href":"https:\/\/www.rmcr.org\/en\/wp-json\/wp\/v2\/posts\/28","targetHints":{"allow":["GET"]}}],"collection":[{"href":"https:\/\/www.rmcr.org\/en\/wp-json\/wp\/v2\/posts"}],"about":[{"href":"https:\/\/www.rmcr.org\/en\/wp-json\/wp\/v2\/types\/post"}],"author":[{"embeddable":true,"href":"https:\/\/www.rmcr.org\/en\/wp-json\/wp\/v2\/users\/3"}],"replies":[{"embeddable":true,"href":"https:\/\/www.rmcr.org\/en\/wp-json\/wp\/v2\/comments?post=28"}],"version-history":[{"count":2,"href":"https:\/\/www.rmcr.org\/en\/wp-json\/wp\/v2\/posts\/28\/revisions"}],"predecessor-version":[{"id":22622,"href":"https:\/\/www.rmcr.org\/en\/wp-json\/wp\/v2\/posts\/28\/revisions\/22622"}],"wp:featuredmedia":[{"embeddable":true,"href":"https:\/\/www.rmcr.org\/en\/wp-json\/wp\/v2\/media\/15385"}],"wp:attachment":[{"href":"https:\/\/www.rmcr.org\/en\/wp-json\/wp\/v2\/media?parent=28"}],"wp:term":[{"taxonomy":"category","embeddable":true,"href":"https:\/\/www.rmcr.org\/en\/wp-json\/wp\/v2\/categories?post=28"},{"taxonomy":"post_tag","embeddable":true,"href":"https:\/\/www.rmcr.org\/en\/wp-json\/wp\/v2\/tags?post=28"}],"curies":[{"name":"wp","href":"https:\/\/api.w.org\/{rel}","templated":true}]}}