{"id":26642,"date":"2026-09-04T12:42:49","date_gmt":"2026-09-04T12:42:49","guid":{"rendered":"https:\/\/www.rmcr.org\/?p=26642"},"modified":"2026-09-05T09:16:03","modified_gmt":"2026-09-05T09:16:03","slug":"documentos-de-archivo-rmr-no-44-seda-y-papel-el-cartel-taurino-en-la-real-maestranza-de-caballeria-de-ronda-1830-1977-septiembre-2026","status":"publish","type":"post","link":"https:\/\/www.rmcr.org\/en\/2026\/09\/04\/documentos-de-archivo-rmr-no-44-seda-y-papel-el-cartel-taurino-en-la-real-maestranza-de-caballeria-de-ronda-1830-1977-septiembre-2026\/","title":{"rendered":"Documentos de Archivo RMR: N\u00ba 44. &#8220;Seda y Papel&#8221;, el cartel taurino en la Real Maestranza de Caballer\u00eda de Ronda, 1830 &#8211; 1977&#8243;, Septiembre 2026"},"content":{"rendered":"\n<p class=\"wp-block-paragraph\">En 2019, dedic\u00e1bamos una entrada al <a href=\"http:\/\/chrome-extension:\/efaidnbmnnnibpcajpcglclefindmkaj\/https:\/www.rmcr.org\/wp-content\/uploads\/2026\/07\/15.-Documentos-en-el-Archivo-de-la-RMR-no15-2019.pdf\">Fondo de Carteler\u00eda del archivo de la RMR<\/a> , en el que se destacaba la tipolog\u00eda del cartel <em>&#8221; (&#8230;) como un veh\u00edculo de divulgaci\u00f3n r\u00e1pido, eficaz y econ\u00f3mico. Una tipolog\u00eda documental, que se desarroll\u00f3 a mediados del siglo XIX, impulsado por un cambio a un modo de vida m\u00e1s urbano. Una \u00e9poca donde la imagen gr\u00e1fica impresa, es usada como uno de los principales canales de comunicaci\u00f3n y difusi\u00f3n, su objetivo era la de informar y dar visibilidad a actos culturales, festivos y eventos de todo tipo. A medida que pasan los a\u00f1os, se convertir\u00e1n en obras de un alto valor informativo, estimulando el inter\u00e9s de la investigaci\u00f3n hist\u00f3rica. Algunos de ellos, por su antig\u00fcedad, otros, por su autor\u00eda, son parte del Patrimonio hist\u00f3rico art\u00edstico y documental&#8221;<\/em>.<\/p>\n\n\n\n<p class=\"wp-block-paragraph\">Con el regreso de los festejos taurinos de la Feria de Pedro Romero, a la Plaza de Toros de la Real Maestranza de Caballer\u00eda de Ronda (RMR), el archivo hist\u00f3rico de la instituci\u00f3n, ha organizado una muestra de carteles taurinos. Un recorrido por la actividad taurina del coso ronde\u00f1o, desde principios del siglo XIX a finales del siglo XX, con especial atenci\u00f3n a la Corrida Goyesca. Un evento que trasciende lo puramente taurino, convirti\u00e9ndose en un acontecimiento cultural y social. Carteles taurinos, en seda y papel, que podr\u00e1n disfrutar todas aquellas personas que visiten la biblioteca de la instituci\u00f3n maestrante. Para todos aquellos que no tengan esta oportunidad, la red nos ofrece el veh\u00edculo perfecto para su difusi\u00f3n y conocimiento.<\/p>\n\n\n\n<p class=\"wp-block-paragraph\">Los festejos taurinos son un espect\u00e1culo p\u00fablico \u00edntimamente ligado al cartel que los anuncia. El cartel se convierte en objeto art\u00edstico y anunciador de un espect\u00e1culo \u00fanico como es la Corrida Goyesca de Ronda.<\/p>\n\n\n\n<p class=\"wp-block-paragraph\">Obras que ilustran la evoluci\u00f3n de la Tauromaquia y que, a su vez como documentos, constituyen una rica fuente de informaci\u00f3n de ganader\u00edas, toreros, novilleros, rejoneadores, en definitiva, un evento social, parte de la historia de Ronda.<\/p>\n\n\n\n<p class=\"wp-block-paragraph\"><\/p>\n\n\n\n<figure class=\"wp-block-gallery has-nested-images columns-default is-cropped wp-block-gallery-1 is-layout-flex wp-block-gallery-is-layout-flex\">\n<figure class=\"wp-block-image size-large\"><img fetchpriority=\"high\" decoding=\"async\" width=\"1024\" height=\"745\" data-id=\"26644\" src=\"https:\/\/www.rmcr.org\/wp-content\/uploads\/2026\/09\/A.f.C39-n186-1-1024x745.jpg\" alt=\"\" class=\"wp-image-26644\" srcset=\"https:\/\/www.rmcr.org\/wp-content\/uploads\/2026\/09\/A.f.C39-n186-1-1024x745.jpg 1024w, https:\/\/www.rmcr.org\/wp-content\/uploads\/2026\/09\/A.f.C39-n186-1-300x218.jpg 300w, https:\/\/www.rmcr.org\/wp-content\/uploads\/2026\/09\/A.f.C39-n186-1-768x559.jpg 768w, https:\/\/www.rmcr.org\/wp-content\/uploads\/2026\/09\/A.f.C39-n186-1-1536x1118.jpg 1536w, https:\/\/www.rmcr.org\/wp-content\/uploads\/2026\/09\/A.f.C39-n186-1-2048x1490.jpg 2048w\" sizes=\"(max-width: 1024px) 100vw, 1024px\" \/><\/figure>\n<\/figure>\n\n\n\n<p class=\"has-text-align-center has-small-font-size wp-block-paragraph\">Cartel de Festejos taurinos en Ronda, feria de mayo, principios siglo XIX. Soporte papel, fondo de carteler\u00eda de la RMR, secci\u00f3n taurina.<\/p>\n\n\n\n<figure class=\"wp-block-gallery has-nested-images columns-default is-cropped wp-block-gallery-2 is-layout-flex wp-block-gallery-is-layout-flex\">\n<figure class=\"wp-block-image size-large\"><img decoding=\"async\" width=\"1024\" height=\"737\" data-id=\"26646\" src=\"https:\/\/www.rmcr.org\/wp-content\/uploads\/2026\/09\/A.f.C39-n187-1-1024x737.jpg\" alt=\"\" class=\"wp-image-26646\" srcset=\"https:\/\/www.rmcr.org\/wp-content\/uploads\/2026\/09\/A.f.C39-n187-1-1024x737.jpg 1024w, https:\/\/www.rmcr.org\/wp-content\/uploads\/2026\/09\/A.f.C39-n187-1-300x216.jpg 300w, https:\/\/www.rmcr.org\/wp-content\/uploads\/2026\/09\/A.f.C39-n187-1-768x553.jpg 768w, https:\/\/www.rmcr.org\/wp-content\/uploads\/2026\/09\/A.f.C39-n187-1-1536x1106.jpg 1536w, https:\/\/www.rmcr.org\/wp-content\/uploads\/2026\/09\/A.f.C39-n187-1-2048x1474.jpg 2048w\" sizes=\"(max-width: 1024px) 100vw, 1024px\" \/><\/figure>\n<\/figure>\n\n\n\n<p class=\"has-text-align-center has-small-font-size wp-block-paragraph\">19 y 21 de mayo de 1830. Corridas de 6 toros cada una de las Ganader\u00edas de Pedro Jos\u00e9 de Lesaca y Juan Zapata en la Plaza de Toros de Ronda presidida por D. Antonio de Avil\u00e9s Casco y Castro, diputados D. Jos\u00e9 Mondrag\u00f3n y Quevedo y D. Jos\u00e9 Mar\u00eda Holgado Y Motezuma. Siendo los matadores Lucas Blanco y Antonio Nieves y los picadores Juan Mateos Casta\u00f1os, Juan Pinto y Francisco Hormigo. Soporte papel, fondo de carteler\u00eda de la RMR, secci\u00f3n taurina.<\/p>\n\n\n\n<figure class=\"wp-block-gallery has-nested-images columns-default is-cropped wp-block-gallery-3 is-layout-flex wp-block-gallery-is-layout-flex\">\n<figure class=\"wp-block-image size-large\"><img decoding=\"async\" width=\"1024\" height=\"908\" data-id=\"26650\" src=\"https:\/\/www.rmcr.org\/wp-content\/uploads\/2026\/09\/Cartel-seda-XIX_-Prp001-1024x908.jpg\" alt=\"\" class=\"wp-image-26650\" srcset=\"https:\/\/www.rmcr.org\/wp-content\/uploads\/2026\/09\/Cartel-seda-XIX_-Prp001-1024x908.jpg 1024w, https:\/\/www.rmcr.org\/wp-content\/uploads\/2026\/09\/Cartel-seda-XIX_-Prp001-300x266.jpg 300w, https:\/\/www.rmcr.org\/wp-content\/uploads\/2026\/09\/Cartel-seda-XIX_-Prp001-768x681.jpg 768w, https:\/\/www.rmcr.org\/wp-content\/uploads\/2026\/09\/Cartel-seda-XIX_-Prp001-1536x1362.jpg 1536w, https:\/\/www.rmcr.org\/wp-content\/uploads\/2026\/09\/Cartel-seda-XIX_-Prp001-2048x1816.jpg 2048w\" sizes=\"(max-width: 1024px) 100vw, 1024px\" \/><\/figure>\n<\/figure>\n\n\n\n<p class=\"has-text-align-center has-small-font-size wp-block-paragraph\">Corrida de toros del 20 y 21 de mayo y novillada el d\u00eda 22 de mayo de 1848, la Real Maestranza cede su plaza. Soporte seda, fondo de carteler\u00eda de la RMR, secci\u00f3n taurina.<\/p>\n\n\n\n<figure class=\"wp-block-image aligncenter size-large is-resized\"><img loading=\"lazy\" decoding=\"async\" width=\"1024\" height=\"726\" src=\"https:\/\/www.rmcr.org\/wp-content\/uploads\/2026\/09\/A.f.C39-n188-1-1024x726.jpg\" alt=\"\" class=\"wp-image-26648\" style=\"aspect-ratio:1.4104879771063292;width:657px;height:auto\" srcset=\"https:\/\/www.rmcr.org\/wp-content\/uploads\/2026\/09\/A.f.C39-n188-1-1024x726.jpg 1024w, https:\/\/www.rmcr.org\/wp-content\/uploads\/2026\/09\/A.f.C39-n188-1-300x213.jpg 300w, https:\/\/www.rmcr.org\/wp-content\/uploads\/2026\/09\/A.f.C39-n188-1-768x544.jpg 768w, https:\/\/www.rmcr.org\/wp-content\/uploads\/2026\/09\/A.f.C39-n188-1-1536x1089.jpg 1536w, https:\/\/www.rmcr.org\/wp-content\/uploads\/2026\/09\/A.f.C39-n188-1-2048x1452.jpg 2048w\" sizes=\"(max-width: 1024px) 100vw, 1024px\" \/><\/figure>\n\n\n\n<p class=\"has-text-align-center has-small-font-size wp-block-paragraph\">Corrida de Toros en la Plaza de Toros de Ronda, 20 de mayo 1882 , para dar mayor incremento a la feria de esta ciudad, la autoridad local cre\u00f3 una Sociedad encargada de organizar la corrida. Ganader\u00eda de Mart\u00edn Varea Hermanos para los espadas Salvador S\u00e1nchez &#8220;Frascuelo&#8221; y Francisco S\u00e1nchez &#8220;Frascuelo&#8221;. Incluye las cuadrillas de ambos toreros y los precios de las entradas. Soporte papel, fondo de carteler\u00eda de la RMR, secci\u00f3n taurina.<\/p>\n\n\n\n<figure class=\"wp-block-gallery has-nested-images columns-default is-cropped wp-block-gallery-4 is-layout-flex wp-block-gallery-is-layout-flex\">\n<figure class=\"wp-block-image size-large\"><img loading=\"lazy\" decoding=\"async\" width=\"717\" height=\"1024\" data-id=\"26679\" src=\"https:\/\/www.rmcr.org\/wp-content\/uploads\/2026\/09\/A.f.C38-n33-149-1-717x1024.jpg\" alt=\"\" class=\"wp-image-26679\" srcset=\"https:\/\/www.rmcr.org\/wp-content\/uploads\/2026\/09\/A.f.C38-n33-149-1-717x1024.jpg 717w, https:\/\/www.rmcr.org\/wp-content\/uploads\/2026\/09\/A.f.C38-n33-149-1-210x300.jpg 210w, https:\/\/www.rmcr.org\/wp-content\/uploads\/2026\/09\/A.f.C38-n33-149-1-768x1096.jpg 768w, https:\/\/www.rmcr.org\/wp-content\/uploads\/2026\/09\/A.f.C38-n33-149-1-1076x1536.jpg 1076w, https:\/\/www.rmcr.org\/wp-content\/uploads\/2026\/09\/A.f.C38-n33-149-1-1435x2048.jpg 1435w, https:\/\/www.rmcr.org\/wp-content\/uploads\/2026\/09\/A.f.C38-n33-149-1-scaled.jpg 1794w\" sizes=\"(max-width: 717px) 100vw, 717px\" \/><\/figure>\n<\/figure>\n\n\n\n<p class=\"has-text-align-center has-small-font-size wp-block-paragraph\">8 de septiembre 1891. Corrida de Toros de Muerte en la Plaza de Ronda a beneficio de los Asilos de la ciudad, en la que se lidian seis ejemplares de la Ganader\u00eda de Valent\u00edn Collantes para los espadas Antonio Arana &#8220;Jarana&#8221; y Fernando Lobo &#8220;Lobito&#8221;. Soporte seda, fondo de carteler\u00eda de la RMR, secci\u00f3n taurina.<\/p>\n\n\n\n<figure class=\"wp-block-image aligncenter size-large is-resized\"><img loading=\"lazy\" decoding=\"async\" width=\"493\" height=\"1024\" src=\"https:\/\/www.rmcr.org\/wp-content\/uploads\/2026\/09\/Blq-XVIII-Pl4-2-Prv_Agu001-493x1024.jpg\" alt=\"\" class=\"wp-image-26654\" style=\"aspect-ratio:0.4814474686883292;width:317px;height:auto\" srcset=\"https:\/\/www.rmcr.org\/wp-content\/uploads\/2026\/09\/Blq-XVIII-Pl4-2-Prv_Agu001-493x1024.jpg 493w, https:\/\/www.rmcr.org\/wp-content\/uploads\/2026\/09\/Blq-XVIII-Pl4-2-Prv_Agu001-144x300.jpg 144w, https:\/\/www.rmcr.org\/wp-content\/uploads\/2026\/09\/Blq-XVIII-Pl4-2-Prv_Agu001-768x1596.jpg 768w, https:\/\/www.rmcr.org\/wp-content\/uploads\/2026\/09\/Blq-XVIII-Pl4-2-Prv_Agu001-739x1536.jpg 739w, https:\/\/www.rmcr.org\/wp-content\/uploads\/2026\/09\/Blq-XVIII-Pl4-2-Prv_Agu001-986x2048.jpg 986w, https:\/\/www.rmcr.org\/wp-content\/uploads\/2026\/09\/Blq-XVIII-Pl4-2-Prv_Agu001-scaled.jpg 1232w\" sizes=\"(max-width: 493px) 100vw, 493px\" \/><\/figure>\n\n\n\n<p class=\"has-text-align-center has-small-font-size wp-block-paragraph\">Novillada por la festividad de Santiago Ap\u00f3stol, 25 de julio de 1897.Soporte papel, fondo de carteler\u00eda de la RMR, secci\u00f3n taurina.<\/p>\n\n\n\n<figure class=\"wp-block-image aligncenter size-large is-resized\"><img loading=\"lazy\" decoding=\"async\" width=\"729\" height=\"1024\" src=\"https:\/\/www.rmcr.org\/wp-content\/uploads\/2026\/09\/A.f.C27-n9-1-729x1024.jpg\" alt=\"\" class=\"wp-image-26656\" style=\"aspect-ratio:0.7119211954700797;width:311px;height:auto\" srcset=\"https:\/\/www.rmcr.org\/wp-content\/uploads\/2026\/09\/A.f.C27-n9-1-729x1024.jpg 729w, https:\/\/www.rmcr.org\/wp-content\/uploads\/2026\/09\/A.f.C27-n9-1-214x300.jpg 214w, https:\/\/www.rmcr.org\/wp-content\/uploads\/2026\/09\/A.f.C27-n9-1-768x1078.jpg 768w, https:\/\/www.rmcr.org\/wp-content\/uploads\/2026\/09\/A.f.C27-n9-1-1094x1536.jpg 1094w, https:\/\/www.rmcr.org\/wp-content\/uploads\/2026\/09\/A.f.C27-n9-1-1459x2048.jpg 1459w, https:\/\/www.rmcr.org\/wp-content\/uploads\/2026\/09\/A.f.C27-n9-1.jpg 1771w\" sizes=\"(max-width: 729px) 100vw, 729px\" \/><\/figure>\n\n\n\n<p class=\"has-text-align-center has-small-font-size wp-block-paragraph\">28 de septiembre 1902. Becerrada de convite en favor de los pobres en la Plaza de Toros de Ronda. Preside la Corrida Do\u00f1a Mar\u00eda Morales de Carrillo y las se\u00f1oritas \u00c1ngeles G\u00f3mez de las Cortinas, Carmen Rodr\u00edguez, Paulina P\u00e9rez y Concepci\u00f3n Pinz\u00f3n. Los matadores son Luis \u00c1lvarez Sanz y Santiago Benito Marqu\u00e9s. Banderilleros Jos\u00e9 Morales Salvago, Miguel Tenorio Muesas, Francisco Ruiz P\u00e9rez, Raimundo Garc\u00eda Gim\u00e9nez, Joaqu\u00edn Abela Riscos, Antonio Carrasco L\u00f3pez y Nazario Aguilar Carrillo. Puntillero Jos\u00e9 Ruiz P\u00e9rez. Picadores Juan Copello Moreno, Enrique Herrera Ventura y Adolfo Izquierdo Ruiz. Mozos de Plaza Antonio Gard\u00f3n Alvado, Antonio Ruiz Mateos, Antonio Casta\u00f1o Delgado y Jos\u00e9 de Pereda G\u00f3mez. Soporte seda, fondo de carteler\u00eda de la RMR, secci\u00f3n taurina.<\/p>\n\n\n\n<figure class=\"wp-block-image aligncenter size-large is-resized\"><img loading=\"lazy\" decoding=\"async\" width=\"640\" height=\"1024\" src=\"https:\/\/www.rmcr.org\/wp-content\/uploads\/2026\/09\/Blq-XVIII-Pl4-2-Prp-002-640x1024.jpg\" alt=\"\" class=\"wp-image-26658\" style=\"aspect-ratio:0.6250030671083303;width:308px;height:auto\" srcset=\"https:\/\/www.rmcr.org\/wp-content\/uploads\/2026\/09\/Blq-XVIII-Pl4-2-Prp-002-640x1024.jpg 640w, https:\/\/www.rmcr.org\/wp-content\/uploads\/2026\/09\/Blq-XVIII-Pl4-2-Prp-002-187x300.jpg 187w, https:\/\/www.rmcr.org\/wp-content\/uploads\/2026\/09\/Blq-XVIII-Pl4-2-Prp-002-768x1230.jpg 768w, https:\/\/www.rmcr.org\/wp-content\/uploads\/2026\/09\/Blq-XVIII-Pl4-2-Prp-002-959x1536.jpg 959w, https:\/\/www.rmcr.org\/wp-content\/uploads\/2026\/09\/Blq-XVIII-Pl4-2-Prp-002-1279x2048.jpg 1279w, https:\/\/www.rmcr.org\/wp-content\/uploads\/2026\/09\/Blq-XVIII-Pl4-2-Prp-002-scaled.jpg 1599w\" sizes=\"(max-width: 640px) 100vw, 640px\" \/><\/figure>\n\n\n\n<p class=\"has-text-align-center has-small-font-size wp-block-paragraph\">08 de septiembre 1908, primer d\u00eda de feria. Corrida de Toros de la Ganader\u00eda de Juan J. Gonz\u00e1lez Nandin para Joaqu\u00edn Navarro &#8220;Quinito&#8221; y Jos\u00e9 Moreno &#8220;Lagartijo Chico&#8221;. Soporte papel, fondo de carteler\u00eda de la RMR, secci\u00f3n taurina.<\/p>\n\n\n\n<figure class=\"wp-block-image aligncenter size-large is-resized\"><img loading=\"lazy\" decoding=\"async\" width=\"568\" height=\"1024\" src=\"https:\/\/www.rmcr.org\/wp-content\/uploads\/2026\/09\/Blq-XVIII-Pl1-7-Prv_Agu001-568x1024.jpg\" alt=\"\" class=\"wp-image-26660\" style=\"aspect-ratio:0.5546941575042088;width:303px;height:auto\" srcset=\"https:\/\/www.rmcr.org\/wp-content\/uploads\/2026\/09\/Blq-XVIII-Pl1-7-Prv_Agu001-568x1024.jpg 568w, https:\/\/www.rmcr.org\/wp-content\/uploads\/2026\/09\/Blq-XVIII-Pl1-7-Prv_Agu001-166x300.jpg 166w, https:\/\/www.rmcr.org\/wp-content\/uploads\/2026\/09\/Blq-XVIII-Pl1-7-Prv_Agu001-768x1384.jpg 768w, https:\/\/www.rmcr.org\/wp-content\/uploads\/2026\/09\/Blq-XVIII-Pl1-7-Prv_Agu001-852x1536.jpg 852w, https:\/\/www.rmcr.org\/wp-content\/uploads\/2026\/09\/Blq-XVIII-Pl1-7-Prv_Agu001-1136x2048.jpg 1136w, https:\/\/www.rmcr.org\/wp-content\/uploads\/2026\/09\/Blq-XVIII-Pl1-7-Prv_Agu001.jpg 1331w\" sizes=\"(max-width: 568px) 100vw, 568px\" \/><\/figure>\n\n\n\n<p class=\"has-text-align-center has-small-font-size wp-block-paragraph\">Becerrada de Sociedad primero de agosto de 1909. Soporte seda, fondo de carteler\u00eda de la RMR, secci\u00f3n taurina.<\/p>\n\n\n\n<figure class=\"wp-block-image aligncenter size-large is-resized\"><img loading=\"lazy\" decoding=\"async\" width=\"492\" height=\"1024\" src=\"https:\/\/www.rmcr.org\/wp-content\/uploads\/2026\/09\/Blq-XVIII-Pl4-2-Prv_Agu002-492x1024.jpg\" alt=\"\" class=\"wp-image-26663\" style=\"aspect-ratio:0.480476393024245;width:296px;height:auto\" srcset=\"https:\/\/www.rmcr.org\/wp-content\/uploads\/2026\/09\/Blq-XVIII-Pl4-2-Prv_Agu002-492x1024.jpg 492w, https:\/\/www.rmcr.org\/wp-content\/uploads\/2026\/09\/Blq-XVIII-Pl4-2-Prv_Agu002-144x300.jpg 144w, https:\/\/www.rmcr.org\/wp-content\/uploads\/2026\/09\/Blq-XVIII-Pl4-2-Prv_Agu002-768x1598.jpg 768w, https:\/\/www.rmcr.org\/wp-content\/uploads\/2026\/09\/Blq-XVIII-Pl4-2-Prv_Agu002-738x1536.jpg 738w, https:\/\/www.rmcr.org\/wp-content\/uploads\/2026\/09\/Blq-XVIII-Pl4-2-Prv_Agu002-984x2048.jpg 984w, https:\/\/www.rmcr.org\/wp-content\/uploads\/2026\/09\/Blq-XVIII-Pl4-2-Prv_Agu002-scaled.jpg 1230w\" sizes=\"(max-width: 492px) 100vw, 492px\" \/><\/figure>\n\n\n\n<p class=\"has-text-align-center has-small-font-size wp-block-paragraph\">Cartel de la novillada con motivo de la feria del barrio de San Francisco, 2 de octubre de 1913. Soporte papel, fondo de carteler\u00eda de la RMR, secci\u00f3n taurina.<\/p>\n\n\n\n<figure class=\"wp-block-image aligncenter size-large is-resized\"><img loading=\"lazy\" decoding=\"async\" width=\"473\" height=\"1024\" src=\"https:\/\/www.rmcr.org\/wp-content\/uploads\/2026\/09\/A.f.C38-n33-37-473x1024.jpg\" alt=\"\" class=\"wp-image-26665\" style=\"aspect-ratio:0.46191856506429585;width:285px;height:auto\" srcset=\"https:\/\/www.rmcr.org\/wp-content\/uploads\/2026\/09\/A.f.C38-n33-37-473x1024.jpg 473w, https:\/\/www.rmcr.org\/wp-content\/uploads\/2026\/09\/A.f.C38-n33-37-139x300.jpg 139w, https:\/\/www.rmcr.org\/wp-content\/uploads\/2026\/09\/A.f.C38-n33-37-768x1662.jpg 768w, https:\/\/www.rmcr.org\/wp-content\/uploads\/2026\/09\/A.f.C38-n33-37-710x1536.jpg 710w, https:\/\/www.rmcr.org\/wp-content\/uploads\/2026\/09\/A.f.C38-n33-37-947x2048.jpg 947w, https:\/\/www.rmcr.org\/wp-content\/uploads\/2026\/09\/A.f.C38-n33-37-scaled.jpg 1183w\" sizes=\"(max-width: 473px) 100vw, 473px\" \/><\/figure>\n\n\n\n<p class=\"has-text-align-center has-small-font-size wp-block-paragraph\">12 de Octubre 1937. Fiesta de la Raza. Festival taurino celebrado en la beneficio de los Comedores de Flechas y Hospitales en el que se lidian cuatro toros de la Ganader\u00eda de Murube, el primero lo rejonea Juan Belmonte y los tres restantes para Cayetano Ord\u00f3\u00f1ez &#8220;Ni\u00f1o de la Palma&#8221;, Ignacio S\u00e1nchez Mej\u00edas y Juanito Belmonte.<\/p>\n\n\n\n<figure class=\"wp-block-image aligncenter size-large is-resized\"><img loading=\"lazy\" decoding=\"async\" width=\"497\" height=\"1024\" src=\"https:\/\/www.rmcr.org\/wp-content\/uploads\/2026\/09\/Blq-XVIII-Pl4-4-Prp-003-497x1024.jpg\" alt=\"\" class=\"wp-image-26667\" style=\"aspect-ratio:0.4853605982508767;width:280px;height:auto\" srcset=\"https:\/\/www.rmcr.org\/wp-content\/uploads\/2026\/09\/Blq-XVIII-Pl4-4-Prp-003-497x1024.jpg 497w, https:\/\/www.rmcr.org\/wp-content\/uploads\/2026\/09\/Blq-XVIII-Pl4-4-Prp-003-145x300.jpg 145w, https:\/\/www.rmcr.org\/wp-content\/uploads\/2026\/09\/Blq-XVIII-Pl4-4-Prp-003-768x1584.jpg 768w, https:\/\/www.rmcr.org\/wp-content\/uploads\/2026\/09\/Blq-XVIII-Pl4-4-Prp-003-745x1536.jpg 745w, https:\/\/www.rmcr.org\/wp-content\/uploads\/2026\/09\/Blq-XVIII-Pl4-4-Prp-003-993x2048.jpg 993w, https:\/\/www.rmcr.org\/wp-content\/uploads\/2026\/09\/Blq-XVIII-Pl4-4-Prp-003-scaled.jpg 1241w\" sizes=\"(max-width: 497px) 100vw, 497px\" \/><\/figure>\n\n\n\n<p class=\"has-text-align-center has-small-font-size wp-block-paragraph\">10 de septiembre 1940. Corrida celebrada el 3er d\u00eda de Feria en la Plaza de Toros de Ronda en la que Cayetano Ord\u00f3\u00f1ez &#8220;Ni\u00f1o de la Palma&#8221; lidia cuatro toros de la ganader\u00eda de Juan Belmonte como \u00fanico espada, siendo el sobresaliente Juan Luis Ruiz.<\/p>\n\n\n\n<figure class=\"wp-block-image aligncenter size-large is-resized\"><img loading=\"lazy\" decoding=\"async\" width=\"480\" height=\"1024\" src=\"https:\/\/www.rmcr.org\/wp-content\/uploads\/2026\/09\/A.f.C38-n33-34-480x1024.jpg\" alt=\"\" class=\"wp-image-26669\" style=\"aspect-ratio:0.4687541997043408;width:273px;height:auto\" srcset=\"https:\/\/www.rmcr.org\/wp-content\/uploads\/2026\/09\/A.f.C38-n33-34-480x1024.jpg 480w, https:\/\/www.rmcr.org\/wp-content\/uploads\/2026\/09\/A.f.C38-n33-34-141x300.jpg 141w, https:\/\/www.rmcr.org\/wp-content\/uploads\/2026\/09\/A.f.C38-n33-34-768x1638.jpg 768w, https:\/\/www.rmcr.org\/wp-content\/uploads\/2026\/09\/A.f.C38-n33-34-720x1536.jpg 720w, https:\/\/www.rmcr.org\/wp-content\/uploads\/2026\/09\/A.f.C38-n33-34-960x2048.jpg 960w, https:\/\/www.rmcr.org\/wp-content\/uploads\/2026\/09\/A.f.C38-n33-34-scaled.jpg 1201w\" sizes=\"(max-width: 480px) 100vw, 480px\" \/><\/figure>\n\n\n\n<p class=\"has-text-align-center has-small-font-size wp-block-paragraph\">09 de septiembre 1952. Corrida de Toros el 2\u00ba d\u00eda de Feria, celebrada en la Plaza de Toros de la Real Maestranza de Caballer\u00eda de Ronda a beneficio de las obras de la Iglesia del Socorro en la que se lidian cuatro toros de la Ganader\u00eda de Carlos N\u00fa\u00f1ez para Cayetano Ord\u00f3\u00f1ez &#8220;Ni\u00f1o de la Palma&#8221; (hijo) y Antonio Ord\u00f3\u00f1ez. Tambi\u00e9n se lidia un novillo por Pepito Ord\u00f3\u00f1ez.<\/p>\n\n\n\n<figure class=\"wp-block-image aligncenter size-large is-resized\"><img loading=\"lazy\" decoding=\"async\" width=\"1024\" height=\"683\" src=\"https:\/\/www.rmcr.org\/wp-content\/uploads\/2026\/09\/A.f.C39-n122-1-1024x683.jpg\" alt=\"\" class=\"wp-image-26671\" style=\"aspect-ratio:1.4992875701952897;width:544px;height:auto\" srcset=\"https:\/\/www.rmcr.org\/wp-content\/uploads\/2026\/09\/A.f.C39-n122-1-1024x683.jpg 1024w, https:\/\/www.rmcr.org\/wp-content\/uploads\/2026\/09\/A.f.C39-n122-1-300x200.jpg 300w, https:\/\/www.rmcr.org\/wp-content\/uploads\/2026\/09\/A.f.C39-n122-1-768x512.jpg 768w, https:\/\/www.rmcr.org\/wp-content\/uploads\/2026\/09\/A.f.C39-n122-1-1536x1024.jpg 1536w, https:\/\/www.rmcr.org\/wp-content\/uploads\/2026\/09\/A.f.C39-n122-1-2048x1365.jpg 2048w\" sizes=\"(max-width: 1024px) 100vw, 1024px\" \/><\/figure>\n\n\n\n<p class=\"has-text-align-center has-small-font-size wp-block-paragraph\">Cartel de la feria taurina de Ronda, 16 de septiembre de 1954 feria de Pedro Romero, primera Corrida Goyesca.<\/p>\n\n\n\n<figure class=\"wp-block-image aligncenter size-large is-resized\"><img loading=\"lazy\" decoding=\"async\" width=\"1024\" height=\"742\" src=\"https:\/\/www.rmcr.org\/wp-content\/uploads\/2026\/09\/A.f.C38-n33-32-1024x742.jpg\" alt=\"\" class=\"wp-image-26673\" style=\"aspect-ratio:1.3800921006021962;width:549px;height:auto\" srcset=\"https:\/\/www.rmcr.org\/wp-content\/uploads\/2026\/09\/A.f.C38-n33-32-1024x742.jpg 1024w, https:\/\/www.rmcr.org\/wp-content\/uploads\/2026\/09\/A.f.C38-n33-32-300x217.jpg 300w, https:\/\/www.rmcr.org\/wp-content\/uploads\/2026\/09\/A.f.C38-n33-32-768x557.jpg 768w, https:\/\/www.rmcr.org\/wp-content\/uploads\/2026\/09\/A.f.C38-n33-32-1536x1113.jpg 1536w, https:\/\/www.rmcr.org\/wp-content\/uploads\/2026\/09\/A.f.C38-n33-32-2048x1484.jpg 2048w\" sizes=\"(max-width: 1024px) 100vw, 1024px\" \/><\/figure>\n\n\n\n<p class=\"has-text-align-center has-small-font-size wp-block-paragraph\">Cartel de la feria taurina de Ronda, septiembre de 1955 feria de Pedro Romero, Corrida Goyesca.<\/p>\n\n\n\n<figure class=\"wp-block-image aligncenter size-large is-resized\"><img loading=\"lazy\" decoding=\"async\" width=\"736\" height=\"1024\" src=\"https:\/\/www.rmcr.org\/wp-content\/uploads\/2026\/09\/A.f.C39-n123-2-736x1024.jpg\" alt=\"\" class=\"wp-image-26689\" style=\"aspect-ratio:0.7187596457487475;width:453px;height:auto\" srcset=\"https:\/\/www.rmcr.org\/wp-content\/uploads\/2026\/09\/A.f.C39-n123-2-736x1024.jpg 736w, https:\/\/www.rmcr.org\/wp-content\/uploads\/2026\/09\/A.f.C39-n123-2-216x300.jpg 216w, https:\/\/www.rmcr.org\/wp-content\/uploads\/2026\/09\/A.f.C39-n123-2-768x1069.jpg 768w, https:\/\/www.rmcr.org\/wp-content\/uploads\/2026\/09\/A.f.C39-n123-2-1104x1536.jpg 1104w, https:\/\/www.rmcr.org\/wp-content\/uploads\/2026\/09\/A.f.C39-n123-2-1471x2048.jpg 1471w, https:\/\/www.rmcr.org\/wp-content\/uploads\/2026\/09\/A.f.C39-n123-2-scaled.jpg 1839w\" sizes=\"(max-width: 736px) 100vw, 736px\" \/><\/figure>\n\n\n\n<p class=\"has-text-align-center has-small-font-size wp-block-paragraph\">Cartel de la feria taurina de Ronda, 9 de septiembre de 1958 feria de Pedro Romero, Corrida Goyesca.<\/p>\n\n\n\n<figure class=\"wp-block-image aligncenter size-large is-resized\"><img loading=\"lazy\" decoding=\"async\" width=\"465\" height=\"1024\" src=\"https:\/\/www.rmcr.org\/wp-content\/uploads\/2026\/09\/Blq-XIX-Pl10-1-001-465x1024.jpg\" alt=\"\" class=\"wp-image-26691\" style=\"aspect-ratio:0.45410647062301673;width:329px;height:auto\" srcset=\"https:\/\/www.rmcr.org\/wp-content\/uploads\/2026\/09\/Blq-XIX-Pl10-1-001-465x1024.jpg 465w, https:\/\/www.rmcr.org\/wp-content\/uploads\/2026\/09\/Blq-XIX-Pl10-1-001-136x300.jpg 136w, https:\/\/www.rmcr.org\/wp-content\/uploads\/2026\/09\/Blq-XIX-Pl10-1-001-768x1690.jpg 768w, https:\/\/www.rmcr.org\/wp-content\/uploads\/2026\/09\/Blq-XIX-Pl10-1-001-698x1536.jpg 698w, https:\/\/www.rmcr.org\/wp-content\/uploads\/2026\/09\/Blq-XIX-Pl10-1-001-931x2048.jpg 931w, https:\/\/www.rmcr.org\/wp-content\/uploads\/2026\/09\/Blq-XIX-Pl10-1-001-scaled.jpg 1164w\" sizes=\"(max-width: 465px) 100vw, 465px\" \/><\/figure>\n\n\n\n<p class=\"has-text-align-center has-small-font-size wp-block-paragraph\">Cartel de la feria taurina de Ronda, 10 de septiembre de 1959 feria de Pedro Romero, Corrida Goyesca.<\/p>\n\n\n\n<figure class=\"wp-block-image aligncenter size-large is-resized\"><img loading=\"lazy\" decoding=\"async\" width=\"1024\" height=\"799\" src=\"https:\/\/www.rmcr.org\/wp-content\/uploads\/2026\/09\/Cartel-54-seda002-1024x799.jpg\" alt=\"\" class=\"wp-image-26693\" style=\"width:500px;height:auto\" srcset=\"https:\/\/www.rmcr.org\/wp-content\/uploads\/2026\/09\/Cartel-54-seda002-1024x799.jpg 1024w, https:\/\/www.rmcr.org\/wp-content\/uploads\/2026\/09\/Cartel-54-seda002-300x234.jpg 300w, https:\/\/www.rmcr.org\/wp-content\/uploads\/2026\/09\/Cartel-54-seda002-768x599.jpg 768w, https:\/\/www.rmcr.org\/wp-content\/uploads\/2026\/09\/Cartel-54-seda002-1536x1198.jpg 1536w, https:\/\/www.rmcr.org\/wp-content\/uploads\/2026\/09\/Cartel-54-seda002-2048x1597.jpg 2048w\" sizes=\"(max-width: 1024px) 100vw, 1024px\" \/><\/figure>\n\n\n\n<p class=\"has-text-align-center has-small-font-size wp-block-paragraph\">Cartel de la feria taurina de Ronda, 9 de septiembre de 1960 feria de Pedro Romero, Corrida Goyesca.<\/p>\n\n\n\n<figure class=\"wp-block-image aligncenter size-large is-resized\"><img loading=\"lazy\" decoding=\"async\" width=\"496\" height=\"1024\" src=\"https:\/\/www.rmcr.org\/wp-content\/uploads\/2026\/09\/A.f.C39-n118-2-496x1024.jpg\" alt=\"\" class=\"wp-image-26696\" style=\"width:371px;height:auto\" srcset=\"https:\/\/www.rmcr.org\/wp-content\/uploads\/2026\/09\/A.f.C39-n118-2-496x1024.jpg 496w, https:\/\/www.rmcr.org\/wp-content\/uploads\/2026\/09\/A.f.C39-n118-2-145x300.jpg 145w, https:\/\/www.rmcr.org\/wp-content\/uploads\/2026\/09\/A.f.C39-n118-2-768x1585.jpg 768w, https:\/\/www.rmcr.org\/wp-content\/uploads\/2026\/09\/A.f.C39-n118-2-744x1536.jpg 744w, https:\/\/www.rmcr.org\/wp-content\/uploads\/2026\/09\/A.f.C39-n118-2-992x2048.jpg 992w, https:\/\/www.rmcr.org\/wp-content\/uploads\/2026\/09\/A.f.C39-n118-2-scaled.jpg 1240w\" sizes=\"(max-width: 496px) 100vw, 496px\" \/><\/figure>\n\n\n\n<p class=\"has-text-align-center has-small-font-size wp-block-paragraph\">Cartel de la feria taurina de Ronda, 1964 feria de Pedro Romero, Corrida Goyesca.<\/p>\n\n\n\n<figure class=\"wp-block-image aligncenter size-large is-resized\"><img loading=\"lazy\" decoding=\"async\" width=\"713\" height=\"1024\" src=\"https:\/\/www.rmcr.org\/wp-content\/uploads\/2026\/09\/A.f.C38-n33-148-713x1024.jpg\" alt=\"\" class=\"wp-image-26698\" style=\"aspect-ratio:0.6963024511840465;width:357px;height:auto\" srcset=\"https:\/\/www.rmcr.org\/wp-content\/uploads\/2026\/09\/A.f.C38-n33-148-713x1024.jpg 713w, https:\/\/www.rmcr.org\/wp-content\/uploads\/2026\/09\/A.f.C38-n33-148-209x300.jpg 209w, https:\/\/www.rmcr.org\/wp-content\/uploads\/2026\/09\/A.f.C38-n33-148-768x1103.jpg 768w, https:\/\/www.rmcr.org\/wp-content\/uploads\/2026\/09\/A.f.C38-n33-148-1070x1536.jpg 1070w, https:\/\/www.rmcr.org\/wp-content\/uploads\/2026\/09\/A.f.C38-n33-148-1426x2048.jpg 1426w, https:\/\/www.rmcr.org\/wp-content\/uploads\/2026\/09\/A.f.C38-n33-148-scaled.jpg 1783w\" sizes=\"(max-width: 713px) 100vw, 713px\" \/><\/figure>\n\n\n\n<p class=\"has-text-align-center has-small-font-size wp-block-paragraph\">Cartel de la feria taurina de Ronda, 9 de septiembre de 1966 feria de Pedro Romero, Corrida Goyesca.<\/p>\n\n\n\n<figure class=\"wp-block-image aligncenter size-large is-resized\"><img loading=\"lazy\" decoding=\"async\" width=\"688\" height=\"1024\" src=\"https:\/\/www.rmcr.org\/wp-content\/uploads\/2026\/09\/A.f.C39-n120-1-688x1024.jpg\" alt=\"\" class=\"wp-image-26700\" style=\"aspect-ratio:0.671879857474233;width:370px;height:auto\" srcset=\"https:\/\/www.rmcr.org\/wp-content\/uploads\/2026\/09\/A.f.C39-n120-1-688x1024.jpg 688w, https:\/\/www.rmcr.org\/wp-content\/uploads\/2026\/09\/A.f.C39-n120-1-202x300.jpg 202w, https:\/\/www.rmcr.org\/wp-content\/uploads\/2026\/09\/A.f.C39-n120-1-768x1143.jpg 768w, https:\/\/www.rmcr.org\/wp-content\/uploads\/2026\/09\/A.f.C39-n120-1-1032x1536.jpg 1032w, https:\/\/www.rmcr.org\/wp-content\/uploads\/2026\/09\/A.f.C39-n120-1-1376x2048.jpg 1376w, https:\/\/www.rmcr.org\/wp-content\/uploads\/2026\/09\/A.f.C39-n120-1-scaled.jpg 1720w\" sizes=\"(max-width: 688px) 100vw, 688px\" \/><\/figure>\n\n\n\n<p class=\"has-text-align-center has-small-font-size wp-block-paragraph\">Cartel de la feria taurina de Ronda, 9 de septiembre de 1967 feria de Pedro Romero, Corrida Goyesca.<\/p>\n\n\n\n<figure class=\"wp-block-image aligncenter size-large is-resized\"><img loading=\"lazy\" decoding=\"async\" width=\"465\" height=\"1024\" src=\"https:\/\/www.rmcr.org\/wp-content\/uploads\/2026\/09\/A.f.C40-n4-1-465x1024.jpg\" alt=\"\" class=\"wp-image-26702\" style=\"width:375px;height:auto\" srcset=\"https:\/\/www.rmcr.org\/wp-content\/uploads\/2026\/09\/A.f.C40-n4-1-465x1024.jpg 465w, https:\/\/www.rmcr.org\/wp-content\/uploads\/2026\/09\/A.f.C40-n4-1-136x300.jpg 136w, https:\/\/www.rmcr.org\/wp-content\/uploads\/2026\/09\/A.f.C40-n4-1-768x1693.jpg 768w, https:\/\/www.rmcr.org\/wp-content\/uploads\/2026\/09\/A.f.C40-n4-1-697x1536.jpg 697w, https:\/\/www.rmcr.org\/wp-content\/uploads\/2026\/09\/A.f.C40-n4-1.jpg 906w\" sizes=\"(max-width: 465px) 100vw, 465px\" \/><\/figure>\n\n\n\n<p class=\"has-text-align-center has-small-font-size wp-block-paragraph\">Cartel de la feria taurina de Ronda, 9 de septiembre de 1971 feria de Pedro Romero, Corrida Goyesca.<\/p>\n\n\n\n<figure class=\"wp-block-image aligncenter size-large is-resized\"><img loading=\"lazy\" decoding=\"async\" width=\"457\" height=\"1024\" src=\"https:\/\/www.rmcr.org\/wp-content\/uploads\/2026\/09\/A.f.C40-n13-2-457x1024.jpg\" alt=\"\" class=\"wp-image-26704\" style=\"aspect-ratio:0.4462962640121337;width:383px;height:auto\" srcset=\"https:\/\/www.rmcr.org\/wp-content\/uploads\/2026\/09\/A.f.C40-n13-2-457x1024.jpg 457w, https:\/\/www.rmcr.org\/wp-content\/uploads\/2026\/09\/A.f.C40-n13-2-134x300.jpg 134w, https:\/\/www.rmcr.org\/wp-content\/uploads\/2026\/09\/A.f.C40-n13-2-768x1720.jpg 768w, https:\/\/www.rmcr.org\/wp-content\/uploads\/2026\/09\/A.f.C40-n13-2-686x1536.jpg 686w, https:\/\/www.rmcr.org\/wp-content\/uploads\/2026\/09\/A.f.C40-n13-2-915x2048.jpg 915w, https:\/\/www.rmcr.org\/wp-content\/uploads\/2026\/09\/A.f.C40-n13-2-scaled.jpg 1143w\" sizes=\"(max-width: 457px) 100vw, 457px\" \/><\/figure>\n\n\n\n<p class=\"has-text-align-center has-small-font-size wp-block-paragraph\">Cartel de la feria taurina de Ronda, 9 de septiembre de 1975 feria de Pedro Romero, Corrida Goyesca.<\/p>\n\n\n\n<figure class=\"wp-block-image aligncenter size-large is-resized\"><img loading=\"lazy\" decoding=\"async\" width=\"510\" height=\"1024\" src=\"https:\/\/www.rmcr.org\/wp-content\/uploads\/2026\/09\/A.f.C40-n26-1-510x1024.jpg\" alt=\"\" class=\"wp-image-26706\" style=\"aspect-ratio:0.4980544747081712;width:377px;height:auto\" srcset=\"https:\/\/www.rmcr.org\/wp-content\/uploads\/2026\/09\/A.f.C40-n26-1-510x1024.jpg 510w, https:\/\/www.rmcr.org\/wp-content\/uploads\/2026\/09\/A.f.C40-n26-1-149x300.jpg 149w, https:\/\/www.rmcr.org\/wp-content\/uploads\/2026\/09\/A.f.C40-n26-1-768x1542.jpg 768w, https:\/\/www.rmcr.org\/wp-content\/uploads\/2026\/09\/A.f.C40-n26-1-765x1536.jpg 765w, https:\/\/www.rmcr.org\/wp-content\/uploads\/2026\/09\/A.f.C40-n26-1-1020x2048.jpg 1020w, https:\/\/www.rmcr.org\/wp-content\/uploads\/2026\/09\/A.f.C40-n26-1-scaled.jpg 1275w\" sizes=\"(max-width: 510px) 100vw, 510px\" \/><\/figure>\n\n\n\n<p class=\"has-text-align-center has-small-font-size wp-block-paragraph\">Cartel de la feria taurina de Ronda, 9 de septiembre de 1977 feria de Pedro Romero, Corrida Goyesca.<\/p>\n","protected":false},"excerpt":{"rendered":"<p>Los festejos taurinos son un espect\u00e1culo p\u00fablico \u00edntimamente ligado al cartel que los anuncia. El cartel se convierte en objeto art\u00edstico y anunciador de un espect\u00e1culo \u00fanico como es la Corrida Goyesca de Ronda.<\/p>\n","protected":false},"author":3,"featured_media":26716,"comment_status":"open","ping_status":"open","sticky":false,"template":"","format":"standard","meta":{"footnotes":""},"categories":[134,512,277,31,278,275],"tags":[262,182,352,230,183,98,189],"class_list":["post-26642","post","type-post","status-publish","format-standard","has-post-thumbnail","hentry","category-archivo","category-documentos-archivos-rmr","category-plaza-de-toros","category-real-maestranza-de-caballeria-de-ronda","category-tauromaquia","category-goyesca","tag-archivo-rmr","tag-archivos-privados","tag-cartel-taurino","tag-carteleria","tag-documentos-historicos","tag-real-maestranza-de-caballeria-de-ronda","tag-tauromaquia"],"yoast_head":"<!-- This site is optimized with the Yoast SEO plugin v28.4 - https:\/\/yoast.com\/product\/yoast-seo-wordpress\/ -->\n<title>150 a\u00f1os de la Plaza de Toros de la Malagueta | RMR<\/title>\n<meta name=\"description\" content=\"150 a\u00f1os de la Plaza de Toros de la Malagueta (M\u00e1laga), BIC desde 1981, y su relaci\u00f3n hist\u00f3rica con la Real Maestranza de Caballer\u00eda de Ronda.\" \/>\n<meta name=\"robots\" content=\"index, follow, max-snippet:-1, max-image-preview:large, max-video-preview:-1\" \/>\n<link rel=\"canonical\" href=\"https:\/\/www.rmcr.org\/en\/2026\/09\/04\/documentos-de-archivo-rmr-no-44-seda-y-papel-el-cartel-taurino-en-la-real-maestranza-de-caballeria-de-ronda-1830-1977-septiembre-2026\/\" \/>\n<meta property=\"og:locale\" content=\"en_US\" \/>\n<meta property=\"og:type\" content=\"article\" \/>\n<meta property=\"og:title\" content=\"150 a\u00f1os de la Plaza de Toros de la Malagueta | RMR\" \/>\n<meta property=\"og:description\" content=\"150 a\u00f1os de la Plaza de Toros de la Malagueta (M\u00e1laga), BIC desde 1981, y su relaci\u00f3n hist\u00f3rica con la Real Maestranza de Caballer\u00eda de Ronda.\" \/>\n<meta property=\"og:url\" content=\"https:\/\/www.rmcr.org\/en\/2026\/09\/04\/documentos-de-archivo-rmr-no-44-seda-y-papel-el-cartel-taurino-en-la-real-maestranza-de-caballeria-de-ronda-1830-1977-septiembre-2026\/\" \/>\n<meta property=\"og:site_name\" content=\"Real Maestranza de Caballer\u00eda de Ronda\" \/>\n<meta property=\"article:publisher\" content=\"https:\/\/www.facebook.com\/plazadetorosronda\" \/>\n<meta property=\"article:published_time\" content=\"2026-09-04T12:42:49+00:00\" \/>\n<meta property=\"article:modified_time\" content=\"2026-09-05T09:16:03+00:00\" \/>\n<meta property=\"og:image\" content=\"https:\/\/www.rmcr.org\/wp-content\/uploads\/2026\/09\/Destacada.jpg\" \/>\n\t<meta property=\"og:image:width\" content=\"620\" \/>\n\t<meta property=\"og:image:height\" content=\"231\" \/>\n\t<meta property=\"og:image:type\" content=\"image\/jpeg\" \/>\n<meta name=\"author\" content=\"ARCHIVO\" \/>\n<meta name=\"twitter:card\" content=\"summary_large_image\" \/>\n<meta name=\"twitter:creator\" content=\"@PlazatorosRMR\" \/>\n<meta name=\"twitter:site\" content=\"@PlazatorosRMR\" \/>\n<meta name=\"twitter:label1\" content=\"Written by\" \/>\n\t<meta name=\"twitter:data1\" content=\"ARCHIVO\" \/>\n\t<meta name=\"twitter:label2\" content=\"Est. reading time\" \/>\n\t<meta name=\"twitter:data2\" content=\"11 minutes\" \/>\n<script type=\"application\/ld+json\" class=\"yoast-schema-graph\">{\"@context\":\"https:\\\/\\\/schema.org\",\"@graph\":[{\"@type\":\"Article\",\"@id\":\"https:\\\/\\\/www.rmcr.org\\\/en\\\/2026\\\/09\\\/04\\\/documentos-de-archivo-rmr-no-44-seda-y-papel-el-cartel-taurino-en-la-real-maestranza-de-caballeria-de-ronda-1830-1977-septiembre-2026\\\/#article\",\"isPartOf\":{\"@id\":\"https:\\\/\\\/www.rmcr.org\\\/en\\\/2026\\\/09\\\/04\\\/documentos-de-archivo-rmr-no-44-seda-y-papel-el-cartel-taurino-en-la-real-maestranza-de-caballeria-de-ronda-1830-1977-septiembre-2026\\\/\"},\"author\":{\"name\":\"ARCHIVO\",\"@id\":\"https:\\\/\\\/www.rmcr.org\\\/en\\\/#\\\/schema\\\/person\\\/f182f13b406ff40dd281a5ecca93380e\"},\"headline\":\"Documentos de Archivo RMR: N\u00ba 44. &#8220;Seda y Papel&#8221;, el cartel taurino en la Real Maestranza de Caballer\u00eda de Ronda, 1830 &#8211; 1977&#8243;, Septiembre 2026\",\"datePublished\":\"2026-09-04T12:42:49+00:00\",\"dateModified\":\"2026-09-05T09:16:03+00:00\",\"mainEntityOfPage\":{\"@id\":\"https:\\\/\\\/www.rmcr.org\\\/en\\\/2026\\\/09\\\/04\\\/documentos-de-archivo-rmr-no-44-seda-y-papel-el-cartel-taurino-en-la-real-maestranza-de-caballeria-de-ronda-1830-1977-septiembre-2026\\\/\"},\"wordCount\":1257,\"commentCount\":0,\"publisher\":{\"@id\":\"https:\\\/\\\/www.rmcr.org\\\/en\\\/#organization\"},\"image\":{\"@id\":\"https:\\\/\\\/www.rmcr.org\\\/en\\\/2026\\\/09\\\/04\\\/documentos-de-archivo-rmr-no-44-seda-y-papel-el-cartel-taurino-en-la-real-maestranza-de-caballeria-de-ronda-1830-1977-septiembre-2026\\\/#primaryimage\"},\"thumbnailUrl\":\"https:\\\/\\\/www.rmcr.org\\\/wp-content\\\/uploads\\\/2026\\\/09\\\/Destacada.jpg\",\"keywords\":[\"Archivo RMR\",\"Archivos privados\",\"Cartel taurino\",\"Carteler\u00eda\",\"Documentos hist\u00f3ricos\",\"Real Maestranza de Caballer\u00eda de Ronda\",\"Tauromaquia\"],\"articleSection\":[\"Archivo\",\"Documentos Archivo RMR\",\"Plaza de Toros\",\"Real Maestranza de Caballer\u00eda de Ronda\",\"Tauromaquia\",\"Tradicional Corrida Goyesca\"],\"inLanguage\":\"en-US\",\"potentialAction\":[{\"@type\":\"CommentAction\",\"name\":\"Comment\",\"target\":[\"https:\\\/\\\/www.rmcr.org\\\/en\\\/2026\\\/09\\\/04\\\/documentos-de-archivo-rmr-no-44-seda-y-papel-el-cartel-taurino-en-la-real-maestranza-de-caballeria-de-ronda-1830-1977-septiembre-2026\\\/#respond\"]}]},{\"@type\":\"WebPage\",\"@id\":\"https:\\\/\\\/www.rmcr.org\\\/en\\\/2026\\\/09\\\/04\\\/documentos-de-archivo-rmr-no-44-seda-y-papel-el-cartel-taurino-en-la-real-maestranza-de-caballeria-de-ronda-1830-1977-septiembre-2026\\\/\",\"url\":\"https:\\\/\\\/www.rmcr.org\\\/en\\\/2026\\\/09\\\/04\\\/documentos-de-archivo-rmr-no-44-seda-y-papel-el-cartel-taurino-en-la-real-maestranza-de-caballeria-de-ronda-1830-1977-septiembre-2026\\\/\",\"name\":\"150 a\u00f1os de la Plaza de Toros de la Malagueta | RMR\",\"isPartOf\":{\"@id\":\"https:\\\/\\\/www.rmcr.org\\\/en\\\/#website\"},\"primaryImageOfPage\":{\"@id\":\"https:\\\/\\\/www.rmcr.org\\\/en\\\/2026\\\/09\\\/04\\\/documentos-de-archivo-rmr-no-44-seda-y-papel-el-cartel-taurino-en-la-real-maestranza-de-caballeria-de-ronda-1830-1977-septiembre-2026\\\/#primaryimage\"},\"image\":{\"@id\":\"https:\\\/\\\/www.rmcr.org\\\/en\\\/2026\\\/09\\\/04\\\/documentos-de-archivo-rmr-no-44-seda-y-papel-el-cartel-taurino-en-la-real-maestranza-de-caballeria-de-ronda-1830-1977-septiembre-2026\\\/#primaryimage\"},\"thumbnailUrl\":\"https:\\\/\\\/www.rmcr.org\\\/wp-content\\\/uploads\\\/2026\\\/09\\\/Destacada.jpg\",\"datePublished\":\"2026-09-04T12:42:49+00:00\",\"dateModified\":\"2026-09-05T09:16:03+00:00\",\"description\":\"150 a\u00f1os de la Plaza de Toros de la Malagueta (M\u00e1laga), BIC desde 1981, y su relaci\u00f3n hist\u00f3rica con la Real Maestranza de Caballer\u00eda de Ronda.\",\"breadcrumb\":{\"@id\":\"https:\\\/\\\/www.rmcr.org\\\/en\\\/2026\\\/09\\\/04\\\/documentos-de-archivo-rmr-no-44-seda-y-papel-el-cartel-taurino-en-la-real-maestranza-de-caballeria-de-ronda-1830-1977-septiembre-2026\\\/#breadcrumb\"},\"inLanguage\":\"en-US\",\"potentialAction\":[{\"@type\":\"ReadAction\",\"target\":[\"https:\\\/\\\/www.rmcr.org\\\/en\\\/2026\\\/09\\\/04\\\/documentos-de-archivo-rmr-no-44-seda-y-papel-el-cartel-taurino-en-la-real-maestranza-de-caballeria-de-ronda-1830-1977-septiembre-2026\\\/\"]}]},{\"@type\":\"ImageObject\",\"inLanguage\":\"en-US\",\"@id\":\"https:\\\/\\\/www.rmcr.org\\\/en\\\/2026\\\/09\\\/04\\\/documentos-de-archivo-rmr-no-44-seda-y-papel-el-cartel-taurino-en-la-real-maestranza-de-caballeria-de-ronda-1830-1977-septiembre-2026\\\/#primaryimage\",\"url\":\"https:\\\/\\\/www.rmcr.org\\\/wp-content\\\/uploads\\\/2026\\\/09\\\/Destacada.jpg\",\"contentUrl\":\"https:\\\/\\\/www.rmcr.org\\\/wp-content\\\/uploads\\\/2026\\\/09\\\/Destacada.jpg\",\"width\":620,\"height\":231},{\"@type\":\"BreadcrumbList\",\"@id\":\"https:\\\/\\\/www.rmcr.org\\\/en\\\/2026\\\/09\\\/04\\\/documentos-de-archivo-rmr-no-44-seda-y-papel-el-cartel-taurino-en-la-real-maestranza-de-caballeria-de-ronda-1830-1977-septiembre-2026\\\/#breadcrumb\",\"itemListElement\":[{\"@type\":\"ListItem\",\"position\":1,\"name\":\"REAL MAESTRANZA DE CABALLER\u00cdA DE RONDA\",\"item\":\"https:\\\/\\\/www.rmcr.org\\\/en\\\/\"},{\"@type\":\"ListItem\",\"position\":2,\"name\":\"Documentos de Archivo RMR: N\u00ba 44. \u00abSeda y Papel\u00bb, el cartel taurino en la Real Maestranza de Caballer\u00eda de Ronda, 1830 &#8211; 1977&#8243;, Septiembre 2026\"}]},{\"@type\":\"WebSite\",\"@id\":\"https:\\\/\\\/www.rmcr.org\\\/en\\\/#website\",\"url\":\"https:\\\/\\\/www.rmcr.org\\\/en\\\/\",\"name\":\"Real Maestranza de Caballer\u00eda de Ronda\",\"description\":\"Real Maestranza de Caballer\u00eda de Ronda\",\"publisher\":{\"@id\":\"https:\\\/\\\/www.rmcr.org\\\/en\\\/#organization\"},\"alternateName\":\"RMCR\",\"potentialAction\":[{\"@type\":\"SearchAction\",\"target\":{\"@type\":\"EntryPoint\",\"urlTemplate\":\"https:\\\/\\\/www.rmcr.org\\\/en\\\/?s={search_term_string}\"},\"query-input\":{\"@type\":\"PropertyValueSpecification\",\"valueRequired\":true,\"valueName\":\"search_term_string\"}}],\"inLanguage\":\"en-US\"},{\"@type\":\"Organization\",\"@id\":\"https:\\\/\\\/www.rmcr.org\\\/en\\\/#organization\",\"name\":\"Real Maestranza de Caballer\u00eda de Ronda\",\"alternateName\":\"RMR\",\"url\":\"https:\\\/\\\/www.rmcr.org\\\/en\\\/\",\"logo\":{\"@type\":\"ImageObject\",\"inLanguage\":\"en-US\",\"@id\":\"https:\\\/\\\/www.rmcr.org\\\/en\\\/#\\\/schema\\\/logo\\\/image\\\/\",\"url\":\"https:\\\/\\\/www.rmcr.org\\\/wp-content\\\/uploads\\\/2022\\\/07\\\/logo-rmr-blue.svg\",\"contentUrl\":\"https:\\\/\\\/www.rmcr.org\\\/wp-content\\\/uploads\\\/2022\\\/07\\\/logo-rmr-blue.svg\",\"width\":131,\"height\":129,\"caption\":\"Real Maestranza de Caballer\u00eda de Ronda\"},\"image\":{\"@id\":\"https:\\\/\\\/www.rmcr.org\\\/en\\\/#\\\/schema\\\/logo\\\/image\\\/\"},\"sameAs\":[\"https:\\\/\\\/www.facebook.com\\\/plazadetorosronda\",\"https:\\\/\\\/x.com\\\/PlazatorosRMR\",\"https:\\\/\\\/www.instagram.com\\\/realmaestranzaderonda\\\/\",\"https:\\\/\\\/www.youtube.com\\\/channel\\\/UCrbO5IUN-8v_QML739vM4zg\\\/videos\",\"https:\\\/\\\/www.tiktok.com\\\/@realmaestranzaderonda\",\"https:\\\/\\\/es.linkedin.com\\\/company\\\/realmaestranzaderonda\"]},{\"@type\":\"Person\",\"@id\":\"https:\\\/\\\/www.rmcr.org\\\/en\\\/#\\\/schema\\\/person\\\/f182f13b406ff40dd281a5ecca93380e\",\"name\":\"ARCHIVO\",\"image\":{\"@type\":\"ImageObject\",\"inLanguage\":\"en-US\",\"@id\":\"https:\\\/\\\/www.rmcr.org\\\/wp-content\\\/uploads\\\/2022\\\/11\\\/avatar-rmcr-96x96.png\",\"url\":\"https:\\\/\\\/www.rmcr.org\\\/wp-content\\\/uploads\\\/2022\\\/11\\\/avatar-rmcr-96x96.png\",\"contentUrl\":\"https:\\\/\\\/www.rmcr.org\\\/wp-content\\\/uploads\\\/2022\\\/11\\\/avatar-rmcr-96x96.png\",\"caption\":\"ARCHIVO\"},\"url\":\"https:\\\/\\\/www.rmcr.org\\\/en\\\/author\\\/francisco-rosales\\\/\"}]}<\/script>\n<!-- \/ Yoast SEO plugin. -->","yoast_head_json":{"title":"150 a\u00f1os de la Plaza de Toros de la Malagueta | RMR","description":"150 a\u00f1os de la Plaza de Toros de la Malagueta (M\u00e1laga), BIC desde 1981, y su relaci\u00f3n hist\u00f3rica con la Real Maestranza de Caballer\u00eda de Ronda.","robots":{"index":"index","follow":"follow","max-snippet":"max-snippet:-1","max-image-preview":"max-image-preview:large","max-video-preview":"max-video-preview:-1"},"canonical":"https:\/\/www.rmcr.org\/en\/2026\/09\/04\/documentos-de-archivo-rmr-no-44-seda-y-papel-el-cartel-taurino-en-la-real-maestranza-de-caballeria-de-ronda-1830-1977-septiembre-2026\/","og_locale":"en_US","og_type":"article","og_title":"150 a\u00f1os de la Plaza de Toros de la Malagueta | RMR","og_description":"150 a\u00f1os de la Plaza de Toros de la Malagueta (M\u00e1laga), BIC desde 1981, y su relaci\u00f3n hist\u00f3rica con la Real Maestranza de Caballer\u00eda de Ronda.","og_url":"https:\/\/www.rmcr.org\/en\/2026\/09\/04\/documentos-de-archivo-rmr-no-44-seda-y-papel-el-cartel-taurino-en-la-real-maestranza-de-caballeria-de-ronda-1830-1977-septiembre-2026\/","og_site_name":"Real Maestranza de Caballer\u00eda de Ronda","article_publisher":"https:\/\/www.facebook.com\/plazadetorosronda","article_published_time":"2026-09-04T12:42:49+00:00","article_modified_time":"2026-09-05T09:16:03+00:00","og_image":[{"width":620,"height":231,"url":"https:\/\/www.rmcr.org\/wp-content\/uploads\/2026\/09\/Destacada.jpg","type":"image\/jpeg"}],"author":"ARCHIVO","twitter_card":"summary_large_image","twitter_creator":"@PlazatorosRMR","twitter_site":"@PlazatorosRMR","twitter_misc":{"Written by":"ARCHIVO","Est. reading time":"11 minutes"},"schema":{"@context":"https:\/\/schema.org","@graph":[{"@type":"Article","@id":"https:\/\/www.rmcr.org\/en\/2026\/09\/04\/documentos-de-archivo-rmr-no-44-seda-y-papel-el-cartel-taurino-en-la-real-maestranza-de-caballeria-de-ronda-1830-1977-septiembre-2026\/#article","isPartOf":{"@id":"https:\/\/www.rmcr.org\/en\/2026\/09\/04\/documentos-de-archivo-rmr-no-44-seda-y-papel-el-cartel-taurino-en-la-real-maestranza-de-caballeria-de-ronda-1830-1977-septiembre-2026\/"},"author":{"name":"ARCHIVO","@id":"https:\/\/www.rmcr.org\/en\/#\/schema\/person\/f182f13b406ff40dd281a5ecca93380e"},"headline":"Documentos de Archivo RMR: N\u00ba 44. &#8220;Seda y Papel&#8221;, el cartel taurino en la Real Maestranza de Caballer\u00eda de Ronda, 1830 &#8211; 1977&#8243;, Septiembre 2026","datePublished":"2026-09-04T12:42:49+00:00","dateModified":"2026-09-05T09:16:03+00:00","mainEntityOfPage":{"@id":"https:\/\/www.rmcr.org\/en\/2026\/09\/04\/documentos-de-archivo-rmr-no-44-seda-y-papel-el-cartel-taurino-en-la-real-maestranza-de-caballeria-de-ronda-1830-1977-septiembre-2026\/"},"wordCount":1257,"commentCount":0,"publisher":{"@id":"https:\/\/www.rmcr.org\/en\/#organization"},"image":{"@id":"https:\/\/www.rmcr.org\/en\/2026\/09\/04\/documentos-de-archivo-rmr-no-44-seda-y-papel-el-cartel-taurino-en-la-real-maestranza-de-caballeria-de-ronda-1830-1977-septiembre-2026\/#primaryimage"},"thumbnailUrl":"https:\/\/www.rmcr.org\/wp-content\/uploads\/2026\/09\/Destacada.jpg","keywords":["Archivo RMR","Archivos privados","Cartel taurino","Carteler\u00eda","Documentos hist\u00f3ricos","Real Maestranza de Caballer\u00eda de Ronda","Tauromaquia"],"articleSection":["Archivo","Documentos Archivo RMR","Plaza de Toros","Real Maestranza de Caballer\u00eda de Ronda","Tauromaquia","Tradicional Corrida Goyesca"],"inLanguage":"en-US","potentialAction":[{"@type":"CommentAction","name":"Comment","target":["https:\/\/www.rmcr.org\/en\/2026\/09\/04\/documentos-de-archivo-rmr-no-44-seda-y-papel-el-cartel-taurino-en-la-real-maestranza-de-caballeria-de-ronda-1830-1977-septiembre-2026\/#respond"]}]},{"@type":"WebPage","@id":"https:\/\/www.rmcr.org\/en\/2026\/09\/04\/documentos-de-archivo-rmr-no-44-seda-y-papel-el-cartel-taurino-en-la-real-maestranza-de-caballeria-de-ronda-1830-1977-septiembre-2026\/","url":"https:\/\/www.rmcr.org\/en\/2026\/09\/04\/documentos-de-archivo-rmr-no-44-seda-y-papel-el-cartel-taurino-en-la-real-maestranza-de-caballeria-de-ronda-1830-1977-septiembre-2026\/","name":"150 a\u00f1os de la Plaza de Toros de la Malagueta | RMR","isPartOf":{"@id":"https:\/\/www.rmcr.org\/en\/#website"},"primaryImageOfPage":{"@id":"https:\/\/www.rmcr.org\/en\/2026\/09\/04\/documentos-de-archivo-rmr-no-44-seda-y-papel-el-cartel-taurino-en-la-real-maestranza-de-caballeria-de-ronda-1830-1977-septiembre-2026\/#primaryimage"},"image":{"@id":"https:\/\/www.rmcr.org\/en\/2026\/09\/04\/documentos-de-archivo-rmr-no-44-seda-y-papel-el-cartel-taurino-en-la-real-maestranza-de-caballeria-de-ronda-1830-1977-septiembre-2026\/#primaryimage"},"thumbnailUrl":"https:\/\/www.rmcr.org\/wp-content\/uploads\/2026\/09\/Destacada.jpg","datePublished":"2026-09-04T12:42:49+00:00","dateModified":"2026-09-05T09:16:03+00:00","description":"150 a\u00f1os de la Plaza de Toros de la Malagueta (M\u00e1laga), BIC desde 1981, y su relaci\u00f3n hist\u00f3rica con la Real Maestranza de Caballer\u00eda de Ronda.","breadcrumb":{"@id":"https:\/\/www.rmcr.org\/en\/2026\/09\/04\/documentos-de-archivo-rmr-no-44-seda-y-papel-el-cartel-taurino-en-la-real-maestranza-de-caballeria-de-ronda-1830-1977-septiembre-2026\/#breadcrumb"},"inLanguage":"en-US","potentialAction":[{"@type":"ReadAction","target":["https:\/\/www.rmcr.org\/en\/2026\/09\/04\/documentos-de-archivo-rmr-no-44-seda-y-papel-el-cartel-taurino-en-la-real-maestranza-de-caballeria-de-ronda-1830-1977-septiembre-2026\/"]}]},{"@type":"ImageObject","inLanguage":"en-US","@id":"https:\/\/www.rmcr.org\/en\/2026\/09\/04\/documentos-de-archivo-rmr-no-44-seda-y-papel-el-cartel-taurino-en-la-real-maestranza-de-caballeria-de-ronda-1830-1977-septiembre-2026\/#primaryimage","url":"https:\/\/www.rmcr.org\/wp-content\/uploads\/2026\/09\/Destacada.jpg","contentUrl":"https:\/\/www.rmcr.org\/wp-content\/uploads\/2026\/09\/Destacada.jpg","width":620,"height":231},{"@type":"BreadcrumbList","@id":"https:\/\/www.rmcr.org\/en\/2026\/09\/04\/documentos-de-archivo-rmr-no-44-seda-y-papel-el-cartel-taurino-en-la-real-maestranza-de-caballeria-de-ronda-1830-1977-septiembre-2026\/#breadcrumb","itemListElement":[{"@type":"ListItem","position":1,"name":"REAL MAESTRANZA DE CABALLER\u00cdA DE RONDA","item":"https:\/\/www.rmcr.org\/en\/"},{"@type":"ListItem","position":2,"name":"Documentos de Archivo RMR: N\u00ba 44. \u00abSeda y Papel\u00bb, el cartel taurino en la Real Maestranza de Caballer\u00eda de Ronda, 1830 &#8211; 1977&#8243;, Septiembre 2026"}]},{"@type":"WebSite","@id":"https:\/\/www.rmcr.org\/en\/#website","url":"https:\/\/www.rmcr.org\/en\/","name":"Real Maestranza de Caballer\u00eda de Ronda","description":"Real Maestranza de Caballer\u00eda de Ronda","publisher":{"@id":"https:\/\/www.rmcr.org\/en\/#organization"},"alternateName":"RMCR","potentialAction":[{"@type":"SearchAction","target":{"@type":"EntryPoint","urlTemplate":"https:\/\/www.rmcr.org\/en\/?s={search_term_string}"},"query-input":{"@type":"PropertyValueSpecification","valueRequired":true,"valueName":"search_term_string"}}],"inLanguage":"en-US"},{"@type":"Organization","@id":"https:\/\/www.rmcr.org\/en\/#organization","name":"Real Maestranza de Caballer\u00eda de Ronda","alternateName":"RMR","url":"https:\/\/www.rmcr.org\/en\/","logo":{"@type":"ImageObject","inLanguage":"en-US","@id":"https:\/\/www.rmcr.org\/en\/#\/schema\/logo\/image\/","url":"https:\/\/www.rmcr.org\/wp-content\/uploads\/2022\/07\/logo-rmr-blue.svg","contentUrl":"https:\/\/www.rmcr.org\/wp-content\/uploads\/2022\/07\/logo-rmr-blue.svg","width":131,"height":129,"caption":"Real Maestranza de Caballer\u00eda de Ronda"},"image":{"@id":"https:\/\/www.rmcr.org\/en\/#\/schema\/logo\/image\/"},"sameAs":["https:\/\/www.facebook.com\/plazadetorosronda","https:\/\/x.com\/PlazatorosRMR","https:\/\/www.instagram.com\/realmaestranzaderonda\/","https:\/\/www.youtube.com\/channel\/UCrbO5IUN-8v_QML739vM4zg\/videos","https:\/\/www.tiktok.com\/@realmaestranzaderonda","https:\/\/es.linkedin.com\/company\/realmaestranzaderonda"]},{"@type":"Person","@id":"https:\/\/www.rmcr.org\/en\/#\/schema\/person\/f182f13b406ff40dd281a5ecca93380e","name":"ARCHIVO","image":{"@type":"ImageObject","inLanguage":"en-US","@id":"https:\/\/www.rmcr.org\/wp-content\/uploads\/2022\/11\/avatar-rmcr-96x96.png","url":"https:\/\/www.rmcr.org\/wp-content\/uploads\/2022\/11\/avatar-rmcr-96x96.png","contentUrl":"https:\/\/www.rmcr.org\/wp-content\/uploads\/2022\/11\/avatar-rmcr-96x96.png","caption":"ARCHIVO"},"url":"https:\/\/www.rmcr.org\/en\/author\/francisco-rosales\/"}]}},"_links":{"self":[{"href":"https:\/\/www.rmcr.org\/en\/wp-json\/wp\/v2\/posts\/26642","targetHints":{"allow":["GET"]}}],"collection":[{"href":"https:\/\/www.rmcr.org\/en\/wp-json\/wp\/v2\/posts"}],"about":[{"href":"https:\/\/www.rmcr.org\/en\/wp-json\/wp\/v2\/types\/post"}],"author":[{"embeddable":true,"href":"https:\/\/www.rmcr.org\/en\/wp-json\/wp\/v2\/users\/3"}],"replies":[{"embeddable":true,"href":"https:\/\/www.rmcr.org\/en\/wp-json\/wp\/v2\/comments?post=26642"}],"version-history":[{"count":21,"href":"https:\/\/www.rmcr.org\/en\/wp-json\/wp\/v2\/posts\/26642\/revisions"}],"predecessor-version":[{"id":26728,"href":"https:\/\/www.rmcr.org\/en\/wp-json\/wp\/v2\/posts\/26642\/revisions\/26728"}],"wp:featuredmedia":[{"embeddable":true,"href":"https:\/\/www.rmcr.org\/en\/wp-json\/wp\/v2\/media\/26716"}],"wp:attachment":[{"href":"https:\/\/www.rmcr.org\/en\/wp-json\/wp\/v2\/media?parent=26642"}],"wp:term":[{"taxonomy":"category","embeddable":true,"href":"https:\/\/www.rmcr.org\/en\/wp-json\/wp\/v2\/categories?post=26642"},{"taxonomy":"post_tag","embeddable":true,"href":"https:\/\/www.rmcr.org\/en\/wp-json\/wp\/v2\/tags?post=26642"}],"curies":[{"name":"wp","href":"https:\/\/api.w.org\/{rel}","templated":true}]}}