{"id":24351,"date":"2026-04-30T12:42:17","date_gmt":"2026-04-30T12:42:17","guid":{"rendered":"https:\/\/www.rmcr.org\/?p=24351"},"modified":"2026-04-30T12:42:24","modified_gmt":"2026-04-30T12:42:24","slug":"celebrado-el-seminario-de-investigacion-la-nobleza-contemporanea-en-sus-archivos-organizado-por-el-centro-de-estudios-de-la-nobleza","status":"publish","type":"post","link":"https:\/\/www.rmcr.org\/en\/2026\/04\/30\/celebrado-el-seminario-de-investigacion-la-nobleza-contemporanea-en-sus-archivos-organizado-por-el-centro-de-estudios-de-la-nobleza\/","title":{"rendered":"Celebrado el Seminario de Investigaci\u00f3n \u00abLa nobleza contempor\u00e1nea en sus archivos\u00bb organizado por el Centro de Estudios de la Nobleza"},"content":{"rendered":"<p>Durante los d\u00edas 16 y 17 de abril de 2026, el Sal\u00f3n de Archivo y Biblioteca de la Real Maestranza de Caballer\u00eda de Ronda acogi\u00f3 las sesiones de trabajo del <a href=\"https:\/\/www.rmcr.org\/2026\/02\/12\/el-centro-de-estudios-de-la-nobleza-organiza-el-seminario-de-investigacion-la-nobleza-contemporanea-en-sus-archivos\/\">Seminario de Investigaci\u00f3n \u00abLa nobleza contempor\u00e1nea en sus archivos\u00bb<\/a>, organizado por el\u00a0<a href=\"https:\/\/www.rmcr.org\/centro-de-estudios-de-la-nobleza\/\" target=\"_blank\" rel=\"noopener\">Centro de Estudios de la Nobleza<\/a>.<\/p>\n<p>El coordinador de la reuni\u00f3n cient\u00edfica,\u00a0<a href=\"https:\/\/www.ucm.es\/histegepo\/jose-miguel-hernandez-barral\" target=\"_blank\" rel=\"noopener\">Jos\u00e9 Miguel Hern\u00e1ndez Barral<\/a>, profesor de la Universidad Complutense de Madrid, defini\u00f3 las l\u00edneas b\u00e1sicas del encuentro de la siguiente manera:<\/p>\n<p style=\"padding-left: 40px;\">\u00abLa definici\u00f3n de la nobleza a la largo de la historia se ha basado en la memoria, en su pasado como<br \/>\nuna construcci\u00f3n fundada en hechos, pero tambi\u00e9n en el relato definido alrededor de los mismos.<br \/>\nUna historia que depend\u00eda en gran medida de los archivos que la propia familia conservaba.<\/p>\n<p style=\"padding-left: 40px;\">Como se\u00f1al\u00f3 Maurice Halbwachs, una de las grandes diferencias entre la construcci\u00f3n de la nobleza<br \/>\ncomo clase social y otros grupos sociales estaba en su fundamento en la memoria, que pod\u00eda ser construida como una ficci\u00f3n de continuidad.<\/p>\n<p style=\"padding-left: 40px;\">En este seminario de investigaci\u00f3n se abordar\u00e1 desde distintos puntos de vista la trascendencia de los<br \/>\narchivos en la construcci\u00f3n contempor\u00e1nea de la nobleza. Documentos, archiveros, estudios\u2026 fueron<br \/>\nparte de la evoluci\u00f3n de la idea de nobleza ante la modernidad.<span style=\"font-size: revert; color: initial;\">\u00bb<\/span><\/p>\n<p>.<\/p>\n<p><img fetchpriority=\"high\" decoding=\"async\" class=\"aligncenter wp-image-24352 size-full\" src=\"https:\/\/www.rmcr.org\/wp-content\/uploads\/2026\/04\/sem-inv-arc-cen-des.jpg\" alt=\"\" width=\"705\" height=\"450\" srcset=\"https:\/\/www.rmcr.org\/wp-content\/uploads\/2026\/04\/sem-inv-arc-cen-des.jpg 705w, https:\/\/www.rmcr.org\/wp-content\/uploads\/2026\/04\/sem-inv-arc-cen-des-300x191.jpg 300w\" sizes=\"(max-width: 705px) 100vw, 705px\" \/><\/p>\n<p style=\"text-align: center;\"><em>Desarrollo del seminario de investigaci\u00f3n. Foto: J.L. Barea.<\/em><\/p>\n<p>Los participantes y sus respectivos estudios de investigaci\u00f3n fueron los siguientes:<\/p>\n<ul>\n<li><strong>Miguel Fernando G\u00f3mez Vozmediano<\/strong> (Universidad de Castilla-La Mancha). <em>Del Antiguo R\u00e9gimen a la Espa\u00f1a Liberal. Los archivos nobiliarios en el ojo del hurac\u00e1n.<\/em><\/li>\n<li><strong>Maria de Lurdes Rosa<\/strong> (Universidade Nova de Lisboa). <em>Los archivos de la nobleza portuguesa en la larga historia del Estado contempor\u00e1neo. De la reorganizaci\u00f3n forzosa y la dispersi\u00f3n a la cooperaci\u00f3n en defensa del patrimonio. <\/em>[Nota: desgraciadamente, no pudo participar por motivos personales de \u00faltima hora]<\/li>\n<li><strong>Judit Guti\u00e9rrez de Armas<\/strong> (Universidad de La Laguna). <em>Archivos de familia, nobleza y juanismo. De los usos del archivo a la investigaci\u00f3n de las culturas pol\u00edticas mon\u00e1rquicas.<\/em><\/li>\n<li><strong>Alejandro Espejo Fern\u00e1ndez<\/strong> (Universidad CEU San Pablo). <em>Reivindicar a los Grandes de Espa\u00f1a en tiempos convulsos. Los &#8216;Apuntes del Archivo&#8217; del conde de Atar\u00e9s (1935 y 1944).<\/em><\/li>\n<li><strong>Jos\u00e9 Miguel Hern\u00e1ndez Barral<\/strong> (Universidad Complutense de Madrid). <em>El archivo y el experto. Nobles y genealogistas en el mundo contempor\u00e1neo.<\/em><\/li>\n<li><strong>Francisco de Borja Aguinagalde Olaizola<\/strong> (Real Academia de la Historia). <em>Los archivos de familia, marcador identitario de la nobleza en el siglo XX.<\/em><\/li>\n<li><strong>Whitney Marie Dennis<\/strong> (Saint Louis University-Madrid). <em>Navegar lo desconocido. Rosario Falc\u00f3 y los documentos como cartas de rumbo en la Casa de Alba tras la desvinculaci\u00f3n.<\/em><\/li>\n<li><strong>Francisco Rosales Mart\u00edn<\/strong> (Real Maestranza de Caballer\u00eda de Ronda). <em>Archivos geneal\u00f3gicos de la Real Maestranza de Ronda. Nobleza e imagen.<\/em><\/li>\n<\/ul>\n<p>.<\/p>\n<p><img decoding=\"async\" class=\"aligncenter wp-image-24355 size-full\" src=\"https:\/\/www.rmcr.org\/wp-content\/uploads\/2026\/04\/sem-inv-arc-cen-gru.jpg\" alt=\"\" width=\"675\" height=\"450\" srcset=\"https:\/\/www.rmcr.org\/wp-content\/uploads\/2026\/04\/sem-inv-arc-cen-gru.jpg 675w, https:\/\/www.rmcr.org\/wp-content\/uploads\/2026\/04\/sem-inv-arc-cen-gru-300x200.jpg 300w\" sizes=\"(max-width: 675px) 100vw, 675px\" \/><\/p>\n<p style=\"text-align: center;\"><em>De izquierda a derecha: M.F. G\u00f3mez, J. Guti\u00e9rrez, W.M. Dennis, F. Rosales, F.B. Aguinagalde, J.M. Hern\u00e1ndez, y A. Espejo. Foto: J.L. Barea.<\/em><\/p>\n<p>En el marco del seminario, el jueves 16 a las 19:00 horas, en el Sal\u00f3n de Grados de la Real Maestranza de Caballer\u00eda de Ronda, tuvo lugar una conferencia abierta al p\u00fablico, impartida por el profesor de la Universidad de Castilla-La Mancha <a href=\"https:\/\/directorio.uclm.es\/persona.aspx?cod=SQyjVnyoBwfD7pGWTtSxZcIIvgkJHljyZp9qwGYAAcM=\">Miguel Fernando G\u00f3mez Vozmediano<\/a>, bajo el t\u00edtulo \u00abDe la piedra al papel. Lugares de memoria de la nobleza espa\u00f1ola a lo largo de los siglos\u00bb.<\/p>\n<p>.<\/p>\n<p><img decoding=\"async\" class=\"aligncenter wp-image-24358 size-full\" src=\"https:\/\/www.rmcr.org\/wp-content\/uploads\/2026\/04\/sem-inv-arc-cen-conf.jpg\" alt=\"\" width=\"702\" height=\"450\" srcset=\"https:\/\/www.rmcr.org\/wp-content\/uploads\/2026\/04\/sem-inv-arc-cen-conf.jpg 702w, https:\/\/www.rmcr.org\/wp-content\/uploads\/2026\/04\/sem-inv-arc-cen-conf-300x192.jpg 300w\" sizes=\"(max-width: 702px) 100vw, 702px\" \/><\/p>\n<p style=\"text-align: center;\"><em>Desarrollo de la conferencia. Foto: J.L. Barea.<\/em><\/p>\n<p>Se puede acceder al contenido completo de la conferencia en el canal de la Real Maestranza de Caballer\u00eda de Ronda en YouTube en el siguiente enlace:<\/p>\n<p><iframe title=\"Conferencia Miguel Fernando G\u00f3mez Vozmediano, \u00abDe la piedra al papel. Lugares de memoria...\u00bb\" width=\"800\" height=\"450\" src=\"https:\/\/www.youtube.com\/embed\/vPuuZIzUtzo?feature=oembed\" frameborder=\"0\" allow=\"accelerometer; autoplay; clipboard-write; encrypted-media; gyroscope; picture-in-picture; web-share\" referrerpolicy=\"strict-origin-when-cross-origin\" allowfullscreen><\/iframe><\/p>\n","protected":false},"excerpt":{"rendered":"<p>\u00abDurante los d\u00edas 16 y 17 de abril de 2026, la Real Maestranza acogi\u00f3 las sesiones de trabajo del seminario &#8220;La nobleza contempor\u00e1nea en sus archivos&#8221;, organizado por el Centro de Estudios de la Nobleza y coordinado por Jos\u00e9 Miguel Hern\u00e1ndez Barral. En el marco del seminario, tuvo lugar la conferencia abierta al p\u00fablico titulada &#8220;De la piedra al papel. Lugares de memoria de la nobleza espa\u00f1ola a lo largo de los siglos&#8221;, impartida por Miguel Fernando G\u00f3mez Vozmediano, profesor de la Universidad de Castilla-La Mancha\u00bb<\/p>\n","protected":false},"author":2,"featured_media":24361,"comment_status":"open","ping_status":"open","sticky":false,"template":"","format":"standard","meta":{"footnotes":""},"categories":[140,811,193,665],"tags":[105,530,135,179,542,848,255,541],"class_list":["post-24351","post","type-post","status-publish","format-standard","has-post-thumbnail","hentry","category-biblioteca","category-centro-estudios-nobleza","category-presentaciones","category-seminarios","tag-biblioteca-general","tag-centro-de-estudios-de-la-nobleza","tag-conferencias","tag-elites-de-poder","tag-jose-miguel-hernandez-barral","tag-miguel-fernando-gomez-vozmediano","tag-nobleza","tag-seminarios-de-investigacion"],"yoast_head":"<!-- This site is optimized with the Yoast SEO plugin v27.5 - https:\/\/yoast.com\/product\/yoast-seo-wordpress\/ -->\n<title>Celebrado el Seminario de Investigaci\u00f3n \u00abLa nobleza contempor\u00e1nea en sus archivos\u00bb organizado por el Centro de Estudios de la Nobleza - Real Maestranza de Caballer\u00eda de Ronda<\/title>\n<meta name=\"robots\" content=\"index, follow, max-snippet:-1, max-image-preview:large, max-video-preview:-1\" \/>\n<link rel=\"canonical\" href=\"https:\/\/www.rmcr.org\/en\/2026\/04\/30\/celebrado-el-seminario-de-investigacion-la-nobleza-contemporanea-en-sus-archivos-organizado-por-el-centro-de-estudios-de-la-nobleza\/\" \/>\n<meta property=\"og:locale\" content=\"en_US\" \/>\n<meta property=\"og:type\" content=\"article\" \/>\n<meta property=\"og:title\" content=\"Celebrado el Seminario de Investigaci\u00f3n \u00abLa nobleza contempor\u00e1nea en sus archivos\u00bb organizado por el Centro de Estudios de la Nobleza - Real Maestranza de Caballer\u00eda de Ronda\" \/>\n<meta property=\"og:description\" content=\"\u00abDurante los d\u00edas 16 y 17 de abril de 2026, la Real Maestranza acogi\u00f3 las sesiones de trabajo del seminario &quot;La nobleza contempor\u00e1nea en sus archivos&quot;, organizado por el Centro de Estudios de la Nobleza y coordinado por Jos\u00e9 Miguel Hern\u00e1ndez Barral. En el marco del seminario, tuvo lugar la conferencia abierta al p\u00fablico titulada &quot;De la piedra al papel. Lugares de memoria de la nobleza espa\u00f1ola a lo largo de los siglos&quot;, impartida por Miguel Fernando G\u00f3mez Vozmediano, profesor de la Universidad de Castilla-La Mancha\u00bb\" \/>\n<meta property=\"og:url\" content=\"https:\/\/www.rmcr.org\/en\/2026\/04\/30\/celebrado-el-seminario-de-investigacion-la-nobleza-contemporanea-en-sus-archivos-organizado-por-el-centro-de-estudios-de-la-nobleza\/\" \/>\n<meta property=\"og:site_name\" content=\"Real Maestranza de Caballer\u00eda de Ronda\" \/>\n<meta property=\"article:publisher\" content=\"https:\/\/www.facebook.com\/plazadetorosronda\" \/>\n<meta property=\"article:published_time\" content=\"2026-04-30T12:42:17+00:00\" \/>\n<meta property=\"article:modified_time\" content=\"2026-04-30T12:42:24+00:00\" \/>\n<meta property=\"og:image\" content=\"https:\/\/www.rmcr.org\/wp-content\/uploads\/2026\/04\/sem-inv-arc-cen-dest.jpg\" \/>\n\t<meta property=\"og:image:width\" content=\"1200\" \/>\n\t<meta property=\"og:image:height\" content=\"680\" \/>\n\t<meta property=\"og:image:type\" content=\"image\/jpeg\" \/>\n<meta name=\"author\" content=\"BIBLIOTECA\" \/>\n<meta name=\"twitter:card\" content=\"summary_large_image\" \/>\n<meta name=\"twitter:creator\" content=\"@PlazatorosRMR\" \/>\n<meta name=\"twitter:site\" content=\"@PlazatorosRMR\" \/>\n<meta name=\"twitter:label1\" content=\"Written by\" \/>\n\t<meta name=\"twitter:data1\" content=\"BIBLIOTECA\" \/>\n\t<meta name=\"twitter:label2\" content=\"Est. reading time\" \/>\n\t<meta name=\"twitter:data2\" content=\"4 minutes\" \/>\n<script type=\"application\/ld+json\" class=\"yoast-schema-graph\">{\"@context\":\"https:\\\/\\\/schema.org\",\"@graph\":[{\"@type\":\"Article\",\"@id\":\"https:\\\/\\\/www.rmcr.org\\\/en\\\/2026\\\/04\\\/30\\\/celebrado-el-seminario-de-investigacion-la-nobleza-contemporanea-en-sus-archivos-organizado-por-el-centro-de-estudios-de-la-nobleza\\\/#article\",\"isPartOf\":{\"@id\":\"https:\\\/\\\/www.rmcr.org\\\/en\\\/2026\\\/04\\\/30\\\/celebrado-el-seminario-de-investigacion-la-nobleza-contemporanea-en-sus-archivos-organizado-por-el-centro-de-estudios-de-la-nobleza\\\/\"},\"author\":{\"name\":\"BIBLIOTECA\",\"@id\":\"https:\\\/\\\/www.rmcr.org\\\/en\\\/#\\\/schema\\\/person\\\/80849edee7ef556893505128619ea1d0\"},\"headline\":\"Celebrado el Seminario de Investigaci\u00f3n \u00abLa nobleza contempor\u00e1nea en sus archivos\u00bb organizado por el Centro de Estudios de la Nobleza\",\"datePublished\":\"2026-04-30T12:42:17+00:00\",\"dateModified\":\"2026-04-30T12:42:24+00:00\",\"mainEntityOfPage\":{\"@id\":\"https:\\\/\\\/www.rmcr.org\\\/en\\\/2026\\\/04\\\/30\\\/celebrado-el-seminario-de-investigacion-la-nobleza-contemporanea-en-sus-archivos-organizado-por-el-centro-de-estudios-de-la-nobleza\\\/\"},\"wordCount\":643,\"commentCount\":0,\"publisher\":{\"@id\":\"https:\\\/\\\/www.rmcr.org\\\/en\\\/#organization\"},\"image\":{\"@id\":\"https:\\\/\\\/www.rmcr.org\\\/en\\\/2026\\\/04\\\/30\\\/celebrado-el-seminario-de-investigacion-la-nobleza-contemporanea-en-sus-archivos-organizado-por-el-centro-de-estudios-de-la-nobleza\\\/#primaryimage\"},\"thumbnailUrl\":\"https:\\\/\\\/www.rmcr.org\\\/wp-content\\\/uploads\\\/2026\\\/04\\\/sem-inv-arc-cen-dest.jpg\",\"keywords\":[\"Biblioteca\",\"Centro de Estudios de la Nobleza\",\"Conferencias\",\"\u00c9lites de poder\",\"Jos\u00e9 Miguel Hern\u00e1ndez Barral\",\"Miguel Fernando G\u00f3mez Vozmediano\",\"Nobleza\",\"Seminarios de investigaci\u00f3n\"],\"articleSection\":[\"Biblioteca\",\"Centro de Estudios de la Nobleza\",\"Presentaciones\",\"Seminarios\"],\"inLanguage\":\"en-US\",\"potentialAction\":[{\"@type\":\"CommentAction\",\"name\":\"Comment\",\"target\":[\"https:\\\/\\\/www.rmcr.org\\\/en\\\/2026\\\/04\\\/30\\\/celebrado-el-seminario-de-investigacion-la-nobleza-contemporanea-en-sus-archivos-organizado-por-el-centro-de-estudios-de-la-nobleza\\\/#respond\"]}]},{\"@type\":\"WebPage\",\"@id\":\"https:\\\/\\\/www.rmcr.org\\\/en\\\/2026\\\/04\\\/30\\\/celebrado-el-seminario-de-investigacion-la-nobleza-contemporanea-en-sus-archivos-organizado-por-el-centro-de-estudios-de-la-nobleza\\\/\",\"url\":\"https:\\\/\\\/www.rmcr.org\\\/en\\\/2026\\\/04\\\/30\\\/celebrado-el-seminario-de-investigacion-la-nobleza-contemporanea-en-sus-archivos-organizado-por-el-centro-de-estudios-de-la-nobleza\\\/\",\"name\":\"Celebrado el Seminario de Investigaci\u00f3n \u00abLa nobleza contempor\u00e1nea en sus archivos\u00bb organizado por el Centro de Estudios de la Nobleza - Real Maestranza de Caballer\u00eda de Ronda\",\"isPartOf\":{\"@id\":\"https:\\\/\\\/www.rmcr.org\\\/en\\\/#website\"},\"primaryImageOfPage\":{\"@id\":\"https:\\\/\\\/www.rmcr.org\\\/en\\\/2026\\\/04\\\/30\\\/celebrado-el-seminario-de-investigacion-la-nobleza-contemporanea-en-sus-archivos-organizado-por-el-centro-de-estudios-de-la-nobleza\\\/#primaryimage\"},\"image\":{\"@id\":\"https:\\\/\\\/www.rmcr.org\\\/en\\\/2026\\\/04\\\/30\\\/celebrado-el-seminario-de-investigacion-la-nobleza-contemporanea-en-sus-archivos-organizado-por-el-centro-de-estudios-de-la-nobleza\\\/#primaryimage\"},\"thumbnailUrl\":\"https:\\\/\\\/www.rmcr.org\\\/wp-content\\\/uploads\\\/2026\\\/04\\\/sem-inv-arc-cen-dest.jpg\",\"datePublished\":\"2026-04-30T12:42:17+00:00\",\"dateModified\":\"2026-04-30T12:42:24+00:00\",\"breadcrumb\":{\"@id\":\"https:\\\/\\\/www.rmcr.org\\\/en\\\/2026\\\/04\\\/30\\\/celebrado-el-seminario-de-investigacion-la-nobleza-contemporanea-en-sus-archivos-organizado-por-el-centro-de-estudios-de-la-nobleza\\\/#breadcrumb\"},\"inLanguage\":\"en-US\",\"potentialAction\":[{\"@type\":\"ReadAction\",\"target\":[\"https:\\\/\\\/www.rmcr.org\\\/en\\\/2026\\\/04\\\/30\\\/celebrado-el-seminario-de-investigacion-la-nobleza-contemporanea-en-sus-archivos-organizado-por-el-centro-de-estudios-de-la-nobleza\\\/\"]}]},{\"@type\":\"ImageObject\",\"inLanguage\":\"en-US\",\"@id\":\"https:\\\/\\\/www.rmcr.org\\\/en\\\/2026\\\/04\\\/30\\\/celebrado-el-seminario-de-investigacion-la-nobleza-contemporanea-en-sus-archivos-organizado-por-el-centro-de-estudios-de-la-nobleza\\\/#primaryimage\",\"url\":\"https:\\\/\\\/www.rmcr.org\\\/wp-content\\\/uploads\\\/2026\\\/04\\\/sem-inv-arc-cen-dest.jpg\",\"contentUrl\":\"https:\\\/\\\/www.rmcr.org\\\/wp-content\\\/uploads\\\/2026\\\/04\\\/sem-inv-arc-cen-dest.jpg\",\"width\":1200,\"height\":680},{\"@type\":\"BreadcrumbList\",\"@id\":\"https:\\\/\\\/www.rmcr.org\\\/en\\\/2026\\\/04\\\/30\\\/celebrado-el-seminario-de-investigacion-la-nobleza-contemporanea-en-sus-archivos-organizado-por-el-centro-de-estudios-de-la-nobleza\\\/#breadcrumb\",\"itemListElement\":[{\"@type\":\"ListItem\",\"position\":1,\"name\":\"REAL MAESTRANZA DE CABALLER\u00cdA DE RONDA\",\"item\":\"https:\\\/\\\/www.rmcr.org\\\/en\\\/\"},{\"@type\":\"ListItem\",\"position\":2,\"name\":\"Celebrado el Seminario de Investigaci\u00f3n \u00abLa nobleza contempor\u00e1nea en sus archivos\u00bb organizado por el Centro de Estudios de la Nobleza\"}]},{\"@type\":\"WebSite\",\"@id\":\"https:\\\/\\\/www.rmcr.org\\\/en\\\/#website\",\"url\":\"https:\\\/\\\/www.rmcr.org\\\/en\\\/\",\"name\":\"Real Maestranza de Caballer\u00eda de Ronda\",\"description\":\"Real Maestranza de Caballer\u00eda de Ronda\",\"publisher\":{\"@id\":\"https:\\\/\\\/www.rmcr.org\\\/en\\\/#organization\"},\"alternateName\":\"RMCR\",\"potentialAction\":[{\"@type\":\"SearchAction\",\"target\":{\"@type\":\"EntryPoint\",\"urlTemplate\":\"https:\\\/\\\/www.rmcr.org\\\/en\\\/?s={search_term_string}\"},\"query-input\":{\"@type\":\"PropertyValueSpecification\",\"valueRequired\":true,\"valueName\":\"search_term_string\"}}],\"inLanguage\":\"en-US\"},{\"@type\":\"Organization\",\"@id\":\"https:\\\/\\\/www.rmcr.org\\\/en\\\/#organization\",\"name\":\"Real Maestranza de Caballer\u00eda de Ronda\",\"alternateName\":\"RMR\",\"url\":\"https:\\\/\\\/www.rmcr.org\\\/en\\\/\",\"logo\":{\"@type\":\"ImageObject\",\"inLanguage\":\"en-US\",\"@id\":\"https:\\\/\\\/www.rmcr.org\\\/en\\\/#\\\/schema\\\/logo\\\/image\\\/\",\"url\":\"https:\\\/\\\/www.rmcr.org\\\/wp-content\\\/uploads\\\/2022\\\/07\\\/logo-rmr-blue.svg\",\"contentUrl\":\"https:\\\/\\\/www.rmcr.org\\\/wp-content\\\/uploads\\\/2022\\\/07\\\/logo-rmr-blue.svg\",\"width\":131,\"height\":129,\"caption\":\"Real Maestranza de Caballer\u00eda de Ronda\"},\"image\":{\"@id\":\"https:\\\/\\\/www.rmcr.org\\\/en\\\/#\\\/schema\\\/logo\\\/image\\\/\"},\"sameAs\":[\"https:\\\/\\\/www.facebook.com\\\/plazadetorosronda\",\"https:\\\/\\\/x.com\\\/PlazatorosRMR\",\"https:\\\/\\\/www.instagram.com\\\/realmaestranzaderonda\\\/\",\"https:\\\/\\\/www.youtube.com\\\/channel\\\/UCrbO5IUN-8v_QML739vM4zg\\\/videos\"]},{\"@type\":\"Person\",\"@id\":\"https:\\\/\\\/www.rmcr.org\\\/en\\\/#\\\/schema\\\/person\\\/80849edee7ef556893505128619ea1d0\",\"name\":\"BIBLIOTECA\",\"image\":{\"@type\":\"ImageObject\",\"inLanguage\":\"en-US\",\"@id\":\"https:\\\/\\\/www.rmcr.org\\\/wp-content\\\/uploads\\\/2022\\\/11\\\/avatar-rmcr-96x96.png\",\"url\":\"https:\\\/\\\/www.rmcr.org\\\/wp-content\\\/uploads\\\/2022\\\/11\\\/avatar-rmcr-96x96.png\",\"contentUrl\":\"https:\\\/\\\/www.rmcr.org\\\/wp-content\\\/uploads\\\/2022\\\/11\\\/avatar-rmcr-96x96.png\",\"caption\":\"BIBLIOTECA\"},\"url\":\"https:\\\/\\\/www.rmcr.org\\\/en\\\/author\\\/juan-antonio-moreno\\\/\"}]}<\/script>\n<!-- \/ Yoast SEO plugin. -->","yoast_head_json":{"title":"Celebrado el Seminario de Investigaci\u00f3n \u00abLa nobleza contempor\u00e1nea en sus archivos\u00bb organizado por el Centro de Estudios de la Nobleza - Real Maestranza de Caballer\u00eda de Ronda","robots":{"index":"index","follow":"follow","max-snippet":"max-snippet:-1","max-image-preview":"max-image-preview:large","max-video-preview":"max-video-preview:-1"},"canonical":"https:\/\/www.rmcr.org\/en\/2026\/04\/30\/celebrado-el-seminario-de-investigacion-la-nobleza-contemporanea-en-sus-archivos-organizado-por-el-centro-de-estudios-de-la-nobleza\/","og_locale":"en_US","og_type":"article","og_title":"Celebrado el Seminario de Investigaci\u00f3n \u00abLa nobleza contempor\u00e1nea en sus archivos\u00bb organizado por el Centro de Estudios de la Nobleza - Real Maestranza de Caballer\u00eda de Ronda","og_description":"\u00abDurante los d\u00edas 16 y 17 de abril de 2026, la Real Maestranza acogi\u00f3 las sesiones de trabajo del seminario \"La nobleza contempor\u00e1nea en sus archivos\", organizado por el Centro de Estudios de la Nobleza y coordinado por Jos\u00e9 Miguel Hern\u00e1ndez Barral. En el marco del seminario, tuvo lugar la conferencia abierta al p\u00fablico titulada \"De la piedra al papel. Lugares de memoria de la nobleza espa\u00f1ola a lo largo de los siglos\", impartida por Miguel Fernando G\u00f3mez Vozmediano, profesor de la Universidad de Castilla-La Mancha\u00bb","og_url":"https:\/\/www.rmcr.org\/en\/2026\/04\/30\/celebrado-el-seminario-de-investigacion-la-nobleza-contemporanea-en-sus-archivos-organizado-por-el-centro-de-estudios-de-la-nobleza\/","og_site_name":"Real Maestranza de Caballer\u00eda de Ronda","article_publisher":"https:\/\/www.facebook.com\/plazadetorosronda","article_published_time":"2026-04-30T12:42:17+00:00","article_modified_time":"2026-04-30T12:42:24+00:00","og_image":[{"width":1200,"height":680,"url":"https:\/\/www.rmcr.org\/wp-content\/uploads\/2026\/04\/sem-inv-arc-cen-dest.jpg","type":"image\/jpeg"}],"author":"BIBLIOTECA","twitter_card":"summary_large_image","twitter_creator":"@PlazatorosRMR","twitter_site":"@PlazatorosRMR","twitter_misc":{"Written by":"BIBLIOTECA","Est. reading time":"4 minutes"},"schema":{"@context":"https:\/\/schema.org","@graph":[{"@type":"Article","@id":"https:\/\/www.rmcr.org\/en\/2026\/04\/30\/celebrado-el-seminario-de-investigacion-la-nobleza-contemporanea-en-sus-archivos-organizado-por-el-centro-de-estudios-de-la-nobleza\/#article","isPartOf":{"@id":"https:\/\/www.rmcr.org\/en\/2026\/04\/30\/celebrado-el-seminario-de-investigacion-la-nobleza-contemporanea-en-sus-archivos-organizado-por-el-centro-de-estudios-de-la-nobleza\/"},"author":{"name":"BIBLIOTECA","@id":"https:\/\/www.rmcr.org\/en\/#\/schema\/person\/80849edee7ef556893505128619ea1d0"},"headline":"Celebrado el Seminario de Investigaci\u00f3n \u00abLa nobleza contempor\u00e1nea en sus archivos\u00bb organizado por el Centro de Estudios de la Nobleza","datePublished":"2026-04-30T12:42:17+00:00","dateModified":"2026-04-30T12:42:24+00:00","mainEntityOfPage":{"@id":"https:\/\/www.rmcr.org\/en\/2026\/04\/30\/celebrado-el-seminario-de-investigacion-la-nobleza-contemporanea-en-sus-archivos-organizado-por-el-centro-de-estudios-de-la-nobleza\/"},"wordCount":643,"commentCount":0,"publisher":{"@id":"https:\/\/www.rmcr.org\/en\/#organization"},"image":{"@id":"https:\/\/www.rmcr.org\/en\/2026\/04\/30\/celebrado-el-seminario-de-investigacion-la-nobleza-contemporanea-en-sus-archivos-organizado-por-el-centro-de-estudios-de-la-nobleza\/#primaryimage"},"thumbnailUrl":"https:\/\/www.rmcr.org\/wp-content\/uploads\/2026\/04\/sem-inv-arc-cen-dest.jpg","keywords":["Biblioteca","Centro de Estudios de la Nobleza","Conferencias","\u00c9lites de poder","Jos\u00e9 Miguel Hern\u00e1ndez Barral","Miguel Fernando G\u00f3mez Vozmediano","Nobleza","Seminarios de investigaci\u00f3n"],"articleSection":["Biblioteca","Centro de Estudios de la Nobleza","Presentaciones","Seminarios"],"inLanguage":"en-US","potentialAction":[{"@type":"CommentAction","name":"Comment","target":["https:\/\/www.rmcr.org\/en\/2026\/04\/30\/celebrado-el-seminario-de-investigacion-la-nobleza-contemporanea-en-sus-archivos-organizado-por-el-centro-de-estudios-de-la-nobleza\/#respond"]}]},{"@type":"WebPage","@id":"https:\/\/www.rmcr.org\/en\/2026\/04\/30\/celebrado-el-seminario-de-investigacion-la-nobleza-contemporanea-en-sus-archivos-organizado-por-el-centro-de-estudios-de-la-nobleza\/","url":"https:\/\/www.rmcr.org\/en\/2026\/04\/30\/celebrado-el-seminario-de-investigacion-la-nobleza-contemporanea-en-sus-archivos-organizado-por-el-centro-de-estudios-de-la-nobleza\/","name":"Celebrado el Seminario de Investigaci\u00f3n \u00abLa nobleza contempor\u00e1nea en sus archivos\u00bb organizado por el Centro de Estudios de la Nobleza - Real Maestranza de Caballer\u00eda de Ronda","isPartOf":{"@id":"https:\/\/www.rmcr.org\/en\/#website"},"primaryImageOfPage":{"@id":"https:\/\/www.rmcr.org\/en\/2026\/04\/30\/celebrado-el-seminario-de-investigacion-la-nobleza-contemporanea-en-sus-archivos-organizado-por-el-centro-de-estudios-de-la-nobleza\/#primaryimage"},"image":{"@id":"https:\/\/www.rmcr.org\/en\/2026\/04\/30\/celebrado-el-seminario-de-investigacion-la-nobleza-contemporanea-en-sus-archivos-organizado-por-el-centro-de-estudios-de-la-nobleza\/#primaryimage"},"thumbnailUrl":"https:\/\/www.rmcr.org\/wp-content\/uploads\/2026\/04\/sem-inv-arc-cen-dest.jpg","datePublished":"2026-04-30T12:42:17+00:00","dateModified":"2026-04-30T12:42:24+00:00","breadcrumb":{"@id":"https:\/\/www.rmcr.org\/en\/2026\/04\/30\/celebrado-el-seminario-de-investigacion-la-nobleza-contemporanea-en-sus-archivos-organizado-por-el-centro-de-estudios-de-la-nobleza\/#breadcrumb"},"inLanguage":"en-US","potentialAction":[{"@type":"ReadAction","target":["https:\/\/www.rmcr.org\/en\/2026\/04\/30\/celebrado-el-seminario-de-investigacion-la-nobleza-contemporanea-en-sus-archivos-organizado-por-el-centro-de-estudios-de-la-nobleza\/"]}]},{"@type":"ImageObject","inLanguage":"en-US","@id":"https:\/\/www.rmcr.org\/en\/2026\/04\/30\/celebrado-el-seminario-de-investigacion-la-nobleza-contemporanea-en-sus-archivos-organizado-por-el-centro-de-estudios-de-la-nobleza\/#primaryimage","url":"https:\/\/www.rmcr.org\/wp-content\/uploads\/2026\/04\/sem-inv-arc-cen-dest.jpg","contentUrl":"https:\/\/www.rmcr.org\/wp-content\/uploads\/2026\/04\/sem-inv-arc-cen-dest.jpg","width":1200,"height":680},{"@type":"BreadcrumbList","@id":"https:\/\/www.rmcr.org\/en\/2026\/04\/30\/celebrado-el-seminario-de-investigacion-la-nobleza-contemporanea-en-sus-archivos-organizado-por-el-centro-de-estudios-de-la-nobleza\/#breadcrumb","itemListElement":[{"@type":"ListItem","position":1,"name":"REAL MAESTRANZA DE CABALLER\u00cdA DE RONDA","item":"https:\/\/www.rmcr.org\/en\/"},{"@type":"ListItem","position":2,"name":"Celebrado el Seminario de Investigaci\u00f3n \u00abLa nobleza contempor\u00e1nea en sus archivos\u00bb organizado por el Centro de Estudios de la Nobleza"}]},{"@type":"WebSite","@id":"https:\/\/www.rmcr.org\/en\/#website","url":"https:\/\/www.rmcr.org\/en\/","name":"Real Maestranza de Caballer\u00eda de Ronda","description":"Real Maestranza de Caballer\u00eda de Ronda","publisher":{"@id":"https:\/\/www.rmcr.org\/en\/#organization"},"alternateName":"RMCR","potentialAction":[{"@type":"SearchAction","target":{"@type":"EntryPoint","urlTemplate":"https:\/\/www.rmcr.org\/en\/?s={search_term_string}"},"query-input":{"@type":"PropertyValueSpecification","valueRequired":true,"valueName":"search_term_string"}}],"inLanguage":"en-US"},{"@type":"Organization","@id":"https:\/\/www.rmcr.org\/en\/#organization","name":"Real Maestranza de Caballer\u00eda de Ronda","alternateName":"RMR","url":"https:\/\/www.rmcr.org\/en\/","logo":{"@type":"ImageObject","inLanguage":"en-US","@id":"https:\/\/www.rmcr.org\/en\/#\/schema\/logo\/image\/","url":"https:\/\/www.rmcr.org\/wp-content\/uploads\/2022\/07\/logo-rmr-blue.svg","contentUrl":"https:\/\/www.rmcr.org\/wp-content\/uploads\/2022\/07\/logo-rmr-blue.svg","width":131,"height":129,"caption":"Real Maestranza de Caballer\u00eda de Ronda"},"image":{"@id":"https:\/\/www.rmcr.org\/en\/#\/schema\/logo\/image\/"},"sameAs":["https:\/\/www.facebook.com\/plazadetorosronda","https:\/\/x.com\/PlazatorosRMR","https:\/\/www.instagram.com\/realmaestranzaderonda\/","https:\/\/www.youtube.com\/channel\/UCrbO5IUN-8v_QML739vM4zg\/videos"]},{"@type":"Person","@id":"https:\/\/www.rmcr.org\/en\/#\/schema\/person\/80849edee7ef556893505128619ea1d0","name":"BIBLIOTECA","image":{"@type":"ImageObject","inLanguage":"en-US","@id":"https:\/\/www.rmcr.org\/wp-content\/uploads\/2022\/11\/avatar-rmcr-96x96.png","url":"https:\/\/www.rmcr.org\/wp-content\/uploads\/2022\/11\/avatar-rmcr-96x96.png","contentUrl":"https:\/\/www.rmcr.org\/wp-content\/uploads\/2022\/11\/avatar-rmcr-96x96.png","caption":"BIBLIOTECA"},"url":"https:\/\/www.rmcr.org\/en\/author\/juan-antonio-moreno\/"}]}},"_links":{"self":[{"href":"https:\/\/www.rmcr.org\/en\/wp-json\/wp\/v2\/posts\/24351","targetHints":{"allow":["GET"]}}],"collection":[{"href":"https:\/\/www.rmcr.org\/en\/wp-json\/wp\/v2\/posts"}],"about":[{"href":"https:\/\/www.rmcr.org\/en\/wp-json\/wp\/v2\/types\/post"}],"author":[{"embeddable":true,"href":"https:\/\/www.rmcr.org\/en\/wp-json\/wp\/v2\/users\/2"}],"replies":[{"embeddable":true,"href":"https:\/\/www.rmcr.org\/en\/wp-json\/wp\/v2\/comments?post=24351"}],"version-history":[{"count":4,"href":"https:\/\/www.rmcr.org\/en\/wp-json\/wp\/v2\/posts\/24351\/revisions"}],"predecessor-version":[{"id":24363,"href":"https:\/\/www.rmcr.org\/en\/wp-json\/wp\/v2\/posts\/24351\/revisions\/24363"}],"wp:featuredmedia":[{"embeddable":true,"href":"https:\/\/www.rmcr.org\/en\/wp-json\/wp\/v2\/media\/24361"}],"wp:attachment":[{"href":"https:\/\/www.rmcr.org\/en\/wp-json\/wp\/v2\/media?parent=24351"}],"wp:term":[{"taxonomy":"category","embeddable":true,"href":"https:\/\/www.rmcr.org\/en\/wp-json\/wp\/v2\/categories?post=24351"},{"taxonomy":"post_tag","embeddable":true,"href":"https:\/\/www.rmcr.org\/en\/wp-json\/wp\/v2\/tags?post=24351"}],"curies":[{"name":"wp","href":"https:\/\/api.w.org\/{rel}","templated":true}]}}