{"id":24337,"date":"2026-04-29T12:10:47","date_gmt":"2026-04-29T12:10:47","guid":{"rendered":"https:\/\/www.rmcr.org\/?p=24337"},"modified":"2026-04-29T12:10:55","modified_gmt":"2026-04-29T12:10:55","slug":"celebrado-el-seminario-de-investigacion-nobleza-obliga-quiebras-rupturas-y-conflicto-en-las-elites-nobiliarias-ibericas-siglos-xvi-xvii-organizado-por-el-centro-de-estudios-de-la-noble","status":"publish","type":"post","link":"https:\/\/www.rmcr.org\/en\/2026\/04\/29\/celebrado-el-seminario-de-investigacion-nobleza-obliga-quiebras-rupturas-y-conflicto-en-las-elites-nobiliarias-ibericas-siglos-xvi-xvii-organizado-por-el-centro-de-estudios-de-la-noble\/","title":{"rendered":"Celebrado el Seminario de Investigaci\u00f3n \u00abNobleza obliga. Quiebras, rupturas y conflicto en las \u00e9lites nobiliarias ib\u00e9ricas (siglos XVI-XVII)\u00bb organizado por el Centro de Estudios de la Nobleza"},"content":{"rendered":"<p>Durante los d\u00edas 14 y 15 de abril de 2026, el Sal\u00f3n de Archivo y Biblioteca de la Real Maestranza de Caballer\u00eda de Ronda acogi\u00f3 las sesiones de trabajo del <a href=\"https:\/\/www.rmcr.org\/2026\/03\/10\/el-centro-de-estudios-de-la-nobleza-organiza-el-seminario-de-investigacion-nobleza-obliga-quiebras-rupturas-y-conflicto-en-las-elites-nobiliarias-ibericas-siglos-xvi-xvii\/\">Seminario de Investigaci\u00f3n \u00abNobleza obliga. Quiebras, rupturas y conflicto en las \u00e9lites nobiliarias ib\u00e9ricas (siglos XVI-XVII)\u00bb<\/a>, organizado por el\u00a0<a href=\"https:\/\/www.rmcr.org\/centro-de-estudios-de-la-nobleza\/\">Centro de Estudios de la Nobleza<\/a>.<\/p>\n<p>Los coordinadores de la reuni\u00f3n cient\u00edfica,\u00a0<a href=\"https:\/\/www.ucm.es\/udmoderna\/martinez-hernandez,-santiago-1\">Santiago Mart\u00ednez Hern\u00e1ndez<\/a> y <a href=\"https:\/\/www.ucm.es\/udmoderna\/franganillo-alvarez,-alejandra\">Alejandra Franganillo \u00c1lvarez<\/a>, profesor titular y profesora permanente, respectivamente, del \u00c1rea de Historia Moderna de la Universidad Complutense de Madrid, definieron las l\u00edneas b\u00e1sicas del encuentro de la siguiente manera:<\/p>\n<p style=\"padding-left: 40px;\">\u00abSe atribuye el c\u00e9lebre adagio <em>noblesse oblige<\/em> (nobleza obliga) a Pierre Marc Gaston, marqu\u00e9s de L\u00e9vis, quien en su obra <em>Maximes et r\u00e9flexions sur diff\u00e9rents sujets<\/em> (1808-1812) supo reducir a t\u00e9rminos sencillos, pero extraordinariamente elocuentes, el significado de ser noble. Y aunque concibi\u00f3 tan afortunada expresi\u00f3n \u2013a juzgar por la infinidad de veces que ha sido utilizada\u2013, en las postrimer\u00edas del sistema estamental que hab\u00eda garantizado sus privilegios durante siglos, el esp\u00edritu de la nobleza conserv\u00f3 su vigencia. Ser noble obligaba al poseedor de esa condici\u00f3n jur\u00eddica hereditaria, entre otras muchas responsabilidades, a vivir conforme a su calidad y a comportarse de manera honorable, a respetar y obedecer al <em>pater familias<\/em> y a preservar y aumentar el legado de sus antepasados.<\/p>\n<p style=\"padding-left: 40px;\">El seminario de investigaci\u00f3n est\u00e1 dedicado precisamente a problematizar aquellas situaciones, tan comunes por otro lado en el \u00e1mbito de la alta nobleza, que siendo consecuencia de decisiones desacertadas o contingencias amenazaron o comprometieron la reputaci\u00f3n, la estabilidad e incluso la continuidad de un linaje, una casa o una familia. Se prestar\u00e1 especial atenci\u00f3n a las formas de resistencia individual, a la importancia de factores disruptivos como quiebras y crisis o al impacto de los conflictos intrafamiliares, pero tambi\u00e9n a las estrategias o mecanismos dise\u00f1ados para contrarrestar los efectos negativos de estos escenarios no deseados.<\/p>\n<p style=\"padding-left: 40px;\">El seminario se enmarca en el programa de actividades cient\u00edficas del proyecto NOBINCIS4, \u00abFortuna restaurada. Procesos y narrativas de resiliencia de las \u00e9lites de la Monarqu\u00eda Hisp\u00e1nica (1500-1725)\u00bb, PID2023-149388NB-I00, financiado por la Agencia Estatal de Investigaci\u00f3n, Ministerio de Ciencia, Innovaci\u00f3n y Universidades. Para su celebraci\u00f3n ha contado con el patrocinio de la Real Maestranza de Caballer\u00eda de Ronda.\u00bb<\/p>\n<p>.<\/p>\n<p><img fetchpriority=\"high\" decoding=\"async\" class=\"aligncenter wp-image-24343 size-full\" src=\"https:\/\/www.rmcr.org\/wp-content\/uploads\/2026\/04\/sem-inv-obl-cen-des.jpg\" alt=\"\" width=\"697\" height=\"450\" srcset=\"https:\/\/www.rmcr.org\/wp-content\/uploads\/2026\/04\/sem-inv-obl-cen-des.jpg 697w, https:\/\/www.rmcr.org\/wp-content\/uploads\/2026\/04\/sem-inv-obl-cen-des-300x194.jpg 300w\" sizes=\"(max-width: 697px) 100vw, 697px\" \/><\/p>\n<p style=\"text-align: center;\"><em>Desarrollo del seminario de investigaci\u00f3n. Foto: J.L. Barea.<\/em><\/p>\n<p>Los participantes y sus respectivos estudios de investigaci\u00f3n fueron los siguientes:<\/p>\n<ul>\n<li><strong>Alejandra Franganillo \u00c1lvarez<\/strong> (Universidad Complutense de Madrid). <em>Desafiando la autoridad paterna. La vocaci\u00f3n religiosa de Mar\u00eda de Toledo y Mendoza, hija del V marqu\u00e9s de Villafranca del Bierzo.<\/em><\/li>\n<li><strong>\u00c1lvaro Bueno Blanco<\/strong> (Universidad Carlos III de Madrid). <em>Tensiones familiares en la Casa de Villafranca. Jerarqu\u00eda y conflicto entre padre e hijos en tiempos del V marqu\u00e9s.<\/em><\/li>\n<li><strong>Sergio Bravo S\u00e1nchez<\/strong> (Universidad Complutense de Madrid). <em>La herencia de la lavandera. Menc\u00eda de Salcedo y los Maldonado. Ascenso social y conflicto sucesorio en el se\u00f1or\u00edo de Noalejo (siglo XVI).<\/em><\/li>\n<li><strong>Alfonso Pat\u00f3n Rold\u00e1n<\/strong> (Universidad Complutense de Madrid). &#8216;<em>La principessa di Piombino ha havuto un malo accidente di abbondanza di sangue&#8217;. La falta de descendencia de Paolo Giordano II Orsini e Isabel de Appiano en el contexto de una disputa sucesoria.<\/em><\/li>\n<li><strong>Emily Deelen Porta<\/strong> (Universidad Complutense de Madrid). <em>Rebasando el binomio Margarita-Lerma. Tensiones y disputas de la nobleza femenina en la Casa de la Reina (1599-1603).<\/em><\/li>\n<li><strong>Francisco Precioso Izquierdo<\/strong> (Universidad de Murcia). <em>Prever la contingencia. Actores protagonistas, secundarios e inesperados en la evoluci\u00f3n de la Casa de los V\u00e9lez a finales del siglo XVII.<\/em><\/li>\n<li><strong>Jaime Elipe Soriano<\/strong> (Universidad Aut\u00f3noma de Madrid). <em>Quiebras, rupturas y enredos. Buscando continuidades en la Casa de Medina Sidonia a comienzos del siglo XVI.<\/em><\/li>\n<li><strong>Isabel Martos Laborde<\/strong> (Universidad Complutense de Madrid). <em>Los conflictos de la casa de Villahermosa en el largo siglo XVI.<\/em><\/li>\n<li><strong>Antonio Terrasa Lozano<\/strong> (CIDEHUS-Universidade de \u00c9vora). &#8216;<em>Averse por ella prevenido el caso en que oy estamos&#8217;. Voluntad previsora de los fundadores, segundos matrimonios imprevistos y meteduras de pata. El pleito por el mayorazgo de Santa Cruz (s. XVI-XVII).<\/em><\/li>\n<\/ul>\n<p>.<\/p>\n<p><img decoding=\"async\" class=\"aligncenter wp-image-24339 size-full\" src=\"https:\/\/www.rmcr.org\/wp-content\/uploads\/2026\/04\/sem-inv-obl-cen-gru.jpg\" alt=\"\" width=\"659\" height=\"450\" srcset=\"https:\/\/www.rmcr.org\/wp-content\/uploads\/2026\/04\/sem-inv-obl-cen-gru.jpg 659w, https:\/\/www.rmcr.org\/wp-content\/uploads\/2026\/04\/sem-inv-obl-cen-gru-300x205.jpg 300w\" sizes=\"(max-width: 659px) 100vw, 659px\" \/><\/p>\n<p style=\"text-align: center;\"><em>De izquierda a derecha: F. Precioso, A. Bueno, I. Martos, S. Bravo, C. Sanz, S. Mart\u00ednez, A. Franganillo, A. Terrasa, J. Elipe, A. Pat\u00f3n y E. Deelen. Foto: J.L. Barea.<\/em><\/p>\n<p>En el marco del seminario, el martes 14 a las 19:00 horas, en el Sal\u00f3n de Grados de la Real Maestranza de Caballer\u00eda de Ronda, tuvo lugar una conferencia abierta al p\u00fablico, impartida por la acad\u00e9mica de la Real Academia de la Historia <a href=\"https:\/\/www.ucm.es\/udmoderna\/sanz-ayan,-carmen-1\">Carmen Sanz Ay\u00e1n<\/a>, bajo el t\u00edtulo \u00abNobleza y emprendimiento econ\u00f3mico. Quiebras y supervivencia (siglos XVI-XVII)\u00bb.<\/p>\n<p>.<\/p>\n<p><img decoding=\"async\" class=\"aligncenter wp-image-24341 size-full\" src=\"https:\/\/www.rmcr.org\/wp-content\/uploads\/2026\/04\/sem-inv-obl-cen-conf.jpg\" alt=\"\" width=\"637\" height=\"450\" srcset=\"https:\/\/www.rmcr.org\/wp-content\/uploads\/2026\/04\/sem-inv-obl-cen-conf.jpg 637w, https:\/\/www.rmcr.org\/wp-content\/uploads\/2026\/04\/sem-inv-obl-cen-conf-300x212.jpg 300w\" sizes=\"(max-width: 637px) 100vw, 637px\" \/><\/p>\n<p style=\"text-align: center;\"><em>Desarrollo de la conferencia. Foto: J.L. Barea.<\/em><\/p>\n<p>Se puede acceder al contenido completo de la conferencia en el canal de la Real Maestranza de Caballer\u00eda de Ronda en YouTube en el siguiente enlace:<\/p>\n<p><iframe title=\"Conferencia Carmen Sanz \u00abNobleza y emprendimiento econ\u00f3mico. Quiebras y supervivencia (S. XVI-XVII)\u00bb\" width=\"800\" height=\"450\" src=\"https:\/\/www.youtube.com\/embed\/ziprdN-Mups?feature=oembed\" frameborder=\"0\" allow=\"accelerometer; autoplay; clipboard-write; encrypted-media; gyroscope; picture-in-picture; web-share\" referrerpolicy=\"strict-origin-when-cross-origin\" allowfullscreen><\/iframe><\/p>\n","protected":false},"excerpt":{"rendered":"<p>\u00abDurante los d\u00edas 14 y 15 de abril de 2026, la Real Maestranza acogi\u00f3 las sesiones de trabajo del seminario &#8220;Nobleza obliga. Quiebras, rupturas y conflicto en las \u00e9lites nobiliarias ib\u00e9ricas (siglos XVI-XVII)&#8221;, organizado por el Centro de Estudios de la Nobleza y coordinado por Santiago Mart\u00ednez Hern\u00e1ndez y Alejandra Franganillo \u00c1lvarez. En el marco del seminario, tuvo lugar la conferencia abierta al p\u00fablico titulada &#8220;Nobleza y emprendimiento econ\u00f3mico. Quiebras y supervivencia (siglos XVI-XVII)&#8221;, impartida por Carmen Sanz Ay\u00e1n, acad\u00e9mica de la Real Academia de la Historia\u00bb<\/p>\n","protected":false},"author":2,"featured_media":24349,"comment_status":"open","ping_status":"open","sticky":false,"template":"","format":"standard","meta":{"footnotes":""},"categories":[140,811,193,665],"tags":[839,105,775,530,135,179,255,548,541],"class_list":["post-24337","post","type-post","status-publish","format-standard","has-post-thumbnail","hentry","category-biblioteca","category-centro-estudios-nobleza","category-presentaciones","category-seminarios","tag-alejandra-franganillo-alvarez","tag-biblioteca-general","tag-carmen-sanz-ayan","tag-centro-de-estudios-de-la-nobleza","tag-conferencias","tag-elites-de-poder","tag-nobleza","tag-santiago-martinez-hernandez","tag-seminarios-de-investigacion"],"yoast_head":"<!-- This site is optimized with the Yoast SEO plugin v27.5 - https:\/\/yoast.com\/product\/yoast-seo-wordpress\/ -->\n<title>Celebrado el Seminario de Investigaci\u00f3n \u00abNobleza obliga. Quiebras, rupturas y conflicto en las \u00e9lites nobiliarias ib\u00e9ricas (siglos XVI-XVII)\u00bb organizado por el Centro de Estudios de la Nobleza - Real Maestranza de Caballer\u00eda de Ronda<\/title>\n<meta name=\"robots\" content=\"index, follow, max-snippet:-1, max-image-preview:large, max-video-preview:-1\" \/>\n<link rel=\"canonical\" href=\"https:\/\/www.rmcr.org\/en\/2026\/04\/29\/celebrado-el-seminario-de-investigacion-nobleza-obliga-quiebras-rupturas-y-conflicto-en-las-elites-nobiliarias-ibericas-siglos-xvi-xvii-organizado-por-el-centro-de-estudios-de-la-noble\/\" \/>\n<meta property=\"og:locale\" content=\"en_US\" \/>\n<meta property=\"og:type\" content=\"article\" \/>\n<meta property=\"og:title\" content=\"Celebrado el Seminario de Investigaci\u00f3n \u00abNobleza obliga. Quiebras, rupturas y conflicto en las \u00e9lites nobiliarias ib\u00e9ricas (siglos XVI-XVII)\u00bb organizado por el Centro de Estudios de la Nobleza - Real Maestranza de Caballer\u00eda de Ronda\" \/>\n<meta property=\"og:description\" content=\"\u00abDurante los d\u00edas 14 y 15 de abril de 2026, la Real Maestranza acogi\u00f3 las sesiones de trabajo del seminario &quot;Nobleza obliga. Quiebras, rupturas y conflicto en las \u00e9lites nobiliarias ib\u00e9ricas (siglos XVI-XVII)&quot;, organizado por el Centro de Estudios de la Nobleza y coordinado por Santiago Mart\u00ednez Hern\u00e1ndez y Alejandra Franganillo \u00c1lvarez. En el marco del seminario, tuvo lugar la conferencia abierta al p\u00fablico titulada &quot;Nobleza y emprendimiento econ\u00f3mico. Quiebras y supervivencia (siglos XVI-XVII)&quot;, impartida por Carmen Sanz Ay\u00e1n, acad\u00e9mica de la Real Academia de la Historia\u00bb\" \/>\n<meta property=\"og:url\" content=\"https:\/\/www.rmcr.org\/en\/2026\/04\/29\/celebrado-el-seminario-de-investigacion-nobleza-obliga-quiebras-rupturas-y-conflicto-en-las-elites-nobiliarias-ibericas-siglos-xvi-xvii-organizado-por-el-centro-de-estudios-de-la-noble\/\" \/>\n<meta property=\"og:site_name\" content=\"Real Maestranza de Caballer\u00eda de Ronda\" \/>\n<meta property=\"article:publisher\" content=\"https:\/\/www.facebook.com\/plazadetorosronda\" \/>\n<meta property=\"article:published_time\" content=\"2026-04-29T12:10:47+00:00\" \/>\n<meta property=\"article:modified_time\" content=\"2026-04-29T12:10:55+00:00\" \/>\n<meta property=\"og:image\" content=\"https:\/\/www.rmcr.org\/wp-content\/uploads\/2026\/04\/sem-inv-obl-cen-dest.jpg\" \/>\n\t<meta property=\"og:image:width\" content=\"1200\" \/>\n\t<meta property=\"og:image:height\" content=\"680\" \/>\n\t<meta property=\"og:image:type\" content=\"image\/jpeg\" \/>\n<meta name=\"author\" content=\"BIBLIOTECA\" \/>\n<meta name=\"twitter:card\" content=\"summary_large_image\" \/>\n<meta name=\"twitter:creator\" content=\"@PlazatorosRMR\" \/>\n<meta name=\"twitter:site\" content=\"@PlazatorosRMR\" \/>\n<meta name=\"twitter:label1\" content=\"Written by\" \/>\n\t<meta name=\"twitter:data1\" content=\"BIBLIOTECA\" \/>\n\t<meta name=\"twitter:label2\" content=\"Est. reading time\" \/>\n\t<meta name=\"twitter:data2\" content=\"5 minutes\" \/>\n<script type=\"application\/ld+json\" class=\"yoast-schema-graph\">{\"@context\":\"https:\\\/\\\/schema.org\",\"@graph\":[{\"@type\":\"Article\",\"@id\":\"https:\\\/\\\/www.rmcr.org\\\/en\\\/2026\\\/04\\\/29\\\/celebrado-el-seminario-de-investigacion-nobleza-obliga-quiebras-rupturas-y-conflicto-en-las-elites-nobiliarias-ibericas-siglos-xvi-xvii-organizado-por-el-centro-de-estudios-de-la-noble\\\/#article\",\"isPartOf\":{\"@id\":\"https:\\\/\\\/www.rmcr.org\\\/en\\\/2026\\\/04\\\/29\\\/celebrado-el-seminario-de-investigacion-nobleza-obliga-quiebras-rupturas-y-conflicto-en-las-elites-nobiliarias-ibericas-siglos-xvi-xvii-organizado-por-el-centro-de-estudios-de-la-noble\\\/\"},\"author\":{\"name\":\"BIBLIOTECA\",\"@id\":\"https:\\\/\\\/www.rmcr.org\\\/en\\\/#\\\/schema\\\/person\\\/80849edee7ef556893505128619ea1d0\"},\"headline\":\"Celebrado el Seminario de Investigaci\u00f3n \u00abNobleza obliga. Quiebras, rupturas y conflicto en las \u00e9lites nobiliarias ib\u00e9ricas (siglos XVI-XVII)\u00bb organizado por el Centro de Estudios de la Nobleza\",\"datePublished\":\"2026-04-29T12:10:47+00:00\",\"dateModified\":\"2026-04-29T12:10:55+00:00\",\"mainEntityOfPage\":{\"@id\":\"https:\\\/\\\/www.rmcr.org\\\/en\\\/2026\\\/04\\\/29\\\/celebrado-el-seminario-de-investigacion-nobleza-obliga-quiebras-rupturas-y-conflicto-en-las-elites-nobiliarias-ibericas-siglos-xvi-xvii-organizado-por-el-centro-de-estudios-de-la-noble\\\/\"},\"wordCount\":867,\"commentCount\":0,\"publisher\":{\"@id\":\"https:\\\/\\\/www.rmcr.org\\\/en\\\/#organization\"},\"image\":{\"@id\":\"https:\\\/\\\/www.rmcr.org\\\/en\\\/2026\\\/04\\\/29\\\/celebrado-el-seminario-de-investigacion-nobleza-obliga-quiebras-rupturas-y-conflicto-en-las-elites-nobiliarias-ibericas-siglos-xvi-xvii-organizado-por-el-centro-de-estudios-de-la-noble\\\/#primaryimage\"},\"thumbnailUrl\":\"https:\\\/\\\/www.rmcr.org\\\/wp-content\\\/uploads\\\/2026\\\/04\\\/sem-inv-obl-cen-dest.jpg\",\"keywords\":[\"Alejandra Franganillo \u00c1lvarez\",\"Biblioteca\",\"Carmen Sanz Ay\u00e1n\",\"Centro de Estudios de la Nobleza\",\"Conferencias\",\"\u00c9lites de poder\",\"Nobleza\",\"Santiago Mart\u00ednez Hern\u00e1ndez\",\"Seminarios de investigaci\u00f3n\"],\"articleSection\":[\"Biblioteca\",\"Centro de Estudios de la Nobleza\",\"Presentaciones\",\"Seminarios\"],\"inLanguage\":\"en-US\",\"potentialAction\":[{\"@type\":\"CommentAction\",\"name\":\"Comment\",\"target\":[\"https:\\\/\\\/www.rmcr.org\\\/en\\\/2026\\\/04\\\/29\\\/celebrado-el-seminario-de-investigacion-nobleza-obliga-quiebras-rupturas-y-conflicto-en-las-elites-nobiliarias-ibericas-siglos-xvi-xvii-organizado-por-el-centro-de-estudios-de-la-noble\\\/#respond\"]}]},{\"@type\":\"WebPage\",\"@id\":\"https:\\\/\\\/www.rmcr.org\\\/en\\\/2026\\\/04\\\/29\\\/celebrado-el-seminario-de-investigacion-nobleza-obliga-quiebras-rupturas-y-conflicto-en-las-elites-nobiliarias-ibericas-siglos-xvi-xvii-organizado-por-el-centro-de-estudios-de-la-noble\\\/\",\"url\":\"https:\\\/\\\/www.rmcr.org\\\/en\\\/2026\\\/04\\\/29\\\/celebrado-el-seminario-de-investigacion-nobleza-obliga-quiebras-rupturas-y-conflicto-en-las-elites-nobiliarias-ibericas-siglos-xvi-xvii-organizado-por-el-centro-de-estudios-de-la-noble\\\/\",\"name\":\"Celebrado el Seminario de Investigaci\u00f3n \u00abNobleza obliga. Quiebras, rupturas y conflicto en las \u00e9lites nobiliarias ib\u00e9ricas (siglos XVI-XVII)\u00bb organizado por el Centro de Estudios de la Nobleza - Real Maestranza de Caballer\u00eda de Ronda\",\"isPartOf\":{\"@id\":\"https:\\\/\\\/www.rmcr.org\\\/en\\\/#website\"},\"primaryImageOfPage\":{\"@id\":\"https:\\\/\\\/www.rmcr.org\\\/en\\\/2026\\\/04\\\/29\\\/celebrado-el-seminario-de-investigacion-nobleza-obliga-quiebras-rupturas-y-conflicto-en-las-elites-nobiliarias-ibericas-siglos-xvi-xvii-organizado-por-el-centro-de-estudios-de-la-noble\\\/#primaryimage\"},\"image\":{\"@id\":\"https:\\\/\\\/www.rmcr.org\\\/en\\\/2026\\\/04\\\/29\\\/celebrado-el-seminario-de-investigacion-nobleza-obliga-quiebras-rupturas-y-conflicto-en-las-elites-nobiliarias-ibericas-siglos-xvi-xvii-organizado-por-el-centro-de-estudios-de-la-noble\\\/#primaryimage\"},\"thumbnailUrl\":\"https:\\\/\\\/www.rmcr.org\\\/wp-content\\\/uploads\\\/2026\\\/04\\\/sem-inv-obl-cen-dest.jpg\",\"datePublished\":\"2026-04-29T12:10:47+00:00\",\"dateModified\":\"2026-04-29T12:10:55+00:00\",\"breadcrumb\":{\"@id\":\"https:\\\/\\\/www.rmcr.org\\\/en\\\/2026\\\/04\\\/29\\\/celebrado-el-seminario-de-investigacion-nobleza-obliga-quiebras-rupturas-y-conflicto-en-las-elites-nobiliarias-ibericas-siglos-xvi-xvii-organizado-por-el-centro-de-estudios-de-la-noble\\\/#breadcrumb\"},\"inLanguage\":\"en-US\",\"potentialAction\":[{\"@type\":\"ReadAction\",\"target\":[\"https:\\\/\\\/www.rmcr.org\\\/en\\\/2026\\\/04\\\/29\\\/celebrado-el-seminario-de-investigacion-nobleza-obliga-quiebras-rupturas-y-conflicto-en-las-elites-nobiliarias-ibericas-siglos-xvi-xvii-organizado-por-el-centro-de-estudios-de-la-noble\\\/\"]}]},{\"@type\":\"ImageObject\",\"inLanguage\":\"en-US\",\"@id\":\"https:\\\/\\\/www.rmcr.org\\\/en\\\/2026\\\/04\\\/29\\\/celebrado-el-seminario-de-investigacion-nobleza-obliga-quiebras-rupturas-y-conflicto-en-las-elites-nobiliarias-ibericas-siglos-xvi-xvii-organizado-por-el-centro-de-estudios-de-la-noble\\\/#primaryimage\",\"url\":\"https:\\\/\\\/www.rmcr.org\\\/wp-content\\\/uploads\\\/2026\\\/04\\\/sem-inv-obl-cen-dest.jpg\",\"contentUrl\":\"https:\\\/\\\/www.rmcr.org\\\/wp-content\\\/uploads\\\/2026\\\/04\\\/sem-inv-obl-cen-dest.jpg\",\"width\":1200,\"height\":680},{\"@type\":\"BreadcrumbList\",\"@id\":\"https:\\\/\\\/www.rmcr.org\\\/en\\\/2026\\\/04\\\/29\\\/celebrado-el-seminario-de-investigacion-nobleza-obliga-quiebras-rupturas-y-conflicto-en-las-elites-nobiliarias-ibericas-siglos-xvi-xvii-organizado-por-el-centro-de-estudios-de-la-noble\\\/#breadcrumb\",\"itemListElement\":[{\"@type\":\"ListItem\",\"position\":1,\"name\":\"REAL MAESTRANZA DE CABALLER\u00cdA DE RONDA\",\"item\":\"https:\\\/\\\/www.rmcr.org\\\/en\\\/\"},{\"@type\":\"ListItem\",\"position\":2,\"name\":\"Celebrado el Seminario de Investigaci\u00f3n \u00abNobleza obliga. Quiebras, rupturas y conflicto en las \u00e9lites nobiliarias ib\u00e9ricas (siglos XVI-XVII)\u00bb organizado por el Centro de Estudios de la Nobleza\"}]},{\"@type\":\"WebSite\",\"@id\":\"https:\\\/\\\/www.rmcr.org\\\/en\\\/#website\",\"url\":\"https:\\\/\\\/www.rmcr.org\\\/en\\\/\",\"name\":\"Real Maestranza de Caballer\u00eda de Ronda\",\"description\":\"Real Maestranza de Caballer\u00eda de Ronda\",\"publisher\":{\"@id\":\"https:\\\/\\\/www.rmcr.org\\\/en\\\/#organization\"},\"alternateName\":\"RMCR\",\"potentialAction\":[{\"@type\":\"SearchAction\",\"target\":{\"@type\":\"EntryPoint\",\"urlTemplate\":\"https:\\\/\\\/www.rmcr.org\\\/en\\\/?s={search_term_string}\"},\"query-input\":{\"@type\":\"PropertyValueSpecification\",\"valueRequired\":true,\"valueName\":\"search_term_string\"}}],\"inLanguage\":\"en-US\"},{\"@type\":\"Organization\",\"@id\":\"https:\\\/\\\/www.rmcr.org\\\/en\\\/#organization\",\"name\":\"Real Maestranza de Caballer\u00eda de Ronda\",\"alternateName\":\"RMR\",\"url\":\"https:\\\/\\\/www.rmcr.org\\\/en\\\/\",\"logo\":{\"@type\":\"ImageObject\",\"inLanguage\":\"en-US\",\"@id\":\"https:\\\/\\\/www.rmcr.org\\\/en\\\/#\\\/schema\\\/logo\\\/image\\\/\",\"url\":\"https:\\\/\\\/www.rmcr.org\\\/wp-content\\\/uploads\\\/2022\\\/07\\\/logo-rmr-blue.svg\",\"contentUrl\":\"https:\\\/\\\/www.rmcr.org\\\/wp-content\\\/uploads\\\/2022\\\/07\\\/logo-rmr-blue.svg\",\"width\":131,\"height\":129,\"caption\":\"Real Maestranza de Caballer\u00eda de Ronda\"},\"image\":{\"@id\":\"https:\\\/\\\/www.rmcr.org\\\/en\\\/#\\\/schema\\\/logo\\\/image\\\/\"},\"sameAs\":[\"https:\\\/\\\/www.facebook.com\\\/plazadetorosronda\",\"https:\\\/\\\/x.com\\\/PlazatorosRMR\",\"https:\\\/\\\/www.instagram.com\\\/realmaestranzaderonda\\\/\",\"https:\\\/\\\/www.youtube.com\\\/channel\\\/UCrbO5IUN-8v_QML739vM4zg\\\/videos\"]},{\"@type\":\"Person\",\"@id\":\"https:\\\/\\\/www.rmcr.org\\\/en\\\/#\\\/schema\\\/person\\\/80849edee7ef556893505128619ea1d0\",\"name\":\"BIBLIOTECA\",\"image\":{\"@type\":\"ImageObject\",\"inLanguage\":\"en-US\",\"@id\":\"https:\\\/\\\/www.rmcr.org\\\/wp-content\\\/uploads\\\/2022\\\/11\\\/avatar-rmcr-96x96.png\",\"url\":\"https:\\\/\\\/www.rmcr.org\\\/wp-content\\\/uploads\\\/2022\\\/11\\\/avatar-rmcr-96x96.png\",\"contentUrl\":\"https:\\\/\\\/www.rmcr.org\\\/wp-content\\\/uploads\\\/2022\\\/11\\\/avatar-rmcr-96x96.png\",\"caption\":\"BIBLIOTECA\"},\"url\":\"https:\\\/\\\/www.rmcr.org\\\/en\\\/author\\\/juan-antonio-moreno\\\/\"}]}<\/script>\n<!-- \/ Yoast SEO plugin. -->","yoast_head_json":{"title":"Celebrado el Seminario de Investigaci\u00f3n \u00abNobleza obliga. Quiebras, rupturas y conflicto en las \u00e9lites nobiliarias ib\u00e9ricas (siglos XVI-XVII)\u00bb organizado por el Centro de Estudios de la Nobleza - Real Maestranza de Caballer\u00eda de Ronda","robots":{"index":"index","follow":"follow","max-snippet":"max-snippet:-1","max-image-preview":"max-image-preview:large","max-video-preview":"max-video-preview:-1"},"canonical":"https:\/\/www.rmcr.org\/en\/2026\/04\/29\/celebrado-el-seminario-de-investigacion-nobleza-obliga-quiebras-rupturas-y-conflicto-en-las-elites-nobiliarias-ibericas-siglos-xvi-xvii-organizado-por-el-centro-de-estudios-de-la-noble\/","og_locale":"en_US","og_type":"article","og_title":"Celebrado el Seminario de Investigaci\u00f3n \u00abNobleza obliga. Quiebras, rupturas y conflicto en las \u00e9lites nobiliarias ib\u00e9ricas (siglos XVI-XVII)\u00bb organizado por el Centro de Estudios de la Nobleza - Real Maestranza de Caballer\u00eda de Ronda","og_description":"\u00abDurante los d\u00edas 14 y 15 de abril de 2026, la Real Maestranza acogi\u00f3 las sesiones de trabajo del seminario \"Nobleza obliga. Quiebras, rupturas y conflicto en las \u00e9lites nobiliarias ib\u00e9ricas (siglos XVI-XVII)\", organizado por el Centro de Estudios de la Nobleza y coordinado por Santiago Mart\u00ednez Hern\u00e1ndez y Alejandra Franganillo \u00c1lvarez. En el marco del seminario, tuvo lugar la conferencia abierta al p\u00fablico titulada \"Nobleza y emprendimiento econ\u00f3mico. Quiebras y supervivencia (siglos XVI-XVII)\", impartida por Carmen Sanz Ay\u00e1n, acad\u00e9mica de la Real Academia de la Historia\u00bb","og_url":"https:\/\/www.rmcr.org\/en\/2026\/04\/29\/celebrado-el-seminario-de-investigacion-nobleza-obliga-quiebras-rupturas-y-conflicto-en-las-elites-nobiliarias-ibericas-siglos-xvi-xvii-organizado-por-el-centro-de-estudios-de-la-noble\/","og_site_name":"Real Maestranza de Caballer\u00eda de Ronda","article_publisher":"https:\/\/www.facebook.com\/plazadetorosronda","article_published_time":"2026-04-29T12:10:47+00:00","article_modified_time":"2026-04-29T12:10:55+00:00","og_image":[{"width":1200,"height":680,"url":"https:\/\/www.rmcr.org\/wp-content\/uploads\/2026\/04\/sem-inv-obl-cen-dest.jpg","type":"image\/jpeg"}],"author":"BIBLIOTECA","twitter_card":"summary_large_image","twitter_creator":"@PlazatorosRMR","twitter_site":"@PlazatorosRMR","twitter_misc":{"Written by":"BIBLIOTECA","Est. reading time":"5 minutes"},"schema":{"@context":"https:\/\/schema.org","@graph":[{"@type":"Article","@id":"https:\/\/www.rmcr.org\/en\/2026\/04\/29\/celebrado-el-seminario-de-investigacion-nobleza-obliga-quiebras-rupturas-y-conflicto-en-las-elites-nobiliarias-ibericas-siglos-xvi-xvii-organizado-por-el-centro-de-estudios-de-la-noble\/#article","isPartOf":{"@id":"https:\/\/www.rmcr.org\/en\/2026\/04\/29\/celebrado-el-seminario-de-investigacion-nobleza-obliga-quiebras-rupturas-y-conflicto-en-las-elites-nobiliarias-ibericas-siglos-xvi-xvii-organizado-por-el-centro-de-estudios-de-la-noble\/"},"author":{"name":"BIBLIOTECA","@id":"https:\/\/www.rmcr.org\/en\/#\/schema\/person\/80849edee7ef556893505128619ea1d0"},"headline":"Celebrado el Seminario de Investigaci\u00f3n \u00abNobleza obliga. Quiebras, rupturas y conflicto en las \u00e9lites nobiliarias ib\u00e9ricas (siglos XVI-XVII)\u00bb organizado por el Centro de Estudios de la Nobleza","datePublished":"2026-04-29T12:10:47+00:00","dateModified":"2026-04-29T12:10:55+00:00","mainEntityOfPage":{"@id":"https:\/\/www.rmcr.org\/en\/2026\/04\/29\/celebrado-el-seminario-de-investigacion-nobleza-obliga-quiebras-rupturas-y-conflicto-en-las-elites-nobiliarias-ibericas-siglos-xvi-xvii-organizado-por-el-centro-de-estudios-de-la-noble\/"},"wordCount":867,"commentCount":0,"publisher":{"@id":"https:\/\/www.rmcr.org\/en\/#organization"},"image":{"@id":"https:\/\/www.rmcr.org\/en\/2026\/04\/29\/celebrado-el-seminario-de-investigacion-nobleza-obliga-quiebras-rupturas-y-conflicto-en-las-elites-nobiliarias-ibericas-siglos-xvi-xvii-organizado-por-el-centro-de-estudios-de-la-noble\/#primaryimage"},"thumbnailUrl":"https:\/\/www.rmcr.org\/wp-content\/uploads\/2026\/04\/sem-inv-obl-cen-dest.jpg","keywords":["Alejandra Franganillo \u00c1lvarez","Biblioteca","Carmen Sanz Ay\u00e1n","Centro de Estudios de la Nobleza","Conferencias","\u00c9lites de poder","Nobleza","Santiago Mart\u00ednez Hern\u00e1ndez","Seminarios de investigaci\u00f3n"],"articleSection":["Biblioteca","Centro de Estudios de la Nobleza","Presentaciones","Seminarios"],"inLanguage":"en-US","potentialAction":[{"@type":"CommentAction","name":"Comment","target":["https:\/\/www.rmcr.org\/en\/2026\/04\/29\/celebrado-el-seminario-de-investigacion-nobleza-obliga-quiebras-rupturas-y-conflicto-en-las-elites-nobiliarias-ibericas-siglos-xvi-xvii-organizado-por-el-centro-de-estudios-de-la-noble\/#respond"]}]},{"@type":"WebPage","@id":"https:\/\/www.rmcr.org\/en\/2026\/04\/29\/celebrado-el-seminario-de-investigacion-nobleza-obliga-quiebras-rupturas-y-conflicto-en-las-elites-nobiliarias-ibericas-siglos-xvi-xvii-organizado-por-el-centro-de-estudios-de-la-noble\/","url":"https:\/\/www.rmcr.org\/en\/2026\/04\/29\/celebrado-el-seminario-de-investigacion-nobleza-obliga-quiebras-rupturas-y-conflicto-en-las-elites-nobiliarias-ibericas-siglos-xvi-xvii-organizado-por-el-centro-de-estudios-de-la-noble\/","name":"Celebrado el Seminario de Investigaci\u00f3n \u00abNobleza obliga. Quiebras, rupturas y conflicto en las \u00e9lites nobiliarias ib\u00e9ricas (siglos XVI-XVII)\u00bb organizado por el Centro de Estudios de la Nobleza - Real Maestranza de Caballer\u00eda de Ronda","isPartOf":{"@id":"https:\/\/www.rmcr.org\/en\/#website"},"primaryImageOfPage":{"@id":"https:\/\/www.rmcr.org\/en\/2026\/04\/29\/celebrado-el-seminario-de-investigacion-nobleza-obliga-quiebras-rupturas-y-conflicto-en-las-elites-nobiliarias-ibericas-siglos-xvi-xvii-organizado-por-el-centro-de-estudios-de-la-noble\/#primaryimage"},"image":{"@id":"https:\/\/www.rmcr.org\/en\/2026\/04\/29\/celebrado-el-seminario-de-investigacion-nobleza-obliga-quiebras-rupturas-y-conflicto-en-las-elites-nobiliarias-ibericas-siglos-xvi-xvii-organizado-por-el-centro-de-estudios-de-la-noble\/#primaryimage"},"thumbnailUrl":"https:\/\/www.rmcr.org\/wp-content\/uploads\/2026\/04\/sem-inv-obl-cen-dest.jpg","datePublished":"2026-04-29T12:10:47+00:00","dateModified":"2026-04-29T12:10:55+00:00","breadcrumb":{"@id":"https:\/\/www.rmcr.org\/en\/2026\/04\/29\/celebrado-el-seminario-de-investigacion-nobleza-obliga-quiebras-rupturas-y-conflicto-en-las-elites-nobiliarias-ibericas-siglos-xvi-xvii-organizado-por-el-centro-de-estudios-de-la-noble\/#breadcrumb"},"inLanguage":"en-US","potentialAction":[{"@type":"ReadAction","target":["https:\/\/www.rmcr.org\/en\/2026\/04\/29\/celebrado-el-seminario-de-investigacion-nobleza-obliga-quiebras-rupturas-y-conflicto-en-las-elites-nobiliarias-ibericas-siglos-xvi-xvii-organizado-por-el-centro-de-estudios-de-la-noble\/"]}]},{"@type":"ImageObject","inLanguage":"en-US","@id":"https:\/\/www.rmcr.org\/en\/2026\/04\/29\/celebrado-el-seminario-de-investigacion-nobleza-obliga-quiebras-rupturas-y-conflicto-en-las-elites-nobiliarias-ibericas-siglos-xvi-xvii-organizado-por-el-centro-de-estudios-de-la-noble\/#primaryimage","url":"https:\/\/www.rmcr.org\/wp-content\/uploads\/2026\/04\/sem-inv-obl-cen-dest.jpg","contentUrl":"https:\/\/www.rmcr.org\/wp-content\/uploads\/2026\/04\/sem-inv-obl-cen-dest.jpg","width":1200,"height":680},{"@type":"BreadcrumbList","@id":"https:\/\/www.rmcr.org\/en\/2026\/04\/29\/celebrado-el-seminario-de-investigacion-nobleza-obliga-quiebras-rupturas-y-conflicto-en-las-elites-nobiliarias-ibericas-siglos-xvi-xvii-organizado-por-el-centro-de-estudios-de-la-noble\/#breadcrumb","itemListElement":[{"@type":"ListItem","position":1,"name":"REAL MAESTRANZA DE CABALLER\u00cdA DE RONDA","item":"https:\/\/www.rmcr.org\/en\/"},{"@type":"ListItem","position":2,"name":"Celebrado el Seminario de Investigaci\u00f3n \u00abNobleza obliga. Quiebras, rupturas y conflicto en las \u00e9lites nobiliarias ib\u00e9ricas (siglos XVI-XVII)\u00bb organizado por el Centro de Estudios de la Nobleza"}]},{"@type":"WebSite","@id":"https:\/\/www.rmcr.org\/en\/#website","url":"https:\/\/www.rmcr.org\/en\/","name":"Real Maestranza de Caballer\u00eda de Ronda","description":"Real Maestranza de Caballer\u00eda de Ronda","publisher":{"@id":"https:\/\/www.rmcr.org\/en\/#organization"},"alternateName":"RMCR","potentialAction":[{"@type":"SearchAction","target":{"@type":"EntryPoint","urlTemplate":"https:\/\/www.rmcr.org\/en\/?s={search_term_string}"},"query-input":{"@type":"PropertyValueSpecification","valueRequired":true,"valueName":"search_term_string"}}],"inLanguage":"en-US"},{"@type":"Organization","@id":"https:\/\/www.rmcr.org\/en\/#organization","name":"Real Maestranza de Caballer\u00eda de Ronda","alternateName":"RMR","url":"https:\/\/www.rmcr.org\/en\/","logo":{"@type":"ImageObject","inLanguage":"en-US","@id":"https:\/\/www.rmcr.org\/en\/#\/schema\/logo\/image\/","url":"https:\/\/www.rmcr.org\/wp-content\/uploads\/2022\/07\/logo-rmr-blue.svg","contentUrl":"https:\/\/www.rmcr.org\/wp-content\/uploads\/2022\/07\/logo-rmr-blue.svg","width":131,"height":129,"caption":"Real Maestranza de Caballer\u00eda de Ronda"},"image":{"@id":"https:\/\/www.rmcr.org\/en\/#\/schema\/logo\/image\/"},"sameAs":["https:\/\/www.facebook.com\/plazadetorosronda","https:\/\/x.com\/PlazatorosRMR","https:\/\/www.instagram.com\/realmaestranzaderonda\/","https:\/\/www.youtube.com\/channel\/UCrbO5IUN-8v_QML739vM4zg\/videos"]},{"@type":"Person","@id":"https:\/\/www.rmcr.org\/en\/#\/schema\/person\/80849edee7ef556893505128619ea1d0","name":"BIBLIOTECA","image":{"@type":"ImageObject","inLanguage":"en-US","@id":"https:\/\/www.rmcr.org\/wp-content\/uploads\/2022\/11\/avatar-rmcr-96x96.png","url":"https:\/\/www.rmcr.org\/wp-content\/uploads\/2022\/11\/avatar-rmcr-96x96.png","contentUrl":"https:\/\/www.rmcr.org\/wp-content\/uploads\/2022\/11\/avatar-rmcr-96x96.png","caption":"BIBLIOTECA"},"url":"https:\/\/www.rmcr.org\/en\/author\/juan-antonio-moreno\/"}]}},"_links":{"self":[{"href":"https:\/\/www.rmcr.org\/en\/wp-json\/wp\/v2\/posts\/24337","targetHints":{"allow":["GET"]}}],"collection":[{"href":"https:\/\/www.rmcr.org\/en\/wp-json\/wp\/v2\/posts"}],"about":[{"href":"https:\/\/www.rmcr.org\/en\/wp-json\/wp\/v2\/types\/post"}],"author":[{"embeddable":true,"href":"https:\/\/www.rmcr.org\/en\/wp-json\/wp\/v2\/users\/2"}],"replies":[{"embeddable":true,"href":"https:\/\/www.rmcr.org\/en\/wp-json\/wp\/v2\/comments?post=24337"}],"version-history":[{"count":5,"href":"https:\/\/www.rmcr.org\/en\/wp-json\/wp\/v2\/posts\/24337\/revisions"}],"predecessor-version":[{"id":24348,"href":"https:\/\/www.rmcr.org\/en\/wp-json\/wp\/v2\/posts\/24337\/revisions\/24348"}],"wp:featuredmedia":[{"embeddable":true,"href":"https:\/\/www.rmcr.org\/en\/wp-json\/wp\/v2\/media\/24349"}],"wp:attachment":[{"href":"https:\/\/www.rmcr.org\/en\/wp-json\/wp\/v2\/media?parent=24337"}],"wp:term":[{"taxonomy":"category","embeddable":true,"href":"https:\/\/www.rmcr.org\/en\/wp-json\/wp\/v2\/categories?post=24337"},{"taxonomy":"post_tag","embeddable":true,"href":"https:\/\/www.rmcr.org\/en\/wp-json\/wp\/v2\/tags?post=24337"}],"curies":[{"name":"wp","href":"https:\/\/api.w.org\/{rel}","templated":true}]}}