{"id":24263,"date":"2026-04-27T11:59:15","date_gmt":"2026-04-27T11:59:15","guid":{"rendered":"https:\/\/www.rmcr.org\/?p=24263"},"modified":"2026-04-28T10:22:40","modified_gmt":"2026-04-28T10:22:40","slug":"escuela-equitacion-real-maestranza-cdt-montemarina","status":"publish","type":"post","link":"https:\/\/www.rmcr.org\/en\/2026\/04\/27\/escuela-equitacion-real-maestranza-cdt-montemarina\/","title":{"rendered":"La Escuela de Equitaci\u00f3n de la Real Maestranza participa en el CDT MonteMarina de Marbella"},"content":{"rendered":"\n<p>La Escuela de Equitaci\u00f3n de la Real Maestranza de Caballer\u00eda de Ronda ha participado este fin de semana en el CDT MonteMarina de Marbella, concurso clasificatorio para la Copa de Andaluc\u00eda, con varios binomios formados por alumnos del curso de Ocio Deportivo.<\/p>\n\n\n\n<p>En esta jornada compitieron Marta Ortega con RMR M\u00edo, en Juveniles 0*; Julia Badillo con Marcial III, en Infantiles; Mar\u00eda Gamarro con Gorri\u00f3n XXXIII y Adri\u00e1n Guerrero con Fraile, en Alevines; Mar\u00eda Dur\u00e1n con Gorri\u00f3n XXXIII, en Promoci\u00f3n 1 Senior; y Ana Dur\u00e1n con RMR M\u00edo, en Rider 1.<\/p>\n\n\n\n<p>Para algunos alumnos, esta cita supuso su primera experiencia en competici\u00f3n oficial. La participaci\u00f3n en este tipo de pruebas constituye un paso relevante dentro del proceso formativo, ya que permite afrontar los nervios propios de la pista, aplicar el trabajo realizado durante el curso y aprender a gestionar situaciones imprevistas junto al caballo.<\/p>\n\n\n\n<figure class=\"wp-block-image size-large\"><img fetchpriority=\"high\" decoding=\"async\" width=\"1024\" height=\"768\" src=\"https:\/\/www.rmcr.org\/wp-content\/uploads\/2026\/04\/IMG_9552-1024x768.jpg\" alt=\"\" class=\"wp-image-24266\" srcset=\"https:\/\/www.rmcr.org\/wp-content\/uploads\/2026\/04\/IMG_9552-1024x768.jpg 1024w, https:\/\/www.rmcr.org\/wp-content\/uploads\/2026\/04\/IMG_9552-300x225.jpg 300w, https:\/\/www.rmcr.org\/wp-content\/uploads\/2026\/04\/IMG_9552-768x576.jpg 768w, https:\/\/www.rmcr.org\/wp-content\/uploads\/2026\/04\/IMG_9552-1536x1152.jpg 1536w, https:\/\/www.rmcr.org\/wp-content\/uploads\/2026\/04\/IMG_9552-2048x1536.jpg 2048w\" sizes=\"(max-width: 1024px) 100vw, 1024px\" \/><\/figure>\n\n\n\n<p class=\"has-text-align-center\"><em>Alumnos, profesores y personal de la Escuela de Equitaci\u00f3n de la Real Maestranza de Caballer\u00eda de Ronda junto a las familias de los particpantes.<\/em><\/p>\n\n\n\n<p>Otros binomios, con mayor trayectoria, continuaron consolidando su progresi\u00f3n deportiva y t\u00e9cnica. En todos los casos, la competici\u00f3n ofreci\u00f3 una oportunidad de aprendizaje, tanto por los resultados obtenidos como por la experiencia acumulada en un entorno oficial.<\/p>\n\n\n\n<p>El balance deportivo fue muy positivo, con dos primeros puestos, un segundo puesto y un tercer puesto, resultados que reflejan el esfuerzo, la constancia y el trabajo desarrollado por los alumnos y el equipo t\u00e9cnico de la Escuela.<\/p>\n\n\n\n<p>Tambi\u00e9n cabe destacar la participaci\u00f3n de Cayetana Lara con Hacendado de Hoyos en el CSS Granada H\u00edpica del Sur, donde debut\u00f3 en la prueba de 0,90 metros con cero puntos y buenas sensaciones.<\/p>\n\n\n\n<p>La presencia de la Escuela de Equitaci\u00f3n de la Real Maestranza de Caballer\u00eda de Ronda en estas competiciones refuerza su compromiso con la formaci\u00f3n integral de sus alumnos, combinando la pr\u00e1ctica deportiva, la preparaci\u00f3n t\u00e9cnica y el desarrollo de valores vinculados al trabajo con el caballo.<\/p>\n","protected":false},"excerpt":{"rendered":"<p>\u00abLa Escuela de Equitaci\u00f3n de la Real Maestranza de Caballer\u00eda de Ronda ha participado en el CDT MonteMarina de Marbella, concurso clasificatorio para la Copa de Andaluc\u00eda, con varios alumnos del curso de Ocio Deportivo. La jornada dej\u00f3 dos primeros puestos, un segundo y un tercero, adem\u00e1s de nuevas experiencias en competici\u00f3n oficial. Tambi\u00e9n destac\u00f3 la participaci\u00f3n de Cayetana Lara en el CSS Granada H\u00edpica del Sur, donde debut\u00f3 en 0,90 metros con cero puntos\u00bb<\/p>\n","protected":false},"author":11,"featured_media":24264,"comment_status":"closed","ping_status":"open","sticky":false,"template":"","format":"standard","meta":{"footnotes":""},"categories":[76,46,56,42],"tags":[852,48,40,96,331,97,98],"class_list":["post-24263","post","type-post","status-publish","format-standard","has-post-thumbnail","hentry","category-concursos","category-cursos-de-formacion","category-escuela-de-equitacion","category-jinete-profesor","tag-cdt-montemarina-de-marbella","tag-centro-de-formacion","tag-ensenanza","tag-equitacion","tag-escuela-de-equitacion","tag-escuela-de-equitacion-rmcr","tag-real-maestranza-de-caballeria-de-ronda"],"yoast_head":"<!-- This site is optimized with the Yoast SEO plugin v27.5 - https:\/\/yoast.com\/product\/yoast-seo-wordpress\/ -->\n<title>La Escuela de Equitaci\u00f3n participa en el CDT MonteMarina de Marbella<\/title>\n<meta name=\"description\" content=\"La Escuela de Equitaci\u00f3n de la Real Maestranza particip\u00f3 en el CDT MonteMarina de Marbella, con varios podios y alumnos de Ocio Deportivo.\" \/>\n<meta name=\"robots\" content=\"index, follow, max-snippet:-1, max-image-preview:large, max-video-preview:-1\" \/>\n<link rel=\"canonical\" href=\"https:\/\/www.rmcr.org\/en\/2026\/04\/27\/escuela-equitacion-real-maestranza-cdt-montemarina\/\" \/>\n<meta property=\"og:locale\" content=\"en_US\" \/>\n<meta property=\"og:type\" content=\"article\" \/>\n<meta property=\"og:title\" content=\"La Escuela de Equitaci\u00f3n participa en el CDT MonteMarina de Marbella\" \/>\n<meta property=\"og:description\" content=\"La Escuela de Equitaci\u00f3n de la Real Maestranza particip\u00f3 en el CDT MonteMarina de Marbella, con varios podios y alumnos de Ocio Deportivo.\" \/>\n<meta property=\"og:url\" content=\"https:\/\/www.rmcr.org\/en\/2026\/04\/27\/escuela-equitacion-real-maestranza-cdt-montemarina\/\" \/>\n<meta property=\"og:site_name\" content=\"Real Maestranza de Caballer\u00eda de Ronda\" \/>\n<meta property=\"article:publisher\" content=\"https:\/\/www.facebook.com\/plazadetorosronda\" \/>\n<meta property=\"article:published_time\" content=\"2026-04-27T11:59:15+00:00\" \/>\n<meta property=\"article:modified_time\" content=\"2026-04-28T10:22:40+00:00\" \/>\n<meta property=\"og:image\" content=\"https:\/\/www.rmcr.org\/wp-content\/uploads\/2026\/04\/Portada_Escuela_Marbella.png\" \/>\n\t<meta property=\"og:image:width\" content=\"945\" \/>\n\t<meta property=\"og:image:height\" content=\"340\" \/>\n\t<meta property=\"og:image:type\" content=\"image\/png\" \/>\n<meta name=\"author\" content=\"ESCUELA\" \/>\n<meta name=\"twitter:card\" content=\"summary_large_image\" \/>\n<meta name=\"twitter:creator\" content=\"@PlazatorosRMR\" \/>\n<meta name=\"twitter:site\" content=\"@PlazatorosRMR\" \/>\n<meta name=\"twitter:label1\" content=\"Written by\" \/>\n\t<meta name=\"twitter:data1\" content=\"ESCUELA\" \/>\n\t<meta name=\"twitter:label2\" content=\"Est. reading time\" \/>\n\t<meta name=\"twitter:data2\" content=\"2 minutes\" \/>\n<script type=\"application\/ld+json\" class=\"yoast-schema-graph\">{\"@context\":\"https:\\\/\\\/schema.org\",\"@graph\":[{\"@type\":\"Article\",\"@id\":\"https:\\\/\\\/www.rmcr.org\\\/en\\\/2026\\\/04\\\/27\\\/escuela-equitacion-real-maestranza-cdt-montemarina\\\/#article\",\"isPartOf\":{\"@id\":\"https:\\\/\\\/www.rmcr.org\\\/en\\\/2026\\\/04\\\/27\\\/escuela-equitacion-real-maestranza-cdt-montemarina\\\/\"},\"author\":{\"name\":\"ESCUELA\",\"@id\":\"https:\\\/\\\/www.rmcr.org\\\/en\\\/#\\\/schema\\\/person\\\/eaba3818c6c615cf6cc53c6ca58138ff\"},\"headline\":\"La Escuela de Equitaci\u00f3n de la Real Maestranza participa en el CDT MonteMarina de Marbella\",\"datePublished\":\"2026-04-27T11:59:15+00:00\",\"dateModified\":\"2026-04-28T10:22:40+00:00\",\"mainEntityOfPage\":{\"@id\":\"https:\\\/\\\/www.rmcr.org\\\/en\\\/2026\\\/04\\\/27\\\/escuela-equitacion-real-maestranza-cdt-montemarina\\\/\"},\"wordCount\":364,\"publisher\":{\"@id\":\"https:\\\/\\\/www.rmcr.org\\\/en\\\/#organization\"},\"image\":{\"@id\":\"https:\\\/\\\/www.rmcr.org\\\/en\\\/2026\\\/04\\\/27\\\/escuela-equitacion-real-maestranza-cdt-montemarina\\\/#primaryimage\"},\"thumbnailUrl\":\"https:\\\/\\\/www.rmcr.org\\\/wp-content\\\/uploads\\\/2026\\\/04\\\/Portada_Escuela_Marbella.png\",\"keywords\":[\"CDT MonteMarina de Marbella\",\"Centro de Formaci\u00f3n\",\"Ense\u00f1anza\",\"Equitaci\u00f3n\",\"Escuela de equitaci\u00f3n\",\"Escuela de Equitaci\u00f3n RMCR\",\"Real Maestranza de Caballer\u00eda de Ronda\"],\"articleSection\":[\"Concursos\",\"Cursos de Formaci\u00f3n\",\"Escuela de Equitaci\u00f3n\",\"Jinete Profesor\"],\"inLanguage\":\"en-US\"},{\"@type\":\"WebPage\",\"@id\":\"https:\\\/\\\/www.rmcr.org\\\/en\\\/2026\\\/04\\\/27\\\/escuela-equitacion-real-maestranza-cdt-montemarina\\\/\",\"url\":\"https:\\\/\\\/www.rmcr.org\\\/en\\\/2026\\\/04\\\/27\\\/escuela-equitacion-real-maestranza-cdt-montemarina\\\/\",\"name\":\"La Escuela de Equitaci\u00f3n participa en el CDT MonteMarina de Marbella\",\"isPartOf\":{\"@id\":\"https:\\\/\\\/www.rmcr.org\\\/en\\\/#website\"},\"primaryImageOfPage\":{\"@id\":\"https:\\\/\\\/www.rmcr.org\\\/en\\\/2026\\\/04\\\/27\\\/escuela-equitacion-real-maestranza-cdt-montemarina\\\/#primaryimage\"},\"image\":{\"@id\":\"https:\\\/\\\/www.rmcr.org\\\/en\\\/2026\\\/04\\\/27\\\/escuela-equitacion-real-maestranza-cdt-montemarina\\\/#primaryimage\"},\"thumbnailUrl\":\"https:\\\/\\\/www.rmcr.org\\\/wp-content\\\/uploads\\\/2026\\\/04\\\/Portada_Escuela_Marbella.png\",\"datePublished\":\"2026-04-27T11:59:15+00:00\",\"dateModified\":\"2026-04-28T10:22:40+00:00\",\"description\":\"La Escuela de Equitaci\u00f3n de la Real Maestranza particip\u00f3 en el CDT MonteMarina de Marbella, con varios podios y alumnos de Ocio Deportivo.\",\"breadcrumb\":{\"@id\":\"https:\\\/\\\/www.rmcr.org\\\/en\\\/2026\\\/04\\\/27\\\/escuela-equitacion-real-maestranza-cdt-montemarina\\\/#breadcrumb\"},\"inLanguage\":\"en-US\",\"potentialAction\":[{\"@type\":\"ReadAction\",\"target\":[\"https:\\\/\\\/www.rmcr.org\\\/en\\\/2026\\\/04\\\/27\\\/escuela-equitacion-real-maestranza-cdt-montemarina\\\/\"]}]},{\"@type\":\"ImageObject\",\"inLanguage\":\"en-US\",\"@id\":\"https:\\\/\\\/www.rmcr.org\\\/en\\\/2026\\\/04\\\/27\\\/escuela-equitacion-real-maestranza-cdt-montemarina\\\/#primaryimage\",\"url\":\"https:\\\/\\\/www.rmcr.org\\\/wp-content\\\/uploads\\\/2026\\\/04\\\/Portada_Escuela_Marbella.png\",\"contentUrl\":\"https:\\\/\\\/www.rmcr.org\\\/wp-content\\\/uploads\\\/2026\\\/04\\\/Portada_Escuela_Marbella.png\",\"width\":945,\"height\":340},{\"@type\":\"BreadcrumbList\",\"@id\":\"https:\\\/\\\/www.rmcr.org\\\/en\\\/2026\\\/04\\\/27\\\/escuela-equitacion-real-maestranza-cdt-montemarina\\\/#breadcrumb\",\"itemListElement\":[{\"@type\":\"ListItem\",\"position\":1,\"name\":\"REAL MAESTRANZA DE CABALLER\u00cdA DE RONDA\",\"item\":\"https:\\\/\\\/www.rmcr.org\\\/en\\\/\"},{\"@type\":\"ListItem\",\"position\":2,\"name\":\"La Escuela de Equitaci\u00f3n de la Real Maestranza participa en el CDT MonteMarina de Marbella\"}]},{\"@type\":\"WebSite\",\"@id\":\"https:\\\/\\\/www.rmcr.org\\\/en\\\/#website\",\"url\":\"https:\\\/\\\/www.rmcr.org\\\/en\\\/\",\"name\":\"Real Maestranza de Caballer\u00eda de Ronda\",\"description\":\"Real Maestranza de Caballer\u00eda de Ronda\",\"publisher\":{\"@id\":\"https:\\\/\\\/www.rmcr.org\\\/en\\\/#organization\"},\"alternateName\":\"RMCR\",\"potentialAction\":[{\"@type\":\"SearchAction\",\"target\":{\"@type\":\"EntryPoint\",\"urlTemplate\":\"https:\\\/\\\/www.rmcr.org\\\/en\\\/?s={search_term_string}\"},\"query-input\":{\"@type\":\"PropertyValueSpecification\",\"valueRequired\":true,\"valueName\":\"search_term_string\"}}],\"inLanguage\":\"en-US\"},{\"@type\":\"Organization\",\"@id\":\"https:\\\/\\\/www.rmcr.org\\\/en\\\/#organization\",\"name\":\"Real Maestranza de Caballer\u00eda de Ronda\",\"alternateName\":\"RMR\",\"url\":\"https:\\\/\\\/www.rmcr.org\\\/en\\\/\",\"logo\":{\"@type\":\"ImageObject\",\"inLanguage\":\"en-US\",\"@id\":\"https:\\\/\\\/www.rmcr.org\\\/en\\\/#\\\/schema\\\/logo\\\/image\\\/\",\"url\":\"https:\\\/\\\/www.rmcr.org\\\/wp-content\\\/uploads\\\/2022\\\/07\\\/logo-rmr-blue.svg\",\"contentUrl\":\"https:\\\/\\\/www.rmcr.org\\\/wp-content\\\/uploads\\\/2022\\\/07\\\/logo-rmr-blue.svg\",\"width\":131,\"height\":129,\"caption\":\"Real Maestranza de Caballer\u00eda de Ronda\"},\"image\":{\"@id\":\"https:\\\/\\\/www.rmcr.org\\\/en\\\/#\\\/schema\\\/logo\\\/image\\\/\"},\"sameAs\":[\"https:\\\/\\\/www.facebook.com\\\/plazadetorosronda\",\"https:\\\/\\\/x.com\\\/PlazatorosRMR\",\"https:\\\/\\\/www.instagram.com\\\/realmaestranzaderonda\\\/\",\"https:\\\/\\\/www.youtube.com\\\/channel\\\/UCrbO5IUN-8v_QML739vM4zg\\\/videos\"]},{\"@type\":\"Person\",\"@id\":\"https:\\\/\\\/www.rmcr.org\\\/en\\\/#\\\/schema\\\/person\\\/eaba3818c6c615cf6cc53c6ca58138ff\",\"name\":\"ESCUELA\",\"image\":{\"@type\":\"ImageObject\",\"inLanguage\":\"en-US\",\"@id\":\"https:\\\/\\\/www.rmcr.org\\\/wp-content\\\/uploads\\\/2022\\\/11\\\/avatar-rmcr-96x96.png\",\"url\":\"https:\\\/\\\/www.rmcr.org\\\/wp-content\\\/uploads\\\/2022\\\/11\\\/avatar-rmcr-96x96.png\",\"contentUrl\":\"https:\\\/\\\/www.rmcr.org\\\/wp-content\\\/uploads\\\/2022\\\/11\\\/avatar-rmcr-96x96.png\",\"caption\":\"ESCUELA\"},\"url\":\"https:\\\/\\\/www.rmcr.org\\\/en\\\/author\\\/rocio-hidalgo\\\/\"}]}<\/script>\n<!-- \/ Yoast SEO plugin. -->","yoast_head_json":{"title":"La Escuela de Equitaci\u00f3n participa en el CDT MonteMarina de Marbella","description":"La Escuela de Equitaci\u00f3n de la Real Maestranza particip\u00f3 en el CDT MonteMarina de Marbella, con varios podios y alumnos de Ocio Deportivo.","robots":{"index":"index","follow":"follow","max-snippet":"max-snippet:-1","max-image-preview":"max-image-preview:large","max-video-preview":"max-video-preview:-1"},"canonical":"https:\/\/www.rmcr.org\/en\/2026\/04\/27\/escuela-equitacion-real-maestranza-cdt-montemarina\/","og_locale":"en_US","og_type":"article","og_title":"La Escuela de Equitaci\u00f3n participa en el CDT MonteMarina de Marbella","og_description":"La Escuela de Equitaci\u00f3n de la Real Maestranza particip\u00f3 en el CDT MonteMarina de Marbella, con varios podios y alumnos de Ocio Deportivo.","og_url":"https:\/\/www.rmcr.org\/en\/2026\/04\/27\/escuela-equitacion-real-maestranza-cdt-montemarina\/","og_site_name":"Real Maestranza de Caballer\u00eda de Ronda","article_publisher":"https:\/\/www.facebook.com\/plazadetorosronda","article_published_time":"2026-04-27T11:59:15+00:00","article_modified_time":"2026-04-28T10:22:40+00:00","og_image":[{"width":945,"height":340,"url":"https:\/\/www.rmcr.org\/wp-content\/uploads\/2026\/04\/Portada_Escuela_Marbella.png","type":"image\/png"}],"author":"ESCUELA","twitter_card":"summary_large_image","twitter_creator":"@PlazatorosRMR","twitter_site":"@PlazatorosRMR","twitter_misc":{"Written by":"ESCUELA","Est. reading time":"2 minutes"},"schema":{"@context":"https:\/\/schema.org","@graph":[{"@type":"Article","@id":"https:\/\/www.rmcr.org\/en\/2026\/04\/27\/escuela-equitacion-real-maestranza-cdt-montemarina\/#article","isPartOf":{"@id":"https:\/\/www.rmcr.org\/en\/2026\/04\/27\/escuela-equitacion-real-maestranza-cdt-montemarina\/"},"author":{"name":"ESCUELA","@id":"https:\/\/www.rmcr.org\/en\/#\/schema\/person\/eaba3818c6c615cf6cc53c6ca58138ff"},"headline":"La Escuela de Equitaci\u00f3n de la Real Maestranza participa en el CDT MonteMarina de Marbella","datePublished":"2026-04-27T11:59:15+00:00","dateModified":"2026-04-28T10:22:40+00:00","mainEntityOfPage":{"@id":"https:\/\/www.rmcr.org\/en\/2026\/04\/27\/escuela-equitacion-real-maestranza-cdt-montemarina\/"},"wordCount":364,"publisher":{"@id":"https:\/\/www.rmcr.org\/en\/#organization"},"image":{"@id":"https:\/\/www.rmcr.org\/en\/2026\/04\/27\/escuela-equitacion-real-maestranza-cdt-montemarina\/#primaryimage"},"thumbnailUrl":"https:\/\/www.rmcr.org\/wp-content\/uploads\/2026\/04\/Portada_Escuela_Marbella.png","keywords":["CDT MonteMarina de Marbella","Centro de Formaci\u00f3n","Ense\u00f1anza","Equitaci\u00f3n","Escuela de equitaci\u00f3n","Escuela de Equitaci\u00f3n RMCR","Real Maestranza de Caballer\u00eda de Ronda"],"articleSection":["Concursos","Cursos de Formaci\u00f3n","Escuela de Equitaci\u00f3n","Jinete Profesor"],"inLanguage":"en-US"},{"@type":"WebPage","@id":"https:\/\/www.rmcr.org\/en\/2026\/04\/27\/escuela-equitacion-real-maestranza-cdt-montemarina\/","url":"https:\/\/www.rmcr.org\/en\/2026\/04\/27\/escuela-equitacion-real-maestranza-cdt-montemarina\/","name":"La Escuela de Equitaci\u00f3n participa en el CDT MonteMarina de Marbella","isPartOf":{"@id":"https:\/\/www.rmcr.org\/en\/#website"},"primaryImageOfPage":{"@id":"https:\/\/www.rmcr.org\/en\/2026\/04\/27\/escuela-equitacion-real-maestranza-cdt-montemarina\/#primaryimage"},"image":{"@id":"https:\/\/www.rmcr.org\/en\/2026\/04\/27\/escuela-equitacion-real-maestranza-cdt-montemarina\/#primaryimage"},"thumbnailUrl":"https:\/\/www.rmcr.org\/wp-content\/uploads\/2026\/04\/Portada_Escuela_Marbella.png","datePublished":"2026-04-27T11:59:15+00:00","dateModified":"2026-04-28T10:22:40+00:00","description":"La Escuela de Equitaci\u00f3n de la Real Maestranza particip\u00f3 en el CDT MonteMarina de Marbella, con varios podios y alumnos de Ocio Deportivo.","breadcrumb":{"@id":"https:\/\/www.rmcr.org\/en\/2026\/04\/27\/escuela-equitacion-real-maestranza-cdt-montemarina\/#breadcrumb"},"inLanguage":"en-US","potentialAction":[{"@type":"ReadAction","target":["https:\/\/www.rmcr.org\/en\/2026\/04\/27\/escuela-equitacion-real-maestranza-cdt-montemarina\/"]}]},{"@type":"ImageObject","inLanguage":"en-US","@id":"https:\/\/www.rmcr.org\/en\/2026\/04\/27\/escuela-equitacion-real-maestranza-cdt-montemarina\/#primaryimage","url":"https:\/\/www.rmcr.org\/wp-content\/uploads\/2026\/04\/Portada_Escuela_Marbella.png","contentUrl":"https:\/\/www.rmcr.org\/wp-content\/uploads\/2026\/04\/Portada_Escuela_Marbella.png","width":945,"height":340},{"@type":"BreadcrumbList","@id":"https:\/\/www.rmcr.org\/en\/2026\/04\/27\/escuela-equitacion-real-maestranza-cdt-montemarina\/#breadcrumb","itemListElement":[{"@type":"ListItem","position":1,"name":"REAL MAESTRANZA DE CABALLER\u00cdA DE RONDA","item":"https:\/\/www.rmcr.org\/en\/"},{"@type":"ListItem","position":2,"name":"La Escuela de Equitaci\u00f3n de la Real Maestranza participa en el CDT MonteMarina de Marbella"}]},{"@type":"WebSite","@id":"https:\/\/www.rmcr.org\/en\/#website","url":"https:\/\/www.rmcr.org\/en\/","name":"Real Maestranza de Caballer\u00eda de Ronda","description":"Real Maestranza de Caballer\u00eda de Ronda","publisher":{"@id":"https:\/\/www.rmcr.org\/en\/#organization"},"alternateName":"RMCR","potentialAction":[{"@type":"SearchAction","target":{"@type":"EntryPoint","urlTemplate":"https:\/\/www.rmcr.org\/en\/?s={search_term_string}"},"query-input":{"@type":"PropertyValueSpecification","valueRequired":true,"valueName":"search_term_string"}}],"inLanguage":"en-US"},{"@type":"Organization","@id":"https:\/\/www.rmcr.org\/en\/#organization","name":"Real Maestranza de Caballer\u00eda de Ronda","alternateName":"RMR","url":"https:\/\/www.rmcr.org\/en\/","logo":{"@type":"ImageObject","inLanguage":"en-US","@id":"https:\/\/www.rmcr.org\/en\/#\/schema\/logo\/image\/","url":"https:\/\/www.rmcr.org\/wp-content\/uploads\/2022\/07\/logo-rmr-blue.svg","contentUrl":"https:\/\/www.rmcr.org\/wp-content\/uploads\/2022\/07\/logo-rmr-blue.svg","width":131,"height":129,"caption":"Real Maestranza de Caballer\u00eda de Ronda"},"image":{"@id":"https:\/\/www.rmcr.org\/en\/#\/schema\/logo\/image\/"},"sameAs":["https:\/\/www.facebook.com\/plazadetorosronda","https:\/\/x.com\/PlazatorosRMR","https:\/\/www.instagram.com\/realmaestranzaderonda\/","https:\/\/www.youtube.com\/channel\/UCrbO5IUN-8v_QML739vM4zg\/videos"]},{"@type":"Person","@id":"https:\/\/www.rmcr.org\/en\/#\/schema\/person\/eaba3818c6c615cf6cc53c6ca58138ff","name":"ESCUELA","image":{"@type":"ImageObject","inLanguage":"en-US","@id":"https:\/\/www.rmcr.org\/wp-content\/uploads\/2022\/11\/avatar-rmcr-96x96.png","url":"https:\/\/www.rmcr.org\/wp-content\/uploads\/2022\/11\/avatar-rmcr-96x96.png","contentUrl":"https:\/\/www.rmcr.org\/wp-content\/uploads\/2022\/11\/avatar-rmcr-96x96.png","caption":"ESCUELA"},"url":"https:\/\/www.rmcr.org\/en\/author\/rocio-hidalgo\/"}]}},"_links":{"self":[{"href":"https:\/\/www.rmcr.org\/en\/wp-json\/wp\/v2\/posts\/24263","targetHints":{"allow":["GET"]}}],"collection":[{"href":"https:\/\/www.rmcr.org\/en\/wp-json\/wp\/v2\/posts"}],"about":[{"href":"https:\/\/www.rmcr.org\/en\/wp-json\/wp\/v2\/types\/post"}],"author":[{"embeddable":true,"href":"https:\/\/www.rmcr.org\/en\/wp-json\/wp\/v2\/users\/11"}],"replies":[{"embeddable":true,"href":"https:\/\/www.rmcr.org\/en\/wp-json\/wp\/v2\/comments?post=24263"}],"version-history":[{"count":1,"href":"https:\/\/www.rmcr.org\/en\/wp-json\/wp\/v2\/posts\/24263\/revisions"}],"predecessor-version":[{"id":24268,"href":"https:\/\/www.rmcr.org\/en\/wp-json\/wp\/v2\/posts\/24263\/revisions\/24268"}],"wp:featuredmedia":[{"embeddable":true,"href":"https:\/\/www.rmcr.org\/en\/wp-json\/wp\/v2\/media\/24264"}],"wp:attachment":[{"href":"https:\/\/www.rmcr.org\/en\/wp-json\/wp\/v2\/media?parent=24263"}],"wp:term":[{"taxonomy":"category","embeddable":true,"href":"https:\/\/www.rmcr.org\/en\/wp-json\/wp\/v2\/categories?post=24263"},{"taxonomy":"post_tag","embeddable":true,"href":"https:\/\/www.rmcr.org\/en\/wp-json\/wp\/v2\/tags?post=24263"}],"curies":[{"name":"wp","href":"https:\/\/api.w.org\/{rel}","templated":true}]}}