{"id":24253,"date":"2026-04-24T11:54:04","date_gmt":"2026-04-24T11:54:04","guid":{"rendered":"https:\/\/www.rmcr.org\/?p=24253"},"modified":"2026-04-24T12:01:54","modified_gmt":"2026-04-24T12:01:54","slug":"rafael-moneo-visita-obras-consolidacion-plaza-toros-ronda","status":"publish","type":"post","link":"https:\/\/www.rmcr.org\/en\/2026\/04\/24\/rafael-moneo-visita-obras-consolidacion-plaza-toros-ronda\/","title":{"rendered":"Visita de Rafael Moneo a las obras de consolidaci\u00f3n estructural de la Plaza de Toros de Ronda"},"content":{"rendered":"<p class=\"p1\">Los trabajos de conservaci\u00f3n y mejora de la <a href=\"https:\/\/www.rmcr.org\/inicio\/\">Plaza de Toros de Ronda<\/a> contin\u00faan avanzando conforme a la planificaci\u00f3n prevista dentro del proyecto de intervenci\u00f3n sobre el conjunto monumental, declarado Bien de Inter\u00e9s Cultural (BIC).<\/p>\n<p class=\"p1\">La Real Maestranza de Caballer\u00eda de Ronda mantiene una supervisi\u00f3n directa y continuada de la obra con el equipo redactor del proyecto, encabezado por el arquitecto <a href=\"https:\/\/www.arocaarquitectos.com\/\">Ricardo Aroca<\/a>, junto a <a href=\"https:\/\/www.sergiovaladez.com\/\">Sergio Valadez<\/a>. Este seguimiento se orienta a garantizar el cumplimiento de los criterios t\u00e9cnicos, patrimoniales y de seguridad fijados desde el inicio de la intervenci\u00f3n.<\/p>\n<p class=\"p1\">En este contexto, la Plaza de Toros ha recibido la visita del arquitecto <a href=\"https:\/\/rafaelmoneo.com\/\">Rafael Moneo<\/a>, una de las referencias de la arquitectura contempor\u00e1nea, quien ha podido conocer de primera mano el estado actual de la obra y las soluciones t\u00e9cnicas adoptadas para la consolidaci\u00f3n estructural del edificio.<\/p>\n<p class=\"p1\">Durante el recorrido, Rafael Moneo valor\u00f3 positivamente la intervenci\u00f3n en curso y destac\u00f3 la adecuaci\u00f3n de la soluci\u00f3n planteada. En sus palabras, \u00abla Plaza no notar\u00e1 ning\u00fan cambio\u00bb y la propuesta dise\u00f1ada por Ricardo Aroca \u00able dar\u00e1 vida por otros centenares de a\u00f1os\u00bb.<\/p>\n<p><a href=\"https:\/\/www.instagram.com\/reels\/DXg1NIqorCd\/\"><img fetchpriority=\"high\" decoding=\"async\" class=\"aligncenter wp-image-24256 size-full\" src=\"https:\/\/www.rmcr.org\/wp-content\/uploads\/2026\/04\/A749976-scaled.jpg\" alt=\"\" width=\"2560\" height=\"1707\" srcset=\"https:\/\/www.rmcr.org\/wp-content\/uploads\/2026\/04\/A749976-scaled.jpg 2560w, https:\/\/www.rmcr.org\/wp-content\/uploads\/2026\/04\/A749976-300x200.jpg 300w, https:\/\/www.rmcr.org\/wp-content\/uploads\/2026\/04\/A749976-1024x683.jpg 1024w, https:\/\/www.rmcr.org\/wp-content\/uploads\/2026\/04\/A749976-768x512.jpg 768w, https:\/\/www.rmcr.org\/wp-content\/uploads\/2026\/04\/A749976-1536x1024.jpg 1536w, https:\/\/www.rmcr.org\/wp-content\/uploads\/2026\/04\/A749976-2048x1365.jpg 2048w\" sizes=\"(max-width: 2560px) 100vw, 2560px\" \/><\/a><\/p>\n<p style=\"text-align: center;\"><em>Los arquitectos Rafael Moneo y Ricardo Aroca visitando la obra de consolidaci\u00f3n de la Plaza de Toros de la Real Maestranza de Caballer\u00eda de Ronda. \u00a9 Fotograf\u00eda: Jos\u00e9 Luis Barea<\/em><\/p>\n<p class=\"p1\">En la visita estuvieron presentes Ignacio Herrera de La Muela, director general de la Real Maestranza de Caballer\u00eda de Ronda; Ricardo Aroca, autor del proyecto; Sergio Valadez; Mar\u00eda Santos de <a href=\"https:\/\/fernandezmolina.com\/\">Fern\u00e1ndez Molina<\/a>, as\u00ed como otros miembros del equipo t\u00e9cnico vinculado a la intervenci\u00f3n.<\/p>\n<p class=\"p1\">En la actualidad, se ejecutan de forma progresiva las labores necesarias para asegurar la estabilidad y el correcto funcionamiento del conjunto arquitect\u00f3nico. El proyecto, dirigido por Ricardo Aroca, aplica soluciones t\u00e9cnicas adaptadas a la geometr\u00eda del edificio. Cada una de las secciones en ejecuci\u00f3n ha sido dise\u00f1ada e instalada de manera individualizada, ajust\u00e1ndose a la configuraci\u00f3n espec\u00edfica de cada columna y de cada arco. Este planteamiento permite integrar con precisi\u00f3n los nuevos elementos en la estructura hist\u00f3rica sin alterar su lectura patrimonial.<\/p>\n<p class=\"p1\">La intervenci\u00f3n tiene como objetivo asegurar la estabilidad estructural y funcional de la Plaza de Toros de Ronda a largo plazo, manteniendo sus valores patrimoniales y su singularidad como monumento hist\u00f3rico.<\/p>\n<p>Puedes ver el <em>reels<\/em> de <a href=\"https:\/\/www.instagram.com\/realmaestranzaderonda\/\">Instagram<\/a> pulsando en el link: <a href=\"https:\/\/www.instagram.com\/reels\/DXg1NIqorCd\/\">https:\/\/www.instagram.com\/reels\/DXg1NIqorCd\/<\/a><\/p>\n","protected":false},"excerpt":{"rendered":"<p>\u00abRafael Moneo ha visitado las obras de consolidaci\u00f3n estructural de la Plaza de Toros de Ronda y ha conocido de primera mano el avance de la intervenci\u00f3n dirigida por Ricardo Aroca. Durante el recorrido, valor\u00f3 de forma positiva la soluci\u00f3n adoptada y destac\u00f3 su integraci\u00f3n en el conjunto monumental y su proyecci\u00f3n a largo plazo\u00bb<\/p>\n","protected":false},"author":5,"featured_media":24254,"comment_status":"open","ping_status":"open","sticky":false,"template":"","format":"standard","meta":{"footnotes":""},"categories":[280,282,277,36],"tags":[233,751,259,315,851,98,789],"class_list":["post-24253","post","type-post","status-publish","format-standard","has-post-thumbnail","hentry","category-arquitectura","category-conservacion","category-plaza-de-toros","category-plaza-museo","tag-arquitectura","tag-conservacion","tag-patrimonio","tag-plaza-de-toros-de-ronda","tag-rafael-moneo","tag-real-maestranza-de-caballeria-de-ronda","tag-ricardo-aroca"],"yoast_head":"<!-- This site is optimized with the Yoast SEO plugin v27.5 - https:\/\/yoast.com\/product\/yoast-seo-wordpress\/ -->\n<title>Rafael Moneo visita las obras de consolidaci\u00f3n de la Plaza de Toros<\/title>\n<meta name=\"description\" content=\"Rafael Moneo visita las obras de consolidaci\u00f3n estructural de la Plaza de Toros de Ronda y valora la soluci\u00f3n adoptada dentro del proyecto dirigido por Ricardo Aroca.\" \/>\n<meta name=\"robots\" content=\"index, follow, max-snippet:-1, max-image-preview:large, max-video-preview:-1\" \/>\n<link rel=\"canonical\" href=\"https:\/\/www.rmcr.org\/en\/2026\/04\/24\/rafael-moneo-visita-obras-consolidacion-plaza-toros-ronda\/\" \/>\n<meta property=\"og:locale\" content=\"en_US\" \/>\n<meta property=\"og:type\" content=\"article\" \/>\n<meta property=\"og:title\" content=\"Rafael Moneo visita las obras de consolidaci\u00f3n de la Plaza de Toros\" \/>\n<meta property=\"og:description\" content=\"Rafael Moneo visita las obras de consolidaci\u00f3n estructural de la Plaza de Toros de Ronda y valora la soluci\u00f3n adoptada dentro del proyecto dirigido por Ricardo Aroca.\" \/>\n<meta property=\"og:url\" content=\"https:\/\/www.rmcr.org\/en\/2026\/04\/24\/rafael-moneo-visita-obras-consolidacion-plaza-toros-ronda\/\" \/>\n<meta property=\"og:site_name\" content=\"Real Maestranza de Caballer\u00eda de Ronda\" \/>\n<meta property=\"article:publisher\" content=\"https:\/\/www.facebook.com\/plazadetorosronda\" \/>\n<meta property=\"article:published_time\" content=\"2026-04-24T11:54:04+00:00\" \/>\n<meta property=\"article:modified_time\" content=\"2026-04-24T12:01:54+00:00\" \/>\n<meta property=\"og:image\" content=\"https:\/\/www.rmcr.org\/wp-content\/uploads\/2026\/04\/Portada_Moneo.png\" \/>\n\t<meta property=\"og:image:width\" content=\"945\" \/>\n\t<meta property=\"og:image:height\" content=\"340\" \/>\n\t<meta property=\"og:image:type\" content=\"image\/png\" \/>\n<meta name=\"author\" content=\"MUSEO\" \/>\n<meta name=\"twitter:card\" content=\"summary_large_image\" \/>\n<meta name=\"twitter:creator\" content=\"@PlazatorosRMR\" \/>\n<meta name=\"twitter:site\" content=\"@PlazatorosRMR\" \/>\n<meta name=\"twitter:label1\" content=\"Written by\" \/>\n\t<meta name=\"twitter:data1\" content=\"MUSEO\" \/>\n\t<meta name=\"twitter:label2\" content=\"Est. reading time\" \/>\n\t<meta name=\"twitter:data2\" content=\"3 minutes\" \/>\n<script type=\"application\/ld+json\" class=\"yoast-schema-graph\">{\"@context\":\"https:\\\/\\\/schema.org\",\"@graph\":[{\"@type\":\"Article\",\"@id\":\"https:\\\/\\\/www.rmcr.org\\\/en\\\/2026\\\/04\\\/24\\\/rafael-moneo-visita-obras-consolidacion-plaza-toros-ronda\\\/#article\",\"isPartOf\":{\"@id\":\"https:\\\/\\\/www.rmcr.org\\\/en\\\/2026\\\/04\\\/24\\\/rafael-moneo-visita-obras-consolidacion-plaza-toros-ronda\\\/\"},\"author\":{\"name\":\"MUSEO\",\"@id\":\"https:\\\/\\\/www.rmcr.org\\\/en\\\/#\\\/schema\\\/person\\\/6e5eb50e802ff5f1419c0fea9935ae36\"},\"headline\":\"Visita de Rafael Moneo a las obras de consolidaci\u00f3n estructural de la Plaza de Toros de Ronda\",\"datePublished\":\"2026-04-24T11:54:04+00:00\",\"dateModified\":\"2026-04-24T12:01:54+00:00\",\"mainEntityOfPage\":{\"@id\":\"https:\\\/\\\/www.rmcr.org\\\/en\\\/2026\\\/04\\\/24\\\/rafael-moneo-visita-obras-consolidacion-plaza-toros-ronda\\\/\"},\"wordCount\":438,\"commentCount\":0,\"publisher\":{\"@id\":\"https:\\\/\\\/www.rmcr.org\\\/en\\\/#organization\"},\"image\":{\"@id\":\"https:\\\/\\\/www.rmcr.org\\\/en\\\/2026\\\/04\\\/24\\\/rafael-moneo-visita-obras-consolidacion-plaza-toros-ronda\\\/#primaryimage\"},\"thumbnailUrl\":\"https:\\\/\\\/www.rmcr.org\\\/wp-content\\\/uploads\\\/2026\\\/04\\\/Portada_Moneo.png\",\"keywords\":[\"Arquitectura\",\"Conservaci\u00f3n\",\"Patrimonio\",\"Plaza de Toros de Ronda\",\"Rafael Moneo\",\"Real Maestranza de Caballer\u00eda de Ronda\",\"Ricardo Aroca\"],\"articleSection\":[\"Arquitectura\",\"Conservaci\u00f3n\",\"Plaza de Toros\",\"Plaza y Museo\"],\"inLanguage\":\"en-US\",\"potentialAction\":[{\"@type\":\"CommentAction\",\"name\":\"Comment\",\"target\":[\"https:\\\/\\\/www.rmcr.org\\\/en\\\/2026\\\/04\\\/24\\\/rafael-moneo-visita-obras-consolidacion-plaza-toros-ronda\\\/#respond\"]}]},{\"@type\":\"WebPage\",\"@id\":\"https:\\\/\\\/www.rmcr.org\\\/en\\\/2026\\\/04\\\/24\\\/rafael-moneo-visita-obras-consolidacion-plaza-toros-ronda\\\/\",\"url\":\"https:\\\/\\\/www.rmcr.org\\\/en\\\/2026\\\/04\\\/24\\\/rafael-moneo-visita-obras-consolidacion-plaza-toros-ronda\\\/\",\"name\":\"Rafael Moneo visita las obras de consolidaci\u00f3n de la Plaza de Toros\",\"isPartOf\":{\"@id\":\"https:\\\/\\\/www.rmcr.org\\\/en\\\/#website\"},\"primaryImageOfPage\":{\"@id\":\"https:\\\/\\\/www.rmcr.org\\\/en\\\/2026\\\/04\\\/24\\\/rafael-moneo-visita-obras-consolidacion-plaza-toros-ronda\\\/#primaryimage\"},\"image\":{\"@id\":\"https:\\\/\\\/www.rmcr.org\\\/en\\\/2026\\\/04\\\/24\\\/rafael-moneo-visita-obras-consolidacion-plaza-toros-ronda\\\/#primaryimage\"},\"thumbnailUrl\":\"https:\\\/\\\/www.rmcr.org\\\/wp-content\\\/uploads\\\/2026\\\/04\\\/Portada_Moneo.png\",\"datePublished\":\"2026-04-24T11:54:04+00:00\",\"dateModified\":\"2026-04-24T12:01:54+00:00\",\"description\":\"Rafael Moneo visita las obras de consolidaci\u00f3n estructural de la Plaza de Toros de Ronda y valora la soluci\u00f3n adoptada dentro del proyecto dirigido por Ricardo Aroca.\",\"breadcrumb\":{\"@id\":\"https:\\\/\\\/www.rmcr.org\\\/en\\\/2026\\\/04\\\/24\\\/rafael-moneo-visita-obras-consolidacion-plaza-toros-ronda\\\/#breadcrumb\"},\"inLanguage\":\"en-US\",\"potentialAction\":[{\"@type\":\"ReadAction\",\"target\":[\"https:\\\/\\\/www.rmcr.org\\\/en\\\/2026\\\/04\\\/24\\\/rafael-moneo-visita-obras-consolidacion-plaza-toros-ronda\\\/\"]}]},{\"@type\":\"ImageObject\",\"inLanguage\":\"en-US\",\"@id\":\"https:\\\/\\\/www.rmcr.org\\\/en\\\/2026\\\/04\\\/24\\\/rafael-moneo-visita-obras-consolidacion-plaza-toros-ronda\\\/#primaryimage\",\"url\":\"https:\\\/\\\/www.rmcr.org\\\/wp-content\\\/uploads\\\/2026\\\/04\\\/Portada_Moneo.png\",\"contentUrl\":\"https:\\\/\\\/www.rmcr.org\\\/wp-content\\\/uploads\\\/2026\\\/04\\\/Portada_Moneo.png\",\"width\":945,\"height\":340},{\"@type\":\"BreadcrumbList\",\"@id\":\"https:\\\/\\\/www.rmcr.org\\\/en\\\/2026\\\/04\\\/24\\\/rafael-moneo-visita-obras-consolidacion-plaza-toros-ronda\\\/#breadcrumb\",\"itemListElement\":[{\"@type\":\"ListItem\",\"position\":1,\"name\":\"REAL MAESTRANZA DE CABALLER\u00cdA DE RONDA\",\"item\":\"https:\\\/\\\/www.rmcr.org\\\/en\\\/\"},{\"@type\":\"ListItem\",\"position\":2,\"name\":\"Visita de Rafael Moneo a las obras de consolidaci\u00f3n estructural de la Plaza de Toros de Ronda\"}]},{\"@type\":\"WebSite\",\"@id\":\"https:\\\/\\\/www.rmcr.org\\\/en\\\/#website\",\"url\":\"https:\\\/\\\/www.rmcr.org\\\/en\\\/\",\"name\":\"Real Maestranza de Caballer\u00eda de Ronda\",\"description\":\"Real Maestranza de Caballer\u00eda de Ronda\",\"publisher\":{\"@id\":\"https:\\\/\\\/www.rmcr.org\\\/en\\\/#organization\"},\"alternateName\":\"RMCR\",\"potentialAction\":[{\"@type\":\"SearchAction\",\"target\":{\"@type\":\"EntryPoint\",\"urlTemplate\":\"https:\\\/\\\/www.rmcr.org\\\/en\\\/?s={search_term_string}\"},\"query-input\":{\"@type\":\"PropertyValueSpecification\",\"valueRequired\":true,\"valueName\":\"search_term_string\"}}],\"inLanguage\":\"en-US\"},{\"@type\":\"Organization\",\"@id\":\"https:\\\/\\\/www.rmcr.org\\\/en\\\/#organization\",\"name\":\"Real Maestranza de Caballer\u00eda de Ronda\",\"alternateName\":\"RMR\",\"url\":\"https:\\\/\\\/www.rmcr.org\\\/en\\\/\",\"logo\":{\"@type\":\"ImageObject\",\"inLanguage\":\"en-US\",\"@id\":\"https:\\\/\\\/www.rmcr.org\\\/en\\\/#\\\/schema\\\/logo\\\/image\\\/\",\"url\":\"https:\\\/\\\/www.rmcr.org\\\/wp-content\\\/uploads\\\/2022\\\/07\\\/logo-rmr-blue.svg\",\"contentUrl\":\"https:\\\/\\\/www.rmcr.org\\\/wp-content\\\/uploads\\\/2022\\\/07\\\/logo-rmr-blue.svg\",\"width\":131,\"height\":129,\"caption\":\"Real Maestranza de Caballer\u00eda de Ronda\"},\"image\":{\"@id\":\"https:\\\/\\\/www.rmcr.org\\\/en\\\/#\\\/schema\\\/logo\\\/image\\\/\"},\"sameAs\":[\"https:\\\/\\\/www.facebook.com\\\/plazadetorosronda\",\"https:\\\/\\\/x.com\\\/PlazatorosRMR\",\"https:\\\/\\\/www.instagram.com\\\/realmaestranzaderonda\\\/\",\"https:\\\/\\\/www.youtube.com\\\/channel\\\/UCrbO5IUN-8v_QML739vM4zg\\\/videos\"]},{\"@type\":\"Person\",\"@id\":\"https:\\\/\\\/www.rmcr.org\\\/en\\\/#\\\/schema\\\/person\\\/6e5eb50e802ff5f1419c0fea9935ae36\",\"name\":\"MUSEO\",\"image\":{\"@type\":\"ImageObject\",\"inLanguage\":\"en-US\",\"@id\":\"https:\\\/\\\/www.rmcr.org\\\/wp-content\\\/uploads\\\/2022\\\/11\\\/avatar-rmcr-96x96.png\",\"url\":\"https:\\\/\\\/www.rmcr.org\\\/wp-content\\\/uploads\\\/2022\\\/11\\\/avatar-rmcr-96x96.png\",\"contentUrl\":\"https:\\\/\\\/www.rmcr.org\\\/wp-content\\\/uploads\\\/2022\\\/11\\\/avatar-rmcr-96x96.png\",\"caption\":\"MUSEO\"},\"url\":\"https:\\\/\\\/www.rmcr.org\\\/en\\\/author\\\/miguel-angel-sanchez\\\/\"}]}<\/script>\n<!-- \/ Yoast SEO plugin. -->","yoast_head_json":{"title":"Rafael Moneo visita las obras de consolidaci\u00f3n de la Plaza de Toros","description":"Rafael Moneo visita las obras de consolidaci\u00f3n estructural de la Plaza de Toros de Ronda y valora la soluci\u00f3n adoptada dentro del proyecto dirigido por Ricardo Aroca.","robots":{"index":"index","follow":"follow","max-snippet":"max-snippet:-1","max-image-preview":"max-image-preview:large","max-video-preview":"max-video-preview:-1"},"canonical":"https:\/\/www.rmcr.org\/en\/2026\/04\/24\/rafael-moneo-visita-obras-consolidacion-plaza-toros-ronda\/","og_locale":"en_US","og_type":"article","og_title":"Rafael Moneo visita las obras de consolidaci\u00f3n de la Plaza de Toros","og_description":"Rafael Moneo visita las obras de consolidaci\u00f3n estructural de la Plaza de Toros de Ronda y valora la soluci\u00f3n adoptada dentro del proyecto dirigido por Ricardo Aroca.","og_url":"https:\/\/www.rmcr.org\/en\/2026\/04\/24\/rafael-moneo-visita-obras-consolidacion-plaza-toros-ronda\/","og_site_name":"Real Maestranza de Caballer\u00eda de Ronda","article_publisher":"https:\/\/www.facebook.com\/plazadetorosronda","article_published_time":"2026-04-24T11:54:04+00:00","article_modified_time":"2026-04-24T12:01:54+00:00","og_image":[{"width":945,"height":340,"url":"https:\/\/www.rmcr.org\/wp-content\/uploads\/2026\/04\/Portada_Moneo.png","type":"image\/png"}],"author":"MUSEO","twitter_card":"summary_large_image","twitter_creator":"@PlazatorosRMR","twitter_site":"@PlazatorosRMR","twitter_misc":{"Written by":"MUSEO","Est. reading time":"3 minutes"},"schema":{"@context":"https:\/\/schema.org","@graph":[{"@type":"Article","@id":"https:\/\/www.rmcr.org\/en\/2026\/04\/24\/rafael-moneo-visita-obras-consolidacion-plaza-toros-ronda\/#article","isPartOf":{"@id":"https:\/\/www.rmcr.org\/en\/2026\/04\/24\/rafael-moneo-visita-obras-consolidacion-plaza-toros-ronda\/"},"author":{"name":"MUSEO","@id":"https:\/\/www.rmcr.org\/en\/#\/schema\/person\/6e5eb50e802ff5f1419c0fea9935ae36"},"headline":"Visita de Rafael Moneo a las obras de consolidaci\u00f3n estructural de la Plaza de Toros de Ronda","datePublished":"2026-04-24T11:54:04+00:00","dateModified":"2026-04-24T12:01:54+00:00","mainEntityOfPage":{"@id":"https:\/\/www.rmcr.org\/en\/2026\/04\/24\/rafael-moneo-visita-obras-consolidacion-plaza-toros-ronda\/"},"wordCount":438,"commentCount":0,"publisher":{"@id":"https:\/\/www.rmcr.org\/en\/#organization"},"image":{"@id":"https:\/\/www.rmcr.org\/en\/2026\/04\/24\/rafael-moneo-visita-obras-consolidacion-plaza-toros-ronda\/#primaryimage"},"thumbnailUrl":"https:\/\/www.rmcr.org\/wp-content\/uploads\/2026\/04\/Portada_Moneo.png","keywords":["Arquitectura","Conservaci\u00f3n","Patrimonio","Plaza de Toros de Ronda","Rafael Moneo","Real Maestranza de Caballer\u00eda de Ronda","Ricardo Aroca"],"articleSection":["Arquitectura","Conservaci\u00f3n","Plaza de Toros","Plaza y Museo"],"inLanguage":"en-US","potentialAction":[{"@type":"CommentAction","name":"Comment","target":["https:\/\/www.rmcr.org\/en\/2026\/04\/24\/rafael-moneo-visita-obras-consolidacion-plaza-toros-ronda\/#respond"]}]},{"@type":"WebPage","@id":"https:\/\/www.rmcr.org\/en\/2026\/04\/24\/rafael-moneo-visita-obras-consolidacion-plaza-toros-ronda\/","url":"https:\/\/www.rmcr.org\/en\/2026\/04\/24\/rafael-moneo-visita-obras-consolidacion-plaza-toros-ronda\/","name":"Rafael Moneo visita las obras de consolidaci\u00f3n de la Plaza de Toros","isPartOf":{"@id":"https:\/\/www.rmcr.org\/en\/#website"},"primaryImageOfPage":{"@id":"https:\/\/www.rmcr.org\/en\/2026\/04\/24\/rafael-moneo-visita-obras-consolidacion-plaza-toros-ronda\/#primaryimage"},"image":{"@id":"https:\/\/www.rmcr.org\/en\/2026\/04\/24\/rafael-moneo-visita-obras-consolidacion-plaza-toros-ronda\/#primaryimage"},"thumbnailUrl":"https:\/\/www.rmcr.org\/wp-content\/uploads\/2026\/04\/Portada_Moneo.png","datePublished":"2026-04-24T11:54:04+00:00","dateModified":"2026-04-24T12:01:54+00:00","description":"Rafael Moneo visita las obras de consolidaci\u00f3n estructural de la Plaza de Toros de Ronda y valora la soluci\u00f3n adoptada dentro del proyecto dirigido por Ricardo Aroca.","breadcrumb":{"@id":"https:\/\/www.rmcr.org\/en\/2026\/04\/24\/rafael-moneo-visita-obras-consolidacion-plaza-toros-ronda\/#breadcrumb"},"inLanguage":"en-US","potentialAction":[{"@type":"ReadAction","target":["https:\/\/www.rmcr.org\/en\/2026\/04\/24\/rafael-moneo-visita-obras-consolidacion-plaza-toros-ronda\/"]}]},{"@type":"ImageObject","inLanguage":"en-US","@id":"https:\/\/www.rmcr.org\/en\/2026\/04\/24\/rafael-moneo-visita-obras-consolidacion-plaza-toros-ronda\/#primaryimage","url":"https:\/\/www.rmcr.org\/wp-content\/uploads\/2026\/04\/Portada_Moneo.png","contentUrl":"https:\/\/www.rmcr.org\/wp-content\/uploads\/2026\/04\/Portada_Moneo.png","width":945,"height":340},{"@type":"BreadcrumbList","@id":"https:\/\/www.rmcr.org\/en\/2026\/04\/24\/rafael-moneo-visita-obras-consolidacion-plaza-toros-ronda\/#breadcrumb","itemListElement":[{"@type":"ListItem","position":1,"name":"REAL MAESTRANZA DE CABALLER\u00cdA DE RONDA","item":"https:\/\/www.rmcr.org\/en\/"},{"@type":"ListItem","position":2,"name":"Visita de Rafael Moneo a las obras de consolidaci\u00f3n estructural de la Plaza de Toros de Ronda"}]},{"@type":"WebSite","@id":"https:\/\/www.rmcr.org\/en\/#website","url":"https:\/\/www.rmcr.org\/en\/","name":"Real Maestranza de Caballer\u00eda de Ronda","description":"Real Maestranza de Caballer\u00eda de Ronda","publisher":{"@id":"https:\/\/www.rmcr.org\/en\/#organization"},"alternateName":"RMCR","potentialAction":[{"@type":"SearchAction","target":{"@type":"EntryPoint","urlTemplate":"https:\/\/www.rmcr.org\/en\/?s={search_term_string}"},"query-input":{"@type":"PropertyValueSpecification","valueRequired":true,"valueName":"search_term_string"}}],"inLanguage":"en-US"},{"@type":"Organization","@id":"https:\/\/www.rmcr.org\/en\/#organization","name":"Real Maestranza de Caballer\u00eda de Ronda","alternateName":"RMR","url":"https:\/\/www.rmcr.org\/en\/","logo":{"@type":"ImageObject","inLanguage":"en-US","@id":"https:\/\/www.rmcr.org\/en\/#\/schema\/logo\/image\/","url":"https:\/\/www.rmcr.org\/wp-content\/uploads\/2022\/07\/logo-rmr-blue.svg","contentUrl":"https:\/\/www.rmcr.org\/wp-content\/uploads\/2022\/07\/logo-rmr-blue.svg","width":131,"height":129,"caption":"Real Maestranza de Caballer\u00eda de Ronda"},"image":{"@id":"https:\/\/www.rmcr.org\/en\/#\/schema\/logo\/image\/"},"sameAs":["https:\/\/www.facebook.com\/plazadetorosronda","https:\/\/x.com\/PlazatorosRMR","https:\/\/www.instagram.com\/realmaestranzaderonda\/","https:\/\/www.youtube.com\/channel\/UCrbO5IUN-8v_QML739vM4zg\/videos"]},{"@type":"Person","@id":"https:\/\/www.rmcr.org\/en\/#\/schema\/person\/6e5eb50e802ff5f1419c0fea9935ae36","name":"MUSEO","image":{"@type":"ImageObject","inLanguage":"en-US","@id":"https:\/\/www.rmcr.org\/wp-content\/uploads\/2022\/11\/avatar-rmcr-96x96.png","url":"https:\/\/www.rmcr.org\/wp-content\/uploads\/2022\/11\/avatar-rmcr-96x96.png","contentUrl":"https:\/\/www.rmcr.org\/wp-content\/uploads\/2022\/11\/avatar-rmcr-96x96.png","caption":"MUSEO"},"url":"https:\/\/www.rmcr.org\/en\/author\/miguel-angel-sanchez\/"}]}},"_links":{"self":[{"href":"https:\/\/www.rmcr.org\/en\/wp-json\/wp\/v2\/posts\/24253","targetHints":{"allow":["GET"]}}],"collection":[{"href":"https:\/\/www.rmcr.org\/en\/wp-json\/wp\/v2\/posts"}],"about":[{"href":"https:\/\/www.rmcr.org\/en\/wp-json\/wp\/v2\/types\/post"}],"author":[{"embeddable":true,"href":"https:\/\/www.rmcr.org\/en\/wp-json\/wp\/v2\/users\/5"}],"replies":[{"embeddable":true,"href":"https:\/\/www.rmcr.org\/en\/wp-json\/wp\/v2\/comments?post=24253"}],"version-history":[{"count":5,"href":"https:\/\/www.rmcr.org\/en\/wp-json\/wp\/v2\/posts\/24253\/revisions"}],"predecessor-version":[{"id":24262,"href":"https:\/\/www.rmcr.org\/en\/wp-json\/wp\/v2\/posts\/24253\/revisions\/24262"}],"wp:featuredmedia":[{"embeddable":true,"href":"https:\/\/www.rmcr.org\/en\/wp-json\/wp\/v2\/media\/24254"}],"wp:attachment":[{"href":"https:\/\/www.rmcr.org\/en\/wp-json\/wp\/v2\/media?parent=24253"}],"wp:term":[{"taxonomy":"category","embeddable":true,"href":"https:\/\/www.rmcr.org\/en\/wp-json\/wp\/v2\/categories?post=24253"},{"taxonomy":"post_tag","embeddable":true,"href":"https:\/\/www.rmcr.org\/en\/wp-json\/wp\/v2\/tags?post=24253"}],"curies":[{"name":"wp","href":"https:\/\/api.w.org\/{rel}","templated":true}]}}