{"id":24077,"date":"2026-03-04T12:03:03","date_gmt":"2026-03-04T12:03:03","guid":{"rendered":"https:\/\/www.rmcr.org\/?p=24077"},"modified":"2026-04-27T12:02:01","modified_gmt":"2026-04-27T12:02:01","slug":"reanudacion-festejos-taurinos-ronda-2026-obras-cartel","status":"publish","type":"post","link":"https:\/\/www.rmcr.org\/en\/2026\/03\/04\/reanudacion-festejos-taurinos-ronda-2026-obras-cartel\/","title":{"rendered":"La Real Maestranza de Caballer\u00eda de Ronda presenta el cartel y anuncia la reanudaci\u00f3n de los festejos taurinos 2026"},"content":{"rendered":"\n<p>El empresario de la <a href=\"https:\/\/www.rmcr.org\/tauromaquia\/\">Plaza de Toros de la Real Maestranza de Caballer\u00eda de Ronda<\/a>, <a href=\"https:\/\/www.riveraordonez.com\/\">Francisco Rivera Ord\u00f3\u00f1ez<\/a>, present\u00f3, junto al director general de la instituci\u00f3n, Ignacio Herrera de La Muela, y la alcaldesa de Ronda, Mar\u00eda de la Paz Fern\u00e1ndez Lobato, el cartel anunciador de los festejos taurinos de la Feria y Fiestas de Pedro Romero 2026.<\/p>\n\n\n\n<p>Pulsa para ver el video de la presentaci\u00f3n:<\/p>\n\n\n\n<figure class=\"wp-block-embed is-type-video is-provider-youtube wp-block-embed-youtube wp-embed-aspect-16-9 wp-has-aspect-ratio\"><div class=\"wp-block-embed__wrapper\">\n<iframe title=\"Presentaci\u00f3n cartel Festejos Taurinos Feria Pedro Romero 2026\" width=\"800\" height=\"450\" src=\"https:\/\/www.youtube.com\/embed\/UHjqSaS0ZMs?feature=oembed\" frameborder=\"0\" allow=\"accelerometer; autoplay; clipboard-write; encrypted-media; gyroscope; picture-in-picture; web-share\" referrerpolicy=\"strict-origin-when-cross-origin\" allowfullscreen><\/iframe>\n<\/div><\/figure>\n\n\n\n<p><strong>Reanudaci\u00f3n de los festejos<\/strong><\/p>\n\n\n\n<p>La Feria de Pedro Romero 2026 recuperar\u00e1 los festejos tras dos a\u00f1os sin celebrarse por las obras de consolidaci\u00f3n de la Plaza de Toros de Ronda, iniciadas en junio de 2025. La reanudaci\u00f3n es posible gracias a la programaci\u00f3n de los trabajos de intervenci\u00f3n promovidos por el equipo directivo de la Real Maestranza y el <a href=\"https:\/\/www.arocaarquitectos.com\/acerca-de-ricardo\/\">estudio de Ricardo Aroca<\/a>, orientados a alcanzar la fecha prevista de celebraci\u00f3n. En este marco, el arquitecto del proyecto, Ricardo Aroca, comunic\u00f3 directamente a Francisco Rivera Ord\u00f3\u00f1ez la previsi\u00f3n de disponibilidad de laPlaza para los festejos.<\/p>\n\n\n\n<p><strong>Conmemoraci\u00f3n<\/strong><\/p>\n\n\n\n<p>Los <a href=\"https:\/\/www.riveraordonez.com\/\">festejos taurinos de la Feria de Pedro Romero 2026<\/a> incorporan dos efem\u00e9rides: la 42 Corrida Ronde\u00f1a de Rejones homenajear\u00e1 a \u00c1lvaro Domecq Romero, y la 67 Tradicional Corrida Goyesca conmemorar\u00e1 el 75 aniversario de alternativa del maestro de maestros Antonio Ord\u00f3\u00f1ez.<\/p>\n\n\n\n<figure class=\"wp-block-image size-large\"><img fetchpriority=\"high\" decoding=\"async\" width=\"1024\" height=\"563\" src=\"https:\/\/www.rmcr.org\/wp-content\/uploads\/2026\/03\/A745427-1024x563.jpg\" alt=\"\" class=\"wp-image-24102\" srcset=\"https:\/\/www.rmcr.org\/wp-content\/uploads\/2026\/03\/A745427-1024x563.jpg 1024w, https:\/\/www.rmcr.org\/wp-content\/uploads\/2026\/03\/A745427-300x165.jpg 300w, https:\/\/www.rmcr.org\/wp-content\/uploads\/2026\/03\/A745427-768x422.jpg 768w, https:\/\/www.rmcr.org\/wp-content\/uploads\/2026\/03\/A745427-1536x845.jpg 1536w, https:\/\/www.rmcr.org\/wp-content\/uploads\/2026\/03\/A745427-2048x1127.jpg 2048w\" sizes=\"(max-width: 1024px) 100vw, 1024px\" \/><\/figure>\n\n\n\n<p class=\"has-text-align-center\"><em>Acto de presentaci\u00f3n de los festejos taurinos de la Feria de Pedro Romero 2026. Fotograf\u00eda: Jos\u00e9 Luis Barea \u00a9<\/em><\/p>\n\n\n\n<p><strong>Festejos taurinos<\/strong><\/p>\n\n\n\n<p><a href=\"https:\/\/www.riveraordonez.com\/\">Viernes, 4 de septiembre, 18:00 h.<\/a><\/p>\n\n\n\n<p><strong>Extraordinaria novillada sin picadores<\/strong>, con reses de la ganader\u00eda Aguadulce, para los novilleros Jaime de Pedro (Granada), Armando Rojo (La Puebla del R\u00edo) y H\u00e9ctor Nieto (Ronda).<\/p>\n\n\n\n<p><a href=\"https:\/\/www.riveraordonez.com\/\">S\u00e1bado, 5 de septiembre, 11:30 h., matinal.<\/a><\/p>\n\n\n\n<p><strong>42 Corrida Ronde\u00f1a de Rejones<\/strong>, homenaje a \u00c1lvaro Domecq Romero, con reses de la ganader\u00eda David Ribeiro Telles para los rejoneadores Rui Fernandes, Diego Ventura, Jo\u00e3o Ribeiro Telles, L\u00e9a Vicens, Sebasti\u00e1n Fern\u00e1ndez y Duarte Fernandes.<\/p>\n\n\n\n<p><a href=\"https:\/\/www.riveraordonez.com\/\">S\u00e1bado, 5 de septiembre, 18:00 h.<\/a><\/p>\n\n\n\n<p><strong>67 Tradicional Corrida Goyesca<\/strong>, conmemoraci\u00f3n del 75 aniversario de alternativa del maestro de maestros Antonio Ord\u00f3\u00f1ez. Un toro de la ganader\u00eda David Ribeiro Telles para el rejoneador Diego Ventura, y seis toros de Garcigrande para los matadores Morante de la Puebla, Jos\u00e9 Mar\u00eda Manzanares y Juan Ortega.<\/p>\n\n\n\n<figure class=\"wp-block-image aligncenter size-large is-resized\"><img decoding=\"async\" width=\"1024\" height=\"851\" src=\"https:\/\/www.rmcr.org\/wp-content\/uploads\/2026\/03\/A745465-1024x851.jpg\" alt=\"\" class=\"wp-image-24104\" style=\"width:639px;height:auto\" srcset=\"https:\/\/www.rmcr.org\/wp-content\/uploads\/2026\/03\/A745465-1024x851.jpg 1024w, https:\/\/www.rmcr.org\/wp-content\/uploads\/2026\/03\/A745465-300x249.jpg 300w, https:\/\/www.rmcr.org\/wp-content\/uploads\/2026\/03\/A745465-768x639.jpg 768w, https:\/\/www.rmcr.org\/wp-content\/uploads\/2026\/03\/A745465-1536x1277.jpg 1536w, https:\/\/www.rmcr.org\/wp-content\/uploads\/2026\/03\/A745465-2048x1703.jpg 2048w\" sizes=\"(max-width: 1024px) 100vw, 1024px\" \/><\/figure>\n\n\n\n<p class=\"has-text-align-center\"><em>Ignacio Herrera de La Muela, Mar\u00eda de la Paz Fern\u00e1ndez Lobato y Francisco Rivera Ord\u00f3\u00f1ez junto al cartel de los festejos taurinos de la Feria de Pedro Romero 2026. Fotograf\u00eda: Jos\u00e9 Luis Barea \u00a9<\/em><\/p>\n\n\n\n<p><strong>La obra<\/strong><\/p>\n\n\n\n<p>El cartel se articula en tres m\u00f3dulos rectangulares independientes que muestran, mediante variaciones de color, un detalle de la cornamenta del toro. El m\u00f3dulo intermedio se plantea como una construcci\u00f3n geom\u00e9trica, a modo de burladero, y como un espacio donde las formas triangulares se configuran como un patr\u00f3n continuo, como una especie de latido. \u00c9stos, de forma punzante, aceleran el tiempo y pulso del transcurso de la corrida variando la gama crom\u00e1tica, del verde al rojo, en la parte alta de la composici\u00f3n.<\/p>\n\n\n\n<p>Sobre esta capacidad compositiva del artista, el ensayista Enrique Andr\u00e9s Ruiz se\u00f1ala, con motivo de la exposici\u00f3n <em>Juan Usl\u00e9. Ese barco en la monta\u00f1a<\/em>, inaugurada el pasado mes de noviembre en el Museo Nacional Centro de Arte Reina Sof\u00eda: \u00abEs precisamente ah\u00ed, entre las bandas horizontales que evocan ese mundo activado sin interrupci\u00f3n por flujos cableados, donde el pintor-muy pintor nos ofrece -f\u00edjense en su visita- la ranura de un leve desplazamiento del pincel, el color humano que se transparenta bajo la superficie. Son m\u00ednimos accidentes por los que se cuela la vida, el testimonio de un arte que resiste.\u00bb<\/p>\n\n\n\n<p><strong>Juan Usl\u00e9<\/strong><\/p>\n\n\n\n<p>La pintura del artista se basa en la experiencia urbana, con atenci\u00f3n a Nueva York, ciudad a la que se traslada a finales de los a\u00f1os ochenta. La percepci\u00f3n de sus estructuras y espacios influye en su trabajo, y articula una combinaci\u00f3n de elementos geom\u00e9tricos y org\u00e1nicos. En su pr\u00e1ctica mezcla colores y los aplica por dispersi\u00f3n sobre tela, construyendo im\u00e1genes abstractas a partir de patrones, luz y color. En cada composici\u00f3n combina organizaci\u00f3n y estructura con la aparici\u00f3n de lo inesperado, y analiza el origen de im\u00e1genes vinculadas a esa experiencia, desde un juego de ant\u00edtesis formales.<\/p>\n\n\n\n<p>Desde 1987 altern\u00f3 residencia entre Nueva York y Saro (Cantabria). Particip\u00f3 en Bienal de S\u00e3o Paulo (1985), Documenta 9 (1992), Bienal de Estambul (1992) y Bienal de Venecia (2005). Realiz\u00f3 exposiciones individuales en IVAM (1996), MACBA (1996), Museo Reina Sof\u00eda (2003), Fundaci\u00f3n Bot\u00edn (2004), IMMA de Dubl\u00edn (2004), SMAK de Gante (2004), CGAC de Santiago de Compostela (2013), Kunstmuseum Bonn (2014) y Bombas Gens Centre d\u2019Art (2021), entre otras. Su obra se incorpor\u00f3 a colecciones p\u00fablicas y privadas internacionales. En 2002 recibi\u00f3 el Premio Nacional de Artes Pl\u00e1sticas del Ministerio de Cultura. El Museo Nacional Centro de Arte Reina Sof\u00eda ha programado una exposici\u00f3n retrospectiva de su obra titulada <a href=\"https:\/\/www.museoreinasofia.es\/exposicion\/juan-usle\"><em>Juan Usl\u00e9. Ese barco en la monta\u00f1a<\/em>, visitable del 26 de noviembre de 2025 al 20 de abril de 2026.<\/a><\/p>\n","protected":false},"excerpt":{"rendered":"<p>\u00abLa Real Maestranza de Caballer\u00eda de Ronda anunci\u00f3 la reanudaci\u00f3n de los festejos taurinos de la Feria de Pedro Romero 2026 tras dos a\u00f1os sin celebrarse, al quedar prevista la disponibilidad de la Plaza de Toros gracias a la programaci\u00f3n de las obras de consolidaci\u00f3n promovidas por la instituci\u00f3n y el estudio de Ricardo Aroca. En el mismo acto se present\u00f3 el cartel anunciador de los festejos, realizado por Juan Usl\u00e9\u00bb<\/p>\n","protected":false},"author":5,"featured_media":24109,"comment_status":"closed","ping_status":"open","sticky":false,"template":"","format":"standard","meta":{"footnotes":""},"categories":[275,36,278],"tags":[352,289,320,843,764,824,841,842,840,315,98,189,750],"class_list":["post-24077","post","type-post","status-publish","format-standard","has-post-thumbnail","hentry","category-goyesca","category-plaza-museo","category-tauromaquia","tag-cartel-taurino","tag-carteles","tag-coleccion-museistica","tag-diego-ventura","tag-francisco-rivera-ordonez","tag-jose-antonio-morante","tag-jose-maria-manzanares","tag-juan-ortega","tag-juan-usle","tag-plaza-de-toros-de-ronda","tag-real-maestranza-de-caballeria-de-ronda","tag-tauromaquia","tag-tradicional-corrida-goyesca"],"yoast_head":"<!-- This site is optimized with the Yoast SEO plugin v27.5 - https:\/\/yoast.com\/product\/yoast-seo-wordpress\/ -->\n<title>La Real Maestranza de Ronda anuncia la reanudaci\u00f3n de los festejos taurinos 2026 y presenta el cartel<\/title>\n<meta name=\"description\" content=\"La Real Maestranza de Caballer\u00eda de Ronda anuncia la reanudaci\u00f3n de los festejos taurinos de Ronda 2026 tras las obras de consolidaci\u00f3n de la Plaza de Toros y presenta el cartel de la Feria de Pedro Romero.\" \/>\n<meta name=\"robots\" content=\"index, follow, max-snippet:-1, max-image-preview:large, max-video-preview:-1\" \/>\n<link rel=\"canonical\" href=\"https:\/\/www.rmcr.org\/en\/2026\/03\/04\/reanudacion-festejos-taurinos-ronda-2026-obras-cartel\/\" \/>\n<meta property=\"og:locale\" content=\"en_US\" \/>\n<meta property=\"og:type\" content=\"article\" \/>\n<meta property=\"og:title\" content=\"La Real Maestranza de Ronda anuncia la reanudaci\u00f3n de los festejos taurinos 2026 y presenta el cartel\" \/>\n<meta property=\"og:description\" content=\"La Real Maestranza de Caballer\u00eda de Ronda anuncia la reanudaci\u00f3n de los festejos taurinos de Ronda 2026 tras las obras de consolidaci\u00f3n de la Plaza de Toros y presenta el cartel de la Feria de Pedro Romero.\" \/>\n<meta property=\"og:url\" content=\"https:\/\/www.rmcr.org\/en\/2026\/03\/04\/reanudacion-festejos-taurinos-ronda-2026-obras-cartel\/\" \/>\n<meta property=\"og:site_name\" content=\"Real Maestranza de Caballer\u00eda de Ronda\" \/>\n<meta property=\"article:publisher\" content=\"https:\/\/www.facebook.com\/plazadetorosronda\" \/>\n<meta property=\"article:published_time\" content=\"2026-03-04T12:03:03+00:00\" \/>\n<meta property=\"article:modified_time\" content=\"2026-04-27T12:02:01+00:00\" \/>\n<meta property=\"og:image\" content=\"https:\/\/www.rmcr.org\/wp-content\/uploads\/2026\/03\/Portada_cartel_goyesca.png\" \/>\n\t<meta property=\"og:image:width\" content=\"945\" \/>\n\t<meta property=\"og:image:height\" content=\"340\" \/>\n\t<meta property=\"og:image:type\" content=\"image\/png\" \/>\n<meta name=\"author\" content=\"MUSEO\" \/>\n<meta name=\"twitter:card\" content=\"summary_large_image\" \/>\n<meta name=\"twitter:creator\" content=\"@PlazatorosRMR\" \/>\n<meta name=\"twitter:site\" content=\"@PlazatorosRMR\" \/>\n<meta name=\"twitter:label1\" content=\"Written by\" \/>\n\t<meta name=\"twitter:data1\" content=\"MUSEO\" \/>\n\t<meta name=\"twitter:label2\" content=\"Est. reading time\" \/>\n\t<meta name=\"twitter:data2\" content=\"5 minutes\" \/>\n<script type=\"application\/ld+json\" class=\"yoast-schema-graph\">{\"@context\":\"https:\\\/\\\/schema.org\",\"@graph\":[{\"@type\":\"Article\",\"@id\":\"https:\\\/\\\/www.rmcr.org\\\/en\\\/2026\\\/03\\\/04\\\/reanudacion-festejos-taurinos-ronda-2026-obras-cartel\\\/#article\",\"isPartOf\":{\"@id\":\"https:\\\/\\\/www.rmcr.org\\\/en\\\/2026\\\/03\\\/04\\\/reanudacion-festejos-taurinos-ronda-2026-obras-cartel\\\/\"},\"author\":{\"name\":\"MUSEO\",\"@id\":\"https:\\\/\\\/www.rmcr.org\\\/en\\\/#\\\/schema\\\/person\\\/6e5eb50e802ff5f1419c0fea9935ae36\"},\"headline\":\"La Real Maestranza de Caballer\u00eda de Ronda presenta el cartel y anuncia la reanudaci\u00f3n de los festejos taurinos 2026\",\"datePublished\":\"2026-03-04T12:03:03+00:00\",\"dateModified\":\"2026-04-27T12:02:01+00:00\",\"mainEntityOfPage\":{\"@id\":\"https:\\\/\\\/www.rmcr.org\\\/en\\\/2026\\\/03\\\/04\\\/reanudacion-festejos-taurinos-ronda-2026-obras-cartel\\\/\"},\"wordCount\":866,\"publisher\":{\"@id\":\"https:\\\/\\\/www.rmcr.org\\\/en\\\/#organization\"},\"image\":{\"@id\":\"https:\\\/\\\/www.rmcr.org\\\/en\\\/2026\\\/03\\\/04\\\/reanudacion-festejos-taurinos-ronda-2026-obras-cartel\\\/#primaryimage\"},\"thumbnailUrl\":\"https:\\\/\\\/www.rmcr.org\\\/wp-content\\\/uploads\\\/2026\\\/03\\\/Portada_cartel_goyesca.png\",\"keywords\":[\"Cartel taurino\",\"Carteles\",\"Colecci\u00f3n Muse\u00edstica\",\"Diego Ventura\",\"Francisco Rivera Ord\u00f3\u00f1ez\",\"Jos\u00e9 Antonio Morante\",\"Jos\u00e9 Mar\u00eda Manzanares\",\"Juan Ortega\",\"Juan Usl\u00e9\",\"Plaza de Toros de Ronda\",\"Real Maestranza de Caballer\u00eda de Ronda\",\"Tauromaquia\",\"Tradicional Corrida Goyesca\"],\"articleSection\":[\"Goyesca\",\"Plaza y Museo\",\"Tauromaquia\"],\"inLanguage\":\"en-US\"},{\"@type\":\"WebPage\",\"@id\":\"https:\\\/\\\/www.rmcr.org\\\/en\\\/2026\\\/03\\\/04\\\/reanudacion-festejos-taurinos-ronda-2026-obras-cartel\\\/\",\"url\":\"https:\\\/\\\/www.rmcr.org\\\/en\\\/2026\\\/03\\\/04\\\/reanudacion-festejos-taurinos-ronda-2026-obras-cartel\\\/\",\"name\":\"La Real Maestranza de Ronda anuncia la reanudaci\u00f3n de los festejos taurinos 2026 y presenta el cartel\",\"isPartOf\":{\"@id\":\"https:\\\/\\\/www.rmcr.org\\\/en\\\/#website\"},\"primaryImageOfPage\":{\"@id\":\"https:\\\/\\\/www.rmcr.org\\\/en\\\/2026\\\/03\\\/04\\\/reanudacion-festejos-taurinos-ronda-2026-obras-cartel\\\/#primaryimage\"},\"image\":{\"@id\":\"https:\\\/\\\/www.rmcr.org\\\/en\\\/2026\\\/03\\\/04\\\/reanudacion-festejos-taurinos-ronda-2026-obras-cartel\\\/#primaryimage\"},\"thumbnailUrl\":\"https:\\\/\\\/www.rmcr.org\\\/wp-content\\\/uploads\\\/2026\\\/03\\\/Portada_cartel_goyesca.png\",\"datePublished\":\"2026-03-04T12:03:03+00:00\",\"dateModified\":\"2026-04-27T12:02:01+00:00\",\"description\":\"La Real Maestranza de Caballer\u00eda de Ronda anuncia la reanudaci\u00f3n de los festejos taurinos de Ronda 2026 tras las obras de consolidaci\u00f3n de la Plaza de Toros y presenta el cartel de la Feria de Pedro Romero.\",\"breadcrumb\":{\"@id\":\"https:\\\/\\\/www.rmcr.org\\\/en\\\/2026\\\/03\\\/04\\\/reanudacion-festejos-taurinos-ronda-2026-obras-cartel\\\/#breadcrumb\"},\"inLanguage\":\"en-US\",\"potentialAction\":[{\"@type\":\"ReadAction\",\"target\":[\"https:\\\/\\\/www.rmcr.org\\\/en\\\/2026\\\/03\\\/04\\\/reanudacion-festejos-taurinos-ronda-2026-obras-cartel\\\/\"]}]},{\"@type\":\"ImageObject\",\"inLanguage\":\"en-US\",\"@id\":\"https:\\\/\\\/www.rmcr.org\\\/en\\\/2026\\\/03\\\/04\\\/reanudacion-festejos-taurinos-ronda-2026-obras-cartel\\\/#primaryimage\",\"url\":\"https:\\\/\\\/www.rmcr.org\\\/wp-content\\\/uploads\\\/2026\\\/03\\\/Portada_cartel_goyesca.png\",\"contentUrl\":\"https:\\\/\\\/www.rmcr.org\\\/wp-content\\\/uploads\\\/2026\\\/03\\\/Portada_cartel_goyesca.png\",\"width\":945,\"height\":340},{\"@type\":\"BreadcrumbList\",\"@id\":\"https:\\\/\\\/www.rmcr.org\\\/en\\\/2026\\\/03\\\/04\\\/reanudacion-festejos-taurinos-ronda-2026-obras-cartel\\\/#breadcrumb\",\"itemListElement\":[{\"@type\":\"ListItem\",\"position\":1,\"name\":\"REAL MAESTRANZA DE CABALLER\u00cdA DE RONDA\",\"item\":\"https:\\\/\\\/www.rmcr.org\\\/en\\\/\"},{\"@type\":\"ListItem\",\"position\":2,\"name\":\"La Real Maestranza de Caballer\u00eda de Ronda presenta el cartel y anuncia la reanudaci\u00f3n de los festejos taurinos 2026\"}]},{\"@type\":\"WebSite\",\"@id\":\"https:\\\/\\\/www.rmcr.org\\\/en\\\/#website\",\"url\":\"https:\\\/\\\/www.rmcr.org\\\/en\\\/\",\"name\":\"Real Maestranza de Caballer\u00eda de Ronda\",\"description\":\"Real Maestranza de Caballer\u00eda de Ronda\",\"publisher\":{\"@id\":\"https:\\\/\\\/www.rmcr.org\\\/en\\\/#organization\"},\"alternateName\":\"RMCR\",\"potentialAction\":[{\"@type\":\"SearchAction\",\"target\":{\"@type\":\"EntryPoint\",\"urlTemplate\":\"https:\\\/\\\/www.rmcr.org\\\/en\\\/?s={search_term_string}\"},\"query-input\":{\"@type\":\"PropertyValueSpecification\",\"valueRequired\":true,\"valueName\":\"search_term_string\"}}],\"inLanguage\":\"en-US\"},{\"@type\":\"Organization\",\"@id\":\"https:\\\/\\\/www.rmcr.org\\\/en\\\/#organization\",\"name\":\"Real Maestranza de Caballer\u00eda de Ronda\",\"alternateName\":\"RMR\",\"url\":\"https:\\\/\\\/www.rmcr.org\\\/en\\\/\",\"logo\":{\"@type\":\"ImageObject\",\"inLanguage\":\"en-US\",\"@id\":\"https:\\\/\\\/www.rmcr.org\\\/en\\\/#\\\/schema\\\/logo\\\/image\\\/\",\"url\":\"https:\\\/\\\/www.rmcr.org\\\/wp-content\\\/uploads\\\/2022\\\/07\\\/logo-rmr-blue.svg\",\"contentUrl\":\"https:\\\/\\\/www.rmcr.org\\\/wp-content\\\/uploads\\\/2022\\\/07\\\/logo-rmr-blue.svg\",\"width\":131,\"height\":129,\"caption\":\"Real Maestranza de Caballer\u00eda de Ronda\"},\"image\":{\"@id\":\"https:\\\/\\\/www.rmcr.org\\\/en\\\/#\\\/schema\\\/logo\\\/image\\\/\"},\"sameAs\":[\"https:\\\/\\\/www.facebook.com\\\/plazadetorosronda\",\"https:\\\/\\\/x.com\\\/PlazatorosRMR\",\"https:\\\/\\\/www.instagram.com\\\/realmaestranzaderonda\\\/\",\"https:\\\/\\\/www.youtube.com\\\/channel\\\/UCrbO5IUN-8v_QML739vM4zg\\\/videos\"]},{\"@type\":\"Person\",\"@id\":\"https:\\\/\\\/www.rmcr.org\\\/en\\\/#\\\/schema\\\/person\\\/6e5eb50e802ff5f1419c0fea9935ae36\",\"name\":\"MUSEO\",\"image\":{\"@type\":\"ImageObject\",\"inLanguage\":\"en-US\",\"@id\":\"https:\\\/\\\/www.rmcr.org\\\/wp-content\\\/uploads\\\/2022\\\/11\\\/avatar-rmcr-96x96.png\",\"url\":\"https:\\\/\\\/www.rmcr.org\\\/wp-content\\\/uploads\\\/2022\\\/11\\\/avatar-rmcr-96x96.png\",\"contentUrl\":\"https:\\\/\\\/www.rmcr.org\\\/wp-content\\\/uploads\\\/2022\\\/11\\\/avatar-rmcr-96x96.png\",\"caption\":\"MUSEO\"},\"url\":\"https:\\\/\\\/www.rmcr.org\\\/en\\\/author\\\/miguel-angel-sanchez\\\/\"}]}<\/script>\n<!-- \/ Yoast SEO plugin. -->","yoast_head_json":{"title":"La Real Maestranza de Ronda anuncia la reanudaci\u00f3n de los festejos taurinos 2026 y presenta el cartel","description":"La Real Maestranza de Caballer\u00eda de Ronda anuncia la reanudaci\u00f3n de los festejos taurinos de Ronda 2026 tras las obras de consolidaci\u00f3n de la Plaza de Toros y presenta el cartel de la Feria de Pedro Romero.","robots":{"index":"index","follow":"follow","max-snippet":"max-snippet:-1","max-image-preview":"max-image-preview:large","max-video-preview":"max-video-preview:-1"},"canonical":"https:\/\/www.rmcr.org\/en\/2026\/03\/04\/reanudacion-festejos-taurinos-ronda-2026-obras-cartel\/","og_locale":"en_US","og_type":"article","og_title":"La Real Maestranza de Ronda anuncia la reanudaci\u00f3n de los festejos taurinos 2026 y presenta el cartel","og_description":"La Real Maestranza de Caballer\u00eda de Ronda anuncia la reanudaci\u00f3n de los festejos taurinos de Ronda 2026 tras las obras de consolidaci\u00f3n de la Plaza de Toros y presenta el cartel de la Feria de Pedro Romero.","og_url":"https:\/\/www.rmcr.org\/en\/2026\/03\/04\/reanudacion-festejos-taurinos-ronda-2026-obras-cartel\/","og_site_name":"Real Maestranza de Caballer\u00eda de Ronda","article_publisher":"https:\/\/www.facebook.com\/plazadetorosronda","article_published_time":"2026-03-04T12:03:03+00:00","article_modified_time":"2026-04-27T12:02:01+00:00","og_image":[{"width":945,"height":340,"url":"https:\/\/www.rmcr.org\/wp-content\/uploads\/2026\/03\/Portada_cartel_goyesca.png","type":"image\/png"}],"author":"MUSEO","twitter_card":"summary_large_image","twitter_creator":"@PlazatorosRMR","twitter_site":"@PlazatorosRMR","twitter_misc":{"Written by":"MUSEO","Est. reading time":"5 minutes"},"schema":{"@context":"https:\/\/schema.org","@graph":[{"@type":"Article","@id":"https:\/\/www.rmcr.org\/en\/2026\/03\/04\/reanudacion-festejos-taurinos-ronda-2026-obras-cartel\/#article","isPartOf":{"@id":"https:\/\/www.rmcr.org\/en\/2026\/03\/04\/reanudacion-festejos-taurinos-ronda-2026-obras-cartel\/"},"author":{"name":"MUSEO","@id":"https:\/\/www.rmcr.org\/en\/#\/schema\/person\/6e5eb50e802ff5f1419c0fea9935ae36"},"headline":"La Real Maestranza de Caballer\u00eda de Ronda presenta el cartel y anuncia la reanudaci\u00f3n de los festejos taurinos 2026","datePublished":"2026-03-04T12:03:03+00:00","dateModified":"2026-04-27T12:02:01+00:00","mainEntityOfPage":{"@id":"https:\/\/www.rmcr.org\/en\/2026\/03\/04\/reanudacion-festejos-taurinos-ronda-2026-obras-cartel\/"},"wordCount":866,"publisher":{"@id":"https:\/\/www.rmcr.org\/en\/#organization"},"image":{"@id":"https:\/\/www.rmcr.org\/en\/2026\/03\/04\/reanudacion-festejos-taurinos-ronda-2026-obras-cartel\/#primaryimage"},"thumbnailUrl":"https:\/\/www.rmcr.org\/wp-content\/uploads\/2026\/03\/Portada_cartel_goyesca.png","keywords":["Cartel taurino","Carteles","Colecci\u00f3n Muse\u00edstica","Diego Ventura","Francisco Rivera Ord\u00f3\u00f1ez","Jos\u00e9 Antonio Morante","Jos\u00e9 Mar\u00eda Manzanares","Juan Ortega","Juan Usl\u00e9","Plaza de Toros de Ronda","Real Maestranza de Caballer\u00eda de Ronda","Tauromaquia","Tradicional Corrida Goyesca"],"articleSection":["Goyesca","Plaza y Museo","Tauromaquia"],"inLanguage":"en-US"},{"@type":"WebPage","@id":"https:\/\/www.rmcr.org\/en\/2026\/03\/04\/reanudacion-festejos-taurinos-ronda-2026-obras-cartel\/","url":"https:\/\/www.rmcr.org\/en\/2026\/03\/04\/reanudacion-festejos-taurinos-ronda-2026-obras-cartel\/","name":"La Real Maestranza de Ronda anuncia la reanudaci\u00f3n de los festejos taurinos 2026 y presenta el cartel","isPartOf":{"@id":"https:\/\/www.rmcr.org\/en\/#website"},"primaryImageOfPage":{"@id":"https:\/\/www.rmcr.org\/en\/2026\/03\/04\/reanudacion-festejos-taurinos-ronda-2026-obras-cartel\/#primaryimage"},"image":{"@id":"https:\/\/www.rmcr.org\/en\/2026\/03\/04\/reanudacion-festejos-taurinos-ronda-2026-obras-cartel\/#primaryimage"},"thumbnailUrl":"https:\/\/www.rmcr.org\/wp-content\/uploads\/2026\/03\/Portada_cartel_goyesca.png","datePublished":"2026-03-04T12:03:03+00:00","dateModified":"2026-04-27T12:02:01+00:00","description":"La Real Maestranza de Caballer\u00eda de Ronda anuncia la reanudaci\u00f3n de los festejos taurinos de Ronda 2026 tras las obras de consolidaci\u00f3n de la Plaza de Toros y presenta el cartel de la Feria de Pedro Romero.","breadcrumb":{"@id":"https:\/\/www.rmcr.org\/en\/2026\/03\/04\/reanudacion-festejos-taurinos-ronda-2026-obras-cartel\/#breadcrumb"},"inLanguage":"en-US","potentialAction":[{"@type":"ReadAction","target":["https:\/\/www.rmcr.org\/en\/2026\/03\/04\/reanudacion-festejos-taurinos-ronda-2026-obras-cartel\/"]}]},{"@type":"ImageObject","inLanguage":"en-US","@id":"https:\/\/www.rmcr.org\/en\/2026\/03\/04\/reanudacion-festejos-taurinos-ronda-2026-obras-cartel\/#primaryimage","url":"https:\/\/www.rmcr.org\/wp-content\/uploads\/2026\/03\/Portada_cartel_goyesca.png","contentUrl":"https:\/\/www.rmcr.org\/wp-content\/uploads\/2026\/03\/Portada_cartel_goyesca.png","width":945,"height":340},{"@type":"BreadcrumbList","@id":"https:\/\/www.rmcr.org\/en\/2026\/03\/04\/reanudacion-festejos-taurinos-ronda-2026-obras-cartel\/#breadcrumb","itemListElement":[{"@type":"ListItem","position":1,"name":"REAL MAESTRANZA DE CABALLER\u00cdA DE RONDA","item":"https:\/\/www.rmcr.org\/en\/"},{"@type":"ListItem","position":2,"name":"La Real Maestranza de Caballer\u00eda de Ronda presenta el cartel y anuncia la reanudaci\u00f3n de los festejos taurinos 2026"}]},{"@type":"WebSite","@id":"https:\/\/www.rmcr.org\/en\/#website","url":"https:\/\/www.rmcr.org\/en\/","name":"Real Maestranza de Caballer\u00eda de Ronda","description":"Real Maestranza de Caballer\u00eda de Ronda","publisher":{"@id":"https:\/\/www.rmcr.org\/en\/#organization"},"alternateName":"RMCR","potentialAction":[{"@type":"SearchAction","target":{"@type":"EntryPoint","urlTemplate":"https:\/\/www.rmcr.org\/en\/?s={search_term_string}"},"query-input":{"@type":"PropertyValueSpecification","valueRequired":true,"valueName":"search_term_string"}}],"inLanguage":"en-US"},{"@type":"Organization","@id":"https:\/\/www.rmcr.org\/en\/#organization","name":"Real Maestranza de Caballer\u00eda de Ronda","alternateName":"RMR","url":"https:\/\/www.rmcr.org\/en\/","logo":{"@type":"ImageObject","inLanguage":"en-US","@id":"https:\/\/www.rmcr.org\/en\/#\/schema\/logo\/image\/","url":"https:\/\/www.rmcr.org\/wp-content\/uploads\/2022\/07\/logo-rmr-blue.svg","contentUrl":"https:\/\/www.rmcr.org\/wp-content\/uploads\/2022\/07\/logo-rmr-blue.svg","width":131,"height":129,"caption":"Real Maestranza de Caballer\u00eda de Ronda"},"image":{"@id":"https:\/\/www.rmcr.org\/en\/#\/schema\/logo\/image\/"},"sameAs":["https:\/\/www.facebook.com\/plazadetorosronda","https:\/\/x.com\/PlazatorosRMR","https:\/\/www.instagram.com\/realmaestranzaderonda\/","https:\/\/www.youtube.com\/channel\/UCrbO5IUN-8v_QML739vM4zg\/videos"]},{"@type":"Person","@id":"https:\/\/www.rmcr.org\/en\/#\/schema\/person\/6e5eb50e802ff5f1419c0fea9935ae36","name":"MUSEO","image":{"@type":"ImageObject","inLanguage":"en-US","@id":"https:\/\/www.rmcr.org\/wp-content\/uploads\/2022\/11\/avatar-rmcr-96x96.png","url":"https:\/\/www.rmcr.org\/wp-content\/uploads\/2022\/11\/avatar-rmcr-96x96.png","contentUrl":"https:\/\/www.rmcr.org\/wp-content\/uploads\/2022\/11\/avatar-rmcr-96x96.png","caption":"MUSEO"},"url":"https:\/\/www.rmcr.org\/en\/author\/miguel-angel-sanchez\/"}]}},"_links":{"self":[{"href":"https:\/\/www.rmcr.org\/en\/wp-json\/wp\/v2\/posts\/24077","targetHints":{"allow":["GET"]}}],"collection":[{"href":"https:\/\/www.rmcr.org\/en\/wp-json\/wp\/v2\/posts"}],"about":[{"href":"https:\/\/www.rmcr.org\/en\/wp-json\/wp\/v2\/types\/post"}],"author":[{"embeddable":true,"href":"https:\/\/www.rmcr.org\/en\/wp-json\/wp\/v2\/users\/5"}],"replies":[{"embeddable":true,"href":"https:\/\/www.rmcr.org\/en\/wp-json\/wp\/v2\/comments?post=24077"}],"version-history":[{"count":8,"href":"https:\/\/www.rmcr.org\/en\/wp-json\/wp\/v2\/posts\/24077\/revisions"}],"predecessor-version":[{"id":24122,"href":"https:\/\/www.rmcr.org\/en\/wp-json\/wp\/v2\/posts\/24077\/revisions\/24122"}],"wp:featuredmedia":[{"embeddable":true,"href":"https:\/\/www.rmcr.org\/en\/wp-json\/wp\/v2\/media\/24109"}],"wp:attachment":[{"href":"https:\/\/www.rmcr.org\/en\/wp-json\/wp\/v2\/media?parent=24077"}],"wp:term":[{"taxonomy":"category","embeddable":true,"href":"https:\/\/www.rmcr.org\/en\/wp-json\/wp\/v2\/categories?post=24077"},{"taxonomy":"post_tag","embeddable":true,"href":"https:\/\/www.rmcr.org\/en\/wp-json\/wp\/v2\/tags?post=24077"}],"curies":[{"name":"wp","href":"https:\/\/api.w.org\/{rel}","templated":true}]}}