{"id":24032,"date":"2026-03-10T12:11:53","date_gmt":"2026-03-10T12:11:53","guid":{"rendered":"https:\/\/www.rmcr.org\/?p=24032"},"modified":"2026-03-31T12:47:25","modified_gmt":"2026-03-31T12:47:25","slug":"el-centro-de-estudios-de-la-nobleza-organiza-el-seminario-de-investigacion-nobleza-obliga-quiebras-rupturas-y-conflicto-en-las-elites-nobiliarias-ibericas-siglos-xvi-xvii","status":"publish","type":"post","link":"https:\/\/www.rmcr.org\/en\/2026\/03\/10\/el-centro-de-estudios-de-la-nobleza-organiza-el-seminario-de-investigacion-nobleza-obliga-quiebras-rupturas-y-conflicto-en-las-elites-nobiliarias-ibericas-siglos-xvi-xvii\/","title":{"rendered":"El Centro de Estudios de la Nobleza organiza el Seminario de Investigaci\u00f3n \u00abNobleza obliga. Quiebras, rupturas y conflicto en las \u00e9lites nobiliarias ib\u00e9ricas (siglos XVI-XVII)\u00bb"},"content":{"rendered":"<p>El\u00a0<a href=\"https:\/\/www.rmcr.org\/centro-de-estudios-de-la-nobleza\/\">Centro de Estudios de la Nobleza<\/a>\u00a0de la Real Maestranza de Caballer\u00eda de Ronda tiene entre sus objetivos convertirse en un laboratorio para la investigaci\u00f3n de la nobleza: programando la celebraci\u00f3n de reuniones cient\u00edficas que fomenten la participaci\u00f3n activa de especialistas; difundiendo las investigaciones desarrolladas en universidades y centros de investigaci\u00f3n; promoviendo la concesi\u00f3n de premios a los mejores trabajos sobre la materia; impulsando la investigaci\u00f3n acad\u00e9mica de los fondos nobiliarios del Archivo de la Real Maestranza; y coeditando publicaciones que resulten de la colaboraci\u00f3n entre la instituci\u00f3n y distintas editoriales.<\/p>\n<p>Durante los d\u00edas 14 y 15 de abril de 2026, el Sal\u00f3n de Archivo y Biblioteca de la Real Maestranza acoger\u00e1 el Seminario de Investigaci\u00f3n \u00abNobleza obliga. Quiebras, rupturas y conflicto en las \u00e9lites nobiliarias ib\u00e9ricas (siglos XVI-XVII)\u00bb, organizado por el Centro de Estudios de la Nobleza. Bajo la coordinaci\u00f3n de <a href=\"https:\/\/www.ucm.es\/udmoderna\/martinez-hernandez,-santiago-1\">Santiago Mart\u00ednez Hern\u00e1ndez<\/a>\u00a0y\u00a0<a href=\"https:\/\/www.ucm.es\/udmoderna\/franganillo-alvarez,-alejandra\">Alejandra Franganillo \u00c1lvarez<\/a>, profesores del \u00c1rea de Historia Moderna de la Universidad Complutense de Madrid, las sesiones de trabajo programadas reunir\u00e1n a investigadores procedentes de diferentes universidades nacionales e internacionales.<\/p>\n<p>.<\/p>\n<p style=\"text-align: center;\"><a href=\"https:\/\/www.rmcr.org\/wp-content\/uploads\/2026\/03\/2026-04-14-Seminario-Nobleza-Obliga-Programa-def.pdf\"><img fetchpriority=\"high\" decoding=\"async\" class=\"aligncenter wp-image-24125 size-full\" src=\"https:\/\/www.rmcr.org\/wp-content\/uploads\/2026\/03\/2026-04-14-Seminario-Nobleza-Obliga-Programa_Pagina_1.jpg\" alt=\"\" width=\"640\" height=\"640\" srcset=\"https:\/\/www.rmcr.org\/wp-content\/uploads\/2026\/03\/2026-04-14-Seminario-Nobleza-Obliga-Programa_Pagina_1.jpg 640w, https:\/\/www.rmcr.org\/wp-content\/uploads\/2026\/03\/2026-04-14-Seminario-Nobleza-Obliga-Programa_Pagina_1-300x300.jpg 300w, https:\/\/www.rmcr.org\/wp-content\/uploads\/2026\/03\/2026-04-14-Seminario-Nobleza-Obliga-Programa_Pagina_1-150x150.jpg 150w, https:\/\/www.rmcr.org\/wp-content\/uploads\/2026\/03\/2026-04-14-Seminario-Nobleza-Obliga-Programa_Pagina_1-24x24.jpg 24w, https:\/\/www.rmcr.org\/wp-content\/uploads\/2026\/03\/2026-04-14-Seminario-Nobleza-Obliga-Programa_Pagina_1-48x48.jpg 48w, https:\/\/www.rmcr.org\/wp-content\/uploads\/2026\/03\/2026-04-14-Seminario-Nobleza-Obliga-Programa_Pagina_1-96x96.jpg 96w\" sizes=\"(max-width: 640px) 100vw, 640px\" \/><\/a><\/p>\n<p style=\"text-align: center;\"><a href=\"https:\/\/www.rmcr.org\/wp-content\/uploads\/2026\/03\/2026-04-14-Seminario-Nobleza-Obliga-Programa-def.pdf\">Descargar el programa del seminario de investigaci\u00f3n en formato pdf<\/a><\/p>\n<p>El seminario ha sido concebido para la presentaci\u00f3n de proyectos y l\u00edneas de investigaci\u00f3n en curso, as\u00ed como para la discusi\u00f3n de propuestas de nuevas l\u00edneas de trabajo, y la definici\u00f3n de espacios de colaboraci\u00f3n interdisciplinar. Se plantea, en suma, como un foro para el debate en profundidad sobre el presente y el futuro de las investigaciones sobre la nobleza.<\/p>\n<p>Este encuentro forma parte de la programaci\u00f3n de actividades cient\u00edficas del proyecto de investigaci\u00f3n NOBINCIS4, \u00abFortuna restaurada. Procesos y narrativas de resiliencia de las \u00e9lites de la Monarqu\u00eda Hisp\u00e1nica (1500-1725)\u00bb, PID2023-149388NB-I00, financiado por la Agencia Estatal de Investigaci\u00f3n, Ministerio de Ciencia, Innovaci\u00f3n y Universidades.<\/p>\n<p>Paralelamente a la celebraci\u00f3n del seminario, el martes 14 de abril, a las 19:00 horas, en el Sal\u00f3n de Grados de la Real Maestranza de Caballer\u00eda de Ronda, se ha programado una conferencia abierta al p\u00fablico a cargo de <a href=\"https:\/\/www.ucm.es\/udmoderna\/sanz-ayan,-carmen-1\">Carmen Sanz Ay\u00e1n<\/a>, catedr\u00e1tica de la Universidad Complutense de Madrid y acad\u00e9mica de la Real Academia de la Historia, titulada \u00abNobleza y emprendimiento econ\u00f3mico. Quiebras y supervivencia (siglos XVI-XVII)\u00bb. La entrada a la conferencia ser\u00e1 libre hasta completar el aforo de la sala.<\/p>\n","protected":false},"excerpt":{"rendered":"<p>\u00abEl Centro de Estudios de la Nobleza organiza, los d\u00edas 14 y 15 de abril de 2026, el Seminario de Investigaci\u00f3n &#8220;Nobleza obliga. Quiebras, rupturas y conflicto en las \u00e9lites nobiliarias ib\u00e9ricas (siglos XVI-XVII)\u00bb, coordinado por Santiago Mart\u00ednez Hern\u00e1ndez y Alejandra Franganillo \u00c1lvarez, profesores de la Universidad Complutense de Madrid. Los investigadores invitados a las sesiones de trabajo conformar\u00e1 un foro de debate sobre el presente y el futuro de las investigaciones sobre la nobleza en la Edad Moderna\u00bb<\/p>\n","protected":false},"author":2,"featured_media":24129,"comment_status":"open","ping_status":"open","sticky":false,"template":"","format":"standard","meta":{"footnotes":""},"categories":[140,811,665],"tags":[839,105,775,530,135,179,255,548,541],"class_list":["post-24032","post","type-post","status-publish","format-standard","has-post-thumbnail","hentry","category-biblioteca","category-centro-estudios-nobleza","category-seminarios","tag-alejandra-franganillo-alvarez","tag-biblioteca-general","tag-carmen-sanz-ayan","tag-centro-de-estudios-de-la-nobleza","tag-conferencias","tag-elites-de-poder","tag-nobleza","tag-santiago-martinez-hernandez","tag-seminario-de-investigacion"],"yoast_head":"<!-- This site is optimized with the Yoast SEO plugin v27.5 - https:\/\/yoast.com\/product\/yoast-seo-wordpress\/ -->\n<title>El Centro de Estudios de la Nobleza organiza el Seminario de Investigaci\u00f3n \u00abNobleza obliga. Quiebras, rupturas y conflicto en las \u00e9lites nobiliarias ib\u00e9ricas (siglos XVI-XVII)\u00bb - Real Maestranza de Caballer\u00eda de Ronda<\/title>\n<meta name=\"robots\" content=\"index, follow, max-snippet:-1, max-image-preview:large, max-video-preview:-1\" \/>\n<link rel=\"canonical\" href=\"https:\/\/www.rmcr.org\/en\/2026\/03\/10\/el-centro-de-estudios-de-la-nobleza-organiza-el-seminario-de-investigacion-nobleza-obliga-quiebras-rupturas-y-conflicto-en-las-elites-nobiliarias-ibericas-siglos-xvi-xvii\/\" \/>\n<meta property=\"og:locale\" content=\"en_US\" \/>\n<meta property=\"og:type\" content=\"article\" \/>\n<meta property=\"og:title\" content=\"El Centro de Estudios de la Nobleza organiza el Seminario de Investigaci\u00f3n \u00abNobleza obliga. Quiebras, rupturas y conflicto en las \u00e9lites nobiliarias ib\u00e9ricas (siglos XVI-XVII)\u00bb - Real Maestranza de Caballer\u00eda de Ronda\" \/>\n<meta property=\"og:description\" content=\"\u00abEl Centro de Estudios de la Nobleza organiza, los d\u00edas 14 y 15 de abril de 2026, el Seminario de Investigaci\u00f3n &quot;Nobleza obliga. Quiebras, rupturas y conflicto en las \u00e9lites nobiliarias ib\u00e9ricas (siglos XVI-XVII)\u00bb, coordinado por Santiago Mart\u00ednez Hern\u00e1ndez y Alejandra Franganillo \u00c1lvarez, profesores de la Universidad Complutense de Madrid. Los investigadores invitados a las sesiones de trabajo conformar\u00e1 un foro de debate sobre el presente y el futuro de las investigaciones sobre la nobleza en la Edad Moderna\u00bb\" \/>\n<meta property=\"og:url\" content=\"https:\/\/www.rmcr.org\/en\/2026\/03\/10\/el-centro-de-estudios-de-la-nobleza-organiza-el-seminario-de-investigacion-nobleza-obliga-quiebras-rupturas-y-conflicto-en-las-elites-nobiliarias-ibericas-siglos-xvi-xvii\/\" \/>\n<meta property=\"og:site_name\" content=\"Real Maestranza de Caballer\u00eda de Ronda\" \/>\n<meta property=\"article:publisher\" content=\"https:\/\/www.facebook.com\/plazadetorosronda\" \/>\n<meta property=\"article:published_time\" content=\"2026-03-10T12:11:53+00:00\" \/>\n<meta property=\"article:modified_time\" content=\"2026-03-31T12:47:25+00:00\" \/>\n<meta property=\"og:image\" content=\"https:\/\/www.rmcr.org\/wp-content\/uploads\/2026\/03\/obliga-dest.jpg\" \/>\n\t<meta property=\"og:image:width\" content=\"1200\" \/>\n\t<meta property=\"og:image:height\" content=\"680\" \/>\n\t<meta property=\"og:image:type\" content=\"image\/jpeg\" \/>\n<meta name=\"author\" content=\"BIBLIOTECA\" \/>\n<meta name=\"twitter:card\" content=\"summary_large_image\" \/>\n<meta name=\"twitter:creator\" content=\"@PlazatorosRMR\" \/>\n<meta name=\"twitter:site\" content=\"@PlazatorosRMR\" \/>\n<meta name=\"twitter:label1\" content=\"Written by\" \/>\n\t<meta name=\"twitter:data1\" content=\"BIBLIOTECA\" \/>\n\t<meta name=\"twitter:label2\" content=\"Est. reading time\" \/>\n\t<meta name=\"twitter:data2\" content=\"3 minutes\" \/>\n<script type=\"application\/ld+json\" class=\"yoast-schema-graph\">{\"@context\":\"https:\\\/\\\/schema.org\",\"@graph\":[{\"@type\":\"Article\",\"@id\":\"https:\\\/\\\/www.rmcr.org\\\/en\\\/2026\\\/03\\\/10\\\/el-centro-de-estudios-de-la-nobleza-organiza-el-seminario-de-investigacion-nobleza-obliga-quiebras-rupturas-y-conflicto-en-las-elites-nobiliarias-ibericas-siglos-xvi-xvii\\\/#article\",\"isPartOf\":{\"@id\":\"https:\\\/\\\/www.rmcr.org\\\/en\\\/2026\\\/03\\\/10\\\/el-centro-de-estudios-de-la-nobleza-organiza-el-seminario-de-investigacion-nobleza-obliga-quiebras-rupturas-y-conflicto-en-las-elites-nobiliarias-ibericas-siglos-xvi-xvii\\\/\"},\"author\":{\"name\":\"BIBLIOTECA\",\"@id\":\"https:\\\/\\\/www.rmcr.org\\\/en\\\/#\\\/schema\\\/person\\\/80849edee7ef556893505128619ea1d0\"},\"headline\":\"El Centro de Estudios de la Nobleza organiza el Seminario de Investigaci\u00f3n \u00abNobleza obliga. Quiebras, rupturas y conflicto en las \u00e9lites nobiliarias ib\u00e9ricas (siglos XVI-XVII)\u00bb\",\"datePublished\":\"2026-03-10T12:11:53+00:00\",\"dateModified\":\"2026-03-31T12:47:25+00:00\",\"mainEntityOfPage\":{\"@id\":\"https:\\\/\\\/www.rmcr.org\\\/en\\\/2026\\\/03\\\/10\\\/el-centro-de-estudios-de-la-nobleza-organiza-el-seminario-de-investigacion-nobleza-obliga-quiebras-rupturas-y-conflicto-en-las-elites-nobiliarias-ibericas-siglos-xvi-xvii\\\/\"},\"wordCount\":439,\"commentCount\":0,\"publisher\":{\"@id\":\"https:\\\/\\\/www.rmcr.org\\\/en\\\/#organization\"},\"image\":{\"@id\":\"https:\\\/\\\/www.rmcr.org\\\/en\\\/2026\\\/03\\\/10\\\/el-centro-de-estudios-de-la-nobleza-organiza-el-seminario-de-investigacion-nobleza-obliga-quiebras-rupturas-y-conflicto-en-las-elites-nobiliarias-ibericas-siglos-xvi-xvii\\\/#primaryimage\"},\"thumbnailUrl\":\"https:\\\/\\\/www.rmcr.org\\\/wp-content\\\/uploads\\\/2026\\\/03\\\/obliga-dest.jpg\",\"keywords\":[\"Alejandra Franganillo \u00c1lvarez\",\"Biblioteca\",\"Carmen Sanz Ay\u00e1n\",\"Centro de Estudios de la Nobleza\",\"Conferencias\",\"\u00c9lites de poder\",\"Nobleza\",\"Santiago Mart\u00ednez Hern\u00e1ndez\",\"Seminario de Investigaci\u00f3n\"],\"articleSection\":[\"Biblioteca\",\"Centro de Estudios de la Nobleza\",\"Seminarios\"],\"inLanguage\":\"en-US\",\"potentialAction\":[{\"@type\":\"CommentAction\",\"name\":\"Comment\",\"target\":[\"https:\\\/\\\/www.rmcr.org\\\/en\\\/2026\\\/03\\\/10\\\/el-centro-de-estudios-de-la-nobleza-organiza-el-seminario-de-investigacion-nobleza-obliga-quiebras-rupturas-y-conflicto-en-las-elites-nobiliarias-ibericas-siglos-xvi-xvii\\\/#respond\"]}]},{\"@type\":\"WebPage\",\"@id\":\"https:\\\/\\\/www.rmcr.org\\\/en\\\/2026\\\/03\\\/10\\\/el-centro-de-estudios-de-la-nobleza-organiza-el-seminario-de-investigacion-nobleza-obliga-quiebras-rupturas-y-conflicto-en-las-elites-nobiliarias-ibericas-siglos-xvi-xvii\\\/\",\"url\":\"https:\\\/\\\/www.rmcr.org\\\/en\\\/2026\\\/03\\\/10\\\/el-centro-de-estudios-de-la-nobleza-organiza-el-seminario-de-investigacion-nobleza-obliga-quiebras-rupturas-y-conflicto-en-las-elites-nobiliarias-ibericas-siglos-xvi-xvii\\\/\",\"name\":\"El Centro de Estudios de la Nobleza organiza el Seminario de Investigaci\u00f3n \u00abNobleza obliga. Quiebras, rupturas y conflicto en las \u00e9lites nobiliarias ib\u00e9ricas (siglos XVI-XVII)\u00bb - Real Maestranza de Caballer\u00eda de Ronda\",\"isPartOf\":{\"@id\":\"https:\\\/\\\/www.rmcr.org\\\/en\\\/#website\"},\"primaryImageOfPage\":{\"@id\":\"https:\\\/\\\/www.rmcr.org\\\/en\\\/2026\\\/03\\\/10\\\/el-centro-de-estudios-de-la-nobleza-organiza-el-seminario-de-investigacion-nobleza-obliga-quiebras-rupturas-y-conflicto-en-las-elites-nobiliarias-ibericas-siglos-xvi-xvii\\\/#primaryimage\"},\"image\":{\"@id\":\"https:\\\/\\\/www.rmcr.org\\\/en\\\/2026\\\/03\\\/10\\\/el-centro-de-estudios-de-la-nobleza-organiza-el-seminario-de-investigacion-nobleza-obliga-quiebras-rupturas-y-conflicto-en-las-elites-nobiliarias-ibericas-siglos-xvi-xvii\\\/#primaryimage\"},\"thumbnailUrl\":\"https:\\\/\\\/www.rmcr.org\\\/wp-content\\\/uploads\\\/2026\\\/03\\\/obliga-dest.jpg\",\"datePublished\":\"2026-03-10T12:11:53+00:00\",\"dateModified\":\"2026-03-31T12:47:25+00:00\",\"breadcrumb\":{\"@id\":\"https:\\\/\\\/www.rmcr.org\\\/en\\\/2026\\\/03\\\/10\\\/el-centro-de-estudios-de-la-nobleza-organiza-el-seminario-de-investigacion-nobleza-obliga-quiebras-rupturas-y-conflicto-en-las-elites-nobiliarias-ibericas-siglos-xvi-xvii\\\/#breadcrumb\"},\"inLanguage\":\"en-US\",\"potentialAction\":[{\"@type\":\"ReadAction\",\"target\":[\"https:\\\/\\\/www.rmcr.org\\\/en\\\/2026\\\/03\\\/10\\\/el-centro-de-estudios-de-la-nobleza-organiza-el-seminario-de-investigacion-nobleza-obliga-quiebras-rupturas-y-conflicto-en-las-elites-nobiliarias-ibericas-siglos-xvi-xvii\\\/\"]}]},{\"@type\":\"ImageObject\",\"inLanguage\":\"en-US\",\"@id\":\"https:\\\/\\\/www.rmcr.org\\\/en\\\/2026\\\/03\\\/10\\\/el-centro-de-estudios-de-la-nobleza-organiza-el-seminario-de-investigacion-nobleza-obliga-quiebras-rupturas-y-conflicto-en-las-elites-nobiliarias-ibericas-siglos-xvi-xvii\\\/#primaryimage\",\"url\":\"https:\\\/\\\/www.rmcr.org\\\/wp-content\\\/uploads\\\/2026\\\/03\\\/obliga-dest.jpg\",\"contentUrl\":\"https:\\\/\\\/www.rmcr.org\\\/wp-content\\\/uploads\\\/2026\\\/03\\\/obliga-dest.jpg\",\"width\":1200,\"height\":680},{\"@type\":\"BreadcrumbList\",\"@id\":\"https:\\\/\\\/www.rmcr.org\\\/en\\\/2026\\\/03\\\/10\\\/el-centro-de-estudios-de-la-nobleza-organiza-el-seminario-de-investigacion-nobleza-obliga-quiebras-rupturas-y-conflicto-en-las-elites-nobiliarias-ibericas-siglos-xvi-xvii\\\/#breadcrumb\",\"itemListElement\":[{\"@type\":\"ListItem\",\"position\":1,\"name\":\"REAL MAESTRANZA DE CABALLER\u00cdA DE RONDA\",\"item\":\"https:\\\/\\\/www.rmcr.org\\\/en\\\/\"},{\"@type\":\"ListItem\",\"position\":2,\"name\":\"El Centro de Estudios de la Nobleza organiza el Seminario de Investigaci\u00f3n \u00abNobleza obliga. Quiebras, rupturas y conflicto en las \u00e9lites nobiliarias ib\u00e9ricas (siglos XVI-XVII)\u00bb\"}]},{\"@type\":\"WebSite\",\"@id\":\"https:\\\/\\\/www.rmcr.org\\\/en\\\/#website\",\"url\":\"https:\\\/\\\/www.rmcr.org\\\/en\\\/\",\"name\":\"Real Maestranza de Caballer\u00eda de Ronda\",\"description\":\"Real Maestranza de Caballer\u00eda de Ronda\",\"publisher\":{\"@id\":\"https:\\\/\\\/www.rmcr.org\\\/en\\\/#organization\"},\"alternateName\":\"RMCR\",\"potentialAction\":[{\"@type\":\"SearchAction\",\"target\":{\"@type\":\"EntryPoint\",\"urlTemplate\":\"https:\\\/\\\/www.rmcr.org\\\/en\\\/?s={search_term_string}\"},\"query-input\":{\"@type\":\"PropertyValueSpecification\",\"valueRequired\":true,\"valueName\":\"search_term_string\"}}],\"inLanguage\":\"en-US\"},{\"@type\":\"Organization\",\"@id\":\"https:\\\/\\\/www.rmcr.org\\\/en\\\/#organization\",\"name\":\"Real Maestranza de Caballer\u00eda de Ronda\",\"alternateName\":\"RMR\",\"url\":\"https:\\\/\\\/www.rmcr.org\\\/en\\\/\",\"logo\":{\"@type\":\"ImageObject\",\"inLanguage\":\"en-US\",\"@id\":\"https:\\\/\\\/www.rmcr.org\\\/en\\\/#\\\/schema\\\/logo\\\/image\\\/\",\"url\":\"https:\\\/\\\/www.rmcr.org\\\/wp-content\\\/uploads\\\/2022\\\/07\\\/logo-rmr-blue.svg\",\"contentUrl\":\"https:\\\/\\\/www.rmcr.org\\\/wp-content\\\/uploads\\\/2022\\\/07\\\/logo-rmr-blue.svg\",\"width\":131,\"height\":129,\"caption\":\"Real Maestranza de Caballer\u00eda de Ronda\"},\"image\":{\"@id\":\"https:\\\/\\\/www.rmcr.org\\\/en\\\/#\\\/schema\\\/logo\\\/image\\\/\"},\"sameAs\":[\"https:\\\/\\\/www.facebook.com\\\/plazadetorosronda\",\"https:\\\/\\\/x.com\\\/PlazatorosRMR\",\"https:\\\/\\\/www.instagram.com\\\/realmaestranzaderonda\\\/\",\"https:\\\/\\\/www.youtube.com\\\/channel\\\/UCrbO5IUN-8v_QML739vM4zg\\\/videos\"]},{\"@type\":\"Person\",\"@id\":\"https:\\\/\\\/www.rmcr.org\\\/en\\\/#\\\/schema\\\/person\\\/80849edee7ef556893505128619ea1d0\",\"name\":\"BIBLIOTECA\",\"image\":{\"@type\":\"ImageObject\",\"inLanguage\":\"en-US\",\"@id\":\"https:\\\/\\\/www.rmcr.org\\\/wp-content\\\/uploads\\\/2022\\\/11\\\/avatar-rmcr-96x96.png\",\"url\":\"https:\\\/\\\/www.rmcr.org\\\/wp-content\\\/uploads\\\/2022\\\/11\\\/avatar-rmcr-96x96.png\",\"contentUrl\":\"https:\\\/\\\/www.rmcr.org\\\/wp-content\\\/uploads\\\/2022\\\/11\\\/avatar-rmcr-96x96.png\",\"caption\":\"BIBLIOTECA\"},\"url\":\"https:\\\/\\\/www.rmcr.org\\\/en\\\/author\\\/juan-antonio-moreno\\\/\"}]}<\/script>\n<!-- \/ Yoast SEO plugin. -->","yoast_head_json":{"title":"El Centro de Estudios de la Nobleza organiza el Seminario de Investigaci\u00f3n \u00abNobleza obliga. Quiebras, rupturas y conflicto en las \u00e9lites nobiliarias ib\u00e9ricas (siglos XVI-XVII)\u00bb - Real Maestranza de Caballer\u00eda de Ronda","robots":{"index":"index","follow":"follow","max-snippet":"max-snippet:-1","max-image-preview":"max-image-preview:large","max-video-preview":"max-video-preview:-1"},"canonical":"https:\/\/www.rmcr.org\/en\/2026\/03\/10\/el-centro-de-estudios-de-la-nobleza-organiza-el-seminario-de-investigacion-nobleza-obliga-quiebras-rupturas-y-conflicto-en-las-elites-nobiliarias-ibericas-siglos-xvi-xvii\/","og_locale":"en_US","og_type":"article","og_title":"El Centro de Estudios de la Nobleza organiza el Seminario de Investigaci\u00f3n \u00abNobleza obliga. Quiebras, rupturas y conflicto en las \u00e9lites nobiliarias ib\u00e9ricas (siglos XVI-XVII)\u00bb - Real Maestranza de Caballer\u00eda de Ronda","og_description":"\u00abEl Centro de Estudios de la Nobleza organiza, los d\u00edas 14 y 15 de abril de 2026, el Seminario de Investigaci\u00f3n \"Nobleza obliga. Quiebras, rupturas y conflicto en las \u00e9lites nobiliarias ib\u00e9ricas (siglos XVI-XVII)\u00bb, coordinado por Santiago Mart\u00ednez Hern\u00e1ndez y Alejandra Franganillo \u00c1lvarez, profesores de la Universidad Complutense de Madrid. Los investigadores invitados a las sesiones de trabajo conformar\u00e1 un foro de debate sobre el presente y el futuro de las investigaciones sobre la nobleza en la Edad Moderna\u00bb","og_url":"https:\/\/www.rmcr.org\/en\/2026\/03\/10\/el-centro-de-estudios-de-la-nobleza-organiza-el-seminario-de-investigacion-nobleza-obliga-quiebras-rupturas-y-conflicto-en-las-elites-nobiliarias-ibericas-siglos-xvi-xvii\/","og_site_name":"Real Maestranza de Caballer\u00eda de Ronda","article_publisher":"https:\/\/www.facebook.com\/plazadetorosronda","article_published_time":"2026-03-10T12:11:53+00:00","article_modified_time":"2026-03-31T12:47:25+00:00","og_image":[{"width":1200,"height":680,"url":"https:\/\/www.rmcr.org\/wp-content\/uploads\/2026\/03\/obliga-dest.jpg","type":"image\/jpeg"}],"author":"BIBLIOTECA","twitter_card":"summary_large_image","twitter_creator":"@PlazatorosRMR","twitter_site":"@PlazatorosRMR","twitter_misc":{"Written by":"BIBLIOTECA","Est. reading time":"3 minutes"},"schema":{"@context":"https:\/\/schema.org","@graph":[{"@type":"Article","@id":"https:\/\/www.rmcr.org\/en\/2026\/03\/10\/el-centro-de-estudios-de-la-nobleza-organiza-el-seminario-de-investigacion-nobleza-obliga-quiebras-rupturas-y-conflicto-en-las-elites-nobiliarias-ibericas-siglos-xvi-xvii\/#article","isPartOf":{"@id":"https:\/\/www.rmcr.org\/en\/2026\/03\/10\/el-centro-de-estudios-de-la-nobleza-organiza-el-seminario-de-investigacion-nobleza-obliga-quiebras-rupturas-y-conflicto-en-las-elites-nobiliarias-ibericas-siglos-xvi-xvii\/"},"author":{"name":"BIBLIOTECA","@id":"https:\/\/www.rmcr.org\/en\/#\/schema\/person\/80849edee7ef556893505128619ea1d0"},"headline":"El Centro de Estudios de la Nobleza organiza el Seminario de Investigaci\u00f3n \u00abNobleza obliga. Quiebras, rupturas y conflicto en las \u00e9lites nobiliarias ib\u00e9ricas (siglos XVI-XVII)\u00bb","datePublished":"2026-03-10T12:11:53+00:00","dateModified":"2026-03-31T12:47:25+00:00","mainEntityOfPage":{"@id":"https:\/\/www.rmcr.org\/en\/2026\/03\/10\/el-centro-de-estudios-de-la-nobleza-organiza-el-seminario-de-investigacion-nobleza-obliga-quiebras-rupturas-y-conflicto-en-las-elites-nobiliarias-ibericas-siglos-xvi-xvii\/"},"wordCount":439,"commentCount":0,"publisher":{"@id":"https:\/\/www.rmcr.org\/en\/#organization"},"image":{"@id":"https:\/\/www.rmcr.org\/en\/2026\/03\/10\/el-centro-de-estudios-de-la-nobleza-organiza-el-seminario-de-investigacion-nobleza-obliga-quiebras-rupturas-y-conflicto-en-las-elites-nobiliarias-ibericas-siglos-xvi-xvii\/#primaryimage"},"thumbnailUrl":"https:\/\/www.rmcr.org\/wp-content\/uploads\/2026\/03\/obliga-dest.jpg","keywords":["Alejandra Franganillo \u00c1lvarez","Biblioteca","Carmen Sanz Ay\u00e1n","Centro de Estudios de la Nobleza","Conferencias","\u00c9lites de poder","Nobleza","Santiago Mart\u00ednez Hern\u00e1ndez","Seminario de Investigaci\u00f3n"],"articleSection":["Biblioteca","Centro de Estudios de la Nobleza","Seminarios"],"inLanguage":"en-US","potentialAction":[{"@type":"CommentAction","name":"Comment","target":["https:\/\/www.rmcr.org\/en\/2026\/03\/10\/el-centro-de-estudios-de-la-nobleza-organiza-el-seminario-de-investigacion-nobleza-obliga-quiebras-rupturas-y-conflicto-en-las-elites-nobiliarias-ibericas-siglos-xvi-xvii\/#respond"]}]},{"@type":"WebPage","@id":"https:\/\/www.rmcr.org\/en\/2026\/03\/10\/el-centro-de-estudios-de-la-nobleza-organiza-el-seminario-de-investigacion-nobleza-obliga-quiebras-rupturas-y-conflicto-en-las-elites-nobiliarias-ibericas-siglos-xvi-xvii\/","url":"https:\/\/www.rmcr.org\/en\/2026\/03\/10\/el-centro-de-estudios-de-la-nobleza-organiza-el-seminario-de-investigacion-nobleza-obliga-quiebras-rupturas-y-conflicto-en-las-elites-nobiliarias-ibericas-siglos-xvi-xvii\/","name":"El Centro de Estudios de la Nobleza organiza el Seminario de Investigaci\u00f3n \u00abNobleza obliga. Quiebras, rupturas y conflicto en las \u00e9lites nobiliarias ib\u00e9ricas (siglos XVI-XVII)\u00bb - Real Maestranza de Caballer\u00eda de Ronda","isPartOf":{"@id":"https:\/\/www.rmcr.org\/en\/#website"},"primaryImageOfPage":{"@id":"https:\/\/www.rmcr.org\/en\/2026\/03\/10\/el-centro-de-estudios-de-la-nobleza-organiza-el-seminario-de-investigacion-nobleza-obliga-quiebras-rupturas-y-conflicto-en-las-elites-nobiliarias-ibericas-siglos-xvi-xvii\/#primaryimage"},"image":{"@id":"https:\/\/www.rmcr.org\/en\/2026\/03\/10\/el-centro-de-estudios-de-la-nobleza-organiza-el-seminario-de-investigacion-nobleza-obliga-quiebras-rupturas-y-conflicto-en-las-elites-nobiliarias-ibericas-siglos-xvi-xvii\/#primaryimage"},"thumbnailUrl":"https:\/\/www.rmcr.org\/wp-content\/uploads\/2026\/03\/obliga-dest.jpg","datePublished":"2026-03-10T12:11:53+00:00","dateModified":"2026-03-31T12:47:25+00:00","breadcrumb":{"@id":"https:\/\/www.rmcr.org\/en\/2026\/03\/10\/el-centro-de-estudios-de-la-nobleza-organiza-el-seminario-de-investigacion-nobleza-obliga-quiebras-rupturas-y-conflicto-en-las-elites-nobiliarias-ibericas-siglos-xvi-xvii\/#breadcrumb"},"inLanguage":"en-US","potentialAction":[{"@type":"ReadAction","target":["https:\/\/www.rmcr.org\/en\/2026\/03\/10\/el-centro-de-estudios-de-la-nobleza-organiza-el-seminario-de-investigacion-nobleza-obliga-quiebras-rupturas-y-conflicto-en-las-elites-nobiliarias-ibericas-siglos-xvi-xvii\/"]}]},{"@type":"ImageObject","inLanguage":"en-US","@id":"https:\/\/www.rmcr.org\/en\/2026\/03\/10\/el-centro-de-estudios-de-la-nobleza-organiza-el-seminario-de-investigacion-nobleza-obliga-quiebras-rupturas-y-conflicto-en-las-elites-nobiliarias-ibericas-siglos-xvi-xvii\/#primaryimage","url":"https:\/\/www.rmcr.org\/wp-content\/uploads\/2026\/03\/obliga-dest.jpg","contentUrl":"https:\/\/www.rmcr.org\/wp-content\/uploads\/2026\/03\/obliga-dest.jpg","width":1200,"height":680},{"@type":"BreadcrumbList","@id":"https:\/\/www.rmcr.org\/en\/2026\/03\/10\/el-centro-de-estudios-de-la-nobleza-organiza-el-seminario-de-investigacion-nobleza-obliga-quiebras-rupturas-y-conflicto-en-las-elites-nobiliarias-ibericas-siglos-xvi-xvii\/#breadcrumb","itemListElement":[{"@type":"ListItem","position":1,"name":"REAL MAESTRANZA DE CABALLER\u00cdA DE RONDA","item":"https:\/\/www.rmcr.org\/en\/"},{"@type":"ListItem","position":2,"name":"El Centro de Estudios de la Nobleza organiza el Seminario de Investigaci\u00f3n \u00abNobleza obliga. Quiebras, rupturas y conflicto en las \u00e9lites nobiliarias ib\u00e9ricas (siglos XVI-XVII)\u00bb"}]},{"@type":"WebSite","@id":"https:\/\/www.rmcr.org\/en\/#website","url":"https:\/\/www.rmcr.org\/en\/","name":"Real Maestranza de Caballer\u00eda de Ronda","description":"Real Maestranza de Caballer\u00eda de Ronda","publisher":{"@id":"https:\/\/www.rmcr.org\/en\/#organization"},"alternateName":"RMCR","potentialAction":[{"@type":"SearchAction","target":{"@type":"EntryPoint","urlTemplate":"https:\/\/www.rmcr.org\/en\/?s={search_term_string}"},"query-input":{"@type":"PropertyValueSpecification","valueRequired":true,"valueName":"search_term_string"}}],"inLanguage":"en-US"},{"@type":"Organization","@id":"https:\/\/www.rmcr.org\/en\/#organization","name":"Real Maestranza de Caballer\u00eda de Ronda","alternateName":"RMR","url":"https:\/\/www.rmcr.org\/en\/","logo":{"@type":"ImageObject","inLanguage":"en-US","@id":"https:\/\/www.rmcr.org\/en\/#\/schema\/logo\/image\/","url":"https:\/\/www.rmcr.org\/wp-content\/uploads\/2022\/07\/logo-rmr-blue.svg","contentUrl":"https:\/\/www.rmcr.org\/wp-content\/uploads\/2022\/07\/logo-rmr-blue.svg","width":131,"height":129,"caption":"Real Maestranza de Caballer\u00eda de Ronda"},"image":{"@id":"https:\/\/www.rmcr.org\/en\/#\/schema\/logo\/image\/"},"sameAs":["https:\/\/www.facebook.com\/plazadetorosronda","https:\/\/x.com\/PlazatorosRMR","https:\/\/www.instagram.com\/realmaestranzaderonda\/","https:\/\/www.youtube.com\/channel\/UCrbO5IUN-8v_QML739vM4zg\/videos"]},{"@type":"Person","@id":"https:\/\/www.rmcr.org\/en\/#\/schema\/person\/80849edee7ef556893505128619ea1d0","name":"BIBLIOTECA","image":{"@type":"ImageObject","inLanguage":"en-US","@id":"https:\/\/www.rmcr.org\/wp-content\/uploads\/2022\/11\/avatar-rmcr-96x96.png","url":"https:\/\/www.rmcr.org\/wp-content\/uploads\/2022\/11\/avatar-rmcr-96x96.png","contentUrl":"https:\/\/www.rmcr.org\/wp-content\/uploads\/2022\/11\/avatar-rmcr-96x96.png","caption":"BIBLIOTECA"},"url":"https:\/\/www.rmcr.org\/en\/author\/juan-antonio-moreno\/"}]}},"_links":{"self":[{"href":"https:\/\/www.rmcr.org\/en\/wp-json\/wp\/v2\/posts\/24032","targetHints":{"allow":["GET"]}}],"collection":[{"href":"https:\/\/www.rmcr.org\/en\/wp-json\/wp\/v2\/posts"}],"about":[{"href":"https:\/\/www.rmcr.org\/en\/wp-json\/wp\/v2\/types\/post"}],"author":[{"embeddable":true,"href":"https:\/\/www.rmcr.org\/en\/wp-json\/wp\/v2\/users\/2"}],"replies":[{"embeddable":true,"href":"https:\/\/www.rmcr.org\/en\/wp-json\/wp\/v2\/comments?post=24032"}],"version-history":[{"count":8,"href":"https:\/\/www.rmcr.org\/en\/wp-json\/wp\/v2\/posts\/24032\/revisions"}],"predecessor-version":[{"id":24200,"href":"https:\/\/www.rmcr.org\/en\/wp-json\/wp\/v2\/posts\/24032\/revisions\/24200"}],"wp:featuredmedia":[{"embeddable":true,"href":"https:\/\/www.rmcr.org\/en\/wp-json\/wp\/v2\/media\/24129"}],"wp:attachment":[{"href":"https:\/\/www.rmcr.org\/en\/wp-json\/wp\/v2\/media?parent=24032"}],"wp:term":[{"taxonomy":"category","embeddable":true,"href":"https:\/\/www.rmcr.org\/en\/wp-json\/wp\/v2\/categories?post=24032"},{"taxonomy":"post_tag","embeddable":true,"href":"https:\/\/www.rmcr.org\/en\/wp-json\/wp\/v2\/tags?post=24032"}],"curies":[{"name":"wp","href":"https:\/\/api.w.org\/{rel}","templated":true}]}}