{"id":23976,"date":"2026-01-15T13:54:10","date_gmt":"2026-01-15T13:54:10","guid":{"rendered":"https:\/\/www.rmcr.org\/?p=23976"},"modified":"2026-03-18T10:47:23","modified_gmt":"2026-03-18T10:47:23","slug":"biblioteca-rmr-no-148-cuestion-de-enfoque-estudios-sobre-la-nobleza-espanola-desde-el-marquesado-de-los-velez-enero-2026","status":"publish","type":"post","link":"https:\/\/www.rmcr.org\/en\/2026\/01\/15\/biblioteca-rmr-no-148-cuestion-de-enfoque-estudios-sobre-la-nobleza-espanola-desde-el-marquesado-de-los-velez-enero-2026\/","title":{"rendered":"Biblioteca-RMR: N\u00ba 148. Cuesti\u00f3n de enfoque. Estudios sobre la nobleza espa\u00f1ola desde el marquesado de los V\u00e9lez. Enero 2026."},"content":{"rendered":"<p style=\"text-align: center;\"><strong>\u00b7 VACIADO DE ART\u00cdCULOS \u00b7<\/strong><br \/>\n<strong>\u00b7 BIBLIOTECA DE LA REAL MAESTRANZA DE CABALLER\u00cdA DE RONDA \u00b7<\/strong><br \/>\n<strong>\u00b7 ENERO 2026 <\/strong><strong>\u00b7<\/strong><\/p>\n<p style=\"text-align: center;\"><strong>\u00b7 FONDO \u00c9LITES DE PODER \u00b7<\/strong><\/p>\n<p>Si la nobleza europea logr\u00f3 sobrevivir como grupo social de referencia durante siglos fue gracias a su incre\u00edble capacidad de adaptaci\u00f3n a las novedades.\u00a0O mejor, a su habilidad para integrar cambios y al mismo tiempo seguir haciendo de los valores tradicionales una fuente de legitimidad.<\/p>\n<p>Esa tensi\u00f3n entre lo nuevo y lo que permanece tambi\u00e9n se percibe en la base de las actitudes, los comportamientos y las formas de relaci\u00f3n de las familias nobles espa\u00f1olas a lo largo del Setecientos.<\/p>\n<p>El libro titulado \u00abCuesti\u00f3n de enfoque. Estudios sobre la nobleza espa\u00f1ola desde el marquesado de los V\u00e9lez (1700-1840)\u00bb, editado por <a href=\"https:\/\/www.um.es\/web\/historia-moderna\/conocenos\/directorio\/francisco-precioso-izquierdo\" target=\"_blank\" rel=\"noopener\">Francisco Precioso Izquierdo<\/a>, profesor del Departamento de Historia Moderna, Contempor\u00e1nea, de Am\u00e9rica y del Pensamiento y los Movimientos Sociales y Pol\u00edticos de la Universidad de Murcia, presenta diversas dimensiones relacionadas con el conflicto a trav\u00e9s de catorce investigaciones, precedidas de una introducci\u00f3n.<\/p>\n<p>As\u00ed, el poder femenino, el endeudamiento, el clientelismo, la labor de patronazgo, la conservaci\u00f3n del patrimonio o la proyecci\u00f3n de una imagen al gusto de los tiempos muestran, a su vez, la diversidad de caminos recorridos por la aristocracia espa\u00f1ola durante el largo siglo XVIII.<\/p>\n<p>Y todo surge del estudio de un caso paradigm\u00e1tico, como es el marquesado de los V\u00e9lez, parte integrante de una constelaci\u00f3n de t\u00edtulos, casas y se\u00f1or\u00edos gobernados por un mismo titular (Villafranca, Montalto, Medina Sidonia, coyunturalmente Oropesa y hasta la casa de Alba).<\/p>\n<p>Por lo que, es importante tener en cuenta, el enfoque est\u00e1 determinado por la evoluci\u00f3n de la realidad nobiliaria m\u00e1s significativa del sureste peninsular espa\u00f1ol desde finales del siglo XV.<\/p>\n<p><strong>Ficha bibliogr\u00e1fica<\/strong><\/p>\n<p><em>Cuesti\u00f3n de enfoque : estudios sobre la nobleza espa\u00f1ola desde el marquesado de los V\u00e9lez (1700-1840)<\/em> \/ <strong>Francisco Precioso Izquierdo<\/strong> (ed.). &#8212; Valencia : Tirant Humanidades, 2026. &#8212; 454 p. : il. ; 22 cm. &#8212; (Cr\u00f3nica \/ Historia).<br \/>\nD.L. V. 4807-2025<br \/>\nISBN 978-84-1081-736-4<br \/>\n<em>V\u00e9lez, marqueses de los-Historia<\/em><br \/>\n<em>Nobleza-Espa\u00f1a-Historia<\/em><br \/>\n<em>Precioso Izquierdo, Francisco<\/em><\/p>\n<p><img fetchpriority=\"high\" decoding=\"async\" class=\"aligncenter wp-image-23985 size-full\" src=\"https:\/\/www.rmcr.org\/wp-content\/uploads\/2026\/01\/1027498b.jpg\" alt=\"\" width=\"450\" height=\"643\" srcset=\"https:\/\/www.rmcr.org\/wp-content\/uploads\/2026\/01\/1027498b.jpg 450w, https:\/\/www.rmcr.org\/wp-content\/uploads\/2026\/01\/1027498b-210x300.jpg 210w\" sizes=\"(max-width: 450px) 100vw, 450px\" \/><\/p>\n<p style=\"text-align: center;\"><em>\u00abCuesti\u00f3n de enfoque. Estudios sobre la nobleza espa\u00f1ola desde el marquesado de los V\u00e9lez (1700-1840)\u00bb (Tirant Humanidades, 2026).<\/em><\/p>\n<p><em>Presentaci\u00f3n : miradas a la nobleza espa\u00f1ola del siglo XVIII desde el marquesado de los V\u00e9lez<\/em> \/ <strong>Francisco Precioso Izquierdo<\/strong>. &#8212; P. 11-19.<\/p>\n<p><em>Esperando a los b\u00e1rbaros en v\u00edsperas del siglo ilustrado : argumentos para defender la nobleza en la literatura del Siglo de Oro<\/em> \/ <strong>Santiago Arag\u00f3n Mateos<\/strong>. &#8212; P. 23-69.<\/p>\n<p><em>Familia, linaje y servicio : la nobleza cortesana hispana durante el siglo XVIII : posibles pautas de interpretaci\u00f3n<\/em> \/ <strong>Marcelo Luzzi Traficante<\/strong>. &#8212; P. 71-99.<\/p>\n<p><em>La correspondencia de la condesa de Eril en Galicia (1760-1765)<\/em> \/ <strong>Daniel Mena Acevedo<\/strong>. &#8212; P. 101-126.<\/p>\n<p><em>Nobleza y (nueva) Grandeza del XIII Duque de Medina Sidonia<\/em> \/ <strong>Arianna Giorgi<\/strong>. &#8212; P. 129-161.<\/p>\n<p><em>Tras las puertas del palacio : el legado material de Mar\u00eda Teresa Fajardo<\/em> \/ <strong>Carmen Mar\u00eda Campos L\u00f3pez<\/strong>. &#8212; P. 163-177.<\/p>\n<p><em>Entre casas y linajes : de Alba a Medina Sidonia : Mariana de Silva y \u00c1lvarez de Toledo a mediados del siglo XVIII<\/em> \/ <strong>Bego\u00f1a Mart\u00ednez San Nicol\u00e1s<\/strong>. &#8212; P. 179-208.<\/p>\n<p>Don Jos\u00e9 \u00c1lvarez de Toledo, duque de Alba y marqu\u00e9s de Villafranca y de los V\u00e9lez : semblanza en contexto \/ <strong>M\u00aa del Mar Nicol\u00e1s Mart\u00ednez<\/strong>. &#8212; P. 209-240.<\/p>\n<p><em>La marquesa de Villafranca y de los V\u00e9lez : aristocracia y liderazgo en \u00e9poca de mudanza<\/em> \/ <strong>Cristina Roda Alcantud<\/strong>. &#8212; P. 241-269.<\/p>\n<p><em>\u00abPara que usando de su mucha caridad se sirva su Grandeza concederla\u00bb : asistencia y recompensa en el se\u00f1or\u00edo de los V\u00e9lez en el largo siglo XVIII<\/em> \/ <strong>Francisco Precioso Izquierdo<\/strong>. &#8212; P. 273-297.<\/p>\n<p><em>Beneficiario y benefactores : relaciones de servicios y econom\u00eda donativa entre el administrador Mateo Salgado y los Marqueses de Villafranca y los V\u00e9lez (1775-1799)<\/em> \/ <strong>Juan Hern\u00e1ndez Franco<\/strong>, <strong>Antonio Irigoyen L\u00f3pez<\/strong>. &#8212; P. 299-321.<\/p>\n<p><em>\u00ab&#8230; hubo en el castillo quatrozientos ingleses que se hizieron prisioneros en la guerra nombrada batalla de Almansa\u00bb : el castillo de Mula en el siglo XVIII : un siglo entre conflictos b\u00e9licos<\/em> \/ <strong>Jos\u00e9 Antonio Zapata Parra<\/strong>. &#8212; P. 323-350.<\/p>\n<p><em>El diario de viaje de D. Antonio \u00c1lvarez de Toledo, X marqu\u00e9s de los V\u00e9lez, a sus posesiones de los reinos de Granada y Murcia (1769-1770)<\/em> \/ <strong>Juli\u00e1n Pablo D\u00edaz L\u00f3pez<\/strong>, <strong>Jos\u00e9 Domingo Lentisco Puche<\/strong>. &#8212; P. 351-398.<\/p>\n<p><em>Formas de gesti\u00f3n y reproducci\u00f3n de un estado se\u00f1orial encubierto : Mazarr\u00f3n bajo el X marqu\u00e9s de los V\u00e9lez (siglo XVIII)<\/em> \/ <strong>Mar\u00eda \u00c1ngeles Ballesta Mu\u00f1oz<\/strong>. &#8212; P. 399-429.<\/p>\n<p><em>Las casas de los marqueses de Villafranca y V\u00e9lez en la Ciudad de Murcia en los siglos XVIII y XIX<\/em> \/ <strong>Pedro Mart\u00ednez Cavero<\/strong>, <strong>Domingo Beltr\u00e1n Corbal\u00e1n<\/strong>. &#8212; P. 431-454.<\/p>\n","protected":false},"excerpt":{"rendered":"<p>\u00abEl libro \u201cCuesti\u00f3n de enfoque. Estudios sobre la nobleza espa\u00f1ola desde el marquesado de los V\u00e9lez (1700-1840)&#8221;, cuyo editor es el profesor del Departamento de Historia Moderna de la Universidad de Murcia, Francisco Precioso Izquierdo, se compone de una introducci\u00f3n y catorce investigaciones que analizan las diversas dimensiones del conflicto que tiene lugar en las familias nobles espa\u00f1olas a lo largo del siglo XVIII, preocupadas en integrar los nuevos cambios producidos en la sociedad, a la vez que segu\u00edan haciendo de los valores tradicionales una fuente de legitimidad\u00bb<\/p>\n","protected":false},"author":2,"featured_media":23987,"comment_status":"open","ping_status":"open","sticky":false,"template":"","format":"standard","meta":{"footnotes":""},"categories":[140,791],"tags":[223,237,105,252,176,179,137,255],"class_list":["post-23976","post","type-post","status-publish","format-standard","has-post-thumbnail","hentry","category-biblioteca","category-boletin-bibliografico-biblioteca-rmr","tag-articulos","tag-bibliografias","tag-biblioteca-general","tag-biblioteca-rmr","tag-boletin-mensual-bibliografico","tag-elites-de-poder","tag-libros","tag-nobleza"],"yoast_head":"<!-- This site is optimized with the Yoast SEO plugin v27.5 - https:\/\/yoast.com\/product\/yoast-seo-wordpress\/ -->\n<title>Biblioteca-RMR: N\u00ba 148. Cuesti\u00f3n de enfoque. Estudios sobre la nobleza espa\u00f1ola desde el marquesado de los V\u00e9lez. Enero 2026. - Real Maestranza de Caballer\u00eda de Ronda<\/title>\n<meta name=\"robots\" content=\"index, follow, max-snippet:-1, max-image-preview:large, max-video-preview:-1\" \/>\n<link rel=\"canonical\" href=\"https:\/\/www.rmcr.org\/en\/2026\/01\/15\/biblioteca-rmr-no-148-cuestion-de-enfoque-estudios-sobre-la-nobleza-espanola-desde-el-marquesado-de-los-velez-enero-2026\/\" \/>\n<meta property=\"og:locale\" content=\"en_US\" \/>\n<meta property=\"og:type\" content=\"article\" \/>\n<meta property=\"og:title\" content=\"Biblioteca-RMR: N\u00ba 148. Cuesti\u00f3n de enfoque. Estudios sobre la nobleza espa\u00f1ola desde el marquesado de los V\u00e9lez. Enero 2026. - Real Maestranza de Caballer\u00eda de Ronda\" \/>\n<meta property=\"og:description\" content=\"\u00abEl libro \u201cCuesti\u00f3n de enfoque. Estudios sobre la nobleza espa\u00f1ola desde el marquesado de los V\u00e9lez (1700-1840)&quot;, cuyo editor es el profesor del Departamento de Historia Moderna de la Universidad de Murcia, Francisco Precioso Izquierdo, se compone de una introducci\u00f3n y catorce investigaciones que analizan las diversas dimensiones del conflicto que tiene lugar en las familias nobles espa\u00f1olas a lo largo del siglo XVIII, preocupadas en integrar los nuevos cambios producidos en la sociedad, a la vez que segu\u00edan haciendo de los valores tradicionales una fuente de legitimidad\u00bb\" \/>\n<meta property=\"og:url\" content=\"https:\/\/www.rmcr.org\/en\/2026\/01\/15\/biblioteca-rmr-no-148-cuestion-de-enfoque-estudios-sobre-la-nobleza-espanola-desde-el-marquesado-de-los-velez-enero-2026\/\" \/>\n<meta property=\"og:site_name\" content=\"Real Maestranza de Caballer\u00eda de Ronda\" \/>\n<meta property=\"article:publisher\" content=\"https:\/\/www.facebook.com\/plazadetorosronda\" \/>\n<meta property=\"article:published_time\" content=\"2026-01-15T13:54:10+00:00\" \/>\n<meta property=\"article:modified_time\" content=\"2026-03-18T10:47:23+00:00\" \/>\n<meta property=\"og:image\" content=\"https:\/\/www.rmcr.org\/wp-content\/uploads\/2026\/01\/1027498-dest.jpg\" \/>\n\t<meta property=\"og:image:width\" content=\"1891\" \/>\n\t<meta property=\"og:image:height\" content=\"679\" \/>\n\t<meta property=\"og:image:type\" content=\"image\/jpeg\" \/>\n<meta name=\"author\" content=\"BIBLIOTECA\" \/>\n<meta name=\"twitter:card\" content=\"summary_large_image\" \/>\n<meta name=\"twitter:creator\" content=\"@PlazatorosRMR\" \/>\n<meta name=\"twitter:site\" content=\"@PlazatorosRMR\" \/>\n<meta name=\"twitter:label1\" content=\"Written by\" \/>\n\t<meta name=\"twitter:data1\" content=\"BIBLIOTECA\" \/>\n\t<meta name=\"twitter:label2\" content=\"Est. reading time\" \/>\n\t<meta name=\"twitter:data2\" content=\"4 minutes\" \/>\n<script type=\"application\/ld+json\" class=\"yoast-schema-graph\">{\"@context\":\"https:\\\/\\\/schema.org\",\"@graph\":[{\"@type\":\"Article\",\"@id\":\"https:\\\/\\\/www.rmcr.org\\\/en\\\/2026\\\/01\\\/15\\\/biblioteca-rmr-no-148-cuestion-de-enfoque-estudios-sobre-la-nobleza-espanola-desde-el-marquesado-de-los-velez-enero-2026\\\/#article\",\"isPartOf\":{\"@id\":\"https:\\\/\\\/www.rmcr.org\\\/en\\\/2026\\\/01\\\/15\\\/biblioteca-rmr-no-148-cuestion-de-enfoque-estudios-sobre-la-nobleza-espanola-desde-el-marquesado-de-los-velez-enero-2026\\\/\"},\"author\":{\"name\":\"BIBLIOTECA\",\"@id\":\"https:\\\/\\\/www.rmcr.org\\\/en\\\/#\\\/schema\\\/person\\\/80849edee7ef556893505128619ea1d0\"},\"headline\":\"Biblioteca-RMR: N\u00ba 148. Cuesti\u00f3n de enfoque. Estudios sobre la nobleza espa\u00f1ola desde el marquesado de los V\u00e9lez. Enero 2026.\",\"datePublished\":\"2026-01-15T13:54:10+00:00\",\"dateModified\":\"2026-03-18T10:47:23+00:00\",\"mainEntityOfPage\":{\"@id\":\"https:\\\/\\\/www.rmcr.org\\\/en\\\/2026\\\/01\\\/15\\\/biblioteca-rmr-no-148-cuestion-de-enfoque-estudios-sobre-la-nobleza-espanola-desde-el-marquesado-de-los-velez-enero-2026\\\/\"},\"wordCount\":835,\"commentCount\":0,\"publisher\":{\"@id\":\"https:\\\/\\\/www.rmcr.org\\\/en\\\/#organization\"},\"image\":{\"@id\":\"https:\\\/\\\/www.rmcr.org\\\/en\\\/2026\\\/01\\\/15\\\/biblioteca-rmr-no-148-cuestion-de-enfoque-estudios-sobre-la-nobleza-espanola-desde-el-marquesado-de-los-velez-enero-2026\\\/#primaryimage\"},\"thumbnailUrl\":\"https:\\\/\\\/www.rmcr.org\\\/wp-content\\\/uploads\\\/2026\\\/01\\\/1027498-dest.jpg\",\"keywords\":[\"Art\u00edculos\",\"Bibliograf\u00edas\",\"Biblioteca\",\"Biblioteca-RMR\",\"Bolet\u00edn mensual bibliogr\u00e1fico\",\"\u00c9lites de poder\",\"Libros\",\"Nobleza\"],\"articleSection\":[\"Biblioteca\",\"Bolet\u00edn bibliogr\u00e1fico Biblioteca-RMR\"],\"inLanguage\":\"en-US\",\"potentialAction\":[{\"@type\":\"CommentAction\",\"name\":\"Comment\",\"target\":[\"https:\\\/\\\/www.rmcr.org\\\/en\\\/2026\\\/01\\\/15\\\/biblioteca-rmr-no-148-cuestion-de-enfoque-estudios-sobre-la-nobleza-espanola-desde-el-marquesado-de-los-velez-enero-2026\\\/#respond\"]}]},{\"@type\":\"WebPage\",\"@id\":\"https:\\\/\\\/www.rmcr.org\\\/en\\\/2026\\\/01\\\/15\\\/biblioteca-rmr-no-148-cuestion-de-enfoque-estudios-sobre-la-nobleza-espanola-desde-el-marquesado-de-los-velez-enero-2026\\\/\",\"url\":\"https:\\\/\\\/www.rmcr.org\\\/en\\\/2026\\\/01\\\/15\\\/biblioteca-rmr-no-148-cuestion-de-enfoque-estudios-sobre-la-nobleza-espanola-desde-el-marquesado-de-los-velez-enero-2026\\\/\",\"name\":\"Biblioteca-RMR: N\u00ba 148. Cuesti\u00f3n de enfoque. Estudios sobre la nobleza espa\u00f1ola desde el marquesado de los V\u00e9lez. Enero 2026. - Real Maestranza de Caballer\u00eda de Ronda\",\"isPartOf\":{\"@id\":\"https:\\\/\\\/www.rmcr.org\\\/en\\\/#website\"},\"primaryImageOfPage\":{\"@id\":\"https:\\\/\\\/www.rmcr.org\\\/en\\\/2026\\\/01\\\/15\\\/biblioteca-rmr-no-148-cuestion-de-enfoque-estudios-sobre-la-nobleza-espanola-desde-el-marquesado-de-los-velez-enero-2026\\\/#primaryimage\"},\"image\":{\"@id\":\"https:\\\/\\\/www.rmcr.org\\\/en\\\/2026\\\/01\\\/15\\\/biblioteca-rmr-no-148-cuestion-de-enfoque-estudios-sobre-la-nobleza-espanola-desde-el-marquesado-de-los-velez-enero-2026\\\/#primaryimage\"},\"thumbnailUrl\":\"https:\\\/\\\/www.rmcr.org\\\/wp-content\\\/uploads\\\/2026\\\/01\\\/1027498-dest.jpg\",\"datePublished\":\"2026-01-15T13:54:10+00:00\",\"dateModified\":\"2026-03-18T10:47:23+00:00\",\"breadcrumb\":{\"@id\":\"https:\\\/\\\/www.rmcr.org\\\/en\\\/2026\\\/01\\\/15\\\/biblioteca-rmr-no-148-cuestion-de-enfoque-estudios-sobre-la-nobleza-espanola-desde-el-marquesado-de-los-velez-enero-2026\\\/#breadcrumb\"},\"inLanguage\":\"en-US\",\"potentialAction\":[{\"@type\":\"ReadAction\",\"target\":[\"https:\\\/\\\/www.rmcr.org\\\/en\\\/2026\\\/01\\\/15\\\/biblioteca-rmr-no-148-cuestion-de-enfoque-estudios-sobre-la-nobleza-espanola-desde-el-marquesado-de-los-velez-enero-2026\\\/\"]}]},{\"@type\":\"ImageObject\",\"inLanguage\":\"en-US\",\"@id\":\"https:\\\/\\\/www.rmcr.org\\\/en\\\/2026\\\/01\\\/15\\\/biblioteca-rmr-no-148-cuestion-de-enfoque-estudios-sobre-la-nobleza-espanola-desde-el-marquesado-de-los-velez-enero-2026\\\/#primaryimage\",\"url\":\"https:\\\/\\\/www.rmcr.org\\\/wp-content\\\/uploads\\\/2026\\\/01\\\/1027498-dest.jpg\",\"contentUrl\":\"https:\\\/\\\/www.rmcr.org\\\/wp-content\\\/uploads\\\/2026\\\/01\\\/1027498-dest.jpg\",\"width\":1891,\"height\":679},{\"@type\":\"BreadcrumbList\",\"@id\":\"https:\\\/\\\/www.rmcr.org\\\/en\\\/2026\\\/01\\\/15\\\/biblioteca-rmr-no-148-cuestion-de-enfoque-estudios-sobre-la-nobleza-espanola-desde-el-marquesado-de-los-velez-enero-2026\\\/#breadcrumb\",\"itemListElement\":[{\"@type\":\"ListItem\",\"position\":1,\"name\":\"REAL MAESTRANZA DE CABALLER\u00cdA DE RONDA\",\"item\":\"https:\\\/\\\/www.rmcr.org\\\/en\\\/\"},{\"@type\":\"ListItem\",\"position\":2,\"name\":\"Biblioteca-RMR: N\u00ba 148. Cuesti\u00f3n de enfoque. Estudios sobre la nobleza espa\u00f1ola desde el marquesado de los V\u00e9lez. Enero 2026.\"}]},{\"@type\":\"WebSite\",\"@id\":\"https:\\\/\\\/www.rmcr.org\\\/en\\\/#website\",\"url\":\"https:\\\/\\\/www.rmcr.org\\\/en\\\/\",\"name\":\"Real Maestranza de Caballer\u00eda de Ronda\",\"description\":\"Real Maestranza de Caballer\u00eda de Ronda\",\"publisher\":{\"@id\":\"https:\\\/\\\/www.rmcr.org\\\/en\\\/#organization\"},\"alternateName\":\"RMCR\",\"potentialAction\":[{\"@type\":\"SearchAction\",\"target\":{\"@type\":\"EntryPoint\",\"urlTemplate\":\"https:\\\/\\\/www.rmcr.org\\\/en\\\/?s={search_term_string}\"},\"query-input\":{\"@type\":\"PropertyValueSpecification\",\"valueRequired\":true,\"valueName\":\"search_term_string\"}}],\"inLanguage\":\"en-US\"},{\"@type\":\"Organization\",\"@id\":\"https:\\\/\\\/www.rmcr.org\\\/en\\\/#organization\",\"name\":\"Real Maestranza de Caballer\u00eda de Ronda\",\"alternateName\":\"RMR\",\"url\":\"https:\\\/\\\/www.rmcr.org\\\/en\\\/\",\"logo\":{\"@type\":\"ImageObject\",\"inLanguage\":\"en-US\",\"@id\":\"https:\\\/\\\/www.rmcr.org\\\/en\\\/#\\\/schema\\\/logo\\\/image\\\/\",\"url\":\"https:\\\/\\\/www.rmcr.org\\\/wp-content\\\/uploads\\\/2022\\\/07\\\/logo-rmr-blue.svg\",\"contentUrl\":\"https:\\\/\\\/www.rmcr.org\\\/wp-content\\\/uploads\\\/2022\\\/07\\\/logo-rmr-blue.svg\",\"width\":131,\"height\":129,\"caption\":\"Real Maestranza de Caballer\u00eda de Ronda\"},\"image\":{\"@id\":\"https:\\\/\\\/www.rmcr.org\\\/en\\\/#\\\/schema\\\/logo\\\/image\\\/\"},\"sameAs\":[\"https:\\\/\\\/www.facebook.com\\\/plazadetorosronda\",\"https:\\\/\\\/x.com\\\/PlazatorosRMR\",\"https:\\\/\\\/www.instagram.com\\\/realmaestranzaderonda\\\/\",\"https:\\\/\\\/www.youtube.com\\\/channel\\\/UCrbO5IUN-8v_QML739vM4zg\\\/videos\"]},{\"@type\":\"Person\",\"@id\":\"https:\\\/\\\/www.rmcr.org\\\/en\\\/#\\\/schema\\\/person\\\/80849edee7ef556893505128619ea1d0\",\"name\":\"BIBLIOTECA\",\"image\":{\"@type\":\"ImageObject\",\"inLanguage\":\"en-US\",\"@id\":\"https:\\\/\\\/www.rmcr.org\\\/wp-content\\\/uploads\\\/2022\\\/11\\\/avatar-rmcr-96x96.png\",\"url\":\"https:\\\/\\\/www.rmcr.org\\\/wp-content\\\/uploads\\\/2022\\\/11\\\/avatar-rmcr-96x96.png\",\"contentUrl\":\"https:\\\/\\\/www.rmcr.org\\\/wp-content\\\/uploads\\\/2022\\\/11\\\/avatar-rmcr-96x96.png\",\"caption\":\"BIBLIOTECA\"},\"url\":\"https:\\\/\\\/www.rmcr.org\\\/en\\\/author\\\/juan-antonio-moreno\\\/\"}]}<\/script>\n<!-- \/ Yoast SEO plugin. -->","yoast_head_json":{"title":"Biblioteca-RMR: N\u00ba 148. Cuesti\u00f3n de enfoque. Estudios sobre la nobleza espa\u00f1ola desde el marquesado de los V\u00e9lez. Enero 2026. - Real Maestranza de Caballer\u00eda de Ronda","robots":{"index":"index","follow":"follow","max-snippet":"max-snippet:-1","max-image-preview":"max-image-preview:large","max-video-preview":"max-video-preview:-1"},"canonical":"https:\/\/www.rmcr.org\/en\/2026\/01\/15\/biblioteca-rmr-no-148-cuestion-de-enfoque-estudios-sobre-la-nobleza-espanola-desde-el-marquesado-de-los-velez-enero-2026\/","og_locale":"en_US","og_type":"article","og_title":"Biblioteca-RMR: N\u00ba 148. Cuesti\u00f3n de enfoque. Estudios sobre la nobleza espa\u00f1ola desde el marquesado de los V\u00e9lez. Enero 2026. - Real Maestranza de Caballer\u00eda de Ronda","og_description":"\u00abEl libro \u201cCuesti\u00f3n de enfoque. Estudios sobre la nobleza espa\u00f1ola desde el marquesado de los V\u00e9lez (1700-1840)\", cuyo editor es el profesor del Departamento de Historia Moderna de la Universidad de Murcia, Francisco Precioso Izquierdo, se compone de una introducci\u00f3n y catorce investigaciones que analizan las diversas dimensiones del conflicto que tiene lugar en las familias nobles espa\u00f1olas a lo largo del siglo XVIII, preocupadas en integrar los nuevos cambios producidos en la sociedad, a la vez que segu\u00edan haciendo de los valores tradicionales una fuente de legitimidad\u00bb","og_url":"https:\/\/www.rmcr.org\/en\/2026\/01\/15\/biblioteca-rmr-no-148-cuestion-de-enfoque-estudios-sobre-la-nobleza-espanola-desde-el-marquesado-de-los-velez-enero-2026\/","og_site_name":"Real Maestranza de Caballer\u00eda de Ronda","article_publisher":"https:\/\/www.facebook.com\/plazadetorosronda","article_published_time":"2026-01-15T13:54:10+00:00","article_modified_time":"2026-03-18T10:47:23+00:00","og_image":[{"width":1891,"height":679,"url":"https:\/\/www.rmcr.org\/wp-content\/uploads\/2026\/01\/1027498-dest.jpg","type":"image\/jpeg"}],"author":"BIBLIOTECA","twitter_card":"summary_large_image","twitter_creator":"@PlazatorosRMR","twitter_site":"@PlazatorosRMR","twitter_misc":{"Written by":"BIBLIOTECA","Est. reading time":"4 minutes"},"schema":{"@context":"https:\/\/schema.org","@graph":[{"@type":"Article","@id":"https:\/\/www.rmcr.org\/en\/2026\/01\/15\/biblioteca-rmr-no-148-cuestion-de-enfoque-estudios-sobre-la-nobleza-espanola-desde-el-marquesado-de-los-velez-enero-2026\/#article","isPartOf":{"@id":"https:\/\/www.rmcr.org\/en\/2026\/01\/15\/biblioteca-rmr-no-148-cuestion-de-enfoque-estudios-sobre-la-nobleza-espanola-desde-el-marquesado-de-los-velez-enero-2026\/"},"author":{"name":"BIBLIOTECA","@id":"https:\/\/www.rmcr.org\/en\/#\/schema\/person\/80849edee7ef556893505128619ea1d0"},"headline":"Biblioteca-RMR: N\u00ba 148. Cuesti\u00f3n de enfoque. Estudios sobre la nobleza espa\u00f1ola desde el marquesado de los V\u00e9lez. Enero 2026.","datePublished":"2026-01-15T13:54:10+00:00","dateModified":"2026-03-18T10:47:23+00:00","mainEntityOfPage":{"@id":"https:\/\/www.rmcr.org\/en\/2026\/01\/15\/biblioteca-rmr-no-148-cuestion-de-enfoque-estudios-sobre-la-nobleza-espanola-desde-el-marquesado-de-los-velez-enero-2026\/"},"wordCount":835,"commentCount":0,"publisher":{"@id":"https:\/\/www.rmcr.org\/en\/#organization"},"image":{"@id":"https:\/\/www.rmcr.org\/en\/2026\/01\/15\/biblioteca-rmr-no-148-cuestion-de-enfoque-estudios-sobre-la-nobleza-espanola-desde-el-marquesado-de-los-velez-enero-2026\/#primaryimage"},"thumbnailUrl":"https:\/\/www.rmcr.org\/wp-content\/uploads\/2026\/01\/1027498-dest.jpg","keywords":["Art\u00edculos","Bibliograf\u00edas","Biblioteca","Biblioteca-RMR","Bolet\u00edn mensual bibliogr\u00e1fico","\u00c9lites de poder","Libros","Nobleza"],"articleSection":["Biblioteca","Bolet\u00edn bibliogr\u00e1fico Biblioteca-RMR"],"inLanguage":"en-US","potentialAction":[{"@type":"CommentAction","name":"Comment","target":["https:\/\/www.rmcr.org\/en\/2026\/01\/15\/biblioteca-rmr-no-148-cuestion-de-enfoque-estudios-sobre-la-nobleza-espanola-desde-el-marquesado-de-los-velez-enero-2026\/#respond"]}]},{"@type":"WebPage","@id":"https:\/\/www.rmcr.org\/en\/2026\/01\/15\/biblioteca-rmr-no-148-cuestion-de-enfoque-estudios-sobre-la-nobleza-espanola-desde-el-marquesado-de-los-velez-enero-2026\/","url":"https:\/\/www.rmcr.org\/en\/2026\/01\/15\/biblioteca-rmr-no-148-cuestion-de-enfoque-estudios-sobre-la-nobleza-espanola-desde-el-marquesado-de-los-velez-enero-2026\/","name":"Biblioteca-RMR: N\u00ba 148. Cuesti\u00f3n de enfoque. Estudios sobre la nobleza espa\u00f1ola desde el marquesado de los V\u00e9lez. Enero 2026. - Real Maestranza de Caballer\u00eda de Ronda","isPartOf":{"@id":"https:\/\/www.rmcr.org\/en\/#website"},"primaryImageOfPage":{"@id":"https:\/\/www.rmcr.org\/en\/2026\/01\/15\/biblioteca-rmr-no-148-cuestion-de-enfoque-estudios-sobre-la-nobleza-espanola-desde-el-marquesado-de-los-velez-enero-2026\/#primaryimage"},"image":{"@id":"https:\/\/www.rmcr.org\/en\/2026\/01\/15\/biblioteca-rmr-no-148-cuestion-de-enfoque-estudios-sobre-la-nobleza-espanola-desde-el-marquesado-de-los-velez-enero-2026\/#primaryimage"},"thumbnailUrl":"https:\/\/www.rmcr.org\/wp-content\/uploads\/2026\/01\/1027498-dest.jpg","datePublished":"2026-01-15T13:54:10+00:00","dateModified":"2026-03-18T10:47:23+00:00","breadcrumb":{"@id":"https:\/\/www.rmcr.org\/en\/2026\/01\/15\/biblioteca-rmr-no-148-cuestion-de-enfoque-estudios-sobre-la-nobleza-espanola-desde-el-marquesado-de-los-velez-enero-2026\/#breadcrumb"},"inLanguage":"en-US","potentialAction":[{"@type":"ReadAction","target":["https:\/\/www.rmcr.org\/en\/2026\/01\/15\/biblioteca-rmr-no-148-cuestion-de-enfoque-estudios-sobre-la-nobleza-espanola-desde-el-marquesado-de-los-velez-enero-2026\/"]}]},{"@type":"ImageObject","inLanguage":"en-US","@id":"https:\/\/www.rmcr.org\/en\/2026\/01\/15\/biblioteca-rmr-no-148-cuestion-de-enfoque-estudios-sobre-la-nobleza-espanola-desde-el-marquesado-de-los-velez-enero-2026\/#primaryimage","url":"https:\/\/www.rmcr.org\/wp-content\/uploads\/2026\/01\/1027498-dest.jpg","contentUrl":"https:\/\/www.rmcr.org\/wp-content\/uploads\/2026\/01\/1027498-dest.jpg","width":1891,"height":679},{"@type":"BreadcrumbList","@id":"https:\/\/www.rmcr.org\/en\/2026\/01\/15\/biblioteca-rmr-no-148-cuestion-de-enfoque-estudios-sobre-la-nobleza-espanola-desde-el-marquesado-de-los-velez-enero-2026\/#breadcrumb","itemListElement":[{"@type":"ListItem","position":1,"name":"REAL MAESTRANZA DE CABALLER\u00cdA DE RONDA","item":"https:\/\/www.rmcr.org\/en\/"},{"@type":"ListItem","position":2,"name":"Biblioteca-RMR: N\u00ba 148. Cuesti\u00f3n de enfoque. Estudios sobre la nobleza espa\u00f1ola desde el marquesado de los V\u00e9lez. Enero 2026."}]},{"@type":"WebSite","@id":"https:\/\/www.rmcr.org\/en\/#website","url":"https:\/\/www.rmcr.org\/en\/","name":"Real Maestranza de Caballer\u00eda de Ronda","description":"Real Maestranza de Caballer\u00eda de Ronda","publisher":{"@id":"https:\/\/www.rmcr.org\/en\/#organization"},"alternateName":"RMCR","potentialAction":[{"@type":"SearchAction","target":{"@type":"EntryPoint","urlTemplate":"https:\/\/www.rmcr.org\/en\/?s={search_term_string}"},"query-input":{"@type":"PropertyValueSpecification","valueRequired":true,"valueName":"search_term_string"}}],"inLanguage":"en-US"},{"@type":"Organization","@id":"https:\/\/www.rmcr.org\/en\/#organization","name":"Real Maestranza de Caballer\u00eda de Ronda","alternateName":"RMR","url":"https:\/\/www.rmcr.org\/en\/","logo":{"@type":"ImageObject","inLanguage":"en-US","@id":"https:\/\/www.rmcr.org\/en\/#\/schema\/logo\/image\/","url":"https:\/\/www.rmcr.org\/wp-content\/uploads\/2022\/07\/logo-rmr-blue.svg","contentUrl":"https:\/\/www.rmcr.org\/wp-content\/uploads\/2022\/07\/logo-rmr-blue.svg","width":131,"height":129,"caption":"Real Maestranza de Caballer\u00eda de Ronda"},"image":{"@id":"https:\/\/www.rmcr.org\/en\/#\/schema\/logo\/image\/"},"sameAs":["https:\/\/www.facebook.com\/plazadetorosronda","https:\/\/x.com\/PlazatorosRMR","https:\/\/www.instagram.com\/realmaestranzaderonda\/","https:\/\/www.youtube.com\/channel\/UCrbO5IUN-8v_QML739vM4zg\/videos"]},{"@type":"Person","@id":"https:\/\/www.rmcr.org\/en\/#\/schema\/person\/80849edee7ef556893505128619ea1d0","name":"BIBLIOTECA","image":{"@type":"ImageObject","inLanguage":"en-US","@id":"https:\/\/www.rmcr.org\/wp-content\/uploads\/2022\/11\/avatar-rmcr-96x96.png","url":"https:\/\/www.rmcr.org\/wp-content\/uploads\/2022\/11\/avatar-rmcr-96x96.png","contentUrl":"https:\/\/www.rmcr.org\/wp-content\/uploads\/2022\/11\/avatar-rmcr-96x96.png","caption":"BIBLIOTECA"},"url":"https:\/\/www.rmcr.org\/en\/author\/juan-antonio-moreno\/"}]}},"_links":{"self":[{"href":"https:\/\/www.rmcr.org\/en\/wp-json\/wp\/v2\/posts\/23976","targetHints":{"allow":["GET"]}}],"collection":[{"href":"https:\/\/www.rmcr.org\/en\/wp-json\/wp\/v2\/posts"}],"about":[{"href":"https:\/\/www.rmcr.org\/en\/wp-json\/wp\/v2\/types\/post"}],"author":[{"embeddable":true,"href":"https:\/\/www.rmcr.org\/en\/wp-json\/wp\/v2\/users\/2"}],"replies":[{"embeddable":true,"href":"https:\/\/www.rmcr.org\/en\/wp-json\/wp\/v2\/comments?post=23976"}],"version-history":[{"count":6,"href":"https:\/\/www.rmcr.org\/en\/wp-json\/wp\/v2\/posts\/23976\/revisions"}],"predecessor-version":[{"id":23995,"href":"https:\/\/www.rmcr.org\/en\/wp-json\/wp\/v2\/posts\/23976\/revisions\/23995"}],"wp:featuredmedia":[{"embeddable":true,"href":"https:\/\/www.rmcr.org\/en\/wp-json\/wp\/v2\/media\/23987"}],"wp:attachment":[{"href":"https:\/\/www.rmcr.org\/en\/wp-json\/wp\/v2\/media?parent=23976"}],"wp:term":[{"taxonomy":"category","embeddable":true,"href":"https:\/\/www.rmcr.org\/en\/wp-json\/wp\/v2\/categories?post=23976"},{"taxonomy":"post_tag","embeddable":true,"href":"https:\/\/www.rmcr.org\/en\/wp-json\/wp\/v2\/tags?post=23976"}],"curies":[{"name":"wp","href":"https:\/\/api.w.org\/{rel}","templated":true}]}}