{"id":23970,"date":"2026-02-24T09:16:43","date_gmt":"2026-02-24T09:16:43","guid":{"rendered":"https:\/\/www.rmcr.org\/?p=23970"},"modified":"2026-03-24T09:16:47","modified_gmt":"2026-03-24T09:16:47","slug":"prestamo-vestido-goyesco-duquesa-de-alba-1974-cayetana-grande-de-espana","status":"publish","type":"post","link":"https:\/\/www.rmcr.org\/en\/2026\/02\/24\/prestamo-vestido-goyesco-duquesa-de-alba-1974-cayetana-grande-de-espana\/","title":{"rendered":"Pr\u00e9stamo del vestido goyesco de la Duquesa de Alba para la exposici\u00f3n \u00abCayetana. Grande de Espa\u00f1a\u00bb"},"content":{"rendered":"\n<p>La Real Maestranza de Caballer\u00eda de Ronda colabora con la <a href=\"https:\/\/www.fundacioncasadealba.com\/exposiciones\">Fundaci\u00f3n Casa de Alba<\/a> con el pr\u00e9stamo temporal del vestido de Presidenta de Damas Goyescas de Cayetana Fitz-James Stuart, Duquesa de Alba, del a\u00f1o 1974. La pieza, donada por la Duquesa a la instituci\u00f3n, viaja a Sevilla para integrarse en la exposici\u00f3n temporal \u00ab<a href=\"https:\/\/www.juntadeandalucia.es\/cultura\/agendaculturaldeandalucia\/evento\/cayetana-grande-de-espana-exposicion-duquesa-de-alba-en-sevilla\">Cayetana. Grande de Espa\u00f1a<\/a>\u00bb, organizada en el Palacio de Las Due\u00f1as entre principios de marzo y finales de agosto de 2026.<\/p>\n\n\n\n<p>La muestra, estructurada en cinco secciones, reunir\u00e1 m\u00e1s de 200 piezas \u2014obras art\u00edsticas, documentos, fotograf\u00edas, objetos personales y alta costura\u2014 con el objetivo de recorrer su biograf\u00eda y su proyecci\u00f3n cultural.<\/p>\n\n\n\n<figure class=\"wp-block-gallery has-nested-images columns-default is-cropped wp-block-gallery-1 is-layout-flex wp-block-gallery-is-layout-flex\">\n<figure class=\"wp-block-image size-large\"><img fetchpriority=\"high\" decoding=\"async\" width=\"1024\" height=\"811\" data-id=\"23977\" src=\"https:\/\/www.rmcr.org\/wp-content\/uploads\/2026\/02\/H96_0088-1024x811.png\" alt=\"\" class=\"wp-image-23977\" srcset=\"https:\/\/www.rmcr.org\/wp-content\/uploads\/2026\/02\/H96_0088-1024x811.png 1024w, https:\/\/www.rmcr.org\/wp-content\/uploads\/2026\/02\/H96_0088-300x238.png 300w, https:\/\/www.rmcr.org\/wp-content\/uploads\/2026\/02\/H96_0088-768x608.png 768w, https:\/\/www.rmcr.org\/wp-content\/uploads\/2026\/02\/H96_0088-1536x1216.png 1536w, https:\/\/www.rmcr.org\/wp-content\/uploads\/2026\/02\/H96_0088.png 1701w\" sizes=\"(max-width: 1024px) 100vw, 1024px\" \/><\/figure>\n<\/figure>\n\n\n\n<p class=\"has-text-align-center\"><em>Escaparate goyesco en la Sala de la Tauromaquia de la Real Maestranza de Caballer\u00eda de Ronda. Imagen: Pepe Mor\u00f3n<\/em><\/p>\n\n\n\n<p><br>El vestido fue obra del dise\u00f1ador sevillano Tony Ben\u00edtez, modista con una trayectoria consolidada en la moda espa\u00f1ola. Aunque trabaj\u00f3 durante unos a\u00f1os como practicante, orient\u00f3 su carrera desde joven hacia la costura, \u00e1mbito al que se dedic\u00f3 plenamente desde los 24 a\u00f1os. Comenz\u00f3 vendiendo botones y, tras a\u00f1os de trabajo, lleg\u00f3 a convertirse en modista de la Casa Real espa\u00f1ola durante cerca de tres d\u00e9cadas. A lo largo de su carrera visti\u00f3 a figuras como Lola Flores, Roc\u00edo Jurado y la propia Duquesa de Alba, y realiz\u00f3 adem\u00e1s numerosos dise\u00f1os para la boda de la infanta Elena en Sevilla.<\/p>\n\n\n\n<p>El vestido, una prenda goyesca en azul y azabache, con pasamaner\u00eda y ornamentos caracter\u00edsticos, forma parte de la colecci\u00f3n permanente de la <a href=\"https:\/\/www.rmcr.org\/tauromaquia\/\">Sala de la Tauromaquia<\/a>, en el escaparate dedicado a la Tradicional Corrida Goyesca, junto a otras piezas vinculadas a esta cita: los vestidos goyescos de Antonio Ord\u00f3\u00f1ez, Paquirri, Francisco Rivera Ord\u00f3\u00f1ez y Jos\u00e9 Antonio Morante de la Puebla, el vestido de Presidenta de Soledad Becerril, un tapiz de Jos\u00e9 Caballero y un cartel de Joaqu\u00edn Peinado. La prenda se confeccion\u00f3 en 1974, a\u00f1o en que la Duquesa fue designada Presidenta de las Damas Goyescas de la Feria de Pedro Romero.<\/p>\n\n\n\n<p>Los trajes de goyesca forman parte de la imagen festiva de la corrida, pero su origen cultural es anterior: remiten a la est\u00e9tica popular del Madrid del siglo XVIII fijada en la obra de Francisco de Goya. La Duquesa de Alba conoc\u00eda bien esa tradici\u00f3n, como refleja la fotograf\u00eda conservada en nuestro archivo: para la ocasi\u00f3n luci\u00f3 un vestido azul con apliques de azabache y madro\u00f1era, completado con una gargantilla de perlas y una medalla prendida al pecho.<\/p>\n\n\n\n<p>El cartel de la corrida goyesca, celebrada el 10 de septiembre de 1974, reuni\u00f3 a Antonio Ord\u00f3\u00f1ez, Paquirri y Ni\u00f1o de la Capea, con reses de Herederos de Carlos N\u00fa\u00f1ez. Aquella feria sum\u00f3 varios hitos: la presidencia de la Duquesa de Alba, la segunda corrida de Paquirri en Ronda junto a Antonio Ord\u00f3\u00f1ez, y la inauguraci\u00f3n del nuevo recinto ferial (en la Avenida de M\u00e1laga, junto al campo de f\u00fatbol), que form\u00f3 parte del ambiente general de la ciudad en esas fechas.<\/p>\n\n\n\n<figure class=\"wp-block-image size-large\"><a href=\"https:\/\/www.facebook.com\/groups\/httpswww.rmcr.org20230303documentarondaun\"><img decoding=\"async\" width=\"965\" height=\"734\" src=\"https:\/\/www.rmcr.org\/wp-content\/uploads\/2026\/02\/Af_Prv_Agu-C47-n17-20.png\" alt=\"\" class=\"wp-image-23973\" srcset=\"https:\/\/www.rmcr.org\/wp-content\/uploads\/2026\/02\/Af_Prv_Agu-C47-n17-20.png 965w, https:\/\/www.rmcr.org\/wp-content\/uploads\/2026\/02\/Af_Prv_Agu-C47-n17-20-300x228.png 300w, https:\/\/www.rmcr.org\/wp-content\/uploads\/2026\/02\/Af_Prv_Agu-C47-n17-20-768x584.png 768w\" sizes=\"(max-width: 965px) 100vw, 965px\" \/><\/a><\/figure>\n\n\n\n<p class=\"has-text-align-center\"><em>Cayetana Fitz-James Stuart, Duquesa de Alba, junto a otras Damas Goyescas. 1974. Archivo Fotogr\u00e1fico de la Real Maestranza de Caballer\u00eda de Ronda, Fondo Aguilera (Af_Prv_Agu C47-n17).<\/em><\/p>\n\n\n\n<p>El periodista del peri\u00f3dico SUR, Francisco Cort\u00e9s Ja\u00e9n, recogi\u00f3 en su cr\u00f3nica lo siguiente (mi\u00e9rcoles 11 de septiembre): \u00abLa Corrida Goyesca de Ronda es diferente. Es otra cosa completamente distinta de las corridas que presenciamos en la Costa e incluso aquellas del interior. Por todo. Porque incluso los toreros que alternan con Antonio Ord\u00f3\u00f1ez parece que se trasfiguran y procuran siempre hacer el toreo que reclama la plaza ronde\u00f1a. Toreo puro, toreo cl\u00e1sico, lejos de la extravagancia y la taurina. Esta corrida de Ronda es una especie de relax para aquellos que unas veces por afici\u00f3n, la m\u00e1s por obligaci\u00f3n, vemos corridas todos los domingos con carteles extra\u00f1os, con un p\u00fablico heterodoxo que no sabe ver toros, que se entusiasma con los molinetes y las manoletinas. En Ronda nos divertimos siempre. Quiz\u00e1 influya que venimos sugestionados por ese ambiente \u00fanico que se respira. Quiz\u00e1 y sin quiz\u00e1, con toda seguridad, porque la presencia de Antonio Ord\u00f3\u00f1ez equivale a una desintoxicaci\u00f3n de lo mucho malo que aguantamos por esas plazas.\u00bb<\/p>\n","protected":false},"excerpt":{"rendered":"<p>\u00abLa Real Maestranza de Ronda presta a la Fundaci\u00f3n Casa de Alba el vestido de Presidenta de Damas Goyescas de Cayetana Fitz-James Stuart (1974), donado a la instituci\u00f3n, para la exposici\u00f3n \u00abCayetana. Grande de Espa\u00f1a\u00bb en Las Due\u00f1as (marzo\u2013agosto 2026).\u00bb<\/p>\n","protected":false},"author":5,"featured_media":23971,"comment_status":"open","ping_status":"open","sticky":false,"template":"","format":"standard","meta":{"footnotes":""},"categories":[142,31],"tags":[835,838,836,837,259,315,98,519],"class_list":["post-23970","post","type-post","status-publish","format-standard","has-post-thumbnail","hentry","category-exposiciones","category-noticias","tag-cayetana-fitz-james-stuart","tag-coleccion","tag-duquesa-de-alba","tag-exposicion-temporal","tag-patrimonio","tag-plaza-de-toros-de-ronda","tag-real-maestranza-de-caballeria-de-ronda","tag-sala-de-la-tauromaquia"],"yoast_head":"<!-- This site is optimized with the Yoast SEO plugin v27.5 - https:\/\/yoast.com\/product\/yoast-seo-wordpress\/ -->\n<title>vestido goyesco Duquesa de Alba 1974<\/title>\n<meta name=\"description\" content=\"La Real Maestranza de Ronda presta a la Fundaci\u00f3n Casa de Alba el vestido de Presidenta de Damas Goyescas de Cayetana Fitz-James Stuart (1974), donado a la instituci\u00f3n, para la exposici\u00f3n \u00abCayetana. Grande de Espa\u00f1a\u00bb en Las Due\u00f1as (marzo\u2013agosto 2026).\" \/>\n<meta name=\"robots\" content=\"index, follow, max-snippet:-1, max-image-preview:large, max-video-preview:-1\" \/>\n<link rel=\"canonical\" href=\"https:\/\/www.rmcr.org\/en\/2026\/02\/24\/prestamo-vestido-goyesco-duquesa-de-alba-1974-cayetana-grande-de-espana\/\" \/>\n<meta property=\"og:locale\" content=\"en_US\" \/>\n<meta property=\"og:type\" content=\"article\" \/>\n<meta property=\"og:title\" content=\"vestido goyesco Duquesa de Alba 1974\" \/>\n<meta property=\"og:description\" content=\"La Real Maestranza de Ronda presta a la Fundaci\u00f3n Casa de Alba el vestido de Presidenta de Damas Goyescas de Cayetana Fitz-James Stuart (1974), donado a la instituci\u00f3n, para la exposici\u00f3n \u00abCayetana. Grande de Espa\u00f1a\u00bb en Las Due\u00f1as (marzo\u2013agosto 2026).\" \/>\n<meta property=\"og:url\" content=\"https:\/\/www.rmcr.org\/en\/2026\/02\/24\/prestamo-vestido-goyesco-duquesa-de-alba-1974-cayetana-grande-de-espana\/\" \/>\n<meta property=\"og:site_name\" content=\"Real Maestranza de Caballer\u00eda de Ronda\" \/>\n<meta property=\"article:publisher\" content=\"https:\/\/www.facebook.com\/plazadetorosronda\" \/>\n<meta property=\"article:published_time\" content=\"2026-02-24T09:16:43+00:00\" \/>\n<meta property=\"article:modified_time\" content=\"2026-03-24T09:16:47+00:00\" \/>\n<meta property=\"og:image\" content=\"https:\/\/www.rmcr.org\/wp-content\/uploads\/2026\/02\/Portada_vestido.png\" \/>\n\t<meta property=\"og:image:width\" content=\"945\" \/>\n\t<meta property=\"og:image:height\" content=\"340\" \/>\n\t<meta property=\"og:image:type\" content=\"image\/png\" \/>\n<meta name=\"author\" content=\"MUSEO\" \/>\n<meta name=\"twitter:card\" content=\"summary_large_image\" \/>\n<meta name=\"twitter:creator\" content=\"@PlazatorosRMR\" \/>\n<meta name=\"twitter:site\" content=\"@PlazatorosRMR\" \/>\n<meta name=\"twitter:label1\" content=\"Written by\" \/>\n\t<meta name=\"twitter:data1\" content=\"MUSEO\" \/>\n\t<meta name=\"twitter:label2\" content=\"Est. reading time\" \/>\n\t<meta name=\"twitter:data2\" content=\"4 minutes\" \/>\n<script type=\"application\/ld+json\" class=\"yoast-schema-graph\">{\"@context\":\"https:\\\/\\\/schema.org\",\"@graph\":[{\"@type\":\"Article\",\"@id\":\"https:\\\/\\\/www.rmcr.org\\\/en\\\/2026\\\/02\\\/24\\\/prestamo-vestido-goyesco-duquesa-de-alba-1974-cayetana-grande-de-espana\\\/#article\",\"isPartOf\":{\"@id\":\"https:\\\/\\\/www.rmcr.org\\\/en\\\/2026\\\/02\\\/24\\\/prestamo-vestido-goyesco-duquesa-de-alba-1974-cayetana-grande-de-espana\\\/\"},\"author\":{\"name\":\"MUSEO\",\"@id\":\"https:\\\/\\\/www.rmcr.org\\\/en\\\/#\\\/schema\\\/person\\\/6e5eb50e802ff5f1419c0fea9935ae36\"},\"headline\":\"Pr\u00e9stamo del vestido goyesco de la Duquesa de Alba para la exposici\u00f3n \u00abCayetana. Grande de Espa\u00f1a\u00bb\",\"datePublished\":\"2026-02-24T09:16:43+00:00\",\"dateModified\":\"2026-03-24T09:16:47+00:00\",\"mainEntityOfPage\":{\"@id\":\"https:\\\/\\\/www.rmcr.org\\\/en\\\/2026\\\/02\\\/24\\\/prestamo-vestido-goyesco-duquesa-de-alba-1974-cayetana-grande-de-espana\\\/\"},\"wordCount\":757,\"commentCount\":0,\"publisher\":{\"@id\":\"https:\\\/\\\/www.rmcr.org\\\/en\\\/#organization\"},\"image\":{\"@id\":\"https:\\\/\\\/www.rmcr.org\\\/en\\\/2026\\\/02\\\/24\\\/prestamo-vestido-goyesco-duquesa-de-alba-1974-cayetana-grande-de-espana\\\/#primaryimage\"},\"thumbnailUrl\":\"https:\\\/\\\/www.rmcr.org\\\/wp-content\\\/uploads\\\/2026\\\/02\\\/Portada_vestido.png\",\"keywords\":[\"Cayetana Fitz-James Stuart\",\"Colecci\u00f3n\",\"Duquesa de Alba\",\"Exposici\u00f3n temporal\",\"Patrimonio\",\"Plaza de Toros de Ronda\",\"Real Maestranza de Caballer\u00eda de Ronda\",\"Sala de la tauromaquia\"],\"articleSection\":[\"Exposiciones\",\"Noticias\"],\"inLanguage\":\"en-US\",\"potentialAction\":[{\"@type\":\"CommentAction\",\"name\":\"Comment\",\"target\":[\"https:\\\/\\\/www.rmcr.org\\\/en\\\/2026\\\/02\\\/24\\\/prestamo-vestido-goyesco-duquesa-de-alba-1974-cayetana-grande-de-espana\\\/#respond\"]}]},{\"@type\":\"WebPage\",\"@id\":\"https:\\\/\\\/www.rmcr.org\\\/en\\\/2026\\\/02\\\/24\\\/prestamo-vestido-goyesco-duquesa-de-alba-1974-cayetana-grande-de-espana\\\/\",\"url\":\"https:\\\/\\\/www.rmcr.org\\\/en\\\/2026\\\/02\\\/24\\\/prestamo-vestido-goyesco-duquesa-de-alba-1974-cayetana-grande-de-espana\\\/\",\"name\":\"vestido goyesco Duquesa de Alba 1974\",\"isPartOf\":{\"@id\":\"https:\\\/\\\/www.rmcr.org\\\/en\\\/#website\"},\"primaryImageOfPage\":{\"@id\":\"https:\\\/\\\/www.rmcr.org\\\/en\\\/2026\\\/02\\\/24\\\/prestamo-vestido-goyesco-duquesa-de-alba-1974-cayetana-grande-de-espana\\\/#primaryimage\"},\"image\":{\"@id\":\"https:\\\/\\\/www.rmcr.org\\\/en\\\/2026\\\/02\\\/24\\\/prestamo-vestido-goyesco-duquesa-de-alba-1974-cayetana-grande-de-espana\\\/#primaryimage\"},\"thumbnailUrl\":\"https:\\\/\\\/www.rmcr.org\\\/wp-content\\\/uploads\\\/2026\\\/02\\\/Portada_vestido.png\",\"datePublished\":\"2026-02-24T09:16:43+00:00\",\"dateModified\":\"2026-03-24T09:16:47+00:00\",\"description\":\"La Real Maestranza de Ronda presta a la Fundaci\u00f3n Casa de Alba el vestido de Presidenta de Damas Goyescas de Cayetana Fitz-James Stuart (1974), donado a la instituci\u00f3n, para la exposici\u00f3n \u00abCayetana. Grande de Espa\u00f1a\u00bb en Las Due\u00f1as (marzo\u2013agosto 2026).\",\"breadcrumb\":{\"@id\":\"https:\\\/\\\/www.rmcr.org\\\/en\\\/2026\\\/02\\\/24\\\/prestamo-vestido-goyesco-duquesa-de-alba-1974-cayetana-grande-de-espana\\\/#breadcrumb\"},\"inLanguage\":\"en-US\",\"potentialAction\":[{\"@type\":\"ReadAction\",\"target\":[\"https:\\\/\\\/www.rmcr.org\\\/en\\\/2026\\\/02\\\/24\\\/prestamo-vestido-goyesco-duquesa-de-alba-1974-cayetana-grande-de-espana\\\/\"]}]},{\"@type\":\"ImageObject\",\"inLanguage\":\"en-US\",\"@id\":\"https:\\\/\\\/www.rmcr.org\\\/en\\\/2026\\\/02\\\/24\\\/prestamo-vestido-goyesco-duquesa-de-alba-1974-cayetana-grande-de-espana\\\/#primaryimage\",\"url\":\"https:\\\/\\\/www.rmcr.org\\\/wp-content\\\/uploads\\\/2026\\\/02\\\/Portada_vestido.png\",\"contentUrl\":\"https:\\\/\\\/www.rmcr.org\\\/wp-content\\\/uploads\\\/2026\\\/02\\\/Portada_vestido.png\",\"width\":945,\"height\":340},{\"@type\":\"BreadcrumbList\",\"@id\":\"https:\\\/\\\/www.rmcr.org\\\/en\\\/2026\\\/02\\\/24\\\/prestamo-vestido-goyesco-duquesa-de-alba-1974-cayetana-grande-de-espana\\\/#breadcrumb\",\"itemListElement\":[{\"@type\":\"ListItem\",\"position\":1,\"name\":\"REAL MAESTRANZA DE CABALLER\u00cdA DE RONDA\",\"item\":\"https:\\\/\\\/www.rmcr.org\\\/en\\\/\"},{\"@type\":\"ListItem\",\"position\":2,\"name\":\"Pr\u00e9stamo del vestido goyesco de la Duquesa de Alba para la exposici\u00f3n \u00abCayetana. Grande de Espa\u00f1a\u00bb\"}]},{\"@type\":\"WebSite\",\"@id\":\"https:\\\/\\\/www.rmcr.org\\\/en\\\/#website\",\"url\":\"https:\\\/\\\/www.rmcr.org\\\/en\\\/\",\"name\":\"Real Maestranza de Caballer\u00eda de Ronda\",\"description\":\"Real Maestranza de Caballer\u00eda de Ronda\",\"publisher\":{\"@id\":\"https:\\\/\\\/www.rmcr.org\\\/en\\\/#organization\"},\"alternateName\":\"RMCR\",\"potentialAction\":[{\"@type\":\"SearchAction\",\"target\":{\"@type\":\"EntryPoint\",\"urlTemplate\":\"https:\\\/\\\/www.rmcr.org\\\/en\\\/?s={search_term_string}\"},\"query-input\":{\"@type\":\"PropertyValueSpecification\",\"valueRequired\":true,\"valueName\":\"search_term_string\"}}],\"inLanguage\":\"en-US\"},{\"@type\":\"Organization\",\"@id\":\"https:\\\/\\\/www.rmcr.org\\\/en\\\/#organization\",\"name\":\"Real Maestranza de Caballer\u00eda de Ronda\",\"alternateName\":\"RMR\",\"url\":\"https:\\\/\\\/www.rmcr.org\\\/en\\\/\",\"logo\":{\"@type\":\"ImageObject\",\"inLanguage\":\"en-US\",\"@id\":\"https:\\\/\\\/www.rmcr.org\\\/en\\\/#\\\/schema\\\/logo\\\/image\\\/\",\"url\":\"https:\\\/\\\/www.rmcr.org\\\/wp-content\\\/uploads\\\/2022\\\/07\\\/logo-rmr-blue.svg\",\"contentUrl\":\"https:\\\/\\\/www.rmcr.org\\\/wp-content\\\/uploads\\\/2022\\\/07\\\/logo-rmr-blue.svg\",\"width\":131,\"height\":129,\"caption\":\"Real Maestranza de Caballer\u00eda de Ronda\"},\"image\":{\"@id\":\"https:\\\/\\\/www.rmcr.org\\\/en\\\/#\\\/schema\\\/logo\\\/image\\\/\"},\"sameAs\":[\"https:\\\/\\\/www.facebook.com\\\/plazadetorosronda\",\"https:\\\/\\\/x.com\\\/PlazatorosRMR\",\"https:\\\/\\\/www.instagram.com\\\/realmaestranzaderonda\\\/\",\"https:\\\/\\\/www.youtube.com\\\/channel\\\/UCrbO5IUN-8v_QML739vM4zg\\\/videos\"]},{\"@type\":\"Person\",\"@id\":\"https:\\\/\\\/www.rmcr.org\\\/en\\\/#\\\/schema\\\/person\\\/6e5eb50e802ff5f1419c0fea9935ae36\",\"name\":\"MUSEO\",\"image\":{\"@type\":\"ImageObject\",\"inLanguage\":\"en-US\",\"@id\":\"https:\\\/\\\/www.rmcr.org\\\/wp-content\\\/uploads\\\/2022\\\/11\\\/avatar-rmcr-96x96.png\",\"url\":\"https:\\\/\\\/www.rmcr.org\\\/wp-content\\\/uploads\\\/2022\\\/11\\\/avatar-rmcr-96x96.png\",\"contentUrl\":\"https:\\\/\\\/www.rmcr.org\\\/wp-content\\\/uploads\\\/2022\\\/11\\\/avatar-rmcr-96x96.png\",\"caption\":\"MUSEO\"},\"url\":\"https:\\\/\\\/www.rmcr.org\\\/en\\\/author\\\/miguel-angel-sanchez\\\/\"}]}<\/script>\n<!-- \/ Yoast SEO plugin. -->","yoast_head_json":{"title":"vestido goyesco Duquesa de Alba 1974","description":"La Real Maestranza de Ronda presta a la Fundaci\u00f3n Casa de Alba el vestido de Presidenta de Damas Goyescas de Cayetana Fitz-James Stuart (1974), donado a la instituci\u00f3n, para la exposici\u00f3n \u00abCayetana. Grande de Espa\u00f1a\u00bb en Las Due\u00f1as (marzo\u2013agosto 2026).","robots":{"index":"index","follow":"follow","max-snippet":"max-snippet:-1","max-image-preview":"max-image-preview:large","max-video-preview":"max-video-preview:-1"},"canonical":"https:\/\/www.rmcr.org\/en\/2026\/02\/24\/prestamo-vestido-goyesco-duquesa-de-alba-1974-cayetana-grande-de-espana\/","og_locale":"en_US","og_type":"article","og_title":"vestido goyesco Duquesa de Alba 1974","og_description":"La Real Maestranza de Ronda presta a la Fundaci\u00f3n Casa de Alba el vestido de Presidenta de Damas Goyescas de Cayetana Fitz-James Stuart (1974), donado a la instituci\u00f3n, para la exposici\u00f3n \u00abCayetana. Grande de Espa\u00f1a\u00bb en Las Due\u00f1as (marzo\u2013agosto 2026).","og_url":"https:\/\/www.rmcr.org\/en\/2026\/02\/24\/prestamo-vestido-goyesco-duquesa-de-alba-1974-cayetana-grande-de-espana\/","og_site_name":"Real Maestranza de Caballer\u00eda de Ronda","article_publisher":"https:\/\/www.facebook.com\/plazadetorosronda","article_published_time":"2026-02-24T09:16:43+00:00","article_modified_time":"2026-03-24T09:16:47+00:00","og_image":[{"width":945,"height":340,"url":"https:\/\/www.rmcr.org\/wp-content\/uploads\/2026\/02\/Portada_vestido.png","type":"image\/png"}],"author":"MUSEO","twitter_card":"summary_large_image","twitter_creator":"@PlazatorosRMR","twitter_site":"@PlazatorosRMR","twitter_misc":{"Written by":"MUSEO","Est. reading time":"4 minutes"},"schema":{"@context":"https:\/\/schema.org","@graph":[{"@type":"Article","@id":"https:\/\/www.rmcr.org\/en\/2026\/02\/24\/prestamo-vestido-goyesco-duquesa-de-alba-1974-cayetana-grande-de-espana\/#article","isPartOf":{"@id":"https:\/\/www.rmcr.org\/en\/2026\/02\/24\/prestamo-vestido-goyesco-duquesa-de-alba-1974-cayetana-grande-de-espana\/"},"author":{"name":"MUSEO","@id":"https:\/\/www.rmcr.org\/en\/#\/schema\/person\/6e5eb50e802ff5f1419c0fea9935ae36"},"headline":"Pr\u00e9stamo del vestido goyesco de la Duquesa de Alba para la exposici\u00f3n \u00abCayetana. Grande de Espa\u00f1a\u00bb","datePublished":"2026-02-24T09:16:43+00:00","dateModified":"2026-03-24T09:16:47+00:00","mainEntityOfPage":{"@id":"https:\/\/www.rmcr.org\/en\/2026\/02\/24\/prestamo-vestido-goyesco-duquesa-de-alba-1974-cayetana-grande-de-espana\/"},"wordCount":757,"commentCount":0,"publisher":{"@id":"https:\/\/www.rmcr.org\/en\/#organization"},"image":{"@id":"https:\/\/www.rmcr.org\/en\/2026\/02\/24\/prestamo-vestido-goyesco-duquesa-de-alba-1974-cayetana-grande-de-espana\/#primaryimage"},"thumbnailUrl":"https:\/\/www.rmcr.org\/wp-content\/uploads\/2026\/02\/Portada_vestido.png","keywords":["Cayetana Fitz-James Stuart","Colecci\u00f3n","Duquesa de Alba","Exposici\u00f3n temporal","Patrimonio","Plaza de Toros de Ronda","Real Maestranza de Caballer\u00eda de Ronda","Sala de la tauromaquia"],"articleSection":["Exposiciones","Noticias"],"inLanguage":"en-US","potentialAction":[{"@type":"CommentAction","name":"Comment","target":["https:\/\/www.rmcr.org\/en\/2026\/02\/24\/prestamo-vestido-goyesco-duquesa-de-alba-1974-cayetana-grande-de-espana\/#respond"]}]},{"@type":"WebPage","@id":"https:\/\/www.rmcr.org\/en\/2026\/02\/24\/prestamo-vestido-goyesco-duquesa-de-alba-1974-cayetana-grande-de-espana\/","url":"https:\/\/www.rmcr.org\/en\/2026\/02\/24\/prestamo-vestido-goyesco-duquesa-de-alba-1974-cayetana-grande-de-espana\/","name":"vestido goyesco Duquesa de Alba 1974","isPartOf":{"@id":"https:\/\/www.rmcr.org\/en\/#website"},"primaryImageOfPage":{"@id":"https:\/\/www.rmcr.org\/en\/2026\/02\/24\/prestamo-vestido-goyesco-duquesa-de-alba-1974-cayetana-grande-de-espana\/#primaryimage"},"image":{"@id":"https:\/\/www.rmcr.org\/en\/2026\/02\/24\/prestamo-vestido-goyesco-duquesa-de-alba-1974-cayetana-grande-de-espana\/#primaryimage"},"thumbnailUrl":"https:\/\/www.rmcr.org\/wp-content\/uploads\/2026\/02\/Portada_vestido.png","datePublished":"2026-02-24T09:16:43+00:00","dateModified":"2026-03-24T09:16:47+00:00","description":"La Real Maestranza de Ronda presta a la Fundaci\u00f3n Casa de Alba el vestido de Presidenta de Damas Goyescas de Cayetana Fitz-James Stuart (1974), donado a la instituci\u00f3n, para la exposici\u00f3n \u00abCayetana. Grande de Espa\u00f1a\u00bb en Las Due\u00f1as (marzo\u2013agosto 2026).","breadcrumb":{"@id":"https:\/\/www.rmcr.org\/en\/2026\/02\/24\/prestamo-vestido-goyesco-duquesa-de-alba-1974-cayetana-grande-de-espana\/#breadcrumb"},"inLanguage":"en-US","potentialAction":[{"@type":"ReadAction","target":["https:\/\/www.rmcr.org\/en\/2026\/02\/24\/prestamo-vestido-goyesco-duquesa-de-alba-1974-cayetana-grande-de-espana\/"]}]},{"@type":"ImageObject","inLanguage":"en-US","@id":"https:\/\/www.rmcr.org\/en\/2026\/02\/24\/prestamo-vestido-goyesco-duquesa-de-alba-1974-cayetana-grande-de-espana\/#primaryimage","url":"https:\/\/www.rmcr.org\/wp-content\/uploads\/2026\/02\/Portada_vestido.png","contentUrl":"https:\/\/www.rmcr.org\/wp-content\/uploads\/2026\/02\/Portada_vestido.png","width":945,"height":340},{"@type":"BreadcrumbList","@id":"https:\/\/www.rmcr.org\/en\/2026\/02\/24\/prestamo-vestido-goyesco-duquesa-de-alba-1974-cayetana-grande-de-espana\/#breadcrumb","itemListElement":[{"@type":"ListItem","position":1,"name":"REAL MAESTRANZA DE CABALLER\u00cdA DE RONDA","item":"https:\/\/www.rmcr.org\/en\/"},{"@type":"ListItem","position":2,"name":"Pr\u00e9stamo del vestido goyesco de la Duquesa de Alba para la exposici\u00f3n \u00abCayetana. Grande de Espa\u00f1a\u00bb"}]},{"@type":"WebSite","@id":"https:\/\/www.rmcr.org\/en\/#website","url":"https:\/\/www.rmcr.org\/en\/","name":"Real Maestranza de Caballer\u00eda de Ronda","description":"Real Maestranza de Caballer\u00eda de Ronda","publisher":{"@id":"https:\/\/www.rmcr.org\/en\/#organization"},"alternateName":"RMCR","potentialAction":[{"@type":"SearchAction","target":{"@type":"EntryPoint","urlTemplate":"https:\/\/www.rmcr.org\/en\/?s={search_term_string}"},"query-input":{"@type":"PropertyValueSpecification","valueRequired":true,"valueName":"search_term_string"}}],"inLanguage":"en-US"},{"@type":"Organization","@id":"https:\/\/www.rmcr.org\/en\/#organization","name":"Real Maestranza de Caballer\u00eda de Ronda","alternateName":"RMR","url":"https:\/\/www.rmcr.org\/en\/","logo":{"@type":"ImageObject","inLanguage":"en-US","@id":"https:\/\/www.rmcr.org\/en\/#\/schema\/logo\/image\/","url":"https:\/\/www.rmcr.org\/wp-content\/uploads\/2022\/07\/logo-rmr-blue.svg","contentUrl":"https:\/\/www.rmcr.org\/wp-content\/uploads\/2022\/07\/logo-rmr-blue.svg","width":131,"height":129,"caption":"Real Maestranza de Caballer\u00eda de Ronda"},"image":{"@id":"https:\/\/www.rmcr.org\/en\/#\/schema\/logo\/image\/"},"sameAs":["https:\/\/www.facebook.com\/plazadetorosronda","https:\/\/x.com\/PlazatorosRMR","https:\/\/www.instagram.com\/realmaestranzaderonda\/","https:\/\/www.youtube.com\/channel\/UCrbO5IUN-8v_QML739vM4zg\/videos"]},{"@type":"Person","@id":"https:\/\/www.rmcr.org\/en\/#\/schema\/person\/6e5eb50e802ff5f1419c0fea9935ae36","name":"MUSEO","image":{"@type":"ImageObject","inLanguage":"en-US","@id":"https:\/\/www.rmcr.org\/wp-content\/uploads\/2022\/11\/avatar-rmcr-96x96.png","url":"https:\/\/www.rmcr.org\/wp-content\/uploads\/2022\/11\/avatar-rmcr-96x96.png","contentUrl":"https:\/\/www.rmcr.org\/wp-content\/uploads\/2022\/11\/avatar-rmcr-96x96.png","caption":"MUSEO"},"url":"https:\/\/www.rmcr.org\/en\/author\/miguel-angel-sanchez\/"}]}},"_links":{"self":[{"href":"https:\/\/www.rmcr.org\/en\/wp-json\/wp\/v2\/posts\/23970","targetHints":{"allow":["GET"]}}],"collection":[{"href":"https:\/\/www.rmcr.org\/en\/wp-json\/wp\/v2\/posts"}],"about":[{"href":"https:\/\/www.rmcr.org\/en\/wp-json\/wp\/v2\/types\/post"}],"author":[{"embeddable":true,"href":"https:\/\/www.rmcr.org\/en\/wp-json\/wp\/v2\/users\/5"}],"replies":[{"embeddable":true,"href":"https:\/\/www.rmcr.org\/en\/wp-json\/wp\/v2\/comments?post=23970"}],"version-history":[{"count":5,"href":"https:\/\/www.rmcr.org\/en\/wp-json\/wp\/v2\/posts\/23970\/revisions"}],"predecessor-version":[{"id":24023,"href":"https:\/\/www.rmcr.org\/en\/wp-json\/wp\/v2\/posts\/23970\/revisions\/24023"}],"wp:featuredmedia":[{"embeddable":true,"href":"https:\/\/www.rmcr.org\/en\/wp-json\/wp\/v2\/media\/23971"}],"wp:attachment":[{"href":"https:\/\/www.rmcr.org\/en\/wp-json\/wp\/v2\/media?parent=23970"}],"wp:term":[{"taxonomy":"category","embeddable":true,"href":"https:\/\/www.rmcr.org\/en\/wp-json\/wp\/v2\/categories?post=23970"},{"taxonomy":"post_tag","embeddable":true,"href":"https:\/\/www.rmcr.org\/en\/wp-json\/wp\/v2\/tags?post=23970"}],"curies":[{"name":"wp","href":"https:\/\/api.w.org\/{rel}","templated":true}]}}