{"id":23940,"date":"2026-01-06T09:19:52","date_gmt":"2026-01-06T09:19:52","guid":{"rendered":"https:\/\/www.rmcr.org\/?p=23940"},"modified":"2026-03-03T10:42:46","modified_gmt":"2026-03-03T10:42:46","slug":"continuan-los-trabajos-de-consolidacion-estructural-de-la-plaza-de-toros-de-ronda-2","status":"publish","type":"post","link":"https:\/\/www.rmcr.org\/en\/2026\/01\/06\/continuan-los-trabajos-de-consolidacion-estructural-de-la-plaza-de-toros-de-ronda-2\/","title":{"rendered":"Contin\u00faan los trabajos de consolidaci\u00f3n estructural de la Plaza de Toros de Ronda"},"content":{"rendered":"<p class=\"p1\">Los trabajos de conservaci\u00f3n y mejora en la Plaza de Toros de Ronda contin\u00faan avanzando conforme a la planificaci\u00f3n prevista.<\/p>\n<p class=\"p1\">En la actualidad, las actuaciones se concentran principalmente en el tendido 2 alto, donde se desarrollan de forma progresiva las labores necesarias para garantizar la estabilidad y el correcto funcionamiento del conjunto arquitect\u00f3nico, mientras se ultiman los trabajos en los tendidos del tendido 3.<\/p>\n<p><img fetchpriority=\"high\" decoding=\"async\" class=\"aligncenter wp-image-23943 \" src=\"https:\/\/www.rmcr.org\/wp-content\/uploads\/2026\/02\/A742468-683x1024.jpg\" alt=\"\" width=\"404\" height=\"606\" srcset=\"https:\/\/www.rmcr.org\/wp-content\/uploads\/2026\/02\/A742468-683x1024.jpg 683w, https:\/\/www.rmcr.org\/wp-content\/uploads\/2026\/02\/A742468-200x300.jpg 200w, https:\/\/www.rmcr.org\/wp-content\/uploads\/2026\/02\/A742468-768x1152.jpg 768w, https:\/\/www.rmcr.org\/wp-content\/uploads\/2026\/02\/A742468-1024x1536.jpg 1024w, https:\/\/www.rmcr.org\/wp-content\/uploads\/2026\/02\/A742468-1365x2048.jpg 1365w, https:\/\/www.rmcr.org\/wp-content\/uploads\/2026\/02\/A742468-scaled.jpg 1707w\" sizes=\"(max-width: 404px) 100vw, 404px\" \/><\/p>\n<p style=\"text-align: center;\"><em>Trabajos de carpinter\u00eda del proyecto de consolidaci\u00f3n en la Plaza de Toros de la Real Maestranza de Caballer\u00eda de Ronda<\/em><\/p>\n<p class=\"p1\">La direcci\u00f3n facultativa as\u00ed como la Real Maestranza de Caballer\u00eda de Ronda mantienen una supervisi\u00f3n directa y continuada de la obra, velando por el cumplimiento de los criterios t\u00e9cnicos, patrimoniales y de seguridad establecidos desde el inicio de la intervenci\u00f3n.<\/p>\n<p class=\"p1\">Cada una de las secciones que se est\u00e1n ejecutando ha sido dise\u00f1ada e instalada de manera individualizada, adapt\u00e1ndose a la geometr\u00eda espec\u00edfica de cada columna y de cada arco, lo que permite una integraci\u00f3n precisa en la estructura hist\u00f3rica del edificio.<\/p>\n<p class=\"p1\">Esta intervenci\u00f3n tiene como objetivo asegurar la estabilidad estructural y funcional de la Plaza de Toros a largo plazo, sin comprometer sus valores patrimoniales ni su singularidad como monumento hist\u00f3rico.<\/p>\n<p>Puedes ver el <em>reels<\/em> de <a href=\"https:\/\/www.instagram.com\/realmaestranzaderonda\/\">Instagram<\/a> pulsando en el link: <a href=\"https:\/\/www.instagram.com\/p\/DUnluHzD0T3\/\">https:\/\/www.instagram.com\/p\/DUnluHzD0T3\/<\/a><\/p>\n\n\n<p><\/p>\n","protected":false},"excerpt":{"rendered":"<p>\u00abLa consolidaci\u00f3n estructural de la Plaza de Toros de Ronda avanza con la instalaci\u00f3n de una estructura romboidal dise\u00f1ada a medida para reforzar el tendido alto. El proyecto, dirigido por Ricardo Aroca, aplica soluciones t\u00e9cnicas innovadoras adaptadas a la geometr\u00eda del edificio y orientadas a garantizar su estabilidad sin alterar su valor patrimonial\u00bb<\/p>\n","protected":false},"author":5,"featured_media":23941,"comment_status":"open","ping_status":"open","sticky":false,"template":"","format":"standard","meta":{"footnotes":""},"categories":[280,282,277,36],"tags":[233,751,259,315,98,789],"class_list":["post-23940","post","type-post","status-publish","format-standard","has-post-thumbnail","hentry","category-arquitectura","category-conservacion","category-plaza-de-toros","category-plaza-museo","tag-arquitectura","tag-conservacion","tag-patrimonio","tag-plaza-de-toros-de-ronda","tag-real-maestranza-de-caballeria-de-ronda","tag-ricardo-aroca"],"yoast_head":"<!-- This site is optimized with the Yoast SEO plugin v27.5 - https:\/\/yoast.com\/product\/yoast-seo-wordpress\/ -->\n<title>Obras de consolidaci\u00f3n estructural en la Plaza de Toros de Ronda<\/title>\n<meta name=\"description\" content=\"Avanzan las obras de consolidaci\u00f3n estructural en la Plaza de Toros de Ronda, dirigidas por Ricardo Aroca y aprobadas por la Junta de Andaluc\u00eda.\" \/>\n<meta name=\"robots\" content=\"index, follow, max-snippet:-1, max-image-preview:large, max-video-preview:-1\" \/>\n<link rel=\"canonical\" href=\"https:\/\/www.rmcr.org\/en\/2026\/01\/06\/continuan-los-trabajos-de-consolidacion-estructural-de-la-plaza-de-toros-de-ronda-2\/\" \/>\n<meta property=\"og:locale\" content=\"en_US\" \/>\n<meta property=\"og:type\" content=\"article\" \/>\n<meta property=\"og:title\" content=\"Obras de consolidaci\u00f3n estructural en la Plaza de Toros de Ronda\" \/>\n<meta property=\"og:description\" content=\"Avanzan las obras de consolidaci\u00f3n estructural en la Plaza de Toros de Ronda, dirigidas por Ricardo Aroca y aprobadas por la Junta de Andaluc\u00eda.\" \/>\n<meta property=\"og:url\" content=\"https:\/\/www.rmcr.org\/en\/2026\/01\/06\/continuan-los-trabajos-de-consolidacion-estructural-de-la-plaza-de-toros-de-ronda-2\/\" \/>\n<meta property=\"og:site_name\" content=\"Real Maestranza de Caballer\u00eda de Ronda\" \/>\n<meta property=\"article:publisher\" content=\"https:\/\/www.facebook.com\/plazadetorosronda\" \/>\n<meta property=\"article:published_time\" content=\"2026-01-06T09:19:52+00:00\" \/>\n<meta property=\"article:modified_time\" content=\"2026-03-03T10:42:46+00:00\" \/>\n<meta property=\"og:image\" content=\"https:\/\/www.rmcr.org\/wp-content\/uploads\/2026\/02\/Portada_Plaza.png\" \/>\n\t<meta property=\"og:image:width\" content=\"945\" \/>\n\t<meta property=\"og:image:height\" content=\"340\" \/>\n\t<meta property=\"og:image:type\" content=\"image\/png\" \/>\n<meta name=\"author\" content=\"MUSEO\" \/>\n<meta name=\"twitter:card\" content=\"summary_large_image\" \/>\n<meta name=\"twitter:creator\" content=\"@PlazatorosRMR\" \/>\n<meta name=\"twitter:site\" content=\"@PlazatorosRMR\" \/>\n<meta name=\"twitter:label1\" content=\"Written by\" \/>\n\t<meta name=\"twitter:data1\" content=\"MUSEO\" \/>\n\t<meta name=\"twitter:label2\" content=\"Est. reading time\" \/>\n\t<meta name=\"twitter:data2\" content=\"2 minutes\" \/>\n<script type=\"application\/ld+json\" class=\"yoast-schema-graph\">{\"@context\":\"https:\\\/\\\/schema.org\",\"@graph\":[{\"@type\":\"Article\",\"@id\":\"https:\\\/\\\/www.rmcr.org\\\/en\\\/2026\\\/01\\\/06\\\/continuan-los-trabajos-de-consolidacion-estructural-de-la-plaza-de-toros-de-ronda-2\\\/#article\",\"isPartOf\":{\"@id\":\"https:\\\/\\\/www.rmcr.org\\\/en\\\/2026\\\/01\\\/06\\\/continuan-los-trabajos-de-consolidacion-estructural-de-la-plaza-de-toros-de-ronda-2\\\/\"},\"author\":{\"name\":\"MUSEO\",\"@id\":\"https:\\\/\\\/www.rmcr.org\\\/en\\\/#\\\/schema\\\/person\\\/6e5eb50e802ff5f1419c0fea9935ae36\"},\"headline\":\"Contin\u00faan los trabajos de consolidaci\u00f3n estructural de la Plaza de Toros de Ronda\",\"datePublished\":\"2026-01-06T09:19:52+00:00\",\"dateModified\":\"2026-03-03T10:42:46+00:00\",\"mainEntityOfPage\":{\"@id\":\"https:\\\/\\\/www.rmcr.org\\\/en\\\/2026\\\/01\\\/06\\\/continuan-los-trabajos-de-consolidacion-estructural-de-la-plaza-de-toros-de-ronda-2\\\/\"},\"wordCount\":246,\"commentCount\":0,\"publisher\":{\"@id\":\"https:\\\/\\\/www.rmcr.org\\\/en\\\/#organization\"},\"image\":{\"@id\":\"https:\\\/\\\/www.rmcr.org\\\/en\\\/2026\\\/01\\\/06\\\/continuan-los-trabajos-de-consolidacion-estructural-de-la-plaza-de-toros-de-ronda-2\\\/#primaryimage\"},\"thumbnailUrl\":\"https:\\\/\\\/www.rmcr.org\\\/wp-content\\\/uploads\\\/2026\\\/02\\\/Portada_Plaza.png\",\"keywords\":[\"Arquitectura\",\"Conservaci\u00f3n\",\"Patrimonio\",\"Plaza de Toros de Ronda\",\"Real Maestranza de Caballer\u00eda de Ronda\",\"Ricardo Aroca\"],\"articleSection\":[\"Arquitectura\",\"Conservaci\u00f3n\",\"Plaza de Toros\",\"Plaza y Museo\"],\"inLanguage\":\"en-US\",\"potentialAction\":[{\"@type\":\"CommentAction\",\"name\":\"Comment\",\"target\":[\"https:\\\/\\\/www.rmcr.org\\\/en\\\/2026\\\/01\\\/06\\\/continuan-los-trabajos-de-consolidacion-estructural-de-la-plaza-de-toros-de-ronda-2\\\/#respond\"]}]},{\"@type\":\"WebPage\",\"@id\":\"https:\\\/\\\/www.rmcr.org\\\/en\\\/2026\\\/01\\\/06\\\/continuan-los-trabajos-de-consolidacion-estructural-de-la-plaza-de-toros-de-ronda-2\\\/\",\"url\":\"https:\\\/\\\/www.rmcr.org\\\/en\\\/2026\\\/01\\\/06\\\/continuan-los-trabajos-de-consolidacion-estructural-de-la-plaza-de-toros-de-ronda-2\\\/\",\"name\":\"Obras de consolidaci\u00f3n estructural en la Plaza de Toros de Ronda\",\"isPartOf\":{\"@id\":\"https:\\\/\\\/www.rmcr.org\\\/en\\\/#website\"},\"primaryImageOfPage\":{\"@id\":\"https:\\\/\\\/www.rmcr.org\\\/en\\\/2026\\\/01\\\/06\\\/continuan-los-trabajos-de-consolidacion-estructural-de-la-plaza-de-toros-de-ronda-2\\\/#primaryimage\"},\"image\":{\"@id\":\"https:\\\/\\\/www.rmcr.org\\\/en\\\/2026\\\/01\\\/06\\\/continuan-los-trabajos-de-consolidacion-estructural-de-la-plaza-de-toros-de-ronda-2\\\/#primaryimage\"},\"thumbnailUrl\":\"https:\\\/\\\/www.rmcr.org\\\/wp-content\\\/uploads\\\/2026\\\/02\\\/Portada_Plaza.png\",\"datePublished\":\"2026-01-06T09:19:52+00:00\",\"dateModified\":\"2026-03-03T10:42:46+00:00\",\"description\":\"Avanzan las obras de consolidaci\u00f3n estructural en la Plaza de Toros de Ronda, dirigidas por Ricardo Aroca y aprobadas por la Junta de Andaluc\u00eda.\",\"breadcrumb\":{\"@id\":\"https:\\\/\\\/www.rmcr.org\\\/en\\\/2026\\\/01\\\/06\\\/continuan-los-trabajos-de-consolidacion-estructural-de-la-plaza-de-toros-de-ronda-2\\\/#breadcrumb\"},\"inLanguage\":\"en-US\",\"potentialAction\":[{\"@type\":\"ReadAction\",\"target\":[\"https:\\\/\\\/www.rmcr.org\\\/en\\\/2026\\\/01\\\/06\\\/continuan-los-trabajos-de-consolidacion-estructural-de-la-plaza-de-toros-de-ronda-2\\\/\"]}]},{\"@type\":\"ImageObject\",\"inLanguage\":\"en-US\",\"@id\":\"https:\\\/\\\/www.rmcr.org\\\/en\\\/2026\\\/01\\\/06\\\/continuan-los-trabajos-de-consolidacion-estructural-de-la-plaza-de-toros-de-ronda-2\\\/#primaryimage\",\"url\":\"https:\\\/\\\/www.rmcr.org\\\/wp-content\\\/uploads\\\/2026\\\/02\\\/Portada_Plaza.png\",\"contentUrl\":\"https:\\\/\\\/www.rmcr.org\\\/wp-content\\\/uploads\\\/2026\\\/02\\\/Portada_Plaza.png\",\"width\":945,\"height\":340},{\"@type\":\"BreadcrumbList\",\"@id\":\"https:\\\/\\\/www.rmcr.org\\\/en\\\/2026\\\/01\\\/06\\\/continuan-los-trabajos-de-consolidacion-estructural-de-la-plaza-de-toros-de-ronda-2\\\/#breadcrumb\",\"itemListElement\":[{\"@type\":\"ListItem\",\"position\":1,\"name\":\"REAL MAESTRANZA DE CABALLER\u00cdA DE RONDA\",\"item\":\"https:\\\/\\\/www.rmcr.org\\\/en\\\/\"},{\"@type\":\"ListItem\",\"position\":2,\"name\":\"Contin\u00faan los trabajos de consolidaci\u00f3n estructural de la Plaza de Toros de Ronda\"}]},{\"@type\":\"WebSite\",\"@id\":\"https:\\\/\\\/www.rmcr.org\\\/en\\\/#website\",\"url\":\"https:\\\/\\\/www.rmcr.org\\\/en\\\/\",\"name\":\"Real Maestranza de Caballer\u00eda de Ronda\",\"description\":\"Real Maestranza de Caballer\u00eda de Ronda\",\"publisher\":{\"@id\":\"https:\\\/\\\/www.rmcr.org\\\/en\\\/#organization\"},\"alternateName\":\"RMCR\",\"potentialAction\":[{\"@type\":\"SearchAction\",\"target\":{\"@type\":\"EntryPoint\",\"urlTemplate\":\"https:\\\/\\\/www.rmcr.org\\\/en\\\/?s={search_term_string}\"},\"query-input\":{\"@type\":\"PropertyValueSpecification\",\"valueRequired\":true,\"valueName\":\"search_term_string\"}}],\"inLanguage\":\"en-US\"},{\"@type\":\"Organization\",\"@id\":\"https:\\\/\\\/www.rmcr.org\\\/en\\\/#organization\",\"name\":\"Real Maestranza de Caballer\u00eda de Ronda\",\"alternateName\":\"RMR\",\"url\":\"https:\\\/\\\/www.rmcr.org\\\/en\\\/\",\"logo\":{\"@type\":\"ImageObject\",\"inLanguage\":\"en-US\",\"@id\":\"https:\\\/\\\/www.rmcr.org\\\/en\\\/#\\\/schema\\\/logo\\\/image\\\/\",\"url\":\"https:\\\/\\\/www.rmcr.org\\\/wp-content\\\/uploads\\\/2022\\\/07\\\/logo-rmr-blue.svg\",\"contentUrl\":\"https:\\\/\\\/www.rmcr.org\\\/wp-content\\\/uploads\\\/2022\\\/07\\\/logo-rmr-blue.svg\",\"width\":131,\"height\":129,\"caption\":\"Real Maestranza de Caballer\u00eda de Ronda\"},\"image\":{\"@id\":\"https:\\\/\\\/www.rmcr.org\\\/en\\\/#\\\/schema\\\/logo\\\/image\\\/\"},\"sameAs\":[\"https:\\\/\\\/www.facebook.com\\\/plazadetorosronda\",\"https:\\\/\\\/x.com\\\/PlazatorosRMR\",\"https:\\\/\\\/www.instagram.com\\\/realmaestranzaderonda\\\/\",\"https:\\\/\\\/www.youtube.com\\\/channel\\\/UCrbO5IUN-8v_QML739vM4zg\\\/videos\"]},{\"@type\":\"Person\",\"@id\":\"https:\\\/\\\/www.rmcr.org\\\/en\\\/#\\\/schema\\\/person\\\/6e5eb50e802ff5f1419c0fea9935ae36\",\"name\":\"MUSEO\",\"image\":{\"@type\":\"ImageObject\",\"inLanguage\":\"en-US\",\"@id\":\"https:\\\/\\\/www.rmcr.org\\\/wp-content\\\/uploads\\\/2022\\\/11\\\/avatar-rmcr-96x96.png\",\"url\":\"https:\\\/\\\/www.rmcr.org\\\/wp-content\\\/uploads\\\/2022\\\/11\\\/avatar-rmcr-96x96.png\",\"contentUrl\":\"https:\\\/\\\/www.rmcr.org\\\/wp-content\\\/uploads\\\/2022\\\/11\\\/avatar-rmcr-96x96.png\",\"caption\":\"MUSEO\"},\"url\":\"https:\\\/\\\/www.rmcr.org\\\/en\\\/author\\\/miguel-angel-sanchez\\\/\"}]}<\/script>\n<!-- \/ Yoast SEO plugin. -->","yoast_head_json":{"title":"Obras de consolidaci\u00f3n estructural en la Plaza de Toros de Ronda","description":"Avanzan las obras de consolidaci\u00f3n estructural en la Plaza de Toros de Ronda, dirigidas por Ricardo Aroca y aprobadas por la Junta de Andaluc\u00eda.","robots":{"index":"index","follow":"follow","max-snippet":"max-snippet:-1","max-image-preview":"max-image-preview:large","max-video-preview":"max-video-preview:-1"},"canonical":"https:\/\/www.rmcr.org\/en\/2026\/01\/06\/continuan-los-trabajos-de-consolidacion-estructural-de-la-plaza-de-toros-de-ronda-2\/","og_locale":"en_US","og_type":"article","og_title":"Obras de consolidaci\u00f3n estructural en la Plaza de Toros de Ronda","og_description":"Avanzan las obras de consolidaci\u00f3n estructural en la Plaza de Toros de Ronda, dirigidas por Ricardo Aroca y aprobadas por la Junta de Andaluc\u00eda.","og_url":"https:\/\/www.rmcr.org\/en\/2026\/01\/06\/continuan-los-trabajos-de-consolidacion-estructural-de-la-plaza-de-toros-de-ronda-2\/","og_site_name":"Real Maestranza de Caballer\u00eda de Ronda","article_publisher":"https:\/\/www.facebook.com\/plazadetorosronda","article_published_time":"2026-01-06T09:19:52+00:00","article_modified_time":"2026-03-03T10:42:46+00:00","og_image":[{"width":945,"height":340,"url":"https:\/\/www.rmcr.org\/wp-content\/uploads\/2026\/02\/Portada_Plaza.png","type":"image\/png"}],"author":"MUSEO","twitter_card":"summary_large_image","twitter_creator":"@PlazatorosRMR","twitter_site":"@PlazatorosRMR","twitter_misc":{"Written by":"MUSEO","Est. reading time":"2 minutes"},"schema":{"@context":"https:\/\/schema.org","@graph":[{"@type":"Article","@id":"https:\/\/www.rmcr.org\/en\/2026\/01\/06\/continuan-los-trabajos-de-consolidacion-estructural-de-la-plaza-de-toros-de-ronda-2\/#article","isPartOf":{"@id":"https:\/\/www.rmcr.org\/en\/2026\/01\/06\/continuan-los-trabajos-de-consolidacion-estructural-de-la-plaza-de-toros-de-ronda-2\/"},"author":{"name":"MUSEO","@id":"https:\/\/www.rmcr.org\/en\/#\/schema\/person\/6e5eb50e802ff5f1419c0fea9935ae36"},"headline":"Contin\u00faan los trabajos de consolidaci\u00f3n estructural de la Plaza de Toros de Ronda","datePublished":"2026-01-06T09:19:52+00:00","dateModified":"2026-03-03T10:42:46+00:00","mainEntityOfPage":{"@id":"https:\/\/www.rmcr.org\/en\/2026\/01\/06\/continuan-los-trabajos-de-consolidacion-estructural-de-la-plaza-de-toros-de-ronda-2\/"},"wordCount":246,"commentCount":0,"publisher":{"@id":"https:\/\/www.rmcr.org\/en\/#organization"},"image":{"@id":"https:\/\/www.rmcr.org\/en\/2026\/01\/06\/continuan-los-trabajos-de-consolidacion-estructural-de-la-plaza-de-toros-de-ronda-2\/#primaryimage"},"thumbnailUrl":"https:\/\/www.rmcr.org\/wp-content\/uploads\/2026\/02\/Portada_Plaza.png","keywords":["Arquitectura","Conservaci\u00f3n","Patrimonio","Plaza de Toros de Ronda","Real Maestranza de Caballer\u00eda de Ronda","Ricardo Aroca"],"articleSection":["Arquitectura","Conservaci\u00f3n","Plaza de Toros","Plaza y Museo"],"inLanguage":"en-US","potentialAction":[{"@type":"CommentAction","name":"Comment","target":["https:\/\/www.rmcr.org\/en\/2026\/01\/06\/continuan-los-trabajos-de-consolidacion-estructural-de-la-plaza-de-toros-de-ronda-2\/#respond"]}]},{"@type":"WebPage","@id":"https:\/\/www.rmcr.org\/en\/2026\/01\/06\/continuan-los-trabajos-de-consolidacion-estructural-de-la-plaza-de-toros-de-ronda-2\/","url":"https:\/\/www.rmcr.org\/en\/2026\/01\/06\/continuan-los-trabajos-de-consolidacion-estructural-de-la-plaza-de-toros-de-ronda-2\/","name":"Obras de consolidaci\u00f3n estructural en la Plaza de Toros de Ronda","isPartOf":{"@id":"https:\/\/www.rmcr.org\/en\/#website"},"primaryImageOfPage":{"@id":"https:\/\/www.rmcr.org\/en\/2026\/01\/06\/continuan-los-trabajos-de-consolidacion-estructural-de-la-plaza-de-toros-de-ronda-2\/#primaryimage"},"image":{"@id":"https:\/\/www.rmcr.org\/en\/2026\/01\/06\/continuan-los-trabajos-de-consolidacion-estructural-de-la-plaza-de-toros-de-ronda-2\/#primaryimage"},"thumbnailUrl":"https:\/\/www.rmcr.org\/wp-content\/uploads\/2026\/02\/Portada_Plaza.png","datePublished":"2026-01-06T09:19:52+00:00","dateModified":"2026-03-03T10:42:46+00:00","description":"Avanzan las obras de consolidaci\u00f3n estructural en la Plaza de Toros de Ronda, dirigidas por Ricardo Aroca y aprobadas por la Junta de Andaluc\u00eda.","breadcrumb":{"@id":"https:\/\/www.rmcr.org\/en\/2026\/01\/06\/continuan-los-trabajos-de-consolidacion-estructural-de-la-plaza-de-toros-de-ronda-2\/#breadcrumb"},"inLanguage":"en-US","potentialAction":[{"@type":"ReadAction","target":["https:\/\/www.rmcr.org\/en\/2026\/01\/06\/continuan-los-trabajos-de-consolidacion-estructural-de-la-plaza-de-toros-de-ronda-2\/"]}]},{"@type":"ImageObject","inLanguage":"en-US","@id":"https:\/\/www.rmcr.org\/en\/2026\/01\/06\/continuan-los-trabajos-de-consolidacion-estructural-de-la-plaza-de-toros-de-ronda-2\/#primaryimage","url":"https:\/\/www.rmcr.org\/wp-content\/uploads\/2026\/02\/Portada_Plaza.png","contentUrl":"https:\/\/www.rmcr.org\/wp-content\/uploads\/2026\/02\/Portada_Plaza.png","width":945,"height":340},{"@type":"BreadcrumbList","@id":"https:\/\/www.rmcr.org\/en\/2026\/01\/06\/continuan-los-trabajos-de-consolidacion-estructural-de-la-plaza-de-toros-de-ronda-2\/#breadcrumb","itemListElement":[{"@type":"ListItem","position":1,"name":"REAL MAESTRANZA DE CABALLER\u00cdA DE RONDA","item":"https:\/\/www.rmcr.org\/en\/"},{"@type":"ListItem","position":2,"name":"Contin\u00faan los trabajos de consolidaci\u00f3n estructural de la Plaza de Toros de Ronda"}]},{"@type":"WebSite","@id":"https:\/\/www.rmcr.org\/en\/#website","url":"https:\/\/www.rmcr.org\/en\/","name":"Real Maestranza de Caballer\u00eda de Ronda","description":"Real Maestranza de Caballer\u00eda de Ronda","publisher":{"@id":"https:\/\/www.rmcr.org\/en\/#organization"},"alternateName":"RMCR","potentialAction":[{"@type":"SearchAction","target":{"@type":"EntryPoint","urlTemplate":"https:\/\/www.rmcr.org\/en\/?s={search_term_string}"},"query-input":{"@type":"PropertyValueSpecification","valueRequired":true,"valueName":"search_term_string"}}],"inLanguage":"en-US"},{"@type":"Organization","@id":"https:\/\/www.rmcr.org\/en\/#organization","name":"Real Maestranza de Caballer\u00eda de Ronda","alternateName":"RMR","url":"https:\/\/www.rmcr.org\/en\/","logo":{"@type":"ImageObject","inLanguage":"en-US","@id":"https:\/\/www.rmcr.org\/en\/#\/schema\/logo\/image\/","url":"https:\/\/www.rmcr.org\/wp-content\/uploads\/2022\/07\/logo-rmr-blue.svg","contentUrl":"https:\/\/www.rmcr.org\/wp-content\/uploads\/2022\/07\/logo-rmr-blue.svg","width":131,"height":129,"caption":"Real Maestranza de Caballer\u00eda de Ronda"},"image":{"@id":"https:\/\/www.rmcr.org\/en\/#\/schema\/logo\/image\/"},"sameAs":["https:\/\/www.facebook.com\/plazadetorosronda","https:\/\/x.com\/PlazatorosRMR","https:\/\/www.instagram.com\/realmaestranzaderonda\/","https:\/\/www.youtube.com\/channel\/UCrbO5IUN-8v_QML739vM4zg\/videos"]},{"@type":"Person","@id":"https:\/\/www.rmcr.org\/en\/#\/schema\/person\/6e5eb50e802ff5f1419c0fea9935ae36","name":"MUSEO","image":{"@type":"ImageObject","inLanguage":"en-US","@id":"https:\/\/www.rmcr.org\/wp-content\/uploads\/2022\/11\/avatar-rmcr-96x96.png","url":"https:\/\/www.rmcr.org\/wp-content\/uploads\/2022\/11\/avatar-rmcr-96x96.png","contentUrl":"https:\/\/www.rmcr.org\/wp-content\/uploads\/2022\/11\/avatar-rmcr-96x96.png","caption":"MUSEO"},"url":"https:\/\/www.rmcr.org\/en\/author\/miguel-angel-sanchez\/"}]}},"_links":{"self":[{"href":"https:\/\/www.rmcr.org\/en\/wp-json\/wp\/v2\/posts\/23940","targetHints":{"allow":["GET"]}}],"collection":[{"href":"https:\/\/www.rmcr.org\/en\/wp-json\/wp\/v2\/posts"}],"about":[{"href":"https:\/\/www.rmcr.org\/en\/wp-json\/wp\/v2\/types\/post"}],"author":[{"embeddable":true,"href":"https:\/\/www.rmcr.org\/en\/wp-json\/wp\/v2\/users\/5"}],"replies":[{"embeddable":true,"href":"https:\/\/www.rmcr.org\/en\/wp-json\/wp\/v2\/comments?post=23940"}],"version-history":[{"count":4,"href":"https:\/\/www.rmcr.org\/en\/wp-json\/wp\/v2\/posts\/23940\/revisions"}],"predecessor-version":[{"id":23951,"href":"https:\/\/www.rmcr.org\/en\/wp-json\/wp\/v2\/posts\/23940\/revisions\/23951"}],"wp:featuredmedia":[{"embeddable":true,"href":"https:\/\/www.rmcr.org\/en\/wp-json\/wp\/v2\/media\/23941"}],"wp:attachment":[{"href":"https:\/\/www.rmcr.org\/en\/wp-json\/wp\/v2\/media?parent=23940"}],"wp:term":[{"taxonomy":"category","embeddable":true,"href":"https:\/\/www.rmcr.org\/en\/wp-json\/wp\/v2\/categories?post=23940"},{"taxonomy":"post_tag","embeddable":true,"href":"https:\/\/www.rmcr.org\/en\/wp-json\/wp\/v2\/tags?post=23940"}],"curies":[{"name":"wp","href":"https:\/\/api.w.org\/{rel}","templated":true}]}}