{"id":23792,"date":"2025-12-01T08:23:53","date_gmt":"2025-12-01T08:23:53","guid":{"rendered":"https:\/\/www.rmcr.org\/?p=23792"},"modified":"2026-02-06T10:20:20","modified_gmt":"2026-02-06T10:20:20","slug":"destacados-blog-real-maestranza-ronda-2025","status":"publish","type":"post","link":"https:\/\/www.rmcr.org\/en\/2025\/12\/01\/destacados-blog-real-maestranza-ronda-2025\/","title":{"rendered":"Lo m\u00e1s destacado de la Real Maestranza de Caballer\u00eda de Ronda 2025"},"content":{"rendered":"\n<p>El nuevo a\u00f1o trae consigo nuevos retos y objetivos para la Real Maestranza de Caballer\u00eda de Ronda. Entre ellos, es fortalecer nuestra comunicaci\u00f3n y construir una comunidad digital con todos vosotros, nuestros lectores y visitantes.<\/p>\n\n\n\n<p>Para comenzar este 2026, queremos hacer un repaso por los momentos m\u00e1s destacados y visitados de nuestro blog en 2025. Estos eventos y actividades reflejan el compromiso de la Real Maestranza de Caballer\u00eda de Ronda con sus principales objetivos: conservar, investigar y difundir su legado hist\u00f3rico.<\/p>\n\n\n\n<p>Pulsa en cada imagen para visitar las entradas<\/p>\n\n\n\n<figure class=\"wp-block-image aligncenter size-large is-resized\"><a href=\"https:\/\/www.rmcr.org\/2025\/03\/26\/real-maestranza-ronda-proyecto-intervencion-plaza-toros\/\"><img fetchpriority=\"high\" decoding=\"async\" width=\"1024\" height=\"1024\" src=\"https:\/\/www.rmcr.org\/wp-content\/uploads\/2025\/12\/Lo-mas-leido-2025_Pagina_2-1024x1024.png\" alt=\"\" class=\"wp-image-23793\" style=\"width:583px;height:auto\" srcset=\"https:\/\/www.rmcr.org\/wp-content\/uploads\/2025\/12\/Lo-mas-leido-2025_Pagina_2-1024x1024.png 1024w, https:\/\/www.rmcr.org\/wp-content\/uploads\/2025\/12\/Lo-mas-leido-2025_Pagina_2-300x300.png 300w, https:\/\/www.rmcr.org\/wp-content\/uploads\/2025\/12\/Lo-mas-leido-2025_Pagina_2-150x150.png 150w, https:\/\/www.rmcr.org\/wp-content\/uploads\/2025\/12\/Lo-mas-leido-2025_Pagina_2-768x768.png 768w, https:\/\/www.rmcr.org\/wp-content\/uploads\/2025\/12\/Lo-mas-leido-2025_Pagina_2-1536x1536.png 1536w, https:\/\/www.rmcr.org\/wp-content\/uploads\/2025\/12\/Lo-mas-leido-2025_Pagina_2-2048x2048.png 2048w, https:\/\/www.rmcr.org\/wp-content\/uploads\/2025\/12\/Lo-mas-leido-2025_Pagina_2-24x24.png 24w, https:\/\/www.rmcr.org\/wp-content\/uploads\/2025\/12\/Lo-mas-leido-2025_Pagina_2-48x48.png 48w, https:\/\/www.rmcr.org\/wp-content\/uploads\/2025\/12\/Lo-mas-leido-2025_Pagina_2-96x96.png 96w\" sizes=\"(max-width: 1024px) 100vw, 1024px\" \/><\/a><\/figure>\n\n\n\n<figure class=\"wp-block-image aligncenter size-large is-resized\"><a href=\"https:\/\/www.rmcr.org\/2025\/10\/17\/entrega-premios-academicos-2025-real-maestranza-ronda\/\"><img decoding=\"async\" width=\"1024\" height=\"1024\" src=\"https:\/\/www.rmcr.org\/wp-content\/uploads\/2025\/12\/Lo-mas-leido-2025_Pagina_3-1024x1024.png\" alt=\"\" class=\"wp-image-23795\" style=\"width:577px;height:auto\" srcset=\"https:\/\/www.rmcr.org\/wp-content\/uploads\/2025\/12\/Lo-mas-leido-2025_Pagina_3-1024x1024.png 1024w, https:\/\/www.rmcr.org\/wp-content\/uploads\/2025\/12\/Lo-mas-leido-2025_Pagina_3-300x300.png 300w, https:\/\/www.rmcr.org\/wp-content\/uploads\/2025\/12\/Lo-mas-leido-2025_Pagina_3-150x150.png 150w, https:\/\/www.rmcr.org\/wp-content\/uploads\/2025\/12\/Lo-mas-leido-2025_Pagina_3-768x768.png 768w, https:\/\/www.rmcr.org\/wp-content\/uploads\/2025\/12\/Lo-mas-leido-2025_Pagina_3-1536x1536.png 1536w, https:\/\/www.rmcr.org\/wp-content\/uploads\/2025\/12\/Lo-mas-leido-2025_Pagina_3-2048x2048.png 2048w, https:\/\/www.rmcr.org\/wp-content\/uploads\/2025\/12\/Lo-mas-leido-2025_Pagina_3-24x24.png 24w, https:\/\/www.rmcr.org\/wp-content\/uploads\/2025\/12\/Lo-mas-leido-2025_Pagina_3-48x48.png 48w, https:\/\/www.rmcr.org\/wp-content\/uploads\/2025\/12\/Lo-mas-leido-2025_Pagina_3-96x96.png 96w\" sizes=\"(max-width: 1024px) 100vw, 1024px\" \/><\/a><\/figure>\n\n\n\n<figure class=\"wp-block-image aligncenter size-large is-resized\"><a href=\"https:\/\/www.rmcr.org\/2025\/09\/05\/medalla-morante-real-maestranza-ronda\/\"><img decoding=\"async\" width=\"1024\" height=\"1024\" src=\"https:\/\/www.rmcr.org\/wp-content\/uploads\/2025\/12\/Lo-mas-leido-2025_Pagina_4-1024x1024.png\" alt=\"\" class=\"wp-image-23797\" style=\"width:580px;height:auto\" srcset=\"https:\/\/www.rmcr.org\/wp-content\/uploads\/2025\/12\/Lo-mas-leido-2025_Pagina_4-1024x1024.png 1024w, https:\/\/www.rmcr.org\/wp-content\/uploads\/2025\/12\/Lo-mas-leido-2025_Pagina_4-300x300.png 300w, https:\/\/www.rmcr.org\/wp-content\/uploads\/2025\/12\/Lo-mas-leido-2025_Pagina_4-150x150.png 150w, https:\/\/www.rmcr.org\/wp-content\/uploads\/2025\/12\/Lo-mas-leido-2025_Pagina_4-768x768.png 768w, https:\/\/www.rmcr.org\/wp-content\/uploads\/2025\/12\/Lo-mas-leido-2025_Pagina_4-1536x1536.png 1536w, https:\/\/www.rmcr.org\/wp-content\/uploads\/2025\/12\/Lo-mas-leido-2025_Pagina_4-2048x2048.png 2048w, https:\/\/www.rmcr.org\/wp-content\/uploads\/2025\/12\/Lo-mas-leido-2025_Pagina_4-24x24.png 24w, https:\/\/www.rmcr.org\/wp-content\/uploads\/2025\/12\/Lo-mas-leido-2025_Pagina_4-48x48.png 48w, https:\/\/www.rmcr.org\/wp-content\/uploads\/2025\/12\/Lo-mas-leido-2025_Pagina_4-96x96.png 96w\" sizes=\"(max-width: 1024px) 100vw, 1024px\" \/><\/a><\/figure>\n\n\n\n<figure class=\"wp-block-image aligncenter size-large is-resized\"><a href=\"https:\/\/www.rmcr.org\/2025\/06\/27\/fallo-del-jurado-del-premio-de-historia-de-la-nobleza-2025\/\"><img loading=\"lazy\" decoding=\"async\" width=\"1024\" height=\"1024\" src=\"https:\/\/www.rmcr.org\/wp-content\/uploads\/2025\/12\/Lo-mas-leido-2025_Pagina_5-1024x1024.png\" alt=\"\" class=\"wp-image-23799\" style=\"width:580px;height:auto\" srcset=\"https:\/\/www.rmcr.org\/wp-content\/uploads\/2025\/12\/Lo-mas-leido-2025_Pagina_5-1024x1024.png 1024w, https:\/\/www.rmcr.org\/wp-content\/uploads\/2025\/12\/Lo-mas-leido-2025_Pagina_5-300x300.png 300w, https:\/\/www.rmcr.org\/wp-content\/uploads\/2025\/12\/Lo-mas-leido-2025_Pagina_5-150x150.png 150w, https:\/\/www.rmcr.org\/wp-content\/uploads\/2025\/12\/Lo-mas-leido-2025_Pagina_5-768x768.png 768w, https:\/\/www.rmcr.org\/wp-content\/uploads\/2025\/12\/Lo-mas-leido-2025_Pagina_5-1536x1536.png 1536w, https:\/\/www.rmcr.org\/wp-content\/uploads\/2025\/12\/Lo-mas-leido-2025_Pagina_5-2048x2048.png 2048w, https:\/\/www.rmcr.org\/wp-content\/uploads\/2025\/12\/Lo-mas-leido-2025_Pagina_5-24x24.png 24w, https:\/\/www.rmcr.org\/wp-content\/uploads\/2025\/12\/Lo-mas-leido-2025_Pagina_5-48x48.png 48w, https:\/\/www.rmcr.org\/wp-content\/uploads\/2025\/12\/Lo-mas-leido-2025_Pagina_5-96x96.png 96w\" sizes=\"(max-width: 1024px) 100vw, 1024px\" \/><\/a><\/figure>\n\n\n\n<figure class=\"wp-block-image aligncenter size-large is-resized\"><a href=\"https:\/\/www.rmcr.org\/2025\/12\/11\/escuela-equitacion-campeonato-andalucia-doma-clasica-2025\/\"><img loading=\"lazy\" decoding=\"async\" width=\"1024\" height=\"1024\" src=\"https:\/\/www.rmcr.org\/wp-content\/uploads\/2025\/12\/Lo-mas-leido-2025_Pagina_6-1024x1024.png\" alt=\"\" class=\"wp-image-23801\" style=\"width:577px;height:auto\" srcset=\"https:\/\/www.rmcr.org\/wp-content\/uploads\/2025\/12\/Lo-mas-leido-2025_Pagina_6-1024x1024.png 1024w, https:\/\/www.rmcr.org\/wp-content\/uploads\/2025\/12\/Lo-mas-leido-2025_Pagina_6-300x300.png 300w, https:\/\/www.rmcr.org\/wp-content\/uploads\/2025\/12\/Lo-mas-leido-2025_Pagina_6-150x150.png 150w, https:\/\/www.rmcr.org\/wp-content\/uploads\/2025\/12\/Lo-mas-leido-2025_Pagina_6-768x768.png 768w, https:\/\/www.rmcr.org\/wp-content\/uploads\/2025\/12\/Lo-mas-leido-2025_Pagina_6-1536x1536.png 1536w, https:\/\/www.rmcr.org\/wp-content\/uploads\/2025\/12\/Lo-mas-leido-2025_Pagina_6-2048x2048.png 2048w, https:\/\/www.rmcr.org\/wp-content\/uploads\/2025\/12\/Lo-mas-leido-2025_Pagina_6-24x24.png 24w, https:\/\/www.rmcr.org\/wp-content\/uploads\/2025\/12\/Lo-mas-leido-2025_Pagina_6-48x48.png 48w, https:\/\/www.rmcr.org\/wp-content\/uploads\/2025\/12\/Lo-mas-leido-2025_Pagina_6-96x96.png 96w\" sizes=\"(max-width: 1024px) 100vw, 1024px\" \/><\/a><\/figure>\n\n\n\n<p>Gracias por formar parte de nuestra comunidad en 2025.<\/p>\n\n\n\n<p>Seguiremos trabajando juntos para que 2026 sea un a\u00f1o a\u00fan m\u00e1s especial. \u00a1Acomp\u00e1\u00f1anos en este viaje!<\/p>\n","protected":false},"excerpt":{"rendered":"<p>\u00abEl equipo de la Real Maestranza ha seleccionado lo que m\u00e1s inter\u00e9s ha despertado este a\u00f1o, y presenta en esta entrada lo m\u00e1s le\u00eddo en nuestro blog en 2025\u00bb<\/p>\n","protected":false},"author":5,"featured_media":23846,"comment_status":"open","ping_status":"open","sticky":false,"template":"","format":"standard","meta":{"footnotes":""},"categories":[200],"tags":[307,293,331,730,259,315,98],"class_list":["post-23792","post","type-post","status-publish","format-standard","has-post-thumbnail","hentry","category-actividad","tag-actividades-culturales","tag-difusion","tag-escuela-de-equitacion","tag-lo-mas-leido","tag-patrimonio","tag-plaza-de-toros-de-ronda","tag-real-maestranza-de-caballeria-de-ronda"],"yoast_head":"<!-- This site is optimized with the Yoast SEO plugin v27.5 - https:\/\/yoast.com\/product\/yoast-seo-wordpress\/ -->\n<title>Lo m\u00e1s destacado del blog de la Real Maestranza de Caballer\u00eda de Ronda en 2025<\/title>\n<meta name=\"description\" content=\"Descubre los eventos y actividades m\u00e1s destacados de 2024 en la Real Maestranza de Caballer\u00eda de Ronda, reflejo de su compromiso con la conservaci\u00f3n y difusi\u00f3n de su legado hist\u00f3rico.\" \/>\n<meta name=\"robots\" content=\"index, follow, max-snippet:-1, max-image-preview:large, max-video-preview:-1\" \/>\n<link rel=\"canonical\" href=\"https:\/\/www.rmcr.org\/en\/2025\/12\/01\/destacados-blog-real-maestranza-ronda-2025\/\" \/>\n<meta property=\"og:locale\" content=\"en_US\" \/>\n<meta property=\"og:type\" content=\"article\" \/>\n<meta property=\"og:title\" content=\"Lo m\u00e1s destacado del blog de la Real Maestranza de Caballer\u00eda de Ronda en 2025\" \/>\n<meta property=\"og:description\" content=\"Descubre los eventos y actividades m\u00e1s destacados de 2024 en la Real Maestranza de Caballer\u00eda de Ronda, reflejo de su compromiso con la conservaci\u00f3n y difusi\u00f3n de su legado hist\u00f3rico.\" \/>\n<meta property=\"og:url\" content=\"https:\/\/www.rmcr.org\/en\/2025\/12\/01\/destacados-blog-real-maestranza-ronda-2025\/\" \/>\n<meta property=\"og:site_name\" content=\"Real Maestranza de Caballer\u00eda de Ronda\" \/>\n<meta property=\"article:publisher\" content=\"https:\/\/www.facebook.com\/plazadetorosronda\" \/>\n<meta property=\"article:published_time\" content=\"2025-12-01T08:23:53+00:00\" \/>\n<meta property=\"article:modified_time\" content=\"2026-02-06T10:20:20+00:00\" \/>\n<meta property=\"og:image\" content=\"https:\/\/www.rmcr.org\/wp-content\/uploads\/2025\/12\/Portada_2025-1.png\" \/>\n\t<meta property=\"og:image:width\" content=\"945\" \/>\n\t<meta property=\"og:image:height\" content=\"340\" \/>\n\t<meta property=\"og:image:type\" content=\"image\/png\" \/>\n<meta name=\"author\" content=\"MUSEO\" \/>\n<meta name=\"twitter:card\" content=\"summary_large_image\" \/>\n<meta name=\"twitter:creator\" content=\"@PlazatorosRMR\" \/>\n<meta name=\"twitter:site\" content=\"@PlazatorosRMR\" \/>\n<meta name=\"twitter:label1\" content=\"Written by\" \/>\n\t<meta name=\"twitter:data1\" content=\"MUSEO\" \/>\n\t<meta name=\"twitter:label2\" content=\"Est. reading time\" \/>\n\t<meta name=\"twitter:data2\" content=\"2 minutes\" \/>\n<script type=\"application\/ld+json\" class=\"yoast-schema-graph\">{\"@context\":\"https:\\\/\\\/schema.org\",\"@graph\":[{\"@type\":\"Article\",\"@id\":\"https:\\\/\\\/www.rmcr.org\\\/en\\\/2025\\\/12\\\/01\\\/destacados-blog-real-maestranza-ronda-2025\\\/#article\",\"isPartOf\":{\"@id\":\"https:\\\/\\\/www.rmcr.org\\\/en\\\/2025\\\/12\\\/01\\\/destacados-blog-real-maestranza-ronda-2025\\\/\"},\"author\":{\"name\":\"MUSEO\",\"@id\":\"https:\\\/\\\/www.rmcr.org\\\/en\\\/#\\\/schema\\\/person\\\/6e5eb50e802ff5f1419c0fea9935ae36\"},\"headline\":\"Lo m\u00e1s destacado de la Real Maestranza de Caballer\u00eda de Ronda 2025\",\"datePublished\":\"2025-12-01T08:23:53+00:00\",\"dateModified\":\"2026-02-06T10:20:20+00:00\",\"mainEntityOfPage\":{\"@id\":\"https:\\\/\\\/www.rmcr.org\\\/en\\\/2025\\\/12\\\/01\\\/destacados-blog-real-maestranza-ronda-2025\\\/\"},\"wordCount\":133,\"commentCount\":0,\"publisher\":{\"@id\":\"https:\\\/\\\/www.rmcr.org\\\/en\\\/#organization\"},\"image\":{\"@id\":\"https:\\\/\\\/www.rmcr.org\\\/en\\\/2025\\\/12\\\/01\\\/destacados-blog-real-maestranza-ronda-2025\\\/#primaryimage\"},\"thumbnailUrl\":\"https:\\\/\\\/www.rmcr.org\\\/wp-content\\\/uploads\\\/2025\\\/12\\\/Portada_2025-1.png\",\"keywords\":[\"Actividades culturales\",\"Difusi\u00f3n\",\"Escuela de equitaci\u00f3n\",\"Lo m\u00e1s le\u00eddo\",\"Patrimonio\",\"Plaza de Toros de Ronda\",\"Real Maestranza de Caballer\u00eda de Ronda\"],\"articleSection\":[\"Actividad\"],\"inLanguage\":\"en-US\",\"potentialAction\":[{\"@type\":\"CommentAction\",\"name\":\"Comment\",\"target\":[\"https:\\\/\\\/www.rmcr.org\\\/en\\\/2025\\\/12\\\/01\\\/destacados-blog-real-maestranza-ronda-2025\\\/#respond\"]}]},{\"@type\":\"WebPage\",\"@id\":\"https:\\\/\\\/www.rmcr.org\\\/en\\\/2025\\\/12\\\/01\\\/destacados-blog-real-maestranza-ronda-2025\\\/\",\"url\":\"https:\\\/\\\/www.rmcr.org\\\/en\\\/2025\\\/12\\\/01\\\/destacados-blog-real-maestranza-ronda-2025\\\/\",\"name\":\"Lo m\u00e1s destacado del blog de la Real Maestranza de Caballer\u00eda de Ronda en 2025\",\"isPartOf\":{\"@id\":\"https:\\\/\\\/www.rmcr.org\\\/en\\\/#website\"},\"primaryImageOfPage\":{\"@id\":\"https:\\\/\\\/www.rmcr.org\\\/en\\\/2025\\\/12\\\/01\\\/destacados-blog-real-maestranza-ronda-2025\\\/#primaryimage\"},\"image\":{\"@id\":\"https:\\\/\\\/www.rmcr.org\\\/en\\\/2025\\\/12\\\/01\\\/destacados-blog-real-maestranza-ronda-2025\\\/#primaryimage\"},\"thumbnailUrl\":\"https:\\\/\\\/www.rmcr.org\\\/wp-content\\\/uploads\\\/2025\\\/12\\\/Portada_2025-1.png\",\"datePublished\":\"2025-12-01T08:23:53+00:00\",\"dateModified\":\"2026-02-06T10:20:20+00:00\",\"description\":\"Descubre los eventos y actividades m\u00e1s destacados de 2024 en la Real Maestranza de Caballer\u00eda de Ronda, reflejo de su compromiso con la conservaci\u00f3n y difusi\u00f3n de su legado hist\u00f3rico.\",\"breadcrumb\":{\"@id\":\"https:\\\/\\\/www.rmcr.org\\\/en\\\/2025\\\/12\\\/01\\\/destacados-blog-real-maestranza-ronda-2025\\\/#breadcrumb\"},\"inLanguage\":\"en-US\",\"potentialAction\":[{\"@type\":\"ReadAction\",\"target\":[\"https:\\\/\\\/www.rmcr.org\\\/en\\\/2025\\\/12\\\/01\\\/destacados-blog-real-maestranza-ronda-2025\\\/\"]}]},{\"@type\":\"ImageObject\",\"inLanguage\":\"en-US\",\"@id\":\"https:\\\/\\\/www.rmcr.org\\\/en\\\/2025\\\/12\\\/01\\\/destacados-blog-real-maestranza-ronda-2025\\\/#primaryimage\",\"url\":\"https:\\\/\\\/www.rmcr.org\\\/wp-content\\\/uploads\\\/2025\\\/12\\\/Portada_2025-1.png\",\"contentUrl\":\"https:\\\/\\\/www.rmcr.org\\\/wp-content\\\/uploads\\\/2025\\\/12\\\/Portada_2025-1.png\",\"width\":945,\"height\":340},{\"@type\":\"BreadcrumbList\",\"@id\":\"https:\\\/\\\/www.rmcr.org\\\/en\\\/2025\\\/12\\\/01\\\/destacados-blog-real-maestranza-ronda-2025\\\/#breadcrumb\",\"itemListElement\":[{\"@type\":\"ListItem\",\"position\":1,\"name\":\"REAL MAESTRANZA DE CABALLER\u00cdA DE RONDA\",\"item\":\"https:\\\/\\\/www.rmcr.org\\\/en\\\/\"},{\"@type\":\"ListItem\",\"position\":2,\"name\":\"Lo m\u00e1s destacado de la Real Maestranza de Caballer\u00eda de Ronda 2025\"}]},{\"@type\":\"WebSite\",\"@id\":\"https:\\\/\\\/www.rmcr.org\\\/en\\\/#website\",\"url\":\"https:\\\/\\\/www.rmcr.org\\\/en\\\/\",\"name\":\"Real Maestranza de Caballer\u00eda de Ronda\",\"description\":\"Real Maestranza de Caballer\u00eda de Ronda\",\"publisher\":{\"@id\":\"https:\\\/\\\/www.rmcr.org\\\/en\\\/#organization\"},\"alternateName\":\"RMCR\",\"potentialAction\":[{\"@type\":\"SearchAction\",\"target\":{\"@type\":\"EntryPoint\",\"urlTemplate\":\"https:\\\/\\\/www.rmcr.org\\\/en\\\/?s={search_term_string}\"},\"query-input\":{\"@type\":\"PropertyValueSpecification\",\"valueRequired\":true,\"valueName\":\"search_term_string\"}}],\"inLanguage\":\"en-US\"},{\"@type\":\"Organization\",\"@id\":\"https:\\\/\\\/www.rmcr.org\\\/en\\\/#organization\",\"name\":\"Real Maestranza de Caballer\u00eda de Ronda\",\"alternateName\":\"RMR\",\"url\":\"https:\\\/\\\/www.rmcr.org\\\/en\\\/\",\"logo\":{\"@type\":\"ImageObject\",\"inLanguage\":\"en-US\",\"@id\":\"https:\\\/\\\/www.rmcr.org\\\/en\\\/#\\\/schema\\\/logo\\\/image\\\/\",\"url\":\"https:\\\/\\\/www.rmcr.org\\\/wp-content\\\/uploads\\\/2022\\\/07\\\/logo-rmr-blue.svg\",\"contentUrl\":\"https:\\\/\\\/www.rmcr.org\\\/wp-content\\\/uploads\\\/2022\\\/07\\\/logo-rmr-blue.svg\",\"width\":131,\"height\":129,\"caption\":\"Real Maestranza de Caballer\u00eda de Ronda\"},\"image\":{\"@id\":\"https:\\\/\\\/www.rmcr.org\\\/en\\\/#\\\/schema\\\/logo\\\/image\\\/\"},\"sameAs\":[\"https:\\\/\\\/www.facebook.com\\\/plazadetorosronda\",\"https:\\\/\\\/x.com\\\/PlazatorosRMR\",\"https:\\\/\\\/www.instagram.com\\\/realmaestranzaderonda\\\/\",\"https:\\\/\\\/www.youtube.com\\\/channel\\\/UCrbO5IUN-8v_QML739vM4zg\\\/videos\"]},{\"@type\":\"Person\",\"@id\":\"https:\\\/\\\/www.rmcr.org\\\/en\\\/#\\\/schema\\\/person\\\/6e5eb50e802ff5f1419c0fea9935ae36\",\"name\":\"MUSEO\",\"image\":{\"@type\":\"ImageObject\",\"inLanguage\":\"en-US\",\"@id\":\"https:\\\/\\\/www.rmcr.org\\\/wp-content\\\/uploads\\\/2022\\\/11\\\/avatar-rmcr-96x96.png\",\"url\":\"https:\\\/\\\/www.rmcr.org\\\/wp-content\\\/uploads\\\/2022\\\/11\\\/avatar-rmcr-96x96.png\",\"contentUrl\":\"https:\\\/\\\/www.rmcr.org\\\/wp-content\\\/uploads\\\/2022\\\/11\\\/avatar-rmcr-96x96.png\",\"caption\":\"MUSEO\"},\"url\":\"https:\\\/\\\/www.rmcr.org\\\/en\\\/author\\\/miguel-angel-sanchez\\\/\"}]}<\/script>\n<!-- \/ Yoast SEO plugin. -->","yoast_head_json":{"title":"Lo m\u00e1s destacado del blog de la Real Maestranza de Caballer\u00eda de Ronda en 2025","description":"Descubre los eventos y actividades m\u00e1s destacados de 2024 en la Real Maestranza de Caballer\u00eda de Ronda, reflejo de su compromiso con la conservaci\u00f3n y difusi\u00f3n de su legado hist\u00f3rico.","robots":{"index":"index","follow":"follow","max-snippet":"max-snippet:-1","max-image-preview":"max-image-preview:large","max-video-preview":"max-video-preview:-1"},"canonical":"https:\/\/www.rmcr.org\/en\/2025\/12\/01\/destacados-blog-real-maestranza-ronda-2025\/","og_locale":"en_US","og_type":"article","og_title":"Lo m\u00e1s destacado del blog de la Real Maestranza de Caballer\u00eda de Ronda en 2025","og_description":"Descubre los eventos y actividades m\u00e1s destacados de 2024 en la Real Maestranza de Caballer\u00eda de Ronda, reflejo de su compromiso con la conservaci\u00f3n y difusi\u00f3n de su legado hist\u00f3rico.","og_url":"https:\/\/www.rmcr.org\/en\/2025\/12\/01\/destacados-blog-real-maestranza-ronda-2025\/","og_site_name":"Real Maestranza de Caballer\u00eda de Ronda","article_publisher":"https:\/\/www.facebook.com\/plazadetorosronda","article_published_time":"2025-12-01T08:23:53+00:00","article_modified_time":"2026-02-06T10:20:20+00:00","og_image":[{"width":945,"height":340,"url":"https:\/\/www.rmcr.org\/wp-content\/uploads\/2025\/12\/Portada_2025-1.png","type":"image\/png"}],"author":"MUSEO","twitter_card":"summary_large_image","twitter_creator":"@PlazatorosRMR","twitter_site":"@PlazatorosRMR","twitter_misc":{"Written by":"MUSEO","Est. reading time":"2 minutes"},"schema":{"@context":"https:\/\/schema.org","@graph":[{"@type":"Article","@id":"https:\/\/www.rmcr.org\/en\/2025\/12\/01\/destacados-blog-real-maestranza-ronda-2025\/#article","isPartOf":{"@id":"https:\/\/www.rmcr.org\/en\/2025\/12\/01\/destacados-blog-real-maestranza-ronda-2025\/"},"author":{"name":"MUSEO","@id":"https:\/\/www.rmcr.org\/en\/#\/schema\/person\/6e5eb50e802ff5f1419c0fea9935ae36"},"headline":"Lo m\u00e1s destacado de la Real Maestranza de Caballer\u00eda de Ronda 2025","datePublished":"2025-12-01T08:23:53+00:00","dateModified":"2026-02-06T10:20:20+00:00","mainEntityOfPage":{"@id":"https:\/\/www.rmcr.org\/en\/2025\/12\/01\/destacados-blog-real-maestranza-ronda-2025\/"},"wordCount":133,"commentCount":0,"publisher":{"@id":"https:\/\/www.rmcr.org\/en\/#organization"},"image":{"@id":"https:\/\/www.rmcr.org\/en\/2025\/12\/01\/destacados-blog-real-maestranza-ronda-2025\/#primaryimage"},"thumbnailUrl":"https:\/\/www.rmcr.org\/wp-content\/uploads\/2025\/12\/Portada_2025-1.png","keywords":["Actividades culturales","Difusi\u00f3n","Escuela de equitaci\u00f3n","Lo m\u00e1s le\u00eddo","Patrimonio","Plaza de Toros de Ronda","Real Maestranza de Caballer\u00eda de Ronda"],"articleSection":["Actividad"],"inLanguage":"en-US","potentialAction":[{"@type":"CommentAction","name":"Comment","target":["https:\/\/www.rmcr.org\/en\/2025\/12\/01\/destacados-blog-real-maestranza-ronda-2025\/#respond"]}]},{"@type":"WebPage","@id":"https:\/\/www.rmcr.org\/en\/2025\/12\/01\/destacados-blog-real-maestranza-ronda-2025\/","url":"https:\/\/www.rmcr.org\/en\/2025\/12\/01\/destacados-blog-real-maestranza-ronda-2025\/","name":"Lo m\u00e1s destacado del blog de la Real Maestranza de Caballer\u00eda de Ronda en 2025","isPartOf":{"@id":"https:\/\/www.rmcr.org\/en\/#website"},"primaryImageOfPage":{"@id":"https:\/\/www.rmcr.org\/en\/2025\/12\/01\/destacados-blog-real-maestranza-ronda-2025\/#primaryimage"},"image":{"@id":"https:\/\/www.rmcr.org\/en\/2025\/12\/01\/destacados-blog-real-maestranza-ronda-2025\/#primaryimage"},"thumbnailUrl":"https:\/\/www.rmcr.org\/wp-content\/uploads\/2025\/12\/Portada_2025-1.png","datePublished":"2025-12-01T08:23:53+00:00","dateModified":"2026-02-06T10:20:20+00:00","description":"Descubre los eventos y actividades m\u00e1s destacados de 2024 en la Real Maestranza de Caballer\u00eda de Ronda, reflejo de su compromiso con la conservaci\u00f3n y difusi\u00f3n de su legado hist\u00f3rico.","breadcrumb":{"@id":"https:\/\/www.rmcr.org\/en\/2025\/12\/01\/destacados-blog-real-maestranza-ronda-2025\/#breadcrumb"},"inLanguage":"en-US","potentialAction":[{"@type":"ReadAction","target":["https:\/\/www.rmcr.org\/en\/2025\/12\/01\/destacados-blog-real-maestranza-ronda-2025\/"]}]},{"@type":"ImageObject","inLanguage":"en-US","@id":"https:\/\/www.rmcr.org\/en\/2025\/12\/01\/destacados-blog-real-maestranza-ronda-2025\/#primaryimage","url":"https:\/\/www.rmcr.org\/wp-content\/uploads\/2025\/12\/Portada_2025-1.png","contentUrl":"https:\/\/www.rmcr.org\/wp-content\/uploads\/2025\/12\/Portada_2025-1.png","width":945,"height":340},{"@type":"BreadcrumbList","@id":"https:\/\/www.rmcr.org\/en\/2025\/12\/01\/destacados-blog-real-maestranza-ronda-2025\/#breadcrumb","itemListElement":[{"@type":"ListItem","position":1,"name":"REAL MAESTRANZA DE CABALLER\u00cdA DE RONDA","item":"https:\/\/www.rmcr.org\/en\/"},{"@type":"ListItem","position":2,"name":"Lo m\u00e1s destacado de la Real Maestranza de Caballer\u00eda de Ronda 2025"}]},{"@type":"WebSite","@id":"https:\/\/www.rmcr.org\/en\/#website","url":"https:\/\/www.rmcr.org\/en\/","name":"Real Maestranza de Caballer\u00eda de Ronda","description":"Real Maestranza de Caballer\u00eda de Ronda","publisher":{"@id":"https:\/\/www.rmcr.org\/en\/#organization"},"alternateName":"RMCR","potentialAction":[{"@type":"SearchAction","target":{"@type":"EntryPoint","urlTemplate":"https:\/\/www.rmcr.org\/en\/?s={search_term_string}"},"query-input":{"@type":"PropertyValueSpecification","valueRequired":true,"valueName":"search_term_string"}}],"inLanguage":"en-US"},{"@type":"Organization","@id":"https:\/\/www.rmcr.org\/en\/#organization","name":"Real Maestranza de Caballer\u00eda de Ronda","alternateName":"RMR","url":"https:\/\/www.rmcr.org\/en\/","logo":{"@type":"ImageObject","inLanguage":"en-US","@id":"https:\/\/www.rmcr.org\/en\/#\/schema\/logo\/image\/","url":"https:\/\/www.rmcr.org\/wp-content\/uploads\/2022\/07\/logo-rmr-blue.svg","contentUrl":"https:\/\/www.rmcr.org\/wp-content\/uploads\/2022\/07\/logo-rmr-blue.svg","width":131,"height":129,"caption":"Real Maestranza de Caballer\u00eda de Ronda"},"image":{"@id":"https:\/\/www.rmcr.org\/en\/#\/schema\/logo\/image\/"},"sameAs":["https:\/\/www.facebook.com\/plazadetorosronda","https:\/\/x.com\/PlazatorosRMR","https:\/\/www.instagram.com\/realmaestranzaderonda\/","https:\/\/www.youtube.com\/channel\/UCrbO5IUN-8v_QML739vM4zg\/videos"]},{"@type":"Person","@id":"https:\/\/www.rmcr.org\/en\/#\/schema\/person\/6e5eb50e802ff5f1419c0fea9935ae36","name":"MUSEO","image":{"@type":"ImageObject","inLanguage":"en-US","@id":"https:\/\/www.rmcr.org\/wp-content\/uploads\/2022\/11\/avatar-rmcr-96x96.png","url":"https:\/\/www.rmcr.org\/wp-content\/uploads\/2022\/11\/avatar-rmcr-96x96.png","contentUrl":"https:\/\/www.rmcr.org\/wp-content\/uploads\/2022\/11\/avatar-rmcr-96x96.png","caption":"MUSEO"},"url":"https:\/\/www.rmcr.org\/en\/author\/miguel-angel-sanchez\/"}]}},"_links":{"self":[{"href":"https:\/\/www.rmcr.org\/en\/wp-json\/wp\/v2\/posts\/23792","targetHints":{"allow":["GET"]}}],"collection":[{"href":"https:\/\/www.rmcr.org\/en\/wp-json\/wp\/v2\/posts"}],"about":[{"href":"https:\/\/www.rmcr.org\/en\/wp-json\/wp\/v2\/types\/post"}],"author":[{"embeddable":true,"href":"https:\/\/www.rmcr.org\/en\/wp-json\/wp\/v2\/users\/5"}],"replies":[{"embeddable":true,"href":"https:\/\/www.rmcr.org\/en\/wp-json\/wp\/v2\/comments?post=23792"}],"version-history":[{"count":1,"href":"https:\/\/www.rmcr.org\/en\/wp-json\/wp\/v2\/posts\/23792\/revisions"}],"predecessor-version":[{"id":23805,"href":"https:\/\/www.rmcr.org\/en\/wp-json\/wp\/v2\/posts\/23792\/revisions\/23805"}],"wp:featuredmedia":[{"embeddable":true,"href":"https:\/\/www.rmcr.org\/en\/wp-json\/wp\/v2\/media\/23846"}],"wp:attachment":[{"href":"https:\/\/www.rmcr.org\/en\/wp-json\/wp\/v2\/media?parent=23792"}],"wp:term":[{"taxonomy":"category","embeddable":true,"href":"https:\/\/www.rmcr.org\/en\/wp-json\/wp\/v2\/categories?post=23792"},{"taxonomy":"post_tag","embeddable":true,"href":"https:\/\/www.rmcr.org\/en\/wp-json\/wp\/v2\/tags?post=23792"}],"curies":[{"name":"wp","href":"https:\/\/api.w.org\/{rel}","templated":true}]}}