{"id":23505,"date":"2025-10-24T11:34:57","date_gmt":"2025-10-24T11:34:57","guid":{"rendered":"https:\/\/www.rmcr.org\/?p=23505"},"modified":"2026-01-02T09:08:47","modified_gmt":"2026-01-02T09:08:47","slug":"consolidacion-estructural-plaza-toros-ronda","status":"publish","type":"post","link":"https:\/\/www.rmcr.org\/en\/2025\/10\/24\/consolidacion-estructural-plaza-toros-ronda\/","title":{"rendered":"Continuan los trabajos de consolidaci\u00f3n estructural de la Plaza de Toros de Ronda"},"content":{"rendered":"<p class=\"p1\">Las obras de consolidaci\u00f3n estructural en la Plaza de Toros de Ronda contin\u00faan seg\u00fan lo previsto. Los \u00faltimos trabajos se centran en la instalaci\u00f3n de una estructura romboidal que refuerza el tendido alto mediante un anillo de acero macizo. Cada secci\u00f3n, dise\u00f1ada e instalada de forma individualizada, se adapta a la geometr\u00eda espec\u00edfica de cada columna y arco.<br \/><br \/>Pulsa en el link para ver el reels: <a href=\"https:\/\/www.instagram.com\/p\/DQMx0mBEdfj\/\">https:\/\/www.instagram.com\/p\/DQMx0mBEdfj\/<\/a><\/p>\n<p><img fetchpriority=\"high\" decoding=\"async\" class=\"aligncenter wp-image-23508 \" src=\"https:\/\/www.rmcr.org\/wp-content\/uploads\/2025\/10\/Ricardo_Obra_RMR-1-764x1024.png\" alt=\"\" width=\"487\" height=\"653\" srcset=\"https:\/\/www.rmcr.org\/wp-content\/uploads\/2025\/10\/Ricardo_Obra_RMR-1-764x1024.png 764w, https:\/\/www.rmcr.org\/wp-content\/uploads\/2025\/10\/Ricardo_Obra_RMR-1-224x300.png 224w, https:\/\/www.rmcr.org\/wp-content\/uploads\/2025\/10\/Ricardo_Obra_RMR-1-768x1029.png 768w, https:\/\/www.rmcr.org\/wp-content\/uploads\/2025\/10\/Ricardo_Obra_RMR-1-1146x1536.png 1146w, https:\/\/www.rmcr.org\/wp-content\/uploads\/2025\/10\/Ricardo_Obra_RMR-1-1529x2048.png 1529w, https:\/\/www.rmcr.org\/wp-content\/uploads\/2025\/10\/Ricardo_Obra_RMR-1-scaled.png 1911w\" sizes=\"(max-width: 487px) 100vw, 487px\" \/><\/p>\n<p style=\"text-align: center;\"><em>Ricardo Aroca revisando la estructura de acero en el tendido alto. Fotograf\u00eda: Jos\u00e9 Luis Barea<\/em><\/p>\n<p class=\"p1\">La intervenci\u00f3n garantiza la estabilidad estructural y funcional de la Plaza a largo plazo, sin comprometer su valor patrimonial. El proyecto, dise\u00f1ado y dirigido por el arquitecto Ricardo Aroca, con la aprobaci\u00f3n de la Junta de Andaluc\u00eda y el visado del Colegio Oficial de Arquitectos de M\u00e1laga, integra innovaciones t\u00e9cnicas aplicadas al estudio de la estabilidad de la piedra en edificios con estructuras singulares, combinando soluciones avanzadas con criterios de conservaci\u00f3n.<\/p>\n\n\n<p><\/p>\n","protected":false},"excerpt":{"rendered":"<p>\u00abLa consolidaci\u00f3n estructural de la Plaza de Toros de Ronda avanza con la instalaci\u00f3n de una estructura romboidal dise\u00f1ada a medida para reforzar el tendido alto. El proyecto, dirigido por Ricardo Aroca, aplica soluciones t\u00e9cnicas innovadoras adaptadas a la geometr\u00eda del edificio y orientadas a garantizar su estabilidad sin alterar su valor patrimonial\u00bb<\/p>\n","protected":false},"author":5,"featured_media":23510,"comment_status":"open","ping_status":"open","sticky":false,"template":"","format":"standard","meta":{"footnotes":""},"categories":[280,282,277,36],"tags":[233,751,259,315,98,789],"class_list":["post-23505","post","type-post","status-publish","format-standard","has-post-thumbnail","hentry","category-arquitectura","category-conservacion","category-plaza-de-toros","category-plaza-museo","tag-arquitectura","tag-conservacion","tag-patrimonio","tag-plaza-de-toros-de-ronda","tag-real-maestranza-de-caballeria-de-ronda","tag-ricardo-aroca"],"yoast_head":"<!-- This site is optimized with the Yoast SEO plugin v27.5 - https:\/\/yoast.com\/product\/yoast-seo-wordpress\/ -->\n<title>Obras de consolidaci\u00f3n estructural en la Plaza de Toros de Ronda<\/title>\n<meta name=\"description\" content=\"Avanzan las obras de consolidaci\u00f3n estructural en la Plaza de Toros de Ronda, dirigidas por Ricardo Aroca y aprobadas por la Junta de Andaluc\u00eda.\" \/>\n<meta name=\"robots\" content=\"index, follow, max-snippet:-1, max-image-preview:large, max-video-preview:-1\" \/>\n<link rel=\"canonical\" href=\"https:\/\/www.rmcr.org\/en\/2025\/10\/24\/consolidacion-estructural-plaza-toros-ronda\/\" \/>\n<meta property=\"og:locale\" content=\"en_US\" \/>\n<meta property=\"og:type\" content=\"article\" \/>\n<meta property=\"og:title\" content=\"Obras de consolidaci\u00f3n estructural en la Plaza de Toros de Ronda\" \/>\n<meta property=\"og:description\" content=\"Avanzan las obras de consolidaci\u00f3n estructural en la Plaza de Toros de Ronda, dirigidas por Ricardo Aroca y aprobadas por la Junta de Andaluc\u00eda.\" \/>\n<meta property=\"og:url\" content=\"https:\/\/www.rmcr.org\/en\/2025\/10\/24\/consolidacion-estructural-plaza-toros-ronda\/\" \/>\n<meta property=\"og:site_name\" content=\"Real Maestranza de Caballer\u00eda de Ronda\" \/>\n<meta property=\"article:publisher\" content=\"https:\/\/www.facebook.com\/plazadetorosronda\" \/>\n<meta property=\"article:published_time\" content=\"2025-10-24T11:34:57+00:00\" \/>\n<meta property=\"article:modified_time\" content=\"2026-01-02T09:08:47+00:00\" \/>\n<meta property=\"og:image\" content=\"https:\/\/www.rmcr.org\/wp-content\/uploads\/2025\/10\/Portada_Obra.png\" \/>\n\t<meta property=\"og:image:width\" content=\"1891\" \/>\n\t<meta property=\"og:image:height\" content=\"679\" \/>\n\t<meta property=\"og:image:type\" content=\"image\/png\" \/>\n<meta name=\"author\" content=\"MUSEO\" \/>\n<meta name=\"twitter:card\" content=\"summary_large_image\" \/>\n<meta name=\"twitter:creator\" content=\"@PlazatorosRMR\" \/>\n<meta name=\"twitter:site\" content=\"@PlazatorosRMR\" \/>\n<meta name=\"twitter:label1\" content=\"Written by\" \/>\n\t<meta name=\"twitter:data1\" content=\"MUSEO\" \/>\n\t<meta name=\"twitter:label2\" content=\"Est. reading time\" \/>\n\t<meta name=\"twitter:data2\" content=\"2 minutes\" \/>\n<script type=\"application\/ld+json\" class=\"yoast-schema-graph\">{\"@context\":\"https:\\\/\\\/schema.org\",\"@graph\":[{\"@type\":\"Article\",\"@id\":\"https:\\\/\\\/www.rmcr.org\\\/en\\\/2025\\\/10\\\/24\\\/consolidacion-estructural-plaza-toros-ronda\\\/#article\",\"isPartOf\":{\"@id\":\"https:\\\/\\\/www.rmcr.org\\\/en\\\/2025\\\/10\\\/24\\\/consolidacion-estructural-plaza-toros-ronda\\\/\"},\"author\":{\"name\":\"MUSEO\",\"@id\":\"https:\\\/\\\/www.rmcr.org\\\/en\\\/#\\\/schema\\\/person\\\/6e5eb50e802ff5f1419c0fea9935ae36\"},\"headline\":\"Continuan los trabajos de consolidaci\u00f3n estructural de la Plaza de Toros de Ronda\",\"datePublished\":\"2025-10-24T11:34:57+00:00\",\"dateModified\":\"2026-01-02T09:08:47+00:00\",\"mainEntityOfPage\":{\"@id\":\"https:\\\/\\\/www.rmcr.org\\\/en\\\/2025\\\/10\\\/24\\\/consolidacion-estructural-plaza-toros-ronda\\\/\"},\"wordCount\":189,\"commentCount\":0,\"publisher\":{\"@id\":\"https:\\\/\\\/www.rmcr.org\\\/en\\\/#organization\"},\"image\":{\"@id\":\"https:\\\/\\\/www.rmcr.org\\\/en\\\/2025\\\/10\\\/24\\\/consolidacion-estructural-plaza-toros-ronda\\\/#primaryimage\"},\"thumbnailUrl\":\"https:\\\/\\\/www.rmcr.org\\\/wp-content\\\/uploads\\\/2025\\\/10\\\/Portada_Obra.png\",\"keywords\":[\"Arquitectura\",\"Conservaci\u00f3n\",\"Patrimonio\",\"Plaza de Toros de Ronda\",\"Real Maestranza de Caballer\u00eda de Ronda\",\"Ricardo Aroca\"],\"articleSection\":[\"Arquitectura\",\"Conservaci\u00f3n\",\"Plaza de Toros\",\"Plaza y Museo\"],\"inLanguage\":\"en-US\",\"potentialAction\":[{\"@type\":\"CommentAction\",\"name\":\"Comment\",\"target\":[\"https:\\\/\\\/www.rmcr.org\\\/en\\\/2025\\\/10\\\/24\\\/consolidacion-estructural-plaza-toros-ronda\\\/#respond\"]}]},{\"@type\":\"WebPage\",\"@id\":\"https:\\\/\\\/www.rmcr.org\\\/en\\\/2025\\\/10\\\/24\\\/consolidacion-estructural-plaza-toros-ronda\\\/\",\"url\":\"https:\\\/\\\/www.rmcr.org\\\/en\\\/2025\\\/10\\\/24\\\/consolidacion-estructural-plaza-toros-ronda\\\/\",\"name\":\"Obras de consolidaci\u00f3n estructural en la Plaza de Toros de Ronda\",\"isPartOf\":{\"@id\":\"https:\\\/\\\/www.rmcr.org\\\/en\\\/#website\"},\"primaryImageOfPage\":{\"@id\":\"https:\\\/\\\/www.rmcr.org\\\/en\\\/2025\\\/10\\\/24\\\/consolidacion-estructural-plaza-toros-ronda\\\/#primaryimage\"},\"image\":{\"@id\":\"https:\\\/\\\/www.rmcr.org\\\/en\\\/2025\\\/10\\\/24\\\/consolidacion-estructural-plaza-toros-ronda\\\/#primaryimage\"},\"thumbnailUrl\":\"https:\\\/\\\/www.rmcr.org\\\/wp-content\\\/uploads\\\/2025\\\/10\\\/Portada_Obra.png\",\"datePublished\":\"2025-10-24T11:34:57+00:00\",\"dateModified\":\"2026-01-02T09:08:47+00:00\",\"description\":\"Avanzan las obras de consolidaci\u00f3n estructural en la Plaza de Toros de Ronda, dirigidas por Ricardo Aroca y aprobadas por la Junta de Andaluc\u00eda.\",\"breadcrumb\":{\"@id\":\"https:\\\/\\\/www.rmcr.org\\\/en\\\/2025\\\/10\\\/24\\\/consolidacion-estructural-plaza-toros-ronda\\\/#breadcrumb\"},\"inLanguage\":\"en-US\",\"potentialAction\":[{\"@type\":\"ReadAction\",\"target\":[\"https:\\\/\\\/www.rmcr.org\\\/en\\\/2025\\\/10\\\/24\\\/consolidacion-estructural-plaza-toros-ronda\\\/\"]}]},{\"@type\":\"ImageObject\",\"inLanguage\":\"en-US\",\"@id\":\"https:\\\/\\\/www.rmcr.org\\\/en\\\/2025\\\/10\\\/24\\\/consolidacion-estructural-plaza-toros-ronda\\\/#primaryimage\",\"url\":\"https:\\\/\\\/www.rmcr.org\\\/wp-content\\\/uploads\\\/2025\\\/10\\\/Portada_Obra.png\",\"contentUrl\":\"https:\\\/\\\/www.rmcr.org\\\/wp-content\\\/uploads\\\/2025\\\/10\\\/Portada_Obra.png\",\"width\":1891,\"height\":679},{\"@type\":\"BreadcrumbList\",\"@id\":\"https:\\\/\\\/www.rmcr.org\\\/en\\\/2025\\\/10\\\/24\\\/consolidacion-estructural-plaza-toros-ronda\\\/#breadcrumb\",\"itemListElement\":[{\"@type\":\"ListItem\",\"position\":1,\"name\":\"REAL MAESTRANZA DE CABALLER\u00cdA DE RONDA\",\"item\":\"https:\\\/\\\/www.rmcr.org\\\/en\\\/\"},{\"@type\":\"ListItem\",\"position\":2,\"name\":\"Continuan los trabajos de consolidaci\u00f3n estructural de la Plaza de Toros de Ronda\"}]},{\"@type\":\"WebSite\",\"@id\":\"https:\\\/\\\/www.rmcr.org\\\/en\\\/#website\",\"url\":\"https:\\\/\\\/www.rmcr.org\\\/en\\\/\",\"name\":\"Real Maestranza de Caballer\u00eda de Ronda\",\"description\":\"Real Maestranza de Caballer\u00eda de Ronda\",\"publisher\":{\"@id\":\"https:\\\/\\\/www.rmcr.org\\\/en\\\/#organization\"},\"alternateName\":\"RMCR\",\"potentialAction\":[{\"@type\":\"SearchAction\",\"target\":{\"@type\":\"EntryPoint\",\"urlTemplate\":\"https:\\\/\\\/www.rmcr.org\\\/en\\\/?s={search_term_string}\"},\"query-input\":{\"@type\":\"PropertyValueSpecification\",\"valueRequired\":true,\"valueName\":\"search_term_string\"}}],\"inLanguage\":\"en-US\"},{\"@type\":\"Organization\",\"@id\":\"https:\\\/\\\/www.rmcr.org\\\/en\\\/#organization\",\"name\":\"Real Maestranza de Caballer\u00eda de Ronda\",\"alternateName\":\"RMR\",\"url\":\"https:\\\/\\\/www.rmcr.org\\\/en\\\/\",\"logo\":{\"@type\":\"ImageObject\",\"inLanguage\":\"en-US\",\"@id\":\"https:\\\/\\\/www.rmcr.org\\\/en\\\/#\\\/schema\\\/logo\\\/image\\\/\",\"url\":\"https:\\\/\\\/www.rmcr.org\\\/wp-content\\\/uploads\\\/2022\\\/07\\\/logo-rmr-blue.svg\",\"contentUrl\":\"https:\\\/\\\/www.rmcr.org\\\/wp-content\\\/uploads\\\/2022\\\/07\\\/logo-rmr-blue.svg\",\"width\":131,\"height\":129,\"caption\":\"Real Maestranza de Caballer\u00eda de Ronda\"},\"image\":{\"@id\":\"https:\\\/\\\/www.rmcr.org\\\/en\\\/#\\\/schema\\\/logo\\\/image\\\/\"},\"sameAs\":[\"https:\\\/\\\/www.facebook.com\\\/plazadetorosronda\",\"https:\\\/\\\/x.com\\\/PlazatorosRMR\",\"https:\\\/\\\/www.instagram.com\\\/realmaestranzaderonda\\\/\",\"https:\\\/\\\/www.youtube.com\\\/channel\\\/UCrbO5IUN-8v_QML739vM4zg\\\/videos\"]},{\"@type\":\"Person\",\"@id\":\"https:\\\/\\\/www.rmcr.org\\\/en\\\/#\\\/schema\\\/person\\\/6e5eb50e802ff5f1419c0fea9935ae36\",\"name\":\"MUSEO\",\"image\":{\"@type\":\"ImageObject\",\"inLanguage\":\"en-US\",\"@id\":\"https:\\\/\\\/www.rmcr.org\\\/wp-content\\\/uploads\\\/2022\\\/11\\\/avatar-rmcr-96x96.png\",\"url\":\"https:\\\/\\\/www.rmcr.org\\\/wp-content\\\/uploads\\\/2022\\\/11\\\/avatar-rmcr-96x96.png\",\"contentUrl\":\"https:\\\/\\\/www.rmcr.org\\\/wp-content\\\/uploads\\\/2022\\\/11\\\/avatar-rmcr-96x96.png\",\"caption\":\"MUSEO\"},\"url\":\"https:\\\/\\\/www.rmcr.org\\\/en\\\/author\\\/miguel-angel-sanchez\\\/\"}]}<\/script>\n<!-- \/ Yoast SEO plugin. -->","yoast_head_json":{"title":"Obras de consolidaci\u00f3n estructural en la Plaza de Toros de Ronda","description":"Avanzan las obras de consolidaci\u00f3n estructural en la Plaza de Toros de Ronda, dirigidas por Ricardo Aroca y aprobadas por la Junta de Andaluc\u00eda.","robots":{"index":"index","follow":"follow","max-snippet":"max-snippet:-1","max-image-preview":"max-image-preview:large","max-video-preview":"max-video-preview:-1"},"canonical":"https:\/\/www.rmcr.org\/en\/2025\/10\/24\/consolidacion-estructural-plaza-toros-ronda\/","og_locale":"en_US","og_type":"article","og_title":"Obras de consolidaci\u00f3n estructural en la Plaza de Toros de Ronda","og_description":"Avanzan las obras de consolidaci\u00f3n estructural en la Plaza de Toros de Ronda, dirigidas por Ricardo Aroca y aprobadas por la Junta de Andaluc\u00eda.","og_url":"https:\/\/www.rmcr.org\/en\/2025\/10\/24\/consolidacion-estructural-plaza-toros-ronda\/","og_site_name":"Real Maestranza de Caballer\u00eda de Ronda","article_publisher":"https:\/\/www.facebook.com\/plazadetorosronda","article_published_time":"2025-10-24T11:34:57+00:00","article_modified_time":"2026-01-02T09:08:47+00:00","og_image":[{"width":1891,"height":679,"url":"https:\/\/www.rmcr.org\/wp-content\/uploads\/2025\/10\/Portada_Obra.png","type":"image\/png"}],"author":"MUSEO","twitter_card":"summary_large_image","twitter_creator":"@PlazatorosRMR","twitter_site":"@PlazatorosRMR","twitter_misc":{"Written by":"MUSEO","Est. reading time":"2 minutes"},"schema":{"@context":"https:\/\/schema.org","@graph":[{"@type":"Article","@id":"https:\/\/www.rmcr.org\/en\/2025\/10\/24\/consolidacion-estructural-plaza-toros-ronda\/#article","isPartOf":{"@id":"https:\/\/www.rmcr.org\/en\/2025\/10\/24\/consolidacion-estructural-plaza-toros-ronda\/"},"author":{"name":"MUSEO","@id":"https:\/\/www.rmcr.org\/en\/#\/schema\/person\/6e5eb50e802ff5f1419c0fea9935ae36"},"headline":"Continuan los trabajos de consolidaci\u00f3n estructural de la Plaza de Toros de Ronda","datePublished":"2025-10-24T11:34:57+00:00","dateModified":"2026-01-02T09:08:47+00:00","mainEntityOfPage":{"@id":"https:\/\/www.rmcr.org\/en\/2025\/10\/24\/consolidacion-estructural-plaza-toros-ronda\/"},"wordCount":189,"commentCount":0,"publisher":{"@id":"https:\/\/www.rmcr.org\/en\/#organization"},"image":{"@id":"https:\/\/www.rmcr.org\/en\/2025\/10\/24\/consolidacion-estructural-plaza-toros-ronda\/#primaryimage"},"thumbnailUrl":"https:\/\/www.rmcr.org\/wp-content\/uploads\/2025\/10\/Portada_Obra.png","keywords":["Arquitectura","Conservaci\u00f3n","Patrimonio","Plaza de Toros de Ronda","Real Maestranza de Caballer\u00eda de Ronda","Ricardo Aroca"],"articleSection":["Arquitectura","Conservaci\u00f3n","Plaza de Toros","Plaza y Museo"],"inLanguage":"en-US","potentialAction":[{"@type":"CommentAction","name":"Comment","target":["https:\/\/www.rmcr.org\/en\/2025\/10\/24\/consolidacion-estructural-plaza-toros-ronda\/#respond"]}]},{"@type":"WebPage","@id":"https:\/\/www.rmcr.org\/en\/2025\/10\/24\/consolidacion-estructural-plaza-toros-ronda\/","url":"https:\/\/www.rmcr.org\/en\/2025\/10\/24\/consolidacion-estructural-plaza-toros-ronda\/","name":"Obras de consolidaci\u00f3n estructural en la Plaza de Toros de Ronda","isPartOf":{"@id":"https:\/\/www.rmcr.org\/en\/#website"},"primaryImageOfPage":{"@id":"https:\/\/www.rmcr.org\/en\/2025\/10\/24\/consolidacion-estructural-plaza-toros-ronda\/#primaryimage"},"image":{"@id":"https:\/\/www.rmcr.org\/en\/2025\/10\/24\/consolidacion-estructural-plaza-toros-ronda\/#primaryimage"},"thumbnailUrl":"https:\/\/www.rmcr.org\/wp-content\/uploads\/2025\/10\/Portada_Obra.png","datePublished":"2025-10-24T11:34:57+00:00","dateModified":"2026-01-02T09:08:47+00:00","description":"Avanzan las obras de consolidaci\u00f3n estructural en la Plaza de Toros de Ronda, dirigidas por Ricardo Aroca y aprobadas por la Junta de Andaluc\u00eda.","breadcrumb":{"@id":"https:\/\/www.rmcr.org\/en\/2025\/10\/24\/consolidacion-estructural-plaza-toros-ronda\/#breadcrumb"},"inLanguage":"en-US","potentialAction":[{"@type":"ReadAction","target":["https:\/\/www.rmcr.org\/en\/2025\/10\/24\/consolidacion-estructural-plaza-toros-ronda\/"]}]},{"@type":"ImageObject","inLanguage":"en-US","@id":"https:\/\/www.rmcr.org\/en\/2025\/10\/24\/consolidacion-estructural-plaza-toros-ronda\/#primaryimage","url":"https:\/\/www.rmcr.org\/wp-content\/uploads\/2025\/10\/Portada_Obra.png","contentUrl":"https:\/\/www.rmcr.org\/wp-content\/uploads\/2025\/10\/Portada_Obra.png","width":1891,"height":679},{"@type":"BreadcrumbList","@id":"https:\/\/www.rmcr.org\/en\/2025\/10\/24\/consolidacion-estructural-plaza-toros-ronda\/#breadcrumb","itemListElement":[{"@type":"ListItem","position":1,"name":"REAL MAESTRANZA DE CABALLER\u00cdA DE RONDA","item":"https:\/\/www.rmcr.org\/en\/"},{"@type":"ListItem","position":2,"name":"Continuan los trabajos de consolidaci\u00f3n estructural de la Plaza de Toros de Ronda"}]},{"@type":"WebSite","@id":"https:\/\/www.rmcr.org\/en\/#website","url":"https:\/\/www.rmcr.org\/en\/","name":"Real Maestranza de Caballer\u00eda de Ronda","description":"Real Maestranza de Caballer\u00eda de Ronda","publisher":{"@id":"https:\/\/www.rmcr.org\/en\/#organization"},"alternateName":"RMCR","potentialAction":[{"@type":"SearchAction","target":{"@type":"EntryPoint","urlTemplate":"https:\/\/www.rmcr.org\/en\/?s={search_term_string}"},"query-input":{"@type":"PropertyValueSpecification","valueRequired":true,"valueName":"search_term_string"}}],"inLanguage":"en-US"},{"@type":"Organization","@id":"https:\/\/www.rmcr.org\/en\/#organization","name":"Real Maestranza de Caballer\u00eda de Ronda","alternateName":"RMR","url":"https:\/\/www.rmcr.org\/en\/","logo":{"@type":"ImageObject","inLanguage":"en-US","@id":"https:\/\/www.rmcr.org\/en\/#\/schema\/logo\/image\/","url":"https:\/\/www.rmcr.org\/wp-content\/uploads\/2022\/07\/logo-rmr-blue.svg","contentUrl":"https:\/\/www.rmcr.org\/wp-content\/uploads\/2022\/07\/logo-rmr-blue.svg","width":131,"height":129,"caption":"Real Maestranza de Caballer\u00eda de Ronda"},"image":{"@id":"https:\/\/www.rmcr.org\/en\/#\/schema\/logo\/image\/"},"sameAs":["https:\/\/www.facebook.com\/plazadetorosronda","https:\/\/x.com\/PlazatorosRMR","https:\/\/www.instagram.com\/realmaestranzaderonda\/","https:\/\/www.youtube.com\/channel\/UCrbO5IUN-8v_QML739vM4zg\/videos"]},{"@type":"Person","@id":"https:\/\/www.rmcr.org\/en\/#\/schema\/person\/6e5eb50e802ff5f1419c0fea9935ae36","name":"MUSEO","image":{"@type":"ImageObject","inLanguage":"en-US","@id":"https:\/\/www.rmcr.org\/wp-content\/uploads\/2022\/11\/avatar-rmcr-96x96.png","url":"https:\/\/www.rmcr.org\/wp-content\/uploads\/2022\/11\/avatar-rmcr-96x96.png","contentUrl":"https:\/\/www.rmcr.org\/wp-content\/uploads\/2022\/11\/avatar-rmcr-96x96.png","caption":"MUSEO"},"url":"https:\/\/www.rmcr.org\/en\/author\/miguel-angel-sanchez\/"}]}},"_links":{"self":[{"href":"https:\/\/www.rmcr.org\/en\/wp-json\/wp\/v2\/posts\/23505","targetHints":{"allow":["GET"]}}],"collection":[{"href":"https:\/\/www.rmcr.org\/en\/wp-json\/wp\/v2\/posts"}],"about":[{"href":"https:\/\/www.rmcr.org\/en\/wp-json\/wp\/v2\/types\/post"}],"author":[{"embeddable":true,"href":"https:\/\/www.rmcr.org\/en\/wp-json\/wp\/v2\/users\/5"}],"replies":[{"embeddable":true,"href":"https:\/\/www.rmcr.org\/en\/wp-json\/wp\/v2\/comments?post=23505"}],"version-history":[{"count":5,"href":"https:\/\/www.rmcr.org\/en\/wp-json\/wp\/v2\/posts\/23505\/revisions"}],"predecessor-version":[{"id":23608,"href":"https:\/\/www.rmcr.org\/en\/wp-json\/wp\/v2\/posts\/23505\/revisions\/23608"}],"wp:featuredmedia":[{"embeddable":true,"href":"https:\/\/www.rmcr.org\/en\/wp-json\/wp\/v2\/media\/23510"}],"wp:attachment":[{"href":"https:\/\/www.rmcr.org\/en\/wp-json\/wp\/v2\/media?parent=23505"}],"wp:term":[{"taxonomy":"category","embeddable":true,"href":"https:\/\/www.rmcr.org\/en\/wp-json\/wp\/v2\/categories?post=23505"},{"taxonomy":"post_tag","embeddable":true,"href":"https:\/\/www.rmcr.org\/en\/wp-json\/wp\/v2\/tags?post=23505"}],"curies":[{"name":"wp","href":"https:\/\/api.w.org\/{rel}","templated":true}]}}