{"id":22546,"date":"2025-03-26T12:21:39","date_gmt":"2025-03-26T12:21:39","guid":{"rendered":"https:\/\/www.rmcr.org\/?p=22546"},"modified":"2025-05-12T10:53:40","modified_gmt":"2025-05-12T10:53:40","slug":"real-maestranza-ronda-proyecto-intervencion-plaza-toros","status":"publish","type":"post","link":"https:\/\/www.rmcr.org\/en\/2025\/03\/26\/real-maestranza-ronda-proyecto-intervencion-plaza-toros\/","title":{"rendered":"La Real Maestranza de Caballer\u00eda de Ronda presenta el proyecto de intervenci\u00f3n que garantizar\u00e1 la funcionalidad y conservaci\u00f3n de la Plaza de Toros"},"content":{"rendered":"<p>La Real Maestranza de Caballer\u00eda de Ronda ha presentado hoy en rueda de prensa el proyecto de intervenci\u00f3n que garantizar\u00e1 la estabilidad estructural y la conservaci\u00f3n a largo plazo de la Plaza de Toros de Ronda, declarada Bien de Inter\u00e9s Cultural con categor\u00eda de Monumento en 1993 y considerada uno de los grandes emblemas patrimoniales de la ciudad.<\/p>\n<p>El acto ha contado con la participaci\u00f3n de Rafael Atienza, Teniente de Hermano Mayor de la Real Maestranza; Ignacio Herrera, Director General de la instituci\u00f3n; y Ricardo Aroca, arquitecto responsable del proyecto.<\/p>\n<p>Durante el acto, Rafael Atienza destac\u00f3 que \u00abdesde hace 240 a\u00f1os, la Real Maestranza cuida de esta Plaza y lo seguir\u00e1 haciendo con el mismo sentido de responsabilidad. Afrontamos esta obra con la determinaci\u00f3n de preservar no solo un Monumento, sino un legado vivo, esencial para Ronda. Sabemos que es un esfuerzo t\u00e9cnico y econ\u00f3mico enorme, pero creemos firmemente en el valor del largo plazo, en la fuerza de la sociedad civil y en todo lo que esta Plaza seguir\u00e1 aportando a la ciudad durante las pr\u00f3ximas generaciones.\u00bb<\/p>\n<p><img fetchpriority=\"high\" decoding=\"async\" class=\"aligncenter wp-image-22549 size-full\" src=\"https:\/\/www.rmcr.org\/wp-content\/uploads\/2025\/03\/DSC04729.jpg\" alt=\"\" width=\"675\" height=\"450\" srcset=\"https:\/\/www.rmcr.org\/wp-content\/uploads\/2025\/03\/DSC04729.jpg 675w, https:\/\/www.rmcr.org\/wp-content\/uploads\/2025\/03\/DSC04729-300x200.jpg 300w\" sizes=\"(max-width: 675px) 100vw, 675px\" \/><\/p>\n<p style=\"text-align: center;\"><em>Intervenci\u00f3n de Rafael Atienza, Teniente de Hermano Mayor. Fotograf\u00eda: Jos\u00e9 Barea<\/em><\/p>\n<p>El proyecto de intervenci\u00f3n para la conservaci\u00f3n del Monumento es fruto de un riguroso proceso t\u00e9cnico de investigaci\u00f3n y an\u00e1lisis, realizado entre otros por el <a href=\"https:\/\/www.us.es\/centros\/departamentos\/estructuras-de-edificacion-e-ingenieria-del-terreno\" target=\"_blank\" rel=\"noopener\">Departamento de Estructuras de la Escuela de Arquitectura de la Universidad de Sevilla<\/a>, que se ha materializado en varios informes especializados relacionados con la estructura, la piedra, la geotecnia y la estabilidad.<\/p>\n<p>Todo el proceso ha contado con la supervisi\u00f3n de un comit\u00e9 de arquitectos expertos presidido por Rafael Moneo y compuesto por Antonio Ort\u00edz y Juan Pablo Rodr\u00edguez Frade. El proyecto de intervenci\u00f3n ha sido visado por el Colegio de Arquitectos de M\u00e1laga y cuenta con el informe favorable de la Consejer\u00eda de Cultura de la Junta de Andaluc\u00eda. La Real Maestranza asumir\u00e1 el esfuerzo econ\u00f3mico del proyecto, reafirmando su compromiso con Ronda y la conservaci\u00f3n de su patrimonio.<\/p>\n<p><strong>Un reto t\u00e9cnico de m\u00e1xima precisi\u00f3n<\/strong><\/p>\n<p>La arquer\u00eda alta de la Plaza de Toros de Ronda ha sido objeto de distintas intervenciones a lo largo de su historia. En 1880, Carlos Lamiable incorpor\u00f3 arriostramientos (refuerzos) met\u00e1licos en columnas alternas, y en 1961, Pons Sorolla y Ramiro Moya sustituyeron los grader\u00edos de madera por b\u00f3vedas tabicadas y los refuerzos de Lamiable por otros a mayor altura. Sin embargo, estas soluciones parciales no lograron resolver de forma definitiva los empujes de la cubierta ni garantizar la estabilidad de las columnas a largo plazo.<\/p>\n<p>El estudio <a href=\"https:\/\/www.arocaarquitectos.com\/\" target=\"_blank\" rel=\"noopener\">Aroca Arquitectos<\/a> ha presentado una propuesta de intervenci\u00f3n de la Plaza en dos fases. En primer lugar, la consolidaci\u00f3n estructural del tendido alto mediante un diafragma circular de acero macizo destinado a estabilizar las columnas, contrarrestar los empujes de la cubierta de madera y reforzar la conexi\u00f3n entre la arquer\u00eda y los anillos de mamposter\u00eda. Posteriormente, la segunda fase consistir\u00e1 en la reparaci\u00f3n y sustituci\u00f3n de los elementos de piedra deteriorados, mejorando as\u00ed la integridad estructural del conjunto arquitect\u00f3nico.<\/p>\n<p><img decoding=\"async\" class=\"aligncenter wp-image-22551 size-full\" src=\"https:\/\/www.rmcr.org\/wp-content\/uploads\/2025\/03\/DSC04895.jpg\" alt=\"\" width=\"675\" height=\"450\" srcset=\"https:\/\/www.rmcr.org\/wp-content\/uploads\/2025\/03\/DSC04895.jpg 675w, https:\/\/www.rmcr.org\/wp-content\/uploads\/2025\/03\/DSC04895-300x200.jpg 300w\" sizes=\"(max-width: 675px) 100vw, 675px\" \/><\/p>\n<p style=\"text-align: center;\"><em>Presentaci\u00f3n del proyecto de intervenci\u00f3n por Ricardo Aroca. Fotograf\u00eda: Jos\u00e9 Barea<\/em><\/p>\n<p>Dada la geometr\u00eda irregular de la Plaza, el proyecto presenta una complejidad t\u00e9cnica considerable, lo que ha exigido el dise\u00f1o individualizado de los 136 elementos del nuevo arriostramiento. Para su instalaci\u00f3n se retirar\u00e1n los refuerzos existentes, mediante un sistema de apuntalamiento provisional compatible con la estructura actual y futura. Adem\u00e1s, algunas columnas deber\u00e1n ser zunchadas previamente para garantizar su integridad durante los trabajos. Todo el proceso ha sido planificado para compatibilizar la ejecuci\u00f3n de la obra con la actividad tur\u00edstica habitual en el Monumento en condiciones de seguridad.<\/p>\n<p>Ricardo Aroca, quien ha desempe\u00f1ado destacados cargos en el Colegio de Arquitectos y la Universidad Polit\u00e9cnica de Madrid, la Sociedad Espa\u00f1ola de Historia de la Construcci\u00f3n y el Instituto Juan de Herrera, subray\u00f3 durante su intervenci\u00f3n que \u00abla restauraci\u00f3n de la Plaza de Toros de Ronda no es una obra convencional, sino un desaf\u00edo t\u00e9cnico complejo que requiere tiempo, precisi\u00f3n y un profundo respeto por su valor patrimonial. Esta intervenci\u00f3n asegurar\u00e1 tanto la seguridad en las actividades que all\u00ed se celebren como la estabilidad y conservaci\u00f3n del Monumento para las futuras generaciones.<em>\u00bb<\/em><\/p>\n<p><strong>Deseo compartido: que la Goyesca vuelva en 2026<\/strong><\/p>\n<p>Conforme al informe t\u00e9cnico elaborado por la Universidad de Sevilla, el desarrollo del proyecto de intervenci\u00f3n imposibilita la celebraci\u00f3n de la Tradicional Corrida Goyesca, as\u00ed como de cualquier otro evento multitudinario. Desde el primer momento, la Real Maestranza de Caballer\u00eda de Ronda ha trabajado con la m\u00e1xima diligencia, organizando tres comisiones de trabajo \u2013t\u00e9cnica, de ejecuci\u00f3n y de documentaci\u00f3n\u2013 para abordar de forma rigurosa todas las fases del proyecto. El objetivo es que la intervenci\u00f3n se ejecute con la mayor celeridad posible, con el deseo de que la Plaza pueda volver a acoger festejos taurinos en 2026.<\/p>\n<p><img decoding=\"async\" class=\"aligncenter wp-image-22553 size-full\" src=\"https:\/\/www.rmcr.org\/wp-content\/uploads\/2025\/03\/DSC05065.jpg\" alt=\"\" width=\"675\" height=\"450\" srcset=\"https:\/\/www.rmcr.org\/wp-content\/uploads\/2025\/03\/DSC05065.jpg 675w, https:\/\/www.rmcr.org\/wp-content\/uploads\/2025\/03\/DSC05065-300x200.jpg 300w\" sizes=\"(max-width: 675px) 100vw, 675px\" \/><\/p>\n<p style=\"text-align: center;\"><em>Francisco Rivera, Ricardo Aroca, Rafael Atienza e Ignacio Herrera finalizada la rueda de prensa de presentaci\u00f3n del proyecto de intervenci\u00f3n de la Plaza de Toros de Ronda. Fotograf\u00eda: Jos\u00e9 Barea<\/em><\/p>\n<p>\u00abEste proyecto est\u00e1 en manos de quienes mejor comprenden su complejidad t\u00e9cnica y su valor hist\u00f3rico. Con esta intervenci\u00f3n no solo se protege la Plaza, sino que Ronda demuestra su capacidad para adelantarse a un desaf\u00edo que muchos otros edificios hist\u00f3ricos deber\u00e1n afrontar m\u00e1s pronto que tarde\u00bb, ha subrayado Ignacio Herrera<strong>.<\/strong><\/p>\n<p>La Real Maestranza de Caballer\u00eda de Ronda reafirma, con esta intervenci\u00f3n, su compromiso hist\u00f3rico con la ciudad y con la preservaci\u00f3n de uno de sus s\u00edmbolos m\u00e1s universales. Esta actuaci\u00f3n no solo responde a una necesidad t\u00e9cnica, sino tambi\u00e9n a una responsabilidad patrimonial con Ronda y con las generaciones futuras que seguir\u00e1n haciendo de esta Plaza un espacio vivo, cultural y lleno de significado.<\/p>\n","protected":false},"excerpt":{"rendered":"<p>\u00abEl proyecto de intervenci\u00f3n ha sido visado por el Colegio de Arquitectos de M\u00e1laga y aprobado por la Junta de Andaluc\u00eda. Ricardo Aroca, responsable del proyecto, ha dise\u00f1ado un sistema de consolidaci\u00f3n estructural basado en modelos de ingenier\u00eda avanzada y soluciones adaptadas a las particularidades del edificio, que garantizar\u00e1 la seguridad y estabilidad de la Plaza para las pr\u00f3ximas generaciones\u00bb<\/p>\n","protected":false},"author":7,"featured_media":22547,"comment_status":"open","ping_status":"open","sticky":false,"template":"","format":"standard","meta":{"footnotes":""},"categories":[282,36],"tags":[233,281,767,259,315,765,98,305,789],"class_list":["post-22546","post","type-post","status-publish","format-standard","has-post-thumbnail","hentry","category-conservacion","category-plaza-museo","tag-arquitectura","tag-bien-de-interes-cultural-bic","tag-ignacio-herrera-de-la-muela","tag-patrimonio","tag-plaza-de-toros-de-ronda","tag-rafael-atienza","tag-real-maestranza-de-caballeria-de-ronda","tag-restauracion","tag-ricardo-aroca"],"yoast_head":"<!-- This site is optimized with the Yoast SEO plugin v27.5 - https:\/\/yoast.com\/product\/yoast-seo-wordpress\/ -->\n<title>La Real Maestranza de Caballer\u00eda de Ronda presenta el proyecto de intervenci\u00f3n que garantizar\u00e1 la funcionalidad y conservaci\u00f3n de la Plaza de Toros - Real Maestranza de Caballer\u00eda de Ronda<\/title>\n<meta name=\"description\" content=\"La Real Maestranza de Caballer\u00eda de Ronda presenta su proyecto de intervenci\u00f3n para garantizar la funcionalidad y conservaci\u00f3n de la hist\u00f3rica Plaza de Toros.\" \/>\n<meta name=\"robots\" content=\"index, follow, max-snippet:-1, max-image-preview:large, max-video-preview:-1\" \/>\n<link rel=\"canonical\" href=\"https:\/\/www.rmcr.org\/en\/2025\/03\/26\/real-maestranza-ronda-proyecto-intervencion-plaza-toros\/\" \/>\n<meta property=\"og:locale\" content=\"en_US\" \/>\n<meta property=\"og:type\" content=\"article\" \/>\n<meta property=\"og:title\" content=\"La Real Maestranza de Caballer\u00eda de Ronda presenta el proyecto de intervenci\u00f3n que garantizar\u00e1 la funcionalidad y conservaci\u00f3n de la Plaza de Toros - Real Maestranza de Caballer\u00eda de Ronda\" \/>\n<meta property=\"og:description\" content=\"La Real Maestranza de Caballer\u00eda de Ronda presenta su proyecto de intervenci\u00f3n para garantizar la funcionalidad y conservaci\u00f3n de la hist\u00f3rica Plaza de Toros.\" \/>\n<meta property=\"og:url\" content=\"https:\/\/www.rmcr.org\/en\/2025\/03\/26\/real-maestranza-ronda-proyecto-intervencion-plaza-toros\/\" \/>\n<meta property=\"og:site_name\" content=\"Real Maestranza de Caballer\u00eda de Ronda\" \/>\n<meta property=\"article:publisher\" content=\"https:\/\/www.facebook.com\/plazadetorosronda\" \/>\n<meta property=\"article:published_time\" content=\"2025-03-26T12:21:39+00:00\" \/>\n<meta property=\"article:modified_time\" content=\"2025-05-12T10:53:40+00:00\" \/>\n<meta property=\"og:image\" content=\"https:\/\/www.rmcr.org\/wp-content\/uploads\/2025\/03\/plaza-todos-dest.jpg\" \/>\n\t<meta property=\"og:image:width\" content=\"1200\" \/>\n\t<meta property=\"og:image:height\" content=\"548\" \/>\n\t<meta property=\"og:image:type\" content=\"image\/jpeg\" \/>\n<meta name=\"author\" content=\"RMCR\" \/>\n<meta name=\"twitter:card\" content=\"summary_large_image\" \/>\n<meta name=\"twitter:creator\" content=\"@PlazatorosRMR\" \/>\n<meta name=\"twitter:site\" content=\"@PlazatorosRMR\" \/>\n<meta name=\"twitter:label1\" content=\"Written by\" \/>\n\t<meta name=\"twitter:data1\" content=\"RMCR\" \/>\n\t<meta name=\"twitter:label2\" content=\"Est. reading time\" \/>\n\t<meta name=\"twitter:data2\" content=\"6 minutes\" \/>\n<script type=\"application\/ld+json\" class=\"yoast-schema-graph\">{\"@context\":\"https:\\\/\\\/schema.org\",\"@graph\":[{\"@type\":\"Article\",\"@id\":\"https:\\\/\\\/www.rmcr.org\\\/en\\\/2025\\\/03\\\/26\\\/real-maestranza-ronda-proyecto-intervencion-plaza-toros\\\/#article\",\"isPartOf\":{\"@id\":\"https:\\\/\\\/www.rmcr.org\\\/en\\\/2025\\\/03\\\/26\\\/real-maestranza-ronda-proyecto-intervencion-plaza-toros\\\/\"},\"author\":{\"name\":\"RMCR\",\"@id\":\"https:\\\/\\\/www.rmcr.org\\\/en\\\/#\\\/schema\\\/person\\\/7ddd0dafda7edd0e407157f93a56df4f\"},\"headline\":\"La Real Maestranza de Caballer\u00eda de Ronda presenta el proyecto de intervenci\u00f3n que garantizar\u00e1 la funcionalidad y conservaci\u00f3n de la Plaza de Toros\",\"datePublished\":\"2025-03-26T12:21:39+00:00\",\"dateModified\":\"2025-05-12T10:53:40+00:00\",\"mainEntityOfPage\":{\"@id\":\"https:\\\/\\\/www.rmcr.org\\\/en\\\/2025\\\/03\\\/26\\\/real-maestranza-ronda-proyecto-intervencion-plaza-toros\\\/\"},\"wordCount\":1051,\"commentCount\":0,\"publisher\":{\"@id\":\"https:\\\/\\\/www.rmcr.org\\\/en\\\/#organization\"},\"image\":{\"@id\":\"https:\\\/\\\/www.rmcr.org\\\/en\\\/2025\\\/03\\\/26\\\/real-maestranza-ronda-proyecto-intervencion-plaza-toros\\\/#primaryimage\"},\"thumbnailUrl\":\"https:\\\/\\\/www.rmcr.org\\\/wp-content\\\/uploads\\\/2025\\\/03\\\/plaza-todos-dest.jpg\",\"keywords\":[\"Arquitectura\",\"Bien de Inter\u00e9s Cultural (BIC)\",\"Ignacio Herrera de La Muela\",\"Patrimonio\",\"Plaza de Toros de Ronda\",\"Rafael Atienza\",\"Real Maestranza de Caballer\u00eda de Ronda\",\"Restauraci\u00f3n\",\"Ricardo Aroca\"],\"articleSection\":[\"Conservaci\u00f3n\",\"Plaza y Museo\"],\"inLanguage\":\"en-US\",\"potentialAction\":[{\"@type\":\"CommentAction\",\"name\":\"Comment\",\"target\":[\"https:\\\/\\\/www.rmcr.org\\\/en\\\/2025\\\/03\\\/26\\\/real-maestranza-ronda-proyecto-intervencion-plaza-toros\\\/#respond\"]}]},{\"@type\":\"WebPage\",\"@id\":\"https:\\\/\\\/www.rmcr.org\\\/en\\\/2025\\\/03\\\/26\\\/real-maestranza-ronda-proyecto-intervencion-plaza-toros\\\/\",\"url\":\"https:\\\/\\\/www.rmcr.org\\\/en\\\/2025\\\/03\\\/26\\\/real-maestranza-ronda-proyecto-intervencion-plaza-toros\\\/\",\"name\":\"La Real Maestranza de Caballer\u00eda de Ronda presenta el proyecto de intervenci\u00f3n que garantizar\u00e1 la funcionalidad y conservaci\u00f3n de la Plaza de Toros - Real Maestranza de Caballer\u00eda de Ronda\",\"isPartOf\":{\"@id\":\"https:\\\/\\\/www.rmcr.org\\\/en\\\/#website\"},\"primaryImageOfPage\":{\"@id\":\"https:\\\/\\\/www.rmcr.org\\\/en\\\/2025\\\/03\\\/26\\\/real-maestranza-ronda-proyecto-intervencion-plaza-toros\\\/#primaryimage\"},\"image\":{\"@id\":\"https:\\\/\\\/www.rmcr.org\\\/en\\\/2025\\\/03\\\/26\\\/real-maestranza-ronda-proyecto-intervencion-plaza-toros\\\/#primaryimage\"},\"thumbnailUrl\":\"https:\\\/\\\/www.rmcr.org\\\/wp-content\\\/uploads\\\/2025\\\/03\\\/plaza-todos-dest.jpg\",\"datePublished\":\"2025-03-26T12:21:39+00:00\",\"dateModified\":\"2025-05-12T10:53:40+00:00\",\"description\":\"La Real Maestranza de Caballer\u00eda de Ronda presenta su proyecto de intervenci\u00f3n para garantizar la funcionalidad y conservaci\u00f3n de la hist\u00f3rica Plaza de Toros.\",\"breadcrumb\":{\"@id\":\"https:\\\/\\\/www.rmcr.org\\\/en\\\/2025\\\/03\\\/26\\\/real-maestranza-ronda-proyecto-intervencion-plaza-toros\\\/#breadcrumb\"},\"inLanguage\":\"en-US\",\"potentialAction\":[{\"@type\":\"ReadAction\",\"target\":[\"https:\\\/\\\/www.rmcr.org\\\/en\\\/2025\\\/03\\\/26\\\/real-maestranza-ronda-proyecto-intervencion-plaza-toros\\\/\"]}]},{\"@type\":\"ImageObject\",\"inLanguage\":\"en-US\",\"@id\":\"https:\\\/\\\/www.rmcr.org\\\/en\\\/2025\\\/03\\\/26\\\/real-maestranza-ronda-proyecto-intervencion-plaza-toros\\\/#primaryimage\",\"url\":\"https:\\\/\\\/www.rmcr.org\\\/wp-content\\\/uploads\\\/2025\\\/03\\\/plaza-todos-dest.jpg\",\"contentUrl\":\"https:\\\/\\\/www.rmcr.org\\\/wp-content\\\/uploads\\\/2025\\\/03\\\/plaza-todos-dest.jpg\",\"width\":1200,\"height\":548},{\"@type\":\"BreadcrumbList\",\"@id\":\"https:\\\/\\\/www.rmcr.org\\\/en\\\/2025\\\/03\\\/26\\\/real-maestranza-ronda-proyecto-intervencion-plaza-toros\\\/#breadcrumb\",\"itemListElement\":[{\"@type\":\"ListItem\",\"position\":1,\"name\":\"REAL MAESTRANZA DE CABALLER\u00cdA DE RONDA\",\"item\":\"https:\\\/\\\/www.rmcr.org\\\/en\\\/\"},{\"@type\":\"ListItem\",\"position\":2,\"name\":\"La Real Maestranza de Caballer\u00eda de Ronda presenta el proyecto de intervenci\u00f3n que garantizar\u00e1 la funcionalidad y conservaci\u00f3n de la Plaza de Toros\"}]},{\"@type\":\"WebSite\",\"@id\":\"https:\\\/\\\/www.rmcr.org\\\/en\\\/#website\",\"url\":\"https:\\\/\\\/www.rmcr.org\\\/en\\\/\",\"name\":\"Real Maestranza de Caballer\u00eda de Ronda\",\"description\":\"Real Maestranza de Caballer\u00eda de Ronda\",\"publisher\":{\"@id\":\"https:\\\/\\\/www.rmcr.org\\\/en\\\/#organization\"},\"alternateName\":\"RMCR\",\"potentialAction\":[{\"@type\":\"SearchAction\",\"target\":{\"@type\":\"EntryPoint\",\"urlTemplate\":\"https:\\\/\\\/www.rmcr.org\\\/en\\\/?s={search_term_string}\"},\"query-input\":{\"@type\":\"PropertyValueSpecification\",\"valueRequired\":true,\"valueName\":\"search_term_string\"}}],\"inLanguage\":\"en-US\"},{\"@type\":\"Organization\",\"@id\":\"https:\\\/\\\/www.rmcr.org\\\/en\\\/#organization\",\"name\":\"Real Maestranza de Caballer\u00eda de Ronda\",\"alternateName\":\"RMR\",\"url\":\"https:\\\/\\\/www.rmcr.org\\\/en\\\/\",\"logo\":{\"@type\":\"ImageObject\",\"inLanguage\":\"en-US\",\"@id\":\"https:\\\/\\\/www.rmcr.org\\\/en\\\/#\\\/schema\\\/logo\\\/image\\\/\",\"url\":\"https:\\\/\\\/www.rmcr.org\\\/wp-content\\\/uploads\\\/2022\\\/07\\\/logo-rmr-blue.svg\",\"contentUrl\":\"https:\\\/\\\/www.rmcr.org\\\/wp-content\\\/uploads\\\/2022\\\/07\\\/logo-rmr-blue.svg\",\"width\":131,\"height\":129,\"caption\":\"Real Maestranza de Caballer\u00eda de Ronda\"},\"image\":{\"@id\":\"https:\\\/\\\/www.rmcr.org\\\/en\\\/#\\\/schema\\\/logo\\\/image\\\/\"},\"sameAs\":[\"https:\\\/\\\/www.facebook.com\\\/plazadetorosronda\",\"https:\\\/\\\/x.com\\\/PlazatorosRMR\",\"https:\\\/\\\/www.instagram.com\\\/realmaestranzaderonda\\\/\",\"https:\\\/\\\/www.youtube.com\\\/channel\\\/UCrbO5IUN-8v_QML739vM4zg\\\/videos\"]},{\"@type\":\"Person\",\"@id\":\"https:\\\/\\\/www.rmcr.org\\\/en\\\/#\\\/schema\\\/person\\\/7ddd0dafda7edd0e407157f93a56df4f\",\"name\":\"RMCR\",\"image\":{\"@type\":\"ImageObject\",\"inLanguage\":\"en-US\",\"@id\":\"https:\\\/\\\/secure.gravatar.com\\\/avatar\\\/adb75798b50800c24baa6a8706037b9469998c49eddeb95935f50f633cff80bb?s=96&d=mm&r=g\",\"url\":\"https:\\\/\\\/secure.gravatar.com\\\/avatar\\\/adb75798b50800c24baa6a8706037b9469998c49eddeb95935f50f633cff80bb?s=96&d=mm&r=g\",\"contentUrl\":\"https:\\\/\\\/secure.gravatar.com\\\/avatar\\\/adb75798b50800c24baa6a8706037b9469998c49eddeb95935f50f633cff80bb?s=96&d=mm&r=g\",\"caption\":\"RMCR\"},\"url\":\"https:\\\/\\\/www.rmcr.org\\\/en\\\/author\\\/bitniks77\\\/\"}]}<\/script>\n<!-- \/ Yoast SEO plugin. -->","yoast_head_json":{"title":"La Real Maestranza de Caballer\u00eda de Ronda presenta el proyecto de intervenci\u00f3n que garantizar\u00e1 la funcionalidad y conservaci\u00f3n de la Plaza de Toros - Real Maestranza de Caballer\u00eda de Ronda","description":"La Real Maestranza de Caballer\u00eda de Ronda presenta su proyecto de intervenci\u00f3n para garantizar la funcionalidad y conservaci\u00f3n de la hist\u00f3rica Plaza de Toros.","robots":{"index":"index","follow":"follow","max-snippet":"max-snippet:-1","max-image-preview":"max-image-preview:large","max-video-preview":"max-video-preview:-1"},"canonical":"https:\/\/www.rmcr.org\/en\/2025\/03\/26\/real-maestranza-ronda-proyecto-intervencion-plaza-toros\/","og_locale":"en_US","og_type":"article","og_title":"La Real Maestranza de Caballer\u00eda de Ronda presenta el proyecto de intervenci\u00f3n que garantizar\u00e1 la funcionalidad y conservaci\u00f3n de la Plaza de Toros - Real Maestranza de Caballer\u00eda de Ronda","og_description":"La Real Maestranza de Caballer\u00eda de Ronda presenta su proyecto de intervenci\u00f3n para garantizar la funcionalidad y conservaci\u00f3n de la hist\u00f3rica Plaza de Toros.","og_url":"https:\/\/www.rmcr.org\/en\/2025\/03\/26\/real-maestranza-ronda-proyecto-intervencion-plaza-toros\/","og_site_name":"Real Maestranza de Caballer\u00eda de Ronda","article_publisher":"https:\/\/www.facebook.com\/plazadetorosronda","article_published_time":"2025-03-26T12:21:39+00:00","article_modified_time":"2025-05-12T10:53:40+00:00","og_image":[{"width":1200,"height":548,"url":"https:\/\/www.rmcr.org\/wp-content\/uploads\/2025\/03\/plaza-todos-dest.jpg","type":"image\/jpeg"}],"author":"RMCR","twitter_card":"summary_large_image","twitter_creator":"@PlazatorosRMR","twitter_site":"@PlazatorosRMR","twitter_misc":{"Written by":"RMCR","Est. reading time":"6 minutes"},"schema":{"@context":"https:\/\/schema.org","@graph":[{"@type":"Article","@id":"https:\/\/www.rmcr.org\/en\/2025\/03\/26\/real-maestranza-ronda-proyecto-intervencion-plaza-toros\/#article","isPartOf":{"@id":"https:\/\/www.rmcr.org\/en\/2025\/03\/26\/real-maestranza-ronda-proyecto-intervencion-plaza-toros\/"},"author":{"name":"RMCR","@id":"https:\/\/www.rmcr.org\/en\/#\/schema\/person\/7ddd0dafda7edd0e407157f93a56df4f"},"headline":"La Real Maestranza de Caballer\u00eda de Ronda presenta el proyecto de intervenci\u00f3n que garantizar\u00e1 la funcionalidad y conservaci\u00f3n de la Plaza de Toros","datePublished":"2025-03-26T12:21:39+00:00","dateModified":"2025-05-12T10:53:40+00:00","mainEntityOfPage":{"@id":"https:\/\/www.rmcr.org\/en\/2025\/03\/26\/real-maestranza-ronda-proyecto-intervencion-plaza-toros\/"},"wordCount":1051,"commentCount":0,"publisher":{"@id":"https:\/\/www.rmcr.org\/en\/#organization"},"image":{"@id":"https:\/\/www.rmcr.org\/en\/2025\/03\/26\/real-maestranza-ronda-proyecto-intervencion-plaza-toros\/#primaryimage"},"thumbnailUrl":"https:\/\/www.rmcr.org\/wp-content\/uploads\/2025\/03\/plaza-todos-dest.jpg","keywords":["Arquitectura","Bien de Inter\u00e9s Cultural (BIC)","Ignacio Herrera de La Muela","Patrimonio","Plaza de Toros de Ronda","Rafael Atienza","Real Maestranza de Caballer\u00eda de Ronda","Restauraci\u00f3n","Ricardo Aroca"],"articleSection":["Conservaci\u00f3n","Plaza y Museo"],"inLanguage":"en-US","potentialAction":[{"@type":"CommentAction","name":"Comment","target":["https:\/\/www.rmcr.org\/en\/2025\/03\/26\/real-maestranza-ronda-proyecto-intervencion-plaza-toros\/#respond"]}]},{"@type":"WebPage","@id":"https:\/\/www.rmcr.org\/en\/2025\/03\/26\/real-maestranza-ronda-proyecto-intervencion-plaza-toros\/","url":"https:\/\/www.rmcr.org\/en\/2025\/03\/26\/real-maestranza-ronda-proyecto-intervencion-plaza-toros\/","name":"La Real Maestranza de Caballer\u00eda de Ronda presenta el proyecto de intervenci\u00f3n que garantizar\u00e1 la funcionalidad y conservaci\u00f3n de la Plaza de Toros - Real Maestranza de Caballer\u00eda de Ronda","isPartOf":{"@id":"https:\/\/www.rmcr.org\/en\/#website"},"primaryImageOfPage":{"@id":"https:\/\/www.rmcr.org\/en\/2025\/03\/26\/real-maestranza-ronda-proyecto-intervencion-plaza-toros\/#primaryimage"},"image":{"@id":"https:\/\/www.rmcr.org\/en\/2025\/03\/26\/real-maestranza-ronda-proyecto-intervencion-plaza-toros\/#primaryimage"},"thumbnailUrl":"https:\/\/www.rmcr.org\/wp-content\/uploads\/2025\/03\/plaza-todos-dest.jpg","datePublished":"2025-03-26T12:21:39+00:00","dateModified":"2025-05-12T10:53:40+00:00","description":"La Real Maestranza de Caballer\u00eda de Ronda presenta su proyecto de intervenci\u00f3n para garantizar la funcionalidad y conservaci\u00f3n de la hist\u00f3rica Plaza de Toros.","breadcrumb":{"@id":"https:\/\/www.rmcr.org\/en\/2025\/03\/26\/real-maestranza-ronda-proyecto-intervencion-plaza-toros\/#breadcrumb"},"inLanguage":"en-US","potentialAction":[{"@type":"ReadAction","target":["https:\/\/www.rmcr.org\/en\/2025\/03\/26\/real-maestranza-ronda-proyecto-intervencion-plaza-toros\/"]}]},{"@type":"ImageObject","inLanguage":"en-US","@id":"https:\/\/www.rmcr.org\/en\/2025\/03\/26\/real-maestranza-ronda-proyecto-intervencion-plaza-toros\/#primaryimage","url":"https:\/\/www.rmcr.org\/wp-content\/uploads\/2025\/03\/plaza-todos-dest.jpg","contentUrl":"https:\/\/www.rmcr.org\/wp-content\/uploads\/2025\/03\/plaza-todos-dest.jpg","width":1200,"height":548},{"@type":"BreadcrumbList","@id":"https:\/\/www.rmcr.org\/en\/2025\/03\/26\/real-maestranza-ronda-proyecto-intervencion-plaza-toros\/#breadcrumb","itemListElement":[{"@type":"ListItem","position":1,"name":"REAL MAESTRANZA DE CABALLER\u00cdA DE RONDA","item":"https:\/\/www.rmcr.org\/en\/"},{"@type":"ListItem","position":2,"name":"La Real Maestranza de Caballer\u00eda de Ronda presenta el proyecto de intervenci\u00f3n que garantizar\u00e1 la funcionalidad y conservaci\u00f3n de la Plaza de Toros"}]},{"@type":"WebSite","@id":"https:\/\/www.rmcr.org\/en\/#website","url":"https:\/\/www.rmcr.org\/en\/","name":"Real Maestranza de Caballer\u00eda de Ronda","description":"Real Maestranza de Caballer\u00eda de Ronda","publisher":{"@id":"https:\/\/www.rmcr.org\/en\/#organization"},"alternateName":"RMCR","potentialAction":[{"@type":"SearchAction","target":{"@type":"EntryPoint","urlTemplate":"https:\/\/www.rmcr.org\/en\/?s={search_term_string}"},"query-input":{"@type":"PropertyValueSpecification","valueRequired":true,"valueName":"search_term_string"}}],"inLanguage":"en-US"},{"@type":"Organization","@id":"https:\/\/www.rmcr.org\/en\/#organization","name":"Real Maestranza de Caballer\u00eda de Ronda","alternateName":"RMR","url":"https:\/\/www.rmcr.org\/en\/","logo":{"@type":"ImageObject","inLanguage":"en-US","@id":"https:\/\/www.rmcr.org\/en\/#\/schema\/logo\/image\/","url":"https:\/\/www.rmcr.org\/wp-content\/uploads\/2022\/07\/logo-rmr-blue.svg","contentUrl":"https:\/\/www.rmcr.org\/wp-content\/uploads\/2022\/07\/logo-rmr-blue.svg","width":131,"height":129,"caption":"Real Maestranza de Caballer\u00eda de Ronda"},"image":{"@id":"https:\/\/www.rmcr.org\/en\/#\/schema\/logo\/image\/"},"sameAs":["https:\/\/www.facebook.com\/plazadetorosronda","https:\/\/x.com\/PlazatorosRMR","https:\/\/www.instagram.com\/realmaestranzaderonda\/","https:\/\/www.youtube.com\/channel\/UCrbO5IUN-8v_QML739vM4zg\/videos"]},{"@type":"Person","@id":"https:\/\/www.rmcr.org\/en\/#\/schema\/person\/7ddd0dafda7edd0e407157f93a56df4f","name":"RMCR","image":{"@type":"ImageObject","inLanguage":"en-US","@id":"https:\/\/secure.gravatar.com\/avatar\/adb75798b50800c24baa6a8706037b9469998c49eddeb95935f50f633cff80bb?s=96&d=mm&r=g","url":"https:\/\/secure.gravatar.com\/avatar\/adb75798b50800c24baa6a8706037b9469998c49eddeb95935f50f633cff80bb?s=96&d=mm&r=g","contentUrl":"https:\/\/secure.gravatar.com\/avatar\/adb75798b50800c24baa6a8706037b9469998c49eddeb95935f50f633cff80bb?s=96&d=mm&r=g","caption":"RMCR"},"url":"https:\/\/www.rmcr.org\/en\/author\/bitniks77\/"}]}},"_links":{"self":[{"href":"https:\/\/www.rmcr.org\/en\/wp-json\/wp\/v2\/posts\/22546","targetHints":{"allow":["GET"]}}],"collection":[{"href":"https:\/\/www.rmcr.org\/en\/wp-json\/wp\/v2\/posts"}],"about":[{"href":"https:\/\/www.rmcr.org\/en\/wp-json\/wp\/v2\/types\/post"}],"author":[{"embeddable":true,"href":"https:\/\/www.rmcr.org\/en\/wp-json\/wp\/v2\/users\/7"}],"replies":[{"embeddable":true,"href":"https:\/\/www.rmcr.org\/en\/wp-json\/wp\/v2\/comments?post=22546"}],"version-history":[{"count":4,"href":"https:\/\/www.rmcr.org\/en\/wp-json\/wp\/v2\/posts\/22546\/revisions"}],"predecessor-version":[{"id":22564,"href":"https:\/\/www.rmcr.org\/en\/wp-json\/wp\/v2\/posts\/22546\/revisions\/22564"}],"wp:featuredmedia":[{"embeddable":true,"href":"https:\/\/www.rmcr.org\/en\/wp-json\/wp\/v2\/media\/22547"}],"wp:attachment":[{"href":"https:\/\/www.rmcr.org\/en\/wp-json\/wp\/v2\/media?parent=22546"}],"wp:term":[{"taxonomy":"category","embeddable":true,"href":"https:\/\/www.rmcr.org\/en\/wp-json\/wp\/v2\/categories?post=22546"},{"taxonomy":"post_tag","embeddable":true,"href":"https:\/\/www.rmcr.org\/en\/wp-json\/wp\/v2\/tags?post=22546"}],"curies":[{"name":"wp","href":"https:\/\/api.w.org\/{rel}","templated":true}]}}