{"id":21018,"date":"2024-03-20T12:00:36","date_gmt":"2024-03-20T12:00:36","guid":{"rendered":"https:\/\/www.rmcr.org\/?p=21018"},"modified":"2025-04-04T07:47:34","modified_gmt":"2025-04-04T07:47:34","slug":"centro-de-estudios-de-la-nobleza-newsletter-ano-ii-numero-3-primavera-2024","status":"publish","type":"post","link":"https:\/\/www.rmcr.org\/en\/2024\/03\/20\/centro-de-estudios-de-la-nobleza-newsletter-ano-ii-numero-3-primavera-2024\/","title":{"rendered":"Centro de Estudios de la Nobleza. Newsletter. A\u00f1o II, n\u00famero 3, primavera 2024."},"content":{"rendered":"<p><img decoding=\"async\" class=\"aligncenter wp-image-15826 \" src=\"https:\/\/www.rmcr.org\/wp-content\/uploads\/2023\/03\/RMR-Centro-de-Estudios-de-la-Nobleza-300x236.png\" alt=\"\" width=\"150\" height=\"118\" srcset=\"https:\/\/www.rmcr.org\/wp-content\/uploads\/2023\/03\/RMR-Centro-de-Estudios-de-la-Nobleza-300x236.png 300w, https:\/\/www.rmcr.org\/wp-content\/uploads\/2023\/03\/RMR-Centro-de-Estudios-de-la-Nobleza.png 640w\" sizes=\"(max-width: 150px) 100vw, 150px\" \/><\/p>\n<p><img fetchpriority=\"high\" decoding=\"async\" class=\"wp-image-21113 size-full aligncenter\" src=\"https:\/\/www.rmcr.org\/wp-content\/uploads\/2024\/08\/AfC27-n16-026.jpg\" alt=\"\" width=\"800\" height=\"401\" srcset=\"https:\/\/www.rmcr.org\/wp-content\/uploads\/2024\/08\/AfC27-n16-026.jpg 800w, https:\/\/www.rmcr.org\/wp-content\/uploads\/2024\/08\/AfC27-n16-026-300x150.jpg 300w, https:\/\/www.rmcr.org\/wp-content\/uploads\/2024\/08\/AfC27-n16-026-768x385.jpg 768w\" sizes=\"(max-width: 800px) 100vw, 800px\" \/><\/p>\n<hr \/>\n<p style=\"text-align: center;\"><em>La <a href=\"https:\/\/www.rmcr.org\/cen-newsletter\/\">newsletter<\/a> del Centro de Estudios de la Nobleza de la Real Maestranza de Caballer\u00eda de Ronda ofrece una selecci\u00f3n bibliogr\u00e1fica, adem\u00e1s de otros recursos en l\u00ednea, referentes a las investigaciones en torno a la historia del estamento nobiliario en las edades Moderna y Contempor\u00e1nea.<\/em><\/p>\n<hr \/>\n<p style=\"text-align: center;\"><em>El <a href=\"https:\/\/www.rmcr.org\/centro-de-estudios-de-la-nobleza\/\">Centro de Estudios de la Nobleza<\/a> tiene entre sus objetivos convertirse en un laboratorio para la investigaci\u00f3n de la nobleza: programando la celebraci\u00f3n de reuniones cient\u00edficas que fomenten la participaci\u00f3n activa de especialistas; difundiendo las investigaciones desarrolladas en universidades y centros de investigaci\u00f3n; promoviendo la concesi\u00f3n de premios a los mejores trabajos sobre la materia; impulsando la investigaci\u00f3n acad\u00e9mica de los fondos nobiliarios del Archivo de la Real Maestranza; y coeditando publicaciones que resulten de la colaboraci\u00f3n entre la instituci\u00f3n y distintas editoriales.<\/em><\/p>\n<hr \/>\n<p><strong>MONOGRAF\u00cdAS<\/strong><\/p>\n<p><strong>\u00c1lvarez-Ossorio Alvari\u00f1o, Antonio; Quir\u00f3s Rosado, Roberto; y Bravo Lozano, Cristina (eds.)<\/strong>. <em><a href=\"https:\/\/www.marcialpons.es\/libros\/las-noblezas-de-la-monarquia-de-espana-1556-1725\/9788418752780\/\">Las noblezas de la monarqu\u00eda de Espa\u00f1a (1556-1725)<\/a>.<\/em> (Fuente: Marcial Pons Librero).<\/p>\n<p>En esta obra se ofrece una perspectiva global de las noblezas en la monarqu\u00eda de Espa\u00f1a desde mediados del siglo XVI al primer tercio del siglo XVIII. Se expone la diversidad de dicho estamento en sus diferentes reinos y se\u00f1or\u00edos diseminados por las cuatro partes del mundo, incluyendo tanto Castilla, Arag\u00f3n, Navarra y Portugal como los territorios italianos, flamencos y las posesiones ultramarinas en Am\u00e9rica, \u00c1frica y Asia. Asimismo, se analizan los diferentes conceptos de nobleza y formas de estratificaci\u00f3n social en cada territorio, as\u00ed como las estrategias familiares y patrimoniales, los modos de vida y las formas de ascenso, la venta de honores y las v\u00edas de ennoblecimiento. Tambi\u00e9n se plantean \u00e1mbitos que conectan las diversas noblezas, desde la concesi\u00f3n de la grandeza de Espa\u00f1a, los collares del Tois\u00f3n de Oro y los h\u00e1bitos de las \u00f3rdenes militares hasta el af\u00e1n geneal\u00f3gico y la conservaci\u00f3n de la memoria del linaje a trav\u00e9s de los archivos.<\/p>\n<p><strong>Artola Blanco, Miguel<\/strong>. <em><a href=\"https:\/\/www.alianzaeditorial.es\/libro\/alianza-ensayo\/el-fin-de-la-clase-ociosa-miguel-artola-9788420693446\/\">El fin de la clase ociosa. De Romanones al estraperlo, 1900-1950<\/a>.<\/em>\u00a0(Fuente: Alianza Editorial).<\/p>\n<p>Este texto sigue la trayectoria de las clases altas residentes en Madrid durante la primera mitad del siglo XX y su decadencia en el contexto pol\u00edtico de ese convulso periodo hist\u00f3rico. Situando a la Guerra Civil como el punto central de una de las rupturas decisivas en la historia contempor\u00e1nea, indaga en una clase social, \u00ablas buenas familias\u00bb, que, a pesar de pertenecer al bando vencedor, parad\u00f3jicamente protagoniz\u00f3 la p\u00e9rdida de las bases tradicionales de poder. Econom\u00eda, sociedad y pol\u00edtica se entrecruzan a lo largo de estas p\u00e1ginas, para terminar con un an\u00e1lisis comparado con las clases altas de las principales ciudades europeas y americanas, pues los cambios acontecidos en Madrid formaban parte de un m\u00e1s amplio patr\u00f3n de transformaci\u00f3n de grupos dominantes durante el periodo de entreguerras. Lectura necesaria en el actual momento de crisis econ\u00f3mica que ha llevado a un aumento considerable de las desigualdades sociales.<\/p>\n<p><strong>Fern\u00e1ndez Pardo, Ana<\/strong>. <a href=\"https:\/\/almuzaralibros.com\/fichalibro.php?libro=6719&amp;edi=1\"><em>Eso no estaba en mi libro de historia de la nobleza espa\u00f1ola<\/em><\/a><em>.<\/em> (Fuente: Editorial Almuzara).<\/p>\n<p>\u00bfSab\u00edas que los descendientes del emperador azteca Moctezuma recibieron una pensi\u00f3n hasta el siglo XX debido a su condici\u00f3n nobiliaria? \u00bfConoces de qu\u00e9 forma est\u00e1 emparentada la monarqu\u00eda espa\u00f1ola con la Santa Sede? \u00bfImaginas c\u00f3mo se formaban los bandos cortesanos y se fraguaban conspiraciones palaciegas? \u00bfTe sorprende que se hayan podido adquirir t\u00edtulos nobiliarios por un \u00abm\u00f3dico\u00bb precio? Desde sus or\u00edgenes en la Reconquista hasta la actualidad, esta obra nos sumerge en las intrigas, rarezas y curiosidades de la nobleza espa\u00f1ola a lo largo de la historia; y desentra\u00f1a los entresijos de un grupo social que ha dejado una huella indeleble en la historia de Espa\u00f1a. \u00bfSabr\u00edas decir qui\u00e9n fue el \u00faltimo valido de la monarqu\u00eda espa\u00f1ola? \u00bfY c\u00f3mo eran recibidos los virreyes en el Nuevo Mundo? \u00bfImaginas c\u00f3mo era el protocolo del cortejo en los salones de baile decimon\u00f3nicos? \u00bfTe sorprende que el asesinato del presidente Kennedy est\u00e9 basado en un magnicidio espa\u00f1ol? \u00bfO que la historia real de un falso bar\u00f3n patrio haya llegado a Hollywood? \u00bfY que durante la posguerra las ni\u00f1as espa\u00f1olas jugasen con mu\u00f1ecas \u00abCayetanas\u00bb inspiradas en la duquesa de Alba en lugar de hacerlo con Barbies? Descubre los misterios detr\u00e1s de la concesi\u00f3n de t\u00edtulos, la jerarqu\u00eda social y los cambios en los privilegios a lo largo del tiempo. \u00bfPor qu\u00e9 un arist\u00f3crata pagar\u00eda por un t\u00edtulo en pleno siglo XXI? \u00bfCu\u00e1l es el verdadero valor de poseer un t\u00edtulo nobiliario hoy en d\u00eda? La autora aborda estas preguntas y m\u00e1s, desmitificando la nobleza y explorando su significado en el contexto moderno. Con un estilo ameno y lleno de detalles, este libro es esencial para quienes buscan comprender la historia, la cultura y las complejidades sociales que han moldeado la trayectoria de Espa\u00f1a a lo largo de los siglos.<\/p>\n<p><strong>Madero, Marta<\/strong>. <a href=\"https:\/\/www.dykinson.com\/libros\/derecho-y-scientia-de-anima-en-torno-a-la-mentecaptio\/9788411704564\/\"><em>Derecho y scientia de anima en torno a la mentecaptio. El divorcio de do\u00f1a Antonia del \u00c1guila en la Espa\u00f1a del siglo XVI<\/em><\/a><em>.<\/em> (Fuente: Editorial Dykinson).<\/p>\n<p>Este breve libro ha sido pensado como un an\u00e1lisis casu\u00edstico del modo en que la mentecaptio, la fatuitas, compromete la existencia del sacramento matrimonial. Su objetivo es elaborar, a trav\u00e9s de una \u00absingularidad accesible a la observaci\u00f3n\u00bb (J. Revel y J.-Cl. Passeron) \u2013concretamente, un proceso de nulidad matrimonial\u2013, una inteligibilidad de orden m\u00e1s general. Se trata \u2013partiendo de la demanda interpuesta por el poderoso secretario regio Juan V\u00e1zquez de Molina, casado con do\u00f1a Antonia del \u00c1guila, noble y rica\u2013 de identificar las configuraciones que hablan de las impotencias del alma que impiden efectuar el sacramento matrimonial, as\u00ed como del lugar y la caracterizaci\u00f3n de los \u00abbobos\u00bb, \u00ablos locos mansos y simples\u00bb en el derecho can\u00f3nico, en la psicolog\u00eda aristot\u00e9lica (scientia de anima) y en la medicina, en la Espa\u00f1a de mitad del siglo XVI.<\/p>\n<p><strong>Malatesta, Maria<\/strong>. <a href=\"https:\/\/www.einaudi.it\/catalogo-libri\/storia\/storia-moderna\/storia-di-unelite-maria-malatesta-9788806217976\/\"><em>Storia di un\u2019\u00e9lite. La nobilt\u00e0 italiana dal Risorgimento agli anni Sessanta<\/em><\/a><em>.<\/em> (Fuente: Giulio Einaudi editore).<\/p>\n<p>La nobilt\u00e0 italiana fu un\u2019\u00e9lite che conserv\u00f2 fino al Novecento alcuni elementi fondamentali della sua cultura quali la famiglia e la riproduzione all\u2019interno del proprio ceto contraendo matrimoni che solo in misura relativa riguardarono partners borghesi. A fronte di un declino complessivo della sua presenza dentro le istituzioni politiche che riguard\u00f2 tutta l\u2019Europa, nella nobilt\u00e0 italiana si form\u00f2 una super \u00e9lite formata da circa 200 famiglie che restarono al potere dal 1861 al 1943 trasmettendolo al loro interno lungo le linee della parentela. Da questo punto di vista la nobilt\u00e0 italiana ebbe una capacit\u00e0 di resilienza e di riconversione assai elevata adeguandosi ai cambiamenti di regime e conservando al tempo stesso i propri tratti culturali.<\/p>\n<p><strong>Mart\u00ed-Fraga, Eduard (ed.)<\/strong>. <a href=\"https:\/\/www.albatrosediciones.com\/home_titulos.php?recordID=51&amp;nom=las-resistencias-nobiliarias-al-poder-real-en-el-siglo-xvii\"><em>Las resistencias nobiliarias al poder real en el siglo XVII. \u00bfNoblezas rebeldes?<\/em><\/a> (Fuente: Albatros Ediciones).<\/p>\n<p>Desde que en 1979 Arlette Joaunna public\u00f3 \u00abLe devoir de r\u00e9volte\u00bb, numerosos estudios han intentado definir las motivaciones que explican la actitud pol\u00edtica de la nobleza europea ante la consolidaci\u00f3n del Estado en la \u00c9poca Moderna. No siempre la oposici\u00f3n al rey se puede explicar solo a partir de los tradicionales conceptos de clientelas o facciones. Algunos autores consideran que su actitud, en algunas ocasiones, presentan similitudes con ideales republicanos. Dependiendo de los contextos, la nobleza pudo adquirir un nuevo perfil social que Rosario Villari calific\u00f3 como \u00abdemocratic gentleman\u00bb, caracterizado por asumir el liderazgo de la comunidad en momentos cr\u00edticos frente al rey. \u00bfSe trataba de una nobleza \u00abresistente\u00bb a los excesos autoritarios del monarca o una nobleza \u00abrebelde\u00bb, con un proyecto pol\u00edtico definido y alternativo a unas monarqu\u00edas cada vez m\u00e1s absolutas? La presente obra re\u00fane los trabajos de 14 historiadores europeos de reconocido prestigio que analizan la cuesti\u00f3n desde diferentes perspectivas para dar respuesta a esta pregunta.<\/p>\n<p><strong>Motta, Anne; y Hassler, \u00c9ric (dirs.)<\/strong>. <em><a href=\"https:\/\/pur-editions.fr\/product\/8653\/noblesses-et-villes-de-cour-en-europe-xviie-xviiie\">Noblesses et villes de cour en Europe (XVIIe-XVIIIe). La ville de r\u00e9sidence princi\u00e8re, observatoire des identit\u00e9s nobiliaires \u00e0 l\u2019\u00e9poque moderne<\/a>.<\/em> (Fuente: Presses Universitaires de Rennes).<\/p>\n<p>Attir\u00e9es par le dynamisme des soci\u00e9t\u00e9s urbaines ou le faste de la cour, les \u00e9lites nobiliaires europ\u00e9ennes r\u00e9sident de plus en plus volontiers en ville durant les XVIIe et XVIIIe si\u00e8cles. Qu\u2019elles soient acquises \u00e0 l\u2019urbanit\u00e9 ou qu\u2019elles conservent un lien \u00e9troit avec leurs seigneuries, qu\u2019elles \u00e9margent assid\u00fbment au service du prince ou qu\u2019elles ne fr\u00e9quentent la cour qu\u2019\u00e9pisodiquement, ces noblesses usent de la ville de cour comme d\u2019une sc\u00e8ne \u00e0 m\u00eame d\u2019illustrer leur \u00e9minence sociale et politique. Envisager la noblesse dans ces villes au profil singulier c\u2019est questionner, \u00e0 travers le prisme urbain, les contours de l\u2019institution curiale, faire appara\u00eetre les points de contact et les interstices dans lesquels se nouent les relations entre le courtisan et la dynastie r\u00e9gnante. C\u2019est aussi interroger les appartenances et les identit\u00e9s multiples d\u00e9velopp\u00e9es par ces \u00e9lites. L\u2019habitat et les pratiques immobili\u00e8res, la sociabilit\u00e9, le m\u00e9c\u00e9nat et les investissements \u00e9conomiques, voire le simple s\u00e9jour, sont autant d\u2019entr\u00e9es qui permettent d\u2019\u00e9clairer la multiplicit\u00e9 des leviers mobilis\u00e9s par les \u00e9lites pour marquer l\u2019espace urbain, \u00e0 tel point que l\u2019absence du prince \u2013lorsqu\u2019il r\u00e8gne \u00e0 distance\u2013 ne para\u00eet pas entraver la vie de cour. En abordant aussi des villes de cour paradoxalement sans prince, cet ouvrage fait le pari de montrer que la cour n\u2019est pas forc\u00e9ment toujours l\u00e0 o\u00f9 r\u00e9side le prince.<\/p>\n<p><strong>S\u00e1ez Gonz\u00e1lez, Manuela<\/strong>. <a href=\"https:\/\/www.herculesediciones.com\/libros\/vida-y-obra-del-vii-conde-de-lemos-volumen-i-2\/\"><em>Vida y obra del VII conde de Lemos, don Pedro Fern\u00e1ndez de Castro. Volumen I<\/em><\/a><em>.<\/em> (Fuente: H\u00e9rcules de Ediciones).<\/p>\n<p>\u00bfQu\u00e9 sabe Am\u00e9rica, Espa\u00f1a, Galicia, e incluso Monforte de Lemos de la familia del conde de Lemos, y m\u00e1s concretamente del s\u00e9ptimo conde? Esta monumental biograf\u00eda de Manuela S\u00e1ez, con la conjunci\u00f3n de erudici\u00f3n y amenidad que caracteriza su estilo, va a colocar definitivamente al VII Conde de Lemos, Pedro Fern\u00e1ndez de Castro, en el lugar que en justicia le corresponde: el de uno de los personajes fundamentales de la pol\u00edtica y la cultura del Siglo de Oro espa\u00f1ol. Pol\u00edtico, diplom\u00e1tico, erudito, amigo de G\u00f3ngora, Cervantes, Argensola y Lope de Vega, mecenas de las Artes\u2026 La trayectoria del Conde de Lemos le sit\u00faa a la par de las grandes figuras europeas de su tiempo. Don Pedro fue un actor principal en el Gran Teatro del Mundo, pero nunca perdi\u00f3 el amor por su patria chica, por ese Monforte de Lemos al que se retir\u00f3 cuando la pol\u00edtica le mostr\u00f3 su rostro menos grato. En Monforte desarroll\u00f3 un mecenazgo que convirti\u00f3 a esta ciudad de la provincia de Lugo en un referente. El primer volumen recoge la biograf\u00eda completa del s\u00e9ptimo Conde.<\/p>\n<p><strong>Sanz Ay\u00e1n, Carmen<\/strong>. <a href=\"https:\/\/www.publicaciones.uva.es\/index.php\/eduva\/catalog\/book\/2909\"><em>\u00c9xitos y fracasos de una nobleza ef\u00edmera. Nicolao Grimaldo, el gran banquero de Felipe II<\/em><\/a><em>.<\/em> (Fuente: Ediciones Universidad de Valladolid).<\/p>\n<p>El lector de este libro tiene en sus manos una obra que le permitir\u00e1 conocer la fascinante historia de un personaje como Nicolao Grimaldo y comprender de forma novedosa los mecanismos socioecon\u00f3micos del sistema de la monarqu\u00eda cat\u00f3lica de Felipe II. Viene de la pluma de una reconocida historiadora como Carmen Sanz Ay\u00e1n cuyo tino, m\u00e9todo y tenacidad le han permitido emprender con eficacia y \u00e9xito la dif\u00edcil tarea de renovar el panorama historiogr\u00e1fico sobre la monarqu\u00eda cat\u00f3lica para as\u00ed destacar su originalidad, su movilidad y la relevancia de su proyecci\u00f3n internacional. Se trata de un trabajo de larga duraci\u00f3n llevado a cabo buscando, acumulando y cotejando documentaci\u00f3n de diferente \u00edndole en muchos archivos y bibliotecas. Sus m\u00faltiples libros, art\u00edculos y aportaciones han abierto significativos caminos que han permitido avanzar, en particular en el \u00e1mbito econ\u00f3mico financiero \u2013sin olvidar el \u00e1mbito sociocultural y art\u00edstico\u2013, en la comprensi\u00f3n del sistema mon\u00e1rquico, en la definici\u00f3n de los sujetos que lo compon\u00edan y tambi\u00e9n en el an\u00e1lisis de lo que supuso como mecanismo y modelo de referencia para las redes econ\u00f3micas y financieras que dentro y fuera de la pen\u00ednsula Ib\u00e9rica se fueron creando.<\/p>\n<p><strong>Zalama, Miguel \u00c1ngel (dir.); Porras Gil, Mar\u00eda Concepci\u00f3n (coord.)<\/strong>. <a href=\"https:\/\/www.iberoamericana-vervuert.es\/FichaLibro.aspx?P1=212453\"><em>Entre la pol\u00edtica y las artes. Se\u00f1oras del poder<\/em><\/a><em>.<\/em> (Fuente: Iberoamericana Vervuert).<\/p>\n<p>Aunque no son pocos los estudios que se han realizado sobre la relaci\u00f3n de las mujeres y las artes, solo en los \u00faltimos tiempos se ha comenzado a tener conciencia de que su papel no fue una mera extensi\u00f3n del proceder de sus esposos. La historiograf\u00eda no ha indagado en la actividad como artistas de las mujeres porque se trataba de un oficio propio de los hombres. En la Antig\u00fcedad cl\u00e1sica, en la Edad Media, y hasta finales de la Edad Moderna, las artes visuales eran artesan\u00eda, no Artes Liberales. Sin embargo, que las mujeres no fuesen artistas no supone que careciesen de importancia en el desarrollo de las artes. Ellas se ocuparon de construir la imagen de la familia a la que pertenec\u00edan: levantaron capillas funerarias, palacios, contrataron retablos y adquirieron tapices y pinturas. Un patronato que tal vez les correspond\u00eda, al considerarse tales desempe\u00f1os como algo propio del entorno dom\u00e9stico. Este aspecto es el que se quiere destacar en esta publicaci\u00f3n que lleva un subt\u00edtulo esclarecedor: <em>Se\u00f1oras del poder<\/em>, pues sin esas damas poderosas las artes ser\u00edan otra cosa.<\/p>\n<hr \/>\n<p><strong>ART\u00cdCULOS<\/strong><\/p>\n<p><strong>Ascoz Planes, \u00d3scar de<\/strong>.\u00a0<a href=\"https:\/\/www.uco.es\/revistas\/index.php\/hyg\/article\/view\/1162\"><em>Los Mateo de Gilbert. Nobles, barones y ricoshombres de Arag\u00f3n, y su descendencia<\/em><\/a>. (Fuente: Historia y Genealog\u00eda. Revista de estudios hist\u00f3ricos y geneal\u00f3gicos. Universidad de C\u00f3rdoba).<\/p>\n<p>La realidad nobiliaria en los diferentes territorios que conformaron la Corona de Arag\u00f3n, a diferencia de la organizaci\u00f3n estamental en Castilla, fue muy cambiante y rica, lo que en el reino de Arag\u00f3n tuvo su particular reflejo en la organizaci\u00f3n de las Cortes, donde la nobleza ten\u00eda dos brazos, el de los barones y ricoshombres, que aglutinaba a la alta nobleza, y el de los caballeros e infanzones. En el presente art\u00edculo estudiaremos el privilegio de ricahombr\u00eda de los Gilbert, excepcional por su naturaleza y condiciones de transmisi\u00f3n, y c\u00f3mo a causa del mismo muchas familias de infanzones, descendientes de Leonor Gilbert y Rosell\u00f3n, hija del concesionario del privilegio, quedaron elevadas a la c\u00faspide de la pir\u00e1mide nobiliaria aragonesa.<\/p>\n<p><strong>Lorenzo Tena, Antonio.<\/strong> <a href=\"http:\/\/www.palmensis.com\/estudios-generales\/pdf\/uno\/0209_LORENZO.pdf\"><em>Actividades de recreo para la nobleza de la Isla de La Palma durante el ocaso del Antiguo R\u00e9gimen<\/em><\/a><em>. <\/em>(Fuente: Revista de estudios generales de la Isla de La Palma).<\/p>\n<p>Desde la peque\u00f1a revoluci\u00f3n intelectual francesa de los \u00abAnnales\u00bb el estudio de las mentalidades ha ocupado una posici\u00f3n cada vez m\u00e1s importante en el campo de la historiograf\u00eda contempor\u00e1nea. Analizamos en este art\u00edculo algunas de las actividades de ocio m\u00e1s representativas para la nobleza en la isla de La Palma durante un largo periodo que abarca la segunda mitad del siglo XVIII y la primera del XIX. La Ilustraci\u00f3n ejerci\u00f3 un poderoso influjo en la mentalidad de arist\u00f3cratas y burgueses que afect\u00f3 a las costumbres de la vida cotidiana, siendo la m\u00fasica, el baile, el juego de sal\u00f3n o la lectura los pasatiempos m\u00e1s frecuentes de una sociedad en tr\u00e1nsito.<\/p>\n<p><strong>Mart\u00ednez Leiva, Gloria.<\/strong> <a href=\"https:\/\/philostrato.revistahistoriayarte.es\/index.php\/moll\/article\/view\/philostrato.2024.09\"><em>Ensalzamiento mon\u00e1rquico y nobiliario: el programa decorativo del palacio de Cusano en Mil\u00e1n<\/em><\/a><em>. <\/em>(Fuente: Philostrato. Revista de Historia y Arte).<\/p>\n<p>Tras el matrimonio de Carlos Homodei con Leonor de Moura en 1678 este pas\u00f3 a ser el nuevo marqu\u00e9s de Castel Rodrigo. Nombrado General de la Caballer\u00eda extranjera en Mil\u00e1n en 1680, el IV marqu\u00e9s de Castel Rodrigo orden\u00f3 un nuevo programa iconogr\u00e1fico en su palacio de Cusano, en los alrededores de Mil\u00e1n, para dejar constancia tanto de su pertenencia a los Castel Rodrigo como de su labor como representante de la Monarqu\u00eda de los Austrias. Las decoraciones que se llevaron a cabo pretend\u00edan parangonar las empresas arquitect\u00f3nicas de los Castel Rodrigo y los Homodei con las llevadas a cabo por los Austrias. De ese modo, se creaba un juego muy propio de la \u00e9poca, mostrando al rey como espejo y a la nobleza como reflejo de su gusto.<\/p>\n<p><strong>Moral Roncal, Antonio Manuel.<\/strong> <a href=\"https:\/\/www.revistaaportes.com\/index.php\/aportes\/article\/view\/149\"><em>La nobleza espa\u00f1ola en la pol\u00edtica y diplomacia durante la Edad Contempor\u00e1nea<\/em><\/a>.<em>\u00a0<\/em>(Fuente: Aportes. Revista de historia contempor\u00e1nea).<\/p>\n<p>Este art\u00edculo analiza la evoluci\u00f3n de la presencia de la nobleza en la pol\u00edtica espa\u00f1ola, desde la crisis del Antiguo R\u00e9gimen hasta finales del siglo XX.\u00a0La nobleza tuvo una general actitud de inhibici\u00f3n, de pasividad, mientras no fueran amenazados sus intereses econ\u00f3micos, por ello, la alta nobleza adopt\u00f3 una actitud conservadora pero adaptable a mudanzas pol\u00edticas. De esta manera, la aristocracia espa\u00f1ola se amold\u00f3 a la revoluci\u00f3n liberal, aunque se dividi\u00f3 pol\u00edticamente en las guerras del siglo XIX. Su edad dorada fue el periodo llamado la Restauraci\u00f3n (1874-1931), a partir del cual la presencia pol\u00edtica de la nobleza fue mermando hasta su pr\u00e1ctica desaparici\u00f3n, adecu\u00e1ndose a las crisis y mutaciones del siglo XX.<\/p>\n<p><strong>Pacheco Landero, Diego<\/strong>. <em><a href=\"https:\/\/revistas.ucm.es\/index.php\/CHMO\/article\/view\/72540\">La privanza de Beltr\u00e1n de la Cueva. Fundaci\u00f3n, ascenso y permanencia de la Casa de Alburquerque (1456-1492)<\/a>.\u00a0<\/em>(Fuente: Cuadernos de Historia Moderna. Universidad Complutense de Madrid).<\/p>\n<p>Este trabajo estudia el ascenso de Beltr\u00e1n de la Cueva hasta la alta nobleza de Castilla como I duque de Alburquerque. Su trayectoria se analiza a partir de su privanza con Enrique IV. Se examinan su gesti\u00f3n como privado y las acciones desarrolladas tras la muerte de su benefactor para conservar y transmitir a su sucesor el gran patrimonio se\u00f1orial acumulado durante su privanza. El estudio se articula a trav\u00e9s de la comparaci\u00f3n con otros privados y validos de \u00e9poca medieval y moderna, metodolog\u00eda que permite identificar los rasgos singulares y comunes que presenta su trayectoria de ascenso.<\/p>\n<hr \/>\n<p><strong>RECENSIONES<\/strong><\/p>\n<p><strong>Felani Pintos, Alberto Juan<\/strong> <strong>(res.)<\/strong>. <a href=\"https:\/\/revistas.uned.es\/index.php\/ETFIV\/article\/view\/27675\"><em>Malo Barranco, Laura: Nobleza en femenino. Mujeres, poder y cultura en la Espa\u00f1a moderna, Madrid, Centro de Estudios Pol\u00edticos y Constitucionales, 2018, 621 p.<\/em><\/a>\u00a0(Fuente: Espacio, tiempo y forma. Serie IV, Historia moderna).<\/p>\n<p><strong>Luch\u00eda, Corina<\/strong> <strong>(res.)<\/strong>. <a href=\"https:\/\/www.sociedadesprecapitalistas.fahce.unlp.edu.ar\/article\/view\/SPe028\"><em>Jos\u00e9 Antonio Jara Fuente (coord.). Discurso pol\u00edtico y relaciones de poder. Ciudad, nobleza y monarqu\u00eda en la Baja Edad Media, Madrid, Dykinson, 2017. 648 p.<\/em><\/a><em>\u00a0<\/em>(Fuente: Sociedades Precapitalistas).<\/p>\n<p><strong>Pezzi Crist\u00f3bal, Pilar<\/strong> <strong>(res.)<\/strong>. <em><a href=\"https:\/\/revistas.usal.es\/uno\/index.php\/Studia_Historica\/article\/view\/29460\/28452\">L\u00f3pez D\u00edaz, Mar\u00eda (ed.), Monarqu\u00edas ib\u00e9ricas, poderes y territorios. Instituciones, nobleza y din\u00e1mica pol\u00edtica (siglo XVIII), Madrid, S\u00edlex, 2021, 422 p.<\/a>\u00a0<\/em>(Fuente: Studia historica. Historia medieval).<\/p>\n<hr \/>\n<p><strong>EXPOSICIONES<\/strong><\/p>\n<p><strong>Museo del Ej\u00e9rcito<\/strong><em>. <a href=\"https:\/\/publicaciones.defensa.gob.es\/la-nobleza-de-las-armas-libros-papel.html\">La nobleza de las armas<\/a>.\u00a0Celebraci\u00f3n<\/em> de mayo a octubre de 2023<em>. <\/em>(Fuente: Ministerio de Defensa, Subdirecci\u00f3n General de Publicaciones y Patrimonio Cultural).<\/p>\n<p>Exposici\u00f3n temporal ofrecida por el Museo del Ej\u00e9rcito. La finalidad de la muestra es compartir con la sociedad los frutos del trabajo, investigaci\u00f3n, estudio y conservaci\u00f3n de la colecci\u00f3n de armas y dar a conocer aquellas relacionadas con las grandes casas nobiliarias espa\u00f1olas, presentando a la instituci\u00f3n como un espacio abierto e interactivo, un lugar de encuentro y de conocimiento al servicio de la sociedad. La mayor\u00eda de los fondos procede de las \u00e1reas de reserva del Museo. Todas son piezas selectas de elevada calidad, pertenecientes a algunas de las m\u00e1s insignes casas nobiliarias, como Medinaceli, Osuna o Infantado, y a destacadas figuras hist\u00f3ricas de la nobleza militar o que re\u00fanen tan excelsas caracter\u00edsticas que pueden considerarse como armas nobles.<\/p>\n<hr \/>\n<p><strong>AUDIO \/ V\u00cdDEO<\/strong><\/p>\n<p><strong>Sanz Ay\u00e1n, Carmen<\/strong>. <em><a href=\"https:\/\/www.rah.es\/ciclo-la-nobleza-emprendedora\/\">Nobleza y prosperidad empresarial en la primera \u00e9poca moderna hispana<\/a>.<\/em> Conferencia grabada el 21 de noviembre de 2023. (Fuente: Real Academia de la Historia).<\/p>\n<p>La Real Academia de la Historia, con la colaboraci\u00f3n la Asociaci\u00f3n de Hidalgos de Espa\u00f1a, organiza el ciclo de conferencias \u00abLa nobleza emprendedora (siglos XVI-XX)\u00bb, coordinado por Carmen Sanz Ay\u00e1n, formado por tres conferencias desde noviembre a diciembre de 2023.<\/p>\n<hr \/>\n<p><strong>NOTICIAS<\/strong><\/p>\n<p><strong>Nuevos ingresos<\/strong>. <a href=\"https:\/\/www.cultura.gob.es\/cultura\/areas\/archivos\/mc\/archivos\/nhn\/destacados\/nuevos-ingresos\/revillagigedo.html\"><em>Adquisici\u00f3n del archivo de los condes de G\u00fcemes y Revilla-Gigedo<\/em><\/a>. (Fuente: Archivo Hist\u00f3rico de la Nobleza).<\/p>\n<p>El Ministerio de Cultura y Deporte ha adquirido el\u00a0Archivo de los Condes de G\u00fcemes y Revilla-Gigedo, uno de los archivos nobiliarios privados m\u00e1s importantes de Espa\u00f1a, declarado Bien de Inter\u00e9s Cultural en 2008. El fondo ha sido depositado en el Archivo Hist\u00f3rico de la Nobleza, archivo estatal dependiente del Ministerio de Cultura y Deporte, con sede en Toledo, donde se proceder\u00e1 a la descripci\u00f3n y ordenaci\u00f3n de su contenido, as\u00ed como a su correcta conservaci\u00f3n.<\/p>\n<p><strong>Segoviarquitectura<\/strong>. <em><a href=\"https:\/\/arquitecturaviva.com\/obras\/archivo-y-museo-de-los-condes-de-punonrostro-en-segovia\">Archivo y Museo de los Condes de Pu\u00f1onrostro en Segovia<\/a><\/em>. (Fuente: Arquitectura Viva).<\/p>\n<p>La Fundaci\u00f3n Condes de Pu\u00f1onrostro ha dado a conocer el proyecto para rehabilitar el edificio de su propiedad situado en el n\u00famero 16 de la calle Dao\u00edz de Segovia. Este edificio, que fue destinado a diferentes usos (una f\u00e1brica de tapones, entre otros) ha estado abandonado en las \u00faltimas d\u00e9cadas.<\/p>\n<p><strong>Nuevos ingresos<\/strong>. <a href=\"https:\/\/www.cultura.gob.es\/cultura\/areas\/archivos\/mc\/archivos\/nhn\/destacados\/nuevos-ingresos\/marquesado-aguilar-campoo.html\"><em>Adquisici\u00f3n del archivo del marquesado de Aguilar de Campoo<\/em><\/a>. (Fuente: Archivo Hist\u00f3rico de la Nobleza).<\/p>\n<p>Como consecuencia de las\u00a0adquisiciones realizadas por el Ministerio de Cultura y Deporte en 2019, por orden ministerial de 5 de diciembre de 2019, ingres\u00f3 en el Archivo Hist\u00f3rico de la Nobleza el fondo del marquesado de Aguilar de Campoo, formado por un total de 3125 unidades documentales reunidas en 195 legajos y 19 libros cuyo arco cronol\u00f3gico abarca ocho siglos (del XII al XX).<\/p>\n<hr \/>\n<p><strong>ARCHIVO-BIBLIOTECA RMR<\/strong><\/p>\n<p><strong>Documentos en el Archivo de la RMR, 40-2022<\/strong>. <a href=\"https:\/\/www.rmcr.org\/2022\/08\/05\/agosto-de-1833-ronda-se-engalana\/\"><em>Agosto de 1833, Ronda se engalana<\/em><\/a>. (Fuente: El Blog de la Real Maestranza de Caballer\u00eda de Ronda).<\/p>\n<p>1833 es un a\u00f1o crucial en la Historia de Espa\u00f1a. El panorama pol\u00edtico nacional estaba marcado por las tensiones entre los absolutistas con el Infante Don Carlos y los movimientos liberales. El 30 de septiembre fallece el rey Fernando VII, dejando como heredera a Mar\u00eda Isabel Luisa de Borb\u00f3n, su primog\u00e9nita y futura Isabel II, dando paso a la regencia de su madre Mar\u00eda Cristina de Borb\u00f3n-Dos Sicilias e inici\u00e1ndose el fin del Antiguo R\u00e9gimen. Una ni\u00f1a de tres a\u00f1os, nacida el 10 de octubre de 1830, era proclamada princesa de Asturias y sucesora en el trono de Espa\u00f1a.<\/p>\n<p><strong>Biblioteca-RMR: N\u00ba 122<\/strong>. <em><a href=\"https:\/\/www.rmcr.org\/2023\/12\/13\/biblioteca-rmr-no-122-la-nobleza-titulada-castellana-en-la-conservacion-del-imperio-espanol-en-tiempos-de-carlos-ii-noviembre-2023\/\">La nobleza titulada castellana en la conservaci\u00f3n del Imperio espa\u00f1ol en tiempos de Carlos II<\/a><\/em>. Noviembre 2023. (Fuente: El Blog de la Real Maestranza de Caballer\u00eda de Ronda).<\/p>\n<p>El libro \u00abLa nobleza titulada castellana en la conservaci\u00f3n del Imperio espa\u00f1ol en tiempos de Carlos II\u00bb, bajo la edici\u00f3n de Porfirio Sanz Cama\u00f1es, aporta nuevas perspectivas sobre ciertos valores nobiliarios que se hab\u00edan transformado en el seno de una sociedad en guerra, pero que no perdieron su naturaleza original, como pod\u00edan ser la lealtad, la fidelidad o el honor.<\/p>\n","protected":false},"excerpt":{"rendered":"<p>\u00abLa newsletter del Centro de Estudios de la Nobleza de la Real Maestranza de Caballer\u00eda de Ronda ofrece una selecci\u00f3n bibliogr\u00e1fica, adem\u00e1s de otros recursos en l\u00ednea, referentes a las investigaciones en torno a la historia del estamento nobiliario en las edades Moderna y Contempor\u00e1nea\u00bb<\/p>\n","protected":false},"author":2,"featured_media":21111,"comment_status":"open","ping_status":"open","sticky":false,"template":"","format":"standard","meta":{"footnotes":""},"categories":[140,811],"tags":[223,237,105,530,179,137,255],"class_list":["post-21018","post","type-post","status-publish","format-standard","has-post-thumbnail","hentry","category-biblioteca","category-centro-estudios-nobleza","tag-articulos","tag-bibliografias","tag-biblioteca-general","tag-centro-de-estudios-de-la-nobleza","tag-elites-de-poder","tag-libros","tag-nobleza"],"yoast_head":"<!-- This site is optimized with the Yoast SEO plugin v27.5 - https:\/\/yoast.com\/product\/yoast-seo-wordpress\/ -->\n<title>Centro de Estudios de la Nobleza. Newsletter. A\u00f1o II, n\u00famero 3, primavera 2024. - Real Maestranza de Caballer\u00eda de Ronda<\/title>\n<meta name=\"robots\" content=\"index, follow, max-snippet:-1, max-image-preview:large, max-video-preview:-1\" \/>\n<link rel=\"canonical\" href=\"https:\/\/www.rmcr.org\/en\/2024\/03\/20\/centro-de-estudios-de-la-nobleza-newsletter-ano-ii-numero-3-primavera-2024\/\" \/>\n<meta property=\"og:locale\" content=\"en_US\" \/>\n<meta property=\"og:type\" content=\"article\" \/>\n<meta property=\"og:title\" content=\"Centro de Estudios de la Nobleza. Newsletter. A\u00f1o II, n\u00famero 3, primavera 2024. - Real Maestranza de Caballer\u00eda de Ronda\" \/>\n<meta property=\"og:description\" content=\"\u00abLa newsletter del Centro de Estudios de la Nobleza de la Real Maestranza de Caballer\u00eda de Ronda ofrece una selecci\u00f3n bibliogr\u00e1fica, adem\u00e1s de otros recursos en l\u00ednea, referentes a las investigaciones en torno a la historia del estamento nobiliario en las edades Moderna y Contempor\u00e1nea\u00bb\" \/>\n<meta property=\"og:url\" content=\"https:\/\/www.rmcr.org\/en\/2024\/03\/20\/centro-de-estudios-de-la-nobleza-newsletter-ano-ii-numero-3-primavera-2024\/\" \/>\n<meta property=\"og:site_name\" content=\"Real Maestranza de Caballer\u00eda de Ronda\" \/>\n<meta property=\"article:publisher\" content=\"https:\/\/www.facebook.com\/plazadetorosronda\" \/>\n<meta property=\"article:published_time\" content=\"2024-03-20T12:00:36+00:00\" \/>\n<meta property=\"article:modified_time\" content=\"2025-04-04T07:47:34+00:00\" \/>\n<meta property=\"og:image\" content=\"https:\/\/www.rmcr.org\/wp-content\/uploads\/2024\/07\/AfC27-n16-026-dest.jpg\" \/>\n\t<meta property=\"og:image:width\" content=\"1200\" \/>\n\t<meta property=\"og:image:height\" content=\"680\" \/>\n\t<meta property=\"og:image:type\" content=\"image\/jpeg\" \/>\n<meta name=\"author\" content=\"BIBLIOTECA\" \/>\n<meta name=\"twitter:card\" content=\"summary_large_image\" \/>\n<meta name=\"twitter:creator\" content=\"@PlazatorosRMR\" \/>\n<meta name=\"twitter:site\" content=\"@PlazatorosRMR\" \/>\n<meta name=\"twitter:label1\" content=\"Written by\" \/>\n\t<meta name=\"twitter:data1\" content=\"BIBLIOTECA\" \/>\n\t<meta name=\"twitter:label2\" content=\"Est. reading time\" \/>\n\t<meta name=\"twitter:data2\" content=\"18 minutes\" \/>\n<script type=\"application\/ld+json\" class=\"yoast-schema-graph\">{\"@context\":\"https:\\\/\\\/schema.org\",\"@graph\":[{\"@type\":\"Article\",\"@id\":\"https:\\\/\\\/www.rmcr.org\\\/en\\\/2024\\\/03\\\/20\\\/centro-de-estudios-de-la-nobleza-newsletter-ano-ii-numero-3-primavera-2024\\\/#article\",\"isPartOf\":{\"@id\":\"https:\\\/\\\/www.rmcr.org\\\/en\\\/2024\\\/03\\\/20\\\/centro-de-estudios-de-la-nobleza-newsletter-ano-ii-numero-3-primavera-2024\\\/\"},\"author\":{\"name\":\"BIBLIOTECA\",\"@id\":\"https:\\\/\\\/www.rmcr.org\\\/en\\\/#\\\/schema\\\/person\\\/80849edee7ef556893505128619ea1d0\"},\"headline\":\"Centro de Estudios de la Nobleza. Newsletter. A\u00f1o II, n\u00famero 3, primavera 2024.\",\"datePublished\":\"2024-03-20T12:00:36+00:00\",\"dateModified\":\"2025-04-04T07:47:34+00:00\",\"mainEntityOfPage\":{\"@id\":\"https:\\\/\\\/www.rmcr.org\\\/en\\\/2024\\\/03\\\/20\\\/centro-de-estudios-de-la-nobleza-newsletter-ano-ii-numero-3-primavera-2024\\\/\"},\"wordCount\":3967,\"commentCount\":0,\"publisher\":{\"@id\":\"https:\\\/\\\/www.rmcr.org\\\/en\\\/#organization\"},\"image\":{\"@id\":\"https:\\\/\\\/www.rmcr.org\\\/en\\\/2024\\\/03\\\/20\\\/centro-de-estudios-de-la-nobleza-newsletter-ano-ii-numero-3-primavera-2024\\\/#primaryimage\"},\"thumbnailUrl\":\"https:\\\/\\\/www.rmcr.org\\\/wp-content\\\/uploads\\\/2024\\\/07\\\/AfC27-n16-026-dest.jpg\",\"keywords\":[\"Art\u00edculos\",\"Bibliograf\u00edas\",\"Biblioteca\",\"Centro de Estudios de la Nobleza\",\"\u00c9lites de poder\",\"Libros\",\"Nobleza\"],\"articleSection\":[\"Biblioteca\",\"Centro de Estudios de la Nobleza\"],\"inLanguage\":\"en-US\",\"potentialAction\":[{\"@type\":\"CommentAction\",\"name\":\"Comment\",\"target\":[\"https:\\\/\\\/www.rmcr.org\\\/en\\\/2024\\\/03\\\/20\\\/centro-de-estudios-de-la-nobleza-newsletter-ano-ii-numero-3-primavera-2024\\\/#respond\"]}]},{\"@type\":\"WebPage\",\"@id\":\"https:\\\/\\\/www.rmcr.org\\\/en\\\/2024\\\/03\\\/20\\\/centro-de-estudios-de-la-nobleza-newsletter-ano-ii-numero-3-primavera-2024\\\/\",\"url\":\"https:\\\/\\\/www.rmcr.org\\\/en\\\/2024\\\/03\\\/20\\\/centro-de-estudios-de-la-nobleza-newsletter-ano-ii-numero-3-primavera-2024\\\/\",\"name\":\"Centro de Estudios de la Nobleza. Newsletter. A\u00f1o II, n\u00famero 3, primavera 2024. - Real Maestranza de Caballer\u00eda de Ronda\",\"isPartOf\":{\"@id\":\"https:\\\/\\\/www.rmcr.org\\\/en\\\/#website\"},\"primaryImageOfPage\":{\"@id\":\"https:\\\/\\\/www.rmcr.org\\\/en\\\/2024\\\/03\\\/20\\\/centro-de-estudios-de-la-nobleza-newsletter-ano-ii-numero-3-primavera-2024\\\/#primaryimage\"},\"image\":{\"@id\":\"https:\\\/\\\/www.rmcr.org\\\/en\\\/2024\\\/03\\\/20\\\/centro-de-estudios-de-la-nobleza-newsletter-ano-ii-numero-3-primavera-2024\\\/#primaryimage\"},\"thumbnailUrl\":\"https:\\\/\\\/www.rmcr.org\\\/wp-content\\\/uploads\\\/2024\\\/07\\\/AfC27-n16-026-dest.jpg\",\"datePublished\":\"2024-03-20T12:00:36+00:00\",\"dateModified\":\"2025-04-04T07:47:34+00:00\",\"breadcrumb\":{\"@id\":\"https:\\\/\\\/www.rmcr.org\\\/en\\\/2024\\\/03\\\/20\\\/centro-de-estudios-de-la-nobleza-newsletter-ano-ii-numero-3-primavera-2024\\\/#breadcrumb\"},\"inLanguage\":\"en-US\",\"potentialAction\":[{\"@type\":\"ReadAction\",\"target\":[\"https:\\\/\\\/www.rmcr.org\\\/en\\\/2024\\\/03\\\/20\\\/centro-de-estudios-de-la-nobleza-newsletter-ano-ii-numero-3-primavera-2024\\\/\"]}]},{\"@type\":\"ImageObject\",\"inLanguage\":\"en-US\",\"@id\":\"https:\\\/\\\/www.rmcr.org\\\/en\\\/2024\\\/03\\\/20\\\/centro-de-estudios-de-la-nobleza-newsletter-ano-ii-numero-3-primavera-2024\\\/#primaryimage\",\"url\":\"https:\\\/\\\/www.rmcr.org\\\/wp-content\\\/uploads\\\/2024\\\/07\\\/AfC27-n16-026-dest.jpg\",\"contentUrl\":\"https:\\\/\\\/www.rmcr.org\\\/wp-content\\\/uploads\\\/2024\\\/07\\\/AfC27-n16-026-dest.jpg\",\"width\":1200,\"height\":680},{\"@type\":\"BreadcrumbList\",\"@id\":\"https:\\\/\\\/www.rmcr.org\\\/en\\\/2024\\\/03\\\/20\\\/centro-de-estudios-de-la-nobleza-newsletter-ano-ii-numero-3-primavera-2024\\\/#breadcrumb\",\"itemListElement\":[{\"@type\":\"ListItem\",\"position\":1,\"name\":\"REAL MAESTRANZA DE CABALLER\u00cdA DE RONDA\",\"item\":\"https:\\\/\\\/www.rmcr.org\\\/en\\\/\"},{\"@type\":\"ListItem\",\"position\":2,\"name\":\"Centro de Estudios de la Nobleza. Newsletter. A\u00f1o II, n\u00famero 3, primavera 2024.\"}]},{\"@type\":\"WebSite\",\"@id\":\"https:\\\/\\\/www.rmcr.org\\\/en\\\/#website\",\"url\":\"https:\\\/\\\/www.rmcr.org\\\/en\\\/\",\"name\":\"Real Maestranza de Caballer\u00eda de Ronda\",\"description\":\"Real Maestranza de Caballer\u00eda de Ronda\",\"publisher\":{\"@id\":\"https:\\\/\\\/www.rmcr.org\\\/en\\\/#organization\"},\"alternateName\":\"RMCR\",\"potentialAction\":[{\"@type\":\"SearchAction\",\"target\":{\"@type\":\"EntryPoint\",\"urlTemplate\":\"https:\\\/\\\/www.rmcr.org\\\/en\\\/?s={search_term_string}\"},\"query-input\":{\"@type\":\"PropertyValueSpecification\",\"valueRequired\":true,\"valueName\":\"search_term_string\"}}],\"inLanguage\":\"en-US\"},{\"@type\":\"Organization\",\"@id\":\"https:\\\/\\\/www.rmcr.org\\\/en\\\/#organization\",\"name\":\"Real Maestranza de Caballer\u00eda de Ronda\",\"alternateName\":\"RMR\",\"url\":\"https:\\\/\\\/www.rmcr.org\\\/en\\\/\",\"logo\":{\"@type\":\"ImageObject\",\"inLanguage\":\"en-US\",\"@id\":\"https:\\\/\\\/www.rmcr.org\\\/en\\\/#\\\/schema\\\/logo\\\/image\\\/\",\"url\":\"https:\\\/\\\/www.rmcr.org\\\/wp-content\\\/uploads\\\/2022\\\/07\\\/logo-rmr-blue.svg\",\"contentUrl\":\"https:\\\/\\\/www.rmcr.org\\\/wp-content\\\/uploads\\\/2022\\\/07\\\/logo-rmr-blue.svg\",\"width\":131,\"height\":129,\"caption\":\"Real Maestranza de Caballer\u00eda de Ronda\"},\"image\":{\"@id\":\"https:\\\/\\\/www.rmcr.org\\\/en\\\/#\\\/schema\\\/logo\\\/image\\\/\"},\"sameAs\":[\"https:\\\/\\\/www.facebook.com\\\/plazadetorosronda\",\"https:\\\/\\\/x.com\\\/PlazatorosRMR\",\"https:\\\/\\\/www.instagram.com\\\/realmaestranzaderonda\\\/\",\"https:\\\/\\\/www.youtube.com\\\/channel\\\/UCrbO5IUN-8v_QML739vM4zg\\\/videos\"]},{\"@type\":\"Person\",\"@id\":\"https:\\\/\\\/www.rmcr.org\\\/en\\\/#\\\/schema\\\/person\\\/80849edee7ef556893505128619ea1d0\",\"name\":\"BIBLIOTECA\",\"image\":{\"@type\":\"ImageObject\",\"inLanguage\":\"en-US\",\"@id\":\"https:\\\/\\\/www.rmcr.org\\\/wp-content\\\/uploads\\\/2022\\\/11\\\/avatar-rmcr-96x96.png\",\"url\":\"https:\\\/\\\/www.rmcr.org\\\/wp-content\\\/uploads\\\/2022\\\/11\\\/avatar-rmcr-96x96.png\",\"contentUrl\":\"https:\\\/\\\/www.rmcr.org\\\/wp-content\\\/uploads\\\/2022\\\/11\\\/avatar-rmcr-96x96.png\",\"caption\":\"BIBLIOTECA\"},\"url\":\"https:\\\/\\\/www.rmcr.org\\\/en\\\/author\\\/juan-antonio-moreno\\\/\"}]}<\/script>\n<!-- \/ Yoast SEO plugin. -->","yoast_head_json":{"title":"Centro de Estudios de la Nobleza. Newsletter. A\u00f1o II, n\u00famero 3, primavera 2024. - Real Maestranza de Caballer\u00eda de Ronda","robots":{"index":"index","follow":"follow","max-snippet":"max-snippet:-1","max-image-preview":"max-image-preview:large","max-video-preview":"max-video-preview:-1"},"canonical":"https:\/\/www.rmcr.org\/en\/2024\/03\/20\/centro-de-estudios-de-la-nobleza-newsletter-ano-ii-numero-3-primavera-2024\/","og_locale":"en_US","og_type":"article","og_title":"Centro de Estudios de la Nobleza. Newsletter. A\u00f1o II, n\u00famero 3, primavera 2024. - Real Maestranza de Caballer\u00eda de Ronda","og_description":"\u00abLa newsletter del Centro de Estudios de la Nobleza de la Real Maestranza de Caballer\u00eda de Ronda ofrece una selecci\u00f3n bibliogr\u00e1fica, adem\u00e1s de otros recursos en l\u00ednea, referentes a las investigaciones en torno a la historia del estamento nobiliario en las edades Moderna y Contempor\u00e1nea\u00bb","og_url":"https:\/\/www.rmcr.org\/en\/2024\/03\/20\/centro-de-estudios-de-la-nobleza-newsletter-ano-ii-numero-3-primavera-2024\/","og_site_name":"Real Maestranza de Caballer\u00eda de Ronda","article_publisher":"https:\/\/www.facebook.com\/plazadetorosronda","article_published_time":"2024-03-20T12:00:36+00:00","article_modified_time":"2025-04-04T07:47:34+00:00","og_image":[{"width":1200,"height":680,"url":"https:\/\/www.rmcr.org\/wp-content\/uploads\/2024\/07\/AfC27-n16-026-dest.jpg","type":"image\/jpeg"}],"author":"BIBLIOTECA","twitter_card":"summary_large_image","twitter_creator":"@PlazatorosRMR","twitter_site":"@PlazatorosRMR","twitter_misc":{"Written by":"BIBLIOTECA","Est. reading time":"18 minutes"},"schema":{"@context":"https:\/\/schema.org","@graph":[{"@type":"Article","@id":"https:\/\/www.rmcr.org\/en\/2024\/03\/20\/centro-de-estudios-de-la-nobleza-newsletter-ano-ii-numero-3-primavera-2024\/#article","isPartOf":{"@id":"https:\/\/www.rmcr.org\/en\/2024\/03\/20\/centro-de-estudios-de-la-nobleza-newsletter-ano-ii-numero-3-primavera-2024\/"},"author":{"name":"BIBLIOTECA","@id":"https:\/\/www.rmcr.org\/en\/#\/schema\/person\/80849edee7ef556893505128619ea1d0"},"headline":"Centro de Estudios de la Nobleza. Newsletter. A\u00f1o II, n\u00famero 3, primavera 2024.","datePublished":"2024-03-20T12:00:36+00:00","dateModified":"2025-04-04T07:47:34+00:00","mainEntityOfPage":{"@id":"https:\/\/www.rmcr.org\/en\/2024\/03\/20\/centro-de-estudios-de-la-nobleza-newsletter-ano-ii-numero-3-primavera-2024\/"},"wordCount":3967,"commentCount":0,"publisher":{"@id":"https:\/\/www.rmcr.org\/en\/#organization"},"image":{"@id":"https:\/\/www.rmcr.org\/en\/2024\/03\/20\/centro-de-estudios-de-la-nobleza-newsletter-ano-ii-numero-3-primavera-2024\/#primaryimage"},"thumbnailUrl":"https:\/\/www.rmcr.org\/wp-content\/uploads\/2024\/07\/AfC27-n16-026-dest.jpg","keywords":["Art\u00edculos","Bibliograf\u00edas","Biblioteca","Centro de Estudios de la Nobleza","\u00c9lites de poder","Libros","Nobleza"],"articleSection":["Biblioteca","Centro de Estudios de la Nobleza"],"inLanguage":"en-US","potentialAction":[{"@type":"CommentAction","name":"Comment","target":["https:\/\/www.rmcr.org\/en\/2024\/03\/20\/centro-de-estudios-de-la-nobleza-newsletter-ano-ii-numero-3-primavera-2024\/#respond"]}]},{"@type":"WebPage","@id":"https:\/\/www.rmcr.org\/en\/2024\/03\/20\/centro-de-estudios-de-la-nobleza-newsletter-ano-ii-numero-3-primavera-2024\/","url":"https:\/\/www.rmcr.org\/en\/2024\/03\/20\/centro-de-estudios-de-la-nobleza-newsletter-ano-ii-numero-3-primavera-2024\/","name":"Centro de Estudios de la Nobleza. Newsletter. A\u00f1o II, n\u00famero 3, primavera 2024. - Real Maestranza de Caballer\u00eda de Ronda","isPartOf":{"@id":"https:\/\/www.rmcr.org\/en\/#website"},"primaryImageOfPage":{"@id":"https:\/\/www.rmcr.org\/en\/2024\/03\/20\/centro-de-estudios-de-la-nobleza-newsletter-ano-ii-numero-3-primavera-2024\/#primaryimage"},"image":{"@id":"https:\/\/www.rmcr.org\/en\/2024\/03\/20\/centro-de-estudios-de-la-nobleza-newsletter-ano-ii-numero-3-primavera-2024\/#primaryimage"},"thumbnailUrl":"https:\/\/www.rmcr.org\/wp-content\/uploads\/2024\/07\/AfC27-n16-026-dest.jpg","datePublished":"2024-03-20T12:00:36+00:00","dateModified":"2025-04-04T07:47:34+00:00","breadcrumb":{"@id":"https:\/\/www.rmcr.org\/en\/2024\/03\/20\/centro-de-estudios-de-la-nobleza-newsletter-ano-ii-numero-3-primavera-2024\/#breadcrumb"},"inLanguage":"en-US","potentialAction":[{"@type":"ReadAction","target":["https:\/\/www.rmcr.org\/en\/2024\/03\/20\/centro-de-estudios-de-la-nobleza-newsletter-ano-ii-numero-3-primavera-2024\/"]}]},{"@type":"ImageObject","inLanguage":"en-US","@id":"https:\/\/www.rmcr.org\/en\/2024\/03\/20\/centro-de-estudios-de-la-nobleza-newsletter-ano-ii-numero-3-primavera-2024\/#primaryimage","url":"https:\/\/www.rmcr.org\/wp-content\/uploads\/2024\/07\/AfC27-n16-026-dest.jpg","contentUrl":"https:\/\/www.rmcr.org\/wp-content\/uploads\/2024\/07\/AfC27-n16-026-dest.jpg","width":1200,"height":680},{"@type":"BreadcrumbList","@id":"https:\/\/www.rmcr.org\/en\/2024\/03\/20\/centro-de-estudios-de-la-nobleza-newsletter-ano-ii-numero-3-primavera-2024\/#breadcrumb","itemListElement":[{"@type":"ListItem","position":1,"name":"REAL MAESTRANZA DE CABALLER\u00cdA DE RONDA","item":"https:\/\/www.rmcr.org\/en\/"},{"@type":"ListItem","position":2,"name":"Centro de Estudios de la Nobleza. Newsletter. A\u00f1o II, n\u00famero 3, primavera 2024."}]},{"@type":"WebSite","@id":"https:\/\/www.rmcr.org\/en\/#website","url":"https:\/\/www.rmcr.org\/en\/","name":"Real Maestranza de Caballer\u00eda de Ronda","description":"Real Maestranza de Caballer\u00eda de Ronda","publisher":{"@id":"https:\/\/www.rmcr.org\/en\/#organization"},"alternateName":"RMCR","potentialAction":[{"@type":"SearchAction","target":{"@type":"EntryPoint","urlTemplate":"https:\/\/www.rmcr.org\/en\/?s={search_term_string}"},"query-input":{"@type":"PropertyValueSpecification","valueRequired":true,"valueName":"search_term_string"}}],"inLanguage":"en-US"},{"@type":"Organization","@id":"https:\/\/www.rmcr.org\/en\/#organization","name":"Real Maestranza de Caballer\u00eda de Ronda","alternateName":"RMR","url":"https:\/\/www.rmcr.org\/en\/","logo":{"@type":"ImageObject","inLanguage":"en-US","@id":"https:\/\/www.rmcr.org\/en\/#\/schema\/logo\/image\/","url":"https:\/\/www.rmcr.org\/wp-content\/uploads\/2022\/07\/logo-rmr-blue.svg","contentUrl":"https:\/\/www.rmcr.org\/wp-content\/uploads\/2022\/07\/logo-rmr-blue.svg","width":131,"height":129,"caption":"Real Maestranza de Caballer\u00eda de Ronda"},"image":{"@id":"https:\/\/www.rmcr.org\/en\/#\/schema\/logo\/image\/"},"sameAs":["https:\/\/www.facebook.com\/plazadetorosronda","https:\/\/x.com\/PlazatorosRMR","https:\/\/www.instagram.com\/realmaestranzaderonda\/","https:\/\/www.youtube.com\/channel\/UCrbO5IUN-8v_QML739vM4zg\/videos"]},{"@type":"Person","@id":"https:\/\/www.rmcr.org\/en\/#\/schema\/person\/80849edee7ef556893505128619ea1d0","name":"BIBLIOTECA","image":{"@type":"ImageObject","inLanguage":"en-US","@id":"https:\/\/www.rmcr.org\/wp-content\/uploads\/2022\/11\/avatar-rmcr-96x96.png","url":"https:\/\/www.rmcr.org\/wp-content\/uploads\/2022\/11\/avatar-rmcr-96x96.png","contentUrl":"https:\/\/www.rmcr.org\/wp-content\/uploads\/2022\/11\/avatar-rmcr-96x96.png","caption":"BIBLIOTECA"},"url":"https:\/\/www.rmcr.org\/en\/author\/juan-antonio-moreno\/"}]}},"_links":{"self":[{"href":"https:\/\/www.rmcr.org\/en\/wp-json\/wp\/v2\/posts\/21018","targetHints":{"allow":["GET"]}}],"collection":[{"href":"https:\/\/www.rmcr.org\/en\/wp-json\/wp\/v2\/posts"}],"about":[{"href":"https:\/\/www.rmcr.org\/en\/wp-json\/wp\/v2\/types\/post"}],"author":[{"embeddable":true,"href":"https:\/\/www.rmcr.org\/en\/wp-json\/wp\/v2\/users\/2"}],"replies":[{"embeddable":true,"href":"https:\/\/www.rmcr.org\/en\/wp-json\/wp\/v2\/comments?post=21018"}],"version-history":[{"count":22,"href":"https:\/\/www.rmcr.org\/en\/wp-json\/wp\/v2\/posts\/21018\/revisions"}],"predecessor-version":[{"id":22534,"href":"https:\/\/www.rmcr.org\/en\/wp-json\/wp\/v2\/posts\/21018\/revisions\/22534"}],"wp:featuredmedia":[{"embeddable":true,"href":"https:\/\/www.rmcr.org\/en\/wp-json\/wp\/v2\/media\/21111"}],"wp:attachment":[{"href":"https:\/\/www.rmcr.org\/en\/wp-json\/wp\/v2\/media?parent=21018"}],"wp:term":[{"taxonomy":"category","embeddable":true,"href":"https:\/\/www.rmcr.org\/en\/wp-json\/wp\/v2\/categories?post=21018"},{"taxonomy":"post_tag","embeddable":true,"href":"https:\/\/www.rmcr.org\/en\/wp-json\/wp\/v2\/tags?post=21018"}],"curies":[{"name":"wp","href":"https:\/\/api.w.org\/{rel}","templated":true}]}}