{"id":20278,"date":"2024-03-15T12:40:40","date_gmt":"2024-03-15T12:40:40","guid":{"rendered":"https:\/\/www.rmcr.org\/?p=20278"},"modified":"2025-04-03T17:21:18","modified_gmt":"2025-04-03T17:21:18","slug":"acto-de-presentacion-del-libro-el-choque-ideal-de-jose-maria-herrera-y-james-boyd","status":"publish","type":"post","link":"https:\/\/www.rmcr.org\/en\/2024\/03\/15\/acto-de-presentacion-del-libro-el-choque-ideal-de-jose-maria-herrera-y-james-boyd\/","title":{"rendered":"Acto de presentaci\u00f3n del libro \u00abEl choque ideal\u00bb de Jos\u00e9 Mar\u00eda Herrera y James Boyd"},"content":{"rendered":"\t\t<div data-elementor-type=\"wp-post\" data-elementor-id=\"20278\" class=\"elementor elementor-20278\" data-elementor-post-type=\"post\">\n\t\t\t\t\t\t<section class=\"elementor-section elementor-top-section elementor-element elementor-element-7aba257 elementor-section-boxed elementor-section-height-default elementor-section-height-default\" data-id=\"7aba257\" data-element_type=\"section\" data-e-type=\"section\">\n\t\t\t\t\t\t<div class=\"elementor-container elementor-column-gap-default\">\n\t\t\t\t\t<div class=\"elementor-column elementor-col-100 elementor-top-column elementor-element elementor-element-0616016\" data-id=\"0616016\" data-element_type=\"column\" data-e-type=\"column\">\n\t\t\t<div class=\"elementor-widget-wrap elementor-element-populated\">\n\t\t\t\t\t\t<div class=\"elementor-element elementor-element-edba8bc elementor-widget elementor-widget-text-editor\" data-id=\"edba8bc\" data-element_type=\"widget\" data-e-type=\"widget\" data-widget_type=\"text-editor.default\">\n\t\t\t\t<div class=\"elementor-widget-container\">\n\t\t\t\t\t\t\t\t\t<p><span style=\"color: #333333;\">El jueves 14 de marzo en el Sal\u00f3n de Grados se present\u00f3 el libro\u00a0<\/span><i style=\"color: #333333;\">El choque ideal<\/i><span style=\"color: #333333;\">\u00a0por el escritor y fil\u00f3sofo Jos\u00e9 Mar\u00eda Herrera y el fot\u00f3grafo James Boyd. El acto moderado por Isabel Colomina, cont\u00f3 con la intervinieron de su editor Francisco Javier Torres -Eda Libros- y de Flavio Salesi, \u201cide\u00f3logo del libro\u201d.<\/span><\/p><p>Isabel Colomina, tras esbozar las biograf\u00edas de los autores, destac\u00f3 la \u201cotra Ronda\u201d de la que habla el libro, m\u00e1s all\u00e1 de su imagen de postal, como la ciudad que consigue atraer a personas relevantes. Destac\u00f3 a la propia selecci\u00f3n de su contenido como una \u201cdeclaraci\u00f3n de principios y una mirada de futuro\u201d.<\/p><p>El libro, que parti\u00f3 de la idea de no ser \u201cuna gu\u00eda tur\u00edstica, ni una cr\u00f3nica hist\u00f3rica, ni un reportaje period\u00edstico\u201d, es una aproximaci\u00f3n literaria a personajes afincados en Ronda, a lugares relevantes y a viejas instituciones como la Real Maestranza \u201cque intentan hacer cosas nuevas que no siempre son conocidas\u201d. En definitiva, su autor ha escrito un libro \u201cno mejor sino diferente\u201d para \u201cver Ronda con otros ojos\u201d.<\/p><p>Posteriormente, James Boyd es la primera vez que trabaja como autor gr\u00e1fico de un libro donde ha tenido el desaf\u00edo de \u201cponer cara\u201d a los textos de Herrera. Cerr\u00f3 el acto la intervenci\u00f3n de Paco Torres destacando que ley\u00f3 el libro de forma externa y esto le ha llevado a descubrir una \u201cRonda extraordinaria\u201d.<\/p>\t\t\t\t\t\t\t\t<\/div>\n\t\t\t\t<\/div>\n\t\t\t\t\t<\/div>\n\t\t<\/div>\n\t\t\t\t\t<\/div>\n\t\t<\/section>\n\t\t\t\t<section class=\"elementor-section elementor-top-section elementor-element elementor-element-7eda841 elementor-section-boxed elementor-section-height-default elementor-section-height-default\" data-id=\"7eda841\" data-element_type=\"section\" data-e-type=\"section\">\n\t\t\t\t\t\t<div class=\"elementor-container elementor-column-gap-default\">\n\t\t\t\t\t<div class=\"elementor-column elementor-col-100 elementor-top-column elementor-element elementor-element-eae655d\" data-id=\"eae655d\" data-element_type=\"column\" data-e-type=\"column\">\n\t\t\t<div class=\"elementor-widget-wrap elementor-element-populated\">\n\t\t\t\t\t\t<div class=\"elementor-element elementor-element-b7b0ee5 elementor-widget elementor-widget-image\" data-id=\"b7b0ee5\" data-element_type=\"widget\" data-e-type=\"widget\" data-widget_type=\"image.default\">\n\t\t\t\t<div class=\"elementor-widget-container\">\n\t\t\t\t\t\t\t\t\t\t\t\t\t\t\t<img fetchpriority=\"high\" decoding=\"async\" width=\"768\" height=\"512\" src=\"https:\/\/www.rmcr.org\/wp-content\/uploads\/2024\/03\/DSC_4379-768x512.png\" class=\"attachment-medium_large size-medium_large wp-image-20286\" alt=\"\" srcset=\"https:\/\/www.rmcr.org\/wp-content\/uploads\/2024\/03\/DSC_4379-768x512.png 768w, https:\/\/www.rmcr.org\/wp-content\/uploads\/2024\/03\/DSC_4379-300x200.png 300w, https:\/\/www.rmcr.org\/wp-content\/uploads\/2024\/03\/DSC_4379-1024x683.png 1024w, https:\/\/www.rmcr.org\/wp-content\/uploads\/2024\/03\/DSC_4379-1536x1024.png 1536w, https:\/\/www.rmcr.org\/wp-content\/uploads\/2024\/03\/DSC_4379-2048x1366.png 2048w\" sizes=\"(max-width: 768px) 100vw, 768px\" \/>\t\t\t\t\t\t\t\t\t\t\t\t\t\t\t<\/div>\n\t\t\t\t<\/div>\n\t\t\t\t\t<\/div>\n\t\t<\/div>\n\t\t\t\t\t<\/div>\n\t\t<\/section>\n\t\t\t\t<section class=\"elementor-section elementor-top-section elementor-element elementor-element-f715257 elementor-section-boxed elementor-section-height-default elementor-section-height-default\" data-id=\"f715257\" data-element_type=\"section\" data-e-type=\"section\">\n\t\t\t\t\t\t<div class=\"elementor-container elementor-column-gap-default\">\n\t\t\t\t\t<div class=\"elementor-column elementor-col-100 elementor-top-column elementor-element elementor-element-df0a7e2\" data-id=\"df0a7e2\" data-element_type=\"column\" data-e-type=\"column\">\n\t\t\t<div class=\"elementor-widget-wrap elementor-element-populated\">\n\t\t\t\t\t\t<div class=\"elementor-element elementor-element-28d82fb elementor-widget elementor-widget-image\" data-id=\"28d82fb\" data-element_type=\"widget\" data-e-type=\"widget\" data-widget_type=\"image.default\">\n\t\t\t\t<div class=\"elementor-widget-container\">\n\t\t\t\t\t\t\t\t\t\t\t\t\t\t\t<img decoding=\"async\" width=\"768\" height=\"512\" src=\"https:\/\/www.rmcr.org\/wp-content\/uploads\/2024\/03\/DSC_4490-768x512.png\" class=\"attachment-medium_large size-medium_large wp-image-20292\" alt=\"\" srcset=\"https:\/\/www.rmcr.org\/wp-content\/uploads\/2024\/03\/DSC_4490-768x512.png 768w, https:\/\/www.rmcr.org\/wp-content\/uploads\/2024\/03\/DSC_4490-300x200.png 300w, https:\/\/www.rmcr.org\/wp-content\/uploads\/2024\/03\/DSC_4490-1024x683.png 1024w, https:\/\/www.rmcr.org\/wp-content\/uploads\/2024\/03\/DSC_4490-1536x1024.png 1536w, https:\/\/www.rmcr.org\/wp-content\/uploads\/2024\/03\/DSC_4490-2048x1366.png 2048w\" sizes=\"(max-width: 768px) 100vw, 768px\" \/>\t\t\t\t\t\t\t\t\t\t\t\t\t\t\t<\/div>\n\t\t\t\t<\/div>\n\t\t\t\t\t<\/div>\n\t\t<\/div>\n\t\t\t\t\t<\/div>\n\t\t<\/section>\n\t\t\t\t<\/div>\n\t\t","protected":false},"excerpt":{"rendered":"<p>\u00abLa presentaci\u00f3n del libr\u00f3 se celebr\u00f3 el jueves 14 de marzo en el Sal\u00f3n de Grados de la Real Maestranza, con una conversaci\u00f3n entre los autores de la obra, Jos\u00e9 Mar\u00eda Herrera, James Boyd, y la moderadora Isabel Colomina\u00bb<\/p>\n","protected":false},"author":2,"featured_media":20279,"comment_status":"open","ping_status":"open","sticky":false,"template":"","format":"standard","meta":{"footnotes":""},"categories":[140,193],"tags":[105,143,808,742,741,137,114],"class_list":["post-20278","post","type-post","status-publish","format-standard","has-post-thumbnail","hentry","category-biblioteca","category-presentaciones","tag-biblioteca-general","tag-fotografias","tag-isabel-colomina","tag-james-boyd","tag-jose-maria-herrera","tag-libros","tag-ronda"],"yoast_head":"<!-- This site is optimized with the Yoast SEO plugin v27.5 - https:\/\/yoast.com\/product\/yoast-seo-wordpress\/ -->\n<title>Acto de presentaci\u00f3n del libro \u00abEl choque ideal\u00bb de Jos\u00e9 Mar\u00eda Herrera y James Boyd - Real Maestranza de Caballer\u00eda de Ronda<\/title>\n<meta name=\"robots\" content=\"index, follow, max-snippet:-1, max-image-preview:large, max-video-preview:-1\" \/>\n<link rel=\"canonical\" href=\"https:\/\/www.rmcr.org\/en\/2024\/03\/15\/acto-de-presentacion-del-libro-el-choque-ideal-de-jose-maria-herrera-y-james-boyd\/\" \/>\n<meta property=\"og:locale\" content=\"en_US\" \/>\n<meta property=\"og:type\" content=\"article\" \/>\n<meta property=\"og:title\" content=\"Acto de presentaci\u00f3n del libro \u00abEl choque ideal\u00bb de Jos\u00e9 Mar\u00eda Herrera y James Boyd - Real Maestranza de Caballer\u00eda de Ronda\" \/>\n<meta property=\"og:description\" content=\"\u00abLa presentaci\u00f3n del libr\u00f3 se celebr\u00f3 el jueves 14 de marzo en el Sal\u00f3n de Grados de la Real Maestranza, con una conversaci\u00f3n entre los autores de la obra, Jos\u00e9 Mar\u00eda Herrera, James Boyd, y la moderadora Isabel Colomina\u00bb\" \/>\n<meta property=\"og:url\" content=\"https:\/\/www.rmcr.org\/en\/2024\/03\/15\/acto-de-presentacion-del-libro-el-choque-ideal-de-jose-maria-herrera-y-james-boyd\/\" \/>\n<meta property=\"og:site_name\" content=\"Real Maestranza de Caballer\u00eda de Ronda\" \/>\n<meta property=\"article:publisher\" content=\"https:\/\/www.facebook.com\/plazadetorosronda\" \/>\n<meta property=\"article:published_time\" content=\"2024-03-15T12:40:40+00:00\" \/>\n<meta property=\"article:modified_time\" content=\"2025-04-03T17:21:18+00:00\" \/>\n<meta property=\"og:image\" content=\"https:\/\/www.rmcr.org\/wp-content\/uploads\/2024\/03\/Portada-Libro.png\" \/>\n\t<meta property=\"og:image:width\" content=\"1024\" \/>\n\t<meta property=\"og:image:height\" content=\"303\" \/>\n\t<meta property=\"og:image:type\" content=\"image\/png\" \/>\n<meta name=\"author\" content=\"BIBLIOTECA\" \/>\n<meta name=\"twitter:card\" content=\"summary_large_image\" \/>\n<meta name=\"twitter:creator\" content=\"@PlazatorosRMR\" \/>\n<meta name=\"twitter:site\" content=\"@PlazatorosRMR\" \/>\n<meta name=\"twitter:label1\" content=\"Written by\" \/>\n\t<meta name=\"twitter:data1\" content=\"BIBLIOTECA\" \/>\n\t<meta name=\"twitter:label2\" content=\"Est. reading time\" \/>\n\t<meta name=\"twitter:data2\" content=\"2 minutes\" \/>\n<script type=\"application\/ld+json\" class=\"yoast-schema-graph\">{\"@context\":\"https:\\\/\\\/schema.org\",\"@graph\":[{\"@type\":\"Article\",\"@id\":\"https:\\\/\\\/www.rmcr.org\\\/en\\\/2024\\\/03\\\/15\\\/acto-de-presentacion-del-libro-el-choque-ideal-de-jose-maria-herrera-y-james-boyd\\\/#article\",\"isPartOf\":{\"@id\":\"https:\\\/\\\/www.rmcr.org\\\/en\\\/2024\\\/03\\\/15\\\/acto-de-presentacion-del-libro-el-choque-ideal-de-jose-maria-herrera-y-james-boyd\\\/\"},\"author\":{\"name\":\"BIBLIOTECA\",\"@id\":\"https:\\\/\\\/www.rmcr.org\\\/en\\\/#\\\/schema\\\/person\\\/80849edee7ef556893505128619ea1d0\"},\"headline\":\"Acto de presentaci\u00f3n del libro \u00abEl choque ideal\u00bb de Jos\u00e9 Mar\u00eda Herrera y James Boyd\",\"datePublished\":\"2024-03-15T12:40:40+00:00\",\"dateModified\":\"2025-04-03T17:21:18+00:00\",\"mainEntityOfPage\":{\"@id\":\"https:\\\/\\\/www.rmcr.org\\\/en\\\/2024\\\/03\\\/15\\\/acto-de-presentacion-del-libro-el-choque-ideal-de-jose-maria-herrera-y-james-boyd\\\/\"},\"wordCount\":265,\"commentCount\":0,\"publisher\":{\"@id\":\"https:\\\/\\\/www.rmcr.org\\\/en\\\/#organization\"},\"image\":{\"@id\":\"https:\\\/\\\/www.rmcr.org\\\/en\\\/2024\\\/03\\\/15\\\/acto-de-presentacion-del-libro-el-choque-ideal-de-jose-maria-herrera-y-james-boyd\\\/#primaryimage\"},\"thumbnailUrl\":\"https:\\\/\\\/www.rmcr.org\\\/wp-content\\\/uploads\\\/2024\\\/03\\\/Portada-Libro.png\",\"keywords\":[\"Biblioteca\",\"Fotograf\u00edas\",\"Isabel Colomina\",\"James Boyd\",\"Jos\u00e9 Mar\u00eda Herrera\",\"Libros\",\"Ronda\"],\"articleSection\":[\"Biblioteca\",\"Presentaciones\"],\"inLanguage\":\"en-US\",\"potentialAction\":[{\"@type\":\"CommentAction\",\"name\":\"Comment\",\"target\":[\"https:\\\/\\\/www.rmcr.org\\\/en\\\/2024\\\/03\\\/15\\\/acto-de-presentacion-del-libro-el-choque-ideal-de-jose-maria-herrera-y-james-boyd\\\/#respond\"]}]},{\"@type\":\"WebPage\",\"@id\":\"https:\\\/\\\/www.rmcr.org\\\/en\\\/2024\\\/03\\\/15\\\/acto-de-presentacion-del-libro-el-choque-ideal-de-jose-maria-herrera-y-james-boyd\\\/\",\"url\":\"https:\\\/\\\/www.rmcr.org\\\/en\\\/2024\\\/03\\\/15\\\/acto-de-presentacion-del-libro-el-choque-ideal-de-jose-maria-herrera-y-james-boyd\\\/\",\"name\":\"Acto de presentaci\u00f3n del libro \u00abEl choque ideal\u00bb de Jos\u00e9 Mar\u00eda Herrera y James Boyd - Real Maestranza de Caballer\u00eda de Ronda\",\"isPartOf\":{\"@id\":\"https:\\\/\\\/www.rmcr.org\\\/en\\\/#website\"},\"primaryImageOfPage\":{\"@id\":\"https:\\\/\\\/www.rmcr.org\\\/en\\\/2024\\\/03\\\/15\\\/acto-de-presentacion-del-libro-el-choque-ideal-de-jose-maria-herrera-y-james-boyd\\\/#primaryimage\"},\"image\":{\"@id\":\"https:\\\/\\\/www.rmcr.org\\\/en\\\/2024\\\/03\\\/15\\\/acto-de-presentacion-del-libro-el-choque-ideal-de-jose-maria-herrera-y-james-boyd\\\/#primaryimage\"},\"thumbnailUrl\":\"https:\\\/\\\/www.rmcr.org\\\/wp-content\\\/uploads\\\/2024\\\/03\\\/Portada-Libro.png\",\"datePublished\":\"2024-03-15T12:40:40+00:00\",\"dateModified\":\"2025-04-03T17:21:18+00:00\",\"breadcrumb\":{\"@id\":\"https:\\\/\\\/www.rmcr.org\\\/en\\\/2024\\\/03\\\/15\\\/acto-de-presentacion-del-libro-el-choque-ideal-de-jose-maria-herrera-y-james-boyd\\\/#breadcrumb\"},\"inLanguage\":\"en-US\",\"potentialAction\":[{\"@type\":\"ReadAction\",\"target\":[\"https:\\\/\\\/www.rmcr.org\\\/en\\\/2024\\\/03\\\/15\\\/acto-de-presentacion-del-libro-el-choque-ideal-de-jose-maria-herrera-y-james-boyd\\\/\"]}]},{\"@type\":\"ImageObject\",\"inLanguage\":\"en-US\",\"@id\":\"https:\\\/\\\/www.rmcr.org\\\/en\\\/2024\\\/03\\\/15\\\/acto-de-presentacion-del-libro-el-choque-ideal-de-jose-maria-herrera-y-james-boyd\\\/#primaryimage\",\"url\":\"https:\\\/\\\/www.rmcr.org\\\/wp-content\\\/uploads\\\/2024\\\/03\\\/Portada-Libro.png\",\"contentUrl\":\"https:\\\/\\\/www.rmcr.org\\\/wp-content\\\/uploads\\\/2024\\\/03\\\/Portada-Libro.png\",\"width\":1024,\"height\":303},{\"@type\":\"BreadcrumbList\",\"@id\":\"https:\\\/\\\/www.rmcr.org\\\/en\\\/2024\\\/03\\\/15\\\/acto-de-presentacion-del-libro-el-choque-ideal-de-jose-maria-herrera-y-james-boyd\\\/#breadcrumb\",\"itemListElement\":[{\"@type\":\"ListItem\",\"position\":1,\"name\":\"REAL MAESTRANZA DE CABALLER\u00cdA DE RONDA\",\"item\":\"https:\\\/\\\/www.rmcr.org\\\/en\\\/\"},{\"@type\":\"ListItem\",\"position\":2,\"name\":\"Acto de presentaci\u00f3n del libro \u00abEl choque ideal\u00bb de Jos\u00e9 Mar\u00eda Herrera y James Boyd\"}]},{\"@type\":\"WebSite\",\"@id\":\"https:\\\/\\\/www.rmcr.org\\\/en\\\/#website\",\"url\":\"https:\\\/\\\/www.rmcr.org\\\/en\\\/\",\"name\":\"Real Maestranza de Caballer\u00eda de Ronda\",\"description\":\"Real Maestranza de Caballer\u00eda de Ronda\",\"publisher\":{\"@id\":\"https:\\\/\\\/www.rmcr.org\\\/en\\\/#organization\"},\"alternateName\":\"RMCR\",\"potentialAction\":[{\"@type\":\"SearchAction\",\"target\":{\"@type\":\"EntryPoint\",\"urlTemplate\":\"https:\\\/\\\/www.rmcr.org\\\/en\\\/?s={search_term_string}\"},\"query-input\":{\"@type\":\"PropertyValueSpecification\",\"valueRequired\":true,\"valueName\":\"search_term_string\"}}],\"inLanguage\":\"en-US\"},{\"@type\":\"Organization\",\"@id\":\"https:\\\/\\\/www.rmcr.org\\\/en\\\/#organization\",\"name\":\"Real Maestranza de Caballer\u00eda de Ronda\",\"alternateName\":\"RMR\",\"url\":\"https:\\\/\\\/www.rmcr.org\\\/en\\\/\",\"logo\":{\"@type\":\"ImageObject\",\"inLanguage\":\"en-US\",\"@id\":\"https:\\\/\\\/www.rmcr.org\\\/en\\\/#\\\/schema\\\/logo\\\/image\\\/\",\"url\":\"https:\\\/\\\/www.rmcr.org\\\/wp-content\\\/uploads\\\/2022\\\/07\\\/logo-rmr-blue.svg\",\"contentUrl\":\"https:\\\/\\\/www.rmcr.org\\\/wp-content\\\/uploads\\\/2022\\\/07\\\/logo-rmr-blue.svg\",\"width\":131,\"height\":129,\"caption\":\"Real Maestranza de Caballer\u00eda de Ronda\"},\"image\":{\"@id\":\"https:\\\/\\\/www.rmcr.org\\\/en\\\/#\\\/schema\\\/logo\\\/image\\\/\"},\"sameAs\":[\"https:\\\/\\\/www.facebook.com\\\/plazadetorosronda\",\"https:\\\/\\\/x.com\\\/PlazatorosRMR\",\"https:\\\/\\\/www.instagram.com\\\/realmaestranzaderonda\\\/\",\"https:\\\/\\\/www.youtube.com\\\/channel\\\/UCrbO5IUN-8v_QML739vM4zg\\\/videos\"]},{\"@type\":\"Person\",\"@id\":\"https:\\\/\\\/www.rmcr.org\\\/en\\\/#\\\/schema\\\/person\\\/80849edee7ef556893505128619ea1d0\",\"name\":\"BIBLIOTECA\",\"image\":{\"@type\":\"ImageObject\",\"inLanguage\":\"en-US\",\"@id\":\"https:\\\/\\\/www.rmcr.org\\\/wp-content\\\/uploads\\\/2022\\\/11\\\/avatar-rmcr-96x96.png\",\"url\":\"https:\\\/\\\/www.rmcr.org\\\/wp-content\\\/uploads\\\/2022\\\/11\\\/avatar-rmcr-96x96.png\",\"contentUrl\":\"https:\\\/\\\/www.rmcr.org\\\/wp-content\\\/uploads\\\/2022\\\/11\\\/avatar-rmcr-96x96.png\",\"caption\":\"BIBLIOTECA\"},\"url\":\"https:\\\/\\\/www.rmcr.org\\\/en\\\/author\\\/juan-antonio-moreno\\\/\"}]}<\/script>\n<!-- \/ Yoast SEO plugin. -->","yoast_head_json":{"title":"Acto de presentaci\u00f3n del libro \u00abEl choque ideal\u00bb de Jos\u00e9 Mar\u00eda Herrera y James Boyd - Real Maestranza de Caballer\u00eda de Ronda","robots":{"index":"index","follow":"follow","max-snippet":"max-snippet:-1","max-image-preview":"max-image-preview:large","max-video-preview":"max-video-preview:-1"},"canonical":"https:\/\/www.rmcr.org\/en\/2024\/03\/15\/acto-de-presentacion-del-libro-el-choque-ideal-de-jose-maria-herrera-y-james-boyd\/","og_locale":"en_US","og_type":"article","og_title":"Acto de presentaci\u00f3n del libro \u00abEl choque ideal\u00bb de Jos\u00e9 Mar\u00eda Herrera y James Boyd - Real Maestranza de Caballer\u00eda de Ronda","og_description":"\u00abLa presentaci\u00f3n del libr\u00f3 se celebr\u00f3 el jueves 14 de marzo en el Sal\u00f3n de Grados de la Real Maestranza, con una conversaci\u00f3n entre los autores de la obra, Jos\u00e9 Mar\u00eda Herrera, James Boyd, y la moderadora Isabel Colomina\u00bb","og_url":"https:\/\/www.rmcr.org\/en\/2024\/03\/15\/acto-de-presentacion-del-libro-el-choque-ideal-de-jose-maria-herrera-y-james-boyd\/","og_site_name":"Real Maestranza de Caballer\u00eda de Ronda","article_publisher":"https:\/\/www.facebook.com\/plazadetorosronda","article_published_time":"2024-03-15T12:40:40+00:00","article_modified_time":"2025-04-03T17:21:18+00:00","og_image":[{"width":1024,"height":303,"url":"https:\/\/www.rmcr.org\/wp-content\/uploads\/2024\/03\/Portada-Libro.png","type":"image\/png"}],"author":"BIBLIOTECA","twitter_card":"summary_large_image","twitter_creator":"@PlazatorosRMR","twitter_site":"@PlazatorosRMR","twitter_misc":{"Written by":"BIBLIOTECA","Est. reading time":"2 minutes"},"schema":{"@context":"https:\/\/schema.org","@graph":[{"@type":"Article","@id":"https:\/\/www.rmcr.org\/en\/2024\/03\/15\/acto-de-presentacion-del-libro-el-choque-ideal-de-jose-maria-herrera-y-james-boyd\/#article","isPartOf":{"@id":"https:\/\/www.rmcr.org\/en\/2024\/03\/15\/acto-de-presentacion-del-libro-el-choque-ideal-de-jose-maria-herrera-y-james-boyd\/"},"author":{"name":"BIBLIOTECA","@id":"https:\/\/www.rmcr.org\/en\/#\/schema\/person\/80849edee7ef556893505128619ea1d0"},"headline":"Acto de presentaci\u00f3n del libro \u00abEl choque ideal\u00bb de Jos\u00e9 Mar\u00eda Herrera y James Boyd","datePublished":"2024-03-15T12:40:40+00:00","dateModified":"2025-04-03T17:21:18+00:00","mainEntityOfPage":{"@id":"https:\/\/www.rmcr.org\/en\/2024\/03\/15\/acto-de-presentacion-del-libro-el-choque-ideal-de-jose-maria-herrera-y-james-boyd\/"},"wordCount":265,"commentCount":0,"publisher":{"@id":"https:\/\/www.rmcr.org\/en\/#organization"},"image":{"@id":"https:\/\/www.rmcr.org\/en\/2024\/03\/15\/acto-de-presentacion-del-libro-el-choque-ideal-de-jose-maria-herrera-y-james-boyd\/#primaryimage"},"thumbnailUrl":"https:\/\/www.rmcr.org\/wp-content\/uploads\/2024\/03\/Portada-Libro.png","keywords":["Biblioteca","Fotograf\u00edas","Isabel Colomina","James Boyd","Jos\u00e9 Mar\u00eda Herrera","Libros","Ronda"],"articleSection":["Biblioteca","Presentaciones"],"inLanguage":"en-US","potentialAction":[{"@type":"CommentAction","name":"Comment","target":["https:\/\/www.rmcr.org\/en\/2024\/03\/15\/acto-de-presentacion-del-libro-el-choque-ideal-de-jose-maria-herrera-y-james-boyd\/#respond"]}]},{"@type":"WebPage","@id":"https:\/\/www.rmcr.org\/en\/2024\/03\/15\/acto-de-presentacion-del-libro-el-choque-ideal-de-jose-maria-herrera-y-james-boyd\/","url":"https:\/\/www.rmcr.org\/en\/2024\/03\/15\/acto-de-presentacion-del-libro-el-choque-ideal-de-jose-maria-herrera-y-james-boyd\/","name":"Acto de presentaci\u00f3n del libro \u00abEl choque ideal\u00bb de Jos\u00e9 Mar\u00eda Herrera y James Boyd - Real Maestranza de Caballer\u00eda de Ronda","isPartOf":{"@id":"https:\/\/www.rmcr.org\/en\/#website"},"primaryImageOfPage":{"@id":"https:\/\/www.rmcr.org\/en\/2024\/03\/15\/acto-de-presentacion-del-libro-el-choque-ideal-de-jose-maria-herrera-y-james-boyd\/#primaryimage"},"image":{"@id":"https:\/\/www.rmcr.org\/en\/2024\/03\/15\/acto-de-presentacion-del-libro-el-choque-ideal-de-jose-maria-herrera-y-james-boyd\/#primaryimage"},"thumbnailUrl":"https:\/\/www.rmcr.org\/wp-content\/uploads\/2024\/03\/Portada-Libro.png","datePublished":"2024-03-15T12:40:40+00:00","dateModified":"2025-04-03T17:21:18+00:00","breadcrumb":{"@id":"https:\/\/www.rmcr.org\/en\/2024\/03\/15\/acto-de-presentacion-del-libro-el-choque-ideal-de-jose-maria-herrera-y-james-boyd\/#breadcrumb"},"inLanguage":"en-US","potentialAction":[{"@type":"ReadAction","target":["https:\/\/www.rmcr.org\/en\/2024\/03\/15\/acto-de-presentacion-del-libro-el-choque-ideal-de-jose-maria-herrera-y-james-boyd\/"]}]},{"@type":"ImageObject","inLanguage":"en-US","@id":"https:\/\/www.rmcr.org\/en\/2024\/03\/15\/acto-de-presentacion-del-libro-el-choque-ideal-de-jose-maria-herrera-y-james-boyd\/#primaryimage","url":"https:\/\/www.rmcr.org\/wp-content\/uploads\/2024\/03\/Portada-Libro.png","contentUrl":"https:\/\/www.rmcr.org\/wp-content\/uploads\/2024\/03\/Portada-Libro.png","width":1024,"height":303},{"@type":"BreadcrumbList","@id":"https:\/\/www.rmcr.org\/en\/2024\/03\/15\/acto-de-presentacion-del-libro-el-choque-ideal-de-jose-maria-herrera-y-james-boyd\/#breadcrumb","itemListElement":[{"@type":"ListItem","position":1,"name":"REAL MAESTRANZA DE CABALLER\u00cdA DE RONDA","item":"https:\/\/www.rmcr.org\/en\/"},{"@type":"ListItem","position":2,"name":"Acto de presentaci\u00f3n del libro \u00abEl choque ideal\u00bb de Jos\u00e9 Mar\u00eda Herrera y James Boyd"}]},{"@type":"WebSite","@id":"https:\/\/www.rmcr.org\/en\/#website","url":"https:\/\/www.rmcr.org\/en\/","name":"Real Maestranza de Caballer\u00eda de Ronda","description":"Real Maestranza de Caballer\u00eda de Ronda","publisher":{"@id":"https:\/\/www.rmcr.org\/en\/#organization"},"alternateName":"RMCR","potentialAction":[{"@type":"SearchAction","target":{"@type":"EntryPoint","urlTemplate":"https:\/\/www.rmcr.org\/en\/?s={search_term_string}"},"query-input":{"@type":"PropertyValueSpecification","valueRequired":true,"valueName":"search_term_string"}}],"inLanguage":"en-US"},{"@type":"Organization","@id":"https:\/\/www.rmcr.org\/en\/#organization","name":"Real Maestranza de Caballer\u00eda de Ronda","alternateName":"RMR","url":"https:\/\/www.rmcr.org\/en\/","logo":{"@type":"ImageObject","inLanguage":"en-US","@id":"https:\/\/www.rmcr.org\/en\/#\/schema\/logo\/image\/","url":"https:\/\/www.rmcr.org\/wp-content\/uploads\/2022\/07\/logo-rmr-blue.svg","contentUrl":"https:\/\/www.rmcr.org\/wp-content\/uploads\/2022\/07\/logo-rmr-blue.svg","width":131,"height":129,"caption":"Real Maestranza de Caballer\u00eda de Ronda"},"image":{"@id":"https:\/\/www.rmcr.org\/en\/#\/schema\/logo\/image\/"},"sameAs":["https:\/\/www.facebook.com\/plazadetorosronda","https:\/\/x.com\/PlazatorosRMR","https:\/\/www.instagram.com\/realmaestranzaderonda\/","https:\/\/www.youtube.com\/channel\/UCrbO5IUN-8v_QML739vM4zg\/videos"]},{"@type":"Person","@id":"https:\/\/www.rmcr.org\/en\/#\/schema\/person\/80849edee7ef556893505128619ea1d0","name":"BIBLIOTECA","image":{"@type":"ImageObject","inLanguage":"en-US","@id":"https:\/\/www.rmcr.org\/wp-content\/uploads\/2022\/11\/avatar-rmcr-96x96.png","url":"https:\/\/www.rmcr.org\/wp-content\/uploads\/2022\/11\/avatar-rmcr-96x96.png","contentUrl":"https:\/\/www.rmcr.org\/wp-content\/uploads\/2022\/11\/avatar-rmcr-96x96.png","caption":"BIBLIOTECA"},"url":"https:\/\/www.rmcr.org\/en\/author\/juan-antonio-moreno\/"}]}},"_links":{"self":[{"href":"https:\/\/www.rmcr.org\/en\/wp-json\/wp\/v2\/posts\/20278","targetHints":{"allow":["GET"]}}],"collection":[{"href":"https:\/\/www.rmcr.org\/en\/wp-json\/wp\/v2\/posts"}],"about":[{"href":"https:\/\/www.rmcr.org\/en\/wp-json\/wp\/v2\/types\/post"}],"author":[{"embeddable":true,"href":"https:\/\/www.rmcr.org\/en\/wp-json\/wp\/v2\/users\/2"}],"replies":[{"embeddable":true,"href":"https:\/\/www.rmcr.org\/en\/wp-json\/wp\/v2\/comments?post=20278"}],"version-history":[{"count":20,"href":"https:\/\/www.rmcr.org\/en\/wp-json\/wp\/v2\/posts\/20278\/revisions"}],"predecessor-version":[{"id":20496,"href":"https:\/\/www.rmcr.org\/en\/wp-json\/wp\/v2\/posts\/20278\/revisions\/20496"}],"wp:featuredmedia":[{"embeddable":true,"href":"https:\/\/www.rmcr.org\/en\/wp-json\/wp\/v2\/media\/20279"}],"wp:attachment":[{"href":"https:\/\/www.rmcr.org\/en\/wp-json\/wp\/v2\/media?parent=20278"}],"wp:term":[{"taxonomy":"category","embeddable":true,"href":"https:\/\/www.rmcr.org\/en\/wp-json\/wp\/v2\/categories?post=20278"},{"taxonomy":"post_tag","embeddable":true,"href":"https:\/\/www.rmcr.org\/en\/wp-json\/wp\/v2\/tags?post=20278"}],"curies":[{"name":"wp","href":"https:\/\/api.w.org\/{rel}","templated":true}]}}