{"id":20195,"date":"2024-02-09T08:47:47","date_gmt":"2024-02-09T08:47:47","guid":{"rendered":"https:\/\/www.rmcr.org\/?p=20195"},"modified":"2025-04-02T17:57:26","modified_gmt":"2025-04-02T17:57:26","slug":"biblioteca-rmr-no-125-elites-en-transicion-relaciones-reacciones-representaciones-y-estrategias-de-los-grupos-privilegiados-entre-los-siglos-xv-y-xx-febrero-2024","status":"publish","type":"post","link":"https:\/\/www.rmcr.org\/en\/2024\/02\/09\/biblioteca-rmr-no-125-elites-en-transicion-relaciones-reacciones-representaciones-y-estrategias-de-los-grupos-privilegiados-entre-los-siglos-xv-y-xx-febrero-2024\/","title":{"rendered":"Biblioteca-RMR: N\u00ba 125. \u00c9lites en transici\u00f3n: relaciones, reacciones, representaciones y estrategias de los grupos privilegiados entre los siglos XV y XX. Febrero 2024."},"content":{"rendered":"<p style=\"text-align: center;\"><strong>\u00b7 VACIADO DE ART\u00cdCULOS \u00b7<\/strong><br \/>\n<strong>\u00b7 BIBLIOTECA DE LA REAL MAESTRANZA DE CABALLER\u00cdA DE RONDA \u00b7<\/strong><br \/>\n<strong>\u00b7 FEBRERO 2024 <\/strong><strong>\u00b7<\/strong><\/p>\n<p style=\"text-align: center;\"><strong>\u00b7 FONDO \u00c9LITES DE PODER \u00b7<\/strong><\/p>\n<p>La obra colectiva <em>\u00c9lites en transici\u00f3n: relaciones, reacciones, representaciones y estrategias de los grupos privilegiados entre los siglos XV y XX<\/em>, editada conjuntamente por Alejandro Espejo Fern\u00e1ndez, H\u00e9ctor Linares Gonz\u00e1lez, Marina Perruca Gracia y Javier Rodr\u00edguez Abeng\u00f3zar, aglutina diversos estudios sobre las \u00e9lites en la Espa\u00f1a de los \u00faltimos seis siglos, poniendo el foco en el car\u00e1cter transversal e interdisciplinar de este sujeto historiogr\u00e1fico.<\/p>\n<p>De este modo, en este libro se observa un mismo fen\u00f3meno en un periodo de tiempo extenso que permite percibir los cambios en las relaciones, reacciones, representaciones y estrategias de las \u00e9lites espa\u00f1olas y su conexi\u00f3n con el \u00e1mbito europeo y americano.<\/p>\n<p>Para ello, se toma como referencia un concepto de \u00e9lite amplio y gen\u00e9rico, definido como un grupo de composici\u00f3n heterog\u00e9nea que fundamenta su cuota de poder en la influencia, el linaje, la riqueza o la posesi\u00f3n de cargos p\u00fablicos.<\/p>\n<p>Los distintos cap\u00edtulos analizan c\u00f3mo esas estrategias de poder y los fundamentos que las sostienen van cambiando a lo largo del tiempo en funci\u00f3n de los cambios sociales y de mentalidad desde el siglo XV hasta las postrimer\u00edas del siglo XX.<\/p>\n<p>Con ello, se intenta responder a una cuesti\u00f3n de car\u00e1cter general: \u00bfpuede establecerse alg\u00fan tipo de relaci\u00f3n -que no tiene por qu\u00e9 significar necesariamente una continuidad-, ya sea en fondo o en forma, entre las \u00e9lites existentes en el periodo que se extiende del siglo XV al XX?<\/p>\n<p>En este sentido, la obra est\u00e1 dividida en cuatro bloques tem\u00e1ticos que congregan las aportaciones tanto de historiadores modernistas como de la Edad Contempor\u00e1nea, rompiendo de esta forma los l\u00edmites impuestos por la periodizaci\u00f3n de la Historia y que han impedido, cl\u00e1sicamente, la comunicaci\u00f3n entre historiadores de uno y otro periodo.<\/p>\n<p><strong>Ficha bibliogr\u00e1fica<\/strong><\/p>\n<p><em>\u00c9lites en transici\u00f3n : relaciones, reacciones, representaciones y estrategias de los grupos privilegiados entre los siglos XV y XX<\/em> \/ <strong>Alejandro Espejo Fern\u00e1ndez<\/strong>, <strong>H\u00e9ctor Linares Gonz\u00e1lez<\/strong>, <strong>Marina Perruca Gracia<\/strong> y <strong>Javier Rodr\u00edguez Abeng\u00f3zar<\/strong> (eds.). &#8212; Madrid : Dykinson, 2022. &#8212; 331 p. : il. ; 24 cm.<br \/>\nD.L. M. 24745-2022<br \/>\nISBN 978-84-1122-625-7<br \/>\n<em>\u00c9lites-Espa\u00f1a-Historia.<\/em><br \/>\n<em>Espejo Fern\u00e1ndez, Alejandro.<\/em><br \/>\n<em>Linares Gonz\u00e1lez, H\u00e9ctor.<\/em><br \/>\n<em>Perruca Gracia, Marina.<\/em><br \/>\n<em>Rodr\u00edguez Abeng\u00f3zar, Javier.<\/em><\/p>\n<p><img fetchpriority=\"high\" decoding=\"async\" class=\"aligncenter wp-image-20198 size-full\" src=\"https:\/\/www.rmcr.org\/wp-content\/uploads\/2024\/02\/CB1027359a.jpg\" alt=\"\" width=\"450\" height=\"640\" srcset=\"https:\/\/www.rmcr.org\/wp-content\/uploads\/2024\/02\/CB1027359a.jpg 450w, https:\/\/www.rmcr.org\/wp-content\/uploads\/2024\/02\/CB1027359a-211x300.jpg 211w\" sizes=\"(max-width: 450px) 100vw, 450px\" \/><\/p>\n<p style=\"text-align: center;\"><em>\u00ab\u00c9lites en transici\u00f3n : relaciones, reacciones, representaciones y estrategias de los grupos privilegiados entre los siglos XV y XX\u00bb (Dykinson, 2022)<\/em><\/p>\n<p><em>Pr\u00f3logo<\/em> \/ <strong>Germ\u00e1n Rueda Hernanz<\/strong>. &#8212; P. [13]-19.<\/p>\n<p><em>\u00c9lites locales y casas se\u00f1oriales : la casa ducal de Alburquerque y la villa de Cu\u00e9llar (finales del s. XV-XVI)<\/em> \/ <strong>Diego Pacheco Landero<\/strong>. &#8212; P. [23]-38.<\/p>\n<p><em>El gobierno de la emperatriz Isabel y las \u00e9lites econ\u00f3mico-financieras castellanas (1529-1538)<\/em> \/ <strong>Sergio Bravo S\u00e1nchez<\/strong>. &#8212; P. [39]-54.<\/p>\n<p><em>La \u00e9lite puertorrique\u00f1a en la pol\u00edtica y sociedad espa\u00f1ola durante la Restauraci\u00f3n borb\u00f3nica<\/em> \/ <em>Daniel Mart\u00ednez Crist\u00f3bal<\/em>. &#8212; P. [55]-70.<\/p>\n<p><em>Linaje, matrimonio, g\u00e9nero y clase social en Espa\u00f1a (1810-1933)<\/em> \/ <strong>Sergio Ca\u00f1as D\u00edez<\/strong>. &#8212; P. [71]-91.<\/p>\n<p><em>Las \u00e9lites y la tropa : relaciones en las guerras de Marruecos<\/em> \/ <strong>Pablo Mart\u00ednez Garc\u00eda<\/strong>. &#8212; P. [93]-101.<\/p>\n<p><em>La casa de Aveiro en el Portugal de los Habsburgo : \u00bfun proceso de rese\u00f1orializaci\u00f3n?<\/em> \/ <strong>Crist\u00f3v\u00e2o Mata<\/strong>. &#8212; P. [105]-120.<\/p>\n<p><em>Un historiador al servicio de la aristocracia en tiempos de revoluci\u00f3n : Castellanos de Losada y la gesti\u00f3n de la memoria de los Azara<\/em> \/ <strong>Alfonso Calder\u00f3n Argelich<\/strong>. &#8212; P. [121]-134.<\/p>\n<p><em>Progresismo y aristocracia femenina : la Junta de Damas en la Regencia de Espartero<\/em> \/ <strong>Concepci\u00f3n Escrig Ferrando<\/strong>. &#8212; P. [135]-151.<\/p>\n<p><em>La participaci\u00f3n de la aristocracia en la configuraci\u00f3n de los servicios de informaci\u00f3n sublevados en la Guerra Civil<\/em> \/ <strong>Javier Rodr\u00edguez Abeng\u00f3zar<\/strong>. &#8212; P. [153]-168.<\/p>\n<p><em>S\u00edmbolos para el poder : las ejecutorias de hidalgu\u00eda conservadas en el Archivo Municipal de Toledo<\/em> \/ <strong>Jaime Moraleda Moraleda<\/strong>. &#8212; P. [171]-183.<\/p>\n<p><em>Los enga\u00f1os y desenga\u00f1os sociales del Siglo de Oro : Mar\u00eda de Zayas y sus novelas<\/em> \/ <strong>Rich Lizardo<\/strong>. &#8212; P. [185]-199.<\/p>\n<p><em>La muerte como elemento de poder y propaganda : usos del espacio urbano en los funerales de los Mendoza durante la Edad Moderna<\/em> \/ <strong>Juan Gabriel Ranera Nadador<\/strong>. &#8212; P. [201]-220.<\/p>\n<p><em>La confecci\u00f3n del vestido cortesano de la reina Mar\u00eda Luisa de Parma (1789-1808)<\/em> \/ <strong>Sandra Ant\u00fanez L\u00f3pez<\/strong>. &#8212; P. [221]-236.<\/p>\n<p><em>Nobles en la Espa\u00f1a de Franco : legislaci\u00f3n nobiliaria, participaci\u00f3n en las instituciones del r\u00e9gimen y actividades pol\u00edticas<\/em> \/ <strong>Alejandro Espejo Fern\u00e1ndez<\/strong>. &#8212; P. [237]-252.<\/p>\n<p><em>Las \u00e9lites urbanas y el gobierno municipal napolitano : evoluci\u00f3n y reformas durante el reinado de Carlos V<\/em> \/ <strong>Marina Perruca Gracia<\/strong>. &#8212; P. [255]-271.<\/p>\n<p><em>Servir a la Corona e integrar a las \u00e9lites : una aproximaci\u00f3n a la familia Andelot (1516-1674)<\/em> \/ <strong>Pedro Reig Ruiz<\/strong>. &#8212; P. [273]-290.<\/p>\n<p><em>Amistades provechosas : la relaci\u00f3n del conde-duque de Olivares y los marqueses de Quirra<\/em> \/ <strong>Vicente Sanz Vi\u00f1uelas<\/strong>. &#8212; P. [291]-304.<\/p>\n<p><em>El destino incierto de la familia De la Bodega en Espa\u00f1a : notas en torno a su estudio durante la descomposici\u00f3n de la monarqu\u00eda mundial<\/em> \/ <strong>Francisco Miguel Mart\u00edn Bl\u00e1zquez<\/strong>. &#8212; P. [305]-318.<\/p>\n<p><em>La diplomacia alfonsina, \u00bfbasti\u00f3n de la nobleza o paradigma de su decadencia?<\/em> \/ <strong>Zorann Petrovici<\/strong>. &#8212; P. [319]-331.<\/p>\n","protected":false},"excerpt":{"rendered":"<p>\u00abEl presente libro re\u00fane diferentes investigaciones de car\u00e1cter transversal e interdisciplinar sobre un extenso arco cronol\u00f3gico de la historia de las \u00e9lites -grupo de composici\u00f3n heterog\u00e9nea- en Espa\u00f1a. Con este enfoque se pretende comprobar si es posible establecer alg\u00fan tipo de relaci\u00f3n entre dicho grupo social que se desarrolla de los siglos XV al XX\u00bb<\/p>\n","protected":false},"author":2,"featured_media":20196,"comment_status":"open","ping_status":"open","sticky":false,"template":"","format":"standard","meta":{"footnotes":""},"categories":[140,791],"tags":[223,237,105,252,176,179,137],"class_list":["post-20195","post","type-post","status-publish","format-standard","has-post-thumbnail","hentry","category-biblioteca","category-boletin-bibliografico-biblioteca-rmr","tag-articulos","tag-bibliografias","tag-biblioteca-general","tag-biblioteca-rmr","tag-boletin-mensual-bibliografico","tag-elites-de-poder","tag-libros"],"yoast_head":"<!-- This site is optimized with the Yoast SEO plugin v27.5 - https:\/\/yoast.com\/product\/yoast-seo-wordpress\/ -->\n<title>Biblioteca-RMR: N\u00ba 125. \u00c9lites en transici\u00f3n: relaciones, reacciones, representaciones y estrategias de los grupos privilegiados entre los siglos XV y XX. Febrero 2024. - Real Maestranza de Caballer\u00eda de Ronda<\/title>\n<meta name=\"robots\" content=\"index, follow, max-snippet:-1, max-image-preview:large, max-video-preview:-1\" \/>\n<link rel=\"canonical\" href=\"https:\/\/www.rmcr.org\/en\/2024\/02\/09\/biblioteca-rmr-no-125-elites-en-transicion-relaciones-reacciones-representaciones-y-estrategias-de-los-grupos-privilegiados-entre-los-siglos-xv-y-xx-febrero-2024\/\" \/>\n<meta property=\"og:locale\" content=\"en_US\" \/>\n<meta property=\"og:type\" content=\"article\" \/>\n<meta property=\"og:title\" content=\"Biblioteca-RMR: N\u00ba 125. \u00c9lites en transici\u00f3n: relaciones, reacciones, representaciones y estrategias de los grupos privilegiados entre los siglos XV y XX. Febrero 2024. - Real Maestranza de Caballer\u00eda de Ronda\" \/>\n<meta property=\"og:description\" content=\"\u00abEl presente libro re\u00fane diferentes investigaciones de car\u00e1cter transversal e interdisciplinar sobre un extenso arco cronol\u00f3gico de la historia de las \u00e9lites -grupo de composici\u00f3n heterog\u00e9nea- en Espa\u00f1a. Con este enfoque se pretende comprobar si es posible establecer alg\u00fan tipo de relaci\u00f3n entre dicho grupo social que se desarrolla de los siglos XV al XX\u00bb\" \/>\n<meta property=\"og:url\" content=\"https:\/\/www.rmcr.org\/en\/2024\/02\/09\/biblioteca-rmr-no-125-elites-en-transicion-relaciones-reacciones-representaciones-y-estrategias-de-los-grupos-privilegiados-entre-los-siglos-xv-y-xx-febrero-2024\/\" \/>\n<meta property=\"og:site_name\" content=\"Real Maestranza de Caballer\u00eda de Ronda\" \/>\n<meta property=\"article:publisher\" content=\"https:\/\/www.facebook.com\/plazadetorosronda\" \/>\n<meta property=\"article:published_time\" content=\"2024-02-09T08:47:47+00:00\" \/>\n<meta property=\"article:modified_time\" content=\"2025-04-02T17:57:26+00:00\" \/>\n<meta property=\"og:image\" content=\"https:\/\/www.rmcr.org\/wp-content\/uploads\/2024\/02\/CB1027359-dest.jpg\" \/>\n\t<meta property=\"og:image:width\" content=\"1200\" \/>\n\t<meta property=\"og:image:height\" content=\"681\" \/>\n\t<meta property=\"og:image:type\" content=\"image\/jpeg\" \/>\n<meta name=\"author\" content=\"BIBLIOTECA\" \/>\n<meta name=\"twitter:card\" content=\"summary_large_image\" \/>\n<meta name=\"twitter:creator\" content=\"@PlazatorosRMR\" \/>\n<meta name=\"twitter:site\" content=\"@PlazatorosRMR\" \/>\n<meta name=\"twitter:label1\" content=\"Written by\" \/>\n\t<meta name=\"twitter:data1\" content=\"BIBLIOTECA\" \/>\n\t<meta name=\"twitter:label2\" content=\"Est. reading time\" \/>\n\t<meta name=\"twitter:data2\" content=\"1 minute\" \/>\n<script type=\"application\/ld+json\" class=\"yoast-schema-graph\">{\"@context\":\"https:\\\/\\\/schema.org\",\"@graph\":[{\"@type\":\"Article\",\"@id\":\"https:\\\/\\\/www.rmcr.org\\\/en\\\/2024\\\/02\\\/09\\\/biblioteca-rmr-no-125-elites-en-transicion-relaciones-reacciones-representaciones-y-estrategias-de-los-grupos-privilegiados-entre-los-siglos-xv-y-xx-febrero-2024\\\/#article\",\"isPartOf\":{\"@id\":\"https:\\\/\\\/www.rmcr.org\\\/en\\\/2024\\\/02\\\/09\\\/biblioteca-rmr-no-125-elites-en-transicion-relaciones-reacciones-representaciones-y-estrategias-de-los-grupos-privilegiados-entre-los-siglos-xv-y-xx-febrero-2024\\\/\"},\"author\":{\"name\":\"BIBLIOTECA\",\"@id\":\"https:\\\/\\\/www.rmcr.org\\\/en\\\/#\\\/schema\\\/person\\\/80849edee7ef556893505128619ea1d0\"},\"headline\":\"Biblioteca-RMR: N\u00ba 125. \u00c9lites en transici\u00f3n: relaciones, reacciones, representaciones y estrategias de los grupos privilegiados entre los siglos XV y XX. Febrero 2024.\",\"datePublished\":\"2024-02-09T08:47:47+00:00\",\"dateModified\":\"2025-04-02T17:57:26+00:00\",\"mainEntityOfPage\":{\"@id\":\"https:\\\/\\\/www.rmcr.org\\\/en\\\/2024\\\/02\\\/09\\\/biblioteca-rmr-no-125-elites-en-transicion-relaciones-reacciones-representaciones-y-estrategias-de-los-grupos-privilegiados-entre-los-siglos-xv-y-xx-febrero-2024\\\/\"},\"wordCount\":926,\"commentCount\":0,\"publisher\":{\"@id\":\"https:\\\/\\\/www.rmcr.org\\\/en\\\/#organization\"},\"image\":{\"@id\":\"https:\\\/\\\/www.rmcr.org\\\/en\\\/2024\\\/02\\\/09\\\/biblioteca-rmr-no-125-elites-en-transicion-relaciones-reacciones-representaciones-y-estrategias-de-los-grupos-privilegiados-entre-los-siglos-xv-y-xx-febrero-2024\\\/#primaryimage\"},\"thumbnailUrl\":\"https:\\\/\\\/www.rmcr.org\\\/wp-content\\\/uploads\\\/2024\\\/02\\\/CB1027359-dest.jpg\",\"keywords\":[\"Art\u00edculos\",\"Bibliograf\u00edas\",\"Biblioteca\",\"Biblioteca-RMR\",\"Bolet\u00edn mensual bibliogr\u00e1fico\",\"\u00c9lites de poder\",\"Libros\"],\"articleSection\":[\"Biblioteca\",\"Bolet\u00edn bibliogr\u00e1fico Biblioteca-RMR\"],\"inLanguage\":\"en-US\",\"potentialAction\":[{\"@type\":\"CommentAction\",\"name\":\"Comment\",\"target\":[\"https:\\\/\\\/www.rmcr.org\\\/en\\\/2024\\\/02\\\/09\\\/biblioteca-rmr-no-125-elites-en-transicion-relaciones-reacciones-representaciones-y-estrategias-de-los-grupos-privilegiados-entre-los-siglos-xv-y-xx-febrero-2024\\\/#respond\"]}]},{\"@type\":\"WebPage\",\"@id\":\"https:\\\/\\\/www.rmcr.org\\\/en\\\/2024\\\/02\\\/09\\\/biblioteca-rmr-no-125-elites-en-transicion-relaciones-reacciones-representaciones-y-estrategias-de-los-grupos-privilegiados-entre-los-siglos-xv-y-xx-febrero-2024\\\/\",\"url\":\"https:\\\/\\\/www.rmcr.org\\\/en\\\/2024\\\/02\\\/09\\\/biblioteca-rmr-no-125-elites-en-transicion-relaciones-reacciones-representaciones-y-estrategias-de-los-grupos-privilegiados-entre-los-siglos-xv-y-xx-febrero-2024\\\/\",\"name\":\"Biblioteca-RMR: N\u00ba 125. \u00c9lites en transici\u00f3n: relaciones, reacciones, representaciones y estrategias de los grupos privilegiados entre los siglos XV y XX. Febrero 2024. - Real Maestranza de Caballer\u00eda de Ronda\",\"isPartOf\":{\"@id\":\"https:\\\/\\\/www.rmcr.org\\\/en\\\/#website\"},\"primaryImageOfPage\":{\"@id\":\"https:\\\/\\\/www.rmcr.org\\\/en\\\/2024\\\/02\\\/09\\\/biblioteca-rmr-no-125-elites-en-transicion-relaciones-reacciones-representaciones-y-estrategias-de-los-grupos-privilegiados-entre-los-siglos-xv-y-xx-febrero-2024\\\/#primaryimage\"},\"image\":{\"@id\":\"https:\\\/\\\/www.rmcr.org\\\/en\\\/2024\\\/02\\\/09\\\/biblioteca-rmr-no-125-elites-en-transicion-relaciones-reacciones-representaciones-y-estrategias-de-los-grupos-privilegiados-entre-los-siglos-xv-y-xx-febrero-2024\\\/#primaryimage\"},\"thumbnailUrl\":\"https:\\\/\\\/www.rmcr.org\\\/wp-content\\\/uploads\\\/2024\\\/02\\\/CB1027359-dest.jpg\",\"datePublished\":\"2024-02-09T08:47:47+00:00\",\"dateModified\":\"2025-04-02T17:57:26+00:00\",\"breadcrumb\":{\"@id\":\"https:\\\/\\\/www.rmcr.org\\\/en\\\/2024\\\/02\\\/09\\\/biblioteca-rmr-no-125-elites-en-transicion-relaciones-reacciones-representaciones-y-estrategias-de-los-grupos-privilegiados-entre-los-siglos-xv-y-xx-febrero-2024\\\/#breadcrumb\"},\"inLanguage\":\"en-US\",\"potentialAction\":[{\"@type\":\"ReadAction\",\"target\":[\"https:\\\/\\\/www.rmcr.org\\\/en\\\/2024\\\/02\\\/09\\\/biblioteca-rmr-no-125-elites-en-transicion-relaciones-reacciones-representaciones-y-estrategias-de-los-grupos-privilegiados-entre-los-siglos-xv-y-xx-febrero-2024\\\/\"]}]},{\"@type\":\"ImageObject\",\"inLanguage\":\"en-US\",\"@id\":\"https:\\\/\\\/www.rmcr.org\\\/en\\\/2024\\\/02\\\/09\\\/biblioteca-rmr-no-125-elites-en-transicion-relaciones-reacciones-representaciones-y-estrategias-de-los-grupos-privilegiados-entre-los-siglos-xv-y-xx-febrero-2024\\\/#primaryimage\",\"url\":\"https:\\\/\\\/www.rmcr.org\\\/wp-content\\\/uploads\\\/2024\\\/02\\\/CB1027359-dest.jpg\",\"contentUrl\":\"https:\\\/\\\/www.rmcr.org\\\/wp-content\\\/uploads\\\/2024\\\/02\\\/CB1027359-dest.jpg\",\"width\":1200,\"height\":681},{\"@type\":\"BreadcrumbList\",\"@id\":\"https:\\\/\\\/www.rmcr.org\\\/en\\\/2024\\\/02\\\/09\\\/biblioteca-rmr-no-125-elites-en-transicion-relaciones-reacciones-representaciones-y-estrategias-de-los-grupos-privilegiados-entre-los-siglos-xv-y-xx-febrero-2024\\\/#breadcrumb\",\"itemListElement\":[{\"@type\":\"ListItem\",\"position\":1,\"name\":\"REAL MAESTRANZA DE CABALLER\u00cdA DE RONDA\",\"item\":\"https:\\\/\\\/www.rmcr.org\\\/en\\\/\"},{\"@type\":\"ListItem\",\"position\":2,\"name\":\"Biblioteca-RMR: N\u00ba 125. \u00c9lites en transici\u00f3n: relaciones, reacciones, representaciones y estrategias de los grupos privilegiados entre los siglos XV y XX. Febrero 2024.\"}]},{\"@type\":\"WebSite\",\"@id\":\"https:\\\/\\\/www.rmcr.org\\\/en\\\/#website\",\"url\":\"https:\\\/\\\/www.rmcr.org\\\/en\\\/\",\"name\":\"Real Maestranza de Caballer\u00eda de Ronda\",\"description\":\"Real Maestranza de Caballer\u00eda de Ronda\",\"publisher\":{\"@id\":\"https:\\\/\\\/www.rmcr.org\\\/en\\\/#organization\"},\"alternateName\":\"RMCR\",\"potentialAction\":[{\"@type\":\"SearchAction\",\"target\":{\"@type\":\"EntryPoint\",\"urlTemplate\":\"https:\\\/\\\/www.rmcr.org\\\/en\\\/?s={search_term_string}\"},\"query-input\":{\"@type\":\"PropertyValueSpecification\",\"valueRequired\":true,\"valueName\":\"search_term_string\"}}],\"inLanguage\":\"en-US\"},{\"@type\":\"Organization\",\"@id\":\"https:\\\/\\\/www.rmcr.org\\\/en\\\/#organization\",\"name\":\"Real Maestranza de Caballer\u00eda de Ronda\",\"alternateName\":\"RMR\",\"url\":\"https:\\\/\\\/www.rmcr.org\\\/en\\\/\",\"logo\":{\"@type\":\"ImageObject\",\"inLanguage\":\"en-US\",\"@id\":\"https:\\\/\\\/www.rmcr.org\\\/en\\\/#\\\/schema\\\/logo\\\/image\\\/\",\"url\":\"https:\\\/\\\/www.rmcr.org\\\/wp-content\\\/uploads\\\/2022\\\/07\\\/logo-rmr-blue.svg\",\"contentUrl\":\"https:\\\/\\\/www.rmcr.org\\\/wp-content\\\/uploads\\\/2022\\\/07\\\/logo-rmr-blue.svg\",\"width\":131,\"height\":129,\"caption\":\"Real Maestranza de Caballer\u00eda de Ronda\"},\"image\":{\"@id\":\"https:\\\/\\\/www.rmcr.org\\\/en\\\/#\\\/schema\\\/logo\\\/image\\\/\"},\"sameAs\":[\"https:\\\/\\\/www.facebook.com\\\/plazadetorosronda\",\"https:\\\/\\\/x.com\\\/PlazatorosRMR\",\"https:\\\/\\\/www.instagram.com\\\/realmaestranzaderonda\\\/\",\"https:\\\/\\\/www.youtube.com\\\/channel\\\/UCrbO5IUN-8v_QML739vM4zg\\\/videos\"]},{\"@type\":\"Person\",\"@id\":\"https:\\\/\\\/www.rmcr.org\\\/en\\\/#\\\/schema\\\/person\\\/80849edee7ef556893505128619ea1d0\",\"name\":\"BIBLIOTECA\",\"image\":{\"@type\":\"ImageObject\",\"inLanguage\":\"en-US\",\"@id\":\"https:\\\/\\\/www.rmcr.org\\\/wp-content\\\/uploads\\\/2022\\\/11\\\/avatar-rmcr-96x96.png\",\"url\":\"https:\\\/\\\/www.rmcr.org\\\/wp-content\\\/uploads\\\/2022\\\/11\\\/avatar-rmcr-96x96.png\",\"contentUrl\":\"https:\\\/\\\/www.rmcr.org\\\/wp-content\\\/uploads\\\/2022\\\/11\\\/avatar-rmcr-96x96.png\",\"caption\":\"BIBLIOTECA\"},\"url\":\"https:\\\/\\\/www.rmcr.org\\\/en\\\/author\\\/juan-antonio-moreno\\\/\"}]}<\/script>\n<!-- \/ Yoast SEO plugin. -->","yoast_head_json":{"title":"Biblioteca-RMR: N\u00ba 125. \u00c9lites en transici\u00f3n: relaciones, reacciones, representaciones y estrategias de los grupos privilegiados entre los siglos XV y XX. Febrero 2024. - Real Maestranza de Caballer\u00eda de Ronda","robots":{"index":"index","follow":"follow","max-snippet":"max-snippet:-1","max-image-preview":"max-image-preview:large","max-video-preview":"max-video-preview:-1"},"canonical":"https:\/\/www.rmcr.org\/en\/2024\/02\/09\/biblioteca-rmr-no-125-elites-en-transicion-relaciones-reacciones-representaciones-y-estrategias-de-los-grupos-privilegiados-entre-los-siglos-xv-y-xx-febrero-2024\/","og_locale":"en_US","og_type":"article","og_title":"Biblioteca-RMR: N\u00ba 125. \u00c9lites en transici\u00f3n: relaciones, reacciones, representaciones y estrategias de los grupos privilegiados entre los siglos XV y XX. Febrero 2024. - Real Maestranza de Caballer\u00eda de Ronda","og_description":"\u00abEl presente libro re\u00fane diferentes investigaciones de car\u00e1cter transversal e interdisciplinar sobre un extenso arco cronol\u00f3gico de la historia de las \u00e9lites -grupo de composici\u00f3n heterog\u00e9nea- en Espa\u00f1a. Con este enfoque se pretende comprobar si es posible establecer alg\u00fan tipo de relaci\u00f3n entre dicho grupo social que se desarrolla de los siglos XV al XX\u00bb","og_url":"https:\/\/www.rmcr.org\/en\/2024\/02\/09\/biblioteca-rmr-no-125-elites-en-transicion-relaciones-reacciones-representaciones-y-estrategias-de-los-grupos-privilegiados-entre-los-siglos-xv-y-xx-febrero-2024\/","og_site_name":"Real Maestranza de Caballer\u00eda de Ronda","article_publisher":"https:\/\/www.facebook.com\/plazadetorosronda","article_published_time":"2024-02-09T08:47:47+00:00","article_modified_time":"2025-04-02T17:57:26+00:00","og_image":[{"width":1200,"height":681,"url":"https:\/\/www.rmcr.org\/wp-content\/uploads\/2024\/02\/CB1027359-dest.jpg","type":"image\/jpeg"}],"author":"BIBLIOTECA","twitter_card":"summary_large_image","twitter_creator":"@PlazatorosRMR","twitter_site":"@PlazatorosRMR","twitter_misc":{"Written by":"BIBLIOTECA","Est. reading time":"1 minute"},"schema":{"@context":"https:\/\/schema.org","@graph":[{"@type":"Article","@id":"https:\/\/www.rmcr.org\/en\/2024\/02\/09\/biblioteca-rmr-no-125-elites-en-transicion-relaciones-reacciones-representaciones-y-estrategias-de-los-grupos-privilegiados-entre-los-siglos-xv-y-xx-febrero-2024\/#article","isPartOf":{"@id":"https:\/\/www.rmcr.org\/en\/2024\/02\/09\/biblioteca-rmr-no-125-elites-en-transicion-relaciones-reacciones-representaciones-y-estrategias-de-los-grupos-privilegiados-entre-los-siglos-xv-y-xx-febrero-2024\/"},"author":{"name":"BIBLIOTECA","@id":"https:\/\/www.rmcr.org\/en\/#\/schema\/person\/80849edee7ef556893505128619ea1d0"},"headline":"Biblioteca-RMR: N\u00ba 125. \u00c9lites en transici\u00f3n: relaciones, reacciones, representaciones y estrategias de los grupos privilegiados entre los siglos XV y XX. Febrero 2024.","datePublished":"2024-02-09T08:47:47+00:00","dateModified":"2025-04-02T17:57:26+00:00","mainEntityOfPage":{"@id":"https:\/\/www.rmcr.org\/en\/2024\/02\/09\/biblioteca-rmr-no-125-elites-en-transicion-relaciones-reacciones-representaciones-y-estrategias-de-los-grupos-privilegiados-entre-los-siglos-xv-y-xx-febrero-2024\/"},"wordCount":926,"commentCount":0,"publisher":{"@id":"https:\/\/www.rmcr.org\/en\/#organization"},"image":{"@id":"https:\/\/www.rmcr.org\/en\/2024\/02\/09\/biblioteca-rmr-no-125-elites-en-transicion-relaciones-reacciones-representaciones-y-estrategias-de-los-grupos-privilegiados-entre-los-siglos-xv-y-xx-febrero-2024\/#primaryimage"},"thumbnailUrl":"https:\/\/www.rmcr.org\/wp-content\/uploads\/2024\/02\/CB1027359-dest.jpg","keywords":["Art\u00edculos","Bibliograf\u00edas","Biblioteca","Biblioteca-RMR","Bolet\u00edn mensual bibliogr\u00e1fico","\u00c9lites de poder","Libros"],"articleSection":["Biblioteca","Bolet\u00edn bibliogr\u00e1fico Biblioteca-RMR"],"inLanguage":"en-US","potentialAction":[{"@type":"CommentAction","name":"Comment","target":["https:\/\/www.rmcr.org\/en\/2024\/02\/09\/biblioteca-rmr-no-125-elites-en-transicion-relaciones-reacciones-representaciones-y-estrategias-de-los-grupos-privilegiados-entre-los-siglos-xv-y-xx-febrero-2024\/#respond"]}]},{"@type":"WebPage","@id":"https:\/\/www.rmcr.org\/en\/2024\/02\/09\/biblioteca-rmr-no-125-elites-en-transicion-relaciones-reacciones-representaciones-y-estrategias-de-los-grupos-privilegiados-entre-los-siglos-xv-y-xx-febrero-2024\/","url":"https:\/\/www.rmcr.org\/en\/2024\/02\/09\/biblioteca-rmr-no-125-elites-en-transicion-relaciones-reacciones-representaciones-y-estrategias-de-los-grupos-privilegiados-entre-los-siglos-xv-y-xx-febrero-2024\/","name":"Biblioteca-RMR: N\u00ba 125. \u00c9lites en transici\u00f3n: relaciones, reacciones, representaciones y estrategias de los grupos privilegiados entre los siglos XV y XX. Febrero 2024. - Real Maestranza de Caballer\u00eda de Ronda","isPartOf":{"@id":"https:\/\/www.rmcr.org\/en\/#website"},"primaryImageOfPage":{"@id":"https:\/\/www.rmcr.org\/en\/2024\/02\/09\/biblioteca-rmr-no-125-elites-en-transicion-relaciones-reacciones-representaciones-y-estrategias-de-los-grupos-privilegiados-entre-los-siglos-xv-y-xx-febrero-2024\/#primaryimage"},"image":{"@id":"https:\/\/www.rmcr.org\/en\/2024\/02\/09\/biblioteca-rmr-no-125-elites-en-transicion-relaciones-reacciones-representaciones-y-estrategias-de-los-grupos-privilegiados-entre-los-siglos-xv-y-xx-febrero-2024\/#primaryimage"},"thumbnailUrl":"https:\/\/www.rmcr.org\/wp-content\/uploads\/2024\/02\/CB1027359-dest.jpg","datePublished":"2024-02-09T08:47:47+00:00","dateModified":"2025-04-02T17:57:26+00:00","breadcrumb":{"@id":"https:\/\/www.rmcr.org\/en\/2024\/02\/09\/biblioteca-rmr-no-125-elites-en-transicion-relaciones-reacciones-representaciones-y-estrategias-de-los-grupos-privilegiados-entre-los-siglos-xv-y-xx-febrero-2024\/#breadcrumb"},"inLanguage":"en-US","potentialAction":[{"@type":"ReadAction","target":["https:\/\/www.rmcr.org\/en\/2024\/02\/09\/biblioteca-rmr-no-125-elites-en-transicion-relaciones-reacciones-representaciones-y-estrategias-de-los-grupos-privilegiados-entre-los-siglos-xv-y-xx-febrero-2024\/"]}]},{"@type":"ImageObject","inLanguage":"en-US","@id":"https:\/\/www.rmcr.org\/en\/2024\/02\/09\/biblioteca-rmr-no-125-elites-en-transicion-relaciones-reacciones-representaciones-y-estrategias-de-los-grupos-privilegiados-entre-los-siglos-xv-y-xx-febrero-2024\/#primaryimage","url":"https:\/\/www.rmcr.org\/wp-content\/uploads\/2024\/02\/CB1027359-dest.jpg","contentUrl":"https:\/\/www.rmcr.org\/wp-content\/uploads\/2024\/02\/CB1027359-dest.jpg","width":1200,"height":681},{"@type":"BreadcrumbList","@id":"https:\/\/www.rmcr.org\/en\/2024\/02\/09\/biblioteca-rmr-no-125-elites-en-transicion-relaciones-reacciones-representaciones-y-estrategias-de-los-grupos-privilegiados-entre-los-siglos-xv-y-xx-febrero-2024\/#breadcrumb","itemListElement":[{"@type":"ListItem","position":1,"name":"REAL MAESTRANZA DE CABALLER\u00cdA DE RONDA","item":"https:\/\/www.rmcr.org\/en\/"},{"@type":"ListItem","position":2,"name":"Biblioteca-RMR: N\u00ba 125. \u00c9lites en transici\u00f3n: relaciones, reacciones, representaciones y estrategias de los grupos privilegiados entre los siglos XV y XX. Febrero 2024."}]},{"@type":"WebSite","@id":"https:\/\/www.rmcr.org\/en\/#website","url":"https:\/\/www.rmcr.org\/en\/","name":"Real Maestranza de Caballer\u00eda de Ronda","description":"Real Maestranza de Caballer\u00eda de Ronda","publisher":{"@id":"https:\/\/www.rmcr.org\/en\/#organization"},"alternateName":"RMCR","potentialAction":[{"@type":"SearchAction","target":{"@type":"EntryPoint","urlTemplate":"https:\/\/www.rmcr.org\/en\/?s={search_term_string}"},"query-input":{"@type":"PropertyValueSpecification","valueRequired":true,"valueName":"search_term_string"}}],"inLanguage":"en-US"},{"@type":"Organization","@id":"https:\/\/www.rmcr.org\/en\/#organization","name":"Real Maestranza de Caballer\u00eda de Ronda","alternateName":"RMR","url":"https:\/\/www.rmcr.org\/en\/","logo":{"@type":"ImageObject","inLanguage":"en-US","@id":"https:\/\/www.rmcr.org\/en\/#\/schema\/logo\/image\/","url":"https:\/\/www.rmcr.org\/wp-content\/uploads\/2022\/07\/logo-rmr-blue.svg","contentUrl":"https:\/\/www.rmcr.org\/wp-content\/uploads\/2022\/07\/logo-rmr-blue.svg","width":131,"height":129,"caption":"Real Maestranza de Caballer\u00eda de Ronda"},"image":{"@id":"https:\/\/www.rmcr.org\/en\/#\/schema\/logo\/image\/"},"sameAs":["https:\/\/www.facebook.com\/plazadetorosronda","https:\/\/x.com\/PlazatorosRMR","https:\/\/www.instagram.com\/realmaestranzaderonda\/","https:\/\/www.youtube.com\/channel\/UCrbO5IUN-8v_QML739vM4zg\/videos"]},{"@type":"Person","@id":"https:\/\/www.rmcr.org\/en\/#\/schema\/person\/80849edee7ef556893505128619ea1d0","name":"BIBLIOTECA","image":{"@type":"ImageObject","inLanguage":"en-US","@id":"https:\/\/www.rmcr.org\/wp-content\/uploads\/2022\/11\/avatar-rmcr-96x96.png","url":"https:\/\/www.rmcr.org\/wp-content\/uploads\/2022\/11\/avatar-rmcr-96x96.png","contentUrl":"https:\/\/www.rmcr.org\/wp-content\/uploads\/2022\/11\/avatar-rmcr-96x96.png","caption":"BIBLIOTECA"},"url":"https:\/\/www.rmcr.org\/en\/author\/juan-antonio-moreno\/"}]}},"_links":{"self":[{"href":"https:\/\/www.rmcr.org\/en\/wp-json\/wp\/v2\/posts\/20195","targetHints":{"allow":["GET"]}}],"collection":[{"href":"https:\/\/www.rmcr.org\/en\/wp-json\/wp\/v2\/posts"}],"about":[{"href":"https:\/\/www.rmcr.org\/en\/wp-json\/wp\/v2\/types\/post"}],"author":[{"embeddable":true,"href":"https:\/\/www.rmcr.org\/en\/wp-json\/wp\/v2\/users\/2"}],"replies":[{"embeddable":true,"href":"https:\/\/www.rmcr.org\/en\/wp-json\/wp\/v2\/comments?post=20195"}],"version-history":[{"count":2,"href":"https:\/\/www.rmcr.org\/en\/wp-json\/wp\/v2\/posts\/20195\/revisions"}],"predecessor-version":[{"id":20204,"href":"https:\/\/www.rmcr.org\/en\/wp-json\/wp\/v2\/posts\/20195\/revisions\/20204"}],"wp:featuredmedia":[{"embeddable":true,"href":"https:\/\/www.rmcr.org\/en\/wp-json\/wp\/v2\/media\/20196"}],"wp:attachment":[{"href":"https:\/\/www.rmcr.org\/en\/wp-json\/wp\/v2\/media?parent=20195"}],"wp:term":[{"taxonomy":"category","embeddable":true,"href":"https:\/\/www.rmcr.org\/en\/wp-json\/wp\/v2\/categories?post=20195"},{"taxonomy":"post_tag","embeddable":true,"href":"https:\/\/www.rmcr.org\/en\/wp-json\/wp\/v2\/tags?post=20195"}],"curies":[{"name":"wp","href":"https:\/\/api.w.org\/{rel}","templated":true}]}}