{"id":19613,"date":"2023-11-30T18:21:11","date_gmt":"2023-11-30T18:21:11","guid":{"rendered":"https:\/\/www.rmcr.org\/?p=19613"},"modified":"2025-04-02T17:59:39","modified_gmt":"2025-04-02T17:59:39","slug":"biblioteca-rmr-no-122-la-nobleza-titulada-castellana-en-la-conservacion-del-imperio-espanol-en-tiempos-de-carlos-ii-noviembre-2023","status":"publish","type":"post","link":"https:\/\/www.rmcr.org\/en\/2023\/11\/30\/biblioteca-rmr-no-122-la-nobleza-titulada-castellana-en-la-conservacion-del-imperio-espanol-en-tiempos-de-carlos-ii-noviembre-2023\/","title":{"rendered":"Biblioteca-RMR: N\u00ba 122. La nobleza titulada castellana en la conservaci\u00f3n del Imperio espa\u00f1ol en tiempos de Carlos II. Noviembre 2023."},"content":{"rendered":"<p style=\"text-align: center;\"><strong>\u00b7 VACIADO DE ART\u00cdCULOS \u00b7<\/strong><br \/>\n<strong>\u00b7 BIBLIOTECA DE LA REAL MAESTRANZA DE CABALLER\u00cdA DE RONDA \u00b7<\/strong><br \/>\n<strong>\u00b7 NOVIEMBRE 2023 <\/strong><strong>\u00b7<\/strong><\/p>\n<p style=\"text-align: center;\"><strong>\u00b7 FONDO \u00c9LITES DE PODER \u00b7<\/strong><\/p>\n<p>El estudio de la nobleza titulada en el reinado de Carlos II ofrece un an\u00e1lisis abierto y poli\u00e9drico que entra\u00f1a linaje, familia, poder, redes clientelares y estrategias matrimoniales, entre otras muchas cuestiones, al margen del servicio en la corte o en el amplio organigrama de la administraci\u00f3n de los Austrias de finales del siglo XVII, y lo hace desde un nuevo enfoque, con una nueva mirada pol\u00edtica.<\/p>\n<p>Los art\u00edculos que componen el libro\u00a0<em>La nobleza titulada castellana en la conservaci\u00f3n del Imperio espa\u00f1ol en tiempos de Carlos II <\/em>(S\u00edlex, 2023) recogen novedosas aportaciones, en tono revisionista, que profundizan en una serie de valores nobiliarios que se hab\u00edan transformado en una sociedad en guerra pero que no hab\u00edan perdido su naturaleza original, tales como la lealtad, la obligaci\u00f3n pol\u00edtica, la fidelidad o la propia idea del honor.<\/p>\n<p>Una importante parte de la nobleza titulada, lejos de los estereotipos que la han marcado, as\u00ed como al propio reinado, sigui\u00f3 ejercitando su labor asistencial, participando en el gobierno y administraci\u00f3n de la Monarqu\u00eda Hisp\u00e1nica y en las empresas imperiales colaborando en el mantenimiento y conservaci\u00f3n del Imperio espa\u00f1ol a finales del siglo XVII.<\/p>\n<p><strong>Ficha bibliogr\u00e1fica<\/strong><\/p>\n<p><em>La nobleza titulada castellana en la conservaci\u00f3n del imperio espa\u00f1ol en tiempos de Carlos II<\/em> \/ <strong>Porfirio Sanz Cama\u00f1es<\/strong> (ed.). &#8212; Madrid : S\u00edlex, 2023.<br \/>\n406 p. ; 24 cm. &#8212; (S\u00edlex universidad. Magnum)<br \/>\nD.L. M. 3537-2023<br \/>\nISBN 978-84-19077-93-6<br \/>\n<em>Carlos II, Rey de Espa\u00f1a (1665-1700)-Aspectos pol\u00edticos y econ\u00f3micos<\/em><br \/>\n<em>Nobleza-Espa\u00f1a-Siglo XVII<\/em><br \/>\n<em>Sanz Cama\u00f1es, Porfirio<\/em><\/p>\n<p><img fetchpriority=\"high\" decoding=\"async\" class=\"aligncenter wp-image-19616 size-full\" src=\"https:\/\/www.rmcr.org\/wp-content\/uploads\/2023\/12\/CB1027370b.jpg\" alt=\"\" width=\"450\" height=\"633\" srcset=\"https:\/\/www.rmcr.org\/wp-content\/uploads\/2023\/12\/CB1027370b.jpg 450w, https:\/\/www.rmcr.org\/wp-content\/uploads\/2023\/12\/CB1027370b-213x300.jpg 213w\" sizes=\"(max-width: 450px) 100vw, 450px\" \/><\/p>\n<p style=\"text-align: center;\"><em>\u00abLa nobleza titulada castellana en la conservaci\u00f3n del imperio espa\u00f1ol en tiempos de Carlos II\u00bb, (S\u00edlex, 2023)<\/em><\/p>\n<p><em>Introducci\u00f3n<\/em> \/ <strong>Porfirio Sanz Cama\u00f1es<\/strong>. &#8212; P. 11-29.<\/p>\n<p><em>El VIII duque de Medinaceli : ascenso al ministerio y aproximaci\u00f3n a sus redes de poder<\/em> \/ <strong>Juan S\u00e1nchez Garc\u00eda de la Cruz<\/strong>. &#8212; P. 33-53.<\/p>\n<p><em>El conde de Oropesa don Manuel Joaqu\u00edn \u00c1lvarez de Toledo (1643-1707) en la monarqu\u00eda de Carlos II<\/em> \/ <strong>Ram\u00f3n S\u00e1nchez Gonz\u00e1lez<\/strong>. &#8212; P. 55-84.<\/p>\n<p><em>De Habsburgos a Borbones : el cardenal Portocarrero, estadista y eclesi\u00e1tico<\/em> \/ <strong>M\u00aa Soledad G\u00f3mez Navarro<\/strong>. &#8212; P. 85-107.<\/p>\n<p><em>Notas en torno a la actividad pol\u00edtica y religiosa del arzobispo Antonio Ib\u00e1\u00f1ez de la Riva Herrera (1687-1710)<\/em> \/ <strong>Enrique Solano Cam\u00f3n<\/strong>. &#8212; P. 109-130.<\/p>\n<p><em>El poder local al servicio del rey : los D\u00e1vila Enr\u00edquez entre Cuenca y Albacete en el ocaso de los Austrias<\/em> \/ <strong>Yolanda Fern\u00e1ndez Valverde<\/strong>. &#8212; P. 133-153.<\/p>\n<p><em>La preservaci\u00f3n de la &#8220;uni\u00f3n de armas&#8221; : Francisco IV Fern\u00e1ndez de la Cueva, VIII duque de Alburquerque, un virrey castellano entre Am\u00e9rica y Sicilia (1653-1670)<\/em> \/ <strong>Manuel Rivero Rodr\u00edguez<\/strong>. &#8212; P. 155-170.<\/p>\n<p><em>Don Jos\u00e9 de Garro, un militar guipuzcoano en el gobierno de la frontera meridional americana durante el reinado de Carlos II<\/em> \/ <strong>David Rex Galindo<\/strong>. &#8212; P. 171-189.<\/p>\n<p><em>Sobre virreyes en Am\u00e9rica : Melchor Portocarrero Lasso de la Vega, conde de la Monclova (1636-1705)<\/em> \/ <strong>Francisco Javier Garc\u00eda Bres\u00f3<\/strong>, <strong>Porfirio Sanz Cama\u00f1es<\/strong>. &#8212; P. 191-214.<\/p>\n<p><em>La familia de los marqueses de Canales de Chozas : la promoci\u00f3n de una generaci\u00f3n consagrada a la pol\u00edtica de estado<\/em> \/ <strong>Carmen-Mar\u00eda Fern\u00e1ndez-Nadal<\/strong>. &#8212; P. 217-238.<\/p>\n<p><em>El entorno pol\u00edtico de Pablo Sp\u00ednola Doria, III marqu\u00e9s de los Balbases, \u00bfnuevos aliados o antiguos amigos?<\/em> \/ <strong>Asunci\u00f3n Retortillo Atienza<\/strong>. &#8212; P. 239-270.<\/p>\n<p><em>Estrategia matrimonial y servicio pol\u00edtico-militar a la corona del marquesado de Villasor : la vinculaci\u00f3n de la nobleza sarda y castellana en la segunda mitad del siglo XVII<\/em> \/ <strong>Antonio L\u00f3pez Amores<\/strong>. &#8212; P. 271-290.<\/p>\n<p><em>Al servicio de su majestad : don Francisco Ronquillo Brice\u00f1o al final de la dinast\u00eda de los Austrias<\/em> \/ <strong>Juana M. Salado Santos<\/strong>. &#8212; P. 291-308.<\/p>\n<p><em>De la espada a la pluma : \u00cd\u00f1igo de la Cruz Su\u00e1rez Manrique de Lara, XIV se\u00f1or de Cameros (1673-1733)<\/em> \/ <strong>Miguel F. G\u00f3mez Vozmediano<\/strong>. &#8212; P. 309-329.<\/p>\n<p><em>Crisis, concurso de acreedores y reformaci\u00f3n : la casa de Osuna durante el reinado de Carlos II<\/em> \/ <strong>Ignacio Atienza Hern\u00e1ndez<\/strong>, <strong>Francisco Ledesma G\u00e1mez<\/strong>. &#8212; P. 331-346.<\/p>\n<p><em>Esp\u00edritu cruzado y servicio din\u00e1stico : el duque de B\u00e9jar y los nobles castellanos en la conquista de Buda (1686)<\/em> \/ <strong>Rub\u00e9n Gonz\u00e1lez Cuerva<\/strong>. &#8212; P. 349-366.<\/p>\n<p><em>&#8220;El caballero perfecto&#8221;, y el reflejo de su idea de nobleza en el reinado de Carlos II<\/em> \/ <strong>David Garc\u00eda Hern\u00e1n<\/strong>. &#8212; P. 367-383.<\/p>\n<p><em>Entre el peso de la herencia y la construcci\u00f3n de la individualidad : Gregorio Mar\u00eda de Silva Mendoza, V duque de Pastrana y IX del Infantado<\/em> \/ <strong>Adolfo Carrasco Mart\u00ednez<\/strong>. &#8212; P. 385-400.<\/p>\n","protected":false},"excerpt":{"rendered":"<p>\u00abEl libro \u201cLa nobleza titulada castellana en la conservaci\u00f3n del Imperio espa\u00f1ol en tiempos de Carlos II\u201d, bajo la edici\u00f3n de Porfirio Sanz Cama\u00f1es, aporta nuevas perspectivas sobre ciertos valores nobiliarios que se hab\u00edan transformado en el seno de una sociedad en guerra, pero que no perdieron su naturaleza original, como pod\u00edan ser la lealtad, la fidelidad o el honor\u00bb<\/p>\n","protected":false},"author":2,"featured_media":19614,"comment_status":"open","ping_status":"open","sticky":false,"template":"","format":"standard","meta":{"footnotes":""},"categories":[140,791],"tags":[223,237,105,252,176,179,137,255],"class_list":["post-19613","post","type-post","status-publish","format-standard","has-post-thumbnail","hentry","category-biblioteca","category-boletin-bibliografico-biblioteca-rmr","tag-articulos","tag-bibliografias","tag-biblioteca-general","tag-biblioteca-rmr","tag-boletin-mensual-bibliografico","tag-elites-de-poder","tag-libros","tag-nobleza"],"yoast_head":"<!-- This site is optimized with the Yoast SEO plugin v27.5 - https:\/\/yoast.com\/product\/yoast-seo-wordpress\/ -->\n<title>Biblioteca-RMR: N\u00ba 122. La nobleza titulada castellana en la conservaci\u00f3n del Imperio espa\u00f1ol en tiempos de Carlos II. Noviembre 2023. - Real Maestranza de Caballer\u00eda de Ronda<\/title>\n<meta name=\"robots\" content=\"index, follow, max-snippet:-1, max-image-preview:large, max-video-preview:-1\" \/>\n<link rel=\"canonical\" href=\"https:\/\/www.rmcr.org\/en\/2023\/11\/30\/biblioteca-rmr-no-122-la-nobleza-titulada-castellana-en-la-conservacion-del-imperio-espanol-en-tiempos-de-carlos-ii-noviembre-2023\/\" \/>\n<meta property=\"og:locale\" content=\"en_US\" \/>\n<meta property=\"og:type\" content=\"article\" \/>\n<meta property=\"og:title\" content=\"Biblioteca-RMR: N\u00ba 122. La nobleza titulada castellana en la conservaci\u00f3n del Imperio espa\u00f1ol en tiempos de Carlos II. Noviembre 2023. - Real Maestranza de Caballer\u00eda de Ronda\" \/>\n<meta property=\"og:description\" content=\"\u00abEl libro \u201cLa nobleza titulada castellana en la conservaci\u00f3n del Imperio espa\u00f1ol en tiempos de Carlos II\u201d, bajo la edici\u00f3n de Porfirio Sanz Cama\u00f1es, aporta nuevas perspectivas sobre ciertos valores nobiliarios que se hab\u00edan transformado en el seno de una sociedad en guerra, pero que no perdieron su naturaleza original, como pod\u00edan ser la lealtad, la fidelidad o el honor\u00bb\" \/>\n<meta property=\"og:url\" content=\"https:\/\/www.rmcr.org\/en\/2023\/11\/30\/biblioteca-rmr-no-122-la-nobleza-titulada-castellana-en-la-conservacion-del-imperio-espanol-en-tiempos-de-carlos-ii-noviembre-2023\/\" \/>\n<meta property=\"og:site_name\" content=\"Real Maestranza de Caballer\u00eda de Ronda\" \/>\n<meta property=\"article:publisher\" content=\"https:\/\/www.facebook.com\/plazadetorosronda\" \/>\n<meta property=\"article:published_time\" content=\"2023-11-30T18:21:11+00:00\" \/>\n<meta property=\"article:modified_time\" content=\"2025-04-02T17:59:39+00:00\" \/>\n<meta property=\"og:image\" content=\"https:\/\/www.rmcr.org\/wp-content\/uploads\/2023\/12\/CB1027370-dest.jpg\" \/>\n\t<meta property=\"og:image:width\" content=\"1200\" \/>\n\t<meta property=\"og:image:height\" content=\"680\" \/>\n\t<meta property=\"og:image:type\" content=\"image\/jpeg\" \/>\n<meta name=\"author\" content=\"BIBLIOTECA\" \/>\n<meta name=\"twitter:card\" content=\"summary_large_image\" \/>\n<meta name=\"twitter:creator\" content=\"@PlazatorosRMR\" \/>\n<meta name=\"twitter:site\" content=\"@PlazatorosRMR\" \/>\n<meta name=\"twitter:label1\" content=\"Written by\" \/>\n\t<meta name=\"twitter:data1\" content=\"BIBLIOTECA\" \/>\n\t<meta name=\"twitter:label2\" content=\"Est. reading time\" \/>\n\t<meta name=\"twitter:data2\" content=\"4 minutes\" \/>\n<script type=\"application\/ld+json\" class=\"yoast-schema-graph\">{\"@context\":\"https:\\\/\\\/schema.org\",\"@graph\":[{\"@type\":\"Article\",\"@id\":\"https:\\\/\\\/www.rmcr.org\\\/en\\\/2023\\\/11\\\/30\\\/biblioteca-rmr-no-122-la-nobleza-titulada-castellana-en-la-conservacion-del-imperio-espanol-en-tiempos-de-carlos-ii-noviembre-2023\\\/#article\",\"isPartOf\":{\"@id\":\"https:\\\/\\\/www.rmcr.org\\\/en\\\/2023\\\/11\\\/30\\\/biblioteca-rmr-no-122-la-nobleza-titulada-castellana-en-la-conservacion-del-imperio-espanol-en-tiempos-de-carlos-ii-noviembre-2023\\\/\"},\"author\":{\"name\":\"BIBLIOTECA\",\"@id\":\"https:\\\/\\\/www.rmcr.org\\\/en\\\/#\\\/schema\\\/person\\\/80849edee7ef556893505128619ea1d0\"},\"headline\":\"Biblioteca-RMR: N\u00ba 122. La nobleza titulada castellana en la conservaci\u00f3n del Imperio espa\u00f1ol en tiempos de Carlos II. Noviembre 2023.\",\"datePublished\":\"2023-11-30T18:21:11+00:00\",\"dateModified\":\"2025-04-02T17:59:39+00:00\",\"mainEntityOfPage\":{\"@id\":\"https:\\\/\\\/www.rmcr.org\\\/en\\\/2023\\\/11\\\/30\\\/biblioteca-rmr-no-122-la-nobleza-titulada-castellana-en-la-conservacion-del-imperio-espanol-en-tiempos-de-carlos-ii-noviembre-2023\\\/\"},\"wordCount\":824,\"commentCount\":0,\"publisher\":{\"@id\":\"https:\\\/\\\/www.rmcr.org\\\/en\\\/#organization\"},\"image\":{\"@id\":\"https:\\\/\\\/www.rmcr.org\\\/en\\\/2023\\\/11\\\/30\\\/biblioteca-rmr-no-122-la-nobleza-titulada-castellana-en-la-conservacion-del-imperio-espanol-en-tiempos-de-carlos-ii-noviembre-2023\\\/#primaryimage\"},\"thumbnailUrl\":\"https:\\\/\\\/www.rmcr.org\\\/wp-content\\\/uploads\\\/2023\\\/12\\\/CB1027370-dest.jpg\",\"keywords\":[\"Art\u00edculos\",\"Bibliograf\u00edas\",\"Biblioteca\",\"Biblioteca-RMR\",\"Bolet\u00edn mensual bibliogr\u00e1fico\",\"\u00c9lites de poder\",\"Libros\",\"Nobleza\"],\"articleSection\":[\"Biblioteca\",\"Bolet\u00edn bibliogr\u00e1fico Biblioteca-RMR\"],\"inLanguage\":\"en-US\",\"potentialAction\":[{\"@type\":\"CommentAction\",\"name\":\"Comment\",\"target\":[\"https:\\\/\\\/www.rmcr.org\\\/en\\\/2023\\\/11\\\/30\\\/biblioteca-rmr-no-122-la-nobleza-titulada-castellana-en-la-conservacion-del-imperio-espanol-en-tiempos-de-carlos-ii-noviembre-2023\\\/#respond\"]}]},{\"@type\":\"WebPage\",\"@id\":\"https:\\\/\\\/www.rmcr.org\\\/en\\\/2023\\\/11\\\/30\\\/biblioteca-rmr-no-122-la-nobleza-titulada-castellana-en-la-conservacion-del-imperio-espanol-en-tiempos-de-carlos-ii-noviembre-2023\\\/\",\"url\":\"https:\\\/\\\/www.rmcr.org\\\/en\\\/2023\\\/11\\\/30\\\/biblioteca-rmr-no-122-la-nobleza-titulada-castellana-en-la-conservacion-del-imperio-espanol-en-tiempos-de-carlos-ii-noviembre-2023\\\/\",\"name\":\"Biblioteca-RMR: N\u00ba 122. La nobleza titulada castellana en la conservaci\u00f3n del Imperio espa\u00f1ol en tiempos de Carlos II. Noviembre 2023. - Real Maestranza de Caballer\u00eda de Ronda\",\"isPartOf\":{\"@id\":\"https:\\\/\\\/www.rmcr.org\\\/en\\\/#website\"},\"primaryImageOfPage\":{\"@id\":\"https:\\\/\\\/www.rmcr.org\\\/en\\\/2023\\\/11\\\/30\\\/biblioteca-rmr-no-122-la-nobleza-titulada-castellana-en-la-conservacion-del-imperio-espanol-en-tiempos-de-carlos-ii-noviembre-2023\\\/#primaryimage\"},\"image\":{\"@id\":\"https:\\\/\\\/www.rmcr.org\\\/en\\\/2023\\\/11\\\/30\\\/biblioteca-rmr-no-122-la-nobleza-titulada-castellana-en-la-conservacion-del-imperio-espanol-en-tiempos-de-carlos-ii-noviembre-2023\\\/#primaryimage\"},\"thumbnailUrl\":\"https:\\\/\\\/www.rmcr.org\\\/wp-content\\\/uploads\\\/2023\\\/12\\\/CB1027370-dest.jpg\",\"datePublished\":\"2023-11-30T18:21:11+00:00\",\"dateModified\":\"2025-04-02T17:59:39+00:00\",\"breadcrumb\":{\"@id\":\"https:\\\/\\\/www.rmcr.org\\\/en\\\/2023\\\/11\\\/30\\\/biblioteca-rmr-no-122-la-nobleza-titulada-castellana-en-la-conservacion-del-imperio-espanol-en-tiempos-de-carlos-ii-noviembre-2023\\\/#breadcrumb\"},\"inLanguage\":\"en-US\",\"potentialAction\":[{\"@type\":\"ReadAction\",\"target\":[\"https:\\\/\\\/www.rmcr.org\\\/en\\\/2023\\\/11\\\/30\\\/biblioteca-rmr-no-122-la-nobleza-titulada-castellana-en-la-conservacion-del-imperio-espanol-en-tiempos-de-carlos-ii-noviembre-2023\\\/\"]}]},{\"@type\":\"ImageObject\",\"inLanguage\":\"en-US\",\"@id\":\"https:\\\/\\\/www.rmcr.org\\\/en\\\/2023\\\/11\\\/30\\\/biblioteca-rmr-no-122-la-nobleza-titulada-castellana-en-la-conservacion-del-imperio-espanol-en-tiempos-de-carlos-ii-noviembre-2023\\\/#primaryimage\",\"url\":\"https:\\\/\\\/www.rmcr.org\\\/wp-content\\\/uploads\\\/2023\\\/12\\\/CB1027370-dest.jpg\",\"contentUrl\":\"https:\\\/\\\/www.rmcr.org\\\/wp-content\\\/uploads\\\/2023\\\/12\\\/CB1027370-dest.jpg\",\"width\":1200,\"height\":680},{\"@type\":\"BreadcrumbList\",\"@id\":\"https:\\\/\\\/www.rmcr.org\\\/en\\\/2023\\\/11\\\/30\\\/biblioteca-rmr-no-122-la-nobleza-titulada-castellana-en-la-conservacion-del-imperio-espanol-en-tiempos-de-carlos-ii-noviembre-2023\\\/#breadcrumb\",\"itemListElement\":[{\"@type\":\"ListItem\",\"position\":1,\"name\":\"REAL MAESTRANZA DE CABALLER\u00cdA DE RONDA\",\"item\":\"https:\\\/\\\/www.rmcr.org\\\/en\\\/\"},{\"@type\":\"ListItem\",\"position\":2,\"name\":\"Biblioteca-RMR: N\u00ba 122. La nobleza titulada castellana en la conservaci\u00f3n del Imperio espa\u00f1ol en tiempos de Carlos II. Noviembre 2023.\"}]},{\"@type\":\"WebSite\",\"@id\":\"https:\\\/\\\/www.rmcr.org\\\/en\\\/#website\",\"url\":\"https:\\\/\\\/www.rmcr.org\\\/en\\\/\",\"name\":\"Real Maestranza de Caballer\u00eda de Ronda\",\"description\":\"Real Maestranza de Caballer\u00eda de Ronda\",\"publisher\":{\"@id\":\"https:\\\/\\\/www.rmcr.org\\\/en\\\/#organization\"},\"alternateName\":\"RMCR\",\"potentialAction\":[{\"@type\":\"SearchAction\",\"target\":{\"@type\":\"EntryPoint\",\"urlTemplate\":\"https:\\\/\\\/www.rmcr.org\\\/en\\\/?s={search_term_string}\"},\"query-input\":{\"@type\":\"PropertyValueSpecification\",\"valueRequired\":true,\"valueName\":\"search_term_string\"}}],\"inLanguage\":\"en-US\"},{\"@type\":\"Organization\",\"@id\":\"https:\\\/\\\/www.rmcr.org\\\/en\\\/#organization\",\"name\":\"Real Maestranza de Caballer\u00eda de Ronda\",\"alternateName\":\"RMR\",\"url\":\"https:\\\/\\\/www.rmcr.org\\\/en\\\/\",\"logo\":{\"@type\":\"ImageObject\",\"inLanguage\":\"en-US\",\"@id\":\"https:\\\/\\\/www.rmcr.org\\\/en\\\/#\\\/schema\\\/logo\\\/image\\\/\",\"url\":\"https:\\\/\\\/www.rmcr.org\\\/wp-content\\\/uploads\\\/2022\\\/07\\\/logo-rmr-blue.svg\",\"contentUrl\":\"https:\\\/\\\/www.rmcr.org\\\/wp-content\\\/uploads\\\/2022\\\/07\\\/logo-rmr-blue.svg\",\"width\":131,\"height\":129,\"caption\":\"Real Maestranza de Caballer\u00eda de Ronda\"},\"image\":{\"@id\":\"https:\\\/\\\/www.rmcr.org\\\/en\\\/#\\\/schema\\\/logo\\\/image\\\/\"},\"sameAs\":[\"https:\\\/\\\/www.facebook.com\\\/plazadetorosronda\",\"https:\\\/\\\/x.com\\\/PlazatorosRMR\",\"https:\\\/\\\/www.instagram.com\\\/realmaestranzaderonda\\\/\",\"https:\\\/\\\/www.youtube.com\\\/channel\\\/UCrbO5IUN-8v_QML739vM4zg\\\/videos\"]},{\"@type\":\"Person\",\"@id\":\"https:\\\/\\\/www.rmcr.org\\\/en\\\/#\\\/schema\\\/person\\\/80849edee7ef556893505128619ea1d0\",\"name\":\"BIBLIOTECA\",\"image\":{\"@type\":\"ImageObject\",\"inLanguage\":\"en-US\",\"@id\":\"https:\\\/\\\/www.rmcr.org\\\/wp-content\\\/uploads\\\/2022\\\/11\\\/avatar-rmcr-96x96.png\",\"url\":\"https:\\\/\\\/www.rmcr.org\\\/wp-content\\\/uploads\\\/2022\\\/11\\\/avatar-rmcr-96x96.png\",\"contentUrl\":\"https:\\\/\\\/www.rmcr.org\\\/wp-content\\\/uploads\\\/2022\\\/11\\\/avatar-rmcr-96x96.png\",\"caption\":\"BIBLIOTECA\"},\"url\":\"https:\\\/\\\/www.rmcr.org\\\/en\\\/author\\\/juan-antonio-moreno\\\/\"}]}<\/script>\n<!-- \/ Yoast SEO plugin. -->","yoast_head_json":{"title":"Biblioteca-RMR: N\u00ba 122. La nobleza titulada castellana en la conservaci\u00f3n del Imperio espa\u00f1ol en tiempos de Carlos II. Noviembre 2023. - Real Maestranza de Caballer\u00eda de Ronda","robots":{"index":"index","follow":"follow","max-snippet":"max-snippet:-1","max-image-preview":"max-image-preview:large","max-video-preview":"max-video-preview:-1"},"canonical":"https:\/\/www.rmcr.org\/en\/2023\/11\/30\/biblioteca-rmr-no-122-la-nobleza-titulada-castellana-en-la-conservacion-del-imperio-espanol-en-tiempos-de-carlos-ii-noviembre-2023\/","og_locale":"en_US","og_type":"article","og_title":"Biblioteca-RMR: N\u00ba 122. La nobleza titulada castellana en la conservaci\u00f3n del Imperio espa\u00f1ol en tiempos de Carlos II. Noviembre 2023. - Real Maestranza de Caballer\u00eda de Ronda","og_description":"\u00abEl libro \u201cLa nobleza titulada castellana en la conservaci\u00f3n del Imperio espa\u00f1ol en tiempos de Carlos II\u201d, bajo la edici\u00f3n de Porfirio Sanz Cama\u00f1es, aporta nuevas perspectivas sobre ciertos valores nobiliarios que se hab\u00edan transformado en el seno de una sociedad en guerra, pero que no perdieron su naturaleza original, como pod\u00edan ser la lealtad, la fidelidad o el honor\u00bb","og_url":"https:\/\/www.rmcr.org\/en\/2023\/11\/30\/biblioteca-rmr-no-122-la-nobleza-titulada-castellana-en-la-conservacion-del-imperio-espanol-en-tiempos-de-carlos-ii-noviembre-2023\/","og_site_name":"Real Maestranza de Caballer\u00eda de Ronda","article_publisher":"https:\/\/www.facebook.com\/plazadetorosronda","article_published_time":"2023-11-30T18:21:11+00:00","article_modified_time":"2025-04-02T17:59:39+00:00","og_image":[{"width":1200,"height":680,"url":"https:\/\/www.rmcr.org\/wp-content\/uploads\/2023\/12\/CB1027370-dest.jpg","type":"image\/jpeg"}],"author":"BIBLIOTECA","twitter_card":"summary_large_image","twitter_creator":"@PlazatorosRMR","twitter_site":"@PlazatorosRMR","twitter_misc":{"Written by":"BIBLIOTECA","Est. reading time":"4 minutes"},"schema":{"@context":"https:\/\/schema.org","@graph":[{"@type":"Article","@id":"https:\/\/www.rmcr.org\/en\/2023\/11\/30\/biblioteca-rmr-no-122-la-nobleza-titulada-castellana-en-la-conservacion-del-imperio-espanol-en-tiempos-de-carlos-ii-noviembre-2023\/#article","isPartOf":{"@id":"https:\/\/www.rmcr.org\/en\/2023\/11\/30\/biblioteca-rmr-no-122-la-nobleza-titulada-castellana-en-la-conservacion-del-imperio-espanol-en-tiempos-de-carlos-ii-noviembre-2023\/"},"author":{"name":"BIBLIOTECA","@id":"https:\/\/www.rmcr.org\/en\/#\/schema\/person\/80849edee7ef556893505128619ea1d0"},"headline":"Biblioteca-RMR: N\u00ba 122. La nobleza titulada castellana en la conservaci\u00f3n del Imperio espa\u00f1ol en tiempos de Carlos II. Noviembre 2023.","datePublished":"2023-11-30T18:21:11+00:00","dateModified":"2025-04-02T17:59:39+00:00","mainEntityOfPage":{"@id":"https:\/\/www.rmcr.org\/en\/2023\/11\/30\/biblioteca-rmr-no-122-la-nobleza-titulada-castellana-en-la-conservacion-del-imperio-espanol-en-tiempos-de-carlos-ii-noviembre-2023\/"},"wordCount":824,"commentCount":0,"publisher":{"@id":"https:\/\/www.rmcr.org\/en\/#organization"},"image":{"@id":"https:\/\/www.rmcr.org\/en\/2023\/11\/30\/biblioteca-rmr-no-122-la-nobleza-titulada-castellana-en-la-conservacion-del-imperio-espanol-en-tiempos-de-carlos-ii-noviembre-2023\/#primaryimage"},"thumbnailUrl":"https:\/\/www.rmcr.org\/wp-content\/uploads\/2023\/12\/CB1027370-dest.jpg","keywords":["Art\u00edculos","Bibliograf\u00edas","Biblioteca","Biblioteca-RMR","Bolet\u00edn mensual bibliogr\u00e1fico","\u00c9lites de poder","Libros","Nobleza"],"articleSection":["Biblioteca","Bolet\u00edn bibliogr\u00e1fico Biblioteca-RMR"],"inLanguage":"en-US","potentialAction":[{"@type":"CommentAction","name":"Comment","target":["https:\/\/www.rmcr.org\/en\/2023\/11\/30\/biblioteca-rmr-no-122-la-nobleza-titulada-castellana-en-la-conservacion-del-imperio-espanol-en-tiempos-de-carlos-ii-noviembre-2023\/#respond"]}]},{"@type":"WebPage","@id":"https:\/\/www.rmcr.org\/en\/2023\/11\/30\/biblioteca-rmr-no-122-la-nobleza-titulada-castellana-en-la-conservacion-del-imperio-espanol-en-tiempos-de-carlos-ii-noviembre-2023\/","url":"https:\/\/www.rmcr.org\/en\/2023\/11\/30\/biblioteca-rmr-no-122-la-nobleza-titulada-castellana-en-la-conservacion-del-imperio-espanol-en-tiempos-de-carlos-ii-noviembre-2023\/","name":"Biblioteca-RMR: N\u00ba 122. La nobleza titulada castellana en la conservaci\u00f3n del Imperio espa\u00f1ol en tiempos de Carlos II. Noviembre 2023. - Real Maestranza de Caballer\u00eda de Ronda","isPartOf":{"@id":"https:\/\/www.rmcr.org\/en\/#website"},"primaryImageOfPage":{"@id":"https:\/\/www.rmcr.org\/en\/2023\/11\/30\/biblioteca-rmr-no-122-la-nobleza-titulada-castellana-en-la-conservacion-del-imperio-espanol-en-tiempos-de-carlos-ii-noviembre-2023\/#primaryimage"},"image":{"@id":"https:\/\/www.rmcr.org\/en\/2023\/11\/30\/biblioteca-rmr-no-122-la-nobleza-titulada-castellana-en-la-conservacion-del-imperio-espanol-en-tiempos-de-carlos-ii-noviembre-2023\/#primaryimage"},"thumbnailUrl":"https:\/\/www.rmcr.org\/wp-content\/uploads\/2023\/12\/CB1027370-dest.jpg","datePublished":"2023-11-30T18:21:11+00:00","dateModified":"2025-04-02T17:59:39+00:00","breadcrumb":{"@id":"https:\/\/www.rmcr.org\/en\/2023\/11\/30\/biblioteca-rmr-no-122-la-nobleza-titulada-castellana-en-la-conservacion-del-imperio-espanol-en-tiempos-de-carlos-ii-noviembre-2023\/#breadcrumb"},"inLanguage":"en-US","potentialAction":[{"@type":"ReadAction","target":["https:\/\/www.rmcr.org\/en\/2023\/11\/30\/biblioteca-rmr-no-122-la-nobleza-titulada-castellana-en-la-conservacion-del-imperio-espanol-en-tiempos-de-carlos-ii-noviembre-2023\/"]}]},{"@type":"ImageObject","inLanguage":"en-US","@id":"https:\/\/www.rmcr.org\/en\/2023\/11\/30\/biblioteca-rmr-no-122-la-nobleza-titulada-castellana-en-la-conservacion-del-imperio-espanol-en-tiempos-de-carlos-ii-noviembre-2023\/#primaryimage","url":"https:\/\/www.rmcr.org\/wp-content\/uploads\/2023\/12\/CB1027370-dest.jpg","contentUrl":"https:\/\/www.rmcr.org\/wp-content\/uploads\/2023\/12\/CB1027370-dest.jpg","width":1200,"height":680},{"@type":"BreadcrumbList","@id":"https:\/\/www.rmcr.org\/en\/2023\/11\/30\/biblioteca-rmr-no-122-la-nobleza-titulada-castellana-en-la-conservacion-del-imperio-espanol-en-tiempos-de-carlos-ii-noviembre-2023\/#breadcrumb","itemListElement":[{"@type":"ListItem","position":1,"name":"REAL MAESTRANZA DE CABALLER\u00cdA DE RONDA","item":"https:\/\/www.rmcr.org\/en\/"},{"@type":"ListItem","position":2,"name":"Biblioteca-RMR: N\u00ba 122. La nobleza titulada castellana en la conservaci\u00f3n del Imperio espa\u00f1ol en tiempos de Carlos II. Noviembre 2023."}]},{"@type":"WebSite","@id":"https:\/\/www.rmcr.org\/en\/#website","url":"https:\/\/www.rmcr.org\/en\/","name":"Real Maestranza de Caballer\u00eda de Ronda","description":"Real Maestranza de Caballer\u00eda de Ronda","publisher":{"@id":"https:\/\/www.rmcr.org\/en\/#organization"},"alternateName":"RMCR","potentialAction":[{"@type":"SearchAction","target":{"@type":"EntryPoint","urlTemplate":"https:\/\/www.rmcr.org\/en\/?s={search_term_string}"},"query-input":{"@type":"PropertyValueSpecification","valueRequired":true,"valueName":"search_term_string"}}],"inLanguage":"en-US"},{"@type":"Organization","@id":"https:\/\/www.rmcr.org\/en\/#organization","name":"Real Maestranza de Caballer\u00eda de Ronda","alternateName":"RMR","url":"https:\/\/www.rmcr.org\/en\/","logo":{"@type":"ImageObject","inLanguage":"en-US","@id":"https:\/\/www.rmcr.org\/en\/#\/schema\/logo\/image\/","url":"https:\/\/www.rmcr.org\/wp-content\/uploads\/2022\/07\/logo-rmr-blue.svg","contentUrl":"https:\/\/www.rmcr.org\/wp-content\/uploads\/2022\/07\/logo-rmr-blue.svg","width":131,"height":129,"caption":"Real Maestranza de Caballer\u00eda de Ronda"},"image":{"@id":"https:\/\/www.rmcr.org\/en\/#\/schema\/logo\/image\/"},"sameAs":["https:\/\/www.facebook.com\/plazadetorosronda","https:\/\/x.com\/PlazatorosRMR","https:\/\/www.instagram.com\/realmaestranzaderonda\/","https:\/\/www.youtube.com\/channel\/UCrbO5IUN-8v_QML739vM4zg\/videos"]},{"@type":"Person","@id":"https:\/\/www.rmcr.org\/en\/#\/schema\/person\/80849edee7ef556893505128619ea1d0","name":"BIBLIOTECA","image":{"@type":"ImageObject","inLanguage":"en-US","@id":"https:\/\/www.rmcr.org\/wp-content\/uploads\/2022\/11\/avatar-rmcr-96x96.png","url":"https:\/\/www.rmcr.org\/wp-content\/uploads\/2022\/11\/avatar-rmcr-96x96.png","contentUrl":"https:\/\/www.rmcr.org\/wp-content\/uploads\/2022\/11\/avatar-rmcr-96x96.png","caption":"BIBLIOTECA"},"url":"https:\/\/www.rmcr.org\/en\/author\/juan-antonio-moreno\/"}]}},"_links":{"self":[{"href":"https:\/\/www.rmcr.org\/en\/wp-json\/wp\/v2\/posts\/19613","targetHints":{"allow":["GET"]}}],"collection":[{"href":"https:\/\/www.rmcr.org\/en\/wp-json\/wp\/v2\/posts"}],"about":[{"href":"https:\/\/www.rmcr.org\/en\/wp-json\/wp\/v2\/types\/post"}],"author":[{"embeddable":true,"href":"https:\/\/www.rmcr.org\/en\/wp-json\/wp\/v2\/users\/2"}],"replies":[{"embeddable":true,"href":"https:\/\/www.rmcr.org\/en\/wp-json\/wp\/v2\/comments?post=19613"}],"version-history":[{"count":1,"href":"https:\/\/www.rmcr.org\/en\/wp-json\/wp\/v2\/posts\/19613\/revisions"}],"predecessor-version":[{"id":19618,"href":"https:\/\/www.rmcr.org\/en\/wp-json\/wp\/v2\/posts\/19613\/revisions\/19618"}],"wp:featuredmedia":[{"embeddable":true,"href":"https:\/\/www.rmcr.org\/en\/wp-json\/wp\/v2\/media\/19614"}],"wp:attachment":[{"href":"https:\/\/www.rmcr.org\/en\/wp-json\/wp\/v2\/media?parent=19613"}],"wp:term":[{"taxonomy":"category","embeddable":true,"href":"https:\/\/www.rmcr.org\/en\/wp-json\/wp\/v2\/categories?post=19613"},{"taxonomy":"post_tag","embeddable":true,"href":"https:\/\/www.rmcr.org\/en\/wp-json\/wp\/v2\/tags?post=19613"}],"curies":[{"name":"wp","href":"https:\/\/api.w.org\/{rel}","templated":true}]}}