{"id":19564,"date":"2023-11-28T10:47:20","date_gmt":"2023-11-28T10:47:20","guid":{"rendered":"https:\/\/www.rmcr.org\/?p=19564"},"modified":"2025-04-03T17:17:47","modified_gmt":"2025-04-03T17:17:47","slug":"acto-de-presentacion-del-libro-historia-desconocida-del-descubrimiento-de-america","status":"publish","type":"post","link":"https:\/\/www.rmcr.org\/en\/2023\/11\/28\/acto-de-presentacion-del-libro-historia-desconocida-del-descubrimiento-de-america\/","title":{"rendered":"Acto de presentaci\u00f3n del libro \u00abHistoria desconocida del descubrimiento de Am\u00e9rica\u00bb"},"content":{"rendered":"<p>El ensayo publicado por la editorial Almuzara pone el foco en aspectos muy importantes casi desconocidos de la historia americana, tambi\u00e9n muchas veces desfigurada por mitos o leyendas demasiado interesadas, porque durante siglos se ha vertido una historiograf\u00eda devastadora para Espa\u00f1a, estrechamente vinculada al concepto de lo que hoy se conoce y se identifica como leyenda negra espa\u00f1ola, alimentada con igual complacencia desde pa\u00edses extranjeros como por algunos espa\u00f1oles que han llevado al menoscabo y minimizaci\u00f3n de lo que ha sido la magna obra espa\u00f1ola a lo largo de la Historia, particularmente la acometida entre los siglos XV y XVIII.\u00a0Y con ello, a una incorrecta interpretaci\u00f3n de la historia universal de tres siglos. Esta incorrecci\u00f3n hist\u00f3rica basada en bulos y en la deformaci\u00f3n de los hechos, no solo causa perjuicio a Espa\u00f1a y a los espa\u00f1oles, sino a todos los que se acercan con intenci\u00f3n cient\u00edfica e imparcial a la Historia.<\/p>\n<p><img fetchpriority=\"high\" decoding=\"async\" class=\"aligncenter wp-image-19565 size-full\" src=\"https:\/\/www.rmcr.org\/wp-content\/uploads\/2023\/11\/lui-ant-1.jpg\" alt=\"\" width=\"675\" height=\"450\" srcset=\"https:\/\/www.rmcr.org\/wp-content\/uploads\/2023\/11\/lui-ant-1.jpg 675w, https:\/\/www.rmcr.org\/wp-content\/uploads\/2023\/11\/lui-ant-1-300x200.jpg 300w\" sizes=\"(max-width: 675px) 100vw, 675px\" \/><\/p>\n<p>\u00bfQui\u00e9n dej\u00f3 plasmadas las v\u00edas marinas de ida y vuelta en las rutas americanas? \u00bfLleg\u00f3 Col\u00f3n a tener conciencia de haber encontrado un nuevo continente? \u00bfRob\u00f3 Espa\u00f1a el oro americano? \u00bfQu\u00e9 aport\u00f3 Espa\u00f1a al Nuevo Mundo? \u00bfQu\u00e9 supuso la nueva lengua para los abor\u00edgenes americanos? \u00bfHace justicia a la Historia la nomenclatura americana que ha prevalecido? \u00bfEstados Unidos intervino en la creaci\u00f3n de la Leyenda Negra que se atribuye a ingleses, franceses y holandeses?<\/p>\n<p>Con un verbo \u00e1gil y directo, el autor hace un ejercicio de reescritura, no tanto de la historia, como de la metahistoria de Espa\u00f1a, y pone en el lugar que le corresponde los momentos m\u00e1s controvertidos de la obra espa\u00f1ola a lo largo de los siglos, con enfoques m\u00e1s adecuados que los utilizados hasta ahora, y redefiniendo los conceptos para ajustarlos mejor a la realidad hist\u00f3rica.<\/p>\n<p><img decoding=\"async\" class=\"aligncenter wp-image-19567 size-full\" src=\"https:\/\/www.rmcr.org\/wp-content\/uploads\/2023\/11\/lui-ant-2.jpg\" alt=\"\" width=\"675\" height=\"450\" srcset=\"https:\/\/www.rmcr.org\/wp-content\/uploads\/2023\/11\/lui-ant-2.jpg 675w, https:\/\/www.rmcr.org\/wp-content\/uploads\/2023\/11\/lui-ant-2-300x200.jpg 300w\" sizes=\"(max-width: 675px) 100vw, 675px\" \/><\/p>\n<p>Luis Antequera (Madrid, 1960) es abogado y economista. En su haber como escritor tiene 6 libros publicados y m\u00e1s de 2.500 art\u00edculos en diversos medios. En el \u00e1mbito cultural ha impartido m\u00e1s de cincuenta conferencias. Tambi\u00e9n es contertulio y colaborador en diferentes programas de radio y televisi\u00f3n. Es fundador de <em>El Club de la Tertulia<\/em>\u00a0y miembro del foro de debate <em>Di\u00e1logos para el Desarrollo<\/em>.<\/p>\n<p>La presentaci\u00f3n se enmarca dentro de la celebraci\u00f3n del 450 aniversario de la fundaci\u00f3n de la instituci\u00f3n maestrante (1573-2023), que cuenta durante el presente a\u00f1o con un completo programa de actividades culturales.<\/p>\n<p>Para ver el video del acto pulse en el siguiente enlace: <a href=\"https:\/\/youtu.be\/AbzbfioDY4Y\">https:\/\/youtu.be\/AbzbfioDY4Y<\/a><\/p>\n","protected":false},"excerpt":{"rendered":"<p>\u00abLa actividad se celebr\u00f3 el viernes 24 de noviembre en el Sal\u00f3n de Grados de la Real Maestranza, con una conversaci\u00f3n entre el autor de la obra, Luis Antequera, y el bibliotecario de la instituci\u00f3n, Juan Antonio Moreno\u00bb<\/p>\n","protected":false},"author":2,"featured_media":19577,"comment_status":"open","ping_status":"open","sticky":false,"template":"","format":"standard","meta":{"footnotes":""},"categories":[140,193],"tags":[806,105,172,807,137,805],"class_list":["post-19564","post","type-post","status-publish","format-standard","has-post-thumbnail","hentry","category-biblioteca","category-presentaciones","tag-america","tag-biblioteca-general","tag-historia","tag-juan-antonio-moreno-martin","tag-libros","tag-luis-antequera"],"yoast_head":"<!-- This site is optimized with the Yoast SEO plugin v27.5 - https:\/\/yoast.com\/product\/yoast-seo-wordpress\/ -->\n<title>Acto de presentaci\u00f3n del libro \u00abHistoria desconocida del descubrimiento de Am\u00e9rica\u00bb - Real Maestranza de Caballer\u00eda de Ronda<\/title>\n<meta name=\"robots\" content=\"index, follow, max-snippet:-1, max-image-preview:large, max-video-preview:-1\" \/>\n<link rel=\"canonical\" href=\"https:\/\/www.rmcr.org\/en\/2023\/11\/28\/acto-de-presentacion-del-libro-historia-desconocida-del-descubrimiento-de-america\/\" \/>\n<meta property=\"og:locale\" content=\"en_US\" \/>\n<meta property=\"og:type\" content=\"article\" \/>\n<meta property=\"og:title\" content=\"Acto de presentaci\u00f3n del libro \u00abHistoria desconocida del descubrimiento de Am\u00e9rica\u00bb - Real Maestranza de Caballer\u00eda de Ronda\" \/>\n<meta property=\"og:description\" content=\"\u00abLa actividad se celebr\u00f3 el viernes 24 de noviembre en el Sal\u00f3n de Grados de la Real Maestranza, con una conversaci\u00f3n entre el autor de la obra, Luis Antequera, y el bibliotecario de la instituci\u00f3n, Juan Antonio Moreno\u00bb\" \/>\n<meta property=\"og:url\" content=\"https:\/\/www.rmcr.org\/en\/2023\/11\/28\/acto-de-presentacion-del-libro-historia-desconocida-del-descubrimiento-de-america\/\" \/>\n<meta property=\"og:site_name\" content=\"Real Maestranza de Caballer\u00eda de Ronda\" \/>\n<meta property=\"article:publisher\" content=\"https:\/\/www.facebook.com\/plazadetorosronda\" \/>\n<meta property=\"article:published_time\" content=\"2023-11-28T10:47:20+00:00\" \/>\n<meta property=\"article:modified_time\" content=\"2025-04-03T17:17:47+00:00\" \/>\n<meta property=\"og:image\" content=\"https:\/\/www.rmcr.org\/wp-content\/uploads\/2023\/11\/lui-ant-dest.jpg\" \/>\n\t<meta property=\"og:image:width\" content=\"1200\" \/>\n\t<meta property=\"og:image:height\" content=\"680\" \/>\n\t<meta property=\"og:image:type\" content=\"image\/jpeg\" \/>\n<meta name=\"author\" content=\"BIBLIOTECA\" \/>\n<meta name=\"twitter:card\" content=\"summary_large_image\" \/>\n<meta name=\"twitter:creator\" content=\"@PlazatorosRMR\" \/>\n<meta name=\"twitter:site\" content=\"@PlazatorosRMR\" \/>\n<meta name=\"twitter:label1\" content=\"Written by\" \/>\n\t<meta name=\"twitter:data1\" content=\"BIBLIOTECA\" \/>\n\t<meta name=\"twitter:label2\" content=\"Est. reading time\" \/>\n\t<meta name=\"twitter:data2\" content=\"1 minute\" \/>\n<script type=\"application\/ld+json\" class=\"yoast-schema-graph\">{\"@context\":\"https:\\\/\\\/schema.org\",\"@graph\":[{\"@type\":\"Article\",\"@id\":\"https:\\\/\\\/www.rmcr.org\\\/en\\\/2023\\\/11\\\/28\\\/acto-de-presentacion-del-libro-historia-desconocida-del-descubrimiento-de-america\\\/#article\",\"isPartOf\":{\"@id\":\"https:\\\/\\\/www.rmcr.org\\\/en\\\/2023\\\/11\\\/28\\\/acto-de-presentacion-del-libro-historia-desconocida-del-descubrimiento-de-america\\\/\"},\"author\":{\"name\":\"BIBLIOTECA\",\"@id\":\"https:\\\/\\\/www.rmcr.org\\\/en\\\/#\\\/schema\\\/person\\\/80849edee7ef556893505128619ea1d0\"},\"headline\":\"Acto de presentaci\u00f3n del libro \u00abHistoria desconocida del descubrimiento de Am\u00e9rica\u00bb\",\"datePublished\":\"2023-11-28T10:47:20+00:00\",\"dateModified\":\"2025-04-03T17:17:47+00:00\",\"mainEntityOfPage\":{\"@id\":\"https:\\\/\\\/www.rmcr.org\\\/en\\\/2023\\\/11\\\/28\\\/acto-de-presentacion-del-libro-historia-desconocida-del-descubrimiento-de-america\\\/\"},\"wordCount\":453,\"commentCount\":0,\"publisher\":{\"@id\":\"https:\\\/\\\/www.rmcr.org\\\/en\\\/#organization\"},\"image\":{\"@id\":\"https:\\\/\\\/www.rmcr.org\\\/en\\\/2023\\\/11\\\/28\\\/acto-de-presentacion-del-libro-historia-desconocida-del-descubrimiento-de-america\\\/#primaryimage\"},\"thumbnailUrl\":\"https:\\\/\\\/www.rmcr.org\\\/wp-content\\\/uploads\\\/2023\\\/11\\\/lui-ant-dest.jpg\",\"keywords\":[\"Am\u00e9rica\",\"Biblioteca\",\"Historia\",\"Juan Antonio Moreno Mart\u00edn\",\"Libros\",\"Luis Antequera\"],\"articleSection\":[\"Biblioteca\",\"Presentaciones\"],\"inLanguage\":\"en-US\",\"potentialAction\":[{\"@type\":\"CommentAction\",\"name\":\"Comment\",\"target\":[\"https:\\\/\\\/www.rmcr.org\\\/en\\\/2023\\\/11\\\/28\\\/acto-de-presentacion-del-libro-historia-desconocida-del-descubrimiento-de-america\\\/#respond\"]}]},{\"@type\":\"WebPage\",\"@id\":\"https:\\\/\\\/www.rmcr.org\\\/en\\\/2023\\\/11\\\/28\\\/acto-de-presentacion-del-libro-historia-desconocida-del-descubrimiento-de-america\\\/\",\"url\":\"https:\\\/\\\/www.rmcr.org\\\/en\\\/2023\\\/11\\\/28\\\/acto-de-presentacion-del-libro-historia-desconocida-del-descubrimiento-de-america\\\/\",\"name\":\"Acto de presentaci\u00f3n del libro \u00abHistoria desconocida del descubrimiento de Am\u00e9rica\u00bb - Real Maestranza de Caballer\u00eda de Ronda\",\"isPartOf\":{\"@id\":\"https:\\\/\\\/www.rmcr.org\\\/en\\\/#website\"},\"primaryImageOfPage\":{\"@id\":\"https:\\\/\\\/www.rmcr.org\\\/en\\\/2023\\\/11\\\/28\\\/acto-de-presentacion-del-libro-historia-desconocida-del-descubrimiento-de-america\\\/#primaryimage\"},\"image\":{\"@id\":\"https:\\\/\\\/www.rmcr.org\\\/en\\\/2023\\\/11\\\/28\\\/acto-de-presentacion-del-libro-historia-desconocida-del-descubrimiento-de-america\\\/#primaryimage\"},\"thumbnailUrl\":\"https:\\\/\\\/www.rmcr.org\\\/wp-content\\\/uploads\\\/2023\\\/11\\\/lui-ant-dest.jpg\",\"datePublished\":\"2023-11-28T10:47:20+00:00\",\"dateModified\":\"2025-04-03T17:17:47+00:00\",\"breadcrumb\":{\"@id\":\"https:\\\/\\\/www.rmcr.org\\\/en\\\/2023\\\/11\\\/28\\\/acto-de-presentacion-del-libro-historia-desconocida-del-descubrimiento-de-america\\\/#breadcrumb\"},\"inLanguage\":\"en-US\",\"potentialAction\":[{\"@type\":\"ReadAction\",\"target\":[\"https:\\\/\\\/www.rmcr.org\\\/en\\\/2023\\\/11\\\/28\\\/acto-de-presentacion-del-libro-historia-desconocida-del-descubrimiento-de-america\\\/\"]}]},{\"@type\":\"ImageObject\",\"inLanguage\":\"en-US\",\"@id\":\"https:\\\/\\\/www.rmcr.org\\\/en\\\/2023\\\/11\\\/28\\\/acto-de-presentacion-del-libro-historia-desconocida-del-descubrimiento-de-america\\\/#primaryimage\",\"url\":\"https:\\\/\\\/www.rmcr.org\\\/wp-content\\\/uploads\\\/2023\\\/11\\\/lui-ant-dest.jpg\",\"contentUrl\":\"https:\\\/\\\/www.rmcr.org\\\/wp-content\\\/uploads\\\/2023\\\/11\\\/lui-ant-dest.jpg\",\"width\":1200,\"height\":680},{\"@type\":\"BreadcrumbList\",\"@id\":\"https:\\\/\\\/www.rmcr.org\\\/en\\\/2023\\\/11\\\/28\\\/acto-de-presentacion-del-libro-historia-desconocida-del-descubrimiento-de-america\\\/#breadcrumb\",\"itemListElement\":[{\"@type\":\"ListItem\",\"position\":1,\"name\":\"REAL MAESTRANZA DE CABALLER\u00cdA DE RONDA\",\"item\":\"https:\\\/\\\/www.rmcr.org\\\/en\\\/\"},{\"@type\":\"ListItem\",\"position\":2,\"name\":\"Acto de presentaci\u00f3n del libro \u00abHistoria desconocida del descubrimiento de Am\u00e9rica\u00bb\"}]},{\"@type\":\"WebSite\",\"@id\":\"https:\\\/\\\/www.rmcr.org\\\/en\\\/#website\",\"url\":\"https:\\\/\\\/www.rmcr.org\\\/en\\\/\",\"name\":\"Real Maestranza de Caballer\u00eda de Ronda\",\"description\":\"Real Maestranza de Caballer\u00eda de Ronda\",\"publisher\":{\"@id\":\"https:\\\/\\\/www.rmcr.org\\\/en\\\/#organization\"},\"alternateName\":\"RMCR\",\"potentialAction\":[{\"@type\":\"SearchAction\",\"target\":{\"@type\":\"EntryPoint\",\"urlTemplate\":\"https:\\\/\\\/www.rmcr.org\\\/en\\\/?s={search_term_string}\"},\"query-input\":{\"@type\":\"PropertyValueSpecification\",\"valueRequired\":true,\"valueName\":\"search_term_string\"}}],\"inLanguage\":\"en-US\"},{\"@type\":\"Organization\",\"@id\":\"https:\\\/\\\/www.rmcr.org\\\/en\\\/#organization\",\"name\":\"Real Maestranza de Caballer\u00eda de Ronda\",\"alternateName\":\"RMR\",\"url\":\"https:\\\/\\\/www.rmcr.org\\\/en\\\/\",\"logo\":{\"@type\":\"ImageObject\",\"inLanguage\":\"en-US\",\"@id\":\"https:\\\/\\\/www.rmcr.org\\\/en\\\/#\\\/schema\\\/logo\\\/image\\\/\",\"url\":\"https:\\\/\\\/www.rmcr.org\\\/wp-content\\\/uploads\\\/2022\\\/07\\\/logo-rmr-blue.svg\",\"contentUrl\":\"https:\\\/\\\/www.rmcr.org\\\/wp-content\\\/uploads\\\/2022\\\/07\\\/logo-rmr-blue.svg\",\"width\":131,\"height\":129,\"caption\":\"Real Maestranza de Caballer\u00eda de Ronda\"},\"image\":{\"@id\":\"https:\\\/\\\/www.rmcr.org\\\/en\\\/#\\\/schema\\\/logo\\\/image\\\/\"},\"sameAs\":[\"https:\\\/\\\/www.facebook.com\\\/plazadetorosronda\",\"https:\\\/\\\/x.com\\\/PlazatorosRMR\",\"https:\\\/\\\/www.instagram.com\\\/realmaestranzaderonda\\\/\",\"https:\\\/\\\/www.youtube.com\\\/channel\\\/UCrbO5IUN-8v_QML739vM4zg\\\/videos\"]},{\"@type\":\"Person\",\"@id\":\"https:\\\/\\\/www.rmcr.org\\\/en\\\/#\\\/schema\\\/person\\\/80849edee7ef556893505128619ea1d0\",\"name\":\"BIBLIOTECA\",\"image\":{\"@type\":\"ImageObject\",\"inLanguage\":\"en-US\",\"@id\":\"https:\\\/\\\/www.rmcr.org\\\/wp-content\\\/uploads\\\/2022\\\/11\\\/avatar-rmcr-96x96.png\",\"url\":\"https:\\\/\\\/www.rmcr.org\\\/wp-content\\\/uploads\\\/2022\\\/11\\\/avatar-rmcr-96x96.png\",\"contentUrl\":\"https:\\\/\\\/www.rmcr.org\\\/wp-content\\\/uploads\\\/2022\\\/11\\\/avatar-rmcr-96x96.png\",\"caption\":\"BIBLIOTECA\"},\"url\":\"https:\\\/\\\/www.rmcr.org\\\/en\\\/author\\\/juan-antonio-moreno\\\/\"}]}<\/script>\n<!-- \/ Yoast SEO plugin. -->","yoast_head_json":{"title":"Acto de presentaci\u00f3n del libro \u00abHistoria desconocida del descubrimiento de Am\u00e9rica\u00bb - Real Maestranza de Caballer\u00eda de Ronda","robots":{"index":"index","follow":"follow","max-snippet":"max-snippet:-1","max-image-preview":"max-image-preview:large","max-video-preview":"max-video-preview:-1"},"canonical":"https:\/\/www.rmcr.org\/en\/2023\/11\/28\/acto-de-presentacion-del-libro-historia-desconocida-del-descubrimiento-de-america\/","og_locale":"en_US","og_type":"article","og_title":"Acto de presentaci\u00f3n del libro \u00abHistoria desconocida del descubrimiento de Am\u00e9rica\u00bb - Real Maestranza de Caballer\u00eda de Ronda","og_description":"\u00abLa actividad se celebr\u00f3 el viernes 24 de noviembre en el Sal\u00f3n de Grados de la Real Maestranza, con una conversaci\u00f3n entre el autor de la obra, Luis Antequera, y el bibliotecario de la instituci\u00f3n, Juan Antonio Moreno\u00bb","og_url":"https:\/\/www.rmcr.org\/en\/2023\/11\/28\/acto-de-presentacion-del-libro-historia-desconocida-del-descubrimiento-de-america\/","og_site_name":"Real Maestranza de Caballer\u00eda de Ronda","article_publisher":"https:\/\/www.facebook.com\/plazadetorosronda","article_published_time":"2023-11-28T10:47:20+00:00","article_modified_time":"2025-04-03T17:17:47+00:00","og_image":[{"width":1200,"height":680,"url":"https:\/\/www.rmcr.org\/wp-content\/uploads\/2023\/11\/lui-ant-dest.jpg","type":"image\/jpeg"}],"author":"BIBLIOTECA","twitter_card":"summary_large_image","twitter_creator":"@PlazatorosRMR","twitter_site":"@PlazatorosRMR","twitter_misc":{"Written by":"BIBLIOTECA","Est. reading time":"1 minute"},"schema":{"@context":"https:\/\/schema.org","@graph":[{"@type":"Article","@id":"https:\/\/www.rmcr.org\/en\/2023\/11\/28\/acto-de-presentacion-del-libro-historia-desconocida-del-descubrimiento-de-america\/#article","isPartOf":{"@id":"https:\/\/www.rmcr.org\/en\/2023\/11\/28\/acto-de-presentacion-del-libro-historia-desconocida-del-descubrimiento-de-america\/"},"author":{"name":"BIBLIOTECA","@id":"https:\/\/www.rmcr.org\/en\/#\/schema\/person\/80849edee7ef556893505128619ea1d0"},"headline":"Acto de presentaci\u00f3n del libro \u00abHistoria desconocida del descubrimiento de Am\u00e9rica\u00bb","datePublished":"2023-11-28T10:47:20+00:00","dateModified":"2025-04-03T17:17:47+00:00","mainEntityOfPage":{"@id":"https:\/\/www.rmcr.org\/en\/2023\/11\/28\/acto-de-presentacion-del-libro-historia-desconocida-del-descubrimiento-de-america\/"},"wordCount":453,"commentCount":0,"publisher":{"@id":"https:\/\/www.rmcr.org\/en\/#organization"},"image":{"@id":"https:\/\/www.rmcr.org\/en\/2023\/11\/28\/acto-de-presentacion-del-libro-historia-desconocida-del-descubrimiento-de-america\/#primaryimage"},"thumbnailUrl":"https:\/\/www.rmcr.org\/wp-content\/uploads\/2023\/11\/lui-ant-dest.jpg","keywords":["Am\u00e9rica","Biblioteca","Historia","Juan Antonio Moreno Mart\u00edn","Libros","Luis Antequera"],"articleSection":["Biblioteca","Presentaciones"],"inLanguage":"en-US","potentialAction":[{"@type":"CommentAction","name":"Comment","target":["https:\/\/www.rmcr.org\/en\/2023\/11\/28\/acto-de-presentacion-del-libro-historia-desconocida-del-descubrimiento-de-america\/#respond"]}]},{"@type":"WebPage","@id":"https:\/\/www.rmcr.org\/en\/2023\/11\/28\/acto-de-presentacion-del-libro-historia-desconocida-del-descubrimiento-de-america\/","url":"https:\/\/www.rmcr.org\/en\/2023\/11\/28\/acto-de-presentacion-del-libro-historia-desconocida-del-descubrimiento-de-america\/","name":"Acto de presentaci\u00f3n del libro \u00abHistoria desconocida del descubrimiento de Am\u00e9rica\u00bb - Real Maestranza de Caballer\u00eda de Ronda","isPartOf":{"@id":"https:\/\/www.rmcr.org\/en\/#website"},"primaryImageOfPage":{"@id":"https:\/\/www.rmcr.org\/en\/2023\/11\/28\/acto-de-presentacion-del-libro-historia-desconocida-del-descubrimiento-de-america\/#primaryimage"},"image":{"@id":"https:\/\/www.rmcr.org\/en\/2023\/11\/28\/acto-de-presentacion-del-libro-historia-desconocida-del-descubrimiento-de-america\/#primaryimage"},"thumbnailUrl":"https:\/\/www.rmcr.org\/wp-content\/uploads\/2023\/11\/lui-ant-dest.jpg","datePublished":"2023-11-28T10:47:20+00:00","dateModified":"2025-04-03T17:17:47+00:00","breadcrumb":{"@id":"https:\/\/www.rmcr.org\/en\/2023\/11\/28\/acto-de-presentacion-del-libro-historia-desconocida-del-descubrimiento-de-america\/#breadcrumb"},"inLanguage":"en-US","potentialAction":[{"@type":"ReadAction","target":["https:\/\/www.rmcr.org\/en\/2023\/11\/28\/acto-de-presentacion-del-libro-historia-desconocida-del-descubrimiento-de-america\/"]}]},{"@type":"ImageObject","inLanguage":"en-US","@id":"https:\/\/www.rmcr.org\/en\/2023\/11\/28\/acto-de-presentacion-del-libro-historia-desconocida-del-descubrimiento-de-america\/#primaryimage","url":"https:\/\/www.rmcr.org\/wp-content\/uploads\/2023\/11\/lui-ant-dest.jpg","contentUrl":"https:\/\/www.rmcr.org\/wp-content\/uploads\/2023\/11\/lui-ant-dest.jpg","width":1200,"height":680},{"@type":"BreadcrumbList","@id":"https:\/\/www.rmcr.org\/en\/2023\/11\/28\/acto-de-presentacion-del-libro-historia-desconocida-del-descubrimiento-de-america\/#breadcrumb","itemListElement":[{"@type":"ListItem","position":1,"name":"REAL MAESTRANZA DE CABALLER\u00cdA DE RONDA","item":"https:\/\/www.rmcr.org\/en\/"},{"@type":"ListItem","position":2,"name":"Acto de presentaci\u00f3n del libro \u00abHistoria desconocida del descubrimiento de Am\u00e9rica\u00bb"}]},{"@type":"WebSite","@id":"https:\/\/www.rmcr.org\/en\/#website","url":"https:\/\/www.rmcr.org\/en\/","name":"Real Maestranza de Caballer\u00eda de Ronda","description":"Real Maestranza de Caballer\u00eda de Ronda","publisher":{"@id":"https:\/\/www.rmcr.org\/en\/#organization"},"alternateName":"RMCR","potentialAction":[{"@type":"SearchAction","target":{"@type":"EntryPoint","urlTemplate":"https:\/\/www.rmcr.org\/en\/?s={search_term_string}"},"query-input":{"@type":"PropertyValueSpecification","valueRequired":true,"valueName":"search_term_string"}}],"inLanguage":"en-US"},{"@type":"Organization","@id":"https:\/\/www.rmcr.org\/en\/#organization","name":"Real Maestranza de Caballer\u00eda de Ronda","alternateName":"RMR","url":"https:\/\/www.rmcr.org\/en\/","logo":{"@type":"ImageObject","inLanguage":"en-US","@id":"https:\/\/www.rmcr.org\/en\/#\/schema\/logo\/image\/","url":"https:\/\/www.rmcr.org\/wp-content\/uploads\/2022\/07\/logo-rmr-blue.svg","contentUrl":"https:\/\/www.rmcr.org\/wp-content\/uploads\/2022\/07\/logo-rmr-blue.svg","width":131,"height":129,"caption":"Real Maestranza de Caballer\u00eda de Ronda"},"image":{"@id":"https:\/\/www.rmcr.org\/en\/#\/schema\/logo\/image\/"},"sameAs":["https:\/\/www.facebook.com\/plazadetorosronda","https:\/\/x.com\/PlazatorosRMR","https:\/\/www.instagram.com\/realmaestranzaderonda\/","https:\/\/www.youtube.com\/channel\/UCrbO5IUN-8v_QML739vM4zg\/videos"]},{"@type":"Person","@id":"https:\/\/www.rmcr.org\/en\/#\/schema\/person\/80849edee7ef556893505128619ea1d0","name":"BIBLIOTECA","image":{"@type":"ImageObject","inLanguage":"en-US","@id":"https:\/\/www.rmcr.org\/wp-content\/uploads\/2022\/11\/avatar-rmcr-96x96.png","url":"https:\/\/www.rmcr.org\/wp-content\/uploads\/2022\/11\/avatar-rmcr-96x96.png","contentUrl":"https:\/\/www.rmcr.org\/wp-content\/uploads\/2022\/11\/avatar-rmcr-96x96.png","caption":"BIBLIOTECA"},"url":"https:\/\/www.rmcr.org\/en\/author\/juan-antonio-moreno\/"}]}},"_links":{"self":[{"href":"https:\/\/www.rmcr.org\/en\/wp-json\/wp\/v2\/posts\/19564","targetHints":{"allow":["GET"]}}],"collection":[{"href":"https:\/\/www.rmcr.org\/en\/wp-json\/wp\/v2\/posts"}],"about":[{"href":"https:\/\/www.rmcr.org\/en\/wp-json\/wp\/v2\/types\/post"}],"author":[{"embeddable":true,"href":"https:\/\/www.rmcr.org\/en\/wp-json\/wp\/v2\/users\/2"}],"replies":[{"embeddable":true,"href":"https:\/\/www.rmcr.org\/en\/wp-json\/wp\/v2\/comments?post=19564"}],"version-history":[{"count":5,"href":"https:\/\/www.rmcr.org\/en\/wp-json\/wp\/v2\/posts\/19564\/revisions"}],"predecessor-version":[{"id":19576,"href":"https:\/\/www.rmcr.org\/en\/wp-json\/wp\/v2\/posts\/19564\/revisions\/19576"}],"wp:featuredmedia":[{"embeddable":true,"href":"https:\/\/www.rmcr.org\/en\/wp-json\/wp\/v2\/media\/19577"}],"wp:attachment":[{"href":"https:\/\/www.rmcr.org\/en\/wp-json\/wp\/v2\/media?parent=19564"}],"wp:term":[{"taxonomy":"category","embeddable":true,"href":"https:\/\/www.rmcr.org\/en\/wp-json\/wp\/v2\/categories?post=19564"},{"taxonomy":"post_tag","embeddable":true,"href":"https:\/\/www.rmcr.org\/en\/wp-json\/wp\/v2\/tags?post=19564"}],"curies":[{"name":"wp","href":"https:\/\/api.w.org\/{rel}","templated":true}]}}