{"id":19350,"date":"2020-07-23T16:15:45","date_gmt":"2020-07-23T16:15:45","guid":{"rendered":"https:\/\/www.rmcr.org\/?p=19350"},"modified":"2025-04-04T08:40:45","modified_gmt":"2025-04-04T08:40:45","slug":"clausurado-el-ii-congreso-internacional-de-historia-de-la-serrania-de-ronda","status":"publish","type":"post","link":"https:\/\/www.rmcr.org\/en\/2020\/07\/23\/clausurado-el-ii-congreso-internacional-de-historia-de-la-serrania-de-ronda\/","title":{"rendered":"Clausurado el II Congreso Internacional de Historia de la Serran\u00eda de Ronda"},"content":{"rendered":"\t\t<div data-elementor-type=\"wp-post\" data-elementor-id=\"19350\" class=\"elementor elementor-19350\" data-elementor-post-type=\"post\">\n\t\t\t\t\t\t<section class=\"elementor-section elementor-top-section elementor-element elementor-element-598338a elementor-section-boxed elementor-section-height-default elementor-section-height-default\" data-id=\"598338a\" data-element_type=\"section\" data-e-type=\"section\">\n\t\t\t\t\t\t<div class=\"elementor-container elementor-column-gap-default\">\n\t\t\t\t\t<div class=\"elementor-column elementor-col-100 elementor-top-column elementor-element elementor-element-d5b774a\" data-id=\"d5b774a\" data-element_type=\"column\" data-e-type=\"column\">\n\t\t\t<div class=\"elementor-widget-wrap elementor-element-populated\">\n\t\t\t\t\t\t<div class=\"elementor-element elementor-element-4efe040 elementor-widget elementor-widget-text-editor\" data-id=\"4efe040\" data-element_type=\"widget\" data-e-type=\"widget\" data-widget_type=\"text-editor.default\">\n\t\t\t\t<div class=\"elementor-widget-container\">\n\t\t\t\t\t\t\t\t\t<p>El Congreso estuvo dedicado a un per\u00edodo clave en la conformaci\u00f3n hist\u00f3rica de lo que actualmente es la Serran\u00eda de Ronda: el Medievo, con el protagonismo de al-\u00c1ndalus (almor\u00e1vides, almohades y nazar\u00edes\/meren\u00edes) y los inicios de la Edad Moderna, desde los precedentes visigodos y bizantinos hasta el ep\u00edlogo mud\u00e9jar y morisco, \u00e9poca de transici\u00f3n en esta zona geogr\u00e1fica, cuyo final supuso la entrada de Ronda y la Serran\u00eda en la plena Modernidad. Con este encuentro acad\u00e9mico se pretende dar visibilidad a los estudios realizados en los \u00faltimos a\u00f1os por un amplio elenco de investigadores.<\/p><p><strong>Diecis\u00e9is ponencias<\/strong><\/p><p>El programa estuvo compuesto por diecis\u00e9is ponencias, m\u00e1s de una veintena de comunicaciones y cuatro mesas redondas, contando con la participaci\u00f3n de: Margarita Vallejo (Universidad de Alcal\u00e1 de Henares); Juan A. Chavarr\u00eda (Universidad Complutense de Madrid); Tawfiq Ibrahim (Investigador independiente); Luis Iglesias (IERS); Jos\u00e9 M\u00aa Guti\u00e9rrez (Museo Hist\u00f3rico de Villamart\u00edn-IERS); Pierre Guichard (Universit\u00e9 Lumi\u00e8re Lyon II); Virgilio Mart\u00ednez (Universidad de M\u00e1laga-IERS); Christine Mazzoli-Guintard (Universit\u00e9 de Nantes); Antonio Ord\u00f3\u00f1ez (IERS); Jaafar Ben El Haj Soulami (Universit\u00e9 Abdelmalek Essaadi de T\u00e9touan); Miguel A. Borrego (Centro de Estudios Hist\u00f3rico Jerezanos); \u00c1lvaro Soler (Real Armer\u00eda de Madrid, Patrimonio Nacional); Bernard Vincent (\u00c9cole des Hautes \u00c9tudes en Sciences Sociales); M\u00aa Antonia Salas (IERS); Esteban L\u00f3pez (IERS); F\u00e9lix Retamero (Universitat Aut\u00f2noma de Barcelona); Francisco Siles (IERS); Rafael M. P\u00e9rez (Universidad de Sevilla) y Manuel Fern\u00e1ndez (Universidad de Sevilla).<\/p><p><strong>Revista Takurunna<\/strong><\/p><p>La jornada del s\u00e1bado 18 cont\u00f3 con la presentaci\u00f3n de las actas del I Congreso Internacional de Historia de la Serran\u00eda de Ronda, que vers\u00f3 sobre Las ocupaciones por sociedades prehist\u00f3ricas, protohist\u00f3ricas y de la antig\u00fcedad en la Serran\u00eda de Ronda y B\u00e9ticas Occidentales. Tambi\u00e9n se presentaron dos n\u00fameros dobles de la revista Takurunna: Anuario de Estudios sobre Ronda y la Serran\u00eda, concretamente el cuarto-quinto y sexto-s\u00e9ptimo. Ambos dedicamos en homenaje a Jos\u00e9 Antonio Castillo Rodr\u00edguez (Presidente IERS) y a Juan Antonio Chavarr\u00eda Vargas (Universidad Complutense de Madrid), por su trayectoria docente e investigadora.<\/p><p>El Sal\u00f3n de Grados de la Real Maestranza de Caballer\u00eda de Ronda acogi\u00f3 las diferentes actividades del Congreso que tuvieron un alto nivel de participaci\u00f3n superando la centena de asistentes. La clausura fue realizada por el profesor Virgilio Mart\u00ednez Enamorado y el historiador Francisco Siles Guerrero.<\/p><div id=\"ir-ext-ui\" style=\"color: #000000; font-size: 16px; line-height: 16px; background-color: #f7f7f7; border: 1px solid #999999; border-radius: 1px; top: 1px; right: 1px;\"><div class=\"ir-ext-dimensions\"><span class=\"ir-ext-rendered\" title=\"Rendered image dimensions (after any scaling\/resizing has been applied)\"> x <\/span> <span class=\"ir-ext-natural\" title=\"Natural image dimensions (without applying any scaling\/resizing)\"> (x) <\/span><\/div><div class=\"ir-ext-filesize\">\u00a0<\/div><\/div>\t\t\t\t\t\t\t\t<\/div>\n\t\t\t\t<\/div>\n\t\t\t\t\t<\/div>\n\t\t<\/div>\n\t\t\t\t\t<\/div>\n\t\t<\/section>\n\t\t\t\t<section class=\"elementor-section elementor-top-section elementor-element elementor-element-35d6e9d elementor-section-boxed elementor-section-height-default elementor-section-height-default\" data-id=\"35d6e9d\" data-element_type=\"section\" data-e-type=\"section\">\n\t\t\t\t\t\t<div class=\"elementor-container elementor-column-gap-default\">\n\t\t\t\t\t<div class=\"elementor-column elementor-col-100 elementor-top-column elementor-element elementor-element-03ab7a5\" data-id=\"03ab7a5\" data-element_type=\"column\" data-e-type=\"column\">\n\t\t\t<div class=\"elementor-widget-wrap elementor-element-populated\">\n\t\t\t\t\t\t<div class=\"elementor-element elementor-element-b7b0d66 elementor-widget elementor-widget-gallery\" data-id=\"b7b0d66\" data-element_type=\"widget\" data-e-type=\"widget\" data-settings=\"{&quot;columns&quot;:3,&quot;lazyload&quot;:&quot;yes&quot;,&quot;gallery_layout&quot;:&quot;grid&quot;,&quot;columns_tablet&quot;:2,&quot;columns_mobile&quot;:1,&quot;gap&quot;:{&quot;unit&quot;:&quot;px&quot;,&quot;size&quot;:10,&quot;sizes&quot;:[]},&quot;gap_tablet&quot;:{&quot;unit&quot;:&quot;px&quot;,&quot;size&quot;:10,&quot;sizes&quot;:[]},&quot;gap_mobile&quot;:{&quot;unit&quot;:&quot;px&quot;,&quot;size&quot;:10,&quot;sizes&quot;:[]},&quot;link_to&quot;:&quot;file&quot;,&quot;aspect_ratio&quot;:&quot;3:2&quot;,&quot;content_hover_animation&quot;:&quot;fade-in&quot;}\" data-widget_type=\"gallery.default\">\n\t\t\t\t<div class=\"elementor-widget-container\">\n\t\t\t\t\t\t\t<div class=\"elementor-gallery__container\">\n\t\t\t\t\t\t\t<a class=\"e-gallery-item elementor-gallery-item elementor-animated-content\" href=\"https:\/\/www.rmcr.org\/wp-content\/uploads\/2023\/11\/ii-congreso-internacional-serania-ronda-01.png\" data-elementor-open-lightbox=\"yes\" data-elementor-lightbox-slideshow=\"b7b0d66\" data-elementor-lightbox-title=\"II Congreso Internacional Historia de la Serran\u00eda de Ronda\" data-e-action-hash=\"#elementor-action%3Aaction%3Dlightbox%26settings%3DeyJpZCI6MTkzNTUsInVybCI6Imh0dHBzOlwvXC93d3cucm1jci5vcmdcL3dwLWNvbnRlbnRcL3VwbG9hZHNcLzIwMjNcLzExXC9paS1jb25ncmVzby1pbnRlcm5hY2lvbmFsLXNlcmFuaWEtcm9uZGEtMDEucG5nIiwic2xpZGVzaG93IjoiYjdiMGQ2NiJ9\">\n\t\t\t\t\t<div class=\"e-gallery-image elementor-gallery-item__image\" data-thumbnail=\"https:\/\/www.rmcr.org\/wp-content\/uploads\/2023\/11\/ii-congreso-internacional-serania-ronda-01-300x212.png\" data-width=\"300\" data-height=\"212\" aria-label=\"II Congreso Internacional Historia de la Serran\u00eda de Ronda\" role=\"img\" ><\/div>\n\t\t\t\t\t\t\t\t\t\t\t\t\t\t<\/a>\n\t\t\t\t\t\t\t<a class=\"e-gallery-item elementor-gallery-item elementor-animated-content\" href=\"https:\/\/www.rmcr.org\/wp-content\/uploads\/2023\/11\/ii-congreso-internacional-serania-ronda-02.png\" data-elementor-open-lightbox=\"yes\" data-elementor-lightbox-slideshow=\"b7b0d66\" data-elementor-lightbox-title=\"II Congreso Internacional Historia de la Serran\u00eda de Ronda\" data-e-action-hash=\"#elementor-action%3Aaction%3Dlightbox%26settings%3DeyJpZCI6MTkzNTMsInVybCI6Imh0dHBzOlwvXC93d3cucm1jci5vcmdcL3dwLWNvbnRlbnRcL3VwbG9hZHNcLzIwMjNcLzExXC9paS1jb25ncmVzby1pbnRlcm5hY2lvbmFsLXNlcmFuaWEtcm9uZGEtMDIucG5nIiwic2xpZGVzaG93IjoiYjdiMGQ2NiJ9\">\n\t\t\t\t\t<div class=\"e-gallery-image elementor-gallery-item__image\" data-thumbnail=\"https:\/\/www.rmcr.org\/wp-content\/uploads\/2023\/11\/ii-congreso-internacional-serania-ronda-02-300x198.png\" data-width=\"300\" data-height=\"198\" aria-label=\"II Congreso Internacional Historia de la Serran\u00eda de Ronda\" role=\"img\" ><\/div>\n\t\t\t\t\t\t\t\t\t\t\t\t\t\t<\/a>\n\t\t\t\t\t\t\t<a class=\"e-gallery-item elementor-gallery-item elementor-animated-content\" href=\"https:\/\/www.rmcr.org\/wp-content\/uploads\/2023\/11\/ii-congreso-internacional-serania-ronda-03.png\" data-elementor-open-lightbox=\"yes\" data-elementor-lightbox-slideshow=\"b7b0d66\" data-elementor-lightbox-title=\"II Congreso Internacional Historia de la Serran\u00eda de Ronda\" data-e-action-hash=\"#elementor-action%3Aaction%3Dlightbox%26settings%3DeyJpZCI6MTkzNTEsInVybCI6Imh0dHBzOlwvXC93d3cucm1jci5vcmdcL3dwLWNvbnRlbnRcL3VwbG9hZHNcLzIwMjNcLzExXC9paS1jb25ncmVzby1pbnRlcm5hY2lvbmFsLXNlcmFuaWEtcm9uZGEtMDMucG5nIiwic2xpZGVzaG93IjoiYjdiMGQ2NiJ9\">\n\t\t\t\t\t<div class=\"e-gallery-image elementor-gallery-item__image\" data-thumbnail=\"https:\/\/www.rmcr.org\/wp-content\/uploads\/2023\/11\/ii-congreso-internacional-serania-ronda-03-300x170.png\" data-width=\"300\" data-height=\"170\" aria-label=\"II Congreso Internacional Historia de la Serran\u00eda de Ronda\" role=\"img\" ><\/div>\n\t\t\t\t\t\t\t\t\t\t\t\t\t\t<\/a>\n\t\t\t\t\t<\/div>\n\t\t\t\t\t<\/div>\n\t\t\t\t<\/div>\n\t\t\t\t\t<\/div>\n\t\t<\/div>\n\t\t\t\t\t<\/div>\n\t\t<\/section>\n\t\t\t\t<\/div>\n\t\t","protected":false},"excerpt":{"rendered":"<p>El Instituto de Estudios de Ronda y la Serran\u00eda y la Real Maestranza han organizado el II Congreso Internacional de Historia de la Serran\u00eda de Ronda del viernes 17 al domingo 19 de noviembre. El segundo de los encuentros bianuales, de los cuatro que componen el ciclo congresual programado, tuvo por subt\u00edtulo Entre al-\u00c1ndalus y los inicios de la Edad Moderna, siglos VIII-XVI, y cont\u00f3 con la colaboraci\u00f3n de la Universidad de M\u00e1laga, el Museo Hist\u00f3rico de Villamart\u00edn (C\u00e1diz) y la Editorial La Serran\u00eda. <\/p>\n","protected":false},"author":4,"featured_media":19351,"comment_status":"closed","ping_status":"open","sticky":false,"template":"","format":"standard","meta":{"footnotes":""},"categories":[200,655],"tags":[706,172,734,656,98],"class_list":["post-19350","post","type-post","status-publish","format-standard","has-post-thumbnail","hentry","category-actividad","category-congresos","tag-congresos","tag-historia","tag-instituto-de-estudios-de-ronda-y-la-serrania","tag-internacional","tag-real-maestranza-de-caballeria-de-ronda"],"yoast_head":"<!-- This site is optimized with the Yoast SEO plugin v27.5 - https:\/\/yoast.com\/product\/yoast-seo-wordpress\/ -->\n<title>Clausurado el II Congreso Internacional de Historia de la Serran\u00eda de Ronda - Real Maestranza de Caballer\u00eda de Ronda<\/title>\n<meta name=\"robots\" content=\"index, follow, max-snippet:-1, max-image-preview:large, max-video-preview:-1\" \/>\n<link rel=\"canonical\" href=\"https:\/\/www.rmcr.org\/en\/2020\/07\/23\/clausurado-el-ii-congreso-internacional-de-historia-de-la-serrania-de-ronda\/\" \/>\n<meta property=\"og:locale\" content=\"en_US\" \/>\n<meta property=\"og:type\" content=\"article\" \/>\n<meta property=\"og:title\" content=\"Clausurado el II Congreso Internacional de Historia de la Serran\u00eda de Ronda - Real Maestranza de Caballer\u00eda de Ronda\" \/>\n<meta property=\"og:description\" content=\"El Instituto de Estudios de Ronda y la Serran\u00eda y la Real Maestranza han organizado el II Congreso Internacional de Historia de la Serran\u00eda de Ronda del viernes 17 al domingo 19 de noviembre. El segundo de los encuentros bianuales, de los cuatro que componen el ciclo congresual programado, tuvo por subt\u00edtulo Entre al-\u00c1ndalus y los inicios de la Edad Moderna, siglos VIII-XVI, y cont\u00f3 con la colaboraci\u00f3n de la Universidad de M\u00e1laga, el Museo Hist\u00f3rico de Villamart\u00edn (C\u00e1diz) y la Editorial La Serran\u00eda.\" \/>\n<meta property=\"og:url\" content=\"https:\/\/www.rmcr.org\/en\/2020\/07\/23\/clausurado-el-ii-congreso-internacional-de-historia-de-la-serrania-de-ronda\/\" \/>\n<meta property=\"og:site_name\" content=\"Real Maestranza de Caballer\u00eda de Ronda\" \/>\n<meta property=\"article:publisher\" content=\"https:\/\/www.facebook.com\/plazadetorosronda\" \/>\n<meta property=\"article:published_time\" content=\"2020-07-23T16:15:45+00:00\" \/>\n<meta property=\"article:modified_time\" content=\"2025-04-04T08:40:45+00:00\" \/>\n<meta property=\"og:image\" content=\"https:\/\/www.rmcr.org\/wp-content\/uploads\/2023\/11\/ii-congreso-internacional-serania-ronda-03.png\" \/>\n\t<meta property=\"og:image:width\" content=\"500\" \/>\n\t<meta property=\"og:image:height\" content=\"284\" \/>\n\t<meta property=\"og:image:type\" content=\"image\/png\" \/>\n<meta name=\"author\" content=\"ACTIVIDAD\" \/>\n<meta name=\"twitter:card\" content=\"summary_large_image\" \/>\n<meta name=\"twitter:creator\" content=\"@PlazatorosRMR\" \/>\n<meta name=\"twitter:site\" content=\"@PlazatorosRMR\" \/>\n<meta name=\"twitter:label1\" content=\"Written by\" \/>\n\t<meta name=\"twitter:data1\" content=\"ACTIVIDAD\" \/>\n\t<meta name=\"twitter:label2\" content=\"Est. reading time\" \/>\n\t<meta name=\"twitter:data2\" content=\"2 minutes\" \/>\n<script type=\"application\/ld+json\" class=\"yoast-schema-graph\">{\"@context\":\"https:\\\/\\\/schema.org\",\"@graph\":[{\"@type\":\"Article\",\"@id\":\"https:\\\/\\\/www.rmcr.org\\\/en\\\/2020\\\/07\\\/23\\\/clausurado-el-ii-congreso-internacional-de-historia-de-la-serrania-de-ronda\\\/#article\",\"isPartOf\":{\"@id\":\"https:\\\/\\\/www.rmcr.org\\\/en\\\/2020\\\/07\\\/23\\\/clausurado-el-ii-congreso-internacional-de-historia-de-la-serrania-de-ronda\\\/\"},\"author\":{\"name\":\"ACTIVIDAD\",\"@id\":\"https:\\\/\\\/www.rmcr.org\\\/en\\\/#\\\/schema\\\/person\\\/826ea4b159de99b4731c8f519477737b\"},\"headline\":\"Clausurado el II Congreso Internacional de Historia de la Serran\u00eda de Ronda\",\"datePublished\":\"2020-07-23T16:15:45+00:00\",\"dateModified\":\"2025-04-04T08:40:45+00:00\",\"mainEntityOfPage\":{\"@id\":\"https:\\\/\\\/www.rmcr.org\\\/en\\\/2020\\\/07\\\/23\\\/clausurado-el-ii-congreso-internacional-de-historia-de-la-serrania-de-ronda\\\/\"},\"wordCount\":438,\"publisher\":{\"@id\":\"https:\\\/\\\/www.rmcr.org\\\/en\\\/#organization\"},\"image\":{\"@id\":\"https:\\\/\\\/www.rmcr.org\\\/en\\\/2020\\\/07\\\/23\\\/clausurado-el-ii-congreso-internacional-de-historia-de-la-serrania-de-ronda\\\/#primaryimage\"},\"thumbnailUrl\":\"https:\\\/\\\/www.rmcr.org\\\/wp-content\\\/uploads\\\/2023\\\/11\\\/ii-congreso-internacional-serania-ronda-03.png\",\"keywords\":[\"Congresos\",\"Historia\",\"Instituto de Estudios de Ronda y la Serran\u00eda\",\"Internacional\",\"Real Maestranza de Caballer\u00eda de Ronda\"],\"articleSection\":[\"Actividad\",\"Congresos\"],\"inLanguage\":\"en-US\"},{\"@type\":\"WebPage\",\"@id\":\"https:\\\/\\\/www.rmcr.org\\\/en\\\/2020\\\/07\\\/23\\\/clausurado-el-ii-congreso-internacional-de-historia-de-la-serrania-de-ronda\\\/\",\"url\":\"https:\\\/\\\/www.rmcr.org\\\/en\\\/2020\\\/07\\\/23\\\/clausurado-el-ii-congreso-internacional-de-historia-de-la-serrania-de-ronda\\\/\",\"name\":\"Clausurado el II Congreso Internacional de Historia de la Serran\u00eda de Ronda - Real Maestranza de Caballer\u00eda de Ronda\",\"isPartOf\":{\"@id\":\"https:\\\/\\\/www.rmcr.org\\\/en\\\/#website\"},\"primaryImageOfPage\":{\"@id\":\"https:\\\/\\\/www.rmcr.org\\\/en\\\/2020\\\/07\\\/23\\\/clausurado-el-ii-congreso-internacional-de-historia-de-la-serrania-de-ronda\\\/#primaryimage\"},\"image\":{\"@id\":\"https:\\\/\\\/www.rmcr.org\\\/en\\\/2020\\\/07\\\/23\\\/clausurado-el-ii-congreso-internacional-de-historia-de-la-serrania-de-ronda\\\/#primaryimage\"},\"thumbnailUrl\":\"https:\\\/\\\/www.rmcr.org\\\/wp-content\\\/uploads\\\/2023\\\/11\\\/ii-congreso-internacional-serania-ronda-03.png\",\"datePublished\":\"2020-07-23T16:15:45+00:00\",\"dateModified\":\"2025-04-04T08:40:45+00:00\",\"breadcrumb\":{\"@id\":\"https:\\\/\\\/www.rmcr.org\\\/en\\\/2020\\\/07\\\/23\\\/clausurado-el-ii-congreso-internacional-de-historia-de-la-serrania-de-ronda\\\/#breadcrumb\"},\"inLanguage\":\"en-US\",\"potentialAction\":[{\"@type\":\"ReadAction\",\"target\":[\"https:\\\/\\\/www.rmcr.org\\\/en\\\/2020\\\/07\\\/23\\\/clausurado-el-ii-congreso-internacional-de-historia-de-la-serrania-de-ronda\\\/\"]}]},{\"@type\":\"ImageObject\",\"inLanguage\":\"en-US\",\"@id\":\"https:\\\/\\\/www.rmcr.org\\\/en\\\/2020\\\/07\\\/23\\\/clausurado-el-ii-congreso-internacional-de-historia-de-la-serrania-de-ronda\\\/#primaryimage\",\"url\":\"https:\\\/\\\/www.rmcr.org\\\/wp-content\\\/uploads\\\/2023\\\/11\\\/ii-congreso-internacional-serania-ronda-03.png\",\"contentUrl\":\"https:\\\/\\\/www.rmcr.org\\\/wp-content\\\/uploads\\\/2023\\\/11\\\/ii-congreso-internacional-serania-ronda-03.png\",\"width\":500,\"height\":284,\"caption\":\"II Congreso Internacional Historia de la Serran\u00eda de Ronda\"},{\"@type\":\"BreadcrumbList\",\"@id\":\"https:\\\/\\\/www.rmcr.org\\\/en\\\/2020\\\/07\\\/23\\\/clausurado-el-ii-congreso-internacional-de-historia-de-la-serrania-de-ronda\\\/#breadcrumb\",\"itemListElement\":[{\"@type\":\"ListItem\",\"position\":1,\"name\":\"REAL MAESTRANZA DE CABALLER\u00cdA DE RONDA\",\"item\":\"https:\\\/\\\/www.rmcr.org\\\/en\\\/\"},{\"@type\":\"ListItem\",\"position\":2,\"name\":\"Clausurado el II Congreso Internacional de Historia de la Serran\u00eda de Ronda\"}]},{\"@type\":\"WebSite\",\"@id\":\"https:\\\/\\\/www.rmcr.org\\\/en\\\/#website\",\"url\":\"https:\\\/\\\/www.rmcr.org\\\/en\\\/\",\"name\":\"Real Maestranza de Caballer\u00eda de Ronda\",\"description\":\"Real Maestranza de Caballer\u00eda de Ronda\",\"publisher\":{\"@id\":\"https:\\\/\\\/www.rmcr.org\\\/en\\\/#organization\"},\"alternateName\":\"RMCR\",\"potentialAction\":[{\"@type\":\"SearchAction\",\"target\":{\"@type\":\"EntryPoint\",\"urlTemplate\":\"https:\\\/\\\/www.rmcr.org\\\/en\\\/?s={search_term_string}\"},\"query-input\":{\"@type\":\"PropertyValueSpecification\",\"valueRequired\":true,\"valueName\":\"search_term_string\"}}],\"inLanguage\":\"en-US\"},{\"@type\":\"Organization\",\"@id\":\"https:\\\/\\\/www.rmcr.org\\\/en\\\/#organization\",\"name\":\"Real Maestranza de Caballer\u00eda de Ronda\",\"alternateName\":\"RMR\",\"url\":\"https:\\\/\\\/www.rmcr.org\\\/en\\\/\",\"logo\":{\"@type\":\"ImageObject\",\"inLanguage\":\"en-US\",\"@id\":\"https:\\\/\\\/www.rmcr.org\\\/en\\\/#\\\/schema\\\/logo\\\/image\\\/\",\"url\":\"https:\\\/\\\/www.rmcr.org\\\/wp-content\\\/uploads\\\/2022\\\/07\\\/logo-rmr-blue.svg\",\"contentUrl\":\"https:\\\/\\\/www.rmcr.org\\\/wp-content\\\/uploads\\\/2022\\\/07\\\/logo-rmr-blue.svg\",\"width\":131,\"height\":129,\"caption\":\"Real Maestranza de Caballer\u00eda de Ronda\"},\"image\":{\"@id\":\"https:\\\/\\\/www.rmcr.org\\\/en\\\/#\\\/schema\\\/logo\\\/image\\\/\"},\"sameAs\":[\"https:\\\/\\\/www.facebook.com\\\/plazadetorosronda\",\"https:\\\/\\\/x.com\\\/PlazatorosRMR\",\"https:\\\/\\\/www.instagram.com\\\/realmaestranzaderonda\\\/\",\"https:\\\/\\\/www.youtube.com\\\/channel\\\/UCrbO5IUN-8v_QML739vM4zg\\\/videos\"]},{\"@type\":\"Person\",\"@id\":\"https:\\\/\\\/www.rmcr.org\\\/en\\\/#\\\/schema\\\/person\\\/826ea4b159de99b4731c8f519477737b\",\"name\":\"ACTIVIDAD\",\"image\":{\"@type\":\"ImageObject\",\"inLanguage\":\"en-US\",\"@id\":\"https:\\\/\\\/www.rmcr.org\\\/wp-content\\\/uploads\\\/2022\\\/11\\\/avatar-rmcr-96x96.png\",\"url\":\"https:\\\/\\\/www.rmcr.org\\\/wp-content\\\/uploads\\\/2022\\\/11\\\/avatar-rmcr-96x96.png\",\"contentUrl\":\"https:\\\/\\\/www.rmcr.org\\\/wp-content\\\/uploads\\\/2022\\\/11\\\/avatar-rmcr-96x96.png\",\"caption\":\"ACTIVIDAD\"},\"url\":\"https:\\\/\\\/www.rmcr.org\\\/en\\\/author\\\/alfonso-prado\\\/\"}]}<\/script>\n<!-- \/ Yoast SEO plugin. -->","yoast_head_json":{"title":"Clausurado el II Congreso Internacional de Historia de la Serran\u00eda de Ronda - Real Maestranza de Caballer\u00eda de Ronda","robots":{"index":"index","follow":"follow","max-snippet":"max-snippet:-1","max-image-preview":"max-image-preview:large","max-video-preview":"max-video-preview:-1"},"canonical":"https:\/\/www.rmcr.org\/en\/2020\/07\/23\/clausurado-el-ii-congreso-internacional-de-historia-de-la-serrania-de-ronda\/","og_locale":"en_US","og_type":"article","og_title":"Clausurado el II Congreso Internacional de Historia de la Serran\u00eda de Ronda - Real Maestranza de Caballer\u00eda de Ronda","og_description":"El Instituto de Estudios de Ronda y la Serran\u00eda y la Real Maestranza han organizado el II Congreso Internacional de Historia de la Serran\u00eda de Ronda del viernes 17 al domingo 19 de noviembre. El segundo de los encuentros bianuales, de los cuatro que componen el ciclo congresual programado, tuvo por subt\u00edtulo Entre al-\u00c1ndalus y los inicios de la Edad Moderna, siglos VIII-XVI, y cont\u00f3 con la colaboraci\u00f3n de la Universidad de M\u00e1laga, el Museo Hist\u00f3rico de Villamart\u00edn (C\u00e1diz) y la Editorial La Serran\u00eda.","og_url":"https:\/\/www.rmcr.org\/en\/2020\/07\/23\/clausurado-el-ii-congreso-internacional-de-historia-de-la-serrania-de-ronda\/","og_site_name":"Real Maestranza de Caballer\u00eda de Ronda","article_publisher":"https:\/\/www.facebook.com\/plazadetorosronda","article_published_time":"2020-07-23T16:15:45+00:00","article_modified_time":"2025-04-04T08:40:45+00:00","og_image":[{"width":500,"height":284,"url":"https:\/\/www.rmcr.org\/wp-content\/uploads\/2023\/11\/ii-congreso-internacional-serania-ronda-03.png","type":"image\/png"}],"author":"ACTIVIDAD","twitter_card":"summary_large_image","twitter_creator":"@PlazatorosRMR","twitter_site":"@PlazatorosRMR","twitter_misc":{"Written by":"ACTIVIDAD","Est. reading time":"2 minutes"},"schema":{"@context":"https:\/\/schema.org","@graph":[{"@type":"Article","@id":"https:\/\/www.rmcr.org\/en\/2020\/07\/23\/clausurado-el-ii-congreso-internacional-de-historia-de-la-serrania-de-ronda\/#article","isPartOf":{"@id":"https:\/\/www.rmcr.org\/en\/2020\/07\/23\/clausurado-el-ii-congreso-internacional-de-historia-de-la-serrania-de-ronda\/"},"author":{"name":"ACTIVIDAD","@id":"https:\/\/www.rmcr.org\/en\/#\/schema\/person\/826ea4b159de99b4731c8f519477737b"},"headline":"Clausurado el II Congreso Internacional de Historia de la Serran\u00eda de Ronda","datePublished":"2020-07-23T16:15:45+00:00","dateModified":"2025-04-04T08:40:45+00:00","mainEntityOfPage":{"@id":"https:\/\/www.rmcr.org\/en\/2020\/07\/23\/clausurado-el-ii-congreso-internacional-de-historia-de-la-serrania-de-ronda\/"},"wordCount":438,"publisher":{"@id":"https:\/\/www.rmcr.org\/en\/#organization"},"image":{"@id":"https:\/\/www.rmcr.org\/en\/2020\/07\/23\/clausurado-el-ii-congreso-internacional-de-historia-de-la-serrania-de-ronda\/#primaryimage"},"thumbnailUrl":"https:\/\/www.rmcr.org\/wp-content\/uploads\/2023\/11\/ii-congreso-internacional-serania-ronda-03.png","keywords":["Congresos","Historia","Instituto de Estudios de Ronda y la Serran\u00eda","Internacional","Real Maestranza de Caballer\u00eda de Ronda"],"articleSection":["Actividad","Congresos"],"inLanguage":"en-US"},{"@type":"WebPage","@id":"https:\/\/www.rmcr.org\/en\/2020\/07\/23\/clausurado-el-ii-congreso-internacional-de-historia-de-la-serrania-de-ronda\/","url":"https:\/\/www.rmcr.org\/en\/2020\/07\/23\/clausurado-el-ii-congreso-internacional-de-historia-de-la-serrania-de-ronda\/","name":"Clausurado el II Congreso Internacional de Historia de la Serran\u00eda de Ronda - Real Maestranza de Caballer\u00eda de Ronda","isPartOf":{"@id":"https:\/\/www.rmcr.org\/en\/#website"},"primaryImageOfPage":{"@id":"https:\/\/www.rmcr.org\/en\/2020\/07\/23\/clausurado-el-ii-congreso-internacional-de-historia-de-la-serrania-de-ronda\/#primaryimage"},"image":{"@id":"https:\/\/www.rmcr.org\/en\/2020\/07\/23\/clausurado-el-ii-congreso-internacional-de-historia-de-la-serrania-de-ronda\/#primaryimage"},"thumbnailUrl":"https:\/\/www.rmcr.org\/wp-content\/uploads\/2023\/11\/ii-congreso-internacional-serania-ronda-03.png","datePublished":"2020-07-23T16:15:45+00:00","dateModified":"2025-04-04T08:40:45+00:00","breadcrumb":{"@id":"https:\/\/www.rmcr.org\/en\/2020\/07\/23\/clausurado-el-ii-congreso-internacional-de-historia-de-la-serrania-de-ronda\/#breadcrumb"},"inLanguage":"en-US","potentialAction":[{"@type":"ReadAction","target":["https:\/\/www.rmcr.org\/en\/2020\/07\/23\/clausurado-el-ii-congreso-internacional-de-historia-de-la-serrania-de-ronda\/"]}]},{"@type":"ImageObject","inLanguage":"en-US","@id":"https:\/\/www.rmcr.org\/en\/2020\/07\/23\/clausurado-el-ii-congreso-internacional-de-historia-de-la-serrania-de-ronda\/#primaryimage","url":"https:\/\/www.rmcr.org\/wp-content\/uploads\/2023\/11\/ii-congreso-internacional-serania-ronda-03.png","contentUrl":"https:\/\/www.rmcr.org\/wp-content\/uploads\/2023\/11\/ii-congreso-internacional-serania-ronda-03.png","width":500,"height":284,"caption":"II Congreso Internacional Historia de la Serran\u00eda de Ronda"},{"@type":"BreadcrumbList","@id":"https:\/\/www.rmcr.org\/en\/2020\/07\/23\/clausurado-el-ii-congreso-internacional-de-historia-de-la-serrania-de-ronda\/#breadcrumb","itemListElement":[{"@type":"ListItem","position":1,"name":"REAL MAESTRANZA DE CABALLER\u00cdA DE RONDA","item":"https:\/\/www.rmcr.org\/en\/"},{"@type":"ListItem","position":2,"name":"Clausurado el II Congreso Internacional de Historia de la Serran\u00eda de Ronda"}]},{"@type":"WebSite","@id":"https:\/\/www.rmcr.org\/en\/#website","url":"https:\/\/www.rmcr.org\/en\/","name":"Real Maestranza de Caballer\u00eda de Ronda","description":"Real Maestranza de Caballer\u00eda de Ronda","publisher":{"@id":"https:\/\/www.rmcr.org\/en\/#organization"},"alternateName":"RMCR","potentialAction":[{"@type":"SearchAction","target":{"@type":"EntryPoint","urlTemplate":"https:\/\/www.rmcr.org\/en\/?s={search_term_string}"},"query-input":{"@type":"PropertyValueSpecification","valueRequired":true,"valueName":"search_term_string"}}],"inLanguage":"en-US"},{"@type":"Organization","@id":"https:\/\/www.rmcr.org\/en\/#organization","name":"Real Maestranza de Caballer\u00eda de Ronda","alternateName":"RMR","url":"https:\/\/www.rmcr.org\/en\/","logo":{"@type":"ImageObject","inLanguage":"en-US","@id":"https:\/\/www.rmcr.org\/en\/#\/schema\/logo\/image\/","url":"https:\/\/www.rmcr.org\/wp-content\/uploads\/2022\/07\/logo-rmr-blue.svg","contentUrl":"https:\/\/www.rmcr.org\/wp-content\/uploads\/2022\/07\/logo-rmr-blue.svg","width":131,"height":129,"caption":"Real Maestranza de Caballer\u00eda de Ronda"},"image":{"@id":"https:\/\/www.rmcr.org\/en\/#\/schema\/logo\/image\/"},"sameAs":["https:\/\/www.facebook.com\/plazadetorosronda","https:\/\/x.com\/PlazatorosRMR","https:\/\/www.instagram.com\/realmaestranzaderonda\/","https:\/\/www.youtube.com\/channel\/UCrbO5IUN-8v_QML739vM4zg\/videos"]},{"@type":"Person","@id":"https:\/\/www.rmcr.org\/en\/#\/schema\/person\/826ea4b159de99b4731c8f519477737b","name":"ACTIVIDAD","image":{"@type":"ImageObject","inLanguage":"en-US","@id":"https:\/\/www.rmcr.org\/wp-content\/uploads\/2022\/11\/avatar-rmcr-96x96.png","url":"https:\/\/www.rmcr.org\/wp-content\/uploads\/2022\/11\/avatar-rmcr-96x96.png","contentUrl":"https:\/\/www.rmcr.org\/wp-content\/uploads\/2022\/11\/avatar-rmcr-96x96.png","caption":"ACTIVIDAD"},"url":"https:\/\/www.rmcr.org\/en\/author\/alfonso-prado\/"}]}},"_links":{"self":[{"href":"https:\/\/www.rmcr.org\/en\/wp-json\/wp\/v2\/posts\/19350","targetHints":{"allow":["GET"]}}],"collection":[{"href":"https:\/\/www.rmcr.org\/en\/wp-json\/wp\/v2\/posts"}],"about":[{"href":"https:\/\/www.rmcr.org\/en\/wp-json\/wp\/v2\/types\/post"}],"author":[{"embeddable":true,"href":"https:\/\/www.rmcr.org\/en\/wp-json\/wp\/v2\/users\/4"}],"replies":[{"embeddable":true,"href":"https:\/\/www.rmcr.org\/en\/wp-json\/wp\/v2\/comments?post=19350"}],"version-history":[{"count":7,"href":"https:\/\/www.rmcr.org\/en\/wp-json\/wp\/v2\/posts\/19350\/revisions"}],"predecessor-version":[{"id":19363,"href":"https:\/\/www.rmcr.org\/en\/wp-json\/wp\/v2\/posts\/19350\/revisions\/19363"}],"wp:featuredmedia":[{"embeddable":true,"href":"https:\/\/www.rmcr.org\/en\/wp-json\/wp\/v2\/media\/19351"}],"wp:attachment":[{"href":"https:\/\/www.rmcr.org\/en\/wp-json\/wp\/v2\/media?parent=19350"}],"wp:term":[{"taxonomy":"category","embeddable":true,"href":"https:\/\/www.rmcr.org\/en\/wp-json\/wp\/v2\/categories?post=19350"},{"taxonomy":"post_tag","embeddable":true,"href":"https:\/\/www.rmcr.org\/en\/wp-json\/wp\/v2\/tags?post=19350"}],"curies":[{"name":"wp","href":"https:\/\/api.w.org\/{rel}","templated":true}]}}