{"id":19323,"date":"2018-06-25T15:49:45","date_gmt":"2018-06-25T15:49:45","guid":{"rendered":"https:\/\/www.rmcr.org\/?p=19323"},"modified":"2025-04-04T11:29:03","modified_gmt":"2025-04-04T11:29:03","slug":"xix-semana-de-la-musica-de-ronda","status":"publish","type":"post","link":"https:\/\/www.rmcr.org\/en\/2018\/06\/25\/xix-semana-de-la-musica-de-ronda\/","title":{"rendered":"XIX Semana de la M\u00fasica de Ronda"},"content":{"rendered":"\t\t<div data-elementor-type=\"wp-post\" data-elementor-id=\"19323\" class=\"elementor elementor-19323\" data-elementor-post-type=\"post\">\n\t\t\t\t\t\t<section class=\"elementor-section elementor-top-section elementor-element elementor-element-4cab05b elementor-section-boxed elementor-section-height-default elementor-section-height-default\" data-id=\"4cab05b\" data-element_type=\"section\" data-e-type=\"section\">\n\t\t\t\t\t\t<div class=\"elementor-container elementor-column-gap-default\">\n\t\t\t\t\t<div class=\"elementor-column elementor-col-100 elementor-top-column elementor-element elementor-element-66bd4f7\" data-id=\"66bd4f7\" data-element_type=\"column\" data-e-type=\"column\">\n\t\t\t<div class=\"elementor-widget-wrap elementor-element-populated\">\n\t\t\t\t\t\t<div class=\"elementor-element elementor-element-5719060 elementor-widget elementor-widget-text-editor\" data-id=\"5719060\" data-element_type=\"widget\" data-e-type=\"widget\" data-widget_type=\"text-editor.default\">\n\t\t\t\t<div class=\"elementor-widget-container\">\n\t\t\t\t\t\t\t\t\t<div class=\"seleccion_00_sumario\"><strong>Conciertos del 2 al 6 de julio de 2018<\/strong><\/div>\n<p class=\"seleccion_00_p\">El ciclo de conciertos se compone de cinco recitales. El lunes 2 de julio, a las 21:00 horas, en el Picadero de la Real Maestranza de Caballer\u00eda de Ronda, tendr\u00e1 lugar el concierto del Conservatorio de M\u00fasica Ram\u00f3n Corrales de Ronda y Escuela de Danza de Pilar Becerra, \u00abCinco lecciones de la Escuela de Bolero\u00bb. La Escuela Bolera o Baile de Palillos es un estilo de baile que empez\u00f3 a desarrollarse en Espa\u00f1a, concretamente en Andaluc\u00eda, y que consiste en la transformaci\u00f3n de ciertos bailes populares en danzas de exhibici\u00f3n profesional refundidas en academias de baile. Por tanto, se le considera como la danza cl\u00e1sica de Espa\u00f1a. El sistema seguido por estas escuelas era semejante al m\u00e9todo que ten\u00eda el ballet cl\u00e1sico, en el que probablemente se inspiraron: ejercicios en la barra y en el centro destinados a crear una t\u00e9cnica que, una vez conseguida, se aplicaba a los bailes que quedaron sometidos a estructuras fijas, eliminando as\u00ed toda improvisaci\u00f3n del bailar\u00edn.<\/p>\n<p class=\"seleccion_00_p\">El martes 3 de julio, a las 20:30 horas, en la Biblioteca de la Real Maestranza de Caballer\u00eda de Ronda, el guitarrista Rafael Aguirre ofrecer\u00e1 el concierto titulado \u00abDe Alemania a Espa\u00f1a: un viaje guitarr\u00edstico\u00bb. El concierto empieza con un vals paraguayo del compositor Agust\u00edn Barrios, conocido como el Chopin de las Am\u00e9ricas, con una fuerte influencia europea y sabor latinoamericano. De ah\u00ed nos vamos a Alemania, a las &#8220;Kinderszenen&#8221; de Schumann, o &#8220;Escenas infantiles&#8221;. Pasaremos despu\u00e9s a Italia con Regordi, para terminar llegando a Espa\u00f1a de la mano de Joaqu\u00edn Rodrigo y Francisco T\u00e1rrega.<\/p>\n<p class=\"seleccion_00_p\">El mi\u00e9rcoles 4 de julio, a las 21:00 horas, en el Picadero de la Real Maestranza de Caballer\u00eda de Ronda, la orquesta La Madrile\u00f1a dirigida por Jos\u00e9 Antonio Monta\u00f1o, junto a la soprano Susana Cord\u00f3n, interpretar\u00e1n \u00abZarzuela Barroca. 250 aniversario del fallecimiento de Jos\u00e9 de Nebra (1702-1768)\u00bb. El programa, interpretado con instrumentos barrocos, es una oportunidad excepcional para los amantes de la m\u00fasica antigua de hacer un viaje a lo largo del siglo XVIII espa\u00f1ol. A trav\u00e9s de una selecci\u00f3n de oberturas y arias de Zarzuela se podr\u00e1 escuchar a los compositores m\u00e1s destacados del g\u00e9nero, como fueron Jos\u00e9 de Nebra, Antonio Rodr\u00edguez de Hita, Vicente Soler y Luigi Boccherini. El madrile\u00f1o Jos\u00e9 Antonio Monta\u00f1o es considerado por la prensa musical especializada como &#8220;uno de los directores de orquesta espa\u00f1oles con m\u00e1s proyecci\u00f3n del momento&#8221;.<\/p>\n<p class=\"seleccion_00_p\">El jueves 5 de julio, a las 20:30 horas, en la Ermita rupestre Virgen de la Cabeza de Ronda, el grupo Zejel, compuesto por Iman Kandoussi (voz), Juan Manuel Rubio (santur, laud y zanfo\u00f1a) y \u00c1lvaro Garrido (percusi\u00f3n), interpretar\u00e1 \u00abLa memoria de Oriente: tradiciones musicales sefard\u00ed, cristiana y \u00e1rabe\u00bb. Entre los siglos XI y XII surge en al-Andalus una forma po\u00e9tica y musical no conocida hasta entonces, el <i>zejel<\/i>. \u00c9sta se desarrolla a partir de las Moaxajas andalus\u00edes y va a ser fuente de inspiraci\u00f3n para sucesivas generaciones, pudiendo rastrearse su influencia en toda la creaci\u00f3n po\u00e9tica y musical, desde las Cantigas de Santa Mar\u00eda compiladas por el rey Alfonso X el Sabio, hasta los romances y coplas encontrados en el Cancionero de Palacio, entre los siglos XV y XVI. De esta forma, los z\u00e9jeles, siendo composiciones cristianas inspiradas en las formas \u00e1rabes, que a su vez beb\u00edan de toda la influencia persa o grecolatina de siglos atr\u00e1s, son una met\u00e1fora perfecta del trasvase y fusi\u00f3n, el encuentro cultural \u00fanico que supuso hist\u00f3ricamente al-Andalus.<\/p>\n<p class=\"seleccion_00_p\">El \u00abXV Encuentro M\u00fasica-Filosof\u00eda\u00bb en colaboraci\u00f3n con el Patronato de la Alhambra y Generalife y el Festival Internacional de M\u00fasica y Danza de Granada, presentan el viernes 6 de julio, a las 22:00 horas, en el Palacio de Carlos V de Granada, la Orquesta Ciudad de Granada dirigida por Pablo Heras Casado, que interpretar\u00e1 \u00abMemoria del Rojo, sinfon\u00eda No. 83 en Sol\u00bb de J. M\u00aa. S\u00e1nchez-Verd\u00fa, \u00abSinfon\u00eda No. 83 en Sol menor Hob I\/83, La Poule\u00bb de J. Haydn, \u00abSinfon\u00eda No. 31 en Re mayor K. 297 Par\u00eds\u00bb de W. A. Mozart. Las entradas para este concierto pueden adquirirse en la p\u00e1gina web<a href=\"http:\/\/www.granadafestival.org\" target=\"_blank\" rel=\"noopener\"> www.granadafestival.org<\/a>, en el tel\u00e9fono 952 221 844 y en el correo taquilla@granadafestival.org<\/p>\n<p class=\"seleccion_00_p\">Las entradas para los cuatro conciertos pueden adquirirse en la Taquilla de la Plaza de Toros, Casa de la Cultura del Ayuntamiento y la p\u00e1gina web <a href=\"http:\/\/www.musicaronda.com.\" target=\"_blank\" rel=\"noopener\">www.musicaronda.com.<\/a> Cada una de los conciertos del programa tiene una tarifa general de 10 euros y una especial de 5 euros.<\/p>\n<div class=\"seleccion_00_ladillo\"><strong>M\u00e1s informaci\u00f3n<\/strong><\/div><div class=\"seleccion_00_ladillo\"><strong><br><\/strong><\/div>\n<p class=\"seleccion_00_p\">Toda la informaci\u00f3n disponible a trav\u00e9s de la web <a class=\"selec\" href=\"http:\/\/www.musicaronda.com\" target=\"_blank\" rel=\"external noopener\">www.musicaronda.com<\/a><\/p>\n<div id=\"ir-ext-ui\" style=\"color: #000000; font-size: 16px; line-height: 16px; background-color: #f7f7f7; border: 1px solid #999999; border-radius: 1px; top: 1px; right: 1px; display: block;\">\n<div class=\"ir-ext-dimensions\"><span class=\"ir-ext-rendered\" title=\"Rendered image dimensions (after any scaling\/resizing has been applied)\"> <span data-ir-ext-width=\"\">500<\/span>x<span data-ir-ext-height=\"\">667<\/span> <\/span> <span class=\"ir-ext-natural\" style=\"display: none;\" title=\"Natural image dimensions (without applying any scaling\/resizing)\"> (<span data-ir-ext-width=\"\">0<\/span>x<span data-ir-ext-height=\"\">0<\/span>) <\/span><\/div>\n<div class=\"ir-ext-filesize\"><span title=\"528145 bytes\" data-ir-ext-value=\"\">515.77<\/span> <span title=\"Kilobyte: 1 KB = 2^10 (1024) bytes\" data-ir-ext-unit=\"\">KB<\/span><\/div>\n<\/div>\t\t\t\t\t\t\t\t<\/div>\n\t\t\t\t<\/div>\n\t\t\t\t\t<\/div>\n\t\t<\/div>\n\t\t\t\t\t<\/div>\n\t\t<\/section>\n\t\t\t\t<section class=\"elementor-section elementor-top-section elementor-element elementor-element-b3e8365 elementor-section-boxed elementor-section-height-default elementor-section-height-default\" data-id=\"b3e8365\" data-element_type=\"section\" data-e-type=\"section\">\n\t\t\t\t\t\t<div class=\"elementor-container elementor-column-gap-default\">\n\t\t\t\t\t<div class=\"elementor-column elementor-col-100 elementor-top-column elementor-element elementor-element-e229003\" data-id=\"e229003\" data-element_type=\"column\" data-e-type=\"column\">\n\t\t\t<div class=\"elementor-widget-wrap elementor-element-populated\">\n\t\t\t\t\t\t<div class=\"elementor-element elementor-element-84421fc elementor-widget elementor-widget-image\" data-id=\"84421fc\" data-element_type=\"widget\" data-e-type=\"widget\" data-widget_type=\"image.default\">\n\t\t\t\t<div class=\"elementor-widget-container\">\n\t\t\t\t\t\t\t\t\t\t\t\t\t\t\t<img fetchpriority=\"high\" decoding=\"async\" width=\"500\" height=\"667\" src=\"https:\/\/www.rmcr.org\/wp-content\/uploads\/2023\/11\/xix-semana-musica-ronda.png\" class=\"attachment-large size-large wp-image-19325\" alt=\"XIX Semana de la M\u00fasica de Ronda\" srcset=\"https:\/\/www.rmcr.org\/wp-content\/uploads\/2023\/11\/xix-semana-musica-ronda.png 500w, https:\/\/www.rmcr.org\/wp-content\/uploads\/2023\/11\/xix-semana-musica-ronda-225x300.png 225w\" sizes=\"(max-width: 500px) 100vw, 500px\" \/>\t\t\t\t\t\t\t\t\t\t\t\t\t\t\t<\/div>\n\t\t\t\t<\/div>\n\t\t\t\t\t<\/div>\n\t\t<\/div>\n\t\t\t\t\t<\/div>\n\t\t<\/section>\n\t\t\t\t<\/div>\n\t\t","protected":false},"excerpt":{"rendered":"<p>La XIX Semana de la M\u00fasica de Ronda est\u00e1 organizada por la Real Maestranza de Caballer\u00eda de Ronda y cuenta con la colaboraci\u00f3n de la Fundaci\u00f3n Unicaja Ronda, Ayuntamiento de Ronda, Conservatorio Elemental de M\u00fasica Ram\u00f3n Corrales de Ronda, Real Hermandad de la Virgen de la Cabeza de Ronda y Parroquia de Santa Mar\u00eda de la Encarnaci\u00f3n La Mayor de Ronda<\/p>\n","protected":false},"author":4,"featured_media":19324,"comment_status":"open","ping_status":"open","sticky":false,"template":"","format":"standard","meta":{"footnotes":""},"categories":[200,699,201],"tags":[165,168,311,114,169],"class_list":["post-19323","post","type-post","status-publish","format-standard","has-post-thumbnail","hentry","category-actividad","category-encuentros","category-semana-de-la-musica-de-ronda","tag-conciertos","tag-encuentro-musica-filosofia","tag-musica","tag-ronda","tag-semana-de-la-musica-de-ronda"],"yoast_head":"<!-- This site is optimized with the Yoast SEO plugin v27.5 - https:\/\/yoast.com\/product\/yoast-seo-wordpress\/ -->\n<title>XIX Semana de la M\u00fasica de Ronda - Real Maestranza de Caballer\u00eda de Ronda<\/title>\n<meta name=\"robots\" content=\"index, follow, max-snippet:-1, max-image-preview:large, max-video-preview:-1\" \/>\n<link rel=\"canonical\" href=\"https:\/\/www.rmcr.org\/en\/2018\/06\/25\/xix-semana-de-la-musica-de-ronda\/\" \/>\n<meta property=\"og:locale\" content=\"en_US\" \/>\n<meta property=\"og:type\" content=\"article\" \/>\n<meta property=\"og:title\" content=\"XIX Semana de la M\u00fasica de Ronda - Real Maestranza de Caballer\u00eda de Ronda\" \/>\n<meta property=\"og:description\" content=\"La XIX Semana de la M\u00fasica de Ronda est\u00e1 organizada por la Real Maestranza de Caballer\u00eda de Ronda y cuenta con la colaboraci\u00f3n de la Fundaci\u00f3n Unicaja Ronda, Ayuntamiento de Ronda, Conservatorio Elemental de M\u00fasica Ram\u00f3n Corrales de Ronda, Real Hermandad de la Virgen de la Cabeza de Ronda y Parroquia de Santa Mar\u00eda de la Encarnaci\u00f3n La Mayor de Ronda\" \/>\n<meta property=\"og:url\" content=\"https:\/\/www.rmcr.org\/en\/2018\/06\/25\/xix-semana-de-la-musica-de-ronda\/\" \/>\n<meta property=\"og:site_name\" content=\"Real Maestranza de Caballer\u00eda de Ronda\" \/>\n<meta property=\"article:publisher\" content=\"https:\/\/www.facebook.com\/plazadetorosronda\" \/>\n<meta property=\"article:published_time\" content=\"2018-06-25T15:49:45+00:00\" \/>\n<meta property=\"article:modified_time\" content=\"2025-04-04T11:29:03+00:00\" \/>\n<meta property=\"og:image\" content=\"https:\/\/www.rmcr.org\/wp-content\/uploads\/2023\/11\/xix-semana-musica-ronda.png\" \/>\n\t<meta property=\"og:image:width\" content=\"500\" \/>\n\t<meta property=\"og:image:height\" content=\"667\" \/>\n\t<meta property=\"og:image:type\" content=\"image\/png\" \/>\n<meta name=\"author\" content=\"ACTIVIDAD\" \/>\n<meta name=\"twitter:card\" content=\"summary_large_image\" \/>\n<meta name=\"twitter:creator\" content=\"@PlazatorosRMR\" \/>\n<meta name=\"twitter:site\" content=\"@PlazatorosRMR\" \/>\n<meta name=\"twitter:label1\" content=\"Written by\" \/>\n\t<meta name=\"twitter:data1\" content=\"ACTIVIDAD\" \/>\n\t<meta name=\"twitter:label2\" content=\"Est. reading time\" \/>\n\t<meta name=\"twitter:data2\" content=\"4 minutes\" \/>\n<script type=\"application\/ld+json\" class=\"yoast-schema-graph\">{\"@context\":\"https:\\\/\\\/schema.org\",\"@graph\":[{\"@type\":\"Article\",\"@id\":\"https:\\\/\\\/www.rmcr.org\\\/en\\\/2018\\\/06\\\/25\\\/xix-semana-de-la-musica-de-ronda\\\/#article\",\"isPartOf\":{\"@id\":\"https:\\\/\\\/www.rmcr.org\\\/en\\\/2018\\\/06\\\/25\\\/xix-semana-de-la-musica-de-ronda\\\/\"},\"author\":{\"name\":\"ACTIVIDAD\",\"@id\":\"https:\\\/\\\/www.rmcr.org\\\/en\\\/#\\\/schema\\\/person\\\/826ea4b159de99b4731c8f519477737b\"},\"headline\":\"XIX Semana de la M\u00fasica de Ronda\",\"datePublished\":\"2018-06-25T15:49:45+00:00\",\"dateModified\":\"2025-04-04T11:29:03+00:00\",\"mainEntityOfPage\":{\"@id\":\"https:\\\/\\\/www.rmcr.org\\\/en\\\/2018\\\/06\\\/25\\\/xix-semana-de-la-musica-de-ronda\\\/\"},\"wordCount\":817,\"commentCount\":0,\"publisher\":{\"@id\":\"https:\\\/\\\/www.rmcr.org\\\/en\\\/#organization\"},\"image\":{\"@id\":\"https:\\\/\\\/www.rmcr.org\\\/en\\\/2018\\\/06\\\/25\\\/xix-semana-de-la-musica-de-ronda\\\/#primaryimage\"},\"thumbnailUrl\":\"https:\\\/\\\/www.rmcr.org\\\/wp-content\\\/uploads\\\/2023\\\/11\\\/xix-semana-musica-ronda.png\",\"keywords\":[\"Conciertos\",\"Encuentro M\u00fasica-Filosof\u00eda\",\"M\u00fasica\",\"Ronda\",\"Semana de la M\u00fasica de Ronda\"],\"articleSection\":[\"Actividad\",\"Encuentros\",\"Semana de la M\u00fasica de Ronda\"],\"inLanguage\":\"en-US\",\"potentialAction\":[{\"@type\":\"CommentAction\",\"name\":\"Comment\",\"target\":[\"https:\\\/\\\/www.rmcr.org\\\/en\\\/2018\\\/06\\\/25\\\/xix-semana-de-la-musica-de-ronda\\\/#respond\"]}]},{\"@type\":\"WebPage\",\"@id\":\"https:\\\/\\\/www.rmcr.org\\\/en\\\/2018\\\/06\\\/25\\\/xix-semana-de-la-musica-de-ronda\\\/\",\"url\":\"https:\\\/\\\/www.rmcr.org\\\/en\\\/2018\\\/06\\\/25\\\/xix-semana-de-la-musica-de-ronda\\\/\",\"name\":\"XIX Semana de la M\u00fasica de Ronda - Real Maestranza de Caballer\u00eda de Ronda\",\"isPartOf\":{\"@id\":\"https:\\\/\\\/www.rmcr.org\\\/en\\\/#website\"},\"primaryImageOfPage\":{\"@id\":\"https:\\\/\\\/www.rmcr.org\\\/en\\\/2018\\\/06\\\/25\\\/xix-semana-de-la-musica-de-ronda\\\/#primaryimage\"},\"image\":{\"@id\":\"https:\\\/\\\/www.rmcr.org\\\/en\\\/2018\\\/06\\\/25\\\/xix-semana-de-la-musica-de-ronda\\\/#primaryimage\"},\"thumbnailUrl\":\"https:\\\/\\\/www.rmcr.org\\\/wp-content\\\/uploads\\\/2023\\\/11\\\/xix-semana-musica-ronda.png\",\"datePublished\":\"2018-06-25T15:49:45+00:00\",\"dateModified\":\"2025-04-04T11:29:03+00:00\",\"breadcrumb\":{\"@id\":\"https:\\\/\\\/www.rmcr.org\\\/en\\\/2018\\\/06\\\/25\\\/xix-semana-de-la-musica-de-ronda\\\/#breadcrumb\"},\"inLanguage\":\"en-US\",\"potentialAction\":[{\"@type\":\"ReadAction\",\"target\":[\"https:\\\/\\\/www.rmcr.org\\\/en\\\/2018\\\/06\\\/25\\\/xix-semana-de-la-musica-de-ronda\\\/\"]}]},{\"@type\":\"ImageObject\",\"inLanguage\":\"en-US\",\"@id\":\"https:\\\/\\\/www.rmcr.org\\\/en\\\/2018\\\/06\\\/25\\\/xix-semana-de-la-musica-de-ronda\\\/#primaryimage\",\"url\":\"https:\\\/\\\/www.rmcr.org\\\/wp-content\\\/uploads\\\/2023\\\/11\\\/xix-semana-musica-ronda.png\",\"contentUrl\":\"https:\\\/\\\/www.rmcr.org\\\/wp-content\\\/uploads\\\/2023\\\/11\\\/xix-semana-musica-ronda.png\",\"width\":500,\"height\":667,\"caption\":\"XIX Semana de la M\u00fasica de Ronda\"},{\"@type\":\"BreadcrumbList\",\"@id\":\"https:\\\/\\\/www.rmcr.org\\\/en\\\/2018\\\/06\\\/25\\\/xix-semana-de-la-musica-de-ronda\\\/#breadcrumb\",\"itemListElement\":[{\"@type\":\"ListItem\",\"position\":1,\"name\":\"REAL MAESTRANZA DE CABALLER\u00cdA DE RONDA\",\"item\":\"https:\\\/\\\/www.rmcr.org\\\/en\\\/\"},{\"@type\":\"ListItem\",\"position\":2,\"name\":\"XIX Semana de la M\u00fasica de Ronda\"}]},{\"@type\":\"WebSite\",\"@id\":\"https:\\\/\\\/www.rmcr.org\\\/en\\\/#website\",\"url\":\"https:\\\/\\\/www.rmcr.org\\\/en\\\/\",\"name\":\"Real Maestranza de Caballer\u00eda de Ronda\",\"description\":\"Real Maestranza de Caballer\u00eda de Ronda\",\"publisher\":{\"@id\":\"https:\\\/\\\/www.rmcr.org\\\/en\\\/#organization\"},\"alternateName\":\"RMCR\",\"potentialAction\":[{\"@type\":\"SearchAction\",\"target\":{\"@type\":\"EntryPoint\",\"urlTemplate\":\"https:\\\/\\\/www.rmcr.org\\\/en\\\/?s={search_term_string}\"},\"query-input\":{\"@type\":\"PropertyValueSpecification\",\"valueRequired\":true,\"valueName\":\"search_term_string\"}}],\"inLanguage\":\"en-US\"},{\"@type\":\"Organization\",\"@id\":\"https:\\\/\\\/www.rmcr.org\\\/en\\\/#organization\",\"name\":\"Real Maestranza de Caballer\u00eda de Ronda\",\"alternateName\":\"RMR\",\"url\":\"https:\\\/\\\/www.rmcr.org\\\/en\\\/\",\"logo\":{\"@type\":\"ImageObject\",\"inLanguage\":\"en-US\",\"@id\":\"https:\\\/\\\/www.rmcr.org\\\/en\\\/#\\\/schema\\\/logo\\\/image\\\/\",\"url\":\"https:\\\/\\\/www.rmcr.org\\\/wp-content\\\/uploads\\\/2022\\\/07\\\/logo-rmr-blue.svg\",\"contentUrl\":\"https:\\\/\\\/www.rmcr.org\\\/wp-content\\\/uploads\\\/2022\\\/07\\\/logo-rmr-blue.svg\",\"width\":131,\"height\":129,\"caption\":\"Real Maestranza de Caballer\u00eda de Ronda\"},\"image\":{\"@id\":\"https:\\\/\\\/www.rmcr.org\\\/en\\\/#\\\/schema\\\/logo\\\/image\\\/\"},\"sameAs\":[\"https:\\\/\\\/www.facebook.com\\\/plazadetorosronda\",\"https:\\\/\\\/x.com\\\/PlazatorosRMR\",\"https:\\\/\\\/www.instagram.com\\\/realmaestranzaderonda\\\/\",\"https:\\\/\\\/www.youtube.com\\\/channel\\\/UCrbO5IUN-8v_QML739vM4zg\\\/videos\"]},{\"@type\":\"Person\",\"@id\":\"https:\\\/\\\/www.rmcr.org\\\/en\\\/#\\\/schema\\\/person\\\/826ea4b159de99b4731c8f519477737b\",\"name\":\"ACTIVIDAD\",\"image\":{\"@type\":\"ImageObject\",\"inLanguage\":\"en-US\",\"@id\":\"https:\\\/\\\/www.rmcr.org\\\/wp-content\\\/uploads\\\/2022\\\/11\\\/avatar-rmcr-96x96.png\",\"url\":\"https:\\\/\\\/www.rmcr.org\\\/wp-content\\\/uploads\\\/2022\\\/11\\\/avatar-rmcr-96x96.png\",\"contentUrl\":\"https:\\\/\\\/www.rmcr.org\\\/wp-content\\\/uploads\\\/2022\\\/11\\\/avatar-rmcr-96x96.png\",\"caption\":\"ACTIVIDAD\"},\"url\":\"https:\\\/\\\/www.rmcr.org\\\/en\\\/author\\\/alfonso-prado\\\/\"}]}<\/script>\n<!-- \/ Yoast SEO plugin. -->","yoast_head_json":{"title":"XIX Semana de la M\u00fasica de Ronda - Real Maestranza de Caballer\u00eda de Ronda","robots":{"index":"index","follow":"follow","max-snippet":"max-snippet:-1","max-image-preview":"max-image-preview:large","max-video-preview":"max-video-preview:-1"},"canonical":"https:\/\/www.rmcr.org\/en\/2018\/06\/25\/xix-semana-de-la-musica-de-ronda\/","og_locale":"en_US","og_type":"article","og_title":"XIX Semana de la M\u00fasica de Ronda - Real Maestranza de Caballer\u00eda de Ronda","og_description":"La XIX Semana de la M\u00fasica de Ronda est\u00e1 organizada por la Real Maestranza de Caballer\u00eda de Ronda y cuenta con la colaboraci\u00f3n de la Fundaci\u00f3n Unicaja Ronda, Ayuntamiento de Ronda, Conservatorio Elemental de M\u00fasica Ram\u00f3n Corrales de Ronda, Real Hermandad de la Virgen de la Cabeza de Ronda y Parroquia de Santa Mar\u00eda de la Encarnaci\u00f3n La Mayor de Ronda","og_url":"https:\/\/www.rmcr.org\/en\/2018\/06\/25\/xix-semana-de-la-musica-de-ronda\/","og_site_name":"Real Maestranza de Caballer\u00eda de Ronda","article_publisher":"https:\/\/www.facebook.com\/plazadetorosronda","article_published_time":"2018-06-25T15:49:45+00:00","article_modified_time":"2025-04-04T11:29:03+00:00","og_image":[{"width":500,"height":667,"url":"https:\/\/www.rmcr.org\/wp-content\/uploads\/2023\/11\/xix-semana-musica-ronda.png","type":"image\/png"}],"author":"ACTIVIDAD","twitter_card":"summary_large_image","twitter_creator":"@PlazatorosRMR","twitter_site":"@PlazatorosRMR","twitter_misc":{"Written by":"ACTIVIDAD","Est. reading time":"4 minutes"},"schema":{"@context":"https:\/\/schema.org","@graph":[{"@type":"Article","@id":"https:\/\/www.rmcr.org\/en\/2018\/06\/25\/xix-semana-de-la-musica-de-ronda\/#article","isPartOf":{"@id":"https:\/\/www.rmcr.org\/en\/2018\/06\/25\/xix-semana-de-la-musica-de-ronda\/"},"author":{"name":"ACTIVIDAD","@id":"https:\/\/www.rmcr.org\/en\/#\/schema\/person\/826ea4b159de99b4731c8f519477737b"},"headline":"XIX Semana de la M\u00fasica de Ronda","datePublished":"2018-06-25T15:49:45+00:00","dateModified":"2025-04-04T11:29:03+00:00","mainEntityOfPage":{"@id":"https:\/\/www.rmcr.org\/en\/2018\/06\/25\/xix-semana-de-la-musica-de-ronda\/"},"wordCount":817,"commentCount":0,"publisher":{"@id":"https:\/\/www.rmcr.org\/en\/#organization"},"image":{"@id":"https:\/\/www.rmcr.org\/en\/2018\/06\/25\/xix-semana-de-la-musica-de-ronda\/#primaryimage"},"thumbnailUrl":"https:\/\/www.rmcr.org\/wp-content\/uploads\/2023\/11\/xix-semana-musica-ronda.png","keywords":["Conciertos","Encuentro M\u00fasica-Filosof\u00eda","M\u00fasica","Ronda","Semana de la M\u00fasica de Ronda"],"articleSection":["Actividad","Encuentros","Semana de la M\u00fasica de Ronda"],"inLanguage":"en-US","potentialAction":[{"@type":"CommentAction","name":"Comment","target":["https:\/\/www.rmcr.org\/en\/2018\/06\/25\/xix-semana-de-la-musica-de-ronda\/#respond"]}]},{"@type":"WebPage","@id":"https:\/\/www.rmcr.org\/en\/2018\/06\/25\/xix-semana-de-la-musica-de-ronda\/","url":"https:\/\/www.rmcr.org\/en\/2018\/06\/25\/xix-semana-de-la-musica-de-ronda\/","name":"XIX Semana de la M\u00fasica de Ronda - Real Maestranza de Caballer\u00eda de Ronda","isPartOf":{"@id":"https:\/\/www.rmcr.org\/en\/#website"},"primaryImageOfPage":{"@id":"https:\/\/www.rmcr.org\/en\/2018\/06\/25\/xix-semana-de-la-musica-de-ronda\/#primaryimage"},"image":{"@id":"https:\/\/www.rmcr.org\/en\/2018\/06\/25\/xix-semana-de-la-musica-de-ronda\/#primaryimage"},"thumbnailUrl":"https:\/\/www.rmcr.org\/wp-content\/uploads\/2023\/11\/xix-semana-musica-ronda.png","datePublished":"2018-06-25T15:49:45+00:00","dateModified":"2025-04-04T11:29:03+00:00","breadcrumb":{"@id":"https:\/\/www.rmcr.org\/en\/2018\/06\/25\/xix-semana-de-la-musica-de-ronda\/#breadcrumb"},"inLanguage":"en-US","potentialAction":[{"@type":"ReadAction","target":["https:\/\/www.rmcr.org\/en\/2018\/06\/25\/xix-semana-de-la-musica-de-ronda\/"]}]},{"@type":"ImageObject","inLanguage":"en-US","@id":"https:\/\/www.rmcr.org\/en\/2018\/06\/25\/xix-semana-de-la-musica-de-ronda\/#primaryimage","url":"https:\/\/www.rmcr.org\/wp-content\/uploads\/2023\/11\/xix-semana-musica-ronda.png","contentUrl":"https:\/\/www.rmcr.org\/wp-content\/uploads\/2023\/11\/xix-semana-musica-ronda.png","width":500,"height":667,"caption":"XIX Semana de la M\u00fasica de Ronda"},{"@type":"BreadcrumbList","@id":"https:\/\/www.rmcr.org\/en\/2018\/06\/25\/xix-semana-de-la-musica-de-ronda\/#breadcrumb","itemListElement":[{"@type":"ListItem","position":1,"name":"REAL MAESTRANZA DE CABALLER\u00cdA DE RONDA","item":"https:\/\/www.rmcr.org\/en\/"},{"@type":"ListItem","position":2,"name":"XIX Semana de la M\u00fasica de Ronda"}]},{"@type":"WebSite","@id":"https:\/\/www.rmcr.org\/en\/#website","url":"https:\/\/www.rmcr.org\/en\/","name":"Real Maestranza de Caballer\u00eda de Ronda","description":"Real Maestranza de Caballer\u00eda de Ronda","publisher":{"@id":"https:\/\/www.rmcr.org\/en\/#organization"},"alternateName":"RMCR","potentialAction":[{"@type":"SearchAction","target":{"@type":"EntryPoint","urlTemplate":"https:\/\/www.rmcr.org\/en\/?s={search_term_string}"},"query-input":{"@type":"PropertyValueSpecification","valueRequired":true,"valueName":"search_term_string"}}],"inLanguage":"en-US"},{"@type":"Organization","@id":"https:\/\/www.rmcr.org\/en\/#organization","name":"Real Maestranza de Caballer\u00eda de Ronda","alternateName":"RMR","url":"https:\/\/www.rmcr.org\/en\/","logo":{"@type":"ImageObject","inLanguage":"en-US","@id":"https:\/\/www.rmcr.org\/en\/#\/schema\/logo\/image\/","url":"https:\/\/www.rmcr.org\/wp-content\/uploads\/2022\/07\/logo-rmr-blue.svg","contentUrl":"https:\/\/www.rmcr.org\/wp-content\/uploads\/2022\/07\/logo-rmr-blue.svg","width":131,"height":129,"caption":"Real Maestranza de Caballer\u00eda de Ronda"},"image":{"@id":"https:\/\/www.rmcr.org\/en\/#\/schema\/logo\/image\/"},"sameAs":["https:\/\/www.facebook.com\/plazadetorosronda","https:\/\/x.com\/PlazatorosRMR","https:\/\/www.instagram.com\/realmaestranzaderonda\/","https:\/\/www.youtube.com\/channel\/UCrbO5IUN-8v_QML739vM4zg\/videos"]},{"@type":"Person","@id":"https:\/\/www.rmcr.org\/en\/#\/schema\/person\/826ea4b159de99b4731c8f519477737b","name":"ACTIVIDAD","image":{"@type":"ImageObject","inLanguage":"en-US","@id":"https:\/\/www.rmcr.org\/wp-content\/uploads\/2022\/11\/avatar-rmcr-96x96.png","url":"https:\/\/www.rmcr.org\/wp-content\/uploads\/2022\/11\/avatar-rmcr-96x96.png","contentUrl":"https:\/\/www.rmcr.org\/wp-content\/uploads\/2022\/11\/avatar-rmcr-96x96.png","caption":"ACTIVIDAD"},"url":"https:\/\/www.rmcr.org\/en\/author\/alfonso-prado\/"}]}},"_links":{"self":[{"href":"https:\/\/www.rmcr.org\/en\/wp-json\/wp\/v2\/posts\/19323","targetHints":{"allow":["GET"]}}],"collection":[{"href":"https:\/\/www.rmcr.org\/en\/wp-json\/wp\/v2\/posts"}],"about":[{"href":"https:\/\/www.rmcr.org\/en\/wp-json\/wp\/v2\/types\/post"}],"author":[{"embeddable":true,"href":"https:\/\/www.rmcr.org\/en\/wp-json\/wp\/v2\/users\/4"}],"replies":[{"embeddable":true,"href":"https:\/\/www.rmcr.org\/en\/wp-json\/wp\/v2\/comments?post=19323"}],"version-history":[{"count":10,"href":"https:\/\/www.rmcr.org\/en\/wp-json\/wp\/v2\/posts\/19323\/revisions"}],"predecessor-version":[{"id":19335,"href":"https:\/\/www.rmcr.org\/en\/wp-json\/wp\/v2\/posts\/19323\/revisions\/19335"}],"wp:featuredmedia":[{"embeddable":true,"href":"https:\/\/www.rmcr.org\/en\/wp-json\/wp\/v2\/media\/19324"}],"wp:attachment":[{"href":"https:\/\/www.rmcr.org\/en\/wp-json\/wp\/v2\/media?parent=19323"}],"wp:term":[{"taxonomy":"category","embeddable":true,"href":"https:\/\/www.rmcr.org\/en\/wp-json\/wp\/v2\/categories?post=19323"},{"taxonomy":"post_tag","embeddable":true,"href":"https:\/\/www.rmcr.org\/en\/wp-json\/wp\/v2\/tags?post=19323"}],"curies":[{"name":"wp","href":"https:\/\/api.w.org\/{rel}","templated":true}]}}