{"id":19267,"date":"2019-10-07T15:04:33","date_gmt":"2019-10-07T15:04:33","guid":{"rendered":"https:\/\/www.rmcr.org\/?p=19267"},"modified":"2025-02-12T09:15:08","modified_gmt":"2025-02-12T09:15:08","slug":"ronda-la-educacion-y-la-real-maestranza-de-caballeria","status":"publish","type":"post","link":"https:\/\/www.rmcr.org\/en\/2019\/10\/07\/ronda-la-educacion-y-la-real-maestranza-de-caballeria\/","title":{"rendered":"Ronda, la educaci\u00f3n y la Real Maestranza de Caballer\u00eda"},"content":{"rendered":"\t\t<div data-elementor-type=\"wp-post\" data-elementor-id=\"19267\" class=\"elementor elementor-19267\" data-elementor-post-type=\"post\">\n\t\t\t\t\t\t<section class=\"elementor-section elementor-top-section elementor-element elementor-element-5559569 elementor-section-boxed elementor-section-height-default elementor-section-height-default\" data-id=\"5559569\" data-element_type=\"section\" data-e-type=\"section\">\n\t\t\t\t\t\t<div class=\"elementor-container elementor-column-gap-default\">\n\t\t\t\t\t<div class=\"elementor-column elementor-col-100 elementor-top-column elementor-element elementor-element-c2f0ee3\" data-id=\"c2f0ee3\" data-element_type=\"column\" data-e-type=\"column\">\n\t\t\t<div class=\"elementor-widget-wrap elementor-element-populated\">\n\t\t\t\t\t\t<div class=\"elementor-element elementor-element-0d8d77c elementor-widget elementor-widget-text-editor\" data-id=\"0d8d77c\" data-element_type=\"widget\" data-e-type=\"widget\" data-widget_type=\"text-editor.default\">\n\t\t\t\t<div class=\"elementor-widget-container\">\n\t\t\t\t\t\t\t\t\t<p>La Maestranza premia a los mejores, fomenta el esp\u00edritu de emulaci\u00f3n entre nuestros estudiantes, en la competencia sana y el esfuerzo, en auto exigencia y aspiraci\u00f3n a la excelencia, todos ellos son elementos fundamentales para el desarrollo de la persona al servicio de los intereses de nuestro pa\u00eds.<br \/>Apoyo a los estudiantes<\/p><p>Desde la primera convocatoria de Becas y Premios de 1998 se han recibido centenares de expedientes de alumnos de Ronda y de la Serran\u00eda. En estos veintid\u00f3s a\u00f1os se han dedicado m\u00e1s de un mill\u00f3n de euros a las asignaciones de becas y premios, apoyando a m\u00e1s de un centenar de estudiantes y a sus familias.<\/p><p>Tambi\u00e9n es un reconocimiento a la comunidad escolar, a los centros, a sus responsables y a los docentes que animan al alumnado a afrontar retos y superaci\u00f3n.<\/p><p><strong>Escuela de equitaci\u00f3n<\/strong><\/p><p>En los \u00faltimos veinte a\u00f1os la Escuela de Equitaci\u00f3n de la Real Maestranza ha acogido a cerca de ochocientos jinetes y amazonas procedentes de Espa\u00f1a adem\u00e1s de pa\u00edses como Colombia, Alemania, Francia, Holanda o Rusia. Una gran mayor\u00eda encontraron trabajo en el sector ecuestre y algunos fueron reconocidos en las competiciones m\u00e1s prestigiosas del mundo. La Escuela de Equitaci\u00f3n mantiene una filosof\u00eda de continua mejora de su proyecto para adaptarse a las exigencias de estas ense\u00f1anzas ecuestres.<\/p><p><b>Mas Informaci\u00f3n<\/b><\/p><p><a href=\"https:\/\/www.rmcr.org\/wp-content\/uploads\/2023\/11\/cuaderno-xxii-edicion-becas-premios.pdf\" target=\"_blank\" rel=\"noopener\">Entrevista publicada en el Ronda Semanal, a\u00f1o XXVII &#8211; N\u00ba 1208. Del 4 al 10 de octubre de 2019 (PDF 668k)<\/a><\/p>\t\t\t\t\t\t\t\t<\/div>\n\t\t\t\t<\/div>\n\t\t\t\t\t<\/div>\n\t\t<\/div>\n\t\t\t\t\t<\/div>\n\t\t<\/section>\n\t\t\t\t<section class=\"elementor-section elementor-top-section elementor-element elementor-element-d852b16 elementor-section-boxed elementor-section-height-default elementor-section-height-default\" data-id=\"d852b16\" data-element_type=\"section\" data-e-type=\"section\">\n\t\t\t\t\t\t<div class=\"elementor-container elementor-column-gap-default\">\n\t\t\t\t\t<div class=\"elementor-column elementor-col-50 elementor-top-column elementor-element elementor-element-bd37036\" data-id=\"bd37036\" data-element_type=\"column\" data-e-type=\"column\">\n\t\t\t<div class=\"elementor-widget-wrap elementor-element-populated\">\n\t\t\t\t\t\t<div class=\"elementor-element elementor-element-040ff29 elementor-widget elementor-widget-image\" data-id=\"040ff29\" data-element_type=\"widget\" data-e-type=\"widget\" data-widget_type=\"image.default\">\n\t\t\t\t<div class=\"elementor-widget-container\">\n\t\t\t\t\t\t\t\t\t\t\t\t\t\t\t<img fetchpriority=\"high\" decoding=\"async\" width=\"600\" height=\"313\" src=\"https:\/\/www.rmcr.org\/wp-content\/uploads\/2023\/11\/xxii-edicion-becas-premios.png\" class=\"attachment-large size-large wp-image-19270\" alt=\"XXII Edic\u00f3n Becas Y Premios\" srcset=\"https:\/\/www.rmcr.org\/wp-content\/uploads\/2023\/11\/xxii-edicion-becas-premios.png 600w, https:\/\/www.rmcr.org\/wp-content\/uploads\/2023\/11\/xxii-edicion-becas-premios-300x157.png 300w\" sizes=\"(max-width: 600px) 100vw, 600px\" \/>\t\t\t\t\t\t\t\t\t\t\t\t\t\t\t<\/div>\n\t\t\t\t<\/div>\n\t\t\t\t\t<\/div>\n\t\t<\/div>\n\t\t\t\t<div class=\"elementor-column elementor-col-50 elementor-top-column elementor-element elementor-element-838d50f\" data-id=\"838d50f\" data-element_type=\"column\" data-e-type=\"column\">\n\t\t\t<div class=\"elementor-widget-wrap elementor-element-populated\">\n\t\t\t\t\t\t<div class=\"elementor-element elementor-element-15fc09e elementor-widget elementor-widget-image\" data-id=\"15fc09e\" data-element_type=\"widget\" data-e-type=\"widget\" data-widget_type=\"image.default\">\n\t\t\t\t<div class=\"elementor-widget-container\">\n\t\t\t\t\t\t\t\t\t\t\t\t\t\t\t<img decoding=\"async\" width=\"600\" height=\"759\" src=\"https:\/\/www.rmcr.org\/wp-content\/uploads\/2023\/11\/xxii-edicion-becas-premios-premiados.png\" class=\"attachment-large size-large wp-image-19268\" alt=\"Ganadores del XXII Edic\u00f3n Becas Y Premios\" srcset=\"https:\/\/www.rmcr.org\/wp-content\/uploads\/2023\/11\/xxii-edicion-becas-premios-premiados.png 600w, https:\/\/www.rmcr.org\/wp-content\/uploads\/2023\/11\/xxii-edicion-becas-premios-premiados-237x300.png 237w\" sizes=\"(max-width: 600px) 100vw, 600px\" \/>\t\t\t\t\t\t\t\t\t\t\t\t\t\t\t<\/div>\n\t\t\t\t<\/div>\n\t\t\t\t\t<\/div>\n\t\t<\/div>\n\t\t\t\t\t<\/div>\n\t\t<\/section>\n\t\t\t\t<\/div>\n\t\t","protected":false},"excerpt":{"rendered":"<p>La ense\u00f1anza constituye una de las razones hist\u00f3ricas de la Real Maestranza de Caballer\u00eda de Ronda. Han pasado m\u00e1s de cuatro siglos y la instituci\u00f3n mantiene hoy un claro y decidido compromiso por la educaci\u00f3n y el reconocimiento del m\u00e9rito acad\u00e9mico de los j\u00f3venes ronde\u00f1os. <\/p>\n","protected":false},"author":4,"featured_media":19270,"comment_status":"closed","ping_status":"open","sticky":false,"template":"","format":"standard","meta":{"footnotes":""},"categories":[200,509],"tags":[561,95,616],"class_list":["post-19267","post","type-post","status-publish","format-standard","has-post-thumbnail","hentry","category-actividad","category-becas-premios","tag-becas","tag-educacion","tag-premios"],"yoast_head":"<!-- This site is optimized with the Yoast SEO plugin v27.5 - https:\/\/yoast.com\/product\/yoast-seo-wordpress\/ -->\n<title>Ronda, la educaci\u00f3n y la Real Maestranza de Caballer\u00eda - Real Maestranza de Caballer\u00eda de Ronda<\/title>\n<meta name=\"robots\" content=\"index, follow, max-snippet:-1, max-image-preview:large, max-video-preview:-1\" \/>\n<link rel=\"canonical\" href=\"https:\/\/www.rmcr.org\/en\/2019\/10\/07\/ronda-la-educacion-y-la-real-maestranza-de-caballeria\/\" \/>\n<meta property=\"og:locale\" content=\"en_US\" \/>\n<meta property=\"og:type\" content=\"article\" \/>\n<meta property=\"og:title\" content=\"Ronda, la educaci\u00f3n y la Real Maestranza de Caballer\u00eda - Real Maestranza de Caballer\u00eda de Ronda\" \/>\n<meta property=\"og:description\" content=\"La ense\u00f1anza constituye una de las razones hist\u00f3ricas de la Real Maestranza de Caballer\u00eda de Ronda. Han pasado m\u00e1s de cuatro siglos y la instituci\u00f3n mantiene hoy un claro y decidido compromiso por la educaci\u00f3n y el reconocimiento del m\u00e9rito acad\u00e9mico de los j\u00f3venes ronde\u00f1os.\" \/>\n<meta property=\"og:url\" content=\"https:\/\/www.rmcr.org\/en\/2019\/10\/07\/ronda-la-educacion-y-la-real-maestranza-de-caballeria\/\" \/>\n<meta property=\"og:site_name\" content=\"Real Maestranza de Caballer\u00eda de Ronda\" \/>\n<meta property=\"article:publisher\" content=\"https:\/\/www.facebook.com\/plazadetorosronda\" \/>\n<meta property=\"article:published_time\" content=\"2019-10-07T15:04:33+00:00\" \/>\n<meta property=\"article:modified_time\" content=\"2025-02-12T09:15:08+00:00\" \/>\n<meta property=\"og:image\" content=\"https:\/\/www.rmcr.org\/wp-content\/uploads\/2023\/11\/xxii-edicion-becas-premios.png\" \/>\n\t<meta property=\"og:image:width\" content=\"600\" \/>\n\t<meta property=\"og:image:height\" content=\"313\" \/>\n\t<meta property=\"og:image:type\" content=\"image\/png\" \/>\n<meta name=\"author\" content=\"ACTIVIDAD\" \/>\n<meta name=\"twitter:card\" content=\"summary_large_image\" \/>\n<meta name=\"twitter:creator\" content=\"@PlazatorosRMR\" \/>\n<meta name=\"twitter:site\" content=\"@PlazatorosRMR\" \/>\n<meta name=\"twitter:label1\" content=\"Written by\" \/>\n\t<meta name=\"twitter:data1\" content=\"ACTIVIDAD\" \/>\n\t<meta name=\"twitter:label2\" content=\"Est. reading time\" \/>\n\t<meta name=\"twitter:data2\" content=\"2 minutes\" \/>\n<script type=\"application\/ld+json\" class=\"yoast-schema-graph\">{\"@context\":\"https:\\\/\\\/schema.org\",\"@graph\":[{\"@type\":\"Article\",\"@id\":\"https:\\\/\\\/www.rmcr.org\\\/en\\\/2019\\\/10\\\/07\\\/ronda-la-educacion-y-la-real-maestranza-de-caballeria\\\/#article\",\"isPartOf\":{\"@id\":\"https:\\\/\\\/www.rmcr.org\\\/en\\\/2019\\\/10\\\/07\\\/ronda-la-educacion-y-la-real-maestranza-de-caballeria\\\/\"},\"author\":{\"name\":\"ACTIVIDAD\",\"@id\":\"https:\\\/\\\/www.rmcr.org\\\/en\\\/#\\\/schema\\\/person\\\/826ea4b159de99b4731c8f519477737b\"},\"headline\":\"Ronda, la educaci\u00f3n y la Real Maestranza de Caballer\u00eda\",\"datePublished\":\"2019-10-07T15:04:33+00:00\",\"dateModified\":\"2025-02-12T09:15:08+00:00\",\"mainEntityOfPage\":{\"@id\":\"https:\\\/\\\/www.rmcr.org\\\/en\\\/2019\\\/10\\\/07\\\/ronda-la-educacion-y-la-real-maestranza-de-caballeria\\\/\"},\"wordCount\":269,\"publisher\":{\"@id\":\"https:\\\/\\\/www.rmcr.org\\\/en\\\/#organization\"},\"image\":{\"@id\":\"https:\\\/\\\/www.rmcr.org\\\/en\\\/2019\\\/10\\\/07\\\/ronda-la-educacion-y-la-real-maestranza-de-caballeria\\\/#primaryimage\"},\"thumbnailUrl\":\"https:\\\/\\\/www.rmcr.org\\\/wp-content\\\/uploads\\\/2023\\\/11\\\/xxii-edicion-becas-premios.png\",\"keywords\":[\"Becas\",\"Educaci\u00f3n\",\"Premios\"],\"articleSection\":[\"Actividad\",\"Becas y Premios\"],\"inLanguage\":\"en-US\"},{\"@type\":\"WebPage\",\"@id\":\"https:\\\/\\\/www.rmcr.org\\\/en\\\/2019\\\/10\\\/07\\\/ronda-la-educacion-y-la-real-maestranza-de-caballeria\\\/\",\"url\":\"https:\\\/\\\/www.rmcr.org\\\/en\\\/2019\\\/10\\\/07\\\/ronda-la-educacion-y-la-real-maestranza-de-caballeria\\\/\",\"name\":\"Ronda, la educaci\u00f3n y la Real Maestranza de Caballer\u00eda - Real Maestranza de Caballer\u00eda de Ronda\",\"isPartOf\":{\"@id\":\"https:\\\/\\\/www.rmcr.org\\\/en\\\/#website\"},\"primaryImageOfPage\":{\"@id\":\"https:\\\/\\\/www.rmcr.org\\\/en\\\/2019\\\/10\\\/07\\\/ronda-la-educacion-y-la-real-maestranza-de-caballeria\\\/#primaryimage\"},\"image\":{\"@id\":\"https:\\\/\\\/www.rmcr.org\\\/en\\\/2019\\\/10\\\/07\\\/ronda-la-educacion-y-la-real-maestranza-de-caballeria\\\/#primaryimage\"},\"thumbnailUrl\":\"https:\\\/\\\/www.rmcr.org\\\/wp-content\\\/uploads\\\/2023\\\/11\\\/xxii-edicion-becas-premios.png\",\"datePublished\":\"2019-10-07T15:04:33+00:00\",\"dateModified\":\"2025-02-12T09:15:08+00:00\",\"breadcrumb\":{\"@id\":\"https:\\\/\\\/www.rmcr.org\\\/en\\\/2019\\\/10\\\/07\\\/ronda-la-educacion-y-la-real-maestranza-de-caballeria\\\/#breadcrumb\"},\"inLanguage\":\"en-US\",\"potentialAction\":[{\"@type\":\"ReadAction\",\"target\":[\"https:\\\/\\\/www.rmcr.org\\\/en\\\/2019\\\/10\\\/07\\\/ronda-la-educacion-y-la-real-maestranza-de-caballeria\\\/\"]}]},{\"@type\":\"ImageObject\",\"inLanguage\":\"en-US\",\"@id\":\"https:\\\/\\\/www.rmcr.org\\\/en\\\/2019\\\/10\\\/07\\\/ronda-la-educacion-y-la-real-maestranza-de-caballeria\\\/#primaryimage\",\"url\":\"https:\\\/\\\/www.rmcr.org\\\/wp-content\\\/uploads\\\/2023\\\/11\\\/xxii-edicion-becas-premios.png\",\"contentUrl\":\"https:\\\/\\\/www.rmcr.org\\\/wp-content\\\/uploads\\\/2023\\\/11\\\/xxii-edicion-becas-premios.png\",\"width\":600,\"height\":313,\"caption\":\"XXII Edic\u00f3n Becas Y Premios\"},{\"@type\":\"BreadcrumbList\",\"@id\":\"https:\\\/\\\/www.rmcr.org\\\/en\\\/2019\\\/10\\\/07\\\/ronda-la-educacion-y-la-real-maestranza-de-caballeria\\\/#breadcrumb\",\"itemListElement\":[{\"@type\":\"ListItem\",\"position\":1,\"name\":\"REAL MAESTRANZA DE CABALLER\u00cdA DE RONDA\",\"item\":\"https:\\\/\\\/www.rmcr.org\\\/en\\\/\"},{\"@type\":\"ListItem\",\"position\":2,\"name\":\"Ronda, la educaci\u00f3n y la Real Maestranza de Caballer\u00eda\"}]},{\"@type\":\"WebSite\",\"@id\":\"https:\\\/\\\/www.rmcr.org\\\/en\\\/#website\",\"url\":\"https:\\\/\\\/www.rmcr.org\\\/en\\\/\",\"name\":\"Real Maestranza de Caballer\u00eda de Ronda\",\"description\":\"Real Maestranza de Caballer\u00eda de Ronda\",\"publisher\":{\"@id\":\"https:\\\/\\\/www.rmcr.org\\\/en\\\/#organization\"},\"alternateName\":\"RMCR\",\"potentialAction\":[{\"@type\":\"SearchAction\",\"target\":{\"@type\":\"EntryPoint\",\"urlTemplate\":\"https:\\\/\\\/www.rmcr.org\\\/en\\\/?s={search_term_string}\"},\"query-input\":{\"@type\":\"PropertyValueSpecification\",\"valueRequired\":true,\"valueName\":\"search_term_string\"}}],\"inLanguage\":\"en-US\"},{\"@type\":\"Organization\",\"@id\":\"https:\\\/\\\/www.rmcr.org\\\/en\\\/#organization\",\"name\":\"Real Maestranza de Caballer\u00eda de Ronda\",\"alternateName\":\"RMR\",\"url\":\"https:\\\/\\\/www.rmcr.org\\\/en\\\/\",\"logo\":{\"@type\":\"ImageObject\",\"inLanguage\":\"en-US\",\"@id\":\"https:\\\/\\\/www.rmcr.org\\\/en\\\/#\\\/schema\\\/logo\\\/image\\\/\",\"url\":\"https:\\\/\\\/www.rmcr.org\\\/wp-content\\\/uploads\\\/2022\\\/07\\\/logo-rmr-blue.svg\",\"contentUrl\":\"https:\\\/\\\/www.rmcr.org\\\/wp-content\\\/uploads\\\/2022\\\/07\\\/logo-rmr-blue.svg\",\"width\":131,\"height\":129,\"caption\":\"Real Maestranza de Caballer\u00eda de Ronda\"},\"image\":{\"@id\":\"https:\\\/\\\/www.rmcr.org\\\/en\\\/#\\\/schema\\\/logo\\\/image\\\/\"},\"sameAs\":[\"https:\\\/\\\/www.facebook.com\\\/plazadetorosronda\",\"https:\\\/\\\/x.com\\\/PlazatorosRMR\",\"https:\\\/\\\/www.instagram.com\\\/realmaestranzaderonda\\\/\",\"https:\\\/\\\/www.youtube.com\\\/channel\\\/UCrbO5IUN-8v_QML739vM4zg\\\/videos\"]},{\"@type\":\"Person\",\"@id\":\"https:\\\/\\\/www.rmcr.org\\\/en\\\/#\\\/schema\\\/person\\\/826ea4b159de99b4731c8f519477737b\",\"name\":\"ACTIVIDAD\",\"image\":{\"@type\":\"ImageObject\",\"inLanguage\":\"en-US\",\"@id\":\"https:\\\/\\\/www.rmcr.org\\\/wp-content\\\/uploads\\\/2022\\\/11\\\/avatar-rmcr-96x96.png\",\"url\":\"https:\\\/\\\/www.rmcr.org\\\/wp-content\\\/uploads\\\/2022\\\/11\\\/avatar-rmcr-96x96.png\",\"contentUrl\":\"https:\\\/\\\/www.rmcr.org\\\/wp-content\\\/uploads\\\/2022\\\/11\\\/avatar-rmcr-96x96.png\",\"caption\":\"ACTIVIDAD\"},\"url\":\"https:\\\/\\\/www.rmcr.org\\\/en\\\/author\\\/alfonso-prado\\\/\"}]}<\/script>\n<!-- \/ Yoast SEO plugin. -->","yoast_head_json":{"title":"Ronda, la educaci\u00f3n y la Real Maestranza de Caballer\u00eda - Real Maestranza de Caballer\u00eda de Ronda","robots":{"index":"index","follow":"follow","max-snippet":"max-snippet:-1","max-image-preview":"max-image-preview:large","max-video-preview":"max-video-preview:-1"},"canonical":"https:\/\/www.rmcr.org\/en\/2019\/10\/07\/ronda-la-educacion-y-la-real-maestranza-de-caballeria\/","og_locale":"en_US","og_type":"article","og_title":"Ronda, la educaci\u00f3n y la Real Maestranza de Caballer\u00eda - Real Maestranza de Caballer\u00eda de Ronda","og_description":"La ense\u00f1anza constituye una de las razones hist\u00f3ricas de la Real Maestranza de Caballer\u00eda de Ronda. Han pasado m\u00e1s de cuatro siglos y la instituci\u00f3n mantiene hoy un claro y decidido compromiso por la educaci\u00f3n y el reconocimiento del m\u00e9rito acad\u00e9mico de los j\u00f3venes ronde\u00f1os.","og_url":"https:\/\/www.rmcr.org\/en\/2019\/10\/07\/ronda-la-educacion-y-la-real-maestranza-de-caballeria\/","og_site_name":"Real Maestranza de Caballer\u00eda de Ronda","article_publisher":"https:\/\/www.facebook.com\/plazadetorosronda","article_published_time":"2019-10-07T15:04:33+00:00","article_modified_time":"2025-02-12T09:15:08+00:00","og_image":[{"width":600,"height":313,"url":"https:\/\/www.rmcr.org\/wp-content\/uploads\/2023\/11\/xxii-edicion-becas-premios.png","type":"image\/png"}],"author":"ACTIVIDAD","twitter_card":"summary_large_image","twitter_creator":"@PlazatorosRMR","twitter_site":"@PlazatorosRMR","twitter_misc":{"Written by":"ACTIVIDAD","Est. reading time":"2 minutes"},"schema":{"@context":"https:\/\/schema.org","@graph":[{"@type":"Article","@id":"https:\/\/www.rmcr.org\/en\/2019\/10\/07\/ronda-la-educacion-y-la-real-maestranza-de-caballeria\/#article","isPartOf":{"@id":"https:\/\/www.rmcr.org\/en\/2019\/10\/07\/ronda-la-educacion-y-la-real-maestranza-de-caballeria\/"},"author":{"name":"ACTIVIDAD","@id":"https:\/\/www.rmcr.org\/en\/#\/schema\/person\/826ea4b159de99b4731c8f519477737b"},"headline":"Ronda, la educaci\u00f3n y la Real Maestranza de Caballer\u00eda","datePublished":"2019-10-07T15:04:33+00:00","dateModified":"2025-02-12T09:15:08+00:00","mainEntityOfPage":{"@id":"https:\/\/www.rmcr.org\/en\/2019\/10\/07\/ronda-la-educacion-y-la-real-maestranza-de-caballeria\/"},"wordCount":269,"publisher":{"@id":"https:\/\/www.rmcr.org\/en\/#organization"},"image":{"@id":"https:\/\/www.rmcr.org\/en\/2019\/10\/07\/ronda-la-educacion-y-la-real-maestranza-de-caballeria\/#primaryimage"},"thumbnailUrl":"https:\/\/www.rmcr.org\/wp-content\/uploads\/2023\/11\/xxii-edicion-becas-premios.png","keywords":["Becas","Educaci\u00f3n","Premios"],"articleSection":["Actividad","Becas y Premios"],"inLanguage":"en-US"},{"@type":"WebPage","@id":"https:\/\/www.rmcr.org\/en\/2019\/10\/07\/ronda-la-educacion-y-la-real-maestranza-de-caballeria\/","url":"https:\/\/www.rmcr.org\/en\/2019\/10\/07\/ronda-la-educacion-y-la-real-maestranza-de-caballeria\/","name":"Ronda, la educaci\u00f3n y la Real Maestranza de Caballer\u00eda - Real Maestranza de Caballer\u00eda de Ronda","isPartOf":{"@id":"https:\/\/www.rmcr.org\/en\/#website"},"primaryImageOfPage":{"@id":"https:\/\/www.rmcr.org\/en\/2019\/10\/07\/ronda-la-educacion-y-la-real-maestranza-de-caballeria\/#primaryimage"},"image":{"@id":"https:\/\/www.rmcr.org\/en\/2019\/10\/07\/ronda-la-educacion-y-la-real-maestranza-de-caballeria\/#primaryimage"},"thumbnailUrl":"https:\/\/www.rmcr.org\/wp-content\/uploads\/2023\/11\/xxii-edicion-becas-premios.png","datePublished":"2019-10-07T15:04:33+00:00","dateModified":"2025-02-12T09:15:08+00:00","breadcrumb":{"@id":"https:\/\/www.rmcr.org\/en\/2019\/10\/07\/ronda-la-educacion-y-la-real-maestranza-de-caballeria\/#breadcrumb"},"inLanguage":"en-US","potentialAction":[{"@type":"ReadAction","target":["https:\/\/www.rmcr.org\/en\/2019\/10\/07\/ronda-la-educacion-y-la-real-maestranza-de-caballeria\/"]}]},{"@type":"ImageObject","inLanguage":"en-US","@id":"https:\/\/www.rmcr.org\/en\/2019\/10\/07\/ronda-la-educacion-y-la-real-maestranza-de-caballeria\/#primaryimage","url":"https:\/\/www.rmcr.org\/wp-content\/uploads\/2023\/11\/xxii-edicion-becas-premios.png","contentUrl":"https:\/\/www.rmcr.org\/wp-content\/uploads\/2023\/11\/xxii-edicion-becas-premios.png","width":600,"height":313,"caption":"XXII Edic\u00f3n Becas Y Premios"},{"@type":"BreadcrumbList","@id":"https:\/\/www.rmcr.org\/en\/2019\/10\/07\/ronda-la-educacion-y-la-real-maestranza-de-caballeria\/#breadcrumb","itemListElement":[{"@type":"ListItem","position":1,"name":"REAL MAESTRANZA DE CABALLER\u00cdA DE RONDA","item":"https:\/\/www.rmcr.org\/en\/"},{"@type":"ListItem","position":2,"name":"Ronda, la educaci\u00f3n y la Real Maestranza de Caballer\u00eda"}]},{"@type":"WebSite","@id":"https:\/\/www.rmcr.org\/en\/#website","url":"https:\/\/www.rmcr.org\/en\/","name":"Real Maestranza de Caballer\u00eda de Ronda","description":"Real Maestranza de Caballer\u00eda de Ronda","publisher":{"@id":"https:\/\/www.rmcr.org\/en\/#organization"},"alternateName":"RMCR","potentialAction":[{"@type":"SearchAction","target":{"@type":"EntryPoint","urlTemplate":"https:\/\/www.rmcr.org\/en\/?s={search_term_string}"},"query-input":{"@type":"PropertyValueSpecification","valueRequired":true,"valueName":"search_term_string"}}],"inLanguage":"en-US"},{"@type":"Organization","@id":"https:\/\/www.rmcr.org\/en\/#organization","name":"Real Maestranza de Caballer\u00eda de Ronda","alternateName":"RMR","url":"https:\/\/www.rmcr.org\/en\/","logo":{"@type":"ImageObject","inLanguage":"en-US","@id":"https:\/\/www.rmcr.org\/en\/#\/schema\/logo\/image\/","url":"https:\/\/www.rmcr.org\/wp-content\/uploads\/2022\/07\/logo-rmr-blue.svg","contentUrl":"https:\/\/www.rmcr.org\/wp-content\/uploads\/2022\/07\/logo-rmr-blue.svg","width":131,"height":129,"caption":"Real Maestranza de Caballer\u00eda de Ronda"},"image":{"@id":"https:\/\/www.rmcr.org\/en\/#\/schema\/logo\/image\/"},"sameAs":["https:\/\/www.facebook.com\/plazadetorosronda","https:\/\/x.com\/PlazatorosRMR","https:\/\/www.instagram.com\/realmaestranzaderonda\/","https:\/\/www.youtube.com\/channel\/UCrbO5IUN-8v_QML739vM4zg\/videos"]},{"@type":"Person","@id":"https:\/\/www.rmcr.org\/en\/#\/schema\/person\/826ea4b159de99b4731c8f519477737b","name":"ACTIVIDAD","image":{"@type":"ImageObject","inLanguage":"en-US","@id":"https:\/\/www.rmcr.org\/wp-content\/uploads\/2022\/11\/avatar-rmcr-96x96.png","url":"https:\/\/www.rmcr.org\/wp-content\/uploads\/2022\/11\/avatar-rmcr-96x96.png","contentUrl":"https:\/\/www.rmcr.org\/wp-content\/uploads\/2022\/11\/avatar-rmcr-96x96.png","caption":"ACTIVIDAD"},"url":"https:\/\/www.rmcr.org\/en\/author\/alfonso-prado\/"}]}},"_links":{"self":[{"href":"https:\/\/www.rmcr.org\/en\/wp-json\/wp\/v2\/posts\/19267","targetHints":{"allow":["GET"]}}],"collection":[{"href":"https:\/\/www.rmcr.org\/en\/wp-json\/wp\/v2\/posts"}],"about":[{"href":"https:\/\/www.rmcr.org\/en\/wp-json\/wp\/v2\/types\/post"}],"author":[{"embeddable":true,"href":"https:\/\/www.rmcr.org\/en\/wp-json\/wp\/v2\/users\/4"}],"replies":[{"embeddable":true,"href":"https:\/\/www.rmcr.org\/en\/wp-json\/wp\/v2\/comments?post=19267"}],"version-history":[{"count":8,"href":"https:\/\/www.rmcr.org\/en\/wp-json\/wp\/v2\/posts\/19267\/revisions"}],"predecessor-version":[{"id":22234,"href":"https:\/\/www.rmcr.org\/en\/wp-json\/wp\/v2\/posts\/19267\/revisions\/22234"}],"wp:featuredmedia":[{"embeddable":true,"href":"https:\/\/www.rmcr.org\/en\/wp-json\/wp\/v2\/media\/19270"}],"wp:attachment":[{"href":"https:\/\/www.rmcr.org\/en\/wp-json\/wp\/v2\/media?parent=19267"}],"wp:term":[{"taxonomy":"category","embeddable":true,"href":"https:\/\/www.rmcr.org\/en\/wp-json\/wp\/v2\/categories?post=19267"},{"taxonomy":"post_tag","embeddable":true,"href":"https:\/\/www.rmcr.org\/en\/wp-json\/wp\/v2\/tags?post=19267"}],"curies":[{"name":"wp","href":"https:\/\/api.w.org\/{rel}","templated":true}]}}