{"id":19193,"date":"2020-06-15T12:38:19","date_gmt":"2020-06-15T12:38:19","guid":{"rendered":"https:\/\/www.rmcr.org\/?p=19193"},"modified":"2023-11-07T12:42:10","modified_gmt":"2023-11-07T12:42:10","slug":"la-real-maestranza-de-caballeria-de-ronda-se-solidariza-con-profesionales-sanitarios-cuerpos-y-fuerzas-de-seguridad-y-poblacion-vulnerable-de-la-serrania-ante-el-coronavirus","status":"publish","type":"post","link":"https:\/\/www.rmcr.org\/en\/2020\/06\/15\/la-real-maestranza-de-caballeria-de-ronda-se-solidariza-con-profesionales-sanitarios-cuerpos-y-fuerzas-de-seguridad-y-poblacion-vulnerable-de-la-serrania-ante-el-coronavirus\/","title":{"rendered":"La Real Maestranza de Caballer\u00eda de Ronda se solidariza con profesionales sanitarios, cuerpos y fuerzas de seguridad y poblaci\u00f3n vulnerable de la serran\u00eda ante el coronavirus."},"content":{"rendered":"\t\t<div data-elementor-type=\"wp-post\" data-elementor-id=\"19193\" class=\"elementor elementor-19193\" data-elementor-post-type=\"post\">\n\t\t\t\t\t\t<section class=\"elementor-section elementor-top-section elementor-element elementor-element-c7d387c elementor-section-boxed elementor-section-height-default elementor-section-height-default\" data-id=\"c7d387c\" data-element_type=\"section\" data-e-type=\"section\">\n\t\t\t\t\t\t<div class=\"elementor-container elementor-column-gap-default\">\n\t\t\t\t\t<div class=\"elementor-column elementor-col-100 elementor-top-column elementor-element elementor-element-a6a6f7a\" data-id=\"a6a6f7a\" data-element_type=\"column\" data-e-type=\"column\">\n\t\t\t<div class=\"elementor-widget-wrap elementor-element-populated\">\n\t\t\t\t\t\t<div class=\"elementor-element elementor-element-f7472d4 elementor-widget elementor-widget-text-editor\" data-id=\"f7472d4\" data-element_type=\"widget\" data-e-type=\"widget\" data-widget_type=\"text-editor.default\">\n\t\t\t\t<div class=\"elementor-widget-container\">\n\t\t\t\t\t\t\t\t\t<p>Consciente de la previsible escasez de equipos de protecci\u00f3n en centros sanitarios, centros de atenci\u00f3n primaria y residencias de mayores de la serran\u00eda, la Maestranza ronde\u00f1a puso en marcha su red de contactos y colaboradores internacionales en b\u00fasqueda de proveedores fiables en un mercado convulso. Gracias a las gestiones realizadas a trav\u00e9s de un contacto en Pek\u00edn, se ha conseguido un lote de 6.000 mascarillas sanitarias adquiridas directamente al fabricante. La instituci\u00f3n ha solicitado a la Polic\u00eda Nacional su colaboraci\u00f3n para la distribuci\u00f3n del material en los centros destinatarios.<br \/>Recepci\u00f3n y organizaci\u00f3n del material sanitario en el Sal\u00f3n de Grados de la RMR<\/p><p><strong>Mercado Colapsado<\/strong><\/p><p>Ignacio Herrera, Director de la Real Maestranza de Ronda, explica: &#8220;Como a todos, nos preocupa enormemente la capacidad de los servicios que combaten en primera l\u00ednea para atender a los ciudadanos en estos momentos de m\u00e1xima propagaci\u00f3n del virus. Nos informaron de que cualquier ayuda de material ser\u00eda muy bienvenida. De momento, este lote de 6.000 mascarillas es lo \u00fanico que hemos podido localizar, ya que es un mercado totalmente colapsado por la demanda y muy poco fiable. Seguiremos atentos a otras posibilidades.&#8221;<\/p><p><strong>Impresora 3D<\/strong><\/p><p>La Real Maestranza de Ronda, ante esta grave situaci\u00f3n, contin\u00faa as\u00ed su labor de apoyo incondicional, que inici\u00f3 con la cesi\u00f3n del respirador de la enfermer\u00eda de la Plaza de Toros, y ampli\u00f3 con la adquisici\u00f3n de una impresora 3D y filamentos termopl\u00e1sticos para la producci\u00f3n de m\u00e1scaras de acetato de protecci\u00f3n individual que lleva a cabo un colectivo ciudadano.<\/p>\t\t\t\t\t\t\t\t<\/div>\n\t\t\t\t<\/div>\n\t\t\t\t\t<\/div>\n\t\t<\/div>\n\t\t\t\t\t<\/div>\n\t\t<\/section>\n\t\t\t\t<section class=\"elementor-section elementor-top-section elementor-element elementor-element-e53db4a elementor-section-boxed elementor-section-height-default elementor-section-height-default\" data-id=\"e53db4a\" data-element_type=\"section\" data-e-type=\"section\">\n\t\t\t\t\t\t<div class=\"elementor-container elementor-column-gap-default\">\n\t\t\t\t\t<div class=\"elementor-column elementor-col-100 elementor-top-column elementor-element elementor-element-d207684\" data-id=\"d207684\" data-element_type=\"column\" data-e-type=\"column\">\n\t\t\t<div class=\"elementor-widget-wrap elementor-element-populated\">\n\t\t\t\t\t\t<div class=\"elementor-element elementor-element-180ee81 gallery-spacing-custom elementor-widget elementor-widget-image-gallery\" data-id=\"180ee81\" data-element_type=\"widget\" data-e-type=\"widget\" data-widget_type=\"image-gallery.default\">\n\t\t\t\t<div class=\"elementor-widget-container\">\n\t\t\t\t\t\t\t<div class=\"elementor-image-gallery\">\n\t\t\t<div id='gallery-1' class='gallery galleryid-19193 gallery-columns-2 gallery-size-large'><figure class='gallery-item'>\n\t\t\t<div class='gallery-icon landscape'>\n\t\t\t\t<a data-elementor-open-lightbox=\"yes\" data-elementor-lightbox-slideshow=\"180ee81\" data-elementor-lightbox-title=\"reparto-mascarillas-01\" data-e-action-hash=\"#elementor-action%3Aaction%3Dlightbox%26settings%3DeyJpZCI6MTkyMDEsInVybCI6Imh0dHBzOlwvXC93d3cucm1jci5vcmdcL3dwLWNvbnRlbnRcL3VwbG9hZHNcLzIwMjNcLzExXC9yZXBhcnRvLW1hc2NhcmlsbGFzLTAxLnBuZyIsInNsaWRlc2hvdyI6IjE4MGVlODEifQ%3D%3D\" href='https:\/\/www.rmcr.org\/wp-content\/uploads\/2023\/11\/reparto-mascarillas-01.png'><img fetchpriority=\"high\" decoding=\"async\" width=\"600\" height=\"400\" src=\"https:\/\/www.rmcr.org\/wp-content\/uploads\/2023\/11\/reparto-mascarillas-01.png\" class=\"attachment-large size-large\" alt=\"Reparto de mascarillas\" aria-describedby=\"gallery-1-19201\" srcset=\"https:\/\/www.rmcr.org\/wp-content\/uploads\/2023\/11\/reparto-mascarillas-01.png 600w, https:\/\/www.rmcr.org\/wp-content\/uploads\/2023\/11\/reparto-mascarillas-01-300x200.png 300w\" sizes=\"(max-width: 600px) 100vw, 600px\" \/><\/a>\n\t\t\t<\/div>\n\t\t\t\t<figcaption class='wp-caption-text gallery-caption' id='gallery-1-19201'>\n\t\t\t\tRecepci\u00f3n y organizaci\u00f3n del material sanitario en el Sal\u00f3n de Grados de la RMR\n\t\t\t\t<\/figcaption><\/figure><figure class='gallery-item'>\n\t\t\t<div class='gallery-icon landscape'>\n\t\t\t\t<a data-elementor-open-lightbox=\"yes\" data-elementor-lightbox-slideshow=\"180ee81\" data-elementor-lightbox-title=\"reparto-mascarillas-02\" data-e-action-hash=\"#elementor-action%3Aaction%3Dlightbox%26settings%3DeyJpZCI6MTkxOTksInVybCI6Imh0dHBzOlwvXC93d3cucm1jci5vcmdcL3dwLWNvbnRlbnRcL3VwbG9hZHNcLzIwMjNcLzExXC9yZXBhcnRvLW1hc2NhcmlsbGFzLTAyLnBuZyIsInNsaWRlc2hvdyI6IjE4MGVlODEifQ%3D%3D\" href='https:\/\/www.rmcr.org\/wp-content\/uploads\/2023\/11\/reparto-mascarillas-02.png'><img decoding=\"async\" width=\"600\" height=\"400\" src=\"https:\/\/www.rmcr.org\/wp-content\/uploads\/2023\/11\/reparto-mascarillas-02.png\" class=\"attachment-large size-large\" alt=\"Entrega en el Hospital de la Serran\u00eda de Ronda\" aria-describedby=\"gallery-1-19199\" srcset=\"https:\/\/www.rmcr.org\/wp-content\/uploads\/2023\/11\/reparto-mascarillas-02.png 600w, https:\/\/www.rmcr.org\/wp-content\/uploads\/2023\/11\/reparto-mascarillas-02-300x200.png 300w\" sizes=\"(max-width: 600px) 100vw, 600px\" \/><\/a>\n\t\t\t<\/div>\n\t\t\t\t<figcaption class='wp-caption-text gallery-caption' id='gallery-1-19199'>\n\t\t\t\tEntrega en el Hospital de la Serran\u00eda de Ronda \n\t\t\t\t<\/figcaption><\/figure><figure class='gallery-item'>\n\t\t\t<div class='gallery-icon landscape'>\n\t\t\t\t<a data-elementor-open-lightbox=\"yes\" data-elementor-lightbox-slideshow=\"180ee81\" data-elementor-lightbox-title=\"reparto-mascarillas-03\" data-e-action-hash=\"#elementor-action%3Aaction%3Dlightbox%26settings%3DeyJpZCI6MTkxOTcsInVybCI6Imh0dHBzOlwvXC93d3cucm1jci5vcmdcL3dwLWNvbnRlbnRcL3VwbG9hZHNcLzIwMjNcLzExXC9yZXBhcnRvLW1hc2NhcmlsbGFzLTAzLnBuZyIsInNsaWRlc2hvdyI6IjE4MGVlODEifQ%3D%3D\" href='https:\/\/www.rmcr.org\/wp-content\/uploads\/2023\/11\/reparto-mascarillas-03.png'><img decoding=\"async\" width=\"600\" height=\"400\" src=\"https:\/\/www.rmcr.org\/wp-content\/uploads\/2023\/11\/reparto-mascarillas-03.png\" class=\"attachment-large size-large\" alt=\"Entrega en la Residencia Hermanitas de los Pobres\" aria-describedby=\"gallery-1-19197\" srcset=\"https:\/\/www.rmcr.org\/wp-content\/uploads\/2023\/11\/reparto-mascarillas-03.png 600w, https:\/\/www.rmcr.org\/wp-content\/uploads\/2023\/11\/reparto-mascarillas-03-300x200.png 300w\" sizes=\"(max-width: 600px) 100vw, 600px\" \/><\/a>\n\t\t\t<\/div>\n\t\t\t\t<figcaption class='wp-caption-text gallery-caption' id='gallery-1-19197'>\n\t\t\t\tEntrega en la Residencia Hermanitas de los Pobres\n\t\t\t\t<\/figcaption><\/figure><figure class='gallery-item'>\n\t\t\t<div class='gallery-icon landscape'>\n\t\t\t\t<a data-elementor-open-lightbox=\"yes\" data-elementor-lightbox-slideshow=\"180ee81\" data-elementor-lightbox-title=\"reparto-mascarillas-04\" data-e-action-hash=\"#elementor-action%3Aaction%3Dlightbox%26settings%3DeyJpZCI6MTkxOTUsInVybCI6Imh0dHBzOlwvXC93d3cucm1jci5vcmdcL3dwLWNvbnRlbnRcL3VwbG9hZHNcLzIwMjNcLzExXC9yZXBhcnRvLW1hc2NhcmlsbGFzLTA0LnBuZyIsInNsaWRlc2hvdyI6IjE4MGVlODEifQ%3D%3D\" href='https:\/\/www.rmcr.org\/wp-content\/uploads\/2023\/11\/reparto-mascarillas-04.png'><img loading=\"lazy\" decoding=\"async\" width=\"600\" height=\"400\" src=\"https:\/\/www.rmcr.org\/wp-content\/uploads\/2023\/11\/reparto-mascarillas-04.png\" class=\"attachment-large size-large\" alt=\"Entrega en la Residencia Monse\u00f1or Parra Grossi\" aria-describedby=\"gallery-1-19195\" srcset=\"https:\/\/www.rmcr.org\/wp-content\/uploads\/2023\/11\/reparto-mascarillas-04.png 600w, https:\/\/www.rmcr.org\/wp-content\/uploads\/2023\/11\/reparto-mascarillas-04-300x200.png 300w\" sizes=\"(max-width: 600px) 100vw, 600px\" \/><\/a>\n\t\t\t<\/div>\n\t\t\t\t<figcaption class='wp-caption-text gallery-caption' id='gallery-1-19195'>\n\t\t\t\tEntrega en la Residencia Monse\u00f1or Parra Grossi\n\t\t\t\t<\/figcaption><\/figure>\n\t\t<\/div>\n\t\t<\/div>\n\t\t\t\t\t\t<\/div>\n\t\t\t\t<\/div>\n\t\t\t\t\t<\/div>\n\t\t<\/div>\n\t\t\t\t\t<\/div>\n\t\t<\/section>\n\t\t\t\t<\/div>\n\t\t","protected":false},"excerpt":{"rendered":"<p>Un total de 6.000 mascarillas son repartidas por la comarca <\/p>\n","protected":false},"author":4,"featured_media":19200,"comment_status":"closed","ping_status":"open","sticky":false,"template":"","format":"standard","meta":{"footnotes":""},"categories":[200,510],"tags":[685,687,684,686],"class_list":["post-19193","post","type-post","status-publish","format-standard","has-post-thumbnail","hentry","category-actividad","category-colaboraciones","tag-coronavirus","tag-donacion","tag-mascarillas","tag-reparto"],"yoast_head":"<!-- This site is optimized with the Yoast SEO plugin v27.5 - https:\/\/yoast.com\/product\/yoast-seo-wordpress\/ -->\n<title>La Real Maestranza de Caballer\u00eda de Ronda se solidariza con profesionales sanitarios, cuerpos y fuerzas de seguridad y poblaci\u00f3n vulnerable de la serran\u00eda ante el coronavirus. - Real Maestranza de Caballer\u00eda de Ronda<\/title>\n<meta name=\"robots\" content=\"index, follow, max-snippet:-1, max-image-preview:large, max-video-preview:-1\" \/>\n<link rel=\"canonical\" href=\"https:\/\/www.rmcr.org\/en\/2020\/06\/15\/la-real-maestranza-de-caballeria-de-ronda-se-solidariza-con-profesionales-sanitarios-cuerpos-y-fuerzas-de-seguridad-y-poblacion-vulnerable-de-la-serrania-ante-el-coronavirus\/\" \/>\n<meta property=\"og:locale\" content=\"en_US\" \/>\n<meta property=\"og:type\" content=\"article\" \/>\n<meta property=\"og:title\" content=\"La Real Maestranza de Caballer\u00eda de Ronda se solidariza con profesionales sanitarios, cuerpos y fuerzas de seguridad y poblaci\u00f3n vulnerable de la serran\u00eda ante el coronavirus. - Real Maestranza de Caballer\u00eda de Ronda\" \/>\n<meta property=\"og:description\" content=\"Un total de 6.000 mascarillas son repartidas por la comarca\" \/>\n<meta property=\"og:url\" content=\"https:\/\/www.rmcr.org\/en\/2020\/06\/15\/la-real-maestranza-de-caballeria-de-ronda-se-solidariza-con-profesionales-sanitarios-cuerpos-y-fuerzas-de-seguridad-y-poblacion-vulnerable-de-la-serrania-ante-el-coronavirus\/\" \/>\n<meta property=\"og:site_name\" content=\"Real Maestranza de Caballer\u00eda de Ronda\" \/>\n<meta property=\"article:publisher\" content=\"https:\/\/www.facebook.com\/plazadetorosronda\" \/>\n<meta property=\"article:published_time\" content=\"2020-06-15T12:38:19+00:00\" \/>\n<meta property=\"article:modified_time\" content=\"2023-11-07T12:42:10+00:00\" \/>\n<meta property=\"og:image\" content=\"https:\/\/www.rmcr.org\/wp-content\/uploads\/2023\/11\/reparto-mascarillas-01.png\" \/>\n\t<meta property=\"og:image:width\" content=\"600\" \/>\n\t<meta property=\"og:image:height\" content=\"400\" \/>\n\t<meta property=\"og:image:type\" content=\"image\/png\" \/>\n<meta name=\"author\" content=\"ACTIVIDAD\" \/>\n<meta name=\"twitter:card\" content=\"summary_large_image\" \/>\n<meta name=\"twitter:creator\" content=\"@PlazatorosRMR\" \/>\n<meta name=\"twitter:site\" content=\"@PlazatorosRMR\" \/>\n<meta name=\"twitter:label1\" content=\"Written by\" \/>\n\t<meta name=\"twitter:data1\" content=\"ACTIVIDAD\" \/>\n\t<meta name=\"twitter:label2\" content=\"Est. reading time\" \/>\n\t<meta name=\"twitter:data2\" content=\"3 minutes\" \/>\n<script type=\"application\/ld+json\" class=\"yoast-schema-graph\">{\"@context\":\"https:\\\/\\\/schema.org\",\"@graph\":[{\"@type\":\"Article\",\"@id\":\"https:\\\/\\\/www.rmcr.org\\\/en\\\/2020\\\/06\\\/15\\\/la-real-maestranza-de-caballeria-de-ronda-se-solidariza-con-profesionales-sanitarios-cuerpos-y-fuerzas-de-seguridad-y-poblacion-vulnerable-de-la-serrania-ante-el-coronavirus\\\/#article\",\"isPartOf\":{\"@id\":\"https:\\\/\\\/www.rmcr.org\\\/en\\\/2020\\\/06\\\/15\\\/la-real-maestranza-de-caballeria-de-ronda-se-solidariza-con-profesionales-sanitarios-cuerpos-y-fuerzas-de-seguridad-y-poblacion-vulnerable-de-la-serrania-ante-el-coronavirus\\\/\"},\"author\":{\"name\":\"ACTIVIDAD\",\"@id\":\"https:\\\/\\\/www.rmcr.org\\\/en\\\/#\\\/schema\\\/person\\\/826ea4b159de99b4731c8f519477737b\"},\"headline\":\"La Real Maestranza de Caballer\u00eda de Ronda se solidariza con profesionales sanitarios, cuerpos y fuerzas de seguridad y poblaci\u00f3n vulnerable de la serran\u00eda ante el coronavirus.\",\"datePublished\":\"2020-06-15T12:38:19+00:00\",\"dateModified\":\"2023-11-07T12:42:10+00:00\",\"mainEntityOfPage\":{\"@id\":\"https:\\\/\\\/www.rmcr.org\\\/en\\\/2020\\\/06\\\/15\\\/la-real-maestranza-de-caballeria-de-ronda-se-solidariza-con-profesionales-sanitarios-cuerpos-y-fuerzas-de-seguridad-y-poblacion-vulnerable-de-la-serrania-ante-el-coronavirus\\\/\"},\"wordCount\":344,\"publisher\":{\"@id\":\"https:\\\/\\\/www.rmcr.org\\\/en\\\/#organization\"},\"image\":{\"@id\":\"https:\\\/\\\/www.rmcr.org\\\/en\\\/2020\\\/06\\\/15\\\/la-real-maestranza-de-caballeria-de-ronda-se-solidariza-con-profesionales-sanitarios-cuerpos-y-fuerzas-de-seguridad-y-poblacion-vulnerable-de-la-serrania-ante-el-coronavirus\\\/#primaryimage\"},\"thumbnailUrl\":\"https:\\\/\\\/www.rmcr.org\\\/wp-content\\\/uploads\\\/2023\\\/11\\\/reparto-mascarillas-01.png\",\"keywords\":[\"Coronavirus\",\"Donaci\u00f3n\",\"Mascarillas\",\"Reparto\"],\"articleSection\":[\"Actividad\",\"Colaboraciones\"],\"inLanguage\":\"en-US\"},{\"@type\":\"WebPage\",\"@id\":\"https:\\\/\\\/www.rmcr.org\\\/en\\\/2020\\\/06\\\/15\\\/la-real-maestranza-de-caballeria-de-ronda-se-solidariza-con-profesionales-sanitarios-cuerpos-y-fuerzas-de-seguridad-y-poblacion-vulnerable-de-la-serrania-ante-el-coronavirus\\\/\",\"url\":\"https:\\\/\\\/www.rmcr.org\\\/en\\\/2020\\\/06\\\/15\\\/la-real-maestranza-de-caballeria-de-ronda-se-solidariza-con-profesionales-sanitarios-cuerpos-y-fuerzas-de-seguridad-y-poblacion-vulnerable-de-la-serrania-ante-el-coronavirus\\\/\",\"name\":\"La Real Maestranza de Caballer\u00eda de Ronda se solidariza con profesionales sanitarios, cuerpos y fuerzas de seguridad y poblaci\u00f3n vulnerable de la serran\u00eda ante el coronavirus. - Real Maestranza de Caballer\u00eda de Ronda\",\"isPartOf\":{\"@id\":\"https:\\\/\\\/www.rmcr.org\\\/en\\\/#website\"},\"primaryImageOfPage\":{\"@id\":\"https:\\\/\\\/www.rmcr.org\\\/en\\\/2020\\\/06\\\/15\\\/la-real-maestranza-de-caballeria-de-ronda-se-solidariza-con-profesionales-sanitarios-cuerpos-y-fuerzas-de-seguridad-y-poblacion-vulnerable-de-la-serrania-ante-el-coronavirus\\\/#primaryimage\"},\"image\":{\"@id\":\"https:\\\/\\\/www.rmcr.org\\\/en\\\/2020\\\/06\\\/15\\\/la-real-maestranza-de-caballeria-de-ronda-se-solidariza-con-profesionales-sanitarios-cuerpos-y-fuerzas-de-seguridad-y-poblacion-vulnerable-de-la-serrania-ante-el-coronavirus\\\/#primaryimage\"},\"thumbnailUrl\":\"https:\\\/\\\/www.rmcr.org\\\/wp-content\\\/uploads\\\/2023\\\/11\\\/reparto-mascarillas-01.png\",\"datePublished\":\"2020-06-15T12:38:19+00:00\",\"dateModified\":\"2023-11-07T12:42:10+00:00\",\"breadcrumb\":{\"@id\":\"https:\\\/\\\/www.rmcr.org\\\/en\\\/2020\\\/06\\\/15\\\/la-real-maestranza-de-caballeria-de-ronda-se-solidariza-con-profesionales-sanitarios-cuerpos-y-fuerzas-de-seguridad-y-poblacion-vulnerable-de-la-serrania-ante-el-coronavirus\\\/#breadcrumb\"},\"inLanguage\":\"en-US\",\"potentialAction\":[{\"@type\":\"ReadAction\",\"target\":[\"https:\\\/\\\/www.rmcr.org\\\/en\\\/2020\\\/06\\\/15\\\/la-real-maestranza-de-caballeria-de-ronda-se-solidariza-con-profesionales-sanitarios-cuerpos-y-fuerzas-de-seguridad-y-poblacion-vulnerable-de-la-serrania-ante-el-coronavirus\\\/\"]}]},{\"@type\":\"ImageObject\",\"inLanguage\":\"en-US\",\"@id\":\"https:\\\/\\\/www.rmcr.org\\\/en\\\/2020\\\/06\\\/15\\\/la-real-maestranza-de-caballeria-de-ronda-se-solidariza-con-profesionales-sanitarios-cuerpos-y-fuerzas-de-seguridad-y-poblacion-vulnerable-de-la-serrania-ante-el-coronavirus\\\/#primaryimage\",\"url\":\"https:\\\/\\\/www.rmcr.org\\\/wp-content\\\/uploads\\\/2023\\\/11\\\/reparto-mascarillas-01.png\",\"contentUrl\":\"https:\\\/\\\/www.rmcr.org\\\/wp-content\\\/uploads\\\/2023\\\/11\\\/reparto-mascarillas-01.png\",\"width\":600,\"height\":400,\"caption\":\"Recepci\u00f3n y organizaci\u00f3n del material sanitario en el Sal\u00f3n de Grados de la RMR\"},{\"@type\":\"BreadcrumbList\",\"@id\":\"https:\\\/\\\/www.rmcr.org\\\/en\\\/2020\\\/06\\\/15\\\/la-real-maestranza-de-caballeria-de-ronda-se-solidariza-con-profesionales-sanitarios-cuerpos-y-fuerzas-de-seguridad-y-poblacion-vulnerable-de-la-serrania-ante-el-coronavirus\\\/#breadcrumb\",\"itemListElement\":[{\"@type\":\"ListItem\",\"position\":1,\"name\":\"REAL MAESTRANZA DE CABALLER\u00cdA DE RONDA\",\"item\":\"https:\\\/\\\/www.rmcr.org\\\/en\\\/\"},{\"@type\":\"ListItem\",\"position\":2,\"name\":\"La Real Maestranza de Caballer\u00eda de Ronda se solidariza con profesionales sanitarios, cuerpos y fuerzas de seguridad y poblaci\u00f3n vulnerable de la serran\u00eda ante el coronavirus.\"}]},{\"@type\":\"WebSite\",\"@id\":\"https:\\\/\\\/www.rmcr.org\\\/en\\\/#website\",\"url\":\"https:\\\/\\\/www.rmcr.org\\\/en\\\/\",\"name\":\"Real Maestranza de Caballer\u00eda de Ronda\",\"description\":\"Real Maestranza de Caballer\u00eda de Ronda\",\"publisher\":{\"@id\":\"https:\\\/\\\/www.rmcr.org\\\/en\\\/#organization\"},\"alternateName\":\"RMCR\",\"potentialAction\":[{\"@type\":\"SearchAction\",\"target\":{\"@type\":\"EntryPoint\",\"urlTemplate\":\"https:\\\/\\\/www.rmcr.org\\\/en\\\/?s={search_term_string}\"},\"query-input\":{\"@type\":\"PropertyValueSpecification\",\"valueRequired\":true,\"valueName\":\"search_term_string\"}}],\"inLanguage\":\"en-US\"},{\"@type\":\"Organization\",\"@id\":\"https:\\\/\\\/www.rmcr.org\\\/en\\\/#organization\",\"name\":\"Real Maestranza de Caballer\u00eda de Ronda\",\"alternateName\":\"RMR\",\"url\":\"https:\\\/\\\/www.rmcr.org\\\/en\\\/\",\"logo\":{\"@type\":\"ImageObject\",\"inLanguage\":\"en-US\",\"@id\":\"https:\\\/\\\/www.rmcr.org\\\/en\\\/#\\\/schema\\\/logo\\\/image\\\/\",\"url\":\"https:\\\/\\\/www.rmcr.org\\\/wp-content\\\/uploads\\\/2022\\\/07\\\/logo-rmr-blue.svg\",\"contentUrl\":\"https:\\\/\\\/www.rmcr.org\\\/wp-content\\\/uploads\\\/2022\\\/07\\\/logo-rmr-blue.svg\",\"width\":131,\"height\":129,\"caption\":\"Real Maestranza de Caballer\u00eda de Ronda\"},\"image\":{\"@id\":\"https:\\\/\\\/www.rmcr.org\\\/en\\\/#\\\/schema\\\/logo\\\/image\\\/\"},\"sameAs\":[\"https:\\\/\\\/www.facebook.com\\\/plazadetorosronda\",\"https:\\\/\\\/x.com\\\/PlazatorosRMR\",\"https:\\\/\\\/www.instagram.com\\\/realmaestranzaderonda\\\/\",\"https:\\\/\\\/www.youtube.com\\\/channel\\\/UCrbO5IUN-8v_QML739vM4zg\\\/videos\"]},{\"@type\":\"Person\",\"@id\":\"https:\\\/\\\/www.rmcr.org\\\/en\\\/#\\\/schema\\\/person\\\/826ea4b159de99b4731c8f519477737b\",\"name\":\"ACTIVIDAD\",\"image\":{\"@type\":\"ImageObject\",\"inLanguage\":\"en-US\",\"@id\":\"https:\\\/\\\/www.rmcr.org\\\/wp-content\\\/uploads\\\/2022\\\/11\\\/avatar-rmcr-96x96.png\",\"url\":\"https:\\\/\\\/www.rmcr.org\\\/wp-content\\\/uploads\\\/2022\\\/11\\\/avatar-rmcr-96x96.png\",\"contentUrl\":\"https:\\\/\\\/www.rmcr.org\\\/wp-content\\\/uploads\\\/2022\\\/11\\\/avatar-rmcr-96x96.png\",\"caption\":\"ACTIVIDAD\"},\"url\":\"https:\\\/\\\/www.rmcr.org\\\/en\\\/author\\\/alfonso-prado\\\/\"}]}<\/script>\n<!-- \/ Yoast SEO plugin. -->","yoast_head_json":{"title":"La Real Maestranza de Caballer\u00eda de Ronda se solidariza con profesionales sanitarios, cuerpos y fuerzas de seguridad y poblaci\u00f3n vulnerable de la serran\u00eda ante el coronavirus. - Real Maestranza de Caballer\u00eda de Ronda","robots":{"index":"index","follow":"follow","max-snippet":"max-snippet:-1","max-image-preview":"max-image-preview:large","max-video-preview":"max-video-preview:-1"},"canonical":"https:\/\/www.rmcr.org\/en\/2020\/06\/15\/la-real-maestranza-de-caballeria-de-ronda-se-solidariza-con-profesionales-sanitarios-cuerpos-y-fuerzas-de-seguridad-y-poblacion-vulnerable-de-la-serrania-ante-el-coronavirus\/","og_locale":"en_US","og_type":"article","og_title":"La Real Maestranza de Caballer\u00eda de Ronda se solidariza con profesionales sanitarios, cuerpos y fuerzas de seguridad y poblaci\u00f3n vulnerable de la serran\u00eda ante el coronavirus. - Real Maestranza de Caballer\u00eda de Ronda","og_description":"Un total de 6.000 mascarillas son repartidas por la comarca","og_url":"https:\/\/www.rmcr.org\/en\/2020\/06\/15\/la-real-maestranza-de-caballeria-de-ronda-se-solidariza-con-profesionales-sanitarios-cuerpos-y-fuerzas-de-seguridad-y-poblacion-vulnerable-de-la-serrania-ante-el-coronavirus\/","og_site_name":"Real Maestranza de Caballer\u00eda de Ronda","article_publisher":"https:\/\/www.facebook.com\/plazadetorosronda","article_published_time":"2020-06-15T12:38:19+00:00","article_modified_time":"2023-11-07T12:42:10+00:00","og_image":[{"width":600,"height":400,"url":"https:\/\/www.rmcr.org\/wp-content\/uploads\/2023\/11\/reparto-mascarillas-01.png","type":"image\/png"}],"author":"ACTIVIDAD","twitter_card":"summary_large_image","twitter_creator":"@PlazatorosRMR","twitter_site":"@PlazatorosRMR","twitter_misc":{"Written by":"ACTIVIDAD","Est. reading time":"3 minutes"},"schema":{"@context":"https:\/\/schema.org","@graph":[{"@type":"Article","@id":"https:\/\/www.rmcr.org\/en\/2020\/06\/15\/la-real-maestranza-de-caballeria-de-ronda-se-solidariza-con-profesionales-sanitarios-cuerpos-y-fuerzas-de-seguridad-y-poblacion-vulnerable-de-la-serrania-ante-el-coronavirus\/#article","isPartOf":{"@id":"https:\/\/www.rmcr.org\/en\/2020\/06\/15\/la-real-maestranza-de-caballeria-de-ronda-se-solidariza-con-profesionales-sanitarios-cuerpos-y-fuerzas-de-seguridad-y-poblacion-vulnerable-de-la-serrania-ante-el-coronavirus\/"},"author":{"name":"ACTIVIDAD","@id":"https:\/\/www.rmcr.org\/en\/#\/schema\/person\/826ea4b159de99b4731c8f519477737b"},"headline":"La Real Maestranza de Caballer\u00eda de Ronda se solidariza con profesionales sanitarios, cuerpos y fuerzas de seguridad y poblaci\u00f3n vulnerable de la serran\u00eda ante el coronavirus.","datePublished":"2020-06-15T12:38:19+00:00","dateModified":"2023-11-07T12:42:10+00:00","mainEntityOfPage":{"@id":"https:\/\/www.rmcr.org\/en\/2020\/06\/15\/la-real-maestranza-de-caballeria-de-ronda-se-solidariza-con-profesionales-sanitarios-cuerpos-y-fuerzas-de-seguridad-y-poblacion-vulnerable-de-la-serrania-ante-el-coronavirus\/"},"wordCount":344,"publisher":{"@id":"https:\/\/www.rmcr.org\/en\/#organization"},"image":{"@id":"https:\/\/www.rmcr.org\/en\/2020\/06\/15\/la-real-maestranza-de-caballeria-de-ronda-se-solidariza-con-profesionales-sanitarios-cuerpos-y-fuerzas-de-seguridad-y-poblacion-vulnerable-de-la-serrania-ante-el-coronavirus\/#primaryimage"},"thumbnailUrl":"https:\/\/www.rmcr.org\/wp-content\/uploads\/2023\/11\/reparto-mascarillas-01.png","keywords":["Coronavirus","Donaci\u00f3n","Mascarillas","Reparto"],"articleSection":["Actividad","Colaboraciones"],"inLanguage":"en-US"},{"@type":"WebPage","@id":"https:\/\/www.rmcr.org\/en\/2020\/06\/15\/la-real-maestranza-de-caballeria-de-ronda-se-solidariza-con-profesionales-sanitarios-cuerpos-y-fuerzas-de-seguridad-y-poblacion-vulnerable-de-la-serrania-ante-el-coronavirus\/","url":"https:\/\/www.rmcr.org\/en\/2020\/06\/15\/la-real-maestranza-de-caballeria-de-ronda-se-solidariza-con-profesionales-sanitarios-cuerpos-y-fuerzas-de-seguridad-y-poblacion-vulnerable-de-la-serrania-ante-el-coronavirus\/","name":"La Real Maestranza de Caballer\u00eda de Ronda se solidariza con profesionales sanitarios, cuerpos y fuerzas de seguridad y poblaci\u00f3n vulnerable de la serran\u00eda ante el coronavirus. - Real Maestranza de Caballer\u00eda de Ronda","isPartOf":{"@id":"https:\/\/www.rmcr.org\/en\/#website"},"primaryImageOfPage":{"@id":"https:\/\/www.rmcr.org\/en\/2020\/06\/15\/la-real-maestranza-de-caballeria-de-ronda-se-solidariza-con-profesionales-sanitarios-cuerpos-y-fuerzas-de-seguridad-y-poblacion-vulnerable-de-la-serrania-ante-el-coronavirus\/#primaryimage"},"image":{"@id":"https:\/\/www.rmcr.org\/en\/2020\/06\/15\/la-real-maestranza-de-caballeria-de-ronda-se-solidariza-con-profesionales-sanitarios-cuerpos-y-fuerzas-de-seguridad-y-poblacion-vulnerable-de-la-serrania-ante-el-coronavirus\/#primaryimage"},"thumbnailUrl":"https:\/\/www.rmcr.org\/wp-content\/uploads\/2023\/11\/reparto-mascarillas-01.png","datePublished":"2020-06-15T12:38:19+00:00","dateModified":"2023-11-07T12:42:10+00:00","breadcrumb":{"@id":"https:\/\/www.rmcr.org\/en\/2020\/06\/15\/la-real-maestranza-de-caballeria-de-ronda-se-solidariza-con-profesionales-sanitarios-cuerpos-y-fuerzas-de-seguridad-y-poblacion-vulnerable-de-la-serrania-ante-el-coronavirus\/#breadcrumb"},"inLanguage":"en-US","potentialAction":[{"@type":"ReadAction","target":["https:\/\/www.rmcr.org\/en\/2020\/06\/15\/la-real-maestranza-de-caballeria-de-ronda-se-solidariza-con-profesionales-sanitarios-cuerpos-y-fuerzas-de-seguridad-y-poblacion-vulnerable-de-la-serrania-ante-el-coronavirus\/"]}]},{"@type":"ImageObject","inLanguage":"en-US","@id":"https:\/\/www.rmcr.org\/en\/2020\/06\/15\/la-real-maestranza-de-caballeria-de-ronda-se-solidariza-con-profesionales-sanitarios-cuerpos-y-fuerzas-de-seguridad-y-poblacion-vulnerable-de-la-serrania-ante-el-coronavirus\/#primaryimage","url":"https:\/\/www.rmcr.org\/wp-content\/uploads\/2023\/11\/reparto-mascarillas-01.png","contentUrl":"https:\/\/www.rmcr.org\/wp-content\/uploads\/2023\/11\/reparto-mascarillas-01.png","width":600,"height":400,"caption":"Recepci\u00f3n y organizaci\u00f3n del material sanitario en el Sal\u00f3n de Grados de la RMR"},{"@type":"BreadcrumbList","@id":"https:\/\/www.rmcr.org\/en\/2020\/06\/15\/la-real-maestranza-de-caballeria-de-ronda-se-solidariza-con-profesionales-sanitarios-cuerpos-y-fuerzas-de-seguridad-y-poblacion-vulnerable-de-la-serrania-ante-el-coronavirus\/#breadcrumb","itemListElement":[{"@type":"ListItem","position":1,"name":"REAL MAESTRANZA DE CABALLER\u00cdA DE RONDA","item":"https:\/\/www.rmcr.org\/en\/"},{"@type":"ListItem","position":2,"name":"La Real Maestranza de Caballer\u00eda de Ronda se solidariza con profesionales sanitarios, cuerpos y fuerzas de seguridad y poblaci\u00f3n vulnerable de la serran\u00eda ante el coronavirus."}]},{"@type":"WebSite","@id":"https:\/\/www.rmcr.org\/en\/#website","url":"https:\/\/www.rmcr.org\/en\/","name":"Real Maestranza de Caballer\u00eda de Ronda","description":"Real Maestranza de Caballer\u00eda de Ronda","publisher":{"@id":"https:\/\/www.rmcr.org\/en\/#organization"},"alternateName":"RMCR","potentialAction":[{"@type":"SearchAction","target":{"@type":"EntryPoint","urlTemplate":"https:\/\/www.rmcr.org\/en\/?s={search_term_string}"},"query-input":{"@type":"PropertyValueSpecification","valueRequired":true,"valueName":"search_term_string"}}],"inLanguage":"en-US"},{"@type":"Organization","@id":"https:\/\/www.rmcr.org\/en\/#organization","name":"Real Maestranza de Caballer\u00eda de Ronda","alternateName":"RMR","url":"https:\/\/www.rmcr.org\/en\/","logo":{"@type":"ImageObject","inLanguage":"en-US","@id":"https:\/\/www.rmcr.org\/en\/#\/schema\/logo\/image\/","url":"https:\/\/www.rmcr.org\/wp-content\/uploads\/2022\/07\/logo-rmr-blue.svg","contentUrl":"https:\/\/www.rmcr.org\/wp-content\/uploads\/2022\/07\/logo-rmr-blue.svg","width":131,"height":129,"caption":"Real Maestranza de Caballer\u00eda de Ronda"},"image":{"@id":"https:\/\/www.rmcr.org\/en\/#\/schema\/logo\/image\/"},"sameAs":["https:\/\/www.facebook.com\/plazadetorosronda","https:\/\/x.com\/PlazatorosRMR","https:\/\/www.instagram.com\/realmaestranzaderonda\/","https:\/\/www.youtube.com\/channel\/UCrbO5IUN-8v_QML739vM4zg\/videos"]},{"@type":"Person","@id":"https:\/\/www.rmcr.org\/en\/#\/schema\/person\/826ea4b159de99b4731c8f519477737b","name":"ACTIVIDAD","image":{"@type":"ImageObject","inLanguage":"en-US","@id":"https:\/\/www.rmcr.org\/wp-content\/uploads\/2022\/11\/avatar-rmcr-96x96.png","url":"https:\/\/www.rmcr.org\/wp-content\/uploads\/2022\/11\/avatar-rmcr-96x96.png","contentUrl":"https:\/\/www.rmcr.org\/wp-content\/uploads\/2022\/11\/avatar-rmcr-96x96.png","caption":"ACTIVIDAD"},"url":"https:\/\/www.rmcr.org\/en\/author\/alfonso-prado\/"}]}},"_links":{"self":[{"href":"https:\/\/www.rmcr.org\/en\/wp-json\/wp\/v2\/posts\/19193","targetHints":{"allow":["GET"]}}],"collection":[{"href":"https:\/\/www.rmcr.org\/en\/wp-json\/wp\/v2\/posts"}],"about":[{"href":"https:\/\/www.rmcr.org\/en\/wp-json\/wp\/v2\/types\/post"}],"author":[{"embeddable":true,"href":"https:\/\/www.rmcr.org\/en\/wp-json\/wp\/v2\/users\/4"}],"replies":[{"embeddable":true,"href":"https:\/\/www.rmcr.org\/en\/wp-json\/wp\/v2\/comments?post=19193"}],"version-history":[{"count":4,"href":"https:\/\/www.rmcr.org\/en\/wp-json\/wp\/v2\/posts\/19193\/revisions"}],"predecessor-version":[{"id":19205,"href":"https:\/\/www.rmcr.org\/en\/wp-json\/wp\/v2\/posts\/19193\/revisions\/19205"}],"wp:featuredmedia":[{"embeddable":true,"href":"https:\/\/www.rmcr.org\/en\/wp-json\/wp\/v2\/media\/19200"}],"wp:attachment":[{"href":"https:\/\/www.rmcr.org\/en\/wp-json\/wp\/v2\/media?parent=19193"}],"wp:term":[{"taxonomy":"category","embeddable":true,"href":"https:\/\/www.rmcr.org\/en\/wp-json\/wp\/v2\/categories?post=19193"},{"taxonomy":"post_tag","embeddable":true,"href":"https:\/\/www.rmcr.org\/en\/wp-json\/wp\/v2\/tags?post=19193"}],"curies":[{"name":"wp","href":"https:\/\/api.w.org\/{rel}","templated":true}]}}