{"id":19168,"date":"2020-06-19T12:19:49","date_gmt":"2020-06-19T12:19:49","guid":{"rendered":"https:\/\/www.rmcr.org\/?p=19168"},"modified":"2023-11-07T12:24:37","modified_gmt":"2023-11-07T12:24:37","slug":"la-real-maestranza-anuncia-la-xxiii-convocatoria-de-becas-y-premios-universitarios","status":"publish","type":"post","link":"https:\/\/www.rmcr.org\/en\/2020\/06\/19\/la-real-maestranza-anuncia-la-xxiii-convocatoria-de-becas-y-premios-universitarios\/","title":{"rendered":"La Real Maestranza anuncia la XXIII convocatoria de Becas y Premios universitarios"},"content":{"rendered":"\t\t<div data-elementor-type=\"wp-post\" data-elementor-id=\"19168\" class=\"elementor elementor-19168\" data-elementor-post-type=\"post\">\n\t\t\t\t\t\t<section class=\"elementor-section elementor-top-section elementor-element elementor-element-7102908 elementor-section-boxed elementor-section-height-default elementor-section-height-default\" data-id=\"7102908\" data-element_type=\"section\" data-e-type=\"section\">\n\t\t\t\t\t\t<div class=\"elementor-container elementor-column-gap-default\">\n\t\t\t\t\t<div class=\"elementor-column elementor-col-100 elementor-top-column elementor-element elementor-element-2259ca4\" data-id=\"2259ca4\" data-element_type=\"column\" data-e-type=\"column\">\n\t\t\t<div class=\"elementor-widget-wrap elementor-element-populated\">\n\t\t\t\t\t\t<div class=\"elementor-element elementor-element-cc2ba19 elementor-widget elementor-widget-text-editor\" data-id=\"cc2ba19\" data-element_type=\"widget\" data-e-type=\"widget\" data-widget_type=\"text-editor.default\">\n\t\t\t\t<div class=\"elementor-widget-container\">\n\t\t\t\t\t\t\t\t\t<p>Debido a las circunstancias actuales generadas por el COVID-19, en esta convocatoria se presentar\u00e1n los expedientes de becas y premio universitario en soporte digital. Toda la informaci\u00f3n sobre las bases y documentaci\u00f3n requerida puedes encontrarla en nuestras redes sociales y la documentaci\u00f3n adjunta.<\/p>\t\t\t\t\t\t\t\t<\/div>\n\t\t\t\t<\/div>\n\t\t\t\t\t<\/div>\n\t\t<\/div>\n\t\t\t\t\t<\/div>\n\t\t<\/section>\n\t\t\t\t<section class=\"elementor-section elementor-top-section elementor-element elementor-element-810df0c elementor-section-boxed elementor-section-height-default elementor-section-height-default\" data-id=\"810df0c\" data-element_type=\"section\" data-e-type=\"section\">\n\t\t\t\t\t\t<div class=\"elementor-container elementor-column-gap-default\">\n\t\t\t\t\t<div class=\"elementor-column elementor-col-100 elementor-top-column elementor-element elementor-element-e81a4ab\" data-id=\"e81a4ab\" data-element_type=\"column\" data-e-type=\"column\">\n\t\t\t<div class=\"elementor-widget-wrap elementor-element-populated\">\n\t\t\t\t\t\t<div class=\"elementor-element elementor-element-3db83a7 elementor-widget elementor-widget-image\" data-id=\"3db83a7\" data-element_type=\"widget\" data-e-type=\"widget\" data-widget_type=\"image.default\">\n\t\t\t\t<div class=\"elementor-widget-container\">\n\t\t\t\t\t\t\t\t\t\t\t\t\t\t\t<img fetchpriority=\"high\" decoding=\"async\" width=\"350\" height=\"239\" src=\"https:\/\/www.rmcr.org\/wp-content\/uploads\/2023\/11\/xxviii-convocatoria-anual-becas-premios.jpeg\" class=\"attachment-large size-large wp-image-19170\" alt=\"XXVIII Convocatoria anual de Becas y Premios universitarios\" srcset=\"https:\/\/www.rmcr.org\/wp-content\/uploads\/2023\/11\/xxviii-convocatoria-anual-becas-premios.jpeg 350w, https:\/\/www.rmcr.org\/wp-content\/uploads\/2023\/11\/xxviii-convocatoria-anual-becas-premios-300x205.jpeg 300w\" sizes=\"(max-width: 350px) 100vw, 350px\" \/>\t\t\t\t\t\t\t\t\t\t\t\t\t\t\t<\/div>\n\t\t\t\t<\/div>\n\t\t\t\t\t<\/div>\n\t\t<\/div>\n\t\t\t\t\t<\/div>\n\t\t<\/section>\n\t\t\t\t<section class=\"elementor-section elementor-top-section elementor-element elementor-element-95c129b elementor-section-boxed elementor-section-height-default elementor-section-height-default\" data-id=\"95c129b\" data-element_type=\"section\" data-e-type=\"section\">\n\t\t\t\t\t\t<div class=\"elementor-container elementor-column-gap-default\">\n\t\t\t\t\t<div class=\"elementor-column elementor-col-100 elementor-top-column elementor-element elementor-element-fdcec17\" data-id=\"fdcec17\" data-element_type=\"column\" data-e-type=\"column\">\n\t\t\t<div class=\"elementor-widget-wrap elementor-element-populated\">\n\t\t\t\t\t\t<div class=\"elementor-element elementor-element-88ac1b3 elementor-widget elementor-widget-text-editor\" data-id=\"88ac1b3\" data-element_type=\"widget\" data-e-type=\"widget\" data-widget_type=\"text-editor.default\">\n\t\t\t\t<div class=\"elementor-widget-container\">\n\t\t\t\t\t\t\t\t\t<p><strong>Mas Informacion:<br \/><\/strong><\/p><p>Descarga de las <a href=\"https:\/\/www.rmcr.org\/wp-content\/uploads\/2023\/11\/bases-xxiii-convocatoria-becas-universitarias.pdf\">Bases de la Convocatoria de Becas 202<\/a>0 (PDF 18k)<\/p><p>Descarga de las <a href=\"https:\/\/www.rmcr.org\/wp-content\/uploads\/2023\/11\/bases-xxiii-convocatoria-mejor-expediente-ronda.pdf\">Bases de la Convocatoria del Premio Universitario 2020<\/a> (PDF 19k)<\/p><div id=\"ir-ext-ui\" style=\"color: #000000; font-size: 16px; line-height: 16px; background-color: #f7f7f7; border: 1px solid #999999; border-radius: 1px; top: 1px; right: 1px;\"><div class=\"ir-ext-dimensions\"><span class=\"ir-ext-rendered\" title=\"Rendered image dimensions (after any scaling\/resizing has been applied)\"> x <\/span> <span class=\"ir-ext-natural\" title=\"Natural image dimensions (without applying any scaling\/resizing)\"> (x) <\/span><\/div><div class=\"ir-ext-filesize\">\u00a0<\/div><\/div><div id=\"ir-ext-ui\" style=\"color: #000000; font-size: 16px; line-height: 16px; background-color: #f7f7f7; border: 1px solid #999999; border-radius: 1px; top: 1px; right: 1px;\"><div class=\"ir-ext-dimensions\"><span class=\"ir-ext-rendered\" title=\"Rendered image dimensions (after any scaling\/resizing has been applied)\"> x <\/span> <span class=\"ir-ext-natural\" title=\"Natural image dimensions (without applying any scaling\/resizing)\"> (x) <\/span><\/div><div class=\"ir-ext-filesize\">\u00a0<\/div><\/div><div id=\"simple-translate\" class=\"simple-translate-system-theme\"><div><div class=\"simple-translate-button isShow\" style=\"background-image: url('moz-extension:\/\/8a6f8b51-71c4-4cf5-a5a5-efe2679f86c3\/icons\/512.png'); height: 22px; width: 22px; top: 23px; left: -71px;\">\u00a0<\/div><div class=\"simple-translate-panel \" style=\"width: 300px; height: 200px; top: 0px; left: 0px; font-size: 13px;\"><div class=\"simple-translate-result-wrapper\" style=\"overflow: hidden;\"><div class=\"simple-translate-move\" draggable=\"true\">\u00a0<\/div><div class=\"simple-translate-result-contents\"><p class=\"simple-translate-candidate\" dir=\"auto\">\u00a0<\/p><\/div><\/div><\/div><\/div><\/div><div id=\"ir-ext-ui\" style=\"color: #000000; font-size: 16px; line-height: 16px; background-color: #f7f7f7; border: 1px solid #999999; border-radius: 1px; top: 1px; right: 1px;\"><div class=\"ir-ext-dimensions\"><span class=\"ir-ext-rendered\" title=\"Rendered image dimensions (after any scaling\/resizing has been applied)\"> x <\/span> <span class=\"ir-ext-natural\" title=\"Natural image dimensions (without applying any scaling\/resizing)\"> (x) <\/span><\/div><div class=\"ir-ext-filesize\">\u00a0<\/div><\/div>\t\t\t\t\t\t\t\t<\/div>\n\t\t\t\t<\/div>\n\t\t\t\t\t<\/div>\n\t\t<\/div>\n\t\t\t\t\t<\/div>\n\t\t<\/section>\n\t\t\t\t<\/div>\n\t\t","protected":false},"excerpt":{"rendered":"<p>Bases de la XXIII Convocatoria anual de Becas y Premio Universitario 2020 de la Real Maestranza de Caballer\u00eda de Ronda. <\/p>\n","protected":false},"author":4,"featured_media":19169,"comment_status":"closed","ping_status":"open","sticky":false,"template":"","format":"standard","meta":{"footnotes":""},"categories":[200,509],"tags":[680,561,679,616],"class_list":["post-19168","post","type-post","status-publish","format-standard","has-post-thumbnail","hentry","category-actividad","category-becas-premios","tag-bases","tag-becas","tag-convocatoria","tag-premios"],"yoast_head":"<!-- This site is optimized with the Yoast SEO plugin v27.5 - https:\/\/yoast.com\/product\/yoast-seo-wordpress\/ -->\n<title>La Real Maestranza anuncia la XXIII convocatoria de Becas y Premios universitarios - Real Maestranza de Caballer\u00eda de Ronda<\/title>\n<meta name=\"robots\" content=\"index, follow, max-snippet:-1, max-image-preview:large, max-video-preview:-1\" \/>\n<link rel=\"canonical\" href=\"https:\/\/www.rmcr.org\/en\/2020\/06\/19\/la-real-maestranza-anuncia-la-xxiii-convocatoria-de-becas-y-premios-universitarios\/\" \/>\n<meta property=\"og:locale\" content=\"en_US\" \/>\n<meta property=\"og:type\" content=\"article\" \/>\n<meta property=\"og:title\" content=\"La Real Maestranza anuncia la XXIII convocatoria de Becas y Premios universitarios - Real Maestranza de Caballer\u00eda de Ronda\" \/>\n<meta property=\"og:description\" content=\"Bases de la XXIII Convocatoria anual de Becas y Premio Universitario 2020 de la Real Maestranza de Caballer\u00eda de Ronda.\" \/>\n<meta property=\"og:url\" content=\"https:\/\/www.rmcr.org\/en\/2020\/06\/19\/la-real-maestranza-anuncia-la-xxiii-convocatoria-de-becas-y-premios-universitarios\/\" \/>\n<meta property=\"og:site_name\" content=\"Real Maestranza de Caballer\u00eda de Ronda\" \/>\n<meta property=\"article:publisher\" content=\"https:\/\/www.facebook.com\/plazadetorosronda\" \/>\n<meta property=\"article:published_time\" content=\"2020-06-19T12:19:49+00:00\" \/>\n<meta property=\"article:modified_time\" content=\"2023-11-07T12:24:37+00:00\" \/>\n<meta property=\"og:image\" content=\"https:\/\/www.rmcr.org\/wp-content\/uploads\/2023\/11\/xxviii-convocatoria-anual-becas-premios.jpeg\" \/>\n\t<meta property=\"og:image:width\" content=\"350\" \/>\n\t<meta property=\"og:image:height\" content=\"239\" \/>\n\t<meta property=\"og:image:type\" content=\"image\/jpeg\" \/>\n<meta name=\"author\" content=\"ACTIVIDAD\" \/>\n<meta name=\"twitter:card\" content=\"summary_large_image\" \/>\n<meta name=\"twitter:creator\" content=\"@PlazatorosRMR\" \/>\n<meta name=\"twitter:site\" content=\"@PlazatorosRMR\" \/>\n<meta name=\"twitter:label1\" content=\"Written by\" \/>\n\t<meta name=\"twitter:data1\" content=\"ACTIVIDAD\" \/>\n\t<meta name=\"twitter:label2\" content=\"Est. reading time\" \/>\n\t<meta name=\"twitter:data2\" content=\"1 minute\" \/>\n<script type=\"application\/ld+json\" class=\"yoast-schema-graph\">{\"@context\":\"https:\\\/\\\/schema.org\",\"@graph\":[{\"@type\":\"Article\",\"@id\":\"https:\\\/\\\/www.rmcr.org\\\/en\\\/2020\\\/06\\\/19\\\/la-real-maestranza-anuncia-la-xxiii-convocatoria-de-becas-y-premios-universitarios\\\/#article\",\"isPartOf\":{\"@id\":\"https:\\\/\\\/www.rmcr.org\\\/en\\\/2020\\\/06\\\/19\\\/la-real-maestranza-anuncia-la-xxiii-convocatoria-de-becas-y-premios-universitarios\\\/\"},\"author\":{\"name\":\"ACTIVIDAD\",\"@id\":\"https:\\\/\\\/www.rmcr.org\\\/en\\\/#\\\/schema\\\/person\\\/826ea4b159de99b4731c8f519477737b\"},\"headline\":\"La Real Maestranza anuncia la XXIII convocatoria de Becas y Premios universitarios\",\"datePublished\":\"2020-06-19T12:19:49+00:00\",\"dateModified\":\"2023-11-07T12:24:37+00:00\",\"mainEntityOfPage\":{\"@id\":\"https:\\\/\\\/www.rmcr.org\\\/en\\\/2020\\\/06\\\/19\\\/la-real-maestranza-anuncia-la-xxiii-convocatoria-de-becas-y-premios-universitarios\\\/\"},\"wordCount\":90,\"publisher\":{\"@id\":\"https:\\\/\\\/www.rmcr.org\\\/en\\\/#organization\"},\"image\":{\"@id\":\"https:\\\/\\\/www.rmcr.org\\\/en\\\/2020\\\/06\\\/19\\\/la-real-maestranza-anuncia-la-xxiii-convocatoria-de-becas-y-premios-universitarios\\\/#primaryimage\"},\"thumbnailUrl\":\"https:\\\/\\\/www.rmcr.org\\\/wp-content\\\/uploads\\\/2023\\\/11\\\/xxviii-convocatoria-anual-becas-premios.jpeg\",\"keywords\":[\"Bases\",\"Becas\",\"Convocatoria\",\"Premios\"],\"articleSection\":[\"Actividad\",\"Becas y Premios\"],\"inLanguage\":\"en-US\"},{\"@type\":\"WebPage\",\"@id\":\"https:\\\/\\\/www.rmcr.org\\\/en\\\/2020\\\/06\\\/19\\\/la-real-maestranza-anuncia-la-xxiii-convocatoria-de-becas-y-premios-universitarios\\\/\",\"url\":\"https:\\\/\\\/www.rmcr.org\\\/en\\\/2020\\\/06\\\/19\\\/la-real-maestranza-anuncia-la-xxiii-convocatoria-de-becas-y-premios-universitarios\\\/\",\"name\":\"La Real Maestranza anuncia la XXIII convocatoria de Becas y Premios universitarios - Real Maestranza de Caballer\u00eda de Ronda\",\"isPartOf\":{\"@id\":\"https:\\\/\\\/www.rmcr.org\\\/en\\\/#website\"},\"primaryImageOfPage\":{\"@id\":\"https:\\\/\\\/www.rmcr.org\\\/en\\\/2020\\\/06\\\/19\\\/la-real-maestranza-anuncia-la-xxiii-convocatoria-de-becas-y-premios-universitarios\\\/#primaryimage\"},\"image\":{\"@id\":\"https:\\\/\\\/www.rmcr.org\\\/en\\\/2020\\\/06\\\/19\\\/la-real-maestranza-anuncia-la-xxiii-convocatoria-de-becas-y-premios-universitarios\\\/#primaryimage\"},\"thumbnailUrl\":\"https:\\\/\\\/www.rmcr.org\\\/wp-content\\\/uploads\\\/2023\\\/11\\\/xxviii-convocatoria-anual-becas-premios.jpeg\",\"datePublished\":\"2020-06-19T12:19:49+00:00\",\"dateModified\":\"2023-11-07T12:24:37+00:00\",\"breadcrumb\":{\"@id\":\"https:\\\/\\\/www.rmcr.org\\\/en\\\/2020\\\/06\\\/19\\\/la-real-maestranza-anuncia-la-xxiii-convocatoria-de-becas-y-premios-universitarios\\\/#breadcrumb\"},\"inLanguage\":\"en-US\",\"potentialAction\":[{\"@type\":\"ReadAction\",\"target\":[\"https:\\\/\\\/www.rmcr.org\\\/en\\\/2020\\\/06\\\/19\\\/la-real-maestranza-anuncia-la-xxiii-convocatoria-de-becas-y-premios-universitarios\\\/\"]}]},{\"@type\":\"ImageObject\",\"inLanguage\":\"en-US\",\"@id\":\"https:\\\/\\\/www.rmcr.org\\\/en\\\/2020\\\/06\\\/19\\\/la-real-maestranza-anuncia-la-xxiii-convocatoria-de-becas-y-premios-universitarios\\\/#primaryimage\",\"url\":\"https:\\\/\\\/www.rmcr.org\\\/wp-content\\\/uploads\\\/2023\\\/11\\\/xxviii-convocatoria-anual-becas-premios.jpeg\",\"contentUrl\":\"https:\\\/\\\/www.rmcr.org\\\/wp-content\\\/uploads\\\/2023\\\/11\\\/xxviii-convocatoria-anual-becas-premios.jpeg\",\"width\":350,\"height\":239,\"caption\":\"XXVIII Convocatoria anual de Becas y Premios universitarios\"},{\"@type\":\"BreadcrumbList\",\"@id\":\"https:\\\/\\\/www.rmcr.org\\\/en\\\/2020\\\/06\\\/19\\\/la-real-maestranza-anuncia-la-xxiii-convocatoria-de-becas-y-premios-universitarios\\\/#breadcrumb\",\"itemListElement\":[{\"@type\":\"ListItem\",\"position\":1,\"name\":\"REAL MAESTRANZA DE CABALLER\u00cdA DE RONDA\",\"item\":\"https:\\\/\\\/www.rmcr.org\\\/en\\\/\"},{\"@type\":\"ListItem\",\"position\":2,\"name\":\"La Real Maestranza anuncia la XXIII convocatoria de Becas y Premios universitarios\"}]},{\"@type\":\"WebSite\",\"@id\":\"https:\\\/\\\/www.rmcr.org\\\/en\\\/#website\",\"url\":\"https:\\\/\\\/www.rmcr.org\\\/en\\\/\",\"name\":\"Real Maestranza de Caballer\u00eda de Ronda\",\"description\":\"Real Maestranza de Caballer\u00eda de Ronda\",\"publisher\":{\"@id\":\"https:\\\/\\\/www.rmcr.org\\\/en\\\/#organization\"},\"alternateName\":\"RMCR\",\"potentialAction\":[{\"@type\":\"SearchAction\",\"target\":{\"@type\":\"EntryPoint\",\"urlTemplate\":\"https:\\\/\\\/www.rmcr.org\\\/en\\\/?s={search_term_string}\"},\"query-input\":{\"@type\":\"PropertyValueSpecification\",\"valueRequired\":true,\"valueName\":\"search_term_string\"}}],\"inLanguage\":\"en-US\"},{\"@type\":\"Organization\",\"@id\":\"https:\\\/\\\/www.rmcr.org\\\/en\\\/#organization\",\"name\":\"Real Maestranza de Caballer\u00eda de Ronda\",\"alternateName\":\"RMR\",\"url\":\"https:\\\/\\\/www.rmcr.org\\\/en\\\/\",\"logo\":{\"@type\":\"ImageObject\",\"inLanguage\":\"en-US\",\"@id\":\"https:\\\/\\\/www.rmcr.org\\\/en\\\/#\\\/schema\\\/logo\\\/image\\\/\",\"url\":\"https:\\\/\\\/www.rmcr.org\\\/wp-content\\\/uploads\\\/2022\\\/07\\\/logo-rmr-blue.svg\",\"contentUrl\":\"https:\\\/\\\/www.rmcr.org\\\/wp-content\\\/uploads\\\/2022\\\/07\\\/logo-rmr-blue.svg\",\"width\":131,\"height\":129,\"caption\":\"Real Maestranza de Caballer\u00eda de Ronda\"},\"image\":{\"@id\":\"https:\\\/\\\/www.rmcr.org\\\/en\\\/#\\\/schema\\\/logo\\\/image\\\/\"},\"sameAs\":[\"https:\\\/\\\/www.facebook.com\\\/plazadetorosronda\",\"https:\\\/\\\/x.com\\\/PlazatorosRMR\",\"https:\\\/\\\/www.instagram.com\\\/realmaestranzaderonda\\\/\",\"https:\\\/\\\/www.youtube.com\\\/channel\\\/UCrbO5IUN-8v_QML739vM4zg\\\/videos\"]},{\"@type\":\"Person\",\"@id\":\"https:\\\/\\\/www.rmcr.org\\\/en\\\/#\\\/schema\\\/person\\\/826ea4b159de99b4731c8f519477737b\",\"name\":\"ACTIVIDAD\",\"image\":{\"@type\":\"ImageObject\",\"inLanguage\":\"en-US\",\"@id\":\"https:\\\/\\\/www.rmcr.org\\\/wp-content\\\/uploads\\\/2022\\\/11\\\/avatar-rmcr-96x96.png\",\"url\":\"https:\\\/\\\/www.rmcr.org\\\/wp-content\\\/uploads\\\/2022\\\/11\\\/avatar-rmcr-96x96.png\",\"contentUrl\":\"https:\\\/\\\/www.rmcr.org\\\/wp-content\\\/uploads\\\/2022\\\/11\\\/avatar-rmcr-96x96.png\",\"caption\":\"ACTIVIDAD\"},\"url\":\"https:\\\/\\\/www.rmcr.org\\\/en\\\/author\\\/alfonso-prado\\\/\"}]}<\/script>\n<!-- \/ Yoast SEO plugin. -->","yoast_head_json":{"title":"La Real Maestranza anuncia la XXIII convocatoria de Becas y Premios universitarios - Real Maestranza de Caballer\u00eda de Ronda","robots":{"index":"index","follow":"follow","max-snippet":"max-snippet:-1","max-image-preview":"max-image-preview:large","max-video-preview":"max-video-preview:-1"},"canonical":"https:\/\/www.rmcr.org\/en\/2020\/06\/19\/la-real-maestranza-anuncia-la-xxiii-convocatoria-de-becas-y-premios-universitarios\/","og_locale":"en_US","og_type":"article","og_title":"La Real Maestranza anuncia la XXIII convocatoria de Becas y Premios universitarios - Real Maestranza de Caballer\u00eda de Ronda","og_description":"Bases de la XXIII Convocatoria anual de Becas y Premio Universitario 2020 de la Real Maestranza de Caballer\u00eda de Ronda.","og_url":"https:\/\/www.rmcr.org\/en\/2020\/06\/19\/la-real-maestranza-anuncia-la-xxiii-convocatoria-de-becas-y-premios-universitarios\/","og_site_name":"Real Maestranza de Caballer\u00eda de Ronda","article_publisher":"https:\/\/www.facebook.com\/plazadetorosronda","article_published_time":"2020-06-19T12:19:49+00:00","article_modified_time":"2023-11-07T12:24:37+00:00","og_image":[{"width":350,"height":239,"url":"https:\/\/www.rmcr.org\/wp-content\/uploads\/2023\/11\/xxviii-convocatoria-anual-becas-premios.jpeg","type":"image\/jpeg"}],"author":"ACTIVIDAD","twitter_card":"summary_large_image","twitter_creator":"@PlazatorosRMR","twitter_site":"@PlazatorosRMR","twitter_misc":{"Written by":"ACTIVIDAD","Est. reading time":"1 minute"},"schema":{"@context":"https:\/\/schema.org","@graph":[{"@type":"Article","@id":"https:\/\/www.rmcr.org\/en\/2020\/06\/19\/la-real-maestranza-anuncia-la-xxiii-convocatoria-de-becas-y-premios-universitarios\/#article","isPartOf":{"@id":"https:\/\/www.rmcr.org\/en\/2020\/06\/19\/la-real-maestranza-anuncia-la-xxiii-convocatoria-de-becas-y-premios-universitarios\/"},"author":{"name":"ACTIVIDAD","@id":"https:\/\/www.rmcr.org\/en\/#\/schema\/person\/826ea4b159de99b4731c8f519477737b"},"headline":"La Real Maestranza anuncia la XXIII convocatoria de Becas y Premios universitarios","datePublished":"2020-06-19T12:19:49+00:00","dateModified":"2023-11-07T12:24:37+00:00","mainEntityOfPage":{"@id":"https:\/\/www.rmcr.org\/en\/2020\/06\/19\/la-real-maestranza-anuncia-la-xxiii-convocatoria-de-becas-y-premios-universitarios\/"},"wordCount":90,"publisher":{"@id":"https:\/\/www.rmcr.org\/en\/#organization"},"image":{"@id":"https:\/\/www.rmcr.org\/en\/2020\/06\/19\/la-real-maestranza-anuncia-la-xxiii-convocatoria-de-becas-y-premios-universitarios\/#primaryimage"},"thumbnailUrl":"https:\/\/www.rmcr.org\/wp-content\/uploads\/2023\/11\/xxviii-convocatoria-anual-becas-premios.jpeg","keywords":["Bases","Becas","Convocatoria","Premios"],"articleSection":["Actividad","Becas y Premios"],"inLanguage":"en-US"},{"@type":"WebPage","@id":"https:\/\/www.rmcr.org\/en\/2020\/06\/19\/la-real-maestranza-anuncia-la-xxiii-convocatoria-de-becas-y-premios-universitarios\/","url":"https:\/\/www.rmcr.org\/en\/2020\/06\/19\/la-real-maestranza-anuncia-la-xxiii-convocatoria-de-becas-y-premios-universitarios\/","name":"La Real Maestranza anuncia la XXIII convocatoria de Becas y Premios universitarios - Real Maestranza de Caballer\u00eda de Ronda","isPartOf":{"@id":"https:\/\/www.rmcr.org\/en\/#website"},"primaryImageOfPage":{"@id":"https:\/\/www.rmcr.org\/en\/2020\/06\/19\/la-real-maestranza-anuncia-la-xxiii-convocatoria-de-becas-y-premios-universitarios\/#primaryimage"},"image":{"@id":"https:\/\/www.rmcr.org\/en\/2020\/06\/19\/la-real-maestranza-anuncia-la-xxiii-convocatoria-de-becas-y-premios-universitarios\/#primaryimage"},"thumbnailUrl":"https:\/\/www.rmcr.org\/wp-content\/uploads\/2023\/11\/xxviii-convocatoria-anual-becas-premios.jpeg","datePublished":"2020-06-19T12:19:49+00:00","dateModified":"2023-11-07T12:24:37+00:00","breadcrumb":{"@id":"https:\/\/www.rmcr.org\/en\/2020\/06\/19\/la-real-maestranza-anuncia-la-xxiii-convocatoria-de-becas-y-premios-universitarios\/#breadcrumb"},"inLanguage":"en-US","potentialAction":[{"@type":"ReadAction","target":["https:\/\/www.rmcr.org\/en\/2020\/06\/19\/la-real-maestranza-anuncia-la-xxiii-convocatoria-de-becas-y-premios-universitarios\/"]}]},{"@type":"ImageObject","inLanguage":"en-US","@id":"https:\/\/www.rmcr.org\/en\/2020\/06\/19\/la-real-maestranza-anuncia-la-xxiii-convocatoria-de-becas-y-premios-universitarios\/#primaryimage","url":"https:\/\/www.rmcr.org\/wp-content\/uploads\/2023\/11\/xxviii-convocatoria-anual-becas-premios.jpeg","contentUrl":"https:\/\/www.rmcr.org\/wp-content\/uploads\/2023\/11\/xxviii-convocatoria-anual-becas-premios.jpeg","width":350,"height":239,"caption":"XXVIII Convocatoria anual de Becas y Premios universitarios"},{"@type":"BreadcrumbList","@id":"https:\/\/www.rmcr.org\/en\/2020\/06\/19\/la-real-maestranza-anuncia-la-xxiii-convocatoria-de-becas-y-premios-universitarios\/#breadcrumb","itemListElement":[{"@type":"ListItem","position":1,"name":"REAL MAESTRANZA DE CABALLER\u00cdA DE RONDA","item":"https:\/\/www.rmcr.org\/en\/"},{"@type":"ListItem","position":2,"name":"La Real Maestranza anuncia la XXIII convocatoria de Becas y Premios universitarios"}]},{"@type":"WebSite","@id":"https:\/\/www.rmcr.org\/en\/#website","url":"https:\/\/www.rmcr.org\/en\/","name":"Real Maestranza de Caballer\u00eda de Ronda","description":"Real Maestranza de Caballer\u00eda de Ronda","publisher":{"@id":"https:\/\/www.rmcr.org\/en\/#organization"},"alternateName":"RMCR","potentialAction":[{"@type":"SearchAction","target":{"@type":"EntryPoint","urlTemplate":"https:\/\/www.rmcr.org\/en\/?s={search_term_string}"},"query-input":{"@type":"PropertyValueSpecification","valueRequired":true,"valueName":"search_term_string"}}],"inLanguage":"en-US"},{"@type":"Organization","@id":"https:\/\/www.rmcr.org\/en\/#organization","name":"Real Maestranza de Caballer\u00eda de Ronda","alternateName":"RMR","url":"https:\/\/www.rmcr.org\/en\/","logo":{"@type":"ImageObject","inLanguage":"en-US","@id":"https:\/\/www.rmcr.org\/en\/#\/schema\/logo\/image\/","url":"https:\/\/www.rmcr.org\/wp-content\/uploads\/2022\/07\/logo-rmr-blue.svg","contentUrl":"https:\/\/www.rmcr.org\/wp-content\/uploads\/2022\/07\/logo-rmr-blue.svg","width":131,"height":129,"caption":"Real Maestranza de Caballer\u00eda de Ronda"},"image":{"@id":"https:\/\/www.rmcr.org\/en\/#\/schema\/logo\/image\/"},"sameAs":["https:\/\/www.facebook.com\/plazadetorosronda","https:\/\/x.com\/PlazatorosRMR","https:\/\/www.instagram.com\/realmaestranzaderonda\/","https:\/\/www.youtube.com\/channel\/UCrbO5IUN-8v_QML739vM4zg\/videos"]},{"@type":"Person","@id":"https:\/\/www.rmcr.org\/en\/#\/schema\/person\/826ea4b159de99b4731c8f519477737b","name":"ACTIVIDAD","image":{"@type":"ImageObject","inLanguage":"en-US","@id":"https:\/\/www.rmcr.org\/wp-content\/uploads\/2022\/11\/avatar-rmcr-96x96.png","url":"https:\/\/www.rmcr.org\/wp-content\/uploads\/2022\/11\/avatar-rmcr-96x96.png","contentUrl":"https:\/\/www.rmcr.org\/wp-content\/uploads\/2022\/11\/avatar-rmcr-96x96.png","caption":"ACTIVIDAD"},"url":"https:\/\/www.rmcr.org\/en\/author\/alfonso-prado\/"}]}},"_links":{"self":[{"href":"https:\/\/www.rmcr.org\/en\/wp-json\/wp\/v2\/posts\/19168","targetHints":{"allow":["GET"]}}],"collection":[{"href":"https:\/\/www.rmcr.org\/en\/wp-json\/wp\/v2\/posts"}],"about":[{"href":"https:\/\/www.rmcr.org\/en\/wp-json\/wp\/v2\/types\/post"}],"author":[{"embeddable":true,"href":"https:\/\/www.rmcr.org\/en\/wp-json\/wp\/v2\/users\/4"}],"replies":[{"embeddable":true,"href":"https:\/\/www.rmcr.org\/en\/wp-json\/wp\/v2\/comments?post=19168"}],"version-history":[{"count":11,"href":"https:\/\/www.rmcr.org\/en\/wp-json\/wp\/v2\/posts\/19168\/revisions"}],"predecessor-version":[{"id":19185,"href":"https:\/\/www.rmcr.org\/en\/wp-json\/wp\/v2\/posts\/19168\/revisions\/19185"}],"wp:featuredmedia":[{"embeddable":true,"href":"https:\/\/www.rmcr.org\/en\/wp-json\/wp\/v2\/media\/19169"}],"wp:attachment":[{"href":"https:\/\/www.rmcr.org\/en\/wp-json\/wp\/v2\/media?parent=19168"}],"wp:term":[{"taxonomy":"category","embeddable":true,"href":"https:\/\/www.rmcr.org\/en\/wp-json\/wp\/v2\/categories?post=19168"},{"taxonomy":"post_tag","embeddable":true,"href":"https:\/\/www.rmcr.org\/en\/wp-json\/wp\/v2\/tags?post=19168"}],"curies":[{"name":"wp","href":"https:\/\/api.w.org\/{rel}","templated":true}]}}