{"id":19133,"date":"2020-10-23T11:59:11","date_gmt":"2020-10-23T11:59:11","guid":{"rendered":"https:\/\/www.rmcr.org\/?p=19133"},"modified":"2023-11-07T12:00:27","modified_gmt":"2023-11-07T12:00:27","slug":"anuncio-de-la-ceremonia-de-entrega-de-becas-y-premios","status":"publish","type":"post","link":"https:\/\/www.rmcr.org\/en\/2020\/10\/23\/anuncio-de-la-ceremonia-de-entrega-de-becas-y-premios\/","title":{"rendered":"Anuncio de la ceremonia de entrega de Becas y Premios"},"content":{"rendered":"\t\t<div data-elementor-type=\"wp-post\" data-elementor-id=\"19133\" class=\"elementor elementor-19133\" data-elementor-post-type=\"post\">\n\t\t\t\t\t\t<section class=\"elementor-section elementor-top-section elementor-element elementor-element-21b2e3c elementor-section-boxed elementor-section-height-default elementor-section-height-default\" data-id=\"21b2e3c\" data-element_type=\"section\" data-e-type=\"section\">\n\t\t\t\t\t\t<div class=\"elementor-container elementor-column-gap-default\">\n\t\t\t\t\t<div class=\"elementor-column elementor-col-100 elementor-top-column elementor-element elementor-element-fb85714\" data-id=\"fb85714\" data-element_type=\"column\" data-e-type=\"column\">\n\t\t\t<div class=\"elementor-widget-wrap elementor-element-populated\">\n\t\t\t\t\t\t<div class=\"elementor-element elementor-element-5da3808 elementor-widget elementor-widget-text-editor\" data-id=\"5da3808\" data-element_type=\"widget\" data-e-type=\"widget\" data-widget_type=\"text-editor.default\">\n\t\t\t\t<div class=\"elementor-widget-container\">\n\t\t\t\t\t\t\t\t\t<p>Con motivo de la ceremonia de entrega de Becas y Premios de la Real Maestranza el viernes 23 de octubre a las 19.00 bajo la presidencia del Teniente de Hermano Mayor, Rafael Atienza, Marqu\u00e9s de Salvatierra, la Real Maestranza de Caballer\u00eda de Ronda da a conocer el palmar\u00e9s de premiados y reconocimientos a j\u00f3venes estudiantes de Ronda y la comarca a trav\u00e9s del programa de Becas y Premios universitarios, as\u00ed como a j\u00f3venes procedentes de Argentina, Chile, M\u00e9xico, Espa\u00f1a y Portugal, participantes en el Concurso de Historia para J\u00f3venes Eustory.<\/p><p>Los alumnos de la Escuela de Equitaci\u00f3n recibir\u00e1n sus diplomas como titulados del curso Jinete Profesor de la Real Maestranza y recibir\u00e1n becas para estudiar 2\u00ba curso aquellos que hayan superado el primer a\u00f1o.<\/p><p><strong>Ceremonia Online<\/strong><\/p><p>Para seguir la ceremonia online puede hacerlo en este link: <a href=\"http:\/\/bit.ly\/RMR_Becas_Premios_2020\">http:\/\/bit.ly\/RMR_Becas_Premios_2020<\/a><\/p><p><strong>Becas y Premios Universitarios<\/strong><\/p><p><strong>Becas<\/strong><\/p><p>Este a\u00f1o la gran concurrencia de candidaturas y el elevado nivel de calificaciones ha sido la nota a destacar por el patronato de Premios y Becas. Catorce alumnos han obtenido calificaci\u00f3n media superior a 9.<\/p><p>Ignacio Ortiz Serratosa y Ana Cecilia L\u00f3pez Obtienen del IES Dr. Rodr\u00edguez Delgado reciben beca para cursar ambos, grados en Econom\u00eda y Administraci\u00f3n de Empresas por la Universidad de M\u00e1laga. Diego Mu\u00f1oz Ovalle del IES Mart\u00edn Rivero estudiar\u00e1 F\u00edsica por la Universidad de Granada.<\/p><p>Con un estrecho margen en el recuento de las calificaciones por expediente y pruebas de selectividad est\u00e1n las 14 menciones de honor:<\/p><p>Cecilia Casas G\u00f3mez (IES Mart\u00edn Rivero), Jer\u00f3nimo Manuel Jim\u00e9nez Mateos (IES Dr Rodriguez Delgado), Julia Castro Porras (IES Prof Gonzalo Huesa), Juan Francisco Guerrero Mata (IES Dr Rodriguez Delgado), Luc\u00eda Cerb\u00e1n D\u00edaz (IES Dr Rodriguez Delgado), Clara Cabrera Cruces (IES P\u00e9rez de Guzman), Marian Gonz\u00e1lez Miret-Zaragoza (IES Dr Rodriguez Delgado), Eduardo Avil\u00e9s Tejada (IES Dr Rodriguez Delgado), Ana Zamudio Gutierrez (IES Mart\u00edn Rivero), Mar\u00eda Crespillo Lagares (IES Dr Rodriguez Delgado), Luna Escalante Mar\u00edn (IES P\u00e9rez de Guzman), Carmen Baena Caballero (IES P\u00e9rez de Guzman), Eva Mar\u00eda Gamarro Garc\u00eda (IES Dr Rodriguez Delgado) y Samuel Villalba Torres (IES Mart\u00edn Rivero).<\/p><p><strong>Premio<\/strong><\/p><p>Miguel \u00c1ngel Ria\u00f1o S\u00e1nchez, graduado en ingenier\u00eda inform\u00e1tica por la Universidad polit\u00e9cnica de Madrid obtiene el premio al mejor expediente universitario 2020. Miguel \u00c1ngel fue menci\u00f3n de honor en la convocatoria de la Real Maestranza de 2016 y contin\u00faa su formaci\u00f3n con un m\u00e1ster en Gesti\u00f3n de datos en la misma universidad donde se gradu\u00f3.<br \/>Premios Eustory, Concurso de Historia para j\u00f3venes.<\/p><p>Bajo el tema &#8220;la Transici\u00f3n pol\u00edtica&#8221;, m\u00e1s de 40 centros escolares y 105 estudiantes de Argentina, Chile, M\u00e9xico, Ruman\u00eda, Portugal y Espa\u00f1a han investigado con perspectiva local aspectos de la historia reciente en sus respectivos pa\u00edses.<\/p><p>Adri\u00e0 Polo, de 4\u00ba de la ESO, alumno del IES Leopoldo Querol de Castell\u00f3n obtuvo el primer premio con un an\u00e1lisis de la transici\u00f3n de Vinaroz (Castell\u00f3n) a trav\u00e9s del diario local &#8220;El Diariet&#8221;.<\/p><p>Los cuatro segundos premios fueron otorgados a un trabajo espa\u00f1ol, otro chileno y dos portugueses. El primero de ellos fue realizado por el grupo del Colegio Amor de Dios de Madridejos. Es una historia de la Transici\u00f3n en el \u00e1mbito local donde combina el ensayo hist\u00f3rico con un relato de ficci\u00f3n protagonizado por cuatro personajes. El trabajo de Octavia Olsen estudiante del British School de Santiago de Chile, es una exhaustiva investigaci\u00f3n donde combina el an\u00e1lisis con perspectiva nacional y local. En cuanto a los portugueses, Maria Vit\u00f3ria Gon\u00e7alves y Lucas Quaresma, de la Escola Secund\u00e1ria Henriques Nogueira de Torres Vedras (Lisboa) estudian el delicado fen\u00f3meno del m\u00e1s de medio mill\u00f3n de retornados de las excolonias africanas a Portugal durante su Transici\u00f3n, bas\u00e1ndose en numerosas entrevistas. Por \u00faltimo, el alumno Gustavo de Paula e Sousa de la Escola Secund\u00e1ria Leal da C\u00e2mara de Rio de Mouro (Sintra, Lisboa) elabora un peri\u00f3dico donde relata los primeros a\u00f1os de la transici\u00f3n pol\u00edtica en su pa\u00eds.<\/p><p>Los terceros premios se reparten entre un portugu\u00e9s, otro chileno y tres espa\u00f1oles. El primero de ellos mezcla el enfoque nacional con entrevistas a diferentes actores. Hay una fuerte presencia de la m\u00fasica ya que sus autores realizan estudios musicales en el Conservat\u00f3rio de M\u00fasica de Barcelos (Distrito de Braga). El trabajo grupal de 10 alumnos chilenos del Colegio Nuestra Se\u00f1ora del Camino es un documental sobre la transici\u00f3n hacia la democracia en 1990 y c\u00f3mo este proceso se vincula al estallido social de octubre de 2019. Los tres estudiantes del IES Jaume I de Ontinyent (Valencia), llevan a cabo un doble trabajo escrito y documental donde entrevistan a cinco de los seis alcaldes de su localidad y analizan con amplia perspectiva temporal la Transici\u00f3n. Paula L\u00f3pez S\u00e1nchez, alumna de 4\u00b0 de la ESO del CPEI Bas Nuestra Se\u00f1ora de los Dolores estudia la transici\u00f3n en Dolores de Pacheco (Murcia) a trav\u00e9s de la memoria social y la historia no escrita. Para finalizar, Luis Hern\u00e1ndez Ramos del IES Alejandr\u00eda de Tordesillas (Valladolid) ha realizado un an\u00e1lisis del proceso de democratizaci\u00f3n en las escuelas hasta nuestros d\u00edas.<\/p><p>En cuanto a los seis premios acc\u00e9sit otorgados esta convocatoria, destacan los an\u00e1lisis de las transiciones mexicanas y rumanas, as\u00ed como otros dos trabajos que analizan este proceso hist\u00f3rico a trav\u00e9s de la cultura. Los dos \u00faltimos tienen una perspectiva local; el primero de ellos desde la localidad de Cartagena y el segundo tutorizado por el profesor Marcos Naz y realizado por la alumna de 4\u00ba de la ESO, Ana Pascual Jim\u00e9nez del IES Mart\u00edn Rivero de Ronda.<\/p><p>Coorganiza el concurso la Associa\u00e7\u00e3o de Professores de Hist\u00f3ria de Portugal (APH). Colabora en la organizaci\u00f3n del concurso la asociaci\u00f3n de profesores de Historia y Geograf\u00eda de Andaluc\u00eda &#8220;H\u00e9sperides&#8221;.<\/p><p><strong>Escuela de equitaci\u00f3n<\/strong><\/p><p>Obtienen t\u00edtulo de Jinete Profesor de la Real Maestranza de Caballer\u00eda de Ronda:<\/p><p>Laia Campo Places (Barcelona), Marc Gomila Servera (San Lorenzo de Cardessar, Baleares), Eduardo Montenegro Rubio (Albacete), Mar\u00eda Moreno-Luque Su\u00e1rez (Oviedo), Francisco Romero Gonz\u00e1lez (L\u00e1char, Granada), Gerard Tom\u00e1s Bot\u00edas, (Barcelona) y Carla Vallejo Muniesa (San Cugat del Vall\u00e9s, Barcelona).<\/p><p>Los alumnos de la Escuela de la Real Maestranza terminan con el t\u00edtulo de nivel II del Curso T\u00e9cnico Deportivo impartido en la misma escuela en dos fases, la inicial durante el primer curso y la final en este que terminan. Cuatro de ellos han realizado las pruebas de admisi\u00f3n para el curso T\u00e9cnico Deportivo Superior que realizar\u00e1n en sus respectivas localidades.<\/p><p>Pasan a 2\u00ba curso de Jinete Profesor habiendo superado el ciclo inicial del curso T\u00e9cnico Deportivo II:<\/p><p>Fernando Casas Mart\u00ednez (Barcelona), Goiuri Hern\u00e1ndez Rubia (Bilbao), Enrique Lizar\u00e1n L\u00f3pez (Lorca), Juan L\u00f3pez Mart\u00ednez (Elche), \u00c1lvaro Moreno Duque (Fuenlabrada) e Ignacio Trigo Puig (Madrid).<\/p><p><strong>M\u00e1s informaci\u00f3n<\/strong><\/p><p>Descarga del <a href=\"https:\/\/www.rmcr.org\/wp-content\/uploads\/2023\/11\/programa-xxiii-edicion-becas-premios.pdf\">Programa de la XXIII edici\u00f3n de Becas y Premios.<\/a><\/p><div id=\"ir-ext-ui\" style=\"color: #000000; font-size: 16px; line-height: 16px; background-color: #f7f7f7; border: 1px solid #999999; border-radius: 1px; top: 1px; right: 1px;\"><div class=\"ir-ext-dimensions\"><span class=\"ir-ext-rendered\" title=\"Rendered image dimensions (after any scaling\/resizing has been applied)\"> x <\/span> <span class=\"ir-ext-natural\" title=\"Natural image dimensions (without applying any scaling\/resizing)\"> (x) <\/span><\/div><div class=\"ir-ext-filesize\">\u00a0<\/div><\/div><div id=\"ir-ext-ui\" style=\"color: #000000; font-size: 16px; line-height: 16px; background-color: #f7f7f7; border: 1px solid #999999; border-radius: 1px; top: 1px; right: 1px;\"><div class=\"ir-ext-dimensions\"><span class=\"ir-ext-rendered\" title=\"Rendered image dimensions (after any scaling\/resizing has been applied)\"> x <\/span> <span class=\"ir-ext-natural\" title=\"Natural image dimensions (without applying any scaling\/resizing)\"> (x) <\/span><\/div><div class=\"ir-ext-filesize\">\u00a0<\/div><\/div><div id=\"simple-translate\" class=\"simple-translate-system-theme\"><div><div class=\"simple-translate-button isShow\" style=\"background-image: url('moz-extension:\/\/8a6f8b51-71c4-4cf5-a5a5-efe2679f86c3\/icons\/512.png'); height: 22px; width: 22px; top: 236px; left: 113px;\">\u00a0<\/div><div class=\"simple-translate-panel \" style=\"width: 300px; height: 200px; top: 0px; left: 0px; font-size: 13px;\"><div class=\"simple-translate-result-wrapper\" style=\"overflow: hidden;\"><div class=\"simple-translate-move\" draggable=\"true\">\u00a0<\/div><div class=\"simple-translate-result-contents\"><p class=\"simple-translate-result\" dir=\"auto\">\u00a0<\/p><p class=\"simple-translate-candidate\" dir=\"auto\">\u00a0<\/p><\/div><\/div><\/div><\/div><\/div>\t\t\t\t\t\t\t\t<\/div>\n\t\t\t\t<\/div>\n\t\t\t\t\t<\/div>\n\t\t<\/div>\n\t\t\t\t\t<\/div>\n\t\t<\/section>\n\t\t\t\t<\/div>\n\t\t","protected":false},"excerpt":{"rendered":"<p>Ceremonia de entrega de Becas y Premios de la Real Maestranza el viernes 23 de octubre a las 19.00 bajo la presidencia del Teniente de Hermano Mayor, Rafael Atienza, Marqu\u00e9s de Salvatierra<\/p>\n","protected":false},"author":4,"featured_media":19134,"comment_status":"closed","ping_status":"open","sticky":false,"template":"","format":"standard","meta":{"footnotes":""},"categories":[200,509],"tags":[561,147,677,616],"class_list":["post-19133","post","type-post","status-publish","format-standard","has-post-thumbnail","hentry","category-actividad","category-becas-premios","tag-becas","tag-ceremonias","tag-estudios","tag-premios"],"yoast_head":"<!-- This site is optimized with the Yoast SEO plugin v27.5 - https:\/\/yoast.com\/product\/yoast-seo-wordpress\/ -->\n<title>Anuncio de la ceremonia de entrega de Becas y Premios - Real Maestranza de Caballer\u00eda de Ronda<\/title>\n<meta name=\"robots\" content=\"index, follow, max-snippet:-1, max-image-preview:large, max-video-preview:-1\" \/>\n<link rel=\"canonical\" href=\"https:\/\/www.rmcr.org\/en\/2020\/10\/23\/anuncio-de-la-ceremonia-de-entrega-de-becas-y-premios\/\" \/>\n<meta property=\"og:locale\" content=\"en_US\" \/>\n<meta property=\"og:type\" content=\"article\" \/>\n<meta property=\"og:title\" content=\"Anuncio de la ceremonia de entrega de Becas y Premios - Real Maestranza de Caballer\u00eda de Ronda\" \/>\n<meta property=\"og:description\" content=\"Ceremonia de entrega de Becas y Premios de la Real Maestranza el viernes 23 de octubre a las 19.00 bajo la presidencia del Teniente de Hermano Mayor, Rafael Atienza, Marqu\u00e9s de Salvatierra\" \/>\n<meta property=\"og:url\" content=\"https:\/\/www.rmcr.org\/en\/2020\/10\/23\/anuncio-de-la-ceremonia-de-entrega-de-becas-y-premios\/\" \/>\n<meta property=\"og:site_name\" content=\"Real Maestranza de Caballer\u00eda de Ronda\" \/>\n<meta property=\"article:publisher\" content=\"https:\/\/www.facebook.com\/plazadetorosronda\" \/>\n<meta property=\"article:published_time\" content=\"2020-10-23T11:59:11+00:00\" \/>\n<meta property=\"article:modified_time\" content=\"2023-11-07T12:00:27+00:00\" \/>\n<meta property=\"og:image\" content=\"https:\/\/www.rmcr.org\/wp-content\/uploads\/2023\/11\/xxiii-premios-becas.png\" \/>\n\t<meta property=\"og:image:width\" content=\"500\" \/>\n\t<meta property=\"og:image:height\" content=\"281\" \/>\n\t<meta property=\"og:image:type\" content=\"image\/png\" \/>\n<meta name=\"author\" content=\"ACTIVIDAD\" \/>\n<meta name=\"twitter:card\" content=\"summary_large_image\" \/>\n<meta name=\"twitter:creator\" content=\"@PlazatorosRMR\" \/>\n<meta name=\"twitter:site\" content=\"@PlazatorosRMR\" \/>\n<meta name=\"twitter:label1\" content=\"Written by\" \/>\n\t<meta name=\"twitter:data1\" content=\"ACTIVIDAD\" \/>\n\t<meta name=\"twitter:label2\" content=\"Est. reading time\" \/>\n\t<meta name=\"twitter:data2\" content=\"6 minutes\" \/>\n<script type=\"application\/ld+json\" class=\"yoast-schema-graph\">{\"@context\":\"https:\\\/\\\/schema.org\",\"@graph\":[{\"@type\":\"Article\",\"@id\":\"https:\\\/\\\/www.rmcr.org\\\/en\\\/2020\\\/10\\\/23\\\/anuncio-de-la-ceremonia-de-entrega-de-becas-y-premios\\\/#article\",\"isPartOf\":{\"@id\":\"https:\\\/\\\/www.rmcr.org\\\/en\\\/2020\\\/10\\\/23\\\/anuncio-de-la-ceremonia-de-entrega-de-becas-y-premios\\\/\"},\"author\":{\"name\":\"ACTIVIDAD\",\"@id\":\"https:\\\/\\\/www.rmcr.org\\\/en\\\/#\\\/schema\\\/person\\\/826ea4b159de99b4731c8f519477737b\"},\"headline\":\"Anuncio de la ceremonia de entrega de Becas y Premios\",\"datePublished\":\"2020-10-23T11:59:11+00:00\",\"dateModified\":\"2023-11-07T12:00:27+00:00\",\"mainEntityOfPage\":{\"@id\":\"https:\\\/\\\/www.rmcr.org\\\/en\\\/2020\\\/10\\\/23\\\/anuncio-de-la-ceremonia-de-entrega-de-becas-y-premios\\\/\"},\"wordCount\":1248,\"publisher\":{\"@id\":\"https:\\\/\\\/www.rmcr.org\\\/en\\\/#organization\"},\"image\":{\"@id\":\"https:\\\/\\\/www.rmcr.org\\\/en\\\/2020\\\/10\\\/23\\\/anuncio-de-la-ceremonia-de-entrega-de-becas-y-premios\\\/#primaryimage\"},\"thumbnailUrl\":\"https:\\\/\\\/www.rmcr.org\\\/wp-content\\\/uploads\\\/2023\\\/11\\\/xxiii-premios-becas.png\",\"keywords\":[\"Becas\",\"Ceremonias\",\"Estudios\",\"Premios\"],\"articleSection\":[\"Actividad\",\"Becas y Premios\"],\"inLanguage\":\"en-US\"},{\"@type\":\"WebPage\",\"@id\":\"https:\\\/\\\/www.rmcr.org\\\/en\\\/2020\\\/10\\\/23\\\/anuncio-de-la-ceremonia-de-entrega-de-becas-y-premios\\\/\",\"url\":\"https:\\\/\\\/www.rmcr.org\\\/en\\\/2020\\\/10\\\/23\\\/anuncio-de-la-ceremonia-de-entrega-de-becas-y-premios\\\/\",\"name\":\"Anuncio de la ceremonia de entrega de Becas y Premios - Real Maestranza de Caballer\u00eda de Ronda\",\"isPartOf\":{\"@id\":\"https:\\\/\\\/www.rmcr.org\\\/en\\\/#website\"},\"primaryImageOfPage\":{\"@id\":\"https:\\\/\\\/www.rmcr.org\\\/en\\\/2020\\\/10\\\/23\\\/anuncio-de-la-ceremonia-de-entrega-de-becas-y-premios\\\/#primaryimage\"},\"image\":{\"@id\":\"https:\\\/\\\/www.rmcr.org\\\/en\\\/2020\\\/10\\\/23\\\/anuncio-de-la-ceremonia-de-entrega-de-becas-y-premios\\\/#primaryimage\"},\"thumbnailUrl\":\"https:\\\/\\\/www.rmcr.org\\\/wp-content\\\/uploads\\\/2023\\\/11\\\/xxiii-premios-becas.png\",\"datePublished\":\"2020-10-23T11:59:11+00:00\",\"dateModified\":\"2023-11-07T12:00:27+00:00\",\"breadcrumb\":{\"@id\":\"https:\\\/\\\/www.rmcr.org\\\/en\\\/2020\\\/10\\\/23\\\/anuncio-de-la-ceremonia-de-entrega-de-becas-y-premios\\\/#breadcrumb\"},\"inLanguage\":\"en-US\",\"potentialAction\":[{\"@type\":\"ReadAction\",\"target\":[\"https:\\\/\\\/www.rmcr.org\\\/en\\\/2020\\\/10\\\/23\\\/anuncio-de-la-ceremonia-de-entrega-de-becas-y-premios\\\/\"]}]},{\"@type\":\"ImageObject\",\"inLanguage\":\"en-US\",\"@id\":\"https:\\\/\\\/www.rmcr.org\\\/en\\\/2020\\\/10\\\/23\\\/anuncio-de-la-ceremonia-de-entrega-de-becas-y-premios\\\/#primaryimage\",\"url\":\"https:\\\/\\\/www.rmcr.org\\\/wp-content\\\/uploads\\\/2023\\\/11\\\/xxiii-premios-becas.png\",\"contentUrl\":\"https:\\\/\\\/www.rmcr.org\\\/wp-content\\\/uploads\\\/2023\\\/11\\\/xxiii-premios-becas.png\",\"width\":500,\"height\":281,\"caption\":\"XXIII Edici\u00f3n de Becas y Premios\"},{\"@type\":\"BreadcrumbList\",\"@id\":\"https:\\\/\\\/www.rmcr.org\\\/en\\\/2020\\\/10\\\/23\\\/anuncio-de-la-ceremonia-de-entrega-de-becas-y-premios\\\/#breadcrumb\",\"itemListElement\":[{\"@type\":\"ListItem\",\"position\":1,\"name\":\"REAL MAESTRANZA DE CABALLER\u00cdA DE RONDA\",\"item\":\"https:\\\/\\\/www.rmcr.org\\\/en\\\/\"},{\"@type\":\"ListItem\",\"position\":2,\"name\":\"Anuncio de la ceremonia de entrega de Becas y Premios\"}]},{\"@type\":\"WebSite\",\"@id\":\"https:\\\/\\\/www.rmcr.org\\\/en\\\/#website\",\"url\":\"https:\\\/\\\/www.rmcr.org\\\/en\\\/\",\"name\":\"Real Maestranza de Caballer\u00eda de Ronda\",\"description\":\"Real Maestranza de Caballer\u00eda de Ronda\",\"publisher\":{\"@id\":\"https:\\\/\\\/www.rmcr.org\\\/en\\\/#organization\"},\"alternateName\":\"RMCR\",\"potentialAction\":[{\"@type\":\"SearchAction\",\"target\":{\"@type\":\"EntryPoint\",\"urlTemplate\":\"https:\\\/\\\/www.rmcr.org\\\/en\\\/?s={search_term_string}\"},\"query-input\":{\"@type\":\"PropertyValueSpecification\",\"valueRequired\":true,\"valueName\":\"search_term_string\"}}],\"inLanguage\":\"en-US\"},{\"@type\":\"Organization\",\"@id\":\"https:\\\/\\\/www.rmcr.org\\\/en\\\/#organization\",\"name\":\"Real Maestranza de Caballer\u00eda de Ronda\",\"alternateName\":\"RMR\",\"url\":\"https:\\\/\\\/www.rmcr.org\\\/en\\\/\",\"logo\":{\"@type\":\"ImageObject\",\"inLanguage\":\"en-US\",\"@id\":\"https:\\\/\\\/www.rmcr.org\\\/en\\\/#\\\/schema\\\/logo\\\/image\\\/\",\"url\":\"https:\\\/\\\/www.rmcr.org\\\/wp-content\\\/uploads\\\/2022\\\/07\\\/logo-rmr-blue.svg\",\"contentUrl\":\"https:\\\/\\\/www.rmcr.org\\\/wp-content\\\/uploads\\\/2022\\\/07\\\/logo-rmr-blue.svg\",\"width\":131,\"height\":129,\"caption\":\"Real Maestranza de Caballer\u00eda de Ronda\"},\"image\":{\"@id\":\"https:\\\/\\\/www.rmcr.org\\\/en\\\/#\\\/schema\\\/logo\\\/image\\\/\"},\"sameAs\":[\"https:\\\/\\\/www.facebook.com\\\/plazadetorosronda\",\"https:\\\/\\\/x.com\\\/PlazatorosRMR\",\"https:\\\/\\\/www.instagram.com\\\/realmaestranzaderonda\\\/\",\"https:\\\/\\\/www.youtube.com\\\/channel\\\/UCrbO5IUN-8v_QML739vM4zg\\\/videos\"]},{\"@type\":\"Person\",\"@id\":\"https:\\\/\\\/www.rmcr.org\\\/en\\\/#\\\/schema\\\/person\\\/826ea4b159de99b4731c8f519477737b\",\"name\":\"ACTIVIDAD\",\"image\":{\"@type\":\"ImageObject\",\"inLanguage\":\"en-US\",\"@id\":\"https:\\\/\\\/www.rmcr.org\\\/wp-content\\\/uploads\\\/2022\\\/11\\\/avatar-rmcr-96x96.png\",\"url\":\"https:\\\/\\\/www.rmcr.org\\\/wp-content\\\/uploads\\\/2022\\\/11\\\/avatar-rmcr-96x96.png\",\"contentUrl\":\"https:\\\/\\\/www.rmcr.org\\\/wp-content\\\/uploads\\\/2022\\\/11\\\/avatar-rmcr-96x96.png\",\"caption\":\"ACTIVIDAD\"},\"url\":\"https:\\\/\\\/www.rmcr.org\\\/en\\\/author\\\/alfonso-prado\\\/\"}]}<\/script>\n<!-- \/ Yoast SEO plugin. -->","yoast_head_json":{"title":"Anuncio de la ceremonia de entrega de Becas y Premios - Real Maestranza de Caballer\u00eda de Ronda","robots":{"index":"index","follow":"follow","max-snippet":"max-snippet:-1","max-image-preview":"max-image-preview:large","max-video-preview":"max-video-preview:-1"},"canonical":"https:\/\/www.rmcr.org\/en\/2020\/10\/23\/anuncio-de-la-ceremonia-de-entrega-de-becas-y-premios\/","og_locale":"en_US","og_type":"article","og_title":"Anuncio de la ceremonia de entrega de Becas y Premios - Real Maestranza de Caballer\u00eda de Ronda","og_description":"Ceremonia de entrega de Becas y Premios de la Real Maestranza el viernes 23 de octubre a las 19.00 bajo la presidencia del Teniente de Hermano Mayor, Rafael Atienza, Marqu\u00e9s de Salvatierra","og_url":"https:\/\/www.rmcr.org\/en\/2020\/10\/23\/anuncio-de-la-ceremonia-de-entrega-de-becas-y-premios\/","og_site_name":"Real Maestranza de Caballer\u00eda de Ronda","article_publisher":"https:\/\/www.facebook.com\/plazadetorosronda","article_published_time":"2020-10-23T11:59:11+00:00","article_modified_time":"2023-11-07T12:00:27+00:00","og_image":[{"width":500,"height":281,"url":"https:\/\/www.rmcr.org\/wp-content\/uploads\/2023\/11\/xxiii-premios-becas.png","type":"image\/png"}],"author":"ACTIVIDAD","twitter_card":"summary_large_image","twitter_creator":"@PlazatorosRMR","twitter_site":"@PlazatorosRMR","twitter_misc":{"Written by":"ACTIVIDAD","Est. reading time":"6 minutes"},"schema":{"@context":"https:\/\/schema.org","@graph":[{"@type":"Article","@id":"https:\/\/www.rmcr.org\/en\/2020\/10\/23\/anuncio-de-la-ceremonia-de-entrega-de-becas-y-premios\/#article","isPartOf":{"@id":"https:\/\/www.rmcr.org\/en\/2020\/10\/23\/anuncio-de-la-ceremonia-de-entrega-de-becas-y-premios\/"},"author":{"name":"ACTIVIDAD","@id":"https:\/\/www.rmcr.org\/en\/#\/schema\/person\/826ea4b159de99b4731c8f519477737b"},"headline":"Anuncio de la ceremonia de entrega de Becas y Premios","datePublished":"2020-10-23T11:59:11+00:00","dateModified":"2023-11-07T12:00:27+00:00","mainEntityOfPage":{"@id":"https:\/\/www.rmcr.org\/en\/2020\/10\/23\/anuncio-de-la-ceremonia-de-entrega-de-becas-y-premios\/"},"wordCount":1248,"publisher":{"@id":"https:\/\/www.rmcr.org\/en\/#organization"},"image":{"@id":"https:\/\/www.rmcr.org\/en\/2020\/10\/23\/anuncio-de-la-ceremonia-de-entrega-de-becas-y-premios\/#primaryimage"},"thumbnailUrl":"https:\/\/www.rmcr.org\/wp-content\/uploads\/2023\/11\/xxiii-premios-becas.png","keywords":["Becas","Ceremonias","Estudios","Premios"],"articleSection":["Actividad","Becas y Premios"],"inLanguage":"en-US"},{"@type":"WebPage","@id":"https:\/\/www.rmcr.org\/en\/2020\/10\/23\/anuncio-de-la-ceremonia-de-entrega-de-becas-y-premios\/","url":"https:\/\/www.rmcr.org\/en\/2020\/10\/23\/anuncio-de-la-ceremonia-de-entrega-de-becas-y-premios\/","name":"Anuncio de la ceremonia de entrega de Becas y Premios - Real Maestranza de Caballer\u00eda de Ronda","isPartOf":{"@id":"https:\/\/www.rmcr.org\/en\/#website"},"primaryImageOfPage":{"@id":"https:\/\/www.rmcr.org\/en\/2020\/10\/23\/anuncio-de-la-ceremonia-de-entrega-de-becas-y-premios\/#primaryimage"},"image":{"@id":"https:\/\/www.rmcr.org\/en\/2020\/10\/23\/anuncio-de-la-ceremonia-de-entrega-de-becas-y-premios\/#primaryimage"},"thumbnailUrl":"https:\/\/www.rmcr.org\/wp-content\/uploads\/2023\/11\/xxiii-premios-becas.png","datePublished":"2020-10-23T11:59:11+00:00","dateModified":"2023-11-07T12:00:27+00:00","breadcrumb":{"@id":"https:\/\/www.rmcr.org\/en\/2020\/10\/23\/anuncio-de-la-ceremonia-de-entrega-de-becas-y-premios\/#breadcrumb"},"inLanguage":"en-US","potentialAction":[{"@type":"ReadAction","target":["https:\/\/www.rmcr.org\/en\/2020\/10\/23\/anuncio-de-la-ceremonia-de-entrega-de-becas-y-premios\/"]}]},{"@type":"ImageObject","inLanguage":"en-US","@id":"https:\/\/www.rmcr.org\/en\/2020\/10\/23\/anuncio-de-la-ceremonia-de-entrega-de-becas-y-premios\/#primaryimage","url":"https:\/\/www.rmcr.org\/wp-content\/uploads\/2023\/11\/xxiii-premios-becas.png","contentUrl":"https:\/\/www.rmcr.org\/wp-content\/uploads\/2023\/11\/xxiii-premios-becas.png","width":500,"height":281,"caption":"XXIII Edici\u00f3n de Becas y Premios"},{"@type":"BreadcrumbList","@id":"https:\/\/www.rmcr.org\/en\/2020\/10\/23\/anuncio-de-la-ceremonia-de-entrega-de-becas-y-premios\/#breadcrumb","itemListElement":[{"@type":"ListItem","position":1,"name":"REAL MAESTRANZA DE CABALLER\u00cdA DE RONDA","item":"https:\/\/www.rmcr.org\/en\/"},{"@type":"ListItem","position":2,"name":"Anuncio de la ceremonia de entrega de Becas y Premios"}]},{"@type":"WebSite","@id":"https:\/\/www.rmcr.org\/en\/#website","url":"https:\/\/www.rmcr.org\/en\/","name":"Real Maestranza de Caballer\u00eda de Ronda","description":"Real Maestranza de Caballer\u00eda de Ronda","publisher":{"@id":"https:\/\/www.rmcr.org\/en\/#organization"},"alternateName":"RMCR","potentialAction":[{"@type":"SearchAction","target":{"@type":"EntryPoint","urlTemplate":"https:\/\/www.rmcr.org\/en\/?s={search_term_string}"},"query-input":{"@type":"PropertyValueSpecification","valueRequired":true,"valueName":"search_term_string"}}],"inLanguage":"en-US"},{"@type":"Organization","@id":"https:\/\/www.rmcr.org\/en\/#organization","name":"Real Maestranza de Caballer\u00eda de Ronda","alternateName":"RMR","url":"https:\/\/www.rmcr.org\/en\/","logo":{"@type":"ImageObject","inLanguage":"en-US","@id":"https:\/\/www.rmcr.org\/en\/#\/schema\/logo\/image\/","url":"https:\/\/www.rmcr.org\/wp-content\/uploads\/2022\/07\/logo-rmr-blue.svg","contentUrl":"https:\/\/www.rmcr.org\/wp-content\/uploads\/2022\/07\/logo-rmr-blue.svg","width":131,"height":129,"caption":"Real Maestranza de Caballer\u00eda de Ronda"},"image":{"@id":"https:\/\/www.rmcr.org\/en\/#\/schema\/logo\/image\/"},"sameAs":["https:\/\/www.facebook.com\/plazadetorosronda","https:\/\/x.com\/PlazatorosRMR","https:\/\/www.instagram.com\/realmaestranzaderonda\/","https:\/\/www.youtube.com\/channel\/UCrbO5IUN-8v_QML739vM4zg\/videos"]},{"@type":"Person","@id":"https:\/\/www.rmcr.org\/en\/#\/schema\/person\/826ea4b159de99b4731c8f519477737b","name":"ACTIVIDAD","image":{"@type":"ImageObject","inLanguage":"en-US","@id":"https:\/\/www.rmcr.org\/wp-content\/uploads\/2022\/11\/avatar-rmcr-96x96.png","url":"https:\/\/www.rmcr.org\/wp-content\/uploads\/2022\/11\/avatar-rmcr-96x96.png","contentUrl":"https:\/\/www.rmcr.org\/wp-content\/uploads\/2022\/11\/avatar-rmcr-96x96.png","caption":"ACTIVIDAD"},"url":"https:\/\/www.rmcr.org\/en\/author\/alfonso-prado\/"}]}},"_links":{"self":[{"href":"https:\/\/www.rmcr.org\/en\/wp-json\/wp\/v2\/posts\/19133","targetHints":{"allow":["GET"]}}],"collection":[{"href":"https:\/\/www.rmcr.org\/en\/wp-json\/wp\/v2\/posts"}],"about":[{"href":"https:\/\/www.rmcr.org\/en\/wp-json\/wp\/v2\/types\/post"}],"author":[{"embeddable":true,"href":"https:\/\/www.rmcr.org\/en\/wp-json\/wp\/v2\/users\/4"}],"replies":[{"embeddable":true,"href":"https:\/\/www.rmcr.org\/en\/wp-json\/wp\/v2\/comments?post=19133"}],"version-history":[{"count":5,"href":"https:\/\/www.rmcr.org\/en\/wp-json\/wp\/v2\/posts\/19133\/revisions"}],"predecessor-version":[{"id":19144,"href":"https:\/\/www.rmcr.org\/en\/wp-json\/wp\/v2\/posts\/19133\/revisions\/19144"}],"wp:featuredmedia":[{"embeddable":true,"href":"https:\/\/www.rmcr.org\/en\/wp-json\/wp\/v2\/media\/19134"}],"wp:attachment":[{"href":"https:\/\/www.rmcr.org\/en\/wp-json\/wp\/v2\/media?parent=19133"}],"wp:term":[{"taxonomy":"category","embeddable":true,"href":"https:\/\/www.rmcr.org\/en\/wp-json\/wp\/v2\/categories?post=19133"},{"taxonomy":"post_tag","embeddable":true,"href":"https:\/\/www.rmcr.org\/en\/wp-json\/wp\/v2\/tags?post=19133"}],"curies":[{"name":"wp","href":"https:\/\/api.w.org\/{rel}","templated":true}]}}