{"id":18953,"date":"2022-11-05T09:57:01","date_gmt":"2022-11-05T09:57:01","guid":{"rendered":"https:\/\/www.rmcr.org\/?p=18953"},"modified":"2025-04-04T07:49:33","modified_gmt":"2025-04-04T07:49:33","slug":"presentacion-de-la-biografia-luis-martinez-de-irujo-duque-de-alba-el-peso-del-nombre-en-la-real-maestranza-de-caballeria-de-ronda","status":"publish","type":"post","link":"https:\/\/www.rmcr.org\/en\/2022\/11\/05\/presentacion-de-la-biografia-luis-martinez-de-irujo-duque-de-alba-el-peso-del-nombre-en-la-real-maestranza-de-caballeria-de-ronda\/","title":{"rendered":"Presentaci\u00f3n de la biograf\u00eda \u00abLuis Mart\u00ednez de Irujo. Duque de Alba. El peso del nombre\u00bb en la Real Maestranza de Caballer\u00eda de Ronda"},"content":{"rendered":"\t\t<div data-elementor-type=\"wp-post\" data-elementor-id=\"18953\" class=\"elementor elementor-18953\" data-elementor-post-type=\"post\">\n\t\t\t\t\t\t<section class=\"elementor-section elementor-top-section elementor-element elementor-element-fc5a338 elementor-section-boxed elementor-section-height-default elementor-section-height-default\" data-id=\"fc5a338\" data-element_type=\"section\" data-e-type=\"section\">\n\t\t\t\t\t\t<div class=\"elementor-container elementor-column-gap-default\">\n\t\t\t\t\t<div class=\"elementor-column elementor-col-100 elementor-top-column elementor-element elementor-element-4d54584\" data-id=\"4d54584\" data-element_type=\"column\" data-e-type=\"column\">\n\t\t\t<div class=\"elementor-widget-wrap elementor-element-populated\">\n\t\t\t\t\t\t<div class=\"elementor-element elementor-element-df26ce3 elementor-widget elementor-widget-text-editor\" data-id=\"df26ce3\" data-element_type=\"widget\" data-e-type=\"widget\" data-widget_type=\"text-editor.default\">\n\t\t\t\t<div class=\"elementor-widget-container\">\n\t\t\t\t\t\t\t\t\t<p>Tras la puesta de largo del libro celebrada el pasado mes de septiembre en el Palacio de Liria de Madrid, con la asistencia de la familia Alba al completo (enlace a la noticia) la Maestranza ronde\u00f1a acoger\u00e1 la presentaci\u00f3n de la obra publicada por la editorial La Esfera de los Libros. La entrada ser\u00e1 libre hasta completar el aforo (c\/ Virgen de la Paz 15).<\/p><p>El acto se enmarca dentro de las actividades del Centro de Estudios de la Nobleza, entre cuyos objetivos se encuentran la realizaci\u00f3n de acciones de formaci\u00f3n, difusi\u00f3n, fomento y promoci\u00f3n de las investigaciones cient\u00edficas en relaci\u00f3n con la nobleza y las \u00e9lites de poder a lo largo de la historia.<\/p><p><strong>La biograf\u00eda<\/strong><\/p><p>Luis Mart\u00ednez de Irujo (1919-1972) contrajo matrimonio con Cayetana Fitz-James Stuart (1926-2014), futura duquesa de Alba, en 1947. Desde entonces, el peso del nombre y la pervivencia de la casa de Alba marcaron su destino.<\/p><p>Su vida transcurri\u00f3 entre el legado de su suegro, Jacobo Fitz-James Stuart y Falc\u00f3 (1878-1953), y la personalidad de su mujer. Luis parec\u00eda condenado a palidecer ante estas dos brillantes personalidades. Sin embargo, sus decisiones en distintos \u00e1mbitos resultaron claves para el futuro del ducado. Su prematura muerte provoc\u00f3 una conmoci\u00f3n profunda en Cayetana y sus hijos, e hizo que su figura cayera en un injusto olvido.<\/p><p>Esta exhaustiva biograf\u00eda de Jos\u00e9 Miguel Hern\u00e1ndez Barral, que ha buceado en la ingente documentaci\u00f3n del gran archivo familiar, era necesaria para recuperar el legado de un hombre poco dado a figurar, cuyo compromiso y acertada gesti\u00f3n del patrimonio (econ\u00f3mico y cultural) consigui\u00f3 la continuidad de la casa de Alba, y su adaptaci\u00f3n al cambio de los tiempos.<\/p><p><strong>El autor<\/strong><\/p><p>Jos\u00e9 Miguel Hern\u00e1ndez Barral es doctor en Historia Contempor\u00e1nea por la Universidad Complutense de Madrid, donde ejerce como profesor en la Facultad de Ciencias Pol\u00edticas y Sociolog\u00eda. Ha sido investigador visitante en la London School of Economics y en la Universidad de Edimburgo.<\/p><p>Sus investigaciones se centran en el estudio de las elites europeas y el cambio social en los siglos XIX y XX. Las grandes propiedades agrarias, la distinci\u00f3n social a trav\u00e9s del deporte y las gu\u00edas de sociedad o la pol\u00edtica de ennoblecimientos durante el reinado de Alfonso XIII, han sido algunos de los temas de sus trabajos.<\/p><p>Tiene art\u00edculos publicados en revistas cient\u00edficas como \u00abAyer\u00bb, \u00abThe Journal of Iberian and Latin American Studies\u00bb, \u00abHistoria y Pol\u00edtica\u00bb, \u00abThe International Journal of the History of Sport\u00bb o \u00abRevista Universitaria de Historia Militar\u00bb. Su libro \u00abPerpetuar la distinci\u00f3n. Grandes de Espa\u00f1a y decadencia social, 1914-1931\u00bb (Ediciones 19, 2014) analiza las grandes transformaciones sociales del periodo desde la elite nobiliaria. Su labor investigadora ha sido merecedora de distintos premios.<\/p><p><strong>M\u00e1s informaci\u00f3n<\/strong><\/p><p><a href=\"https:\/\/www.europapress.es\/chance\/gente\/noticia-familia-alba-completo-rinde-homenaje-luis-martinez-irujo-presentacion-biografia-20220920092715.html\" target=\"_blank\" rel=\"noopener\">Enlace a la noticia de Europa Press<\/a><\/p><div id=\"ir-ext-ui\" style=\"color: #000000; font-size: 16px; line-height: 16px; background-color: #f7f7f7; border: 1px solid #999999; border-radius: 1px; top: 1px; right: 1px;\"><div class=\"ir-ext-dimensions\"><span class=\"ir-ext-rendered\" title=\"Rendered image dimensions (after any scaling\/resizing has been applied)\"> x <\/span> <span class=\"ir-ext-natural\" title=\"Natural image dimensions (without applying any scaling\/resizing)\"> (x) <\/span><\/div><div class=\"ir-ext-filesize\">\u00a0<\/div><\/div><div id=\"simple-translate\" class=\"simple-translate-system-theme\"><div><div class=\"simple-translate-button isShow\" style=\"background-image: url('moz-extension:\/\/8a6f8b51-71c4-4cf5-a5a5-efe2679f86c3\/icons\/512.png'); height: 22px; width: 22px; top: 222px; left: -9px;\">\u00a0<\/div><div class=\"simple-translate-panel \" style=\"width: 300px; height: 200px; top: 0px; left: 0px; font-size: 13px;\"><div class=\"simple-translate-result-wrapper\" style=\"overflow: hidden;\"><div class=\"simple-translate-move\" draggable=\"true\">\u00a0<\/div><div class=\"simple-translate-result-contents\"><p class=\"simple-translate-result\" dir=\"auto\">\u00a0<\/p><p class=\"simple-translate-candidate\" dir=\"auto\">\u00a0<\/p><\/div><\/div><\/div><\/div><\/div>\t\t\t\t\t\t\t\t<\/div>\n\t\t\t\t<\/div>\n\t\t\t\t\t<\/div>\n\t\t<\/div>\n\t\t\t\t\t<\/div>\n\t\t<\/section>\n\t\t\t\t<section class=\"elementor-section elementor-top-section elementor-element elementor-element-f5abbde elementor-section-boxed elementor-section-height-default elementor-section-height-default\" data-id=\"f5abbde\" data-element_type=\"section\" data-e-type=\"section\">\n\t\t\t\t\t\t<div class=\"elementor-container elementor-column-gap-default\">\n\t\t\t\t\t<div class=\"elementor-column elementor-col-100 elementor-top-column elementor-element elementor-element-bd28f14\" data-id=\"bd28f14\" data-element_type=\"column\" data-e-type=\"column\">\n\t\t\t<div class=\"elementor-widget-wrap elementor-element-populated\">\n\t\t\t\t\t\t<div class=\"elementor-element elementor-element-dc0813e gallery-spacing-custom elementor-widget elementor-widget-image-gallery\" data-id=\"dc0813e\" data-element_type=\"widget\" data-e-type=\"widget\" data-widget_type=\"image-gallery.default\">\n\t\t\t\t<div class=\"elementor-widget-container\">\n\t\t\t\t\t\t\t<div class=\"elementor-image-gallery\">\n\t\t\t\n<a data-elementor-open-lightbox=\"yes\" data-elementor-lightbox-slideshow=\"dc0813e\" data-elementor-lightbox-title=\"portada-libro-el-peso-del-hombre\" data-e-action-hash=\"#elementor-action%3Aaction%3Dlightbox%26settings%3DeyJpZCI6MTg5NTcsInVybCI6Imh0dHBzOlwvXC93d3cucm1jci5vcmdcL3dwLWNvbnRlbnRcL3VwbG9hZHNcLzIwMjNcLzExXC9wb3J0YWRhLWxpYnJvLWVsLXBlc28tZGVsLWhvbWJyZS5wbmciLCJzbGlkZXNob3ciOiJkYzA4MTNlIn0%3D\" href='https:\/\/www.rmcr.org\/wp-content\/uploads\/2023\/11\/portada-libro-el-peso-del-hombre.png'><img fetchpriority=\"high\" decoding=\"async\" width=\"600\" height=\"910\" src=\"https:\/\/www.rmcr.org\/wp-content\/uploads\/2023\/11\/portada-libro-el-peso-del-hombre.png\" class=\"attachment-large size-large\" alt=\"Portada del Libro: El Peso del Hombre\" srcset=\"https:\/\/www.rmcr.org\/wp-content\/uploads\/2023\/11\/portada-libro-el-peso-del-hombre.png 600w, https:\/\/www.rmcr.org\/wp-content\/uploads\/2023\/11\/portada-libro-el-peso-del-hombre-198x300.png 198w\" sizes=\"(max-width: 600px) 100vw, 600px\" \/><\/a>\n<a data-elementor-open-lightbox=\"yes\" data-elementor-lightbox-slideshow=\"dc0813e\" data-elementor-lightbox-title=\"jose-miguel-hernandez-barral\" data-e-action-hash=\"#elementor-action%3Aaction%3Dlightbox%26settings%3DeyJpZCI6MTg5NTUsInVybCI6Imh0dHBzOlwvXC93d3cucm1jci5vcmdcL3dwLWNvbnRlbnRcL3VwbG9hZHNcLzIwMjNcLzExXC9qb3NlLW1pZ3VlbC1oZXJuYW5kZXotYmFycmFsLnBuZyIsInNsaWRlc2hvdyI6ImRjMDgxM2UifQ%3D%3D\" href='https:\/\/www.rmcr.org\/wp-content\/uploads\/2023\/11\/jose-miguel-hernandez-barral.png'><img decoding=\"async\" width=\"600\" height=\"802\" src=\"https:\/\/www.rmcr.org\/wp-content\/uploads\/2023\/11\/jose-miguel-hernandez-barral.png\" class=\"attachment-large size-large\" alt=\"Jose Miguel Hern\u00e1ndez Barra\" srcset=\"https:\/\/www.rmcr.org\/wp-content\/uploads\/2023\/11\/jose-miguel-hernandez-barral.png 600w, https:\/\/www.rmcr.org\/wp-content\/uploads\/2023\/11\/jose-miguel-hernandez-barral-224x300.png 224w\" sizes=\"(max-width: 600px) 100vw, 600px\" \/><\/a>\n\t\t<\/div>\n\t\t\t\t\t\t<\/div>\n\t\t\t\t<\/div>\n\t\t\t\t\t<\/div>\n\t\t<\/div>\n\t\t\t\t\t<\/div>\n\t\t<\/section>\n\t\t\t\t<\/div>\n\t\t","protected":false},"excerpt":{"rendered":"<p>\u00abEl acto tendr\u00e1 lugar en el Sal\u00f3n de Grados de la instituci\u00f3n, el martes 15 de noviembre de 2022 a las 19:00 horas, con la presencia del autor de la obra y profesor de la Universidad Complutense, Jos\u00e9 Miguel Hern\u00e1ndez Barral\u00bb<\/p>\n","protected":false},"author":2,"featured_media":18956,"comment_status":"open","ping_status":"open","sticky":false,"template":"","format":"standard","meta":{"footnotes":""},"categories":[200,140,811,193],"tags":[105,530,542,137],"class_list":["post-18953","post","type-post","status-publish","format-standard","has-post-thumbnail","hentry","category-actividad","category-biblioteca","category-centro-estudios-nobleza","category-presentaciones","tag-biblioteca-general","tag-centro-de-estudios-de-la-nobleza","tag-jose-miguel-hernandez-barral","tag-libros"],"yoast_head":"<!-- This site is optimized with the Yoast SEO plugin v27.5 - https:\/\/yoast.com\/product\/yoast-seo-wordpress\/ -->\n<title>Presentaci\u00f3n de la biograf\u00eda \u00abLuis Mart\u00ednez de Irujo. Duque de Alba. El peso del nombre\u00bb en la Real Maestranza de Caballer\u00eda de Ronda - Real Maestranza de Caballer\u00eda de Ronda<\/title>\n<meta name=\"robots\" content=\"index, follow, max-snippet:-1, max-image-preview:large, max-video-preview:-1\" \/>\n<link rel=\"canonical\" href=\"https:\/\/www.rmcr.org\/en\/2022\/11\/05\/presentacion-de-la-biografia-luis-martinez-de-irujo-duque-de-alba-el-peso-del-nombre-en-la-real-maestranza-de-caballeria-de-ronda\/\" \/>\n<meta property=\"og:locale\" content=\"en_US\" \/>\n<meta property=\"og:type\" content=\"article\" \/>\n<meta property=\"og:title\" content=\"Presentaci\u00f3n de la biograf\u00eda \u00abLuis Mart\u00ednez de Irujo. Duque de Alba. El peso del nombre\u00bb en la Real Maestranza de Caballer\u00eda de Ronda - Real Maestranza de Caballer\u00eda de Ronda\" \/>\n<meta property=\"og:description\" content=\"\u00abEl acto tendr\u00e1 lugar en el Sal\u00f3n de Grados de la instituci\u00f3n, el martes 15 de noviembre de 2022 a las 19:00 horas, con la presencia del autor de la obra y profesor de la Universidad Complutense, Jos\u00e9 Miguel Hern\u00e1ndez Barral\u00bb\" \/>\n<meta property=\"og:url\" content=\"https:\/\/www.rmcr.org\/en\/2022\/11\/05\/presentacion-de-la-biografia-luis-martinez-de-irujo-duque-de-alba-el-peso-del-nombre-en-la-real-maestranza-de-caballeria-de-ronda\/\" \/>\n<meta property=\"og:site_name\" content=\"Real Maestranza de Caballer\u00eda de Ronda\" \/>\n<meta property=\"article:publisher\" content=\"https:\/\/www.facebook.com\/plazadetorosronda\" \/>\n<meta property=\"article:published_time\" content=\"2022-11-05T09:57:01+00:00\" \/>\n<meta property=\"article:modified_time\" content=\"2025-04-04T07:49:33+00:00\" \/>\n<meta property=\"og:image\" content=\"https:\/\/www.rmcr.org\/wp-content\/uploads\/2023\/11\/portada-libro-el-peso-del-hombre.png\" \/>\n\t<meta property=\"og:image:width\" content=\"600\" \/>\n\t<meta property=\"og:image:height\" content=\"910\" \/>\n\t<meta property=\"og:image:type\" content=\"image\/png\" \/>\n<meta name=\"author\" content=\"BIBLIOTECA\" \/>\n<meta name=\"twitter:card\" content=\"summary_large_image\" \/>\n<meta name=\"twitter:creator\" content=\"@PlazatorosRMR\" \/>\n<meta name=\"twitter:site\" content=\"@PlazatorosRMR\" \/>\n<meta name=\"twitter:label1\" content=\"Written by\" \/>\n\t<meta name=\"twitter:data1\" content=\"BIBLIOTECA\" \/>\n\t<meta name=\"twitter:label2\" content=\"Est. reading time\" \/>\n\t<meta name=\"twitter:data2\" content=\"3 minutes\" \/>\n<script type=\"application\/ld+json\" class=\"yoast-schema-graph\">{\"@context\":\"https:\\\/\\\/schema.org\",\"@graph\":[{\"@type\":\"Article\",\"@id\":\"https:\\\/\\\/www.rmcr.org\\\/en\\\/2022\\\/11\\\/05\\\/presentacion-de-la-biografia-luis-martinez-de-irujo-duque-de-alba-el-peso-del-nombre-en-la-real-maestranza-de-caballeria-de-ronda\\\/#article\",\"isPartOf\":{\"@id\":\"https:\\\/\\\/www.rmcr.org\\\/en\\\/2022\\\/11\\\/05\\\/presentacion-de-la-biografia-luis-martinez-de-irujo-duque-de-alba-el-peso-del-nombre-en-la-real-maestranza-de-caballeria-de-ronda\\\/\"},\"author\":{\"name\":\"BIBLIOTECA\",\"@id\":\"https:\\\/\\\/www.rmcr.org\\\/en\\\/#\\\/schema\\\/person\\\/80849edee7ef556893505128619ea1d0\"},\"headline\":\"Presentaci\u00f3n de la biograf\u00eda \u00abLuis Mart\u00ednez de Irujo. Duque de Alba. El peso del nombre\u00bb en la Real Maestranza de Caballer\u00eda de Ronda\",\"datePublished\":\"2022-11-05T09:57:01+00:00\",\"dateModified\":\"2025-04-04T07:49:33+00:00\",\"mainEntityOfPage\":{\"@id\":\"https:\\\/\\\/www.rmcr.org\\\/en\\\/2022\\\/11\\\/05\\\/presentacion-de-la-biografia-luis-martinez-de-irujo-duque-de-alba-el-peso-del-nombre-en-la-real-maestranza-de-caballeria-de-ronda\\\/\"},\"wordCount\":523,\"commentCount\":0,\"publisher\":{\"@id\":\"https:\\\/\\\/www.rmcr.org\\\/en\\\/#organization\"},\"image\":{\"@id\":\"https:\\\/\\\/www.rmcr.org\\\/en\\\/2022\\\/11\\\/05\\\/presentacion-de-la-biografia-luis-martinez-de-irujo-duque-de-alba-el-peso-del-nombre-en-la-real-maestranza-de-caballeria-de-ronda\\\/#primaryimage\"},\"thumbnailUrl\":\"https:\\\/\\\/www.rmcr.org\\\/wp-content\\\/uploads\\\/2023\\\/11\\\/portada-libro-el-peso-del-hombre.png\",\"keywords\":[\"Biblioteca\",\"Centro de Estudios de la Nobleza\",\"Jos\u00e9 Miguel Hern\u00e1ndez Barral\",\"Libros\"],\"articleSection\":[\"Actividad\",\"Biblioteca\",\"Centro de Estudios de la Nobleza\",\"Presentaciones\"],\"inLanguage\":\"en-US\",\"potentialAction\":[{\"@type\":\"CommentAction\",\"name\":\"Comment\",\"target\":[\"https:\\\/\\\/www.rmcr.org\\\/en\\\/2022\\\/11\\\/05\\\/presentacion-de-la-biografia-luis-martinez-de-irujo-duque-de-alba-el-peso-del-nombre-en-la-real-maestranza-de-caballeria-de-ronda\\\/#respond\"]}]},{\"@type\":\"WebPage\",\"@id\":\"https:\\\/\\\/www.rmcr.org\\\/en\\\/2022\\\/11\\\/05\\\/presentacion-de-la-biografia-luis-martinez-de-irujo-duque-de-alba-el-peso-del-nombre-en-la-real-maestranza-de-caballeria-de-ronda\\\/\",\"url\":\"https:\\\/\\\/www.rmcr.org\\\/en\\\/2022\\\/11\\\/05\\\/presentacion-de-la-biografia-luis-martinez-de-irujo-duque-de-alba-el-peso-del-nombre-en-la-real-maestranza-de-caballeria-de-ronda\\\/\",\"name\":\"Presentaci\u00f3n de la biograf\u00eda \u00abLuis Mart\u00ednez de Irujo. Duque de Alba. El peso del nombre\u00bb en la Real Maestranza de Caballer\u00eda de Ronda - Real Maestranza de Caballer\u00eda de Ronda\",\"isPartOf\":{\"@id\":\"https:\\\/\\\/www.rmcr.org\\\/en\\\/#website\"},\"primaryImageOfPage\":{\"@id\":\"https:\\\/\\\/www.rmcr.org\\\/en\\\/2022\\\/11\\\/05\\\/presentacion-de-la-biografia-luis-martinez-de-irujo-duque-de-alba-el-peso-del-nombre-en-la-real-maestranza-de-caballeria-de-ronda\\\/#primaryimage\"},\"image\":{\"@id\":\"https:\\\/\\\/www.rmcr.org\\\/en\\\/2022\\\/11\\\/05\\\/presentacion-de-la-biografia-luis-martinez-de-irujo-duque-de-alba-el-peso-del-nombre-en-la-real-maestranza-de-caballeria-de-ronda\\\/#primaryimage\"},\"thumbnailUrl\":\"https:\\\/\\\/www.rmcr.org\\\/wp-content\\\/uploads\\\/2023\\\/11\\\/portada-libro-el-peso-del-hombre.png\",\"datePublished\":\"2022-11-05T09:57:01+00:00\",\"dateModified\":\"2025-04-04T07:49:33+00:00\",\"breadcrumb\":{\"@id\":\"https:\\\/\\\/www.rmcr.org\\\/en\\\/2022\\\/11\\\/05\\\/presentacion-de-la-biografia-luis-martinez-de-irujo-duque-de-alba-el-peso-del-nombre-en-la-real-maestranza-de-caballeria-de-ronda\\\/#breadcrumb\"},\"inLanguage\":\"en-US\",\"potentialAction\":[{\"@type\":\"ReadAction\",\"target\":[\"https:\\\/\\\/www.rmcr.org\\\/en\\\/2022\\\/11\\\/05\\\/presentacion-de-la-biografia-luis-martinez-de-irujo-duque-de-alba-el-peso-del-nombre-en-la-real-maestranza-de-caballeria-de-ronda\\\/\"]}]},{\"@type\":\"ImageObject\",\"inLanguage\":\"en-US\",\"@id\":\"https:\\\/\\\/www.rmcr.org\\\/en\\\/2022\\\/11\\\/05\\\/presentacion-de-la-biografia-luis-martinez-de-irujo-duque-de-alba-el-peso-del-nombre-en-la-real-maestranza-de-caballeria-de-ronda\\\/#primaryimage\",\"url\":\"https:\\\/\\\/www.rmcr.org\\\/wp-content\\\/uploads\\\/2023\\\/11\\\/portada-libro-el-peso-del-hombre.png\",\"contentUrl\":\"https:\\\/\\\/www.rmcr.org\\\/wp-content\\\/uploads\\\/2023\\\/11\\\/portada-libro-el-peso-del-hombre.png\",\"width\":600,\"height\":910,\"caption\":\"Portada del Libro\"},{\"@type\":\"BreadcrumbList\",\"@id\":\"https:\\\/\\\/www.rmcr.org\\\/en\\\/2022\\\/11\\\/05\\\/presentacion-de-la-biografia-luis-martinez-de-irujo-duque-de-alba-el-peso-del-nombre-en-la-real-maestranza-de-caballeria-de-ronda\\\/#breadcrumb\",\"itemListElement\":[{\"@type\":\"ListItem\",\"position\":1,\"name\":\"REAL MAESTRANZA DE CABALLER\u00cdA DE RONDA\",\"item\":\"https:\\\/\\\/www.rmcr.org\\\/en\\\/\"},{\"@type\":\"ListItem\",\"position\":2,\"name\":\"Presentaci\u00f3n de la biograf\u00eda \u00abLuis Mart\u00ednez de Irujo. Duque de Alba. El peso del nombre\u00bb en la Real Maestranza de Caballer\u00eda de Ronda\"}]},{\"@type\":\"WebSite\",\"@id\":\"https:\\\/\\\/www.rmcr.org\\\/en\\\/#website\",\"url\":\"https:\\\/\\\/www.rmcr.org\\\/en\\\/\",\"name\":\"Real Maestranza de Caballer\u00eda de Ronda\",\"description\":\"Real Maestranza de Caballer\u00eda de Ronda\",\"publisher\":{\"@id\":\"https:\\\/\\\/www.rmcr.org\\\/en\\\/#organization\"},\"alternateName\":\"RMCR\",\"potentialAction\":[{\"@type\":\"SearchAction\",\"target\":{\"@type\":\"EntryPoint\",\"urlTemplate\":\"https:\\\/\\\/www.rmcr.org\\\/en\\\/?s={search_term_string}\"},\"query-input\":{\"@type\":\"PropertyValueSpecification\",\"valueRequired\":true,\"valueName\":\"search_term_string\"}}],\"inLanguage\":\"en-US\"},{\"@type\":\"Organization\",\"@id\":\"https:\\\/\\\/www.rmcr.org\\\/en\\\/#organization\",\"name\":\"Real Maestranza de Caballer\u00eda de Ronda\",\"alternateName\":\"RMR\",\"url\":\"https:\\\/\\\/www.rmcr.org\\\/en\\\/\",\"logo\":{\"@type\":\"ImageObject\",\"inLanguage\":\"en-US\",\"@id\":\"https:\\\/\\\/www.rmcr.org\\\/en\\\/#\\\/schema\\\/logo\\\/image\\\/\",\"url\":\"https:\\\/\\\/www.rmcr.org\\\/wp-content\\\/uploads\\\/2022\\\/07\\\/logo-rmr-blue.svg\",\"contentUrl\":\"https:\\\/\\\/www.rmcr.org\\\/wp-content\\\/uploads\\\/2022\\\/07\\\/logo-rmr-blue.svg\",\"width\":131,\"height\":129,\"caption\":\"Real Maestranza de Caballer\u00eda de Ronda\"},\"image\":{\"@id\":\"https:\\\/\\\/www.rmcr.org\\\/en\\\/#\\\/schema\\\/logo\\\/image\\\/\"},\"sameAs\":[\"https:\\\/\\\/www.facebook.com\\\/plazadetorosronda\",\"https:\\\/\\\/x.com\\\/PlazatorosRMR\",\"https:\\\/\\\/www.instagram.com\\\/realmaestranzaderonda\\\/\",\"https:\\\/\\\/www.youtube.com\\\/channel\\\/UCrbO5IUN-8v_QML739vM4zg\\\/videos\"]},{\"@type\":\"Person\",\"@id\":\"https:\\\/\\\/www.rmcr.org\\\/en\\\/#\\\/schema\\\/person\\\/80849edee7ef556893505128619ea1d0\",\"name\":\"BIBLIOTECA\",\"image\":{\"@type\":\"ImageObject\",\"inLanguage\":\"en-US\",\"@id\":\"https:\\\/\\\/www.rmcr.org\\\/wp-content\\\/uploads\\\/2022\\\/11\\\/avatar-rmcr-96x96.png\",\"url\":\"https:\\\/\\\/www.rmcr.org\\\/wp-content\\\/uploads\\\/2022\\\/11\\\/avatar-rmcr-96x96.png\",\"contentUrl\":\"https:\\\/\\\/www.rmcr.org\\\/wp-content\\\/uploads\\\/2022\\\/11\\\/avatar-rmcr-96x96.png\",\"caption\":\"BIBLIOTECA\"},\"url\":\"https:\\\/\\\/www.rmcr.org\\\/en\\\/author\\\/juan-antonio-moreno\\\/\"}]}<\/script>\n<!-- \/ Yoast SEO plugin. -->","yoast_head_json":{"title":"Presentaci\u00f3n de la biograf\u00eda \u00abLuis Mart\u00ednez de Irujo. Duque de Alba. El peso del nombre\u00bb en la Real Maestranza de Caballer\u00eda de Ronda - Real Maestranza de Caballer\u00eda de Ronda","robots":{"index":"index","follow":"follow","max-snippet":"max-snippet:-1","max-image-preview":"max-image-preview:large","max-video-preview":"max-video-preview:-1"},"canonical":"https:\/\/www.rmcr.org\/en\/2022\/11\/05\/presentacion-de-la-biografia-luis-martinez-de-irujo-duque-de-alba-el-peso-del-nombre-en-la-real-maestranza-de-caballeria-de-ronda\/","og_locale":"en_US","og_type":"article","og_title":"Presentaci\u00f3n de la biograf\u00eda \u00abLuis Mart\u00ednez de Irujo. Duque de Alba. El peso del nombre\u00bb en la Real Maestranza de Caballer\u00eda de Ronda - Real Maestranza de Caballer\u00eda de Ronda","og_description":"\u00abEl acto tendr\u00e1 lugar en el Sal\u00f3n de Grados de la instituci\u00f3n, el martes 15 de noviembre de 2022 a las 19:00 horas, con la presencia del autor de la obra y profesor de la Universidad Complutense, Jos\u00e9 Miguel Hern\u00e1ndez Barral\u00bb","og_url":"https:\/\/www.rmcr.org\/en\/2022\/11\/05\/presentacion-de-la-biografia-luis-martinez-de-irujo-duque-de-alba-el-peso-del-nombre-en-la-real-maestranza-de-caballeria-de-ronda\/","og_site_name":"Real Maestranza de Caballer\u00eda de Ronda","article_publisher":"https:\/\/www.facebook.com\/plazadetorosronda","article_published_time":"2022-11-05T09:57:01+00:00","article_modified_time":"2025-04-04T07:49:33+00:00","og_image":[{"width":600,"height":910,"url":"https:\/\/www.rmcr.org\/wp-content\/uploads\/2023\/11\/portada-libro-el-peso-del-hombre.png","type":"image\/png"}],"author":"BIBLIOTECA","twitter_card":"summary_large_image","twitter_creator":"@PlazatorosRMR","twitter_site":"@PlazatorosRMR","twitter_misc":{"Written by":"BIBLIOTECA","Est. reading time":"3 minutes"},"schema":{"@context":"https:\/\/schema.org","@graph":[{"@type":"Article","@id":"https:\/\/www.rmcr.org\/en\/2022\/11\/05\/presentacion-de-la-biografia-luis-martinez-de-irujo-duque-de-alba-el-peso-del-nombre-en-la-real-maestranza-de-caballeria-de-ronda\/#article","isPartOf":{"@id":"https:\/\/www.rmcr.org\/en\/2022\/11\/05\/presentacion-de-la-biografia-luis-martinez-de-irujo-duque-de-alba-el-peso-del-nombre-en-la-real-maestranza-de-caballeria-de-ronda\/"},"author":{"name":"BIBLIOTECA","@id":"https:\/\/www.rmcr.org\/en\/#\/schema\/person\/80849edee7ef556893505128619ea1d0"},"headline":"Presentaci\u00f3n de la biograf\u00eda \u00abLuis Mart\u00ednez de Irujo. Duque de Alba. El peso del nombre\u00bb en la Real Maestranza de Caballer\u00eda de Ronda","datePublished":"2022-11-05T09:57:01+00:00","dateModified":"2025-04-04T07:49:33+00:00","mainEntityOfPage":{"@id":"https:\/\/www.rmcr.org\/en\/2022\/11\/05\/presentacion-de-la-biografia-luis-martinez-de-irujo-duque-de-alba-el-peso-del-nombre-en-la-real-maestranza-de-caballeria-de-ronda\/"},"wordCount":523,"commentCount":0,"publisher":{"@id":"https:\/\/www.rmcr.org\/en\/#organization"},"image":{"@id":"https:\/\/www.rmcr.org\/en\/2022\/11\/05\/presentacion-de-la-biografia-luis-martinez-de-irujo-duque-de-alba-el-peso-del-nombre-en-la-real-maestranza-de-caballeria-de-ronda\/#primaryimage"},"thumbnailUrl":"https:\/\/www.rmcr.org\/wp-content\/uploads\/2023\/11\/portada-libro-el-peso-del-hombre.png","keywords":["Biblioteca","Centro de Estudios de la Nobleza","Jos\u00e9 Miguel Hern\u00e1ndez Barral","Libros"],"articleSection":["Actividad","Biblioteca","Centro de Estudios de la Nobleza","Presentaciones"],"inLanguage":"en-US","potentialAction":[{"@type":"CommentAction","name":"Comment","target":["https:\/\/www.rmcr.org\/en\/2022\/11\/05\/presentacion-de-la-biografia-luis-martinez-de-irujo-duque-de-alba-el-peso-del-nombre-en-la-real-maestranza-de-caballeria-de-ronda\/#respond"]}]},{"@type":"WebPage","@id":"https:\/\/www.rmcr.org\/en\/2022\/11\/05\/presentacion-de-la-biografia-luis-martinez-de-irujo-duque-de-alba-el-peso-del-nombre-en-la-real-maestranza-de-caballeria-de-ronda\/","url":"https:\/\/www.rmcr.org\/en\/2022\/11\/05\/presentacion-de-la-biografia-luis-martinez-de-irujo-duque-de-alba-el-peso-del-nombre-en-la-real-maestranza-de-caballeria-de-ronda\/","name":"Presentaci\u00f3n de la biograf\u00eda \u00abLuis Mart\u00ednez de Irujo. Duque de Alba. El peso del nombre\u00bb en la Real Maestranza de Caballer\u00eda de Ronda - Real Maestranza de Caballer\u00eda de Ronda","isPartOf":{"@id":"https:\/\/www.rmcr.org\/en\/#website"},"primaryImageOfPage":{"@id":"https:\/\/www.rmcr.org\/en\/2022\/11\/05\/presentacion-de-la-biografia-luis-martinez-de-irujo-duque-de-alba-el-peso-del-nombre-en-la-real-maestranza-de-caballeria-de-ronda\/#primaryimage"},"image":{"@id":"https:\/\/www.rmcr.org\/en\/2022\/11\/05\/presentacion-de-la-biografia-luis-martinez-de-irujo-duque-de-alba-el-peso-del-nombre-en-la-real-maestranza-de-caballeria-de-ronda\/#primaryimage"},"thumbnailUrl":"https:\/\/www.rmcr.org\/wp-content\/uploads\/2023\/11\/portada-libro-el-peso-del-hombre.png","datePublished":"2022-11-05T09:57:01+00:00","dateModified":"2025-04-04T07:49:33+00:00","breadcrumb":{"@id":"https:\/\/www.rmcr.org\/en\/2022\/11\/05\/presentacion-de-la-biografia-luis-martinez-de-irujo-duque-de-alba-el-peso-del-nombre-en-la-real-maestranza-de-caballeria-de-ronda\/#breadcrumb"},"inLanguage":"en-US","potentialAction":[{"@type":"ReadAction","target":["https:\/\/www.rmcr.org\/en\/2022\/11\/05\/presentacion-de-la-biografia-luis-martinez-de-irujo-duque-de-alba-el-peso-del-nombre-en-la-real-maestranza-de-caballeria-de-ronda\/"]}]},{"@type":"ImageObject","inLanguage":"en-US","@id":"https:\/\/www.rmcr.org\/en\/2022\/11\/05\/presentacion-de-la-biografia-luis-martinez-de-irujo-duque-de-alba-el-peso-del-nombre-en-la-real-maestranza-de-caballeria-de-ronda\/#primaryimage","url":"https:\/\/www.rmcr.org\/wp-content\/uploads\/2023\/11\/portada-libro-el-peso-del-hombre.png","contentUrl":"https:\/\/www.rmcr.org\/wp-content\/uploads\/2023\/11\/portada-libro-el-peso-del-hombre.png","width":600,"height":910,"caption":"Portada del Libro"},{"@type":"BreadcrumbList","@id":"https:\/\/www.rmcr.org\/en\/2022\/11\/05\/presentacion-de-la-biografia-luis-martinez-de-irujo-duque-de-alba-el-peso-del-nombre-en-la-real-maestranza-de-caballeria-de-ronda\/#breadcrumb","itemListElement":[{"@type":"ListItem","position":1,"name":"REAL MAESTRANZA DE CABALLER\u00cdA DE RONDA","item":"https:\/\/www.rmcr.org\/en\/"},{"@type":"ListItem","position":2,"name":"Presentaci\u00f3n de la biograf\u00eda \u00abLuis Mart\u00ednez de Irujo. Duque de Alba. El peso del nombre\u00bb en la Real Maestranza de Caballer\u00eda de Ronda"}]},{"@type":"WebSite","@id":"https:\/\/www.rmcr.org\/en\/#website","url":"https:\/\/www.rmcr.org\/en\/","name":"Real Maestranza de Caballer\u00eda de Ronda","description":"Real Maestranza de Caballer\u00eda de Ronda","publisher":{"@id":"https:\/\/www.rmcr.org\/en\/#organization"},"alternateName":"RMCR","potentialAction":[{"@type":"SearchAction","target":{"@type":"EntryPoint","urlTemplate":"https:\/\/www.rmcr.org\/en\/?s={search_term_string}"},"query-input":{"@type":"PropertyValueSpecification","valueRequired":true,"valueName":"search_term_string"}}],"inLanguage":"en-US"},{"@type":"Organization","@id":"https:\/\/www.rmcr.org\/en\/#organization","name":"Real Maestranza de Caballer\u00eda de Ronda","alternateName":"RMR","url":"https:\/\/www.rmcr.org\/en\/","logo":{"@type":"ImageObject","inLanguage":"en-US","@id":"https:\/\/www.rmcr.org\/en\/#\/schema\/logo\/image\/","url":"https:\/\/www.rmcr.org\/wp-content\/uploads\/2022\/07\/logo-rmr-blue.svg","contentUrl":"https:\/\/www.rmcr.org\/wp-content\/uploads\/2022\/07\/logo-rmr-blue.svg","width":131,"height":129,"caption":"Real Maestranza de Caballer\u00eda de Ronda"},"image":{"@id":"https:\/\/www.rmcr.org\/en\/#\/schema\/logo\/image\/"},"sameAs":["https:\/\/www.facebook.com\/plazadetorosronda","https:\/\/x.com\/PlazatorosRMR","https:\/\/www.instagram.com\/realmaestranzaderonda\/","https:\/\/www.youtube.com\/channel\/UCrbO5IUN-8v_QML739vM4zg\/videos"]},{"@type":"Person","@id":"https:\/\/www.rmcr.org\/en\/#\/schema\/person\/80849edee7ef556893505128619ea1d0","name":"BIBLIOTECA","image":{"@type":"ImageObject","inLanguage":"en-US","@id":"https:\/\/www.rmcr.org\/wp-content\/uploads\/2022\/11\/avatar-rmcr-96x96.png","url":"https:\/\/www.rmcr.org\/wp-content\/uploads\/2022\/11\/avatar-rmcr-96x96.png","contentUrl":"https:\/\/www.rmcr.org\/wp-content\/uploads\/2022\/11\/avatar-rmcr-96x96.png","caption":"BIBLIOTECA"},"url":"https:\/\/www.rmcr.org\/en\/author\/juan-antonio-moreno\/"}]}},"_links":{"self":[{"href":"https:\/\/www.rmcr.org\/en\/wp-json\/wp\/v2\/posts\/18953","targetHints":{"allow":["GET"]}}],"collection":[{"href":"https:\/\/www.rmcr.org\/en\/wp-json\/wp\/v2\/posts"}],"about":[{"href":"https:\/\/www.rmcr.org\/en\/wp-json\/wp\/v2\/types\/post"}],"author":[{"embeddable":true,"href":"https:\/\/www.rmcr.org\/en\/wp-json\/wp\/v2\/users\/2"}],"replies":[{"embeddable":true,"href":"https:\/\/www.rmcr.org\/en\/wp-json\/wp\/v2\/comments?post=18953"}],"version-history":[{"count":5,"href":"https:\/\/www.rmcr.org\/en\/wp-json\/wp\/v2\/posts\/18953\/revisions"}],"predecessor-version":[{"id":21513,"href":"https:\/\/www.rmcr.org\/en\/wp-json\/wp\/v2\/posts\/18953\/revisions\/21513"}],"wp:featuredmedia":[{"embeddable":true,"href":"https:\/\/www.rmcr.org\/en\/wp-json\/wp\/v2\/media\/18956"}],"wp:attachment":[{"href":"https:\/\/www.rmcr.org\/en\/wp-json\/wp\/v2\/media?parent=18953"}],"wp:term":[{"taxonomy":"category","embeddable":true,"href":"https:\/\/www.rmcr.org\/en\/wp-json\/wp\/v2\/categories?post=18953"},{"taxonomy":"post_tag","embeddable":true,"href":"https:\/\/www.rmcr.org\/en\/wp-json\/wp\/v2\/tags?post=18953"}],"curies":[{"name":"wp","href":"https:\/\/api.w.org\/{rel}","templated":true}]}}