{"id":18944,"date":"2022-11-12T09:49:11","date_gmt":"2022-11-12T09:49:11","guid":{"rendered":"https:\/\/www.rmcr.org\/?p=18944"},"modified":"2025-04-04T07:49:15","modified_gmt":"2025-04-04T07:49:15","slug":"presentacion-del-libro-luis-martinez-de-irujo-duque-de-alba-el-peso-del-nombre","status":"publish","type":"post","link":"https:\/\/www.rmcr.org\/en\/2022\/11\/12\/presentacion-del-libro-luis-martinez-de-irujo-duque-de-alba-el-peso-del-nombre\/","title":{"rendered":"Presentaci\u00f3n del libro \u00abLuis Mart\u00ednez de Irujo. Duque de Alba. El peso del nombre\u00bb"},"content":{"rendered":"\t\t<div data-elementor-type=\"wp-post\" data-elementor-id=\"18944\" class=\"elementor elementor-18944\" data-elementor-post-type=\"post\">\n\t\t\t\t\t\t<section class=\"elementor-section elementor-top-section elementor-element elementor-element-7575cbd elementor-section-boxed elementor-section-height-default elementor-section-height-default\" data-id=\"7575cbd\" data-element_type=\"section\" data-e-type=\"section\">\n\t\t\t\t\t\t<div class=\"elementor-container elementor-column-gap-default\">\n\t\t\t\t\t<div class=\"elementor-column elementor-col-100 elementor-top-column elementor-element elementor-element-d402c4b\" data-id=\"d402c4b\" data-element_type=\"column\" data-e-type=\"column\">\n\t\t\t<div class=\"elementor-widget-wrap elementor-element-populated\">\n\t\t\t\t\t\t<div class=\"elementor-element elementor-element-e50c522 elementor-widget elementor-widget-text-editor\" data-id=\"e50c522\" data-element_type=\"widget\" data-e-type=\"widget\" data-widget_type=\"text-editor.default\">\n\t\t\t\t<div class=\"elementor-widget-container\">\n\t\t\t\t\t\t\t\t\t<p>La biograf\u00eda publicada por la editorial La Esfera de los Libros rescata la figura de Luis Mart\u00ednez de Irujo (1919-1972), al cumplirse los cincuenta a\u00f1os de su muerte. Hijo de grandes de Espa\u00f1a, su futuro no auguraba una posici\u00f3n preeminente debido a que no era el primog\u00e9nito de su linaje, los Sotomayor. Sin embargo, como duque de Alba ayud\u00f3 a preservar el patrimonio de la familia a la que se vincul\u00f3 tras su matrimonio con Cayetana Fitz-James Stuart (1926-2014).<\/p><p>Su fallecimiento prematuro caus\u00f3 una gran conmoci\u00f3n, lo que explica en parte el olvido en el que cay\u00f3 su figura. A ello tambi\u00e9n contribuy\u00f3 su discreta personalidad, poco dada a figurar. No obstante, sus iniciativas desarrolladas en el \u00e1mbito del patrimonio cultural de la familia, la gesti\u00f3n de las propiedades agr\u00edcolas o la proyecci\u00f3n social de los Alba, lo convierten en una personalidad relevante para el entendimiento tanto de las elites de su \u00e9poca como la evoluci\u00f3n social del pa\u00eds.<br \/>Jos\u00e9 Miguel Hern\u00e1ndez Barral<\/p><p>Jos\u00e9 Miguel Hern\u00e1ndez Barral es doctor en Historia Contempor\u00e1nea por la Universidad Complutense de Madrid, donde ejerce como profesor en la Facultad de Ciencias Pol\u00edticas y Sociolog\u00eda. Para elaborar esta exhaustiva biograf\u00eda tuvo que bucear en la ingente documentaci\u00f3n del gran archivo familiar de los Alba.<\/p><p>El acto de presentaci\u00f3n se enmarca dentro de las actividades del Centro de Estudios de la Nobleza impulsado por la Real Maestranza, entre cuyos objetivos se encuentran la realizaci\u00f3n de acciones de formaci\u00f3n, difusi\u00f3n, fomento y promoci\u00f3n de las investigaciones cient\u00edficas en relaci\u00f3n con la nobleza, en particular, y las \u00e9lites de poder, en general, a lo largo de la historia.<\/p><div id=\"ir-ext-ui\" style=\"color: #000000; font-size: 16px; line-height: 16px; background-color: #f7f7f7; border: 1px solid #999999; border-radius: 1px; top: 1px; right: 1px;\"><div class=\"ir-ext-dimensions\"><span class=\"ir-ext-rendered\" title=\"Rendered image dimensions (after any scaling\/resizing has been applied)\"> x <\/span> <span class=\"ir-ext-natural\" title=\"Natural image dimensions (without applying any scaling\/resizing)\"> (x) <\/span><\/div><div class=\"ir-ext-filesize\">\u00a0<\/div><\/div>\t\t\t\t\t\t\t\t<\/div>\n\t\t\t\t<\/div>\n\t\t\t\t\t<\/div>\n\t\t<\/div>\n\t\t\t\t\t<\/div>\n\t\t<\/section>\n\t\t\t\t<section class=\"elementor-section elementor-top-section elementor-element elementor-element-94c183d elementor-section-boxed elementor-section-height-default elementor-section-height-default\" data-id=\"94c183d\" data-element_type=\"section\" data-e-type=\"section\">\n\t\t\t\t\t\t<div class=\"elementor-container elementor-column-gap-default\">\n\t\t\t\t\t<div class=\"elementor-column elementor-col-100 elementor-top-column elementor-element elementor-element-f5eff43\" data-id=\"f5eff43\" data-element_type=\"column\" data-e-type=\"column\">\n\t\t\t<div class=\"elementor-widget-wrap elementor-element-populated\">\n\t\t\t\t\t\t<div class=\"elementor-element elementor-element-c09e1a7 gallery-spacing-custom elementor-widget elementor-widget-image-gallery\" data-id=\"c09e1a7\" data-element_type=\"widget\" data-e-type=\"widget\" data-widget_type=\"image-gallery.default\">\n\t\t\t\t<div class=\"elementor-widget-container\">\n\t\t\t\t\t\t\t<div class=\"elementor-image-gallery\">\n\t\t\t<div id='gallery-1' class='gallery galleryid-18944 gallery-columns-2 gallery-size-large'><figure class='gallery-item'>\n\t\t\t<div class='gallery-icon landscape'>\n\t\t\t\t<a data-elementor-open-lightbox=\"yes\" data-elementor-lightbox-slideshow=\"c09e1a7\" data-elementor-lightbox-title=\"presentacion-libro-el-peso-del-hombre-01\" data-e-action-hash=\"#elementor-action%3Aaction%3Dlightbox%26settings%3DeyJpZCI6MTg5NDgsInVybCI6Imh0dHBzOlwvXC93d3cucm1jci5vcmdcL3dwLWNvbnRlbnRcL3VwbG9hZHNcLzIwMjNcLzExXC9wcmVzZW50YWNpb24tbGlicm8tZWwtcGVzby1kZWwtaG9tYnJlLTAxLnBuZyIsInNsaWRlc2hvdyI6ImMwOWUxYTcifQ%3D%3D\" href='https:\/\/www.rmcr.org\/wp-content\/uploads\/2023\/11\/presentacion-libro-el-peso-del-hombre-01.png'><img fetchpriority=\"high\" width=\"600\" height=\"400\" src=\"https:\/\/www.rmcr.org\/wp-content\/uploads\/2023\/11\/presentacion-libro-el-peso-del-hombre-01.png\" class=\"attachment-large size-large\" alt=\"Presentaci\u00f3n del Libro\" decoding=\"async\" srcset=\"https:\/\/www.rmcr.org\/wp-content\/uploads\/2023\/11\/presentacion-libro-el-peso-del-hombre-01.png 600w, https:\/\/www.rmcr.org\/wp-content\/uploads\/2023\/11\/presentacion-libro-el-peso-del-hombre-01-300x200.png 300w\" sizes=\"(max-width: 600px) 100vw, 600px\" \/><\/a>\n\t\t\t<\/div><\/figure><figure class='gallery-item'>\n\t\t\t<div class='gallery-icon landscape'>\n\t\t\t\t<a data-elementor-open-lightbox=\"yes\" data-elementor-lightbox-slideshow=\"c09e1a7\" data-elementor-lightbox-title=\"presentacion-libro-el-peso-del-hombre-02\" data-e-action-hash=\"#elementor-action%3Aaction%3Dlightbox%26settings%3DeyJpZCI6MTg5NDYsInVybCI6Imh0dHBzOlwvXC93d3cucm1jci5vcmdcL3dwLWNvbnRlbnRcL3VwbG9hZHNcLzIwMjNcLzExXC9wcmVzZW50YWNpb24tbGlicm8tZWwtcGVzby1kZWwtaG9tYnJlLTAyLnBuZyIsInNsaWRlc2hvdyI6ImMwOWUxYTcifQ%3D%3D\" href='https:\/\/www.rmcr.org\/wp-content\/uploads\/2023\/11\/presentacion-libro-el-peso-del-hombre-02.png'><img width=\"600\" height=\"400\" src=\"https:\/\/www.rmcr.org\/wp-content\/uploads\/2023\/11\/presentacion-libro-el-peso-del-hombre-02.png\" class=\"attachment-large size-large\" alt=\"Presentaci\u00f3n del Libro: El peso del hombre\" decoding=\"async\" srcset=\"https:\/\/www.rmcr.org\/wp-content\/uploads\/2023\/11\/presentacion-libro-el-peso-del-hombre-02.png 600w, https:\/\/www.rmcr.org\/wp-content\/uploads\/2023\/11\/presentacion-libro-el-peso-del-hombre-02-300x200.png 300w\" sizes=\"(max-width: 600px) 100vw, 600px\" \/><\/a>\n\t\t\t<\/div><\/figure>\n\t\t<\/div>\n\t\t<\/div>\n\t\t\t\t\t\t<\/div>\n\t\t\t\t<\/div>\n\t\t\t\t\t<\/div>\n\t\t<\/div>\n\t\t\t\t\t<\/div>\n\t\t<\/section>\n\t\t\t\t<\/div>\n\t\t","protected":false},"excerpt":{"rendered":"<p>\u00abEl acto se celebr\u00f3 el martes 15 de noviembre en el Sal\u00f3n de Grados del al Real Maestranza de Caballer\u00eda de Ronda, con una conversaci\u00f3n entre el autor de la obra, Jos\u00e9 Miguel Hern\u00e1ndez Barral, y el director general de la instituci\u00f3n, Ignacio Herrera de La Muela\u00bb<\/p>\n","protected":false},"author":2,"featured_media":18945,"comment_status":"open","ping_status":"open","sticky":false,"template":"","format":"standard","meta":{"footnotes":""},"categories":[140,811,193],"tags":[105,530,767,542,137],"class_list":["post-18944","post","type-post","status-publish","format-standard","has-post-thumbnail","hentry","category-biblioteca","category-centro-estudios-nobleza","category-presentaciones","tag-biblioteca-general","tag-centro-de-estudios-de-la-nobleza","tag-ignacio-herrera-de-la-muela","tag-jose-miguel-hernandez-barral","tag-libros"],"yoast_head":"<!-- This site is optimized with the Yoast SEO plugin v27.5 - https:\/\/yoast.com\/product\/yoast-seo-wordpress\/ -->\n<title>Presentaci\u00f3n del libro \u00abLuis Mart\u00ednez de Irujo. Duque de Alba. El peso del nombre\u00bb - Real Maestranza de Caballer\u00eda de Ronda<\/title>\n<meta name=\"robots\" content=\"index, follow, max-snippet:-1, max-image-preview:large, max-video-preview:-1\" \/>\n<link rel=\"canonical\" href=\"https:\/\/www.rmcr.org\/en\/2022\/11\/12\/presentacion-del-libro-luis-martinez-de-irujo-duque-de-alba-el-peso-del-nombre\/\" \/>\n<meta property=\"og:locale\" content=\"en_US\" \/>\n<meta property=\"og:type\" content=\"article\" \/>\n<meta property=\"og:title\" content=\"Presentaci\u00f3n del libro \u00abLuis Mart\u00ednez de Irujo. Duque de Alba. El peso del nombre\u00bb - Real Maestranza de Caballer\u00eda de Ronda\" \/>\n<meta property=\"og:description\" content=\"\u00abEl acto se celebr\u00f3 el martes 15 de noviembre en el Sal\u00f3n de Grados del al Real Maestranza de Caballer\u00eda de Ronda, con una conversaci\u00f3n entre el autor de la obra, Jos\u00e9 Miguel Hern\u00e1ndez Barral, y el director general de la instituci\u00f3n, Ignacio Herrera de La Muela\u00bb\" \/>\n<meta property=\"og:url\" content=\"https:\/\/www.rmcr.org\/en\/2022\/11\/12\/presentacion-del-libro-luis-martinez-de-irujo-duque-de-alba-el-peso-del-nombre\/\" \/>\n<meta property=\"og:site_name\" content=\"Real Maestranza de Caballer\u00eda de Ronda\" \/>\n<meta property=\"article:publisher\" content=\"https:\/\/www.facebook.com\/plazadetorosronda\" \/>\n<meta property=\"article:published_time\" content=\"2022-11-12T09:49:11+00:00\" \/>\n<meta property=\"article:modified_time\" content=\"2025-04-04T07:49:15+00:00\" \/>\n<meta property=\"og:image\" content=\"https:\/\/www.rmcr.org\/wp-content\/uploads\/2023\/11\/presentacion-libro-el-peso-del-hombre-02.png\" \/>\n\t<meta property=\"og:image:width\" content=\"600\" \/>\n\t<meta property=\"og:image:height\" content=\"400\" \/>\n\t<meta property=\"og:image:type\" content=\"image\/png\" \/>\n<meta name=\"author\" content=\"BIBLIOTECA\" \/>\n<meta name=\"twitter:card\" content=\"summary_large_image\" \/>\n<meta name=\"twitter:creator\" content=\"@PlazatorosRMR\" \/>\n<meta name=\"twitter:site\" content=\"@PlazatorosRMR\" \/>\n<meta name=\"twitter:label1\" content=\"Written by\" \/>\n\t<meta name=\"twitter:data1\" content=\"BIBLIOTECA\" \/>\n\t<meta name=\"twitter:label2\" content=\"Est. reading time\" \/>\n\t<meta name=\"twitter:data2\" content=\"2 minutes\" \/>\n<script type=\"application\/ld+json\" class=\"yoast-schema-graph\">{\"@context\":\"https:\\\/\\\/schema.org\",\"@graph\":[{\"@type\":\"Article\",\"@id\":\"https:\\\/\\\/www.rmcr.org\\\/en\\\/2022\\\/11\\\/12\\\/presentacion-del-libro-luis-martinez-de-irujo-duque-de-alba-el-peso-del-nombre\\\/#article\",\"isPartOf\":{\"@id\":\"https:\\\/\\\/www.rmcr.org\\\/en\\\/2022\\\/11\\\/12\\\/presentacion-del-libro-luis-martinez-de-irujo-duque-de-alba-el-peso-del-nombre\\\/\"},\"author\":{\"name\":\"BIBLIOTECA\",\"@id\":\"https:\\\/\\\/www.rmcr.org\\\/en\\\/#\\\/schema\\\/person\\\/80849edee7ef556893505128619ea1d0\"},\"headline\":\"Presentaci\u00f3n del libro \u00abLuis Mart\u00ednez de Irujo. Duque de Alba. El peso del nombre\u00bb\",\"datePublished\":\"2022-11-12T09:49:11+00:00\",\"dateModified\":\"2025-04-04T07:49:15+00:00\",\"mainEntityOfPage\":{\"@id\":\"https:\\\/\\\/www.rmcr.org\\\/en\\\/2022\\\/11\\\/12\\\/presentacion-del-libro-luis-martinez-de-irujo-duque-de-alba-el-peso-del-nombre\\\/\"},\"wordCount\":315,\"commentCount\":0,\"publisher\":{\"@id\":\"https:\\\/\\\/www.rmcr.org\\\/en\\\/#organization\"},\"image\":{\"@id\":\"https:\\\/\\\/www.rmcr.org\\\/en\\\/2022\\\/11\\\/12\\\/presentacion-del-libro-luis-martinez-de-irujo-duque-de-alba-el-peso-del-nombre\\\/#primaryimage\"},\"thumbnailUrl\":\"https:\\\/\\\/www.rmcr.org\\\/wp-content\\\/uploads\\\/2023\\\/11\\\/presentacion-libro-el-peso-del-hombre-02.png\",\"keywords\":[\"Biblioteca\",\"Centro de Estudios de la Nobleza\",\"Ignacio Herrera de La Muela\",\"Jos\u00e9 Miguel Hern\u00e1ndez Barral\",\"Libros\"],\"articleSection\":[\"Biblioteca\",\"Centro de Estudios de la Nobleza\",\"Presentaciones\"],\"inLanguage\":\"en-US\",\"potentialAction\":[{\"@type\":\"CommentAction\",\"name\":\"Comment\",\"target\":[\"https:\\\/\\\/www.rmcr.org\\\/en\\\/2022\\\/11\\\/12\\\/presentacion-del-libro-luis-martinez-de-irujo-duque-de-alba-el-peso-del-nombre\\\/#respond\"]}]},{\"@type\":\"WebPage\",\"@id\":\"https:\\\/\\\/www.rmcr.org\\\/en\\\/2022\\\/11\\\/12\\\/presentacion-del-libro-luis-martinez-de-irujo-duque-de-alba-el-peso-del-nombre\\\/\",\"url\":\"https:\\\/\\\/www.rmcr.org\\\/en\\\/2022\\\/11\\\/12\\\/presentacion-del-libro-luis-martinez-de-irujo-duque-de-alba-el-peso-del-nombre\\\/\",\"name\":\"Presentaci\u00f3n del libro \u00abLuis Mart\u00ednez de Irujo. Duque de Alba. El peso del nombre\u00bb - Real Maestranza de Caballer\u00eda de Ronda\",\"isPartOf\":{\"@id\":\"https:\\\/\\\/www.rmcr.org\\\/en\\\/#website\"},\"primaryImageOfPage\":{\"@id\":\"https:\\\/\\\/www.rmcr.org\\\/en\\\/2022\\\/11\\\/12\\\/presentacion-del-libro-luis-martinez-de-irujo-duque-de-alba-el-peso-del-nombre\\\/#primaryimage\"},\"image\":{\"@id\":\"https:\\\/\\\/www.rmcr.org\\\/en\\\/2022\\\/11\\\/12\\\/presentacion-del-libro-luis-martinez-de-irujo-duque-de-alba-el-peso-del-nombre\\\/#primaryimage\"},\"thumbnailUrl\":\"https:\\\/\\\/www.rmcr.org\\\/wp-content\\\/uploads\\\/2023\\\/11\\\/presentacion-libro-el-peso-del-hombre-02.png\",\"datePublished\":\"2022-11-12T09:49:11+00:00\",\"dateModified\":\"2025-04-04T07:49:15+00:00\",\"breadcrumb\":{\"@id\":\"https:\\\/\\\/www.rmcr.org\\\/en\\\/2022\\\/11\\\/12\\\/presentacion-del-libro-luis-martinez-de-irujo-duque-de-alba-el-peso-del-nombre\\\/#breadcrumb\"},\"inLanguage\":\"en-US\",\"potentialAction\":[{\"@type\":\"ReadAction\",\"target\":[\"https:\\\/\\\/www.rmcr.org\\\/en\\\/2022\\\/11\\\/12\\\/presentacion-del-libro-luis-martinez-de-irujo-duque-de-alba-el-peso-del-nombre\\\/\"]}]},{\"@type\":\"ImageObject\",\"inLanguage\":\"en-US\",\"@id\":\"https:\\\/\\\/www.rmcr.org\\\/en\\\/2022\\\/11\\\/12\\\/presentacion-del-libro-luis-martinez-de-irujo-duque-de-alba-el-peso-del-nombre\\\/#primaryimage\",\"url\":\"https:\\\/\\\/www.rmcr.org\\\/wp-content\\\/uploads\\\/2023\\\/11\\\/presentacion-libro-el-peso-del-hombre-02.png\",\"contentUrl\":\"https:\\\/\\\/www.rmcr.org\\\/wp-content\\\/uploads\\\/2023\\\/11\\\/presentacion-libro-el-peso-del-hombre-02.png\",\"width\":600,\"height\":400,\"caption\":\"Presentaci\u00f3n del Libro: El peso del hombre\"},{\"@type\":\"BreadcrumbList\",\"@id\":\"https:\\\/\\\/www.rmcr.org\\\/en\\\/2022\\\/11\\\/12\\\/presentacion-del-libro-luis-martinez-de-irujo-duque-de-alba-el-peso-del-nombre\\\/#breadcrumb\",\"itemListElement\":[{\"@type\":\"ListItem\",\"position\":1,\"name\":\"REAL MAESTRANZA DE CABALLER\u00cdA DE RONDA\",\"item\":\"https:\\\/\\\/www.rmcr.org\\\/en\\\/\"},{\"@type\":\"ListItem\",\"position\":2,\"name\":\"Presentaci\u00f3n del libro \u00abLuis Mart\u00ednez de Irujo. Duque de Alba. El peso del nombre\u00bb\"}]},{\"@type\":\"WebSite\",\"@id\":\"https:\\\/\\\/www.rmcr.org\\\/en\\\/#website\",\"url\":\"https:\\\/\\\/www.rmcr.org\\\/en\\\/\",\"name\":\"Real Maestranza de Caballer\u00eda de Ronda\",\"description\":\"Real Maestranza de Caballer\u00eda de Ronda\",\"publisher\":{\"@id\":\"https:\\\/\\\/www.rmcr.org\\\/en\\\/#organization\"},\"alternateName\":\"RMCR\",\"potentialAction\":[{\"@type\":\"SearchAction\",\"target\":{\"@type\":\"EntryPoint\",\"urlTemplate\":\"https:\\\/\\\/www.rmcr.org\\\/en\\\/?s={search_term_string}\"},\"query-input\":{\"@type\":\"PropertyValueSpecification\",\"valueRequired\":true,\"valueName\":\"search_term_string\"}}],\"inLanguage\":\"en-US\"},{\"@type\":\"Organization\",\"@id\":\"https:\\\/\\\/www.rmcr.org\\\/en\\\/#organization\",\"name\":\"Real Maestranza de Caballer\u00eda de Ronda\",\"alternateName\":\"RMR\",\"url\":\"https:\\\/\\\/www.rmcr.org\\\/en\\\/\",\"logo\":{\"@type\":\"ImageObject\",\"inLanguage\":\"en-US\",\"@id\":\"https:\\\/\\\/www.rmcr.org\\\/en\\\/#\\\/schema\\\/logo\\\/image\\\/\",\"url\":\"https:\\\/\\\/www.rmcr.org\\\/wp-content\\\/uploads\\\/2022\\\/07\\\/logo-rmr-blue.svg\",\"contentUrl\":\"https:\\\/\\\/www.rmcr.org\\\/wp-content\\\/uploads\\\/2022\\\/07\\\/logo-rmr-blue.svg\",\"width\":131,\"height\":129,\"caption\":\"Real Maestranza de Caballer\u00eda de Ronda\"},\"image\":{\"@id\":\"https:\\\/\\\/www.rmcr.org\\\/en\\\/#\\\/schema\\\/logo\\\/image\\\/\"},\"sameAs\":[\"https:\\\/\\\/www.facebook.com\\\/plazadetorosronda\",\"https:\\\/\\\/x.com\\\/PlazatorosRMR\",\"https:\\\/\\\/www.instagram.com\\\/realmaestranzaderonda\\\/\",\"https:\\\/\\\/www.youtube.com\\\/channel\\\/UCrbO5IUN-8v_QML739vM4zg\\\/videos\"]},{\"@type\":\"Person\",\"@id\":\"https:\\\/\\\/www.rmcr.org\\\/en\\\/#\\\/schema\\\/person\\\/80849edee7ef556893505128619ea1d0\",\"name\":\"BIBLIOTECA\",\"image\":{\"@type\":\"ImageObject\",\"inLanguage\":\"en-US\",\"@id\":\"https:\\\/\\\/www.rmcr.org\\\/wp-content\\\/uploads\\\/2022\\\/11\\\/avatar-rmcr-96x96.png\",\"url\":\"https:\\\/\\\/www.rmcr.org\\\/wp-content\\\/uploads\\\/2022\\\/11\\\/avatar-rmcr-96x96.png\",\"contentUrl\":\"https:\\\/\\\/www.rmcr.org\\\/wp-content\\\/uploads\\\/2022\\\/11\\\/avatar-rmcr-96x96.png\",\"caption\":\"BIBLIOTECA\"},\"url\":\"https:\\\/\\\/www.rmcr.org\\\/en\\\/author\\\/juan-antonio-moreno\\\/\"}]}<\/script>\n<!-- \/ Yoast SEO plugin. -->","yoast_head_json":{"title":"Presentaci\u00f3n del libro \u00abLuis Mart\u00ednez de Irujo. Duque de Alba. El peso del nombre\u00bb - Real Maestranza de Caballer\u00eda de Ronda","robots":{"index":"index","follow":"follow","max-snippet":"max-snippet:-1","max-image-preview":"max-image-preview:large","max-video-preview":"max-video-preview:-1"},"canonical":"https:\/\/www.rmcr.org\/en\/2022\/11\/12\/presentacion-del-libro-luis-martinez-de-irujo-duque-de-alba-el-peso-del-nombre\/","og_locale":"en_US","og_type":"article","og_title":"Presentaci\u00f3n del libro \u00abLuis Mart\u00ednez de Irujo. Duque de Alba. El peso del nombre\u00bb - Real Maestranza de Caballer\u00eda de Ronda","og_description":"\u00abEl acto se celebr\u00f3 el martes 15 de noviembre en el Sal\u00f3n de Grados del al Real Maestranza de Caballer\u00eda de Ronda, con una conversaci\u00f3n entre el autor de la obra, Jos\u00e9 Miguel Hern\u00e1ndez Barral, y el director general de la instituci\u00f3n, Ignacio Herrera de La Muela\u00bb","og_url":"https:\/\/www.rmcr.org\/en\/2022\/11\/12\/presentacion-del-libro-luis-martinez-de-irujo-duque-de-alba-el-peso-del-nombre\/","og_site_name":"Real Maestranza de Caballer\u00eda de Ronda","article_publisher":"https:\/\/www.facebook.com\/plazadetorosronda","article_published_time":"2022-11-12T09:49:11+00:00","article_modified_time":"2025-04-04T07:49:15+00:00","og_image":[{"width":600,"height":400,"url":"https:\/\/www.rmcr.org\/wp-content\/uploads\/2023\/11\/presentacion-libro-el-peso-del-hombre-02.png","type":"image\/png"}],"author":"BIBLIOTECA","twitter_card":"summary_large_image","twitter_creator":"@PlazatorosRMR","twitter_site":"@PlazatorosRMR","twitter_misc":{"Written by":"BIBLIOTECA","Est. reading time":"2 minutes"},"schema":{"@context":"https:\/\/schema.org","@graph":[{"@type":"Article","@id":"https:\/\/www.rmcr.org\/en\/2022\/11\/12\/presentacion-del-libro-luis-martinez-de-irujo-duque-de-alba-el-peso-del-nombre\/#article","isPartOf":{"@id":"https:\/\/www.rmcr.org\/en\/2022\/11\/12\/presentacion-del-libro-luis-martinez-de-irujo-duque-de-alba-el-peso-del-nombre\/"},"author":{"name":"BIBLIOTECA","@id":"https:\/\/www.rmcr.org\/en\/#\/schema\/person\/80849edee7ef556893505128619ea1d0"},"headline":"Presentaci\u00f3n del libro \u00abLuis Mart\u00ednez de Irujo. Duque de Alba. El peso del nombre\u00bb","datePublished":"2022-11-12T09:49:11+00:00","dateModified":"2025-04-04T07:49:15+00:00","mainEntityOfPage":{"@id":"https:\/\/www.rmcr.org\/en\/2022\/11\/12\/presentacion-del-libro-luis-martinez-de-irujo-duque-de-alba-el-peso-del-nombre\/"},"wordCount":315,"commentCount":0,"publisher":{"@id":"https:\/\/www.rmcr.org\/en\/#organization"},"image":{"@id":"https:\/\/www.rmcr.org\/en\/2022\/11\/12\/presentacion-del-libro-luis-martinez-de-irujo-duque-de-alba-el-peso-del-nombre\/#primaryimage"},"thumbnailUrl":"https:\/\/www.rmcr.org\/wp-content\/uploads\/2023\/11\/presentacion-libro-el-peso-del-hombre-02.png","keywords":["Biblioteca","Centro de Estudios de la Nobleza","Ignacio Herrera de La Muela","Jos\u00e9 Miguel Hern\u00e1ndez Barral","Libros"],"articleSection":["Biblioteca","Centro de Estudios de la Nobleza","Presentaciones"],"inLanguage":"en-US","potentialAction":[{"@type":"CommentAction","name":"Comment","target":["https:\/\/www.rmcr.org\/en\/2022\/11\/12\/presentacion-del-libro-luis-martinez-de-irujo-duque-de-alba-el-peso-del-nombre\/#respond"]}]},{"@type":"WebPage","@id":"https:\/\/www.rmcr.org\/en\/2022\/11\/12\/presentacion-del-libro-luis-martinez-de-irujo-duque-de-alba-el-peso-del-nombre\/","url":"https:\/\/www.rmcr.org\/en\/2022\/11\/12\/presentacion-del-libro-luis-martinez-de-irujo-duque-de-alba-el-peso-del-nombre\/","name":"Presentaci\u00f3n del libro \u00abLuis Mart\u00ednez de Irujo. Duque de Alba. El peso del nombre\u00bb - Real Maestranza de Caballer\u00eda de Ronda","isPartOf":{"@id":"https:\/\/www.rmcr.org\/en\/#website"},"primaryImageOfPage":{"@id":"https:\/\/www.rmcr.org\/en\/2022\/11\/12\/presentacion-del-libro-luis-martinez-de-irujo-duque-de-alba-el-peso-del-nombre\/#primaryimage"},"image":{"@id":"https:\/\/www.rmcr.org\/en\/2022\/11\/12\/presentacion-del-libro-luis-martinez-de-irujo-duque-de-alba-el-peso-del-nombre\/#primaryimage"},"thumbnailUrl":"https:\/\/www.rmcr.org\/wp-content\/uploads\/2023\/11\/presentacion-libro-el-peso-del-hombre-02.png","datePublished":"2022-11-12T09:49:11+00:00","dateModified":"2025-04-04T07:49:15+00:00","breadcrumb":{"@id":"https:\/\/www.rmcr.org\/en\/2022\/11\/12\/presentacion-del-libro-luis-martinez-de-irujo-duque-de-alba-el-peso-del-nombre\/#breadcrumb"},"inLanguage":"en-US","potentialAction":[{"@type":"ReadAction","target":["https:\/\/www.rmcr.org\/en\/2022\/11\/12\/presentacion-del-libro-luis-martinez-de-irujo-duque-de-alba-el-peso-del-nombre\/"]}]},{"@type":"ImageObject","inLanguage":"en-US","@id":"https:\/\/www.rmcr.org\/en\/2022\/11\/12\/presentacion-del-libro-luis-martinez-de-irujo-duque-de-alba-el-peso-del-nombre\/#primaryimage","url":"https:\/\/www.rmcr.org\/wp-content\/uploads\/2023\/11\/presentacion-libro-el-peso-del-hombre-02.png","contentUrl":"https:\/\/www.rmcr.org\/wp-content\/uploads\/2023\/11\/presentacion-libro-el-peso-del-hombre-02.png","width":600,"height":400,"caption":"Presentaci\u00f3n del Libro: El peso del hombre"},{"@type":"BreadcrumbList","@id":"https:\/\/www.rmcr.org\/en\/2022\/11\/12\/presentacion-del-libro-luis-martinez-de-irujo-duque-de-alba-el-peso-del-nombre\/#breadcrumb","itemListElement":[{"@type":"ListItem","position":1,"name":"REAL MAESTRANZA DE CABALLER\u00cdA DE RONDA","item":"https:\/\/www.rmcr.org\/en\/"},{"@type":"ListItem","position":2,"name":"Presentaci\u00f3n del libro \u00abLuis Mart\u00ednez de Irujo. Duque de Alba. El peso del nombre\u00bb"}]},{"@type":"WebSite","@id":"https:\/\/www.rmcr.org\/en\/#website","url":"https:\/\/www.rmcr.org\/en\/","name":"Real Maestranza de Caballer\u00eda de Ronda","description":"Real Maestranza de Caballer\u00eda de Ronda","publisher":{"@id":"https:\/\/www.rmcr.org\/en\/#organization"},"alternateName":"RMCR","potentialAction":[{"@type":"SearchAction","target":{"@type":"EntryPoint","urlTemplate":"https:\/\/www.rmcr.org\/en\/?s={search_term_string}"},"query-input":{"@type":"PropertyValueSpecification","valueRequired":true,"valueName":"search_term_string"}}],"inLanguage":"en-US"},{"@type":"Organization","@id":"https:\/\/www.rmcr.org\/en\/#organization","name":"Real Maestranza de Caballer\u00eda de Ronda","alternateName":"RMR","url":"https:\/\/www.rmcr.org\/en\/","logo":{"@type":"ImageObject","inLanguage":"en-US","@id":"https:\/\/www.rmcr.org\/en\/#\/schema\/logo\/image\/","url":"https:\/\/www.rmcr.org\/wp-content\/uploads\/2022\/07\/logo-rmr-blue.svg","contentUrl":"https:\/\/www.rmcr.org\/wp-content\/uploads\/2022\/07\/logo-rmr-blue.svg","width":131,"height":129,"caption":"Real Maestranza de Caballer\u00eda de Ronda"},"image":{"@id":"https:\/\/www.rmcr.org\/en\/#\/schema\/logo\/image\/"},"sameAs":["https:\/\/www.facebook.com\/plazadetorosronda","https:\/\/x.com\/PlazatorosRMR","https:\/\/www.instagram.com\/realmaestranzaderonda\/","https:\/\/www.youtube.com\/channel\/UCrbO5IUN-8v_QML739vM4zg\/videos"]},{"@type":"Person","@id":"https:\/\/www.rmcr.org\/en\/#\/schema\/person\/80849edee7ef556893505128619ea1d0","name":"BIBLIOTECA","image":{"@type":"ImageObject","inLanguage":"en-US","@id":"https:\/\/www.rmcr.org\/wp-content\/uploads\/2022\/11\/avatar-rmcr-96x96.png","url":"https:\/\/www.rmcr.org\/wp-content\/uploads\/2022\/11\/avatar-rmcr-96x96.png","contentUrl":"https:\/\/www.rmcr.org\/wp-content\/uploads\/2022\/11\/avatar-rmcr-96x96.png","caption":"BIBLIOTECA"},"url":"https:\/\/www.rmcr.org\/en\/author\/juan-antonio-moreno\/"}]}},"_links":{"self":[{"href":"https:\/\/www.rmcr.org\/en\/wp-json\/wp\/v2\/posts\/18944","targetHints":{"allow":["GET"]}}],"collection":[{"href":"https:\/\/www.rmcr.org\/en\/wp-json\/wp\/v2\/posts"}],"about":[{"href":"https:\/\/www.rmcr.org\/en\/wp-json\/wp\/v2\/types\/post"}],"author":[{"embeddable":true,"href":"https:\/\/www.rmcr.org\/en\/wp-json\/wp\/v2\/users\/2"}],"replies":[{"embeddable":true,"href":"https:\/\/www.rmcr.org\/en\/wp-json\/wp\/v2\/comments?post=18944"}],"version-history":[{"count":5,"href":"https:\/\/www.rmcr.org\/en\/wp-json\/wp\/v2\/posts\/18944\/revisions"}],"predecessor-version":[{"id":20664,"href":"https:\/\/www.rmcr.org\/en\/wp-json\/wp\/v2\/posts\/18944\/revisions\/20664"}],"wp:featuredmedia":[{"embeddable":true,"href":"https:\/\/www.rmcr.org\/en\/wp-json\/wp\/v2\/media\/18945"}],"wp:attachment":[{"href":"https:\/\/www.rmcr.org\/en\/wp-json\/wp\/v2\/media?parent=18944"}],"wp:term":[{"taxonomy":"category","embeddable":true,"href":"https:\/\/www.rmcr.org\/en\/wp-json\/wp\/v2\/categories?post=18944"},{"taxonomy":"post_tag","embeddable":true,"href":"https:\/\/www.rmcr.org\/en\/wp-json\/wp\/v2\/tags?post=18944"}],"curies":[{"name":"wp","href":"https:\/\/api.w.org\/{rel}","templated":true}]}}