{"id":18930,"date":"2022-11-23T09:41:14","date_gmt":"2022-11-23T09:41:14","guid":{"rendered":"https:\/\/www.rmcr.org\/?p=18930"},"modified":"2025-04-04T08:29:42","modified_gmt":"2025-04-04T08:29:42","slug":"celebrado-el-congreso-internacional-de-geografia-de-la-serrania-de-ronda","status":"publish","type":"post","link":"https:\/\/www.rmcr.org\/en\/2022\/11\/23\/celebrado-el-congreso-internacional-de-geografia-de-la-serrania-de-ronda\/","title":{"rendered":"Celebrado el Congreso Internacional de Geograf\u00eda de la Serran\u00eda de Ronda"},"content":{"rendered":"\t\t<div data-elementor-type=\"wp-post\" data-elementor-id=\"18930\" class=\"elementor elementor-18930\" data-elementor-post-type=\"post\">\n\t\t\t\t\t\t<section class=\"elementor-section elementor-top-section elementor-element elementor-element-a3fce0a elementor-section-boxed elementor-section-height-default elementor-section-height-default\" data-id=\"a3fce0a\" data-element_type=\"section\" data-e-type=\"section\">\n\t\t\t\t\t\t<div class=\"elementor-container elementor-column-gap-default\">\n\t\t\t\t\t<div class=\"elementor-column elementor-col-100 elementor-top-column elementor-element elementor-element-ca25bd2\" data-id=\"ca25bd2\" data-element_type=\"column\" data-e-type=\"column\">\n\t\t\t<div class=\"elementor-widget-wrap elementor-element-populated\">\n\t\t\t\t\t\t<div class=\"elementor-element elementor-element-db7a08b elementor-widget elementor-widget-text-editor\" data-id=\"db7a08b\" data-element_type=\"widget\" data-e-type=\"widget\" data-widget_type=\"text-editor.default\">\n\t\t\t\t<div class=\"elementor-widget-container\">\n\t\t\t\t\t\t\t\t\t<p>Territorio, paisaje, medio ambiente e identidad han sido los grandes ejes, desarrollados por especialistas de las universidades de M\u00e1laga, Granada y Sevilla, con intervenciones puntuales de las de C\u00f3rdoba, Pa\u00eds Vasco, Castilla La Mancha, Manchester, Dresden y Tetu\u00e1n, adem\u00e1s de una interesante y variada serie de comunicaciones por parte de investigadores y agentes locales.<\/p><p><strong>Actas del III Congreso<\/strong><\/p><p>El congreso ha logrado reunir los \u00faltimos resultados de la investigaci\u00f3n geogr\u00e1fica en torno a la Serran\u00eda de Ronda desde muy diversos puntos de vista: clim\u00e1tico, bioclim\u00e1tico, biogeogr\u00e1fico, edafol\u00f3gico, paleoecol\u00f3gico, paisaj\u00edstico, topon\u00edmico, hist\u00f3rico, literario, econ\u00f3mico o poblacional.<\/p><p>As\u00ed mismo se present\u00f3 la publicaci\u00f3n de las Actas del III Congreso de Historia de la Serran\u00eda de Ronda, y se dio lectura al Manifiesto &#8220;Serran\u00eda de Ronda Existe&#8221;. El congreso cont\u00f3 adem\u00e1s con una salida de campo al Parque Nacional de la Sierra de las Nieves y Alto Valle del Genal. El domingo tuvo como colof\u00f3n la entrega de los II Premios Paisaje Serrano, tutelados por la Asociaci\u00f3n Espa\u00f1ola de Geograf\u00eda, con la colaboraci\u00f3n de Unicaja Banco.<\/p><p><strong>Retos de una comarca<\/strong><\/p><p>En definitiva, este congreso ha sido un foro de an\u00e1lisis y diagn\u00f3stico ante los retos de una comarca de indudable atractivo monumental, paisaj\u00edstico y espiritual de la ciudad de Ronda, la Serran\u00eda en su conjunto se enfrenta en nuestros d\u00edas a una serie de procesos de despoblaci\u00f3n, crisis de la agricultura tradicional y la desaparici\u00f3n de usos forestales, que se contraponen a nuevas potencialidades como el tur\u00edstico, los nuevos cultivos, la agroindustria y los propiciados por las figuras de protecci\u00f3n ambiental.<\/p><p>Sin duda, este compendio de investigaciones y experiencias supondr\u00e1 un antes y un despu\u00e9s en el conocimiento de este extenso conjunto de sierras denominado Serran\u00eda de Ronda, que abarca parte de las provincias de C\u00e1diz, M\u00e1laga y Sevilla.<\/p><p><strong>Para m\u00e1s informaci\u00f3n<\/strong><\/p><p><a href=\"https:\/\/iers.squarespace.com\/congreso-geografia\" target=\"_blank\" rel=\"noopener\">Congreso Internacional de Geograf\u00eda de la Serran\u00eda de Ronda<\/a><\/p><div id=\"ir-ext-ui\" style=\"color: #000000; font-size: 16px; line-height: 16px; background-color: #f7f7f7; border: 1px solid #999999; border-radius: 1px; top: 1px; right: 1px;\"><div class=\"ir-ext-dimensions\"><span class=\"ir-ext-rendered\" title=\"Rendered image dimensions (after any scaling\/resizing has been applied)\"> x <\/span> <span class=\"ir-ext-natural\" title=\"Natural image dimensions (without applying any scaling\/resizing)\"> (x) <\/span><\/div><div class=\"ir-ext-filesize\">\u00a0<\/div><\/div>\t\t\t\t\t\t\t\t<\/div>\n\t\t\t\t<\/div>\n\t\t\t\t\t<\/div>\n\t\t<\/div>\n\t\t\t\t\t<\/div>\n\t\t<\/section>\n\t\t\t\t<section class=\"elementor-section elementor-top-section elementor-element elementor-element-95af28a elementor-section-boxed elementor-section-height-default elementor-section-height-default\" data-id=\"95af28a\" data-element_type=\"section\" data-e-type=\"section\">\n\t\t\t\t\t\t<div class=\"elementor-container elementor-column-gap-default\">\n\t\t\t\t\t<div class=\"elementor-column elementor-col-100 elementor-top-column elementor-element elementor-element-759edb7\" data-id=\"759edb7\" data-element_type=\"column\" data-e-type=\"column\">\n\t\t\t<div class=\"elementor-widget-wrap elementor-element-populated\">\n\t\t\t\t\t\t<div class=\"elementor-element elementor-element-ed35536 gallery-spacing-custom elementor-widget elementor-widget-image-gallery\" data-id=\"ed35536\" data-element_type=\"widget\" data-e-type=\"widget\" data-widget_type=\"image-gallery.default\">\n\t\t\t\t<div class=\"elementor-widget-container\">\n\t\t\t\t\t\t\t<div class=\"elementor-image-gallery\">\n\t\t\t<div id='gallery-1' class='gallery galleryid-18930 gallery-columns-3 gallery-size-large'><figure class='gallery-item'>\n\t\t\t<div class='gallery-icon landscape'>\n\t\t\t\t<a data-elementor-open-lightbox=\"yes\" data-elementor-lightbox-slideshow=\"ed35536\" data-elementor-lightbox-title=\"congreso-internacional-geografia-2022-01\" data-e-action-hash=\"#elementor-action%3Aaction%3Dlightbox%26settings%3DeyJpZCI6MTg5MzgsInVybCI6Imh0dHBzOlwvXC93d3cucm1jci5vcmdcL3dwLWNvbnRlbnRcL3VwbG9hZHNcLzIwMjNcLzExXC9jb25ncmVzby1pbnRlcm5hY2lvbmFsLWdlb2dyYWZpYS0yMDIyLTAxLnBuZyIsInNsaWRlc2hvdyI6ImVkMzU1MzYifQ%3D%3D\" href='https:\/\/www.rmcr.org\/wp-content\/uploads\/2023\/11\/congreso-internacional-geografia-2022-01.png'><img fetchpriority=\"high\" width=\"600\" height=\"400\" src=\"https:\/\/www.rmcr.org\/wp-content\/uploads\/2023\/11\/congreso-internacional-geografia-2022-01.png\" class=\"attachment-large size-large\" alt=\"Congreso Internacional de Geograf\u00eda 2022\" decoding=\"async\" srcset=\"https:\/\/www.rmcr.org\/wp-content\/uploads\/2023\/11\/congreso-internacional-geografia-2022-01.png 600w, https:\/\/www.rmcr.org\/wp-content\/uploads\/2023\/11\/congreso-internacional-geografia-2022-01-300x200.png 300w\" sizes=\"(max-width: 600px) 100vw, 600px\" \/><\/a>\n\t\t\t<\/div><\/figure><figure class='gallery-item'>\n\t\t\t<div class='gallery-icon landscape'>\n\t\t\t\t<a data-elementor-open-lightbox=\"yes\" data-elementor-lightbox-slideshow=\"ed35536\" data-elementor-lightbox-title=\"congreso-internacional-geografia-2022-02\" data-e-action-hash=\"#elementor-action%3Aaction%3Dlightbox%26settings%3DeyJpZCI6MTg5MzYsInVybCI6Imh0dHBzOlwvXC93d3cucm1jci5vcmdcL3dwLWNvbnRlbnRcL3VwbG9hZHNcLzIwMjNcLzExXC9jb25ncmVzby1pbnRlcm5hY2lvbmFsLWdlb2dyYWZpYS0yMDIyLTAyLnBuZyIsInNsaWRlc2hvdyI6ImVkMzU1MzYifQ%3D%3D\" href='https:\/\/www.rmcr.org\/wp-content\/uploads\/2023\/11\/congreso-internacional-geografia-2022-02.png'><img width=\"600\" height=\"400\" src=\"https:\/\/www.rmcr.org\/wp-content\/uploads\/2023\/11\/congreso-internacional-geografia-2022-02.png\" class=\"attachment-large size-large\" alt=\"Congreso Internacional de Geograf\u00eda 2022\" decoding=\"async\" srcset=\"https:\/\/www.rmcr.org\/wp-content\/uploads\/2023\/11\/congreso-internacional-geografia-2022-02.png 600w, https:\/\/www.rmcr.org\/wp-content\/uploads\/2023\/11\/congreso-internacional-geografia-2022-02-300x200.png 300w\" sizes=\"(max-width: 600px) 100vw, 600px\" \/><\/a>\n\t\t\t<\/div><\/figure><figure class='gallery-item'>\n\t\t\t<div class='gallery-icon landscape'>\n\t\t\t\t<a data-elementor-open-lightbox=\"yes\" data-elementor-lightbox-slideshow=\"ed35536\" data-elementor-lightbox-title=\"congreso-internacional-geografia-2022-03\" data-e-action-hash=\"#elementor-action%3Aaction%3Dlightbox%26settings%3DeyJpZCI6MTg5MzQsInVybCI6Imh0dHBzOlwvXC93d3cucm1jci5vcmdcL3dwLWNvbnRlbnRcL3VwbG9hZHNcLzIwMjNcLzExXC9jb25ncmVzby1pbnRlcm5hY2lvbmFsLWdlb2dyYWZpYS0yMDIyLTAzLnBuZyIsInNsaWRlc2hvdyI6ImVkMzU1MzYifQ%3D%3D\" href='https:\/\/www.rmcr.org\/wp-content\/uploads\/2023\/11\/congreso-internacional-geografia-2022-03.png'><img width=\"640\" height=\"427\" src=\"https:\/\/www.rmcr.org\/wp-content\/uploads\/2023\/11\/congreso-internacional-geografia-2022-03.png\" class=\"attachment-large size-large\" alt=\"Congreso Internacional de Geograf\u00eda 2022\" decoding=\"async\" srcset=\"https:\/\/www.rmcr.org\/wp-content\/uploads\/2023\/11\/congreso-internacional-geografia-2022-03.png 640w, https:\/\/www.rmcr.org\/wp-content\/uploads\/2023\/11\/congreso-internacional-geografia-2022-03-300x200.png 300w\" sizes=\"(max-width: 640px) 100vw, 640px\" \/><\/a>\n\t\t\t<\/div><\/figure>\n\t\t<\/div>\n\t\t<\/div>\n\t\t\t\t\t\t<\/div>\n\t\t\t\t<\/div>\n\t\t\t\t\t<\/div>\n\t\t<\/div>\n\t\t\t\t\t<\/div>\n\t\t<\/section>\n\t\t\t\t<\/div>\n\t\t","protected":false},"excerpt":{"rendered":"<p>Durante los d\u00edas 17, 18, 19 y 20 de noviembre se ha celebrado un Congreso Internacional de Geograf\u00eda, organizado por el Instituto de Estudios de Ronda y la Serran\u00eda (I.E.R.S.) bajo los auspicios de la Real Maestranza de Caballer\u00eda de Ronda, en cuya sede se han celebrado las sesiones y ha reunido a un centenar de inscritos. <\/p>\n","protected":false},"author":4,"featured_media":18937,"comment_status":"open","ping_status":"open","sticky":false,"template":"","format":"standard","meta":{"footnotes":""},"categories":[200,655],"tags":[706,525,734,656,98],"class_list":["post-18930","post","type-post","status-publish","format-standard","has-post-thumbnail","hentry","category-actividad","category-congresos","tag-congresos","tag-geografia","tag-instituto-de-estudios-de-ronda-y-la-serrania","tag-internacional","tag-real-maestranza-de-caballeria-de-ronda"],"yoast_head":"<!-- This site is optimized with the Yoast SEO plugin v27.5 - https:\/\/yoast.com\/product\/yoast-seo-wordpress\/ -->\n<title>Celebrado el Congreso Internacional de Geograf\u00eda de la Serran\u00eda de Ronda - Real Maestranza de Caballer\u00eda de Ronda<\/title>\n<meta name=\"robots\" content=\"index, follow, max-snippet:-1, max-image-preview:large, max-video-preview:-1\" \/>\n<link rel=\"canonical\" href=\"https:\/\/www.rmcr.org\/en\/2022\/11\/23\/celebrado-el-congreso-internacional-de-geografia-de-la-serrania-de-ronda\/\" \/>\n<meta property=\"og:locale\" content=\"en_US\" \/>\n<meta property=\"og:type\" content=\"article\" \/>\n<meta property=\"og:title\" content=\"Celebrado el Congreso Internacional de Geograf\u00eda de la Serran\u00eda de Ronda - Real Maestranza de Caballer\u00eda de Ronda\" \/>\n<meta property=\"og:description\" content=\"Durante los d\u00edas 17, 18, 19 y 20 de noviembre se ha celebrado un Congreso Internacional de Geograf\u00eda, organizado por el Instituto de Estudios de Ronda y la Serran\u00eda (I.E.R.S.) bajo los auspicios de la Real Maestranza de Caballer\u00eda de Ronda, en cuya sede se han celebrado las sesiones y ha reunido a un centenar de inscritos.\" \/>\n<meta property=\"og:url\" content=\"https:\/\/www.rmcr.org\/en\/2022\/11\/23\/celebrado-el-congreso-internacional-de-geografia-de-la-serrania-de-ronda\/\" \/>\n<meta property=\"og:site_name\" content=\"Real Maestranza de Caballer\u00eda de Ronda\" \/>\n<meta property=\"article:publisher\" content=\"https:\/\/www.facebook.com\/plazadetorosronda\" \/>\n<meta property=\"article:published_time\" content=\"2022-11-23T09:41:14+00:00\" \/>\n<meta property=\"article:modified_time\" content=\"2025-04-04T08:29:42+00:00\" \/>\n<meta property=\"og:image\" content=\"https:\/\/www.rmcr.org\/wp-content\/uploads\/2023\/11\/congreso-internacional-geografia-2022-01.png\" \/>\n\t<meta property=\"og:image:width\" content=\"600\" \/>\n\t<meta property=\"og:image:height\" content=\"400\" \/>\n\t<meta property=\"og:image:type\" content=\"image\/png\" \/>\n<meta name=\"author\" content=\"ACTIVIDAD\" \/>\n<meta name=\"twitter:card\" content=\"summary_large_image\" \/>\n<meta name=\"twitter:creator\" content=\"@PlazatorosRMR\" \/>\n<meta name=\"twitter:site\" content=\"@PlazatorosRMR\" \/>\n<meta name=\"twitter:label1\" content=\"Written by\" \/>\n\t<meta name=\"twitter:data1\" content=\"ACTIVIDAD\" \/>\n\t<meta name=\"twitter:label2\" content=\"Est. reading time\" \/>\n\t<meta name=\"twitter:data2\" content=\"3 minutes\" \/>\n<script type=\"application\/ld+json\" class=\"yoast-schema-graph\">{\"@context\":\"https:\\\/\\\/schema.org\",\"@graph\":[{\"@type\":\"Article\",\"@id\":\"https:\\\/\\\/www.rmcr.org\\\/en\\\/2022\\\/11\\\/23\\\/celebrado-el-congreso-internacional-de-geografia-de-la-serrania-de-ronda\\\/#article\",\"isPartOf\":{\"@id\":\"https:\\\/\\\/www.rmcr.org\\\/en\\\/2022\\\/11\\\/23\\\/celebrado-el-congreso-internacional-de-geografia-de-la-serrania-de-ronda\\\/\"},\"author\":{\"name\":\"ACTIVIDAD\",\"@id\":\"https:\\\/\\\/www.rmcr.org\\\/en\\\/#\\\/schema\\\/person\\\/826ea4b159de99b4731c8f519477737b\"},\"headline\":\"Celebrado el Congreso Internacional de Geograf\u00eda de la Serran\u00eda de Ronda\",\"datePublished\":\"2022-11-23T09:41:14+00:00\",\"dateModified\":\"2025-04-04T08:29:42+00:00\",\"mainEntityOfPage\":{\"@id\":\"https:\\\/\\\/www.rmcr.org\\\/en\\\/2022\\\/11\\\/23\\\/celebrado-el-congreso-internacional-de-geografia-de-la-serrania-de-ronda\\\/\"},\"wordCount\":366,\"commentCount\":0,\"publisher\":{\"@id\":\"https:\\\/\\\/www.rmcr.org\\\/en\\\/#organization\"},\"image\":{\"@id\":\"https:\\\/\\\/www.rmcr.org\\\/en\\\/2022\\\/11\\\/23\\\/celebrado-el-congreso-internacional-de-geografia-de-la-serrania-de-ronda\\\/#primaryimage\"},\"thumbnailUrl\":\"https:\\\/\\\/www.rmcr.org\\\/wp-content\\\/uploads\\\/2023\\\/11\\\/congreso-internacional-geografia-2022-01.png\",\"keywords\":[\"Congresos\",\"Geograf\u00eda\",\"Instituto de Estudios de Ronda y la Serran\u00eda\",\"Internacional\",\"Real Maestranza de Caballer\u00eda de Ronda\"],\"articleSection\":[\"Actividad\",\"Congresos\"],\"inLanguage\":\"en-US\",\"potentialAction\":[{\"@type\":\"CommentAction\",\"name\":\"Comment\",\"target\":[\"https:\\\/\\\/www.rmcr.org\\\/en\\\/2022\\\/11\\\/23\\\/celebrado-el-congreso-internacional-de-geografia-de-la-serrania-de-ronda\\\/#respond\"]}]},{\"@type\":\"WebPage\",\"@id\":\"https:\\\/\\\/www.rmcr.org\\\/en\\\/2022\\\/11\\\/23\\\/celebrado-el-congreso-internacional-de-geografia-de-la-serrania-de-ronda\\\/\",\"url\":\"https:\\\/\\\/www.rmcr.org\\\/en\\\/2022\\\/11\\\/23\\\/celebrado-el-congreso-internacional-de-geografia-de-la-serrania-de-ronda\\\/\",\"name\":\"Celebrado el Congreso Internacional de Geograf\u00eda de la Serran\u00eda de Ronda - Real Maestranza de Caballer\u00eda de Ronda\",\"isPartOf\":{\"@id\":\"https:\\\/\\\/www.rmcr.org\\\/en\\\/#website\"},\"primaryImageOfPage\":{\"@id\":\"https:\\\/\\\/www.rmcr.org\\\/en\\\/2022\\\/11\\\/23\\\/celebrado-el-congreso-internacional-de-geografia-de-la-serrania-de-ronda\\\/#primaryimage\"},\"image\":{\"@id\":\"https:\\\/\\\/www.rmcr.org\\\/en\\\/2022\\\/11\\\/23\\\/celebrado-el-congreso-internacional-de-geografia-de-la-serrania-de-ronda\\\/#primaryimage\"},\"thumbnailUrl\":\"https:\\\/\\\/www.rmcr.org\\\/wp-content\\\/uploads\\\/2023\\\/11\\\/congreso-internacional-geografia-2022-01.png\",\"datePublished\":\"2022-11-23T09:41:14+00:00\",\"dateModified\":\"2025-04-04T08:29:42+00:00\",\"breadcrumb\":{\"@id\":\"https:\\\/\\\/www.rmcr.org\\\/en\\\/2022\\\/11\\\/23\\\/celebrado-el-congreso-internacional-de-geografia-de-la-serrania-de-ronda\\\/#breadcrumb\"},\"inLanguage\":\"en-US\",\"potentialAction\":[{\"@type\":\"ReadAction\",\"target\":[\"https:\\\/\\\/www.rmcr.org\\\/en\\\/2022\\\/11\\\/23\\\/celebrado-el-congreso-internacional-de-geografia-de-la-serrania-de-ronda\\\/\"]}]},{\"@type\":\"ImageObject\",\"inLanguage\":\"en-US\",\"@id\":\"https:\\\/\\\/www.rmcr.org\\\/en\\\/2022\\\/11\\\/23\\\/celebrado-el-congreso-internacional-de-geografia-de-la-serrania-de-ronda\\\/#primaryimage\",\"url\":\"https:\\\/\\\/www.rmcr.org\\\/wp-content\\\/uploads\\\/2023\\\/11\\\/congreso-internacional-geografia-2022-01.png\",\"contentUrl\":\"https:\\\/\\\/www.rmcr.org\\\/wp-content\\\/uploads\\\/2023\\\/11\\\/congreso-internacional-geografia-2022-01.png\",\"width\":600,\"height\":400,\"caption\":\"Congreso Internacional de Geograf\u00eda 2022\"},{\"@type\":\"BreadcrumbList\",\"@id\":\"https:\\\/\\\/www.rmcr.org\\\/en\\\/2022\\\/11\\\/23\\\/celebrado-el-congreso-internacional-de-geografia-de-la-serrania-de-ronda\\\/#breadcrumb\",\"itemListElement\":[{\"@type\":\"ListItem\",\"position\":1,\"name\":\"REAL MAESTRANZA DE CABALLER\u00cdA DE RONDA\",\"item\":\"https:\\\/\\\/www.rmcr.org\\\/en\\\/\"},{\"@type\":\"ListItem\",\"position\":2,\"name\":\"Celebrado el Congreso Internacional de Geograf\u00eda de la Serran\u00eda de Ronda\"}]},{\"@type\":\"WebSite\",\"@id\":\"https:\\\/\\\/www.rmcr.org\\\/en\\\/#website\",\"url\":\"https:\\\/\\\/www.rmcr.org\\\/en\\\/\",\"name\":\"Real Maestranza de Caballer\u00eda de Ronda\",\"description\":\"Real Maestranza de Caballer\u00eda de Ronda\",\"publisher\":{\"@id\":\"https:\\\/\\\/www.rmcr.org\\\/en\\\/#organization\"},\"alternateName\":\"RMCR\",\"potentialAction\":[{\"@type\":\"SearchAction\",\"target\":{\"@type\":\"EntryPoint\",\"urlTemplate\":\"https:\\\/\\\/www.rmcr.org\\\/en\\\/?s={search_term_string}\"},\"query-input\":{\"@type\":\"PropertyValueSpecification\",\"valueRequired\":true,\"valueName\":\"search_term_string\"}}],\"inLanguage\":\"en-US\"},{\"@type\":\"Organization\",\"@id\":\"https:\\\/\\\/www.rmcr.org\\\/en\\\/#organization\",\"name\":\"Real Maestranza de Caballer\u00eda de Ronda\",\"alternateName\":\"RMR\",\"url\":\"https:\\\/\\\/www.rmcr.org\\\/en\\\/\",\"logo\":{\"@type\":\"ImageObject\",\"inLanguage\":\"en-US\",\"@id\":\"https:\\\/\\\/www.rmcr.org\\\/en\\\/#\\\/schema\\\/logo\\\/image\\\/\",\"url\":\"https:\\\/\\\/www.rmcr.org\\\/wp-content\\\/uploads\\\/2022\\\/07\\\/logo-rmr-blue.svg\",\"contentUrl\":\"https:\\\/\\\/www.rmcr.org\\\/wp-content\\\/uploads\\\/2022\\\/07\\\/logo-rmr-blue.svg\",\"width\":131,\"height\":129,\"caption\":\"Real Maestranza de Caballer\u00eda de Ronda\"},\"image\":{\"@id\":\"https:\\\/\\\/www.rmcr.org\\\/en\\\/#\\\/schema\\\/logo\\\/image\\\/\"},\"sameAs\":[\"https:\\\/\\\/www.facebook.com\\\/plazadetorosronda\",\"https:\\\/\\\/x.com\\\/PlazatorosRMR\",\"https:\\\/\\\/www.instagram.com\\\/realmaestranzaderonda\\\/\",\"https:\\\/\\\/www.youtube.com\\\/channel\\\/UCrbO5IUN-8v_QML739vM4zg\\\/videos\"]},{\"@type\":\"Person\",\"@id\":\"https:\\\/\\\/www.rmcr.org\\\/en\\\/#\\\/schema\\\/person\\\/826ea4b159de99b4731c8f519477737b\",\"name\":\"ACTIVIDAD\",\"image\":{\"@type\":\"ImageObject\",\"inLanguage\":\"en-US\",\"@id\":\"https:\\\/\\\/www.rmcr.org\\\/wp-content\\\/uploads\\\/2022\\\/11\\\/avatar-rmcr-96x96.png\",\"url\":\"https:\\\/\\\/www.rmcr.org\\\/wp-content\\\/uploads\\\/2022\\\/11\\\/avatar-rmcr-96x96.png\",\"contentUrl\":\"https:\\\/\\\/www.rmcr.org\\\/wp-content\\\/uploads\\\/2022\\\/11\\\/avatar-rmcr-96x96.png\",\"caption\":\"ACTIVIDAD\"},\"url\":\"https:\\\/\\\/www.rmcr.org\\\/en\\\/author\\\/alfonso-prado\\\/\"}]}<\/script>\n<!-- \/ Yoast SEO plugin. -->","yoast_head_json":{"title":"Celebrado el Congreso Internacional de Geograf\u00eda de la Serran\u00eda de Ronda - Real Maestranza de Caballer\u00eda de Ronda","robots":{"index":"index","follow":"follow","max-snippet":"max-snippet:-1","max-image-preview":"max-image-preview:large","max-video-preview":"max-video-preview:-1"},"canonical":"https:\/\/www.rmcr.org\/en\/2022\/11\/23\/celebrado-el-congreso-internacional-de-geografia-de-la-serrania-de-ronda\/","og_locale":"en_US","og_type":"article","og_title":"Celebrado el Congreso Internacional de Geograf\u00eda de la Serran\u00eda de Ronda - Real Maestranza de Caballer\u00eda de Ronda","og_description":"Durante los d\u00edas 17, 18, 19 y 20 de noviembre se ha celebrado un Congreso Internacional de Geograf\u00eda, organizado por el Instituto de Estudios de Ronda y la Serran\u00eda (I.E.R.S.) bajo los auspicios de la Real Maestranza de Caballer\u00eda de Ronda, en cuya sede se han celebrado las sesiones y ha reunido a un centenar de inscritos.","og_url":"https:\/\/www.rmcr.org\/en\/2022\/11\/23\/celebrado-el-congreso-internacional-de-geografia-de-la-serrania-de-ronda\/","og_site_name":"Real Maestranza de Caballer\u00eda de Ronda","article_publisher":"https:\/\/www.facebook.com\/plazadetorosronda","article_published_time":"2022-11-23T09:41:14+00:00","article_modified_time":"2025-04-04T08:29:42+00:00","og_image":[{"width":600,"height":400,"url":"https:\/\/www.rmcr.org\/wp-content\/uploads\/2023\/11\/congreso-internacional-geografia-2022-01.png","type":"image\/png"}],"author":"ACTIVIDAD","twitter_card":"summary_large_image","twitter_creator":"@PlazatorosRMR","twitter_site":"@PlazatorosRMR","twitter_misc":{"Written by":"ACTIVIDAD","Est. reading time":"3 minutes"},"schema":{"@context":"https:\/\/schema.org","@graph":[{"@type":"Article","@id":"https:\/\/www.rmcr.org\/en\/2022\/11\/23\/celebrado-el-congreso-internacional-de-geografia-de-la-serrania-de-ronda\/#article","isPartOf":{"@id":"https:\/\/www.rmcr.org\/en\/2022\/11\/23\/celebrado-el-congreso-internacional-de-geografia-de-la-serrania-de-ronda\/"},"author":{"name":"ACTIVIDAD","@id":"https:\/\/www.rmcr.org\/en\/#\/schema\/person\/826ea4b159de99b4731c8f519477737b"},"headline":"Celebrado el Congreso Internacional de Geograf\u00eda de la Serran\u00eda de Ronda","datePublished":"2022-11-23T09:41:14+00:00","dateModified":"2025-04-04T08:29:42+00:00","mainEntityOfPage":{"@id":"https:\/\/www.rmcr.org\/en\/2022\/11\/23\/celebrado-el-congreso-internacional-de-geografia-de-la-serrania-de-ronda\/"},"wordCount":366,"commentCount":0,"publisher":{"@id":"https:\/\/www.rmcr.org\/en\/#organization"},"image":{"@id":"https:\/\/www.rmcr.org\/en\/2022\/11\/23\/celebrado-el-congreso-internacional-de-geografia-de-la-serrania-de-ronda\/#primaryimage"},"thumbnailUrl":"https:\/\/www.rmcr.org\/wp-content\/uploads\/2023\/11\/congreso-internacional-geografia-2022-01.png","keywords":["Congresos","Geograf\u00eda","Instituto de Estudios de Ronda y la Serran\u00eda","Internacional","Real Maestranza de Caballer\u00eda de Ronda"],"articleSection":["Actividad","Congresos"],"inLanguage":"en-US","potentialAction":[{"@type":"CommentAction","name":"Comment","target":["https:\/\/www.rmcr.org\/en\/2022\/11\/23\/celebrado-el-congreso-internacional-de-geografia-de-la-serrania-de-ronda\/#respond"]}]},{"@type":"WebPage","@id":"https:\/\/www.rmcr.org\/en\/2022\/11\/23\/celebrado-el-congreso-internacional-de-geografia-de-la-serrania-de-ronda\/","url":"https:\/\/www.rmcr.org\/en\/2022\/11\/23\/celebrado-el-congreso-internacional-de-geografia-de-la-serrania-de-ronda\/","name":"Celebrado el Congreso Internacional de Geograf\u00eda de la Serran\u00eda de Ronda - Real Maestranza de Caballer\u00eda de Ronda","isPartOf":{"@id":"https:\/\/www.rmcr.org\/en\/#website"},"primaryImageOfPage":{"@id":"https:\/\/www.rmcr.org\/en\/2022\/11\/23\/celebrado-el-congreso-internacional-de-geografia-de-la-serrania-de-ronda\/#primaryimage"},"image":{"@id":"https:\/\/www.rmcr.org\/en\/2022\/11\/23\/celebrado-el-congreso-internacional-de-geografia-de-la-serrania-de-ronda\/#primaryimage"},"thumbnailUrl":"https:\/\/www.rmcr.org\/wp-content\/uploads\/2023\/11\/congreso-internacional-geografia-2022-01.png","datePublished":"2022-11-23T09:41:14+00:00","dateModified":"2025-04-04T08:29:42+00:00","breadcrumb":{"@id":"https:\/\/www.rmcr.org\/en\/2022\/11\/23\/celebrado-el-congreso-internacional-de-geografia-de-la-serrania-de-ronda\/#breadcrumb"},"inLanguage":"en-US","potentialAction":[{"@type":"ReadAction","target":["https:\/\/www.rmcr.org\/en\/2022\/11\/23\/celebrado-el-congreso-internacional-de-geografia-de-la-serrania-de-ronda\/"]}]},{"@type":"ImageObject","inLanguage":"en-US","@id":"https:\/\/www.rmcr.org\/en\/2022\/11\/23\/celebrado-el-congreso-internacional-de-geografia-de-la-serrania-de-ronda\/#primaryimage","url":"https:\/\/www.rmcr.org\/wp-content\/uploads\/2023\/11\/congreso-internacional-geografia-2022-01.png","contentUrl":"https:\/\/www.rmcr.org\/wp-content\/uploads\/2023\/11\/congreso-internacional-geografia-2022-01.png","width":600,"height":400,"caption":"Congreso Internacional de Geograf\u00eda 2022"},{"@type":"BreadcrumbList","@id":"https:\/\/www.rmcr.org\/en\/2022\/11\/23\/celebrado-el-congreso-internacional-de-geografia-de-la-serrania-de-ronda\/#breadcrumb","itemListElement":[{"@type":"ListItem","position":1,"name":"REAL MAESTRANZA DE CABALLER\u00cdA DE RONDA","item":"https:\/\/www.rmcr.org\/en\/"},{"@type":"ListItem","position":2,"name":"Celebrado el Congreso Internacional de Geograf\u00eda de la Serran\u00eda de Ronda"}]},{"@type":"WebSite","@id":"https:\/\/www.rmcr.org\/en\/#website","url":"https:\/\/www.rmcr.org\/en\/","name":"Real Maestranza de Caballer\u00eda de Ronda","description":"Real Maestranza de Caballer\u00eda de Ronda","publisher":{"@id":"https:\/\/www.rmcr.org\/en\/#organization"},"alternateName":"RMCR","potentialAction":[{"@type":"SearchAction","target":{"@type":"EntryPoint","urlTemplate":"https:\/\/www.rmcr.org\/en\/?s={search_term_string}"},"query-input":{"@type":"PropertyValueSpecification","valueRequired":true,"valueName":"search_term_string"}}],"inLanguage":"en-US"},{"@type":"Organization","@id":"https:\/\/www.rmcr.org\/en\/#organization","name":"Real Maestranza de Caballer\u00eda de Ronda","alternateName":"RMR","url":"https:\/\/www.rmcr.org\/en\/","logo":{"@type":"ImageObject","inLanguage":"en-US","@id":"https:\/\/www.rmcr.org\/en\/#\/schema\/logo\/image\/","url":"https:\/\/www.rmcr.org\/wp-content\/uploads\/2022\/07\/logo-rmr-blue.svg","contentUrl":"https:\/\/www.rmcr.org\/wp-content\/uploads\/2022\/07\/logo-rmr-blue.svg","width":131,"height":129,"caption":"Real Maestranza de Caballer\u00eda de Ronda"},"image":{"@id":"https:\/\/www.rmcr.org\/en\/#\/schema\/logo\/image\/"},"sameAs":["https:\/\/www.facebook.com\/plazadetorosronda","https:\/\/x.com\/PlazatorosRMR","https:\/\/www.instagram.com\/realmaestranzaderonda\/","https:\/\/www.youtube.com\/channel\/UCrbO5IUN-8v_QML739vM4zg\/videos"]},{"@type":"Person","@id":"https:\/\/www.rmcr.org\/en\/#\/schema\/person\/826ea4b159de99b4731c8f519477737b","name":"ACTIVIDAD","image":{"@type":"ImageObject","inLanguage":"en-US","@id":"https:\/\/www.rmcr.org\/wp-content\/uploads\/2022\/11\/avatar-rmcr-96x96.png","url":"https:\/\/www.rmcr.org\/wp-content\/uploads\/2022\/11\/avatar-rmcr-96x96.png","contentUrl":"https:\/\/www.rmcr.org\/wp-content\/uploads\/2022\/11\/avatar-rmcr-96x96.png","caption":"ACTIVIDAD"},"url":"https:\/\/www.rmcr.org\/en\/author\/alfonso-prado\/"}]}},"_links":{"self":[{"href":"https:\/\/www.rmcr.org\/en\/wp-json\/wp\/v2\/posts\/18930","targetHints":{"allow":["GET"]}}],"collection":[{"href":"https:\/\/www.rmcr.org\/en\/wp-json\/wp\/v2\/posts"}],"about":[{"href":"https:\/\/www.rmcr.org\/en\/wp-json\/wp\/v2\/types\/post"}],"author":[{"embeddable":true,"href":"https:\/\/www.rmcr.org\/en\/wp-json\/wp\/v2\/users\/4"}],"replies":[{"embeddable":true,"href":"https:\/\/www.rmcr.org\/en\/wp-json\/wp\/v2\/comments?post=18930"}],"version-history":[{"count":7,"href":"https:\/\/www.rmcr.org\/en\/wp-json\/wp\/v2\/posts\/18930\/revisions"}],"predecessor-version":[{"id":22615,"href":"https:\/\/www.rmcr.org\/en\/wp-json\/wp\/v2\/posts\/18930\/revisions\/22615"}],"wp:featuredmedia":[{"embeddable":true,"href":"https:\/\/www.rmcr.org\/en\/wp-json\/wp\/v2\/media\/18937"}],"wp:attachment":[{"href":"https:\/\/www.rmcr.org\/en\/wp-json\/wp\/v2\/media?parent=18930"}],"wp:term":[{"taxonomy":"category","embeddable":true,"href":"https:\/\/www.rmcr.org\/en\/wp-json\/wp\/v2\/categories?post=18930"},{"taxonomy":"post_tag","embeddable":true,"href":"https:\/\/www.rmcr.org\/en\/wp-json\/wp\/v2\/tags?post=18930"}],"curies":[{"name":"wp","href":"https:\/\/api.w.org\/{rel}","templated":true}]}}